{"id":80931,"date":"2016-06-28T15:12:52","date_gmt":"2016-06-28T13:12:52","guid":{"rendered":"http:\/\/eldigitaldeasturias.com\/magazine365\/?p=80931"},"modified":"2016-06-28T15:12:52","modified_gmt":"2016-06-28T13:12:52","slug":"iberostar-anuncia-cambios-en-el-area-comercial-de-andalucia-canarias-y-cabo-verde","status":"publish","type":"post","link":"https:\/\/eldigitaldeasturias.com\/magazine365\/iberostar-anuncia-cambios-en-el-area-comercial-de-andalucia-canarias-y-cabo-verde\/","title":{"rendered":"Iberostar anuncia cambios en el \u00e1rea comercial de Andaluc\u00eda, Canarias y Cabo Verde"},"content":{"rendered":"<p><img fetchpriority=\"high\" decoding=\"async\" class=\"alignleft size-medium wp-image-80932\" src=\"https:\/\/eldigitaldeasturias.com\/magazine365\/wp-content\/uploads\/2016\/06\/fotonoticia_20160628131942_800-242x300.jpg\" alt=\"fotonoticia_20160628131942_800\" width=\"242\" height=\"300\" srcset=\"https:\/\/eldigitaldeasturias.com\/magazine365\/wp-content\/uploads\/2016\/06\/fotonoticia_20160628131942_800-242x300.jpg 242w, https:\/\/eldigitaldeasturias.com\/magazine365\/wp-content\/uploads\/2016\/06\/fotonoticia_20160628131942_800-516x640.jpg 516w, https:\/\/eldigitaldeasturias.com\/magazine365\/wp-content\/uploads\/2016\/06\/fotonoticia_20160628131942_800-768x952.jpg 768w, https:\/\/eldigitaldeasturias.com\/magazine365\/wp-content\/uploads\/2016\/06\/fotonoticia_20160628131942_800-150x186.jpg 150w, https:\/\/eldigitaldeasturias.com\/magazine365\/wp-content\/uploads\/2016\/06\/fotonoticia_20160628131942_800-450x558.jpg 450w, https:\/\/eldigitaldeasturias.com\/magazine365\/wp-content\/uploads\/2016\/06\/fotonoticia_20160628131942_800.jpg 800w\" sizes=\"(max-width: 242px) 100vw, 242px\" \/>Iberostar Hotels &amp; Resorts tiene previsto realizar cambios en el \u00e1rea comercial de Andaluc\u00eda, Canarias y Cabo Verde, seg\u00fan ha informado la hotelera en un comunicado.<\/p>\n<p>La directora de la delegaci\u00f3n comercial de Andaluc\u00eda, Iciar Gatell, se incorpora a partir de julio como nueva directora comercial de Canarias y Cabo Verde. As\u00ed sustituir\u00e1 a Rafael Barrios, que a partir de ahora pasar\u00e1 a ser Director de Contrataci\u00f3n de Canarias y Cabo Verde. Ricardo Cioffi, hasta ahora jefe de ventas internacional de Iberostar en Andaluc\u00eda, se incorpora como nuevo director comercial de Andaluc\u00eda.<\/p>\n<p>Gatell se declara entusiasmada de afrontar esta nueva etapa seguir desarrollando su carrera en Iberostar en nuevos mercados. Por su parte, Ricardo Cioffi, ha comentado su satisfacci\u00f3n por encargarse de un mercado tan relevante para la cadena como es Andaluc\u00eda.<\/p>\n<p>Xisco Mart\u00ednez, director comercial de Espa\u00f1a, Italia y Cabo Verde, valora muy positivamente estos \u00faltimos cambios y declara: \u00abEstoy convencido de que estos cambios son un acierto para seguir operando con \u00e9xito en mercados tan importantes para nosotros como Andaluc\u00eda, las Islas Canarias y Cabo Verde\u00bb.<\/p>\n<p>&nbsp;<\/p>\n","protected":false},"excerpt":{"rendered":"<p>Iberostar Hotels &amp; Resorts tiene previsto realizar cambios en el \u00e1rea comercial de Andaluc\u00eda, Canarias y Cabo Verde, seg\u00fan ha informado la hotelera en un comunicado. La directora de la delegaci\u00f3n comercial de Andaluc\u00eda, Iciar Gatell, se incorpora a partir de julio como nueva directora comercial de Canarias y Cabo Verde. As\u00ed sustituir\u00e1 a Rafael<\/p>\n","protected":false},"author":1,"featured_media":80932,"comment_status":"open","ping_status":"closed","sticky":false,"template":"","format":"standard","meta":{"footnotes":""},"categories":[224],"tags":[],"class_list":{"0":"post-80931","1":"post","2":"type-post","3":"status-publish","4":"format-standard","5":"has-post-thumbnail","7":"category-noticias-actualidad"},"aioseo_notices":[],"aioseo_head":"\n\t\t<!-- All in One SEO Pro 4.9.6.1 - aioseo.com -->\n\t<meta name=\"description\" content=\"Iberostar Hotels &amp; Resorts tiene previsto realizar cambios en el \u00e1rea comercial de Andaluc\u00eda, Canarias y Cabo Verde, seg\u00fan ha informado la hotelera en un comunicado. La directora de la delegaci\u00f3n comercial de Andaluc\u00eda, Iciar Gatell, se incorpora a partir de julio como nueva directora comercial de Canarias y Cabo Verde. As\u00ed sustituir\u00e1 a Rafael\" \/>\n\t<meta name=\"robots\" content=\"max-image-preview:large\" \/>\n\t<meta name=\"author\" content=\"admin\"\/>\n\t<meta name=\"google-site-verification\" content=\"UA-38556648-1\" \/>\n\t<meta name=\"keywords\" content=\"noticias y actualidad\" \/>\n\t<link rel=\"canonical\" href=\"https:\/\/eldigitaldeasturias.com\/magazine365\/iberostar-anuncia-cambios-en-el-area-comercial-de-andalucia-canarias-y-cabo-verde\/\" \/>\n\t<meta name=\"generator\" content=\"All in One SEO Pro (AIOSEO) 4.9.6.1\" \/>\n\t\t<meta property=\"og:locale\" content=\"es_ES\" \/>\n\t\t<meta property=\"og:site_name\" content=\"El Digital de Asturias \u2013 Revista de ocio, turismo y estilo de vida\" \/>\n\t\t<meta property=\"og:type\" content=\"article\" \/>\n\t\t<meta property=\"og:title\" content=\"Iberostar anuncia cambios en el \u00e1rea comercial de Andaluc\u00eda, Canarias y Cabo Verde | El Digital de Asturias\" \/>\n\t\t<meta property=\"og:description\" content=\"Iberostar Hotels &amp; Resorts tiene previsto realizar cambios en el \u00e1rea comercial de Andaluc\u00eda, Canarias y Cabo Verde, seg\u00fan ha informado la hotelera en un comunicado. La directora de la delegaci\u00f3n comercial de Andaluc\u00eda, Iciar Gatell, se incorpora a partir de julio como nueva directora comercial de Canarias y Cabo Verde. As\u00ed sustituir\u00e1 a Rafael\" \/>\n\t\t<meta property=\"og:url\" content=\"https:\/\/eldigitaldeasturias.com\/magazine365\/iberostar-anuncia-cambios-en-el-area-comercial-de-andalucia-canarias-y-cabo-verde\/\" \/>\n\t\t<meta property=\"og:image\" content=\"https:\/\/eldigitaldeasturias.com\/magazine365\/wp-content\/uploads\/2016\/06\/fotonoticia_20160628131942_800.jpg\" \/>\n\t\t<meta property=\"og:image:secure_url\" content=\"https:\/\/eldigitaldeasturias.com\/magazine365\/wp-content\/uploads\/2016\/06\/fotonoticia_20160628131942_800.jpg\" \/>\n\t\t<meta property=\"og:image:width\" content=\"800\" \/>\n\t\t<meta property=\"og:image:height\" content=\"992\" \/>\n\t\t<meta property=\"article:published_time\" content=\"2016-06-28T13:12:52+00:00\" \/>\n\t\t<meta property=\"article:modified_time\" content=\"2016-06-28T13:12:52+00:00\" \/>\n\t\t<meta name=\"twitter:card\" content=\"summary_large_image\" \/>\n\t\t<meta name=\"twitter:title\" content=\"Iberostar anuncia cambios en el \u00e1rea comercial de Andaluc\u00eda, Canarias y Cabo Verde | El Digital de Asturias\" \/>\n\t\t<meta name=\"twitter:description\" content=\"Iberostar Hotels &amp; Resorts tiene previsto realizar cambios en el \u00e1rea comercial de Andaluc\u00eda, Canarias y Cabo Verde, seg\u00fan ha informado la hotelera en un comunicado. La directora de la delegaci\u00f3n comercial de Andaluc\u00eda, Iciar Gatell, se incorpora a partir de julio como nueva directora comercial de Canarias y Cabo Verde. As\u00ed sustituir\u00e1 a Rafael\" \/>\n\t\t<meta name=\"twitter:image\" content=\"https:\/\/eldigitaldeasturias.com\/magazine365\/wp-content\/uploads\/2016\/06\/fotonoticia_20160628131942_800.jpg\" \/>\n\t\t<script type=\"application\/ld+json\" class=\"aioseo-schema\">\n\t\t\t{\"@context\":\"https:\\\/\\\/schema.org\",\"@graph\":[{\"@type\":\"Article\",\"@id\":\"https:\\\/\\\/eldigitaldeasturias.com\\\/magazine365\\\/iberostar-anuncia-cambios-en-el-area-comercial-de-andalucia-canarias-y-cabo-verde\\\/#article\",\"name\":\"Iberostar anuncia cambios en el \\u00e1rea comercial de Andaluc\\u00eda, Canarias y Cabo Verde | El Digital de Asturias\",\"headline\":\"Iberostar anuncia cambios en el \\u00e1rea comercial de Andaluc\\u00eda, Canarias y Cabo Verde\",\"author\":{\"@id\":\"https:\\\/\\\/eldigitaldeasturias.com\\\/magazine365\\\/author\\\/admin\\\/#author\"},\"publisher\":{\"@id\":\"https:\\\/\\\/eldigitaldeasturias.com\\\/magazine365\\\/#organization\"},\"image\":{\"@type\":\"ImageObject\",\"url\":\"https:\\\/\\\/eldigitaldeasturias.com\\\/magazine365\\\/wp-content\\\/uploads\\\/2016\\\/06\\\/fotonoticia_20160628131942_800.jpg\",\"width\":800,\"height\":992},\"datePublished\":\"2016-06-28T15:12:52+02:00\",\"dateModified\":\"2016-06-28T15:12:52+02:00\",\"inLanguage\":\"es-ES\",\"mainEntityOfPage\":{\"@id\":\"https:\\\/\\\/eldigitaldeasturias.com\\\/magazine365\\\/iberostar-anuncia-cambios-en-el-area-comercial-de-andalucia-canarias-y-cabo-verde\\\/#webpage\"},\"isPartOf\":{\"@id\":\"https:\\\/\\\/eldigitaldeasturias.com\\\/magazine365\\\/iberostar-anuncia-cambios-en-el-area-comercial-de-andalucia-canarias-y-cabo-verde\\\/#webpage\"},\"articleSection\":\"Noticias y Actualidad\"},{\"@type\":\"BreadcrumbList\",\"@id\":\"https:\\\/\\\/eldigitaldeasturias.com\\\/magazine365\\\/iberostar-anuncia-cambios-en-el-area-comercial-de-andalucia-canarias-y-cabo-verde\\\/#breadcrumblist\",\"itemListElement\":[{\"@type\":\"ListItem\",\"@id\":\"https:\\\/\\\/eldigitaldeasturias.com\\\/magazine365#listItem\",\"position\":1,\"name\":\"Home\",\"item\":\"https:\\\/\\\/eldigitaldeasturias.com\\\/magazine365\",\"nextItem\":{\"@type\":\"ListItem\",\"@id\":\"https:\\\/\\\/eldigitaldeasturias.com\\\/magazine365\\\/category\\\/noticias-actualidad\\\/#listItem\",\"name\":\"Noticias y Actualidad\"}},{\"@type\":\"ListItem\",\"@id\":\"https:\\\/\\\/eldigitaldeasturias.com\\\/magazine365\\\/category\\\/noticias-actualidad\\\/#listItem\",\"position\":2,\"name\":\"Noticias y Actualidad\",\"item\":\"https:\\\/\\\/eldigitaldeasturias.com\\\/magazine365\\\/category\\\/noticias-actualidad\\\/\",\"nextItem\":{\"@type\":\"ListItem\",\"@id\":\"https:\\\/\\\/eldigitaldeasturias.com\\\/magazine365\\\/iberostar-anuncia-cambios-en-el-area-comercial-de-andalucia-canarias-y-cabo-verde\\\/#listItem\",\"name\":\"Iberostar anuncia cambios en el \\u00e1rea comercial de Andaluc\\u00eda, Canarias y Cabo Verde\"},\"previousItem\":{\"@type\":\"ListItem\",\"@id\":\"https:\\\/\\\/eldigitaldeasturias.com\\\/magazine365#listItem\",\"name\":\"Home\"}},{\"@type\":\"ListItem\",\"@id\":\"https:\\\/\\\/eldigitaldeasturias.com\\\/magazine365\\\/iberostar-anuncia-cambios-en-el-area-comercial-de-andalucia-canarias-y-cabo-verde\\\/#listItem\",\"position\":3,\"name\":\"Iberostar anuncia cambios en el \\u00e1rea comercial de Andaluc\\u00eda, Canarias y Cabo Verde\",\"previousItem\":{\"@type\":\"ListItem\",\"@id\":\"https:\\\/\\\/eldigitaldeasturias.com\\\/magazine365\\\/category\\\/noticias-actualidad\\\/#listItem\",\"name\":\"Noticias y Actualidad\"}}]},{\"@type\":\"Organization\",\"@id\":\"https:\\\/\\\/eldigitaldeasturias.com\\\/magazine365\\\/#organization\",\"name\":\"El digital de Asturias\",\"description\":\"Revista de ocio, turismo y estilo de vida\",\"url\":\"https:\\\/\\\/eldigitaldeasturias.com\\\/magazine365\\\/\",\"logo\":{\"@type\":\"ImageObject\",\"url\":\"https:\\\/\\\/www.eldigitaldeasturias.com\\\/noticias\\\/wp-content\\\/uploads\\\/2020\\\/12\\\/EDA.jpg\",\"@id\":\"https:\\\/\\\/eldigitaldeasturias.com\\\/magazine365\\\/iberostar-anuncia-cambios-en-el-area-comercial-de-andalucia-canarias-y-cabo-verde\\\/#organizationLogo\"},\"image\":{\"@id\":\"https:\\\/\\\/eldigitaldeasturias.com\\\/magazine365\\\/iberostar-anuncia-cambios-en-el-area-comercial-de-andalucia-canarias-y-cabo-verde\\\/#organizationLogo\"}},{\"@type\":\"Person\",\"@id\":\"https:\\\/\\\/eldigitaldeasturias.com\\\/magazine365\\\/author\\\/admin\\\/#author\",\"url\":\"https:\\\/\\\/eldigitaldeasturias.com\\\/magazine365\\\/author\\\/admin\\\/\",\"name\":\"admin\",\"image\":{\"@type\":\"ImageObject\",\"@id\":\"https:\\\/\\\/eldigitaldeasturias.com\\\/magazine365\\\/iberostar-anuncia-cambios-en-el-area-comercial-de-andalucia-canarias-y-cabo-verde\\\/#authorImage\",\"url\":\"https:\\\/\\\/eldigitaldeasturias.com\\\/magazine365\\\/wp-content\\\/litespeed\\\/avatar\\\/e571bcf59a0edd6fa6838245a470f2fe.jpg?ver=1776969259\",\"width\":96,\"height\":96,\"caption\":\"admin\"}},{\"@type\":\"WebPage\",\"@id\":\"https:\\\/\\\/eldigitaldeasturias.com\\\/magazine365\\\/iberostar-anuncia-cambios-en-el-area-comercial-de-andalucia-canarias-y-cabo-verde\\\/#webpage\",\"url\":\"https:\\\/\\\/eldigitaldeasturias.com\\\/magazine365\\\/iberostar-anuncia-cambios-en-el-area-comercial-de-andalucia-canarias-y-cabo-verde\\\/\",\"name\":\"Iberostar anuncia cambios en el \\u00e1rea comercial de Andaluc\\u00eda, Canarias y Cabo Verde | El Digital de Asturias\",\"description\":\"Iberostar Hotels & Resorts tiene previsto realizar cambios en el \\u00e1rea comercial de Andaluc\\u00eda, Canarias y Cabo Verde, seg\\u00fan ha informado la hotelera en un comunicado. La directora de la delegaci\\u00f3n comercial de Andaluc\\u00eda, Iciar Gatell, se incorpora a partir de julio como nueva directora comercial de Canarias y Cabo Verde. As\\u00ed sustituir\\u00e1 a Rafael\",\"inLanguage\":\"es-ES\",\"isPartOf\":{\"@id\":\"https:\\\/\\\/eldigitaldeasturias.com\\\/magazine365\\\/#website\"},\"breadcrumb\":{\"@id\":\"https:\\\/\\\/eldigitaldeasturias.com\\\/magazine365\\\/iberostar-anuncia-cambios-en-el-area-comercial-de-andalucia-canarias-y-cabo-verde\\\/#breadcrumblist\"},\"author\":{\"@id\":\"https:\\\/\\\/eldigitaldeasturias.com\\\/magazine365\\\/author\\\/admin\\\/#author\"},\"creator\":{\"@id\":\"https:\\\/\\\/eldigitaldeasturias.com\\\/magazine365\\\/author\\\/admin\\\/#author\"},\"image\":{\"@type\":\"ImageObject\",\"url\":\"https:\\\/\\\/eldigitaldeasturias.com\\\/magazine365\\\/wp-content\\\/uploads\\\/2016\\\/06\\\/fotonoticia_20160628131942_800.jpg\",\"@id\":\"https:\\\/\\\/eldigitaldeasturias.com\\\/magazine365\\\/iberostar-anuncia-cambios-en-el-area-comercial-de-andalucia-canarias-y-cabo-verde\\\/#mainImage\",\"width\":800,\"height\":992},\"primaryImageOfPage\":{\"@id\":\"https:\\\/\\\/eldigitaldeasturias.com\\\/magazine365\\\/iberostar-anuncia-cambios-en-el-area-comercial-de-andalucia-canarias-y-cabo-verde\\\/#mainImage\"},\"datePublished\":\"2016-06-28T15:12:52+02:00\",\"dateModified\":\"2016-06-28T15:12:52+02:00\"},{\"@type\":\"WebSite\",\"@id\":\"https:\\\/\\\/eldigitaldeasturias.com\\\/magazine365\\\/#website\",\"url\":\"https:\\\/\\\/eldigitaldeasturias.com\\\/magazine365\\\/\",\"name\":\"El Digital de Asturias\",\"description\":\"Revista de ocio, turismo y estilo de vida\",\"inLanguage\":\"es-ES\",\"publisher\":{\"@id\":\"https:\\\/\\\/eldigitaldeasturias.com\\\/magazine365\\\/#organization\"}}]}\n\t\t<\/script>\n\t\t<!-- All in One SEO Pro -->\r\n\t\t<title>Iberostar anuncia cambios en el \u00e1rea comercial de Andaluc\u00eda, Canarias y Cabo Verde | El Digital de Asturias<\/title>\n\n","aioseo_head_json":{"title":"Iberostar anuncia cambios en el \u00e1rea comercial de Andaluc\u00eda, Canarias y Cabo Verde | El Digital de Asturias","description":"Iberostar Hotels & Resorts tiene previsto realizar cambios en el \u00e1rea comercial de Andaluc\u00eda, Canarias y Cabo Verde, seg\u00fan ha informado la hotelera en un comunicado. La directora de la delegaci\u00f3n comercial de Andaluc\u00eda, Iciar Gatell, se incorpora a partir de julio como nueva directora comercial de Canarias y Cabo Verde. As\u00ed sustituir\u00e1 a Rafael","canonical_url":"https:\/\/eldigitaldeasturias.com\/magazine365\/iberostar-anuncia-cambios-en-el-area-comercial-de-andalucia-canarias-y-cabo-verde\/","robots":"max-image-preview:large","keywords":"noticias y actualidad","webmasterTools":{"google-site-verification":"UA-38556648-1","miscellaneous":""},"schema":{"@context":"https:\/\/schema.org","@graph":[{"@type":"Article","@id":"https:\/\/eldigitaldeasturias.com\/magazine365\/iberostar-anuncia-cambios-en-el-area-comercial-de-andalucia-canarias-y-cabo-verde\/#article","name":"Iberostar anuncia cambios en el \u00e1rea comercial de Andaluc\u00eda, Canarias y Cabo Verde | El Digital de Asturias","headline":"Iberostar anuncia cambios en el \u00e1rea comercial de Andaluc\u00eda, Canarias y Cabo Verde","author":{"@id":"https:\/\/eldigitaldeasturias.com\/magazine365\/author\/admin\/#author"},"publisher":{"@id":"https:\/\/eldigitaldeasturias.com\/magazine365\/#organization"},"image":{"@type":"ImageObject","url":"https:\/\/eldigitaldeasturias.com\/magazine365\/wp-content\/uploads\/2016\/06\/fotonoticia_20160628131942_800.jpg","width":800,"height":992},"datePublished":"2016-06-28T15:12:52+02:00","dateModified":"2016-06-28T15:12:52+02:00","inLanguage":"es-ES","mainEntityOfPage":{"@id":"https:\/\/eldigitaldeasturias.com\/magazine365\/iberostar-anuncia-cambios-en-el-area-comercial-de-andalucia-canarias-y-cabo-verde\/#webpage"},"isPartOf":{"@id":"https:\/\/eldigitaldeasturias.com\/magazine365\/iberostar-anuncia-cambios-en-el-area-comercial-de-andalucia-canarias-y-cabo-verde\/#webpage"},"articleSection":"Noticias y Actualidad"},{"@type":"BreadcrumbList","@id":"https:\/\/eldigitaldeasturias.com\/magazine365\/iberostar-anuncia-cambios-en-el-area-comercial-de-andalucia-canarias-y-cabo-verde\/#breadcrumblist","itemListElement":[{"@type":"ListItem","@id":"https:\/\/eldigitaldeasturias.com\/magazine365#listItem","position":1,"name":"Home","item":"https:\/\/eldigitaldeasturias.com\/magazine365","nextItem":{"@type":"ListItem","@id":"https:\/\/eldigitaldeasturias.com\/magazine365\/category\/noticias-actualidad\/#listItem","name":"Noticias y Actualidad"}},{"@type":"ListItem","@id":"https:\/\/eldigitaldeasturias.com\/magazine365\/category\/noticias-actualidad\/#listItem","position":2,"name":"Noticias y Actualidad","item":"https:\/\/eldigitaldeasturias.com\/magazine365\/category\/noticias-actualidad\/","nextItem":{"@type":"ListItem","@id":"https:\/\/eldigitaldeasturias.com\/magazine365\/iberostar-anuncia-cambios-en-el-area-comercial-de-andalucia-canarias-y-cabo-verde\/#listItem","name":"Iberostar anuncia cambios en el \u00e1rea comercial de Andaluc\u00eda, Canarias y Cabo Verde"},"previousItem":{"@type":"ListItem","@id":"https:\/\/eldigitaldeasturias.com\/magazine365#listItem","name":"Home"}},{"@type":"ListItem","@id":"https:\/\/eldigitaldeasturias.com\/magazine365\/iberostar-anuncia-cambios-en-el-area-comercial-de-andalucia-canarias-y-cabo-verde\/#listItem","position":3,"name":"Iberostar anuncia cambios en el \u00e1rea comercial de Andaluc\u00eda, Canarias y Cabo Verde","previousItem":{"@type":"ListItem","@id":"https:\/\/eldigitaldeasturias.com\/magazine365\/category\/noticias-actualidad\/#listItem","name":"Noticias y Actualidad"}}]},{"@type":"Organization","@id":"https:\/\/eldigitaldeasturias.com\/magazine365\/#organization","name":"El digital de Asturias","description":"Revista de ocio, turismo y estilo de vida","url":"https:\/\/eldigitaldeasturias.com\/magazine365\/","logo":{"@type":"ImageObject","url":"https:\/\/www.eldigitaldeasturias.com\/noticias\/wp-content\/uploads\/2020\/12\/EDA.jpg","@id":"https:\/\/eldigitaldeasturias.com\/magazine365\/iberostar-anuncia-cambios-en-el-area-comercial-de-andalucia-canarias-y-cabo-verde\/#organizationLogo"},"image":{"@id":"https:\/\/eldigitaldeasturias.com\/magazine365\/iberostar-anuncia-cambios-en-el-area-comercial-de-andalucia-canarias-y-cabo-verde\/#organizationLogo"}},{"@type":"Person","@id":"https:\/\/eldigitaldeasturias.com\/magazine365\/author\/admin\/#author","url":"https:\/\/eldigitaldeasturias.com\/magazine365\/author\/admin\/","name":"admin","image":{"@type":"ImageObject","@id":"https:\/\/eldigitaldeasturias.com\/magazine365\/iberostar-anuncia-cambios-en-el-area-comercial-de-andalucia-canarias-y-cabo-verde\/#authorImage","url":"https:\/\/eldigitaldeasturias.com\/magazine365\/wp-content\/litespeed\/avatar\/e571bcf59a0edd6fa6838245a470f2fe.jpg?ver=1776969259","width":96,"height":96,"caption":"admin"}},{"@type":"WebPage","@id":"https:\/\/eldigitaldeasturias.com\/magazine365\/iberostar-anuncia-cambios-en-el-area-comercial-de-andalucia-canarias-y-cabo-verde\/#webpage","url":"https:\/\/eldigitaldeasturias.com\/magazine365\/iberostar-anuncia-cambios-en-el-area-comercial-de-andalucia-canarias-y-cabo-verde\/","name":"Iberostar anuncia cambios en el \u00e1rea comercial de Andaluc\u00eda, Canarias y Cabo Verde | El Digital de Asturias","description":"Iberostar Hotels & Resorts tiene previsto realizar cambios en el \u00e1rea comercial de Andaluc\u00eda, Canarias y Cabo Verde, seg\u00fan ha informado la hotelera en un comunicado. La directora de la delegaci\u00f3n comercial de Andaluc\u00eda, Iciar Gatell, se incorpora a partir de julio como nueva directora comercial de Canarias y Cabo Verde. As\u00ed sustituir\u00e1 a Rafael","inLanguage":"es-ES","isPartOf":{"@id":"https:\/\/eldigitaldeasturias.com\/magazine365\/#website"},"breadcrumb":{"@id":"https:\/\/eldigitaldeasturias.com\/magazine365\/iberostar-anuncia-cambios-en-el-area-comercial-de-andalucia-canarias-y-cabo-verde\/#breadcrumblist"},"author":{"@id":"https:\/\/eldigitaldeasturias.com\/magazine365\/author\/admin\/#author"},"creator":{"@id":"https:\/\/eldigitaldeasturias.com\/magazine365\/author\/admin\/#author"},"image":{"@type":"ImageObject","url":"https:\/\/eldigitaldeasturias.com\/magazine365\/wp-content\/uploads\/2016\/06\/fotonoticia_20160628131942_800.jpg","@id":"https:\/\/eldigitaldeasturias.com\/magazine365\/iberostar-anuncia-cambios-en-el-area-comercial-de-andalucia-canarias-y-cabo-verde\/#mainImage","width":800,"height":992},"primaryImageOfPage":{"@id":"https:\/\/eldigitaldeasturias.com\/magazine365\/iberostar-anuncia-cambios-en-el-area-comercial-de-andalucia-canarias-y-cabo-verde\/#mainImage"},"datePublished":"2016-06-28T15:12:52+02:00","dateModified":"2016-06-28T15:12:52+02:00"},{"@type":"WebSite","@id":"https:\/\/eldigitaldeasturias.com\/magazine365\/#website","url":"https:\/\/eldigitaldeasturias.com\/magazine365\/","name":"El Digital de Asturias","description":"Revista de ocio, turismo y estilo de vida","inLanguage":"es-ES","publisher":{"@id":"https:\/\/eldigitaldeasturias.com\/magazine365\/#organization"}}]},"og:locale":"es_ES","og:site_name":"El Digital de Asturias \u2013 Revista de ocio, turismo y estilo de vida","og:type":"article","og:title":"Iberostar anuncia cambios en el \u00e1rea comercial de Andaluc\u00eda, Canarias y Cabo Verde | El Digital de Asturias","og:description":"Iberostar Hotels &amp; Resorts tiene previsto realizar cambios en el \u00e1rea comercial de Andaluc\u00eda, Canarias y Cabo Verde, seg\u00fan ha informado la hotelera en un comunicado. La directora de la delegaci\u00f3n comercial de Andaluc\u00eda, Iciar Gatell, se incorpora a partir de julio como nueva directora comercial de Canarias y Cabo Verde. As\u00ed sustituir\u00e1 a Rafael","og:url":"https:\/\/eldigitaldeasturias.com\/magazine365\/iberostar-anuncia-cambios-en-el-area-comercial-de-andalucia-canarias-y-cabo-verde\/","og:image":"https:\/\/eldigitaldeasturias.com\/magazine365\/wp-content\/uploads\/2016\/06\/fotonoticia_20160628131942_800.jpg","og:image:secure_url":"https:\/\/eldigitaldeasturias.com\/magazine365\/wp-content\/uploads\/2016\/06\/fotonoticia_20160628131942_800.jpg","og:image:width":800,"og:image:height":992,"article:published_time":"2016-06-28T13:12:52+00:00","article:modified_time":"2016-06-28T13:12:52+00:00","twitter:card":"summary_large_image","twitter:title":"Iberostar anuncia cambios en el \u00e1rea comercial de Andaluc\u00eda, Canarias y Cabo Verde | El Digital de Asturias","twitter:description":"Iberostar Hotels &amp; Resorts tiene previsto realizar cambios en el \u00e1rea comercial de Andaluc\u00eda, Canarias y Cabo Verde, seg\u00fan ha informado la hotelera en un comunicado. La directora de la delegaci\u00f3n comercial de Andaluc\u00eda, Iciar Gatell, se incorpora a partir de julio como nueva directora comercial de Canarias y Cabo Verde. As\u00ed sustituir\u00e1 a Rafael","twitter:image":"https:\/\/eldigitaldeasturias.com\/magazine365\/wp-content\/uploads\/2016\/06\/fotonoticia_20160628131942_800.jpg"},"aioseo_meta_data":{"post_id":"80931","title":null,"description":null,"keywords":null,"keyphrases":null,"primary_term":null,"canonical_url":null,"og_title":null,"og_description":null,"og_object_type":"default","og_image_type":"default","og_image_url":null,"og_image_width":null,"og_image_height":null,"og_image_custom_url":null,"og_image_custom_fields":null,"og_video":null,"og_custom_url":null,"og_article_section":null,"og_article_tags":null,"twitter_use_og":false,"twitter_card":"default","twitter_image_type":"default","twitter_image_url":null,"twitter_image_custom_url":null,"twitter_image_custom_fields":null,"twitter_title":null,"twitter_description":null,"schema":{"blockGraphs":[],"customGraphs":[],"default":{"data":{"Article":[],"Course":[],"Dataset":[],"FAQPage":[],"Movie":[],"Person":[],"Product":[],"ProductReview":[],"Car":[],"Recipe":[],"Service":[],"SoftwareApplication":[],"WebPage":[]},"graphName":"","isEnabled":true},"graphs":[],"defaultGraph":"","defaultPostTypeGraph":""},"schema_type":null,"schema_type_options":null,"pillar_content":false,"robots_default":true,"robots_noindex":false,"robots_noarchive":false,"robots_nosnippet":false,"robots_nofollow":false,"robots_noimageindex":false,"robots_noodp":false,"robots_notranslate":false,"robots_max_snippet":null,"robots_max_videopreview":null,"robots_max_imagepreview":"large","priority":null,"frequency":null,"location":null,"local_seo":null,"seo_analyzer_scan_date":"2025-09-27 21:49:55","breadcrumb_settings":null,"limit_modified_date":false,"open_ai":null,"ai":null,"created":"2021-03-08 17:23:43","updated":"2025-09-27 21:49:55"},"aioseo_breadcrumb":"<div class=\"aioseo-breadcrumbs\"><span class=\"aioseo-breadcrumb\">\n\t<a href=\"https:\/\/eldigitaldeasturias.com\/magazine365\" title=\"Home\">Home<\/a>\n<\/span><span class=\"aioseo-breadcrumb-separator\">\u2013<\/span><span class=\"aioseo-breadcrumb\">\n\t<a href=\"https:\/\/eldigitaldeasturias.com\/magazine365\/category\/noticias-actualidad\/\" title=\"Noticias y Actualidad\">Noticias y Actualidad<\/a>\n<\/span><span class=\"aioseo-breadcrumb-separator\">\u2013<\/span><span class=\"aioseo-breadcrumb\">\n\t<a href=\"https:\/\/eldigitaldeasturias.com\/magazine365\/iberostar-anuncia-cambios-en-el-area-comercial-de-andalucia-canarias-y-cabo-verde\/\" title=\"Iberostar anuncia cambios en el \u00e1rea comercial de Andaluc\u00eda, Canarias y Cabo Verde\">Iberostar anuncia cambios en el \u00e1rea comercial de Andaluc\u00eda, Canarias y Cabo Verde<\/a>\n<\/span><\/div>","aioseo_breadcrumb_json":[{"label":"Home","link":"https:\/\/eldigitaldeasturias.com\/magazine365"},{"label":"Noticias y Actualidad","link":"https:\/\/eldigitaldeasturias.com\/magazine365\/category\/noticias-actualidad\/"},{"label":"Iberostar anuncia cambios en el \u00e1rea comercial de Andaluc\u00eda, Canarias y Cabo Verde","link":"https:\/\/eldigitaldeasturias.com\/magazine365\/iberostar-anuncia-cambios-en-el-area-comercial-de-andalucia-canarias-y-cabo-verde\/"}],"_links":{"self":[{"href":"https:\/\/eldigitaldeasturias.com\/magazine365\/wp-json\/wp\/v2\/posts\/80931","targetHints":{"allow":["GET"]}}],"collection":[{"href":"https:\/\/eldigitaldeasturias.com\/magazine365\/wp-json\/wp\/v2\/posts"}],"about":[{"href":"https:\/\/eldigitaldeasturias.com\/magazine365\/wp-json\/wp\/v2\/types\/post"}],"author":[{"embeddable":true,"href":"https:\/\/eldigitaldeasturias.com\/magazine365\/wp-json\/wp\/v2\/users\/1"}],"replies":[{"embeddable":true,"href":"https:\/\/eldigitaldeasturias.com\/magazine365\/wp-json\/wp\/v2\/comments?post=80931"}],"version-history":[{"count":0,"href":"https:\/\/eldigitaldeasturias.com\/magazine365\/wp-json\/wp\/v2\/posts\/80931\/revisions"}],"wp:featuredmedia":[{"embeddable":true,"href":"https:\/\/eldigitaldeasturias.com\/magazine365\/wp-json\/wp\/v2\/media\/80932"}],"wp:attachment":[{"href":"https:\/\/eldigitaldeasturias.com\/magazine365\/wp-json\/wp\/v2\/media?parent=80931"}],"wp:term":[{"taxonomy":"category","embeddable":true,"href":"https:\/\/eldigitaldeasturias.com\/magazine365\/wp-json\/wp\/v2\/categories?post=80931"},{"taxonomy":"post_tag","embeddable":true,"href":"https:\/\/eldigitaldeasturias.com\/magazine365\/wp-json\/wp\/v2\/tags?post=80931"}],"curies":[{"name":"wp","href":"https:\/\/api.w.org\/{rel}","templated":true}]}}