{"id":80917,"date":"2016-06-28T15:07:00","date_gmt":"2016-06-28T13:07:00","guid":{"rendered":"http:\/\/eldigitaldeasturias.com\/magazine365\/?p=80917"},"modified":"2016-06-28T15:07:00","modified_gmt":"2016-06-28T13:07:00","slug":"crece-la-intencion-de-viajar-a-europa-por-parte-de-los-estadounidenses","status":"publish","type":"post","link":"https:\/\/eldigitaldeasturias.com\/magazine365\/crece-la-intencion-de-viajar-a-europa-por-parte-de-los-estadounidenses\/","title":{"rendered":"Crece la intenci\u00f3n de viajar a Europa por parte de los estadounidenses"},"content":{"rendered":"<p><img fetchpriority=\"high\" decoding=\"async\" class=\"alignleft size-medium wp-image-80918\" src=\"https:\/\/eldigitaldeasturias.com\/magazine365\/wp-content\/uploads\/2016\/06\/fotonoticia_20160628115423_800-360x248.jpg\" alt=\"fotonoticia_20160628115423_800\" width=\"360\" height=\"248\" srcset=\"https:\/\/eldigitaldeasturias.com\/magazine365\/wp-content\/uploads\/2016\/06\/fotonoticia_20160628115423_800-360x248.jpg 360w, https:\/\/eldigitaldeasturias.com\/magazine365\/wp-content\/uploads\/2016\/06\/fotonoticia_20160628115423_800-650x447.jpg 650w, https:\/\/eldigitaldeasturias.com\/magazine365\/wp-content\/uploads\/2016\/06\/fotonoticia_20160628115423_800-768x528.jpg 768w, https:\/\/eldigitaldeasturias.com\/magazine365\/wp-content\/uploads\/2016\/06\/fotonoticia_20160628115423_800-150x103.jpg 150w, https:\/\/eldigitaldeasturias.com\/magazine365\/wp-content\/uploads\/2016\/06\/fotonoticia_20160628115423_800-450x309.jpg 450w, https:\/\/eldigitaldeasturias.com\/magazine365\/wp-content\/uploads\/2016\/06\/fotonoticia_20160628115423_800.jpg 800w\" sizes=\"(max-width: 360px) 100vw, 360px\" \/>Crece la intenci\u00f3n de viajar a Europa por parte de los estadounidenses, con 27 millones de llegadas que se esperan hacia el Viejo Continente en 2016, siendo Estados Unidos el mayor mercado de larga distancia para Europa con un 5% de todas las llegadas, seg\u00fan los \u00faltimos resultados del Long-Haul Travel Barometer, una iniciativa de la Comisi\u00f3n Europea de Turismo(CET), la European Tourism Association (ETOA) y Eurail Group.<\/p>\n<p>Tambi\u00e9n los ciudadanos japoneses est\u00e1n m\u00e1s dispuestos a viajar a Europa que hace un a\u00f1o. Sin embargo los encuestados en China demuestran una menor intenci\u00f3n de viaje frente a los resultados de principios de a\u00f1o. Pese a ello, China sigue siendo un mercado con un crecimiento importante, con 12 millones de llegadas esperadas para el a\u00f1o 2016.<\/p>\n<p>En Rusia, los bajos precios del petr\u00f3leo y de la divisa del pa\u00eds son una barrera para potenciales viajeros en cuanto a su optimismo para viajar a Europa en un futuro cercano, seg\u00fan refleja la encuesta.<\/p>\n<p>El Long-Haul Travel Barometer se basa en 1.000 entrevistas realizadas en cinco mercados de larga distancia (Brasil, China, Jap\u00f3n, Rusia y Estados Unidos), sobre la intenci\u00f3n de viajar de las personas y captura las caracter\u00edsticas principales de su viaje, motivaciones y barreras de cara al viaje.<\/p>\n","protected":false},"excerpt":{"rendered":"<p>Crece la intenci\u00f3n de viajar a Europa por parte de los estadounidenses, con 27 millones de llegadas que se esperan hacia el Viejo Continente en 2016, siendo Estados Unidos el mayor mercado de larga distancia para Europa con un 5% de todas las llegadas, seg\u00fan los \u00faltimos resultados del Long-Haul Travel Barometer, una iniciativa de<\/p>\n","protected":false},"author":1,"featured_media":80918,"comment_status":"open","ping_status":"closed","sticky":false,"template":"","format":"standard","meta":{"footnotes":""},"categories":[224],"tags":[],"class_list":{"0":"post-80917","1":"post","2":"type-post","3":"status-publish","4":"format-standard","5":"has-post-thumbnail","7":"category-noticias-actualidad"},"aioseo_notices":[],"aioseo_head":"\n\t\t<!-- All in One SEO Pro 4.9.6.1 - aioseo.com -->\n\t<meta name=\"description\" content=\"Crece la intenci\u00f3n de viajar a Europa por parte de los estadounidenses, con 27 millones de llegadas que se esperan hacia el Viejo Continente en 2016, siendo Estados Unidos el mayor mercado de larga distancia para Europa con un 5% de todas las llegadas, seg\u00fan los \u00faltimos resultados del Long-Haul Travel Barometer, una iniciativa de\" \/>\n\t<meta name=\"robots\" content=\"max-image-preview:large\" \/>\n\t<meta name=\"author\" content=\"admin\"\/>\n\t<meta name=\"google-site-verification\" content=\"UA-38556648-1\" \/>\n\t<meta name=\"keywords\" content=\"noticias y actualidad\" \/>\n\t<link rel=\"canonical\" href=\"https:\/\/eldigitaldeasturias.com\/magazine365\/crece-la-intencion-de-viajar-a-europa-por-parte-de-los-estadounidenses\/\" \/>\n\t<meta name=\"generator\" content=\"All in One SEO Pro (AIOSEO) 4.9.6.1\" \/>\n\t\t<meta property=\"og:locale\" content=\"es_ES\" \/>\n\t\t<meta property=\"og:site_name\" content=\"El Digital de Asturias \u2013 Revista de ocio, turismo y estilo de vida\" \/>\n\t\t<meta property=\"og:type\" content=\"article\" \/>\n\t\t<meta property=\"og:title\" content=\"Crece la intenci\u00f3n de viajar a Europa por parte de los estadounidenses | El Digital de Asturias\" \/>\n\t\t<meta property=\"og:description\" content=\"Crece la intenci\u00f3n de viajar a Europa por parte de los estadounidenses, con 27 millones de llegadas que se esperan hacia el Viejo Continente en 2016, siendo Estados Unidos el mayor mercado de larga distancia para Europa con un 5% de todas las llegadas, seg\u00fan los \u00faltimos resultados del Long-Haul Travel Barometer, una iniciativa de\" \/>\n\t\t<meta property=\"og:url\" content=\"https:\/\/eldigitaldeasturias.com\/magazine365\/crece-la-intencion-de-viajar-a-europa-por-parte-de-los-estadounidenses\/\" \/>\n\t\t<meta property=\"og:image\" content=\"https:\/\/eldigitaldeasturias.com\/magazine365\/wp-content\/uploads\/2016\/06\/fotonoticia_20160628115423_800.jpg\" \/>\n\t\t<meta property=\"og:image:secure_url\" content=\"https:\/\/eldigitaldeasturias.com\/magazine365\/wp-content\/uploads\/2016\/06\/fotonoticia_20160628115423_800.jpg\" \/>\n\t\t<meta property=\"og:image:width\" content=\"800\" \/>\n\t\t<meta property=\"og:image:height\" content=\"550\" \/>\n\t\t<meta property=\"article:published_time\" content=\"2016-06-28T13:07:00+00:00\" \/>\n\t\t<meta property=\"article:modified_time\" content=\"2016-06-28T13:07:00+00:00\" \/>\n\t\t<meta name=\"twitter:card\" content=\"summary_large_image\" \/>\n\t\t<meta name=\"twitter:title\" content=\"Crece la intenci\u00f3n de viajar a Europa por parte de los estadounidenses | El Digital de Asturias\" \/>\n\t\t<meta name=\"twitter:description\" content=\"Crece la intenci\u00f3n de viajar a Europa por parte de los estadounidenses, con 27 millones de llegadas que se esperan hacia el Viejo Continente en 2016, siendo Estados Unidos el mayor mercado de larga distancia para Europa con un 5% de todas las llegadas, seg\u00fan los \u00faltimos resultados del Long-Haul Travel Barometer, una iniciativa de\" \/>\n\t\t<meta name=\"twitter:image\" content=\"https:\/\/eldigitaldeasturias.com\/magazine365\/wp-content\/uploads\/2016\/06\/fotonoticia_20160628115423_800.jpg\" \/>\n\t\t<script type=\"application\/ld+json\" class=\"aioseo-schema\">\n\t\t\t{\"@context\":\"https:\\\/\\\/schema.org\",\"@graph\":[{\"@type\":\"Article\",\"@id\":\"https:\\\/\\\/eldigitaldeasturias.com\\\/magazine365\\\/crece-la-intencion-de-viajar-a-europa-por-parte-de-los-estadounidenses\\\/#article\",\"name\":\"Crece la intenci\\u00f3n de viajar a Europa por parte de los estadounidenses | El Digital de Asturias\",\"headline\":\"Crece la intenci\\u00f3n de viajar a Europa por parte de los estadounidenses\",\"author\":{\"@id\":\"https:\\\/\\\/eldigitaldeasturias.com\\\/magazine365\\\/author\\\/admin\\\/#author\"},\"publisher\":{\"@id\":\"https:\\\/\\\/eldigitaldeasturias.com\\\/magazine365\\\/#organization\"},\"image\":{\"@type\":\"ImageObject\",\"url\":\"https:\\\/\\\/eldigitaldeasturias.com\\\/magazine365\\\/wp-content\\\/uploads\\\/2016\\\/06\\\/fotonoticia_20160628115423_800.jpg\",\"width\":800,\"height\":550},\"datePublished\":\"2016-06-28T15:07:00+02:00\",\"dateModified\":\"2016-06-28T15:07:00+02:00\",\"inLanguage\":\"es-ES\",\"mainEntityOfPage\":{\"@id\":\"https:\\\/\\\/eldigitaldeasturias.com\\\/magazine365\\\/crece-la-intencion-de-viajar-a-europa-por-parte-de-los-estadounidenses\\\/#webpage\"},\"isPartOf\":{\"@id\":\"https:\\\/\\\/eldigitaldeasturias.com\\\/magazine365\\\/crece-la-intencion-de-viajar-a-europa-por-parte-de-los-estadounidenses\\\/#webpage\"},\"articleSection\":\"Noticias y Actualidad\"},{\"@type\":\"BreadcrumbList\",\"@id\":\"https:\\\/\\\/eldigitaldeasturias.com\\\/magazine365\\\/crece-la-intencion-de-viajar-a-europa-por-parte-de-los-estadounidenses\\\/#breadcrumblist\",\"itemListElement\":[{\"@type\":\"ListItem\",\"@id\":\"https:\\\/\\\/eldigitaldeasturias.com\\\/magazine365#listItem\",\"position\":1,\"name\":\"Home\",\"item\":\"https:\\\/\\\/eldigitaldeasturias.com\\\/magazine365\",\"nextItem\":{\"@type\":\"ListItem\",\"@id\":\"https:\\\/\\\/eldigitaldeasturias.com\\\/magazine365\\\/category\\\/noticias-actualidad\\\/#listItem\",\"name\":\"Noticias y Actualidad\"}},{\"@type\":\"ListItem\",\"@id\":\"https:\\\/\\\/eldigitaldeasturias.com\\\/magazine365\\\/category\\\/noticias-actualidad\\\/#listItem\",\"position\":2,\"name\":\"Noticias y Actualidad\",\"item\":\"https:\\\/\\\/eldigitaldeasturias.com\\\/magazine365\\\/category\\\/noticias-actualidad\\\/\",\"nextItem\":{\"@type\":\"ListItem\",\"@id\":\"https:\\\/\\\/eldigitaldeasturias.com\\\/magazine365\\\/crece-la-intencion-de-viajar-a-europa-por-parte-de-los-estadounidenses\\\/#listItem\",\"name\":\"Crece la intenci\\u00f3n de viajar a Europa por parte de los estadounidenses\"},\"previousItem\":{\"@type\":\"ListItem\",\"@id\":\"https:\\\/\\\/eldigitaldeasturias.com\\\/magazine365#listItem\",\"name\":\"Home\"}},{\"@type\":\"ListItem\",\"@id\":\"https:\\\/\\\/eldigitaldeasturias.com\\\/magazine365\\\/crece-la-intencion-de-viajar-a-europa-por-parte-de-los-estadounidenses\\\/#listItem\",\"position\":3,\"name\":\"Crece la intenci\\u00f3n de viajar a Europa por parte de los estadounidenses\",\"previousItem\":{\"@type\":\"ListItem\",\"@id\":\"https:\\\/\\\/eldigitaldeasturias.com\\\/magazine365\\\/category\\\/noticias-actualidad\\\/#listItem\",\"name\":\"Noticias y Actualidad\"}}]},{\"@type\":\"Organization\",\"@id\":\"https:\\\/\\\/eldigitaldeasturias.com\\\/magazine365\\\/#organization\",\"name\":\"El digital de Asturias\",\"description\":\"Revista de ocio, turismo y estilo de vida\",\"url\":\"https:\\\/\\\/eldigitaldeasturias.com\\\/magazine365\\\/\",\"logo\":{\"@type\":\"ImageObject\",\"url\":\"https:\\\/\\\/www.eldigitaldeasturias.com\\\/noticias\\\/wp-content\\\/uploads\\\/2020\\\/12\\\/EDA.jpg\",\"@id\":\"https:\\\/\\\/eldigitaldeasturias.com\\\/magazine365\\\/crece-la-intencion-de-viajar-a-europa-por-parte-de-los-estadounidenses\\\/#organizationLogo\"},\"image\":{\"@id\":\"https:\\\/\\\/eldigitaldeasturias.com\\\/magazine365\\\/crece-la-intencion-de-viajar-a-europa-por-parte-de-los-estadounidenses\\\/#organizationLogo\"}},{\"@type\":\"Person\",\"@id\":\"https:\\\/\\\/eldigitaldeasturias.com\\\/magazine365\\\/author\\\/admin\\\/#author\",\"url\":\"https:\\\/\\\/eldigitaldeasturias.com\\\/magazine365\\\/author\\\/admin\\\/\",\"name\":\"admin\",\"image\":{\"@type\":\"ImageObject\",\"@id\":\"https:\\\/\\\/eldigitaldeasturias.com\\\/magazine365\\\/crece-la-intencion-de-viajar-a-europa-por-parte-de-los-estadounidenses\\\/#authorImage\",\"url\":\"https:\\\/\\\/eldigitaldeasturias.com\\\/magazine365\\\/wp-content\\\/litespeed\\\/avatar\\\/e571bcf59a0edd6fa6838245a470f2fe.jpg?ver=1776969259\",\"width\":96,\"height\":96,\"caption\":\"admin\"}},{\"@type\":\"WebPage\",\"@id\":\"https:\\\/\\\/eldigitaldeasturias.com\\\/magazine365\\\/crece-la-intencion-de-viajar-a-europa-por-parte-de-los-estadounidenses\\\/#webpage\",\"url\":\"https:\\\/\\\/eldigitaldeasturias.com\\\/magazine365\\\/crece-la-intencion-de-viajar-a-europa-por-parte-de-los-estadounidenses\\\/\",\"name\":\"Crece la intenci\\u00f3n de viajar a Europa por parte de los estadounidenses | El Digital de Asturias\",\"description\":\"Crece la intenci\\u00f3n de viajar a Europa por parte de los estadounidenses, con 27 millones de llegadas que se esperan hacia el Viejo Continente en 2016, siendo Estados Unidos el mayor mercado de larga distancia para Europa con un 5% de todas las llegadas, seg\\u00fan los \\u00faltimos resultados del Long-Haul Travel Barometer, una iniciativa de\",\"inLanguage\":\"es-ES\",\"isPartOf\":{\"@id\":\"https:\\\/\\\/eldigitaldeasturias.com\\\/magazine365\\\/#website\"},\"breadcrumb\":{\"@id\":\"https:\\\/\\\/eldigitaldeasturias.com\\\/magazine365\\\/crece-la-intencion-de-viajar-a-europa-por-parte-de-los-estadounidenses\\\/#breadcrumblist\"},\"author\":{\"@id\":\"https:\\\/\\\/eldigitaldeasturias.com\\\/magazine365\\\/author\\\/admin\\\/#author\"},\"creator\":{\"@id\":\"https:\\\/\\\/eldigitaldeasturias.com\\\/magazine365\\\/author\\\/admin\\\/#author\"},\"image\":{\"@type\":\"ImageObject\",\"url\":\"https:\\\/\\\/eldigitaldeasturias.com\\\/magazine365\\\/wp-content\\\/uploads\\\/2016\\\/06\\\/fotonoticia_20160628115423_800.jpg\",\"@id\":\"https:\\\/\\\/eldigitaldeasturias.com\\\/magazine365\\\/crece-la-intencion-de-viajar-a-europa-por-parte-de-los-estadounidenses\\\/#mainImage\",\"width\":800,\"height\":550},\"primaryImageOfPage\":{\"@id\":\"https:\\\/\\\/eldigitaldeasturias.com\\\/magazine365\\\/crece-la-intencion-de-viajar-a-europa-por-parte-de-los-estadounidenses\\\/#mainImage\"},\"datePublished\":\"2016-06-28T15:07:00+02:00\",\"dateModified\":\"2016-06-28T15:07:00+02:00\"},{\"@type\":\"WebSite\",\"@id\":\"https:\\\/\\\/eldigitaldeasturias.com\\\/magazine365\\\/#website\",\"url\":\"https:\\\/\\\/eldigitaldeasturias.com\\\/magazine365\\\/\",\"name\":\"El Digital de Asturias\",\"description\":\"Revista de ocio, turismo y estilo de vida\",\"inLanguage\":\"es-ES\",\"publisher\":{\"@id\":\"https:\\\/\\\/eldigitaldeasturias.com\\\/magazine365\\\/#organization\"}}]}\n\t\t<\/script>\n\t\t<!-- All in One SEO Pro -->\r\n\t\t<title>Crece la intenci\u00f3n de viajar a Europa por parte de los estadounidenses | El Digital de Asturias<\/title>\n\n","aioseo_head_json":{"title":"Crece la intenci\u00f3n de viajar a Europa por parte de los estadounidenses | El Digital de Asturias","description":"Crece la intenci\u00f3n de viajar a Europa por parte de los estadounidenses, con 27 millones de llegadas que se esperan hacia el Viejo Continente en 2016, siendo Estados Unidos el mayor mercado de larga distancia para Europa con un 5% de todas las llegadas, seg\u00fan los \u00faltimos resultados del Long-Haul Travel Barometer, una iniciativa de","canonical_url":"https:\/\/eldigitaldeasturias.com\/magazine365\/crece-la-intencion-de-viajar-a-europa-por-parte-de-los-estadounidenses\/","robots":"max-image-preview:large","keywords":"noticias y actualidad","webmasterTools":{"google-site-verification":"UA-38556648-1","miscellaneous":""},"schema":{"@context":"https:\/\/schema.org","@graph":[{"@type":"Article","@id":"https:\/\/eldigitaldeasturias.com\/magazine365\/crece-la-intencion-de-viajar-a-europa-por-parte-de-los-estadounidenses\/#article","name":"Crece la intenci\u00f3n de viajar a Europa por parte de los estadounidenses | El Digital de Asturias","headline":"Crece la intenci\u00f3n de viajar a Europa por parte de los estadounidenses","author":{"@id":"https:\/\/eldigitaldeasturias.com\/magazine365\/author\/admin\/#author"},"publisher":{"@id":"https:\/\/eldigitaldeasturias.com\/magazine365\/#organization"},"image":{"@type":"ImageObject","url":"https:\/\/eldigitaldeasturias.com\/magazine365\/wp-content\/uploads\/2016\/06\/fotonoticia_20160628115423_800.jpg","width":800,"height":550},"datePublished":"2016-06-28T15:07:00+02:00","dateModified":"2016-06-28T15:07:00+02:00","inLanguage":"es-ES","mainEntityOfPage":{"@id":"https:\/\/eldigitaldeasturias.com\/magazine365\/crece-la-intencion-de-viajar-a-europa-por-parte-de-los-estadounidenses\/#webpage"},"isPartOf":{"@id":"https:\/\/eldigitaldeasturias.com\/magazine365\/crece-la-intencion-de-viajar-a-europa-por-parte-de-los-estadounidenses\/#webpage"},"articleSection":"Noticias y Actualidad"},{"@type":"BreadcrumbList","@id":"https:\/\/eldigitaldeasturias.com\/magazine365\/crece-la-intencion-de-viajar-a-europa-por-parte-de-los-estadounidenses\/#breadcrumblist","itemListElement":[{"@type":"ListItem","@id":"https:\/\/eldigitaldeasturias.com\/magazine365#listItem","position":1,"name":"Home","item":"https:\/\/eldigitaldeasturias.com\/magazine365","nextItem":{"@type":"ListItem","@id":"https:\/\/eldigitaldeasturias.com\/magazine365\/category\/noticias-actualidad\/#listItem","name":"Noticias y Actualidad"}},{"@type":"ListItem","@id":"https:\/\/eldigitaldeasturias.com\/magazine365\/category\/noticias-actualidad\/#listItem","position":2,"name":"Noticias y Actualidad","item":"https:\/\/eldigitaldeasturias.com\/magazine365\/category\/noticias-actualidad\/","nextItem":{"@type":"ListItem","@id":"https:\/\/eldigitaldeasturias.com\/magazine365\/crece-la-intencion-de-viajar-a-europa-por-parte-de-los-estadounidenses\/#listItem","name":"Crece la intenci\u00f3n de viajar a Europa por parte de los estadounidenses"},"previousItem":{"@type":"ListItem","@id":"https:\/\/eldigitaldeasturias.com\/magazine365#listItem","name":"Home"}},{"@type":"ListItem","@id":"https:\/\/eldigitaldeasturias.com\/magazine365\/crece-la-intencion-de-viajar-a-europa-por-parte-de-los-estadounidenses\/#listItem","position":3,"name":"Crece la intenci\u00f3n de viajar a Europa por parte de los estadounidenses","previousItem":{"@type":"ListItem","@id":"https:\/\/eldigitaldeasturias.com\/magazine365\/category\/noticias-actualidad\/#listItem","name":"Noticias y Actualidad"}}]},{"@type":"Organization","@id":"https:\/\/eldigitaldeasturias.com\/magazine365\/#organization","name":"El digital de Asturias","description":"Revista de ocio, turismo y estilo de vida","url":"https:\/\/eldigitaldeasturias.com\/magazine365\/","logo":{"@type":"ImageObject","url":"https:\/\/www.eldigitaldeasturias.com\/noticias\/wp-content\/uploads\/2020\/12\/EDA.jpg","@id":"https:\/\/eldigitaldeasturias.com\/magazine365\/crece-la-intencion-de-viajar-a-europa-por-parte-de-los-estadounidenses\/#organizationLogo"},"image":{"@id":"https:\/\/eldigitaldeasturias.com\/magazine365\/crece-la-intencion-de-viajar-a-europa-por-parte-de-los-estadounidenses\/#organizationLogo"}},{"@type":"Person","@id":"https:\/\/eldigitaldeasturias.com\/magazine365\/author\/admin\/#author","url":"https:\/\/eldigitaldeasturias.com\/magazine365\/author\/admin\/","name":"admin","image":{"@type":"ImageObject","@id":"https:\/\/eldigitaldeasturias.com\/magazine365\/crece-la-intencion-de-viajar-a-europa-por-parte-de-los-estadounidenses\/#authorImage","url":"https:\/\/eldigitaldeasturias.com\/magazine365\/wp-content\/litespeed\/avatar\/e571bcf59a0edd6fa6838245a470f2fe.jpg?ver=1776969259","width":96,"height":96,"caption":"admin"}},{"@type":"WebPage","@id":"https:\/\/eldigitaldeasturias.com\/magazine365\/crece-la-intencion-de-viajar-a-europa-por-parte-de-los-estadounidenses\/#webpage","url":"https:\/\/eldigitaldeasturias.com\/magazine365\/crece-la-intencion-de-viajar-a-europa-por-parte-de-los-estadounidenses\/","name":"Crece la intenci\u00f3n de viajar a Europa por parte de los estadounidenses | El Digital de Asturias","description":"Crece la intenci\u00f3n de viajar a Europa por parte de los estadounidenses, con 27 millones de llegadas que se esperan hacia el Viejo Continente en 2016, siendo Estados Unidos el mayor mercado de larga distancia para Europa con un 5% de todas las llegadas, seg\u00fan los \u00faltimos resultados del Long-Haul Travel Barometer, una iniciativa de","inLanguage":"es-ES","isPartOf":{"@id":"https:\/\/eldigitaldeasturias.com\/magazine365\/#website"},"breadcrumb":{"@id":"https:\/\/eldigitaldeasturias.com\/magazine365\/crece-la-intencion-de-viajar-a-europa-por-parte-de-los-estadounidenses\/#breadcrumblist"},"author":{"@id":"https:\/\/eldigitaldeasturias.com\/magazine365\/author\/admin\/#author"},"creator":{"@id":"https:\/\/eldigitaldeasturias.com\/magazine365\/author\/admin\/#author"},"image":{"@type":"ImageObject","url":"https:\/\/eldigitaldeasturias.com\/magazine365\/wp-content\/uploads\/2016\/06\/fotonoticia_20160628115423_800.jpg","@id":"https:\/\/eldigitaldeasturias.com\/magazine365\/crece-la-intencion-de-viajar-a-europa-por-parte-de-los-estadounidenses\/#mainImage","width":800,"height":550},"primaryImageOfPage":{"@id":"https:\/\/eldigitaldeasturias.com\/magazine365\/crece-la-intencion-de-viajar-a-europa-por-parte-de-los-estadounidenses\/#mainImage"},"datePublished":"2016-06-28T15:07:00+02:00","dateModified":"2016-06-28T15:07:00+02:00"},{"@type":"WebSite","@id":"https:\/\/eldigitaldeasturias.com\/magazine365\/#website","url":"https:\/\/eldigitaldeasturias.com\/magazine365\/","name":"El Digital de Asturias","description":"Revista de ocio, turismo y estilo de vida","inLanguage":"es-ES","publisher":{"@id":"https:\/\/eldigitaldeasturias.com\/magazine365\/#organization"}}]},"og:locale":"es_ES","og:site_name":"El Digital de Asturias \u2013 Revista de ocio, turismo y estilo de vida","og:type":"article","og:title":"Crece la intenci\u00f3n de viajar a Europa por parte de los estadounidenses | El Digital de Asturias","og:description":"Crece la intenci\u00f3n de viajar a Europa por parte de los estadounidenses, con 27 millones de llegadas que se esperan hacia el Viejo Continente en 2016, siendo Estados Unidos el mayor mercado de larga distancia para Europa con un 5% de todas las llegadas, seg\u00fan los \u00faltimos resultados del Long-Haul Travel Barometer, una iniciativa de","og:url":"https:\/\/eldigitaldeasturias.com\/magazine365\/crece-la-intencion-de-viajar-a-europa-por-parte-de-los-estadounidenses\/","og:image":"https:\/\/eldigitaldeasturias.com\/magazine365\/wp-content\/uploads\/2016\/06\/fotonoticia_20160628115423_800.jpg","og:image:secure_url":"https:\/\/eldigitaldeasturias.com\/magazine365\/wp-content\/uploads\/2016\/06\/fotonoticia_20160628115423_800.jpg","og:image:width":800,"og:image:height":550,"article:published_time":"2016-06-28T13:07:00+00:00","article:modified_time":"2016-06-28T13:07:00+00:00","twitter:card":"summary_large_image","twitter:title":"Crece la intenci\u00f3n de viajar a Europa por parte de los estadounidenses | El Digital de Asturias","twitter:description":"Crece la intenci\u00f3n de viajar a Europa por parte de los estadounidenses, con 27 millones de llegadas que se esperan hacia el Viejo Continente en 2016, siendo Estados Unidos el mayor mercado de larga distancia para Europa con un 5% de todas las llegadas, seg\u00fan los \u00faltimos resultados del Long-Haul Travel Barometer, una iniciativa de","twitter:image":"https:\/\/eldigitaldeasturias.com\/magazine365\/wp-content\/uploads\/2016\/06\/fotonoticia_20160628115423_800.jpg"},"aioseo_meta_data":{"post_id":"80917","title":null,"description":null,"keywords":null,"keyphrases":null,"primary_term":null,"canonical_url":null,"og_title":null,"og_description":null,"og_object_type":"default","og_image_type":"default","og_image_url":null,"og_image_width":null,"og_image_height":null,"og_image_custom_url":null,"og_image_custom_fields":null,"og_video":null,"og_custom_url":null,"og_article_section":null,"og_article_tags":null,"twitter_use_og":false,"twitter_card":"default","twitter_image_type":"default","twitter_image_url":null,"twitter_image_custom_url":null,"twitter_image_custom_fields":null,"twitter_title":null,"twitter_description":null,"schema":{"blockGraphs":[],"customGraphs":[],"default":{"data":{"Article":[],"Course":[],"Dataset":[],"FAQPage":[],"Movie":[],"Person":[],"Product":[],"ProductReview":[],"Car":[],"Recipe":[],"Service":[],"SoftwareApplication":[],"WebPage":[]},"graphName":"","isEnabled":true},"graphs":[],"defaultGraph":"","defaultPostTypeGraph":""},"schema_type":null,"schema_type_options":null,"pillar_content":false,"robots_default":true,"robots_noindex":false,"robots_noarchive":false,"robots_nosnippet":false,"robots_nofollow":false,"robots_noimageindex":false,"robots_noodp":false,"robots_notranslate":false,"robots_max_snippet":null,"robots_max_videopreview":null,"robots_max_imagepreview":"large","priority":null,"frequency":null,"location":null,"local_seo":null,"seo_analyzer_scan_date":"2025-09-27 21:47:56","breadcrumb_settings":null,"limit_modified_date":false,"open_ai":null,"ai":null,"created":"2021-03-08 17:23:43","updated":"2025-09-27 21:47:56"},"aioseo_breadcrumb":"<div class=\"aioseo-breadcrumbs\"><span class=\"aioseo-breadcrumb\">\n\t<a href=\"https:\/\/eldigitaldeasturias.com\/magazine365\" title=\"Home\">Home<\/a>\n<\/span><span class=\"aioseo-breadcrumb-separator\">\u2013<\/span><span class=\"aioseo-breadcrumb\">\n\t<a href=\"https:\/\/eldigitaldeasturias.com\/magazine365\/category\/noticias-actualidad\/\" title=\"Noticias y Actualidad\">Noticias y Actualidad<\/a>\n<\/span><span class=\"aioseo-breadcrumb-separator\">\u2013<\/span><span class=\"aioseo-breadcrumb\">\n\t<a href=\"https:\/\/eldigitaldeasturias.com\/magazine365\/crece-la-intencion-de-viajar-a-europa-por-parte-de-los-estadounidenses\/\" title=\"Crece la intenci\u00f3n de viajar a Europa por parte de los estadounidenses\">Crece la intenci\u00f3n de viajar a Europa por parte de los estadounidenses<\/a>\n<\/span><\/div>","aioseo_breadcrumb_json":[{"label":"Home","link":"https:\/\/eldigitaldeasturias.com\/magazine365"},{"label":"Noticias y Actualidad","link":"https:\/\/eldigitaldeasturias.com\/magazine365\/category\/noticias-actualidad\/"},{"label":"Crece la intenci\u00f3n de viajar a Europa por parte de los estadounidenses","link":"https:\/\/eldigitaldeasturias.com\/magazine365\/crece-la-intencion-de-viajar-a-europa-por-parte-de-los-estadounidenses\/"}],"_links":{"self":[{"href":"https:\/\/eldigitaldeasturias.com\/magazine365\/wp-json\/wp\/v2\/posts\/80917","targetHints":{"allow":["GET"]}}],"collection":[{"href":"https:\/\/eldigitaldeasturias.com\/magazine365\/wp-json\/wp\/v2\/posts"}],"about":[{"href":"https:\/\/eldigitaldeasturias.com\/magazine365\/wp-json\/wp\/v2\/types\/post"}],"author":[{"embeddable":true,"href":"https:\/\/eldigitaldeasturias.com\/magazine365\/wp-json\/wp\/v2\/users\/1"}],"replies":[{"embeddable":true,"href":"https:\/\/eldigitaldeasturias.com\/magazine365\/wp-json\/wp\/v2\/comments?post=80917"}],"version-history":[{"count":0,"href":"https:\/\/eldigitaldeasturias.com\/magazine365\/wp-json\/wp\/v2\/posts\/80917\/revisions"}],"wp:featuredmedia":[{"embeddable":true,"href":"https:\/\/eldigitaldeasturias.com\/magazine365\/wp-json\/wp\/v2\/media\/80918"}],"wp:attachment":[{"href":"https:\/\/eldigitaldeasturias.com\/magazine365\/wp-json\/wp\/v2\/media?parent=80917"}],"wp:term":[{"taxonomy":"category","embeddable":true,"href":"https:\/\/eldigitaldeasturias.com\/magazine365\/wp-json\/wp\/v2\/categories?post=80917"},{"taxonomy":"post_tag","embeddable":true,"href":"https:\/\/eldigitaldeasturias.com\/magazine365\/wp-json\/wp\/v2\/tags?post=80917"}],"curies":[{"name":"wp","href":"https:\/\/api.w.org\/{rel}","templated":true}]}}