{"id":80908,"date":"2016-06-28T14:56:53","date_gmt":"2016-06-28T12:56:53","guid":{"rendered":"http:\/\/eldigitaldeasturias.com\/magazine365\/?p=80908"},"modified":"2016-06-28T14:56:53","modified_gmt":"2016-06-28T12:56:53","slug":"el-ibex-avanza-un-23-en-la-apertura-con-iag-y-bankia-subiendo-mas-de-un-5","status":"publish","type":"post","link":"https:\/\/eldigitaldeasturias.com\/magazine365\/el-ibex-avanza-un-23-en-la-apertura-con-iag-y-bankia-subiendo-mas-de-un-5\/","title":{"rendered":"El Ibex avanza un 2,3% en la apertura, con IAG y Bankia subiendo m\u00e1s de un 5%"},"content":{"rendered":"<p><img fetchpriority=\"high\" decoding=\"async\" class=\"alignleft size-medium wp-image-80909\" src=\"https:\/\/eldigitaldeasturias.com\/magazine365\/wp-content\/uploads\/2016\/06\/fotonoticia_20160628111549_800-360x224.jpg\" alt=\"fotonoticia_20160628111549_800\" width=\"360\" height=\"224\" srcset=\"https:\/\/eldigitaldeasturias.com\/magazine365\/wp-content\/uploads\/2016\/06\/fotonoticia_20160628111549_800-360x224.jpg 360w, https:\/\/eldigitaldeasturias.com\/magazine365\/wp-content\/uploads\/2016\/06\/fotonoticia_20160628111549_800-650x405.jpg 650w, https:\/\/eldigitaldeasturias.com\/magazine365\/wp-content\/uploads\/2016\/06\/fotonoticia_20160628111549_800-768x478.jpg 768w, https:\/\/eldigitaldeasturias.com\/magazine365\/wp-content\/uploads\/2016\/06\/fotonoticia_20160628111549_800-150x93.jpg 150w, https:\/\/eldigitaldeasturias.com\/magazine365\/wp-content\/uploads\/2016\/06\/fotonoticia_20160628111549_800-450x280.jpg 450w, https:\/\/eldigitaldeasturias.com\/magazine365\/wp-content\/uploads\/2016\/06\/fotonoticia_20160628111549_800-279x173.jpg 279w, https:\/\/eldigitaldeasturias.com\/magazine365\/wp-content\/uploads\/2016\/06\/fotonoticia_20160628111549_800-160x100.jpg 160w, https:\/\/eldigitaldeasturias.com\/magazine365\/wp-content\/uploads\/2016\/06\/fotonoticia_20160628111549_800.jpg 800w\" sizes=\"(max-width: 360px) 100vw, 360px\" \/>El parqu\u00e9 madrile\u00f1o abri\u00f3 la sesi\u00f3n de este martes con una subida del 2,3%, que llev\u00f3 al selectivo a plantarse en los 7.821 puntos despu\u00e9s de cerrar ayer por debajo de los 7.700 enteros.<\/p>\n<p>IAG, uno de los m\u00e1s valores m\u00e1s castigados en los \u00faltimos d\u00edas por la decisi\u00f3n de Reino Unido de abandonar la Uni\u00f3n Europea (UE), lideraba los ascensos del Ibex 35, con un avance del 5,5%, seguido de Bankia (+5,4%), Acerinox (+4,8%), Red El\u00e9ctrica (+4,3%), Caixabank (+4,1%) y Santander (+3,9%).<\/p>\n<p>Las principales plazas europeas tambi\u00e9n despertaban en positivo, con subidas del 2% en Francfort y del 2,1% en Par\u00eds. Londres, por su parte, tambi\u00e9n avanzaba m\u00e1s de un 2% en la apertura a pesar de la decisi\u00f3n de S&amp;P y Fitch de rebajar la calificaci\u00f3n de Reino Unido tras el &#8216;Brexit&#8217;.<\/p>\n<p>En el mercado de divisas, el euro ganaba posiciones frente al d\u00f3lar y se intercambiaba a 1,1057 &#8216;billetes verdes&#8217;.<\/p>\n<p>En el mercado de deuda, la prima de riesgo espa\u00f1ola bajaba hasta los 151 puntos b\u00e1sicos, con la rentabilidad del bono a diez a\u00f1os en el 1,40%.<\/p>\n<p>&nbsp;<\/p>\n","protected":false},"excerpt":{"rendered":"<p>El parqu\u00e9 madrile\u00f1o abri\u00f3 la sesi\u00f3n de este martes con una subida del 2,3%, que llev\u00f3 al selectivo a plantarse en los 7.821 puntos despu\u00e9s de cerrar ayer por debajo de los 7.700 enteros. IAG, uno de los m\u00e1s valores m\u00e1s castigados en los \u00faltimos d\u00edas por la decisi\u00f3n de Reino Unido de abandonar la<\/p>\n","protected":false},"author":1,"featured_media":80909,"comment_status":"open","ping_status":"closed","sticky":false,"template":"","format":"standard","meta":{"footnotes":""},"categories":[224],"tags":[],"class_list":{"0":"post-80908","1":"post","2":"type-post","3":"status-publish","4":"format-standard","5":"has-post-thumbnail","7":"category-noticias-actualidad"},"aioseo_notices":[],"aioseo_head":"\n\t\t<!-- All in One SEO Pro 4.9.6.1 - aioseo.com -->\n\t<meta name=\"description\" content=\"El parqu\u00e9 madrile\u00f1o abri\u00f3 la sesi\u00f3n de este martes con una subida del 2,3%, que llev\u00f3 al selectivo a plantarse en los 7.821 puntos despu\u00e9s de cerrar ayer por debajo de los 7.700 enteros. IAG, uno de los m\u00e1s valores m\u00e1s castigados en los \u00faltimos d\u00edas por la decisi\u00f3n de Reino Unido de abandonar la\" \/>\n\t<meta name=\"robots\" content=\"max-image-preview:large\" \/>\n\t<meta name=\"author\" content=\"admin\"\/>\n\t<meta name=\"google-site-verification\" content=\"UA-38556648-1\" \/>\n\t<meta name=\"keywords\" content=\"noticias y actualidad\" \/>\n\t<link rel=\"canonical\" href=\"https:\/\/eldigitaldeasturias.com\/magazine365\/el-ibex-avanza-un-23-en-la-apertura-con-iag-y-bankia-subiendo-mas-de-un-5\/\" \/>\n\t<meta name=\"generator\" content=\"All in One SEO Pro (AIOSEO) 4.9.6.1\" \/>\n\t\t<meta property=\"og:locale\" content=\"es_ES\" \/>\n\t\t<meta property=\"og:site_name\" content=\"El Digital de Asturias \u2013 Revista de ocio, turismo y estilo de vida\" \/>\n\t\t<meta property=\"og:type\" content=\"article\" \/>\n\t\t<meta property=\"og:title\" content=\"El Ibex avanza un 2,3% en la apertura, con IAG y Bankia subiendo m\u00e1s de un 5% | El Digital de Asturias\" \/>\n\t\t<meta property=\"og:description\" content=\"El parqu\u00e9 madrile\u00f1o abri\u00f3 la sesi\u00f3n de este martes con una subida del 2,3%, que llev\u00f3 al selectivo a plantarse en los 7.821 puntos despu\u00e9s de cerrar ayer por debajo de los 7.700 enteros. IAG, uno de los m\u00e1s valores m\u00e1s castigados en los \u00faltimos d\u00edas por la decisi\u00f3n de Reino Unido de abandonar la\" \/>\n\t\t<meta property=\"og:url\" content=\"https:\/\/eldigitaldeasturias.com\/magazine365\/el-ibex-avanza-un-23-en-la-apertura-con-iag-y-bankia-subiendo-mas-de-un-5\/\" \/>\n\t\t<meta property=\"og:image\" content=\"https:\/\/eldigitaldeasturias.com\/magazine365\/wp-content\/uploads\/2016\/06\/fotonoticia_20160628111549_800.jpg\" \/>\n\t\t<meta property=\"og:image:secure_url\" content=\"https:\/\/eldigitaldeasturias.com\/magazine365\/wp-content\/uploads\/2016\/06\/fotonoticia_20160628111549_800.jpg\" \/>\n\t\t<meta property=\"og:image:width\" content=\"800\" \/>\n\t\t<meta property=\"og:image:height\" content=\"498\" \/>\n\t\t<meta property=\"article:published_time\" content=\"2016-06-28T12:56:53+00:00\" \/>\n\t\t<meta property=\"article:modified_time\" content=\"2016-06-28T12:56:53+00:00\" \/>\n\t\t<meta name=\"twitter:card\" content=\"summary_large_image\" \/>\n\t\t<meta name=\"twitter:title\" content=\"El Ibex avanza un 2,3% en la apertura, con IAG y Bankia subiendo m\u00e1s de un 5% | El Digital de Asturias\" \/>\n\t\t<meta name=\"twitter:description\" content=\"El parqu\u00e9 madrile\u00f1o abri\u00f3 la sesi\u00f3n de este martes con una subida del 2,3%, que llev\u00f3 al selectivo a plantarse en los 7.821 puntos despu\u00e9s de cerrar ayer por debajo de los 7.700 enteros. IAG, uno de los m\u00e1s valores m\u00e1s castigados en los \u00faltimos d\u00edas por la decisi\u00f3n de Reino Unido de abandonar la\" \/>\n\t\t<meta name=\"twitter:image\" content=\"https:\/\/eldigitaldeasturias.com\/magazine365\/wp-content\/uploads\/2016\/06\/fotonoticia_20160628111549_800.jpg\" \/>\n\t\t<script type=\"application\/ld+json\" class=\"aioseo-schema\">\n\t\t\t{\"@context\":\"https:\\\/\\\/schema.org\",\"@graph\":[{\"@type\":\"Article\",\"@id\":\"https:\\\/\\\/eldigitaldeasturias.com\\\/magazine365\\\/el-ibex-avanza-un-23-en-la-apertura-con-iag-y-bankia-subiendo-mas-de-un-5\\\/#article\",\"name\":\"El Ibex avanza un 2,3% en la apertura, con IAG y Bankia subiendo m\\u00e1s de un 5% | El Digital de Asturias\",\"headline\":\"El Ibex avanza un 2,3% en la apertura, con IAG y Bankia subiendo m\\u00e1s de un 5%\",\"author\":{\"@id\":\"https:\\\/\\\/eldigitaldeasturias.com\\\/magazine365\\\/author\\\/admin\\\/#author\"},\"publisher\":{\"@id\":\"https:\\\/\\\/eldigitaldeasturias.com\\\/magazine365\\\/#organization\"},\"image\":{\"@type\":\"ImageObject\",\"url\":\"https:\\\/\\\/eldigitaldeasturias.com\\\/magazine365\\\/wp-content\\\/uploads\\\/2016\\\/06\\\/fotonoticia_20160628111549_800.jpg\",\"width\":800,\"height\":498},\"datePublished\":\"2016-06-28T14:56:53+02:00\",\"dateModified\":\"2016-06-28T14:56:53+02:00\",\"inLanguage\":\"es-ES\",\"mainEntityOfPage\":{\"@id\":\"https:\\\/\\\/eldigitaldeasturias.com\\\/magazine365\\\/el-ibex-avanza-un-23-en-la-apertura-con-iag-y-bankia-subiendo-mas-de-un-5\\\/#webpage\"},\"isPartOf\":{\"@id\":\"https:\\\/\\\/eldigitaldeasturias.com\\\/magazine365\\\/el-ibex-avanza-un-23-en-la-apertura-con-iag-y-bankia-subiendo-mas-de-un-5\\\/#webpage\"},\"articleSection\":\"Noticias y Actualidad\"},{\"@type\":\"BreadcrumbList\",\"@id\":\"https:\\\/\\\/eldigitaldeasturias.com\\\/magazine365\\\/el-ibex-avanza-un-23-en-la-apertura-con-iag-y-bankia-subiendo-mas-de-un-5\\\/#breadcrumblist\",\"itemListElement\":[{\"@type\":\"ListItem\",\"@id\":\"https:\\\/\\\/eldigitaldeasturias.com\\\/magazine365#listItem\",\"position\":1,\"name\":\"Home\",\"item\":\"https:\\\/\\\/eldigitaldeasturias.com\\\/magazine365\",\"nextItem\":{\"@type\":\"ListItem\",\"@id\":\"https:\\\/\\\/eldigitaldeasturias.com\\\/magazine365\\\/category\\\/noticias-actualidad\\\/#listItem\",\"name\":\"Noticias y Actualidad\"}},{\"@type\":\"ListItem\",\"@id\":\"https:\\\/\\\/eldigitaldeasturias.com\\\/magazine365\\\/category\\\/noticias-actualidad\\\/#listItem\",\"position\":2,\"name\":\"Noticias y Actualidad\",\"item\":\"https:\\\/\\\/eldigitaldeasturias.com\\\/magazine365\\\/category\\\/noticias-actualidad\\\/\",\"nextItem\":{\"@type\":\"ListItem\",\"@id\":\"https:\\\/\\\/eldigitaldeasturias.com\\\/magazine365\\\/el-ibex-avanza-un-23-en-la-apertura-con-iag-y-bankia-subiendo-mas-de-un-5\\\/#listItem\",\"name\":\"El Ibex avanza un 2,3% en la apertura, con IAG y Bankia subiendo m\\u00e1s de un 5%\"},\"previousItem\":{\"@type\":\"ListItem\",\"@id\":\"https:\\\/\\\/eldigitaldeasturias.com\\\/magazine365#listItem\",\"name\":\"Home\"}},{\"@type\":\"ListItem\",\"@id\":\"https:\\\/\\\/eldigitaldeasturias.com\\\/magazine365\\\/el-ibex-avanza-un-23-en-la-apertura-con-iag-y-bankia-subiendo-mas-de-un-5\\\/#listItem\",\"position\":3,\"name\":\"El Ibex avanza un 2,3% en la apertura, con IAG y Bankia subiendo m\\u00e1s de un 5%\",\"previousItem\":{\"@type\":\"ListItem\",\"@id\":\"https:\\\/\\\/eldigitaldeasturias.com\\\/magazine365\\\/category\\\/noticias-actualidad\\\/#listItem\",\"name\":\"Noticias y Actualidad\"}}]},{\"@type\":\"Organization\",\"@id\":\"https:\\\/\\\/eldigitaldeasturias.com\\\/magazine365\\\/#organization\",\"name\":\"El digital de Asturias\",\"description\":\"Revista de ocio, turismo y estilo de vida\",\"url\":\"https:\\\/\\\/eldigitaldeasturias.com\\\/magazine365\\\/\",\"logo\":{\"@type\":\"ImageObject\",\"url\":\"https:\\\/\\\/www.eldigitaldeasturias.com\\\/noticias\\\/wp-content\\\/uploads\\\/2020\\\/12\\\/EDA.jpg\",\"@id\":\"https:\\\/\\\/eldigitaldeasturias.com\\\/magazine365\\\/el-ibex-avanza-un-23-en-la-apertura-con-iag-y-bankia-subiendo-mas-de-un-5\\\/#organizationLogo\"},\"image\":{\"@id\":\"https:\\\/\\\/eldigitaldeasturias.com\\\/magazine365\\\/el-ibex-avanza-un-23-en-la-apertura-con-iag-y-bankia-subiendo-mas-de-un-5\\\/#organizationLogo\"}},{\"@type\":\"Person\",\"@id\":\"https:\\\/\\\/eldigitaldeasturias.com\\\/magazine365\\\/author\\\/admin\\\/#author\",\"url\":\"https:\\\/\\\/eldigitaldeasturias.com\\\/magazine365\\\/author\\\/admin\\\/\",\"name\":\"admin\",\"image\":{\"@type\":\"ImageObject\",\"@id\":\"https:\\\/\\\/eldigitaldeasturias.com\\\/magazine365\\\/el-ibex-avanza-un-23-en-la-apertura-con-iag-y-bankia-subiendo-mas-de-un-5\\\/#authorImage\",\"url\":\"https:\\\/\\\/eldigitaldeasturias.com\\\/magazine365\\\/wp-content\\\/litespeed\\\/avatar\\\/e571bcf59a0edd6fa6838245a470f2fe.jpg?ver=1776969259\",\"width\":96,\"height\":96,\"caption\":\"admin\"}},{\"@type\":\"WebPage\",\"@id\":\"https:\\\/\\\/eldigitaldeasturias.com\\\/magazine365\\\/el-ibex-avanza-un-23-en-la-apertura-con-iag-y-bankia-subiendo-mas-de-un-5\\\/#webpage\",\"url\":\"https:\\\/\\\/eldigitaldeasturias.com\\\/magazine365\\\/el-ibex-avanza-un-23-en-la-apertura-con-iag-y-bankia-subiendo-mas-de-un-5\\\/\",\"name\":\"El Ibex avanza un 2,3% en la apertura, con IAG y Bankia subiendo m\\u00e1s de un 5% | El Digital de Asturias\",\"description\":\"El parqu\\u00e9 madrile\\u00f1o abri\\u00f3 la sesi\\u00f3n de este martes con una subida del 2,3%, que llev\\u00f3 al selectivo a plantarse en los 7.821 puntos despu\\u00e9s de cerrar ayer por debajo de los 7.700 enteros. IAG, uno de los m\\u00e1s valores m\\u00e1s castigados en los \\u00faltimos d\\u00edas por la decisi\\u00f3n de Reino Unido de abandonar la\",\"inLanguage\":\"es-ES\",\"isPartOf\":{\"@id\":\"https:\\\/\\\/eldigitaldeasturias.com\\\/magazine365\\\/#website\"},\"breadcrumb\":{\"@id\":\"https:\\\/\\\/eldigitaldeasturias.com\\\/magazine365\\\/el-ibex-avanza-un-23-en-la-apertura-con-iag-y-bankia-subiendo-mas-de-un-5\\\/#breadcrumblist\"},\"author\":{\"@id\":\"https:\\\/\\\/eldigitaldeasturias.com\\\/magazine365\\\/author\\\/admin\\\/#author\"},\"creator\":{\"@id\":\"https:\\\/\\\/eldigitaldeasturias.com\\\/magazine365\\\/author\\\/admin\\\/#author\"},\"image\":{\"@type\":\"ImageObject\",\"url\":\"https:\\\/\\\/eldigitaldeasturias.com\\\/magazine365\\\/wp-content\\\/uploads\\\/2016\\\/06\\\/fotonoticia_20160628111549_800.jpg\",\"@id\":\"https:\\\/\\\/eldigitaldeasturias.com\\\/magazine365\\\/el-ibex-avanza-un-23-en-la-apertura-con-iag-y-bankia-subiendo-mas-de-un-5\\\/#mainImage\",\"width\":800,\"height\":498},\"primaryImageOfPage\":{\"@id\":\"https:\\\/\\\/eldigitaldeasturias.com\\\/magazine365\\\/el-ibex-avanza-un-23-en-la-apertura-con-iag-y-bankia-subiendo-mas-de-un-5\\\/#mainImage\"},\"datePublished\":\"2016-06-28T14:56:53+02:00\",\"dateModified\":\"2016-06-28T14:56:53+02:00\"},{\"@type\":\"WebSite\",\"@id\":\"https:\\\/\\\/eldigitaldeasturias.com\\\/magazine365\\\/#website\",\"url\":\"https:\\\/\\\/eldigitaldeasturias.com\\\/magazine365\\\/\",\"name\":\"El Digital de Asturias\",\"description\":\"Revista de ocio, turismo y estilo de vida\",\"inLanguage\":\"es-ES\",\"publisher\":{\"@id\":\"https:\\\/\\\/eldigitaldeasturias.com\\\/magazine365\\\/#organization\"}}]}\n\t\t<\/script>\n\t\t<!-- All in One SEO Pro -->\r\n\t\t<title>El Ibex avanza un 2,3% en la apertura, con IAG y Bankia subiendo m\u00e1s de un 5% | El Digital de Asturias<\/title>\n\n","aioseo_head_json":{"title":"El Ibex avanza un 2,3% en la apertura, con IAG y Bankia subiendo m\u00e1s de un 5% | El Digital de Asturias","description":"El parqu\u00e9 madrile\u00f1o abri\u00f3 la sesi\u00f3n de este martes con una subida del 2,3%, que llev\u00f3 al selectivo a plantarse en los 7.821 puntos despu\u00e9s de cerrar ayer por debajo de los 7.700 enteros. IAG, uno de los m\u00e1s valores m\u00e1s castigados en los \u00faltimos d\u00edas por la decisi\u00f3n de Reino Unido de abandonar la","canonical_url":"https:\/\/eldigitaldeasturias.com\/magazine365\/el-ibex-avanza-un-23-en-la-apertura-con-iag-y-bankia-subiendo-mas-de-un-5\/","robots":"max-image-preview:large","keywords":"noticias y actualidad","webmasterTools":{"google-site-verification":"UA-38556648-1","miscellaneous":""},"schema":{"@context":"https:\/\/schema.org","@graph":[{"@type":"Article","@id":"https:\/\/eldigitaldeasturias.com\/magazine365\/el-ibex-avanza-un-23-en-la-apertura-con-iag-y-bankia-subiendo-mas-de-un-5\/#article","name":"El Ibex avanza un 2,3% en la apertura, con IAG y Bankia subiendo m\u00e1s de un 5% | El Digital de Asturias","headline":"El Ibex avanza un 2,3% en la apertura, con IAG y Bankia subiendo m\u00e1s de un 5%","author":{"@id":"https:\/\/eldigitaldeasturias.com\/magazine365\/author\/admin\/#author"},"publisher":{"@id":"https:\/\/eldigitaldeasturias.com\/magazine365\/#organization"},"image":{"@type":"ImageObject","url":"https:\/\/eldigitaldeasturias.com\/magazine365\/wp-content\/uploads\/2016\/06\/fotonoticia_20160628111549_800.jpg","width":800,"height":498},"datePublished":"2016-06-28T14:56:53+02:00","dateModified":"2016-06-28T14:56:53+02:00","inLanguage":"es-ES","mainEntityOfPage":{"@id":"https:\/\/eldigitaldeasturias.com\/magazine365\/el-ibex-avanza-un-23-en-la-apertura-con-iag-y-bankia-subiendo-mas-de-un-5\/#webpage"},"isPartOf":{"@id":"https:\/\/eldigitaldeasturias.com\/magazine365\/el-ibex-avanza-un-23-en-la-apertura-con-iag-y-bankia-subiendo-mas-de-un-5\/#webpage"},"articleSection":"Noticias y Actualidad"},{"@type":"BreadcrumbList","@id":"https:\/\/eldigitaldeasturias.com\/magazine365\/el-ibex-avanza-un-23-en-la-apertura-con-iag-y-bankia-subiendo-mas-de-un-5\/#breadcrumblist","itemListElement":[{"@type":"ListItem","@id":"https:\/\/eldigitaldeasturias.com\/magazine365#listItem","position":1,"name":"Home","item":"https:\/\/eldigitaldeasturias.com\/magazine365","nextItem":{"@type":"ListItem","@id":"https:\/\/eldigitaldeasturias.com\/magazine365\/category\/noticias-actualidad\/#listItem","name":"Noticias y Actualidad"}},{"@type":"ListItem","@id":"https:\/\/eldigitaldeasturias.com\/magazine365\/category\/noticias-actualidad\/#listItem","position":2,"name":"Noticias y Actualidad","item":"https:\/\/eldigitaldeasturias.com\/magazine365\/category\/noticias-actualidad\/","nextItem":{"@type":"ListItem","@id":"https:\/\/eldigitaldeasturias.com\/magazine365\/el-ibex-avanza-un-23-en-la-apertura-con-iag-y-bankia-subiendo-mas-de-un-5\/#listItem","name":"El Ibex avanza un 2,3% en la apertura, con IAG y Bankia subiendo m\u00e1s de un 5%"},"previousItem":{"@type":"ListItem","@id":"https:\/\/eldigitaldeasturias.com\/magazine365#listItem","name":"Home"}},{"@type":"ListItem","@id":"https:\/\/eldigitaldeasturias.com\/magazine365\/el-ibex-avanza-un-23-en-la-apertura-con-iag-y-bankia-subiendo-mas-de-un-5\/#listItem","position":3,"name":"El Ibex avanza un 2,3% en la apertura, con IAG y Bankia subiendo m\u00e1s de un 5%","previousItem":{"@type":"ListItem","@id":"https:\/\/eldigitaldeasturias.com\/magazine365\/category\/noticias-actualidad\/#listItem","name":"Noticias y Actualidad"}}]},{"@type":"Organization","@id":"https:\/\/eldigitaldeasturias.com\/magazine365\/#organization","name":"El digital de Asturias","description":"Revista de ocio, turismo y estilo de vida","url":"https:\/\/eldigitaldeasturias.com\/magazine365\/","logo":{"@type":"ImageObject","url":"https:\/\/www.eldigitaldeasturias.com\/noticias\/wp-content\/uploads\/2020\/12\/EDA.jpg","@id":"https:\/\/eldigitaldeasturias.com\/magazine365\/el-ibex-avanza-un-23-en-la-apertura-con-iag-y-bankia-subiendo-mas-de-un-5\/#organizationLogo"},"image":{"@id":"https:\/\/eldigitaldeasturias.com\/magazine365\/el-ibex-avanza-un-23-en-la-apertura-con-iag-y-bankia-subiendo-mas-de-un-5\/#organizationLogo"}},{"@type":"Person","@id":"https:\/\/eldigitaldeasturias.com\/magazine365\/author\/admin\/#author","url":"https:\/\/eldigitaldeasturias.com\/magazine365\/author\/admin\/","name":"admin","image":{"@type":"ImageObject","@id":"https:\/\/eldigitaldeasturias.com\/magazine365\/el-ibex-avanza-un-23-en-la-apertura-con-iag-y-bankia-subiendo-mas-de-un-5\/#authorImage","url":"https:\/\/eldigitaldeasturias.com\/magazine365\/wp-content\/litespeed\/avatar\/e571bcf59a0edd6fa6838245a470f2fe.jpg?ver=1776969259","width":96,"height":96,"caption":"admin"}},{"@type":"WebPage","@id":"https:\/\/eldigitaldeasturias.com\/magazine365\/el-ibex-avanza-un-23-en-la-apertura-con-iag-y-bankia-subiendo-mas-de-un-5\/#webpage","url":"https:\/\/eldigitaldeasturias.com\/magazine365\/el-ibex-avanza-un-23-en-la-apertura-con-iag-y-bankia-subiendo-mas-de-un-5\/","name":"El Ibex avanza un 2,3% en la apertura, con IAG y Bankia subiendo m\u00e1s de un 5% | El Digital de Asturias","description":"El parqu\u00e9 madrile\u00f1o abri\u00f3 la sesi\u00f3n de este martes con una subida del 2,3%, que llev\u00f3 al selectivo a plantarse en los 7.821 puntos despu\u00e9s de cerrar ayer por debajo de los 7.700 enteros. IAG, uno de los m\u00e1s valores m\u00e1s castigados en los \u00faltimos d\u00edas por la decisi\u00f3n de Reino Unido de abandonar la","inLanguage":"es-ES","isPartOf":{"@id":"https:\/\/eldigitaldeasturias.com\/magazine365\/#website"},"breadcrumb":{"@id":"https:\/\/eldigitaldeasturias.com\/magazine365\/el-ibex-avanza-un-23-en-la-apertura-con-iag-y-bankia-subiendo-mas-de-un-5\/#breadcrumblist"},"author":{"@id":"https:\/\/eldigitaldeasturias.com\/magazine365\/author\/admin\/#author"},"creator":{"@id":"https:\/\/eldigitaldeasturias.com\/magazine365\/author\/admin\/#author"},"image":{"@type":"ImageObject","url":"https:\/\/eldigitaldeasturias.com\/magazine365\/wp-content\/uploads\/2016\/06\/fotonoticia_20160628111549_800.jpg","@id":"https:\/\/eldigitaldeasturias.com\/magazine365\/el-ibex-avanza-un-23-en-la-apertura-con-iag-y-bankia-subiendo-mas-de-un-5\/#mainImage","width":800,"height":498},"primaryImageOfPage":{"@id":"https:\/\/eldigitaldeasturias.com\/magazine365\/el-ibex-avanza-un-23-en-la-apertura-con-iag-y-bankia-subiendo-mas-de-un-5\/#mainImage"},"datePublished":"2016-06-28T14:56:53+02:00","dateModified":"2016-06-28T14:56:53+02:00"},{"@type":"WebSite","@id":"https:\/\/eldigitaldeasturias.com\/magazine365\/#website","url":"https:\/\/eldigitaldeasturias.com\/magazine365\/","name":"El Digital de Asturias","description":"Revista de ocio, turismo y estilo de vida","inLanguage":"es-ES","publisher":{"@id":"https:\/\/eldigitaldeasturias.com\/magazine365\/#organization"}}]},"og:locale":"es_ES","og:site_name":"El Digital de Asturias \u2013 Revista de ocio, turismo y estilo de vida","og:type":"article","og:title":"El Ibex avanza un 2,3% en la apertura, con IAG y Bankia subiendo m\u00e1s de un 5% | El Digital de Asturias","og:description":"El parqu\u00e9 madrile\u00f1o abri\u00f3 la sesi\u00f3n de este martes con una subida del 2,3%, que llev\u00f3 al selectivo a plantarse en los 7.821 puntos despu\u00e9s de cerrar ayer por debajo de los 7.700 enteros. IAG, uno de los m\u00e1s valores m\u00e1s castigados en los \u00faltimos d\u00edas por la decisi\u00f3n de Reino Unido de abandonar la","og:url":"https:\/\/eldigitaldeasturias.com\/magazine365\/el-ibex-avanza-un-23-en-la-apertura-con-iag-y-bankia-subiendo-mas-de-un-5\/","og:image":"https:\/\/eldigitaldeasturias.com\/magazine365\/wp-content\/uploads\/2016\/06\/fotonoticia_20160628111549_800.jpg","og:image:secure_url":"https:\/\/eldigitaldeasturias.com\/magazine365\/wp-content\/uploads\/2016\/06\/fotonoticia_20160628111549_800.jpg","og:image:width":800,"og:image:height":498,"article:published_time":"2016-06-28T12:56:53+00:00","article:modified_time":"2016-06-28T12:56:53+00:00","twitter:card":"summary_large_image","twitter:title":"El Ibex avanza un 2,3% en la apertura, con IAG y Bankia subiendo m\u00e1s de un 5% | El Digital de Asturias","twitter:description":"El parqu\u00e9 madrile\u00f1o abri\u00f3 la sesi\u00f3n de este martes con una subida del 2,3%, que llev\u00f3 al selectivo a plantarse en los 7.821 puntos despu\u00e9s de cerrar ayer por debajo de los 7.700 enteros. IAG, uno de los m\u00e1s valores m\u00e1s castigados en los \u00faltimos d\u00edas por la decisi\u00f3n de Reino Unido de abandonar la","twitter:image":"https:\/\/eldigitaldeasturias.com\/magazine365\/wp-content\/uploads\/2016\/06\/fotonoticia_20160628111549_800.jpg"},"aioseo_meta_data":{"post_id":"80908","title":null,"description":null,"keywords":null,"keyphrases":null,"primary_term":null,"canonical_url":null,"og_title":null,"og_description":null,"og_object_type":"default","og_image_type":"default","og_image_url":null,"og_image_width":null,"og_image_height":null,"og_image_custom_url":null,"og_image_custom_fields":null,"og_video":null,"og_custom_url":null,"og_article_section":null,"og_article_tags":null,"twitter_use_og":false,"twitter_card":"default","twitter_image_type":"default","twitter_image_url":null,"twitter_image_custom_url":null,"twitter_image_custom_fields":null,"twitter_title":null,"twitter_description":null,"schema":{"blockGraphs":[],"customGraphs":[],"default":{"data":{"Article":[],"Course":[],"Dataset":[],"FAQPage":[],"Movie":[],"Person":[],"Product":[],"ProductReview":[],"Car":[],"Recipe":[],"Service":[],"SoftwareApplication":[],"WebPage":[]},"graphName":"","isEnabled":true},"graphs":[],"defaultGraph":"","defaultPostTypeGraph":""},"schema_type":null,"schema_type_options":null,"pillar_content":false,"robots_default":true,"robots_noindex":false,"robots_noarchive":false,"robots_nosnippet":false,"robots_nofollow":false,"robots_noimageindex":false,"robots_noodp":false,"robots_notranslate":false,"robots_max_snippet":null,"robots_max_videopreview":null,"robots_max_imagepreview":"large","priority":null,"frequency":null,"location":null,"local_seo":null,"seo_analyzer_scan_date":"2025-09-27 21:46:29","breadcrumb_settings":null,"limit_modified_date":false,"open_ai":null,"ai":null,"created":"2021-03-08 17:23:43","updated":"2025-09-27 21:46:29"},"aioseo_breadcrumb":"<div class=\"aioseo-breadcrumbs\"><span class=\"aioseo-breadcrumb\">\n\t<a href=\"https:\/\/eldigitaldeasturias.com\/magazine365\" title=\"Home\">Home<\/a>\n<\/span><span class=\"aioseo-breadcrumb-separator\">\u2013<\/span><span class=\"aioseo-breadcrumb\">\n\t<a href=\"https:\/\/eldigitaldeasturias.com\/magazine365\/category\/noticias-actualidad\/\" title=\"Noticias y Actualidad\">Noticias y Actualidad<\/a>\n<\/span><span class=\"aioseo-breadcrumb-separator\">\u2013<\/span><span class=\"aioseo-breadcrumb\">\n\t<a href=\"https:\/\/eldigitaldeasturias.com\/magazine365\/el-ibex-avanza-un-23-en-la-apertura-con-iag-y-bankia-subiendo-mas-de-un-5\/\" title=\"El Ibex avanza un 2,3% en la apertura, con IAG y Bankia subiendo m\u00e1s de un 5%\">El Ibex avanza un 2,3% en la apertura, con IAG y Bankia subiendo m\u00e1s de un 5%<\/a>\n<\/span><\/div>","aioseo_breadcrumb_json":[{"label":"Home","link":"https:\/\/eldigitaldeasturias.com\/magazine365"},{"label":"Noticias y Actualidad","link":"https:\/\/eldigitaldeasturias.com\/magazine365\/category\/noticias-actualidad\/"},{"label":"El Ibex avanza un 2,3% en la apertura, con IAG y Bankia subiendo m\u00e1s de un 5%","link":"https:\/\/eldigitaldeasturias.com\/magazine365\/el-ibex-avanza-un-23-en-la-apertura-con-iag-y-bankia-subiendo-mas-de-un-5\/"}],"_links":{"self":[{"href":"https:\/\/eldigitaldeasturias.com\/magazine365\/wp-json\/wp\/v2\/posts\/80908","targetHints":{"allow":["GET"]}}],"collection":[{"href":"https:\/\/eldigitaldeasturias.com\/magazine365\/wp-json\/wp\/v2\/posts"}],"about":[{"href":"https:\/\/eldigitaldeasturias.com\/magazine365\/wp-json\/wp\/v2\/types\/post"}],"author":[{"embeddable":true,"href":"https:\/\/eldigitaldeasturias.com\/magazine365\/wp-json\/wp\/v2\/users\/1"}],"replies":[{"embeddable":true,"href":"https:\/\/eldigitaldeasturias.com\/magazine365\/wp-json\/wp\/v2\/comments?post=80908"}],"version-history":[{"count":0,"href":"https:\/\/eldigitaldeasturias.com\/magazine365\/wp-json\/wp\/v2\/posts\/80908\/revisions"}],"wp:featuredmedia":[{"embeddable":true,"href":"https:\/\/eldigitaldeasturias.com\/magazine365\/wp-json\/wp\/v2\/media\/80909"}],"wp:attachment":[{"href":"https:\/\/eldigitaldeasturias.com\/magazine365\/wp-json\/wp\/v2\/media?parent=80908"}],"wp:term":[{"taxonomy":"category","embeddable":true,"href":"https:\/\/eldigitaldeasturias.com\/magazine365\/wp-json\/wp\/v2\/categories?post=80908"},{"taxonomy":"post_tag","embeddable":true,"href":"https:\/\/eldigitaldeasturias.com\/magazine365\/wp-json\/wp\/v2\/tags?post=80908"}],"curies":[{"name":"wp","href":"https:\/\/api.w.org\/{rel}","templated":true}]}}