{"id":80887,"date":"2016-06-28T07:48:59","date_gmt":"2016-06-28T05:48:59","guid":{"rendered":"http:\/\/eldigitaldeasturias.com\/magazine365\/?p=80887"},"modified":"2016-06-28T07:48:59","modified_gmt":"2016-06-28T05:48:59","slug":"la-junta-pone-en-marcha-riano-2016-deporte-y-musica-en-la-montana","status":"publish","type":"post","link":"https:\/\/eldigitaldeasturias.com\/magazine365\/la-junta-pone-en-marcha-riano-2016-deporte-y-musica-en-la-montana\/","title":{"rendered":"La Junta pone en marcha &#8216;Ria\u00f1o 2016: deporte y m\u00fasica en la monta\u00f1a&#8217;"},"content":{"rendered":"<p><img fetchpriority=\"high\" decoding=\"async\" class=\"alignleft size-medium wp-image-80888\" src=\"https:\/\/eldigitaldeasturias.com\/magazine365\/wp-content\/uploads\/2016\/06\/fotonoticia_20160627195557_800-360x240.jpg\" alt=\"fotonoticia_20160627195557_800\" width=\"360\" height=\"240\" srcset=\"https:\/\/eldigitaldeasturias.com\/magazine365\/wp-content\/uploads\/2016\/06\/fotonoticia_20160627195557_800-360x240.jpg 360w, https:\/\/eldigitaldeasturias.com\/magazine365\/wp-content\/uploads\/2016\/06\/fotonoticia_20160627195557_800-650x433.jpg 650w, https:\/\/eldigitaldeasturias.com\/magazine365\/wp-content\/uploads\/2016\/06\/fotonoticia_20160627195557_800-768x512.jpg 768w, https:\/\/eldigitaldeasturias.com\/magazine365\/wp-content\/uploads\/2016\/06\/fotonoticia_20160627195557_800-150x100.jpg 150w, https:\/\/eldigitaldeasturias.com\/magazine365\/wp-content\/uploads\/2016\/06\/fotonoticia_20160627195557_800-450x300.jpg 450w, https:\/\/eldigitaldeasturias.com\/magazine365\/wp-content\/uploads\/2016\/06\/fotonoticia_20160627195557_800-101x66.jpg 101w, https:\/\/eldigitaldeasturias.com\/magazine365\/wp-content\/uploads\/2016\/06\/fotonoticia_20160627195557_800.jpg 800w\" sizes=\"(max-width: 360px) 100vw, 360px\" \/>Los consejeros de Fomento y Medioambiente, Juan Carlos Su\u00e1rez-Qui\u00f1ones, y de Cultura y Turismo, Mar\u00eda Josefa Garc\u00eda Cirac, han presentado esta tarde &#8216;Ria\u00f1o 2016: deporte y m\u00fasica en la monta\u00f1a&#8217;, una programaci\u00f3n que nace dentro del trabajo de la Junta para proyectar a Castilla y Le\u00f3n como destino de turismo deportivo a nivel nacional e internacional.<\/p>\n<p>As\u00ed, entre los d\u00edas 9 y 11 de septiembre se celebrar\u00e1n la Edici\u00f3n Cero de la &#8216;Ria\u00f1o Trail Run adem\u00e1s de un concierto gratuito, el s\u00e1bado 10 de septiembre por la tarde, a cargo de Santiago Auser\u00f3n, acompa\u00f1ado por la Orquesta Sinf\u00f3nica Ib\u00e9rica de Le\u00f3n y con la actuaci\u00f3n previa de Leo Harlem.<\/p>\n<p>Qui\u00f1ones y Cirac han situado la iniciativa dentro de \u00abobjetivo prioritario de la legislatura de dinamizar el medio rural avanzando en la uni\u00f3n territorial de la provincia\u00bb. Del mismo modo, han destacado que se trata de una prueba \u00abal m\u00e1ximo nivel que le corresponde a un espacio natural como el Parque Regional de Ria\u00f1o\u00bb y que supondr\u00e1 un \u00abescaparate para dar a conocer la riqueza de la zona\u00bb.<\/p>\n<p>El objetivo de la Ria\u00f1o Trail Run Edici\u00f3n Cero es optar a que se convierta en la novena carrera de circuito nacional para 2017. En esta Edici\u00f3n Cero participar\u00e1n cerca de 50 corredores entre los que estar\u00e1n los mejores deportistas de la elite as\u00ed como amateurs que recorrer\u00e1n una distancia total de 117 kil\u00f3metros en tres etapas de monta\u00f1a con recorridos que van desde los 38 kil\u00f3metros hasta los 47 kil\u00f3metros.<\/p>\n<p>DESARROLLO DE LA &#8216;EDICI\u00d3N CERO&#8217;<\/p>\n<p>Esta prueba constar\u00e1 de tres etapas de monta\u00f1a con recorridos que van desde los 38 kil\u00f3metros, hasta la m\u00e1s larga, de 47. La primera etapa ser\u00e1 la que m\u00e1s distancia recorrer\u00e1n los participantes entre Velilla del R\u00edo Carri\u00f3n y Boca de Hu\u00e9rgano; partir\u00e1 desde la localidad palentina y ascender\u00e1 por la zona de Pe\u00f1a Lampa para introducirse en el Parque Natural de Fuentes Carrionas, recorriendo parajes de alta monta\u00f1a hasta llegar a la localidad leonesa.<\/p>\n<p>El segundo d\u00eda ser\u00e1n 42 los kil\u00f3metros que recorrer\u00e1n los participantes, entre Posada de Valde\u00f3n y Lario, con ascenso hasta el refugio de Llago y en direcci\u00f3n al Canal del Perro, Vegaba\u00f1o y Soto de Sajambre, Senda del Arcediano, Puerto del Pont\u00f3n, Pico Poz\u00faa y descender hasta Retuerto y la poblaci\u00f3n de Lario, en cuya Casa del Parque estar\u00e1 situada la meta.<\/p>\n<p>La tercera y \u00faltima etapa, de 38 kil\u00f3metros, tendr\u00e1 lugar entre Liegos y Ria\u00f1o y se subir\u00e1 al Pico Yordas para continuar camino hacia Pe\u00f1as Pintas y descender a continuaci\u00f3n hacia Las Salas. Tras cruzar la Central Hidroel\u00e9ctrica la Remolina, los participantes se dirigir\u00e1n hacia Horcadas, para desde aqu\u00ed ascender al Pico de Gilbo y ya direcci\u00f3n Ria\u00f1o, que es donde estar\u00e1 situada la meta.<\/p>\n<p>La primera &#8216;Ria\u00f1o Trail Run&#8217; tendr\u00e1 un formato de competici\u00f3n por etapas, que es considerada la f\u00f3rmula del futuro en el mundo del ultratrail, ya que combina la larga distancia con el descanso y la recuperaci\u00f3n, realizando etapas de medias distancias a lo largo de varios d\u00edas. Se podr\u00e1 correr tanto en categor\u00eda individual, con clasificaci\u00f3n por categor\u00edas tanto masculina como femenina, y por parejas, pudiendo formarse equipos masculinos, femeninos y mixtos.<\/p>\n<p>El s\u00e1bado por la tarde, a las 20.00 horas, ser\u00e1 momento del espect\u00e1culo y m\u00fasica. El encargado de abrir la programaci\u00f3n ser\u00e1 el monologuista leon\u00e9s Leo Harlem.<\/p>\n<p>Tras su show actuar\u00e1 Santiago Auser\u00f3n (Juan Perro) acompa\u00f1ado de la Orquesta Sinf\u00f3nica Ib\u00e9rica de Le\u00f3n, en un espect\u00e1culo en el que las c\u00e9lebres canciones del fundador de Radio Futura ser\u00e1n interpretadas junto a una orquesta compuesta por 56 m\u00fasicos que reinterpretar\u00e1n los temas m\u00e1s conocidos de cantante de la movida madrile\u00f1a, en todas sus etapas.<\/p>\n<p>El concierto se celebrar\u00e1 en el Campo de F\u00fatbol de Ria\u00f1o, que ha sido cedido por el Ayuntamiento para la ocasi\u00f3n y que cuenta con una capacidad para m\u00e1s de 5.000 espectadores que podr\u00e1n disfrutar de estos espect\u00e1culos de manera gratuita.<\/p>\n<p>La iniciativa cuenta con el patrocinio de las diputaciones de Le\u00f3n y Palencia, as\u00ed como del Ayuntamiento de Ria\u00f1o y de Movistar.<\/p>\n","protected":false},"excerpt":{"rendered":"<p>Los consejeros de Fomento y Medioambiente, Juan Carlos Su\u00e1rez-Qui\u00f1ones, y de Cultura y Turismo, Mar\u00eda Josefa Garc\u00eda Cirac, han presentado esta tarde &#8216;Ria\u00f1o 2016: deporte y m\u00fasica en la monta\u00f1a&#8217;, una programaci\u00f3n que nace dentro del trabajo de la Junta para proyectar a Castilla y Le\u00f3n como destino de turismo deportivo a nivel nacional e<\/p>\n","protected":false},"author":1,"featured_media":80888,"comment_status":"open","ping_status":"closed","sticky":false,"template":"","format":"standard","meta":{"footnotes":""},"categories":[224],"tags":[],"class_list":{"0":"post-80887","1":"post","2":"type-post","3":"status-publish","4":"format-standard","5":"has-post-thumbnail","7":"category-noticias-actualidad"},"aioseo_notices":[],"aioseo_head":"\n\t\t<!-- All in One SEO Pro 4.9.6.1 - aioseo.com -->\n\t<meta name=\"description\" content=\"Los consejeros de Fomento y Medioambiente, Juan Carlos Su\u00e1rez-Qui\u00f1ones, y de Cultura y Turismo, Mar\u00eda Josefa Garc\u00eda Cirac, han presentado esta tarde &#039;Ria\u00f1o 2016: deporte y m\u00fasica en la monta\u00f1a&#039;, una programaci\u00f3n que nace dentro del trabajo de la Junta para proyectar a Castilla y Le\u00f3n como destino de turismo deportivo a nivel nacional e\" \/>\n\t<meta name=\"robots\" content=\"max-image-preview:large\" \/>\n\t<meta name=\"author\" content=\"admin\"\/>\n\t<meta name=\"google-site-verification\" content=\"UA-38556648-1\" \/>\n\t<meta name=\"keywords\" content=\"noticias y actualidad\" \/>\n\t<link rel=\"canonical\" href=\"https:\/\/eldigitaldeasturias.com\/magazine365\/la-junta-pone-en-marcha-riano-2016-deporte-y-musica-en-la-montana\/\" \/>\n\t<meta name=\"generator\" content=\"All in One SEO Pro (AIOSEO) 4.9.6.1\" \/>\n\t\t<meta property=\"og:locale\" content=\"es_ES\" \/>\n\t\t<meta property=\"og:site_name\" content=\"El Digital de Asturias \u2013 Revista de ocio, turismo y estilo de vida\" \/>\n\t\t<meta property=\"og:type\" content=\"article\" \/>\n\t\t<meta property=\"og:title\" content=\"La Junta pone en marcha \u2018Ria\u00f1o 2016: deporte y m\u00fasica en la monta\u00f1a\u2019 | El Digital de Asturias\" \/>\n\t\t<meta property=\"og:description\" content=\"Los consejeros de Fomento y Medioambiente, Juan Carlos Su\u00e1rez-Qui\u00f1ones, y de Cultura y Turismo, Mar\u00eda Josefa Garc\u00eda Cirac, han presentado esta tarde &#039;Ria\u00f1o 2016: deporte y m\u00fasica en la monta\u00f1a&#039;, una programaci\u00f3n que nace dentro del trabajo de la Junta para proyectar a Castilla y Le\u00f3n como destino de turismo deportivo a nivel nacional e\" \/>\n\t\t<meta property=\"og:url\" content=\"https:\/\/eldigitaldeasturias.com\/magazine365\/la-junta-pone-en-marcha-riano-2016-deporte-y-musica-en-la-montana\/\" \/>\n\t\t<meta property=\"og:image\" content=\"https:\/\/eldigitaldeasturias.com\/magazine365\/wp-content\/uploads\/2016\/06\/fotonoticia_20160627195557_800.jpg\" \/>\n\t\t<meta property=\"og:image:secure_url\" content=\"https:\/\/eldigitaldeasturias.com\/magazine365\/wp-content\/uploads\/2016\/06\/fotonoticia_20160627195557_800.jpg\" \/>\n\t\t<meta property=\"og:image:width\" content=\"800\" \/>\n\t\t<meta property=\"og:image:height\" content=\"533\" \/>\n\t\t<meta property=\"article:published_time\" content=\"2016-06-28T05:48:59+00:00\" \/>\n\t\t<meta property=\"article:modified_time\" content=\"2016-06-28T05:48:59+00:00\" \/>\n\t\t<meta name=\"twitter:card\" content=\"summary_large_image\" \/>\n\t\t<meta name=\"twitter:title\" content=\"La Junta pone en marcha \u2018Ria\u00f1o 2016: deporte y m\u00fasica en la monta\u00f1a\u2019 | El Digital de Asturias\" \/>\n\t\t<meta name=\"twitter:description\" content=\"Los consejeros de Fomento y Medioambiente, Juan Carlos Su\u00e1rez-Qui\u00f1ones, y de Cultura y Turismo, Mar\u00eda Josefa Garc\u00eda Cirac, han presentado esta tarde &#039;Ria\u00f1o 2016: deporte y m\u00fasica en la monta\u00f1a&#039;, una programaci\u00f3n que nace dentro del trabajo de la Junta para proyectar a Castilla y Le\u00f3n como destino de turismo deportivo a nivel nacional e\" \/>\n\t\t<meta name=\"twitter:image\" content=\"https:\/\/eldigitaldeasturias.com\/magazine365\/wp-content\/uploads\/2016\/06\/fotonoticia_20160627195557_800.jpg\" \/>\n\t\t<script type=\"application\/ld+json\" class=\"aioseo-schema\">\n\t\t\t{\"@context\":\"https:\\\/\\\/schema.org\",\"@graph\":[{\"@type\":\"Article\",\"@id\":\"https:\\\/\\\/eldigitaldeasturias.com\\\/magazine365\\\/la-junta-pone-en-marcha-riano-2016-deporte-y-musica-en-la-montana\\\/#article\",\"name\":\"La Junta pone en marcha \\u2018Ria\\u00f1o 2016: deporte y m\\u00fasica en la monta\\u00f1a\\u2019 | El Digital de Asturias\",\"headline\":\"La Junta pone en marcha &#8216;Ria\\u00f1o 2016: deporte y m\\u00fasica en la monta\\u00f1a&#8217;\",\"author\":{\"@id\":\"https:\\\/\\\/eldigitaldeasturias.com\\\/magazine365\\\/author\\\/admin\\\/#author\"},\"publisher\":{\"@id\":\"https:\\\/\\\/eldigitaldeasturias.com\\\/magazine365\\\/#organization\"},\"image\":{\"@type\":\"ImageObject\",\"url\":\"https:\\\/\\\/eldigitaldeasturias.com\\\/magazine365\\\/wp-content\\\/uploads\\\/2016\\\/06\\\/fotonoticia_20160627195557_800.jpg\",\"width\":800,\"height\":533},\"datePublished\":\"2016-06-28T07:48:59+02:00\",\"dateModified\":\"2016-06-28T07:48:59+02:00\",\"inLanguage\":\"es-ES\",\"mainEntityOfPage\":{\"@id\":\"https:\\\/\\\/eldigitaldeasturias.com\\\/magazine365\\\/la-junta-pone-en-marcha-riano-2016-deporte-y-musica-en-la-montana\\\/#webpage\"},\"isPartOf\":{\"@id\":\"https:\\\/\\\/eldigitaldeasturias.com\\\/magazine365\\\/la-junta-pone-en-marcha-riano-2016-deporte-y-musica-en-la-montana\\\/#webpage\"},\"articleSection\":\"Noticias y Actualidad\"},{\"@type\":\"BreadcrumbList\",\"@id\":\"https:\\\/\\\/eldigitaldeasturias.com\\\/magazine365\\\/la-junta-pone-en-marcha-riano-2016-deporte-y-musica-en-la-montana\\\/#breadcrumblist\",\"itemListElement\":[{\"@type\":\"ListItem\",\"@id\":\"https:\\\/\\\/eldigitaldeasturias.com\\\/magazine365#listItem\",\"position\":1,\"name\":\"Home\",\"item\":\"https:\\\/\\\/eldigitaldeasturias.com\\\/magazine365\",\"nextItem\":{\"@type\":\"ListItem\",\"@id\":\"https:\\\/\\\/eldigitaldeasturias.com\\\/magazine365\\\/category\\\/noticias-actualidad\\\/#listItem\",\"name\":\"Noticias y Actualidad\"}},{\"@type\":\"ListItem\",\"@id\":\"https:\\\/\\\/eldigitaldeasturias.com\\\/magazine365\\\/category\\\/noticias-actualidad\\\/#listItem\",\"position\":2,\"name\":\"Noticias y Actualidad\",\"item\":\"https:\\\/\\\/eldigitaldeasturias.com\\\/magazine365\\\/category\\\/noticias-actualidad\\\/\",\"nextItem\":{\"@type\":\"ListItem\",\"@id\":\"https:\\\/\\\/eldigitaldeasturias.com\\\/magazine365\\\/la-junta-pone-en-marcha-riano-2016-deporte-y-musica-en-la-montana\\\/#listItem\",\"name\":\"La Junta pone en marcha &#8216;Ria\\u00f1o 2016: deporte y m\\u00fasica en la monta\\u00f1a&#8217;\"},\"previousItem\":{\"@type\":\"ListItem\",\"@id\":\"https:\\\/\\\/eldigitaldeasturias.com\\\/magazine365#listItem\",\"name\":\"Home\"}},{\"@type\":\"ListItem\",\"@id\":\"https:\\\/\\\/eldigitaldeasturias.com\\\/magazine365\\\/la-junta-pone-en-marcha-riano-2016-deporte-y-musica-en-la-montana\\\/#listItem\",\"position\":3,\"name\":\"La Junta pone en marcha &#8216;Ria\\u00f1o 2016: deporte y m\\u00fasica en la monta\\u00f1a&#8217;\",\"previousItem\":{\"@type\":\"ListItem\",\"@id\":\"https:\\\/\\\/eldigitaldeasturias.com\\\/magazine365\\\/category\\\/noticias-actualidad\\\/#listItem\",\"name\":\"Noticias y Actualidad\"}}]},{\"@type\":\"Organization\",\"@id\":\"https:\\\/\\\/eldigitaldeasturias.com\\\/magazine365\\\/#organization\",\"name\":\"El digital de Asturias\",\"description\":\"Revista de ocio, turismo y estilo de vida\",\"url\":\"https:\\\/\\\/eldigitaldeasturias.com\\\/magazine365\\\/\",\"logo\":{\"@type\":\"ImageObject\",\"url\":\"https:\\\/\\\/www.eldigitaldeasturias.com\\\/noticias\\\/wp-content\\\/uploads\\\/2020\\\/12\\\/EDA.jpg\",\"@id\":\"https:\\\/\\\/eldigitaldeasturias.com\\\/magazine365\\\/la-junta-pone-en-marcha-riano-2016-deporte-y-musica-en-la-montana\\\/#organizationLogo\"},\"image\":{\"@id\":\"https:\\\/\\\/eldigitaldeasturias.com\\\/magazine365\\\/la-junta-pone-en-marcha-riano-2016-deporte-y-musica-en-la-montana\\\/#organizationLogo\"}},{\"@type\":\"Person\",\"@id\":\"https:\\\/\\\/eldigitaldeasturias.com\\\/magazine365\\\/author\\\/admin\\\/#author\",\"url\":\"https:\\\/\\\/eldigitaldeasturias.com\\\/magazine365\\\/author\\\/admin\\\/\",\"name\":\"admin\",\"image\":{\"@type\":\"ImageObject\",\"@id\":\"https:\\\/\\\/eldigitaldeasturias.com\\\/magazine365\\\/la-junta-pone-en-marcha-riano-2016-deporte-y-musica-en-la-montana\\\/#authorImage\",\"url\":\"https:\\\/\\\/eldigitaldeasturias.com\\\/magazine365\\\/wp-content\\\/litespeed\\\/avatar\\\/e571bcf59a0edd6fa6838245a470f2fe.jpg?ver=1776969259\",\"width\":96,\"height\":96,\"caption\":\"admin\"}},{\"@type\":\"WebPage\",\"@id\":\"https:\\\/\\\/eldigitaldeasturias.com\\\/magazine365\\\/la-junta-pone-en-marcha-riano-2016-deporte-y-musica-en-la-montana\\\/#webpage\",\"url\":\"https:\\\/\\\/eldigitaldeasturias.com\\\/magazine365\\\/la-junta-pone-en-marcha-riano-2016-deporte-y-musica-en-la-montana\\\/\",\"name\":\"La Junta pone en marcha \\u2018Ria\\u00f1o 2016: deporte y m\\u00fasica en la monta\\u00f1a\\u2019 | El Digital de Asturias\",\"description\":\"Los consejeros de Fomento y Medioambiente, Juan Carlos Su\\u00e1rez-Qui\\u00f1ones, y de Cultura y Turismo, Mar\\u00eda Josefa Garc\\u00eda Cirac, han presentado esta tarde 'Ria\\u00f1o 2016: deporte y m\\u00fasica en la monta\\u00f1a', una programaci\\u00f3n que nace dentro del trabajo de la Junta para proyectar a Castilla y Le\\u00f3n como destino de turismo deportivo a nivel nacional e\",\"inLanguage\":\"es-ES\",\"isPartOf\":{\"@id\":\"https:\\\/\\\/eldigitaldeasturias.com\\\/magazine365\\\/#website\"},\"breadcrumb\":{\"@id\":\"https:\\\/\\\/eldigitaldeasturias.com\\\/magazine365\\\/la-junta-pone-en-marcha-riano-2016-deporte-y-musica-en-la-montana\\\/#breadcrumblist\"},\"author\":{\"@id\":\"https:\\\/\\\/eldigitaldeasturias.com\\\/magazine365\\\/author\\\/admin\\\/#author\"},\"creator\":{\"@id\":\"https:\\\/\\\/eldigitaldeasturias.com\\\/magazine365\\\/author\\\/admin\\\/#author\"},\"image\":{\"@type\":\"ImageObject\",\"url\":\"https:\\\/\\\/eldigitaldeasturias.com\\\/magazine365\\\/wp-content\\\/uploads\\\/2016\\\/06\\\/fotonoticia_20160627195557_800.jpg\",\"@id\":\"https:\\\/\\\/eldigitaldeasturias.com\\\/magazine365\\\/la-junta-pone-en-marcha-riano-2016-deporte-y-musica-en-la-montana\\\/#mainImage\",\"width\":800,\"height\":533},\"primaryImageOfPage\":{\"@id\":\"https:\\\/\\\/eldigitaldeasturias.com\\\/magazine365\\\/la-junta-pone-en-marcha-riano-2016-deporte-y-musica-en-la-montana\\\/#mainImage\"},\"datePublished\":\"2016-06-28T07:48:59+02:00\",\"dateModified\":\"2016-06-28T07:48:59+02:00\"},{\"@type\":\"WebSite\",\"@id\":\"https:\\\/\\\/eldigitaldeasturias.com\\\/magazine365\\\/#website\",\"url\":\"https:\\\/\\\/eldigitaldeasturias.com\\\/magazine365\\\/\",\"name\":\"El Digital de Asturias\",\"description\":\"Revista de ocio, turismo y estilo de vida\",\"inLanguage\":\"es-ES\",\"publisher\":{\"@id\":\"https:\\\/\\\/eldigitaldeasturias.com\\\/magazine365\\\/#organization\"}}]}\n\t\t<\/script>\n\t\t<!-- All in One SEO Pro -->\r\n\t\t<title>La Junta pone en marcha \u2018Ria\u00f1o 2016: deporte y m\u00fasica en la monta\u00f1a\u2019 | El Digital de Asturias<\/title>\n\n","aioseo_head_json":{"title":"La Junta pone en marcha \u2018Ria\u00f1o 2016: deporte y m\u00fasica en la monta\u00f1a\u2019 | El Digital de Asturias","description":"Los consejeros de Fomento y Medioambiente, Juan Carlos Su\u00e1rez-Qui\u00f1ones, y de Cultura y Turismo, Mar\u00eda Josefa Garc\u00eda Cirac, han presentado esta tarde 'Ria\u00f1o 2016: deporte y m\u00fasica en la monta\u00f1a', una programaci\u00f3n que nace dentro del trabajo de la Junta para proyectar a Castilla y Le\u00f3n como destino de turismo deportivo a nivel nacional e","canonical_url":"https:\/\/eldigitaldeasturias.com\/magazine365\/la-junta-pone-en-marcha-riano-2016-deporte-y-musica-en-la-montana\/","robots":"max-image-preview:large","keywords":"noticias y actualidad","webmasterTools":{"google-site-verification":"UA-38556648-1","miscellaneous":""},"schema":{"@context":"https:\/\/schema.org","@graph":[{"@type":"Article","@id":"https:\/\/eldigitaldeasturias.com\/magazine365\/la-junta-pone-en-marcha-riano-2016-deporte-y-musica-en-la-montana\/#article","name":"La Junta pone en marcha \u2018Ria\u00f1o 2016: deporte y m\u00fasica en la monta\u00f1a\u2019 | El Digital de Asturias","headline":"La Junta pone en marcha &#8216;Ria\u00f1o 2016: deporte y m\u00fasica en la monta\u00f1a&#8217;","author":{"@id":"https:\/\/eldigitaldeasturias.com\/magazine365\/author\/admin\/#author"},"publisher":{"@id":"https:\/\/eldigitaldeasturias.com\/magazine365\/#organization"},"image":{"@type":"ImageObject","url":"https:\/\/eldigitaldeasturias.com\/magazine365\/wp-content\/uploads\/2016\/06\/fotonoticia_20160627195557_800.jpg","width":800,"height":533},"datePublished":"2016-06-28T07:48:59+02:00","dateModified":"2016-06-28T07:48:59+02:00","inLanguage":"es-ES","mainEntityOfPage":{"@id":"https:\/\/eldigitaldeasturias.com\/magazine365\/la-junta-pone-en-marcha-riano-2016-deporte-y-musica-en-la-montana\/#webpage"},"isPartOf":{"@id":"https:\/\/eldigitaldeasturias.com\/magazine365\/la-junta-pone-en-marcha-riano-2016-deporte-y-musica-en-la-montana\/#webpage"},"articleSection":"Noticias y Actualidad"},{"@type":"BreadcrumbList","@id":"https:\/\/eldigitaldeasturias.com\/magazine365\/la-junta-pone-en-marcha-riano-2016-deporte-y-musica-en-la-montana\/#breadcrumblist","itemListElement":[{"@type":"ListItem","@id":"https:\/\/eldigitaldeasturias.com\/magazine365#listItem","position":1,"name":"Home","item":"https:\/\/eldigitaldeasturias.com\/magazine365","nextItem":{"@type":"ListItem","@id":"https:\/\/eldigitaldeasturias.com\/magazine365\/category\/noticias-actualidad\/#listItem","name":"Noticias y Actualidad"}},{"@type":"ListItem","@id":"https:\/\/eldigitaldeasturias.com\/magazine365\/category\/noticias-actualidad\/#listItem","position":2,"name":"Noticias y Actualidad","item":"https:\/\/eldigitaldeasturias.com\/magazine365\/category\/noticias-actualidad\/","nextItem":{"@type":"ListItem","@id":"https:\/\/eldigitaldeasturias.com\/magazine365\/la-junta-pone-en-marcha-riano-2016-deporte-y-musica-en-la-montana\/#listItem","name":"La Junta pone en marcha &#8216;Ria\u00f1o 2016: deporte y m\u00fasica en la monta\u00f1a&#8217;"},"previousItem":{"@type":"ListItem","@id":"https:\/\/eldigitaldeasturias.com\/magazine365#listItem","name":"Home"}},{"@type":"ListItem","@id":"https:\/\/eldigitaldeasturias.com\/magazine365\/la-junta-pone-en-marcha-riano-2016-deporte-y-musica-en-la-montana\/#listItem","position":3,"name":"La Junta pone en marcha &#8216;Ria\u00f1o 2016: deporte y m\u00fasica en la monta\u00f1a&#8217;","previousItem":{"@type":"ListItem","@id":"https:\/\/eldigitaldeasturias.com\/magazine365\/category\/noticias-actualidad\/#listItem","name":"Noticias y Actualidad"}}]},{"@type":"Organization","@id":"https:\/\/eldigitaldeasturias.com\/magazine365\/#organization","name":"El digital de Asturias","description":"Revista de ocio, turismo y estilo de vida","url":"https:\/\/eldigitaldeasturias.com\/magazine365\/","logo":{"@type":"ImageObject","url":"https:\/\/www.eldigitaldeasturias.com\/noticias\/wp-content\/uploads\/2020\/12\/EDA.jpg","@id":"https:\/\/eldigitaldeasturias.com\/magazine365\/la-junta-pone-en-marcha-riano-2016-deporte-y-musica-en-la-montana\/#organizationLogo"},"image":{"@id":"https:\/\/eldigitaldeasturias.com\/magazine365\/la-junta-pone-en-marcha-riano-2016-deporte-y-musica-en-la-montana\/#organizationLogo"}},{"@type":"Person","@id":"https:\/\/eldigitaldeasturias.com\/magazine365\/author\/admin\/#author","url":"https:\/\/eldigitaldeasturias.com\/magazine365\/author\/admin\/","name":"admin","image":{"@type":"ImageObject","@id":"https:\/\/eldigitaldeasturias.com\/magazine365\/la-junta-pone-en-marcha-riano-2016-deporte-y-musica-en-la-montana\/#authorImage","url":"https:\/\/eldigitaldeasturias.com\/magazine365\/wp-content\/litespeed\/avatar\/e571bcf59a0edd6fa6838245a470f2fe.jpg?ver=1776969259","width":96,"height":96,"caption":"admin"}},{"@type":"WebPage","@id":"https:\/\/eldigitaldeasturias.com\/magazine365\/la-junta-pone-en-marcha-riano-2016-deporte-y-musica-en-la-montana\/#webpage","url":"https:\/\/eldigitaldeasturias.com\/magazine365\/la-junta-pone-en-marcha-riano-2016-deporte-y-musica-en-la-montana\/","name":"La Junta pone en marcha \u2018Ria\u00f1o 2016: deporte y m\u00fasica en la monta\u00f1a\u2019 | El Digital de Asturias","description":"Los consejeros de Fomento y Medioambiente, Juan Carlos Su\u00e1rez-Qui\u00f1ones, y de Cultura y Turismo, Mar\u00eda Josefa Garc\u00eda Cirac, han presentado esta tarde 'Ria\u00f1o 2016: deporte y m\u00fasica en la monta\u00f1a', una programaci\u00f3n que nace dentro del trabajo de la Junta para proyectar a Castilla y Le\u00f3n como destino de turismo deportivo a nivel nacional e","inLanguage":"es-ES","isPartOf":{"@id":"https:\/\/eldigitaldeasturias.com\/magazine365\/#website"},"breadcrumb":{"@id":"https:\/\/eldigitaldeasturias.com\/magazine365\/la-junta-pone-en-marcha-riano-2016-deporte-y-musica-en-la-montana\/#breadcrumblist"},"author":{"@id":"https:\/\/eldigitaldeasturias.com\/magazine365\/author\/admin\/#author"},"creator":{"@id":"https:\/\/eldigitaldeasturias.com\/magazine365\/author\/admin\/#author"},"image":{"@type":"ImageObject","url":"https:\/\/eldigitaldeasturias.com\/magazine365\/wp-content\/uploads\/2016\/06\/fotonoticia_20160627195557_800.jpg","@id":"https:\/\/eldigitaldeasturias.com\/magazine365\/la-junta-pone-en-marcha-riano-2016-deporte-y-musica-en-la-montana\/#mainImage","width":800,"height":533},"primaryImageOfPage":{"@id":"https:\/\/eldigitaldeasturias.com\/magazine365\/la-junta-pone-en-marcha-riano-2016-deporte-y-musica-en-la-montana\/#mainImage"},"datePublished":"2016-06-28T07:48:59+02:00","dateModified":"2016-06-28T07:48:59+02:00"},{"@type":"WebSite","@id":"https:\/\/eldigitaldeasturias.com\/magazine365\/#website","url":"https:\/\/eldigitaldeasturias.com\/magazine365\/","name":"El Digital de Asturias","description":"Revista de ocio, turismo y estilo de vida","inLanguage":"es-ES","publisher":{"@id":"https:\/\/eldigitaldeasturias.com\/magazine365\/#organization"}}]},"og:locale":"es_ES","og:site_name":"El Digital de Asturias \u2013 Revista de ocio, turismo y estilo de vida","og:type":"article","og:title":"La Junta pone en marcha \u2018Ria\u00f1o 2016: deporte y m\u00fasica en la monta\u00f1a\u2019 | El Digital de Asturias","og:description":"Los consejeros de Fomento y Medioambiente, Juan Carlos Su\u00e1rez-Qui\u00f1ones, y de Cultura y Turismo, Mar\u00eda Josefa Garc\u00eda Cirac, han presentado esta tarde 'Ria\u00f1o 2016: deporte y m\u00fasica en la monta\u00f1a', una programaci\u00f3n que nace dentro del trabajo de la Junta para proyectar a Castilla y Le\u00f3n como destino de turismo deportivo a nivel nacional e","og:url":"https:\/\/eldigitaldeasturias.com\/magazine365\/la-junta-pone-en-marcha-riano-2016-deporte-y-musica-en-la-montana\/","og:image":"https:\/\/eldigitaldeasturias.com\/magazine365\/wp-content\/uploads\/2016\/06\/fotonoticia_20160627195557_800.jpg","og:image:secure_url":"https:\/\/eldigitaldeasturias.com\/magazine365\/wp-content\/uploads\/2016\/06\/fotonoticia_20160627195557_800.jpg","og:image:width":800,"og:image:height":533,"article:published_time":"2016-06-28T05:48:59+00:00","article:modified_time":"2016-06-28T05:48:59+00:00","twitter:card":"summary_large_image","twitter:title":"La Junta pone en marcha \u2018Ria\u00f1o 2016: deporte y m\u00fasica en la monta\u00f1a\u2019 | El Digital de Asturias","twitter:description":"Los consejeros de Fomento y Medioambiente, Juan Carlos Su\u00e1rez-Qui\u00f1ones, y de Cultura y Turismo, Mar\u00eda Josefa Garc\u00eda Cirac, han presentado esta tarde 'Ria\u00f1o 2016: deporte y m\u00fasica en la monta\u00f1a', una programaci\u00f3n que nace dentro del trabajo de la Junta para proyectar a Castilla y Le\u00f3n como destino de turismo deportivo a nivel nacional e","twitter:image":"https:\/\/eldigitaldeasturias.com\/magazine365\/wp-content\/uploads\/2016\/06\/fotonoticia_20160627195557_800.jpg"},"aioseo_meta_data":{"post_id":"80887","title":null,"description":null,"keywords":null,"keyphrases":null,"primary_term":null,"canonical_url":null,"og_title":null,"og_description":null,"og_object_type":"default","og_image_type":"default","og_image_url":null,"og_image_width":null,"og_image_height":null,"og_image_custom_url":null,"og_image_custom_fields":null,"og_video":null,"og_custom_url":null,"og_article_section":null,"og_article_tags":null,"twitter_use_og":false,"twitter_card":"default","twitter_image_type":"default","twitter_image_url":null,"twitter_image_custom_url":null,"twitter_image_custom_fields":null,"twitter_title":null,"twitter_description":null,"schema":{"blockGraphs":[],"customGraphs":[],"default":{"data":{"Article":[],"Course":[],"Dataset":[],"FAQPage":[],"Movie":[],"Person":[],"Product":[],"ProductReview":[],"Car":[],"Recipe":[],"Service":[],"SoftwareApplication":[],"WebPage":[]},"graphName":"","isEnabled":true},"graphs":[],"defaultGraph":"","defaultPostTypeGraph":""},"schema_type":null,"schema_type_options":null,"pillar_content":false,"robots_default":true,"robots_noindex":false,"robots_noarchive":false,"robots_nosnippet":false,"robots_nofollow":false,"robots_noimageindex":false,"robots_noodp":false,"robots_notranslate":false,"robots_max_snippet":null,"robots_max_videopreview":null,"robots_max_imagepreview":"large","priority":null,"frequency":null,"location":null,"local_seo":null,"seo_analyzer_scan_date":"2025-09-27 21:43:55","breadcrumb_settings":null,"limit_modified_date":false,"open_ai":null,"ai":null,"created":"2021-03-08 17:25:14","updated":"2025-09-27 21:43:55"},"aioseo_breadcrumb":"<div class=\"aioseo-breadcrumbs\"><span class=\"aioseo-breadcrumb\">\n\t<a href=\"https:\/\/eldigitaldeasturias.com\/magazine365\" title=\"Home\">Home<\/a>\n<\/span><span class=\"aioseo-breadcrumb-separator\">\u2013<\/span><span class=\"aioseo-breadcrumb\">\n\t<a href=\"https:\/\/eldigitaldeasturias.com\/magazine365\/category\/noticias-actualidad\/\" title=\"Noticias y Actualidad\">Noticias y Actualidad<\/a>\n<\/span><span class=\"aioseo-breadcrumb-separator\">\u2013<\/span><span class=\"aioseo-breadcrumb\">\n\t<a href=\"https:\/\/eldigitaldeasturias.com\/magazine365\/la-junta-pone-en-marcha-riano-2016-deporte-y-musica-en-la-montana\/\" title=\"La Junta pone en marcha \u2018Ria\u00f1o 2016: deporte y m\u00fasica en la monta\u00f1a\u2019\">La Junta pone en marcha \u2018Ria\u00f1o 2016: deporte y m\u00fasica en la monta\u00f1a\u2019<\/a>\n<\/span><\/div>","aioseo_breadcrumb_json":[{"label":"Home","link":"https:\/\/eldigitaldeasturias.com\/magazine365"},{"label":"Noticias y Actualidad","link":"https:\/\/eldigitaldeasturias.com\/magazine365\/category\/noticias-actualidad\/"},{"label":"La Junta pone en marcha &#8216;Ria\u00f1o 2016: deporte y m\u00fasica en la monta\u00f1a&#8217;","link":"https:\/\/eldigitaldeasturias.com\/magazine365\/la-junta-pone-en-marcha-riano-2016-deporte-y-musica-en-la-montana\/"}],"_links":{"self":[{"href":"https:\/\/eldigitaldeasturias.com\/magazine365\/wp-json\/wp\/v2\/posts\/80887","targetHints":{"allow":["GET"]}}],"collection":[{"href":"https:\/\/eldigitaldeasturias.com\/magazine365\/wp-json\/wp\/v2\/posts"}],"about":[{"href":"https:\/\/eldigitaldeasturias.com\/magazine365\/wp-json\/wp\/v2\/types\/post"}],"author":[{"embeddable":true,"href":"https:\/\/eldigitaldeasturias.com\/magazine365\/wp-json\/wp\/v2\/users\/1"}],"replies":[{"embeddable":true,"href":"https:\/\/eldigitaldeasturias.com\/magazine365\/wp-json\/wp\/v2\/comments?post=80887"}],"version-history":[{"count":0,"href":"https:\/\/eldigitaldeasturias.com\/magazine365\/wp-json\/wp\/v2\/posts\/80887\/revisions"}],"wp:featuredmedia":[{"embeddable":true,"href":"https:\/\/eldigitaldeasturias.com\/magazine365\/wp-json\/wp\/v2\/media\/80888"}],"wp:attachment":[{"href":"https:\/\/eldigitaldeasturias.com\/magazine365\/wp-json\/wp\/v2\/media?parent=80887"}],"wp:term":[{"taxonomy":"category","embeddable":true,"href":"https:\/\/eldigitaldeasturias.com\/magazine365\/wp-json\/wp\/v2\/categories?post=80887"},{"taxonomy":"post_tag","embeddable":true,"href":"https:\/\/eldigitaldeasturias.com\/magazine365\/wp-json\/wp\/v2\/tags?post=80887"}],"curies":[{"name":"wp","href":"https:\/\/api.w.org\/{rel}","templated":true}]}}