{"id":80881,"date":"2016-06-28T07:46:28","date_gmt":"2016-06-28T05:46:28","guid":{"rendered":"http:\/\/eldigitaldeasturias.com\/magazine365\/?p=80881"},"modified":"2016-06-28T07:46:28","modified_gmt":"2016-06-28T05:46:28","slug":"boeing-celebrara-su-centenario-con-un-pabellon-en-el-salon-aeronautico-de-farnborough","status":"publish","type":"post","link":"https:\/\/eldigitaldeasturias.com\/magazine365\/boeing-celebrara-su-centenario-con-un-pabellon-en-el-salon-aeronautico-de-farnborough\/","title":{"rendered":"Boeing celebrar\u00e1 su centenario con un pabell\u00f3n en el Sal\u00f3n Aeron\u00e1utico de Farnborough"},"content":{"rendered":"<p><img fetchpriority=\"high\" decoding=\"async\" class=\"alignleft size-medium wp-image-80882\" src=\"https:\/\/eldigitaldeasturias.com\/magazine365\/wp-content\/uploads\/2016\/06\/fotonoticia_20160627193030_800-360x278.jpg\" alt=\"fotonoticia_20160627193030_800\" width=\"360\" height=\"278\" srcset=\"https:\/\/eldigitaldeasturias.com\/magazine365\/wp-content\/uploads\/2016\/06\/fotonoticia_20160627193030_800-360x278.jpg 360w, https:\/\/eldigitaldeasturias.com\/magazine365\/wp-content\/uploads\/2016\/06\/fotonoticia_20160627193030_800-650x502.jpg 650w, https:\/\/eldigitaldeasturias.com\/magazine365\/wp-content\/uploads\/2016\/06\/fotonoticia_20160627193030_800-768x593.jpg 768w, https:\/\/eldigitaldeasturias.com\/magazine365\/wp-content\/uploads\/2016\/06\/fotonoticia_20160627193030_800-150x116.jpg 150w, https:\/\/eldigitaldeasturias.com\/magazine365\/wp-content\/uploads\/2016\/06\/fotonoticia_20160627193030_800-450x348.jpg 450w, https:\/\/eldigitaldeasturias.com\/magazine365\/wp-content\/uploads\/2016\/06\/fotonoticia_20160627193030_800.jpg 800w\" sizes=\"(max-width: 360px) 100vw, 360px\" \/>Boeing celebrar\u00e1 su centenario en el Sal\u00f3n Aeron\u00e1utico de Farnborough, en el que mostrar\u00e1 sus plataformas comerciales y de defensa e inaugurar\u00e1 una exhibici\u00f3n para conmemorar sus cien a\u00f1os de historia y presentar sus proyectos de futuro.<\/p>\n<p>El primer avi\u00f3n de Boeing tras su centenario ser\u00e1 el 737 MAX, que har\u00e1 su debut en vuelos de exhibici\u00f3n del 11 al 14 de julio. La compa\u00f1\u00eda estadounidense planea entregar el primer 737 MAX 8 en el primer semestre de 2017, antes de lo programado.<\/p>\n<p>Tambi\u00e9n realizar\u00e1 vuelos de exhibici\u00f3n un 787-9 &#8216;Dreamliner&#8217;, del 11 al 13 de julio, que se entregar\u00e1 a ANA, la mayor aerol\u00ednea japonesa. El nuevo 747-8 Carguero de Volga-Dnepr, tambi\u00e9n estar\u00e1 en el sal\u00f3n del 11 al 13 de julio.<\/p>\n<p>El avi\u00f3n multi-misi\u00f3n P-8A, un derivado militar del 737-800 Next-Generation con equipamiento avanzado de ataque anti-submarino y anti-superficie, y el caza multifunci\u00f3n F\/A-18F Super Hornet de Boeing har\u00e1n vuelos de exhibici\u00f3n diarios. El avi\u00f3n P-8A tambi\u00e9n estar\u00e1 expuesto junto con un F\/A-18E Super Hornet y un F-15E Strike Eagle.<\/p>\n<p>Boeing celebra sus 100 a\u00f1os con un pabell\u00f3n especial, el Centennial Experience que estar\u00e1 abierto todos los d\u00edas. Tendr\u00e1 pantallas interactivas que mostrar\u00e1n las tecnolog\u00edas pasadas, presentes y futuras de la compa\u00f1\u00eda y una aplicaci\u00f3n especial para que los visitantes la utilicen durante su visita, adem\u00e1s de terminales de acceso a una galer\u00eda digital con todos los n\u00fameros de la revista &#8216;Aviation Week &amp; Space Technology&#8217;, que tambi\u00e9n celebra su centenario.<\/p>\n<p>Boeing tambi\u00e9n patrocina &#8216;Above and Beyond&#8217;, una exposici\u00f3n interactiva sobre las maravillas de la aviaci\u00f3n y el extraordinario viaje del ser humano al espacio, creada en colaboraci\u00f3n con la NASA, con el objetivo inspirar a la pr\u00f3xima generaci\u00f3n de ingenieros, pilotos y astronautas. &#8216;Above and Beyond&#8217; estar\u00e1 abierta al p\u00fablico en el Museo Mar\u00edtimo Nacional en Greenwich hasta el 29 de agosto.<\/p>\n<p>Junto con la Royal Aeronautical Society, Boeing presentar\u00e1 los aviones RANS Coyote II construidos por estudiantes gracias a la iniciativa &#8216;Schools Build a Plane Challenge&#8217;. Una de las avionetas, construida por alumnos del Ercall Wood Technology College en Telford, participar\u00e1 en la exhibici\u00f3n a\u00e9rea del 15 de julio. Asimismo estar\u00e1 expuesto otro avi\u00f3n de la North East Wolverhampton Academy que est\u00e1 en proceso de construcci\u00f3n.<\/p>\n","protected":false},"excerpt":{"rendered":"<p>Boeing celebrar\u00e1 su centenario en el Sal\u00f3n Aeron\u00e1utico de Farnborough, en el que mostrar\u00e1 sus plataformas comerciales y de defensa e inaugurar\u00e1 una exhibici\u00f3n para conmemorar sus cien a\u00f1os de historia y presentar sus proyectos de futuro. El primer avi\u00f3n de Boeing tras su centenario ser\u00e1 el 737 MAX, que har\u00e1 su debut en vuelos<\/p>\n","protected":false},"author":1,"featured_media":80882,"comment_status":"open","ping_status":"closed","sticky":false,"template":"","format":"standard","meta":{"footnotes":""},"categories":[224],"tags":[],"class_list":{"0":"post-80881","1":"post","2":"type-post","3":"status-publish","4":"format-standard","5":"has-post-thumbnail","7":"category-noticias-actualidad"},"aioseo_notices":[],"aioseo_head":"\n\t\t<!-- All in One SEO Pro 4.9.6.1 - aioseo.com -->\n\t<meta name=\"description\" content=\"Boeing celebrar\u00e1 su centenario en el Sal\u00f3n Aeron\u00e1utico de Farnborough, en el que mostrar\u00e1 sus plataformas comerciales y de defensa e inaugurar\u00e1 una exhibici\u00f3n para conmemorar sus cien a\u00f1os de historia y presentar sus proyectos de futuro. El primer avi\u00f3n de Boeing tras su centenario ser\u00e1 el 737 MAX, que har\u00e1 su debut en vuelos\" \/>\n\t<meta name=\"robots\" content=\"max-image-preview:large\" \/>\n\t<meta name=\"author\" content=\"admin\"\/>\n\t<meta name=\"google-site-verification\" content=\"UA-38556648-1\" \/>\n\t<meta name=\"keywords\" content=\"noticias y actualidad\" \/>\n\t<link rel=\"canonical\" href=\"https:\/\/eldigitaldeasturias.com\/magazine365\/boeing-celebrara-su-centenario-con-un-pabellon-en-el-salon-aeronautico-de-farnborough\/\" \/>\n\t<meta name=\"generator\" content=\"All in One SEO Pro (AIOSEO) 4.9.6.1\" \/>\n\t\t<meta property=\"og:locale\" content=\"es_ES\" \/>\n\t\t<meta property=\"og:site_name\" content=\"El Digital de Asturias \u2013 Revista de ocio, turismo y estilo de vida\" \/>\n\t\t<meta property=\"og:type\" content=\"article\" \/>\n\t\t<meta property=\"og:title\" content=\"Boeing celebrar\u00e1 su centenario con un pabell\u00f3n en el Sal\u00f3n Aeron\u00e1utico de Farnborough | El Digital de Asturias\" \/>\n\t\t<meta property=\"og:description\" content=\"Boeing celebrar\u00e1 su centenario en el Sal\u00f3n Aeron\u00e1utico de Farnborough, en el que mostrar\u00e1 sus plataformas comerciales y de defensa e inaugurar\u00e1 una exhibici\u00f3n para conmemorar sus cien a\u00f1os de historia y presentar sus proyectos de futuro. El primer avi\u00f3n de Boeing tras su centenario ser\u00e1 el 737 MAX, que har\u00e1 su debut en vuelos\" \/>\n\t\t<meta property=\"og:url\" content=\"https:\/\/eldigitaldeasturias.com\/magazine365\/boeing-celebrara-su-centenario-con-un-pabellon-en-el-salon-aeronautico-de-farnborough\/\" \/>\n\t\t<meta property=\"og:image\" content=\"https:\/\/eldigitaldeasturias.com\/magazine365\/wp-content\/uploads\/2016\/06\/fotonoticia_20160627193030_800.jpg\" \/>\n\t\t<meta property=\"og:image:secure_url\" content=\"https:\/\/eldigitaldeasturias.com\/magazine365\/wp-content\/uploads\/2016\/06\/fotonoticia_20160627193030_800.jpg\" \/>\n\t\t<meta property=\"og:image:width\" content=\"800\" \/>\n\t\t<meta property=\"og:image:height\" content=\"618\" \/>\n\t\t<meta property=\"article:published_time\" content=\"2016-06-28T05:46:28+00:00\" \/>\n\t\t<meta property=\"article:modified_time\" content=\"2016-06-28T05:46:28+00:00\" \/>\n\t\t<meta name=\"twitter:card\" content=\"summary_large_image\" \/>\n\t\t<meta name=\"twitter:title\" content=\"Boeing celebrar\u00e1 su centenario con un pabell\u00f3n en el Sal\u00f3n Aeron\u00e1utico de Farnborough | El Digital de Asturias\" \/>\n\t\t<meta name=\"twitter:description\" content=\"Boeing celebrar\u00e1 su centenario en el Sal\u00f3n Aeron\u00e1utico de Farnborough, en el que mostrar\u00e1 sus plataformas comerciales y de defensa e inaugurar\u00e1 una exhibici\u00f3n para conmemorar sus cien a\u00f1os de historia y presentar sus proyectos de futuro. El primer avi\u00f3n de Boeing tras su centenario ser\u00e1 el 737 MAX, que har\u00e1 su debut en vuelos\" \/>\n\t\t<meta name=\"twitter:image\" content=\"https:\/\/eldigitaldeasturias.com\/magazine365\/wp-content\/uploads\/2016\/06\/fotonoticia_20160627193030_800.jpg\" \/>\n\t\t<script type=\"application\/ld+json\" class=\"aioseo-schema\">\n\t\t\t{\"@context\":\"https:\\\/\\\/schema.org\",\"@graph\":[{\"@type\":\"Article\",\"@id\":\"https:\\\/\\\/eldigitaldeasturias.com\\\/magazine365\\\/boeing-celebrara-su-centenario-con-un-pabellon-en-el-salon-aeronautico-de-farnborough\\\/#article\",\"name\":\"Boeing celebrar\\u00e1 su centenario con un pabell\\u00f3n en el Sal\\u00f3n Aeron\\u00e1utico de Farnborough | El Digital de Asturias\",\"headline\":\"Boeing celebrar\\u00e1 su centenario con un pabell\\u00f3n en el Sal\\u00f3n Aeron\\u00e1utico de Farnborough\",\"author\":{\"@id\":\"https:\\\/\\\/eldigitaldeasturias.com\\\/magazine365\\\/author\\\/admin\\\/#author\"},\"publisher\":{\"@id\":\"https:\\\/\\\/eldigitaldeasturias.com\\\/magazine365\\\/#organization\"},\"image\":{\"@type\":\"ImageObject\",\"url\":\"https:\\\/\\\/eldigitaldeasturias.com\\\/magazine365\\\/wp-content\\\/uploads\\\/2016\\\/06\\\/fotonoticia_20160627193030_800.jpg\",\"width\":800,\"height\":618},\"datePublished\":\"2016-06-28T07:46:28+02:00\",\"dateModified\":\"2016-06-28T07:46:28+02:00\",\"inLanguage\":\"es-ES\",\"mainEntityOfPage\":{\"@id\":\"https:\\\/\\\/eldigitaldeasturias.com\\\/magazine365\\\/boeing-celebrara-su-centenario-con-un-pabellon-en-el-salon-aeronautico-de-farnborough\\\/#webpage\"},\"isPartOf\":{\"@id\":\"https:\\\/\\\/eldigitaldeasturias.com\\\/magazine365\\\/boeing-celebrara-su-centenario-con-un-pabellon-en-el-salon-aeronautico-de-farnborough\\\/#webpage\"},\"articleSection\":\"Noticias y Actualidad\"},{\"@type\":\"BreadcrumbList\",\"@id\":\"https:\\\/\\\/eldigitaldeasturias.com\\\/magazine365\\\/boeing-celebrara-su-centenario-con-un-pabellon-en-el-salon-aeronautico-de-farnborough\\\/#breadcrumblist\",\"itemListElement\":[{\"@type\":\"ListItem\",\"@id\":\"https:\\\/\\\/eldigitaldeasturias.com\\\/magazine365#listItem\",\"position\":1,\"name\":\"Home\",\"item\":\"https:\\\/\\\/eldigitaldeasturias.com\\\/magazine365\",\"nextItem\":{\"@type\":\"ListItem\",\"@id\":\"https:\\\/\\\/eldigitaldeasturias.com\\\/magazine365\\\/category\\\/noticias-actualidad\\\/#listItem\",\"name\":\"Noticias y Actualidad\"}},{\"@type\":\"ListItem\",\"@id\":\"https:\\\/\\\/eldigitaldeasturias.com\\\/magazine365\\\/category\\\/noticias-actualidad\\\/#listItem\",\"position\":2,\"name\":\"Noticias y Actualidad\",\"item\":\"https:\\\/\\\/eldigitaldeasturias.com\\\/magazine365\\\/category\\\/noticias-actualidad\\\/\",\"nextItem\":{\"@type\":\"ListItem\",\"@id\":\"https:\\\/\\\/eldigitaldeasturias.com\\\/magazine365\\\/boeing-celebrara-su-centenario-con-un-pabellon-en-el-salon-aeronautico-de-farnborough\\\/#listItem\",\"name\":\"Boeing celebrar\\u00e1 su centenario con un pabell\\u00f3n en el Sal\\u00f3n Aeron\\u00e1utico de Farnborough\"},\"previousItem\":{\"@type\":\"ListItem\",\"@id\":\"https:\\\/\\\/eldigitaldeasturias.com\\\/magazine365#listItem\",\"name\":\"Home\"}},{\"@type\":\"ListItem\",\"@id\":\"https:\\\/\\\/eldigitaldeasturias.com\\\/magazine365\\\/boeing-celebrara-su-centenario-con-un-pabellon-en-el-salon-aeronautico-de-farnborough\\\/#listItem\",\"position\":3,\"name\":\"Boeing celebrar\\u00e1 su centenario con un pabell\\u00f3n en el Sal\\u00f3n Aeron\\u00e1utico de Farnborough\",\"previousItem\":{\"@type\":\"ListItem\",\"@id\":\"https:\\\/\\\/eldigitaldeasturias.com\\\/magazine365\\\/category\\\/noticias-actualidad\\\/#listItem\",\"name\":\"Noticias y Actualidad\"}}]},{\"@type\":\"Organization\",\"@id\":\"https:\\\/\\\/eldigitaldeasturias.com\\\/magazine365\\\/#organization\",\"name\":\"El digital de Asturias\",\"description\":\"Revista de ocio, turismo y estilo de vida\",\"url\":\"https:\\\/\\\/eldigitaldeasturias.com\\\/magazine365\\\/\",\"logo\":{\"@type\":\"ImageObject\",\"url\":\"https:\\\/\\\/www.eldigitaldeasturias.com\\\/noticias\\\/wp-content\\\/uploads\\\/2020\\\/12\\\/EDA.jpg\",\"@id\":\"https:\\\/\\\/eldigitaldeasturias.com\\\/magazine365\\\/boeing-celebrara-su-centenario-con-un-pabellon-en-el-salon-aeronautico-de-farnborough\\\/#organizationLogo\"},\"image\":{\"@id\":\"https:\\\/\\\/eldigitaldeasturias.com\\\/magazine365\\\/boeing-celebrara-su-centenario-con-un-pabellon-en-el-salon-aeronautico-de-farnborough\\\/#organizationLogo\"}},{\"@type\":\"Person\",\"@id\":\"https:\\\/\\\/eldigitaldeasturias.com\\\/magazine365\\\/author\\\/admin\\\/#author\",\"url\":\"https:\\\/\\\/eldigitaldeasturias.com\\\/magazine365\\\/author\\\/admin\\\/\",\"name\":\"admin\",\"image\":{\"@type\":\"ImageObject\",\"@id\":\"https:\\\/\\\/eldigitaldeasturias.com\\\/magazine365\\\/boeing-celebrara-su-centenario-con-un-pabellon-en-el-salon-aeronautico-de-farnborough\\\/#authorImage\",\"url\":\"https:\\\/\\\/eldigitaldeasturias.com\\\/magazine365\\\/wp-content\\\/litespeed\\\/avatar\\\/e571bcf59a0edd6fa6838245a470f2fe.jpg?ver=1776969259\",\"width\":96,\"height\":96,\"caption\":\"admin\"}},{\"@type\":\"WebPage\",\"@id\":\"https:\\\/\\\/eldigitaldeasturias.com\\\/magazine365\\\/boeing-celebrara-su-centenario-con-un-pabellon-en-el-salon-aeronautico-de-farnborough\\\/#webpage\",\"url\":\"https:\\\/\\\/eldigitaldeasturias.com\\\/magazine365\\\/boeing-celebrara-su-centenario-con-un-pabellon-en-el-salon-aeronautico-de-farnborough\\\/\",\"name\":\"Boeing celebrar\\u00e1 su centenario con un pabell\\u00f3n en el Sal\\u00f3n Aeron\\u00e1utico de Farnborough | El Digital de Asturias\",\"description\":\"Boeing celebrar\\u00e1 su centenario en el Sal\\u00f3n Aeron\\u00e1utico de Farnborough, en el que mostrar\\u00e1 sus plataformas comerciales y de defensa e inaugurar\\u00e1 una exhibici\\u00f3n para conmemorar sus cien a\\u00f1os de historia y presentar sus proyectos de futuro. El primer avi\\u00f3n de Boeing tras su centenario ser\\u00e1 el 737 MAX, que har\\u00e1 su debut en vuelos\",\"inLanguage\":\"es-ES\",\"isPartOf\":{\"@id\":\"https:\\\/\\\/eldigitaldeasturias.com\\\/magazine365\\\/#website\"},\"breadcrumb\":{\"@id\":\"https:\\\/\\\/eldigitaldeasturias.com\\\/magazine365\\\/boeing-celebrara-su-centenario-con-un-pabellon-en-el-salon-aeronautico-de-farnborough\\\/#breadcrumblist\"},\"author\":{\"@id\":\"https:\\\/\\\/eldigitaldeasturias.com\\\/magazine365\\\/author\\\/admin\\\/#author\"},\"creator\":{\"@id\":\"https:\\\/\\\/eldigitaldeasturias.com\\\/magazine365\\\/author\\\/admin\\\/#author\"},\"image\":{\"@type\":\"ImageObject\",\"url\":\"https:\\\/\\\/eldigitaldeasturias.com\\\/magazine365\\\/wp-content\\\/uploads\\\/2016\\\/06\\\/fotonoticia_20160627193030_800.jpg\",\"@id\":\"https:\\\/\\\/eldigitaldeasturias.com\\\/magazine365\\\/boeing-celebrara-su-centenario-con-un-pabellon-en-el-salon-aeronautico-de-farnborough\\\/#mainImage\",\"width\":800,\"height\":618},\"primaryImageOfPage\":{\"@id\":\"https:\\\/\\\/eldigitaldeasturias.com\\\/magazine365\\\/boeing-celebrara-su-centenario-con-un-pabellon-en-el-salon-aeronautico-de-farnborough\\\/#mainImage\"},\"datePublished\":\"2016-06-28T07:46:28+02:00\",\"dateModified\":\"2016-06-28T07:46:28+02:00\"},{\"@type\":\"WebSite\",\"@id\":\"https:\\\/\\\/eldigitaldeasturias.com\\\/magazine365\\\/#website\",\"url\":\"https:\\\/\\\/eldigitaldeasturias.com\\\/magazine365\\\/\",\"name\":\"El Digital de Asturias\",\"description\":\"Revista de ocio, turismo y estilo de vida\",\"inLanguage\":\"es-ES\",\"publisher\":{\"@id\":\"https:\\\/\\\/eldigitaldeasturias.com\\\/magazine365\\\/#organization\"}}]}\n\t\t<\/script>\n\t\t<!-- All in One SEO Pro -->\r\n\t\t<title>Boeing celebrar\u00e1 su centenario con un pabell\u00f3n en el Sal\u00f3n Aeron\u00e1utico de Farnborough | El Digital de Asturias<\/title>\n\n","aioseo_head_json":{"title":"Boeing celebrar\u00e1 su centenario con un pabell\u00f3n en el Sal\u00f3n Aeron\u00e1utico de Farnborough | El Digital de Asturias","description":"Boeing celebrar\u00e1 su centenario en el Sal\u00f3n Aeron\u00e1utico de Farnborough, en el que mostrar\u00e1 sus plataformas comerciales y de defensa e inaugurar\u00e1 una exhibici\u00f3n para conmemorar sus cien a\u00f1os de historia y presentar sus proyectos de futuro. El primer avi\u00f3n de Boeing tras su centenario ser\u00e1 el 737 MAX, que har\u00e1 su debut en vuelos","canonical_url":"https:\/\/eldigitaldeasturias.com\/magazine365\/boeing-celebrara-su-centenario-con-un-pabellon-en-el-salon-aeronautico-de-farnborough\/","robots":"max-image-preview:large","keywords":"noticias y actualidad","webmasterTools":{"google-site-verification":"UA-38556648-1","miscellaneous":""},"schema":{"@context":"https:\/\/schema.org","@graph":[{"@type":"Article","@id":"https:\/\/eldigitaldeasturias.com\/magazine365\/boeing-celebrara-su-centenario-con-un-pabellon-en-el-salon-aeronautico-de-farnborough\/#article","name":"Boeing celebrar\u00e1 su centenario con un pabell\u00f3n en el Sal\u00f3n Aeron\u00e1utico de Farnborough | El Digital de Asturias","headline":"Boeing celebrar\u00e1 su centenario con un pabell\u00f3n en el Sal\u00f3n Aeron\u00e1utico de Farnborough","author":{"@id":"https:\/\/eldigitaldeasturias.com\/magazine365\/author\/admin\/#author"},"publisher":{"@id":"https:\/\/eldigitaldeasturias.com\/magazine365\/#organization"},"image":{"@type":"ImageObject","url":"https:\/\/eldigitaldeasturias.com\/magazine365\/wp-content\/uploads\/2016\/06\/fotonoticia_20160627193030_800.jpg","width":800,"height":618},"datePublished":"2016-06-28T07:46:28+02:00","dateModified":"2016-06-28T07:46:28+02:00","inLanguage":"es-ES","mainEntityOfPage":{"@id":"https:\/\/eldigitaldeasturias.com\/magazine365\/boeing-celebrara-su-centenario-con-un-pabellon-en-el-salon-aeronautico-de-farnborough\/#webpage"},"isPartOf":{"@id":"https:\/\/eldigitaldeasturias.com\/magazine365\/boeing-celebrara-su-centenario-con-un-pabellon-en-el-salon-aeronautico-de-farnborough\/#webpage"},"articleSection":"Noticias y Actualidad"},{"@type":"BreadcrumbList","@id":"https:\/\/eldigitaldeasturias.com\/magazine365\/boeing-celebrara-su-centenario-con-un-pabellon-en-el-salon-aeronautico-de-farnborough\/#breadcrumblist","itemListElement":[{"@type":"ListItem","@id":"https:\/\/eldigitaldeasturias.com\/magazine365#listItem","position":1,"name":"Home","item":"https:\/\/eldigitaldeasturias.com\/magazine365","nextItem":{"@type":"ListItem","@id":"https:\/\/eldigitaldeasturias.com\/magazine365\/category\/noticias-actualidad\/#listItem","name":"Noticias y Actualidad"}},{"@type":"ListItem","@id":"https:\/\/eldigitaldeasturias.com\/magazine365\/category\/noticias-actualidad\/#listItem","position":2,"name":"Noticias y Actualidad","item":"https:\/\/eldigitaldeasturias.com\/magazine365\/category\/noticias-actualidad\/","nextItem":{"@type":"ListItem","@id":"https:\/\/eldigitaldeasturias.com\/magazine365\/boeing-celebrara-su-centenario-con-un-pabellon-en-el-salon-aeronautico-de-farnborough\/#listItem","name":"Boeing celebrar\u00e1 su centenario con un pabell\u00f3n en el Sal\u00f3n Aeron\u00e1utico de Farnborough"},"previousItem":{"@type":"ListItem","@id":"https:\/\/eldigitaldeasturias.com\/magazine365#listItem","name":"Home"}},{"@type":"ListItem","@id":"https:\/\/eldigitaldeasturias.com\/magazine365\/boeing-celebrara-su-centenario-con-un-pabellon-en-el-salon-aeronautico-de-farnborough\/#listItem","position":3,"name":"Boeing celebrar\u00e1 su centenario con un pabell\u00f3n en el Sal\u00f3n Aeron\u00e1utico de Farnborough","previousItem":{"@type":"ListItem","@id":"https:\/\/eldigitaldeasturias.com\/magazine365\/category\/noticias-actualidad\/#listItem","name":"Noticias y Actualidad"}}]},{"@type":"Organization","@id":"https:\/\/eldigitaldeasturias.com\/magazine365\/#organization","name":"El digital de Asturias","description":"Revista de ocio, turismo y estilo de vida","url":"https:\/\/eldigitaldeasturias.com\/magazine365\/","logo":{"@type":"ImageObject","url":"https:\/\/www.eldigitaldeasturias.com\/noticias\/wp-content\/uploads\/2020\/12\/EDA.jpg","@id":"https:\/\/eldigitaldeasturias.com\/magazine365\/boeing-celebrara-su-centenario-con-un-pabellon-en-el-salon-aeronautico-de-farnborough\/#organizationLogo"},"image":{"@id":"https:\/\/eldigitaldeasturias.com\/magazine365\/boeing-celebrara-su-centenario-con-un-pabellon-en-el-salon-aeronautico-de-farnborough\/#organizationLogo"}},{"@type":"Person","@id":"https:\/\/eldigitaldeasturias.com\/magazine365\/author\/admin\/#author","url":"https:\/\/eldigitaldeasturias.com\/magazine365\/author\/admin\/","name":"admin","image":{"@type":"ImageObject","@id":"https:\/\/eldigitaldeasturias.com\/magazine365\/boeing-celebrara-su-centenario-con-un-pabellon-en-el-salon-aeronautico-de-farnborough\/#authorImage","url":"https:\/\/eldigitaldeasturias.com\/magazine365\/wp-content\/litespeed\/avatar\/e571bcf59a0edd6fa6838245a470f2fe.jpg?ver=1776969259","width":96,"height":96,"caption":"admin"}},{"@type":"WebPage","@id":"https:\/\/eldigitaldeasturias.com\/magazine365\/boeing-celebrara-su-centenario-con-un-pabellon-en-el-salon-aeronautico-de-farnborough\/#webpage","url":"https:\/\/eldigitaldeasturias.com\/magazine365\/boeing-celebrara-su-centenario-con-un-pabellon-en-el-salon-aeronautico-de-farnborough\/","name":"Boeing celebrar\u00e1 su centenario con un pabell\u00f3n en el Sal\u00f3n Aeron\u00e1utico de Farnborough | El Digital de Asturias","description":"Boeing celebrar\u00e1 su centenario en el Sal\u00f3n Aeron\u00e1utico de Farnborough, en el que mostrar\u00e1 sus plataformas comerciales y de defensa e inaugurar\u00e1 una exhibici\u00f3n para conmemorar sus cien a\u00f1os de historia y presentar sus proyectos de futuro. El primer avi\u00f3n de Boeing tras su centenario ser\u00e1 el 737 MAX, que har\u00e1 su debut en vuelos","inLanguage":"es-ES","isPartOf":{"@id":"https:\/\/eldigitaldeasturias.com\/magazine365\/#website"},"breadcrumb":{"@id":"https:\/\/eldigitaldeasturias.com\/magazine365\/boeing-celebrara-su-centenario-con-un-pabellon-en-el-salon-aeronautico-de-farnborough\/#breadcrumblist"},"author":{"@id":"https:\/\/eldigitaldeasturias.com\/magazine365\/author\/admin\/#author"},"creator":{"@id":"https:\/\/eldigitaldeasturias.com\/magazine365\/author\/admin\/#author"},"image":{"@type":"ImageObject","url":"https:\/\/eldigitaldeasturias.com\/magazine365\/wp-content\/uploads\/2016\/06\/fotonoticia_20160627193030_800.jpg","@id":"https:\/\/eldigitaldeasturias.com\/magazine365\/boeing-celebrara-su-centenario-con-un-pabellon-en-el-salon-aeronautico-de-farnborough\/#mainImage","width":800,"height":618},"primaryImageOfPage":{"@id":"https:\/\/eldigitaldeasturias.com\/magazine365\/boeing-celebrara-su-centenario-con-un-pabellon-en-el-salon-aeronautico-de-farnborough\/#mainImage"},"datePublished":"2016-06-28T07:46:28+02:00","dateModified":"2016-06-28T07:46:28+02:00"},{"@type":"WebSite","@id":"https:\/\/eldigitaldeasturias.com\/magazine365\/#website","url":"https:\/\/eldigitaldeasturias.com\/magazine365\/","name":"El Digital de Asturias","description":"Revista de ocio, turismo y estilo de vida","inLanguage":"es-ES","publisher":{"@id":"https:\/\/eldigitaldeasturias.com\/magazine365\/#organization"}}]},"og:locale":"es_ES","og:site_name":"El Digital de Asturias \u2013 Revista de ocio, turismo y estilo de vida","og:type":"article","og:title":"Boeing celebrar\u00e1 su centenario con un pabell\u00f3n en el Sal\u00f3n Aeron\u00e1utico de Farnborough | El Digital de Asturias","og:description":"Boeing celebrar\u00e1 su centenario en el Sal\u00f3n Aeron\u00e1utico de Farnborough, en el que mostrar\u00e1 sus plataformas comerciales y de defensa e inaugurar\u00e1 una exhibici\u00f3n para conmemorar sus cien a\u00f1os de historia y presentar sus proyectos de futuro. El primer avi\u00f3n de Boeing tras su centenario ser\u00e1 el 737 MAX, que har\u00e1 su debut en vuelos","og:url":"https:\/\/eldigitaldeasturias.com\/magazine365\/boeing-celebrara-su-centenario-con-un-pabellon-en-el-salon-aeronautico-de-farnborough\/","og:image":"https:\/\/eldigitaldeasturias.com\/magazine365\/wp-content\/uploads\/2016\/06\/fotonoticia_20160627193030_800.jpg","og:image:secure_url":"https:\/\/eldigitaldeasturias.com\/magazine365\/wp-content\/uploads\/2016\/06\/fotonoticia_20160627193030_800.jpg","og:image:width":800,"og:image:height":618,"article:published_time":"2016-06-28T05:46:28+00:00","article:modified_time":"2016-06-28T05:46:28+00:00","twitter:card":"summary_large_image","twitter:title":"Boeing celebrar\u00e1 su centenario con un pabell\u00f3n en el Sal\u00f3n Aeron\u00e1utico de Farnborough | El Digital de Asturias","twitter:description":"Boeing celebrar\u00e1 su centenario en el Sal\u00f3n Aeron\u00e1utico de Farnborough, en el que mostrar\u00e1 sus plataformas comerciales y de defensa e inaugurar\u00e1 una exhibici\u00f3n para conmemorar sus cien a\u00f1os de historia y presentar sus proyectos de futuro. El primer avi\u00f3n de Boeing tras su centenario ser\u00e1 el 737 MAX, que har\u00e1 su debut en vuelos","twitter:image":"https:\/\/eldigitaldeasturias.com\/magazine365\/wp-content\/uploads\/2016\/06\/fotonoticia_20160627193030_800.jpg"},"aioseo_meta_data":{"post_id":"80881","title":null,"description":null,"keywords":null,"keyphrases":null,"primary_term":null,"canonical_url":null,"og_title":null,"og_description":null,"og_object_type":"default","og_image_type":"default","og_image_url":null,"og_image_width":null,"og_image_height":null,"og_image_custom_url":null,"og_image_custom_fields":null,"og_video":null,"og_custom_url":null,"og_article_section":null,"og_article_tags":null,"twitter_use_og":false,"twitter_card":"default","twitter_image_type":"default","twitter_image_url":null,"twitter_image_custom_url":null,"twitter_image_custom_fields":null,"twitter_title":null,"twitter_description":null,"schema":{"blockGraphs":[],"customGraphs":[],"default":{"data":{"Article":[],"Course":[],"Dataset":[],"FAQPage":[],"Movie":[],"Person":[],"Product":[],"ProductReview":[],"Car":[],"Recipe":[],"Service":[],"SoftwareApplication":[],"WebPage":[]},"graphName":"","isEnabled":true},"graphs":[],"defaultGraph":"","defaultPostTypeGraph":""},"schema_type":null,"schema_type_options":null,"pillar_content":false,"robots_default":true,"robots_noindex":false,"robots_noarchive":false,"robots_nosnippet":false,"robots_nofollow":false,"robots_noimageindex":false,"robots_noodp":false,"robots_notranslate":false,"robots_max_snippet":null,"robots_max_videopreview":null,"robots_max_imagepreview":"large","priority":null,"frequency":null,"location":null,"local_seo":null,"seo_analyzer_scan_date":"2025-09-27 21:43:53","breadcrumb_settings":null,"limit_modified_date":false,"open_ai":null,"ai":null,"created":"2021-03-08 17:25:14","updated":"2025-09-27 21:43:53"},"aioseo_breadcrumb":"<div class=\"aioseo-breadcrumbs\"><span class=\"aioseo-breadcrumb\">\n\t<a href=\"https:\/\/eldigitaldeasturias.com\/magazine365\" title=\"Home\">Home<\/a>\n<\/span><span class=\"aioseo-breadcrumb-separator\">\u2013<\/span><span class=\"aioseo-breadcrumb\">\n\t<a href=\"https:\/\/eldigitaldeasturias.com\/magazine365\/category\/noticias-actualidad\/\" title=\"Noticias y Actualidad\">Noticias y Actualidad<\/a>\n<\/span><span class=\"aioseo-breadcrumb-separator\">\u2013<\/span><span class=\"aioseo-breadcrumb\">\n\t<a href=\"https:\/\/eldigitaldeasturias.com\/magazine365\/boeing-celebrara-su-centenario-con-un-pabellon-en-el-salon-aeronautico-de-farnborough\/\" title=\"Boeing celebrar\u00e1 su centenario con un pabell\u00f3n en el Sal\u00f3n Aeron\u00e1utico de Farnborough\">Boeing celebrar\u00e1 su centenario con un pabell\u00f3n en el Sal\u00f3n Aeron\u00e1utico de Farnborough<\/a>\n<\/span><\/div>","aioseo_breadcrumb_json":[{"label":"Home","link":"https:\/\/eldigitaldeasturias.com\/magazine365"},{"label":"Noticias y Actualidad","link":"https:\/\/eldigitaldeasturias.com\/magazine365\/category\/noticias-actualidad\/"},{"label":"Boeing celebrar\u00e1 su centenario con un pabell\u00f3n en el Sal\u00f3n Aeron\u00e1utico de Farnborough","link":"https:\/\/eldigitaldeasturias.com\/magazine365\/boeing-celebrara-su-centenario-con-un-pabellon-en-el-salon-aeronautico-de-farnborough\/"}],"_links":{"self":[{"href":"https:\/\/eldigitaldeasturias.com\/magazine365\/wp-json\/wp\/v2\/posts\/80881","targetHints":{"allow":["GET"]}}],"collection":[{"href":"https:\/\/eldigitaldeasturias.com\/magazine365\/wp-json\/wp\/v2\/posts"}],"about":[{"href":"https:\/\/eldigitaldeasturias.com\/magazine365\/wp-json\/wp\/v2\/types\/post"}],"author":[{"embeddable":true,"href":"https:\/\/eldigitaldeasturias.com\/magazine365\/wp-json\/wp\/v2\/users\/1"}],"replies":[{"embeddable":true,"href":"https:\/\/eldigitaldeasturias.com\/magazine365\/wp-json\/wp\/v2\/comments?post=80881"}],"version-history":[{"count":0,"href":"https:\/\/eldigitaldeasturias.com\/magazine365\/wp-json\/wp\/v2\/posts\/80881\/revisions"}],"wp:featuredmedia":[{"embeddable":true,"href":"https:\/\/eldigitaldeasturias.com\/magazine365\/wp-json\/wp\/v2\/media\/80882"}],"wp:attachment":[{"href":"https:\/\/eldigitaldeasturias.com\/magazine365\/wp-json\/wp\/v2\/media?parent=80881"}],"wp:term":[{"taxonomy":"category","embeddable":true,"href":"https:\/\/eldigitaldeasturias.com\/magazine365\/wp-json\/wp\/v2\/categories?post=80881"},{"taxonomy":"post_tag","embeddable":true,"href":"https:\/\/eldigitaldeasturias.com\/magazine365\/wp-json\/wp\/v2\/tags?post=80881"}],"curies":[{"name":"wp","href":"https:\/\/api.w.org\/{rel}","templated":true}]}}