{"id":80875,"date":"2016-06-28T07:43:45","date_gmt":"2016-06-28T05:43:45","guid":{"rendered":"http:\/\/eldigitaldeasturias.com\/magazine365\/?p=80875"},"modified":"2016-06-28T07:43:45","modified_gmt":"2016-06-28T05:43:45","slug":"los-operadores-de-aviones-en-tierra-en-barajas-desconvocan-los-paros-de-24-horas-para-los-dias-28-y-29-de-junio","status":"publish","type":"post","link":"https:\/\/eldigitaldeasturias.com\/magazine365\/los-operadores-de-aviones-en-tierra-en-barajas-desconvocan-los-paros-de-24-horas-para-los-dias-28-y-29-de-junio\/","title":{"rendered":"Los operadores de aviones en tierra en Barajas desconvocan los paros de 24 horas para los d\u00edas 28 y 29 de junio"},"content":{"rendered":"<p><img fetchpriority=\"high\" decoding=\"async\" class=\"alignleft size-medium wp-image-80876\" src=\"https:\/\/eldigitaldeasturias.com\/magazine365\/wp-content\/uploads\/2016\/06\/fotonoticia_20160627190211_800-360x240.jpg\" alt=\"fotonoticia_20160627190211_800\" width=\"360\" height=\"240\" srcset=\"https:\/\/eldigitaldeasturias.com\/magazine365\/wp-content\/uploads\/2016\/06\/fotonoticia_20160627190211_800-360x240.jpg 360w, https:\/\/eldigitaldeasturias.com\/magazine365\/wp-content\/uploads\/2016\/06\/fotonoticia_20160627190211_800-650x433.jpg 650w, https:\/\/eldigitaldeasturias.com\/magazine365\/wp-content\/uploads\/2016\/06\/fotonoticia_20160627190211_800-768x512.jpg 768w, https:\/\/eldigitaldeasturias.com\/magazine365\/wp-content\/uploads\/2016\/06\/fotonoticia_20160627190211_800-150x100.jpg 150w, https:\/\/eldigitaldeasturias.com\/magazine365\/wp-content\/uploads\/2016\/06\/fotonoticia_20160627190211_800-450x300.jpg 450w, https:\/\/eldigitaldeasturias.com\/magazine365\/wp-content\/uploads\/2016\/06\/fotonoticia_20160627190211_800-101x66.jpg 101w, https:\/\/eldigitaldeasturias.com\/magazine365\/wp-content\/uploads\/2016\/06\/fotonoticia_20160627190211_800.jpg 800w\" sizes=\"(max-width: 360px) 100vw, 360px\" \/>El colectivo de operadores del Servicio de Direcci\u00f3n de Plataforma (SDP) del Aeropuerto Adolfo Su\u00e1rez Madrid-Barajas ha desconvocado la huelga de 24 horas anunciada para los d\u00edas 28 y 29 de junio, tras la \u00faltima reuni\u00f3n mantenida esta tarde entre el colectivo y la empresa prestaria del servicio Ineco.<\/p>\n<p>En un comunicado, el colectivo se\u00f1ala que gracias al alcance de \u00abunos acuerdos satisfactorios\u00bb para ambas partes en el marco de las negociaciones, que contin\u00faan, se procede a la desconvocatoria de la huelga anunciada y que en consecuencia \u00abse garantiza la normalidad del servicio\u00bb.<\/p>\n<p>El colectivo hab\u00eda convocado dos d\u00edas de paros para este martes y mi\u00e9rcoles en protesta por la falta de personal y la modificaci\u00f3n \u00abunilateral\u00bb de sus condiciones laborales. Los operadores de este servicio se\u00f1alan que el n\u00famero de operaciones y pasajeros en Barajas ha crecido considerablemente sin que exista \u00abuna adecuada planificaci\u00f3n de personal\u00bb.<\/p>\n<p>El SDP se encarga de dirigir el movimiento de las aeronaves en tierra y fue puesto en funcionamiento el 24 de noviembre de 2011 por Aena para sustituir a los controladores a\u00e9reos que lo prestaban hasta entonces. Desde esa fecha, esta actividad se subcontrat\u00f3 con Ineco.<\/p>\n<p>En diciembre, ya convocaron dos d\u00edas de paros para reclamar un marco que regulara sus jornadas, protesta que posteriormente desconvocaron tras alcanzar un acuerdo con Ineco.<\/p>\n<p>La jornada para un operador de plataforma en frecuencia es de siete horas, con descansos necesarios, ya que como m\u00e1ximo pueden estar cuatro horas en frecuencia. Trabajan a tres turnos y disponen de tres d\u00edas libres, que se ven interrumpidos por la introducci\u00f3n de un servicio de refuerzo (R).<\/p>\n<p>TURNOS \u00abABUSIVOS\u00bb Y FINALIZACI\u00d3N DE CONTRATOS.<\/p>\n<p>\u00abTales ritmos de trabajo, que se vienen realizando desde hace casi un a\u00f1o, adem\u00e1s de imposibilitar cualquier tipo de conciliaci\u00f3n familiar, est\u00e1n implicando alcanzar unos niveles de fatiga que suponen un detrimento serio de la seguridad y la calidad de la operaci\u00f3n de la que somos responsables\u00bb, asegura el colectivo.<\/p>\n<p>Los operadores del SDP se encargan de dirigir la rodadura de los aviones en tierra en la pista hasta el punto de transferencia al control de los controladores. Este servicio se presta dividido en dos sectores: T4 y T1-2-3 y mueve el 50% de la operativa.<\/p>\n<p>El n\u00famero actual de operadores del SDP en Barajas es de 46 t\u00e9cnicos, de los cuales 36% est\u00e1n en torre al 100%, mientras que el resto de plantilla rota por otras dependencias para prestar servicio AFIS y ATM all\u00ed donde se requiere. Seg\u00fan el colectivo, la plantilla \u00abm\u00ednima\u00bb necesaria para el servicio de plataforma en Madrid requiere al 100% a los 46 operadores.<\/p>\n","protected":false},"excerpt":{"rendered":"<p>El colectivo de operadores del Servicio de Direcci\u00f3n de Plataforma (SDP) del Aeropuerto Adolfo Su\u00e1rez Madrid-Barajas ha desconvocado la huelga de 24 horas anunciada para los d\u00edas 28 y 29 de junio, tras la \u00faltima reuni\u00f3n mantenida esta tarde entre el colectivo y la empresa prestaria del servicio Ineco. En un comunicado, el colectivo se\u00f1ala<\/p>\n","protected":false},"author":1,"featured_media":80876,"comment_status":"open","ping_status":"closed","sticky":false,"template":"","format":"standard","meta":{"footnotes":""},"categories":[224],"tags":[],"class_list":{"0":"post-80875","1":"post","2":"type-post","3":"status-publish","4":"format-standard","5":"has-post-thumbnail","7":"category-noticias-actualidad"},"aioseo_notices":[],"aioseo_head":"\n\t\t<!-- All in One SEO Pro 4.9.6.1 - aioseo.com -->\n\t<meta name=\"description\" content=\"El colectivo de operadores del Servicio de Direcci\u00f3n de Plataforma (SDP) del Aeropuerto Adolfo Su\u00e1rez Madrid-Barajas ha desconvocado la huelga de 24 horas anunciada para los d\u00edas 28 y 29 de junio, tras la \u00faltima reuni\u00f3n mantenida esta tarde entre el colectivo y la empresa prestaria del servicio Ineco. En un comunicado, el colectivo se\u00f1ala\" \/>\n\t<meta name=\"robots\" content=\"max-image-preview:large\" \/>\n\t<meta name=\"author\" content=\"admin\"\/>\n\t<meta name=\"google-site-verification\" content=\"UA-38556648-1\" \/>\n\t<meta name=\"keywords\" content=\"noticias y actualidad\" \/>\n\t<link rel=\"canonical\" href=\"https:\/\/eldigitaldeasturias.com\/magazine365\/los-operadores-de-aviones-en-tierra-en-barajas-desconvocan-los-paros-de-24-horas-para-los-dias-28-y-29-de-junio\/\" \/>\n\t<meta name=\"generator\" content=\"All in One SEO Pro (AIOSEO) 4.9.6.1\" \/>\n\t\t<meta property=\"og:locale\" content=\"es_ES\" \/>\n\t\t<meta property=\"og:site_name\" content=\"El Digital de Asturias \u2013 Revista de ocio, turismo y estilo de vida\" \/>\n\t\t<meta property=\"og:type\" content=\"article\" \/>\n\t\t<meta property=\"og:title\" content=\"Los operadores de aviones en tierra en Barajas desconvocan los paros de 24 horas para los d\u00edas 28 y 29 de junio | El Digital de Asturias\" \/>\n\t\t<meta property=\"og:description\" content=\"El colectivo de operadores del Servicio de Direcci\u00f3n de Plataforma (SDP) del Aeropuerto Adolfo Su\u00e1rez Madrid-Barajas ha desconvocado la huelga de 24 horas anunciada para los d\u00edas 28 y 29 de junio, tras la \u00faltima reuni\u00f3n mantenida esta tarde entre el colectivo y la empresa prestaria del servicio Ineco. En un comunicado, el colectivo se\u00f1ala\" \/>\n\t\t<meta property=\"og:url\" content=\"https:\/\/eldigitaldeasturias.com\/magazine365\/los-operadores-de-aviones-en-tierra-en-barajas-desconvocan-los-paros-de-24-horas-para-los-dias-28-y-29-de-junio\/\" \/>\n\t\t<meta property=\"og:image\" content=\"https:\/\/eldigitaldeasturias.com\/magazine365\/wp-content\/uploads\/2016\/06\/fotonoticia_20160627190211_800.jpg\" \/>\n\t\t<meta property=\"og:image:secure_url\" content=\"https:\/\/eldigitaldeasturias.com\/magazine365\/wp-content\/uploads\/2016\/06\/fotonoticia_20160627190211_800.jpg\" \/>\n\t\t<meta property=\"og:image:width\" content=\"800\" \/>\n\t\t<meta property=\"og:image:height\" content=\"533\" \/>\n\t\t<meta property=\"article:published_time\" content=\"2016-06-28T05:43:45+00:00\" \/>\n\t\t<meta property=\"article:modified_time\" content=\"2016-06-28T05:43:45+00:00\" \/>\n\t\t<meta name=\"twitter:card\" content=\"summary_large_image\" \/>\n\t\t<meta name=\"twitter:title\" content=\"Los operadores de aviones en tierra en Barajas desconvocan los paros de 24 horas para los d\u00edas 28 y 29 de junio | El Digital de Asturias\" \/>\n\t\t<meta name=\"twitter:description\" content=\"El colectivo de operadores del Servicio de Direcci\u00f3n de Plataforma (SDP) del Aeropuerto Adolfo Su\u00e1rez Madrid-Barajas ha desconvocado la huelga de 24 horas anunciada para los d\u00edas 28 y 29 de junio, tras la \u00faltima reuni\u00f3n mantenida esta tarde entre el colectivo y la empresa prestaria del servicio Ineco. En un comunicado, el colectivo se\u00f1ala\" \/>\n\t\t<meta name=\"twitter:image\" content=\"https:\/\/eldigitaldeasturias.com\/magazine365\/wp-content\/uploads\/2016\/06\/fotonoticia_20160627190211_800.jpg\" \/>\n\t\t<script type=\"application\/ld+json\" class=\"aioseo-schema\">\n\t\t\t{\"@context\":\"https:\\\/\\\/schema.org\",\"@graph\":[{\"@type\":\"Article\",\"@id\":\"https:\\\/\\\/eldigitaldeasturias.com\\\/magazine365\\\/los-operadores-de-aviones-en-tierra-en-barajas-desconvocan-los-paros-de-24-horas-para-los-dias-28-y-29-de-junio\\\/#article\",\"name\":\"Los operadores de aviones en tierra en Barajas desconvocan los paros de 24 horas para los d\\u00edas 28 y 29 de junio | El Digital de Asturias\",\"headline\":\"Los operadores de aviones en tierra en Barajas desconvocan los paros de 24 horas para los d\\u00edas 28 y 29 de junio\",\"author\":{\"@id\":\"https:\\\/\\\/eldigitaldeasturias.com\\\/magazine365\\\/author\\\/admin\\\/#author\"},\"publisher\":{\"@id\":\"https:\\\/\\\/eldigitaldeasturias.com\\\/magazine365\\\/#organization\"},\"image\":{\"@type\":\"ImageObject\",\"url\":\"https:\\\/\\\/eldigitaldeasturias.com\\\/magazine365\\\/wp-content\\\/uploads\\\/2016\\\/06\\\/fotonoticia_20160627190211_800.jpg\",\"width\":800,\"height\":533},\"datePublished\":\"2016-06-28T07:43:45+02:00\",\"dateModified\":\"2016-06-28T07:43:45+02:00\",\"inLanguage\":\"es-ES\",\"mainEntityOfPage\":{\"@id\":\"https:\\\/\\\/eldigitaldeasturias.com\\\/magazine365\\\/los-operadores-de-aviones-en-tierra-en-barajas-desconvocan-los-paros-de-24-horas-para-los-dias-28-y-29-de-junio\\\/#webpage\"},\"isPartOf\":{\"@id\":\"https:\\\/\\\/eldigitaldeasturias.com\\\/magazine365\\\/los-operadores-de-aviones-en-tierra-en-barajas-desconvocan-los-paros-de-24-horas-para-los-dias-28-y-29-de-junio\\\/#webpage\"},\"articleSection\":\"Noticias y Actualidad\"},{\"@type\":\"BreadcrumbList\",\"@id\":\"https:\\\/\\\/eldigitaldeasturias.com\\\/magazine365\\\/los-operadores-de-aviones-en-tierra-en-barajas-desconvocan-los-paros-de-24-horas-para-los-dias-28-y-29-de-junio\\\/#breadcrumblist\",\"itemListElement\":[{\"@type\":\"ListItem\",\"@id\":\"https:\\\/\\\/eldigitaldeasturias.com\\\/magazine365#listItem\",\"position\":1,\"name\":\"Home\",\"item\":\"https:\\\/\\\/eldigitaldeasturias.com\\\/magazine365\",\"nextItem\":{\"@type\":\"ListItem\",\"@id\":\"https:\\\/\\\/eldigitaldeasturias.com\\\/magazine365\\\/category\\\/noticias-actualidad\\\/#listItem\",\"name\":\"Noticias y Actualidad\"}},{\"@type\":\"ListItem\",\"@id\":\"https:\\\/\\\/eldigitaldeasturias.com\\\/magazine365\\\/category\\\/noticias-actualidad\\\/#listItem\",\"position\":2,\"name\":\"Noticias y Actualidad\",\"item\":\"https:\\\/\\\/eldigitaldeasturias.com\\\/magazine365\\\/category\\\/noticias-actualidad\\\/\",\"nextItem\":{\"@type\":\"ListItem\",\"@id\":\"https:\\\/\\\/eldigitaldeasturias.com\\\/magazine365\\\/los-operadores-de-aviones-en-tierra-en-barajas-desconvocan-los-paros-de-24-horas-para-los-dias-28-y-29-de-junio\\\/#listItem\",\"name\":\"Los operadores de aviones en tierra en Barajas desconvocan los paros de 24 horas para los d\\u00edas 28 y 29 de junio\"},\"previousItem\":{\"@type\":\"ListItem\",\"@id\":\"https:\\\/\\\/eldigitaldeasturias.com\\\/magazine365#listItem\",\"name\":\"Home\"}},{\"@type\":\"ListItem\",\"@id\":\"https:\\\/\\\/eldigitaldeasturias.com\\\/magazine365\\\/los-operadores-de-aviones-en-tierra-en-barajas-desconvocan-los-paros-de-24-horas-para-los-dias-28-y-29-de-junio\\\/#listItem\",\"position\":3,\"name\":\"Los operadores de aviones en tierra en Barajas desconvocan los paros de 24 horas para los d\\u00edas 28 y 29 de junio\",\"previousItem\":{\"@type\":\"ListItem\",\"@id\":\"https:\\\/\\\/eldigitaldeasturias.com\\\/magazine365\\\/category\\\/noticias-actualidad\\\/#listItem\",\"name\":\"Noticias y Actualidad\"}}]},{\"@type\":\"Organization\",\"@id\":\"https:\\\/\\\/eldigitaldeasturias.com\\\/magazine365\\\/#organization\",\"name\":\"El digital de Asturias\",\"description\":\"Revista de ocio, turismo y estilo de vida\",\"url\":\"https:\\\/\\\/eldigitaldeasturias.com\\\/magazine365\\\/\",\"logo\":{\"@type\":\"ImageObject\",\"url\":\"https:\\\/\\\/www.eldigitaldeasturias.com\\\/noticias\\\/wp-content\\\/uploads\\\/2020\\\/12\\\/EDA.jpg\",\"@id\":\"https:\\\/\\\/eldigitaldeasturias.com\\\/magazine365\\\/los-operadores-de-aviones-en-tierra-en-barajas-desconvocan-los-paros-de-24-horas-para-los-dias-28-y-29-de-junio\\\/#organizationLogo\"},\"image\":{\"@id\":\"https:\\\/\\\/eldigitaldeasturias.com\\\/magazine365\\\/los-operadores-de-aviones-en-tierra-en-barajas-desconvocan-los-paros-de-24-horas-para-los-dias-28-y-29-de-junio\\\/#organizationLogo\"}},{\"@type\":\"Person\",\"@id\":\"https:\\\/\\\/eldigitaldeasturias.com\\\/magazine365\\\/author\\\/admin\\\/#author\",\"url\":\"https:\\\/\\\/eldigitaldeasturias.com\\\/magazine365\\\/author\\\/admin\\\/\",\"name\":\"admin\",\"image\":{\"@type\":\"ImageObject\",\"@id\":\"https:\\\/\\\/eldigitaldeasturias.com\\\/magazine365\\\/los-operadores-de-aviones-en-tierra-en-barajas-desconvocan-los-paros-de-24-horas-para-los-dias-28-y-29-de-junio\\\/#authorImage\",\"url\":\"https:\\\/\\\/eldigitaldeasturias.com\\\/magazine365\\\/wp-content\\\/litespeed\\\/avatar\\\/e571bcf59a0edd6fa6838245a470f2fe.jpg?ver=1776969259\",\"width\":96,\"height\":96,\"caption\":\"admin\"}},{\"@type\":\"WebPage\",\"@id\":\"https:\\\/\\\/eldigitaldeasturias.com\\\/magazine365\\\/los-operadores-de-aviones-en-tierra-en-barajas-desconvocan-los-paros-de-24-horas-para-los-dias-28-y-29-de-junio\\\/#webpage\",\"url\":\"https:\\\/\\\/eldigitaldeasturias.com\\\/magazine365\\\/los-operadores-de-aviones-en-tierra-en-barajas-desconvocan-los-paros-de-24-horas-para-los-dias-28-y-29-de-junio\\\/\",\"name\":\"Los operadores de aviones en tierra en Barajas desconvocan los paros de 24 horas para los d\\u00edas 28 y 29 de junio | El Digital de Asturias\",\"description\":\"El colectivo de operadores del Servicio de Direcci\\u00f3n de Plataforma (SDP) del Aeropuerto Adolfo Su\\u00e1rez Madrid-Barajas ha desconvocado la huelga de 24 horas anunciada para los d\\u00edas 28 y 29 de junio, tras la \\u00faltima reuni\\u00f3n mantenida esta tarde entre el colectivo y la empresa prestaria del servicio Ineco. En un comunicado, el colectivo se\\u00f1ala\",\"inLanguage\":\"es-ES\",\"isPartOf\":{\"@id\":\"https:\\\/\\\/eldigitaldeasturias.com\\\/magazine365\\\/#website\"},\"breadcrumb\":{\"@id\":\"https:\\\/\\\/eldigitaldeasturias.com\\\/magazine365\\\/los-operadores-de-aviones-en-tierra-en-barajas-desconvocan-los-paros-de-24-horas-para-los-dias-28-y-29-de-junio\\\/#breadcrumblist\"},\"author\":{\"@id\":\"https:\\\/\\\/eldigitaldeasturias.com\\\/magazine365\\\/author\\\/admin\\\/#author\"},\"creator\":{\"@id\":\"https:\\\/\\\/eldigitaldeasturias.com\\\/magazine365\\\/author\\\/admin\\\/#author\"},\"image\":{\"@type\":\"ImageObject\",\"url\":\"https:\\\/\\\/eldigitaldeasturias.com\\\/magazine365\\\/wp-content\\\/uploads\\\/2016\\\/06\\\/fotonoticia_20160627190211_800.jpg\",\"@id\":\"https:\\\/\\\/eldigitaldeasturias.com\\\/magazine365\\\/los-operadores-de-aviones-en-tierra-en-barajas-desconvocan-los-paros-de-24-horas-para-los-dias-28-y-29-de-junio\\\/#mainImage\",\"width\":800,\"height\":533},\"primaryImageOfPage\":{\"@id\":\"https:\\\/\\\/eldigitaldeasturias.com\\\/magazine365\\\/los-operadores-de-aviones-en-tierra-en-barajas-desconvocan-los-paros-de-24-horas-para-los-dias-28-y-29-de-junio\\\/#mainImage\"},\"datePublished\":\"2016-06-28T07:43:45+02:00\",\"dateModified\":\"2016-06-28T07:43:45+02:00\"},{\"@type\":\"WebSite\",\"@id\":\"https:\\\/\\\/eldigitaldeasturias.com\\\/magazine365\\\/#website\",\"url\":\"https:\\\/\\\/eldigitaldeasturias.com\\\/magazine365\\\/\",\"name\":\"El Digital de Asturias\",\"description\":\"Revista de ocio, turismo y estilo de vida\",\"inLanguage\":\"es-ES\",\"publisher\":{\"@id\":\"https:\\\/\\\/eldigitaldeasturias.com\\\/magazine365\\\/#organization\"}}]}\n\t\t<\/script>\n\t\t<!-- All in One SEO Pro -->\r\n\t\t<title>Los operadores de aviones en tierra en Barajas desconvocan los paros de 24 horas para los d\u00edas 28 y 29 de junio | El Digital de Asturias<\/title>\n\n","aioseo_head_json":{"title":"Los operadores de aviones en tierra en Barajas desconvocan los paros de 24 horas para los d\u00edas 28 y 29 de junio | El Digital de Asturias","description":"El colectivo de operadores del Servicio de Direcci\u00f3n de Plataforma (SDP) del Aeropuerto Adolfo Su\u00e1rez Madrid-Barajas ha desconvocado la huelga de 24 horas anunciada para los d\u00edas 28 y 29 de junio, tras la \u00faltima reuni\u00f3n mantenida esta tarde entre el colectivo y la empresa prestaria del servicio Ineco. En un comunicado, el colectivo se\u00f1ala","canonical_url":"https:\/\/eldigitaldeasturias.com\/magazine365\/los-operadores-de-aviones-en-tierra-en-barajas-desconvocan-los-paros-de-24-horas-para-los-dias-28-y-29-de-junio\/","robots":"max-image-preview:large","keywords":"noticias y actualidad","webmasterTools":{"google-site-verification":"UA-38556648-1","miscellaneous":""},"schema":{"@context":"https:\/\/schema.org","@graph":[{"@type":"Article","@id":"https:\/\/eldigitaldeasturias.com\/magazine365\/los-operadores-de-aviones-en-tierra-en-barajas-desconvocan-los-paros-de-24-horas-para-los-dias-28-y-29-de-junio\/#article","name":"Los operadores de aviones en tierra en Barajas desconvocan los paros de 24 horas para los d\u00edas 28 y 29 de junio | El Digital de Asturias","headline":"Los operadores de aviones en tierra en Barajas desconvocan los paros de 24 horas para los d\u00edas 28 y 29 de junio","author":{"@id":"https:\/\/eldigitaldeasturias.com\/magazine365\/author\/admin\/#author"},"publisher":{"@id":"https:\/\/eldigitaldeasturias.com\/magazine365\/#organization"},"image":{"@type":"ImageObject","url":"https:\/\/eldigitaldeasturias.com\/magazine365\/wp-content\/uploads\/2016\/06\/fotonoticia_20160627190211_800.jpg","width":800,"height":533},"datePublished":"2016-06-28T07:43:45+02:00","dateModified":"2016-06-28T07:43:45+02:00","inLanguage":"es-ES","mainEntityOfPage":{"@id":"https:\/\/eldigitaldeasturias.com\/magazine365\/los-operadores-de-aviones-en-tierra-en-barajas-desconvocan-los-paros-de-24-horas-para-los-dias-28-y-29-de-junio\/#webpage"},"isPartOf":{"@id":"https:\/\/eldigitaldeasturias.com\/magazine365\/los-operadores-de-aviones-en-tierra-en-barajas-desconvocan-los-paros-de-24-horas-para-los-dias-28-y-29-de-junio\/#webpage"},"articleSection":"Noticias y Actualidad"},{"@type":"BreadcrumbList","@id":"https:\/\/eldigitaldeasturias.com\/magazine365\/los-operadores-de-aviones-en-tierra-en-barajas-desconvocan-los-paros-de-24-horas-para-los-dias-28-y-29-de-junio\/#breadcrumblist","itemListElement":[{"@type":"ListItem","@id":"https:\/\/eldigitaldeasturias.com\/magazine365#listItem","position":1,"name":"Home","item":"https:\/\/eldigitaldeasturias.com\/magazine365","nextItem":{"@type":"ListItem","@id":"https:\/\/eldigitaldeasturias.com\/magazine365\/category\/noticias-actualidad\/#listItem","name":"Noticias y Actualidad"}},{"@type":"ListItem","@id":"https:\/\/eldigitaldeasturias.com\/magazine365\/category\/noticias-actualidad\/#listItem","position":2,"name":"Noticias y Actualidad","item":"https:\/\/eldigitaldeasturias.com\/magazine365\/category\/noticias-actualidad\/","nextItem":{"@type":"ListItem","@id":"https:\/\/eldigitaldeasturias.com\/magazine365\/los-operadores-de-aviones-en-tierra-en-barajas-desconvocan-los-paros-de-24-horas-para-los-dias-28-y-29-de-junio\/#listItem","name":"Los operadores de aviones en tierra en Barajas desconvocan los paros de 24 horas para los d\u00edas 28 y 29 de junio"},"previousItem":{"@type":"ListItem","@id":"https:\/\/eldigitaldeasturias.com\/magazine365#listItem","name":"Home"}},{"@type":"ListItem","@id":"https:\/\/eldigitaldeasturias.com\/magazine365\/los-operadores-de-aviones-en-tierra-en-barajas-desconvocan-los-paros-de-24-horas-para-los-dias-28-y-29-de-junio\/#listItem","position":3,"name":"Los operadores de aviones en tierra en Barajas desconvocan los paros de 24 horas para los d\u00edas 28 y 29 de junio","previousItem":{"@type":"ListItem","@id":"https:\/\/eldigitaldeasturias.com\/magazine365\/category\/noticias-actualidad\/#listItem","name":"Noticias y Actualidad"}}]},{"@type":"Organization","@id":"https:\/\/eldigitaldeasturias.com\/magazine365\/#organization","name":"El digital de Asturias","description":"Revista de ocio, turismo y estilo de vida","url":"https:\/\/eldigitaldeasturias.com\/magazine365\/","logo":{"@type":"ImageObject","url":"https:\/\/www.eldigitaldeasturias.com\/noticias\/wp-content\/uploads\/2020\/12\/EDA.jpg","@id":"https:\/\/eldigitaldeasturias.com\/magazine365\/los-operadores-de-aviones-en-tierra-en-barajas-desconvocan-los-paros-de-24-horas-para-los-dias-28-y-29-de-junio\/#organizationLogo"},"image":{"@id":"https:\/\/eldigitaldeasturias.com\/magazine365\/los-operadores-de-aviones-en-tierra-en-barajas-desconvocan-los-paros-de-24-horas-para-los-dias-28-y-29-de-junio\/#organizationLogo"}},{"@type":"Person","@id":"https:\/\/eldigitaldeasturias.com\/magazine365\/author\/admin\/#author","url":"https:\/\/eldigitaldeasturias.com\/magazine365\/author\/admin\/","name":"admin","image":{"@type":"ImageObject","@id":"https:\/\/eldigitaldeasturias.com\/magazine365\/los-operadores-de-aviones-en-tierra-en-barajas-desconvocan-los-paros-de-24-horas-para-los-dias-28-y-29-de-junio\/#authorImage","url":"https:\/\/eldigitaldeasturias.com\/magazine365\/wp-content\/litespeed\/avatar\/e571bcf59a0edd6fa6838245a470f2fe.jpg?ver=1776969259","width":96,"height":96,"caption":"admin"}},{"@type":"WebPage","@id":"https:\/\/eldigitaldeasturias.com\/magazine365\/los-operadores-de-aviones-en-tierra-en-barajas-desconvocan-los-paros-de-24-horas-para-los-dias-28-y-29-de-junio\/#webpage","url":"https:\/\/eldigitaldeasturias.com\/magazine365\/los-operadores-de-aviones-en-tierra-en-barajas-desconvocan-los-paros-de-24-horas-para-los-dias-28-y-29-de-junio\/","name":"Los operadores de aviones en tierra en Barajas desconvocan los paros de 24 horas para los d\u00edas 28 y 29 de junio | El Digital de Asturias","description":"El colectivo de operadores del Servicio de Direcci\u00f3n de Plataforma (SDP) del Aeropuerto Adolfo Su\u00e1rez Madrid-Barajas ha desconvocado la huelga de 24 horas anunciada para los d\u00edas 28 y 29 de junio, tras la \u00faltima reuni\u00f3n mantenida esta tarde entre el colectivo y la empresa prestaria del servicio Ineco. En un comunicado, el colectivo se\u00f1ala","inLanguage":"es-ES","isPartOf":{"@id":"https:\/\/eldigitaldeasturias.com\/magazine365\/#website"},"breadcrumb":{"@id":"https:\/\/eldigitaldeasturias.com\/magazine365\/los-operadores-de-aviones-en-tierra-en-barajas-desconvocan-los-paros-de-24-horas-para-los-dias-28-y-29-de-junio\/#breadcrumblist"},"author":{"@id":"https:\/\/eldigitaldeasturias.com\/magazine365\/author\/admin\/#author"},"creator":{"@id":"https:\/\/eldigitaldeasturias.com\/magazine365\/author\/admin\/#author"},"image":{"@type":"ImageObject","url":"https:\/\/eldigitaldeasturias.com\/magazine365\/wp-content\/uploads\/2016\/06\/fotonoticia_20160627190211_800.jpg","@id":"https:\/\/eldigitaldeasturias.com\/magazine365\/los-operadores-de-aviones-en-tierra-en-barajas-desconvocan-los-paros-de-24-horas-para-los-dias-28-y-29-de-junio\/#mainImage","width":800,"height":533},"primaryImageOfPage":{"@id":"https:\/\/eldigitaldeasturias.com\/magazine365\/los-operadores-de-aviones-en-tierra-en-barajas-desconvocan-los-paros-de-24-horas-para-los-dias-28-y-29-de-junio\/#mainImage"},"datePublished":"2016-06-28T07:43:45+02:00","dateModified":"2016-06-28T07:43:45+02:00"},{"@type":"WebSite","@id":"https:\/\/eldigitaldeasturias.com\/magazine365\/#website","url":"https:\/\/eldigitaldeasturias.com\/magazine365\/","name":"El Digital de Asturias","description":"Revista de ocio, turismo y estilo de vida","inLanguage":"es-ES","publisher":{"@id":"https:\/\/eldigitaldeasturias.com\/magazine365\/#organization"}}]},"og:locale":"es_ES","og:site_name":"El Digital de Asturias \u2013 Revista de ocio, turismo y estilo de vida","og:type":"article","og:title":"Los operadores de aviones en tierra en Barajas desconvocan los paros de 24 horas para los d\u00edas 28 y 29 de junio | El Digital de Asturias","og:description":"El colectivo de operadores del Servicio de Direcci\u00f3n de Plataforma (SDP) del Aeropuerto Adolfo Su\u00e1rez Madrid-Barajas ha desconvocado la huelga de 24 horas anunciada para los d\u00edas 28 y 29 de junio, tras la \u00faltima reuni\u00f3n mantenida esta tarde entre el colectivo y la empresa prestaria del servicio Ineco. En un comunicado, el colectivo se\u00f1ala","og:url":"https:\/\/eldigitaldeasturias.com\/magazine365\/los-operadores-de-aviones-en-tierra-en-barajas-desconvocan-los-paros-de-24-horas-para-los-dias-28-y-29-de-junio\/","og:image":"https:\/\/eldigitaldeasturias.com\/magazine365\/wp-content\/uploads\/2016\/06\/fotonoticia_20160627190211_800.jpg","og:image:secure_url":"https:\/\/eldigitaldeasturias.com\/magazine365\/wp-content\/uploads\/2016\/06\/fotonoticia_20160627190211_800.jpg","og:image:width":800,"og:image:height":533,"article:published_time":"2016-06-28T05:43:45+00:00","article:modified_time":"2016-06-28T05:43:45+00:00","twitter:card":"summary_large_image","twitter:title":"Los operadores de aviones en tierra en Barajas desconvocan los paros de 24 horas para los d\u00edas 28 y 29 de junio | El Digital de Asturias","twitter:description":"El colectivo de operadores del Servicio de Direcci\u00f3n de Plataforma (SDP) del Aeropuerto Adolfo Su\u00e1rez Madrid-Barajas ha desconvocado la huelga de 24 horas anunciada para los d\u00edas 28 y 29 de junio, tras la \u00faltima reuni\u00f3n mantenida esta tarde entre el colectivo y la empresa prestaria del servicio Ineco. En un comunicado, el colectivo se\u00f1ala","twitter:image":"https:\/\/eldigitaldeasturias.com\/magazine365\/wp-content\/uploads\/2016\/06\/fotonoticia_20160627190211_800.jpg"},"aioseo_meta_data":{"post_id":"80875","title":null,"description":null,"keywords":null,"keyphrases":null,"primary_term":null,"canonical_url":null,"og_title":null,"og_description":null,"og_object_type":"default","og_image_type":"default","og_image_url":null,"og_image_width":null,"og_image_height":null,"og_image_custom_url":null,"og_image_custom_fields":null,"og_video":null,"og_custom_url":null,"og_article_section":null,"og_article_tags":null,"twitter_use_og":false,"twitter_card":"default","twitter_image_type":"default","twitter_image_url":null,"twitter_image_custom_url":null,"twitter_image_custom_fields":null,"twitter_title":null,"twitter_description":null,"schema":{"blockGraphs":[],"customGraphs":[],"default":{"data":{"Article":[],"Course":[],"Dataset":[],"FAQPage":[],"Movie":[],"Person":[],"Product":[],"ProductReview":[],"Car":[],"Recipe":[],"Service":[],"SoftwareApplication":[],"WebPage":[]},"graphName":"","isEnabled":true},"graphs":[],"defaultGraph":"","defaultPostTypeGraph":""},"schema_type":null,"schema_type_options":null,"pillar_content":false,"robots_default":true,"robots_noindex":false,"robots_noarchive":false,"robots_nosnippet":false,"robots_nofollow":false,"robots_noimageindex":false,"robots_noodp":false,"robots_notranslate":false,"robots_max_snippet":null,"robots_max_videopreview":null,"robots_max_imagepreview":"large","priority":null,"frequency":null,"location":null,"local_seo":null,"seo_analyzer_scan_date":"2025-09-27 21:42:29","breadcrumb_settings":null,"limit_modified_date":false,"open_ai":null,"ai":null,"created":"2021-03-08 17:25:14","updated":"2025-09-27 21:42:29"},"aioseo_breadcrumb":"<div class=\"aioseo-breadcrumbs\"><span class=\"aioseo-breadcrumb\">\n\t<a href=\"https:\/\/eldigitaldeasturias.com\/magazine365\" title=\"Home\">Home<\/a>\n<\/span><span class=\"aioseo-breadcrumb-separator\">\u2013<\/span><span class=\"aioseo-breadcrumb\">\n\t<a href=\"https:\/\/eldigitaldeasturias.com\/magazine365\/category\/noticias-actualidad\/\" title=\"Noticias y Actualidad\">Noticias y Actualidad<\/a>\n<\/span><span class=\"aioseo-breadcrumb-separator\">\u2013<\/span><span class=\"aioseo-breadcrumb\">\n\t<a href=\"https:\/\/eldigitaldeasturias.com\/magazine365\/los-operadores-de-aviones-en-tierra-en-barajas-desconvocan-los-paros-de-24-horas-para-los-dias-28-y-29-de-junio\/\" title=\"Los operadores de aviones en tierra en Barajas desconvocan los paros de 24 horas para los d\u00edas 28 y 29 de junio\">Los operadores de aviones en tierra en Barajas desconvocan los paros de 24 horas para los d\u00edas 28 y 29 de junio<\/a>\n<\/span><\/div>","aioseo_breadcrumb_json":[{"label":"Home","link":"https:\/\/eldigitaldeasturias.com\/magazine365"},{"label":"Noticias y Actualidad","link":"https:\/\/eldigitaldeasturias.com\/magazine365\/category\/noticias-actualidad\/"},{"label":"Los operadores de aviones en tierra en Barajas desconvocan los paros de 24 horas para los d\u00edas 28 y 29 de junio","link":"https:\/\/eldigitaldeasturias.com\/magazine365\/los-operadores-de-aviones-en-tierra-en-barajas-desconvocan-los-paros-de-24-horas-para-los-dias-28-y-29-de-junio\/"}],"_links":{"self":[{"href":"https:\/\/eldigitaldeasturias.com\/magazine365\/wp-json\/wp\/v2\/posts\/80875","targetHints":{"allow":["GET"]}}],"collection":[{"href":"https:\/\/eldigitaldeasturias.com\/magazine365\/wp-json\/wp\/v2\/posts"}],"about":[{"href":"https:\/\/eldigitaldeasturias.com\/magazine365\/wp-json\/wp\/v2\/types\/post"}],"author":[{"embeddable":true,"href":"https:\/\/eldigitaldeasturias.com\/magazine365\/wp-json\/wp\/v2\/users\/1"}],"replies":[{"embeddable":true,"href":"https:\/\/eldigitaldeasturias.com\/magazine365\/wp-json\/wp\/v2\/comments?post=80875"}],"version-history":[{"count":0,"href":"https:\/\/eldigitaldeasturias.com\/magazine365\/wp-json\/wp\/v2\/posts\/80875\/revisions"}],"wp:featuredmedia":[{"embeddable":true,"href":"https:\/\/eldigitaldeasturias.com\/magazine365\/wp-json\/wp\/v2\/media\/80876"}],"wp:attachment":[{"href":"https:\/\/eldigitaldeasturias.com\/magazine365\/wp-json\/wp\/v2\/media?parent=80875"}],"wp:term":[{"taxonomy":"category","embeddable":true,"href":"https:\/\/eldigitaldeasturias.com\/magazine365\/wp-json\/wp\/v2\/categories?post=80875"},{"taxonomy":"post_tag","embeddable":true,"href":"https:\/\/eldigitaldeasturias.com\/magazine365\/wp-json\/wp\/v2\/tags?post=80875"}],"curies":[{"name":"wp","href":"https:\/\/api.w.org\/{rel}","templated":true}]}}