{"id":80869,"date":"2016-06-28T07:03:35","date_gmt":"2016-06-28T05:03:35","guid":{"rendered":"http:\/\/eldigitaldeasturias.com\/magazine365\/?p=80869"},"modified":"2016-06-28T07:03:35","modified_gmt":"2016-06-28T05:03:35","slug":"bandera-roja-en-las-playas-de-la-manga-que-dan-al-mediterraneo","status":"publish","type":"post","link":"https:\/\/eldigitaldeasturias.com\/magazine365\/bandera-roja-en-las-playas-de-la-manga-que-dan-al-mediterraneo\/","title":{"rendered":"Bandera roja en las playas de La Manga que dan al Mediterr\u00e1neo"},"content":{"rendered":"<p><img fetchpriority=\"high\" decoding=\"async\" class=\"alignleft size-medium wp-image-80870\" src=\"https:\/\/eldigitaldeasturias.com\/magazine365\/wp-content\/uploads\/2016\/06\/fotonoticia_20160627171610_800-360x205.jpg\" alt=\"fotonoticia_20160627171610_800\" width=\"360\" height=\"205\" srcset=\"https:\/\/eldigitaldeasturias.com\/magazine365\/wp-content\/uploads\/2016\/06\/fotonoticia_20160627171610_800-360x205.jpg 360w, https:\/\/eldigitaldeasturias.com\/magazine365\/wp-content\/uploads\/2016\/06\/fotonoticia_20160627171610_800-650x370.jpg 650w, https:\/\/eldigitaldeasturias.com\/magazine365\/wp-content\/uploads\/2016\/06\/fotonoticia_20160627171610_800-768x437.jpg 768w, https:\/\/eldigitaldeasturias.com\/magazine365\/wp-content\/uploads\/2016\/06\/fotonoticia_20160627171610_800-150x85.jpg 150w, https:\/\/eldigitaldeasturias.com\/magazine365\/wp-content\/uploads\/2016\/06\/fotonoticia_20160627171610_800-450x256.jpg 450w, https:\/\/eldigitaldeasturias.com\/magazine365\/wp-content\/uploads\/2016\/06\/fotonoticia_20160627171610_800-510x289.jpg 510w, https:\/\/eldigitaldeasturias.com\/magazine365\/wp-content\/uploads\/2016\/06\/fotonoticia_20160627171610_800.jpg 800w\" sizes=\"(max-width: 360px) 100vw, 360px\" \/>Los puestos de vigilancia de playas de La Manga del Mar Menor que dan al Mar Mediterr\u00e1neo, tanto en el municipio de Cartagena como en el de San Javier, han abierto este lunes izando todos la bandera roja que prohibe el ba\u00f1o.<\/p>\n<p>Hay tambi\u00e9n bandera roja en la playa de Levante de Cabo de Palos (Cartagena) y bandera amarilla, que pide precauci\u00f3n en el ba\u00f1o, en Cala Reona (Cartagena<\/p>\n","protected":false},"excerpt":{"rendered":"<p>Los puestos de vigilancia de playas de La Manga del Mar Menor que dan al Mar Mediterr\u00e1neo, tanto en el municipio de Cartagena como en el de San Javier, han abierto este lunes izando todos la bandera roja que prohibe el ba\u00f1o. Hay tambi\u00e9n bandera roja en la playa de Levante de Cabo de Palos<\/p>\n","protected":false},"author":1,"featured_media":80870,"comment_status":"open","ping_status":"closed","sticky":false,"template":"","format":"standard","meta":{"footnotes":""},"categories":[224],"tags":[],"class_list":{"0":"post-80869","1":"post","2":"type-post","3":"status-publish","4":"format-standard","5":"has-post-thumbnail","7":"category-noticias-actualidad"},"aioseo_notices":[],"aioseo_head":"\n\t\t<!-- All in One SEO Pro 4.9.6.1 - aioseo.com -->\n\t<meta name=\"description\" content=\"Los puestos de vigilancia de playas de La Manga del Mar Menor que dan al Mar Mediterr\u00e1neo, tanto en el municipio de Cartagena como en el de San Javier, han abierto este lunes izando todos la bandera roja que prohibe el ba\u00f1o. Hay tambi\u00e9n bandera roja en la playa de Levante de Cabo de Palos\" \/>\n\t<meta name=\"robots\" content=\"max-image-preview:large\" \/>\n\t<meta name=\"author\" content=\"admin\"\/>\n\t<meta name=\"google-site-verification\" content=\"UA-38556648-1\" \/>\n\t<meta name=\"keywords\" content=\"noticias y actualidad\" \/>\n\t<link rel=\"canonical\" href=\"https:\/\/eldigitaldeasturias.com\/magazine365\/bandera-roja-en-las-playas-de-la-manga-que-dan-al-mediterraneo\/\" \/>\n\t<meta name=\"generator\" content=\"All in One SEO Pro (AIOSEO) 4.9.6.1\" \/>\n\t\t<meta property=\"og:locale\" content=\"es_ES\" \/>\n\t\t<meta property=\"og:site_name\" content=\"El Digital de Asturias \u2013 Revista de ocio, turismo y estilo de vida\" \/>\n\t\t<meta property=\"og:type\" content=\"article\" \/>\n\t\t<meta property=\"og:title\" content=\"Bandera roja en las playas de La Manga que dan al Mediterr\u00e1neo | El Digital de Asturias\" \/>\n\t\t<meta property=\"og:description\" content=\"Los puestos de vigilancia de playas de La Manga del Mar Menor que dan al Mar Mediterr\u00e1neo, tanto en el municipio de Cartagena como en el de San Javier, han abierto este lunes izando todos la bandera roja que prohibe el ba\u00f1o. Hay tambi\u00e9n bandera roja en la playa de Levante de Cabo de Palos\" \/>\n\t\t<meta property=\"og:url\" content=\"https:\/\/eldigitaldeasturias.com\/magazine365\/bandera-roja-en-las-playas-de-la-manga-que-dan-al-mediterraneo\/\" \/>\n\t\t<meta property=\"og:image\" content=\"https:\/\/eldigitaldeasturias.com\/magazine365\/wp-content\/uploads\/2016\/06\/fotonoticia_20160627171610_800.jpg\" \/>\n\t\t<meta property=\"og:image:secure_url\" content=\"https:\/\/eldigitaldeasturias.com\/magazine365\/wp-content\/uploads\/2016\/06\/fotonoticia_20160627171610_800.jpg\" \/>\n\t\t<meta property=\"og:image:width\" content=\"800\" \/>\n\t\t<meta property=\"og:image:height\" content=\"455\" \/>\n\t\t<meta property=\"article:published_time\" content=\"2016-06-28T05:03:35+00:00\" \/>\n\t\t<meta property=\"article:modified_time\" content=\"2016-06-28T05:03:35+00:00\" \/>\n\t\t<meta name=\"twitter:card\" content=\"summary_large_image\" \/>\n\t\t<meta name=\"twitter:title\" content=\"Bandera roja en las playas de La Manga que dan al Mediterr\u00e1neo | El Digital de Asturias\" \/>\n\t\t<meta name=\"twitter:description\" content=\"Los puestos de vigilancia de playas de La Manga del Mar Menor que dan al Mar Mediterr\u00e1neo, tanto en el municipio de Cartagena como en el de San Javier, han abierto este lunes izando todos la bandera roja que prohibe el ba\u00f1o. Hay tambi\u00e9n bandera roja en la playa de Levante de Cabo de Palos\" \/>\n\t\t<meta name=\"twitter:image\" content=\"https:\/\/eldigitaldeasturias.com\/magazine365\/wp-content\/uploads\/2016\/06\/fotonoticia_20160627171610_800.jpg\" \/>\n\t\t<script type=\"application\/ld+json\" class=\"aioseo-schema\">\n\t\t\t{\"@context\":\"https:\\\/\\\/schema.org\",\"@graph\":[{\"@type\":\"Article\",\"@id\":\"https:\\\/\\\/eldigitaldeasturias.com\\\/magazine365\\\/bandera-roja-en-las-playas-de-la-manga-que-dan-al-mediterraneo\\\/#article\",\"name\":\"Bandera roja en las playas de La Manga que dan al Mediterr\\u00e1neo | El Digital de Asturias\",\"headline\":\"Bandera roja en las playas de La Manga que dan al Mediterr\\u00e1neo\",\"author\":{\"@id\":\"https:\\\/\\\/eldigitaldeasturias.com\\\/magazine365\\\/author\\\/admin\\\/#author\"},\"publisher\":{\"@id\":\"https:\\\/\\\/eldigitaldeasturias.com\\\/magazine365\\\/#organization\"},\"image\":{\"@type\":\"ImageObject\",\"url\":\"https:\\\/\\\/eldigitaldeasturias.com\\\/magazine365\\\/wp-content\\\/uploads\\\/2016\\\/06\\\/fotonoticia_20160627171610_800.jpg\",\"width\":800,\"height\":455},\"datePublished\":\"2016-06-28T07:03:35+02:00\",\"dateModified\":\"2016-06-28T07:03:35+02:00\",\"inLanguage\":\"es-ES\",\"mainEntityOfPage\":{\"@id\":\"https:\\\/\\\/eldigitaldeasturias.com\\\/magazine365\\\/bandera-roja-en-las-playas-de-la-manga-que-dan-al-mediterraneo\\\/#webpage\"},\"isPartOf\":{\"@id\":\"https:\\\/\\\/eldigitaldeasturias.com\\\/magazine365\\\/bandera-roja-en-las-playas-de-la-manga-que-dan-al-mediterraneo\\\/#webpage\"},\"articleSection\":\"Noticias y Actualidad\"},{\"@type\":\"BreadcrumbList\",\"@id\":\"https:\\\/\\\/eldigitaldeasturias.com\\\/magazine365\\\/bandera-roja-en-las-playas-de-la-manga-que-dan-al-mediterraneo\\\/#breadcrumblist\",\"itemListElement\":[{\"@type\":\"ListItem\",\"@id\":\"https:\\\/\\\/eldigitaldeasturias.com\\\/magazine365#listItem\",\"position\":1,\"name\":\"Home\",\"item\":\"https:\\\/\\\/eldigitaldeasturias.com\\\/magazine365\",\"nextItem\":{\"@type\":\"ListItem\",\"@id\":\"https:\\\/\\\/eldigitaldeasturias.com\\\/magazine365\\\/category\\\/noticias-actualidad\\\/#listItem\",\"name\":\"Noticias y Actualidad\"}},{\"@type\":\"ListItem\",\"@id\":\"https:\\\/\\\/eldigitaldeasturias.com\\\/magazine365\\\/category\\\/noticias-actualidad\\\/#listItem\",\"position\":2,\"name\":\"Noticias y Actualidad\",\"item\":\"https:\\\/\\\/eldigitaldeasturias.com\\\/magazine365\\\/category\\\/noticias-actualidad\\\/\",\"nextItem\":{\"@type\":\"ListItem\",\"@id\":\"https:\\\/\\\/eldigitaldeasturias.com\\\/magazine365\\\/bandera-roja-en-las-playas-de-la-manga-que-dan-al-mediterraneo\\\/#listItem\",\"name\":\"Bandera roja en las playas de La Manga que dan al Mediterr\\u00e1neo\"},\"previousItem\":{\"@type\":\"ListItem\",\"@id\":\"https:\\\/\\\/eldigitaldeasturias.com\\\/magazine365#listItem\",\"name\":\"Home\"}},{\"@type\":\"ListItem\",\"@id\":\"https:\\\/\\\/eldigitaldeasturias.com\\\/magazine365\\\/bandera-roja-en-las-playas-de-la-manga-que-dan-al-mediterraneo\\\/#listItem\",\"position\":3,\"name\":\"Bandera roja en las playas de La Manga que dan al Mediterr\\u00e1neo\",\"previousItem\":{\"@type\":\"ListItem\",\"@id\":\"https:\\\/\\\/eldigitaldeasturias.com\\\/magazine365\\\/category\\\/noticias-actualidad\\\/#listItem\",\"name\":\"Noticias y Actualidad\"}}]},{\"@type\":\"Organization\",\"@id\":\"https:\\\/\\\/eldigitaldeasturias.com\\\/magazine365\\\/#organization\",\"name\":\"El digital de Asturias\",\"description\":\"Revista de ocio, turismo y estilo de vida\",\"url\":\"https:\\\/\\\/eldigitaldeasturias.com\\\/magazine365\\\/\",\"logo\":{\"@type\":\"ImageObject\",\"url\":\"https:\\\/\\\/www.eldigitaldeasturias.com\\\/noticias\\\/wp-content\\\/uploads\\\/2020\\\/12\\\/EDA.jpg\",\"@id\":\"https:\\\/\\\/eldigitaldeasturias.com\\\/magazine365\\\/bandera-roja-en-las-playas-de-la-manga-que-dan-al-mediterraneo\\\/#organizationLogo\"},\"image\":{\"@id\":\"https:\\\/\\\/eldigitaldeasturias.com\\\/magazine365\\\/bandera-roja-en-las-playas-de-la-manga-que-dan-al-mediterraneo\\\/#organizationLogo\"}},{\"@type\":\"Person\",\"@id\":\"https:\\\/\\\/eldigitaldeasturias.com\\\/magazine365\\\/author\\\/admin\\\/#author\",\"url\":\"https:\\\/\\\/eldigitaldeasturias.com\\\/magazine365\\\/author\\\/admin\\\/\",\"name\":\"admin\",\"image\":{\"@type\":\"ImageObject\",\"@id\":\"https:\\\/\\\/eldigitaldeasturias.com\\\/magazine365\\\/bandera-roja-en-las-playas-de-la-manga-que-dan-al-mediterraneo\\\/#authorImage\",\"url\":\"https:\\\/\\\/eldigitaldeasturias.com\\\/magazine365\\\/wp-content\\\/litespeed\\\/avatar\\\/e571bcf59a0edd6fa6838245a470f2fe.jpg?ver=1776969259\",\"width\":96,\"height\":96,\"caption\":\"admin\"}},{\"@type\":\"WebPage\",\"@id\":\"https:\\\/\\\/eldigitaldeasturias.com\\\/magazine365\\\/bandera-roja-en-las-playas-de-la-manga-que-dan-al-mediterraneo\\\/#webpage\",\"url\":\"https:\\\/\\\/eldigitaldeasturias.com\\\/magazine365\\\/bandera-roja-en-las-playas-de-la-manga-que-dan-al-mediterraneo\\\/\",\"name\":\"Bandera roja en las playas de La Manga que dan al Mediterr\\u00e1neo | El Digital de Asturias\",\"description\":\"Los puestos de vigilancia de playas de La Manga del Mar Menor que dan al Mar Mediterr\\u00e1neo, tanto en el municipio de Cartagena como en el de San Javier, han abierto este lunes izando todos la bandera roja que prohibe el ba\\u00f1o. Hay tambi\\u00e9n bandera roja en la playa de Levante de Cabo de Palos\",\"inLanguage\":\"es-ES\",\"isPartOf\":{\"@id\":\"https:\\\/\\\/eldigitaldeasturias.com\\\/magazine365\\\/#website\"},\"breadcrumb\":{\"@id\":\"https:\\\/\\\/eldigitaldeasturias.com\\\/magazine365\\\/bandera-roja-en-las-playas-de-la-manga-que-dan-al-mediterraneo\\\/#breadcrumblist\"},\"author\":{\"@id\":\"https:\\\/\\\/eldigitaldeasturias.com\\\/magazine365\\\/author\\\/admin\\\/#author\"},\"creator\":{\"@id\":\"https:\\\/\\\/eldigitaldeasturias.com\\\/magazine365\\\/author\\\/admin\\\/#author\"},\"image\":{\"@type\":\"ImageObject\",\"url\":\"https:\\\/\\\/eldigitaldeasturias.com\\\/magazine365\\\/wp-content\\\/uploads\\\/2016\\\/06\\\/fotonoticia_20160627171610_800.jpg\",\"@id\":\"https:\\\/\\\/eldigitaldeasturias.com\\\/magazine365\\\/bandera-roja-en-las-playas-de-la-manga-que-dan-al-mediterraneo\\\/#mainImage\",\"width\":800,\"height\":455},\"primaryImageOfPage\":{\"@id\":\"https:\\\/\\\/eldigitaldeasturias.com\\\/magazine365\\\/bandera-roja-en-las-playas-de-la-manga-que-dan-al-mediterraneo\\\/#mainImage\"},\"datePublished\":\"2016-06-28T07:03:35+02:00\",\"dateModified\":\"2016-06-28T07:03:35+02:00\"},{\"@type\":\"WebSite\",\"@id\":\"https:\\\/\\\/eldigitaldeasturias.com\\\/magazine365\\\/#website\",\"url\":\"https:\\\/\\\/eldigitaldeasturias.com\\\/magazine365\\\/\",\"name\":\"El Digital de Asturias\",\"description\":\"Revista de ocio, turismo y estilo de vida\",\"inLanguage\":\"es-ES\",\"publisher\":{\"@id\":\"https:\\\/\\\/eldigitaldeasturias.com\\\/magazine365\\\/#organization\"}}]}\n\t\t<\/script>\n\t\t<!-- All in One SEO Pro -->\r\n\t\t<title>Bandera roja en las playas de La Manga que dan al Mediterr\u00e1neo | El Digital de Asturias<\/title>\n\n","aioseo_head_json":{"title":"Bandera roja en las playas de La Manga que dan al Mediterr\u00e1neo | El Digital de Asturias","description":"Los puestos de vigilancia de playas de La Manga del Mar Menor que dan al Mar Mediterr\u00e1neo, tanto en el municipio de Cartagena como en el de San Javier, han abierto este lunes izando todos la bandera roja que prohibe el ba\u00f1o. Hay tambi\u00e9n bandera roja en la playa de Levante de Cabo de Palos","canonical_url":"https:\/\/eldigitaldeasturias.com\/magazine365\/bandera-roja-en-las-playas-de-la-manga-que-dan-al-mediterraneo\/","robots":"max-image-preview:large","keywords":"noticias y actualidad","webmasterTools":{"google-site-verification":"UA-38556648-1","miscellaneous":""},"schema":{"@context":"https:\/\/schema.org","@graph":[{"@type":"Article","@id":"https:\/\/eldigitaldeasturias.com\/magazine365\/bandera-roja-en-las-playas-de-la-manga-que-dan-al-mediterraneo\/#article","name":"Bandera roja en las playas de La Manga que dan al Mediterr\u00e1neo | El Digital de Asturias","headline":"Bandera roja en las playas de La Manga que dan al Mediterr\u00e1neo","author":{"@id":"https:\/\/eldigitaldeasturias.com\/magazine365\/author\/admin\/#author"},"publisher":{"@id":"https:\/\/eldigitaldeasturias.com\/magazine365\/#organization"},"image":{"@type":"ImageObject","url":"https:\/\/eldigitaldeasturias.com\/magazine365\/wp-content\/uploads\/2016\/06\/fotonoticia_20160627171610_800.jpg","width":800,"height":455},"datePublished":"2016-06-28T07:03:35+02:00","dateModified":"2016-06-28T07:03:35+02:00","inLanguage":"es-ES","mainEntityOfPage":{"@id":"https:\/\/eldigitaldeasturias.com\/magazine365\/bandera-roja-en-las-playas-de-la-manga-que-dan-al-mediterraneo\/#webpage"},"isPartOf":{"@id":"https:\/\/eldigitaldeasturias.com\/magazine365\/bandera-roja-en-las-playas-de-la-manga-que-dan-al-mediterraneo\/#webpage"},"articleSection":"Noticias y Actualidad"},{"@type":"BreadcrumbList","@id":"https:\/\/eldigitaldeasturias.com\/magazine365\/bandera-roja-en-las-playas-de-la-manga-que-dan-al-mediterraneo\/#breadcrumblist","itemListElement":[{"@type":"ListItem","@id":"https:\/\/eldigitaldeasturias.com\/magazine365#listItem","position":1,"name":"Home","item":"https:\/\/eldigitaldeasturias.com\/magazine365","nextItem":{"@type":"ListItem","@id":"https:\/\/eldigitaldeasturias.com\/magazine365\/category\/noticias-actualidad\/#listItem","name":"Noticias y Actualidad"}},{"@type":"ListItem","@id":"https:\/\/eldigitaldeasturias.com\/magazine365\/category\/noticias-actualidad\/#listItem","position":2,"name":"Noticias y Actualidad","item":"https:\/\/eldigitaldeasturias.com\/magazine365\/category\/noticias-actualidad\/","nextItem":{"@type":"ListItem","@id":"https:\/\/eldigitaldeasturias.com\/magazine365\/bandera-roja-en-las-playas-de-la-manga-que-dan-al-mediterraneo\/#listItem","name":"Bandera roja en las playas de La Manga que dan al Mediterr\u00e1neo"},"previousItem":{"@type":"ListItem","@id":"https:\/\/eldigitaldeasturias.com\/magazine365#listItem","name":"Home"}},{"@type":"ListItem","@id":"https:\/\/eldigitaldeasturias.com\/magazine365\/bandera-roja-en-las-playas-de-la-manga-que-dan-al-mediterraneo\/#listItem","position":3,"name":"Bandera roja en las playas de La Manga que dan al Mediterr\u00e1neo","previousItem":{"@type":"ListItem","@id":"https:\/\/eldigitaldeasturias.com\/magazine365\/category\/noticias-actualidad\/#listItem","name":"Noticias y Actualidad"}}]},{"@type":"Organization","@id":"https:\/\/eldigitaldeasturias.com\/magazine365\/#organization","name":"El digital de Asturias","description":"Revista de ocio, turismo y estilo de vida","url":"https:\/\/eldigitaldeasturias.com\/magazine365\/","logo":{"@type":"ImageObject","url":"https:\/\/www.eldigitaldeasturias.com\/noticias\/wp-content\/uploads\/2020\/12\/EDA.jpg","@id":"https:\/\/eldigitaldeasturias.com\/magazine365\/bandera-roja-en-las-playas-de-la-manga-que-dan-al-mediterraneo\/#organizationLogo"},"image":{"@id":"https:\/\/eldigitaldeasturias.com\/magazine365\/bandera-roja-en-las-playas-de-la-manga-que-dan-al-mediterraneo\/#organizationLogo"}},{"@type":"Person","@id":"https:\/\/eldigitaldeasturias.com\/magazine365\/author\/admin\/#author","url":"https:\/\/eldigitaldeasturias.com\/magazine365\/author\/admin\/","name":"admin","image":{"@type":"ImageObject","@id":"https:\/\/eldigitaldeasturias.com\/magazine365\/bandera-roja-en-las-playas-de-la-manga-que-dan-al-mediterraneo\/#authorImage","url":"https:\/\/eldigitaldeasturias.com\/magazine365\/wp-content\/litespeed\/avatar\/e571bcf59a0edd6fa6838245a470f2fe.jpg?ver=1776969259","width":96,"height":96,"caption":"admin"}},{"@type":"WebPage","@id":"https:\/\/eldigitaldeasturias.com\/magazine365\/bandera-roja-en-las-playas-de-la-manga-que-dan-al-mediterraneo\/#webpage","url":"https:\/\/eldigitaldeasturias.com\/magazine365\/bandera-roja-en-las-playas-de-la-manga-que-dan-al-mediterraneo\/","name":"Bandera roja en las playas de La Manga que dan al Mediterr\u00e1neo | El Digital de Asturias","description":"Los puestos de vigilancia de playas de La Manga del Mar Menor que dan al Mar Mediterr\u00e1neo, tanto en el municipio de Cartagena como en el de San Javier, han abierto este lunes izando todos la bandera roja que prohibe el ba\u00f1o. Hay tambi\u00e9n bandera roja en la playa de Levante de Cabo de Palos","inLanguage":"es-ES","isPartOf":{"@id":"https:\/\/eldigitaldeasturias.com\/magazine365\/#website"},"breadcrumb":{"@id":"https:\/\/eldigitaldeasturias.com\/magazine365\/bandera-roja-en-las-playas-de-la-manga-que-dan-al-mediterraneo\/#breadcrumblist"},"author":{"@id":"https:\/\/eldigitaldeasturias.com\/magazine365\/author\/admin\/#author"},"creator":{"@id":"https:\/\/eldigitaldeasturias.com\/magazine365\/author\/admin\/#author"},"image":{"@type":"ImageObject","url":"https:\/\/eldigitaldeasturias.com\/magazine365\/wp-content\/uploads\/2016\/06\/fotonoticia_20160627171610_800.jpg","@id":"https:\/\/eldigitaldeasturias.com\/magazine365\/bandera-roja-en-las-playas-de-la-manga-que-dan-al-mediterraneo\/#mainImage","width":800,"height":455},"primaryImageOfPage":{"@id":"https:\/\/eldigitaldeasturias.com\/magazine365\/bandera-roja-en-las-playas-de-la-manga-que-dan-al-mediterraneo\/#mainImage"},"datePublished":"2016-06-28T07:03:35+02:00","dateModified":"2016-06-28T07:03:35+02:00"},{"@type":"WebSite","@id":"https:\/\/eldigitaldeasturias.com\/magazine365\/#website","url":"https:\/\/eldigitaldeasturias.com\/magazine365\/","name":"El Digital de Asturias","description":"Revista de ocio, turismo y estilo de vida","inLanguage":"es-ES","publisher":{"@id":"https:\/\/eldigitaldeasturias.com\/magazine365\/#organization"}}]},"og:locale":"es_ES","og:site_name":"El Digital de Asturias \u2013 Revista de ocio, turismo y estilo de vida","og:type":"article","og:title":"Bandera roja en las playas de La Manga que dan al Mediterr\u00e1neo | El Digital de Asturias","og:description":"Los puestos de vigilancia de playas de La Manga del Mar Menor que dan al Mar Mediterr\u00e1neo, tanto en el municipio de Cartagena como en el de San Javier, han abierto este lunes izando todos la bandera roja que prohibe el ba\u00f1o. Hay tambi\u00e9n bandera roja en la playa de Levante de Cabo de Palos","og:url":"https:\/\/eldigitaldeasturias.com\/magazine365\/bandera-roja-en-las-playas-de-la-manga-que-dan-al-mediterraneo\/","og:image":"https:\/\/eldigitaldeasturias.com\/magazine365\/wp-content\/uploads\/2016\/06\/fotonoticia_20160627171610_800.jpg","og:image:secure_url":"https:\/\/eldigitaldeasturias.com\/magazine365\/wp-content\/uploads\/2016\/06\/fotonoticia_20160627171610_800.jpg","og:image:width":800,"og:image:height":455,"article:published_time":"2016-06-28T05:03:35+00:00","article:modified_time":"2016-06-28T05:03:35+00:00","twitter:card":"summary_large_image","twitter:title":"Bandera roja en las playas de La Manga que dan al Mediterr\u00e1neo | El Digital de Asturias","twitter:description":"Los puestos de vigilancia de playas de La Manga del Mar Menor que dan al Mar Mediterr\u00e1neo, tanto en el municipio de Cartagena como en el de San Javier, han abierto este lunes izando todos la bandera roja que prohibe el ba\u00f1o. Hay tambi\u00e9n bandera roja en la playa de Levante de Cabo de Palos","twitter:image":"https:\/\/eldigitaldeasturias.com\/magazine365\/wp-content\/uploads\/2016\/06\/fotonoticia_20160627171610_800.jpg"},"aioseo_meta_data":{"post_id":"80869","title":null,"description":null,"keywords":null,"keyphrases":null,"primary_term":null,"canonical_url":null,"og_title":null,"og_description":null,"og_object_type":"default","og_image_type":"default","og_image_url":null,"og_image_width":null,"og_image_height":null,"og_image_custom_url":null,"og_image_custom_fields":null,"og_video":null,"og_custom_url":null,"og_article_section":null,"og_article_tags":null,"twitter_use_og":false,"twitter_card":"default","twitter_image_type":"default","twitter_image_url":null,"twitter_image_custom_url":null,"twitter_image_custom_fields":null,"twitter_title":null,"twitter_description":null,"schema":{"blockGraphs":[],"customGraphs":[],"default":{"data":{"Article":[],"Course":[],"Dataset":[],"FAQPage":[],"Movie":[],"Person":[],"Product":[],"ProductReview":[],"Car":[],"Recipe":[],"Service":[],"SoftwareApplication":[],"WebPage":[]},"graphName":"","isEnabled":true},"graphs":[],"defaultGraph":"","defaultPostTypeGraph":""},"schema_type":null,"schema_type_options":null,"pillar_content":false,"robots_default":true,"robots_noindex":false,"robots_noarchive":false,"robots_nosnippet":false,"robots_nofollow":false,"robots_noimageindex":false,"robots_noodp":false,"robots_notranslate":false,"robots_max_snippet":null,"robots_max_videopreview":null,"robots_max_imagepreview":"large","priority":null,"frequency":null,"location":null,"local_seo":null,"seo_analyzer_scan_date":"2025-09-27 21:42:27","breadcrumb_settings":null,"limit_modified_date":false,"open_ai":null,"ai":null,"created":"2021-03-08 17:25:14","updated":"2025-09-27 21:42:27"},"aioseo_breadcrumb":"<div class=\"aioseo-breadcrumbs\"><span class=\"aioseo-breadcrumb\">\n\t<a href=\"https:\/\/eldigitaldeasturias.com\/magazine365\" title=\"Home\">Home<\/a>\n<\/span><span class=\"aioseo-breadcrumb-separator\">\u2013<\/span><span class=\"aioseo-breadcrumb\">\n\t<a href=\"https:\/\/eldigitaldeasturias.com\/magazine365\/category\/noticias-actualidad\/\" title=\"Noticias y Actualidad\">Noticias y Actualidad<\/a>\n<\/span><span class=\"aioseo-breadcrumb-separator\">\u2013<\/span><span class=\"aioseo-breadcrumb\">\n\t<a href=\"https:\/\/eldigitaldeasturias.com\/magazine365\/bandera-roja-en-las-playas-de-la-manga-que-dan-al-mediterraneo\/\" title=\"Bandera roja en las playas de La Manga que dan al Mediterr\u00e1neo\">Bandera roja en las playas de La Manga que dan al Mediterr\u00e1neo<\/a>\n<\/span><\/div>","aioseo_breadcrumb_json":[{"label":"Home","link":"https:\/\/eldigitaldeasturias.com\/magazine365"},{"label":"Noticias y Actualidad","link":"https:\/\/eldigitaldeasturias.com\/magazine365\/category\/noticias-actualidad\/"},{"label":"Bandera roja en las playas de La Manga que dan al Mediterr\u00e1neo","link":"https:\/\/eldigitaldeasturias.com\/magazine365\/bandera-roja-en-las-playas-de-la-manga-que-dan-al-mediterraneo\/"}],"_links":{"self":[{"href":"https:\/\/eldigitaldeasturias.com\/magazine365\/wp-json\/wp\/v2\/posts\/80869","targetHints":{"allow":["GET"]}}],"collection":[{"href":"https:\/\/eldigitaldeasturias.com\/magazine365\/wp-json\/wp\/v2\/posts"}],"about":[{"href":"https:\/\/eldigitaldeasturias.com\/magazine365\/wp-json\/wp\/v2\/types\/post"}],"author":[{"embeddable":true,"href":"https:\/\/eldigitaldeasturias.com\/magazine365\/wp-json\/wp\/v2\/users\/1"}],"replies":[{"embeddable":true,"href":"https:\/\/eldigitaldeasturias.com\/magazine365\/wp-json\/wp\/v2\/comments?post=80869"}],"version-history":[{"count":0,"href":"https:\/\/eldigitaldeasturias.com\/magazine365\/wp-json\/wp\/v2\/posts\/80869\/revisions"}],"wp:featuredmedia":[{"embeddable":true,"href":"https:\/\/eldigitaldeasturias.com\/magazine365\/wp-json\/wp\/v2\/media\/80870"}],"wp:attachment":[{"href":"https:\/\/eldigitaldeasturias.com\/magazine365\/wp-json\/wp\/v2\/media?parent=80869"}],"wp:term":[{"taxonomy":"category","embeddable":true,"href":"https:\/\/eldigitaldeasturias.com\/magazine365\/wp-json\/wp\/v2\/categories?post=80869"},{"taxonomy":"post_tag","embeddable":true,"href":"https:\/\/eldigitaldeasturias.com\/magazine365\/wp-json\/wp\/v2\/tags?post=80869"}],"curies":[{"name":"wp","href":"https:\/\/api.w.org\/{rel}","templated":true}]}}