{"id":80863,"date":"2016-06-28T07:00:18","date_gmt":"2016-06-28T05:00:18","guid":{"rendered":"http:\/\/eldigitaldeasturias.com\/magazine365\/?p=80863"},"modified":"2016-06-28T07:00:18","modified_gmt":"2016-06-28T05:00:18","slug":"la-torre-de-hercules-amanece-iluminada-de-azul","status":"publish","type":"post","link":"https:\/\/eldigitaldeasturias.com\/magazine365\/la-torre-de-hercules-amanece-iluminada-de-azul\/","title":{"rendered":"La Torre de H\u00e9rcules amanece iluminada de azul"},"content":{"rendered":"<p><img fetchpriority=\"high\" decoding=\"async\" class=\"alignleft size-medium wp-image-80864\" src=\"https:\/\/eldigitaldeasturias.com\/magazine365\/wp-content\/uploads\/2016\/06\/fotonoticia_20160627170735_800-360x240.jpg\" alt=\"fotonoticia_20160627170735_800\" width=\"360\" height=\"240\" srcset=\"https:\/\/eldigitaldeasturias.com\/magazine365\/wp-content\/uploads\/2016\/06\/fotonoticia_20160627170735_800-360x240.jpg 360w, https:\/\/eldigitaldeasturias.com\/magazine365\/wp-content\/uploads\/2016\/06\/fotonoticia_20160627170735_800-650x434.jpg 650w, https:\/\/eldigitaldeasturias.com\/magazine365\/wp-content\/uploads\/2016\/06\/fotonoticia_20160627170735_800-768x513.jpg 768w, https:\/\/eldigitaldeasturias.com\/magazine365\/wp-content\/uploads\/2016\/06\/fotonoticia_20160627170735_800-150x100.jpg 150w, https:\/\/eldigitaldeasturias.com\/magazine365\/wp-content\/uploads\/2016\/06\/fotonoticia_20160627170735_800-450x300.jpg 450w, https:\/\/eldigitaldeasturias.com\/magazine365\/wp-content\/uploads\/2016\/06\/fotonoticia_20160627170735_800-101x66.jpg 101w, https:\/\/eldigitaldeasturias.com\/magazine365\/wp-content\/uploads\/2016\/06\/fotonoticia_20160627170735_800.jpg 800w\" sizes=\"(max-width: 360px) 100vw, 360px\" \/>La torre de H\u00e9rcules amaneci\u00f3 este lunes iluminada de color azul para celebrar el s\u00e9ptimo aniversario de su declaraci\u00f3n como Patrimonio de la Humanidad.<\/p>\n<p>El faro en activo m\u00e1s antiguo del mundo festeja su inclusi\u00f3n en la lista de Patrimonio Mundial de la Unesco con una serie de actos en los que la riqueza ambiental de su entorno natural es protagonista. Mientras, las recreaciones hist\u00f3ricas tomar\u00e1n el faro el fin de semana alrededor del Centro de Interpretaci\u00f3n y Atenci\u00f3n al Visitante CIAV).<\/p>\n<p>Adem\u00e1s, tambi\u00e9n se han programado actividades en torno a esta celebraci\u00f3n, como la participaci\u00f3n de la directora de la Torre de H\u00e9rcules, Ana Santorun, en la mesa redonda &#8216;La biodiversidad de la Torre de H\u00e9rcules, nuestro patrimonio m\u00e1s natural&#8217;, junto a la concejala de Medio Ambiente de A Coru\u00f1a, Mar\u00eda Garc\u00eda, para reflexionar sobre el aprovechamiento sostenible de este recurso tur\u00edstico.<\/p>\n<p>El valor ambiental del espacio en el que se asienta el faro tambi\u00e9n es protagonista en las fotos y v\u00eddeos que participan en el concurso #7aniversariopatrimoniomundial, que se mantiene activo hasta final de mes a trav\u00e9s de los perfiles de la Torre de H\u00e9rcules en redes sociales.<\/p>\n<p>PROGRAMA DE ACTOS &#8216;AVE CRUNIA&#8217;<\/p>\n<p>Por otro lado, las recreaciones de la \u00e9poca romana de &#8216;Ave Crunia&#8217; vuelven a la Torre el s\u00e1bado 2 y el domingo 3. Este a\u00f1o, se centran en la relevancia que tuvo A Coru\u00f1a como base mar\u00edtima durante el Siglo de Oro.<\/p>\n<p>Los actos se realizan en colaboraci\u00f3n con Royal Green Jackets, Recreadores de Galicia y la Academia de la Espada-Esgrima Antigua Comunicaci\u00f3n Turismo de A Coru\u00f1a.<\/p>\n","protected":false},"excerpt":{"rendered":"<p>La torre de H\u00e9rcules amaneci\u00f3 este lunes iluminada de color azul para celebrar el s\u00e9ptimo aniversario de su declaraci\u00f3n como Patrimonio de la Humanidad. El faro en activo m\u00e1s antiguo del mundo festeja su inclusi\u00f3n en la lista de Patrimonio Mundial de la Unesco con una serie de actos en los que la riqueza ambiental<\/p>\n","protected":false},"author":1,"featured_media":80864,"comment_status":"open","ping_status":"closed","sticky":false,"template":"","format":"standard","meta":{"footnotes":""},"categories":[224],"tags":[],"class_list":{"0":"post-80863","1":"post","2":"type-post","3":"status-publish","4":"format-standard","5":"has-post-thumbnail","7":"category-noticias-actualidad"},"aioseo_notices":[],"aioseo_head":"\n\t\t<!-- All in One SEO Pro 4.9.6.1 - aioseo.com -->\n\t<meta name=\"description\" content=\"La torre de H\u00e9rcules amaneci\u00f3 este lunes iluminada de color azul para celebrar el s\u00e9ptimo aniversario de su declaraci\u00f3n como Patrimonio de la Humanidad. El faro en activo m\u00e1s antiguo del mundo festeja su inclusi\u00f3n en la lista de Patrimonio Mundial de la Unesco con una serie de actos en los que la riqueza ambiental\" \/>\n\t<meta name=\"robots\" content=\"max-image-preview:large\" \/>\n\t<meta name=\"author\" content=\"admin\"\/>\n\t<meta name=\"google-site-verification\" content=\"UA-38556648-1\" \/>\n\t<meta name=\"keywords\" content=\"noticias y actualidad\" \/>\n\t<link rel=\"canonical\" href=\"https:\/\/eldigitaldeasturias.com\/magazine365\/la-torre-de-hercules-amanece-iluminada-de-azul\/\" \/>\n\t<meta name=\"generator\" content=\"All in One SEO Pro (AIOSEO) 4.9.6.1\" \/>\n\t\t<meta property=\"og:locale\" content=\"es_ES\" \/>\n\t\t<meta property=\"og:site_name\" content=\"El Digital de Asturias \u2013 Revista de ocio, turismo y estilo de vida\" \/>\n\t\t<meta property=\"og:type\" content=\"article\" \/>\n\t\t<meta property=\"og:title\" content=\"La Torre de H\u00e9rcules amanece iluminada de azul | El Digital de Asturias\" \/>\n\t\t<meta property=\"og:description\" content=\"La torre de H\u00e9rcules amaneci\u00f3 este lunes iluminada de color azul para celebrar el s\u00e9ptimo aniversario de su declaraci\u00f3n como Patrimonio de la Humanidad. El faro en activo m\u00e1s antiguo del mundo festeja su inclusi\u00f3n en la lista de Patrimonio Mundial de la Unesco con una serie de actos en los que la riqueza ambiental\" \/>\n\t\t<meta property=\"og:url\" content=\"https:\/\/eldigitaldeasturias.com\/magazine365\/la-torre-de-hercules-amanece-iluminada-de-azul\/\" \/>\n\t\t<meta property=\"og:image\" content=\"https:\/\/eldigitaldeasturias.com\/magazine365\/wp-content\/uploads\/2016\/06\/fotonoticia_20160627170735_800.jpg\" \/>\n\t\t<meta property=\"og:image:secure_url\" content=\"https:\/\/eldigitaldeasturias.com\/magazine365\/wp-content\/uploads\/2016\/06\/fotonoticia_20160627170735_800.jpg\" \/>\n\t\t<meta property=\"og:image:width\" content=\"800\" \/>\n\t\t<meta property=\"og:image:height\" content=\"534\" \/>\n\t\t<meta property=\"article:published_time\" content=\"2016-06-28T05:00:18+00:00\" \/>\n\t\t<meta property=\"article:modified_time\" content=\"2016-06-28T05:00:18+00:00\" \/>\n\t\t<meta name=\"twitter:card\" content=\"summary_large_image\" \/>\n\t\t<meta name=\"twitter:title\" content=\"La Torre de H\u00e9rcules amanece iluminada de azul | El Digital de Asturias\" \/>\n\t\t<meta name=\"twitter:description\" content=\"La torre de H\u00e9rcules amaneci\u00f3 este lunes iluminada de color azul para celebrar el s\u00e9ptimo aniversario de su declaraci\u00f3n como Patrimonio de la Humanidad. El faro en activo m\u00e1s antiguo del mundo festeja su inclusi\u00f3n en la lista de Patrimonio Mundial de la Unesco con una serie de actos en los que la riqueza ambiental\" \/>\n\t\t<meta name=\"twitter:image\" content=\"https:\/\/eldigitaldeasturias.com\/magazine365\/wp-content\/uploads\/2016\/06\/fotonoticia_20160627170735_800.jpg\" \/>\n\t\t<script type=\"application\/ld+json\" class=\"aioseo-schema\">\n\t\t\t{\"@context\":\"https:\\\/\\\/schema.org\",\"@graph\":[{\"@type\":\"Article\",\"@id\":\"https:\\\/\\\/eldigitaldeasturias.com\\\/magazine365\\\/la-torre-de-hercules-amanece-iluminada-de-azul\\\/#article\",\"name\":\"La Torre de H\\u00e9rcules amanece iluminada de azul | El Digital de Asturias\",\"headline\":\"La Torre de H\\u00e9rcules amanece iluminada de azul\",\"author\":{\"@id\":\"https:\\\/\\\/eldigitaldeasturias.com\\\/magazine365\\\/author\\\/admin\\\/#author\"},\"publisher\":{\"@id\":\"https:\\\/\\\/eldigitaldeasturias.com\\\/magazine365\\\/#organization\"},\"image\":{\"@type\":\"ImageObject\",\"url\":\"https:\\\/\\\/eldigitaldeasturias.com\\\/magazine365\\\/wp-content\\\/uploads\\\/2016\\\/06\\\/fotonoticia_20160627170735_800.jpg\",\"width\":800,\"height\":534},\"datePublished\":\"2016-06-28T07:00:18+02:00\",\"dateModified\":\"2016-06-28T07:00:18+02:00\",\"inLanguage\":\"es-ES\",\"mainEntityOfPage\":{\"@id\":\"https:\\\/\\\/eldigitaldeasturias.com\\\/magazine365\\\/la-torre-de-hercules-amanece-iluminada-de-azul\\\/#webpage\"},\"isPartOf\":{\"@id\":\"https:\\\/\\\/eldigitaldeasturias.com\\\/magazine365\\\/la-torre-de-hercules-amanece-iluminada-de-azul\\\/#webpage\"},\"articleSection\":\"Noticias y Actualidad\"},{\"@type\":\"BreadcrumbList\",\"@id\":\"https:\\\/\\\/eldigitaldeasturias.com\\\/magazine365\\\/la-torre-de-hercules-amanece-iluminada-de-azul\\\/#breadcrumblist\",\"itemListElement\":[{\"@type\":\"ListItem\",\"@id\":\"https:\\\/\\\/eldigitaldeasturias.com\\\/magazine365#listItem\",\"position\":1,\"name\":\"Home\",\"item\":\"https:\\\/\\\/eldigitaldeasturias.com\\\/magazine365\",\"nextItem\":{\"@type\":\"ListItem\",\"@id\":\"https:\\\/\\\/eldigitaldeasturias.com\\\/magazine365\\\/category\\\/noticias-actualidad\\\/#listItem\",\"name\":\"Noticias y Actualidad\"}},{\"@type\":\"ListItem\",\"@id\":\"https:\\\/\\\/eldigitaldeasturias.com\\\/magazine365\\\/category\\\/noticias-actualidad\\\/#listItem\",\"position\":2,\"name\":\"Noticias y Actualidad\",\"item\":\"https:\\\/\\\/eldigitaldeasturias.com\\\/magazine365\\\/category\\\/noticias-actualidad\\\/\",\"nextItem\":{\"@type\":\"ListItem\",\"@id\":\"https:\\\/\\\/eldigitaldeasturias.com\\\/magazine365\\\/la-torre-de-hercules-amanece-iluminada-de-azul\\\/#listItem\",\"name\":\"La Torre de H\\u00e9rcules amanece iluminada de azul\"},\"previousItem\":{\"@type\":\"ListItem\",\"@id\":\"https:\\\/\\\/eldigitaldeasturias.com\\\/magazine365#listItem\",\"name\":\"Home\"}},{\"@type\":\"ListItem\",\"@id\":\"https:\\\/\\\/eldigitaldeasturias.com\\\/magazine365\\\/la-torre-de-hercules-amanece-iluminada-de-azul\\\/#listItem\",\"position\":3,\"name\":\"La Torre de H\\u00e9rcules amanece iluminada de azul\",\"previousItem\":{\"@type\":\"ListItem\",\"@id\":\"https:\\\/\\\/eldigitaldeasturias.com\\\/magazine365\\\/category\\\/noticias-actualidad\\\/#listItem\",\"name\":\"Noticias y Actualidad\"}}]},{\"@type\":\"Organization\",\"@id\":\"https:\\\/\\\/eldigitaldeasturias.com\\\/magazine365\\\/#organization\",\"name\":\"El digital de Asturias\",\"description\":\"Revista de ocio, turismo y estilo de vida\",\"url\":\"https:\\\/\\\/eldigitaldeasturias.com\\\/magazine365\\\/\",\"logo\":{\"@type\":\"ImageObject\",\"url\":\"https:\\\/\\\/www.eldigitaldeasturias.com\\\/noticias\\\/wp-content\\\/uploads\\\/2020\\\/12\\\/EDA.jpg\",\"@id\":\"https:\\\/\\\/eldigitaldeasturias.com\\\/magazine365\\\/la-torre-de-hercules-amanece-iluminada-de-azul\\\/#organizationLogo\"},\"image\":{\"@id\":\"https:\\\/\\\/eldigitaldeasturias.com\\\/magazine365\\\/la-torre-de-hercules-amanece-iluminada-de-azul\\\/#organizationLogo\"}},{\"@type\":\"Person\",\"@id\":\"https:\\\/\\\/eldigitaldeasturias.com\\\/magazine365\\\/author\\\/admin\\\/#author\",\"url\":\"https:\\\/\\\/eldigitaldeasturias.com\\\/magazine365\\\/author\\\/admin\\\/\",\"name\":\"admin\",\"image\":{\"@type\":\"ImageObject\",\"@id\":\"https:\\\/\\\/eldigitaldeasturias.com\\\/magazine365\\\/la-torre-de-hercules-amanece-iluminada-de-azul\\\/#authorImage\",\"url\":\"https:\\\/\\\/eldigitaldeasturias.com\\\/magazine365\\\/wp-content\\\/litespeed\\\/avatar\\\/e571bcf59a0edd6fa6838245a470f2fe.jpg?ver=1776969259\",\"width\":96,\"height\":96,\"caption\":\"admin\"}},{\"@type\":\"WebPage\",\"@id\":\"https:\\\/\\\/eldigitaldeasturias.com\\\/magazine365\\\/la-torre-de-hercules-amanece-iluminada-de-azul\\\/#webpage\",\"url\":\"https:\\\/\\\/eldigitaldeasturias.com\\\/magazine365\\\/la-torre-de-hercules-amanece-iluminada-de-azul\\\/\",\"name\":\"La Torre de H\\u00e9rcules amanece iluminada de azul | El Digital de Asturias\",\"description\":\"La torre de H\\u00e9rcules amaneci\\u00f3 este lunes iluminada de color azul para celebrar el s\\u00e9ptimo aniversario de su declaraci\\u00f3n como Patrimonio de la Humanidad. El faro en activo m\\u00e1s antiguo del mundo festeja su inclusi\\u00f3n en la lista de Patrimonio Mundial de la Unesco con una serie de actos en los que la riqueza ambiental\",\"inLanguage\":\"es-ES\",\"isPartOf\":{\"@id\":\"https:\\\/\\\/eldigitaldeasturias.com\\\/magazine365\\\/#website\"},\"breadcrumb\":{\"@id\":\"https:\\\/\\\/eldigitaldeasturias.com\\\/magazine365\\\/la-torre-de-hercules-amanece-iluminada-de-azul\\\/#breadcrumblist\"},\"author\":{\"@id\":\"https:\\\/\\\/eldigitaldeasturias.com\\\/magazine365\\\/author\\\/admin\\\/#author\"},\"creator\":{\"@id\":\"https:\\\/\\\/eldigitaldeasturias.com\\\/magazine365\\\/author\\\/admin\\\/#author\"},\"image\":{\"@type\":\"ImageObject\",\"url\":\"https:\\\/\\\/eldigitaldeasturias.com\\\/magazine365\\\/wp-content\\\/uploads\\\/2016\\\/06\\\/fotonoticia_20160627170735_800.jpg\",\"@id\":\"https:\\\/\\\/eldigitaldeasturias.com\\\/magazine365\\\/la-torre-de-hercules-amanece-iluminada-de-azul\\\/#mainImage\",\"width\":800,\"height\":534},\"primaryImageOfPage\":{\"@id\":\"https:\\\/\\\/eldigitaldeasturias.com\\\/magazine365\\\/la-torre-de-hercules-amanece-iluminada-de-azul\\\/#mainImage\"},\"datePublished\":\"2016-06-28T07:00:18+02:00\",\"dateModified\":\"2016-06-28T07:00:18+02:00\"},{\"@type\":\"WebSite\",\"@id\":\"https:\\\/\\\/eldigitaldeasturias.com\\\/magazine365\\\/#website\",\"url\":\"https:\\\/\\\/eldigitaldeasturias.com\\\/magazine365\\\/\",\"name\":\"El Digital de Asturias\",\"description\":\"Revista de ocio, turismo y estilo de vida\",\"inLanguage\":\"es-ES\",\"publisher\":{\"@id\":\"https:\\\/\\\/eldigitaldeasturias.com\\\/magazine365\\\/#organization\"}}]}\n\t\t<\/script>\n\t\t<!-- All in One SEO Pro -->\r\n\t\t<title>La Torre de H\u00e9rcules amanece iluminada de azul | El Digital de Asturias<\/title>\n\n","aioseo_head_json":{"title":"La Torre de H\u00e9rcules amanece iluminada de azul | El Digital de Asturias","description":"La torre de H\u00e9rcules amaneci\u00f3 este lunes iluminada de color azul para celebrar el s\u00e9ptimo aniversario de su declaraci\u00f3n como Patrimonio de la Humanidad. El faro en activo m\u00e1s antiguo del mundo festeja su inclusi\u00f3n en la lista de Patrimonio Mundial de la Unesco con una serie de actos en los que la riqueza ambiental","canonical_url":"https:\/\/eldigitaldeasturias.com\/magazine365\/la-torre-de-hercules-amanece-iluminada-de-azul\/","robots":"max-image-preview:large","keywords":"noticias y actualidad","webmasterTools":{"google-site-verification":"UA-38556648-1","miscellaneous":""},"schema":{"@context":"https:\/\/schema.org","@graph":[{"@type":"Article","@id":"https:\/\/eldigitaldeasturias.com\/magazine365\/la-torre-de-hercules-amanece-iluminada-de-azul\/#article","name":"La Torre de H\u00e9rcules amanece iluminada de azul | El Digital de Asturias","headline":"La Torre de H\u00e9rcules amanece iluminada de azul","author":{"@id":"https:\/\/eldigitaldeasturias.com\/magazine365\/author\/admin\/#author"},"publisher":{"@id":"https:\/\/eldigitaldeasturias.com\/magazine365\/#organization"},"image":{"@type":"ImageObject","url":"https:\/\/eldigitaldeasturias.com\/magazine365\/wp-content\/uploads\/2016\/06\/fotonoticia_20160627170735_800.jpg","width":800,"height":534},"datePublished":"2016-06-28T07:00:18+02:00","dateModified":"2016-06-28T07:00:18+02:00","inLanguage":"es-ES","mainEntityOfPage":{"@id":"https:\/\/eldigitaldeasturias.com\/magazine365\/la-torre-de-hercules-amanece-iluminada-de-azul\/#webpage"},"isPartOf":{"@id":"https:\/\/eldigitaldeasturias.com\/magazine365\/la-torre-de-hercules-amanece-iluminada-de-azul\/#webpage"},"articleSection":"Noticias y Actualidad"},{"@type":"BreadcrumbList","@id":"https:\/\/eldigitaldeasturias.com\/magazine365\/la-torre-de-hercules-amanece-iluminada-de-azul\/#breadcrumblist","itemListElement":[{"@type":"ListItem","@id":"https:\/\/eldigitaldeasturias.com\/magazine365#listItem","position":1,"name":"Home","item":"https:\/\/eldigitaldeasturias.com\/magazine365","nextItem":{"@type":"ListItem","@id":"https:\/\/eldigitaldeasturias.com\/magazine365\/category\/noticias-actualidad\/#listItem","name":"Noticias y Actualidad"}},{"@type":"ListItem","@id":"https:\/\/eldigitaldeasturias.com\/magazine365\/category\/noticias-actualidad\/#listItem","position":2,"name":"Noticias y Actualidad","item":"https:\/\/eldigitaldeasturias.com\/magazine365\/category\/noticias-actualidad\/","nextItem":{"@type":"ListItem","@id":"https:\/\/eldigitaldeasturias.com\/magazine365\/la-torre-de-hercules-amanece-iluminada-de-azul\/#listItem","name":"La Torre de H\u00e9rcules amanece iluminada de azul"},"previousItem":{"@type":"ListItem","@id":"https:\/\/eldigitaldeasturias.com\/magazine365#listItem","name":"Home"}},{"@type":"ListItem","@id":"https:\/\/eldigitaldeasturias.com\/magazine365\/la-torre-de-hercules-amanece-iluminada-de-azul\/#listItem","position":3,"name":"La Torre de H\u00e9rcules amanece iluminada de azul","previousItem":{"@type":"ListItem","@id":"https:\/\/eldigitaldeasturias.com\/magazine365\/category\/noticias-actualidad\/#listItem","name":"Noticias y Actualidad"}}]},{"@type":"Organization","@id":"https:\/\/eldigitaldeasturias.com\/magazine365\/#organization","name":"El digital de Asturias","description":"Revista de ocio, turismo y estilo de vida","url":"https:\/\/eldigitaldeasturias.com\/magazine365\/","logo":{"@type":"ImageObject","url":"https:\/\/www.eldigitaldeasturias.com\/noticias\/wp-content\/uploads\/2020\/12\/EDA.jpg","@id":"https:\/\/eldigitaldeasturias.com\/magazine365\/la-torre-de-hercules-amanece-iluminada-de-azul\/#organizationLogo"},"image":{"@id":"https:\/\/eldigitaldeasturias.com\/magazine365\/la-torre-de-hercules-amanece-iluminada-de-azul\/#organizationLogo"}},{"@type":"Person","@id":"https:\/\/eldigitaldeasturias.com\/magazine365\/author\/admin\/#author","url":"https:\/\/eldigitaldeasturias.com\/magazine365\/author\/admin\/","name":"admin","image":{"@type":"ImageObject","@id":"https:\/\/eldigitaldeasturias.com\/magazine365\/la-torre-de-hercules-amanece-iluminada-de-azul\/#authorImage","url":"https:\/\/eldigitaldeasturias.com\/magazine365\/wp-content\/litespeed\/avatar\/e571bcf59a0edd6fa6838245a470f2fe.jpg?ver=1776969259","width":96,"height":96,"caption":"admin"}},{"@type":"WebPage","@id":"https:\/\/eldigitaldeasturias.com\/magazine365\/la-torre-de-hercules-amanece-iluminada-de-azul\/#webpage","url":"https:\/\/eldigitaldeasturias.com\/magazine365\/la-torre-de-hercules-amanece-iluminada-de-azul\/","name":"La Torre de H\u00e9rcules amanece iluminada de azul | El Digital de Asturias","description":"La torre de H\u00e9rcules amaneci\u00f3 este lunes iluminada de color azul para celebrar el s\u00e9ptimo aniversario de su declaraci\u00f3n como Patrimonio de la Humanidad. El faro en activo m\u00e1s antiguo del mundo festeja su inclusi\u00f3n en la lista de Patrimonio Mundial de la Unesco con una serie de actos en los que la riqueza ambiental","inLanguage":"es-ES","isPartOf":{"@id":"https:\/\/eldigitaldeasturias.com\/magazine365\/#website"},"breadcrumb":{"@id":"https:\/\/eldigitaldeasturias.com\/magazine365\/la-torre-de-hercules-amanece-iluminada-de-azul\/#breadcrumblist"},"author":{"@id":"https:\/\/eldigitaldeasturias.com\/magazine365\/author\/admin\/#author"},"creator":{"@id":"https:\/\/eldigitaldeasturias.com\/magazine365\/author\/admin\/#author"},"image":{"@type":"ImageObject","url":"https:\/\/eldigitaldeasturias.com\/magazine365\/wp-content\/uploads\/2016\/06\/fotonoticia_20160627170735_800.jpg","@id":"https:\/\/eldigitaldeasturias.com\/magazine365\/la-torre-de-hercules-amanece-iluminada-de-azul\/#mainImage","width":800,"height":534},"primaryImageOfPage":{"@id":"https:\/\/eldigitaldeasturias.com\/magazine365\/la-torre-de-hercules-amanece-iluminada-de-azul\/#mainImage"},"datePublished":"2016-06-28T07:00:18+02:00","dateModified":"2016-06-28T07:00:18+02:00"},{"@type":"WebSite","@id":"https:\/\/eldigitaldeasturias.com\/magazine365\/#website","url":"https:\/\/eldigitaldeasturias.com\/magazine365\/","name":"El Digital de Asturias","description":"Revista de ocio, turismo y estilo de vida","inLanguage":"es-ES","publisher":{"@id":"https:\/\/eldigitaldeasturias.com\/magazine365\/#organization"}}]},"og:locale":"es_ES","og:site_name":"El Digital de Asturias \u2013 Revista de ocio, turismo y estilo de vida","og:type":"article","og:title":"La Torre de H\u00e9rcules amanece iluminada de azul | El Digital de Asturias","og:description":"La torre de H\u00e9rcules amaneci\u00f3 este lunes iluminada de color azul para celebrar el s\u00e9ptimo aniversario de su declaraci\u00f3n como Patrimonio de la Humanidad. El faro en activo m\u00e1s antiguo del mundo festeja su inclusi\u00f3n en la lista de Patrimonio Mundial de la Unesco con una serie de actos en los que la riqueza ambiental","og:url":"https:\/\/eldigitaldeasturias.com\/magazine365\/la-torre-de-hercules-amanece-iluminada-de-azul\/","og:image":"https:\/\/eldigitaldeasturias.com\/magazine365\/wp-content\/uploads\/2016\/06\/fotonoticia_20160627170735_800.jpg","og:image:secure_url":"https:\/\/eldigitaldeasturias.com\/magazine365\/wp-content\/uploads\/2016\/06\/fotonoticia_20160627170735_800.jpg","og:image:width":800,"og:image:height":534,"article:published_time":"2016-06-28T05:00:18+00:00","article:modified_time":"2016-06-28T05:00:18+00:00","twitter:card":"summary_large_image","twitter:title":"La Torre de H\u00e9rcules amanece iluminada de azul | El Digital de Asturias","twitter:description":"La torre de H\u00e9rcules amaneci\u00f3 este lunes iluminada de color azul para celebrar el s\u00e9ptimo aniversario de su declaraci\u00f3n como Patrimonio de la Humanidad. El faro en activo m\u00e1s antiguo del mundo festeja su inclusi\u00f3n en la lista de Patrimonio Mundial de la Unesco con una serie de actos en los que la riqueza ambiental","twitter:image":"https:\/\/eldigitaldeasturias.com\/magazine365\/wp-content\/uploads\/2016\/06\/fotonoticia_20160627170735_800.jpg"},"aioseo_meta_data":{"post_id":"80863","title":null,"description":null,"keywords":null,"keyphrases":null,"primary_term":null,"canonical_url":null,"og_title":null,"og_description":null,"og_object_type":"default","og_image_type":"default","og_image_url":null,"og_image_width":null,"og_image_height":null,"og_image_custom_url":null,"og_image_custom_fields":null,"og_video":null,"og_custom_url":null,"og_article_section":null,"og_article_tags":null,"twitter_use_og":false,"twitter_card":"default","twitter_image_type":"default","twitter_image_url":null,"twitter_image_custom_url":null,"twitter_image_custom_fields":null,"twitter_title":null,"twitter_description":null,"schema":{"blockGraphs":[],"customGraphs":[],"default":{"data":{"Article":[],"Course":[],"Dataset":[],"FAQPage":[],"Movie":[],"Person":[],"Product":[],"ProductReview":[],"Car":[],"Recipe":[],"Service":[],"SoftwareApplication":[],"WebPage":[]},"graphName":"","isEnabled":true},"graphs":[],"defaultGraph":"","defaultPostTypeGraph":""},"schema_type":null,"schema_type_options":null,"pillar_content":false,"robots_default":true,"robots_noindex":false,"robots_noarchive":false,"robots_nosnippet":false,"robots_nofollow":false,"robots_noimageindex":false,"robots_noodp":false,"robots_notranslate":false,"robots_max_snippet":null,"robots_max_videopreview":null,"robots_max_imagepreview":"large","priority":null,"frequency":null,"location":null,"local_seo":null,"seo_analyzer_scan_date":"2025-09-27 21:42:25","breadcrumb_settings":null,"limit_modified_date":false,"open_ai":null,"ai":null,"created":"2021-03-08 17:25:14","updated":"2025-09-27 21:42:25"},"aioseo_breadcrumb":"<div class=\"aioseo-breadcrumbs\"><span class=\"aioseo-breadcrumb\">\n\t<a href=\"https:\/\/eldigitaldeasturias.com\/magazine365\" title=\"Home\">Home<\/a>\n<\/span><span class=\"aioseo-breadcrumb-separator\">\u2013<\/span><span class=\"aioseo-breadcrumb\">\n\t<a href=\"https:\/\/eldigitaldeasturias.com\/magazine365\/category\/noticias-actualidad\/\" title=\"Noticias y Actualidad\">Noticias y Actualidad<\/a>\n<\/span><span class=\"aioseo-breadcrumb-separator\">\u2013<\/span><span class=\"aioseo-breadcrumb\">\n\t<a href=\"https:\/\/eldigitaldeasturias.com\/magazine365\/la-torre-de-hercules-amanece-iluminada-de-azul\/\" title=\"La Torre de H\u00e9rcules amanece iluminada de azul\">La Torre de H\u00e9rcules amanece iluminada de azul<\/a>\n<\/span><\/div>","aioseo_breadcrumb_json":[{"label":"Home","link":"https:\/\/eldigitaldeasturias.com\/magazine365"},{"label":"Noticias y Actualidad","link":"https:\/\/eldigitaldeasturias.com\/magazine365\/category\/noticias-actualidad\/"},{"label":"La Torre de H\u00e9rcules amanece iluminada de azul","link":"https:\/\/eldigitaldeasturias.com\/magazine365\/la-torre-de-hercules-amanece-iluminada-de-azul\/"}],"_links":{"self":[{"href":"https:\/\/eldigitaldeasturias.com\/magazine365\/wp-json\/wp\/v2\/posts\/80863","targetHints":{"allow":["GET"]}}],"collection":[{"href":"https:\/\/eldigitaldeasturias.com\/magazine365\/wp-json\/wp\/v2\/posts"}],"about":[{"href":"https:\/\/eldigitaldeasturias.com\/magazine365\/wp-json\/wp\/v2\/types\/post"}],"author":[{"embeddable":true,"href":"https:\/\/eldigitaldeasturias.com\/magazine365\/wp-json\/wp\/v2\/users\/1"}],"replies":[{"embeddable":true,"href":"https:\/\/eldigitaldeasturias.com\/magazine365\/wp-json\/wp\/v2\/comments?post=80863"}],"version-history":[{"count":0,"href":"https:\/\/eldigitaldeasturias.com\/magazine365\/wp-json\/wp\/v2\/posts\/80863\/revisions"}],"wp:featuredmedia":[{"embeddable":true,"href":"https:\/\/eldigitaldeasturias.com\/magazine365\/wp-json\/wp\/v2\/media\/80864"}],"wp:attachment":[{"href":"https:\/\/eldigitaldeasturias.com\/magazine365\/wp-json\/wp\/v2\/media?parent=80863"}],"wp:term":[{"taxonomy":"category","embeddable":true,"href":"https:\/\/eldigitaldeasturias.com\/magazine365\/wp-json\/wp\/v2\/categories?post=80863"},{"taxonomy":"post_tag","embeddable":true,"href":"https:\/\/eldigitaldeasturias.com\/magazine365\/wp-json\/wp\/v2\/tags?post=80863"}],"curies":[{"name":"wp","href":"https:\/\/api.w.org\/{rel}","templated":true}]}}