{"id":80848,"date":"2016-06-28T06:47:46","date_gmt":"2016-06-28T04:47:46","guid":{"rendered":"http:\/\/eldigitaldeasturias.com\/magazine365\/?p=80848"},"modified":"2016-06-28T06:47:46","modified_gmt":"2016-06-28T04:47:46","slug":"exposicion-de-los-25-carteles-para-ser-la-imagen-de-la-xviii-edicion-del-festival-corto-ciudad-real","status":"publish","type":"post","link":"https:\/\/eldigitaldeasturias.com\/magazine365\/exposicion-de-los-25-carteles-para-ser-la-imagen-de-la-xviii-edicion-del-festival-corto-ciudad-real\/","title":{"rendered":"Exposici\u00f3n de los 25 carteles para ser la imagen de la XVIII edici\u00f3n del Festival Corto Ciudad Real."},"content":{"rendered":"<p><img fetchpriority=\"high\" decoding=\"async\" class=\"alignleft size-medium wp-image-80849\" src=\"https:\/\/eldigitaldeasturias.com\/magazine365\/wp-content\/uploads\/2016\/06\/fotonoticia_20160627163058_800-360x239.jpg\" alt=\"fotonoticia_20160627163058_800\" width=\"360\" height=\"239\" srcset=\"https:\/\/eldigitaldeasturias.com\/magazine365\/wp-content\/uploads\/2016\/06\/fotonoticia_20160627163058_800-360x239.jpg 360w, https:\/\/eldigitaldeasturias.com\/magazine365\/wp-content\/uploads\/2016\/06\/fotonoticia_20160627163058_800-650x432.jpg 650w, https:\/\/eldigitaldeasturias.com\/magazine365\/wp-content\/uploads\/2016\/06\/fotonoticia_20160627163058_800-768x511.jpg 768w, https:\/\/eldigitaldeasturias.com\/magazine365\/wp-content\/uploads\/2016\/06\/fotonoticia_20160627163058_800-150x100.jpg 150w, https:\/\/eldigitaldeasturias.com\/magazine365\/wp-content\/uploads\/2016\/06\/fotonoticia_20160627163058_800-450x299.jpg 450w, https:\/\/eldigitaldeasturias.com\/magazine365\/wp-content\/uploads\/2016\/06\/fotonoticia_20160627163058_800-121x79.jpg 121w, https:\/\/eldigitaldeasturias.com\/magazine365\/wp-content\/uploads\/2016\/06\/fotonoticia_20160627163058_800-101x66.jpg 101w, https:\/\/eldigitaldeasturias.com\/magazine365\/wp-content\/uploads\/2016\/06\/fotonoticia_20160627163058_800.jpg 800w\" sizes=\"(max-width: 360px) 100vw, 360px\" \/>El Espacio Joven de la calle Barcelona de Ciudad Real acoger\u00e1 durante toda esta semana una exposici\u00f3n con los 25 carteles que se presentaron al concurso para ser la imagen de la XVIII edici\u00f3n del Festival Corto Ciudad Real.<\/p>\n<p>La concejal de Juventud, Sara Mart\u00ednez, ha destacado que \u00e9sta es \u00abla edici\u00f3n de la vuelta\u00bb, tras seis a\u00f1os de par\u00f3n, algo por lo que el Consistorio est\u00e1 \u00aborgulloso de que Ciudad Real recupere una parte de su esencia cultural y art\u00edstica y su amor por el cine\u00bb, seg\u00fan ha informado el Ayuntamiento en nota de prensa.<\/p>\n<p>En este sentido, ha se\u00f1alado que \u00abera una demanda de Ciudad Real el volver a hacer el festival que se ha configurado como festival de calle\u00bb, con diferentes sedes como el patio del Museo L\u00f3pez-Villase\u00f1or, el Parque de Gasset o el Espacio Joven, junto con el Teatro Quijano, para que la gente se acerque a ver cortos y disfrutar de los conciertos con jazz y con la banda de m\u00fasica de Ciudad Real.<\/p>\n<p>A esta edici\u00f3n del Festival se han presentado 22 directores locales, algo que denota para la edil que \u00abhay realizadores que se est\u00e1n moviendo y es importante reconocer su labor y exponerla al p\u00fablico\u00bb. En este sentido, ha agradecido la colaboraci\u00f3n de los alumnos de la Escuela de Arte \u00abque han ofrecido su punto de vista sobre este festival aportando mucho amor por el cine en estos carteles\u00bb.<\/p>\n<p>De su lado, la codirectora del Festival, Pepa G\u00f3mez, ha dicho que \u00abcuando los directores valoran a qu\u00e9 citas se presentan, la importancia del festival cuenta\u00bb.<\/p>\n<p>Seg\u00fan ha explicado la codirectora Blanca S\u00e1enz, este lunes ser\u00e1 la inauguraci\u00f3n oficial del Festival a las 21.00 horas en la plaza Mayor, donde el grupo de voluntariado de &#8216;Toma Mi Tiempo&#8217; realizar\u00e1 coreograf\u00edas relacionadas con el cine.<\/p>\n<p>Posteriormente, se desplazar\u00e1n hasta el Museo L\u00f3pez Villase\u00f1or, donde se conjugar\u00e1 cine y m\u00fasica para pasar despu\u00e9s a las proyecciones\u00bb. En esta cita, el poeta Dyso y Victoria S\u00e1enz Quintet mezclar\u00e1n el slam (rap y spoken word) con la m\u00fasica de bandas sonoras reconocidas.<\/p>\n<p>PROYECCIONES DE LOS 11 PRIMEROS CORTOS<\/p>\n<p>De este modo, se dar\u00e1 inicio a las proyecciones de los primeros 11 cortometrajes seleccionados por la direcci\u00f3n del Festival en la secci\u00f3n no oficial. As\u00ed, en el patio del Museo se podr\u00e1n ver &#8216;Naturales&#8217;, de David Ulloa; &#8216;Bla Bla Bla&#8217;, de Alexis Morante; &#8216;Padre&#8217;, de Santiago Bou Grasso; &#8216;Wasted Night&#8217;, de Joseph Catt\u00e9; &#8216;Em caso per ella&#8217;, de Albert Arcas; &#8216;Los t\u00edos no preguntan&#8217;, de Javier L\u00f3pez; &#8216;El corredor&#8217;, de Jos\u00e9 Luis Montesinos; &#8216;La valse m\u00e9canique&#8217;, de Dykmans Julien; &#8216;Chevaliers Errants&#8217;, de Laurent Leclerc; &#8216;D\u00e9jame libre&#8217;, de Mar\u00eda Garc\u00eda de Le\u00f3n; y &#8216;Ada&#8217; de Max Larruy y Tulio Ferreira.<\/p>\n<p>El martes, d\u00eda 28, continuar\u00e1n las proyecciones de la secci\u00f3n no oficial al aire libre en el Parque de Gasset, junto a la Fuente de la Talaverana a las 22.30 horas. El mi\u00e9rcoles 29 la cita con los cortometrajes se traslada al Espacio Joven de la calle Barcelona a la misma hora y el jueves, 30 de junio, y viernes, 1 de julio, el Teatro Quijano albergar\u00e1 las proyecciones de los cortos seleccionados para formar parte de la secci\u00f3n oficial.<\/p>\n<p>As\u00ed, las obras ganadoras se conocer\u00e1n en la Gala de Clausura que se celebrar\u00e1 el s\u00e1bado, 2 de julio, en el Teatro Municipal Quijano a partir de las 21.30 horas.<\/p>\n<p>Este Festival est\u00e1 organizado por la Concejal\u00eda de Juventud del Ayuntamiento de Ciudad Real con el patrocinio de la Diputaci\u00f3n Provincial de Ciudad Real, Caja Rural Castilla-La Mancha, Tresa Automoci\u00f3n, y Europe Direct, adem\u00e1s de la colaboraci\u00f3n de NH Hoteles, Cerveza Malvados, Quirbody, Estampaciones Mena, Sala Nice, Cerveceria Lager, La Rue, El Condensador de Fluzo, Centro Deportivo Mu\u00e9vete, Sacha Estilistas y Centro de Est\u00e9tica Ritual Visage.<\/p>\n","protected":false},"excerpt":{"rendered":"<p>El Espacio Joven de la calle Barcelona de Ciudad Real acoger\u00e1 durante toda esta semana una exposici\u00f3n con los 25 carteles que se presentaron al concurso para ser la imagen de la XVIII edici\u00f3n del Festival Corto Ciudad Real. La concejal de Juventud, Sara Mart\u00ednez, ha destacado que \u00e9sta es \u00abla edici\u00f3n de la vuelta\u00bb,<\/p>\n","protected":false},"author":1,"featured_media":80849,"comment_status":"open","ping_status":"closed","sticky":false,"template":"","format":"standard","meta":{"footnotes":""},"categories":[224],"tags":[],"class_list":{"0":"post-80848","1":"post","2":"type-post","3":"status-publish","4":"format-standard","5":"has-post-thumbnail","7":"category-noticias-actualidad"},"aioseo_notices":[],"aioseo_head":"\n\t\t<!-- All in One SEO Pro 4.9.6.1 - aioseo.com -->\n\t<meta name=\"description\" content=\"El Espacio Joven de la calle Barcelona de Ciudad Real acoger\u00e1 durante toda esta semana una exposici\u00f3n con los 25 carteles que se presentaron al concurso para ser la imagen de la XVIII edici\u00f3n del Festival Corto Ciudad Real. La concejal de Juventud, Sara Mart\u00ednez, ha destacado que \u00e9sta es &quot;la edici\u00f3n de la vuelta&quot;,\" \/>\n\t<meta name=\"robots\" content=\"max-image-preview:large\" \/>\n\t<meta name=\"author\" content=\"admin\"\/>\n\t<meta name=\"google-site-verification\" content=\"UA-38556648-1\" \/>\n\t<meta name=\"keywords\" content=\"noticias y actualidad\" \/>\n\t<link rel=\"canonical\" href=\"https:\/\/eldigitaldeasturias.com\/magazine365\/exposicion-de-los-25-carteles-para-ser-la-imagen-de-la-xviii-edicion-del-festival-corto-ciudad-real\/\" \/>\n\t<meta name=\"generator\" content=\"All in One SEO Pro (AIOSEO) 4.9.6.1\" \/>\n\t\t<meta property=\"og:locale\" content=\"es_ES\" \/>\n\t\t<meta property=\"og:site_name\" content=\"El Digital de Asturias \u2013 Revista de ocio, turismo y estilo de vida\" \/>\n\t\t<meta property=\"og:type\" content=\"article\" \/>\n\t\t<meta property=\"og:title\" content=\"Exposici\u00f3n de los 25 carteles para ser la imagen de la XVIII edici\u00f3n del Festival Corto Ciudad Real. | El Digital de Asturias\" \/>\n\t\t<meta property=\"og:description\" content=\"El Espacio Joven de la calle Barcelona de Ciudad Real acoger\u00e1 durante toda esta semana una exposici\u00f3n con los 25 carteles que se presentaron al concurso para ser la imagen de la XVIII edici\u00f3n del Festival Corto Ciudad Real. La concejal de Juventud, Sara Mart\u00ednez, ha destacado que \u00e9sta es &quot;la edici\u00f3n de la vuelta&quot;,\" \/>\n\t\t<meta property=\"og:url\" content=\"https:\/\/eldigitaldeasturias.com\/magazine365\/exposicion-de-los-25-carteles-para-ser-la-imagen-de-la-xviii-edicion-del-festival-corto-ciudad-real\/\" \/>\n\t\t<meta property=\"og:image\" content=\"https:\/\/eldigitaldeasturias.com\/magazine365\/wp-content\/uploads\/2016\/06\/fotonoticia_20160627163058_800.jpg\" \/>\n\t\t<meta property=\"og:image:secure_url\" content=\"https:\/\/eldigitaldeasturias.com\/magazine365\/wp-content\/uploads\/2016\/06\/fotonoticia_20160627163058_800.jpg\" \/>\n\t\t<meta property=\"og:image:width\" content=\"800\" \/>\n\t\t<meta property=\"og:image:height\" content=\"532\" \/>\n\t\t<meta property=\"article:published_time\" content=\"2016-06-28T04:47:46+00:00\" \/>\n\t\t<meta property=\"article:modified_time\" content=\"2016-06-28T04:47:46+00:00\" \/>\n\t\t<meta name=\"twitter:card\" content=\"summary_large_image\" \/>\n\t\t<meta name=\"twitter:title\" content=\"Exposici\u00f3n de los 25 carteles para ser la imagen de la XVIII edici\u00f3n del Festival Corto Ciudad Real. | El Digital de Asturias\" \/>\n\t\t<meta name=\"twitter:description\" content=\"El Espacio Joven de la calle Barcelona de Ciudad Real acoger\u00e1 durante toda esta semana una exposici\u00f3n con los 25 carteles que se presentaron al concurso para ser la imagen de la XVIII edici\u00f3n del Festival Corto Ciudad Real. La concejal de Juventud, Sara Mart\u00ednez, ha destacado que \u00e9sta es &quot;la edici\u00f3n de la vuelta&quot;,\" \/>\n\t\t<meta name=\"twitter:image\" content=\"https:\/\/eldigitaldeasturias.com\/magazine365\/wp-content\/uploads\/2016\/06\/fotonoticia_20160627163058_800.jpg\" \/>\n\t\t<script type=\"application\/ld+json\" class=\"aioseo-schema\">\n\t\t\t{\"@context\":\"https:\\\/\\\/schema.org\",\"@graph\":[{\"@type\":\"Article\",\"@id\":\"https:\\\/\\\/eldigitaldeasturias.com\\\/magazine365\\\/exposicion-de-los-25-carteles-para-ser-la-imagen-de-la-xviii-edicion-del-festival-corto-ciudad-real\\\/#article\",\"name\":\"Exposici\\u00f3n de los 25 carteles para ser la imagen de la XVIII edici\\u00f3n del Festival Corto Ciudad Real. | El Digital de Asturias\",\"headline\":\"Exposici\\u00f3n de los 25 carteles para ser la imagen de la XVIII edici\\u00f3n del Festival Corto Ciudad Real.\",\"author\":{\"@id\":\"https:\\\/\\\/eldigitaldeasturias.com\\\/magazine365\\\/author\\\/admin\\\/#author\"},\"publisher\":{\"@id\":\"https:\\\/\\\/eldigitaldeasturias.com\\\/magazine365\\\/#organization\"},\"image\":{\"@type\":\"ImageObject\",\"url\":\"https:\\\/\\\/eldigitaldeasturias.com\\\/magazine365\\\/wp-content\\\/uploads\\\/2016\\\/06\\\/fotonoticia_20160627163058_800.jpg\",\"width\":800,\"height\":532},\"datePublished\":\"2016-06-28T06:47:46+02:00\",\"dateModified\":\"2016-06-28T06:47:46+02:00\",\"inLanguage\":\"es-ES\",\"mainEntityOfPage\":{\"@id\":\"https:\\\/\\\/eldigitaldeasturias.com\\\/magazine365\\\/exposicion-de-los-25-carteles-para-ser-la-imagen-de-la-xviii-edicion-del-festival-corto-ciudad-real\\\/#webpage\"},\"isPartOf\":{\"@id\":\"https:\\\/\\\/eldigitaldeasturias.com\\\/magazine365\\\/exposicion-de-los-25-carteles-para-ser-la-imagen-de-la-xviii-edicion-del-festival-corto-ciudad-real\\\/#webpage\"},\"articleSection\":\"Noticias y Actualidad\"},{\"@type\":\"BreadcrumbList\",\"@id\":\"https:\\\/\\\/eldigitaldeasturias.com\\\/magazine365\\\/exposicion-de-los-25-carteles-para-ser-la-imagen-de-la-xviii-edicion-del-festival-corto-ciudad-real\\\/#breadcrumblist\",\"itemListElement\":[{\"@type\":\"ListItem\",\"@id\":\"https:\\\/\\\/eldigitaldeasturias.com\\\/magazine365#listItem\",\"position\":1,\"name\":\"Home\",\"item\":\"https:\\\/\\\/eldigitaldeasturias.com\\\/magazine365\",\"nextItem\":{\"@type\":\"ListItem\",\"@id\":\"https:\\\/\\\/eldigitaldeasturias.com\\\/magazine365\\\/category\\\/noticias-actualidad\\\/#listItem\",\"name\":\"Noticias y Actualidad\"}},{\"@type\":\"ListItem\",\"@id\":\"https:\\\/\\\/eldigitaldeasturias.com\\\/magazine365\\\/category\\\/noticias-actualidad\\\/#listItem\",\"position\":2,\"name\":\"Noticias y Actualidad\",\"item\":\"https:\\\/\\\/eldigitaldeasturias.com\\\/magazine365\\\/category\\\/noticias-actualidad\\\/\",\"nextItem\":{\"@type\":\"ListItem\",\"@id\":\"https:\\\/\\\/eldigitaldeasturias.com\\\/magazine365\\\/exposicion-de-los-25-carteles-para-ser-la-imagen-de-la-xviii-edicion-del-festival-corto-ciudad-real\\\/#listItem\",\"name\":\"Exposici\\u00f3n de los 25 carteles para ser la imagen de la XVIII edici\\u00f3n del Festival Corto Ciudad Real.\"},\"previousItem\":{\"@type\":\"ListItem\",\"@id\":\"https:\\\/\\\/eldigitaldeasturias.com\\\/magazine365#listItem\",\"name\":\"Home\"}},{\"@type\":\"ListItem\",\"@id\":\"https:\\\/\\\/eldigitaldeasturias.com\\\/magazine365\\\/exposicion-de-los-25-carteles-para-ser-la-imagen-de-la-xviii-edicion-del-festival-corto-ciudad-real\\\/#listItem\",\"position\":3,\"name\":\"Exposici\\u00f3n de los 25 carteles para ser la imagen de la XVIII edici\\u00f3n del Festival Corto Ciudad Real.\",\"previousItem\":{\"@type\":\"ListItem\",\"@id\":\"https:\\\/\\\/eldigitaldeasturias.com\\\/magazine365\\\/category\\\/noticias-actualidad\\\/#listItem\",\"name\":\"Noticias y Actualidad\"}}]},{\"@type\":\"Organization\",\"@id\":\"https:\\\/\\\/eldigitaldeasturias.com\\\/magazine365\\\/#organization\",\"name\":\"El digital de Asturias\",\"description\":\"Revista de ocio, turismo y estilo de vida\",\"url\":\"https:\\\/\\\/eldigitaldeasturias.com\\\/magazine365\\\/\",\"logo\":{\"@type\":\"ImageObject\",\"url\":\"https:\\\/\\\/www.eldigitaldeasturias.com\\\/noticias\\\/wp-content\\\/uploads\\\/2020\\\/12\\\/EDA.jpg\",\"@id\":\"https:\\\/\\\/eldigitaldeasturias.com\\\/magazine365\\\/exposicion-de-los-25-carteles-para-ser-la-imagen-de-la-xviii-edicion-del-festival-corto-ciudad-real\\\/#organizationLogo\"},\"image\":{\"@id\":\"https:\\\/\\\/eldigitaldeasturias.com\\\/magazine365\\\/exposicion-de-los-25-carteles-para-ser-la-imagen-de-la-xviii-edicion-del-festival-corto-ciudad-real\\\/#organizationLogo\"}},{\"@type\":\"Person\",\"@id\":\"https:\\\/\\\/eldigitaldeasturias.com\\\/magazine365\\\/author\\\/admin\\\/#author\",\"url\":\"https:\\\/\\\/eldigitaldeasturias.com\\\/magazine365\\\/author\\\/admin\\\/\",\"name\":\"admin\",\"image\":{\"@type\":\"ImageObject\",\"@id\":\"https:\\\/\\\/eldigitaldeasturias.com\\\/magazine365\\\/exposicion-de-los-25-carteles-para-ser-la-imagen-de-la-xviii-edicion-del-festival-corto-ciudad-real\\\/#authorImage\",\"url\":\"https:\\\/\\\/eldigitaldeasturias.com\\\/magazine365\\\/wp-content\\\/litespeed\\\/avatar\\\/e571bcf59a0edd6fa6838245a470f2fe.jpg?ver=1776969259\",\"width\":96,\"height\":96,\"caption\":\"admin\"}},{\"@type\":\"WebPage\",\"@id\":\"https:\\\/\\\/eldigitaldeasturias.com\\\/magazine365\\\/exposicion-de-los-25-carteles-para-ser-la-imagen-de-la-xviii-edicion-del-festival-corto-ciudad-real\\\/#webpage\",\"url\":\"https:\\\/\\\/eldigitaldeasturias.com\\\/magazine365\\\/exposicion-de-los-25-carteles-para-ser-la-imagen-de-la-xviii-edicion-del-festival-corto-ciudad-real\\\/\",\"name\":\"Exposici\\u00f3n de los 25 carteles para ser la imagen de la XVIII edici\\u00f3n del Festival Corto Ciudad Real. | El Digital de Asturias\",\"description\":\"El Espacio Joven de la calle Barcelona de Ciudad Real acoger\\u00e1 durante toda esta semana una exposici\\u00f3n con los 25 carteles que se presentaron al concurso para ser la imagen de la XVIII edici\\u00f3n del Festival Corto Ciudad Real. La concejal de Juventud, Sara Mart\\u00ednez, ha destacado que \\u00e9sta es \\\"la edici\\u00f3n de la vuelta\\\",\",\"inLanguage\":\"es-ES\",\"isPartOf\":{\"@id\":\"https:\\\/\\\/eldigitaldeasturias.com\\\/magazine365\\\/#website\"},\"breadcrumb\":{\"@id\":\"https:\\\/\\\/eldigitaldeasturias.com\\\/magazine365\\\/exposicion-de-los-25-carteles-para-ser-la-imagen-de-la-xviii-edicion-del-festival-corto-ciudad-real\\\/#breadcrumblist\"},\"author\":{\"@id\":\"https:\\\/\\\/eldigitaldeasturias.com\\\/magazine365\\\/author\\\/admin\\\/#author\"},\"creator\":{\"@id\":\"https:\\\/\\\/eldigitaldeasturias.com\\\/magazine365\\\/author\\\/admin\\\/#author\"},\"image\":{\"@type\":\"ImageObject\",\"url\":\"https:\\\/\\\/eldigitaldeasturias.com\\\/magazine365\\\/wp-content\\\/uploads\\\/2016\\\/06\\\/fotonoticia_20160627163058_800.jpg\",\"@id\":\"https:\\\/\\\/eldigitaldeasturias.com\\\/magazine365\\\/exposicion-de-los-25-carteles-para-ser-la-imagen-de-la-xviii-edicion-del-festival-corto-ciudad-real\\\/#mainImage\",\"width\":800,\"height\":532},\"primaryImageOfPage\":{\"@id\":\"https:\\\/\\\/eldigitaldeasturias.com\\\/magazine365\\\/exposicion-de-los-25-carteles-para-ser-la-imagen-de-la-xviii-edicion-del-festival-corto-ciudad-real\\\/#mainImage\"},\"datePublished\":\"2016-06-28T06:47:46+02:00\",\"dateModified\":\"2016-06-28T06:47:46+02:00\"},{\"@type\":\"WebSite\",\"@id\":\"https:\\\/\\\/eldigitaldeasturias.com\\\/magazine365\\\/#website\",\"url\":\"https:\\\/\\\/eldigitaldeasturias.com\\\/magazine365\\\/\",\"name\":\"El Digital de Asturias\",\"description\":\"Revista de ocio, turismo y estilo de vida\",\"inLanguage\":\"es-ES\",\"publisher\":{\"@id\":\"https:\\\/\\\/eldigitaldeasturias.com\\\/magazine365\\\/#organization\"}}]}\n\t\t<\/script>\n\t\t<!-- All in One SEO Pro -->\r\n\t\t<title>Exposici\u00f3n de los 25 carteles para ser la imagen de la XVIII edici\u00f3n del Festival Corto Ciudad Real. | El Digital de Asturias<\/title>\n\n","aioseo_head_json":{"title":"Exposici\u00f3n de los 25 carteles para ser la imagen de la XVIII edici\u00f3n del Festival Corto Ciudad Real. | El Digital de Asturias","description":"El Espacio Joven de la calle Barcelona de Ciudad Real acoger\u00e1 durante toda esta semana una exposici\u00f3n con los 25 carteles que se presentaron al concurso para ser la imagen de la XVIII edici\u00f3n del Festival Corto Ciudad Real. La concejal de Juventud, Sara Mart\u00ednez, ha destacado que \u00e9sta es \"la edici\u00f3n de la vuelta\",","canonical_url":"https:\/\/eldigitaldeasturias.com\/magazine365\/exposicion-de-los-25-carteles-para-ser-la-imagen-de-la-xviii-edicion-del-festival-corto-ciudad-real\/","robots":"max-image-preview:large","keywords":"noticias y actualidad","webmasterTools":{"google-site-verification":"UA-38556648-1","miscellaneous":""},"schema":{"@context":"https:\/\/schema.org","@graph":[{"@type":"Article","@id":"https:\/\/eldigitaldeasturias.com\/magazine365\/exposicion-de-los-25-carteles-para-ser-la-imagen-de-la-xviii-edicion-del-festival-corto-ciudad-real\/#article","name":"Exposici\u00f3n de los 25 carteles para ser la imagen de la XVIII edici\u00f3n del Festival Corto Ciudad Real. | El Digital de Asturias","headline":"Exposici\u00f3n de los 25 carteles para ser la imagen de la XVIII edici\u00f3n del Festival Corto Ciudad Real.","author":{"@id":"https:\/\/eldigitaldeasturias.com\/magazine365\/author\/admin\/#author"},"publisher":{"@id":"https:\/\/eldigitaldeasturias.com\/magazine365\/#organization"},"image":{"@type":"ImageObject","url":"https:\/\/eldigitaldeasturias.com\/magazine365\/wp-content\/uploads\/2016\/06\/fotonoticia_20160627163058_800.jpg","width":800,"height":532},"datePublished":"2016-06-28T06:47:46+02:00","dateModified":"2016-06-28T06:47:46+02:00","inLanguage":"es-ES","mainEntityOfPage":{"@id":"https:\/\/eldigitaldeasturias.com\/magazine365\/exposicion-de-los-25-carteles-para-ser-la-imagen-de-la-xviii-edicion-del-festival-corto-ciudad-real\/#webpage"},"isPartOf":{"@id":"https:\/\/eldigitaldeasturias.com\/magazine365\/exposicion-de-los-25-carteles-para-ser-la-imagen-de-la-xviii-edicion-del-festival-corto-ciudad-real\/#webpage"},"articleSection":"Noticias y Actualidad"},{"@type":"BreadcrumbList","@id":"https:\/\/eldigitaldeasturias.com\/magazine365\/exposicion-de-los-25-carteles-para-ser-la-imagen-de-la-xviii-edicion-del-festival-corto-ciudad-real\/#breadcrumblist","itemListElement":[{"@type":"ListItem","@id":"https:\/\/eldigitaldeasturias.com\/magazine365#listItem","position":1,"name":"Home","item":"https:\/\/eldigitaldeasturias.com\/magazine365","nextItem":{"@type":"ListItem","@id":"https:\/\/eldigitaldeasturias.com\/magazine365\/category\/noticias-actualidad\/#listItem","name":"Noticias y Actualidad"}},{"@type":"ListItem","@id":"https:\/\/eldigitaldeasturias.com\/magazine365\/category\/noticias-actualidad\/#listItem","position":2,"name":"Noticias y Actualidad","item":"https:\/\/eldigitaldeasturias.com\/magazine365\/category\/noticias-actualidad\/","nextItem":{"@type":"ListItem","@id":"https:\/\/eldigitaldeasturias.com\/magazine365\/exposicion-de-los-25-carteles-para-ser-la-imagen-de-la-xviii-edicion-del-festival-corto-ciudad-real\/#listItem","name":"Exposici\u00f3n de los 25 carteles para ser la imagen de la XVIII edici\u00f3n del Festival Corto Ciudad Real."},"previousItem":{"@type":"ListItem","@id":"https:\/\/eldigitaldeasturias.com\/magazine365#listItem","name":"Home"}},{"@type":"ListItem","@id":"https:\/\/eldigitaldeasturias.com\/magazine365\/exposicion-de-los-25-carteles-para-ser-la-imagen-de-la-xviii-edicion-del-festival-corto-ciudad-real\/#listItem","position":3,"name":"Exposici\u00f3n de los 25 carteles para ser la imagen de la XVIII edici\u00f3n del Festival Corto Ciudad Real.","previousItem":{"@type":"ListItem","@id":"https:\/\/eldigitaldeasturias.com\/magazine365\/category\/noticias-actualidad\/#listItem","name":"Noticias y Actualidad"}}]},{"@type":"Organization","@id":"https:\/\/eldigitaldeasturias.com\/magazine365\/#organization","name":"El digital de Asturias","description":"Revista de ocio, turismo y estilo de vida","url":"https:\/\/eldigitaldeasturias.com\/magazine365\/","logo":{"@type":"ImageObject","url":"https:\/\/www.eldigitaldeasturias.com\/noticias\/wp-content\/uploads\/2020\/12\/EDA.jpg","@id":"https:\/\/eldigitaldeasturias.com\/magazine365\/exposicion-de-los-25-carteles-para-ser-la-imagen-de-la-xviii-edicion-del-festival-corto-ciudad-real\/#organizationLogo"},"image":{"@id":"https:\/\/eldigitaldeasturias.com\/magazine365\/exposicion-de-los-25-carteles-para-ser-la-imagen-de-la-xviii-edicion-del-festival-corto-ciudad-real\/#organizationLogo"}},{"@type":"Person","@id":"https:\/\/eldigitaldeasturias.com\/magazine365\/author\/admin\/#author","url":"https:\/\/eldigitaldeasturias.com\/magazine365\/author\/admin\/","name":"admin","image":{"@type":"ImageObject","@id":"https:\/\/eldigitaldeasturias.com\/magazine365\/exposicion-de-los-25-carteles-para-ser-la-imagen-de-la-xviii-edicion-del-festival-corto-ciudad-real\/#authorImage","url":"https:\/\/eldigitaldeasturias.com\/magazine365\/wp-content\/litespeed\/avatar\/e571bcf59a0edd6fa6838245a470f2fe.jpg?ver=1776969259","width":96,"height":96,"caption":"admin"}},{"@type":"WebPage","@id":"https:\/\/eldigitaldeasturias.com\/magazine365\/exposicion-de-los-25-carteles-para-ser-la-imagen-de-la-xviii-edicion-del-festival-corto-ciudad-real\/#webpage","url":"https:\/\/eldigitaldeasturias.com\/magazine365\/exposicion-de-los-25-carteles-para-ser-la-imagen-de-la-xviii-edicion-del-festival-corto-ciudad-real\/","name":"Exposici\u00f3n de los 25 carteles para ser la imagen de la XVIII edici\u00f3n del Festival Corto Ciudad Real. | El Digital de Asturias","description":"El Espacio Joven de la calle Barcelona de Ciudad Real acoger\u00e1 durante toda esta semana una exposici\u00f3n con los 25 carteles que se presentaron al concurso para ser la imagen de la XVIII edici\u00f3n del Festival Corto Ciudad Real. La concejal de Juventud, Sara Mart\u00ednez, ha destacado que \u00e9sta es \"la edici\u00f3n de la vuelta\",","inLanguage":"es-ES","isPartOf":{"@id":"https:\/\/eldigitaldeasturias.com\/magazine365\/#website"},"breadcrumb":{"@id":"https:\/\/eldigitaldeasturias.com\/magazine365\/exposicion-de-los-25-carteles-para-ser-la-imagen-de-la-xviii-edicion-del-festival-corto-ciudad-real\/#breadcrumblist"},"author":{"@id":"https:\/\/eldigitaldeasturias.com\/magazine365\/author\/admin\/#author"},"creator":{"@id":"https:\/\/eldigitaldeasturias.com\/magazine365\/author\/admin\/#author"},"image":{"@type":"ImageObject","url":"https:\/\/eldigitaldeasturias.com\/magazine365\/wp-content\/uploads\/2016\/06\/fotonoticia_20160627163058_800.jpg","@id":"https:\/\/eldigitaldeasturias.com\/magazine365\/exposicion-de-los-25-carteles-para-ser-la-imagen-de-la-xviii-edicion-del-festival-corto-ciudad-real\/#mainImage","width":800,"height":532},"primaryImageOfPage":{"@id":"https:\/\/eldigitaldeasturias.com\/magazine365\/exposicion-de-los-25-carteles-para-ser-la-imagen-de-la-xviii-edicion-del-festival-corto-ciudad-real\/#mainImage"},"datePublished":"2016-06-28T06:47:46+02:00","dateModified":"2016-06-28T06:47:46+02:00"},{"@type":"WebSite","@id":"https:\/\/eldigitaldeasturias.com\/magazine365\/#website","url":"https:\/\/eldigitaldeasturias.com\/magazine365\/","name":"El Digital de Asturias","description":"Revista de ocio, turismo y estilo de vida","inLanguage":"es-ES","publisher":{"@id":"https:\/\/eldigitaldeasturias.com\/magazine365\/#organization"}}]},"og:locale":"es_ES","og:site_name":"El Digital de Asturias \u2013 Revista de ocio, turismo y estilo de vida","og:type":"article","og:title":"Exposici\u00f3n de los 25 carteles para ser la imagen de la XVIII edici\u00f3n del Festival Corto Ciudad Real. | El Digital de Asturias","og:description":"El Espacio Joven de la calle Barcelona de Ciudad Real acoger\u00e1 durante toda esta semana una exposici\u00f3n con los 25 carteles que se presentaron al concurso para ser la imagen de la XVIII edici\u00f3n del Festival Corto Ciudad Real. La concejal de Juventud, Sara Mart\u00ednez, ha destacado que \u00e9sta es &quot;la edici\u00f3n de la vuelta&quot;,","og:url":"https:\/\/eldigitaldeasturias.com\/magazine365\/exposicion-de-los-25-carteles-para-ser-la-imagen-de-la-xviii-edicion-del-festival-corto-ciudad-real\/","og:image":"https:\/\/eldigitaldeasturias.com\/magazine365\/wp-content\/uploads\/2016\/06\/fotonoticia_20160627163058_800.jpg","og:image:secure_url":"https:\/\/eldigitaldeasturias.com\/magazine365\/wp-content\/uploads\/2016\/06\/fotonoticia_20160627163058_800.jpg","og:image:width":800,"og:image:height":532,"article:published_time":"2016-06-28T04:47:46+00:00","article:modified_time":"2016-06-28T04:47:46+00:00","twitter:card":"summary_large_image","twitter:title":"Exposici\u00f3n de los 25 carteles para ser la imagen de la XVIII edici\u00f3n del Festival Corto Ciudad Real. | El Digital de Asturias","twitter:description":"El Espacio Joven de la calle Barcelona de Ciudad Real acoger\u00e1 durante toda esta semana una exposici\u00f3n con los 25 carteles que se presentaron al concurso para ser la imagen de la XVIII edici\u00f3n del Festival Corto Ciudad Real. La concejal de Juventud, Sara Mart\u00ednez, ha destacado que \u00e9sta es &quot;la edici\u00f3n de la vuelta&quot;,","twitter:image":"https:\/\/eldigitaldeasturias.com\/magazine365\/wp-content\/uploads\/2016\/06\/fotonoticia_20160627163058_800.jpg"},"aioseo_meta_data":{"post_id":"80848","title":null,"description":null,"keywords":null,"keyphrases":null,"primary_term":null,"canonical_url":null,"og_title":null,"og_description":null,"og_object_type":"default","og_image_type":"default","og_image_url":null,"og_image_width":null,"og_image_height":null,"og_image_custom_url":null,"og_image_custom_fields":null,"og_video":null,"og_custom_url":null,"og_article_section":null,"og_article_tags":null,"twitter_use_og":false,"twitter_card":"default","twitter_image_type":"default","twitter_image_url":null,"twitter_image_custom_url":null,"twitter_image_custom_fields":null,"twitter_title":null,"twitter_description":null,"schema":{"blockGraphs":[],"customGraphs":[],"default":{"data":{"Article":[],"Course":[],"Dataset":[],"FAQPage":[],"Movie":[],"Person":[],"Product":[],"ProductReview":[],"Car":[],"Recipe":[],"Service":[],"SoftwareApplication":[],"WebPage":[]},"graphName":"","isEnabled":true},"graphs":[],"defaultGraph":"","defaultPostTypeGraph":""},"schema_type":null,"schema_type_options":null,"pillar_content":false,"robots_default":true,"robots_noindex":false,"robots_noarchive":false,"robots_nosnippet":false,"robots_nofollow":false,"robots_noimageindex":false,"robots_noodp":false,"robots_notranslate":false,"robots_max_snippet":null,"robots_max_videopreview":null,"robots_max_imagepreview":"large","priority":null,"frequency":null,"location":null,"local_seo":null,"seo_analyzer_scan_date":"2025-09-27 21:40:50","breadcrumb_settings":null,"limit_modified_date":false,"open_ai":null,"ai":null,"created":"2021-03-08 17:25:14","updated":"2025-09-27 21:40:50"},"aioseo_breadcrumb":"<div class=\"aioseo-breadcrumbs\"><span class=\"aioseo-breadcrumb\">\n\t<a href=\"https:\/\/eldigitaldeasturias.com\/magazine365\" title=\"Home\">Home<\/a>\n<\/span><span class=\"aioseo-breadcrumb-separator\">\u2013<\/span><span class=\"aioseo-breadcrumb\">\n\t<a href=\"https:\/\/eldigitaldeasturias.com\/magazine365\/category\/noticias-actualidad\/\" title=\"Noticias y Actualidad\">Noticias y Actualidad<\/a>\n<\/span><span class=\"aioseo-breadcrumb-separator\">\u2013<\/span><span class=\"aioseo-breadcrumb\">\n\t<a href=\"https:\/\/eldigitaldeasturias.com\/magazine365\/exposicion-de-los-25-carteles-para-ser-la-imagen-de-la-xviii-edicion-del-festival-corto-ciudad-real\/\" title=\"Exposici\u00f3n de los 25 carteles para ser la imagen de la XVIII edici\u00f3n del Festival Corto Ciudad Real.\">Exposici\u00f3n de los 25 carteles para ser la imagen de la XVIII edici\u00f3n del Festival Corto Ciudad Real.<\/a>\n<\/span><\/div>","aioseo_breadcrumb_json":[{"label":"Home","link":"https:\/\/eldigitaldeasturias.com\/magazine365"},{"label":"Noticias y Actualidad","link":"https:\/\/eldigitaldeasturias.com\/magazine365\/category\/noticias-actualidad\/"},{"label":"Exposici\u00f3n de los 25 carteles para ser la imagen de la XVIII edici\u00f3n del Festival Corto Ciudad Real.","link":"https:\/\/eldigitaldeasturias.com\/magazine365\/exposicion-de-los-25-carteles-para-ser-la-imagen-de-la-xviii-edicion-del-festival-corto-ciudad-real\/"}],"_links":{"self":[{"href":"https:\/\/eldigitaldeasturias.com\/magazine365\/wp-json\/wp\/v2\/posts\/80848","targetHints":{"allow":["GET"]}}],"collection":[{"href":"https:\/\/eldigitaldeasturias.com\/magazine365\/wp-json\/wp\/v2\/posts"}],"about":[{"href":"https:\/\/eldigitaldeasturias.com\/magazine365\/wp-json\/wp\/v2\/types\/post"}],"author":[{"embeddable":true,"href":"https:\/\/eldigitaldeasturias.com\/magazine365\/wp-json\/wp\/v2\/users\/1"}],"replies":[{"embeddable":true,"href":"https:\/\/eldigitaldeasturias.com\/magazine365\/wp-json\/wp\/v2\/comments?post=80848"}],"version-history":[{"count":0,"href":"https:\/\/eldigitaldeasturias.com\/magazine365\/wp-json\/wp\/v2\/posts\/80848\/revisions"}],"wp:featuredmedia":[{"embeddable":true,"href":"https:\/\/eldigitaldeasturias.com\/magazine365\/wp-json\/wp\/v2\/media\/80849"}],"wp:attachment":[{"href":"https:\/\/eldigitaldeasturias.com\/magazine365\/wp-json\/wp\/v2\/media?parent=80848"}],"wp:term":[{"taxonomy":"category","embeddable":true,"href":"https:\/\/eldigitaldeasturias.com\/magazine365\/wp-json\/wp\/v2\/categories?post=80848"},{"taxonomy":"post_tag","embeddable":true,"href":"https:\/\/eldigitaldeasturias.com\/magazine365\/wp-json\/wp\/v2\/tags?post=80848"}],"curies":[{"name":"wp","href":"https:\/\/api.w.org\/{rel}","templated":true}]}}