{"id":80846,"date":"2016-06-28T06:42:13","date_gmt":"2016-06-28T04:42:13","guid":{"rendered":"http:\/\/eldigitaldeasturias.com\/magazine365\/?p=80846"},"modified":"2016-06-28T06:42:13","modified_gmt":"2016-06-28T04:42:13","slug":"irlanda-confirma-un-repunte-en-las-peticiones-de-pasaportes-a-raiz-del-referendum-britanico","status":"publish","type":"post","link":"https:\/\/eldigitaldeasturias.com\/magazine365\/irlanda-confirma-un-repunte-en-las-peticiones-de-pasaportes-a-raiz-del-referendum-britanico\/","title":{"rendered":"Irlanda confirma un repunte en las peticiones de pasaportes a ra\u00edz del refer\u00e9ndum brit\u00e1nico"},"content":{"rendered":"<p>Las autoridades de Irlanda han reconocido que un mayor n\u00famero de ciudadanos de Reino Unido ha solicitado el pasaporte irland\u00e9s despu\u00e9s del refer\u00e9ndum del pasado jueves, en el que una mayor\u00eda de brit\u00e1nicos vot\u00f3 a favor de la salida del pa\u00eds de la Uni\u00f3n Europea.<\/p>\n<p>El ministro de Exteriores de Irlanda, Charlie Flanagan, ha confirmado este lunes en un comunicado que \u00abha habido una subida en el inter\u00e9s por los pasaportes en Irlanda del Norte, Gran Breta\u00f1a y otros lugares\u00bb, si bien ha subrayado que \u00abha habido algo de exageraci\u00f3n\u00bb al respecto.<\/p>\n<p>Cualquier brit\u00e1nico nacido en Irlanda del Norte o con ascendencia irlandesa tiene derecho al pasaporte. Las oficinas de correos en Irlanda del Norte se han quedado sin solicitudes de inscripci\u00f3n, mientras que en la Embajada irlandesa de Londres han pasado de 200 peticiones al d\u00eda a superar las 4.000, seg\u00fan una fuente diplom\u00e1tica consultada por Reuters.<\/p>\n<p>Flanagan ha admitido que este repentino inter\u00e9s por obtener el pasaporte irland\u00e9s puede provocar algunos retrasos y afectar a planes de viaje a corto plazo. El ministro ha atribuido el repunte a la \u00abpreocupaci\u00f3n\u00bb que ha cundido en Reino Unido por perder los \u00abderechos\u00bb asociados a la Uni\u00f3n Europea tras el &#8216;Brexit&#8217;.<\/p>\n","protected":false},"excerpt":{"rendered":"<p>Las autoridades de Irlanda han reconocido que un mayor n\u00famero de ciudadanos de Reino Unido ha solicitado el pasaporte irland\u00e9s despu\u00e9s del refer\u00e9ndum del pasado jueves, en el que una mayor\u00eda de brit\u00e1nicos vot\u00f3 a favor de la salida del pa\u00eds de la Uni\u00f3n Europea. El ministro de Exteriores de Irlanda, Charlie Flanagan, ha confirmado<\/p>\n","protected":false},"author":1,"featured_media":77926,"comment_status":"open","ping_status":"closed","sticky":false,"template":"","format":"standard","meta":{"footnotes":""},"categories":[224],"tags":[],"class_list":{"0":"post-80846","1":"post","2":"type-post","3":"status-publish","4":"format-standard","5":"has-post-thumbnail","7":"category-noticias-actualidad"},"aioseo_notices":[],"aioseo_head":"\n\t\t<!-- All in One SEO Pro 4.9.6.1 - aioseo.com -->\n\t<meta name=\"description\" content=\"Las autoridades de Irlanda han reconocido que un mayor n\u00famero de ciudadanos de Reino Unido ha solicitado el pasaporte irland\u00e9s despu\u00e9s del refer\u00e9ndum del pasado jueves, en el que una mayor\u00eda de brit\u00e1nicos vot\u00f3 a favor de la salida del pa\u00eds de la Uni\u00f3n Europea. El ministro de Exteriores de Irlanda, Charlie Flanagan, ha confirmado\" \/>\n\t<meta name=\"robots\" content=\"max-image-preview:large\" \/>\n\t<meta name=\"author\" content=\"admin\"\/>\n\t<meta name=\"google-site-verification\" content=\"UA-38556648-1\" \/>\n\t<meta name=\"keywords\" content=\"noticias y actualidad\" \/>\n\t<link rel=\"canonical\" href=\"https:\/\/eldigitaldeasturias.com\/magazine365\/irlanda-confirma-un-repunte-en-las-peticiones-de-pasaportes-a-raiz-del-referendum-britanico\/\" \/>\n\t<meta name=\"generator\" content=\"All in One SEO Pro (AIOSEO) 4.9.6.1\" \/>\n\t\t<meta property=\"og:locale\" content=\"es_ES\" \/>\n\t\t<meta property=\"og:site_name\" content=\"El Digital de Asturias \u2013 Revista de ocio, turismo y estilo de vida\" \/>\n\t\t<meta property=\"og:type\" content=\"article\" \/>\n\t\t<meta property=\"og:title\" content=\"Irlanda confirma un repunte en las peticiones de pasaportes a ra\u00edz del refer\u00e9ndum brit\u00e1nico | El Digital de Asturias\" \/>\n\t\t<meta property=\"og:description\" content=\"Las autoridades de Irlanda han reconocido que un mayor n\u00famero de ciudadanos de Reino Unido ha solicitado el pasaporte irland\u00e9s despu\u00e9s del refer\u00e9ndum del pasado jueves, en el que una mayor\u00eda de brit\u00e1nicos vot\u00f3 a favor de la salida del pa\u00eds de la Uni\u00f3n Europea. El ministro de Exteriores de Irlanda, Charlie Flanagan, ha confirmado\" \/>\n\t\t<meta property=\"og:url\" content=\"https:\/\/eldigitaldeasturias.com\/magazine365\/irlanda-confirma-un-repunte-en-las-peticiones-de-pasaportes-a-raiz-del-referendum-britanico\/\" \/>\n\t\t<meta property=\"og:image\" content=\"https:\/\/eldigitaldeasturias.com\/magazine365\/wp-content\/uploads\/2016\/06\/m365.jpg\" \/>\n\t\t<meta property=\"og:image:secure_url\" content=\"https:\/\/eldigitaldeasturias.com\/magazine365\/wp-content\/uploads\/2016\/06\/m365.jpg\" \/>\n\t\t<meta property=\"og:image:width\" content=\"655\" \/>\n\t\t<meta property=\"og:image:height\" content=\"360\" \/>\n\t\t<meta property=\"article:published_time\" content=\"2016-06-28T04:42:13+00:00\" \/>\n\t\t<meta property=\"article:modified_time\" content=\"2016-06-28T04:42:13+00:00\" \/>\n\t\t<meta name=\"twitter:card\" content=\"summary_large_image\" \/>\n\t\t<meta name=\"twitter:title\" content=\"Irlanda confirma un repunte en las peticiones de pasaportes a ra\u00edz del refer\u00e9ndum brit\u00e1nico | El Digital de Asturias\" \/>\n\t\t<meta name=\"twitter:description\" content=\"Las autoridades de Irlanda han reconocido que un mayor n\u00famero de ciudadanos de Reino Unido ha solicitado el pasaporte irland\u00e9s despu\u00e9s del refer\u00e9ndum del pasado jueves, en el que una mayor\u00eda de brit\u00e1nicos vot\u00f3 a favor de la salida del pa\u00eds de la Uni\u00f3n Europea. El ministro de Exteriores de Irlanda, Charlie Flanagan, ha confirmado\" \/>\n\t\t<meta name=\"twitter:image\" content=\"https:\/\/eldigitaldeasturias.com\/magazine365\/wp-content\/uploads\/2016\/06\/m365.jpg\" \/>\n\t\t<script type=\"application\/ld+json\" class=\"aioseo-schema\">\n\t\t\t{\"@context\":\"https:\\\/\\\/schema.org\",\"@graph\":[{\"@type\":\"Article\",\"@id\":\"https:\\\/\\\/eldigitaldeasturias.com\\\/magazine365\\\/irlanda-confirma-un-repunte-en-las-peticiones-de-pasaportes-a-raiz-del-referendum-britanico\\\/#article\",\"name\":\"Irlanda confirma un repunte en las peticiones de pasaportes a ra\\u00edz del refer\\u00e9ndum brit\\u00e1nico | El Digital de Asturias\",\"headline\":\"Irlanda confirma un repunte en las peticiones de pasaportes a ra\\u00edz del refer\\u00e9ndum brit\\u00e1nico\",\"author\":{\"@id\":\"https:\\\/\\\/eldigitaldeasturias.com\\\/magazine365\\\/author\\\/admin\\\/#author\"},\"publisher\":{\"@id\":\"https:\\\/\\\/eldigitaldeasturias.com\\\/magazine365\\\/#organization\"},\"image\":{\"@type\":\"ImageObject\",\"url\":\"https:\\\/\\\/eldigitaldeasturias.com\\\/magazine365\\\/wp-content\\\/uploads\\\/2016\\\/06\\\/m365.jpg\",\"width\":655,\"height\":360},\"datePublished\":\"2016-06-28T06:42:13+02:00\",\"dateModified\":\"2016-06-28T06:42:13+02:00\",\"inLanguage\":\"es-ES\",\"mainEntityOfPage\":{\"@id\":\"https:\\\/\\\/eldigitaldeasturias.com\\\/magazine365\\\/irlanda-confirma-un-repunte-en-las-peticiones-de-pasaportes-a-raiz-del-referendum-britanico\\\/#webpage\"},\"isPartOf\":{\"@id\":\"https:\\\/\\\/eldigitaldeasturias.com\\\/magazine365\\\/irlanda-confirma-un-repunte-en-las-peticiones-de-pasaportes-a-raiz-del-referendum-britanico\\\/#webpage\"},\"articleSection\":\"Noticias y Actualidad\"},{\"@type\":\"BreadcrumbList\",\"@id\":\"https:\\\/\\\/eldigitaldeasturias.com\\\/magazine365\\\/irlanda-confirma-un-repunte-en-las-peticiones-de-pasaportes-a-raiz-del-referendum-britanico\\\/#breadcrumblist\",\"itemListElement\":[{\"@type\":\"ListItem\",\"@id\":\"https:\\\/\\\/eldigitaldeasturias.com\\\/magazine365#listItem\",\"position\":1,\"name\":\"Home\",\"item\":\"https:\\\/\\\/eldigitaldeasturias.com\\\/magazine365\",\"nextItem\":{\"@type\":\"ListItem\",\"@id\":\"https:\\\/\\\/eldigitaldeasturias.com\\\/magazine365\\\/category\\\/noticias-actualidad\\\/#listItem\",\"name\":\"Noticias y Actualidad\"}},{\"@type\":\"ListItem\",\"@id\":\"https:\\\/\\\/eldigitaldeasturias.com\\\/magazine365\\\/category\\\/noticias-actualidad\\\/#listItem\",\"position\":2,\"name\":\"Noticias y Actualidad\",\"item\":\"https:\\\/\\\/eldigitaldeasturias.com\\\/magazine365\\\/category\\\/noticias-actualidad\\\/\",\"nextItem\":{\"@type\":\"ListItem\",\"@id\":\"https:\\\/\\\/eldigitaldeasturias.com\\\/magazine365\\\/irlanda-confirma-un-repunte-en-las-peticiones-de-pasaportes-a-raiz-del-referendum-britanico\\\/#listItem\",\"name\":\"Irlanda confirma un repunte en las peticiones de pasaportes a ra\\u00edz del refer\\u00e9ndum brit\\u00e1nico\"},\"previousItem\":{\"@type\":\"ListItem\",\"@id\":\"https:\\\/\\\/eldigitaldeasturias.com\\\/magazine365#listItem\",\"name\":\"Home\"}},{\"@type\":\"ListItem\",\"@id\":\"https:\\\/\\\/eldigitaldeasturias.com\\\/magazine365\\\/irlanda-confirma-un-repunte-en-las-peticiones-de-pasaportes-a-raiz-del-referendum-britanico\\\/#listItem\",\"position\":3,\"name\":\"Irlanda confirma un repunte en las peticiones de pasaportes a ra\\u00edz del refer\\u00e9ndum brit\\u00e1nico\",\"previousItem\":{\"@type\":\"ListItem\",\"@id\":\"https:\\\/\\\/eldigitaldeasturias.com\\\/magazine365\\\/category\\\/noticias-actualidad\\\/#listItem\",\"name\":\"Noticias y Actualidad\"}}]},{\"@type\":\"Organization\",\"@id\":\"https:\\\/\\\/eldigitaldeasturias.com\\\/magazine365\\\/#organization\",\"name\":\"El digital de Asturias\",\"description\":\"Revista de ocio, turismo y estilo de vida\",\"url\":\"https:\\\/\\\/eldigitaldeasturias.com\\\/magazine365\\\/\",\"logo\":{\"@type\":\"ImageObject\",\"url\":\"https:\\\/\\\/www.eldigitaldeasturias.com\\\/noticias\\\/wp-content\\\/uploads\\\/2020\\\/12\\\/EDA.jpg\",\"@id\":\"https:\\\/\\\/eldigitaldeasturias.com\\\/magazine365\\\/irlanda-confirma-un-repunte-en-las-peticiones-de-pasaportes-a-raiz-del-referendum-britanico\\\/#organizationLogo\"},\"image\":{\"@id\":\"https:\\\/\\\/eldigitaldeasturias.com\\\/magazine365\\\/irlanda-confirma-un-repunte-en-las-peticiones-de-pasaportes-a-raiz-del-referendum-britanico\\\/#organizationLogo\"}},{\"@type\":\"Person\",\"@id\":\"https:\\\/\\\/eldigitaldeasturias.com\\\/magazine365\\\/author\\\/admin\\\/#author\",\"url\":\"https:\\\/\\\/eldigitaldeasturias.com\\\/magazine365\\\/author\\\/admin\\\/\",\"name\":\"admin\",\"image\":{\"@type\":\"ImageObject\",\"@id\":\"https:\\\/\\\/eldigitaldeasturias.com\\\/magazine365\\\/irlanda-confirma-un-repunte-en-las-peticiones-de-pasaportes-a-raiz-del-referendum-britanico\\\/#authorImage\",\"url\":\"https:\\\/\\\/eldigitaldeasturias.com\\\/magazine365\\\/wp-content\\\/litespeed\\\/avatar\\\/e571bcf59a0edd6fa6838245a470f2fe.jpg?ver=1776969259\",\"width\":96,\"height\":96,\"caption\":\"admin\"}},{\"@type\":\"WebPage\",\"@id\":\"https:\\\/\\\/eldigitaldeasturias.com\\\/magazine365\\\/irlanda-confirma-un-repunte-en-las-peticiones-de-pasaportes-a-raiz-del-referendum-britanico\\\/#webpage\",\"url\":\"https:\\\/\\\/eldigitaldeasturias.com\\\/magazine365\\\/irlanda-confirma-un-repunte-en-las-peticiones-de-pasaportes-a-raiz-del-referendum-britanico\\\/\",\"name\":\"Irlanda confirma un repunte en las peticiones de pasaportes a ra\\u00edz del refer\\u00e9ndum brit\\u00e1nico | El Digital de Asturias\",\"description\":\"Las autoridades de Irlanda han reconocido que un mayor n\\u00famero de ciudadanos de Reino Unido ha solicitado el pasaporte irland\\u00e9s despu\\u00e9s del refer\\u00e9ndum del pasado jueves, en el que una mayor\\u00eda de brit\\u00e1nicos vot\\u00f3 a favor de la salida del pa\\u00eds de la Uni\\u00f3n Europea. El ministro de Exteriores de Irlanda, Charlie Flanagan, ha confirmado\",\"inLanguage\":\"es-ES\",\"isPartOf\":{\"@id\":\"https:\\\/\\\/eldigitaldeasturias.com\\\/magazine365\\\/#website\"},\"breadcrumb\":{\"@id\":\"https:\\\/\\\/eldigitaldeasturias.com\\\/magazine365\\\/irlanda-confirma-un-repunte-en-las-peticiones-de-pasaportes-a-raiz-del-referendum-britanico\\\/#breadcrumblist\"},\"author\":{\"@id\":\"https:\\\/\\\/eldigitaldeasturias.com\\\/magazine365\\\/author\\\/admin\\\/#author\"},\"creator\":{\"@id\":\"https:\\\/\\\/eldigitaldeasturias.com\\\/magazine365\\\/author\\\/admin\\\/#author\"},\"image\":{\"@type\":\"ImageObject\",\"url\":\"https:\\\/\\\/eldigitaldeasturias.com\\\/magazine365\\\/wp-content\\\/uploads\\\/2016\\\/06\\\/m365.jpg\",\"@id\":\"https:\\\/\\\/eldigitaldeasturias.com\\\/magazine365\\\/irlanda-confirma-un-repunte-en-las-peticiones-de-pasaportes-a-raiz-del-referendum-britanico\\\/#mainImage\",\"width\":655,\"height\":360},\"primaryImageOfPage\":{\"@id\":\"https:\\\/\\\/eldigitaldeasturias.com\\\/magazine365\\\/irlanda-confirma-un-repunte-en-las-peticiones-de-pasaportes-a-raiz-del-referendum-britanico\\\/#mainImage\"},\"datePublished\":\"2016-06-28T06:42:13+02:00\",\"dateModified\":\"2016-06-28T06:42:13+02:00\"},{\"@type\":\"WebSite\",\"@id\":\"https:\\\/\\\/eldigitaldeasturias.com\\\/magazine365\\\/#website\",\"url\":\"https:\\\/\\\/eldigitaldeasturias.com\\\/magazine365\\\/\",\"name\":\"El Digital de Asturias\",\"description\":\"Revista de ocio, turismo y estilo de vida\",\"inLanguage\":\"es-ES\",\"publisher\":{\"@id\":\"https:\\\/\\\/eldigitaldeasturias.com\\\/magazine365\\\/#organization\"}}]}\n\t\t<\/script>\n\t\t<!-- All in One SEO Pro -->\r\n\t\t<title>Irlanda confirma un repunte en las peticiones de pasaportes a ra\u00edz del refer\u00e9ndum brit\u00e1nico | El Digital de Asturias<\/title>\n\n","aioseo_head_json":{"title":"Irlanda confirma un repunte en las peticiones de pasaportes a ra\u00edz del refer\u00e9ndum brit\u00e1nico | El Digital de Asturias","description":"Las autoridades de Irlanda han reconocido que un mayor n\u00famero de ciudadanos de Reino Unido ha solicitado el pasaporte irland\u00e9s despu\u00e9s del refer\u00e9ndum del pasado jueves, en el que una mayor\u00eda de brit\u00e1nicos vot\u00f3 a favor de la salida del pa\u00eds de la Uni\u00f3n Europea. El ministro de Exteriores de Irlanda, Charlie Flanagan, ha confirmado","canonical_url":"https:\/\/eldigitaldeasturias.com\/magazine365\/irlanda-confirma-un-repunte-en-las-peticiones-de-pasaportes-a-raiz-del-referendum-britanico\/","robots":"max-image-preview:large","keywords":"noticias y actualidad","webmasterTools":{"google-site-verification":"UA-38556648-1","miscellaneous":""},"schema":{"@context":"https:\/\/schema.org","@graph":[{"@type":"Article","@id":"https:\/\/eldigitaldeasturias.com\/magazine365\/irlanda-confirma-un-repunte-en-las-peticiones-de-pasaportes-a-raiz-del-referendum-britanico\/#article","name":"Irlanda confirma un repunte en las peticiones de pasaportes a ra\u00edz del refer\u00e9ndum brit\u00e1nico | El Digital de Asturias","headline":"Irlanda confirma un repunte en las peticiones de pasaportes a ra\u00edz del refer\u00e9ndum brit\u00e1nico","author":{"@id":"https:\/\/eldigitaldeasturias.com\/magazine365\/author\/admin\/#author"},"publisher":{"@id":"https:\/\/eldigitaldeasturias.com\/magazine365\/#organization"},"image":{"@type":"ImageObject","url":"https:\/\/eldigitaldeasturias.com\/magazine365\/wp-content\/uploads\/2016\/06\/m365.jpg","width":655,"height":360},"datePublished":"2016-06-28T06:42:13+02:00","dateModified":"2016-06-28T06:42:13+02:00","inLanguage":"es-ES","mainEntityOfPage":{"@id":"https:\/\/eldigitaldeasturias.com\/magazine365\/irlanda-confirma-un-repunte-en-las-peticiones-de-pasaportes-a-raiz-del-referendum-britanico\/#webpage"},"isPartOf":{"@id":"https:\/\/eldigitaldeasturias.com\/magazine365\/irlanda-confirma-un-repunte-en-las-peticiones-de-pasaportes-a-raiz-del-referendum-britanico\/#webpage"},"articleSection":"Noticias y Actualidad"},{"@type":"BreadcrumbList","@id":"https:\/\/eldigitaldeasturias.com\/magazine365\/irlanda-confirma-un-repunte-en-las-peticiones-de-pasaportes-a-raiz-del-referendum-britanico\/#breadcrumblist","itemListElement":[{"@type":"ListItem","@id":"https:\/\/eldigitaldeasturias.com\/magazine365#listItem","position":1,"name":"Home","item":"https:\/\/eldigitaldeasturias.com\/magazine365","nextItem":{"@type":"ListItem","@id":"https:\/\/eldigitaldeasturias.com\/magazine365\/category\/noticias-actualidad\/#listItem","name":"Noticias y Actualidad"}},{"@type":"ListItem","@id":"https:\/\/eldigitaldeasturias.com\/magazine365\/category\/noticias-actualidad\/#listItem","position":2,"name":"Noticias y Actualidad","item":"https:\/\/eldigitaldeasturias.com\/magazine365\/category\/noticias-actualidad\/","nextItem":{"@type":"ListItem","@id":"https:\/\/eldigitaldeasturias.com\/magazine365\/irlanda-confirma-un-repunte-en-las-peticiones-de-pasaportes-a-raiz-del-referendum-britanico\/#listItem","name":"Irlanda confirma un repunte en las peticiones de pasaportes a ra\u00edz del refer\u00e9ndum brit\u00e1nico"},"previousItem":{"@type":"ListItem","@id":"https:\/\/eldigitaldeasturias.com\/magazine365#listItem","name":"Home"}},{"@type":"ListItem","@id":"https:\/\/eldigitaldeasturias.com\/magazine365\/irlanda-confirma-un-repunte-en-las-peticiones-de-pasaportes-a-raiz-del-referendum-britanico\/#listItem","position":3,"name":"Irlanda confirma un repunte en las peticiones de pasaportes a ra\u00edz del refer\u00e9ndum brit\u00e1nico","previousItem":{"@type":"ListItem","@id":"https:\/\/eldigitaldeasturias.com\/magazine365\/category\/noticias-actualidad\/#listItem","name":"Noticias y Actualidad"}}]},{"@type":"Organization","@id":"https:\/\/eldigitaldeasturias.com\/magazine365\/#organization","name":"El digital de Asturias","description":"Revista de ocio, turismo y estilo de vida","url":"https:\/\/eldigitaldeasturias.com\/magazine365\/","logo":{"@type":"ImageObject","url":"https:\/\/www.eldigitaldeasturias.com\/noticias\/wp-content\/uploads\/2020\/12\/EDA.jpg","@id":"https:\/\/eldigitaldeasturias.com\/magazine365\/irlanda-confirma-un-repunte-en-las-peticiones-de-pasaportes-a-raiz-del-referendum-britanico\/#organizationLogo"},"image":{"@id":"https:\/\/eldigitaldeasturias.com\/magazine365\/irlanda-confirma-un-repunte-en-las-peticiones-de-pasaportes-a-raiz-del-referendum-britanico\/#organizationLogo"}},{"@type":"Person","@id":"https:\/\/eldigitaldeasturias.com\/magazine365\/author\/admin\/#author","url":"https:\/\/eldigitaldeasturias.com\/magazine365\/author\/admin\/","name":"admin","image":{"@type":"ImageObject","@id":"https:\/\/eldigitaldeasturias.com\/magazine365\/irlanda-confirma-un-repunte-en-las-peticiones-de-pasaportes-a-raiz-del-referendum-britanico\/#authorImage","url":"https:\/\/eldigitaldeasturias.com\/magazine365\/wp-content\/litespeed\/avatar\/e571bcf59a0edd6fa6838245a470f2fe.jpg?ver=1776969259","width":96,"height":96,"caption":"admin"}},{"@type":"WebPage","@id":"https:\/\/eldigitaldeasturias.com\/magazine365\/irlanda-confirma-un-repunte-en-las-peticiones-de-pasaportes-a-raiz-del-referendum-britanico\/#webpage","url":"https:\/\/eldigitaldeasturias.com\/magazine365\/irlanda-confirma-un-repunte-en-las-peticiones-de-pasaportes-a-raiz-del-referendum-britanico\/","name":"Irlanda confirma un repunte en las peticiones de pasaportes a ra\u00edz del refer\u00e9ndum brit\u00e1nico | El Digital de Asturias","description":"Las autoridades de Irlanda han reconocido que un mayor n\u00famero de ciudadanos de Reino Unido ha solicitado el pasaporte irland\u00e9s despu\u00e9s del refer\u00e9ndum del pasado jueves, en el que una mayor\u00eda de brit\u00e1nicos vot\u00f3 a favor de la salida del pa\u00eds de la Uni\u00f3n Europea. El ministro de Exteriores de Irlanda, Charlie Flanagan, ha confirmado","inLanguage":"es-ES","isPartOf":{"@id":"https:\/\/eldigitaldeasturias.com\/magazine365\/#website"},"breadcrumb":{"@id":"https:\/\/eldigitaldeasturias.com\/magazine365\/irlanda-confirma-un-repunte-en-las-peticiones-de-pasaportes-a-raiz-del-referendum-britanico\/#breadcrumblist"},"author":{"@id":"https:\/\/eldigitaldeasturias.com\/magazine365\/author\/admin\/#author"},"creator":{"@id":"https:\/\/eldigitaldeasturias.com\/magazine365\/author\/admin\/#author"},"image":{"@type":"ImageObject","url":"https:\/\/eldigitaldeasturias.com\/magazine365\/wp-content\/uploads\/2016\/06\/m365.jpg","@id":"https:\/\/eldigitaldeasturias.com\/magazine365\/irlanda-confirma-un-repunte-en-las-peticiones-de-pasaportes-a-raiz-del-referendum-britanico\/#mainImage","width":655,"height":360},"primaryImageOfPage":{"@id":"https:\/\/eldigitaldeasturias.com\/magazine365\/irlanda-confirma-un-repunte-en-las-peticiones-de-pasaportes-a-raiz-del-referendum-britanico\/#mainImage"},"datePublished":"2016-06-28T06:42:13+02:00","dateModified":"2016-06-28T06:42:13+02:00"},{"@type":"WebSite","@id":"https:\/\/eldigitaldeasturias.com\/magazine365\/#website","url":"https:\/\/eldigitaldeasturias.com\/magazine365\/","name":"El Digital de Asturias","description":"Revista de ocio, turismo y estilo de vida","inLanguage":"es-ES","publisher":{"@id":"https:\/\/eldigitaldeasturias.com\/magazine365\/#organization"}}]},"og:locale":"es_ES","og:site_name":"El Digital de Asturias \u2013 Revista de ocio, turismo y estilo de vida","og:type":"article","og:title":"Irlanda confirma un repunte en las peticiones de pasaportes a ra\u00edz del refer\u00e9ndum brit\u00e1nico | El Digital de Asturias","og:description":"Las autoridades de Irlanda han reconocido que un mayor n\u00famero de ciudadanos de Reino Unido ha solicitado el pasaporte irland\u00e9s despu\u00e9s del refer\u00e9ndum del pasado jueves, en el que una mayor\u00eda de brit\u00e1nicos vot\u00f3 a favor de la salida del pa\u00eds de la Uni\u00f3n Europea. El ministro de Exteriores de Irlanda, Charlie Flanagan, ha confirmado","og:url":"https:\/\/eldigitaldeasturias.com\/magazine365\/irlanda-confirma-un-repunte-en-las-peticiones-de-pasaportes-a-raiz-del-referendum-britanico\/","og:image":"https:\/\/eldigitaldeasturias.com\/magazine365\/wp-content\/uploads\/2016\/06\/m365.jpg","og:image:secure_url":"https:\/\/eldigitaldeasturias.com\/magazine365\/wp-content\/uploads\/2016\/06\/m365.jpg","og:image:width":655,"og:image:height":360,"article:published_time":"2016-06-28T04:42:13+00:00","article:modified_time":"2016-06-28T04:42:13+00:00","twitter:card":"summary_large_image","twitter:title":"Irlanda confirma un repunte en las peticiones de pasaportes a ra\u00edz del refer\u00e9ndum brit\u00e1nico | El Digital de Asturias","twitter:description":"Las autoridades de Irlanda han reconocido que un mayor n\u00famero de ciudadanos de Reino Unido ha solicitado el pasaporte irland\u00e9s despu\u00e9s del refer\u00e9ndum del pasado jueves, en el que una mayor\u00eda de brit\u00e1nicos vot\u00f3 a favor de la salida del pa\u00eds de la Uni\u00f3n Europea. El ministro de Exteriores de Irlanda, Charlie Flanagan, ha confirmado","twitter:image":"https:\/\/eldigitaldeasturias.com\/magazine365\/wp-content\/uploads\/2016\/06\/m365.jpg"},"aioseo_meta_data":{"post_id":"80846","title":null,"description":null,"keywords":null,"keyphrases":null,"primary_term":null,"canonical_url":null,"og_title":null,"og_description":null,"og_object_type":"default","og_image_type":"default","og_image_url":null,"og_image_width":null,"og_image_height":null,"og_image_custom_url":null,"og_image_custom_fields":null,"og_video":null,"og_custom_url":null,"og_article_section":null,"og_article_tags":null,"twitter_use_og":false,"twitter_card":"default","twitter_image_type":"default","twitter_image_url":null,"twitter_image_custom_url":null,"twitter_image_custom_fields":null,"twitter_title":null,"twitter_description":null,"schema":{"blockGraphs":[],"customGraphs":[],"default":{"data":{"Article":[],"Course":[],"Dataset":[],"FAQPage":[],"Movie":[],"Person":[],"Product":[],"ProductReview":[],"Car":[],"Recipe":[],"Service":[],"SoftwareApplication":[],"WebPage":[]},"graphName":"","isEnabled":true},"graphs":[]},"schema_type":null,"schema_type_options":null,"pillar_content":false,"robots_default":true,"robots_noindex":false,"robots_noarchive":false,"robots_nosnippet":false,"robots_nofollow":false,"robots_noimageindex":false,"robots_noodp":false,"robots_notranslate":false,"robots_max_snippet":null,"robots_max_videopreview":null,"robots_max_imagepreview":"large","priority":null,"frequency":null,"location":null,"local_seo":null,"seo_analyzer_scan_date":"2025-09-27 21:39:30","breadcrumb_settings":null,"limit_modified_date":false,"open_ai":null,"ai":null,"created":"2021-03-08 17:25:14","updated":"2025-09-27 21:39:30"},"aioseo_breadcrumb":"<div class=\"aioseo-breadcrumbs\"><span class=\"aioseo-breadcrumb\">\n\t<a href=\"https:\/\/eldigitaldeasturias.com\/magazine365\" title=\"Home\">Home<\/a>\n<\/span><span class=\"aioseo-breadcrumb-separator\">\u2013<\/span><span class=\"aioseo-breadcrumb\">\n\t<a href=\"https:\/\/eldigitaldeasturias.com\/magazine365\/category\/noticias-actualidad\/\" title=\"Noticias y Actualidad\">Noticias y Actualidad<\/a>\n<\/span><span class=\"aioseo-breadcrumb-separator\">\u2013<\/span><span class=\"aioseo-breadcrumb\">\n\t<a href=\"https:\/\/eldigitaldeasturias.com\/magazine365\/irlanda-confirma-un-repunte-en-las-peticiones-de-pasaportes-a-raiz-del-referendum-britanico\/\" title=\"Irlanda confirma un repunte en las peticiones de pasaportes a ra\u00edz del refer\u00e9ndum brit\u00e1nico\">Irlanda confirma un repunte en las peticiones de pasaportes a ra\u00edz del refer\u00e9ndum brit\u00e1nico<\/a>\n<\/span><\/div>","aioseo_breadcrumb_json":[{"label":"Home","link":"https:\/\/eldigitaldeasturias.com\/magazine365"},{"label":"Noticias y Actualidad","link":"https:\/\/eldigitaldeasturias.com\/magazine365\/category\/noticias-actualidad\/"},{"label":"Irlanda confirma un repunte en las peticiones de pasaportes a ra\u00edz del refer\u00e9ndum brit\u00e1nico","link":"https:\/\/eldigitaldeasturias.com\/magazine365\/irlanda-confirma-un-repunte-en-las-peticiones-de-pasaportes-a-raiz-del-referendum-britanico\/"}],"_links":{"self":[{"href":"https:\/\/eldigitaldeasturias.com\/magazine365\/wp-json\/wp\/v2\/posts\/80846","targetHints":{"allow":["GET"]}}],"collection":[{"href":"https:\/\/eldigitaldeasturias.com\/magazine365\/wp-json\/wp\/v2\/posts"}],"about":[{"href":"https:\/\/eldigitaldeasturias.com\/magazine365\/wp-json\/wp\/v2\/types\/post"}],"author":[{"embeddable":true,"href":"https:\/\/eldigitaldeasturias.com\/magazine365\/wp-json\/wp\/v2\/users\/1"}],"replies":[{"embeddable":true,"href":"https:\/\/eldigitaldeasturias.com\/magazine365\/wp-json\/wp\/v2\/comments?post=80846"}],"version-history":[{"count":0,"href":"https:\/\/eldigitaldeasturias.com\/magazine365\/wp-json\/wp\/v2\/posts\/80846\/revisions"}],"wp:featuredmedia":[{"embeddable":true,"href":"https:\/\/eldigitaldeasturias.com\/magazine365\/wp-json\/wp\/v2\/media\/77926"}],"wp:attachment":[{"href":"https:\/\/eldigitaldeasturias.com\/magazine365\/wp-json\/wp\/v2\/media?parent=80846"}],"wp:term":[{"taxonomy":"category","embeddable":true,"href":"https:\/\/eldigitaldeasturias.com\/magazine365\/wp-json\/wp\/v2\/categories?post=80846"},{"taxonomy":"post_tag","embeddable":true,"href":"https:\/\/eldigitaldeasturias.com\/magazine365\/wp-json\/wp\/v2\/tags?post=80846"}],"curies":[{"name":"wp","href":"https:\/\/api.w.org\/{rel}","templated":true}]}}