{"id":80843,"date":"2016-06-28T06:26:52","date_gmt":"2016-06-28T04:26:52","guid":{"rendered":"http:\/\/eldigitaldeasturias.com\/magazine365\/?p=80843"},"modified":"2016-06-28T06:26:52","modified_gmt":"2016-06-28T04:26:52","slug":"el-aeropuerto-de-gran-canaria-comenzara-este-martes-trabajos-de-mejora","status":"publish","type":"post","link":"https:\/\/eldigitaldeasturias.com\/magazine365\/el-aeropuerto-de-gran-canaria-comenzara-este-martes-trabajos-de-mejora\/","title":{"rendered":"El Aeropuerto de Gran Canaria comenzar\u00e1 este martes trabajos de mejora"},"content":{"rendered":"<p><img fetchpriority=\"high\" decoding=\"async\" class=\"alignleft size-medium wp-image-80844\" src=\"https:\/\/eldigitaldeasturias.com\/magazine365\/wp-content\/uploads\/2016\/06\/fotonoticia_20160627145634_800-360x212.jpg\" alt=\"fotonoticia_20160627145634_800\" width=\"360\" height=\"212\" srcset=\"https:\/\/eldigitaldeasturias.com\/magazine365\/wp-content\/uploads\/2016\/06\/fotonoticia_20160627145634_800-360x212.jpg 360w, https:\/\/eldigitaldeasturias.com\/magazine365\/wp-content\/uploads\/2016\/06\/fotonoticia_20160627145634_800-650x383.jpg 650w, https:\/\/eldigitaldeasturias.com\/magazine365\/wp-content\/uploads\/2016\/06\/fotonoticia_20160627145634_800-768x452.jpg 768w, https:\/\/eldigitaldeasturias.com\/magazine365\/wp-content\/uploads\/2016\/06\/fotonoticia_20160627145634_800-150x88.jpg 150w, https:\/\/eldigitaldeasturias.com\/magazine365\/wp-content\/uploads\/2016\/06\/fotonoticia_20160627145634_800-450x265.jpg 450w, https:\/\/eldigitaldeasturias.com\/magazine365\/wp-content\/uploads\/2016\/06\/fotonoticia_20160627145634_800-172x100.jpg 172w, https:\/\/eldigitaldeasturias.com\/magazine365\/wp-content\/uploads\/2016\/06\/fotonoticia_20160627145634_800.jpg 800w\" sizes=\"(max-width: 360px) 100vw, 360px\" \/>El Aeropuerto de Gran Canaria comenzar\u00e1 este martes trabajos de regeneraci\u00f3n y mejora de los viales de acceso p\u00fablicos, que modificar\u00e1n temporalmente la circulaci\u00f3n en algunos tramos de las entradas y salidas al Edificio Terminal, seg\u00fan informa Aena en una nota de prensa.<\/p>\n<p>As\u00ed, dentro del expediente &#8216;Actuaciones varias y mejoras en aparcamiento publico, urbanizaci\u00f3n publica, zona industrial y llegadas comunitarias&#8217;, el gestor aeroportuario realizar\u00e1, con una inversi\u00f3n de mas de 1,7 millones de euros, un fresado de la capa de rodadura para su posterior repavimentaci\u00f3n y renovaci\u00f3n de la se\u00f1alizaci\u00f3n horizontal y vertical de los viales.<\/p>\n<p>Adem\u00e1s, se llevara a cabo la re-pavimentaci\u00f3n de las principales zonas del aparcamiento de guaguas de los operadores tur\u00edsticos.<\/p>\n<p>Mientras, para minimizar las afecciones a los usuarios del Aeropuerto, durante la ejecuci\u00f3n de estas obras se realizar\u00e1n los correspondientes desv\u00edos de trafico, que estar\u00e1n debidamente balizados y se\u00f1alizados y habr\u00e1 personal de asistencia para facilitar la circulaci\u00f3n de los veh\u00edculos, tanto de servicio p\u00fablico como privado.<\/p>\n<p>Con todo, los trabajos se han planificado durante la temporada baja con objeto de minimizar cualquier incidencia que afecte al funcionamiento del Aeropuerto, sobre todo en los d\u00edas de mayor tr\u00e1fico.<\/p>\n","protected":false},"excerpt":{"rendered":"<p>El Aeropuerto de Gran Canaria comenzar\u00e1 este martes trabajos de regeneraci\u00f3n y mejora de los viales de acceso p\u00fablicos, que modificar\u00e1n temporalmente la circulaci\u00f3n en algunos tramos de las entradas y salidas al Edificio Terminal, seg\u00fan informa Aena en una nota de prensa. As\u00ed, dentro del expediente &#8216;Actuaciones varias y mejoras en aparcamiento publico, urbanizaci\u00f3n<\/p>\n","protected":false},"author":1,"featured_media":80844,"comment_status":"open","ping_status":"closed","sticky":false,"template":"","format":"standard","meta":{"footnotes":""},"categories":[224],"tags":[],"class_list":{"0":"post-80843","1":"post","2":"type-post","3":"status-publish","4":"format-standard","5":"has-post-thumbnail","7":"category-noticias-actualidad"},"aioseo_notices":[],"aioseo_head":"\n\t\t<!-- All in One SEO Pro 4.9.6.1 - aioseo.com -->\n\t<meta name=\"description\" content=\"El Aeropuerto de Gran Canaria comenzar\u00e1 este martes trabajos de regeneraci\u00f3n y mejora de los viales de acceso p\u00fablicos, que modificar\u00e1n temporalmente la circulaci\u00f3n en algunos tramos de las entradas y salidas al Edificio Terminal, seg\u00fan informa Aena en una nota de prensa. As\u00ed, dentro del expediente &#039;Actuaciones varias y mejoras en aparcamiento publico, urbanizaci\u00f3n\" \/>\n\t<meta name=\"robots\" content=\"max-image-preview:large\" \/>\n\t<meta name=\"author\" content=\"admin\"\/>\n\t<meta name=\"google-site-verification\" content=\"UA-38556648-1\" \/>\n\t<meta name=\"keywords\" content=\"noticias y actualidad\" \/>\n\t<link rel=\"canonical\" href=\"https:\/\/eldigitaldeasturias.com\/magazine365\/el-aeropuerto-de-gran-canaria-comenzara-este-martes-trabajos-de-mejora\/\" \/>\n\t<meta name=\"generator\" content=\"All in One SEO Pro (AIOSEO) 4.9.6.1\" \/>\n\t\t<meta property=\"og:locale\" content=\"es_ES\" \/>\n\t\t<meta property=\"og:site_name\" content=\"El Digital de Asturias \u2013 Revista de ocio, turismo y estilo de vida\" \/>\n\t\t<meta property=\"og:type\" content=\"article\" \/>\n\t\t<meta property=\"og:title\" content=\"El Aeropuerto de Gran Canaria comenzar\u00e1 este martes trabajos de mejora | El Digital de Asturias\" \/>\n\t\t<meta property=\"og:description\" content=\"El Aeropuerto de Gran Canaria comenzar\u00e1 este martes trabajos de regeneraci\u00f3n y mejora de los viales de acceso p\u00fablicos, que modificar\u00e1n temporalmente la circulaci\u00f3n en algunos tramos de las entradas y salidas al Edificio Terminal, seg\u00fan informa Aena en una nota de prensa. As\u00ed, dentro del expediente &#039;Actuaciones varias y mejoras en aparcamiento publico, urbanizaci\u00f3n\" \/>\n\t\t<meta property=\"og:url\" content=\"https:\/\/eldigitaldeasturias.com\/magazine365\/el-aeropuerto-de-gran-canaria-comenzara-este-martes-trabajos-de-mejora\/\" \/>\n\t\t<meta property=\"og:image\" content=\"https:\/\/eldigitaldeasturias.com\/magazine365\/wp-content\/uploads\/2016\/06\/fotonoticia_20160627145634_800.jpg\" \/>\n\t\t<meta property=\"og:image:secure_url\" content=\"https:\/\/eldigitaldeasturias.com\/magazine365\/wp-content\/uploads\/2016\/06\/fotonoticia_20160627145634_800.jpg\" \/>\n\t\t<meta property=\"og:image:width\" content=\"800\" \/>\n\t\t<meta property=\"og:image:height\" content=\"471\" \/>\n\t\t<meta property=\"article:published_time\" content=\"2016-06-28T04:26:52+00:00\" \/>\n\t\t<meta property=\"article:modified_time\" content=\"2016-06-28T04:26:52+00:00\" \/>\n\t\t<meta name=\"twitter:card\" content=\"summary_large_image\" \/>\n\t\t<meta name=\"twitter:title\" content=\"El Aeropuerto de Gran Canaria comenzar\u00e1 este martes trabajos de mejora | El Digital de Asturias\" \/>\n\t\t<meta name=\"twitter:description\" content=\"El Aeropuerto de Gran Canaria comenzar\u00e1 este martes trabajos de regeneraci\u00f3n y mejora de los viales de acceso p\u00fablicos, que modificar\u00e1n temporalmente la circulaci\u00f3n en algunos tramos de las entradas y salidas al Edificio Terminal, seg\u00fan informa Aena en una nota de prensa. As\u00ed, dentro del expediente &#039;Actuaciones varias y mejoras en aparcamiento publico, urbanizaci\u00f3n\" \/>\n\t\t<meta name=\"twitter:image\" content=\"https:\/\/eldigitaldeasturias.com\/magazine365\/wp-content\/uploads\/2016\/06\/fotonoticia_20160627145634_800.jpg\" \/>\n\t\t<script type=\"application\/ld+json\" class=\"aioseo-schema\">\n\t\t\t{\"@context\":\"https:\\\/\\\/schema.org\",\"@graph\":[{\"@type\":\"Article\",\"@id\":\"https:\\\/\\\/eldigitaldeasturias.com\\\/magazine365\\\/el-aeropuerto-de-gran-canaria-comenzara-este-martes-trabajos-de-mejora\\\/#article\",\"name\":\"El Aeropuerto de Gran Canaria comenzar\\u00e1 este martes trabajos de mejora | El Digital de Asturias\",\"headline\":\"El Aeropuerto de Gran Canaria comenzar\\u00e1 este martes trabajos de mejora\",\"author\":{\"@id\":\"https:\\\/\\\/eldigitaldeasturias.com\\\/magazine365\\\/author\\\/admin\\\/#author\"},\"publisher\":{\"@id\":\"https:\\\/\\\/eldigitaldeasturias.com\\\/magazine365\\\/#organization\"},\"image\":{\"@type\":\"ImageObject\",\"url\":\"https:\\\/\\\/eldigitaldeasturias.com\\\/magazine365\\\/wp-content\\\/uploads\\\/2016\\\/06\\\/fotonoticia_20160627145634_800.jpg\",\"width\":800,\"height\":471},\"datePublished\":\"2016-06-28T06:26:52+02:00\",\"dateModified\":\"2016-06-28T06:26:52+02:00\",\"inLanguage\":\"es-ES\",\"mainEntityOfPage\":{\"@id\":\"https:\\\/\\\/eldigitaldeasturias.com\\\/magazine365\\\/el-aeropuerto-de-gran-canaria-comenzara-este-martes-trabajos-de-mejora\\\/#webpage\"},\"isPartOf\":{\"@id\":\"https:\\\/\\\/eldigitaldeasturias.com\\\/magazine365\\\/el-aeropuerto-de-gran-canaria-comenzara-este-martes-trabajos-de-mejora\\\/#webpage\"},\"articleSection\":\"Noticias y Actualidad\"},{\"@type\":\"BreadcrumbList\",\"@id\":\"https:\\\/\\\/eldigitaldeasturias.com\\\/magazine365\\\/el-aeropuerto-de-gran-canaria-comenzara-este-martes-trabajos-de-mejora\\\/#breadcrumblist\",\"itemListElement\":[{\"@type\":\"ListItem\",\"@id\":\"https:\\\/\\\/eldigitaldeasturias.com\\\/magazine365#listItem\",\"position\":1,\"name\":\"Home\",\"item\":\"https:\\\/\\\/eldigitaldeasturias.com\\\/magazine365\",\"nextItem\":{\"@type\":\"ListItem\",\"@id\":\"https:\\\/\\\/eldigitaldeasturias.com\\\/magazine365\\\/category\\\/noticias-actualidad\\\/#listItem\",\"name\":\"Noticias y Actualidad\"}},{\"@type\":\"ListItem\",\"@id\":\"https:\\\/\\\/eldigitaldeasturias.com\\\/magazine365\\\/category\\\/noticias-actualidad\\\/#listItem\",\"position\":2,\"name\":\"Noticias y Actualidad\",\"item\":\"https:\\\/\\\/eldigitaldeasturias.com\\\/magazine365\\\/category\\\/noticias-actualidad\\\/\",\"nextItem\":{\"@type\":\"ListItem\",\"@id\":\"https:\\\/\\\/eldigitaldeasturias.com\\\/magazine365\\\/el-aeropuerto-de-gran-canaria-comenzara-este-martes-trabajos-de-mejora\\\/#listItem\",\"name\":\"El Aeropuerto de Gran Canaria comenzar\\u00e1 este martes trabajos de mejora\"},\"previousItem\":{\"@type\":\"ListItem\",\"@id\":\"https:\\\/\\\/eldigitaldeasturias.com\\\/magazine365#listItem\",\"name\":\"Home\"}},{\"@type\":\"ListItem\",\"@id\":\"https:\\\/\\\/eldigitaldeasturias.com\\\/magazine365\\\/el-aeropuerto-de-gran-canaria-comenzara-este-martes-trabajos-de-mejora\\\/#listItem\",\"position\":3,\"name\":\"El Aeropuerto de Gran Canaria comenzar\\u00e1 este martes trabajos de mejora\",\"previousItem\":{\"@type\":\"ListItem\",\"@id\":\"https:\\\/\\\/eldigitaldeasturias.com\\\/magazine365\\\/category\\\/noticias-actualidad\\\/#listItem\",\"name\":\"Noticias y Actualidad\"}}]},{\"@type\":\"Organization\",\"@id\":\"https:\\\/\\\/eldigitaldeasturias.com\\\/magazine365\\\/#organization\",\"name\":\"El digital de Asturias\",\"description\":\"Revista de ocio, turismo y estilo de vida\",\"url\":\"https:\\\/\\\/eldigitaldeasturias.com\\\/magazine365\\\/\",\"logo\":{\"@type\":\"ImageObject\",\"url\":\"https:\\\/\\\/www.eldigitaldeasturias.com\\\/noticias\\\/wp-content\\\/uploads\\\/2020\\\/12\\\/EDA.jpg\",\"@id\":\"https:\\\/\\\/eldigitaldeasturias.com\\\/magazine365\\\/el-aeropuerto-de-gran-canaria-comenzara-este-martes-trabajos-de-mejora\\\/#organizationLogo\"},\"image\":{\"@id\":\"https:\\\/\\\/eldigitaldeasturias.com\\\/magazine365\\\/el-aeropuerto-de-gran-canaria-comenzara-este-martes-trabajos-de-mejora\\\/#organizationLogo\"}},{\"@type\":\"Person\",\"@id\":\"https:\\\/\\\/eldigitaldeasturias.com\\\/magazine365\\\/author\\\/admin\\\/#author\",\"url\":\"https:\\\/\\\/eldigitaldeasturias.com\\\/magazine365\\\/author\\\/admin\\\/\",\"name\":\"admin\",\"image\":{\"@type\":\"ImageObject\",\"@id\":\"https:\\\/\\\/eldigitaldeasturias.com\\\/magazine365\\\/el-aeropuerto-de-gran-canaria-comenzara-este-martes-trabajos-de-mejora\\\/#authorImage\",\"url\":\"https:\\\/\\\/eldigitaldeasturias.com\\\/magazine365\\\/wp-content\\\/litespeed\\\/avatar\\\/e571bcf59a0edd6fa6838245a470f2fe.jpg?ver=1776969259\",\"width\":96,\"height\":96,\"caption\":\"admin\"}},{\"@type\":\"WebPage\",\"@id\":\"https:\\\/\\\/eldigitaldeasturias.com\\\/magazine365\\\/el-aeropuerto-de-gran-canaria-comenzara-este-martes-trabajos-de-mejora\\\/#webpage\",\"url\":\"https:\\\/\\\/eldigitaldeasturias.com\\\/magazine365\\\/el-aeropuerto-de-gran-canaria-comenzara-este-martes-trabajos-de-mejora\\\/\",\"name\":\"El Aeropuerto de Gran Canaria comenzar\\u00e1 este martes trabajos de mejora | El Digital de Asturias\",\"description\":\"El Aeropuerto de Gran Canaria comenzar\\u00e1 este martes trabajos de regeneraci\\u00f3n y mejora de los viales de acceso p\\u00fablicos, que modificar\\u00e1n temporalmente la circulaci\\u00f3n en algunos tramos de las entradas y salidas al Edificio Terminal, seg\\u00fan informa Aena en una nota de prensa. As\\u00ed, dentro del expediente 'Actuaciones varias y mejoras en aparcamiento publico, urbanizaci\\u00f3n\",\"inLanguage\":\"es-ES\",\"isPartOf\":{\"@id\":\"https:\\\/\\\/eldigitaldeasturias.com\\\/magazine365\\\/#website\"},\"breadcrumb\":{\"@id\":\"https:\\\/\\\/eldigitaldeasturias.com\\\/magazine365\\\/el-aeropuerto-de-gran-canaria-comenzara-este-martes-trabajos-de-mejora\\\/#breadcrumblist\"},\"author\":{\"@id\":\"https:\\\/\\\/eldigitaldeasturias.com\\\/magazine365\\\/author\\\/admin\\\/#author\"},\"creator\":{\"@id\":\"https:\\\/\\\/eldigitaldeasturias.com\\\/magazine365\\\/author\\\/admin\\\/#author\"},\"image\":{\"@type\":\"ImageObject\",\"url\":\"https:\\\/\\\/eldigitaldeasturias.com\\\/magazine365\\\/wp-content\\\/uploads\\\/2016\\\/06\\\/fotonoticia_20160627145634_800.jpg\",\"@id\":\"https:\\\/\\\/eldigitaldeasturias.com\\\/magazine365\\\/el-aeropuerto-de-gran-canaria-comenzara-este-martes-trabajos-de-mejora\\\/#mainImage\",\"width\":800,\"height\":471},\"primaryImageOfPage\":{\"@id\":\"https:\\\/\\\/eldigitaldeasturias.com\\\/magazine365\\\/el-aeropuerto-de-gran-canaria-comenzara-este-martes-trabajos-de-mejora\\\/#mainImage\"},\"datePublished\":\"2016-06-28T06:26:52+02:00\",\"dateModified\":\"2016-06-28T06:26:52+02:00\"},{\"@type\":\"WebSite\",\"@id\":\"https:\\\/\\\/eldigitaldeasturias.com\\\/magazine365\\\/#website\",\"url\":\"https:\\\/\\\/eldigitaldeasturias.com\\\/magazine365\\\/\",\"name\":\"El Digital de Asturias\",\"description\":\"Revista de ocio, turismo y estilo de vida\",\"inLanguage\":\"es-ES\",\"publisher\":{\"@id\":\"https:\\\/\\\/eldigitaldeasturias.com\\\/magazine365\\\/#organization\"}}]}\n\t\t<\/script>\n\t\t<!-- All in One SEO Pro -->\r\n\t\t<title>El Aeropuerto de Gran Canaria comenzar\u00e1 este martes trabajos de mejora | El Digital de Asturias<\/title>\n\n","aioseo_head_json":{"title":"El Aeropuerto de Gran Canaria comenzar\u00e1 este martes trabajos de mejora | El Digital de Asturias","description":"El Aeropuerto de Gran Canaria comenzar\u00e1 este martes trabajos de regeneraci\u00f3n y mejora de los viales de acceso p\u00fablicos, que modificar\u00e1n temporalmente la circulaci\u00f3n en algunos tramos de las entradas y salidas al Edificio Terminal, seg\u00fan informa Aena en una nota de prensa. As\u00ed, dentro del expediente 'Actuaciones varias y mejoras en aparcamiento publico, urbanizaci\u00f3n","canonical_url":"https:\/\/eldigitaldeasturias.com\/magazine365\/el-aeropuerto-de-gran-canaria-comenzara-este-martes-trabajos-de-mejora\/","robots":"max-image-preview:large","keywords":"noticias y actualidad","webmasterTools":{"google-site-verification":"UA-38556648-1","miscellaneous":""},"schema":{"@context":"https:\/\/schema.org","@graph":[{"@type":"Article","@id":"https:\/\/eldigitaldeasturias.com\/magazine365\/el-aeropuerto-de-gran-canaria-comenzara-este-martes-trabajos-de-mejora\/#article","name":"El Aeropuerto de Gran Canaria comenzar\u00e1 este martes trabajos de mejora | El Digital de Asturias","headline":"El Aeropuerto de Gran Canaria comenzar\u00e1 este martes trabajos de mejora","author":{"@id":"https:\/\/eldigitaldeasturias.com\/magazine365\/author\/admin\/#author"},"publisher":{"@id":"https:\/\/eldigitaldeasturias.com\/magazine365\/#organization"},"image":{"@type":"ImageObject","url":"https:\/\/eldigitaldeasturias.com\/magazine365\/wp-content\/uploads\/2016\/06\/fotonoticia_20160627145634_800.jpg","width":800,"height":471},"datePublished":"2016-06-28T06:26:52+02:00","dateModified":"2016-06-28T06:26:52+02:00","inLanguage":"es-ES","mainEntityOfPage":{"@id":"https:\/\/eldigitaldeasturias.com\/magazine365\/el-aeropuerto-de-gran-canaria-comenzara-este-martes-trabajos-de-mejora\/#webpage"},"isPartOf":{"@id":"https:\/\/eldigitaldeasturias.com\/magazine365\/el-aeropuerto-de-gran-canaria-comenzara-este-martes-trabajos-de-mejora\/#webpage"},"articleSection":"Noticias y Actualidad"},{"@type":"BreadcrumbList","@id":"https:\/\/eldigitaldeasturias.com\/magazine365\/el-aeropuerto-de-gran-canaria-comenzara-este-martes-trabajos-de-mejora\/#breadcrumblist","itemListElement":[{"@type":"ListItem","@id":"https:\/\/eldigitaldeasturias.com\/magazine365#listItem","position":1,"name":"Home","item":"https:\/\/eldigitaldeasturias.com\/magazine365","nextItem":{"@type":"ListItem","@id":"https:\/\/eldigitaldeasturias.com\/magazine365\/category\/noticias-actualidad\/#listItem","name":"Noticias y Actualidad"}},{"@type":"ListItem","@id":"https:\/\/eldigitaldeasturias.com\/magazine365\/category\/noticias-actualidad\/#listItem","position":2,"name":"Noticias y Actualidad","item":"https:\/\/eldigitaldeasturias.com\/magazine365\/category\/noticias-actualidad\/","nextItem":{"@type":"ListItem","@id":"https:\/\/eldigitaldeasturias.com\/magazine365\/el-aeropuerto-de-gran-canaria-comenzara-este-martes-trabajos-de-mejora\/#listItem","name":"El Aeropuerto de Gran Canaria comenzar\u00e1 este martes trabajos de mejora"},"previousItem":{"@type":"ListItem","@id":"https:\/\/eldigitaldeasturias.com\/magazine365#listItem","name":"Home"}},{"@type":"ListItem","@id":"https:\/\/eldigitaldeasturias.com\/magazine365\/el-aeropuerto-de-gran-canaria-comenzara-este-martes-trabajos-de-mejora\/#listItem","position":3,"name":"El Aeropuerto de Gran Canaria comenzar\u00e1 este martes trabajos de mejora","previousItem":{"@type":"ListItem","@id":"https:\/\/eldigitaldeasturias.com\/magazine365\/category\/noticias-actualidad\/#listItem","name":"Noticias y Actualidad"}}]},{"@type":"Organization","@id":"https:\/\/eldigitaldeasturias.com\/magazine365\/#organization","name":"El digital de Asturias","description":"Revista de ocio, turismo y estilo de vida","url":"https:\/\/eldigitaldeasturias.com\/magazine365\/","logo":{"@type":"ImageObject","url":"https:\/\/www.eldigitaldeasturias.com\/noticias\/wp-content\/uploads\/2020\/12\/EDA.jpg","@id":"https:\/\/eldigitaldeasturias.com\/magazine365\/el-aeropuerto-de-gran-canaria-comenzara-este-martes-trabajos-de-mejora\/#organizationLogo"},"image":{"@id":"https:\/\/eldigitaldeasturias.com\/magazine365\/el-aeropuerto-de-gran-canaria-comenzara-este-martes-trabajos-de-mejora\/#organizationLogo"}},{"@type":"Person","@id":"https:\/\/eldigitaldeasturias.com\/magazine365\/author\/admin\/#author","url":"https:\/\/eldigitaldeasturias.com\/magazine365\/author\/admin\/","name":"admin","image":{"@type":"ImageObject","@id":"https:\/\/eldigitaldeasturias.com\/magazine365\/el-aeropuerto-de-gran-canaria-comenzara-este-martes-trabajos-de-mejora\/#authorImage","url":"https:\/\/eldigitaldeasturias.com\/magazine365\/wp-content\/litespeed\/avatar\/e571bcf59a0edd6fa6838245a470f2fe.jpg?ver=1776969259","width":96,"height":96,"caption":"admin"}},{"@type":"WebPage","@id":"https:\/\/eldigitaldeasturias.com\/magazine365\/el-aeropuerto-de-gran-canaria-comenzara-este-martes-trabajos-de-mejora\/#webpage","url":"https:\/\/eldigitaldeasturias.com\/magazine365\/el-aeropuerto-de-gran-canaria-comenzara-este-martes-trabajos-de-mejora\/","name":"El Aeropuerto de Gran Canaria comenzar\u00e1 este martes trabajos de mejora | El Digital de Asturias","description":"El Aeropuerto de Gran Canaria comenzar\u00e1 este martes trabajos de regeneraci\u00f3n y mejora de los viales de acceso p\u00fablicos, que modificar\u00e1n temporalmente la circulaci\u00f3n en algunos tramos de las entradas y salidas al Edificio Terminal, seg\u00fan informa Aena en una nota de prensa. As\u00ed, dentro del expediente 'Actuaciones varias y mejoras en aparcamiento publico, urbanizaci\u00f3n","inLanguage":"es-ES","isPartOf":{"@id":"https:\/\/eldigitaldeasturias.com\/magazine365\/#website"},"breadcrumb":{"@id":"https:\/\/eldigitaldeasturias.com\/magazine365\/el-aeropuerto-de-gran-canaria-comenzara-este-martes-trabajos-de-mejora\/#breadcrumblist"},"author":{"@id":"https:\/\/eldigitaldeasturias.com\/magazine365\/author\/admin\/#author"},"creator":{"@id":"https:\/\/eldigitaldeasturias.com\/magazine365\/author\/admin\/#author"},"image":{"@type":"ImageObject","url":"https:\/\/eldigitaldeasturias.com\/magazine365\/wp-content\/uploads\/2016\/06\/fotonoticia_20160627145634_800.jpg","@id":"https:\/\/eldigitaldeasturias.com\/magazine365\/el-aeropuerto-de-gran-canaria-comenzara-este-martes-trabajos-de-mejora\/#mainImage","width":800,"height":471},"primaryImageOfPage":{"@id":"https:\/\/eldigitaldeasturias.com\/magazine365\/el-aeropuerto-de-gran-canaria-comenzara-este-martes-trabajos-de-mejora\/#mainImage"},"datePublished":"2016-06-28T06:26:52+02:00","dateModified":"2016-06-28T06:26:52+02:00"},{"@type":"WebSite","@id":"https:\/\/eldigitaldeasturias.com\/magazine365\/#website","url":"https:\/\/eldigitaldeasturias.com\/magazine365\/","name":"El Digital de Asturias","description":"Revista de ocio, turismo y estilo de vida","inLanguage":"es-ES","publisher":{"@id":"https:\/\/eldigitaldeasturias.com\/magazine365\/#organization"}}]},"og:locale":"es_ES","og:site_name":"El Digital de Asturias \u2013 Revista de ocio, turismo y estilo de vida","og:type":"article","og:title":"El Aeropuerto de Gran Canaria comenzar\u00e1 este martes trabajos de mejora | El Digital de Asturias","og:description":"El Aeropuerto de Gran Canaria comenzar\u00e1 este martes trabajos de regeneraci\u00f3n y mejora de los viales de acceso p\u00fablicos, que modificar\u00e1n temporalmente la circulaci\u00f3n en algunos tramos de las entradas y salidas al Edificio Terminal, seg\u00fan informa Aena en una nota de prensa. As\u00ed, dentro del expediente 'Actuaciones varias y mejoras en aparcamiento publico, urbanizaci\u00f3n","og:url":"https:\/\/eldigitaldeasturias.com\/magazine365\/el-aeropuerto-de-gran-canaria-comenzara-este-martes-trabajos-de-mejora\/","og:image":"https:\/\/eldigitaldeasturias.com\/magazine365\/wp-content\/uploads\/2016\/06\/fotonoticia_20160627145634_800.jpg","og:image:secure_url":"https:\/\/eldigitaldeasturias.com\/magazine365\/wp-content\/uploads\/2016\/06\/fotonoticia_20160627145634_800.jpg","og:image:width":800,"og:image:height":471,"article:published_time":"2016-06-28T04:26:52+00:00","article:modified_time":"2016-06-28T04:26:52+00:00","twitter:card":"summary_large_image","twitter:title":"El Aeropuerto de Gran Canaria comenzar\u00e1 este martes trabajos de mejora | El Digital de Asturias","twitter:description":"El Aeropuerto de Gran Canaria comenzar\u00e1 este martes trabajos de regeneraci\u00f3n y mejora de los viales de acceso p\u00fablicos, que modificar\u00e1n temporalmente la circulaci\u00f3n en algunos tramos de las entradas y salidas al Edificio Terminal, seg\u00fan informa Aena en una nota de prensa. As\u00ed, dentro del expediente 'Actuaciones varias y mejoras en aparcamiento publico, urbanizaci\u00f3n","twitter:image":"https:\/\/eldigitaldeasturias.com\/magazine365\/wp-content\/uploads\/2016\/06\/fotonoticia_20160627145634_800.jpg"},"aioseo_meta_data":{"post_id":"80843","title":null,"description":null,"keywords":null,"keyphrases":null,"primary_term":null,"canonical_url":null,"og_title":null,"og_description":null,"og_object_type":"default","og_image_type":"default","og_image_url":null,"og_image_width":null,"og_image_height":null,"og_image_custom_url":null,"og_image_custom_fields":null,"og_video":null,"og_custom_url":null,"og_article_section":null,"og_article_tags":null,"twitter_use_og":false,"twitter_card":"default","twitter_image_type":"default","twitter_image_url":null,"twitter_image_custom_url":null,"twitter_image_custom_fields":null,"twitter_title":null,"twitter_description":null,"schema":{"blockGraphs":[],"customGraphs":[],"default":{"data":{"Article":[],"Course":[],"Dataset":[],"FAQPage":[],"Movie":[],"Person":[],"Product":[],"ProductReview":[],"Car":[],"Recipe":[],"Service":[],"SoftwareApplication":[],"WebPage":[]},"graphName":"","isEnabled":true},"graphs":[],"defaultGraph":"","defaultPostTypeGraph":""},"schema_type":null,"schema_type_options":null,"pillar_content":false,"robots_default":true,"robots_noindex":false,"robots_noarchive":false,"robots_nosnippet":false,"robots_nofollow":false,"robots_noimageindex":false,"robots_noodp":false,"robots_notranslate":false,"robots_max_snippet":null,"robots_max_videopreview":null,"robots_max_imagepreview":"large","priority":null,"frequency":null,"location":null,"local_seo":null,"seo_analyzer_scan_date":"2025-09-27 21:39:29","breadcrumb_settings":null,"limit_modified_date":false,"open_ai":null,"ai":null,"created":"2021-03-08 17:25:14","updated":"2025-09-27 21:39:29"},"aioseo_breadcrumb":"<div class=\"aioseo-breadcrumbs\"><span class=\"aioseo-breadcrumb\">\n\t<a href=\"https:\/\/eldigitaldeasturias.com\/magazine365\" title=\"Home\">Home<\/a>\n<\/span><span class=\"aioseo-breadcrumb-separator\">\u2013<\/span><span class=\"aioseo-breadcrumb\">\n\t<a href=\"https:\/\/eldigitaldeasturias.com\/magazine365\/category\/noticias-actualidad\/\" title=\"Noticias y Actualidad\">Noticias y Actualidad<\/a>\n<\/span><span class=\"aioseo-breadcrumb-separator\">\u2013<\/span><span class=\"aioseo-breadcrumb\">\n\t<a href=\"https:\/\/eldigitaldeasturias.com\/magazine365\/el-aeropuerto-de-gran-canaria-comenzara-este-martes-trabajos-de-mejora\/\" title=\"El Aeropuerto de Gran Canaria comenzar\u00e1 este martes trabajos de mejora\">El Aeropuerto de Gran Canaria comenzar\u00e1 este martes trabajos de mejora<\/a>\n<\/span><\/div>","aioseo_breadcrumb_json":[{"label":"Home","link":"https:\/\/eldigitaldeasturias.com\/magazine365"},{"label":"Noticias y Actualidad","link":"https:\/\/eldigitaldeasturias.com\/magazine365\/category\/noticias-actualidad\/"},{"label":"El Aeropuerto de Gran Canaria comenzar\u00e1 este martes trabajos de mejora","link":"https:\/\/eldigitaldeasturias.com\/magazine365\/el-aeropuerto-de-gran-canaria-comenzara-este-martes-trabajos-de-mejora\/"}],"_links":{"self":[{"href":"https:\/\/eldigitaldeasturias.com\/magazine365\/wp-json\/wp\/v2\/posts\/80843","targetHints":{"allow":["GET"]}}],"collection":[{"href":"https:\/\/eldigitaldeasturias.com\/magazine365\/wp-json\/wp\/v2\/posts"}],"about":[{"href":"https:\/\/eldigitaldeasturias.com\/magazine365\/wp-json\/wp\/v2\/types\/post"}],"author":[{"embeddable":true,"href":"https:\/\/eldigitaldeasturias.com\/magazine365\/wp-json\/wp\/v2\/users\/1"}],"replies":[{"embeddable":true,"href":"https:\/\/eldigitaldeasturias.com\/magazine365\/wp-json\/wp\/v2\/comments?post=80843"}],"version-history":[{"count":0,"href":"https:\/\/eldigitaldeasturias.com\/magazine365\/wp-json\/wp\/v2\/posts\/80843\/revisions"}],"wp:featuredmedia":[{"embeddable":true,"href":"https:\/\/eldigitaldeasturias.com\/magazine365\/wp-json\/wp\/v2\/media\/80844"}],"wp:attachment":[{"href":"https:\/\/eldigitaldeasturias.com\/magazine365\/wp-json\/wp\/v2\/media?parent=80843"}],"wp:term":[{"taxonomy":"category","embeddable":true,"href":"https:\/\/eldigitaldeasturias.com\/magazine365\/wp-json\/wp\/v2\/categories?post=80843"},{"taxonomy":"post_tag","embeddable":true,"href":"https:\/\/eldigitaldeasturias.com\/magazine365\/wp-json\/wp\/v2\/tags?post=80843"}],"curies":[{"name":"wp","href":"https:\/\/api.w.org\/{rel}","templated":true}]}}