{"id":80806,"date":"2016-06-28T05:42:46","date_gmt":"2016-06-28T03:42:46","guid":{"rendered":"http:\/\/eldigitaldeasturias.com\/magazine365\/?p=80806"},"modified":"2016-06-28T05:42:46","modified_gmt":"2016-06-28T03:42:46","slug":"uso-se-concentrara-para-denunciar-irregularidades-en-contratos-de-operarios-de-las-maquinas-transportadoras-de-la-t4","status":"publish","type":"post","link":"https:\/\/eldigitaldeasturias.com\/magazine365\/uso-se-concentrara-para-denunciar-irregularidades-en-contratos-de-operarios-de-las-maquinas-transportadoras-de-la-t4\/","title":{"rendered":"USO se concentrar\u00e1 para denunciar \u00abirregularidades\u00bb en contratos de operarios de las m\u00e1quinas transportadoras de la T4"},"content":{"rendered":"<p><img fetchpriority=\"high\" decoding=\"async\" class=\"alignleft size-medium wp-image-80807\" src=\"https:\/\/eldigitaldeasturias.com\/magazine365\/wp-content\/uploads\/2016\/06\/fotonoticia_20160627094904_800-360x240.jpg\" alt=\"fotonoticia_20160627094904_800\" width=\"360\" height=\"240\" srcset=\"https:\/\/eldigitaldeasturias.com\/magazine365\/wp-content\/uploads\/2016\/06\/fotonoticia_20160627094904_800-360x240.jpg 360w, https:\/\/eldigitaldeasturias.com\/magazine365\/wp-content\/uploads\/2016\/06\/fotonoticia_20160627094904_800-650x433.jpg 650w, https:\/\/eldigitaldeasturias.com\/magazine365\/wp-content\/uploads\/2016\/06\/fotonoticia_20160627094904_800-768x512.jpg 768w, https:\/\/eldigitaldeasturias.com\/magazine365\/wp-content\/uploads\/2016\/06\/fotonoticia_20160627094904_800-150x100.jpg 150w, https:\/\/eldigitaldeasturias.com\/magazine365\/wp-content\/uploads\/2016\/06\/fotonoticia_20160627094904_800-450x300.jpg 450w, https:\/\/eldigitaldeasturias.com\/magazine365\/wp-content\/uploads\/2016\/06\/fotonoticia_20160627094904_800-101x66.jpg 101w, https:\/\/eldigitaldeasturias.com\/magazine365\/wp-content\/uploads\/2016\/06\/fotonoticia_20160627094904_800.jpg 800w\" sizes=\"(max-width: 360px) 100vw, 360px\" \/>Uni\u00f3n Sindical Obrera Madrid (USO-Madrid) ha llamado a concentrase a los 90 operarios de las m\u00e1quinas transportadoras del edificio sat\u00e9lite de la T4 del aeropuerto de Adolfo Su\u00e1rez Madrid-Barajas hoy y ma\u00f1ana martes en favor de sus derechos laborales, ha informado USO-Madrid en un comunicado.<\/p>\n<p>En la concentraci\u00f3n, convocada de 11 a 14 horas, denunciar\u00e1n el incumplimiento del convenio y c\u00e1lculos aleatorios e incorrectos de devengos de horas de excedencia en jornadas del a\u00f1o 2015 y retribuci\u00f3n de d\u00edas festivos (de domingos y horas extraordinarias).<\/p>\n<p>Seg\u00fan han explicado, la empresa realiz\u00f3 en 2015 la modificaci\u00f3n de las condiciones de trabajo (jornada, horario, turnos), conforme con el art\u00edculo 41 del Estatuto de los Trabajadores. En concreto, cambi\u00f3 los cinco d\u00edas de trabajo consecutivo, de 12 horas, y 5 de descanso, por turnos de 6 d\u00edas de trabajo, de 8 horas, y tres de descanso.<\/p>\n<p>\u00abSin embargo, la empresa no ha cumplido con la legalidad, y est\u00e1 realizando continuos cambios en los calendarios laborales (cuadrante de turnos) para cubrir bajas, permisos, vacaciones y otras licencias retribuidas que vienen recogidas en el convenio de aplicaci\u00f3n. Todo esto lleva a que no se respeten los turnos de descanso de los trabajadores\u00bb, ha explicado el presidente del Comit\u00e9 de Empresa de Outsmart de USO-Madrid, John Edgar Huamani. Unos hechos que acaban de ser denunciados en Inspecci\u00f3n de Trabajo.<\/p>\n<p>El comit\u00e9 de empresa baraja realizar paros si la situaci\u00f3n no se resuelve con la empresa, la cual se mantiene totalmente cerrada a conversar, a pesar de solicitar en dos ocasiones la mediaci\u00f3n del Instituto Laboral.<\/p>\n<p>Adem\u00e1s, acusan a la empresa de cometer otras irregularidades, \u00abas\u00ed como la falta de reconocimiento del derecho de retribuci\u00f3n de domingos, jornadas de trabajo en d\u00edas festivos, horas extraordinarias u horas de exceso de jornada durante todo el 2015\u00bb.<\/p>\n","protected":false},"excerpt":{"rendered":"<p>Uni\u00f3n Sindical Obrera Madrid (USO-Madrid) ha llamado a concentrase a los 90 operarios de las m\u00e1quinas transportadoras del edificio sat\u00e9lite de la T4 del aeropuerto de Adolfo Su\u00e1rez Madrid-Barajas hoy y ma\u00f1ana martes en favor de sus derechos laborales, ha informado USO-Madrid en un comunicado. En la concentraci\u00f3n, convocada de 11 a 14 horas, denunciar\u00e1n<\/p>\n","protected":false},"author":1,"featured_media":80807,"comment_status":"open","ping_status":"closed","sticky":false,"template":"","format":"standard","meta":{"footnotes":""},"categories":[224],"tags":[],"class_list":{"0":"post-80806","1":"post","2":"type-post","3":"status-publish","4":"format-standard","5":"has-post-thumbnail","7":"category-noticias-actualidad"},"aioseo_notices":[],"aioseo_head":"\n\t\t<!-- All in One SEO Pro 4.9.6.1 - aioseo.com -->\n\t<meta name=\"description\" content=\"Uni\u00f3n Sindical Obrera Madrid (USO-Madrid) ha llamado a concentrase a los 90 operarios de las m\u00e1quinas transportadoras del edificio sat\u00e9lite de la T4 del aeropuerto de Adolfo Su\u00e1rez Madrid-Barajas hoy y ma\u00f1ana martes en favor de sus derechos laborales, ha informado USO-Madrid en un comunicado. En la concentraci\u00f3n, convocada de 11 a 14 horas, denunciar\u00e1n\" \/>\n\t<meta name=\"robots\" content=\"max-image-preview:large\" \/>\n\t<meta name=\"author\" content=\"admin\"\/>\n\t<meta name=\"google-site-verification\" content=\"UA-38556648-1\" \/>\n\t<meta name=\"keywords\" content=\"noticias y actualidad\" \/>\n\t<link rel=\"canonical\" href=\"https:\/\/eldigitaldeasturias.com\/magazine365\/uso-se-concentrara-para-denunciar-irregularidades-en-contratos-de-operarios-de-las-maquinas-transportadoras-de-la-t4\/\" \/>\n\t<meta name=\"generator\" content=\"All in One SEO Pro (AIOSEO) 4.9.6.1\" \/>\n\t\t<meta property=\"og:locale\" content=\"es_ES\" \/>\n\t\t<meta property=\"og:site_name\" content=\"El Digital de Asturias \u2013 Revista de ocio, turismo y estilo de vida\" \/>\n\t\t<meta property=\"og:type\" content=\"article\" \/>\n\t\t<meta property=\"og:title\" content=\"USO se concentrar\u00e1 para denunciar \u00abirregularidades\u00bb en contratos de operarios de las m\u00e1quinas transportadoras de la T4 | El Digital de Asturias\" \/>\n\t\t<meta property=\"og:description\" content=\"Uni\u00f3n Sindical Obrera Madrid (USO-Madrid) ha llamado a concentrase a los 90 operarios de las m\u00e1quinas transportadoras del edificio sat\u00e9lite de la T4 del aeropuerto de Adolfo Su\u00e1rez Madrid-Barajas hoy y ma\u00f1ana martes en favor de sus derechos laborales, ha informado USO-Madrid en un comunicado. En la concentraci\u00f3n, convocada de 11 a 14 horas, denunciar\u00e1n\" \/>\n\t\t<meta property=\"og:url\" content=\"https:\/\/eldigitaldeasturias.com\/magazine365\/uso-se-concentrara-para-denunciar-irregularidades-en-contratos-de-operarios-de-las-maquinas-transportadoras-de-la-t4\/\" \/>\n\t\t<meta property=\"og:image\" content=\"https:\/\/eldigitaldeasturias.com\/magazine365\/wp-content\/uploads\/2016\/06\/fotonoticia_20160627094904_800.jpg\" \/>\n\t\t<meta property=\"og:image:secure_url\" content=\"https:\/\/eldigitaldeasturias.com\/magazine365\/wp-content\/uploads\/2016\/06\/fotonoticia_20160627094904_800.jpg\" \/>\n\t\t<meta property=\"og:image:width\" content=\"800\" \/>\n\t\t<meta property=\"og:image:height\" content=\"533\" \/>\n\t\t<meta property=\"article:published_time\" content=\"2016-06-28T03:42:46+00:00\" \/>\n\t\t<meta property=\"article:modified_time\" content=\"2016-06-28T03:42:46+00:00\" \/>\n\t\t<meta name=\"twitter:card\" content=\"summary_large_image\" \/>\n\t\t<meta name=\"twitter:title\" content=\"USO se concentrar\u00e1 para denunciar \u00abirregularidades\u00bb en contratos de operarios de las m\u00e1quinas transportadoras de la T4 | El Digital de Asturias\" \/>\n\t\t<meta name=\"twitter:description\" content=\"Uni\u00f3n Sindical Obrera Madrid (USO-Madrid) ha llamado a concentrase a los 90 operarios de las m\u00e1quinas transportadoras del edificio sat\u00e9lite de la T4 del aeropuerto de Adolfo Su\u00e1rez Madrid-Barajas hoy y ma\u00f1ana martes en favor de sus derechos laborales, ha informado USO-Madrid en un comunicado. En la concentraci\u00f3n, convocada de 11 a 14 horas, denunciar\u00e1n\" \/>\n\t\t<meta name=\"twitter:image\" content=\"https:\/\/eldigitaldeasturias.com\/magazine365\/wp-content\/uploads\/2016\/06\/fotonoticia_20160627094904_800.jpg\" \/>\n\t\t<script type=\"application\/ld+json\" class=\"aioseo-schema\">\n\t\t\t{\"@context\":\"https:\\\/\\\/schema.org\",\"@graph\":[{\"@type\":\"Article\",\"@id\":\"https:\\\/\\\/eldigitaldeasturias.com\\\/magazine365\\\/uso-se-concentrara-para-denunciar-irregularidades-en-contratos-de-operarios-de-las-maquinas-transportadoras-de-la-t4\\\/#article\",\"name\":\"USO se concentrar\\u00e1 para denunciar \\u00abirregularidades\\u00bb en contratos de operarios de las m\\u00e1quinas transportadoras de la T4 | El Digital de Asturias\",\"headline\":\"USO se concentrar\\u00e1 para denunciar \\u00abirregularidades\\u00bb en contratos de operarios de las m\\u00e1quinas transportadoras de la T4\",\"author\":{\"@id\":\"https:\\\/\\\/eldigitaldeasturias.com\\\/magazine365\\\/author\\\/admin\\\/#author\"},\"publisher\":{\"@id\":\"https:\\\/\\\/eldigitaldeasturias.com\\\/magazine365\\\/#organization\"},\"image\":{\"@type\":\"ImageObject\",\"url\":\"https:\\\/\\\/eldigitaldeasturias.com\\\/magazine365\\\/wp-content\\\/uploads\\\/2016\\\/06\\\/fotonoticia_20160627094904_800.jpg\",\"width\":800,\"height\":533},\"datePublished\":\"2016-06-28T05:42:46+02:00\",\"dateModified\":\"2016-06-28T05:42:46+02:00\",\"inLanguage\":\"es-ES\",\"mainEntityOfPage\":{\"@id\":\"https:\\\/\\\/eldigitaldeasturias.com\\\/magazine365\\\/uso-se-concentrara-para-denunciar-irregularidades-en-contratos-de-operarios-de-las-maquinas-transportadoras-de-la-t4\\\/#webpage\"},\"isPartOf\":{\"@id\":\"https:\\\/\\\/eldigitaldeasturias.com\\\/magazine365\\\/uso-se-concentrara-para-denunciar-irregularidades-en-contratos-de-operarios-de-las-maquinas-transportadoras-de-la-t4\\\/#webpage\"},\"articleSection\":\"Noticias y Actualidad\"},{\"@type\":\"BreadcrumbList\",\"@id\":\"https:\\\/\\\/eldigitaldeasturias.com\\\/magazine365\\\/uso-se-concentrara-para-denunciar-irregularidades-en-contratos-de-operarios-de-las-maquinas-transportadoras-de-la-t4\\\/#breadcrumblist\",\"itemListElement\":[{\"@type\":\"ListItem\",\"@id\":\"https:\\\/\\\/eldigitaldeasturias.com\\\/magazine365#listItem\",\"position\":1,\"name\":\"Home\",\"item\":\"https:\\\/\\\/eldigitaldeasturias.com\\\/magazine365\",\"nextItem\":{\"@type\":\"ListItem\",\"@id\":\"https:\\\/\\\/eldigitaldeasturias.com\\\/magazine365\\\/category\\\/noticias-actualidad\\\/#listItem\",\"name\":\"Noticias y Actualidad\"}},{\"@type\":\"ListItem\",\"@id\":\"https:\\\/\\\/eldigitaldeasturias.com\\\/magazine365\\\/category\\\/noticias-actualidad\\\/#listItem\",\"position\":2,\"name\":\"Noticias y Actualidad\",\"item\":\"https:\\\/\\\/eldigitaldeasturias.com\\\/magazine365\\\/category\\\/noticias-actualidad\\\/\",\"nextItem\":{\"@type\":\"ListItem\",\"@id\":\"https:\\\/\\\/eldigitaldeasturias.com\\\/magazine365\\\/uso-se-concentrara-para-denunciar-irregularidades-en-contratos-de-operarios-de-las-maquinas-transportadoras-de-la-t4\\\/#listItem\",\"name\":\"USO se concentrar\\u00e1 para denunciar \\u00abirregularidades\\u00bb en contratos de operarios de las m\\u00e1quinas transportadoras de la T4\"},\"previousItem\":{\"@type\":\"ListItem\",\"@id\":\"https:\\\/\\\/eldigitaldeasturias.com\\\/magazine365#listItem\",\"name\":\"Home\"}},{\"@type\":\"ListItem\",\"@id\":\"https:\\\/\\\/eldigitaldeasturias.com\\\/magazine365\\\/uso-se-concentrara-para-denunciar-irregularidades-en-contratos-de-operarios-de-las-maquinas-transportadoras-de-la-t4\\\/#listItem\",\"position\":3,\"name\":\"USO se concentrar\\u00e1 para denunciar \\u00abirregularidades\\u00bb en contratos de operarios de las m\\u00e1quinas transportadoras de la T4\",\"previousItem\":{\"@type\":\"ListItem\",\"@id\":\"https:\\\/\\\/eldigitaldeasturias.com\\\/magazine365\\\/category\\\/noticias-actualidad\\\/#listItem\",\"name\":\"Noticias y Actualidad\"}}]},{\"@type\":\"Organization\",\"@id\":\"https:\\\/\\\/eldigitaldeasturias.com\\\/magazine365\\\/#organization\",\"name\":\"El digital de Asturias\",\"description\":\"Revista de ocio, turismo y estilo de vida\",\"url\":\"https:\\\/\\\/eldigitaldeasturias.com\\\/magazine365\\\/\",\"logo\":{\"@type\":\"ImageObject\",\"url\":\"https:\\\/\\\/www.eldigitaldeasturias.com\\\/noticias\\\/wp-content\\\/uploads\\\/2020\\\/12\\\/EDA.jpg\",\"@id\":\"https:\\\/\\\/eldigitaldeasturias.com\\\/magazine365\\\/uso-se-concentrara-para-denunciar-irregularidades-en-contratos-de-operarios-de-las-maquinas-transportadoras-de-la-t4\\\/#organizationLogo\"},\"image\":{\"@id\":\"https:\\\/\\\/eldigitaldeasturias.com\\\/magazine365\\\/uso-se-concentrara-para-denunciar-irregularidades-en-contratos-de-operarios-de-las-maquinas-transportadoras-de-la-t4\\\/#organizationLogo\"}},{\"@type\":\"Person\",\"@id\":\"https:\\\/\\\/eldigitaldeasturias.com\\\/magazine365\\\/author\\\/admin\\\/#author\",\"url\":\"https:\\\/\\\/eldigitaldeasturias.com\\\/magazine365\\\/author\\\/admin\\\/\",\"name\":\"admin\",\"image\":{\"@type\":\"ImageObject\",\"@id\":\"https:\\\/\\\/eldigitaldeasturias.com\\\/magazine365\\\/uso-se-concentrara-para-denunciar-irregularidades-en-contratos-de-operarios-de-las-maquinas-transportadoras-de-la-t4\\\/#authorImage\",\"url\":\"https:\\\/\\\/eldigitaldeasturias.com\\\/magazine365\\\/wp-content\\\/litespeed\\\/avatar\\\/e571bcf59a0edd6fa6838245a470f2fe.jpg?ver=1776969259\",\"width\":96,\"height\":96,\"caption\":\"admin\"}},{\"@type\":\"WebPage\",\"@id\":\"https:\\\/\\\/eldigitaldeasturias.com\\\/magazine365\\\/uso-se-concentrara-para-denunciar-irregularidades-en-contratos-de-operarios-de-las-maquinas-transportadoras-de-la-t4\\\/#webpage\",\"url\":\"https:\\\/\\\/eldigitaldeasturias.com\\\/magazine365\\\/uso-se-concentrara-para-denunciar-irregularidades-en-contratos-de-operarios-de-las-maquinas-transportadoras-de-la-t4\\\/\",\"name\":\"USO se concentrar\\u00e1 para denunciar \\u00abirregularidades\\u00bb en contratos de operarios de las m\\u00e1quinas transportadoras de la T4 | El Digital de Asturias\",\"description\":\"Uni\\u00f3n Sindical Obrera Madrid (USO-Madrid) ha llamado a concentrase a los 90 operarios de las m\\u00e1quinas transportadoras del edificio sat\\u00e9lite de la T4 del aeropuerto de Adolfo Su\\u00e1rez Madrid-Barajas hoy y ma\\u00f1ana martes en favor de sus derechos laborales, ha informado USO-Madrid en un comunicado. En la concentraci\\u00f3n, convocada de 11 a 14 horas, denunciar\\u00e1n\",\"inLanguage\":\"es-ES\",\"isPartOf\":{\"@id\":\"https:\\\/\\\/eldigitaldeasturias.com\\\/magazine365\\\/#website\"},\"breadcrumb\":{\"@id\":\"https:\\\/\\\/eldigitaldeasturias.com\\\/magazine365\\\/uso-se-concentrara-para-denunciar-irregularidades-en-contratos-de-operarios-de-las-maquinas-transportadoras-de-la-t4\\\/#breadcrumblist\"},\"author\":{\"@id\":\"https:\\\/\\\/eldigitaldeasturias.com\\\/magazine365\\\/author\\\/admin\\\/#author\"},\"creator\":{\"@id\":\"https:\\\/\\\/eldigitaldeasturias.com\\\/magazine365\\\/author\\\/admin\\\/#author\"},\"image\":{\"@type\":\"ImageObject\",\"url\":\"https:\\\/\\\/eldigitaldeasturias.com\\\/magazine365\\\/wp-content\\\/uploads\\\/2016\\\/06\\\/fotonoticia_20160627094904_800.jpg\",\"@id\":\"https:\\\/\\\/eldigitaldeasturias.com\\\/magazine365\\\/uso-se-concentrara-para-denunciar-irregularidades-en-contratos-de-operarios-de-las-maquinas-transportadoras-de-la-t4\\\/#mainImage\",\"width\":800,\"height\":533},\"primaryImageOfPage\":{\"@id\":\"https:\\\/\\\/eldigitaldeasturias.com\\\/magazine365\\\/uso-se-concentrara-para-denunciar-irregularidades-en-contratos-de-operarios-de-las-maquinas-transportadoras-de-la-t4\\\/#mainImage\"},\"datePublished\":\"2016-06-28T05:42:46+02:00\",\"dateModified\":\"2016-06-28T05:42:46+02:00\"},{\"@type\":\"WebSite\",\"@id\":\"https:\\\/\\\/eldigitaldeasturias.com\\\/magazine365\\\/#website\",\"url\":\"https:\\\/\\\/eldigitaldeasturias.com\\\/magazine365\\\/\",\"name\":\"El Digital de Asturias\",\"description\":\"Revista de ocio, turismo y estilo de vida\",\"inLanguage\":\"es-ES\",\"publisher\":{\"@id\":\"https:\\\/\\\/eldigitaldeasturias.com\\\/magazine365\\\/#organization\"}}]}\n\t\t<\/script>\n\t\t<!-- All in One SEO Pro -->\r\n\t\t<title>USO se concentrar\u00e1 para denunciar \u00abirregularidades\u00bb en contratos de operarios de las m\u00e1quinas transportadoras de la T4 | El Digital de Asturias<\/title>\n\n","aioseo_head_json":{"title":"USO se concentrar\u00e1 para denunciar \u00abirregularidades\u00bb en contratos de operarios de las m\u00e1quinas transportadoras de la T4 | El Digital de Asturias","description":"Uni\u00f3n Sindical Obrera Madrid (USO-Madrid) ha llamado a concentrase a los 90 operarios de las m\u00e1quinas transportadoras del edificio sat\u00e9lite de la T4 del aeropuerto de Adolfo Su\u00e1rez Madrid-Barajas hoy y ma\u00f1ana martes en favor de sus derechos laborales, ha informado USO-Madrid en un comunicado. En la concentraci\u00f3n, convocada de 11 a 14 horas, denunciar\u00e1n","canonical_url":"https:\/\/eldigitaldeasturias.com\/magazine365\/uso-se-concentrara-para-denunciar-irregularidades-en-contratos-de-operarios-de-las-maquinas-transportadoras-de-la-t4\/","robots":"max-image-preview:large","keywords":"noticias y actualidad","webmasterTools":{"google-site-verification":"UA-38556648-1","miscellaneous":""},"schema":{"@context":"https:\/\/schema.org","@graph":[{"@type":"Article","@id":"https:\/\/eldigitaldeasturias.com\/magazine365\/uso-se-concentrara-para-denunciar-irregularidades-en-contratos-de-operarios-de-las-maquinas-transportadoras-de-la-t4\/#article","name":"USO se concentrar\u00e1 para denunciar \u00abirregularidades\u00bb en contratos de operarios de las m\u00e1quinas transportadoras de la T4 | El Digital de Asturias","headline":"USO se concentrar\u00e1 para denunciar \u00abirregularidades\u00bb en contratos de operarios de las m\u00e1quinas transportadoras de la T4","author":{"@id":"https:\/\/eldigitaldeasturias.com\/magazine365\/author\/admin\/#author"},"publisher":{"@id":"https:\/\/eldigitaldeasturias.com\/magazine365\/#organization"},"image":{"@type":"ImageObject","url":"https:\/\/eldigitaldeasturias.com\/magazine365\/wp-content\/uploads\/2016\/06\/fotonoticia_20160627094904_800.jpg","width":800,"height":533},"datePublished":"2016-06-28T05:42:46+02:00","dateModified":"2016-06-28T05:42:46+02:00","inLanguage":"es-ES","mainEntityOfPage":{"@id":"https:\/\/eldigitaldeasturias.com\/magazine365\/uso-se-concentrara-para-denunciar-irregularidades-en-contratos-de-operarios-de-las-maquinas-transportadoras-de-la-t4\/#webpage"},"isPartOf":{"@id":"https:\/\/eldigitaldeasturias.com\/magazine365\/uso-se-concentrara-para-denunciar-irregularidades-en-contratos-de-operarios-de-las-maquinas-transportadoras-de-la-t4\/#webpage"},"articleSection":"Noticias y Actualidad"},{"@type":"BreadcrumbList","@id":"https:\/\/eldigitaldeasturias.com\/magazine365\/uso-se-concentrara-para-denunciar-irregularidades-en-contratos-de-operarios-de-las-maquinas-transportadoras-de-la-t4\/#breadcrumblist","itemListElement":[{"@type":"ListItem","@id":"https:\/\/eldigitaldeasturias.com\/magazine365#listItem","position":1,"name":"Home","item":"https:\/\/eldigitaldeasturias.com\/magazine365","nextItem":{"@type":"ListItem","@id":"https:\/\/eldigitaldeasturias.com\/magazine365\/category\/noticias-actualidad\/#listItem","name":"Noticias y Actualidad"}},{"@type":"ListItem","@id":"https:\/\/eldigitaldeasturias.com\/magazine365\/category\/noticias-actualidad\/#listItem","position":2,"name":"Noticias y Actualidad","item":"https:\/\/eldigitaldeasturias.com\/magazine365\/category\/noticias-actualidad\/","nextItem":{"@type":"ListItem","@id":"https:\/\/eldigitaldeasturias.com\/magazine365\/uso-se-concentrara-para-denunciar-irregularidades-en-contratos-de-operarios-de-las-maquinas-transportadoras-de-la-t4\/#listItem","name":"USO se concentrar\u00e1 para denunciar \u00abirregularidades\u00bb en contratos de operarios de las m\u00e1quinas transportadoras de la T4"},"previousItem":{"@type":"ListItem","@id":"https:\/\/eldigitaldeasturias.com\/magazine365#listItem","name":"Home"}},{"@type":"ListItem","@id":"https:\/\/eldigitaldeasturias.com\/magazine365\/uso-se-concentrara-para-denunciar-irregularidades-en-contratos-de-operarios-de-las-maquinas-transportadoras-de-la-t4\/#listItem","position":3,"name":"USO se concentrar\u00e1 para denunciar \u00abirregularidades\u00bb en contratos de operarios de las m\u00e1quinas transportadoras de la T4","previousItem":{"@type":"ListItem","@id":"https:\/\/eldigitaldeasturias.com\/magazine365\/category\/noticias-actualidad\/#listItem","name":"Noticias y Actualidad"}}]},{"@type":"Organization","@id":"https:\/\/eldigitaldeasturias.com\/magazine365\/#organization","name":"El digital de Asturias","description":"Revista de ocio, turismo y estilo de vida","url":"https:\/\/eldigitaldeasturias.com\/magazine365\/","logo":{"@type":"ImageObject","url":"https:\/\/www.eldigitaldeasturias.com\/noticias\/wp-content\/uploads\/2020\/12\/EDA.jpg","@id":"https:\/\/eldigitaldeasturias.com\/magazine365\/uso-se-concentrara-para-denunciar-irregularidades-en-contratos-de-operarios-de-las-maquinas-transportadoras-de-la-t4\/#organizationLogo"},"image":{"@id":"https:\/\/eldigitaldeasturias.com\/magazine365\/uso-se-concentrara-para-denunciar-irregularidades-en-contratos-de-operarios-de-las-maquinas-transportadoras-de-la-t4\/#organizationLogo"}},{"@type":"Person","@id":"https:\/\/eldigitaldeasturias.com\/magazine365\/author\/admin\/#author","url":"https:\/\/eldigitaldeasturias.com\/magazine365\/author\/admin\/","name":"admin","image":{"@type":"ImageObject","@id":"https:\/\/eldigitaldeasturias.com\/magazine365\/uso-se-concentrara-para-denunciar-irregularidades-en-contratos-de-operarios-de-las-maquinas-transportadoras-de-la-t4\/#authorImage","url":"https:\/\/eldigitaldeasturias.com\/magazine365\/wp-content\/litespeed\/avatar\/e571bcf59a0edd6fa6838245a470f2fe.jpg?ver=1776969259","width":96,"height":96,"caption":"admin"}},{"@type":"WebPage","@id":"https:\/\/eldigitaldeasturias.com\/magazine365\/uso-se-concentrara-para-denunciar-irregularidades-en-contratos-de-operarios-de-las-maquinas-transportadoras-de-la-t4\/#webpage","url":"https:\/\/eldigitaldeasturias.com\/magazine365\/uso-se-concentrara-para-denunciar-irregularidades-en-contratos-de-operarios-de-las-maquinas-transportadoras-de-la-t4\/","name":"USO se concentrar\u00e1 para denunciar \u00abirregularidades\u00bb en contratos de operarios de las m\u00e1quinas transportadoras de la T4 | El Digital de Asturias","description":"Uni\u00f3n Sindical Obrera Madrid (USO-Madrid) ha llamado a concentrase a los 90 operarios de las m\u00e1quinas transportadoras del edificio sat\u00e9lite de la T4 del aeropuerto de Adolfo Su\u00e1rez Madrid-Barajas hoy y ma\u00f1ana martes en favor de sus derechos laborales, ha informado USO-Madrid en un comunicado. En la concentraci\u00f3n, convocada de 11 a 14 horas, denunciar\u00e1n","inLanguage":"es-ES","isPartOf":{"@id":"https:\/\/eldigitaldeasturias.com\/magazine365\/#website"},"breadcrumb":{"@id":"https:\/\/eldigitaldeasturias.com\/magazine365\/uso-se-concentrara-para-denunciar-irregularidades-en-contratos-de-operarios-de-las-maquinas-transportadoras-de-la-t4\/#breadcrumblist"},"author":{"@id":"https:\/\/eldigitaldeasturias.com\/magazine365\/author\/admin\/#author"},"creator":{"@id":"https:\/\/eldigitaldeasturias.com\/magazine365\/author\/admin\/#author"},"image":{"@type":"ImageObject","url":"https:\/\/eldigitaldeasturias.com\/magazine365\/wp-content\/uploads\/2016\/06\/fotonoticia_20160627094904_800.jpg","@id":"https:\/\/eldigitaldeasturias.com\/magazine365\/uso-se-concentrara-para-denunciar-irregularidades-en-contratos-de-operarios-de-las-maquinas-transportadoras-de-la-t4\/#mainImage","width":800,"height":533},"primaryImageOfPage":{"@id":"https:\/\/eldigitaldeasturias.com\/magazine365\/uso-se-concentrara-para-denunciar-irregularidades-en-contratos-de-operarios-de-las-maquinas-transportadoras-de-la-t4\/#mainImage"},"datePublished":"2016-06-28T05:42:46+02:00","dateModified":"2016-06-28T05:42:46+02:00"},{"@type":"WebSite","@id":"https:\/\/eldigitaldeasturias.com\/magazine365\/#website","url":"https:\/\/eldigitaldeasturias.com\/magazine365\/","name":"El Digital de Asturias","description":"Revista de ocio, turismo y estilo de vida","inLanguage":"es-ES","publisher":{"@id":"https:\/\/eldigitaldeasturias.com\/magazine365\/#organization"}}]},"og:locale":"es_ES","og:site_name":"El Digital de Asturias \u2013 Revista de ocio, turismo y estilo de vida","og:type":"article","og:title":"USO se concentrar\u00e1 para denunciar \u00abirregularidades\u00bb en contratos de operarios de las m\u00e1quinas transportadoras de la T4 | El Digital de Asturias","og:description":"Uni\u00f3n Sindical Obrera Madrid (USO-Madrid) ha llamado a concentrase a los 90 operarios de las m\u00e1quinas transportadoras del edificio sat\u00e9lite de la T4 del aeropuerto de Adolfo Su\u00e1rez Madrid-Barajas hoy y ma\u00f1ana martes en favor de sus derechos laborales, ha informado USO-Madrid en un comunicado. En la concentraci\u00f3n, convocada de 11 a 14 horas, denunciar\u00e1n","og:url":"https:\/\/eldigitaldeasturias.com\/magazine365\/uso-se-concentrara-para-denunciar-irregularidades-en-contratos-de-operarios-de-las-maquinas-transportadoras-de-la-t4\/","og:image":"https:\/\/eldigitaldeasturias.com\/magazine365\/wp-content\/uploads\/2016\/06\/fotonoticia_20160627094904_800.jpg","og:image:secure_url":"https:\/\/eldigitaldeasturias.com\/magazine365\/wp-content\/uploads\/2016\/06\/fotonoticia_20160627094904_800.jpg","og:image:width":800,"og:image:height":533,"article:published_time":"2016-06-28T03:42:46+00:00","article:modified_time":"2016-06-28T03:42:46+00:00","twitter:card":"summary_large_image","twitter:title":"USO se concentrar\u00e1 para denunciar \u00abirregularidades\u00bb en contratos de operarios de las m\u00e1quinas transportadoras de la T4 | El Digital de Asturias","twitter:description":"Uni\u00f3n Sindical Obrera Madrid (USO-Madrid) ha llamado a concentrase a los 90 operarios de las m\u00e1quinas transportadoras del edificio sat\u00e9lite de la T4 del aeropuerto de Adolfo Su\u00e1rez Madrid-Barajas hoy y ma\u00f1ana martes en favor de sus derechos laborales, ha informado USO-Madrid en un comunicado. En la concentraci\u00f3n, convocada de 11 a 14 horas, denunciar\u00e1n","twitter:image":"https:\/\/eldigitaldeasturias.com\/magazine365\/wp-content\/uploads\/2016\/06\/fotonoticia_20160627094904_800.jpg"},"aioseo_meta_data":{"post_id":"80806","title":null,"description":null,"keywords":null,"keyphrases":null,"primary_term":null,"canonical_url":null,"og_title":null,"og_description":null,"og_object_type":"default","og_image_type":"default","og_image_url":null,"og_image_width":null,"og_image_height":null,"og_image_custom_url":null,"og_image_custom_fields":null,"og_video":null,"og_custom_url":null,"og_article_section":null,"og_article_tags":null,"twitter_use_og":false,"twitter_card":"default","twitter_image_type":"default","twitter_image_url":null,"twitter_image_custom_url":null,"twitter_image_custom_fields":null,"twitter_title":null,"twitter_description":null,"schema":{"blockGraphs":[],"customGraphs":[],"default":{"data":{"Article":[],"Course":[],"Dataset":[],"FAQPage":[],"Movie":[],"Person":[],"Product":[],"ProductReview":[],"Car":[],"Recipe":[],"Service":[],"SoftwareApplication":[],"WebPage":[]},"graphName":"","isEnabled":true},"graphs":[],"defaultGraph":"","defaultPostTypeGraph":""},"schema_type":null,"schema_type_options":null,"pillar_content":false,"robots_default":true,"robots_noindex":false,"robots_noarchive":false,"robots_nosnippet":false,"robots_nofollow":false,"robots_noimageindex":false,"robots_noodp":false,"robots_notranslate":false,"robots_max_snippet":null,"robots_max_videopreview":null,"robots_max_imagepreview":"large","priority":null,"frequency":null,"location":null,"local_seo":null,"seo_analyzer_scan_date":"2025-09-27 21:35:50","breadcrumb_settings":null,"limit_modified_date":false,"open_ai":null,"ai":null,"created":"2021-03-08 17:27:23","updated":"2025-09-27 21:35:50"},"aioseo_breadcrumb":"<div class=\"aioseo-breadcrumbs\"><span class=\"aioseo-breadcrumb\">\n\t<a href=\"https:\/\/eldigitaldeasturias.com\/magazine365\" title=\"Home\">Home<\/a>\n<\/span><span class=\"aioseo-breadcrumb-separator\">\u2013<\/span><span class=\"aioseo-breadcrumb\">\n\t<a href=\"https:\/\/eldigitaldeasturias.com\/magazine365\/category\/noticias-actualidad\/\" title=\"Noticias y Actualidad\">Noticias y Actualidad<\/a>\n<\/span><span class=\"aioseo-breadcrumb-separator\">\u2013<\/span><span class=\"aioseo-breadcrumb\">\n\t<a href=\"https:\/\/eldigitaldeasturias.com\/magazine365\/uso-se-concentrara-para-denunciar-irregularidades-en-contratos-de-operarios-de-las-maquinas-transportadoras-de-la-t4\/\" title=\"USO se concentrar\u00e1 para denunciar \u00abirregularidades\u00bb en contratos de operarios de las m\u00e1quinas transportadoras de la T4\">USO se concentrar\u00e1 para denunciar \u00abirregularidades\u00bb en contratos de operarios de las m\u00e1quinas transportadoras de la T4<\/a>\n<\/span><\/div>","aioseo_breadcrumb_json":[{"label":"Home","link":"https:\/\/eldigitaldeasturias.com\/magazine365"},{"label":"Noticias y Actualidad","link":"https:\/\/eldigitaldeasturias.com\/magazine365\/category\/noticias-actualidad\/"},{"label":"USO se concentrar\u00e1 para denunciar \u00abirregularidades\u00bb en contratos de operarios de las m\u00e1quinas transportadoras de la T4","link":"https:\/\/eldigitaldeasturias.com\/magazine365\/uso-se-concentrara-para-denunciar-irregularidades-en-contratos-de-operarios-de-las-maquinas-transportadoras-de-la-t4\/"}],"_links":{"self":[{"href":"https:\/\/eldigitaldeasturias.com\/magazine365\/wp-json\/wp\/v2\/posts\/80806","targetHints":{"allow":["GET"]}}],"collection":[{"href":"https:\/\/eldigitaldeasturias.com\/magazine365\/wp-json\/wp\/v2\/posts"}],"about":[{"href":"https:\/\/eldigitaldeasturias.com\/magazine365\/wp-json\/wp\/v2\/types\/post"}],"author":[{"embeddable":true,"href":"https:\/\/eldigitaldeasturias.com\/magazine365\/wp-json\/wp\/v2\/users\/1"}],"replies":[{"embeddable":true,"href":"https:\/\/eldigitaldeasturias.com\/magazine365\/wp-json\/wp\/v2\/comments?post=80806"}],"version-history":[{"count":0,"href":"https:\/\/eldigitaldeasturias.com\/magazine365\/wp-json\/wp\/v2\/posts\/80806\/revisions"}],"wp:featuredmedia":[{"embeddable":true,"href":"https:\/\/eldigitaldeasturias.com\/magazine365\/wp-json\/wp\/v2\/media\/80807"}],"wp:attachment":[{"href":"https:\/\/eldigitaldeasturias.com\/magazine365\/wp-json\/wp\/v2\/media?parent=80806"}],"wp:term":[{"taxonomy":"category","embeddable":true,"href":"https:\/\/eldigitaldeasturias.com\/magazine365\/wp-json\/wp\/v2\/categories?post=80806"},{"taxonomy":"post_tag","embeddable":true,"href":"https:\/\/eldigitaldeasturias.com\/magazine365\/wp-json\/wp\/v2\/tags?post=80806"}],"curies":[{"name":"wp","href":"https:\/\/api.w.org\/{rel}","templated":true}]}}