{"id":80803,"date":"2016-06-28T05:41:38","date_gmt":"2016-06-28T03:41:38","guid":{"rendered":"http:\/\/eldigitaldeasturias.com\/magazine365\/?p=80803"},"modified":"2016-06-28T05:41:38","modified_gmt":"2016-06-28T03:41:38","slug":"el-ibex-sube-un-25-en-la-apertura-y-toca-los-8-000-puntos-tras-el-26j-y-la-tormenta-del-brexit","status":"publish","type":"post","link":"https:\/\/eldigitaldeasturias.com\/magazine365\/el-ibex-sube-un-25-en-la-apertura-y-toca-los-8-000-puntos-tras-el-26j-y-la-tormenta-del-brexit\/","title":{"rendered":"El Ibex sube un 2,5% en la apertura y toca los 8.000 puntos tras el 26J y la tormenta del &#8216;Brexit&#8217;"},"content":{"rendered":"<p><img fetchpriority=\"high\" decoding=\"async\" class=\"alignleft size-medium wp-image-80804\" src=\"https:\/\/eldigitaldeasturias.com\/magazine365\/wp-content\/uploads\/2016\/06\/fotonoticia_20160627092334_800-360x237.jpg\" alt=\"fotonoticia_20160627092334_800\" width=\"360\" height=\"237\" srcset=\"https:\/\/eldigitaldeasturias.com\/magazine365\/wp-content\/uploads\/2016\/06\/fotonoticia_20160627092334_800-360x237.jpg 360w, https:\/\/eldigitaldeasturias.com\/magazine365\/wp-content\/uploads\/2016\/06\/fotonoticia_20160627092334_800-650x427.jpg 650w, https:\/\/eldigitaldeasturias.com\/magazine365\/wp-content\/uploads\/2016\/06\/fotonoticia_20160627092334_800-768x505.jpg 768w, https:\/\/eldigitaldeasturias.com\/magazine365\/wp-content\/uploads\/2016\/06\/fotonoticia_20160627092334_800-150x99.jpg 150w, https:\/\/eldigitaldeasturias.com\/magazine365\/wp-content\/uploads\/2016\/06\/fotonoticia_20160627092334_800-450x296.jpg 450w, https:\/\/eldigitaldeasturias.com\/magazine365\/wp-content\/uploads\/2016\/06\/fotonoticia_20160627092334_800-121x79.jpg 121w, https:\/\/eldigitaldeasturias.com\/magazine365\/wp-content\/uploads\/2016\/06\/fotonoticia_20160627092334_800-101x66.jpg 101w, https:\/\/eldigitaldeasturias.com\/magazine365\/wp-content\/uploads\/2016\/06\/fotonoticia_20160627092334_800.jpg 800w\" sizes=\"(max-width: 360px) 100vw, 360px\" \/>El parqu\u00e9 madrile\u00f1o abri\u00f3 la sesi\u00f3n de este lunes con un avance del 2,5%, que llev\u00f3 al selectivo hasta los 7.983 puntos, despu\u00e9s de las elecciones generales de este domingo en Espa\u00f1a y de la tormenta que ha supuesto en los mercados financieros el &#8216;Brexit&#8217;, causante de que el Ibex 35 sufriera el viernes la mayor ca\u00edda de su historia.<\/p>\n<p>Animado especialmente por los bancos, el selectivo madrile\u00f1o era el \u00fanico que sub\u00eda en la apertura, ya que las principales plazas europeas abr\u00edan la jornada en negativo. As\u00ed, Par\u00eds ced\u00eda un 1%, Francfort se dejaba un 0,4% y Londres perd\u00eda un<\/p>\n<p>Bankia y Caixabank eran los valores que m\u00e1s sub\u00edan en la apertura, con avances superiores al 9%, seguidos de Aena (+6%), Santander (+5,6%), BBVA (+5,3%), Enag\u00e1s (+5,1%) y Popular (+5,08%).<\/p>\n<p>Nueve minutos despu\u00e9s de la apertura, el Ibex ampliaba sus ganancias y se revalorizaba m\u00e1s de un 3,3%, hasta los 8.048 puntos, con Bankia subiendo casi un 20%. S\u00f3lo IAG y Ferrovial registraban descensos a las 9.10 horas, del 2,5% y del 0,9%, respectivamente.<\/p>\n<p>Fuentes de la Bolsa de Madrid han explicado a Europa Press que antes de la apertura del mercado se han ampliado los rangos est\u00e1ticos de muchos valores del selectivo, entre ellos el Santander, Bankia, Caixabank, BBVA, IAG, Telef\u00f3nica, Iberdrola, y Sabadell.<\/p>\n<p>En el mercado de deuda, tras una apertura ligeramente al alza, la prima de riesgo espa\u00f1ola se relajaba hasta los 160,7 puntos b\u00e1sicos, con el inter\u00e9s en el 1,52%.<\/p>\n<p>En el mercado de divisas, el euro recuperaba parte de las posiciones perdidas a primera hora y se intercambiaba a 1,1052 d\u00f3lares.<\/p>\n","protected":false},"excerpt":{"rendered":"<p>El parqu\u00e9 madrile\u00f1o abri\u00f3 la sesi\u00f3n de este lunes con un avance del 2,5%, que llev\u00f3 al selectivo hasta los 7.983 puntos, despu\u00e9s de las elecciones generales de este domingo en Espa\u00f1a y de la tormenta que ha supuesto en los mercados financieros el &#8216;Brexit&#8217;, causante de que el Ibex 35 sufriera el viernes la<\/p>\n","protected":false},"author":1,"featured_media":80804,"comment_status":"open","ping_status":"closed","sticky":false,"template":"","format":"standard","meta":{"footnotes":""},"categories":[224],"tags":[],"class_list":{"0":"post-80803","1":"post","2":"type-post","3":"status-publish","4":"format-standard","5":"has-post-thumbnail","7":"category-noticias-actualidad"},"aioseo_notices":[],"aioseo_head":"\n\t\t<!-- All in One SEO Pro 4.9.6.1 - aioseo.com -->\n\t<meta name=\"description\" content=\"El parqu\u00e9 madrile\u00f1o abri\u00f3 la sesi\u00f3n de este lunes con un avance del 2,5%, que llev\u00f3 al selectivo hasta los 7.983 puntos, despu\u00e9s de las elecciones generales de este domingo en Espa\u00f1a y de la tormenta que ha supuesto en los mercados financieros el &#039;Brexit&#039;, causante de que el Ibex 35 sufriera el viernes la\" \/>\n\t<meta name=\"robots\" content=\"max-image-preview:large\" \/>\n\t<meta name=\"author\" content=\"admin\"\/>\n\t<meta name=\"google-site-verification\" content=\"UA-38556648-1\" \/>\n\t<meta name=\"keywords\" content=\"noticias y actualidad\" \/>\n\t<link rel=\"canonical\" href=\"https:\/\/eldigitaldeasturias.com\/magazine365\/el-ibex-sube-un-25-en-la-apertura-y-toca-los-8-000-puntos-tras-el-26j-y-la-tormenta-del-brexit\/\" \/>\n\t<meta name=\"generator\" content=\"All in One SEO Pro (AIOSEO) 4.9.6.1\" \/>\n\t\t<meta property=\"og:locale\" content=\"es_ES\" \/>\n\t\t<meta property=\"og:site_name\" content=\"El Digital de Asturias \u2013 Revista de ocio, turismo y estilo de vida\" \/>\n\t\t<meta property=\"og:type\" content=\"article\" \/>\n\t\t<meta property=\"og:title\" content=\"El Ibex sube un 2,5% en la apertura y toca los 8.000 puntos tras el 26J y la tormenta del \u2018Brexit\u2019 | El Digital de Asturias\" \/>\n\t\t<meta property=\"og:description\" content=\"El parqu\u00e9 madrile\u00f1o abri\u00f3 la sesi\u00f3n de este lunes con un avance del 2,5%, que llev\u00f3 al selectivo hasta los 7.983 puntos, despu\u00e9s de las elecciones generales de este domingo en Espa\u00f1a y de la tormenta que ha supuesto en los mercados financieros el &#039;Brexit&#039;, causante de que el Ibex 35 sufriera el viernes la\" \/>\n\t\t<meta property=\"og:url\" content=\"https:\/\/eldigitaldeasturias.com\/magazine365\/el-ibex-sube-un-25-en-la-apertura-y-toca-los-8-000-puntos-tras-el-26j-y-la-tormenta-del-brexit\/\" \/>\n\t\t<meta property=\"og:image\" content=\"https:\/\/eldigitaldeasturias.com\/magazine365\/wp-content\/uploads\/2016\/06\/fotonoticia_20160627092334_800.jpg\" \/>\n\t\t<meta property=\"og:image:secure_url\" content=\"https:\/\/eldigitaldeasturias.com\/magazine365\/wp-content\/uploads\/2016\/06\/fotonoticia_20160627092334_800.jpg\" \/>\n\t\t<meta property=\"og:image:width\" content=\"800\" \/>\n\t\t<meta property=\"og:image:height\" content=\"526\" \/>\n\t\t<meta property=\"article:published_time\" content=\"2016-06-28T03:41:38+00:00\" \/>\n\t\t<meta property=\"article:modified_time\" content=\"2016-06-28T03:41:38+00:00\" \/>\n\t\t<meta name=\"twitter:card\" content=\"summary_large_image\" \/>\n\t\t<meta name=\"twitter:title\" content=\"El Ibex sube un 2,5% en la apertura y toca los 8.000 puntos tras el 26J y la tormenta del \u2018Brexit\u2019 | El Digital de Asturias\" \/>\n\t\t<meta name=\"twitter:description\" content=\"El parqu\u00e9 madrile\u00f1o abri\u00f3 la sesi\u00f3n de este lunes con un avance del 2,5%, que llev\u00f3 al selectivo hasta los 7.983 puntos, despu\u00e9s de las elecciones generales de este domingo en Espa\u00f1a y de la tormenta que ha supuesto en los mercados financieros el &#039;Brexit&#039;, causante de que el Ibex 35 sufriera el viernes la\" \/>\n\t\t<meta name=\"twitter:image\" content=\"https:\/\/eldigitaldeasturias.com\/magazine365\/wp-content\/uploads\/2016\/06\/fotonoticia_20160627092334_800.jpg\" \/>\n\t\t<script type=\"application\/ld+json\" class=\"aioseo-schema\">\n\t\t\t{\"@context\":\"https:\\\/\\\/schema.org\",\"@graph\":[{\"@type\":\"Article\",\"@id\":\"https:\\\/\\\/eldigitaldeasturias.com\\\/magazine365\\\/el-ibex-sube-un-25-en-la-apertura-y-toca-los-8-000-puntos-tras-el-26j-y-la-tormenta-del-brexit\\\/#article\",\"name\":\"El Ibex sube un 2,5% en la apertura y toca los 8.000 puntos tras el 26J y la tormenta del \\u2018Brexit\\u2019 | El Digital de Asturias\",\"headline\":\"El Ibex sube un 2,5% en la apertura y toca los 8.000 puntos tras el 26J y la tormenta del &#8216;Brexit&#8217;\",\"author\":{\"@id\":\"https:\\\/\\\/eldigitaldeasturias.com\\\/magazine365\\\/author\\\/admin\\\/#author\"},\"publisher\":{\"@id\":\"https:\\\/\\\/eldigitaldeasturias.com\\\/magazine365\\\/#organization\"},\"image\":{\"@type\":\"ImageObject\",\"url\":\"https:\\\/\\\/eldigitaldeasturias.com\\\/magazine365\\\/wp-content\\\/uploads\\\/2016\\\/06\\\/fotonoticia_20160627092334_800.jpg\",\"width\":800,\"height\":526},\"datePublished\":\"2016-06-28T05:41:38+02:00\",\"dateModified\":\"2016-06-28T05:41:38+02:00\",\"inLanguage\":\"es-ES\",\"mainEntityOfPage\":{\"@id\":\"https:\\\/\\\/eldigitaldeasturias.com\\\/magazine365\\\/el-ibex-sube-un-25-en-la-apertura-y-toca-los-8-000-puntos-tras-el-26j-y-la-tormenta-del-brexit\\\/#webpage\"},\"isPartOf\":{\"@id\":\"https:\\\/\\\/eldigitaldeasturias.com\\\/magazine365\\\/el-ibex-sube-un-25-en-la-apertura-y-toca-los-8-000-puntos-tras-el-26j-y-la-tormenta-del-brexit\\\/#webpage\"},\"articleSection\":\"Noticias y Actualidad\"},{\"@type\":\"BreadcrumbList\",\"@id\":\"https:\\\/\\\/eldigitaldeasturias.com\\\/magazine365\\\/el-ibex-sube-un-25-en-la-apertura-y-toca-los-8-000-puntos-tras-el-26j-y-la-tormenta-del-brexit\\\/#breadcrumblist\",\"itemListElement\":[{\"@type\":\"ListItem\",\"@id\":\"https:\\\/\\\/eldigitaldeasturias.com\\\/magazine365#listItem\",\"position\":1,\"name\":\"Home\",\"item\":\"https:\\\/\\\/eldigitaldeasturias.com\\\/magazine365\",\"nextItem\":{\"@type\":\"ListItem\",\"@id\":\"https:\\\/\\\/eldigitaldeasturias.com\\\/magazine365\\\/category\\\/noticias-actualidad\\\/#listItem\",\"name\":\"Noticias y Actualidad\"}},{\"@type\":\"ListItem\",\"@id\":\"https:\\\/\\\/eldigitaldeasturias.com\\\/magazine365\\\/category\\\/noticias-actualidad\\\/#listItem\",\"position\":2,\"name\":\"Noticias y Actualidad\",\"item\":\"https:\\\/\\\/eldigitaldeasturias.com\\\/magazine365\\\/category\\\/noticias-actualidad\\\/\",\"nextItem\":{\"@type\":\"ListItem\",\"@id\":\"https:\\\/\\\/eldigitaldeasturias.com\\\/magazine365\\\/el-ibex-sube-un-25-en-la-apertura-y-toca-los-8-000-puntos-tras-el-26j-y-la-tormenta-del-brexit\\\/#listItem\",\"name\":\"El Ibex sube un 2,5% en la apertura y toca los 8.000 puntos tras el 26J y la tormenta del &#8216;Brexit&#8217;\"},\"previousItem\":{\"@type\":\"ListItem\",\"@id\":\"https:\\\/\\\/eldigitaldeasturias.com\\\/magazine365#listItem\",\"name\":\"Home\"}},{\"@type\":\"ListItem\",\"@id\":\"https:\\\/\\\/eldigitaldeasturias.com\\\/magazine365\\\/el-ibex-sube-un-25-en-la-apertura-y-toca-los-8-000-puntos-tras-el-26j-y-la-tormenta-del-brexit\\\/#listItem\",\"position\":3,\"name\":\"El Ibex sube un 2,5% en la apertura y toca los 8.000 puntos tras el 26J y la tormenta del &#8216;Brexit&#8217;\",\"previousItem\":{\"@type\":\"ListItem\",\"@id\":\"https:\\\/\\\/eldigitaldeasturias.com\\\/magazine365\\\/category\\\/noticias-actualidad\\\/#listItem\",\"name\":\"Noticias y Actualidad\"}}]},{\"@type\":\"Organization\",\"@id\":\"https:\\\/\\\/eldigitaldeasturias.com\\\/magazine365\\\/#organization\",\"name\":\"El digital de Asturias\",\"description\":\"Revista de ocio, turismo y estilo de vida\",\"url\":\"https:\\\/\\\/eldigitaldeasturias.com\\\/magazine365\\\/\",\"logo\":{\"@type\":\"ImageObject\",\"url\":\"https:\\\/\\\/www.eldigitaldeasturias.com\\\/noticias\\\/wp-content\\\/uploads\\\/2020\\\/12\\\/EDA.jpg\",\"@id\":\"https:\\\/\\\/eldigitaldeasturias.com\\\/magazine365\\\/el-ibex-sube-un-25-en-la-apertura-y-toca-los-8-000-puntos-tras-el-26j-y-la-tormenta-del-brexit\\\/#organizationLogo\"},\"image\":{\"@id\":\"https:\\\/\\\/eldigitaldeasturias.com\\\/magazine365\\\/el-ibex-sube-un-25-en-la-apertura-y-toca-los-8-000-puntos-tras-el-26j-y-la-tormenta-del-brexit\\\/#organizationLogo\"}},{\"@type\":\"Person\",\"@id\":\"https:\\\/\\\/eldigitaldeasturias.com\\\/magazine365\\\/author\\\/admin\\\/#author\",\"url\":\"https:\\\/\\\/eldigitaldeasturias.com\\\/magazine365\\\/author\\\/admin\\\/\",\"name\":\"admin\",\"image\":{\"@type\":\"ImageObject\",\"@id\":\"https:\\\/\\\/eldigitaldeasturias.com\\\/magazine365\\\/el-ibex-sube-un-25-en-la-apertura-y-toca-los-8-000-puntos-tras-el-26j-y-la-tormenta-del-brexit\\\/#authorImage\",\"url\":\"https:\\\/\\\/eldigitaldeasturias.com\\\/magazine365\\\/wp-content\\\/litespeed\\\/avatar\\\/e571bcf59a0edd6fa6838245a470f2fe.jpg?ver=1776969259\",\"width\":96,\"height\":96,\"caption\":\"admin\"}},{\"@type\":\"WebPage\",\"@id\":\"https:\\\/\\\/eldigitaldeasturias.com\\\/magazine365\\\/el-ibex-sube-un-25-en-la-apertura-y-toca-los-8-000-puntos-tras-el-26j-y-la-tormenta-del-brexit\\\/#webpage\",\"url\":\"https:\\\/\\\/eldigitaldeasturias.com\\\/magazine365\\\/el-ibex-sube-un-25-en-la-apertura-y-toca-los-8-000-puntos-tras-el-26j-y-la-tormenta-del-brexit\\\/\",\"name\":\"El Ibex sube un 2,5% en la apertura y toca los 8.000 puntos tras el 26J y la tormenta del \\u2018Brexit\\u2019 | El Digital de Asturias\",\"description\":\"El parqu\\u00e9 madrile\\u00f1o abri\\u00f3 la sesi\\u00f3n de este lunes con un avance del 2,5%, que llev\\u00f3 al selectivo hasta los 7.983 puntos, despu\\u00e9s de las elecciones generales de este domingo en Espa\\u00f1a y de la tormenta que ha supuesto en los mercados financieros el 'Brexit', causante de que el Ibex 35 sufriera el viernes la\",\"inLanguage\":\"es-ES\",\"isPartOf\":{\"@id\":\"https:\\\/\\\/eldigitaldeasturias.com\\\/magazine365\\\/#website\"},\"breadcrumb\":{\"@id\":\"https:\\\/\\\/eldigitaldeasturias.com\\\/magazine365\\\/el-ibex-sube-un-25-en-la-apertura-y-toca-los-8-000-puntos-tras-el-26j-y-la-tormenta-del-brexit\\\/#breadcrumblist\"},\"author\":{\"@id\":\"https:\\\/\\\/eldigitaldeasturias.com\\\/magazine365\\\/author\\\/admin\\\/#author\"},\"creator\":{\"@id\":\"https:\\\/\\\/eldigitaldeasturias.com\\\/magazine365\\\/author\\\/admin\\\/#author\"},\"image\":{\"@type\":\"ImageObject\",\"url\":\"https:\\\/\\\/eldigitaldeasturias.com\\\/magazine365\\\/wp-content\\\/uploads\\\/2016\\\/06\\\/fotonoticia_20160627092334_800.jpg\",\"@id\":\"https:\\\/\\\/eldigitaldeasturias.com\\\/magazine365\\\/el-ibex-sube-un-25-en-la-apertura-y-toca-los-8-000-puntos-tras-el-26j-y-la-tormenta-del-brexit\\\/#mainImage\",\"width\":800,\"height\":526},\"primaryImageOfPage\":{\"@id\":\"https:\\\/\\\/eldigitaldeasturias.com\\\/magazine365\\\/el-ibex-sube-un-25-en-la-apertura-y-toca-los-8-000-puntos-tras-el-26j-y-la-tormenta-del-brexit\\\/#mainImage\"},\"datePublished\":\"2016-06-28T05:41:38+02:00\",\"dateModified\":\"2016-06-28T05:41:38+02:00\"},{\"@type\":\"WebSite\",\"@id\":\"https:\\\/\\\/eldigitaldeasturias.com\\\/magazine365\\\/#website\",\"url\":\"https:\\\/\\\/eldigitaldeasturias.com\\\/magazine365\\\/\",\"name\":\"El Digital de Asturias\",\"description\":\"Revista de ocio, turismo y estilo de vida\",\"inLanguage\":\"es-ES\",\"publisher\":{\"@id\":\"https:\\\/\\\/eldigitaldeasturias.com\\\/magazine365\\\/#organization\"}}]}\n\t\t<\/script>\n\t\t<!-- All in One SEO Pro -->\r\n\t\t<title>El Ibex sube un 2,5% en la apertura y toca los 8.000 puntos tras el 26J y la tormenta del \u2018Brexit\u2019 | El Digital de Asturias<\/title>\n\n","aioseo_head_json":{"title":"El Ibex sube un 2,5% en la apertura y toca los 8.000 puntos tras el 26J y la tormenta del \u2018Brexit\u2019 | El Digital de Asturias","description":"El parqu\u00e9 madrile\u00f1o abri\u00f3 la sesi\u00f3n de este lunes con un avance del 2,5%, que llev\u00f3 al selectivo hasta los 7.983 puntos, despu\u00e9s de las elecciones generales de este domingo en Espa\u00f1a y de la tormenta que ha supuesto en los mercados financieros el 'Brexit', causante de que el Ibex 35 sufriera el viernes la","canonical_url":"https:\/\/eldigitaldeasturias.com\/magazine365\/el-ibex-sube-un-25-en-la-apertura-y-toca-los-8-000-puntos-tras-el-26j-y-la-tormenta-del-brexit\/","robots":"max-image-preview:large","keywords":"noticias y actualidad","webmasterTools":{"google-site-verification":"UA-38556648-1","miscellaneous":""},"schema":{"@context":"https:\/\/schema.org","@graph":[{"@type":"Article","@id":"https:\/\/eldigitaldeasturias.com\/magazine365\/el-ibex-sube-un-25-en-la-apertura-y-toca-los-8-000-puntos-tras-el-26j-y-la-tormenta-del-brexit\/#article","name":"El Ibex sube un 2,5% en la apertura y toca los 8.000 puntos tras el 26J y la tormenta del \u2018Brexit\u2019 | El Digital de Asturias","headline":"El Ibex sube un 2,5% en la apertura y toca los 8.000 puntos tras el 26J y la tormenta del &#8216;Brexit&#8217;","author":{"@id":"https:\/\/eldigitaldeasturias.com\/magazine365\/author\/admin\/#author"},"publisher":{"@id":"https:\/\/eldigitaldeasturias.com\/magazine365\/#organization"},"image":{"@type":"ImageObject","url":"https:\/\/eldigitaldeasturias.com\/magazine365\/wp-content\/uploads\/2016\/06\/fotonoticia_20160627092334_800.jpg","width":800,"height":526},"datePublished":"2016-06-28T05:41:38+02:00","dateModified":"2016-06-28T05:41:38+02:00","inLanguage":"es-ES","mainEntityOfPage":{"@id":"https:\/\/eldigitaldeasturias.com\/magazine365\/el-ibex-sube-un-25-en-la-apertura-y-toca-los-8-000-puntos-tras-el-26j-y-la-tormenta-del-brexit\/#webpage"},"isPartOf":{"@id":"https:\/\/eldigitaldeasturias.com\/magazine365\/el-ibex-sube-un-25-en-la-apertura-y-toca-los-8-000-puntos-tras-el-26j-y-la-tormenta-del-brexit\/#webpage"},"articleSection":"Noticias y Actualidad"},{"@type":"BreadcrumbList","@id":"https:\/\/eldigitaldeasturias.com\/magazine365\/el-ibex-sube-un-25-en-la-apertura-y-toca-los-8-000-puntos-tras-el-26j-y-la-tormenta-del-brexit\/#breadcrumblist","itemListElement":[{"@type":"ListItem","@id":"https:\/\/eldigitaldeasturias.com\/magazine365#listItem","position":1,"name":"Home","item":"https:\/\/eldigitaldeasturias.com\/magazine365","nextItem":{"@type":"ListItem","@id":"https:\/\/eldigitaldeasturias.com\/magazine365\/category\/noticias-actualidad\/#listItem","name":"Noticias y Actualidad"}},{"@type":"ListItem","@id":"https:\/\/eldigitaldeasturias.com\/magazine365\/category\/noticias-actualidad\/#listItem","position":2,"name":"Noticias y Actualidad","item":"https:\/\/eldigitaldeasturias.com\/magazine365\/category\/noticias-actualidad\/","nextItem":{"@type":"ListItem","@id":"https:\/\/eldigitaldeasturias.com\/magazine365\/el-ibex-sube-un-25-en-la-apertura-y-toca-los-8-000-puntos-tras-el-26j-y-la-tormenta-del-brexit\/#listItem","name":"El Ibex sube un 2,5% en la apertura y toca los 8.000 puntos tras el 26J y la tormenta del &#8216;Brexit&#8217;"},"previousItem":{"@type":"ListItem","@id":"https:\/\/eldigitaldeasturias.com\/magazine365#listItem","name":"Home"}},{"@type":"ListItem","@id":"https:\/\/eldigitaldeasturias.com\/magazine365\/el-ibex-sube-un-25-en-la-apertura-y-toca-los-8-000-puntos-tras-el-26j-y-la-tormenta-del-brexit\/#listItem","position":3,"name":"El Ibex sube un 2,5% en la apertura y toca los 8.000 puntos tras el 26J y la tormenta del &#8216;Brexit&#8217;","previousItem":{"@type":"ListItem","@id":"https:\/\/eldigitaldeasturias.com\/magazine365\/category\/noticias-actualidad\/#listItem","name":"Noticias y Actualidad"}}]},{"@type":"Organization","@id":"https:\/\/eldigitaldeasturias.com\/magazine365\/#organization","name":"El digital de Asturias","description":"Revista de ocio, turismo y estilo de vida","url":"https:\/\/eldigitaldeasturias.com\/magazine365\/","logo":{"@type":"ImageObject","url":"https:\/\/www.eldigitaldeasturias.com\/noticias\/wp-content\/uploads\/2020\/12\/EDA.jpg","@id":"https:\/\/eldigitaldeasturias.com\/magazine365\/el-ibex-sube-un-25-en-la-apertura-y-toca-los-8-000-puntos-tras-el-26j-y-la-tormenta-del-brexit\/#organizationLogo"},"image":{"@id":"https:\/\/eldigitaldeasturias.com\/magazine365\/el-ibex-sube-un-25-en-la-apertura-y-toca-los-8-000-puntos-tras-el-26j-y-la-tormenta-del-brexit\/#organizationLogo"}},{"@type":"Person","@id":"https:\/\/eldigitaldeasturias.com\/magazine365\/author\/admin\/#author","url":"https:\/\/eldigitaldeasturias.com\/magazine365\/author\/admin\/","name":"admin","image":{"@type":"ImageObject","@id":"https:\/\/eldigitaldeasturias.com\/magazine365\/el-ibex-sube-un-25-en-la-apertura-y-toca-los-8-000-puntos-tras-el-26j-y-la-tormenta-del-brexit\/#authorImage","url":"https:\/\/eldigitaldeasturias.com\/magazine365\/wp-content\/litespeed\/avatar\/e571bcf59a0edd6fa6838245a470f2fe.jpg?ver=1776969259","width":96,"height":96,"caption":"admin"}},{"@type":"WebPage","@id":"https:\/\/eldigitaldeasturias.com\/magazine365\/el-ibex-sube-un-25-en-la-apertura-y-toca-los-8-000-puntos-tras-el-26j-y-la-tormenta-del-brexit\/#webpage","url":"https:\/\/eldigitaldeasturias.com\/magazine365\/el-ibex-sube-un-25-en-la-apertura-y-toca-los-8-000-puntos-tras-el-26j-y-la-tormenta-del-brexit\/","name":"El Ibex sube un 2,5% en la apertura y toca los 8.000 puntos tras el 26J y la tormenta del \u2018Brexit\u2019 | El Digital de Asturias","description":"El parqu\u00e9 madrile\u00f1o abri\u00f3 la sesi\u00f3n de este lunes con un avance del 2,5%, que llev\u00f3 al selectivo hasta los 7.983 puntos, despu\u00e9s de las elecciones generales de este domingo en Espa\u00f1a y de la tormenta que ha supuesto en los mercados financieros el 'Brexit', causante de que el Ibex 35 sufriera el viernes la","inLanguage":"es-ES","isPartOf":{"@id":"https:\/\/eldigitaldeasturias.com\/magazine365\/#website"},"breadcrumb":{"@id":"https:\/\/eldigitaldeasturias.com\/magazine365\/el-ibex-sube-un-25-en-la-apertura-y-toca-los-8-000-puntos-tras-el-26j-y-la-tormenta-del-brexit\/#breadcrumblist"},"author":{"@id":"https:\/\/eldigitaldeasturias.com\/magazine365\/author\/admin\/#author"},"creator":{"@id":"https:\/\/eldigitaldeasturias.com\/magazine365\/author\/admin\/#author"},"image":{"@type":"ImageObject","url":"https:\/\/eldigitaldeasturias.com\/magazine365\/wp-content\/uploads\/2016\/06\/fotonoticia_20160627092334_800.jpg","@id":"https:\/\/eldigitaldeasturias.com\/magazine365\/el-ibex-sube-un-25-en-la-apertura-y-toca-los-8-000-puntos-tras-el-26j-y-la-tormenta-del-brexit\/#mainImage","width":800,"height":526},"primaryImageOfPage":{"@id":"https:\/\/eldigitaldeasturias.com\/magazine365\/el-ibex-sube-un-25-en-la-apertura-y-toca-los-8-000-puntos-tras-el-26j-y-la-tormenta-del-brexit\/#mainImage"},"datePublished":"2016-06-28T05:41:38+02:00","dateModified":"2016-06-28T05:41:38+02:00"},{"@type":"WebSite","@id":"https:\/\/eldigitaldeasturias.com\/magazine365\/#website","url":"https:\/\/eldigitaldeasturias.com\/magazine365\/","name":"El Digital de Asturias","description":"Revista de ocio, turismo y estilo de vida","inLanguage":"es-ES","publisher":{"@id":"https:\/\/eldigitaldeasturias.com\/magazine365\/#organization"}}]},"og:locale":"es_ES","og:site_name":"El Digital de Asturias \u2013 Revista de ocio, turismo y estilo de vida","og:type":"article","og:title":"El Ibex sube un 2,5% en la apertura y toca los 8.000 puntos tras el 26J y la tormenta del \u2018Brexit\u2019 | El Digital de Asturias","og:description":"El parqu\u00e9 madrile\u00f1o abri\u00f3 la sesi\u00f3n de este lunes con un avance del 2,5%, que llev\u00f3 al selectivo hasta los 7.983 puntos, despu\u00e9s de las elecciones generales de este domingo en Espa\u00f1a y de la tormenta que ha supuesto en los mercados financieros el 'Brexit', causante de que el Ibex 35 sufriera el viernes la","og:url":"https:\/\/eldigitaldeasturias.com\/magazine365\/el-ibex-sube-un-25-en-la-apertura-y-toca-los-8-000-puntos-tras-el-26j-y-la-tormenta-del-brexit\/","og:image":"https:\/\/eldigitaldeasturias.com\/magazine365\/wp-content\/uploads\/2016\/06\/fotonoticia_20160627092334_800.jpg","og:image:secure_url":"https:\/\/eldigitaldeasturias.com\/magazine365\/wp-content\/uploads\/2016\/06\/fotonoticia_20160627092334_800.jpg","og:image:width":800,"og:image:height":526,"article:published_time":"2016-06-28T03:41:38+00:00","article:modified_time":"2016-06-28T03:41:38+00:00","twitter:card":"summary_large_image","twitter:title":"El Ibex sube un 2,5% en la apertura y toca los 8.000 puntos tras el 26J y la tormenta del \u2018Brexit\u2019 | El Digital de Asturias","twitter:description":"El parqu\u00e9 madrile\u00f1o abri\u00f3 la sesi\u00f3n de este lunes con un avance del 2,5%, que llev\u00f3 al selectivo hasta los 7.983 puntos, despu\u00e9s de las elecciones generales de este domingo en Espa\u00f1a y de la tormenta que ha supuesto en los mercados financieros el 'Brexit', causante de que el Ibex 35 sufriera el viernes la","twitter:image":"https:\/\/eldigitaldeasturias.com\/magazine365\/wp-content\/uploads\/2016\/06\/fotonoticia_20160627092334_800.jpg"},"aioseo_meta_data":{"post_id":"80803","title":null,"description":null,"keywords":null,"keyphrases":null,"primary_term":null,"canonical_url":null,"og_title":null,"og_description":null,"og_object_type":"default","og_image_type":"default","og_image_url":null,"og_image_width":null,"og_image_height":null,"og_image_custom_url":null,"og_image_custom_fields":null,"og_video":null,"og_custom_url":null,"og_article_section":null,"og_article_tags":null,"twitter_use_og":false,"twitter_card":"default","twitter_image_type":"default","twitter_image_url":null,"twitter_image_custom_url":null,"twitter_image_custom_fields":null,"twitter_title":null,"twitter_description":null,"schema":{"blockGraphs":[],"customGraphs":[],"default":{"data":{"Article":[],"Course":[],"Dataset":[],"FAQPage":[],"Movie":[],"Person":[],"Product":[],"ProductReview":[],"Car":[],"Recipe":[],"Service":[],"SoftwareApplication":[],"WebPage":[]},"graphName":"","isEnabled":true},"graphs":[],"defaultGraph":"","defaultPostTypeGraph":""},"schema_type":null,"schema_type_options":null,"pillar_content":false,"robots_default":true,"robots_noindex":false,"robots_noarchive":false,"robots_nosnippet":false,"robots_nofollow":false,"robots_noimageindex":false,"robots_noodp":false,"robots_notranslate":false,"robots_max_snippet":null,"robots_max_videopreview":null,"robots_max_imagepreview":"large","priority":null,"frequency":null,"location":null,"local_seo":null,"seo_analyzer_scan_date":"2025-09-27 21:35:49","breadcrumb_settings":null,"limit_modified_date":false,"open_ai":null,"ai":null,"created":"2021-03-08 17:27:23","updated":"2025-09-27 21:35:49"},"aioseo_breadcrumb":"<div class=\"aioseo-breadcrumbs\"><span class=\"aioseo-breadcrumb\">\n\t<a href=\"https:\/\/eldigitaldeasturias.com\/magazine365\" title=\"Home\">Home<\/a>\n<\/span><span class=\"aioseo-breadcrumb-separator\">\u2013<\/span><span class=\"aioseo-breadcrumb\">\n\t<a href=\"https:\/\/eldigitaldeasturias.com\/magazine365\/category\/noticias-actualidad\/\" title=\"Noticias y Actualidad\">Noticias y Actualidad<\/a>\n<\/span><span class=\"aioseo-breadcrumb-separator\">\u2013<\/span><span class=\"aioseo-breadcrumb\">\n\t<a href=\"https:\/\/eldigitaldeasturias.com\/magazine365\/el-ibex-sube-un-25-en-la-apertura-y-toca-los-8-000-puntos-tras-el-26j-y-la-tormenta-del-brexit\/\" title=\"El Ibex sube un 2,5% en la apertura y toca los 8.000 puntos tras el 26J y la tormenta del \u2018Brexit\u2019\">El Ibex sube un 2,5% en la apertura y toca los 8.000 puntos tras el 26J y la tormenta del \u2018Brexit\u2019<\/a>\n<\/span><\/div>","aioseo_breadcrumb_json":[{"label":"Home","link":"https:\/\/eldigitaldeasturias.com\/magazine365"},{"label":"Noticias y Actualidad","link":"https:\/\/eldigitaldeasturias.com\/magazine365\/category\/noticias-actualidad\/"},{"label":"El Ibex sube un 2,5% en la apertura y toca los 8.000 puntos tras el 26J y la tormenta del &#8216;Brexit&#8217;","link":"https:\/\/eldigitaldeasturias.com\/magazine365\/el-ibex-sube-un-25-en-la-apertura-y-toca-los-8-000-puntos-tras-el-26j-y-la-tormenta-del-brexit\/"}],"_links":{"self":[{"href":"https:\/\/eldigitaldeasturias.com\/magazine365\/wp-json\/wp\/v2\/posts\/80803","targetHints":{"allow":["GET"]}}],"collection":[{"href":"https:\/\/eldigitaldeasturias.com\/magazine365\/wp-json\/wp\/v2\/posts"}],"about":[{"href":"https:\/\/eldigitaldeasturias.com\/magazine365\/wp-json\/wp\/v2\/types\/post"}],"author":[{"embeddable":true,"href":"https:\/\/eldigitaldeasturias.com\/magazine365\/wp-json\/wp\/v2\/users\/1"}],"replies":[{"embeddable":true,"href":"https:\/\/eldigitaldeasturias.com\/magazine365\/wp-json\/wp\/v2\/comments?post=80803"}],"version-history":[{"count":0,"href":"https:\/\/eldigitaldeasturias.com\/magazine365\/wp-json\/wp\/v2\/posts\/80803\/revisions"}],"wp:featuredmedia":[{"embeddable":true,"href":"https:\/\/eldigitaldeasturias.com\/magazine365\/wp-json\/wp\/v2\/media\/80804"}],"wp:attachment":[{"href":"https:\/\/eldigitaldeasturias.com\/magazine365\/wp-json\/wp\/v2\/media?parent=80803"}],"wp:term":[{"taxonomy":"category","embeddable":true,"href":"https:\/\/eldigitaldeasturias.com\/magazine365\/wp-json\/wp\/v2\/categories?post=80803"},{"taxonomy":"post_tag","embeddable":true,"href":"https:\/\/eldigitaldeasturias.com\/magazine365\/wp-json\/wp\/v2\/tags?post=80803"}],"curies":[{"name":"wp","href":"https:\/\/api.w.org\/{rel}","templated":true}]}}