{"id":80792,"date":"2016-06-28T05:36:47","date_gmt":"2016-06-28T03:36:47","guid":{"rendered":"http:\/\/eldigitaldeasturias.com\/magazine365\/?p=80792"},"modified":"2016-06-28T05:36:47","modified_gmt":"2016-06-28T03:36:47","slug":"la-junta-preve-que-andalucia-alcance-los-254-millones-de-pernoctaciones-en-verano","status":"publish","type":"post","link":"https:\/\/eldigitaldeasturias.com\/magazine365\/la-junta-preve-que-andalucia-alcance-los-254-millones-de-pernoctaciones-en-verano\/","title":{"rendered":"La Junta prev\u00e9 que Andaluc\u00eda alcance los 25,4 millones de pernoctaciones en verano"},"content":{"rendered":"<p><img fetchpriority=\"high\" decoding=\"async\" class=\"alignleft size-medium wp-image-80793\" src=\"https:\/\/eldigitaldeasturias.com\/magazine365\/wp-content\/uploads\/2016\/06\/fotonoticia_20160627090932_800-360x270.jpg\" alt=\"fotonoticia_20160627090932_800\" width=\"360\" height=\"270\" srcset=\"https:\/\/eldigitaldeasturias.com\/magazine365\/wp-content\/uploads\/2016\/06\/fotonoticia_20160627090932_800-360x270.jpg 360w, https:\/\/eldigitaldeasturias.com\/magazine365\/wp-content\/uploads\/2016\/06\/fotonoticia_20160627090932_800-650x488.jpg 650w, https:\/\/eldigitaldeasturias.com\/magazine365\/wp-content\/uploads\/2016\/06\/fotonoticia_20160627090932_800-768x576.jpg 768w, https:\/\/eldigitaldeasturias.com\/magazine365\/wp-content\/uploads\/2016\/06\/fotonoticia_20160627090932_800-150x113.jpg 150w, https:\/\/eldigitaldeasturias.com\/magazine365\/wp-content\/uploads\/2016\/06\/fotonoticia_20160627090932_800-450x338.jpg 450w, https:\/\/eldigitaldeasturias.com\/magazine365\/wp-content\/uploads\/2016\/06\/fotonoticia_20160627090932_800-90x67.jpg 90w, https:\/\/eldigitaldeasturias.com\/magazine365\/wp-content\/uploads\/2016\/06\/fotonoticia_20160627090932_800-164x124.jpg 164w, https:\/\/eldigitaldeasturias.com\/magazine365\/wp-content\/uploads\/2016\/06\/fotonoticia_20160627090932_800-100x75.jpg 100w, https:\/\/eldigitaldeasturias.com\/magazine365\/wp-content\/uploads\/2016\/06\/fotonoticia_20160627090932_800.jpg 800w\" sizes=\"(max-width: 360px) 100vw, 360px\" \/>La Consejer\u00eda de Turismo y Deporte prev\u00e9 que Andaluc\u00eda alcance los 25,4 millones de pernoctaciones entre junio, julio, agosto y septiembre, lo que representa un incremento del 7,5 por ciento en comparaci\u00f3n con los datos del a\u00f1o pasado.<\/p>\n<p>As\u00ed lo ha se\u00f1alado el consejero del ramo, Francisco Javier Fern\u00e1ndez, en declaraciones a Europa Press, en las que ha detallado que junio alcanzar\u00e1 los 5,3 millones de estancias (+7,5%), julio los 6,66 millones de estancias (+8%), agosto, los 7,49 millones (+6,8%) y septiembre, los 5,88 millones (+6,7%).<\/p>\n<p>Adem\u00e1s, ha apuntado que se estima para esta temporada una ocupaci\u00f3n media de los alojamientos reglados del 72,1 por ciento, que rozar\u00e1 el 82 por ciento en el caso del litoral. Por tipolog\u00edas, los hoteles y apartamentos presentan los porcentajes m\u00e1s elevados, ya que esperan cubrir m\u00e1s del 76 por ciento de las plazas.<\/p>\n<p>Por provincias, M\u00e1laga es la \u00fanica que se sit\u00faa por encima de la media (83,4%); mientras que en Almer\u00eda y C\u00e1diz la ocupaci\u00f3n ser\u00e1 de 74 por ciento y del 73 por ciento, respectivamente.<\/p>\n<p>Seg\u00fan ha se\u00f1alado el consejero, este incremento ir\u00eda acorde con el resto del a\u00f1o y ha destacado que el flujo tur\u00edstico se repartir\u00eda por todo el litoral andaluz, junto que la zona de interior tambi\u00e9n conseguir\u00eda muy buenas cifras, a pesar de ser su estaci\u00f3n baja.<\/p>\n<p>Sobre la situaci\u00f3n del empleo en el sector tur\u00edstico, el consejero ha se\u00f1alado que la calidad y la estabilidad en el mismo es \u00abimprescindible\u00bb. \u00abPara tener una oferta de calidad, hay que tener un empleo de calidad y estable\u00bb, ha insistido.<\/p>\n<p>\u00abSECTOR OPTIMISTA\u00bb<\/p>\n<p>Fern\u00e1ndez ha apuntado que el sector se muestra optimista para esta temporada, ya que el 60 por ciento de los establecimientos espera mejorar la ocupaci\u00f3n y un 50 por ciento prev\u00e9 incrementar tanto las ventas como los resultados en relaci\u00f3n con el a\u00f1o pasado.<\/p>\n<p>De esta manera, ha destacado que Andaluc\u00eda contin\u00faa liderando el turismo con una oferta de \u00abgran calidad\u00bb y detr\u00e1s de ello est\u00e1 el trabajo de \u00abmuchas personas, un importante esfuerzo de empresarios, agentes, administraciones y trabajadores en general de esta industria\u00bb. \u00abTodos debemos continuar trabajando de forma conjunta para afianzar nuestro atractivo y consolidar los resultados\u00bb, ha subrayado.<\/p>\n<p>\u00abLa intenci\u00f3n de la Consejer\u00eda es conseguir que los buenos resultados no sean coyunturales, sino consolidar este crecimiento y traducirlo en generaci\u00f3n de riqueza y de empleo de calidad para nuestra regi\u00f3n\u00bb, ha advertido el consejero.<\/p>\n<p>VALORACI\u00d3N HASTA MAYO<\/p>\n<p>Andaluc\u00eda acumula ya 17,3 millones de pernoctaciones hoteleras hasta mayo, lo que supone un incremento del 12,1 por ciento en relaci\u00f3n con el mismo periodo de 2015, gracias al comportamiento tanto del mercado internacional (+14,5%) como nacional (+9,5%). En valores absolutos y en cuanto a crecimiento, \u00abse trata de las mejores cifras de la serie hist\u00f3rica\u00bb, ha detallado.<\/p>\n<p>La regi\u00f3n ocupa la segunda posici\u00f3n en el r\u00e1nking de movimiento hotelero de Espa\u00f1a, acaparando m\u00e1s del 16 por ciento del total de estancias, y crece por encima de la media nacional y de las principales comunidades tur\u00edsticas.<\/p>\n<p>\u00abLos resultados demuestran la solidez del destino andaluz en cuanto a oferta de calidad y excelencia. Este ejercicio m\u00e1s que nunca se est\u00e1 cumpliendo con creces y se est\u00e1 apreciando por parte del turista que Andaluc\u00eda tiene de todo, para todos, y durante todo el a\u00f1o\u00bb, ha cerrado.<\/p>\n","protected":false},"excerpt":{"rendered":"<p>La Consejer\u00eda de Turismo y Deporte prev\u00e9 que Andaluc\u00eda alcance los 25,4 millones de pernoctaciones entre junio, julio, agosto y septiembre, lo que representa un incremento del 7,5 por ciento en comparaci\u00f3n con los datos del a\u00f1o pasado. As\u00ed lo ha se\u00f1alado el consejero del ramo, Francisco Javier Fern\u00e1ndez, en declaraciones a Europa Press, en<\/p>\n","protected":false},"author":1,"featured_media":80793,"comment_status":"open","ping_status":"closed","sticky":false,"template":"","format":"standard","meta":{"footnotes":""},"categories":[224],"tags":[],"class_list":{"0":"post-80792","1":"post","2":"type-post","3":"status-publish","4":"format-standard","5":"has-post-thumbnail","7":"category-noticias-actualidad"},"aioseo_notices":[],"aioseo_head":"\n\t\t<!-- All in One SEO Pro 4.9.6.1 - aioseo.com -->\n\t<meta name=\"description\" content=\"La Consejer\u00eda de Turismo y Deporte prev\u00e9 que Andaluc\u00eda alcance los 25,4 millones de pernoctaciones entre junio, julio, agosto y septiembre, lo que representa un incremento del 7,5 por ciento en comparaci\u00f3n con los datos del a\u00f1o pasado. As\u00ed lo ha se\u00f1alado el consejero del ramo, Francisco Javier Fern\u00e1ndez, en declaraciones a Europa Press, en\" \/>\n\t<meta name=\"robots\" content=\"max-image-preview:large\" \/>\n\t<meta name=\"author\" content=\"admin\"\/>\n\t<meta name=\"google-site-verification\" content=\"UA-38556648-1\" \/>\n\t<meta name=\"keywords\" content=\"noticias y actualidad\" \/>\n\t<link rel=\"canonical\" href=\"https:\/\/eldigitaldeasturias.com\/magazine365\/la-junta-preve-que-andalucia-alcance-los-254-millones-de-pernoctaciones-en-verano\/\" \/>\n\t<meta name=\"generator\" content=\"All in One SEO Pro (AIOSEO) 4.9.6.1\" \/>\n\t\t<meta property=\"og:locale\" content=\"es_ES\" \/>\n\t\t<meta property=\"og:site_name\" content=\"El Digital de Asturias \u2013 Revista de ocio, turismo y estilo de vida\" \/>\n\t\t<meta property=\"og:type\" content=\"article\" \/>\n\t\t<meta property=\"og:title\" content=\"La Junta prev\u00e9 que Andaluc\u00eda alcance los 25,4 millones de pernoctaciones en verano | El Digital de Asturias\" \/>\n\t\t<meta property=\"og:description\" content=\"La Consejer\u00eda de Turismo y Deporte prev\u00e9 que Andaluc\u00eda alcance los 25,4 millones de pernoctaciones entre junio, julio, agosto y septiembre, lo que representa un incremento del 7,5 por ciento en comparaci\u00f3n con los datos del a\u00f1o pasado. As\u00ed lo ha se\u00f1alado el consejero del ramo, Francisco Javier Fern\u00e1ndez, en declaraciones a Europa Press, en\" \/>\n\t\t<meta property=\"og:url\" content=\"https:\/\/eldigitaldeasturias.com\/magazine365\/la-junta-preve-que-andalucia-alcance-los-254-millones-de-pernoctaciones-en-verano\/\" \/>\n\t\t<meta property=\"og:image\" content=\"https:\/\/eldigitaldeasturias.com\/magazine365\/wp-content\/uploads\/2016\/06\/fotonoticia_20160627090932_800.jpg\" \/>\n\t\t<meta property=\"og:image:secure_url\" content=\"https:\/\/eldigitaldeasturias.com\/magazine365\/wp-content\/uploads\/2016\/06\/fotonoticia_20160627090932_800.jpg\" \/>\n\t\t<meta property=\"og:image:width\" content=\"800\" \/>\n\t\t<meta property=\"og:image:height\" content=\"600\" \/>\n\t\t<meta property=\"article:published_time\" content=\"2016-06-28T03:36:47+00:00\" \/>\n\t\t<meta property=\"article:modified_time\" content=\"2016-06-28T03:36:47+00:00\" \/>\n\t\t<meta name=\"twitter:card\" content=\"summary_large_image\" \/>\n\t\t<meta name=\"twitter:title\" content=\"La Junta prev\u00e9 que Andaluc\u00eda alcance los 25,4 millones de pernoctaciones en verano | El Digital de Asturias\" \/>\n\t\t<meta name=\"twitter:description\" content=\"La Consejer\u00eda de Turismo y Deporte prev\u00e9 que Andaluc\u00eda alcance los 25,4 millones de pernoctaciones entre junio, julio, agosto y septiembre, lo que representa un incremento del 7,5 por ciento en comparaci\u00f3n con los datos del a\u00f1o pasado. As\u00ed lo ha se\u00f1alado el consejero del ramo, Francisco Javier Fern\u00e1ndez, en declaraciones a Europa Press, en\" \/>\n\t\t<meta name=\"twitter:image\" content=\"https:\/\/eldigitaldeasturias.com\/magazine365\/wp-content\/uploads\/2016\/06\/fotonoticia_20160627090932_800.jpg\" \/>\n\t\t<script type=\"application\/ld+json\" class=\"aioseo-schema\">\n\t\t\t{\"@context\":\"https:\\\/\\\/schema.org\",\"@graph\":[{\"@type\":\"Article\",\"@id\":\"https:\\\/\\\/eldigitaldeasturias.com\\\/magazine365\\\/la-junta-preve-que-andalucia-alcance-los-254-millones-de-pernoctaciones-en-verano\\\/#article\",\"name\":\"La Junta prev\\u00e9 que Andaluc\\u00eda alcance los 25,4 millones de pernoctaciones en verano | El Digital de Asturias\",\"headline\":\"La Junta prev\\u00e9 que Andaluc\\u00eda alcance los 25,4 millones de pernoctaciones en verano\",\"author\":{\"@id\":\"https:\\\/\\\/eldigitaldeasturias.com\\\/magazine365\\\/author\\\/admin\\\/#author\"},\"publisher\":{\"@id\":\"https:\\\/\\\/eldigitaldeasturias.com\\\/magazine365\\\/#organization\"},\"image\":{\"@type\":\"ImageObject\",\"url\":\"https:\\\/\\\/eldigitaldeasturias.com\\\/magazine365\\\/wp-content\\\/uploads\\\/2016\\\/06\\\/fotonoticia_20160627090932_800.jpg\",\"width\":800,\"height\":600},\"datePublished\":\"2016-06-28T05:36:47+02:00\",\"dateModified\":\"2016-06-28T05:36:47+02:00\",\"inLanguage\":\"es-ES\",\"mainEntityOfPage\":{\"@id\":\"https:\\\/\\\/eldigitaldeasturias.com\\\/magazine365\\\/la-junta-preve-que-andalucia-alcance-los-254-millones-de-pernoctaciones-en-verano\\\/#webpage\"},\"isPartOf\":{\"@id\":\"https:\\\/\\\/eldigitaldeasturias.com\\\/magazine365\\\/la-junta-preve-que-andalucia-alcance-los-254-millones-de-pernoctaciones-en-verano\\\/#webpage\"},\"articleSection\":\"Noticias y Actualidad\"},{\"@type\":\"BreadcrumbList\",\"@id\":\"https:\\\/\\\/eldigitaldeasturias.com\\\/magazine365\\\/la-junta-preve-que-andalucia-alcance-los-254-millones-de-pernoctaciones-en-verano\\\/#breadcrumblist\",\"itemListElement\":[{\"@type\":\"ListItem\",\"@id\":\"https:\\\/\\\/eldigitaldeasturias.com\\\/magazine365#listItem\",\"position\":1,\"name\":\"Home\",\"item\":\"https:\\\/\\\/eldigitaldeasturias.com\\\/magazine365\",\"nextItem\":{\"@type\":\"ListItem\",\"@id\":\"https:\\\/\\\/eldigitaldeasturias.com\\\/magazine365\\\/category\\\/noticias-actualidad\\\/#listItem\",\"name\":\"Noticias y Actualidad\"}},{\"@type\":\"ListItem\",\"@id\":\"https:\\\/\\\/eldigitaldeasturias.com\\\/magazine365\\\/category\\\/noticias-actualidad\\\/#listItem\",\"position\":2,\"name\":\"Noticias y Actualidad\",\"item\":\"https:\\\/\\\/eldigitaldeasturias.com\\\/magazine365\\\/category\\\/noticias-actualidad\\\/\",\"nextItem\":{\"@type\":\"ListItem\",\"@id\":\"https:\\\/\\\/eldigitaldeasturias.com\\\/magazine365\\\/la-junta-preve-que-andalucia-alcance-los-254-millones-de-pernoctaciones-en-verano\\\/#listItem\",\"name\":\"La Junta prev\\u00e9 que Andaluc\\u00eda alcance los 25,4 millones de pernoctaciones en verano\"},\"previousItem\":{\"@type\":\"ListItem\",\"@id\":\"https:\\\/\\\/eldigitaldeasturias.com\\\/magazine365#listItem\",\"name\":\"Home\"}},{\"@type\":\"ListItem\",\"@id\":\"https:\\\/\\\/eldigitaldeasturias.com\\\/magazine365\\\/la-junta-preve-que-andalucia-alcance-los-254-millones-de-pernoctaciones-en-verano\\\/#listItem\",\"position\":3,\"name\":\"La Junta prev\\u00e9 que Andaluc\\u00eda alcance los 25,4 millones de pernoctaciones en verano\",\"previousItem\":{\"@type\":\"ListItem\",\"@id\":\"https:\\\/\\\/eldigitaldeasturias.com\\\/magazine365\\\/category\\\/noticias-actualidad\\\/#listItem\",\"name\":\"Noticias y Actualidad\"}}]},{\"@type\":\"Organization\",\"@id\":\"https:\\\/\\\/eldigitaldeasturias.com\\\/magazine365\\\/#organization\",\"name\":\"El digital de Asturias\",\"description\":\"Revista de ocio, turismo y estilo de vida\",\"url\":\"https:\\\/\\\/eldigitaldeasturias.com\\\/magazine365\\\/\",\"logo\":{\"@type\":\"ImageObject\",\"url\":\"https:\\\/\\\/www.eldigitaldeasturias.com\\\/noticias\\\/wp-content\\\/uploads\\\/2020\\\/12\\\/EDA.jpg\",\"@id\":\"https:\\\/\\\/eldigitaldeasturias.com\\\/magazine365\\\/la-junta-preve-que-andalucia-alcance-los-254-millones-de-pernoctaciones-en-verano\\\/#organizationLogo\"},\"image\":{\"@id\":\"https:\\\/\\\/eldigitaldeasturias.com\\\/magazine365\\\/la-junta-preve-que-andalucia-alcance-los-254-millones-de-pernoctaciones-en-verano\\\/#organizationLogo\"}},{\"@type\":\"Person\",\"@id\":\"https:\\\/\\\/eldigitaldeasturias.com\\\/magazine365\\\/author\\\/admin\\\/#author\",\"url\":\"https:\\\/\\\/eldigitaldeasturias.com\\\/magazine365\\\/author\\\/admin\\\/\",\"name\":\"admin\",\"image\":{\"@type\":\"ImageObject\",\"@id\":\"https:\\\/\\\/eldigitaldeasturias.com\\\/magazine365\\\/la-junta-preve-que-andalucia-alcance-los-254-millones-de-pernoctaciones-en-verano\\\/#authorImage\",\"url\":\"https:\\\/\\\/eldigitaldeasturias.com\\\/magazine365\\\/wp-content\\\/litespeed\\\/avatar\\\/e571bcf59a0edd6fa6838245a470f2fe.jpg?ver=1776969259\",\"width\":96,\"height\":96,\"caption\":\"admin\"}},{\"@type\":\"WebPage\",\"@id\":\"https:\\\/\\\/eldigitaldeasturias.com\\\/magazine365\\\/la-junta-preve-que-andalucia-alcance-los-254-millones-de-pernoctaciones-en-verano\\\/#webpage\",\"url\":\"https:\\\/\\\/eldigitaldeasturias.com\\\/magazine365\\\/la-junta-preve-que-andalucia-alcance-los-254-millones-de-pernoctaciones-en-verano\\\/\",\"name\":\"La Junta prev\\u00e9 que Andaluc\\u00eda alcance los 25,4 millones de pernoctaciones en verano | El Digital de Asturias\",\"description\":\"La Consejer\\u00eda de Turismo y Deporte prev\\u00e9 que Andaluc\\u00eda alcance los 25,4 millones de pernoctaciones entre junio, julio, agosto y septiembre, lo que representa un incremento del 7,5 por ciento en comparaci\\u00f3n con los datos del a\\u00f1o pasado. As\\u00ed lo ha se\\u00f1alado el consejero del ramo, Francisco Javier Fern\\u00e1ndez, en declaraciones a Europa Press, en\",\"inLanguage\":\"es-ES\",\"isPartOf\":{\"@id\":\"https:\\\/\\\/eldigitaldeasturias.com\\\/magazine365\\\/#website\"},\"breadcrumb\":{\"@id\":\"https:\\\/\\\/eldigitaldeasturias.com\\\/magazine365\\\/la-junta-preve-que-andalucia-alcance-los-254-millones-de-pernoctaciones-en-verano\\\/#breadcrumblist\"},\"author\":{\"@id\":\"https:\\\/\\\/eldigitaldeasturias.com\\\/magazine365\\\/author\\\/admin\\\/#author\"},\"creator\":{\"@id\":\"https:\\\/\\\/eldigitaldeasturias.com\\\/magazine365\\\/author\\\/admin\\\/#author\"},\"image\":{\"@type\":\"ImageObject\",\"url\":\"https:\\\/\\\/eldigitaldeasturias.com\\\/magazine365\\\/wp-content\\\/uploads\\\/2016\\\/06\\\/fotonoticia_20160627090932_800.jpg\",\"@id\":\"https:\\\/\\\/eldigitaldeasturias.com\\\/magazine365\\\/la-junta-preve-que-andalucia-alcance-los-254-millones-de-pernoctaciones-en-verano\\\/#mainImage\",\"width\":800,\"height\":600},\"primaryImageOfPage\":{\"@id\":\"https:\\\/\\\/eldigitaldeasturias.com\\\/magazine365\\\/la-junta-preve-que-andalucia-alcance-los-254-millones-de-pernoctaciones-en-verano\\\/#mainImage\"},\"datePublished\":\"2016-06-28T05:36:47+02:00\",\"dateModified\":\"2016-06-28T05:36:47+02:00\"},{\"@type\":\"WebSite\",\"@id\":\"https:\\\/\\\/eldigitaldeasturias.com\\\/magazine365\\\/#website\",\"url\":\"https:\\\/\\\/eldigitaldeasturias.com\\\/magazine365\\\/\",\"name\":\"El Digital de Asturias\",\"description\":\"Revista de ocio, turismo y estilo de vida\",\"inLanguage\":\"es-ES\",\"publisher\":{\"@id\":\"https:\\\/\\\/eldigitaldeasturias.com\\\/magazine365\\\/#organization\"}}]}\n\t\t<\/script>\n\t\t<!-- All in One SEO Pro -->\r\n\t\t<title>La Junta prev\u00e9 que Andaluc\u00eda alcance los 25,4 millones de pernoctaciones en verano | El Digital de Asturias<\/title>\n\n","aioseo_head_json":{"title":"La Junta prev\u00e9 que Andaluc\u00eda alcance los 25,4 millones de pernoctaciones en verano | El Digital de Asturias","description":"La Consejer\u00eda de Turismo y Deporte prev\u00e9 que Andaluc\u00eda alcance los 25,4 millones de pernoctaciones entre junio, julio, agosto y septiembre, lo que representa un incremento del 7,5 por ciento en comparaci\u00f3n con los datos del a\u00f1o pasado. As\u00ed lo ha se\u00f1alado el consejero del ramo, Francisco Javier Fern\u00e1ndez, en declaraciones a Europa Press, en","canonical_url":"https:\/\/eldigitaldeasturias.com\/magazine365\/la-junta-preve-que-andalucia-alcance-los-254-millones-de-pernoctaciones-en-verano\/","robots":"max-image-preview:large","keywords":"noticias y actualidad","webmasterTools":{"google-site-verification":"UA-38556648-1","miscellaneous":""},"schema":{"@context":"https:\/\/schema.org","@graph":[{"@type":"Article","@id":"https:\/\/eldigitaldeasturias.com\/magazine365\/la-junta-preve-que-andalucia-alcance-los-254-millones-de-pernoctaciones-en-verano\/#article","name":"La Junta prev\u00e9 que Andaluc\u00eda alcance los 25,4 millones de pernoctaciones en verano | El Digital de Asturias","headline":"La Junta prev\u00e9 que Andaluc\u00eda alcance los 25,4 millones de pernoctaciones en verano","author":{"@id":"https:\/\/eldigitaldeasturias.com\/magazine365\/author\/admin\/#author"},"publisher":{"@id":"https:\/\/eldigitaldeasturias.com\/magazine365\/#organization"},"image":{"@type":"ImageObject","url":"https:\/\/eldigitaldeasturias.com\/magazine365\/wp-content\/uploads\/2016\/06\/fotonoticia_20160627090932_800.jpg","width":800,"height":600},"datePublished":"2016-06-28T05:36:47+02:00","dateModified":"2016-06-28T05:36:47+02:00","inLanguage":"es-ES","mainEntityOfPage":{"@id":"https:\/\/eldigitaldeasturias.com\/magazine365\/la-junta-preve-que-andalucia-alcance-los-254-millones-de-pernoctaciones-en-verano\/#webpage"},"isPartOf":{"@id":"https:\/\/eldigitaldeasturias.com\/magazine365\/la-junta-preve-que-andalucia-alcance-los-254-millones-de-pernoctaciones-en-verano\/#webpage"},"articleSection":"Noticias y Actualidad"},{"@type":"BreadcrumbList","@id":"https:\/\/eldigitaldeasturias.com\/magazine365\/la-junta-preve-que-andalucia-alcance-los-254-millones-de-pernoctaciones-en-verano\/#breadcrumblist","itemListElement":[{"@type":"ListItem","@id":"https:\/\/eldigitaldeasturias.com\/magazine365#listItem","position":1,"name":"Home","item":"https:\/\/eldigitaldeasturias.com\/magazine365","nextItem":{"@type":"ListItem","@id":"https:\/\/eldigitaldeasturias.com\/magazine365\/category\/noticias-actualidad\/#listItem","name":"Noticias y Actualidad"}},{"@type":"ListItem","@id":"https:\/\/eldigitaldeasturias.com\/magazine365\/category\/noticias-actualidad\/#listItem","position":2,"name":"Noticias y Actualidad","item":"https:\/\/eldigitaldeasturias.com\/magazine365\/category\/noticias-actualidad\/","nextItem":{"@type":"ListItem","@id":"https:\/\/eldigitaldeasturias.com\/magazine365\/la-junta-preve-que-andalucia-alcance-los-254-millones-de-pernoctaciones-en-verano\/#listItem","name":"La Junta prev\u00e9 que Andaluc\u00eda alcance los 25,4 millones de pernoctaciones en verano"},"previousItem":{"@type":"ListItem","@id":"https:\/\/eldigitaldeasturias.com\/magazine365#listItem","name":"Home"}},{"@type":"ListItem","@id":"https:\/\/eldigitaldeasturias.com\/magazine365\/la-junta-preve-que-andalucia-alcance-los-254-millones-de-pernoctaciones-en-verano\/#listItem","position":3,"name":"La Junta prev\u00e9 que Andaluc\u00eda alcance los 25,4 millones de pernoctaciones en verano","previousItem":{"@type":"ListItem","@id":"https:\/\/eldigitaldeasturias.com\/magazine365\/category\/noticias-actualidad\/#listItem","name":"Noticias y Actualidad"}}]},{"@type":"Organization","@id":"https:\/\/eldigitaldeasturias.com\/magazine365\/#organization","name":"El digital de Asturias","description":"Revista de ocio, turismo y estilo de vida","url":"https:\/\/eldigitaldeasturias.com\/magazine365\/","logo":{"@type":"ImageObject","url":"https:\/\/www.eldigitaldeasturias.com\/noticias\/wp-content\/uploads\/2020\/12\/EDA.jpg","@id":"https:\/\/eldigitaldeasturias.com\/magazine365\/la-junta-preve-que-andalucia-alcance-los-254-millones-de-pernoctaciones-en-verano\/#organizationLogo"},"image":{"@id":"https:\/\/eldigitaldeasturias.com\/magazine365\/la-junta-preve-que-andalucia-alcance-los-254-millones-de-pernoctaciones-en-verano\/#organizationLogo"}},{"@type":"Person","@id":"https:\/\/eldigitaldeasturias.com\/magazine365\/author\/admin\/#author","url":"https:\/\/eldigitaldeasturias.com\/magazine365\/author\/admin\/","name":"admin","image":{"@type":"ImageObject","@id":"https:\/\/eldigitaldeasturias.com\/magazine365\/la-junta-preve-que-andalucia-alcance-los-254-millones-de-pernoctaciones-en-verano\/#authorImage","url":"https:\/\/eldigitaldeasturias.com\/magazine365\/wp-content\/litespeed\/avatar\/e571bcf59a0edd6fa6838245a470f2fe.jpg?ver=1776969259","width":96,"height":96,"caption":"admin"}},{"@type":"WebPage","@id":"https:\/\/eldigitaldeasturias.com\/magazine365\/la-junta-preve-que-andalucia-alcance-los-254-millones-de-pernoctaciones-en-verano\/#webpage","url":"https:\/\/eldigitaldeasturias.com\/magazine365\/la-junta-preve-que-andalucia-alcance-los-254-millones-de-pernoctaciones-en-verano\/","name":"La Junta prev\u00e9 que Andaluc\u00eda alcance los 25,4 millones de pernoctaciones en verano | El Digital de Asturias","description":"La Consejer\u00eda de Turismo y Deporte prev\u00e9 que Andaluc\u00eda alcance los 25,4 millones de pernoctaciones entre junio, julio, agosto y septiembre, lo que representa un incremento del 7,5 por ciento en comparaci\u00f3n con los datos del a\u00f1o pasado. As\u00ed lo ha se\u00f1alado el consejero del ramo, Francisco Javier Fern\u00e1ndez, en declaraciones a Europa Press, en","inLanguage":"es-ES","isPartOf":{"@id":"https:\/\/eldigitaldeasturias.com\/magazine365\/#website"},"breadcrumb":{"@id":"https:\/\/eldigitaldeasturias.com\/magazine365\/la-junta-preve-que-andalucia-alcance-los-254-millones-de-pernoctaciones-en-verano\/#breadcrumblist"},"author":{"@id":"https:\/\/eldigitaldeasturias.com\/magazine365\/author\/admin\/#author"},"creator":{"@id":"https:\/\/eldigitaldeasturias.com\/magazine365\/author\/admin\/#author"},"image":{"@type":"ImageObject","url":"https:\/\/eldigitaldeasturias.com\/magazine365\/wp-content\/uploads\/2016\/06\/fotonoticia_20160627090932_800.jpg","@id":"https:\/\/eldigitaldeasturias.com\/magazine365\/la-junta-preve-que-andalucia-alcance-los-254-millones-de-pernoctaciones-en-verano\/#mainImage","width":800,"height":600},"primaryImageOfPage":{"@id":"https:\/\/eldigitaldeasturias.com\/magazine365\/la-junta-preve-que-andalucia-alcance-los-254-millones-de-pernoctaciones-en-verano\/#mainImage"},"datePublished":"2016-06-28T05:36:47+02:00","dateModified":"2016-06-28T05:36:47+02:00"},{"@type":"WebSite","@id":"https:\/\/eldigitaldeasturias.com\/magazine365\/#website","url":"https:\/\/eldigitaldeasturias.com\/magazine365\/","name":"El Digital de Asturias","description":"Revista de ocio, turismo y estilo de vida","inLanguage":"es-ES","publisher":{"@id":"https:\/\/eldigitaldeasturias.com\/magazine365\/#organization"}}]},"og:locale":"es_ES","og:site_name":"El Digital de Asturias \u2013 Revista de ocio, turismo y estilo de vida","og:type":"article","og:title":"La Junta prev\u00e9 que Andaluc\u00eda alcance los 25,4 millones de pernoctaciones en verano | El Digital de Asturias","og:description":"La Consejer\u00eda de Turismo y Deporte prev\u00e9 que Andaluc\u00eda alcance los 25,4 millones de pernoctaciones entre junio, julio, agosto y septiembre, lo que representa un incremento del 7,5 por ciento en comparaci\u00f3n con los datos del a\u00f1o pasado. As\u00ed lo ha se\u00f1alado el consejero del ramo, Francisco Javier Fern\u00e1ndez, en declaraciones a Europa Press, en","og:url":"https:\/\/eldigitaldeasturias.com\/magazine365\/la-junta-preve-que-andalucia-alcance-los-254-millones-de-pernoctaciones-en-verano\/","og:image":"https:\/\/eldigitaldeasturias.com\/magazine365\/wp-content\/uploads\/2016\/06\/fotonoticia_20160627090932_800.jpg","og:image:secure_url":"https:\/\/eldigitaldeasturias.com\/magazine365\/wp-content\/uploads\/2016\/06\/fotonoticia_20160627090932_800.jpg","og:image:width":800,"og:image:height":600,"article:published_time":"2016-06-28T03:36:47+00:00","article:modified_time":"2016-06-28T03:36:47+00:00","twitter:card":"summary_large_image","twitter:title":"La Junta prev\u00e9 que Andaluc\u00eda alcance los 25,4 millones de pernoctaciones en verano | El Digital de Asturias","twitter:description":"La Consejer\u00eda de Turismo y Deporte prev\u00e9 que Andaluc\u00eda alcance los 25,4 millones de pernoctaciones entre junio, julio, agosto y septiembre, lo que representa un incremento del 7,5 por ciento en comparaci\u00f3n con los datos del a\u00f1o pasado. As\u00ed lo ha se\u00f1alado el consejero del ramo, Francisco Javier Fern\u00e1ndez, en declaraciones a Europa Press, en","twitter:image":"https:\/\/eldigitaldeasturias.com\/magazine365\/wp-content\/uploads\/2016\/06\/fotonoticia_20160627090932_800.jpg"},"aioseo_meta_data":{"post_id":"80792","title":null,"description":null,"keywords":null,"keyphrases":null,"primary_term":null,"canonical_url":null,"og_title":null,"og_description":null,"og_object_type":"default","og_image_type":"default","og_image_url":null,"og_image_width":null,"og_image_height":null,"og_image_custom_url":null,"og_image_custom_fields":null,"og_video":null,"og_custom_url":null,"og_article_section":null,"og_article_tags":null,"twitter_use_og":false,"twitter_card":"default","twitter_image_type":"default","twitter_image_url":null,"twitter_image_custom_url":null,"twitter_image_custom_fields":null,"twitter_title":null,"twitter_description":null,"schema":{"blockGraphs":[],"customGraphs":[],"default":{"data":{"Article":[],"Course":[],"Dataset":[],"FAQPage":[],"Movie":[],"Person":[],"Product":[],"ProductReview":[],"Car":[],"Recipe":[],"Service":[],"SoftwareApplication":[],"WebPage":[]},"graphName":"","isEnabled":true},"graphs":[],"defaultGraph":"","defaultPostTypeGraph":""},"schema_type":null,"schema_type_options":null,"pillar_content":false,"robots_default":true,"robots_noindex":false,"robots_noarchive":false,"robots_nosnippet":false,"robots_nofollow":false,"robots_noimageindex":false,"robots_noodp":false,"robots_notranslate":false,"robots_max_snippet":null,"robots_max_videopreview":null,"robots_max_imagepreview":"large","priority":null,"frequency":null,"location":null,"local_seo":null,"seo_analyzer_scan_date":"2025-09-27 21:32:42","breadcrumb_settings":null,"limit_modified_date":false,"open_ai":null,"ai":null,"created":"2021-03-08 17:27:23","updated":"2025-09-27 21:32:42"},"aioseo_breadcrumb":"<div class=\"aioseo-breadcrumbs\"><span class=\"aioseo-breadcrumb\">\n\t<a href=\"https:\/\/eldigitaldeasturias.com\/magazine365\" title=\"Home\">Home<\/a>\n<\/span><span class=\"aioseo-breadcrumb-separator\">\u2013<\/span><span class=\"aioseo-breadcrumb\">\n\t<a href=\"https:\/\/eldigitaldeasturias.com\/magazine365\/category\/noticias-actualidad\/\" title=\"Noticias y Actualidad\">Noticias y Actualidad<\/a>\n<\/span><span class=\"aioseo-breadcrumb-separator\">\u2013<\/span><span class=\"aioseo-breadcrumb\">\n\t<a href=\"https:\/\/eldigitaldeasturias.com\/magazine365\/la-junta-preve-que-andalucia-alcance-los-254-millones-de-pernoctaciones-en-verano\/\" title=\"La Junta prev\u00e9 que Andaluc\u00eda alcance los 25,4 millones de pernoctaciones en verano\">La Junta prev\u00e9 que Andaluc\u00eda alcance los 25,4 millones de pernoctaciones en verano<\/a>\n<\/span><\/div>","aioseo_breadcrumb_json":[{"label":"Home","link":"https:\/\/eldigitaldeasturias.com\/magazine365"},{"label":"Noticias y Actualidad","link":"https:\/\/eldigitaldeasturias.com\/magazine365\/category\/noticias-actualidad\/"},{"label":"La Junta prev\u00e9 que Andaluc\u00eda alcance los 25,4 millones de pernoctaciones en verano","link":"https:\/\/eldigitaldeasturias.com\/magazine365\/la-junta-preve-que-andalucia-alcance-los-254-millones-de-pernoctaciones-en-verano\/"}],"_links":{"self":[{"href":"https:\/\/eldigitaldeasturias.com\/magazine365\/wp-json\/wp\/v2\/posts\/80792","targetHints":{"allow":["GET"]}}],"collection":[{"href":"https:\/\/eldigitaldeasturias.com\/magazine365\/wp-json\/wp\/v2\/posts"}],"about":[{"href":"https:\/\/eldigitaldeasturias.com\/magazine365\/wp-json\/wp\/v2\/types\/post"}],"author":[{"embeddable":true,"href":"https:\/\/eldigitaldeasturias.com\/magazine365\/wp-json\/wp\/v2\/users\/1"}],"replies":[{"embeddable":true,"href":"https:\/\/eldigitaldeasturias.com\/magazine365\/wp-json\/wp\/v2\/comments?post=80792"}],"version-history":[{"count":0,"href":"https:\/\/eldigitaldeasturias.com\/magazine365\/wp-json\/wp\/v2\/posts\/80792\/revisions"}],"wp:featuredmedia":[{"embeddable":true,"href":"https:\/\/eldigitaldeasturias.com\/magazine365\/wp-json\/wp\/v2\/media\/80793"}],"wp:attachment":[{"href":"https:\/\/eldigitaldeasturias.com\/magazine365\/wp-json\/wp\/v2\/media?parent=80792"}],"wp:term":[{"taxonomy":"category","embeddable":true,"href":"https:\/\/eldigitaldeasturias.com\/magazine365\/wp-json\/wp\/v2\/categories?post=80792"},{"taxonomy":"post_tag","embeddable":true,"href":"https:\/\/eldigitaldeasturias.com\/magazine365\/wp-json\/wp\/v2\/tags?post=80792"}],"curies":[{"name":"wp","href":"https:\/\/api.w.org\/{rel}","templated":true}]}}