{"id":80786,"date":"2016-06-28T05:30:56","date_gmt":"2016-06-28T03:30:56","guid":{"rendered":"http:\/\/eldigitaldeasturias.com\/magazine365\/?p=80786"},"modified":"2016-06-28T05:30:56","modified_gmt":"2016-06-28T03:30:56","slug":"el-programa-galicia-a-todo-tren-realiza-su-primer-viaje-por-la-ruta-del-vino-de-las-rias-baixas","status":"publish","type":"post","link":"https:\/\/eldigitaldeasturias.com\/magazine365\/el-programa-galicia-a-todo-tren-realiza-su-primer-viaje-por-la-ruta-del-vino-de-las-rias-baixas\/","title":{"rendered":"El programa &#8216;Galicia a todo tren&#8217; realiza su primer viaje por la ruta del vino de las R\u00edas Baixas"},"content":{"rendered":"<p><img fetchpriority=\"high\" decoding=\"async\" class=\"alignleft size-medium wp-image-80787\" src=\"https:\/\/eldigitaldeasturias.com\/magazine365\/wp-content\/uploads\/2016\/06\/fotonoticia_20160627090227_800-225x300.jpg\" alt=\"fotonoticia_20160627090227_800\" width=\"225\" height=\"300\" srcset=\"https:\/\/eldigitaldeasturias.com\/magazine365\/wp-content\/uploads\/2016\/06\/fotonoticia_20160627090227_800-225x300.jpg 225w, https:\/\/eldigitaldeasturias.com\/magazine365\/wp-content\/uploads\/2016\/06\/fotonoticia_20160627090227_800-480x640.jpg 480w, https:\/\/eldigitaldeasturias.com\/magazine365\/wp-content\/uploads\/2016\/06\/fotonoticia_20160627090227_800-768x1024.jpg 768w, https:\/\/eldigitaldeasturias.com\/magazine365\/wp-content\/uploads\/2016\/06\/fotonoticia_20160627090227_800-150x200.jpg 150w, https:\/\/eldigitaldeasturias.com\/magazine365\/wp-content\/uploads\/2016\/06\/fotonoticia_20160627090227_800-450x600.jpg 450w, https:\/\/eldigitaldeasturias.com\/magazine365\/wp-content\/uploads\/2016\/06\/fotonoticia_20160627090227_800.jpg 800w\" sizes=\"(max-width: 225px) 100vw, 225px\" \/>El programa &#8216;Galicia a todo tren&#8217; ha realizado este s\u00e1bado su primer viaje por la ruta del vino de las R\u00edas Baixas, en el que ha participado la directora xeral de Turismo de Galicia, Nava Castro.<\/p>\n<p>Este es uno de los nueve itinerarios tem\u00e1ticos que este verano recorrer\u00e1n Galicia en el marco de la cuarta edici\u00f3n de este programa, una iniciativa conjunta de la Xunta, Renfe y la Diputaci\u00f3n de Ourense a trav\u00e9s del Inorde.<\/p>\n<p>En esta nueva edici\u00f3n, seg\u00fan ha destacado la Xunta, se incrementa la oferta global en 84 nuevas plazas tras los \u00abbuenos resultados\u00bb obtenidos en la edici\u00f3n anterior, en la que se alcanz\u00f3 un 87% de la ocupaci\u00f3n, superando los 2.200 pasajeros, frente a los 600 de la primera edici\u00f3n.<\/p>\n<p>Como novedad, este verano se ponen en marcha dos nuevas rutas de los trenes tur\u00edsticos, la &#8216;Termal e do Cami\u00f1o Norte a Santiago&#8217; y la de la &#8216;Lamprea e o vi\u00f1o do Condado&#8217;. Por lo tanto, en distintas fechas entre junio y octubre de 2016, un total de nueve trenes tur\u00edsticos recorrer\u00e1n otras tantas rutas tem\u00e1ticas.<\/p>\n<p>RECORRIDOS<\/p>\n<p>Cada uno de los nueve recorridos se pueden realizar en un d\u00eda y, adem\u00e1s del viaje en tren, ofrecen desplazamientos en autob\u00fas de ida y vuelta entre la estaci\u00f3n de ferrocarril y el recurso tur\u00edstico a visitar, junto con actividades complementarias como rutas en catamar\u00e1n y acceso y visitas guiadas especializadas a jardines, bodegas o museos.<\/p>\n<p>La oferta de este programa se complementa, un a\u00f1o m\u00e1s, con el &#8216;Tren do Peregrino&#8217;, el &#8216;Tren dos Balnearios&#8217; y el &#8216;Galicia Rail Pass&#8217;, a trav\u00e9s de los que se puede, respectivamente, vivir la experiencia del Camino de Santiago, disfrutar del termalismo gallego o desplazarse en tren por toda la Comunidad para conocer sus m\u00faltiples recursos.<\/p>\n<p>Adem\u00e1s, este a\u00f1o, Santiago recibir\u00e1 la visita del tren de lujo m\u00e1s espacioso del mundo, el Al-Andalus. Ser\u00e1 la primera vez que este convoy viaje entre Madrid y la capital gallega. El tren realizar\u00e1 un viaje en julio y otro en agosto, marcado un hito hist\u00f3rico de gran importancia para Galicia y el Camino de Santiago.<\/p>\n","protected":false},"excerpt":{"rendered":"<p>El programa &#8216;Galicia a todo tren&#8217; ha realizado este s\u00e1bado su primer viaje por la ruta del vino de las R\u00edas Baixas, en el que ha participado la directora xeral de Turismo de Galicia, Nava Castro. Este es uno de los nueve itinerarios tem\u00e1ticos que este verano recorrer\u00e1n Galicia en el marco de la cuarta<\/p>\n","protected":false},"author":1,"featured_media":80787,"comment_status":"open","ping_status":"closed","sticky":false,"template":"","format":"standard","meta":{"footnotes":""},"categories":[224],"tags":[],"class_list":{"0":"post-80786","1":"post","2":"type-post","3":"status-publish","4":"format-standard","5":"has-post-thumbnail","7":"category-noticias-actualidad"},"aioseo_notices":[],"aioseo_head":"\n\t\t<!-- All in One SEO Pro 4.9.6.1 - aioseo.com -->\n\t<meta name=\"description\" content=\"El programa &#039;Galicia a todo tren&#039; ha realizado este s\u00e1bado su primer viaje por la ruta del vino de las R\u00edas Baixas, en el que ha participado la directora xeral de Turismo de Galicia, Nava Castro. Este es uno de los nueve itinerarios tem\u00e1ticos que este verano recorrer\u00e1n Galicia en el marco de la cuarta\" \/>\n\t<meta name=\"robots\" content=\"max-image-preview:large\" \/>\n\t<meta name=\"author\" content=\"admin\"\/>\n\t<meta name=\"google-site-verification\" content=\"UA-38556648-1\" \/>\n\t<meta name=\"keywords\" content=\"noticias y actualidad\" \/>\n\t<link rel=\"canonical\" href=\"https:\/\/eldigitaldeasturias.com\/magazine365\/el-programa-galicia-a-todo-tren-realiza-su-primer-viaje-por-la-ruta-del-vino-de-las-rias-baixas\/\" \/>\n\t<meta name=\"generator\" content=\"All in One SEO Pro (AIOSEO) 4.9.6.1\" \/>\n\t\t<meta property=\"og:locale\" content=\"es_ES\" \/>\n\t\t<meta property=\"og:site_name\" content=\"El Digital de Asturias \u2013 Revista de ocio, turismo y estilo de vida\" \/>\n\t\t<meta property=\"og:type\" content=\"article\" \/>\n\t\t<meta property=\"og:title\" content=\"El programa \u2018Galicia a todo tren\u2019 realiza su primer viaje por la ruta del vino de las R\u00edas Baixas | El Digital de Asturias\" \/>\n\t\t<meta property=\"og:description\" content=\"El programa &#039;Galicia a todo tren&#039; ha realizado este s\u00e1bado su primer viaje por la ruta del vino de las R\u00edas Baixas, en el que ha participado la directora xeral de Turismo de Galicia, Nava Castro. Este es uno de los nueve itinerarios tem\u00e1ticos que este verano recorrer\u00e1n Galicia en el marco de la cuarta\" \/>\n\t\t<meta property=\"og:url\" content=\"https:\/\/eldigitaldeasturias.com\/magazine365\/el-programa-galicia-a-todo-tren-realiza-su-primer-viaje-por-la-ruta-del-vino-de-las-rias-baixas\/\" \/>\n\t\t<meta property=\"og:image\" content=\"https:\/\/eldigitaldeasturias.com\/magazine365\/wp-content\/uploads\/2016\/06\/fotonoticia_20160627090227_800.jpg\" \/>\n\t\t<meta property=\"og:image:secure_url\" content=\"https:\/\/eldigitaldeasturias.com\/magazine365\/wp-content\/uploads\/2016\/06\/fotonoticia_20160627090227_800.jpg\" \/>\n\t\t<meta property=\"og:image:width\" content=\"800\" \/>\n\t\t<meta property=\"og:image:height\" content=\"1067\" \/>\n\t\t<meta property=\"article:published_time\" content=\"2016-06-28T03:30:56+00:00\" \/>\n\t\t<meta property=\"article:modified_time\" content=\"2016-06-28T03:30:56+00:00\" \/>\n\t\t<meta name=\"twitter:card\" content=\"summary_large_image\" \/>\n\t\t<meta name=\"twitter:title\" content=\"El programa \u2018Galicia a todo tren\u2019 realiza su primer viaje por la ruta del vino de las R\u00edas Baixas | El Digital de Asturias\" \/>\n\t\t<meta name=\"twitter:description\" content=\"El programa &#039;Galicia a todo tren&#039; ha realizado este s\u00e1bado su primer viaje por la ruta del vino de las R\u00edas Baixas, en el que ha participado la directora xeral de Turismo de Galicia, Nava Castro. Este es uno de los nueve itinerarios tem\u00e1ticos que este verano recorrer\u00e1n Galicia en el marco de la cuarta\" \/>\n\t\t<meta name=\"twitter:image\" content=\"https:\/\/eldigitaldeasturias.com\/magazine365\/wp-content\/uploads\/2016\/06\/fotonoticia_20160627090227_800.jpg\" \/>\n\t\t<script type=\"application\/ld+json\" class=\"aioseo-schema\">\n\t\t\t{\"@context\":\"https:\\\/\\\/schema.org\",\"@graph\":[{\"@type\":\"Article\",\"@id\":\"https:\\\/\\\/eldigitaldeasturias.com\\\/magazine365\\\/el-programa-galicia-a-todo-tren-realiza-su-primer-viaje-por-la-ruta-del-vino-de-las-rias-baixas\\\/#article\",\"name\":\"El programa \\u2018Galicia a todo tren\\u2019 realiza su primer viaje por la ruta del vino de las R\\u00edas Baixas | El Digital de Asturias\",\"headline\":\"El programa &#8216;Galicia a todo tren&#8217; realiza su primer viaje por la ruta del vino de las R\\u00edas Baixas\",\"author\":{\"@id\":\"https:\\\/\\\/eldigitaldeasturias.com\\\/magazine365\\\/author\\\/admin\\\/#author\"},\"publisher\":{\"@id\":\"https:\\\/\\\/eldigitaldeasturias.com\\\/magazine365\\\/#organization\"},\"image\":{\"@type\":\"ImageObject\",\"url\":\"https:\\\/\\\/eldigitaldeasturias.com\\\/magazine365\\\/wp-content\\\/uploads\\\/2016\\\/06\\\/fotonoticia_20160627090227_800.jpg\",\"width\":800,\"height\":1067},\"datePublished\":\"2016-06-28T05:30:56+02:00\",\"dateModified\":\"2016-06-28T05:30:56+02:00\",\"inLanguage\":\"es-ES\",\"mainEntityOfPage\":{\"@id\":\"https:\\\/\\\/eldigitaldeasturias.com\\\/magazine365\\\/el-programa-galicia-a-todo-tren-realiza-su-primer-viaje-por-la-ruta-del-vino-de-las-rias-baixas\\\/#webpage\"},\"isPartOf\":{\"@id\":\"https:\\\/\\\/eldigitaldeasturias.com\\\/magazine365\\\/el-programa-galicia-a-todo-tren-realiza-su-primer-viaje-por-la-ruta-del-vino-de-las-rias-baixas\\\/#webpage\"},\"articleSection\":\"Noticias y Actualidad\"},{\"@type\":\"BreadcrumbList\",\"@id\":\"https:\\\/\\\/eldigitaldeasturias.com\\\/magazine365\\\/el-programa-galicia-a-todo-tren-realiza-su-primer-viaje-por-la-ruta-del-vino-de-las-rias-baixas\\\/#breadcrumblist\",\"itemListElement\":[{\"@type\":\"ListItem\",\"@id\":\"https:\\\/\\\/eldigitaldeasturias.com\\\/magazine365#listItem\",\"position\":1,\"name\":\"Home\",\"item\":\"https:\\\/\\\/eldigitaldeasturias.com\\\/magazine365\",\"nextItem\":{\"@type\":\"ListItem\",\"@id\":\"https:\\\/\\\/eldigitaldeasturias.com\\\/magazine365\\\/category\\\/noticias-actualidad\\\/#listItem\",\"name\":\"Noticias y Actualidad\"}},{\"@type\":\"ListItem\",\"@id\":\"https:\\\/\\\/eldigitaldeasturias.com\\\/magazine365\\\/category\\\/noticias-actualidad\\\/#listItem\",\"position\":2,\"name\":\"Noticias y Actualidad\",\"item\":\"https:\\\/\\\/eldigitaldeasturias.com\\\/magazine365\\\/category\\\/noticias-actualidad\\\/\",\"nextItem\":{\"@type\":\"ListItem\",\"@id\":\"https:\\\/\\\/eldigitaldeasturias.com\\\/magazine365\\\/el-programa-galicia-a-todo-tren-realiza-su-primer-viaje-por-la-ruta-del-vino-de-las-rias-baixas\\\/#listItem\",\"name\":\"El programa &#8216;Galicia a todo tren&#8217; realiza su primer viaje por la ruta del vino de las R\\u00edas Baixas\"},\"previousItem\":{\"@type\":\"ListItem\",\"@id\":\"https:\\\/\\\/eldigitaldeasturias.com\\\/magazine365#listItem\",\"name\":\"Home\"}},{\"@type\":\"ListItem\",\"@id\":\"https:\\\/\\\/eldigitaldeasturias.com\\\/magazine365\\\/el-programa-galicia-a-todo-tren-realiza-su-primer-viaje-por-la-ruta-del-vino-de-las-rias-baixas\\\/#listItem\",\"position\":3,\"name\":\"El programa &#8216;Galicia a todo tren&#8217; realiza su primer viaje por la ruta del vino de las R\\u00edas Baixas\",\"previousItem\":{\"@type\":\"ListItem\",\"@id\":\"https:\\\/\\\/eldigitaldeasturias.com\\\/magazine365\\\/category\\\/noticias-actualidad\\\/#listItem\",\"name\":\"Noticias y Actualidad\"}}]},{\"@type\":\"Organization\",\"@id\":\"https:\\\/\\\/eldigitaldeasturias.com\\\/magazine365\\\/#organization\",\"name\":\"El digital de Asturias\",\"description\":\"Revista de ocio, turismo y estilo de vida\",\"url\":\"https:\\\/\\\/eldigitaldeasturias.com\\\/magazine365\\\/\",\"logo\":{\"@type\":\"ImageObject\",\"url\":\"https:\\\/\\\/www.eldigitaldeasturias.com\\\/noticias\\\/wp-content\\\/uploads\\\/2020\\\/12\\\/EDA.jpg\",\"@id\":\"https:\\\/\\\/eldigitaldeasturias.com\\\/magazine365\\\/el-programa-galicia-a-todo-tren-realiza-su-primer-viaje-por-la-ruta-del-vino-de-las-rias-baixas\\\/#organizationLogo\"},\"image\":{\"@id\":\"https:\\\/\\\/eldigitaldeasturias.com\\\/magazine365\\\/el-programa-galicia-a-todo-tren-realiza-su-primer-viaje-por-la-ruta-del-vino-de-las-rias-baixas\\\/#organizationLogo\"}},{\"@type\":\"Person\",\"@id\":\"https:\\\/\\\/eldigitaldeasturias.com\\\/magazine365\\\/author\\\/admin\\\/#author\",\"url\":\"https:\\\/\\\/eldigitaldeasturias.com\\\/magazine365\\\/author\\\/admin\\\/\",\"name\":\"admin\",\"image\":{\"@type\":\"ImageObject\",\"@id\":\"https:\\\/\\\/eldigitaldeasturias.com\\\/magazine365\\\/el-programa-galicia-a-todo-tren-realiza-su-primer-viaje-por-la-ruta-del-vino-de-las-rias-baixas\\\/#authorImage\",\"url\":\"https:\\\/\\\/eldigitaldeasturias.com\\\/magazine365\\\/wp-content\\\/litespeed\\\/avatar\\\/e571bcf59a0edd6fa6838245a470f2fe.jpg?ver=1776969259\",\"width\":96,\"height\":96,\"caption\":\"admin\"}},{\"@type\":\"WebPage\",\"@id\":\"https:\\\/\\\/eldigitaldeasturias.com\\\/magazine365\\\/el-programa-galicia-a-todo-tren-realiza-su-primer-viaje-por-la-ruta-del-vino-de-las-rias-baixas\\\/#webpage\",\"url\":\"https:\\\/\\\/eldigitaldeasturias.com\\\/magazine365\\\/el-programa-galicia-a-todo-tren-realiza-su-primer-viaje-por-la-ruta-del-vino-de-las-rias-baixas\\\/\",\"name\":\"El programa \\u2018Galicia a todo tren\\u2019 realiza su primer viaje por la ruta del vino de las R\\u00edas Baixas | El Digital de Asturias\",\"description\":\"El programa 'Galicia a todo tren' ha realizado este s\\u00e1bado su primer viaje por la ruta del vino de las R\\u00edas Baixas, en el que ha participado la directora xeral de Turismo de Galicia, Nava Castro. Este es uno de los nueve itinerarios tem\\u00e1ticos que este verano recorrer\\u00e1n Galicia en el marco de la cuarta\",\"inLanguage\":\"es-ES\",\"isPartOf\":{\"@id\":\"https:\\\/\\\/eldigitaldeasturias.com\\\/magazine365\\\/#website\"},\"breadcrumb\":{\"@id\":\"https:\\\/\\\/eldigitaldeasturias.com\\\/magazine365\\\/el-programa-galicia-a-todo-tren-realiza-su-primer-viaje-por-la-ruta-del-vino-de-las-rias-baixas\\\/#breadcrumblist\"},\"author\":{\"@id\":\"https:\\\/\\\/eldigitaldeasturias.com\\\/magazine365\\\/author\\\/admin\\\/#author\"},\"creator\":{\"@id\":\"https:\\\/\\\/eldigitaldeasturias.com\\\/magazine365\\\/author\\\/admin\\\/#author\"},\"image\":{\"@type\":\"ImageObject\",\"url\":\"https:\\\/\\\/eldigitaldeasturias.com\\\/magazine365\\\/wp-content\\\/uploads\\\/2016\\\/06\\\/fotonoticia_20160627090227_800.jpg\",\"@id\":\"https:\\\/\\\/eldigitaldeasturias.com\\\/magazine365\\\/el-programa-galicia-a-todo-tren-realiza-su-primer-viaje-por-la-ruta-del-vino-de-las-rias-baixas\\\/#mainImage\",\"width\":800,\"height\":1067},\"primaryImageOfPage\":{\"@id\":\"https:\\\/\\\/eldigitaldeasturias.com\\\/magazine365\\\/el-programa-galicia-a-todo-tren-realiza-su-primer-viaje-por-la-ruta-del-vino-de-las-rias-baixas\\\/#mainImage\"},\"datePublished\":\"2016-06-28T05:30:56+02:00\",\"dateModified\":\"2016-06-28T05:30:56+02:00\"},{\"@type\":\"WebSite\",\"@id\":\"https:\\\/\\\/eldigitaldeasturias.com\\\/magazine365\\\/#website\",\"url\":\"https:\\\/\\\/eldigitaldeasturias.com\\\/magazine365\\\/\",\"name\":\"El Digital de Asturias\",\"description\":\"Revista de ocio, turismo y estilo de vida\",\"inLanguage\":\"es-ES\",\"publisher\":{\"@id\":\"https:\\\/\\\/eldigitaldeasturias.com\\\/magazine365\\\/#organization\"}}]}\n\t\t<\/script>\n\t\t<!-- All in One SEO Pro -->\r\n\t\t<title>El programa \u2018Galicia a todo tren\u2019 realiza su primer viaje por la ruta del vino de las R\u00edas Baixas | El Digital de Asturias<\/title>\n\n","aioseo_head_json":{"title":"El programa \u2018Galicia a todo tren\u2019 realiza su primer viaje por la ruta del vino de las R\u00edas Baixas | El Digital de Asturias","description":"El programa 'Galicia a todo tren' ha realizado este s\u00e1bado su primer viaje por la ruta del vino de las R\u00edas Baixas, en el que ha participado la directora xeral de Turismo de Galicia, Nava Castro. Este es uno de los nueve itinerarios tem\u00e1ticos que este verano recorrer\u00e1n Galicia en el marco de la cuarta","canonical_url":"https:\/\/eldigitaldeasturias.com\/magazine365\/el-programa-galicia-a-todo-tren-realiza-su-primer-viaje-por-la-ruta-del-vino-de-las-rias-baixas\/","robots":"max-image-preview:large","keywords":"noticias y actualidad","webmasterTools":{"google-site-verification":"UA-38556648-1","miscellaneous":""},"schema":{"@context":"https:\/\/schema.org","@graph":[{"@type":"Article","@id":"https:\/\/eldigitaldeasturias.com\/magazine365\/el-programa-galicia-a-todo-tren-realiza-su-primer-viaje-por-la-ruta-del-vino-de-las-rias-baixas\/#article","name":"El programa \u2018Galicia a todo tren\u2019 realiza su primer viaje por la ruta del vino de las R\u00edas Baixas | El Digital de Asturias","headline":"El programa &#8216;Galicia a todo tren&#8217; realiza su primer viaje por la ruta del vino de las R\u00edas Baixas","author":{"@id":"https:\/\/eldigitaldeasturias.com\/magazine365\/author\/admin\/#author"},"publisher":{"@id":"https:\/\/eldigitaldeasturias.com\/magazine365\/#organization"},"image":{"@type":"ImageObject","url":"https:\/\/eldigitaldeasturias.com\/magazine365\/wp-content\/uploads\/2016\/06\/fotonoticia_20160627090227_800.jpg","width":800,"height":1067},"datePublished":"2016-06-28T05:30:56+02:00","dateModified":"2016-06-28T05:30:56+02:00","inLanguage":"es-ES","mainEntityOfPage":{"@id":"https:\/\/eldigitaldeasturias.com\/magazine365\/el-programa-galicia-a-todo-tren-realiza-su-primer-viaje-por-la-ruta-del-vino-de-las-rias-baixas\/#webpage"},"isPartOf":{"@id":"https:\/\/eldigitaldeasturias.com\/magazine365\/el-programa-galicia-a-todo-tren-realiza-su-primer-viaje-por-la-ruta-del-vino-de-las-rias-baixas\/#webpage"},"articleSection":"Noticias y Actualidad"},{"@type":"BreadcrumbList","@id":"https:\/\/eldigitaldeasturias.com\/magazine365\/el-programa-galicia-a-todo-tren-realiza-su-primer-viaje-por-la-ruta-del-vino-de-las-rias-baixas\/#breadcrumblist","itemListElement":[{"@type":"ListItem","@id":"https:\/\/eldigitaldeasturias.com\/magazine365#listItem","position":1,"name":"Home","item":"https:\/\/eldigitaldeasturias.com\/magazine365","nextItem":{"@type":"ListItem","@id":"https:\/\/eldigitaldeasturias.com\/magazine365\/category\/noticias-actualidad\/#listItem","name":"Noticias y Actualidad"}},{"@type":"ListItem","@id":"https:\/\/eldigitaldeasturias.com\/magazine365\/category\/noticias-actualidad\/#listItem","position":2,"name":"Noticias y Actualidad","item":"https:\/\/eldigitaldeasturias.com\/magazine365\/category\/noticias-actualidad\/","nextItem":{"@type":"ListItem","@id":"https:\/\/eldigitaldeasturias.com\/magazine365\/el-programa-galicia-a-todo-tren-realiza-su-primer-viaje-por-la-ruta-del-vino-de-las-rias-baixas\/#listItem","name":"El programa &#8216;Galicia a todo tren&#8217; realiza su primer viaje por la ruta del vino de las R\u00edas Baixas"},"previousItem":{"@type":"ListItem","@id":"https:\/\/eldigitaldeasturias.com\/magazine365#listItem","name":"Home"}},{"@type":"ListItem","@id":"https:\/\/eldigitaldeasturias.com\/magazine365\/el-programa-galicia-a-todo-tren-realiza-su-primer-viaje-por-la-ruta-del-vino-de-las-rias-baixas\/#listItem","position":3,"name":"El programa &#8216;Galicia a todo tren&#8217; realiza su primer viaje por la ruta del vino de las R\u00edas Baixas","previousItem":{"@type":"ListItem","@id":"https:\/\/eldigitaldeasturias.com\/magazine365\/category\/noticias-actualidad\/#listItem","name":"Noticias y Actualidad"}}]},{"@type":"Organization","@id":"https:\/\/eldigitaldeasturias.com\/magazine365\/#organization","name":"El digital de Asturias","description":"Revista de ocio, turismo y estilo de vida","url":"https:\/\/eldigitaldeasturias.com\/magazine365\/","logo":{"@type":"ImageObject","url":"https:\/\/www.eldigitaldeasturias.com\/noticias\/wp-content\/uploads\/2020\/12\/EDA.jpg","@id":"https:\/\/eldigitaldeasturias.com\/magazine365\/el-programa-galicia-a-todo-tren-realiza-su-primer-viaje-por-la-ruta-del-vino-de-las-rias-baixas\/#organizationLogo"},"image":{"@id":"https:\/\/eldigitaldeasturias.com\/magazine365\/el-programa-galicia-a-todo-tren-realiza-su-primer-viaje-por-la-ruta-del-vino-de-las-rias-baixas\/#organizationLogo"}},{"@type":"Person","@id":"https:\/\/eldigitaldeasturias.com\/magazine365\/author\/admin\/#author","url":"https:\/\/eldigitaldeasturias.com\/magazine365\/author\/admin\/","name":"admin","image":{"@type":"ImageObject","@id":"https:\/\/eldigitaldeasturias.com\/magazine365\/el-programa-galicia-a-todo-tren-realiza-su-primer-viaje-por-la-ruta-del-vino-de-las-rias-baixas\/#authorImage","url":"https:\/\/eldigitaldeasturias.com\/magazine365\/wp-content\/litespeed\/avatar\/e571bcf59a0edd6fa6838245a470f2fe.jpg?ver=1776969259","width":96,"height":96,"caption":"admin"}},{"@type":"WebPage","@id":"https:\/\/eldigitaldeasturias.com\/magazine365\/el-programa-galicia-a-todo-tren-realiza-su-primer-viaje-por-la-ruta-del-vino-de-las-rias-baixas\/#webpage","url":"https:\/\/eldigitaldeasturias.com\/magazine365\/el-programa-galicia-a-todo-tren-realiza-su-primer-viaje-por-la-ruta-del-vino-de-las-rias-baixas\/","name":"El programa \u2018Galicia a todo tren\u2019 realiza su primer viaje por la ruta del vino de las R\u00edas Baixas | El Digital de Asturias","description":"El programa 'Galicia a todo tren' ha realizado este s\u00e1bado su primer viaje por la ruta del vino de las R\u00edas Baixas, en el que ha participado la directora xeral de Turismo de Galicia, Nava Castro. Este es uno de los nueve itinerarios tem\u00e1ticos que este verano recorrer\u00e1n Galicia en el marco de la cuarta","inLanguage":"es-ES","isPartOf":{"@id":"https:\/\/eldigitaldeasturias.com\/magazine365\/#website"},"breadcrumb":{"@id":"https:\/\/eldigitaldeasturias.com\/magazine365\/el-programa-galicia-a-todo-tren-realiza-su-primer-viaje-por-la-ruta-del-vino-de-las-rias-baixas\/#breadcrumblist"},"author":{"@id":"https:\/\/eldigitaldeasturias.com\/magazine365\/author\/admin\/#author"},"creator":{"@id":"https:\/\/eldigitaldeasturias.com\/magazine365\/author\/admin\/#author"},"image":{"@type":"ImageObject","url":"https:\/\/eldigitaldeasturias.com\/magazine365\/wp-content\/uploads\/2016\/06\/fotonoticia_20160627090227_800.jpg","@id":"https:\/\/eldigitaldeasturias.com\/magazine365\/el-programa-galicia-a-todo-tren-realiza-su-primer-viaje-por-la-ruta-del-vino-de-las-rias-baixas\/#mainImage","width":800,"height":1067},"primaryImageOfPage":{"@id":"https:\/\/eldigitaldeasturias.com\/magazine365\/el-programa-galicia-a-todo-tren-realiza-su-primer-viaje-por-la-ruta-del-vino-de-las-rias-baixas\/#mainImage"},"datePublished":"2016-06-28T05:30:56+02:00","dateModified":"2016-06-28T05:30:56+02:00"},{"@type":"WebSite","@id":"https:\/\/eldigitaldeasturias.com\/magazine365\/#website","url":"https:\/\/eldigitaldeasturias.com\/magazine365\/","name":"El Digital de Asturias","description":"Revista de ocio, turismo y estilo de vida","inLanguage":"es-ES","publisher":{"@id":"https:\/\/eldigitaldeasturias.com\/magazine365\/#organization"}}]},"og:locale":"es_ES","og:site_name":"El Digital de Asturias \u2013 Revista de ocio, turismo y estilo de vida","og:type":"article","og:title":"El programa \u2018Galicia a todo tren\u2019 realiza su primer viaje por la ruta del vino de las R\u00edas Baixas | El Digital de Asturias","og:description":"El programa 'Galicia a todo tren' ha realizado este s\u00e1bado su primer viaje por la ruta del vino de las R\u00edas Baixas, en el que ha participado la directora xeral de Turismo de Galicia, Nava Castro. Este es uno de los nueve itinerarios tem\u00e1ticos que este verano recorrer\u00e1n Galicia en el marco de la cuarta","og:url":"https:\/\/eldigitaldeasturias.com\/magazine365\/el-programa-galicia-a-todo-tren-realiza-su-primer-viaje-por-la-ruta-del-vino-de-las-rias-baixas\/","og:image":"https:\/\/eldigitaldeasturias.com\/magazine365\/wp-content\/uploads\/2016\/06\/fotonoticia_20160627090227_800.jpg","og:image:secure_url":"https:\/\/eldigitaldeasturias.com\/magazine365\/wp-content\/uploads\/2016\/06\/fotonoticia_20160627090227_800.jpg","og:image:width":800,"og:image:height":1067,"article:published_time":"2016-06-28T03:30:56+00:00","article:modified_time":"2016-06-28T03:30:56+00:00","twitter:card":"summary_large_image","twitter:title":"El programa \u2018Galicia a todo tren\u2019 realiza su primer viaje por la ruta del vino de las R\u00edas Baixas | El Digital de Asturias","twitter:description":"El programa 'Galicia a todo tren' ha realizado este s\u00e1bado su primer viaje por la ruta del vino de las R\u00edas Baixas, en el que ha participado la directora xeral de Turismo de Galicia, Nava Castro. Este es uno de los nueve itinerarios tem\u00e1ticos que este verano recorrer\u00e1n Galicia en el marco de la cuarta","twitter:image":"https:\/\/eldigitaldeasturias.com\/magazine365\/wp-content\/uploads\/2016\/06\/fotonoticia_20160627090227_800.jpg"},"aioseo_meta_data":{"post_id":"80786","title":null,"description":null,"keywords":null,"keyphrases":null,"primary_term":null,"canonical_url":null,"og_title":null,"og_description":null,"og_object_type":"default","og_image_type":"default","og_image_url":null,"og_image_width":null,"og_image_height":null,"og_image_custom_url":null,"og_image_custom_fields":null,"og_video":null,"og_custom_url":null,"og_article_section":null,"og_article_tags":null,"twitter_use_og":false,"twitter_card":"default","twitter_image_type":"default","twitter_image_url":null,"twitter_image_custom_url":null,"twitter_image_custom_fields":null,"twitter_title":null,"twitter_description":null,"schema":{"blockGraphs":[],"customGraphs":[],"default":{"data":{"Article":[],"Course":[],"Dataset":[],"FAQPage":[],"Movie":[],"Person":[],"Product":[],"ProductReview":[],"Car":[],"Recipe":[],"Service":[],"SoftwareApplication":[],"WebPage":[]},"graphName":"","isEnabled":true},"graphs":[],"defaultGraph":"","defaultPostTypeGraph":""},"schema_type":null,"schema_type_options":null,"pillar_content":false,"robots_default":true,"robots_noindex":false,"robots_noarchive":false,"robots_nosnippet":false,"robots_nofollow":false,"robots_noimageindex":false,"robots_noodp":false,"robots_notranslate":false,"robots_max_snippet":null,"robots_max_videopreview":null,"robots_max_imagepreview":"large","priority":null,"frequency":null,"location":null,"local_seo":null,"seo_analyzer_scan_date":"2025-09-27 21:30:55","breadcrumb_settings":null,"limit_modified_date":false,"open_ai":null,"ai":null,"created":"2021-03-08 17:27:24","updated":"2025-09-27 21:30:55"},"aioseo_breadcrumb":"<div class=\"aioseo-breadcrumbs\"><span class=\"aioseo-breadcrumb\">\n\t<a href=\"https:\/\/eldigitaldeasturias.com\/magazine365\" title=\"Home\">Home<\/a>\n<\/span><span class=\"aioseo-breadcrumb-separator\">\u2013<\/span><span class=\"aioseo-breadcrumb\">\n\t<a href=\"https:\/\/eldigitaldeasturias.com\/magazine365\/category\/noticias-actualidad\/\" title=\"Noticias y Actualidad\">Noticias y Actualidad<\/a>\n<\/span><span class=\"aioseo-breadcrumb-separator\">\u2013<\/span><span class=\"aioseo-breadcrumb\">\n\t<a href=\"https:\/\/eldigitaldeasturias.com\/magazine365\/el-programa-galicia-a-todo-tren-realiza-su-primer-viaje-por-la-ruta-del-vino-de-las-rias-baixas\/\" title=\"El programa \u2018Galicia a todo tren\u2019 realiza su primer viaje por la ruta del vino de las R\u00edas Baixas\">El programa \u2018Galicia a todo tren\u2019 realiza su primer viaje por la ruta del vino de las R\u00edas Baixas<\/a>\n<\/span><\/div>","aioseo_breadcrumb_json":[{"label":"Home","link":"https:\/\/eldigitaldeasturias.com\/magazine365"},{"label":"Noticias y Actualidad","link":"https:\/\/eldigitaldeasturias.com\/magazine365\/category\/noticias-actualidad\/"},{"label":"El programa &#8216;Galicia a todo tren&#8217; realiza su primer viaje por la ruta del vino de las R\u00edas Baixas","link":"https:\/\/eldigitaldeasturias.com\/magazine365\/el-programa-galicia-a-todo-tren-realiza-su-primer-viaje-por-la-ruta-del-vino-de-las-rias-baixas\/"}],"_links":{"self":[{"href":"https:\/\/eldigitaldeasturias.com\/magazine365\/wp-json\/wp\/v2\/posts\/80786","targetHints":{"allow":["GET"]}}],"collection":[{"href":"https:\/\/eldigitaldeasturias.com\/magazine365\/wp-json\/wp\/v2\/posts"}],"about":[{"href":"https:\/\/eldigitaldeasturias.com\/magazine365\/wp-json\/wp\/v2\/types\/post"}],"author":[{"embeddable":true,"href":"https:\/\/eldigitaldeasturias.com\/magazine365\/wp-json\/wp\/v2\/users\/1"}],"replies":[{"embeddable":true,"href":"https:\/\/eldigitaldeasturias.com\/magazine365\/wp-json\/wp\/v2\/comments?post=80786"}],"version-history":[{"count":0,"href":"https:\/\/eldigitaldeasturias.com\/magazine365\/wp-json\/wp\/v2\/posts\/80786\/revisions"}],"wp:featuredmedia":[{"embeddable":true,"href":"https:\/\/eldigitaldeasturias.com\/magazine365\/wp-json\/wp\/v2\/media\/80787"}],"wp:attachment":[{"href":"https:\/\/eldigitaldeasturias.com\/magazine365\/wp-json\/wp\/v2\/media?parent=80786"}],"wp:term":[{"taxonomy":"category","embeddable":true,"href":"https:\/\/eldigitaldeasturias.com\/magazine365\/wp-json\/wp\/v2\/categories?post=80786"},{"taxonomy":"post_tag","embeddable":true,"href":"https:\/\/eldigitaldeasturias.com\/magazine365\/wp-json\/wp\/v2\/tags?post=80786"}],"curies":[{"name":"wp","href":"https:\/\/api.w.org\/{rel}","templated":true}]}}