{"id":80760,"date":"2016-06-26T04:00:26","date_gmt":"2016-06-26T02:00:26","guid":{"rendered":"http:\/\/eldigitaldeasturias.com\/magazine365\/?p=80760"},"modified":"2016-06-26T04:00:26","modified_gmt":"2016-06-26T02:00:26","slug":"adif-licita-la-instalacion-de-sistemas-de-gestion-de-trafico-en-cercanias-de-barcelona","status":"publish","type":"post","link":"https:\/\/eldigitaldeasturias.com\/magazine365\/adif-licita-la-instalacion-de-sistemas-de-gestion-de-trafico-en-cercanias-de-barcelona\/","title":{"rendered":"Adif licita la instalaci\u00f3n de sistemas de gesti\u00f3n de tr\u00e1fico en Cercan\u00edas de Barcelona"},"content":{"rendered":"<p><img fetchpriority=\"high\" decoding=\"async\" class=\"alignleft size-medium wp-image-80761\" src=\"https:\/\/eldigitaldeasturias.com\/magazine365\/wp-content\/uploads\/2016\/06\/fotonoticia_20160624190558_800-360x270.jpg\" alt=\"fotonoticia_20160624190558_800\" width=\"360\" height=\"270\" srcset=\"https:\/\/eldigitaldeasturias.com\/magazine365\/wp-content\/uploads\/2016\/06\/fotonoticia_20160624190558_800-360x270.jpg 360w, https:\/\/eldigitaldeasturias.com\/magazine365\/wp-content\/uploads\/2016\/06\/fotonoticia_20160624190558_800-650x488.jpg 650w, https:\/\/eldigitaldeasturias.com\/magazine365\/wp-content\/uploads\/2016\/06\/fotonoticia_20160624190558_800-768x576.jpg 768w, https:\/\/eldigitaldeasturias.com\/magazine365\/wp-content\/uploads\/2016\/06\/fotonoticia_20160624190558_800-150x113.jpg 150w, https:\/\/eldigitaldeasturias.com\/magazine365\/wp-content\/uploads\/2016\/06\/fotonoticia_20160624190558_800-450x338.jpg 450w, https:\/\/eldigitaldeasturias.com\/magazine365\/wp-content\/uploads\/2016\/06\/fotonoticia_20160624190558_800-90x67.jpg 90w, https:\/\/eldigitaldeasturias.com\/magazine365\/wp-content\/uploads\/2016\/06\/fotonoticia_20160624190558_800-164x124.jpg 164w, https:\/\/eldigitaldeasturias.com\/magazine365\/wp-content\/uploads\/2016\/06\/fotonoticia_20160624190558_800-100x75.jpg 100w, https:\/\/eldigitaldeasturias.com\/magazine365\/wp-content\/uploads\/2016\/06\/fotonoticia_20160624190558_800.jpg 800w\" sizes=\"(max-width: 360px) 100vw, 360px\" \/>El Consejo de Administraci\u00f3n de Adif ha aprobado en su \u00faltima reuni\u00f3n licitar de nuevos sistemas de gesti\u00f3n de tr\u00e1fico en la red de Carcan\u00edas de Barcelona, ha informado este viernes en un comunicado.<\/p>\n<p>El objetivo de las principales actuaciones consiste en dotar a las estaciones de Gav\u00e0 y Castelldefels (Barcelona) de nuevos enclavamientos electr\u00f3nicos de \u00faltima generaci\u00f3n para la gesti\u00f3n de la circulaci\u00f3n en estos puntos de \u00abelevada densidad\u00bb de tr\u00e1fico ferroviario.<\/p>\n<p>Esta actuaci\u00f3n tiene un presupuesto de licitaci\u00f3n de 16,7 millones de euros, de los que 14 millones corresponden a la ejecuci\u00f3n de la obra y 2,7 al mantenimiento de las instalaciones por un plazo de 20 a\u00f1os, y permitir\u00e1 incrementar los par\u00e1metros de seguridad, disponibilidad, funcionalidad, eficiencia y eficacia de la explotaci\u00f3n ferroviaria.<\/p>\n<p>Adem\u00e1s de los enclavamientos electr\u00f3nicos, se instalar\u00e1n nuevos sistemas videogr\u00e1ficos, circuitos de v\u00eda de audiofrecuencia en el trayecto El Prat-Garraf, incluyendo tambi\u00e9n el ramal al Aeropuerto, dispositivos de se\u00f1alizaci\u00f3n y balizas del sistema de Anuncios de Se\u00f1ales y Frenado Autom\u00e1tico (Asfa).<\/p>\n<p>Tambi\u00e9n se realizar\u00e1 el tendido y conexi\u00f3n de las instalaciones de seguridad y telecomunicaciones y la adaptaci\u00f3n de los nuevos sistemas al Control de Tr\u00e1fico Centralizado (CTC) de Barcelona.<\/p>\n","protected":false},"excerpt":{"rendered":"<p>El Consejo de Administraci\u00f3n de Adif ha aprobado en su \u00faltima reuni\u00f3n licitar de nuevos sistemas de gesti\u00f3n de tr\u00e1fico en la red de Carcan\u00edas de Barcelona, ha informado este viernes en un comunicado. El objetivo de las principales actuaciones consiste en dotar a las estaciones de Gav\u00e0 y Castelldefels (Barcelona) de nuevos enclavamientos electr\u00f3nicos<\/p>\n","protected":false},"author":1,"featured_media":80761,"comment_status":"open","ping_status":"closed","sticky":false,"template":"","format":"standard","meta":{"footnotes":""},"categories":[224],"tags":[],"class_list":{"0":"post-80760","1":"post","2":"type-post","3":"status-publish","4":"format-standard","5":"has-post-thumbnail","7":"category-noticias-actualidad"},"aioseo_notices":[],"aioseo_head":"\n\t\t<!-- All in One SEO Pro 4.9.6.1 - aioseo.com -->\n\t<meta name=\"description\" content=\"El Consejo de Administraci\u00f3n de Adif ha aprobado en su \u00faltima reuni\u00f3n licitar de nuevos sistemas de gesti\u00f3n de tr\u00e1fico en la red de Carcan\u00edas de Barcelona, ha informado este viernes en un comunicado. El objetivo de las principales actuaciones consiste en dotar a las estaciones de Gav\u00e0 y Castelldefels (Barcelona) de nuevos enclavamientos electr\u00f3nicos\" \/>\n\t<meta name=\"robots\" content=\"max-image-preview:large\" \/>\n\t<meta name=\"author\" content=\"admin\"\/>\n\t<meta name=\"google-site-verification\" content=\"UA-38556648-1\" \/>\n\t<meta name=\"keywords\" content=\"noticias y actualidad\" \/>\n\t<link rel=\"canonical\" href=\"https:\/\/eldigitaldeasturias.com\/magazine365\/adif-licita-la-instalacion-de-sistemas-de-gestion-de-trafico-en-cercanias-de-barcelona\/\" \/>\n\t<meta name=\"generator\" content=\"All in One SEO Pro (AIOSEO) 4.9.6.1\" \/>\n\t\t<meta property=\"og:locale\" content=\"es_ES\" \/>\n\t\t<meta property=\"og:site_name\" content=\"El Digital de Asturias \u2013 Revista de ocio, turismo y estilo de vida\" \/>\n\t\t<meta property=\"og:type\" content=\"article\" \/>\n\t\t<meta property=\"og:title\" content=\"Adif licita la instalaci\u00f3n de sistemas de gesti\u00f3n de tr\u00e1fico en Cercan\u00edas de Barcelona | El Digital de Asturias\" \/>\n\t\t<meta property=\"og:description\" content=\"El Consejo de Administraci\u00f3n de Adif ha aprobado en su \u00faltima reuni\u00f3n licitar de nuevos sistemas de gesti\u00f3n de tr\u00e1fico en la red de Carcan\u00edas de Barcelona, ha informado este viernes en un comunicado. El objetivo de las principales actuaciones consiste en dotar a las estaciones de Gav\u00e0 y Castelldefels (Barcelona) de nuevos enclavamientos electr\u00f3nicos\" \/>\n\t\t<meta property=\"og:url\" content=\"https:\/\/eldigitaldeasturias.com\/magazine365\/adif-licita-la-instalacion-de-sistemas-de-gestion-de-trafico-en-cercanias-de-barcelona\/\" \/>\n\t\t<meta property=\"og:image\" content=\"https:\/\/eldigitaldeasturias.com\/magazine365\/wp-content\/uploads\/2016\/06\/fotonoticia_20160624190558_800.jpg\" \/>\n\t\t<meta property=\"og:image:secure_url\" content=\"https:\/\/eldigitaldeasturias.com\/magazine365\/wp-content\/uploads\/2016\/06\/fotonoticia_20160624190558_800.jpg\" \/>\n\t\t<meta property=\"og:image:width\" content=\"800\" \/>\n\t\t<meta property=\"og:image:height\" content=\"600\" \/>\n\t\t<meta property=\"article:published_time\" content=\"2016-06-26T02:00:26+00:00\" \/>\n\t\t<meta property=\"article:modified_time\" content=\"2016-06-26T02:00:26+00:00\" \/>\n\t\t<meta name=\"twitter:card\" content=\"summary_large_image\" \/>\n\t\t<meta name=\"twitter:title\" content=\"Adif licita la instalaci\u00f3n de sistemas de gesti\u00f3n de tr\u00e1fico en Cercan\u00edas de Barcelona | El Digital de Asturias\" \/>\n\t\t<meta name=\"twitter:description\" content=\"El Consejo de Administraci\u00f3n de Adif ha aprobado en su \u00faltima reuni\u00f3n licitar de nuevos sistemas de gesti\u00f3n de tr\u00e1fico en la red de Carcan\u00edas de Barcelona, ha informado este viernes en un comunicado. El objetivo de las principales actuaciones consiste en dotar a las estaciones de Gav\u00e0 y Castelldefels (Barcelona) de nuevos enclavamientos electr\u00f3nicos\" \/>\n\t\t<meta name=\"twitter:image\" content=\"https:\/\/eldigitaldeasturias.com\/magazine365\/wp-content\/uploads\/2016\/06\/fotonoticia_20160624190558_800.jpg\" \/>\n\t\t<script type=\"application\/ld+json\" class=\"aioseo-schema\">\n\t\t\t{\"@context\":\"https:\\\/\\\/schema.org\",\"@graph\":[{\"@type\":\"Article\",\"@id\":\"https:\\\/\\\/eldigitaldeasturias.com\\\/magazine365\\\/adif-licita-la-instalacion-de-sistemas-de-gestion-de-trafico-en-cercanias-de-barcelona\\\/#article\",\"name\":\"Adif licita la instalaci\\u00f3n de sistemas de gesti\\u00f3n de tr\\u00e1fico en Cercan\\u00edas de Barcelona | El Digital de Asturias\",\"headline\":\"Adif licita la instalaci\\u00f3n de sistemas de gesti\\u00f3n de tr\\u00e1fico en Cercan\\u00edas de Barcelona\",\"author\":{\"@id\":\"https:\\\/\\\/eldigitaldeasturias.com\\\/magazine365\\\/author\\\/admin\\\/#author\"},\"publisher\":{\"@id\":\"https:\\\/\\\/eldigitaldeasturias.com\\\/magazine365\\\/#organization\"},\"image\":{\"@type\":\"ImageObject\",\"url\":\"https:\\\/\\\/eldigitaldeasturias.com\\\/magazine365\\\/wp-content\\\/uploads\\\/2016\\\/06\\\/fotonoticia_20160624190558_800.jpg\",\"width\":800,\"height\":600},\"datePublished\":\"2016-06-26T04:00:26+02:00\",\"dateModified\":\"2016-06-26T04:00:26+02:00\",\"inLanguage\":\"es-ES\",\"mainEntityOfPage\":{\"@id\":\"https:\\\/\\\/eldigitaldeasturias.com\\\/magazine365\\\/adif-licita-la-instalacion-de-sistemas-de-gestion-de-trafico-en-cercanias-de-barcelona\\\/#webpage\"},\"isPartOf\":{\"@id\":\"https:\\\/\\\/eldigitaldeasturias.com\\\/magazine365\\\/adif-licita-la-instalacion-de-sistemas-de-gestion-de-trafico-en-cercanias-de-barcelona\\\/#webpage\"},\"articleSection\":\"Noticias y Actualidad\"},{\"@type\":\"BreadcrumbList\",\"@id\":\"https:\\\/\\\/eldigitaldeasturias.com\\\/magazine365\\\/adif-licita-la-instalacion-de-sistemas-de-gestion-de-trafico-en-cercanias-de-barcelona\\\/#breadcrumblist\",\"itemListElement\":[{\"@type\":\"ListItem\",\"@id\":\"https:\\\/\\\/eldigitaldeasturias.com\\\/magazine365#listItem\",\"position\":1,\"name\":\"Home\",\"item\":\"https:\\\/\\\/eldigitaldeasturias.com\\\/magazine365\",\"nextItem\":{\"@type\":\"ListItem\",\"@id\":\"https:\\\/\\\/eldigitaldeasturias.com\\\/magazine365\\\/category\\\/noticias-actualidad\\\/#listItem\",\"name\":\"Noticias y Actualidad\"}},{\"@type\":\"ListItem\",\"@id\":\"https:\\\/\\\/eldigitaldeasturias.com\\\/magazine365\\\/category\\\/noticias-actualidad\\\/#listItem\",\"position\":2,\"name\":\"Noticias y Actualidad\",\"item\":\"https:\\\/\\\/eldigitaldeasturias.com\\\/magazine365\\\/category\\\/noticias-actualidad\\\/\",\"nextItem\":{\"@type\":\"ListItem\",\"@id\":\"https:\\\/\\\/eldigitaldeasturias.com\\\/magazine365\\\/adif-licita-la-instalacion-de-sistemas-de-gestion-de-trafico-en-cercanias-de-barcelona\\\/#listItem\",\"name\":\"Adif licita la instalaci\\u00f3n de sistemas de gesti\\u00f3n de tr\\u00e1fico en Cercan\\u00edas de Barcelona\"},\"previousItem\":{\"@type\":\"ListItem\",\"@id\":\"https:\\\/\\\/eldigitaldeasturias.com\\\/magazine365#listItem\",\"name\":\"Home\"}},{\"@type\":\"ListItem\",\"@id\":\"https:\\\/\\\/eldigitaldeasturias.com\\\/magazine365\\\/adif-licita-la-instalacion-de-sistemas-de-gestion-de-trafico-en-cercanias-de-barcelona\\\/#listItem\",\"position\":3,\"name\":\"Adif licita la instalaci\\u00f3n de sistemas de gesti\\u00f3n de tr\\u00e1fico en Cercan\\u00edas de Barcelona\",\"previousItem\":{\"@type\":\"ListItem\",\"@id\":\"https:\\\/\\\/eldigitaldeasturias.com\\\/magazine365\\\/category\\\/noticias-actualidad\\\/#listItem\",\"name\":\"Noticias y Actualidad\"}}]},{\"@type\":\"Organization\",\"@id\":\"https:\\\/\\\/eldigitaldeasturias.com\\\/magazine365\\\/#organization\",\"name\":\"El digital de Asturias\",\"description\":\"Revista de ocio, turismo y estilo de vida\",\"url\":\"https:\\\/\\\/eldigitaldeasturias.com\\\/magazine365\\\/\",\"logo\":{\"@type\":\"ImageObject\",\"url\":\"https:\\\/\\\/www.eldigitaldeasturias.com\\\/noticias\\\/wp-content\\\/uploads\\\/2020\\\/12\\\/EDA.jpg\",\"@id\":\"https:\\\/\\\/eldigitaldeasturias.com\\\/magazine365\\\/adif-licita-la-instalacion-de-sistemas-de-gestion-de-trafico-en-cercanias-de-barcelona\\\/#organizationLogo\"},\"image\":{\"@id\":\"https:\\\/\\\/eldigitaldeasturias.com\\\/magazine365\\\/adif-licita-la-instalacion-de-sistemas-de-gestion-de-trafico-en-cercanias-de-barcelona\\\/#organizationLogo\"}},{\"@type\":\"Person\",\"@id\":\"https:\\\/\\\/eldigitaldeasturias.com\\\/magazine365\\\/author\\\/admin\\\/#author\",\"url\":\"https:\\\/\\\/eldigitaldeasturias.com\\\/magazine365\\\/author\\\/admin\\\/\",\"name\":\"admin\",\"image\":{\"@type\":\"ImageObject\",\"@id\":\"https:\\\/\\\/eldigitaldeasturias.com\\\/magazine365\\\/adif-licita-la-instalacion-de-sistemas-de-gestion-de-trafico-en-cercanias-de-barcelona\\\/#authorImage\",\"url\":\"https:\\\/\\\/eldigitaldeasturias.com\\\/magazine365\\\/wp-content\\\/litespeed\\\/avatar\\\/e571bcf59a0edd6fa6838245a470f2fe.jpg?ver=1776969259\",\"width\":96,\"height\":96,\"caption\":\"admin\"}},{\"@type\":\"WebPage\",\"@id\":\"https:\\\/\\\/eldigitaldeasturias.com\\\/magazine365\\\/adif-licita-la-instalacion-de-sistemas-de-gestion-de-trafico-en-cercanias-de-barcelona\\\/#webpage\",\"url\":\"https:\\\/\\\/eldigitaldeasturias.com\\\/magazine365\\\/adif-licita-la-instalacion-de-sistemas-de-gestion-de-trafico-en-cercanias-de-barcelona\\\/\",\"name\":\"Adif licita la instalaci\\u00f3n de sistemas de gesti\\u00f3n de tr\\u00e1fico en Cercan\\u00edas de Barcelona | El Digital de Asturias\",\"description\":\"El Consejo de Administraci\\u00f3n de Adif ha aprobado en su \\u00faltima reuni\\u00f3n licitar de nuevos sistemas de gesti\\u00f3n de tr\\u00e1fico en la red de Carcan\\u00edas de Barcelona, ha informado este viernes en un comunicado. El objetivo de las principales actuaciones consiste en dotar a las estaciones de Gav\\u00e0 y Castelldefels (Barcelona) de nuevos enclavamientos electr\\u00f3nicos\",\"inLanguage\":\"es-ES\",\"isPartOf\":{\"@id\":\"https:\\\/\\\/eldigitaldeasturias.com\\\/magazine365\\\/#website\"},\"breadcrumb\":{\"@id\":\"https:\\\/\\\/eldigitaldeasturias.com\\\/magazine365\\\/adif-licita-la-instalacion-de-sistemas-de-gestion-de-trafico-en-cercanias-de-barcelona\\\/#breadcrumblist\"},\"author\":{\"@id\":\"https:\\\/\\\/eldigitaldeasturias.com\\\/magazine365\\\/author\\\/admin\\\/#author\"},\"creator\":{\"@id\":\"https:\\\/\\\/eldigitaldeasturias.com\\\/magazine365\\\/author\\\/admin\\\/#author\"},\"image\":{\"@type\":\"ImageObject\",\"url\":\"https:\\\/\\\/eldigitaldeasturias.com\\\/magazine365\\\/wp-content\\\/uploads\\\/2016\\\/06\\\/fotonoticia_20160624190558_800.jpg\",\"@id\":\"https:\\\/\\\/eldigitaldeasturias.com\\\/magazine365\\\/adif-licita-la-instalacion-de-sistemas-de-gestion-de-trafico-en-cercanias-de-barcelona\\\/#mainImage\",\"width\":800,\"height\":600},\"primaryImageOfPage\":{\"@id\":\"https:\\\/\\\/eldigitaldeasturias.com\\\/magazine365\\\/adif-licita-la-instalacion-de-sistemas-de-gestion-de-trafico-en-cercanias-de-barcelona\\\/#mainImage\"},\"datePublished\":\"2016-06-26T04:00:26+02:00\",\"dateModified\":\"2016-06-26T04:00:26+02:00\"},{\"@type\":\"WebSite\",\"@id\":\"https:\\\/\\\/eldigitaldeasturias.com\\\/magazine365\\\/#website\",\"url\":\"https:\\\/\\\/eldigitaldeasturias.com\\\/magazine365\\\/\",\"name\":\"El Digital de Asturias\",\"description\":\"Revista de ocio, turismo y estilo de vida\",\"inLanguage\":\"es-ES\",\"publisher\":{\"@id\":\"https:\\\/\\\/eldigitaldeasturias.com\\\/magazine365\\\/#organization\"}}]}\n\t\t<\/script>\n\t\t<!-- All in One SEO Pro -->\r\n\t\t<title>Adif licita la instalaci\u00f3n de sistemas de gesti\u00f3n de tr\u00e1fico en Cercan\u00edas de Barcelona | El Digital de Asturias<\/title>\n\n","aioseo_head_json":{"title":"Adif licita la instalaci\u00f3n de sistemas de gesti\u00f3n de tr\u00e1fico en Cercan\u00edas de Barcelona | El Digital de Asturias","description":"El Consejo de Administraci\u00f3n de Adif ha aprobado en su \u00faltima reuni\u00f3n licitar de nuevos sistemas de gesti\u00f3n de tr\u00e1fico en la red de Carcan\u00edas de Barcelona, ha informado este viernes en un comunicado. El objetivo de las principales actuaciones consiste en dotar a las estaciones de Gav\u00e0 y Castelldefels (Barcelona) de nuevos enclavamientos electr\u00f3nicos","canonical_url":"https:\/\/eldigitaldeasturias.com\/magazine365\/adif-licita-la-instalacion-de-sistemas-de-gestion-de-trafico-en-cercanias-de-barcelona\/","robots":"max-image-preview:large","keywords":"noticias y actualidad","webmasterTools":{"google-site-verification":"UA-38556648-1","miscellaneous":""},"schema":{"@context":"https:\/\/schema.org","@graph":[{"@type":"Article","@id":"https:\/\/eldigitaldeasturias.com\/magazine365\/adif-licita-la-instalacion-de-sistemas-de-gestion-de-trafico-en-cercanias-de-barcelona\/#article","name":"Adif licita la instalaci\u00f3n de sistemas de gesti\u00f3n de tr\u00e1fico en Cercan\u00edas de Barcelona | El Digital de Asturias","headline":"Adif licita la instalaci\u00f3n de sistemas de gesti\u00f3n de tr\u00e1fico en Cercan\u00edas de Barcelona","author":{"@id":"https:\/\/eldigitaldeasturias.com\/magazine365\/author\/admin\/#author"},"publisher":{"@id":"https:\/\/eldigitaldeasturias.com\/magazine365\/#organization"},"image":{"@type":"ImageObject","url":"https:\/\/eldigitaldeasturias.com\/magazine365\/wp-content\/uploads\/2016\/06\/fotonoticia_20160624190558_800.jpg","width":800,"height":600},"datePublished":"2016-06-26T04:00:26+02:00","dateModified":"2016-06-26T04:00:26+02:00","inLanguage":"es-ES","mainEntityOfPage":{"@id":"https:\/\/eldigitaldeasturias.com\/magazine365\/adif-licita-la-instalacion-de-sistemas-de-gestion-de-trafico-en-cercanias-de-barcelona\/#webpage"},"isPartOf":{"@id":"https:\/\/eldigitaldeasturias.com\/magazine365\/adif-licita-la-instalacion-de-sistemas-de-gestion-de-trafico-en-cercanias-de-barcelona\/#webpage"},"articleSection":"Noticias y Actualidad"},{"@type":"BreadcrumbList","@id":"https:\/\/eldigitaldeasturias.com\/magazine365\/adif-licita-la-instalacion-de-sistemas-de-gestion-de-trafico-en-cercanias-de-barcelona\/#breadcrumblist","itemListElement":[{"@type":"ListItem","@id":"https:\/\/eldigitaldeasturias.com\/magazine365#listItem","position":1,"name":"Home","item":"https:\/\/eldigitaldeasturias.com\/magazine365","nextItem":{"@type":"ListItem","@id":"https:\/\/eldigitaldeasturias.com\/magazine365\/category\/noticias-actualidad\/#listItem","name":"Noticias y Actualidad"}},{"@type":"ListItem","@id":"https:\/\/eldigitaldeasturias.com\/magazine365\/category\/noticias-actualidad\/#listItem","position":2,"name":"Noticias y Actualidad","item":"https:\/\/eldigitaldeasturias.com\/magazine365\/category\/noticias-actualidad\/","nextItem":{"@type":"ListItem","@id":"https:\/\/eldigitaldeasturias.com\/magazine365\/adif-licita-la-instalacion-de-sistemas-de-gestion-de-trafico-en-cercanias-de-barcelona\/#listItem","name":"Adif licita la instalaci\u00f3n de sistemas de gesti\u00f3n de tr\u00e1fico en Cercan\u00edas de Barcelona"},"previousItem":{"@type":"ListItem","@id":"https:\/\/eldigitaldeasturias.com\/magazine365#listItem","name":"Home"}},{"@type":"ListItem","@id":"https:\/\/eldigitaldeasturias.com\/magazine365\/adif-licita-la-instalacion-de-sistemas-de-gestion-de-trafico-en-cercanias-de-barcelona\/#listItem","position":3,"name":"Adif licita la instalaci\u00f3n de sistemas de gesti\u00f3n de tr\u00e1fico en Cercan\u00edas de Barcelona","previousItem":{"@type":"ListItem","@id":"https:\/\/eldigitaldeasturias.com\/magazine365\/category\/noticias-actualidad\/#listItem","name":"Noticias y Actualidad"}}]},{"@type":"Organization","@id":"https:\/\/eldigitaldeasturias.com\/magazine365\/#organization","name":"El digital de Asturias","description":"Revista de ocio, turismo y estilo de vida","url":"https:\/\/eldigitaldeasturias.com\/magazine365\/","logo":{"@type":"ImageObject","url":"https:\/\/www.eldigitaldeasturias.com\/noticias\/wp-content\/uploads\/2020\/12\/EDA.jpg","@id":"https:\/\/eldigitaldeasturias.com\/magazine365\/adif-licita-la-instalacion-de-sistemas-de-gestion-de-trafico-en-cercanias-de-barcelona\/#organizationLogo"},"image":{"@id":"https:\/\/eldigitaldeasturias.com\/magazine365\/adif-licita-la-instalacion-de-sistemas-de-gestion-de-trafico-en-cercanias-de-barcelona\/#organizationLogo"}},{"@type":"Person","@id":"https:\/\/eldigitaldeasturias.com\/magazine365\/author\/admin\/#author","url":"https:\/\/eldigitaldeasturias.com\/magazine365\/author\/admin\/","name":"admin","image":{"@type":"ImageObject","@id":"https:\/\/eldigitaldeasturias.com\/magazine365\/adif-licita-la-instalacion-de-sistemas-de-gestion-de-trafico-en-cercanias-de-barcelona\/#authorImage","url":"https:\/\/eldigitaldeasturias.com\/magazine365\/wp-content\/litespeed\/avatar\/e571bcf59a0edd6fa6838245a470f2fe.jpg?ver=1776969259","width":96,"height":96,"caption":"admin"}},{"@type":"WebPage","@id":"https:\/\/eldigitaldeasturias.com\/magazine365\/adif-licita-la-instalacion-de-sistemas-de-gestion-de-trafico-en-cercanias-de-barcelona\/#webpage","url":"https:\/\/eldigitaldeasturias.com\/magazine365\/adif-licita-la-instalacion-de-sistemas-de-gestion-de-trafico-en-cercanias-de-barcelona\/","name":"Adif licita la instalaci\u00f3n de sistemas de gesti\u00f3n de tr\u00e1fico en Cercan\u00edas de Barcelona | El Digital de Asturias","description":"El Consejo de Administraci\u00f3n de Adif ha aprobado en su \u00faltima reuni\u00f3n licitar de nuevos sistemas de gesti\u00f3n de tr\u00e1fico en la red de Carcan\u00edas de Barcelona, ha informado este viernes en un comunicado. El objetivo de las principales actuaciones consiste en dotar a las estaciones de Gav\u00e0 y Castelldefels (Barcelona) de nuevos enclavamientos electr\u00f3nicos","inLanguage":"es-ES","isPartOf":{"@id":"https:\/\/eldigitaldeasturias.com\/magazine365\/#website"},"breadcrumb":{"@id":"https:\/\/eldigitaldeasturias.com\/magazine365\/adif-licita-la-instalacion-de-sistemas-de-gestion-de-trafico-en-cercanias-de-barcelona\/#breadcrumblist"},"author":{"@id":"https:\/\/eldigitaldeasturias.com\/magazine365\/author\/admin\/#author"},"creator":{"@id":"https:\/\/eldigitaldeasturias.com\/magazine365\/author\/admin\/#author"},"image":{"@type":"ImageObject","url":"https:\/\/eldigitaldeasturias.com\/magazine365\/wp-content\/uploads\/2016\/06\/fotonoticia_20160624190558_800.jpg","@id":"https:\/\/eldigitaldeasturias.com\/magazine365\/adif-licita-la-instalacion-de-sistemas-de-gestion-de-trafico-en-cercanias-de-barcelona\/#mainImage","width":800,"height":600},"primaryImageOfPage":{"@id":"https:\/\/eldigitaldeasturias.com\/magazine365\/adif-licita-la-instalacion-de-sistemas-de-gestion-de-trafico-en-cercanias-de-barcelona\/#mainImage"},"datePublished":"2016-06-26T04:00:26+02:00","dateModified":"2016-06-26T04:00:26+02:00"},{"@type":"WebSite","@id":"https:\/\/eldigitaldeasturias.com\/magazine365\/#website","url":"https:\/\/eldigitaldeasturias.com\/magazine365\/","name":"El Digital de Asturias","description":"Revista de ocio, turismo y estilo de vida","inLanguage":"es-ES","publisher":{"@id":"https:\/\/eldigitaldeasturias.com\/magazine365\/#organization"}}]},"og:locale":"es_ES","og:site_name":"El Digital de Asturias \u2013 Revista de ocio, turismo y estilo de vida","og:type":"article","og:title":"Adif licita la instalaci\u00f3n de sistemas de gesti\u00f3n de tr\u00e1fico en Cercan\u00edas de Barcelona | El Digital de Asturias","og:description":"El Consejo de Administraci\u00f3n de Adif ha aprobado en su \u00faltima reuni\u00f3n licitar de nuevos sistemas de gesti\u00f3n de tr\u00e1fico en la red de Carcan\u00edas de Barcelona, ha informado este viernes en un comunicado. El objetivo de las principales actuaciones consiste en dotar a las estaciones de Gav\u00e0 y Castelldefels (Barcelona) de nuevos enclavamientos electr\u00f3nicos","og:url":"https:\/\/eldigitaldeasturias.com\/magazine365\/adif-licita-la-instalacion-de-sistemas-de-gestion-de-trafico-en-cercanias-de-barcelona\/","og:image":"https:\/\/eldigitaldeasturias.com\/magazine365\/wp-content\/uploads\/2016\/06\/fotonoticia_20160624190558_800.jpg","og:image:secure_url":"https:\/\/eldigitaldeasturias.com\/magazine365\/wp-content\/uploads\/2016\/06\/fotonoticia_20160624190558_800.jpg","og:image:width":800,"og:image:height":600,"article:published_time":"2016-06-26T02:00:26+00:00","article:modified_time":"2016-06-26T02:00:26+00:00","twitter:card":"summary_large_image","twitter:title":"Adif licita la instalaci\u00f3n de sistemas de gesti\u00f3n de tr\u00e1fico en Cercan\u00edas de Barcelona | El Digital de Asturias","twitter:description":"El Consejo de Administraci\u00f3n de Adif ha aprobado en su \u00faltima reuni\u00f3n licitar de nuevos sistemas de gesti\u00f3n de tr\u00e1fico en la red de Carcan\u00edas de Barcelona, ha informado este viernes en un comunicado. El objetivo de las principales actuaciones consiste en dotar a las estaciones de Gav\u00e0 y Castelldefels (Barcelona) de nuevos enclavamientos electr\u00f3nicos","twitter:image":"https:\/\/eldigitaldeasturias.com\/magazine365\/wp-content\/uploads\/2016\/06\/fotonoticia_20160624190558_800.jpg"},"aioseo_meta_data":{"post_id":"80760","title":null,"description":null,"keywords":null,"keyphrases":null,"primary_term":null,"canonical_url":null,"og_title":null,"og_description":null,"og_object_type":"default","og_image_type":"default","og_image_url":null,"og_image_width":null,"og_image_height":null,"og_image_custom_url":null,"og_image_custom_fields":null,"og_video":null,"og_custom_url":null,"og_article_section":null,"og_article_tags":null,"twitter_use_og":false,"twitter_card":"default","twitter_image_type":"default","twitter_image_url":null,"twitter_image_custom_url":null,"twitter_image_custom_fields":null,"twitter_title":null,"twitter_description":null,"schema":{"blockGraphs":[],"customGraphs":[],"default":{"data":{"Article":[],"Course":[],"Dataset":[],"FAQPage":[],"Movie":[],"Person":[],"Product":[],"ProductReview":[],"Car":[],"Recipe":[],"Service":[],"SoftwareApplication":[],"WebPage":[]},"graphName":"","isEnabled":true},"graphs":[],"defaultGraph":"","defaultPostTypeGraph":""},"schema_type":null,"schema_type_options":null,"pillar_content":false,"robots_default":true,"robots_noindex":false,"robots_noarchive":false,"robots_nosnippet":false,"robots_nofollow":false,"robots_noimageindex":false,"robots_noodp":false,"robots_notranslate":false,"robots_max_snippet":null,"robots_max_videopreview":null,"robots_max_imagepreview":"large","priority":null,"frequency":null,"location":null,"local_seo":null,"seo_analyzer_scan_date":"2025-09-27 21:29:01","breadcrumb_settings":null,"limit_modified_date":false,"open_ai":null,"ai":null,"created":"2021-03-08 17:27:24","updated":"2025-09-27 21:29:01"},"aioseo_breadcrumb":"<div class=\"aioseo-breadcrumbs\"><span class=\"aioseo-breadcrumb\">\n\t<a href=\"https:\/\/eldigitaldeasturias.com\/magazine365\" title=\"Home\">Home<\/a>\n<\/span><span class=\"aioseo-breadcrumb-separator\">\u2013<\/span><span class=\"aioseo-breadcrumb\">\n\t<a href=\"https:\/\/eldigitaldeasturias.com\/magazine365\/category\/noticias-actualidad\/\" title=\"Noticias y Actualidad\">Noticias y Actualidad<\/a>\n<\/span><span class=\"aioseo-breadcrumb-separator\">\u2013<\/span><span class=\"aioseo-breadcrumb\">\n\t<a href=\"https:\/\/eldigitaldeasturias.com\/magazine365\/adif-licita-la-instalacion-de-sistemas-de-gestion-de-trafico-en-cercanias-de-barcelona\/\" title=\"Adif licita la instalaci\u00f3n de sistemas de gesti\u00f3n de tr\u00e1fico en Cercan\u00edas de Barcelona\">Adif licita la instalaci\u00f3n de sistemas de gesti\u00f3n de tr\u00e1fico en Cercan\u00edas de Barcelona<\/a>\n<\/span><\/div>","aioseo_breadcrumb_json":[{"label":"Home","link":"https:\/\/eldigitaldeasturias.com\/magazine365"},{"label":"Noticias y Actualidad","link":"https:\/\/eldigitaldeasturias.com\/magazine365\/category\/noticias-actualidad\/"},{"label":"Adif licita la instalaci\u00f3n de sistemas de gesti\u00f3n de tr\u00e1fico en Cercan\u00edas de Barcelona","link":"https:\/\/eldigitaldeasturias.com\/magazine365\/adif-licita-la-instalacion-de-sistemas-de-gestion-de-trafico-en-cercanias-de-barcelona\/"}],"_links":{"self":[{"href":"https:\/\/eldigitaldeasturias.com\/magazine365\/wp-json\/wp\/v2\/posts\/80760","targetHints":{"allow":["GET"]}}],"collection":[{"href":"https:\/\/eldigitaldeasturias.com\/magazine365\/wp-json\/wp\/v2\/posts"}],"about":[{"href":"https:\/\/eldigitaldeasturias.com\/magazine365\/wp-json\/wp\/v2\/types\/post"}],"author":[{"embeddable":true,"href":"https:\/\/eldigitaldeasturias.com\/magazine365\/wp-json\/wp\/v2\/users\/1"}],"replies":[{"embeddable":true,"href":"https:\/\/eldigitaldeasturias.com\/magazine365\/wp-json\/wp\/v2\/comments?post=80760"}],"version-history":[{"count":0,"href":"https:\/\/eldigitaldeasturias.com\/magazine365\/wp-json\/wp\/v2\/posts\/80760\/revisions"}],"wp:featuredmedia":[{"embeddable":true,"href":"https:\/\/eldigitaldeasturias.com\/magazine365\/wp-json\/wp\/v2\/media\/80761"}],"wp:attachment":[{"href":"https:\/\/eldigitaldeasturias.com\/magazine365\/wp-json\/wp\/v2\/media?parent=80760"}],"wp:term":[{"taxonomy":"category","embeddable":true,"href":"https:\/\/eldigitaldeasturias.com\/magazine365\/wp-json\/wp\/v2\/categories?post=80760"},{"taxonomy":"post_tag","embeddable":true,"href":"https:\/\/eldigitaldeasturias.com\/magazine365\/wp-json\/wp\/v2\/tags?post=80760"}],"curies":[{"name":"wp","href":"https:\/\/api.w.org\/{rel}","templated":true}]}}