{"id":80757,"date":"2016-06-26T03:59:36","date_gmt":"2016-06-26T01:59:36","guid":{"rendered":"http:\/\/eldigitaldeasturias.com\/magazine365\/?p=80757"},"modified":"2016-06-26T03:59:36","modified_gmt":"2016-06-26T01:59:36","slug":"jose-manuel-lastra-nuevo-presidente-de-la-asociacion-de-agencias-de-viaje-de-sevilla","status":"publish","type":"post","link":"https:\/\/eldigitaldeasturias.com\/magazine365\/jose-manuel-lastra-nuevo-presidente-de-la-asociacion-de-agencias-de-viaje-de-sevilla\/","title":{"rendered":"Jos\u00e9 Manuel Lastra, nuevo presidente de la Asociaci\u00f3n de Agencias de Viaje de Sevilla"},"content":{"rendered":"<p><img fetchpriority=\"high\" decoding=\"async\" class=\"alignleft size-medium wp-image-80758\" src=\"https:\/\/eldigitaldeasturias.com\/magazine365\/wp-content\/uploads\/2016\/06\/fotonoticia_20160624190442_800-360x240.jpg\" alt=\"fotonoticia_20160624190442_800\" width=\"360\" height=\"240\" srcset=\"https:\/\/eldigitaldeasturias.com\/magazine365\/wp-content\/uploads\/2016\/06\/fotonoticia_20160624190442_800-360x240.jpg 360w, https:\/\/eldigitaldeasturias.com\/magazine365\/wp-content\/uploads\/2016\/06\/fotonoticia_20160624190442_800-650x434.jpg 650w, https:\/\/eldigitaldeasturias.com\/magazine365\/wp-content\/uploads\/2016\/06\/fotonoticia_20160624190442_800-768x513.jpg 768w, https:\/\/eldigitaldeasturias.com\/magazine365\/wp-content\/uploads\/2016\/06\/fotonoticia_20160624190442_800-150x100.jpg 150w, https:\/\/eldigitaldeasturias.com\/magazine365\/wp-content\/uploads\/2016\/06\/fotonoticia_20160624190442_800-450x300.jpg 450w, https:\/\/eldigitaldeasturias.com\/magazine365\/wp-content\/uploads\/2016\/06\/fotonoticia_20160624190442_800-101x66.jpg 101w, https:\/\/eldigitaldeasturias.com\/magazine365\/wp-content\/uploads\/2016\/06\/fotonoticia_20160624190442_800.jpg 800w\" sizes=\"(max-width: 360px) 100vw, 360px\" \/>La asamblea de la Asociaci\u00f3n Empresarial de Agencias de Viajes de Sevilla (Aevise) ha elegido a Jos\u00e9 Manuel Lastra Picazo, como nuevo presidente. Director general de Viajes Triana y miembro del consejo directivo de Travel Advisors Guild, Jos\u00e9 Manuel Lastra cuenta con una experiencia de m\u00e1s de 30 a\u00f1os en el sector, 26 de ellos como empresario cofundador de Viajes Triana.<\/p>\n<p>Sustituye en el cargo a Jos\u00e9 Miguel Nicol\u00e1s, qui\u00e9n ha tenido amplias responsabilidades dentro de AEVISE los \u00faltimos 20 a\u00f1os (ocho como presidente y 12 como vicepresidente). Su labor al frente de las agencias sevillanas ha sido positivamente valorada y agradecida de forma encarecida por la nueva junta directiva.<\/p>\n<p>Lastra presidir\u00e1 una junta directiva compuesta por Manuel Pino (Viajes Pino), Salvador Garc\u00eda (Asesores de Viajes), Carlos Mart\u00edn (Grupo Adriano) y Miguel Rodr\u00edguez (Avinter Viajes).<\/p>\n<p>Uno de los principales retos a los que se enfrentan es el fortalecimiento de la asociaci\u00f3n, para as\u00ed defender con mayor garant\u00eda los intereses de un sector clave para la econom\u00eda sevillana, ya que vertebra -a trav\u00e9s de su actividad- al resto de empresas y servicios relacionados con el turismo, \u00absector con un peso espec\u00edfico cercano al 15% del PIB de nuestro territorio y cuya favorable evoluci\u00f3n se evidencia con incrementos de dos d\u00edgitos en visitantes y pernoctaciones\u00bb, seg\u00fan Jos\u00e9 Manuel Lastra.<\/p>\n","protected":false},"excerpt":{"rendered":"<p>La asamblea de la Asociaci\u00f3n Empresarial de Agencias de Viajes de Sevilla (Aevise) ha elegido a Jos\u00e9 Manuel Lastra Picazo, como nuevo presidente. Director general de Viajes Triana y miembro del consejo directivo de Travel Advisors Guild, Jos\u00e9 Manuel Lastra cuenta con una experiencia de m\u00e1s de 30 a\u00f1os en el sector, 26 de ellos<\/p>\n","protected":false},"author":1,"featured_media":80758,"comment_status":"open","ping_status":"closed","sticky":false,"template":"","format":"standard","meta":{"footnotes":""},"categories":[224],"tags":[],"class_list":{"0":"post-80757","1":"post","2":"type-post","3":"status-publish","4":"format-standard","5":"has-post-thumbnail","7":"category-noticias-actualidad"},"aioseo_notices":[],"aioseo_head":"\n\t\t<!-- All in One SEO Pro 4.9.6.1 - aioseo.com -->\n\t<meta name=\"description\" content=\"La asamblea de la Asociaci\u00f3n Empresarial de Agencias de Viajes de Sevilla (Aevise) ha elegido a Jos\u00e9 Manuel Lastra Picazo, como nuevo presidente. Director general de Viajes Triana y miembro del consejo directivo de Travel Advisors Guild, Jos\u00e9 Manuel Lastra cuenta con una experiencia de m\u00e1s de 30 a\u00f1os en el sector, 26 de ellos\" \/>\n\t<meta name=\"robots\" content=\"max-image-preview:large\" \/>\n\t<meta name=\"author\" content=\"admin\"\/>\n\t<meta name=\"google-site-verification\" content=\"UA-38556648-1\" \/>\n\t<meta name=\"keywords\" content=\"noticias y actualidad\" \/>\n\t<link rel=\"canonical\" href=\"https:\/\/eldigitaldeasturias.com\/magazine365\/jose-manuel-lastra-nuevo-presidente-de-la-asociacion-de-agencias-de-viaje-de-sevilla\/\" \/>\n\t<meta name=\"generator\" content=\"All in One SEO Pro (AIOSEO) 4.9.6.1\" \/>\n\t\t<meta property=\"og:locale\" content=\"es_ES\" \/>\n\t\t<meta property=\"og:site_name\" content=\"El Digital de Asturias \u2013 Revista de ocio, turismo y estilo de vida\" \/>\n\t\t<meta property=\"og:type\" content=\"article\" \/>\n\t\t<meta property=\"og:title\" content=\"Jos\u00e9 Manuel Lastra, nuevo presidente de la Asociaci\u00f3n de Agencias de Viaje de Sevilla | El Digital de Asturias\" \/>\n\t\t<meta property=\"og:description\" content=\"La asamblea de la Asociaci\u00f3n Empresarial de Agencias de Viajes de Sevilla (Aevise) ha elegido a Jos\u00e9 Manuel Lastra Picazo, como nuevo presidente. Director general de Viajes Triana y miembro del consejo directivo de Travel Advisors Guild, Jos\u00e9 Manuel Lastra cuenta con una experiencia de m\u00e1s de 30 a\u00f1os en el sector, 26 de ellos\" \/>\n\t\t<meta property=\"og:url\" content=\"https:\/\/eldigitaldeasturias.com\/magazine365\/jose-manuel-lastra-nuevo-presidente-de-la-asociacion-de-agencias-de-viaje-de-sevilla\/\" \/>\n\t\t<meta property=\"og:image\" content=\"https:\/\/eldigitaldeasturias.com\/magazine365\/wp-content\/uploads\/2016\/06\/fotonoticia_20160624190442_800.jpg\" \/>\n\t\t<meta property=\"og:image:secure_url\" content=\"https:\/\/eldigitaldeasturias.com\/magazine365\/wp-content\/uploads\/2016\/06\/fotonoticia_20160624190442_800.jpg\" \/>\n\t\t<meta property=\"og:image:width\" content=\"800\" \/>\n\t\t<meta property=\"og:image:height\" content=\"534\" \/>\n\t\t<meta property=\"article:published_time\" content=\"2016-06-26T01:59:36+00:00\" \/>\n\t\t<meta property=\"article:modified_time\" content=\"2016-06-26T01:59:36+00:00\" \/>\n\t\t<meta name=\"twitter:card\" content=\"summary_large_image\" \/>\n\t\t<meta name=\"twitter:title\" content=\"Jos\u00e9 Manuel Lastra, nuevo presidente de la Asociaci\u00f3n de Agencias de Viaje de Sevilla | El Digital de Asturias\" \/>\n\t\t<meta name=\"twitter:description\" content=\"La asamblea de la Asociaci\u00f3n Empresarial de Agencias de Viajes de Sevilla (Aevise) ha elegido a Jos\u00e9 Manuel Lastra Picazo, como nuevo presidente. Director general de Viajes Triana y miembro del consejo directivo de Travel Advisors Guild, Jos\u00e9 Manuel Lastra cuenta con una experiencia de m\u00e1s de 30 a\u00f1os en el sector, 26 de ellos\" \/>\n\t\t<meta name=\"twitter:image\" content=\"https:\/\/eldigitaldeasturias.com\/magazine365\/wp-content\/uploads\/2016\/06\/fotonoticia_20160624190442_800.jpg\" \/>\n\t\t<script type=\"application\/ld+json\" class=\"aioseo-schema\">\n\t\t\t{\"@context\":\"https:\\\/\\\/schema.org\",\"@graph\":[{\"@type\":\"Article\",\"@id\":\"https:\\\/\\\/eldigitaldeasturias.com\\\/magazine365\\\/jose-manuel-lastra-nuevo-presidente-de-la-asociacion-de-agencias-de-viaje-de-sevilla\\\/#article\",\"name\":\"Jos\\u00e9 Manuel Lastra, nuevo presidente de la Asociaci\\u00f3n de Agencias de Viaje de Sevilla | El Digital de Asturias\",\"headline\":\"Jos\\u00e9 Manuel Lastra, nuevo presidente de la Asociaci\\u00f3n de Agencias de Viaje de Sevilla\",\"author\":{\"@id\":\"https:\\\/\\\/eldigitaldeasturias.com\\\/magazine365\\\/author\\\/admin\\\/#author\"},\"publisher\":{\"@id\":\"https:\\\/\\\/eldigitaldeasturias.com\\\/magazine365\\\/#organization\"},\"image\":{\"@type\":\"ImageObject\",\"url\":\"https:\\\/\\\/eldigitaldeasturias.com\\\/magazine365\\\/wp-content\\\/uploads\\\/2016\\\/06\\\/fotonoticia_20160624190442_800.jpg\",\"width\":800,\"height\":534},\"datePublished\":\"2016-06-26T03:59:36+02:00\",\"dateModified\":\"2016-06-26T03:59:36+02:00\",\"inLanguage\":\"es-ES\",\"mainEntityOfPage\":{\"@id\":\"https:\\\/\\\/eldigitaldeasturias.com\\\/magazine365\\\/jose-manuel-lastra-nuevo-presidente-de-la-asociacion-de-agencias-de-viaje-de-sevilla\\\/#webpage\"},\"isPartOf\":{\"@id\":\"https:\\\/\\\/eldigitaldeasturias.com\\\/magazine365\\\/jose-manuel-lastra-nuevo-presidente-de-la-asociacion-de-agencias-de-viaje-de-sevilla\\\/#webpage\"},\"articleSection\":\"Noticias y Actualidad\"},{\"@type\":\"BreadcrumbList\",\"@id\":\"https:\\\/\\\/eldigitaldeasturias.com\\\/magazine365\\\/jose-manuel-lastra-nuevo-presidente-de-la-asociacion-de-agencias-de-viaje-de-sevilla\\\/#breadcrumblist\",\"itemListElement\":[{\"@type\":\"ListItem\",\"@id\":\"https:\\\/\\\/eldigitaldeasturias.com\\\/magazine365#listItem\",\"position\":1,\"name\":\"Home\",\"item\":\"https:\\\/\\\/eldigitaldeasturias.com\\\/magazine365\",\"nextItem\":{\"@type\":\"ListItem\",\"@id\":\"https:\\\/\\\/eldigitaldeasturias.com\\\/magazine365\\\/category\\\/noticias-actualidad\\\/#listItem\",\"name\":\"Noticias y Actualidad\"}},{\"@type\":\"ListItem\",\"@id\":\"https:\\\/\\\/eldigitaldeasturias.com\\\/magazine365\\\/category\\\/noticias-actualidad\\\/#listItem\",\"position\":2,\"name\":\"Noticias y Actualidad\",\"item\":\"https:\\\/\\\/eldigitaldeasturias.com\\\/magazine365\\\/category\\\/noticias-actualidad\\\/\",\"nextItem\":{\"@type\":\"ListItem\",\"@id\":\"https:\\\/\\\/eldigitaldeasturias.com\\\/magazine365\\\/jose-manuel-lastra-nuevo-presidente-de-la-asociacion-de-agencias-de-viaje-de-sevilla\\\/#listItem\",\"name\":\"Jos\\u00e9 Manuel Lastra, nuevo presidente de la Asociaci\\u00f3n de Agencias de Viaje de Sevilla\"},\"previousItem\":{\"@type\":\"ListItem\",\"@id\":\"https:\\\/\\\/eldigitaldeasturias.com\\\/magazine365#listItem\",\"name\":\"Home\"}},{\"@type\":\"ListItem\",\"@id\":\"https:\\\/\\\/eldigitaldeasturias.com\\\/magazine365\\\/jose-manuel-lastra-nuevo-presidente-de-la-asociacion-de-agencias-de-viaje-de-sevilla\\\/#listItem\",\"position\":3,\"name\":\"Jos\\u00e9 Manuel Lastra, nuevo presidente de la Asociaci\\u00f3n de Agencias de Viaje de Sevilla\",\"previousItem\":{\"@type\":\"ListItem\",\"@id\":\"https:\\\/\\\/eldigitaldeasturias.com\\\/magazine365\\\/category\\\/noticias-actualidad\\\/#listItem\",\"name\":\"Noticias y Actualidad\"}}]},{\"@type\":\"Organization\",\"@id\":\"https:\\\/\\\/eldigitaldeasturias.com\\\/magazine365\\\/#organization\",\"name\":\"El digital de Asturias\",\"description\":\"Revista de ocio, turismo y estilo de vida\",\"url\":\"https:\\\/\\\/eldigitaldeasturias.com\\\/magazine365\\\/\",\"logo\":{\"@type\":\"ImageObject\",\"url\":\"https:\\\/\\\/www.eldigitaldeasturias.com\\\/noticias\\\/wp-content\\\/uploads\\\/2020\\\/12\\\/EDA.jpg\",\"@id\":\"https:\\\/\\\/eldigitaldeasturias.com\\\/magazine365\\\/jose-manuel-lastra-nuevo-presidente-de-la-asociacion-de-agencias-de-viaje-de-sevilla\\\/#organizationLogo\"},\"image\":{\"@id\":\"https:\\\/\\\/eldigitaldeasturias.com\\\/magazine365\\\/jose-manuel-lastra-nuevo-presidente-de-la-asociacion-de-agencias-de-viaje-de-sevilla\\\/#organizationLogo\"}},{\"@type\":\"Person\",\"@id\":\"https:\\\/\\\/eldigitaldeasturias.com\\\/magazine365\\\/author\\\/admin\\\/#author\",\"url\":\"https:\\\/\\\/eldigitaldeasturias.com\\\/magazine365\\\/author\\\/admin\\\/\",\"name\":\"admin\",\"image\":{\"@type\":\"ImageObject\",\"@id\":\"https:\\\/\\\/eldigitaldeasturias.com\\\/magazine365\\\/jose-manuel-lastra-nuevo-presidente-de-la-asociacion-de-agencias-de-viaje-de-sevilla\\\/#authorImage\",\"url\":\"https:\\\/\\\/eldigitaldeasturias.com\\\/magazine365\\\/wp-content\\\/litespeed\\\/avatar\\\/e571bcf59a0edd6fa6838245a470f2fe.jpg?ver=1776969259\",\"width\":96,\"height\":96,\"caption\":\"admin\"}},{\"@type\":\"WebPage\",\"@id\":\"https:\\\/\\\/eldigitaldeasturias.com\\\/magazine365\\\/jose-manuel-lastra-nuevo-presidente-de-la-asociacion-de-agencias-de-viaje-de-sevilla\\\/#webpage\",\"url\":\"https:\\\/\\\/eldigitaldeasturias.com\\\/magazine365\\\/jose-manuel-lastra-nuevo-presidente-de-la-asociacion-de-agencias-de-viaje-de-sevilla\\\/\",\"name\":\"Jos\\u00e9 Manuel Lastra, nuevo presidente de la Asociaci\\u00f3n de Agencias de Viaje de Sevilla | El Digital de Asturias\",\"description\":\"La asamblea de la Asociaci\\u00f3n Empresarial de Agencias de Viajes de Sevilla (Aevise) ha elegido a Jos\\u00e9 Manuel Lastra Picazo, como nuevo presidente. Director general de Viajes Triana y miembro del consejo directivo de Travel Advisors Guild, Jos\\u00e9 Manuel Lastra cuenta con una experiencia de m\\u00e1s de 30 a\\u00f1os en el sector, 26 de ellos\",\"inLanguage\":\"es-ES\",\"isPartOf\":{\"@id\":\"https:\\\/\\\/eldigitaldeasturias.com\\\/magazine365\\\/#website\"},\"breadcrumb\":{\"@id\":\"https:\\\/\\\/eldigitaldeasturias.com\\\/magazine365\\\/jose-manuel-lastra-nuevo-presidente-de-la-asociacion-de-agencias-de-viaje-de-sevilla\\\/#breadcrumblist\"},\"author\":{\"@id\":\"https:\\\/\\\/eldigitaldeasturias.com\\\/magazine365\\\/author\\\/admin\\\/#author\"},\"creator\":{\"@id\":\"https:\\\/\\\/eldigitaldeasturias.com\\\/magazine365\\\/author\\\/admin\\\/#author\"},\"image\":{\"@type\":\"ImageObject\",\"url\":\"https:\\\/\\\/eldigitaldeasturias.com\\\/magazine365\\\/wp-content\\\/uploads\\\/2016\\\/06\\\/fotonoticia_20160624190442_800.jpg\",\"@id\":\"https:\\\/\\\/eldigitaldeasturias.com\\\/magazine365\\\/jose-manuel-lastra-nuevo-presidente-de-la-asociacion-de-agencias-de-viaje-de-sevilla\\\/#mainImage\",\"width\":800,\"height\":534},\"primaryImageOfPage\":{\"@id\":\"https:\\\/\\\/eldigitaldeasturias.com\\\/magazine365\\\/jose-manuel-lastra-nuevo-presidente-de-la-asociacion-de-agencias-de-viaje-de-sevilla\\\/#mainImage\"},\"datePublished\":\"2016-06-26T03:59:36+02:00\",\"dateModified\":\"2016-06-26T03:59:36+02:00\"},{\"@type\":\"WebSite\",\"@id\":\"https:\\\/\\\/eldigitaldeasturias.com\\\/magazine365\\\/#website\",\"url\":\"https:\\\/\\\/eldigitaldeasturias.com\\\/magazine365\\\/\",\"name\":\"El Digital de Asturias\",\"description\":\"Revista de ocio, turismo y estilo de vida\",\"inLanguage\":\"es-ES\",\"publisher\":{\"@id\":\"https:\\\/\\\/eldigitaldeasturias.com\\\/magazine365\\\/#organization\"}}]}\n\t\t<\/script>\n\t\t<!-- All in One SEO Pro -->\r\n\t\t<title>Jos\u00e9 Manuel Lastra, nuevo presidente de la Asociaci\u00f3n de Agencias de Viaje de Sevilla | El Digital de Asturias<\/title>\n\n","aioseo_head_json":{"title":"Jos\u00e9 Manuel Lastra, nuevo presidente de la Asociaci\u00f3n de Agencias de Viaje de Sevilla | El Digital de Asturias","description":"La asamblea de la Asociaci\u00f3n Empresarial de Agencias de Viajes de Sevilla (Aevise) ha elegido a Jos\u00e9 Manuel Lastra Picazo, como nuevo presidente. Director general de Viajes Triana y miembro del consejo directivo de Travel Advisors Guild, Jos\u00e9 Manuel Lastra cuenta con una experiencia de m\u00e1s de 30 a\u00f1os en el sector, 26 de ellos","canonical_url":"https:\/\/eldigitaldeasturias.com\/magazine365\/jose-manuel-lastra-nuevo-presidente-de-la-asociacion-de-agencias-de-viaje-de-sevilla\/","robots":"max-image-preview:large","keywords":"noticias y actualidad","webmasterTools":{"google-site-verification":"UA-38556648-1","miscellaneous":""},"schema":{"@context":"https:\/\/schema.org","@graph":[{"@type":"Article","@id":"https:\/\/eldigitaldeasturias.com\/magazine365\/jose-manuel-lastra-nuevo-presidente-de-la-asociacion-de-agencias-de-viaje-de-sevilla\/#article","name":"Jos\u00e9 Manuel Lastra, nuevo presidente de la Asociaci\u00f3n de Agencias de Viaje de Sevilla | El Digital de Asturias","headline":"Jos\u00e9 Manuel Lastra, nuevo presidente de la Asociaci\u00f3n de Agencias de Viaje de Sevilla","author":{"@id":"https:\/\/eldigitaldeasturias.com\/magazine365\/author\/admin\/#author"},"publisher":{"@id":"https:\/\/eldigitaldeasturias.com\/magazine365\/#organization"},"image":{"@type":"ImageObject","url":"https:\/\/eldigitaldeasturias.com\/magazine365\/wp-content\/uploads\/2016\/06\/fotonoticia_20160624190442_800.jpg","width":800,"height":534},"datePublished":"2016-06-26T03:59:36+02:00","dateModified":"2016-06-26T03:59:36+02:00","inLanguage":"es-ES","mainEntityOfPage":{"@id":"https:\/\/eldigitaldeasturias.com\/magazine365\/jose-manuel-lastra-nuevo-presidente-de-la-asociacion-de-agencias-de-viaje-de-sevilla\/#webpage"},"isPartOf":{"@id":"https:\/\/eldigitaldeasturias.com\/magazine365\/jose-manuel-lastra-nuevo-presidente-de-la-asociacion-de-agencias-de-viaje-de-sevilla\/#webpage"},"articleSection":"Noticias y Actualidad"},{"@type":"BreadcrumbList","@id":"https:\/\/eldigitaldeasturias.com\/magazine365\/jose-manuel-lastra-nuevo-presidente-de-la-asociacion-de-agencias-de-viaje-de-sevilla\/#breadcrumblist","itemListElement":[{"@type":"ListItem","@id":"https:\/\/eldigitaldeasturias.com\/magazine365#listItem","position":1,"name":"Home","item":"https:\/\/eldigitaldeasturias.com\/magazine365","nextItem":{"@type":"ListItem","@id":"https:\/\/eldigitaldeasturias.com\/magazine365\/category\/noticias-actualidad\/#listItem","name":"Noticias y Actualidad"}},{"@type":"ListItem","@id":"https:\/\/eldigitaldeasturias.com\/magazine365\/category\/noticias-actualidad\/#listItem","position":2,"name":"Noticias y Actualidad","item":"https:\/\/eldigitaldeasturias.com\/magazine365\/category\/noticias-actualidad\/","nextItem":{"@type":"ListItem","@id":"https:\/\/eldigitaldeasturias.com\/magazine365\/jose-manuel-lastra-nuevo-presidente-de-la-asociacion-de-agencias-de-viaje-de-sevilla\/#listItem","name":"Jos\u00e9 Manuel Lastra, nuevo presidente de la Asociaci\u00f3n de Agencias de Viaje de Sevilla"},"previousItem":{"@type":"ListItem","@id":"https:\/\/eldigitaldeasturias.com\/magazine365#listItem","name":"Home"}},{"@type":"ListItem","@id":"https:\/\/eldigitaldeasturias.com\/magazine365\/jose-manuel-lastra-nuevo-presidente-de-la-asociacion-de-agencias-de-viaje-de-sevilla\/#listItem","position":3,"name":"Jos\u00e9 Manuel Lastra, nuevo presidente de la Asociaci\u00f3n de Agencias de Viaje de Sevilla","previousItem":{"@type":"ListItem","@id":"https:\/\/eldigitaldeasturias.com\/magazine365\/category\/noticias-actualidad\/#listItem","name":"Noticias y Actualidad"}}]},{"@type":"Organization","@id":"https:\/\/eldigitaldeasturias.com\/magazine365\/#organization","name":"El digital de Asturias","description":"Revista de ocio, turismo y estilo de vida","url":"https:\/\/eldigitaldeasturias.com\/magazine365\/","logo":{"@type":"ImageObject","url":"https:\/\/www.eldigitaldeasturias.com\/noticias\/wp-content\/uploads\/2020\/12\/EDA.jpg","@id":"https:\/\/eldigitaldeasturias.com\/magazine365\/jose-manuel-lastra-nuevo-presidente-de-la-asociacion-de-agencias-de-viaje-de-sevilla\/#organizationLogo"},"image":{"@id":"https:\/\/eldigitaldeasturias.com\/magazine365\/jose-manuel-lastra-nuevo-presidente-de-la-asociacion-de-agencias-de-viaje-de-sevilla\/#organizationLogo"}},{"@type":"Person","@id":"https:\/\/eldigitaldeasturias.com\/magazine365\/author\/admin\/#author","url":"https:\/\/eldigitaldeasturias.com\/magazine365\/author\/admin\/","name":"admin","image":{"@type":"ImageObject","@id":"https:\/\/eldigitaldeasturias.com\/magazine365\/jose-manuel-lastra-nuevo-presidente-de-la-asociacion-de-agencias-de-viaje-de-sevilla\/#authorImage","url":"https:\/\/eldigitaldeasturias.com\/magazine365\/wp-content\/litespeed\/avatar\/e571bcf59a0edd6fa6838245a470f2fe.jpg?ver=1776969259","width":96,"height":96,"caption":"admin"}},{"@type":"WebPage","@id":"https:\/\/eldigitaldeasturias.com\/magazine365\/jose-manuel-lastra-nuevo-presidente-de-la-asociacion-de-agencias-de-viaje-de-sevilla\/#webpage","url":"https:\/\/eldigitaldeasturias.com\/magazine365\/jose-manuel-lastra-nuevo-presidente-de-la-asociacion-de-agencias-de-viaje-de-sevilla\/","name":"Jos\u00e9 Manuel Lastra, nuevo presidente de la Asociaci\u00f3n de Agencias de Viaje de Sevilla | El Digital de Asturias","description":"La asamblea de la Asociaci\u00f3n Empresarial de Agencias de Viajes de Sevilla (Aevise) ha elegido a Jos\u00e9 Manuel Lastra Picazo, como nuevo presidente. Director general de Viajes Triana y miembro del consejo directivo de Travel Advisors Guild, Jos\u00e9 Manuel Lastra cuenta con una experiencia de m\u00e1s de 30 a\u00f1os en el sector, 26 de ellos","inLanguage":"es-ES","isPartOf":{"@id":"https:\/\/eldigitaldeasturias.com\/magazine365\/#website"},"breadcrumb":{"@id":"https:\/\/eldigitaldeasturias.com\/magazine365\/jose-manuel-lastra-nuevo-presidente-de-la-asociacion-de-agencias-de-viaje-de-sevilla\/#breadcrumblist"},"author":{"@id":"https:\/\/eldigitaldeasturias.com\/magazine365\/author\/admin\/#author"},"creator":{"@id":"https:\/\/eldigitaldeasturias.com\/magazine365\/author\/admin\/#author"},"image":{"@type":"ImageObject","url":"https:\/\/eldigitaldeasturias.com\/magazine365\/wp-content\/uploads\/2016\/06\/fotonoticia_20160624190442_800.jpg","@id":"https:\/\/eldigitaldeasturias.com\/magazine365\/jose-manuel-lastra-nuevo-presidente-de-la-asociacion-de-agencias-de-viaje-de-sevilla\/#mainImage","width":800,"height":534},"primaryImageOfPage":{"@id":"https:\/\/eldigitaldeasturias.com\/magazine365\/jose-manuel-lastra-nuevo-presidente-de-la-asociacion-de-agencias-de-viaje-de-sevilla\/#mainImage"},"datePublished":"2016-06-26T03:59:36+02:00","dateModified":"2016-06-26T03:59:36+02:00"},{"@type":"WebSite","@id":"https:\/\/eldigitaldeasturias.com\/magazine365\/#website","url":"https:\/\/eldigitaldeasturias.com\/magazine365\/","name":"El Digital de Asturias","description":"Revista de ocio, turismo y estilo de vida","inLanguage":"es-ES","publisher":{"@id":"https:\/\/eldigitaldeasturias.com\/magazine365\/#organization"}}]},"og:locale":"es_ES","og:site_name":"El Digital de Asturias \u2013 Revista de ocio, turismo y estilo de vida","og:type":"article","og:title":"Jos\u00e9 Manuel Lastra, nuevo presidente de la Asociaci\u00f3n de Agencias de Viaje de Sevilla | El Digital de Asturias","og:description":"La asamblea de la Asociaci\u00f3n Empresarial de Agencias de Viajes de Sevilla (Aevise) ha elegido a Jos\u00e9 Manuel Lastra Picazo, como nuevo presidente. Director general de Viajes Triana y miembro del consejo directivo de Travel Advisors Guild, Jos\u00e9 Manuel Lastra cuenta con una experiencia de m\u00e1s de 30 a\u00f1os en el sector, 26 de ellos","og:url":"https:\/\/eldigitaldeasturias.com\/magazine365\/jose-manuel-lastra-nuevo-presidente-de-la-asociacion-de-agencias-de-viaje-de-sevilla\/","og:image":"https:\/\/eldigitaldeasturias.com\/magazine365\/wp-content\/uploads\/2016\/06\/fotonoticia_20160624190442_800.jpg","og:image:secure_url":"https:\/\/eldigitaldeasturias.com\/magazine365\/wp-content\/uploads\/2016\/06\/fotonoticia_20160624190442_800.jpg","og:image:width":800,"og:image:height":534,"article:published_time":"2016-06-26T01:59:36+00:00","article:modified_time":"2016-06-26T01:59:36+00:00","twitter:card":"summary_large_image","twitter:title":"Jos\u00e9 Manuel Lastra, nuevo presidente de la Asociaci\u00f3n de Agencias de Viaje de Sevilla | El Digital de Asturias","twitter:description":"La asamblea de la Asociaci\u00f3n Empresarial de Agencias de Viajes de Sevilla (Aevise) ha elegido a Jos\u00e9 Manuel Lastra Picazo, como nuevo presidente. Director general de Viajes Triana y miembro del consejo directivo de Travel Advisors Guild, Jos\u00e9 Manuel Lastra cuenta con una experiencia de m\u00e1s de 30 a\u00f1os en el sector, 26 de ellos","twitter:image":"https:\/\/eldigitaldeasturias.com\/magazine365\/wp-content\/uploads\/2016\/06\/fotonoticia_20160624190442_800.jpg"},"aioseo_meta_data":{"post_id":"80757","title":null,"description":null,"keywords":null,"keyphrases":null,"primary_term":null,"canonical_url":null,"og_title":null,"og_description":null,"og_object_type":"default","og_image_type":"default","og_image_url":null,"og_image_width":null,"og_image_height":null,"og_image_custom_url":null,"og_image_custom_fields":null,"og_video":null,"og_custom_url":null,"og_article_section":null,"og_article_tags":null,"twitter_use_og":false,"twitter_card":"default","twitter_image_type":"default","twitter_image_url":null,"twitter_image_custom_url":null,"twitter_image_custom_fields":null,"twitter_title":null,"twitter_description":null,"schema":{"blockGraphs":[],"customGraphs":[],"default":{"data":{"Article":[],"Course":[],"Dataset":[],"FAQPage":[],"Movie":[],"Person":[],"Product":[],"ProductReview":[],"Car":[],"Recipe":[],"Service":[],"SoftwareApplication":[],"WebPage":[]},"graphName":"","isEnabled":true},"graphs":[],"defaultGraph":"","defaultPostTypeGraph":""},"schema_type":null,"schema_type_options":null,"pillar_content":false,"robots_default":true,"robots_noindex":false,"robots_noarchive":false,"robots_nosnippet":false,"robots_nofollow":false,"robots_noimageindex":false,"robots_noodp":false,"robots_notranslate":false,"robots_max_snippet":null,"robots_max_videopreview":null,"robots_max_imagepreview":"large","priority":null,"frequency":null,"location":null,"local_seo":null,"seo_analyzer_scan_date":"2025-09-27 21:29:00","breadcrumb_settings":null,"limit_modified_date":false,"open_ai":null,"ai":null,"created":"2021-03-08 17:27:24","updated":"2025-09-27 21:29:00"},"aioseo_breadcrumb":"<div class=\"aioseo-breadcrumbs\"><span class=\"aioseo-breadcrumb\">\n\t<a href=\"https:\/\/eldigitaldeasturias.com\/magazine365\" title=\"Home\">Home<\/a>\n<\/span><span class=\"aioseo-breadcrumb-separator\">\u2013<\/span><span class=\"aioseo-breadcrumb\">\n\t<a href=\"https:\/\/eldigitaldeasturias.com\/magazine365\/category\/noticias-actualidad\/\" title=\"Noticias y Actualidad\">Noticias y Actualidad<\/a>\n<\/span><span class=\"aioseo-breadcrumb-separator\">\u2013<\/span><span class=\"aioseo-breadcrumb\">\n\t<a href=\"https:\/\/eldigitaldeasturias.com\/magazine365\/jose-manuel-lastra-nuevo-presidente-de-la-asociacion-de-agencias-de-viaje-de-sevilla\/\" title=\"Jos\u00e9 Manuel Lastra, nuevo presidente de la Asociaci\u00f3n de Agencias de Viaje de Sevilla\">Jos\u00e9 Manuel Lastra, nuevo presidente de la Asociaci\u00f3n de Agencias de Viaje de Sevilla<\/a>\n<\/span><\/div>","aioseo_breadcrumb_json":[{"label":"Home","link":"https:\/\/eldigitaldeasturias.com\/magazine365"},{"label":"Noticias y Actualidad","link":"https:\/\/eldigitaldeasturias.com\/magazine365\/category\/noticias-actualidad\/"},{"label":"Jos\u00e9 Manuel Lastra, nuevo presidente de la Asociaci\u00f3n de Agencias de Viaje de Sevilla","link":"https:\/\/eldigitaldeasturias.com\/magazine365\/jose-manuel-lastra-nuevo-presidente-de-la-asociacion-de-agencias-de-viaje-de-sevilla\/"}],"_links":{"self":[{"href":"https:\/\/eldigitaldeasturias.com\/magazine365\/wp-json\/wp\/v2\/posts\/80757","targetHints":{"allow":["GET"]}}],"collection":[{"href":"https:\/\/eldigitaldeasturias.com\/magazine365\/wp-json\/wp\/v2\/posts"}],"about":[{"href":"https:\/\/eldigitaldeasturias.com\/magazine365\/wp-json\/wp\/v2\/types\/post"}],"author":[{"embeddable":true,"href":"https:\/\/eldigitaldeasturias.com\/magazine365\/wp-json\/wp\/v2\/users\/1"}],"replies":[{"embeddable":true,"href":"https:\/\/eldigitaldeasturias.com\/magazine365\/wp-json\/wp\/v2\/comments?post=80757"}],"version-history":[{"count":0,"href":"https:\/\/eldigitaldeasturias.com\/magazine365\/wp-json\/wp\/v2\/posts\/80757\/revisions"}],"wp:featuredmedia":[{"embeddable":true,"href":"https:\/\/eldigitaldeasturias.com\/magazine365\/wp-json\/wp\/v2\/media\/80758"}],"wp:attachment":[{"href":"https:\/\/eldigitaldeasturias.com\/magazine365\/wp-json\/wp\/v2\/media?parent=80757"}],"wp:term":[{"taxonomy":"category","embeddable":true,"href":"https:\/\/eldigitaldeasturias.com\/magazine365\/wp-json\/wp\/v2\/categories?post=80757"},{"taxonomy":"post_tag","embeddable":true,"href":"https:\/\/eldigitaldeasturias.com\/magazine365\/wp-json\/wp\/v2\/tags?post=80757"}],"curies":[{"name":"wp","href":"https:\/\/api.w.org\/{rel}","templated":true}]}}