{"id":80754,"date":"2016-06-26T03:58:53","date_gmt":"2016-06-26T01:58:53","guid":{"rendered":"http:\/\/eldigitaldeasturias.com\/magazine365\/?p=80754"},"modified":"2016-06-26T03:58:53","modified_gmt":"2016-06-26T01:58:53","slug":"la-junta-presenta-la-iv-ruta-por-andalucia-de-vespa-tour","status":"publish","type":"post","link":"https:\/\/eldigitaldeasturias.com\/magazine365\/la-junta-presenta-la-iv-ruta-por-andalucia-de-vespa-tour\/","title":{"rendered":"La Junta presenta la IV Ruta por Andaluc\u00eda de Vespa Tour"},"content":{"rendered":"<p><img fetchpriority=\"high\" decoding=\"async\" class=\"alignleft size-medium wp-image-80755\" src=\"https:\/\/eldigitaldeasturias.com\/magazine365\/wp-content\/uploads\/2016\/06\/fotonoticia_20160624190409_800-360x240.jpg\" alt=\"fotonoticia_20160624190409_800\" width=\"360\" height=\"240\" srcset=\"https:\/\/eldigitaldeasturias.com\/magazine365\/wp-content\/uploads\/2016\/06\/fotonoticia_20160624190409_800-360x240.jpg 360w, https:\/\/eldigitaldeasturias.com\/magazine365\/wp-content\/uploads\/2016\/06\/fotonoticia_20160624190409_800-650x434.jpg 650w, https:\/\/eldigitaldeasturias.com\/magazine365\/wp-content\/uploads\/2016\/06\/fotonoticia_20160624190409_800-768x513.jpg 768w, https:\/\/eldigitaldeasturias.com\/magazine365\/wp-content\/uploads\/2016\/06\/fotonoticia_20160624190409_800-150x100.jpg 150w, https:\/\/eldigitaldeasturias.com\/magazine365\/wp-content\/uploads\/2016\/06\/fotonoticia_20160624190409_800-450x300.jpg 450w, https:\/\/eldigitaldeasturias.com\/magazine365\/wp-content\/uploads\/2016\/06\/fotonoticia_20160624190409_800-101x66.jpg 101w, https:\/\/eldigitaldeasturias.com\/magazine365\/wp-content\/uploads\/2016\/06\/fotonoticia_20160624190409_800.jpg 800w\" sizes=\"(max-width: 360px) 100vw, 360px\" \/>El delegado territorial de Cultura, Turismo y Deporte de la Junta de Andaluc\u00eda, Francisco Alcalde, junto con la presidenta de Acci\u00f3n Social de la Asociaci\u00f3n Espa\u00f1ola Contra el C\u00e1ncer (AECC), Elena Landauro, el presidente de Vespa Tour, Manuel Ram\u00edrez, y el director de la Filmoteca de Andaluc\u00eda, Pablo Garc\u00eda, han presentado en la Filmoteca de Andaluc\u00eda la IV Ruta por Andaluc\u00eda de Vespa Tour.<\/p>\n<p>El delegado ha manifestado que \u00abcomo no pod\u00eda ser de otra manera la Filmoteca de Andaluc\u00eda se suma al lema de la ruta, &#8216;hacer kil\u00f3metros por un fin com\u00fan&#8217;, la de ayudar a transmitir ganas de seguir luchando contra una enfermedad que a todos nos afecta, el c\u00e1ncer, por eso es para nosotros un honor y un orgullo poder colaborar con Vespa Tour y con la Asociaci\u00f3n Espa\u00f1ola Contra el C\u00e1ncer\u00bb.<\/p>\n<p>Alcalde ha a\u00f1adido que \u00abpor ello, hoy ponemos a disposici\u00f3n de la AECC y Vespa Tour, la Filmoteca de Andaluc\u00eda, como centro referente andaluz de difusi\u00f3n y como espacio cultural, de encuentro y de participaci\u00f3n, para la presentaci\u00f3n y proyecci\u00f3n del video promocional de la IV Ruta por Andaluc\u00eda\u00bb.<\/p>\n<p>Por \u00faltimo, Alcalde le ha deseado a todos los participantes que \u00abtodo salga rodado, a buen ritmo y sin ning\u00fan contratiempo, en esta ruta de m\u00e1s de 1.000 kil\u00f3metros por toda nuestra Andaluc\u00eda, y que tengan un caluroso recibimiento a la llegada de cada hospital\u00bb.<\/p>\n","protected":false},"excerpt":{"rendered":"<p>El delegado territorial de Cultura, Turismo y Deporte de la Junta de Andaluc\u00eda, Francisco Alcalde, junto con la presidenta de Acci\u00f3n Social de la Asociaci\u00f3n Espa\u00f1ola Contra el C\u00e1ncer (AECC), Elena Landauro, el presidente de Vespa Tour, Manuel Ram\u00edrez, y el director de la Filmoteca de Andaluc\u00eda, Pablo Garc\u00eda, han presentado en la Filmoteca de<\/p>\n","protected":false},"author":1,"featured_media":80755,"comment_status":"open","ping_status":"closed","sticky":false,"template":"","format":"standard","meta":{"footnotes":""},"categories":[224],"tags":[],"class_list":{"0":"post-80754","1":"post","2":"type-post","3":"status-publish","4":"format-standard","5":"has-post-thumbnail","7":"category-noticias-actualidad"},"aioseo_notices":[],"aioseo_head":"\n\t\t<!-- All in One SEO Pro 4.9.6.1 - aioseo.com -->\n\t<meta name=\"description\" content=\"El delegado territorial de Cultura, Turismo y Deporte de la Junta de Andaluc\u00eda, Francisco Alcalde, junto con la presidenta de Acci\u00f3n Social de la Asociaci\u00f3n Espa\u00f1ola Contra el C\u00e1ncer (AECC), Elena Landauro, el presidente de Vespa Tour, Manuel Ram\u00edrez, y el director de la Filmoteca de Andaluc\u00eda, Pablo Garc\u00eda, han presentado en la Filmoteca de\" \/>\n\t<meta name=\"robots\" content=\"max-image-preview:large\" \/>\n\t<meta name=\"author\" content=\"admin\"\/>\n\t<meta name=\"google-site-verification\" content=\"UA-38556648-1\" \/>\n\t<meta name=\"keywords\" content=\"noticias y actualidad\" \/>\n\t<link rel=\"canonical\" href=\"https:\/\/eldigitaldeasturias.com\/magazine365\/la-junta-presenta-la-iv-ruta-por-andalucia-de-vespa-tour\/\" \/>\n\t<meta name=\"generator\" content=\"All in One SEO Pro (AIOSEO) 4.9.6.1\" \/>\n\t\t<meta property=\"og:locale\" content=\"es_ES\" \/>\n\t\t<meta property=\"og:site_name\" content=\"El Digital de Asturias \u2013 Revista de ocio, turismo y estilo de vida\" \/>\n\t\t<meta property=\"og:type\" content=\"article\" \/>\n\t\t<meta property=\"og:title\" content=\"La Junta presenta la IV Ruta por Andaluc\u00eda de Vespa Tour | El Digital de Asturias\" \/>\n\t\t<meta property=\"og:description\" content=\"El delegado territorial de Cultura, Turismo y Deporte de la Junta de Andaluc\u00eda, Francisco Alcalde, junto con la presidenta de Acci\u00f3n Social de la Asociaci\u00f3n Espa\u00f1ola Contra el C\u00e1ncer (AECC), Elena Landauro, el presidente de Vespa Tour, Manuel Ram\u00edrez, y el director de la Filmoteca de Andaluc\u00eda, Pablo Garc\u00eda, han presentado en la Filmoteca de\" \/>\n\t\t<meta property=\"og:url\" content=\"https:\/\/eldigitaldeasturias.com\/magazine365\/la-junta-presenta-la-iv-ruta-por-andalucia-de-vespa-tour\/\" \/>\n\t\t<meta property=\"og:image\" content=\"https:\/\/eldigitaldeasturias.com\/magazine365\/wp-content\/uploads\/2016\/06\/fotonoticia_20160624190409_800.jpg\" \/>\n\t\t<meta property=\"og:image:secure_url\" content=\"https:\/\/eldigitaldeasturias.com\/magazine365\/wp-content\/uploads\/2016\/06\/fotonoticia_20160624190409_800.jpg\" \/>\n\t\t<meta property=\"og:image:width\" content=\"800\" \/>\n\t\t<meta property=\"og:image:height\" content=\"534\" \/>\n\t\t<meta property=\"article:published_time\" content=\"2016-06-26T01:58:53+00:00\" \/>\n\t\t<meta property=\"article:modified_time\" content=\"2016-06-26T01:58:53+00:00\" \/>\n\t\t<meta name=\"twitter:card\" content=\"summary_large_image\" \/>\n\t\t<meta name=\"twitter:title\" content=\"La Junta presenta la IV Ruta por Andaluc\u00eda de Vespa Tour | El Digital de Asturias\" \/>\n\t\t<meta name=\"twitter:description\" content=\"El delegado territorial de Cultura, Turismo y Deporte de la Junta de Andaluc\u00eda, Francisco Alcalde, junto con la presidenta de Acci\u00f3n Social de la Asociaci\u00f3n Espa\u00f1ola Contra el C\u00e1ncer (AECC), Elena Landauro, el presidente de Vespa Tour, Manuel Ram\u00edrez, y el director de la Filmoteca de Andaluc\u00eda, Pablo Garc\u00eda, han presentado en la Filmoteca de\" \/>\n\t\t<meta name=\"twitter:image\" content=\"https:\/\/eldigitaldeasturias.com\/magazine365\/wp-content\/uploads\/2016\/06\/fotonoticia_20160624190409_800.jpg\" \/>\n\t\t<script type=\"application\/ld+json\" class=\"aioseo-schema\">\n\t\t\t{\"@context\":\"https:\\\/\\\/schema.org\",\"@graph\":[{\"@type\":\"Article\",\"@id\":\"https:\\\/\\\/eldigitaldeasturias.com\\\/magazine365\\\/la-junta-presenta-la-iv-ruta-por-andalucia-de-vespa-tour\\\/#article\",\"name\":\"La Junta presenta la IV Ruta por Andaluc\\u00eda de Vespa Tour | El Digital de Asturias\",\"headline\":\"La Junta presenta la IV Ruta por Andaluc\\u00eda de Vespa Tour\",\"author\":{\"@id\":\"https:\\\/\\\/eldigitaldeasturias.com\\\/magazine365\\\/author\\\/admin\\\/#author\"},\"publisher\":{\"@id\":\"https:\\\/\\\/eldigitaldeasturias.com\\\/magazine365\\\/#organization\"},\"image\":{\"@type\":\"ImageObject\",\"url\":\"https:\\\/\\\/eldigitaldeasturias.com\\\/magazine365\\\/wp-content\\\/uploads\\\/2016\\\/06\\\/fotonoticia_20160624190409_800.jpg\",\"width\":800,\"height\":534},\"datePublished\":\"2016-06-26T03:58:53+02:00\",\"dateModified\":\"2016-06-26T03:58:53+02:00\",\"inLanguage\":\"es-ES\",\"mainEntityOfPage\":{\"@id\":\"https:\\\/\\\/eldigitaldeasturias.com\\\/magazine365\\\/la-junta-presenta-la-iv-ruta-por-andalucia-de-vespa-tour\\\/#webpage\"},\"isPartOf\":{\"@id\":\"https:\\\/\\\/eldigitaldeasturias.com\\\/magazine365\\\/la-junta-presenta-la-iv-ruta-por-andalucia-de-vespa-tour\\\/#webpage\"},\"articleSection\":\"Noticias y Actualidad\"},{\"@type\":\"BreadcrumbList\",\"@id\":\"https:\\\/\\\/eldigitaldeasturias.com\\\/magazine365\\\/la-junta-presenta-la-iv-ruta-por-andalucia-de-vespa-tour\\\/#breadcrumblist\",\"itemListElement\":[{\"@type\":\"ListItem\",\"@id\":\"https:\\\/\\\/eldigitaldeasturias.com\\\/magazine365#listItem\",\"position\":1,\"name\":\"Home\",\"item\":\"https:\\\/\\\/eldigitaldeasturias.com\\\/magazine365\",\"nextItem\":{\"@type\":\"ListItem\",\"@id\":\"https:\\\/\\\/eldigitaldeasturias.com\\\/magazine365\\\/category\\\/noticias-actualidad\\\/#listItem\",\"name\":\"Noticias y Actualidad\"}},{\"@type\":\"ListItem\",\"@id\":\"https:\\\/\\\/eldigitaldeasturias.com\\\/magazine365\\\/category\\\/noticias-actualidad\\\/#listItem\",\"position\":2,\"name\":\"Noticias y Actualidad\",\"item\":\"https:\\\/\\\/eldigitaldeasturias.com\\\/magazine365\\\/category\\\/noticias-actualidad\\\/\",\"nextItem\":{\"@type\":\"ListItem\",\"@id\":\"https:\\\/\\\/eldigitaldeasturias.com\\\/magazine365\\\/la-junta-presenta-la-iv-ruta-por-andalucia-de-vespa-tour\\\/#listItem\",\"name\":\"La Junta presenta la IV Ruta por Andaluc\\u00eda de Vespa Tour\"},\"previousItem\":{\"@type\":\"ListItem\",\"@id\":\"https:\\\/\\\/eldigitaldeasturias.com\\\/magazine365#listItem\",\"name\":\"Home\"}},{\"@type\":\"ListItem\",\"@id\":\"https:\\\/\\\/eldigitaldeasturias.com\\\/magazine365\\\/la-junta-presenta-la-iv-ruta-por-andalucia-de-vespa-tour\\\/#listItem\",\"position\":3,\"name\":\"La Junta presenta la IV Ruta por Andaluc\\u00eda de Vespa Tour\",\"previousItem\":{\"@type\":\"ListItem\",\"@id\":\"https:\\\/\\\/eldigitaldeasturias.com\\\/magazine365\\\/category\\\/noticias-actualidad\\\/#listItem\",\"name\":\"Noticias y Actualidad\"}}]},{\"@type\":\"Organization\",\"@id\":\"https:\\\/\\\/eldigitaldeasturias.com\\\/magazine365\\\/#organization\",\"name\":\"El digital de Asturias\",\"description\":\"Revista de ocio, turismo y estilo de vida\",\"url\":\"https:\\\/\\\/eldigitaldeasturias.com\\\/magazine365\\\/\",\"logo\":{\"@type\":\"ImageObject\",\"url\":\"https:\\\/\\\/www.eldigitaldeasturias.com\\\/noticias\\\/wp-content\\\/uploads\\\/2020\\\/12\\\/EDA.jpg\",\"@id\":\"https:\\\/\\\/eldigitaldeasturias.com\\\/magazine365\\\/la-junta-presenta-la-iv-ruta-por-andalucia-de-vespa-tour\\\/#organizationLogo\"},\"image\":{\"@id\":\"https:\\\/\\\/eldigitaldeasturias.com\\\/magazine365\\\/la-junta-presenta-la-iv-ruta-por-andalucia-de-vespa-tour\\\/#organizationLogo\"}},{\"@type\":\"Person\",\"@id\":\"https:\\\/\\\/eldigitaldeasturias.com\\\/magazine365\\\/author\\\/admin\\\/#author\",\"url\":\"https:\\\/\\\/eldigitaldeasturias.com\\\/magazine365\\\/author\\\/admin\\\/\",\"name\":\"admin\",\"image\":{\"@type\":\"ImageObject\",\"@id\":\"https:\\\/\\\/eldigitaldeasturias.com\\\/magazine365\\\/la-junta-presenta-la-iv-ruta-por-andalucia-de-vespa-tour\\\/#authorImage\",\"url\":\"https:\\\/\\\/eldigitaldeasturias.com\\\/magazine365\\\/wp-content\\\/litespeed\\\/avatar\\\/e571bcf59a0edd6fa6838245a470f2fe.jpg?ver=1776969259\",\"width\":96,\"height\":96,\"caption\":\"admin\"}},{\"@type\":\"WebPage\",\"@id\":\"https:\\\/\\\/eldigitaldeasturias.com\\\/magazine365\\\/la-junta-presenta-la-iv-ruta-por-andalucia-de-vespa-tour\\\/#webpage\",\"url\":\"https:\\\/\\\/eldigitaldeasturias.com\\\/magazine365\\\/la-junta-presenta-la-iv-ruta-por-andalucia-de-vespa-tour\\\/\",\"name\":\"La Junta presenta la IV Ruta por Andaluc\\u00eda de Vespa Tour | El Digital de Asturias\",\"description\":\"El delegado territorial de Cultura, Turismo y Deporte de la Junta de Andaluc\\u00eda, Francisco Alcalde, junto con la presidenta de Acci\\u00f3n Social de la Asociaci\\u00f3n Espa\\u00f1ola Contra el C\\u00e1ncer (AECC), Elena Landauro, el presidente de Vespa Tour, Manuel Ram\\u00edrez, y el director de la Filmoteca de Andaluc\\u00eda, Pablo Garc\\u00eda, han presentado en la Filmoteca de\",\"inLanguage\":\"es-ES\",\"isPartOf\":{\"@id\":\"https:\\\/\\\/eldigitaldeasturias.com\\\/magazine365\\\/#website\"},\"breadcrumb\":{\"@id\":\"https:\\\/\\\/eldigitaldeasturias.com\\\/magazine365\\\/la-junta-presenta-la-iv-ruta-por-andalucia-de-vespa-tour\\\/#breadcrumblist\"},\"author\":{\"@id\":\"https:\\\/\\\/eldigitaldeasturias.com\\\/magazine365\\\/author\\\/admin\\\/#author\"},\"creator\":{\"@id\":\"https:\\\/\\\/eldigitaldeasturias.com\\\/magazine365\\\/author\\\/admin\\\/#author\"},\"image\":{\"@type\":\"ImageObject\",\"url\":\"https:\\\/\\\/eldigitaldeasturias.com\\\/magazine365\\\/wp-content\\\/uploads\\\/2016\\\/06\\\/fotonoticia_20160624190409_800.jpg\",\"@id\":\"https:\\\/\\\/eldigitaldeasturias.com\\\/magazine365\\\/la-junta-presenta-la-iv-ruta-por-andalucia-de-vespa-tour\\\/#mainImage\",\"width\":800,\"height\":534},\"primaryImageOfPage\":{\"@id\":\"https:\\\/\\\/eldigitaldeasturias.com\\\/magazine365\\\/la-junta-presenta-la-iv-ruta-por-andalucia-de-vespa-tour\\\/#mainImage\"},\"datePublished\":\"2016-06-26T03:58:53+02:00\",\"dateModified\":\"2016-06-26T03:58:53+02:00\"},{\"@type\":\"WebSite\",\"@id\":\"https:\\\/\\\/eldigitaldeasturias.com\\\/magazine365\\\/#website\",\"url\":\"https:\\\/\\\/eldigitaldeasturias.com\\\/magazine365\\\/\",\"name\":\"El Digital de Asturias\",\"description\":\"Revista de ocio, turismo y estilo de vida\",\"inLanguage\":\"es-ES\",\"publisher\":{\"@id\":\"https:\\\/\\\/eldigitaldeasturias.com\\\/magazine365\\\/#organization\"}}]}\n\t\t<\/script>\n\t\t<!-- All in One SEO Pro -->\r\n\t\t<title>La Junta presenta la IV Ruta por Andaluc\u00eda de Vespa Tour | El Digital de Asturias<\/title>\n\n","aioseo_head_json":{"title":"La Junta presenta la IV Ruta por Andaluc\u00eda de Vespa Tour | El Digital de Asturias","description":"El delegado territorial de Cultura, Turismo y Deporte de la Junta de Andaluc\u00eda, Francisco Alcalde, junto con la presidenta de Acci\u00f3n Social de la Asociaci\u00f3n Espa\u00f1ola Contra el C\u00e1ncer (AECC), Elena Landauro, el presidente de Vespa Tour, Manuel Ram\u00edrez, y el director de la Filmoteca de Andaluc\u00eda, Pablo Garc\u00eda, han presentado en la Filmoteca de","canonical_url":"https:\/\/eldigitaldeasturias.com\/magazine365\/la-junta-presenta-la-iv-ruta-por-andalucia-de-vespa-tour\/","robots":"max-image-preview:large","keywords":"noticias y actualidad","webmasterTools":{"google-site-verification":"UA-38556648-1","miscellaneous":""},"schema":{"@context":"https:\/\/schema.org","@graph":[{"@type":"Article","@id":"https:\/\/eldigitaldeasturias.com\/magazine365\/la-junta-presenta-la-iv-ruta-por-andalucia-de-vespa-tour\/#article","name":"La Junta presenta la IV Ruta por Andaluc\u00eda de Vespa Tour | El Digital de Asturias","headline":"La Junta presenta la IV Ruta por Andaluc\u00eda de Vespa Tour","author":{"@id":"https:\/\/eldigitaldeasturias.com\/magazine365\/author\/admin\/#author"},"publisher":{"@id":"https:\/\/eldigitaldeasturias.com\/magazine365\/#organization"},"image":{"@type":"ImageObject","url":"https:\/\/eldigitaldeasturias.com\/magazine365\/wp-content\/uploads\/2016\/06\/fotonoticia_20160624190409_800.jpg","width":800,"height":534},"datePublished":"2016-06-26T03:58:53+02:00","dateModified":"2016-06-26T03:58:53+02:00","inLanguage":"es-ES","mainEntityOfPage":{"@id":"https:\/\/eldigitaldeasturias.com\/magazine365\/la-junta-presenta-la-iv-ruta-por-andalucia-de-vespa-tour\/#webpage"},"isPartOf":{"@id":"https:\/\/eldigitaldeasturias.com\/magazine365\/la-junta-presenta-la-iv-ruta-por-andalucia-de-vespa-tour\/#webpage"},"articleSection":"Noticias y Actualidad"},{"@type":"BreadcrumbList","@id":"https:\/\/eldigitaldeasturias.com\/magazine365\/la-junta-presenta-la-iv-ruta-por-andalucia-de-vespa-tour\/#breadcrumblist","itemListElement":[{"@type":"ListItem","@id":"https:\/\/eldigitaldeasturias.com\/magazine365#listItem","position":1,"name":"Home","item":"https:\/\/eldigitaldeasturias.com\/magazine365","nextItem":{"@type":"ListItem","@id":"https:\/\/eldigitaldeasturias.com\/magazine365\/category\/noticias-actualidad\/#listItem","name":"Noticias y Actualidad"}},{"@type":"ListItem","@id":"https:\/\/eldigitaldeasturias.com\/magazine365\/category\/noticias-actualidad\/#listItem","position":2,"name":"Noticias y Actualidad","item":"https:\/\/eldigitaldeasturias.com\/magazine365\/category\/noticias-actualidad\/","nextItem":{"@type":"ListItem","@id":"https:\/\/eldigitaldeasturias.com\/magazine365\/la-junta-presenta-la-iv-ruta-por-andalucia-de-vespa-tour\/#listItem","name":"La Junta presenta la IV Ruta por Andaluc\u00eda de Vespa Tour"},"previousItem":{"@type":"ListItem","@id":"https:\/\/eldigitaldeasturias.com\/magazine365#listItem","name":"Home"}},{"@type":"ListItem","@id":"https:\/\/eldigitaldeasturias.com\/magazine365\/la-junta-presenta-la-iv-ruta-por-andalucia-de-vespa-tour\/#listItem","position":3,"name":"La Junta presenta la IV Ruta por Andaluc\u00eda de Vespa Tour","previousItem":{"@type":"ListItem","@id":"https:\/\/eldigitaldeasturias.com\/magazine365\/category\/noticias-actualidad\/#listItem","name":"Noticias y Actualidad"}}]},{"@type":"Organization","@id":"https:\/\/eldigitaldeasturias.com\/magazine365\/#organization","name":"El digital de Asturias","description":"Revista de ocio, turismo y estilo de vida","url":"https:\/\/eldigitaldeasturias.com\/magazine365\/","logo":{"@type":"ImageObject","url":"https:\/\/www.eldigitaldeasturias.com\/noticias\/wp-content\/uploads\/2020\/12\/EDA.jpg","@id":"https:\/\/eldigitaldeasturias.com\/magazine365\/la-junta-presenta-la-iv-ruta-por-andalucia-de-vespa-tour\/#organizationLogo"},"image":{"@id":"https:\/\/eldigitaldeasturias.com\/magazine365\/la-junta-presenta-la-iv-ruta-por-andalucia-de-vespa-tour\/#organizationLogo"}},{"@type":"Person","@id":"https:\/\/eldigitaldeasturias.com\/magazine365\/author\/admin\/#author","url":"https:\/\/eldigitaldeasturias.com\/magazine365\/author\/admin\/","name":"admin","image":{"@type":"ImageObject","@id":"https:\/\/eldigitaldeasturias.com\/magazine365\/la-junta-presenta-la-iv-ruta-por-andalucia-de-vespa-tour\/#authorImage","url":"https:\/\/eldigitaldeasturias.com\/magazine365\/wp-content\/litespeed\/avatar\/e571bcf59a0edd6fa6838245a470f2fe.jpg?ver=1776969259","width":96,"height":96,"caption":"admin"}},{"@type":"WebPage","@id":"https:\/\/eldigitaldeasturias.com\/magazine365\/la-junta-presenta-la-iv-ruta-por-andalucia-de-vespa-tour\/#webpage","url":"https:\/\/eldigitaldeasturias.com\/magazine365\/la-junta-presenta-la-iv-ruta-por-andalucia-de-vespa-tour\/","name":"La Junta presenta la IV Ruta por Andaluc\u00eda de Vespa Tour | El Digital de Asturias","description":"El delegado territorial de Cultura, Turismo y Deporte de la Junta de Andaluc\u00eda, Francisco Alcalde, junto con la presidenta de Acci\u00f3n Social de la Asociaci\u00f3n Espa\u00f1ola Contra el C\u00e1ncer (AECC), Elena Landauro, el presidente de Vespa Tour, Manuel Ram\u00edrez, y el director de la Filmoteca de Andaluc\u00eda, Pablo Garc\u00eda, han presentado en la Filmoteca de","inLanguage":"es-ES","isPartOf":{"@id":"https:\/\/eldigitaldeasturias.com\/magazine365\/#website"},"breadcrumb":{"@id":"https:\/\/eldigitaldeasturias.com\/magazine365\/la-junta-presenta-la-iv-ruta-por-andalucia-de-vespa-tour\/#breadcrumblist"},"author":{"@id":"https:\/\/eldigitaldeasturias.com\/magazine365\/author\/admin\/#author"},"creator":{"@id":"https:\/\/eldigitaldeasturias.com\/magazine365\/author\/admin\/#author"},"image":{"@type":"ImageObject","url":"https:\/\/eldigitaldeasturias.com\/magazine365\/wp-content\/uploads\/2016\/06\/fotonoticia_20160624190409_800.jpg","@id":"https:\/\/eldigitaldeasturias.com\/magazine365\/la-junta-presenta-la-iv-ruta-por-andalucia-de-vespa-tour\/#mainImage","width":800,"height":534},"primaryImageOfPage":{"@id":"https:\/\/eldigitaldeasturias.com\/magazine365\/la-junta-presenta-la-iv-ruta-por-andalucia-de-vespa-tour\/#mainImage"},"datePublished":"2016-06-26T03:58:53+02:00","dateModified":"2016-06-26T03:58:53+02:00"},{"@type":"WebSite","@id":"https:\/\/eldigitaldeasturias.com\/magazine365\/#website","url":"https:\/\/eldigitaldeasturias.com\/magazine365\/","name":"El Digital de Asturias","description":"Revista de ocio, turismo y estilo de vida","inLanguage":"es-ES","publisher":{"@id":"https:\/\/eldigitaldeasturias.com\/magazine365\/#organization"}}]},"og:locale":"es_ES","og:site_name":"El Digital de Asturias \u2013 Revista de ocio, turismo y estilo de vida","og:type":"article","og:title":"La Junta presenta la IV Ruta por Andaluc\u00eda de Vespa Tour | El Digital de Asturias","og:description":"El delegado territorial de Cultura, Turismo y Deporte de la Junta de Andaluc\u00eda, Francisco Alcalde, junto con la presidenta de Acci\u00f3n Social de la Asociaci\u00f3n Espa\u00f1ola Contra el C\u00e1ncer (AECC), Elena Landauro, el presidente de Vespa Tour, Manuel Ram\u00edrez, y el director de la Filmoteca de Andaluc\u00eda, Pablo Garc\u00eda, han presentado en la Filmoteca de","og:url":"https:\/\/eldigitaldeasturias.com\/magazine365\/la-junta-presenta-la-iv-ruta-por-andalucia-de-vespa-tour\/","og:image":"https:\/\/eldigitaldeasturias.com\/magazine365\/wp-content\/uploads\/2016\/06\/fotonoticia_20160624190409_800.jpg","og:image:secure_url":"https:\/\/eldigitaldeasturias.com\/magazine365\/wp-content\/uploads\/2016\/06\/fotonoticia_20160624190409_800.jpg","og:image:width":800,"og:image:height":534,"article:published_time":"2016-06-26T01:58:53+00:00","article:modified_time":"2016-06-26T01:58:53+00:00","twitter:card":"summary_large_image","twitter:title":"La Junta presenta la IV Ruta por Andaluc\u00eda de Vespa Tour | El Digital de Asturias","twitter:description":"El delegado territorial de Cultura, Turismo y Deporte de la Junta de Andaluc\u00eda, Francisco Alcalde, junto con la presidenta de Acci\u00f3n Social de la Asociaci\u00f3n Espa\u00f1ola Contra el C\u00e1ncer (AECC), Elena Landauro, el presidente de Vespa Tour, Manuel Ram\u00edrez, y el director de la Filmoteca de Andaluc\u00eda, Pablo Garc\u00eda, han presentado en la Filmoteca de","twitter:image":"https:\/\/eldigitaldeasturias.com\/magazine365\/wp-content\/uploads\/2016\/06\/fotonoticia_20160624190409_800.jpg"},"aioseo_meta_data":{"post_id":"80754","title":null,"description":null,"keywords":null,"keyphrases":null,"primary_term":null,"canonical_url":null,"og_title":null,"og_description":null,"og_object_type":"default","og_image_type":"default","og_image_url":null,"og_image_width":null,"og_image_height":null,"og_image_custom_url":null,"og_image_custom_fields":null,"og_video":null,"og_custom_url":null,"og_article_section":null,"og_article_tags":null,"twitter_use_og":false,"twitter_card":"default","twitter_image_type":"default","twitter_image_url":null,"twitter_image_custom_url":null,"twitter_image_custom_fields":null,"twitter_title":null,"twitter_description":null,"schema":{"blockGraphs":[],"customGraphs":[],"default":{"data":{"Article":[],"Course":[],"Dataset":[],"FAQPage":[],"Movie":[],"Person":[],"Product":[],"ProductReview":[],"Car":[],"Recipe":[],"Service":[],"SoftwareApplication":[],"WebPage":[]},"graphName":"","isEnabled":true},"graphs":[],"defaultGraph":"","defaultPostTypeGraph":""},"schema_type":null,"schema_type_options":null,"pillar_content":false,"robots_default":true,"robots_noindex":false,"robots_noarchive":false,"robots_nosnippet":false,"robots_nofollow":false,"robots_noimageindex":false,"robots_noodp":false,"robots_notranslate":false,"robots_max_snippet":null,"robots_max_videopreview":null,"robots_max_imagepreview":"large","priority":null,"frequency":null,"location":null,"local_seo":null,"seo_analyzer_scan_date":"2025-09-27 21:27:12","breadcrumb_settings":null,"limit_modified_date":false,"open_ai":null,"ai":null,"created":"2021-03-08 17:27:24","updated":"2025-09-27 21:27:12"},"aioseo_breadcrumb":"<div class=\"aioseo-breadcrumbs\"><span class=\"aioseo-breadcrumb\">\n\t<a href=\"https:\/\/eldigitaldeasturias.com\/magazine365\" title=\"Home\">Home<\/a>\n<\/span><span class=\"aioseo-breadcrumb-separator\">\u2013<\/span><span class=\"aioseo-breadcrumb\">\n\t<a href=\"https:\/\/eldigitaldeasturias.com\/magazine365\/category\/noticias-actualidad\/\" title=\"Noticias y Actualidad\">Noticias y Actualidad<\/a>\n<\/span><span class=\"aioseo-breadcrumb-separator\">\u2013<\/span><span class=\"aioseo-breadcrumb\">\n\t<a href=\"https:\/\/eldigitaldeasturias.com\/magazine365\/la-junta-presenta-la-iv-ruta-por-andalucia-de-vespa-tour\/\" title=\"La Junta presenta la IV Ruta por Andaluc\u00eda de Vespa Tour\">La Junta presenta la IV Ruta por Andaluc\u00eda de Vespa Tour<\/a>\n<\/span><\/div>","aioseo_breadcrumb_json":[{"label":"Home","link":"https:\/\/eldigitaldeasturias.com\/magazine365"},{"label":"Noticias y Actualidad","link":"https:\/\/eldigitaldeasturias.com\/magazine365\/category\/noticias-actualidad\/"},{"label":"La Junta presenta la IV Ruta por Andaluc\u00eda de Vespa Tour","link":"https:\/\/eldigitaldeasturias.com\/magazine365\/la-junta-presenta-la-iv-ruta-por-andalucia-de-vespa-tour\/"}],"_links":{"self":[{"href":"https:\/\/eldigitaldeasturias.com\/magazine365\/wp-json\/wp\/v2\/posts\/80754","targetHints":{"allow":["GET"]}}],"collection":[{"href":"https:\/\/eldigitaldeasturias.com\/magazine365\/wp-json\/wp\/v2\/posts"}],"about":[{"href":"https:\/\/eldigitaldeasturias.com\/magazine365\/wp-json\/wp\/v2\/types\/post"}],"author":[{"embeddable":true,"href":"https:\/\/eldigitaldeasturias.com\/magazine365\/wp-json\/wp\/v2\/users\/1"}],"replies":[{"embeddable":true,"href":"https:\/\/eldigitaldeasturias.com\/magazine365\/wp-json\/wp\/v2\/comments?post=80754"}],"version-history":[{"count":0,"href":"https:\/\/eldigitaldeasturias.com\/magazine365\/wp-json\/wp\/v2\/posts\/80754\/revisions"}],"wp:featuredmedia":[{"embeddable":true,"href":"https:\/\/eldigitaldeasturias.com\/magazine365\/wp-json\/wp\/v2\/media\/80755"}],"wp:attachment":[{"href":"https:\/\/eldigitaldeasturias.com\/magazine365\/wp-json\/wp\/v2\/media?parent=80754"}],"wp:term":[{"taxonomy":"category","embeddable":true,"href":"https:\/\/eldigitaldeasturias.com\/magazine365\/wp-json\/wp\/v2\/categories?post=80754"},{"taxonomy":"post_tag","embeddable":true,"href":"https:\/\/eldigitaldeasturias.com\/magazine365\/wp-json\/wp\/v2\/tags?post=80754"}],"curies":[{"name":"wp","href":"https:\/\/api.w.org\/{rel}","templated":true}]}}