{"id":80737,"date":"2016-06-26T03:44:48","date_gmt":"2016-06-26T01:44:48","guid":{"rendered":"http:\/\/eldigitaldeasturias.com\/magazine365\/?p=80737"},"modified":"2016-06-26T03:44:48","modified_gmt":"2016-06-26T01:44:48","slug":"patronato-de-turismo-y-turismo-andaluz-trabajan-de-manera-conjunta-en-andalucia-en-andalucia","status":"publish","type":"post","link":"https:\/\/eldigitaldeasturias.com\/magazine365\/patronato-de-turismo-y-turismo-andaluz-trabajan-de-manera-conjunta-en-andalucia-en-andalucia\/","title":{"rendered":"Patronato de Turismo y Turismo Andaluz trabajan de manera conjunta en &#8216;Andaluc\u00eda en Andaluc\u00eda&#8217;"},"content":{"rendered":"<p><img fetchpriority=\"high\" decoding=\"async\" class=\"alignleft size-medium wp-image-80738\" src=\"https:\/\/eldigitaldeasturias.com\/magazine365\/wp-content\/uploads\/2016\/06\/fotonoticia_20160624172942_800-360x240.jpg\" alt=\"fotonoticia_20160624172942_800\" width=\"360\" height=\"240\" srcset=\"https:\/\/eldigitaldeasturias.com\/magazine365\/wp-content\/uploads\/2016\/06\/fotonoticia_20160624172942_800-360x240.jpg 360w, https:\/\/eldigitaldeasturias.com\/magazine365\/wp-content\/uploads\/2016\/06\/fotonoticia_20160624172942_800-650x434.jpg 650w, https:\/\/eldigitaldeasturias.com\/magazine365\/wp-content\/uploads\/2016\/06\/fotonoticia_20160624172942_800-768x513.jpg 768w, https:\/\/eldigitaldeasturias.com\/magazine365\/wp-content\/uploads\/2016\/06\/fotonoticia_20160624172942_800-150x100.jpg 150w, https:\/\/eldigitaldeasturias.com\/magazine365\/wp-content\/uploads\/2016\/06\/fotonoticia_20160624172942_800-450x300.jpg 450w, https:\/\/eldigitaldeasturias.com\/magazine365\/wp-content\/uploads\/2016\/06\/fotonoticia_20160624172942_800-101x66.jpg 101w, https:\/\/eldigitaldeasturias.com\/magazine365\/wp-content\/uploads\/2016\/06\/fotonoticia_20160624172942_800.jpg 800w\" sizes=\"(max-width: 360px) 100vw, 360px\" \/>El Patronato Provincial de Turismo de la Diputaci\u00f3n de C\u00f3rdoba y Turismo Andaluz han dado por finalizadas este jueves en C\u00f3rdoba dos actividades formativas englobadas dentro de la iniciativa &#8216;Andaluc\u00eda en Andaluc\u00eda&#8217;.<\/p>\n<p>La instituci\u00f3n provincial ha indicado que la primera de ellas ha estado dirigida a consumidores finales y ha consistido en una acci\u00f3n durante la cual los ocho patronatos provinciales de turismo han procedido a repartir informaci\u00f3n directa de cada una de las provincias andaluzas.<\/p>\n<p>La segunda actividad incluida en &#8216;Andaluc\u00eda en Andaluc\u00eda&#8217; ha permitido a los patronatos andaluces y a 100 empresarios del sector recorrer durante ocho d\u00edas cada una de las provincias de la comunidad aut\u00f3noma.<\/p>\n<p>El acto de clausura de ambas iniciativas ha consistido en la celebraci\u00f3n de un &#8216;workshop&#8217; en el que con la participaci\u00f3n de 65 minoristas de C\u00f3rdoba se ha procedido a una degustaci\u00f3n de 25 productos t\u00edpicos de la gastronom\u00eda cordobesa.<\/p>\n","protected":false},"excerpt":{"rendered":"<p>El Patronato Provincial de Turismo de la Diputaci\u00f3n de C\u00f3rdoba y Turismo Andaluz han dado por finalizadas este jueves en C\u00f3rdoba dos actividades formativas englobadas dentro de la iniciativa &#8216;Andaluc\u00eda en Andaluc\u00eda&#8217;. La instituci\u00f3n provincial ha indicado que la primera de ellas ha estado dirigida a consumidores finales y ha consistido en una acci\u00f3n durante<\/p>\n","protected":false},"author":1,"featured_media":80738,"comment_status":"open","ping_status":"closed","sticky":false,"template":"","format":"standard","meta":{"footnotes":""},"categories":[224],"tags":[],"class_list":{"0":"post-80737","1":"post","2":"type-post","3":"status-publish","4":"format-standard","5":"has-post-thumbnail","7":"category-noticias-actualidad"},"aioseo_notices":[],"aioseo_head":"\n\t\t<!-- All in One SEO Pro 4.9.6.1 - aioseo.com -->\n\t<meta name=\"description\" content=\"El Patronato Provincial de Turismo de la Diputaci\u00f3n de C\u00f3rdoba y Turismo Andaluz han dado por finalizadas este jueves en C\u00f3rdoba dos actividades formativas englobadas dentro de la iniciativa &#039;Andaluc\u00eda en Andaluc\u00eda&#039;. La instituci\u00f3n provincial ha indicado que la primera de ellas ha estado dirigida a consumidores finales y ha consistido en una acci\u00f3n durante\" \/>\n\t<meta name=\"robots\" content=\"max-image-preview:large\" \/>\n\t<meta name=\"author\" content=\"admin\"\/>\n\t<meta name=\"google-site-verification\" content=\"UA-38556648-1\" \/>\n\t<meta name=\"keywords\" content=\"noticias y actualidad\" \/>\n\t<link rel=\"canonical\" href=\"https:\/\/eldigitaldeasturias.com\/magazine365\/patronato-de-turismo-y-turismo-andaluz-trabajan-de-manera-conjunta-en-andalucia-en-andalucia\/\" \/>\n\t<meta name=\"generator\" content=\"All in One SEO Pro (AIOSEO) 4.9.6.1\" \/>\n\t\t<meta property=\"og:locale\" content=\"es_ES\" \/>\n\t\t<meta property=\"og:site_name\" content=\"El Digital de Asturias \u2013 Revista de ocio, turismo y estilo de vida\" \/>\n\t\t<meta property=\"og:type\" content=\"article\" \/>\n\t\t<meta property=\"og:title\" content=\"Patronato de Turismo y Turismo Andaluz trabajan de manera conjunta en \u2018Andaluc\u00eda en Andaluc\u00eda\u2019 | El Digital de Asturias\" \/>\n\t\t<meta property=\"og:description\" content=\"El Patronato Provincial de Turismo de la Diputaci\u00f3n de C\u00f3rdoba y Turismo Andaluz han dado por finalizadas este jueves en C\u00f3rdoba dos actividades formativas englobadas dentro de la iniciativa &#039;Andaluc\u00eda en Andaluc\u00eda&#039;. La instituci\u00f3n provincial ha indicado que la primera de ellas ha estado dirigida a consumidores finales y ha consistido en una acci\u00f3n durante\" \/>\n\t\t<meta property=\"og:url\" content=\"https:\/\/eldigitaldeasturias.com\/magazine365\/patronato-de-turismo-y-turismo-andaluz-trabajan-de-manera-conjunta-en-andalucia-en-andalucia\/\" \/>\n\t\t<meta property=\"og:image\" content=\"https:\/\/eldigitaldeasturias.com\/magazine365\/wp-content\/uploads\/2016\/06\/fotonoticia_20160624172942_800.jpg\" \/>\n\t\t<meta property=\"og:image:secure_url\" content=\"https:\/\/eldigitaldeasturias.com\/magazine365\/wp-content\/uploads\/2016\/06\/fotonoticia_20160624172942_800.jpg\" \/>\n\t\t<meta property=\"og:image:width\" content=\"800\" \/>\n\t\t<meta property=\"og:image:height\" content=\"534\" \/>\n\t\t<meta property=\"article:published_time\" content=\"2016-06-26T01:44:48+00:00\" \/>\n\t\t<meta property=\"article:modified_time\" content=\"2016-06-26T01:44:48+00:00\" \/>\n\t\t<meta name=\"twitter:card\" content=\"summary_large_image\" \/>\n\t\t<meta name=\"twitter:title\" content=\"Patronato de Turismo y Turismo Andaluz trabajan de manera conjunta en \u2018Andaluc\u00eda en Andaluc\u00eda\u2019 | El Digital de Asturias\" \/>\n\t\t<meta name=\"twitter:description\" content=\"El Patronato Provincial de Turismo de la Diputaci\u00f3n de C\u00f3rdoba y Turismo Andaluz han dado por finalizadas este jueves en C\u00f3rdoba dos actividades formativas englobadas dentro de la iniciativa &#039;Andaluc\u00eda en Andaluc\u00eda&#039;. La instituci\u00f3n provincial ha indicado que la primera de ellas ha estado dirigida a consumidores finales y ha consistido en una acci\u00f3n durante\" \/>\n\t\t<meta name=\"twitter:image\" content=\"https:\/\/eldigitaldeasturias.com\/magazine365\/wp-content\/uploads\/2016\/06\/fotonoticia_20160624172942_800.jpg\" \/>\n\t\t<script type=\"application\/ld+json\" class=\"aioseo-schema\">\n\t\t\t{\"@context\":\"https:\\\/\\\/schema.org\",\"@graph\":[{\"@type\":\"Article\",\"@id\":\"https:\\\/\\\/eldigitaldeasturias.com\\\/magazine365\\\/patronato-de-turismo-y-turismo-andaluz-trabajan-de-manera-conjunta-en-andalucia-en-andalucia\\\/#article\",\"name\":\"Patronato de Turismo y Turismo Andaluz trabajan de manera conjunta en \\u2018Andaluc\\u00eda en Andaluc\\u00eda\\u2019 | El Digital de Asturias\",\"headline\":\"Patronato de Turismo y Turismo Andaluz trabajan de manera conjunta en &#8216;Andaluc\\u00eda en Andaluc\\u00eda&#8217;\",\"author\":{\"@id\":\"https:\\\/\\\/eldigitaldeasturias.com\\\/magazine365\\\/author\\\/admin\\\/#author\"},\"publisher\":{\"@id\":\"https:\\\/\\\/eldigitaldeasturias.com\\\/magazine365\\\/#organization\"},\"image\":{\"@type\":\"ImageObject\",\"url\":\"https:\\\/\\\/eldigitaldeasturias.com\\\/magazine365\\\/wp-content\\\/uploads\\\/2016\\\/06\\\/fotonoticia_20160624172942_800.jpg\",\"width\":800,\"height\":534},\"datePublished\":\"2016-06-26T03:44:48+02:00\",\"dateModified\":\"2016-06-26T03:44:48+02:00\",\"inLanguage\":\"es-ES\",\"mainEntityOfPage\":{\"@id\":\"https:\\\/\\\/eldigitaldeasturias.com\\\/magazine365\\\/patronato-de-turismo-y-turismo-andaluz-trabajan-de-manera-conjunta-en-andalucia-en-andalucia\\\/#webpage\"},\"isPartOf\":{\"@id\":\"https:\\\/\\\/eldigitaldeasturias.com\\\/magazine365\\\/patronato-de-turismo-y-turismo-andaluz-trabajan-de-manera-conjunta-en-andalucia-en-andalucia\\\/#webpage\"},\"articleSection\":\"Noticias y Actualidad\"},{\"@type\":\"BreadcrumbList\",\"@id\":\"https:\\\/\\\/eldigitaldeasturias.com\\\/magazine365\\\/patronato-de-turismo-y-turismo-andaluz-trabajan-de-manera-conjunta-en-andalucia-en-andalucia\\\/#breadcrumblist\",\"itemListElement\":[{\"@type\":\"ListItem\",\"@id\":\"https:\\\/\\\/eldigitaldeasturias.com\\\/magazine365#listItem\",\"position\":1,\"name\":\"Home\",\"item\":\"https:\\\/\\\/eldigitaldeasturias.com\\\/magazine365\",\"nextItem\":{\"@type\":\"ListItem\",\"@id\":\"https:\\\/\\\/eldigitaldeasturias.com\\\/magazine365\\\/category\\\/noticias-actualidad\\\/#listItem\",\"name\":\"Noticias y Actualidad\"}},{\"@type\":\"ListItem\",\"@id\":\"https:\\\/\\\/eldigitaldeasturias.com\\\/magazine365\\\/category\\\/noticias-actualidad\\\/#listItem\",\"position\":2,\"name\":\"Noticias y Actualidad\",\"item\":\"https:\\\/\\\/eldigitaldeasturias.com\\\/magazine365\\\/category\\\/noticias-actualidad\\\/\",\"nextItem\":{\"@type\":\"ListItem\",\"@id\":\"https:\\\/\\\/eldigitaldeasturias.com\\\/magazine365\\\/patronato-de-turismo-y-turismo-andaluz-trabajan-de-manera-conjunta-en-andalucia-en-andalucia\\\/#listItem\",\"name\":\"Patronato de Turismo y Turismo Andaluz trabajan de manera conjunta en &#8216;Andaluc\\u00eda en Andaluc\\u00eda&#8217;\"},\"previousItem\":{\"@type\":\"ListItem\",\"@id\":\"https:\\\/\\\/eldigitaldeasturias.com\\\/magazine365#listItem\",\"name\":\"Home\"}},{\"@type\":\"ListItem\",\"@id\":\"https:\\\/\\\/eldigitaldeasturias.com\\\/magazine365\\\/patronato-de-turismo-y-turismo-andaluz-trabajan-de-manera-conjunta-en-andalucia-en-andalucia\\\/#listItem\",\"position\":3,\"name\":\"Patronato de Turismo y Turismo Andaluz trabajan de manera conjunta en &#8216;Andaluc\\u00eda en Andaluc\\u00eda&#8217;\",\"previousItem\":{\"@type\":\"ListItem\",\"@id\":\"https:\\\/\\\/eldigitaldeasturias.com\\\/magazine365\\\/category\\\/noticias-actualidad\\\/#listItem\",\"name\":\"Noticias y Actualidad\"}}]},{\"@type\":\"Organization\",\"@id\":\"https:\\\/\\\/eldigitaldeasturias.com\\\/magazine365\\\/#organization\",\"name\":\"El digital de Asturias\",\"description\":\"Revista de ocio, turismo y estilo de vida\",\"url\":\"https:\\\/\\\/eldigitaldeasturias.com\\\/magazine365\\\/\",\"logo\":{\"@type\":\"ImageObject\",\"url\":\"https:\\\/\\\/www.eldigitaldeasturias.com\\\/noticias\\\/wp-content\\\/uploads\\\/2020\\\/12\\\/EDA.jpg\",\"@id\":\"https:\\\/\\\/eldigitaldeasturias.com\\\/magazine365\\\/patronato-de-turismo-y-turismo-andaluz-trabajan-de-manera-conjunta-en-andalucia-en-andalucia\\\/#organizationLogo\"},\"image\":{\"@id\":\"https:\\\/\\\/eldigitaldeasturias.com\\\/magazine365\\\/patronato-de-turismo-y-turismo-andaluz-trabajan-de-manera-conjunta-en-andalucia-en-andalucia\\\/#organizationLogo\"}},{\"@type\":\"Person\",\"@id\":\"https:\\\/\\\/eldigitaldeasturias.com\\\/magazine365\\\/author\\\/admin\\\/#author\",\"url\":\"https:\\\/\\\/eldigitaldeasturias.com\\\/magazine365\\\/author\\\/admin\\\/\",\"name\":\"admin\",\"image\":{\"@type\":\"ImageObject\",\"@id\":\"https:\\\/\\\/eldigitaldeasturias.com\\\/magazine365\\\/patronato-de-turismo-y-turismo-andaluz-trabajan-de-manera-conjunta-en-andalucia-en-andalucia\\\/#authorImage\",\"url\":\"https:\\\/\\\/eldigitaldeasturias.com\\\/magazine365\\\/wp-content\\\/litespeed\\\/avatar\\\/e571bcf59a0edd6fa6838245a470f2fe.jpg?ver=1776969259\",\"width\":96,\"height\":96,\"caption\":\"admin\"}},{\"@type\":\"WebPage\",\"@id\":\"https:\\\/\\\/eldigitaldeasturias.com\\\/magazine365\\\/patronato-de-turismo-y-turismo-andaluz-trabajan-de-manera-conjunta-en-andalucia-en-andalucia\\\/#webpage\",\"url\":\"https:\\\/\\\/eldigitaldeasturias.com\\\/magazine365\\\/patronato-de-turismo-y-turismo-andaluz-trabajan-de-manera-conjunta-en-andalucia-en-andalucia\\\/\",\"name\":\"Patronato de Turismo y Turismo Andaluz trabajan de manera conjunta en \\u2018Andaluc\\u00eda en Andaluc\\u00eda\\u2019 | El Digital de Asturias\",\"description\":\"El Patronato Provincial de Turismo de la Diputaci\\u00f3n de C\\u00f3rdoba y Turismo Andaluz han dado por finalizadas este jueves en C\\u00f3rdoba dos actividades formativas englobadas dentro de la iniciativa 'Andaluc\\u00eda en Andaluc\\u00eda'. La instituci\\u00f3n provincial ha indicado que la primera de ellas ha estado dirigida a consumidores finales y ha consistido en una acci\\u00f3n durante\",\"inLanguage\":\"es-ES\",\"isPartOf\":{\"@id\":\"https:\\\/\\\/eldigitaldeasturias.com\\\/magazine365\\\/#website\"},\"breadcrumb\":{\"@id\":\"https:\\\/\\\/eldigitaldeasturias.com\\\/magazine365\\\/patronato-de-turismo-y-turismo-andaluz-trabajan-de-manera-conjunta-en-andalucia-en-andalucia\\\/#breadcrumblist\"},\"author\":{\"@id\":\"https:\\\/\\\/eldigitaldeasturias.com\\\/magazine365\\\/author\\\/admin\\\/#author\"},\"creator\":{\"@id\":\"https:\\\/\\\/eldigitaldeasturias.com\\\/magazine365\\\/author\\\/admin\\\/#author\"},\"image\":{\"@type\":\"ImageObject\",\"url\":\"https:\\\/\\\/eldigitaldeasturias.com\\\/magazine365\\\/wp-content\\\/uploads\\\/2016\\\/06\\\/fotonoticia_20160624172942_800.jpg\",\"@id\":\"https:\\\/\\\/eldigitaldeasturias.com\\\/magazine365\\\/patronato-de-turismo-y-turismo-andaluz-trabajan-de-manera-conjunta-en-andalucia-en-andalucia\\\/#mainImage\",\"width\":800,\"height\":534},\"primaryImageOfPage\":{\"@id\":\"https:\\\/\\\/eldigitaldeasturias.com\\\/magazine365\\\/patronato-de-turismo-y-turismo-andaluz-trabajan-de-manera-conjunta-en-andalucia-en-andalucia\\\/#mainImage\"},\"datePublished\":\"2016-06-26T03:44:48+02:00\",\"dateModified\":\"2016-06-26T03:44:48+02:00\"},{\"@type\":\"WebSite\",\"@id\":\"https:\\\/\\\/eldigitaldeasturias.com\\\/magazine365\\\/#website\",\"url\":\"https:\\\/\\\/eldigitaldeasturias.com\\\/magazine365\\\/\",\"name\":\"El Digital de Asturias\",\"description\":\"Revista de ocio, turismo y estilo de vida\",\"inLanguage\":\"es-ES\",\"publisher\":{\"@id\":\"https:\\\/\\\/eldigitaldeasturias.com\\\/magazine365\\\/#organization\"}}]}\n\t\t<\/script>\n\t\t<!-- All in One SEO Pro -->\r\n\t\t<title>Patronato de Turismo y Turismo Andaluz trabajan de manera conjunta en \u2018Andaluc\u00eda en Andaluc\u00eda\u2019 | El Digital de Asturias<\/title>\n\n","aioseo_head_json":{"title":"Patronato de Turismo y Turismo Andaluz trabajan de manera conjunta en \u2018Andaluc\u00eda en Andaluc\u00eda\u2019 | El Digital de Asturias","description":"El Patronato Provincial de Turismo de la Diputaci\u00f3n de C\u00f3rdoba y Turismo Andaluz han dado por finalizadas este jueves en C\u00f3rdoba dos actividades formativas englobadas dentro de la iniciativa 'Andaluc\u00eda en Andaluc\u00eda'. La instituci\u00f3n provincial ha indicado que la primera de ellas ha estado dirigida a consumidores finales y ha consistido en una acci\u00f3n durante","canonical_url":"https:\/\/eldigitaldeasturias.com\/magazine365\/patronato-de-turismo-y-turismo-andaluz-trabajan-de-manera-conjunta-en-andalucia-en-andalucia\/","robots":"max-image-preview:large","keywords":"noticias y actualidad","webmasterTools":{"google-site-verification":"UA-38556648-1","miscellaneous":""},"schema":{"@context":"https:\/\/schema.org","@graph":[{"@type":"Article","@id":"https:\/\/eldigitaldeasturias.com\/magazine365\/patronato-de-turismo-y-turismo-andaluz-trabajan-de-manera-conjunta-en-andalucia-en-andalucia\/#article","name":"Patronato de Turismo y Turismo Andaluz trabajan de manera conjunta en \u2018Andaluc\u00eda en Andaluc\u00eda\u2019 | El Digital de Asturias","headline":"Patronato de Turismo y Turismo Andaluz trabajan de manera conjunta en &#8216;Andaluc\u00eda en Andaluc\u00eda&#8217;","author":{"@id":"https:\/\/eldigitaldeasturias.com\/magazine365\/author\/admin\/#author"},"publisher":{"@id":"https:\/\/eldigitaldeasturias.com\/magazine365\/#organization"},"image":{"@type":"ImageObject","url":"https:\/\/eldigitaldeasturias.com\/magazine365\/wp-content\/uploads\/2016\/06\/fotonoticia_20160624172942_800.jpg","width":800,"height":534},"datePublished":"2016-06-26T03:44:48+02:00","dateModified":"2016-06-26T03:44:48+02:00","inLanguage":"es-ES","mainEntityOfPage":{"@id":"https:\/\/eldigitaldeasturias.com\/magazine365\/patronato-de-turismo-y-turismo-andaluz-trabajan-de-manera-conjunta-en-andalucia-en-andalucia\/#webpage"},"isPartOf":{"@id":"https:\/\/eldigitaldeasturias.com\/magazine365\/patronato-de-turismo-y-turismo-andaluz-trabajan-de-manera-conjunta-en-andalucia-en-andalucia\/#webpage"},"articleSection":"Noticias y Actualidad"},{"@type":"BreadcrumbList","@id":"https:\/\/eldigitaldeasturias.com\/magazine365\/patronato-de-turismo-y-turismo-andaluz-trabajan-de-manera-conjunta-en-andalucia-en-andalucia\/#breadcrumblist","itemListElement":[{"@type":"ListItem","@id":"https:\/\/eldigitaldeasturias.com\/magazine365#listItem","position":1,"name":"Home","item":"https:\/\/eldigitaldeasturias.com\/magazine365","nextItem":{"@type":"ListItem","@id":"https:\/\/eldigitaldeasturias.com\/magazine365\/category\/noticias-actualidad\/#listItem","name":"Noticias y Actualidad"}},{"@type":"ListItem","@id":"https:\/\/eldigitaldeasturias.com\/magazine365\/category\/noticias-actualidad\/#listItem","position":2,"name":"Noticias y Actualidad","item":"https:\/\/eldigitaldeasturias.com\/magazine365\/category\/noticias-actualidad\/","nextItem":{"@type":"ListItem","@id":"https:\/\/eldigitaldeasturias.com\/magazine365\/patronato-de-turismo-y-turismo-andaluz-trabajan-de-manera-conjunta-en-andalucia-en-andalucia\/#listItem","name":"Patronato de Turismo y Turismo Andaluz trabajan de manera conjunta en &#8216;Andaluc\u00eda en Andaluc\u00eda&#8217;"},"previousItem":{"@type":"ListItem","@id":"https:\/\/eldigitaldeasturias.com\/magazine365#listItem","name":"Home"}},{"@type":"ListItem","@id":"https:\/\/eldigitaldeasturias.com\/magazine365\/patronato-de-turismo-y-turismo-andaluz-trabajan-de-manera-conjunta-en-andalucia-en-andalucia\/#listItem","position":3,"name":"Patronato de Turismo y Turismo Andaluz trabajan de manera conjunta en &#8216;Andaluc\u00eda en Andaluc\u00eda&#8217;","previousItem":{"@type":"ListItem","@id":"https:\/\/eldigitaldeasturias.com\/magazine365\/category\/noticias-actualidad\/#listItem","name":"Noticias y Actualidad"}}]},{"@type":"Organization","@id":"https:\/\/eldigitaldeasturias.com\/magazine365\/#organization","name":"El digital de Asturias","description":"Revista de ocio, turismo y estilo de vida","url":"https:\/\/eldigitaldeasturias.com\/magazine365\/","logo":{"@type":"ImageObject","url":"https:\/\/www.eldigitaldeasturias.com\/noticias\/wp-content\/uploads\/2020\/12\/EDA.jpg","@id":"https:\/\/eldigitaldeasturias.com\/magazine365\/patronato-de-turismo-y-turismo-andaluz-trabajan-de-manera-conjunta-en-andalucia-en-andalucia\/#organizationLogo"},"image":{"@id":"https:\/\/eldigitaldeasturias.com\/magazine365\/patronato-de-turismo-y-turismo-andaluz-trabajan-de-manera-conjunta-en-andalucia-en-andalucia\/#organizationLogo"}},{"@type":"Person","@id":"https:\/\/eldigitaldeasturias.com\/magazine365\/author\/admin\/#author","url":"https:\/\/eldigitaldeasturias.com\/magazine365\/author\/admin\/","name":"admin","image":{"@type":"ImageObject","@id":"https:\/\/eldigitaldeasturias.com\/magazine365\/patronato-de-turismo-y-turismo-andaluz-trabajan-de-manera-conjunta-en-andalucia-en-andalucia\/#authorImage","url":"https:\/\/eldigitaldeasturias.com\/magazine365\/wp-content\/litespeed\/avatar\/e571bcf59a0edd6fa6838245a470f2fe.jpg?ver=1776969259","width":96,"height":96,"caption":"admin"}},{"@type":"WebPage","@id":"https:\/\/eldigitaldeasturias.com\/magazine365\/patronato-de-turismo-y-turismo-andaluz-trabajan-de-manera-conjunta-en-andalucia-en-andalucia\/#webpage","url":"https:\/\/eldigitaldeasturias.com\/magazine365\/patronato-de-turismo-y-turismo-andaluz-trabajan-de-manera-conjunta-en-andalucia-en-andalucia\/","name":"Patronato de Turismo y Turismo Andaluz trabajan de manera conjunta en \u2018Andaluc\u00eda en Andaluc\u00eda\u2019 | El Digital de Asturias","description":"El Patronato Provincial de Turismo de la Diputaci\u00f3n de C\u00f3rdoba y Turismo Andaluz han dado por finalizadas este jueves en C\u00f3rdoba dos actividades formativas englobadas dentro de la iniciativa 'Andaluc\u00eda en Andaluc\u00eda'. La instituci\u00f3n provincial ha indicado que la primera de ellas ha estado dirigida a consumidores finales y ha consistido en una acci\u00f3n durante","inLanguage":"es-ES","isPartOf":{"@id":"https:\/\/eldigitaldeasturias.com\/magazine365\/#website"},"breadcrumb":{"@id":"https:\/\/eldigitaldeasturias.com\/magazine365\/patronato-de-turismo-y-turismo-andaluz-trabajan-de-manera-conjunta-en-andalucia-en-andalucia\/#breadcrumblist"},"author":{"@id":"https:\/\/eldigitaldeasturias.com\/magazine365\/author\/admin\/#author"},"creator":{"@id":"https:\/\/eldigitaldeasturias.com\/magazine365\/author\/admin\/#author"},"image":{"@type":"ImageObject","url":"https:\/\/eldigitaldeasturias.com\/magazine365\/wp-content\/uploads\/2016\/06\/fotonoticia_20160624172942_800.jpg","@id":"https:\/\/eldigitaldeasturias.com\/magazine365\/patronato-de-turismo-y-turismo-andaluz-trabajan-de-manera-conjunta-en-andalucia-en-andalucia\/#mainImage","width":800,"height":534},"primaryImageOfPage":{"@id":"https:\/\/eldigitaldeasturias.com\/magazine365\/patronato-de-turismo-y-turismo-andaluz-trabajan-de-manera-conjunta-en-andalucia-en-andalucia\/#mainImage"},"datePublished":"2016-06-26T03:44:48+02:00","dateModified":"2016-06-26T03:44:48+02:00"},{"@type":"WebSite","@id":"https:\/\/eldigitaldeasturias.com\/magazine365\/#website","url":"https:\/\/eldigitaldeasturias.com\/magazine365\/","name":"El Digital de Asturias","description":"Revista de ocio, turismo y estilo de vida","inLanguage":"es-ES","publisher":{"@id":"https:\/\/eldigitaldeasturias.com\/magazine365\/#organization"}}]},"og:locale":"es_ES","og:site_name":"El Digital de Asturias \u2013 Revista de ocio, turismo y estilo de vida","og:type":"article","og:title":"Patronato de Turismo y Turismo Andaluz trabajan de manera conjunta en \u2018Andaluc\u00eda en Andaluc\u00eda\u2019 | El Digital de Asturias","og:description":"El Patronato Provincial de Turismo de la Diputaci\u00f3n de C\u00f3rdoba y Turismo Andaluz han dado por finalizadas este jueves en C\u00f3rdoba dos actividades formativas englobadas dentro de la iniciativa 'Andaluc\u00eda en Andaluc\u00eda'. La instituci\u00f3n provincial ha indicado que la primera de ellas ha estado dirigida a consumidores finales y ha consistido en una acci\u00f3n durante","og:url":"https:\/\/eldigitaldeasturias.com\/magazine365\/patronato-de-turismo-y-turismo-andaluz-trabajan-de-manera-conjunta-en-andalucia-en-andalucia\/","og:image":"https:\/\/eldigitaldeasturias.com\/magazine365\/wp-content\/uploads\/2016\/06\/fotonoticia_20160624172942_800.jpg","og:image:secure_url":"https:\/\/eldigitaldeasturias.com\/magazine365\/wp-content\/uploads\/2016\/06\/fotonoticia_20160624172942_800.jpg","og:image:width":800,"og:image:height":534,"article:published_time":"2016-06-26T01:44:48+00:00","article:modified_time":"2016-06-26T01:44:48+00:00","twitter:card":"summary_large_image","twitter:title":"Patronato de Turismo y Turismo Andaluz trabajan de manera conjunta en \u2018Andaluc\u00eda en Andaluc\u00eda\u2019 | El Digital de Asturias","twitter:description":"El Patronato Provincial de Turismo de la Diputaci\u00f3n de C\u00f3rdoba y Turismo Andaluz han dado por finalizadas este jueves en C\u00f3rdoba dos actividades formativas englobadas dentro de la iniciativa 'Andaluc\u00eda en Andaluc\u00eda'. La instituci\u00f3n provincial ha indicado que la primera de ellas ha estado dirigida a consumidores finales y ha consistido en una acci\u00f3n durante","twitter:image":"https:\/\/eldigitaldeasturias.com\/magazine365\/wp-content\/uploads\/2016\/06\/fotonoticia_20160624172942_800.jpg"},"aioseo_meta_data":{"post_id":"80737","title":null,"description":null,"keywords":null,"keyphrases":null,"primary_term":null,"canonical_url":null,"og_title":null,"og_description":null,"og_object_type":"default","og_image_type":"default","og_image_url":null,"og_image_width":null,"og_image_height":null,"og_image_custom_url":null,"og_image_custom_fields":null,"og_video":null,"og_custom_url":null,"og_article_section":null,"og_article_tags":null,"twitter_use_og":false,"twitter_card":"default","twitter_image_type":"default","twitter_image_url":null,"twitter_image_custom_url":null,"twitter_image_custom_fields":null,"twitter_title":null,"twitter_description":null,"schema":{"blockGraphs":[],"customGraphs":[],"default":{"data":{"Article":[],"Course":[],"Dataset":[],"FAQPage":[],"Movie":[],"Person":[],"Product":[],"ProductReview":[],"Car":[],"Recipe":[],"Service":[],"SoftwareApplication":[],"WebPage":[]},"graphName":"","isEnabled":true},"graphs":[],"defaultGraph":"","defaultPostTypeGraph":""},"schema_type":null,"schema_type_options":null,"pillar_content":false,"robots_default":true,"robots_noindex":false,"robots_noarchive":false,"robots_nosnippet":false,"robots_nofollow":false,"robots_noimageindex":false,"robots_noodp":false,"robots_notranslate":false,"robots_max_snippet":null,"robots_max_videopreview":null,"robots_max_imagepreview":"large","priority":null,"frequency":null,"location":null,"local_seo":null,"seo_analyzer_scan_date":"2025-09-27 21:25:24","breadcrumb_settings":null,"limit_modified_date":false,"open_ai":null,"ai":null,"created":"2021-03-08 17:27:24","updated":"2025-09-27 21:25:24"},"aioseo_breadcrumb":"<div class=\"aioseo-breadcrumbs\"><span class=\"aioseo-breadcrumb\">\n\t<a href=\"https:\/\/eldigitaldeasturias.com\/magazine365\" title=\"Home\">Home<\/a>\n<\/span><span class=\"aioseo-breadcrumb-separator\">\u2013<\/span><span class=\"aioseo-breadcrumb\">\n\t<a href=\"https:\/\/eldigitaldeasturias.com\/magazine365\/category\/noticias-actualidad\/\" title=\"Noticias y Actualidad\">Noticias y Actualidad<\/a>\n<\/span><span class=\"aioseo-breadcrumb-separator\">\u2013<\/span><span class=\"aioseo-breadcrumb\">\n\t<a href=\"https:\/\/eldigitaldeasturias.com\/magazine365\/patronato-de-turismo-y-turismo-andaluz-trabajan-de-manera-conjunta-en-andalucia-en-andalucia\/\" title=\"Patronato de Turismo y Turismo Andaluz trabajan de manera conjunta en \u2018Andaluc\u00eda en Andaluc\u00eda\u2019\">Patronato de Turismo y Turismo Andaluz trabajan de manera conjunta en \u2018Andaluc\u00eda en Andaluc\u00eda\u2019<\/a>\n<\/span><\/div>","aioseo_breadcrumb_json":[{"label":"Home","link":"https:\/\/eldigitaldeasturias.com\/magazine365"},{"label":"Noticias y Actualidad","link":"https:\/\/eldigitaldeasturias.com\/magazine365\/category\/noticias-actualidad\/"},{"label":"Patronato de Turismo y Turismo Andaluz trabajan de manera conjunta en &#8216;Andaluc\u00eda en Andaluc\u00eda&#8217;","link":"https:\/\/eldigitaldeasturias.com\/magazine365\/patronato-de-turismo-y-turismo-andaluz-trabajan-de-manera-conjunta-en-andalucia-en-andalucia\/"}],"_links":{"self":[{"href":"https:\/\/eldigitaldeasturias.com\/magazine365\/wp-json\/wp\/v2\/posts\/80737","targetHints":{"allow":["GET"]}}],"collection":[{"href":"https:\/\/eldigitaldeasturias.com\/magazine365\/wp-json\/wp\/v2\/posts"}],"about":[{"href":"https:\/\/eldigitaldeasturias.com\/magazine365\/wp-json\/wp\/v2\/types\/post"}],"author":[{"embeddable":true,"href":"https:\/\/eldigitaldeasturias.com\/magazine365\/wp-json\/wp\/v2\/users\/1"}],"replies":[{"embeddable":true,"href":"https:\/\/eldigitaldeasturias.com\/magazine365\/wp-json\/wp\/v2\/comments?post=80737"}],"version-history":[{"count":0,"href":"https:\/\/eldigitaldeasturias.com\/magazine365\/wp-json\/wp\/v2\/posts\/80737\/revisions"}],"wp:featuredmedia":[{"embeddable":true,"href":"https:\/\/eldigitaldeasturias.com\/magazine365\/wp-json\/wp\/v2\/media\/80738"}],"wp:attachment":[{"href":"https:\/\/eldigitaldeasturias.com\/magazine365\/wp-json\/wp\/v2\/media?parent=80737"}],"wp:term":[{"taxonomy":"category","embeddable":true,"href":"https:\/\/eldigitaldeasturias.com\/magazine365\/wp-json\/wp\/v2\/categories?post=80737"},{"taxonomy":"post_tag","embeddable":true,"href":"https:\/\/eldigitaldeasturias.com\/magazine365\/wp-json\/wp\/v2\/tags?post=80737"}],"curies":[{"name":"wp","href":"https:\/\/api.w.org\/{rel}","templated":true}]}}