{"id":80731,"date":"2016-06-26T03:39:44","date_gmt":"2016-06-26T01:39:44","guid":{"rendered":"http:\/\/eldigitaldeasturias.com\/magazine365\/?p=80731"},"modified":"2016-06-26T03:39:44","modified_gmt":"2016-06-26T01:39:44","slug":"apv-dice-que-tendra-poco-impacto-para-el-puerto-porque-reino-unido-supone-solo-el-08-de-su-trafico-total","status":"publish","type":"post","link":"https:\/\/eldigitaldeasturias.com\/magazine365\/apv-dice-que-tendra-poco-impacto-para-el-puerto-porque-reino-unido-supone-solo-el-08-de-su-trafico-total\/","title":{"rendered":"APV dice que tendr\u00e1 \u00abpoco impacto\u00bb para el Puerto porque Reino Unido supone solo el 0,8% de su tr\u00e1fico total"},"content":{"rendered":"<p><img fetchpriority=\"high\" decoding=\"async\" class=\"alignleft size-medium wp-image-80732\" src=\"https:\/\/eldigitaldeasturias.com\/magazine365\/wp-content\/uploads\/2016\/06\/fotonoticia_20160624170933_800-360x240.jpg\" alt=\"fotonoticia_20160624170933_800\" width=\"360\" height=\"240\" srcset=\"https:\/\/eldigitaldeasturias.com\/magazine365\/wp-content\/uploads\/2016\/06\/fotonoticia_20160624170933_800-360x240.jpg 360w, https:\/\/eldigitaldeasturias.com\/magazine365\/wp-content\/uploads\/2016\/06\/fotonoticia_20160624170933_800-650x434.jpg 650w, https:\/\/eldigitaldeasturias.com\/magazine365\/wp-content\/uploads\/2016\/06\/fotonoticia_20160624170933_800-768x513.jpg 768w, https:\/\/eldigitaldeasturias.com\/magazine365\/wp-content\/uploads\/2016\/06\/fotonoticia_20160624170933_800-150x100.jpg 150w, https:\/\/eldigitaldeasturias.com\/magazine365\/wp-content\/uploads\/2016\/06\/fotonoticia_20160624170933_800-450x300.jpg 450w, https:\/\/eldigitaldeasturias.com\/magazine365\/wp-content\/uploads\/2016\/06\/fotonoticia_20160624170933_800-101x66.jpg 101w, https:\/\/eldigitaldeasturias.com\/magazine365\/wp-content\/uploads\/2016\/06\/fotonoticia_20160624170933_800.jpg 800w\" sizes=\"(max-width: 360px) 100vw, 360px\" \/>El presidente de la Autoridad Portuaria de Valencia (APV), Aurelio Mart\u00ednez, ha asegurado este viernes que para el Puerto de Valencia la salida de Reino Unido de la Uni\u00f3n Europea tendr\u00e1 \u00abpoco impacto\u00bb porque las exportaciones e importaciones del pa\u00eds en 2015 solo supusieron el 0,8% del tr\u00e1fico total del recinto portuario.<\/p>\n<p>As\u00ed lo ha indicado Mart\u00ednez a los medios de comunicaci\u00f3n, tras el Conejo de Administraci\u00f3n, al ser preguntado por el impacto econ\u00f3mico del Brexit en el Puerto de Valencia.<\/p>\n<p>Al respecto, ha explicado que en 2015 las operaciones de carga y descarga de contenedores procedentes de Reino Unido movilizaron m\u00e1s de 25.000 Teus, lo que supone un 0,25 del total de operaciones del Puerto, mientras que las exportaciones e importaciones de mercanc\u00edas fueron unas 574.000 toneladas, un 0,8% del tr\u00e1fico total, por lo que ha recalcado que el impacto econ\u00f3mico ser\u00e1 \u00abpoco\u00bb.<\/p>\n<p>Por tanto, ha remarcado que m\u00e1s all\u00e1 de los efectos que pueda tener la salida del Reino Unido de Europa en la econom\u00eda, lo fundamental es, a su juicio, el impacto psicol\u00f3gico que va a generar en la sociedad europea porque es el primer pa\u00eds en abandonarla.<\/p>\n<p>Ha destacado que para el \u00e1rea comercial de la Comunitat Valenciana, especialmente para el turismo, el Reino Unido es \u00abmuy importante\u00bb con un impacto de 2.000 millones el pasado a\u00f1o, pero ha ironizado que tras el Brexit \u00abno van a desaparecer\u00bb.<\/p>\n<p>NIVEL EUROPEO<\/p>\n<p>A nivel europeo, no cree que el tr\u00e1fico de exportaciones e importaciones salga \u00abperjudicado\u00bb de esta decisi\u00f3n de los brit\u00e1nicos porque no espera cambios en los flujos econ\u00f3micos de una manera \u00abapreciable\u00bb. \u00abNo ser\u00eda lo razonable\u00bb, ha sostenido.<\/p>\n<p>No obstante, ha advertido de que las bolsas van a seguir cayendo y la libra seguir\u00e1 bajando frente al d\u00f3lar lo que puede generar \u00abcrispaci\u00f3n financiera\u00bb, aunque ha subrayado que poco a poco esta situaci\u00f3n se revertir\u00e1.<\/p>\n<p>S\u00ed ha puesto el \u00e9nfasis en las consecuencias que se puedan derivar \u00a1en las inversiones directas ya que ha explicado que Reino Unido ha sido el pa\u00eds en el que se han ubicado el mayor n\u00famero de sedes de multinacionales por lo que se modificar\u00e1n los flujos de este tipo de inversiones.<\/p>\n<p>Por otro lado y en el plano financiero, calcula que el impacto en el PIB de Reino Unido ser\u00e1 entre un 2-3%, lo que no ve que sea una cifra \u00abrelevante\u00bb. Asimismo, ha advertido de las consecuencias de la devaluaci\u00f3n del precio de la libra, as\u00ed como de las implicaciones que tendr\u00e1 en Escocia y otros pa\u00edses de la zona de la comunidad europea.<\/p>\n<p>ESPA\u00d1A<\/p>\n<p>Por otro lado, para Mart\u00ednez el principal impacto del Brexit para Espa\u00f1a va a ser la subida de la Prima de Riesgo, aunque cree que se estabilizar\u00e1 cuando el Banco Central Europeo \u00abempiece a actuar\u00bb.<\/p>\n<p>Ha indicado que Reino Unido es el quinto cliente comercial de Espa\u00f1a pero representa el 7,3%, \u00abun poquito m\u00e1s que Portugal\u00bb, por lo que Mart\u00ednez no ve consecuencias que sean \u00abdeterminantes\u00bb, sino \u00aben su justa medida\u00bb.<\/p>\n<p>A pesar de ello, el presidente de la APV ha remarcado que el principal impacto va a ser a nivel psicol\u00f3gico ya que es la primera vez que un miembro decide y abandona la comunidad europea, por lo que ha instado a aprovechar este momento para impulsar \u00abuna construcci\u00f3n europea\u00bb que integre a aquellos que quieran estar dentro de la UE.<\/p>\n<p>As\u00ed, ha emplazado a aprovechar la salida de Reino Unido para \u00abacelerar el proceso de integraci\u00f3n europea\u00bb para evitar el aumento de movimientos xen\u00f3fobos y de euroesc\u00e9pticos.<\/p>\n","protected":false},"excerpt":{"rendered":"<p>El presidente de la Autoridad Portuaria de Valencia (APV), Aurelio Mart\u00ednez, ha asegurado este viernes que para el Puerto de Valencia la salida de Reino Unido de la Uni\u00f3n Europea tendr\u00e1 \u00abpoco impacto\u00bb porque las exportaciones e importaciones del pa\u00eds en 2015 solo supusieron el 0,8% del tr\u00e1fico total del recinto portuario. As\u00ed lo ha<\/p>\n","protected":false},"author":1,"featured_media":80732,"comment_status":"open","ping_status":"closed","sticky":false,"template":"","format":"standard","meta":{"footnotes":""},"categories":[224],"tags":[],"class_list":{"0":"post-80731","1":"post","2":"type-post","3":"status-publish","4":"format-standard","5":"has-post-thumbnail","7":"category-noticias-actualidad"},"aioseo_notices":[],"aioseo_head":"\n\t\t<!-- All in One SEO Pro 4.9.6.1 - aioseo.com -->\n\t<meta name=\"description\" content=\"El presidente de la Autoridad Portuaria de Valencia (APV), Aurelio Mart\u00ednez, ha asegurado este viernes que para el Puerto de Valencia la salida de Reino Unido de la Uni\u00f3n Europea tendr\u00e1 &quot;poco impacto&quot; porque las exportaciones e importaciones del pa\u00eds en 2015 solo supusieron el 0,8% del tr\u00e1fico total del recinto portuario. As\u00ed lo ha\" \/>\n\t<meta name=\"robots\" content=\"max-image-preview:large\" \/>\n\t<meta name=\"author\" content=\"admin\"\/>\n\t<meta name=\"google-site-verification\" content=\"UA-38556648-1\" \/>\n\t<meta name=\"keywords\" content=\"noticias y actualidad\" \/>\n\t<link rel=\"canonical\" href=\"https:\/\/eldigitaldeasturias.com\/magazine365\/apv-dice-que-tendra-poco-impacto-para-el-puerto-porque-reino-unido-supone-solo-el-08-de-su-trafico-total\/\" \/>\n\t<meta name=\"generator\" content=\"All in One SEO Pro (AIOSEO) 4.9.6.1\" \/>\n\t\t<meta property=\"og:locale\" content=\"es_ES\" \/>\n\t\t<meta property=\"og:site_name\" content=\"El Digital de Asturias \u2013 Revista de ocio, turismo y estilo de vida\" \/>\n\t\t<meta property=\"og:type\" content=\"article\" \/>\n\t\t<meta property=\"og:title\" content=\"APV dice que tendr\u00e1 \u00abpoco impacto\u00bb para el Puerto porque Reino Unido supone solo el 0,8% de su tr\u00e1fico total | El Digital de Asturias\" \/>\n\t\t<meta property=\"og:description\" content=\"El presidente de la Autoridad Portuaria de Valencia (APV), Aurelio Mart\u00ednez, ha asegurado este viernes que para el Puerto de Valencia la salida de Reino Unido de la Uni\u00f3n Europea tendr\u00e1 &quot;poco impacto&quot; porque las exportaciones e importaciones del pa\u00eds en 2015 solo supusieron el 0,8% del tr\u00e1fico total del recinto portuario. As\u00ed lo ha\" \/>\n\t\t<meta property=\"og:url\" content=\"https:\/\/eldigitaldeasturias.com\/magazine365\/apv-dice-que-tendra-poco-impacto-para-el-puerto-porque-reino-unido-supone-solo-el-08-de-su-trafico-total\/\" \/>\n\t\t<meta property=\"og:image\" content=\"https:\/\/eldigitaldeasturias.com\/magazine365\/wp-content\/uploads\/2016\/06\/fotonoticia_20160624170933_800.jpg\" \/>\n\t\t<meta property=\"og:image:secure_url\" content=\"https:\/\/eldigitaldeasturias.com\/magazine365\/wp-content\/uploads\/2016\/06\/fotonoticia_20160624170933_800.jpg\" \/>\n\t\t<meta property=\"og:image:width\" content=\"800\" \/>\n\t\t<meta property=\"og:image:height\" content=\"534\" \/>\n\t\t<meta property=\"article:published_time\" content=\"2016-06-26T01:39:44+00:00\" \/>\n\t\t<meta property=\"article:modified_time\" content=\"2016-06-26T01:39:44+00:00\" \/>\n\t\t<meta name=\"twitter:card\" content=\"summary_large_image\" \/>\n\t\t<meta name=\"twitter:title\" content=\"APV dice que tendr\u00e1 \u00abpoco impacto\u00bb para el Puerto porque Reino Unido supone solo el 0,8% de su tr\u00e1fico total | El Digital de Asturias\" \/>\n\t\t<meta name=\"twitter:description\" content=\"El presidente de la Autoridad Portuaria de Valencia (APV), Aurelio Mart\u00ednez, ha asegurado este viernes que para el Puerto de Valencia la salida de Reino Unido de la Uni\u00f3n Europea tendr\u00e1 &quot;poco impacto&quot; porque las exportaciones e importaciones del pa\u00eds en 2015 solo supusieron el 0,8% del tr\u00e1fico total del recinto portuario. As\u00ed lo ha\" \/>\n\t\t<meta name=\"twitter:image\" content=\"https:\/\/eldigitaldeasturias.com\/magazine365\/wp-content\/uploads\/2016\/06\/fotonoticia_20160624170933_800.jpg\" \/>\n\t\t<script type=\"application\/ld+json\" class=\"aioseo-schema\">\n\t\t\t{\"@context\":\"https:\\\/\\\/schema.org\",\"@graph\":[{\"@type\":\"Article\",\"@id\":\"https:\\\/\\\/eldigitaldeasturias.com\\\/magazine365\\\/apv-dice-que-tendra-poco-impacto-para-el-puerto-porque-reino-unido-supone-solo-el-08-de-su-trafico-total\\\/#article\",\"name\":\"APV dice que tendr\\u00e1 \\u00abpoco impacto\\u00bb para el Puerto porque Reino Unido supone solo el 0,8% de su tr\\u00e1fico total | El Digital de Asturias\",\"headline\":\"APV dice que tendr\\u00e1 \\u00abpoco impacto\\u00bb para el Puerto porque Reino Unido supone solo el 0,8% de su tr\\u00e1fico total\",\"author\":{\"@id\":\"https:\\\/\\\/eldigitaldeasturias.com\\\/magazine365\\\/author\\\/admin\\\/#author\"},\"publisher\":{\"@id\":\"https:\\\/\\\/eldigitaldeasturias.com\\\/magazine365\\\/#organization\"},\"image\":{\"@type\":\"ImageObject\",\"url\":\"https:\\\/\\\/eldigitaldeasturias.com\\\/magazine365\\\/wp-content\\\/uploads\\\/2016\\\/06\\\/fotonoticia_20160624170933_800.jpg\",\"width\":800,\"height\":534},\"datePublished\":\"2016-06-26T03:39:44+02:00\",\"dateModified\":\"2016-06-26T03:39:44+02:00\",\"inLanguage\":\"es-ES\",\"mainEntityOfPage\":{\"@id\":\"https:\\\/\\\/eldigitaldeasturias.com\\\/magazine365\\\/apv-dice-que-tendra-poco-impacto-para-el-puerto-porque-reino-unido-supone-solo-el-08-de-su-trafico-total\\\/#webpage\"},\"isPartOf\":{\"@id\":\"https:\\\/\\\/eldigitaldeasturias.com\\\/magazine365\\\/apv-dice-que-tendra-poco-impacto-para-el-puerto-porque-reino-unido-supone-solo-el-08-de-su-trafico-total\\\/#webpage\"},\"articleSection\":\"Noticias y Actualidad\"},{\"@type\":\"BreadcrumbList\",\"@id\":\"https:\\\/\\\/eldigitaldeasturias.com\\\/magazine365\\\/apv-dice-que-tendra-poco-impacto-para-el-puerto-porque-reino-unido-supone-solo-el-08-de-su-trafico-total\\\/#breadcrumblist\",\"itemListElement\":[{\"@type\":\"ListItem\",\"@id\":\"https:\\\/\\\/eldigitaldeasturias.com\\\/magazine365#listItem\",\"position\":1,\"name\":\"Home\",\"item\":\"https:\\\/\\\/eldigitaldeasturias.com\\\/magazine365\",\"nextItem\":{\"@type\":\"ListItem\",\"@id\":\"https:\\\/\\\/eldigitaldeasturias.com\\\/magazine365\\\/category\\\/noticias-actualidad\\\/#listItem\",\"name\":\"Noticias y Actualidad\"}},{\"@type\":\"ListItem\",\"@id\":\"https:\\\/\\\/eldigitaldeasturias.com\\\/magazine365\\\/category\\\/noticias-actualidad\\\/#listItem\",\"position\":2,\"name\":\"Noticias y Actualidad\",\"item\":\"https:\\\/\\\/eldigitaldeasturias.com\\\/magazine365\\\/category\\\/noticias-actualidad\\\/\",\"nextItem\":{\"@type\":\"ListItem\",\"@id\":\"https:\\\/\\\/eldigitaldeasturias.com\\\/magazine365\\\/apv-dice-que-tendra-poco-impacto-para-el-puerto-porque-reino-unido-supone-solo-el-08-de-su-trafico-total\\\/#listItem\",\"name\":\"APV dice que tendr\\u00e1 \\u00abpoco impacto\\u00bb para el Puerto porque Reino Unido supone solo el 0,8% de su tr\\u00e1fico total\"},\"previousItem\":{\"@type\":\"ListItem\",\"@id\":\"https:\\\/\\\/eldigitaldeasturias.com\\\/magazine365#listItem\",\"name\":\"Home\"}},{\"@type\":\"ListItem\",\"@id\":\"https:\\\/\\\/eldigitaldeasturias.com\\\/magazine365\\\/apv-dice-que-tendra-poco-impacto-para-el-puerto-porque-reino-unido-supone-solo-el-08-de-su-trafico-total\\\/#listItem\",\"position\":3,\"name\":\"APV dice que tendr\\u00e1 \\u00abpoco impacto\\u00bb para el Puerto porque Reino Unido supone solo el 0,8% de su tr\\u00e1fico total\",\"previousItem\":{\"@type\":\"ListItem\",\"@id\":\"https:\\\/\\\/eldigitaldeasturias.com\\\/magazine365\\\/category\\\/noticias-actualidad\\\/#listItem\",\"name\":\"Noticias y Actualidad\"}}]},{\"@type\":\"Organization\",\"@id\":\"https:\\\/\\\/eldigitaldeasturias.com\\\/magazine365\\\/#organization\",\"name\":\"El digital de Asturias\",\"description\":\"Revista de ocio, turismo y estilo de vida\",\"url\":\"https:\\\/\\\/eldigitaldeasturias.com\\\/magazine365\\\/\",\"logo\":{\"@type\":\"ImageObject\",\"url\":\"https:\\\/\\\/www.eldigitaldeasturias.com\\\/noticias\\\/wp-content\\\/uploads\\\/2020\\\/12\\\/EDA.jpg\",\"@id\":\"https:\\\/\\\/eldigitaldeasturias.com\\\/magazine365\\\/apv-dice-que-tendra-poco-impacto-para-el-puerto-porque-reino-unido-supone-solo-el-08-de-su-trafico-total\\\/#organizationLogo\"},\"image\":{\"@id\":\"https:\\\/\\\/eldigitaldeasturias.com\\\/magazine365\\\/apv-dice-que-tendra-poco-impacto-para-el-puerto-porque-reino-unido-supone-solo-el-08-de-su-trafico-total\\\/#organizationLogo\"}},{\"@type\":\"Person\",\"@id\":\"https:\\\/\\\/eldigitaldeasturias.com\\\/magazine365\\\/author\\\/admin\\\/#author\",\"url\":\"https:\\\/\\\/eldigitaldeasturias.com\\\/magazine365\\\/author\\\/admin\\\/\",\"name\":\"admin\",\"image\":{\"@type\":\"ImageObject\",\"@id\":\"https:\\\/\\\/eldigitaldeasturias.com\\\/magazine365\\\/apv-dice-que-tendra-poco-impacto-para-el-puerto-porque-reino-unido-supone-solo-el-08-de-su-trafico-total\\\/#authorImage\",\"url\":\"https:\\\/\\\/eldigitaldeasturias.com\\\/magazine365\\\/wp-content\\\/litespeed\\\/avatar\\\/e571bcf59a0edd6fa6838245a470f2fe.jpg?ver=1776969259\",\"width\":96,\"height\":96,\"caption\":\"admin\"}},{\"@type\":\"WebPage\",\"@id\":\"https:\\\/\\\/eldigitaldeasturias.com\\\/magazine365\\\/apv-dice-que-tendra-poco-impacto-para-el-puerto-porque-reino-unido-supone-solo-el-08-de-su-trafico-total\\\/#webpage\",\"url\":\"https:\\\/\\\/eldigitaldeasturias.com\\\/magazine365\\\/apv-dice-que-tendra-poco-impacto-para-el-puerto-porque-reino-unido-supone-solo-el-08-de-su-trafico-total\\\/\",\"name\":\"APV dice que tendr\\u00e1 \\u00abpoco impacto\\u00bb para el Puerto porque Reino Unido supone solo el 0,8% de su tr\\u00e1fico total | El Digital de Asturias\",\"description\":\"El presidente de la Autoridad Portuaria de Valencia (APV), Aurelio Mart\\u00ednez, ha asegurado este viernes que para el Puerto de Valencia la salida de Reino Unido de la Uni\\u00f3n Europea tendr\\u00e1 \\\"poco impacto\\\" porque las exportaciones e importaciones del pa\\u00eds en 2015 solo supusieron el 0,8% del tr\\u00e1fico total del recinto portuario. As\\u00ed lo ha\",\"inLanguage\":\"es-ES\",\"isPartOf\":{\"@id\":\"https:\\\/\\\/eldigitaldeasturias.com\\\/magazine365\\\/#website\"},\"breadcrumb\":{\"@id\":\"https:\\\/\\\/eldigitaldeasturias.com\\\/magazine365\\\/apv-dice-que-tendra-poco-impacto-para-el-puerto-porque-reino-unido-supone-solo-el-08-de-su-trafico-total\\\/#breadcrumblist\"},\"author\":{\"@id\":\"https:\\\/\\\/eldigitaldeasturias.com\\\/magazine365\\\/author\\\/admin\\\/#author\"},\"creator\":{\"@id\":\"https:\\\/\\\/eldigitaldeasturias.com\\\/magazine365\\\/author\\\/admin\\\/#author\"},\"image\":{\"@type\":\"ImageObject\",\"url\":\"https:\\\/\\\/eldigitaldeasturias.com\\\/magazine365\\\/wp-content\\\/uploads\\\/2016\\\/06\\\/fotonoticia_20160624170933_800.jpg\",\"@id\":\"https:\\\/\\\/eldigitaldeasturias.com\\\/magazine365\\\/apv-dice-que-tendra-poco-impacto-para-el-puerto-porque-reino-unido-supone-solo-el-08-de-su-trafico-total\\\/#mainImage\",\"width\":800,\"height\":534},\"primaryImageOfPage\":{\"@id\":\"https:\\\/\\\/eldigitaldeasturias.com\\\/magazine365\\\/apv-dice-que-tendra-poco-impacto-para-el-puerto-porque-reino-unido-supone-solo-el-08-de-su-trafico-total\\\/#mainImage\"},\"datePublished\":\"2016-06-26T03:39:44+02:00\",\"dateModified\":\"2016-06-26T03:39:44+02:00\"},{\"@type\":\"WebSite\",\"@id\":\"https:\\\/\\\/eldigitaldeasturias.com\\\/magazine365\\\/#website\",\"url\":\"https:\\\/\\\/eldigitaldeasturias.com\\\/magazine365\\\/\",\"name\":\"El Digital de Asturias\",\"description\":\"Revista de ocio, turismo y estilo de vida\",\"inLanguage\":\"es-ES\",\"publisher\":{\"@id\":\"https:\\\/\\\/eldigitaldeasturias.com\\\/magazine365\\\/#organization\"}}]}\n\t\t<\/script>\n\t\t<!-- All in One SEO Pro -->\r\n\t\t<title>APV dice que tendr\u00e1 \u00abpoco impacto\u00bb para el Puerto porque Reino Unido supone solo el 0,8% de su tr\u00e1fico total | El Digital de Asturias<\/title>\n\n","aioseo_head_json":{"title":"APV dice que tendr\u00e1 \u00abpoco impacto\u00bb para el Puerto porque Reino Unido supone solo el 0,8% de su tr\u00e1fico total | El Digital de Asturias","description":"El presidente de la Autoridad Portuaria de Valencia (APV), Aurelio Mart\u00ednez, ha asegurado este viernes que para el Puerto de Valencia la salida de Reino Unido de la Uni\u00f3n Europea tendr\u00e1 \"poco impacto\" porque las exportaciones e importaciones del pa\u00eds en 2015 solo supusieron el 0,8% del tr\u00e1fico total del recinto portuario. As\u00ed lo ha","canonical_url":"https:\/\/eldigitaldeasturias.com\/magazine365\/apv-dice-que-tendra-poco-impacto-para-el-puerto-porque-reino-unido-supone-solo-el-08-de-su-trafico-total\/","robots":"max-image-preview:large","keywords":"noticias y actualidad","webmasterTools":{"google-site-verification":"UA-38556648-1","miscellaneous":""},"schema":{"@context":"https:\/\/schema.org","@graph":[{"@type":"Article","@id":"https:\/\/eldigitaldeasturias.com\/magazine365\/apv-dice-que-tendra-poco-impacto-para-el-puerto-porque-reino-unido-supone-solo-el-08-de-su-trafico-total\/#article","name":"APV dice que tendr\u00e1 \u00abpoco impacto\u00bb para el Puerto porque Reino Unido supone solo el 0,8% de su tr\u00e1fico total | El Digital de Asturias","headline":"APV dice que tendr\u00e1 \u00abpoco impacto\u00bb para el Puerto porque Reino Unido supone solo el 0,8% de su tr\u00e1fico total","author":{"@id":"https:\/\/eldigitaldeasturias.com\/magazine365\/author\/admin\/#author"},"publisher":{"@id":"https:\/\/eldigitaldeasturias.com\/magazine365\/#organization"},"image":{"@type":"ImageObject","url":"https:\/\/eldigitaldeasturias.com\/magazine365\/wp-content\/uploads\/2016\/06\/fotonoticia_20160624170933_800.jpg","width":800,"height":534},"datePublished":"2016-06-26T03:39:44+02:00","dateModified":"2016-06-26T03:39:44+02:00","inLanguage":"es-ES","mainEntityOfPage":{"@id":"https:\/\/eldigitaldeasturias.com\/magazine365\/apv-dice-que-tendra-poco-impacto-para-el-puerto-porque-reino-unido-supone-solo-el-08-de-su-trafico-total\/#webpage"},"isPartOf":{"@id":"https:\/\/eldigitaldeasturias.com\/magazine365\/apv-dice-que-tendra-poco-impacto-para-el-puerto-porque-reino-unido-supone-solo-el-08-de-su-trafico-total\/#webpage"},"articleSection":"Noticias y Actualidad"},{"@type":"BreadcrumbList","@id":"https:\/\/eldigitaldeasturias.com\/magazine365\/apv-dice-que-tendra-poco-impacto-para-el-puerto-porque-reino-unido-supone-solo-el-08-de-su-trafico-total\/#breadcrumblist","itemListElement":[{"@type":"ListItem","@id":"https:\/\/eldigitaldeasturias.com\/magazine365#listItem","position":1,"name":"Home","item":"https:\/\/eldigitaldeasturias.com\/magazine365","nextItem":{"@type":"ListItem","@id":"https:\/\/eldigitaldeasturias.com\/magazine365\/category\/noticias-actualidad\/#listItem","name":"Noticias y Actualidad"}},{"@type":"ListItem","@id":"https:\/\/eldigitaldeasturias.com\/magazine365\/category\/noticias-actualidad\/#listItem","position":2,"name":"Noticias y Actualidad","item":"https:\/\/eldigitaldeasturias.com\/magazine365\/category\/noticias-actualidad\/","nextItem":{"@type":"ListItem","@id":"https:\/\/eldigitaldeasturias.com\/magazine365\/apv-dice-que-tendra-poco-impacto-para-el-puerto-porque-reino-unido-supone-solo-el-08-de-su-trafico-total\/#listItem","name":"APV dice que tendr\u00e1 \u00abpoco impacto\u00bb para el Puerto porque Reino Unido supone solo el 0,8% de su tr\u00e1fico total"},"previousItem":{"@type":"ListItem","@id":"https:\/\/eldigitaldeasturias.com\/magazine365#listItem","name":"Home"}},{"@type":"ListItem","@id":"https:\/\/eldigitaldeasturias.com\/magazine365\/apv-dice-que-tendra-poco-impacto-para-el-puerto-porque-reino-unido-supone-solo-el-08-de-su-trafico-total\/#listItem","position":3,"name":"APV dice que tendr\u00e1 \u00abpoco impacto\u00bb para el Puerto porque Reino Unido supone solo el 0,8% de su tr\u00e1fico total","previousItem":{"@type":"ListItem","@id":"https:\/\/eldigitaldeasturias.com\/magazine365\/category\/noticias-actualidad\/#listItem","name":"Noticias y Actualidad"}}]},{"@type":"Organization","@id":"https:\/\/eldigitaldeasturias.com\/magazine365\/#organization","name":"El digital de Asturias","description":"Revista de ocio, turismo y estilo de vida","url":"https:\/\/eldigitaldeasturias.com\/magazine365\/","logo":{"@type":"ImageObject","url":"https:\/\/www.eldigitaldeasturias.com\/noticias\/wp-content\/uploads\/2020\/12\/EDA.jpg","@id":"https:\/\/eldigitaldeasturias.com\/magazine365\/apv-dice-que-tendra-poco-impacto-para-el-puerto-porque-reino-unido-supone-solo-el-08-de-su-trafico-total\/#organizationLogo"},"image":{"@id":"https:\/\/eldigitaldeasturias.com\/magazine365\/apv-dice-que-tendra-poco-impacto-para-el-puerto-porque-reino-unido-supone-solo-el-08-de-su-trafico-total\/#organizationLogo"}},{"@type":"Person","@id":"https:\/\/eldigitaldeasturias.com\/magazine365\/author\/admin\/#author","url":"https:\/\/eldigitaldeasturias.com\/magazine365\/author\/admin\/","name":"admin","image":{"@type":"ImageObject","@id":"https:\/\/eldigitaldeasturias.com\/magazine365\/apv-dice-que-tendra-poco-impacto-para-el-puerto-porque-reino-unido-supone-solo-el-08-de-su-trafico-total\/#authorImage","url":"https:\/\/eldigitaldeasturias.com\/magazine365\/wp-content\/litespeed\/avatar\/e571bcf59a0edd6fa6838245a470f2fe.jpg?ver=1776969259","width":96,"height":96,"caption":"admin"}},{"@type":"WebPage","@id":"https:\/\/eldigitaldeasturias.com\/magazine365\/apv-dice-que-tendra-poco-impacto-para-el-puerto-porque-reino-unido-supone-solo-el-08-de-su-trafico-total\/#webpage","url":"https:\/\/eldigitaldeasturias.com\/magazine365\/apv-dice-que-tendra-poco-impacto-para-el-puerto-porque-reino-unido-supone-solo-el-08-de-su-trafico-total\/","name":"APV dice que tendr\u00e1 \u00abpoco impacto\u00bb para el Puerto porque Reino Unido supone solo el 0,8% de su tr\u00e1fico total | El Digital de Asturias","description":"El presidente de la Autoridad Portuaria de Valencia (APV), Aurelio Mart\u00ednez, ha asegurado este viernes que para el Puerto de Valencia la salida de Reino Unido de la Uni\u00f3n Europea tendr\u00e1 \"poco impacto\" porque las exportaciones e importaciones del pa\u00eds en 2015 solo supusieron el 0,8% del tr\u00e1fico total del recinto portuario. As\u00ed lo ha","inLanguage":"es-ES","isPartOf":{"@id":"https:\/\/eldigitaldeasturias.com\/magazine365\/#website"},"breadcrumb":{"@id":"https:\/\/eldigitaldeasturias.com\/magazine365\/apv-dice-que-tendra-poco-impacto-para-el-puerto-porque-reino-unido-supone-solo-el-08-de-su-trafico-total\/#breadcrumblist"},"author":{"@id":"https:\/\/eldigitaldeasturias.com\/magazine365\/author\/admin\/#author"},"creator":{"@id":"https:\/\/eldigitaldeasturias.com\/magazine365\/author\/admin\/#author"},"image":{"@type":"ImageObject","url":"https:\/\/eldigitaldeasturias.com\/magazine365\/wp-content\/uploads\/2016\/06\/fotonoticia_20160624170933_800.jpg","@id":"https:\/\/eldigitaldeasturias.com\/magazine365\/apv-dice-que-tendra-poco-impacto-para-el-puerto-porque-reino-unido-supone-solo-el-08-de-su-trafico-total\/#mainImage","width":800,"height":534},"primaryImageOfPage":{"@id":"https:\/\/eldigitaldeasturias.com\/magazine365\/apv-dice-que-tendra-poco-impacto-para-el-puerto-porque-reino-unido-supone-solo-el-08-de-su-trafico-total\/#mainImage"},"datePublished":"2016-06-26T03:39:44+02:00","dateModified":"2016-06-26T03:39:44+02:00"},{"@type":"WebSite","@id":"https:\/\/eldigitaldeasturias.com\/magazine365\/#website","url":"https:\/\/eldigitaldeasturias.com\/magazine365\/","name":"El Digital de Asturias","description":"Revista de ocio, turismo y estilo de vida","inLanguage":"es-ES","publisher":{"@id":"https:\/\/eldigitaldeasturias.com\/magazine365\/#organization"}}]},"og:locale":"es_ES","og:site_name":"El Digital de Asturias \u2013 Revista de ocio, turismo y estilo de vida","og:type":"article","og:title":"APV dice que tendr\u00e1 \u00abpoco impacto\u00bb para el Puerto porque Reino Unido supone solo el 0,8% de su tr\u00e1fico total | El Digital de Asturias","og:description":"El presidente de la Autoridad Portuaria de Valencia (APV), Aurelio Mart\u00ednez, ha asegurado este viernes que para el Puerto de Valencia la salida de Reino Unido de la Uni\u00f3n Europea tendr\u00e1 &quot;poco impacto&quot; porque las exportaciones e importaciones del pa\u00eds en 2015 solo supusieron el 0,8% del tr\u00e1fico total del recinto portuario. As\u00ed lo ha","og:url":"https:\/\/eldigitaldeasturias.com\/magazine365\/apv-dice-que-tendra-poco-impacto-para-el-puerto-porque-reino-unido-supone-solo-el-08-de-su-trafico-total\/","og:image":"https:\/\/eldigitaldeasturias.com\/magazine365\/wp-content\/uploads\/2016\/06\/fotonoticia_20160624170933_800.jpg","og:image:secure_url":"https:\/\/eldigitaldeasturias.com\/magazine365\/wp-content\/uploads\/2016\/06\/fotonoticia_20160624170933_800.jpg","og:image:width":800,"og:image:height":534,"article:published_time":"2016-06-26T01:39:44+00:00","article:modified_time":"2016-06-26T01:39:44+00:00","twitter:card":"summary_large_image","twitter:title":"APV dice que tendr\u00e1 \u00abpoco impacto\u00bb para el Puerto porque Reino Unido supone solo el 0,8% de su tr\u00e1fico total | El Digital de Asturias","twitter:description":"El presidente de la Autoridad Portuaria de Valencia (APV), Aurelio Mart\u00ednez, ha asegurado este viernes que para el Puerto de Valencia la salida de Reino Unido de la Uni\u00f3n Europea tendr\u00e1 &quot;poco impacto&quot; porque las exportaciones e importaciones del pa\u00eds en 2015 solo supusieron el 0,8% del tr\u00e1fico total del recinto portuario. As\u00ed lo ha","twitter:image":"https:\/\/eldigitaldeasturias.com\/magazine365\/wp-content\/uploads\/2016\/06\/fotonoticia_20160624170933_800.jpg"},"aioseo_meta_data":{"post_id":"80731","title":null,"description":null,"keywords":null,"keyphrases":null,"primary_term":null,"canonical_url":null,"og_title":null,"og_description":null,"og_object_type":"default","og_image_type":"default","og_image_url":null,"og_image_width":null,"og_image_height":null,"og_image_custom_url":null,"og_image_custom_fields":null,"og_video":null,"og_custom_url":null,"og_article_section":null,"og_article_tags":null,"twitter_use_og":false,"twitter_card":"default","twitter_image_type":"default","twitter_image_url":null,"twitter_image_custom_url":null,"twitter_image_custom_fields":null,"twitter_title":null,"twitter_description":null,"schema":{"blockGraphs":[],"customGraphs":[],"default":{"data":{"Article":[],"Course":[],"Dataset":[],"FAQPage":[],"Movie":[],"Person":[],"Product":[],"ProductReview":[],"Car":[],"Recipe":[],"Service":[],"SoftwareApplication":[],"WebPage":[]},"graphName":"","isEnabled":true},"graphs":[]},"schema_type":null,"schema_type_options":null,"pillar_content":false,"robots_default":true,"robots_noindex":false,"robots_noarchive":false,"robots_nosnippet":false,"robots_nofollow":false,"robots_noimageindex":false,"robots_noodp":false,"robots_notranslate":false,"robots_max_snippet":null,"robots_max_videopreview":null,"robots_max_imagepreview":"large","priority":null,"frequency":null,"location":null,"local_seo":null,"seo_analyzer_scan_date":"2025-09-27 21:25:22","breadcrumb_settings":null,"limit_modified_date":false,"open_ai":null,"ai":null,"created":"2021-03-08 17:29:24","updated":"2025-09-27 21:25:22"},"aioseo_breadcrumb":"<div class=\"aioseo-breadcrumbs\"><span class=\"aioseo-breadcrumb\">\n\t<a href=\"https:\/\/eldigitaldeasturias.com\/magazine365\" title=\"Home\">Home<\/a>\n<\/span><span class=\"aioseo-breadcrumb-separator\">\u2013<\/span><span class=\"aioseo-breadcrumb\">\n\t<a href=\"https:\/\/eldigitaldeasturias.com\/magazine365\/category\/noticias-actualidad\/\" title=\"Noticias y Actualidad\">Noticias y Actualidad<\/a>\n<\/span><span class=\"aioseo-breadcrumb-separator\">\u2013<\/span><span class=\"aioseo-breadcrumb\">\n\t<a href=\"https:\/\/eldigitaldeasturias.com\/magazine365\/apv-dice-que-tendra-poco-impacto-para-el-puerto-porque-reino-unido-supone-solo-el-08-de-su-trafico-total\/\" title=\"APV dice que tendr\u00e1 \u00abpoco impacto\u00bb para el Puerto porque Reino Unido supone solo el 0,8% de su tr\u00e1fico total\">APV dice que tendr\u00e1 \u00abpoco impacto\u00bb para el Puerto porque Reino Unido supone solo el 0,8% de su tr\u00e1fico total<\/a>\n<\/span><\/div>","aioseo_breadcrumb_json":[{"label":"Home","link":"https:\/\/eldigitaldeasturias.com\/magazine365"},{"label":"Noticias y Actualidad","link":"https:\/\/eldigitaldeasturias.com\/magazine365\/category\/noticias-actualidad\/"},{"label":"APV dice que tendr\u00e1 \u00abpoco impacto\u00bb para el Puerto porque Reino Unido supone solo el 0,8% de su tr\u00e1fico total","link":"https:\/\/eldigitaldeasturias.com\/magazine365\/apv-dice-que-tendra-poco-impacto-para-el-puerto-porque-reino-unido-supone-solo-el-08-de-su-trafico-total\/"}],"_links":{"self":[{"href":"https:\/\/eldigitaldeasturias.com\/magazine365\/wp-json\/wp\/v2\/posts\/80731","targetHints":{"allow":["GET"]}}],"collection":[{"href":"https:\/\/eldigitaldeasturias.com\/magazine365\/wp-json\/wp\/v2\/posts"}],"about":[{"href":"https:\/\/eldigitaldeasturias.com\/magazine365\/wp-json\/wp\/v2\/types\/post"}],"author":[{"embeddable":true,"href":"https:\/\/eldigitaldeasturias.com\/magazine365\/wp-json\/wp\/v2\/users\/1"}],"replies":[{"embeddable":true,"href":"https:\/\/eldigitaldeasturias.com\/magazine365\/wp-json\/wp\/v2\/comments?post=80731"}],"version-history":[{"count":0,"href":"https:\/\/eldigitaldeasturias.com\/magazine365\/wp-json\/wp\/v2\/posts\/80731\/revisions"}],"wp:featuredmedia":[{"embeddable":true,"href":"https:\/\/eldigitaldeasturias.com\/magazine365\/wp-json\/wp\/v2\/media\/80732"}],"wp:attachment":[{"href":"https:\/\/eldigitaldeasturias.com\/magazine365\/wp-json\/wp\/v2\/media?parent=80731"}],"wp:term":[{"taxonomy":"category","embeddable":true,"href":"https:\/\/eldigitaldeasturias.com\/magazine365\/wp-json\/wp\/v2\/categories?post=80731"},{"taxonomy":"post_tag","embeddable":true,"href":"https:\/\/eldigitaldeasturias.com\/magazine365\/wp-json\/wp\/v2\/tags?post=80731"}],"curies":[{"name":"wp","href":"https:\/\/api.w.org\/{rel}","templated":true}]}}