{"id":80707,"date":"2016-06-26T03:05:01","date_gmt":"2016-06-26T01:05:01","guid":{"rendered":"http:\/\/eldigitaldeasturias.com\/magazine365\/?p=80707"},"modified":"2016-06-26T03:05:01","modified_gmt":"2016-06-26T01:05:01","slug":"aerolineas-y-hoteleras-espanolas-continuan-su-desplome-a-lo-largo-de-la-jornada-tras-el-brexit","status":"publish","type":"post","link":"https:\/\/eldigitaldeasturias.com\/magazine365\/aerolineas-y-hoteleras-espanolas-continuan-su-desplome-a-lo-largo-de-la-jornada-tras-el-brexit\/","title":{"rendered":"Aerol\u00edneas y hoteleras espa\u00f1olas contin\u00faan su desplome a lo largo de la jornada tras el &#8216;Brexit&#8217;"},"content":{"rendered":"<p><img fetchpriority=\"high\" decoding=\"async\" class=\"alignleft size-medium wp-image-80708\" src=\"https:\/\/eldigitaldeasturias.com\/magazine365\/wp-content\/uploads\/2016\/06\/fotonoticia_20160624135331_800-360x267.jpg\" alt=\"fotonoticia_20160624135331_800\" width=\"360\" height=\"267\" srcset=\"https:\/\/eldigitaldeasturias.com\/magazine365\/wp-content\/uploads\/2016\/06\/fotonoticia_20160624135331_800-360x267.jpg 360w, https:\/\/eldigitaldeasturias.com\/magazine365\/wp-content\/uploads\/2016\/06\/fotonoticia_20160624135331_800-650x483.jpg 650w, https:\/\/eldigitaldeasturias.com\/magazine365\/wp-content\/uploads\/2016\/06\/fotonoticia_20160624135331_800-768x570.jpg 768w, https:\/\/eldigitaldeasturias.com\/magazine365\/wp-content\/uploads\/2016\/06\/fotonoticia_20160624135331_800-150x111.jpg 150w, https:\/\/eldigitaldeasturias.com\/magazine365\/wp-content\/uploads\/2016\/06\/fotonoticia_20160624135331_800-450x334.jpg 450w, https:\/\/eldigitaldeasturias.com\/magazine365\/wp-content\/uploads\/2016\/06\/fotonoticia_20160624135331_800-338x250.jpg 338w, https:\/\/eldigitaldeasturias.com\/magazine365\/wp-content\/uploads\/2016\/06\/fotonoticia_20160624135331_800-90x67.jpg 90w, https:\/\/eldigitaldeasturias.com\/magazine365\/wp-content\/uploads\/2016\/06\/fotonoticia_20160624135331_800-100x75.jpg 100w, https:\/\/eldigitaldeasturias.com\/magazine365\/wp-content\/uploads\/2016\/06\/fotonoticia_20160624135331_800.jpg 800w\" sizes=\"(max-width: 360px) 100vw, 360px\" \/>Los valores de las empresas del sector aeron\u00e1utico IAG, Aena y Amadeus y de las cadenas hoteleras NH Hotel Group y Meli\u00e1 Hotels Internationals contin\u00faan sufriendo bajadas en esta jornada burs\u00e1til tras el &#8216;Brexit&#8217;, seg\u00fan los datos de la bolsa actualizados a las 13.00 horas.<\/p>\n<p>El grupo IAG, que engloba a Iberia, British Airways, Vueling y Aer Lingus es la que sufre una mayor ca\u00edda, con un 24,37%, hasta 5,1 euros por acci\u00f3n, seguido de NH Hotel group que cae un 12,36%, hasta los 3,9 euros por acci\u00f3n.<\/p>\n<p>Las empresas espa\u00f1olas tur\u00edsticas que han bajado por debajo del 10% son, Meli\u00e1 Hotels International que cae un 6,61%, hasta los 9,8 euros, tras ser la compa\u00f1\u00eda nacional que m\u00e1s ca\u00eda al inicio de la jornada.<\/p>\n<p>A continuaci\u00f3n, eDreams cae un 6,52%, hasta los 2,1 euros\/acci\u00f3n, el gestor de aeropuertos Aena baja un 6,28%, hasta los 111,9 euros la acci\u00f3n, Airbus (-6,27%), con un precio por acci\u00f3n de 51,5 euros y Amadeus (-4,38%), hasta los 39,3 euros por acci\u00f3n.<\/p>\n<p>PRINCIPALES MERCADOS EUROPEOS.<\/p>\n<p>En el sector tur\u00edstico de los principales mercados europeos, destaca el desplome de la aerol\u00ednea &#8216;low cost&#8217; easyJet (-17,22%), hasta 1,27 euros, seg\u00fan los datos de la bolsa de Londres.<\/p>\n<p>Le sigue la baja de la aerol\u00ednea de bajo coste irlandesa Ryanair (-13%), hasta los 11,86 euros\/acci\u00f3n y, a continuaci\u00f3n, la compa\u00f1\u00eda Lufthansa (-9,7%), hasta los 10,8 euros por acci\u00f3n, seg\u00fan la bolsa de Frankfurt.<\/p>\n<p>En la bolsa de Par\u00eds, Air France cae un 10,14%, hasta los 5,9 euros por acci\u00f3n y la cadena hotelera Accor, baja un 8,89%, hasta los 35,94 euros por acci\u00f3n.<\/p>\n","protected":false},"excerpt":{"rendered":"<p>Los valores de las empresas del sector aeron\u00e1utico IAG, Aena y Amadeus y de las cadenas hoteleras NH Hotel Group y Meli\u00e1 Hotels Internationals contin\u00faan sufriendo bajadas en esta jornada burs\u00e1til tras el &#8216;Brexit&#8217;, seg\u00fan los datos de la bolsa actualizados a las 13.00 horas. El grupo IAG, que engloba a Iberia, British Airways, Vueling<\/p>\n","protected":false},"author":1,"featured_media":80708,"comment_status":"open","ping_status":"closed","sticky":false,"template":"","format":"standard","meta":{"footnotes":""},"categories":[224],"tags":[],"class_list":{"0":"post-80707","1":"post","2":"type-post","3":"status-publish","4":"format-standard","5":"has-post-thumbnail","7":"category-noticias-actualidad"},"aioseo_notices":[],"aioseo_head":"\n\t\t<!-- All in One SEO Pro 4.9.6.1 - aioseo.com -->\n\t<meta name=\"description\" content=\"Los valores de las empresas del sector aeron\u00e1utico IAG, Aena y Amadeus y de las cadenas hoteleras NH Hotel Group y Meli\u00e1 Hotels Internationals contin\u00faan sufriendo bajadas en esta jornada burs\u00e1til tras el &#039;Brexit&#039;, seg\u00fan los datos de la bolsa actualizados a las 13.00 horas. El grupo IAG, que engloba a Iberia, British Airways, Vueling\" \/>\n\t<meta name=\"robots\" content=\"max-image-preview:large\" \/>\n\t<meta name=\"author\" content=\"admin\"\/>\n\t<meta name=\"google-site-verification\" content=\"UA-38556648-1\" \/>\n\t<meta name=\"keywords\" content=\"noticias y actualidad\" \/>\n\t<link rel=\"canonical\" href=\"https:\/\/eldigitaldeasturias.com\/magazine365\/aerolineas-y-hoteleras-espanolas-continuan-su-desplome-a-lo-largo-de-la-jornada-tras-el-brexit\/\" \/>\n\t<meta name=\"generator\" content=\"All in One SEO Pro (AIOSEO) 4.9.6.1\" \/>\n\t\t<meta property=\"og:locale\" content=\"es_ES\" \/>\n\t\t<meta property=\"og:site_name\" content=\"El Digital de Asturias \u2013 Revista de ocio, turismo y estilo de vida\" \/>\n\t\t<meta property=\"og:type\" content=\"article\" \/>\n\t\t<meta property=\"og:title\" content=\"Aerol\u00edneas y hoteleras espa\u00f1olas contin\u00faan su desplome a lo largo de la jornada tras el \u2018Brexit\u2019 | El Digital de Asturias\" \/>\n\t\t<meta property=\"og:description\" content=\"Los valores de las empresas del sector aeron\u00e1utico IAG, Aena y Amadeus y de las cadenas hoteleras NH Hotel Group y Meli\u00e1 Hotels Internationals contin\u00faan sufriendo bajadas en esta jornada burs\u00e1til tras el &#039;Brexit&#039;, seg\u00fan los datos de la bolsa actualizados a las 13.00 horas. El grupo IAG, que engloba a Iberia, British Airways, Vueling\" \/>\n\t\t<meta property=\"og:url\" content=\"https:\/\/eldigitaldeasturias.com\/magazine365\/aerolineas-y-hoteleras-espanolas-continuan-su-desplome-a-lo-largo-de-la-jornada-tras-el-brexit\/\" \/>\n\t\t<meta property=\"og:image\" content=\"https:\/\/eldigitaldeasturias.com\/magazine365\/wp-content\/uploads\/2016\/06\/fotonoticia_20160624135331_800.jpg\" \/>\n\t\t<meta property=\"og:image:secure_url\" content=\"https:\/\/eldigitaldeasturias.com\/magazine365\/wp-content\/uploads\/2016\/06\/fotonoticia_20160624135331_800.jpg\" \/>\n\t\t<meta property=\"og:image:width\" content=\"800\" \/>\n\t\t<meta property=\"og:image:height\" content=\"594\" \/>\n\t\t<meta property=\"article:published_time\" content=\"2016-06-26T01:05:01+00:00\" \/>\n\t\t<meta property=\"article:modified_time\" content=\"2016-06-26T01:05:01+00:00\" \/>\n\t\t<meta name=\"twitter:card\" content=\"summary_large_image\" \/>\n\t\t<meta name=\"twitter:title\" content=\"Aerol\u00edneas y hoteleras espa\u00f1olas contin\u00faan su desplome a lo largo de la jornada tras el \u2018Brexit\u2019 | El Digital de Asturias\" \/>\n\t\t<meta name=\"twitter:description\" content=\"Los valores de las empresas del sector aeron\u00e1utico IAG, Aena y Amadeus y de las cadenas hoteleras NH Hotel Group y Meli\u00e1 Hotels Internationals contin\u00faan sufriendo bajadas en esta jornada burs\u00e1til tras el &#039;Brexit&#039;, seg\u00fan los datos de la bolsa actualizados a las 13.00 horas. El grupo IAG, que engloba a Iberia, British Airways, Vueling\" \/>\n\t\t<meta name=\"twitter:image\" content=\"https:\/\/eldigitaldeasturias.com\/magazine365\/wp-content\/uploads\/2016\/06\/fotonoticia_20160624135331_800.jpg\" \/>\n\t\t<script type=\"application\/ld+json\" class=\"aioseo-schema\">\n\t\t\t{\"@context\":\"https:\\\/\\\/schema.org\",\"@graph\":[{\"@type\":\"Article\",\"@id\":\"https:\\\/\\\/eldigitaldeasturias.com\\\/magazine365\\\/aerolineas-y-hoteleras-espanolas-continuan-su-desplome-a-lo-largo-de-la-jornada-tras-el-brexit\\\/#article\",\"name\":\"Aerol\\u00edneas y hoteleras espa\\u00f1olas contin\\u00faan su desplome a lo largo de la jornada tras el \\u2018Brexit\\u2019 | El Digital de Asturias\",\"headline\":\"Aerol\\u00edneas y hoteleras espa\\u00f1olas contin\\u00faan su desplome a lo largo de la jornada tras el &#8216;Brexit&#8217;\",\"author\":{\"@id\":\"https:\\\/\\\/eldigitaldeasturias.com\\\/magazine365\\\/author\\\/admin\\\/#author\"},\"publisher\":{\"@id\":\"https:\\\/\\\/eldigitaldeasturias.com\\\/magazine365\\\/#organization\"},\"image\":{\"@type\":\"ImageObject\",\"url\":\"https:\\\/\\\/eldigitaldeasturias.com\\\/magazine365\\\/wp-content\\\/uploads\\\/2016\\\/06\\\/fotonoticia_20160624135331_800.jpg\",\"width\":800,\"height\":594},\"datePublished\":\"2016-06-26T03:05:01+02:00\",\"dateModified\":\"2016-06-26T03:05:01+02:00\",\"inLanguage\":\"es-ES\",\"mainEntityOfPage\":{\"@id\":\"https:\\\/\\\/eldigitaldeasturias.com\\\/magazine365\\\/aerolineas-y-hoteleras-espanolas-continuan-su-desplome-a-lo-largo-de-la-jornada-tras-el-brexit\\\/#webpage\"},\"isPartOf\":{\"@id\":\"https:\\\/\\\/eldigitaldeasturias.com\\\/magazine365\\\/aerolineas-y-hoteleras-espanolas-continuan-su-desplome-a-lo-largo-de-la-jornada-tras-el-brexit\\\/#webpage\"},\"articleSection\":\"Noticias y Actualidad\"},{\"@type\":\"BreadcrumbList\",\"@id\":\"https:\\\/\\\/eldigitaldeasturias.com\\\/magazine365\\\/aerolineas-y-hoteleras-espanolas-continuan-su-desplome-a-lo-largo-de-la-jornada-tras-el-brexit\\\/#breadcrumblist\",\"itemListElement\":[{\"@type\":\"ListItem\",\"@id\":\"https:\\\/\\\/eldigitaldeasturias.com\\\/magazine365#listItem\",\"position\":1,\"name\":\"Home\",\"item\":\"https:\\\/\\\/eldigitaldeasturias.com\\\/magazine365\",\"nextItem\":{\"@type\":\"ListItem\",\"@id\":\"https:\\\/\\\/eldigitaldeasturias.com\\\/magazine365\\\/category\\\/noticias-actualidad\\\/#listItem\",\"name\":\"Noticias y Actualidad\"}},{\"@type\":\"ListItem\",\"@id\":\"https:\\\/\\\/eldigitaldeasturias.com\\\/magazine365\\\/category\\\/noticias-actualidad\\\/#listItem\",\"position\":2,\"name\":\"Noticias y Actualidad\",\"item\":\"https:\\\/\\\/eldigitaldeasturias.com\\\/magazine365\\\/category\\\/noticias-actualidad\\\/\",\"nextItem\":{\"@type\":\"ListItem\",\"@id\":\"https:\\\/\\\/eldigitaldeasturias.com\\\/magazine365\\\/aerolineas-y-hoteleras-espanolas-continuan-su-desplome-a-lo-largo-de-la-jornada-tras-el-brexit\\\/#listItem\",\"name\":\"Aerol\\u00edneas y hoteleras espa\\u00f1olas contin\\u00faan su desplome a lo largo de la jornada tras el &#8216;Brexit&#8217;\"},\"previousItem\":{\"@type\":\"ListItem\",\"@id\":\"https:\\\/\\\/eldigitaldeasturias.com\\\/magazine365#listItem\",\"name\":\"Home\"}},{\"@type\":\"ListItem\",\"@id\":\"https:\\\/\\\/eldigitaldeasturias.com\\\/magazine365\\\/aerolineas-y-hoteleras-espanolas-continuan-su-desplome-a-lo-largo-de-la-jornada-tras-el-brexit\\\/#listItem\",\"position\":3,\"name\":\"Aerol\\u00edneas y hoteleras espa\\u00f1olas contin\\u00faan su desplome a lo largo de la jornada tras el &#8216;Brexit&#8217;\",\"previousItem\":{\"@type\":\"ListItem\",\"@id\":\"https:\\\/\\\/eldigitaldeasturias.com\\\/magazine365\\\/category\\\/noticias-actualidad\\\/#listItem\",\"name\":\"Noticias y Actualidad\"}}]},{\"@type\":\"Organization\",\"@id\":\"https:\\\/\\\/eldigitaldeasturias.com\\\/magazine365\\\/#organization\",\"name\":\"El digital de Asturias\",\"description\":\"Revista de ocio, turismo y estilo de vida\",\"url\":\"https:\\\/\\\/eldigitaldeasturias.com\\\/magazine365\\\/\",\"logo\":{\"@type\":\"ImageObject\",\"url\":\"https:\\\/\\\/www.eldigitaldeasturias.com\\\/noticias\\\/wp-content\\\/uploads\\\/2020\\\/12\\\/EDA.jpg\",\"@id\":\"https:\\\/\\\/eldigitaldeasturias.com\\\/magazine365\\\/aerolineas-y-hoteleras-espanolas-continuan-su-desplome-a-lo-largo-de-la-jornada-tras-el-brexit\\\/#organizationLogo\"},\"image\":{\"@id\":\"https:\\\/\\\/eldigitaldeasturias.com\\\/magazine365\\\/aerolineas-y-hoteleras-espanolas-continuan-su-desplome-a-lo-largo-de-la-jornada-tras-el-brexit\\\/#organizationLogo\"}},{\"@type\":\"Person\",\"@id\":\"https:\\\/\\\/eldigitaldeasturias.com\\\/magazine365\\\/author\\\/admin\\\/#author\",\"url\":\"https:\\\/\\\/eldigitaldeasturias.com\\\/magazine365\\\/author\\\/admin\\\/\",\"name\":\"admin\",\"image\":{\"@type\":\"ImageObject\",\"@id\":\"https:\\\/\\\/eldigitaldeasturias.com\\\/magazine365\\\/aerolineas-y-hoteleras-espanolas-continuan-su-desplome-a-lo-largo-de-la-jornada-tras-el-brexit\\\/#authorImage\",\"url\":\"https:\\\/\\\/eldigitaldeasturias.com\\\/magazine365\\\/wp-content\\\/litespeed\\\/avatar\\\/e571bcf59a0edd6fa6838245a470f2fe.jpg?ver=1776969259\",\"width\":96,\"height\":96,\"caption\":\"admin\"}},{\"@type\":\"WebPage\",\"@id\":\"https:\\\/\\\/eldigitaldeasturias.com\\\/magazine365\\\/aerolineas-y-hoteleras-espanolas-continuan-su-desplome-a-lo-largo-de-la-jornada-tras-el-brexit\\\/#webpage\",\"url\":\"https:\\\/\\\/eldigitaldeasturias.com\\\/magazine365\\\/aerolineas-y-hoteleras-espanolas-continuan-su-desplome-a-lo-largo-de-la-jornada-tras-el-brexit\\\/\",\"name\":\"Aerol\\u00edneas y hoteleras espa\\u00f1olas contin\\u00faan su desplome a lo largo de la jornada tras el \\u2018Brexit\\u2019 | El Digital de Asturias\",\"description\":\"Los valores de las empresas del sector aeron\\u00e1utico IAG, Aena y Amadeus y de las cadenas hoteleras NH Hotel Group y Meli\\u00e1 Hotels Internationals contin\\u00faan sufriendo bajadas en esta jornada burs\\u00e1til tras el 'Brexit', seg\\u00fan los datos de la bolsa actualizados a las 13.00 horas. El grupo IAG, que engloba a Iberia, British Airways, Vueling\",\"inLanguage\":\"es-ES\",\"isPartOf\":{\"@id\":\"https:\\\/\\\/eldigitaldeasturias.com\\\/magazine365\\\/#website\"},\"breadcrumb\":{\"@id\":\"https:\\\/\\\/eldigitaldeasturias.com\\\/magazine365\\\/aerolineas-y-hoteleras-espanolas-continuan-su-desplome-a-lo-largo-de-la-jornada-tras-el-brexit\\\/#breadcrumblist\"},\"author\":{\"@id\":\"https:\\\/\\\/eldigitaldeasturias.com\\\/magazine365\\\/author\\\/admin\\\/#author\"},\"creator\":{\"@id\":\"https:\\\/\\\/eldigitaldeasturias.com\\\/magazine365\\\/author\\\/admin\\\/#author\"},\"image\":{\"@type\":\"ImageObject\",\"url\":\"https:\\\/\\\/eldigitaldeasturias.com\\\/magazine365\\\/wp-content\\\/uploads\\\/2016\\\/06\\\/fotonoticia_20160624135331_800.jpg\",\"@id\":\"https:\\\/\\\/eldigitaldeasturias.com\\\/magazine365\\\/aerolineas-y-hoteleras-espanolas-continuan-su-desplome-a-lo-largo-de-la-jornada-tras-el-brexit\\\/#mainImage\",\"width\":800,\"height\":594},\"primaryImageOfPage\":{\"@id\":\"https:\\\/\\\/eldigitaldeasturias.com\\\/magazine365\\\/aerolineas-y-hoteleras-espanolas-continuan-su-desplome-a-lo-largo-de-la-jornada-tras-el-brexit\\\/#mainImage\"},\"datePublished\":\"2016-06-26T03:05:01+02:00\",\"dateModified\":\"2016-06-26T03:05:01+02:00\"},{\"@type\":\"WebSite\",\"@id\":\"https:\\\/\\\/eldigitaldeasturias.com\\\/magazine365\\\/#website\",\"url\":\"https:\\\/\\\/eldigitaldeasturias.com\\\/magazine365\\\/\",\"name\":\"El Digital de Asturias\",\"description\":\"Revista de ocio, turismo y estilo de vida\",\"inLanguage\":\"es-ES\",\"publisher\":{\"@id\":\"https:\\\/\\\/eldigitaldeasturias.com\\\/magazine365\\\/#organization\"}}]}\n\t\t<\/script>\n\t\t<!-- All in One SEO Pro -->\r\n\t\t<title>Aerol\u00edneas y hoteleras espa\u00f1olas contin\u00faan su desplome a lo largo de la jornada tras el \u2018Brexit\u2019 | El Digital de Asturias<\/title>\n\n","aioseo_head_json":{"title":"Aerol\u00edneas y hoteleras espa\u00f1olas contin\u00faan su desplome a lo largo de la jornada tras el \u2018Brexit\u2019 | El Digital de Asturias","description":"Los valores de las empresas del sector aeron\u00e1utico IAG, Aena y Amadeus y de las cadenas hoteleras NH Hotel Group y Meli\u00e1 Hotels Internationals contin\u00faan sufriendo bajadas en esta jornada burs\u00e1til tras el 'Brexit', seg\u00fan los datos de la bolsa actualizados a las 13.00 horas. El grupo IAG, que engloba a Iberia, British Airways, Vueling","canonical_url":"https:\/\/eldigitaldeasturias.com\/magazine365\/aerolineas-y-hoteleras-espanolas-continuan-su-desplome-a-lo-largo-de-la-jornada-tras-el-brexit\/","robots":"max-image-preview:large","keywords":"noticias y actualidad","webmasterTools":{"google-site-verification":"UA-38556648-1","miscellaneous":""},"schema":{"@context":"https:\/\/schema.org","@graph":[{"@type":"Article","@id":"https:\/\/eldigitaldeasturias.com\/magazine365\/aerolineas-y-hoteleras-espanolas-continuan-su-desplome-a-lo-largo-de-la-jornada-tras-el-brexit\/#article","name":"Aerol\u00edneas y hoteleras espa\u00f1olas contin\u00faan su desplome a lo largo de la jornada tras el \u2018Brexit\u2019 | El Digital de Asturias","headline":"Aerol\u00edneas y hoteleras espa\u00f1olas contin\u00faan su desplome a lo largo de la jornada tras el &#8216;Brexit&#8217;","author":{"@id":"https:\/\/eldigitaldeasturias.com\/magazine365\/author\/admin\/#author"},"publisher":{"@id":"https:\/\/eldigitaldeasturias.com\/magazine365\/#organization"},"image":{"@type":"ImageObject","url":"https:\/\/eldigitaldeasturias.com\/magazine365\/wp-content\/uploads\/2016\/06\/fotonoticia_20160624135331_800.jpg","width":800,"height":594},"datePublished":"2016-06-26T03:05:01+02:00","dateModified":"2016-06-26T03:05:01+02:00","inLanguage":"es-ES","mainEntityOfPage":{"@id":"https:\/\/eldigitaldeasturias.com\/magazine365\/aerolineas-y-hoteleras-espanolas-continuan-su-desplome-a-lo-largo-de-la-jornada-tras-el-brexit\/#webpage"},"isPartOf":{"@id":"https:\/\/eldigitaldeasturias.com\/magazine365\/aerolineas-y-hoteleras-espanolas-continuan-su-desplome-a-lo-largo-de-la-jornada-tras-el-brexit\/#webpage"},"articleSection":"Noticias y Actualidad"},{"@type":"BreadcrumbList","@id":"https:\/\/eldigitaldeasturias.com\/magazine365\/aerolineas-y-hoteleras-espanolas-continuan-su-desplome-a-lo-largo-de-la-jornada-tras-el-brexit\/#breadcrumblist","itemListElement":[{"@type":"ListItem","@id":"https:\/\/eldigitaldeasturias.com\/magazine365#listItem","position":1,"name":"Home","item":"https:\/\/eldigitaldeasturias.com\/magazine365","nextItem":{"@type":"ListItem","@id":"https:\/\/eldigitaldeasturias.com\/magazine365\/category\/noticias-actualidad\/#listItem","name":"Noticias y Actualidad"}},{"@type":"ListItem","@id":"https:\/\/eldigitaldeasturias.com\/magazine365\/category\/noticias-actualidad\/#listItem","position":2,"name":"Noticias y Actualidad","item":"https:\/\/eldigitaldeasturias.com\/magazine365\/category\/noticias-actualidad\/","nextItem":{"@type":"ListItem","@id":"https:\/\/eldigitaldeasturias.com\/magazine365\/aerolineas-y-hoteleras-espanolas-continuan-su-desplome-a-lo-largo-de-la-jornada-tras-el-brexit\/#listItem","name":"Aerol\u00edneas y hoteleras espa\u00f1olas contin\u00faan su desplome a lo largo de la jornada tras el &#8216;Brexit&#8217;"},"previousItem":{"@type":"ListItem","@id":"https:\/\/eldigitaldeasturias.com\/magazine365#listItem","name":"Home"}},{"@type":"ListItem","@id":"https:\/\/eldigitaldeasturias.com\/magazine365\/aerolineas-y-hoteleras-espanolas-continuan-su-desplome-a-lo-largo-de-la-jornada-tras-el-brexit\/#listItem","position":3,"name":"Aerol\u00edneas y hoteleras espa\u00f1olas contin\u00faan su desplome a lo largo de la jornada tras el &#8216;Brexit&#8217;","previousItem":{"@type":"ListItem","@id":"https:\/\/eldigitaldeasturias.com\/magazine365\/category\/noticias-actualidad\/#listItem","name":"Noticias y Actualidad"}}]},{"@type":"Organization","@id":"https:\/\/eldigitaldeasturias.com\/magazine365\/#organization","name":"El digital de Asturias","description":"Revista de ocio, turismo y estilo de vida","url":"https:\/\/eldigitaldeasturias.com\/magazine365\/","logo":{"@type":"ImageObject","url":"https:\/\/www.eldigitaldeasturias.com\/noticias\/wp-content\/uploads\/2020\/12\/EDA.jpg","@id":"https:\/\/eldigitaldeasturias.com\/magazine365\/aerolineas-y-hoteleras-espanolas-continuan-su-desplome-a-lo-largo-de-la-jornada-tras-el-brexit\/#organizationLogo"},"image":{"@id":"https:\/\/eldigitaldeasturias.com\/magazine365\/aerolineas-y-hoteleras-espanolas-continuan-su-desplome-a-lo-largo-de-la-jornada-tras-el-brexit\/#organizationLogo"}},{"@type":"Person","@id":"https:\/\/eldigitaldeasturias.com\/magazine365\/author\/admin\/#author","url":"https:\/\/eldigitaldeasturias.com\/magazine365\/author\/admin\/","name":"admin","image":{"@type":"ImageObject","@id":"https:\/\/eldigitaldeasturias.com\/magazine365\/aerolineas-y-hoteleras-espanolas-continuan-su-desplome-a-lo-largo-de-la-jornada-tras-el-brexit\/#authorImage","url":"https:\/\/eldigitaldeasturias.com\/magazine365\/wp-content\/litespeed\/avatar\/e571bcf59a0edd6fa6838245a470f2fe.jpg?ver=1776969259","width":96,"height":96,"caption":"admin"}},{"@type":"WebPage","@id":"https:\/\/eldigitaldeasturias.com\/magazine365\/aerolineas-y-hoteleras-espanolas-continuan-su-desplome-a-lo-largo-de-la-jornada-tras-el-brexit\/#webpage","url":"https:\/\/eldigitaldeasturias.com\/magazine365\/aerolineas-y-hoteleras-espanolas-continuan-su-desplome-a-lo-largo-de-la-jornada-tras-el-brexit\/","name":"Aerol\u00edneas y hoteleras espa\u00f1olas contin\u00faan su desplome a lo largo de la jornada tras el \u2018Brexit\u2019 | El Digital de Asturias","description":"Los valores de las empresas del sector aeron\u00e1utico IAG, Aena y Amadeus y de las cadenas hoteleras NH Hotel Group y Meli\u00e1 Hotels Internationals contin\u00faan sufriendo bajadas en esta jornada burs\u00e1til tras el 'Brexit', seg\u00fan los datos de la bolsa actualizados a las 13.00 horas. El grupo IAG, que engloba a Iberia, British Airways, Vueling","inLanguage":"es-ES","isPartOf":{"@id":"https:\/\/eldigitaldeasturias.com\/magazine365\/#website"},"breadcrumb":{"@id":"https:\/\/eldigitaldeasturias.com\/magazine365\/aerolineas-y-hoteleras-espanolas-continuan-su-desplome-a-lo-largo-de-la-jornada-tras-el-brexit\/#breadcrumblist"},"author":{"@id":"https:\/\/eldigitaldeasturias.com\/magazine365\/author\/admin\/#author"},"creator":{"@id":"https:\/\/eldigitaldeasturias.com\/magazine365\/author\/admin\/#author"},"image":{"@type":"ImageObject","url":"https:\/\/eldigitaldeasturias.com\/magazine365\/wp-content\/uploads\/2016\/06\/fotonoticia_20160624135331_800.jpg","@id":"https:\/\/eldigitaldeasturias.com\/magazine365\/aerolineas-y-hoteleras-espanolas-continuan-su-desplome-a-lo-largo-de-la-jornada-tras-el-brexit\/#mainImage","width":800,"height":594},"primaryImageOfPage":{"@id":"https:\/\/eldigitaldeasturias.com\/magazine365\/aerolineas-y-hoteleras-espanolas-continuan-su-desplome-a-lo-largo-de-la-jornada-tras-el-brexit\/#mainImage"},"datePublished":"2016-06-26T03:05:01+02:00","dateModified":"2016-06-26T03:05:01+02:00"},{"@type":"WebSite","@id":"https:\/\/eldigitaldeasturias.com\/magazine365\/#website","url":"https:\/\/eldigitaldeasturias.com\/magazine365\/","name":"El Digital de Asturias","description":"Revista de ocio, turismo y estilo de vida","inLanguage":"es-ES","publisher":{"@id":"https:\/\/eldigitaldeasturias.com\/magazine365\/#organization"}}]},"og:locale":"es_ES","og:site_name":"El Digital de Asturias \u2013 Revista de ocio, turismo y estilo de vida","og:type":"article","og:title":"Aerol\u00edneas y hoteleras espa\u00f1olas contin\u00faan su desplome a lo largo de la jornada tras el \u2018Brexit\u2019 | El Digital de Asturias","og:description":"Los valores de las empresas del sector aeron\u00e1utico IAG, Aena y Amadeus y de las cadenas hoteleras NH Hotel Group y Meli\u00e1 Hotels Internationals contin\u00faan sufriendo bajadas en esta jornada burs\u00e1til tras el 'Brexit', seg\u00fan los datos de la bolsa actualizados a las 13.00 horas. El grupo IAG, que engloba a Iberia, British Airways, Vueling","og:url":"https:\/\/eldigitaldeasturias.com\/magazine365\/aerolineas-y-hoteleras-espanolas-continuan-su-desplome-a-lo-largo-de-la-jornada-tras-el-brexit\/","og:image":"https:\/\/eldigitaldeasturias.com\/magazine365\/wp-content\/uploads\/2016\/06\/fotonoticia_20160624135331_800.jpg","og:image:secure_url":"https:\/\/eldigitaldeasturias.com\/magazine365\/wp-content\/uploads\/2016\/06\/fotonoticia_20160624135331_800.jpg","og:image:width":800,"og:image:height":594,"article:published_time":"2016-06-26T01:05:01+00:00","article:modified_time":"2016-06-26T01:05:01+00:00","twitter:card":"summary_large_image","twitter:title":"Aerol\u00edneas y hoteleras espa\u00f1olas contin\u00faan su desplome a lo largo de la jornada tras el \u2018Brexit\u2019 | El Digital de Asturias","twitter:description":"Los valores de las empresas del sector aeron\u00e1utico IAG, Aena y Amadeus y de las cadenas hoteleras NH Hotel Group y Meli\u00e1 Hotels Internationals contin\u00faan sufriendo bajadas en esta jornada burs\u00e1til tras el 'Brexit', seg\u00fan los datos de la bolsa actualizados a las 13.00 horas. El grupo IAG, que engloba a Iberia, British Airways, Vueling","twitter:image":"https:\/\/eldigitaldeasturias.com\/magazine365\/wp-content\/uploads\/2016\/06\/fotonoticia_20160624135331_800.jpg"},"aioseo_meta_data":{"post_id":"80707","title":null,"description":null,"keywords":null,"keyphrases":null,"primary_term":null,"canonical_url":null,"og_title":null,"og_description":null,"og_object_type":"default","og_image_type":"default","og_image_url":null,"og_image_width":null,"og_image_height":null,"og_image_custom_url":null,"og_image_custom_fields":null,"og_video":null,"og_custom_url":null,"og_article_section":null,"og_article_tags":null,"twitter_use_og":false,"twitter_card":"default","twitter_image_type":"default","twitter_image_url":null,"twitter_image_custom_url":null,"twitter_image_custom_fields":null,"twitter_title":null,"twitter_description":null,"schema":{"blockGraphs":[],"customGraphs":[],"default":{"data":{"Article":[],"Course":[],"Dataset":[],"FAQPage":[],"Movie":[],"Person":[],"Product":[],"ProductReview":[],"Car":[],"Recipe":[],"Service":[],"SoftwareApplication":[],"WebPage":[]},"graphName":"","isEnabled":true},"graphs":[],"defaultGraph":"","defaultPostTypeGraph":""},"schema_type":null,"schema_type_options":null,"pillar_content":false,"robots_default":true,"robots_noindex":false,"robots_noarchive":false,"robots_nosnippet":false,"robots_nofollow":false,"robots_noimageindex":false,"robots_noodp":false,"robots_notranslate":false,"robots_max_snippet":null,"robots_max_videopreview":null,"robots_max_imagepreview":"large","priority":null,"frequency":null,"location":null,"local_seo":null,"seo_analyzer_scan_date":"2025-09-27 21:21:58","breadcrumb_settings":null,"limit_modified_date":false,"open_ai":null,"ai":null,"created":"2021-03-08 17:29:24","updated":"2025-09-27 21:21:58"},"aioseo_breadcrumb":"<div class=\"aioseo-breadcrumbs\"><span class=\"aioseo-breadcrumb\">\n\t<a href=\"https:\/\/eldigitaldeasturias.com\/magazine365\" title=\"Home\">Home<\/a>\n<\/span><span class=\"aioseo-breadcrumb-separator\">\u2013<\/span><span class=\"aioseo-breadcrumb\">\n\t<a href=\"https:\/\/eldigitaldeasturias.com\/magazine365\/category\/noticias-actualidad\/\" title=\"Noticias y Actualidad\">Noticias y Actualidad<\/a>\n<\/span><span class=\"aioseo-breadcrumb-separator\">\u2013<\/span><span class=\"aioseo-breadcrumb\">\n\t<a href=\"https:\/\/eldigitaldeasturias.com\/magazine365\/aerolineas-y-hoteleras-espanolas-continuan-su-desplome-a-lo-largo-de-la-jornada-tras-el-brexit\/\" title=\"Aerol\u00edneas y hoteleras espa\u00f1olas contin\u00faan su desplome a lo largo de la jornada tras el \u2018Brexit\u2019\">Aerol\u00edneas y hoteleras espa\u00f1olas contin\u00faan su desplome a lo largo de la jornada tras el \u2018Brexit\u2019<\/a>\n<\/span><\/div>","aioseo_breadcrumb_json":[{"label":"Home","link":"https:\/\/eldigitaldeasturias.com\/magazine365"},{"label":"Noticias y Actualidad","link":"https:\/\/eldigitaldeasturias.com\/magazine365\/category\/noticias-actualidad\/"},{"label":"Aerol\u00edneas y hoteleras espa\u00f1olas contin\u00faan su desplome a lo largo de la jornada tras el &#8216;Brexit&#8217;","link":"https:\/\/eldigitaldeasturias.com\/magazine365\/aerolineas-y-hoteleras-espanolas-continuan-su-desplome-a-lo-largo-de-la-jornada-tras-el-brexit\/"}],"_links":{"self":[{"href":"https:\/\/eldigitaldeasturias.com\/magazine365\/wp-json\/wp\/v2\/posts\/80707","targetHints":{"allow":["GET"]}}],"collection":[{"href":"https:\/\/eldigitaldeasturias.com\/magazine365\/wp-json\/wp\/v2\/posts"}],"about":[{"href":"https:\/\/eldigitaldeasturias.com\/magazine365\/wp-json\/wp\/v2\/types\/post"}],"author":[{"embeddable":true,"href":"https:\/\/eldigitaldeasturias.com\/magazine365\/wp-json\/wp\/v2\/users\/1"}],"replies":[{"embeddable":true,"href":"https:\/\/eldigitaldeasturias.com\/magazine365\/wp-json\/wp\/v2\/comments?post=80707"}],"version-history":[{"count":0,"href":"https:\/\/eldigitaldeasturias.com\/magazine365\/wp-json\/wp\/v2\/posts\/80707\/revisions"}],"wp:featuredmedia":[{"embeddable":true,"href":"https:\/\/eldigitaldeasturias.com\/magazine365\/wp-json\/wp\/v2\/media\/80708"}],"wp:attachment":[{"href":"https:\/\/eldigitaldeasturias.com\/magazine365\/wp-json\/wp\/v2\/media?parent=80707"}],"wp:term":[{"taxonomy":"category","embeddable":true,"href":"https:\/\/eldigitaldeasturias.com\/magazine365\/wp-json\/wp\/v2\/categories?post=80707"},{"taxonomy":"post_tag","embeddable":true,"href":"https:\/\/eldigitaldeasturias.com\/magazine365\/wp-json\/wp\/v2\/tags?post=80707"}],"curies":[{"name":"wp","href":"https:\/\/api.w.org\/{rel}","templated":true}]}}