{"id":80665,"date":"2016-06-26T02:33:39","date_gmt":"2016-06-26T00:33:39","guid":{"rendered":"http:\/\/eldigitaldeasturias.com\/magazine365\/?p=80665"},"modified":"2016-06-26T02:33:39","modified_gmt":"2016-06-26T00:33:39","slug":"la-dgt-pone-en-marcha-su-operativo-de-verano-en-una-semana-con-el-objetivo-de-reducir-las-226-muertes-de-2015","status":"publish","type":"post","link":"https:\/\/eldigitaldeasturias.com\/magazine365\/la-dgt-pone-en-marcha-su-operativo-de-verano-en-una-semana-con-el-objetivo-de-reducir-las-226-muertes-de-2015\/","title":{"rendered":"La DGT pone en marcha su operativo de verano en una semana con el objetivo de reducir las 226 muertes de 2015"},"content":{"rendered":"<p><img fetchpriority=\"high\" decoding=\"async\" class=\"alignleft size-medium wp-image-80666\" src=\"https:\/\/eldigitaldeasturias.com\/magazine365\/wp-content\/uploads\/2016\/06\/fotonoticia_20160624110349_800-269x300.jpg\" alt=\"fotonoticia_20160624110349_800\" width=\"269\" height=\"300\" srcset=\"https:\/\/eldigitaldeasturias.com\/magazine365\/wp-content\/uploads\/2016\/06\/fotonoticia_20160624110349_800-269x300.jpg 269w, https:\/\/eldigitaldeasturias.com\/magazine365\/wp-content\/uploads\/2016\/06\/fotonoticia_20160624110349_800-574x640.jpg 574w, https:\/\/eldigitaldeasturias.com\/magazine365\/wp-content\/uploads\/2016\/06\/fotonoticia_20160624110349_800-768x856.jpg 768w, https:\/\/eldigitaldeasturias.com\/magazine365\/wp-content\/uploads\/2016\/06\/fotonoticia_20160624110349_800-150x167.jpg 150w, https:\/\/eldigitaldeasturias.com\/magazine365\/wp-content\/uploads\/2016\/06\/fotonoticia_20160624110349_800-450x502.jpg 450w, https:\/\/eldigitaldeasturias.com\/magazine365\/wp-content\/uploads\/2016\/06\/fotonoticia_20160624110349_800.jpg 800w\" sizes=\"(max-width: 269px) 100vw, 269px\" \/>El operativo especial de verano de la Direcci\u00f3n General de Tr\u00e1fico se pone en marcha la pr\u00f3xima semana con el objetivo de reducir las cifras de fallecidos en las carreteras espa\u00f1olas con respecto a a\u00f1os anteriores. Se tratar\u00eda de rebajar los 226 muertos registrados durante los meses de julio y agosto de 2015.<\/p>\n<p>En los \u00faltimos 10 a\u00f1os, desde la llegada del carn\u00e9 por puntos al pa\u00eds, el n\u00famero de v\u00edctimas ha ido reduci\u00e9ndose en los dos meses considerados como los de mayor siniestralidad del a\u00f1o, debido a los numerosos desplazamientos que se registran en la carretera.<\/p>\n<p>El a\u00f1o pasado fue el primero en el que esta cifra de v\u00edctimas baj\u00f3 de los 300. Adem\u00e1s se registraron las mismas muertes en ambos meses: 113. Se trata de una importante bajada (de 40 fallecidos) con respecto a 2014, en el que se contabilizaron 153 v\u00edctimas en julio y 156 en agosto, sumando un total de 309.<\/p>\n<p>El descenso continuado de esta d\u00e9cada destaca al comparar la cifra de 2015 (226 v\u00edctimas) con la registrada en 2006: 711. De hecho, en el a\u00f1o 2007 se registr\u00f3 una leve subida, hasta los 748, para volver a bajar en m\u00e1s de 100 muertes al a\u00f1o siguiente. En 2008 se registraron 613 fallecidos en las carreteras durante el operativo especial de verano.<\/p>\n<p>Ya en 2009 se contabilizaron 533 y en 2010 un total de 509. No se baj\u00f3 del medio millar de v\u00edctimas hasta 2011, cuando se produjeron 438 muertes. 2012, con 351 y 2013 con 334 mantuvieron la tendencia a la baja de este periodo.<\/p>\n","protected":false},"excerpt":{"rendered":"<p>El operativo especial de verano de la Direcci\u00f3n General de Tr\u00e1fico se pone en marcha la pr\u00f3xima semana con el objetivo de reducir las cifras de fallecidos en las carreteras espa\u00f1olas con respecto a a\u00f1os anteriores. Se tratar\u00eda de rebajar los 226 muertos registrados durante los meses de julio y agosto de 2015. En los<\/p>\n","protected":false},"author":1,"featured_media":80666,"comment_status":"open","ping_status":"closed","sticky":false,"template":"","format":"standard","meta":{"footnotes":""},"categories":[224],"tags":[],"class_list":{"0":"post-80665","1":"post","2":"type-post","3":"status-publish","4":"format-standard","5":"has-post-thumbnail","7":"category-noticias-actualidad"},"aioseo_notices":[],"aioseo_head":"\n\t\t<!-- All in One SEO Pro 4.9.6.1 - aioseo.com -->\n\t<meta name=\"description\" content=\"El operativo especial de verano de la Direcci\u00f3n General de Tr\u00e1fico se pone en marcha la pr\u00f3xima semana con el objetivo de reducir las cifras de fallecidos en las carreteras espa\u00f1olas con respecto a a\u00f1os anteriores. Se tratar\u00eda de rebajar los 226 muertos registrados durante los meses de julio y agosto de 2015. En los\" \/>\n\t<meta name=\"robots\" content=\"max-image-preview:large\" \/>\n\t<meta name=\"author\" content=\"admin\"\/>\n\t<meta name=\"google-site-verification\" content=\"UA-38556648-1\" \/>\n\t<meta name=\"keywords\" content=\"noticias y actualidad\" \/>\n\t<link rel=\"canonical\" href=\"https:\/\/eldigitaldeasturias.com\/magazine365\/la-dgt-pone-en-marcha-su-operativo-de-verano-en-una-semana-con-el-objetivo-de-reducir-las-226-muertes-de-2015\/\" \/>\n\t<meta name=\"generator\" content=\"All in One SEO Pro (AIOSEO) 4.9.6.1\" \/>\n\t\t<meta property=\"og:locale\" content=\"es_ES\" \/>\n\t\t<meta property=\"og:site_name\" content=\"El Digital de Asturias \u2013 Revista de ocio, turismo y estilo de vida\" \/>\n\t\t<meta property=\"og:type\" content=\"article\" \/>\n\t\t<meta property=\"og:title\" content=\"La DGT pone en marcha su operativo de verano en una semana con el objetivo de reducir las 226 muertes de 2015 | El Digital de Asturias\" \/>\n\t\t<meta property=\"og:description\" content=\"El operativo especial de verano de la Direcci\u00f3n General de Tr\u00e1fico se pone en marcha la pr\u00f3xima semana con el objetivo de reducir las cifras de fallecidos en las carreteras espa\u00f1olas con respecto a a\u00f1os anteriores. Se tratar\u00eda de rebajar los 226 muertos registrados durante los meses de julio y agosto de 2015. En los\" \/>\n\t\t<meta property=\"og:url\" content=\"https:\/\/eldigitaldeasturias.com\/magazine365\/la-dgt-pone-en-marcha-su-operativo-de-verano-en-una-semana-con-el-objetivo-de-reducir-las-226-muertes-de-2015\/\" \/>\n\t\t<meta property=\"og:image\" content=\"https:\/\/eldigitaldeasturias.com\/magazine365\/wp-content\/uploads\/2016\/06\/fotonoticia_20160624110349_800.jpg\" \/>\n\t\t<meta property=\"og:image:secure_url\" content=\"https:\/\/eldigitaldeasturias.com\/magazine365\/wp-content\/uploads\/2016\/06\/fotonoticia_20160624110349_800.jpg\" \/>\n\t\t<meta property=\"og:image:width\" content=\"800\" \/>\n\t\t<meta property=\"og:image:height\" content=\"892\" \/>\n\t\t<meta property=\"article:published_time\" content=\"2016-06-26T00:33:39+00:00\" \/>\n\t\t<meta property=\"article:modified_time\" content=\"2016-06-26T00:33:39+00:00\" \/>\n\t\t<meta name=\"twitter:card\" content=\"summary_large_image\" \/>\n\t\t<meta name=\"twitter:title\" content=\"La DGT pone en marcha su operativo de verano en una semana con el objetivo de reducir las 226 muertes de 2015 | El Digital de Asturias\" \/>\n\t\t<meta name=\"twitter:description\" content=\"El operativo especial de verano de la Direcci\u00f3n General de Tr\u00e1fico se pone en marcha la pr\u00f3xima semana con el objetivo de reducir las cifras de fallecidos en las carreteras espa\u00f1olas con respecto a a\u00f1os anteriores. Se tratar\u00eda de rebajar los 226 muertos registrados durante los meses de julio y agosto de 2015. En los\" \/>\n\t\t<meta name=\"twitter:image\" content=\"https:\/\/eldigitaldeasturias.com\/magazine365\/wp-content\/uploads\/2016\/06\/fotonoticia_20160624110349_800.jpg\" \/>\n\t\t<script type=\"application\/ld+json\" class=\"aioseo-schema\">\n\t\t\t{\"@context\":\"https:\\\/\\\/schema.org\",\"@graph\":[{\"@type\":\"Article\",\"@id\":\"https:\\\/\\\/eldigitaldeasturias.com\\\/magazine365\\\/la-dgt-pone-en-marcha-su-operativo-de-verano-en-una-semana-con-el-objetivo-de-reducir-las-226-muertes-de-2015\\\/#article\",\"name\":\"La DGT pone en marcha su operativo de verano en una semana con el objetivo de reducir las 226 muertes de 2015 | El Digital de Asturias\",\"headline\":\"La DGT pone en marcha su operativo de verano en una semana con el objetivo de reducir las 226 muertes de 2015\",\"author\":{\"@id\":\"https:\\\/\\\/eldigitaldeasturias.com\\\/magazine365\\\/author\\\/admin\\\/#author\"},\"publisher\":{\"@id\":\"https:\\\/\\\/eldigitaldeasturias.com\\\/magazine365\\\/#organization\"},\"image\":{\"@type\":\"ImageObject\",\"url\":\"https:\\\/\\\/eldigitaldeasturias.com\\\/magazine365\\\/wp-content\\\/uploads\\\/2016\\\/06\\\/fotonoticia_20160624110349_800.jpg\",\"width\":800,\"height\":892},\"datePublished\":\"2016-06-26T02:33:39+02:00\",\"dateModified\":\"2016-06-26T02:33:39+02:00\",\"inLanguage\":\"es-ES\",\"mainEntityOfPage\":{\"@id\":\"https:\\\/\\\/eldigitaldeasturias.com\\\/magazine365\\\/la-dgt-pone-en-marcha-su-operativo-de-verano-en-una-semana-con-el-objetivo-de-reducir-las-226-muertes-de-2015\\\/#webpage\"},\"isPartOf\":{\"@id\":\"https:\\\/\\\/eldigitaldeasturias.com\\\/magazine365\\\/la-dgt-pone-en-marcha-su-operativo-de-verano-en-una-semana-con-el-objetivo-de-reducir-las-226-muertes-de-2015\\\/#webpage\"},\"articleSection\":\"Noticias y Actualidad\"},{\"@type\":\"BreadcrumbList\",\"@id\":\"https:\\\/\\\/eldigitaldeasturias.com\\\/magazine365\\\/la-dgt-pone-en-marcha-su-operativo-de-verano-en-una-semana-con-el-objetivo-de-reducir-las-226-muertes-de-2015\\\/#breadcrumblist\",\"itemListElement\":[{\"@type\":\"ListItem\",\"@id\":\"https:\\\/\\\/eldigitaldeasturias.com\\\/magazine365#listItem\",\"position\":1,\"name\":\"Home\",\"item\":\"https:\\\/\\\/eldigitaldeasturias.com\\\/magazine365\",\"nextItem\":{\"@type\":\"ListItem\",\"@id\":\"https:\\\/\\\/eldigitaldeasturias.com\\\/magazine365\\\/category\\\/noticias-actualidad\\\/#listItem\",\"name\":\"Noticias y Actualidad\"}},{\"@type\":\"ListItem\",\"@id\":\"https:\\\/\\\/eldigitaldeasturias.com\\\/magazine365\\\/category\\\/noticias-actualidad\\\/#listItem\",\"position\":2,\"name\":\"Noticias y Actualidad\",\"item\":\"https:\\\/\\\/eldigitaldeasturias.com\\\/magazine365\\\/category\\\/noticias-actualidad\\\/\",\"nextItem\":{\"@type\":\"ListItem\",\"@id\":\"https:\\\/\\\/eldigitaldeasturias.com\\\/magazine365\\\/la-dgt-pone-en-marcha-su-operativo-de-verano-en-una-semana-con-el-objetivo-de-reducir-las-226-muertes-de-2015\\\/#listItem\",\"name\":\"La DGT pone en marcha su operativo de verano en una semana con el objetivo de reducir las 226 muertes de 2015\"},\"previousItem\":{\"@type\":\"ListItem\",\"@id\":\"https:\\\/\\\/eldigitaldeasturias.com\\\/magazine365#listItem\",\"name\":\"Home\"}},{\"@type\":\"ListItem\",\"@id\":\"https:\\\/\\\/eldigitaldeasturias.com\\\/magazine365\\\/la-dgt-pone-en-marcha-su-operativo-de-verano-en-una-semana-con-el-objetivo-de-reducir-las-226-muertes-de-2015\\\/#listItem\",\"position\":3,\"name\":\"La DGT pone en marcha su operativo de verano en una semana con el objetivo de reducir las 226 muertes de 2015\",\"previousItem\":{\"@type\":\"ListItem\",\"@id\":\"https:\\\/\\\/eldigitaldeasturias.com\\\/magazine365\\\/category\\\/noticias-actualidad\\\/#listItem\",\"name\":\"Noticias y Actualidad\"}}]},{\"@type\":\"Organization\",\"@id\":\"https:\\\/\\\/eldigitaldeasturias.com\\\/magazine365\\\/#organization\",\"name\":\"El digital de Asturias\",\"description\":\"Revista de ocio, turismo y estilo de vida\",\"url\":\"https:\\\/\\\/eldigitaldeasturias.com\\\/magazine365\\\/\",\"logo\":{\"@type\":\"ImageObject\",\"url\":\"https:\\\/\\\/www.eldigitaldeasturias.com\\\/noticias\\\/wp-content\\\/uploads\\\/2020\\\/12\\\/EDA.jpg\",\"@id\":\"https:\\\/\\\/eldigitaldeasturias.com\\\/magazine365\\\/la-dgt-pone-en-marcha-su-operativo-de-verano-en-una-semana-con-el-objetivo-de-reducir-las-226-muertes-de-2015\\\/#organizationLogo\"},\"image\":{\"@id\":\"https:\\\/\\\/eldigitaldeasturias.com\\\/magazine365\\\/la-dgt-pone-en-marcha-su-operativo-de-verano-en-una-semana-con-el-objetivo-de-reducir-las-226-muertes-de-2015\\\/#organizationLogo\"}},{\"@type\":\"Person\",\"@id\":\"https:\\\/\\\/eldigitaldeasturias.com\\\/magazine365\\\/author\\\/admin\\\/#author\",\"url\":\"https:\\\/\\\/eldigitaldeasturias.com\\\/magazine365\\\/author\\\/admin\\\/\",\"name\":\"admin\",\"image\":{\"@type\":\"ImageObject\",\"@id\":\"https:\\\/\\\/eldigitaldeasturias.com\\\/magazine365\\\/la-dgt-pone-en-marcha-su-operativo-de-verano-en-una-semana-con-el-objetivo-de-reducir-las-226-muertes-de-2015\\\/#authorImage\",\"url\":\"https:\\\/\\\/eldigitaldeasturias.com\\\/magazine365\\\/wp-content\\\/litespeed\\\/avatar\\\/e571bcf59a0edd6fa6838245a470f2fe.jpg?ver=1776969259\",\"width\":96,\"height\":96,\"caption\":\"admin\"}},{\"@type\":\"WebPage\",\"@id\":\"https:\\\/\\\/eldigitaldeasturias.com\\\/magazine365\\\/la-dgt-pone-en-marcha-su-operativo-de-verano-en-una-semana-con-el-objetivo-de-reducir-las-226-muertes-de-2015\\\/#webpage\",\"url\":\"https:\\\/\\\/eldigitaldeasturias.com\\\/magazine365\\\/la-dgt-pone-en-marcha-su-operativo-de-verano-en-una-semana-con-el-objetivo-de-reducir-las-226-muertes-de-2015\\\/\",\"name\":\"La DGT pone en marcha su operativo de verano en una semana con el objetivo de reducir las 226 muertes de 2015 | El Digital de Asturias\",\"description\":\"El operativo especial de verano de la Direcci\\u00f3n General de Tr\\u00e1fico se pone en marcha la pr\\u00f3xima semana con el objetivo de reducir las cifras de fallecidos en las carreteras espa\\u00f1olas con respecto a a\\u00f1os anteriores. Se tratar\\u00eda de rebajar los 226 muertos registrados durante los meses de julio y agosto de 2015. En los\",\"inLanguage\":\"es-ES\",\"isPartOf\":{\"@id\":\"https:\\\/\\\/eldigitaldeasturias.com\\\/magazine365\\\/#website\"},\"breadcrumb\":{\"@id\":\"https:\\\/\\\/eldigitaldeasturias.com\\\/magazine365\\\/la-dgt-pone-en-marcha-su-operativo-de-verano-en-una-semana-con-el-objetivo-de-reducir-las-226-muertes-de-2015\\\/#breadcrumblist\"},\"author\":{\"@id\":\"https:\\\/\\\/eldigitaldeasturias.com\\\/magazine365\\\/author\\\/admin\\\/#author\"},\"creator\":{\"@id\":\"https:\\\/\\\/eldigitaldeasturias.com\\\/magazine365\\\/author\\\/admin\\\/#author\"},\"image\":{\"@type\":\"ImageObject\",\"url\":\"https:\\\/\\\/eldigitaldeasturias.com\\\/magazine365\\\/wp-content\\\/uploads\\\/2016\\\/06\\\/fotonoticia_20160624110349_800.jpg\",\"@id\":\"https:\\\/\\\/eldigitaldeasturias.com\\\/magazine365\\\/la-dgt-pone-en-marcha-su-operativo-de-verano-en-una-semana-con-el-objetivo-de-reducir-las-226-muertes-de-2015\\\/#mainImage\",\"width\":800,\"height\":892},\"primaryImageOfPage\":{\"@id\":\"https:\\\/\\\/eldigitaldeasturias.com\\\/magazine365\\\/la-dgt-pone-en-marcha-su-operativo-de-verano-en-una-semana-con-el-objetivo-de-reducir-las-226-muertes-de-2015\\\/#mainImage\"},\"datePublished\":\"2016-06-26T02:33:39+02:00\",\"dateModified\":\"2016-06-26T02:33:39+02:00\"},{\"@type\":\"WebSite\",\"@id\":\"https:\\\/\\\/eldigitaldeasturias.com\\\/magazine365\\\/#website\",\"url\":\"https:\\\/\\\/eldigitaldeasturias.com\\\/magazine365\\\/\",\"name\":\"El Digital de Asturias\",\"description\":\"Revista de ocio, turismo y estilo de vida\",\"inLanguage\":\"es-ES\",\"publisher\":{\"@id\":\"https:\\\/\\\/eldigitaldeasturias.com\\\/magazine365\\\/#organization\"}}]}\n\t\t<\/script>\n\t\t<!-- All in One SEO Pro -->\r\n\t\t<title>La DGT pone en marcha su operativo de verano en una semana con el objetivo de reducir las 226 muertes de 2015 | El Digital de Asturias<\/title>\n\n","aioseo_head_json":{"title":"La DGT pone en marcha su operativo de verano en una semana con el objetivo de reducir las 226 muertes de 2015 | El Digital de Asturias","description":"El operativo especial de verano de la Direcci\u00f3n General de Tr\u00e1fico se pone en marcha la pr\u00f3xima semana con el objetivo de reducir las cifras de fallecidos en las carreteras espa\u00f1olas con respecto a a\u00f1os anteriores. Se tratar\u00eda de rebajar los 226 muertos registrados durante los meses de julio y agosto de 2015. En los","canonical_url":"https:\/\/eldigitaldeasturias.com\/magazine365\/la-dgt-pone-en-marcha-su-operativo-de-verano-en-una-semana-con-el-objetivo-de-reducir-las-226-muertes-de-2015\/","robots":"max-image-preview:large","keywords":"noticias y actualidad","webmasterTools":{"google-site-verification":"UA-38556648-1","miscellaneous":""},"schema":{"@context":"https:\/\/schema.org","@graph":[{"@type":"Article","@id":"https:\/\/eldigitaldeasturias.com\/magazine365\/la-dgt-pone-en-marcha-su-operativo-de-verano-en-una-semana-con-el-objetivo-de-reducir-las-226-muertes-de-2015\/#article","name":"La DGT pone en marcha su operativo de verano en una semana con el objetivo de reducir las 226 muertes de 2015 | El Digital de Asturias","headline":"La DGT pone en marcha su operativo de verano en una semana con el objetivo de reducir las 226 muertes de 2015","author":{"@id":"https:\/\/eldigitaldeasturias.com\/magazine365\/author\/admin\/#author"},"publisher":{"@id":"https:\/\/eldigitaldeasturias.com\/magazine365\/#organization"},"image":{"@type":"ImageObject","url":"https:\/\/eldigitaldeasturias.com\/magazine365\/wp-content\/uploads\/2016\/06\/fotonoticia_20160624110349_800.jpg","width":800,"height":892},"datePublished":"2016-06-26T02:33:39+02:00","dateModified":"2016-06-26T02:33:39+02:00","inLanguage":"es-ES","mainEntityOfPage":{"@id":"https:\/\/eldigitaldeasturias.com\/magazine365\/la-dgt-pone-en-marcha-su-operativo-de-verano-en-una-semana-con-el-objetivo-de-reducir-las-226-muertes-de-2015\/#webpage"},"isPartOf":{"@id":"https:\/\/eldigitaldeasturias.com\/magazine365\/la-dgt-pone-en-marcha-su-operativo-de-verano-en-una-semana-con-el-objetivo-de-reducir-las-226-muertes-de-2015\/#webpage"},"articleSection":"Noticias y Actualidad"},{"@type":"BreadcrumbList","@id":"https:\/\/eldigitaldeasturias.com\/magazine365\/la-dgt-pone-en-marcha-su-operativo-de-verano-en-una-semana-con-el-objetivo-de-reducir-las-226-muertes-de-2015\/#breadcrumblist","itemListElement":[{"@type":"ListItem","@id":"https:\/\/eldigitaldeasturias.com\/magazine365#listItem","position":1,"name":"Home","item":"https:\/\/eldigitaldeasturias.com\/magazine365","nextItem":{"@type":"ListItem","@id":"https:\/\/eldigitaldeasturias.com\/magazine365\/category\/noticias-actualidad\/#listItem","name":"Noticias y Actualidad"}},{"@type":"ListItem","@id":"https:\/\/eldigitaldeasturias.com\/magazine365\/category\/noticias-actualidad\/#listItem","position":2,"name":"Noticias y Actualidad","item":"https:\/\/eldigitaldeasturias.com\/magazine365\/category\/noticias-actualidad\/","nextItem":{"@type":"ListItem","@id":"https:\/\/eldigitaldeasturias.com\/magazine365\/la-dgt-pone-en-marcha-su-operativo-de-verano-en-una-semana-con-el-objetivo-de-reducir-las-226-muertes-de-2015\/#listItem","name":"La DGT pone en marcha su operativo de verano en una semana con el objetivo de reducir las 226 muertes de 2015"},"previousItem":{"@type":"ListItem","@id":"https:\/\/eldigitaldeasturias.com\/magazine365#listItem","name":"Home"}},{"@type":"ListItem","@id":"https:\/\/eldigitaldeasturias.com\/magazine365\/la-dgt-pone-en-marcha-su-operativo-de-verano-en-una-semana-con-el-objetivo-de-reducir-las-226-muertes-de-2015\/#listItem","position":3,"name":"La DGT pone en marcha su operativo de verano en una semana con el objetivo de reducir las 226 muertes de 2015","previousItem":{"@type":"ListItem","@id":"https:\/\/eldigitaldeasturias.com\/magazine365\/category\/noticias-actualidad\/#listItem","name":"Noticias y Actualidad"}}]},{"@type":"Organization","@id":"https:\/\/eldigitaldeasturias.com\/magazine365\/#organization","name":"El digital de Asturias","description":"Revista de ocio, turismo y estilo de vida","url":"https:\/\/eldigitaldeasturias.com\/magazine365\/","logo":{"@type":"ImageObject","url":"https:\/\/www.eldigitaldeasturias.com\/noticias\/wp-content\/uploads\/2020\/12\/EDA.jpg","@id":"https:\/\/eldigitaldeasturias.com\/magazine365\/la-dgt-pone-en-marcha-su-operativo-de-verano-en-una-semana-con-el-objetivo-de-reducir-las-226-muertes-de-2015\/#organizationLogo"},"image":{"@id":"https:\/\/eldigitaldeasturias.com\/magazine365\/la-dgt-pone-en-marcha-su-operativo-de-verano-en-una-semana-con-el-objetivo-de-reducir-las-226-muertes-de-2015\/#organizationLogo"}},{"@type":"Person","@id":"https:\/\/eldigitaldeasturias.com\/magazine365\/author\/admin\/#author","url":"https:\/\/eldigitaldeasturias.com\/magazine365\/author\/admin\/","name":"admin","image":{"@type":"ImageObject","@id":"https:\/\/eldigitaldeasturias.com\/magazine365\/la-dgt-pone-en-marcha-su-operativo-de-verano-en-una-semana-con-el-objetivo-de-reducir-las-226-muertes-de-2015\/#authorImage","url":"https:\/\/eldigitaldeasturias.com\/magazine365\/wp-content\/litespeed\/avatar\/e571bcf59a0edd6fa6838245a470f2fe.jpg?ver=1776969259","width":96,"height":96,"caption":"admin"}},{"@type":"WebPage","@id":"https:\/\/eldigitaldeasturias.com\/magazine365\/la-dgt-pone-en-marcha-su-operativo-de-verano-en-una-semana-con-el-objetivo-de-reducir-las-226-muertes-de-2015\/#webpage","url":"https:\/\/eldigitaldeasturias.com\/magazine365\/la-dgt-pone-en-marcha-su-operativo-de-verano-en-una-semana-con-el-objetivo-de-reducir-las-226-muertes-de-2015\/","name":"La DGT pone en marcha su operativo de verano en una semana con el objetivo de reducir las 226 muertes de 2015 | El Digital de Asturias","description":"El operativo especial de verano de la Direcci\u00f3n General de Tr\u00e1fico se pone en marcha la pr\u00f3xima semana con el objetivo de reducir las cifras de fallecidos en las carreteras espa\u00f1olas con respecto a a\u00f1os anteriores. Se tratar\u00eda de rebajar los 226 muertos registrados durante los meses de julio y agosto de 2015. En los","inLanguage":"es-ES","isPartOf":{"@id":"https:\/\/eldigitaldeasturias.com\/magazine365\/#website"},"breadcrumb":{"@id":"https:\/\/eldigitaldeasturias.com\/magazine365\/la-dgt-pone-en-marcha-su-operativo-de-verano-en-una-semana-con-el-objetivo-de-reducir-las-226-muertes-de-2015\/#breadcrumblist"},"author":{"@id":"https:\/\/eldigitaldeasturias.com\/magazine365\/author\/admin\/#author"},"creator":{"@id":"https:\/\/eldigitaldeasturias.com\/magazine365\/author\/admin\/#author"},"image":{"@type":"ImageObject","url":"https:\/\/eldigitaldeasturias.com\/magazine365\/wp-content\/uploads\/2016\/06\/fotonoticia_20160624110349_800.jpg","@id":"https:\/\/eldigitaldeasturias.com\/magazine365\/la-dgt-pone-en-marcha-su-operativo-de-verano-en-una-semana-con-el-objetivo-de-reducir-las-226-muertes-de-2015\/#mainImage","width":800,"height":892},"primaryImageOfPage":{"@id":"https:\/\/eldigitaldeasturias.com\/magazine365\/la-dgt-pone-en-marcha-su-operativo-de-verano-en-una-semana-con-el-objetivo-de-reducir-las-226-muertes-de-2015\/#mainImage"},"datePublished":"2016-06-26T02:33:39+02:00","dateModified":"2016-06-26T02:33:39+02:00"},{"@type":"WebSite","@id":"https:\/\/eldigitaldeasturias.com\/magazine365\/#website","url":"https:\/\/eldigitaldeasturias.com\/magazine365\/","name":"El Digital de Asturias","description":"Revista de ocio, turismo y estilo de vida","inLanguage":"es-ES","publisher":{"@id":"https:\/\/eldigitaldeasturias.com\/magazine365\/#organization"}}]},"og:locale":"es_ES","og:site_name":"El Digital de Asturias \u2013 Revista de ocio, turismo y estilo de vida","og:type":"article","og:title":"La DGT pone en marcha su operativo de verano en una semana con el objetivo de reducir las 226 muertes de 2015 | El Digital de Asturias","og:description":"El operativo especial de verano de la Direcci\u00f3n General de Tr\u00e1fico se pone en marcha la pr\u00f3xima semana con el objetivo de reducir las cifras de fallecidos en las carreteras espa\u00f1olas con respecto a a\u00f1os anteriores. Se tratar\u00eda de rebajar los 226 muertos registrados durante los meses de julio y agosto de 2015. En los","og:url":"https:\/\/eldigitaldeasturias.com\/magazine365\/la-dgt-pone-en-marcha-su-operativo-de-verano-en-una-semana-con-el-objetivo-de-reducir-las-226-muertes-de-2015\/","og:image":"https:\/\/eldigitaldeasturias.com\/magazine365\/wp-content\/uploads\/2016\/06\/fotonoticia_20160624110349_800.jpg","og:image:secure_url":"https:\/\/eldigitaldeasturias.com\/magazine365\/wp-content\/uploads\/2016\/06\/fotonoticia_20160624110349_800.jpg","og:image:width":800,"og:image:height":892,"article:published_time":"2016-06-26T00:33:39+00:00","article:modified_time":"2016-06-26T00:33:39+00:00","twitter:card":"summary_large_image","twitter:title":"La DGT pone en marcha su operativo de verano en una semana con el objetivo de reducir las 226 muertes de 2015 | El Digital de Asturias","twitter:description":"El operativo especial de verano de la Direcci\u00f3n General de Tr\u00e1fico se pone en marcha la pr\u00f3xima semana con el objetivo de reducir las cifras de fallecidos en las carreteras espa\u00f1olas con respecto a a\u00f1os anteriores. Se tratar\u00eda de rebajar los 226 muertos registrados durante los meses de julio y agosto de 2015. En los","twitter:image":"https:\/\/eldigitaldeasturias.com\/magazine365\/wp-content\/uploads\/2016\/06\/fotonoticia_20160624110349_800.jpg"},"aioseo_meta_data":{"post_id":"80665","title":null,"description":null,"keywords":null,"keyphrases":null,"primary_term":null,"canonical_url":null,"og_title":null,"og_description":null,"og_object_type":"default","og_image_type":"default","og_image_url":null,"og_image_width":null,"og_image_height":null,"og_image_custom_url":null,"og_image_custom_fields":null,"og_video":null,"og_custom_url":null,"og_article_section":null,"og_article_tags":null,"twitter_use_og":false,"twitter_card":"default","twitter_image_type":"default","twitter_image_url":null,"twitter_image_custom_url":null,"twitter_image_custom_fields":null,"twitter_title":null,"twitter_description":null,"schema":{"blockGraphs":[],"customGraphs":[],"default":{"data":{"Article":[],"Course":[],"Dataset":[],"FAQPage":[],"Movie":[],"Person":[],"Product":[],"ProductReview":[],"Car":[],"Recipe":[],"Service":[],"SoftwareApplication":[],"WebPage":[]},"graphName":"","isEnabled":true},"graphs":[],"defaultGraph":"","defaultPostTypeGraph":""},"schema_type":null,"schema_type_options":null,"pillar_content":false,"robots_default":true,"robots_noindex":false,"robots_noarchive":false,"robots_nosnippet":false,"robots_nofollow":false,"robots_noimageindex":false,"robots_noodp":false,"robots_notranslate":false,"robots_max_snippet":null,"robots_max_videopreview":null,"robots_max_imagepreview":"large","priority":null,"frequency":null,"location":null,"local_seo":null,"seo_analyzer_scan_date":"2025-09-27 21:16:57","breadcrumb_settings":null,"limit_modified_date":false,"open_ai":null,"ai":null,"created":"2021-03-08 17:29:24","updated":"2025-09-27 21:16:57"},"aioseo_breadcrumb":"<div class=\"aioseo-breadcrumbs\"><span class=\"aioseo-breadcrumb\">\n\t<a href=\"https:\/\/eldigitaldeasturias.com\/magazine365\" title=\"Home\">Home<\/a>\n<\/span><span class=\"aioseo-breadcrumb-separator\">\u2013<\/span><span class=\"aioseo-breadcrumb\">\n\t<a href=\"https:\/\/eldigitaldeasturias.com\/magazine365\/category\/noticias-actualidad\/\" title=\"Noticias y Actualidad\">Noticias y Actualidad<\/a>\n<\/span><span class=\"aioseo-breadcrumb-separator\">\u2013<\/span><span class=\"aioseo-breadcrumb\">\n\t<a href=\"https:\/\/eldigitaldeasturias.com\/magazine365\/la-dgt-pone-en-marcha-su-operativo-de-verano-en-una-semana-con-el-objetivo-de-reducir-las-226-muertes-de-2015\/\" title=\"La DGT pone en marcha su operativo de verano en una semana con el objetivo de reducir las 226 muertes de 2015\">La DGT pone en marcha su operativo de verano en una semana con el objetivo de reducir las 226 muertes de 2015<\/a>\n<\/span><\/div>","aioseo_breadcrumb_json":[{"label":"Home","link":"https:\/\/eldigitaldeasturias.com\/magazine365"},{"label":"Noticias y Actualidad","link":"https:\/\/eldigitaldeasturias.com\/magazine365\/category\/noticias-actualidad\/"},{"label":"La DGT pone en marcha su operativo de verano en una semana con el objetivo de reducir las 226 muertes de 2015","link":"https:\/\/eldigitaldeasturias.com\/magazine365\/la-dgt-pone-en-marcha-su-operativo-de-verano-en-una-semana-con-el-objetivo-de-reducir-las-226-muertes-de-2015\/"}],"_links":{"self":[{"href":"https:\/\/eldigitaldeasturias.com\/magazine365\/wp-json\/wp\/v2\/posts\/80665","targetHints":{"allow":["GET"]}}],"collection":[{"href":"https:\/\/eldigitaldeasturias.com\/magazine365\/wp-json\/wp\/v2\/posts"}],"about":[{"href":"https:\/\/eldigitaldeasturias.com\/magazine365\/wp-json\/wp\/v2\/types\/post"}],"author":[{"embeddable":true,"href":"https:\/\/eldigitaldeasturias.com\/magazine365\/wp-json\/wp\/v2\/users\/1"}],"replies":[{"embeddable":true,"href":"https:\/\/eldigitaldeasturias.com\/magazine365\/wp-json\/wp\/v2\/comments?post=80665"}],"version-history":[{"count":0,"href":"https:\/\/eldigitaldeasturias.com\/magazine365\/wp-json\/wp\/v2\/posts\/80665\/revisions"}],"wp:featuredmedia":[{"embeddable":true,"href":"https:\/\/eldigitaldeasturias.com\/magazine365\/wp-json\/wp\/v2\/media\/80666"}],"wp:attachment":[{"href":"https:\/\/eldigitaldeasturias.com\/magazine365\/wp-json\/wp\/v2\/media?parent=80665"}],"wp:term":[{"taxonomy":"category","embeddable":true,"href":"https:\/\/eldigitaldeasturias.com\/magazine365\/wp-json\/wp\/v2\/categories?post=80665"},{"taxonomy":"post_tag","embeddable":true,"href":"https:\/\/eldigitaldeasturias.com\/magazine365\/wp-json\/wp\/v2\/tags?post=80665"}],"curies":[{"name":"wp","href":"https:\/\/api.w.org\/{rel}","templated":true}]}}