{"id":80645,"date":"2016-06-26T02:22:09","date_gmt":"2016-06-26T00:22:09","guid":{"rendered":"http:\/\/eldigitaldeasturias.com\/magazine365\/?p=80645"},"modified":"2016-06-26T02:22:09","modified_gmt":"2016-06-26T00:22:09","slug":"motril-y-colectivos-se-unen-en-defensa-de-las-playas-ante-la-inaccion-de-costas","status":"publish","type":"post","link":"https:\/\/eldigitaldeasturias.com\/magazine365\/motril-y-colectivos-se-unen-en-defensa-de-las-playas-ante-la-inaccion-de-costas\/","title":{"rendered":"Motril y colectivos se unen en defensa de las playas ante la \u00abinacci\u00f3n\u00bb de Costas"},"content":{"rendered":"<p><img fetchpriority=\"high\" decoding=\"async\" class=\"alignleft size-medium wp-image-80646\" src=\"https:\/\/eldigitaldeasturias.com\/magazine365\/wp-content\/uploads\/2016\/06\/fotonoticia_20160623182941_800-360x270.jpg\" alt=\"fotonoticia_20160623182941_800\" width=\"360\" height=\"270\" srcset=\"https:\/\/eldigitaldeasturias.com\/magazine365\/wp-content\/uploads\/2016\/06\/fotonoticia_20160623182941_800-360x270.jpg 360w, https:\/\/eldigitaldeasturias.com\/magazine365\/wp-content\/uploads\/2016\/06\/fotonoticia_20160623182941_800-650x488.jpg 650w, https:\/\/eldigitaldeasturias.com\/magazine365\/wp-content\/uploads\/2016\/06\/fotonoticia_20160623182941_800-768x576.jpg 768w, https:\/\/eldigitaldeasturias.com\/magazine365\/wp-content\/uploads\/2016\/06\/fotonoticia_20160623182941_800-150x113.jpg 150w, https:\/\/eldigitaldeasturias.com\/magazine365\/wp-content\/uploads\/2016\/06\/fotonoticia_20160623182941_800-450x338.jpg 450w, https:\/\/eldigitaldeasturias.com\/magazine365\/wp-content\/uploads\/2016\/06\/fotonoticia_20160623182941_800-90x67.jpg 90w, https:\/\/eldigitaldeasturias.com\/magazine365\/wp-content\/uploads\/2016\/06\/fotonoticia_20160623182941_800-164x124.jpg 164w, https:\/\/eldigitaldeasturias.com\/magazine365\/wp-content\/uploads\/2016\/06\/fotonoticia_20160623182941_800-100x75.jpg 100w, https:\/\/eldigitaldeasturias.com\/magazine365\/wp-content\/uploads\/2016\/06\/fotonoticia_20160623182941_800.jpg 800w\" sizes=\"(max-width: 360px) 100vw, 360px\" \/>Representantes de asociaciones de comerciantes, colectivos sociales y asociaciones empresariales han mantenido este jueves en el Ayuntamiento de Motril (Granada) la primera reuni\u00f3n de la Mesa para el Desarrollo, Mejora y Defensa de las Playas de la localidad ante la \u00abinacci\u00f3n\u00bb de Costas para realizar intervenciones que mejoren su estado.<\/p>\n<p>La teniente de alcalde de Turismo y Playas, Alicia Crespo, acompa\u00f1ada por el presidente de la Mancomunidad de Municipios, Sergio Garc\u00eda Alabarce, la teniente de alcalde de Comercio y Anejos, Susana Feixas, y la edil de Mantenimiento, Parques y Jardines, Gloria Chica, ha presidido este primer encuentro de la Mesa en el que se ha expuesto la situaci\u00f3n del litoral motrile\u00f1o, los problemas con la Subdelegaci\u00f3n del Gobierno y las diferentes medidas a tomar.<\/p>\n<p>Crespo ha explicado que el objetivo de la Mesa es velar por los intereses de las playas motrile\u00f1as \u00abque ahora mismo se enfrentan a un tremendo problema\u00bb.<\/p>\n<p>\u00abEl verano ya est\u00e1 aqu\u00ed, nadie firma la orden para intervenir y nuestras playas siguen en un estado poco adecuado. A pesar de los numerosos intentos de contactar con la Subdelegaci\u00f3n del Gobierno v\u00eda telef\u00f3nica e incluso mediante carta, seguimos sin obtener respuesta de ellos\u00bb, ha se\u00f1alado Crespo en un comunicado.<\/p>\n<p>\u00abLa situaci\u00f3n es apremiante, y tanto los vecinos de Motril como los visitantes que quieren disfrutar de nuestra costa y los numerosos negocios que se encuentra all\u00ed saben que van a sufrir un enorme perjuicio por causa de la desidia de las instituciones superiores\u00bb, ha a\u00f1adido la teniente de alcalde.<\/p>\n<p>Ha indicado que todos los que han formado parte de la Mesa est\u00e1n volcados con el problema. \u00abQuieren que la situaci\u00f3n se arregle lo antes posible y podamos disfrutar de las playas motrile\u00f1as de la mejor manera posible\u00bb.<\/p>\n<p>Crespo ha informado de que entre los acuerdos principales destaca la creaci\u00f3n de una comisi\u00f3n con los colectivos afectados \u00abpara tomar medidas que presionen al Ministerio y se busque una soluci\u00f3n definitiva al problema de Playa Granada y la mejora de la Playa de Poniente\u00bb.<\/p>\n<p>\u00abAdem\u00e1s, debido a la inacci\u00f3n de Costas y al grave perjuicio que esto est\u00e1 produciendo a Motril y a su econom\u00eda, se va intervenir con medios municipales para tratar de adecentar en la medida de lo posible las playas. El objetivo es que los visitantes, y los motrile\u00f1os que se acerquen a ellas durante el mes de julio las encuentra en mejor estado\u00bb, ha subrayado Crespo.<\/p>\n<p>Por su parte, Francisco Trujillo, presidente de la Asociaci\u00f3n de Chiringuitos de la Costa Tropical, ha incidido en la gravedad del problema. \u00abNo hay que hacer un arreglo a corto plazo como se ha hecho hasta ahora sino buscar una soluci\u00f3n definitiva al problema que viven las playas de Motril\u00bb, ha advertido.<\/p>\n<p>\u00abCon esas peque\u00f1as intervenciones, desde Costas s\u00f3lo han tirado cantidades ingentes de dinero al mar cuando no es precisamente dinero lo que sobra. Deber\u00edan de emplear esos esfuerzos en dar una soluci\u00f3n definitiva y realizar una apuesta clara y segura para que todas las playas del litoral est\u00e9n perfectas todo el a\u00f1o\u00bb, ha afirmado.<\/p>\n<p>Por \u00faltimo, el presidente de la C\u00e1mara de Comercio de Motril, \u00c1ngel Gij\u00f3n, se ha mostrado asombrado \u00abpor la dejadez de funciones de Costas\u00bb y ha lamentado que la Costa Tropical siempre se enfrente al perjuicio que le causan instituciones superiores.<\/p>\n<p>\u00abEn \u00e9poca de mayor afluencia de visitantes, en una zona donde seis de cada diez puestos de trabajo est\u00e1n relacionados con el turismo y el sector servicios, nos encontramos que desde Costas, el Ministerio y la Subdelegaci\u00f3n hacen o\u00eddos sordos a un problema que es su obligaci\u00f3n solucionar con la mayor brevedad posible. Esto es la gota que colma el vaso. Por eso nos debemos de unir todos para reclamar algo que es justo para todos\u00bb, ha incidido \u00c1ngel Gij\u00f3n.<\/p>\n","protected":false},"excerpt":{"rendered":"<p>Representantes de asociaciones de comerciantes, colectivos sociales y asociaciones empresariales han mantenido este jueves en el Ayuntamiento de Motril (Granada) la primera reuni\u00f3n de la Mesa para el Desarrollo, Mejora y Defensa de las Playas de la localidad ante la \u00abinacci\u00f3n\u00bb de Costas para realizar intervenciones que mejoren su estado. La teniente de alcalde de<\/p>\n","protected":false},"author":1,"featured_media":80646,"comment_status":"open","ping_status":"closed","sticky":false,"template":"","format":"standard","meta":{"footnotes":""},"categories":[224],"tags":[],"class_list":{"0":"post-80645","1":"post","2":"type-post","3":"status-publish","4":"format-standard","5":"has-post-thumbnail","7":"category-noticias-actualidad"},"aioseo_notices":[],"aioseo_head":"\n\t\t<!-- All in One SEO Pro 4.9.6.1 - aioseo.com -->\n\t<meta name=\"description\" content=\"Representantes de asociaciones de comerciantes, colectivos sociales y asociaciones empresariales han mantenido este jueves en el Ayuntamiento de Motril (Granada) la primera reuni\u00f3n de la Mesa para el Desarrollo, Mejora y Defensa de las Playas de la localidad ante la &quot;inacci\u00f3n&quot; de Costas para realizar intervenciones que mejoren su estado. La teniente de alcalde de\" \/>\n\t<meta name=\"robots\" content=\"max-image-preview:large\" \/>\n\t<meta name=\"author\" content=\"admin\"\/>\n\t<meta name=\"google-site-verification\" content=\"UA-38556648-1\" \/>\n\t<meta name=\"keywords\" content=\"noticias y actualidad\" \/>\n\t<link rel=\"canonical\" href=\"https:\/\/eldigitaldeasturias.com\/magazine365\/motril-y-colectivos-se-unen-en-defensa-de-las-playas-ante-la-inaccion-de-costas\/\" \/>\n\t<meta name=\"generator\" content=\"All in One SEO Pro (AIOSEO) 4.9.6.1\" \/>\n\t\t<meta property=\"og:locale\" content=\"es_ES\" \/>\n\t\t<meta property=\"og:site_name\" content=\"El Digital de Asturias \u2013 Revista de ocio, turismo y estilo de vida\" \/>\n\t\t<meta property=\"og:type\" content=\"article\" \/>\n\t\t<meta property=\"og:title\" content=\"Motril y colectivos se unen en defensa de las playas ante la \u00abinacci\u00f3n\u00bb de Costas | El Digital de Asturias\" \/>\n\t\t<meta property=\"og:description\" content=\"Representantes de asociaciones de comerciantes, colectivos sociales y asociaciones empresariales han mantenido este jueves en el Ayuntamiento de Motril (Granada) la primera reuni\u00f3n de la Mesa para el Desarrollo, Mejora y Defensa de las Playas de la localidad ante la &quot;inacci\u00f3n&quot; de Costas para realizar intervenciones que mejoren su estado. La teniente de alcalde de\" \/>\n\t\t<meta property=\"og:url\" content=\"https:\/\/eldigitaldeasturias.com\/magazine365\/motril-y-colectivos-se-unen-en-defensa-de-las-playas-ante-la-inaccion-de-costas\/\" \/>\n\t\t<meta property=\"og:image\" content=\"https:\/\/eldigitaldeasturias.com\/magazine365\/wp-content\/uploads\/2016\/06\/fotonoticia_20160623182941_800.jpg\" \/>\n\t\t<meta property=\"og:image:secure_url\" content=\"https:\/\/eldigitaldeasturias.com\/magazine365\/wp-content\/uploads\/2016\/06\/fotonoticia_20160623182941_800.jpg\" \/>\n\t\t<meta property=\"og:image:width\" content=\"800\" \/>\n\t\t<meta property=\"og:image:height\" content=\"600\" \/>\n\t\t<meta property=\"article:published_time\" content=\"2016-06-26T00:22:09+00:00\" \/>\n\t\t<meta property=\"article:modified_time\" content=\"2016-06-26T00:22:09+00:00\" \/>\n\t\t<meta name=\"twitter:card\" content=\"summary_large_image\" \/>\n\t\t<meta name=\"twitter:title\" content=\"Motril y colectivos se unen en defensa de las playas ante la \u00abinacci\u00f3n\u00bb de Costas | El Digital de Asturias\" \/>\n\t\t<meta name=\"twitter:description\" content=\"Representantes de asociaciones de comerciantes, colectivos sociales y asociaciones empresariales han mantenido este jueves en el Ayuntamiento de Motril (Granada) la primera reuni\u00f3n de la Mesa para el Desarrollo, Mejora y Defensa de las Playas de la localidad ante la &quot;inacci\u00f3n&quot; de Costas para realizar intervenciones que mejoren su estado. La teniente de alcalde de\" \/>\n\t\t<meta name=\"twitter:image\" content=\"https:\/\/eldigitaldeasturias.com\/magazine365\/wp-content\/uploads\/2016\/06\/fotonoticia_20160623182941_800.jpg\" \/>\n\t\t<script type=\"application\/ld+json\" class=\"aioseo-schema\">\n\t\t\t{\"@context\":\"https:\\\/\\\/schema.org\",\"@graph\":[{\"@type\":\"Article\",\"@id\":\"https:\\\/\\\/eldigitaldeasturias.com\\\/magazine365\\\/motril-y-colectivos-se-unen-en-defensa-de-las-playas-ante-la-inaccion-de-costas\\\/#article\",\"name\":\"Motril y colectivos se unen en defensa de las playas ante la \\u00abinacci\\u00f3n\\u00bb de Costas | El Digital de Asturias\",\"headline\":\"Motril y colectivos se unen en defensa de las playas ante la \\u00abinacci\\u00f3n\\u00bb de Costas\",\"author\":{\"@id\":\"https:\\\/\\\/eldigitaldeasturias.com\\\/magazine365\\\/author\\\/admin\\\/#author\"},\"publisher\":{\"@id\":\"https:\\\/\\\/eldigitaldeasturias.com\\\/magazine365\\\/#organization\"},\"image\":{\"@type\":\"ImageObject\",\"url\":\"https:\\\/\\\/eldigitaldeasturias.com\\\/magazine365\\\/wp-content\\\/uploads\\\/2016\\\/06\\\/fotonoticia_20160623182941_800.jpg\",\"width\":800,\"height\":600},\"datePublished\":\"2016-06-26T02:22:09+02:00\",\"dateModified\":\"2016-06-26T02:22:09+02:00\",\"inLanguage\":\"es-ES\",\"mainEntityOfPage\":{\"@id\":\"https:\\\/\\\/eldigitaldeasturias.com\\\/magazine365\\\/motril-y-colectivos-se-unen-en-defensa-de-las-playas-ante-la-inaccion-de-costas\\\/#webpage\"},\"isPartOf\":{\"@id\":\"https:\\\/\\\/eldigitaldeasturias.com\\\/magazine365\\\/motril-y-colectivos-se-unen-en-defensa-de-las-playas-ante-la-inaccion-de-costas\\\/#webpage\"},\"articleSection\":\"Noticias y Actualidad\"},{\"@type\":\"BreadcrumbList\",\"@id\":\"https:\\\/\\\/eldigitaldeasturias.com\\\/magazine365\\\/motril-y-colectivos-se-unen-en-defensa-de-las-playas-ante-la-inaccion-de-costas\\\/#breadcrumblist\",\"itemListElement\":[{\"@type\":\"ListItem\",\"@id\":\"https:\\\/\\\/eldigitaldeasturias.com\\\/magazine365#listItem\",\"position\":1,\"name\":\"Home\",\"item\":\"https:\\\/\\\/eldigitaldeasturias.com\\\/magazine365\",\"nextItem\":{\"@type\":\"ListItem\",\"@id\":\"https:\\\/\\\/eldigitaldeasturias.com\\\/magazine365\\\/category\\\/noticias-actualidad\\\/#listItem\",\"name\":\"Noticias y Actualidad\"}},{\"@type\":\"ListItem\",\"@id\":\"https:\\\/\\\/eldigitaldeasturias.com\\\/magazine365\\\/category\\\/noticias-actualidad\\\/#listItem\",\"position\":2,\"name\":\"Noticias y Actualidad\",\"item\":\"https:\\\/\\\/eldigitaldeasturias.com\\\/magazine365\\\/category\\\/noticias-actualidad\\\/\",\"nextItem\":{\"@type\":\"ListItem\",\"@id\":\"https:\\\/\\\/eldigitaldeasturias.com\\\/magazine365\\\/motril-y-colectivos-se-unen-en-defensa-de-las-playas-ante-la-inaccion-de-costas\\\/#listItem\",\"name\":\"Motril y colectivos se unen en defensa de las playas ante la \\u00abinacci\\u00f3n\\u00bb de Costas\"},\"previousItem\":{\"@type\":\"ListItem\",\"@id\":\"https:\\\/\\\/eldigitaldeasturias.com\\\/magazine365#listItem\",\"name\":\"Home\"}},{\"@type\":\"ListItem\",\"@id\":\"https:\\\/\\\/eldigitaldeasturias.com\\\/magazine365\\\/motril-y-colectivos-se-unen-en-defensa-de-las-playas-ante-la-inaccion-de-costas\\\/#listItem\",\"position\":3,\"name\":\"Motril y colectivos se unen en defensa de las playas ante la \\u00abinacci\\u00f3n\\u00bb de Costas\",\"previousItem\":{\"@type\":\"ListItem\",\"@id\":\"https:\\\/\\\/eldigitaldeasturias.com\\\/magazine365\\\/category\\\/noticias-actualidad\\\/#listItem\",\"name\":\"Noticias y Actualidad\"}}]},{\"@type\":\"Organization\",\"@id\":\"https:\\\/\\\/eldigitaldeasturias.com\\\/magazine365\\\/#organization\",\"name\":\"El digital de Asturias\",\"description\":\"Revista de ocio, turismo y estilo de vida\",\"url\":\"https:\\\/\\\/eldigitaldeasturias.com\\\/magazine365\\\/\",\"logo\":{\"@type\":\"ImageObject\",\"url\":\"https:\\\/\\\/www.eldigitaldeasturias.com\\\/noticias\\\/wp-content\\\/uploads\\\/2020\\\/12\\\/EDA.jpg\",\"@id\":\"https:\\\/\\\/eldigitaldeasturias.com\\\/magazine365\\\/motril-y-colectivos-se-unen-en-defensa-de-las-playas-ante-la-inaccion-de-costas\\\/#organizationLogo\"},\"image\":{\"@id\":\"https:\\\/\\\/eldigitaldeasturias.com\\\/magazine365\\\/motril-y-colectivos-se-unen-en-defensa-de-las-playas-ante-la-inaccion-de-costas\\\/#organizationLogo\"}},{\"@type\":\"Person\",\"@id\":\"https:\\\/\\\/eldigitaldeasturias.com\\\/magazine365\\\/author\\\/admin\\\/#author\",\"url\":\"https:\\\/\\\/eldigitaldeasturias.com\\\/magazine365\\\/author\\\/admin\\\/\",\"name\":\"admin\",\"image\":{\"@type\":\"ImageObject\",\"@id\":\"https:\\\/\\\/eldigitaldeasturias.com\\\/magazine365\\\/motril-y-colectivos-se-unen-en-defensa-de-las-playas-ante-la-inaccion-de-costas\\\/#authorImage\",\"url\":\"https:\\\/\\\/eldigitaldeasturias.com\\\/magazine365\\\/wp-content\\\/litespeed\\\/avatar\\\/e571bcf59a0edd6fa6838245a470f2fe.jpg?ver=1776969259\",\"width\":96,\"height\":96,\"caption\":\"admin\"}},{\"@type\":\"WebPage\",\"@id\":\"https:\\\/\\\/eldigitaldeasturias.com\\\/magazine365\\\/motril-y-colectivos-se-unen-en-defensa-de-las-playas-ante-la-inaccion-de-costas\\\/#webpage\",\"url\":\"https:\\\/\\\/eldigitaldeasturias.com\\\/magazine365\\\/motril-y-colectivos-se-unen-en-defensa-de-las-playas-ante-la-inaccion-de-costas\\\/\",\"name\":\"Motril y colectivos se unen en defensa de las playas ante la \\u00abinacci\\u00f3n\\u00bb de Costas | El Digital de Asturias\",\"description\":\"Representantes de asociaciones de comerciantes, colectivos sociales y asociaciones empresariales han mantenido este jueves en el Ayuntamiento de Motril (Granada) la primera reuni\\u00f3n de la Mesa para el Desarrollo, Mejora y Defensa de las Playas de la localidad ante la \\\"inacci\\u00f3n\\\" de Costas para realizar intervenciones que mejoren su estado. La teniente de alcalde de\",\"inLanguage\":\"es-ES\",\"isPartOf\":{\"@id\":\"https:\\\/\\\/eldigitaldeasturias.com\\\/magazine365\\\/#website\"},\"breadcrumb\":{\"@id\":\"https:\\\/\\\/eldigitaldeasturias.com\\\/magazine365\\\/motril-y-colectivos-se-unen-en-defensa-de-las-playas-ante-la-inaccion-de-costas\\\/#breadcrumblist\"},\"author\":{\"@id\":\"https:\\\/\\\/eldigitaldeasturias.com\\\/magazine365\\\/author\\\/admin\\\/#author\"},\"creator\":{\"@id\":\"https:\\\/\\\/eldigitaldeasturias.com\\\/magazine365\\\/author\\\/admin\\\/#author\"},\"image\":{\"@type\":\"ImageObject\",\"url\":\"https:\\\/\\\/eldigitaldeasturias.com\\\/magazine365\\\/wp-content\\\/uploads\\\/2016\\\/06\\\/fotonoticia_20160623182941_800.jpg\",\"@id\":\"https:\\\/\\\/eldigitaldeasturias.com\\\/magazine365\\\/motril-y-colectivos-se-unen-en-defensa-de-las-playas-ante-la-inaccion-de-costas\\\/#mainImage\",\"width\":800,\"height\":600},\"primaryImageOfPage\":{\"@id\":\"https:\\\/\\\/eldigitaldeasturias.com\\\/magazine365\\\/motril-y-colectivos-se-unen-en-defensa-de-las-playas-ante-la-inaccion-de-costas\\\/#mainImage\"},\"datePublished\":\"2016-06-26T02:22:09+02:00\",\"dateModified\":\"2016-06-26T02:22:09+02:00\"},{\"@type\":\"WebSite\",\"@id\":\"https:\\\/\\\/eldigitaldeasturias.com\\\/magazine365\\\/#website\",\"url\":\"https:\\\/\\\/eldigitaldeasturias.com\\\/magazine365\\\/\",\"name\":\"El Digital de Asturias\",\"description\":\"Revista de ocio, turismo y estilo de vida\",\"inLanguage\":\"es-ES\",\"publisher\":{\"@id\":\"https:\\\/\\\/eldigitaldeasturias.com\\\/magazine365\\\/#organization\"}}]}\n\t\t<\/script>\n\t\t<!-- All in One SEO Pro -->\r\n\t\t<title>Motril y colectivos se unen en defensa de las playas ante la \u00abinacci\u00f3n\u00bb de Costas | El Digital de Asturias<\/title>\n\n","aioseo_head_json":{"title":"Motril y colectivos se unen en defensa de las playas ante la \u00abinacci\u00f3n\u00bb de Costas | El Digital de Asturias","description":"Representantes de asociaciones de comerciantes, colectivos sociales y asociaciones empresariales han mantenido este jueves en el Ayuntamiento de Motril (Granada) la primera reuni\u00f3n de la Mesa para el Desarrollo, Mejora y Defensa de las Playas de la localidad ante la \"inacci\u00f3n\" de Costas para realizar intervenciones que mejoren su estado. La teniente de alcalde de","canonical_url":"https:\/\/eldigitaldeasturias.com\/magazine365\/motril-y-colectivos-se-unen-en-defensa-de-las-playas-ante-la-inaccion-de-costas\/","robots":"max-image-preview:large","keywords":"noticias y actualidad","webmasterTools":{"google-site-verification":"UA-38556648-1","miscellaneous":""},"schema":{"@context":"https:\/\/schema.org","@graph":[{"@type":"Article","@id":"https:\/\/eldigitaldeasturias.com\/magazine365\/motril-y-colectivos-se-unen-en-defensa-de-las-playas-ante-la-inaccion-de-costas\/#article","name":"Motril y colectivos se unen en defensa de las playas ante la \u00abinacci\u00f3n\u00bb de Costas | El Digital de Asturias","headline":"Motril y colectivos se unen en defensa de las playas ante la \u00abinacci\u00f3n\u00bb de Costas","author":{"@id":"https:\/\/eldigitaldeasturias.com\/magazine365\/author\/admin\/#author"},"publisher":{"@id":"https:\/\/eldigitaldeasturias.com\/magazine365\/#organization"},"image":{"@type":"ImageObject","url":"https:\/\/eldigitaldeasturias.com\/magazine365\/wp-content\/uploads\/2016\/06\/fotonoticia_20160623182941_800.jpg","width":800,"height":600},"datePublished":"2016-06-26T02:22:09+02:00","dateModified":"2016-06-26T02:22:09+02:00","inLanguage":"es-ES","mainEntityOfPage":{"@id":"https:\/\/eldigitaldeasturias.com\/magazine365\/motril-y-colectivos-se-unen-en-defensa-de-las-playas-ante-la-inaccion-de-costas\/#webpage"},"isPartOf":{"@id":"https:\/\/eldigitaldeasturias.com\/magazine365\/motril-y-colectivos-se-unen-en-defensa-de-las-playas-ante-la-inaccion-de-costas\/#webpage"},"articleSection":"Noticias y Actualidad"},{"@type":"BreadcrumbList","@id":"https:\/\/eldigitaldeasturias.com\/magazine365\/motril-y-colectivos-se-unen-en-defensa-de-las-playas-ante-la-inaccion-de-costas\/#breadcrumblist","itemListElement":[{"@type":"ListItem","@id":"https:\/\/eldigitaldeasturias.com\/magazine365#listItem","position":1,"name":"Home","item":"https:\/\/eldigitaldeasturias.com\/magazine365","nextItem":{"@type":"ListItem","@id":"https:\/\/eldigitaldeasturias.com\/magazine365\/category\/noticias-actualidad\/#listItem","name":"Noticias y Actualidad"}},{"@type":"ListItem","@id":"https:\/\/eldigitaldeasturias.com\/magazine365\/category\/noticias-actualidad\/#listItem","position":2,"name":"Noticias y Actualidad","item":"https:\/\/eldigitaldeasturias.com\/magazine365\/category\/noticias-actualidad\/","nextItem":{"@type":"ListItem","@id":"https:\/\/eldigitaldeasturias.com\/magazine365\/motril-y-colectivos-se-unen-en-defensa-de-las-playas-ante-la-inaccion-de-costas\/#listItem","name":"Motril y colectivos se unen en defensa de las playas ante la \u00abinacci\u00f3n\u00bb de Costas"},"previousItem":{"@type":"ListItem","@id":"https:\/\/eldigitaldeasturias.com\/magazine365#listItem","name":"Home"}},{"@type":"ListItem","@id":"https:\/\/eldigitaldeasturias.com\/magazine365\/motril-y-colectivos-se-unen-en-defensa-de-las-playas-ante-la-inaccion-de-costas\/#listItem","position":3,"name":"Motril y colectivos se unen en defensa de las playas ante la \u00abinacci\u00f3n\u00bb de Costas","previousItem":{"@type":"ListItem","@id":"https:\/\/eldigitaldeasturias.com\/magazine365\/category\/noticias-actualidad\/#listItem","name":"Noticias y Actualidad"}}]},{"@type":"Organization","@id":"https:\/\/eldigitaldeasturias.com\/magazine365\/#organization","name":"El digital de Asturias","description":"Revista de ocio, turismo y estilo de vida","url":"https:\/\/eldigitaldeasturias.com\/magazine365\/","logo":{"@type":"ImageObject","url":"https:\/\/www.eldigitaldeasturias.com\/noticias\/wp-content\/uploads\/2020\/12\/EDA.jpg","@id":"https:\/\/eldigitaldeasturias.com\/magazine365\/motril-y-colectivos-se-unen-en-defensa-de-las-playas-ante-la-inaccion-de-costas\/#organizationLogo"},"image":{"@id":"https:\/\/eldigitaldeasturias.com\/magazine365\/motril-y-colectivos-se-unen-en-defensa-de-las-playas-ante-la-inaccion-de-costas\/#organizationLogo"}},{"@type":"Person","@id":"https:\/\/eldigitaldeasturias.com\/magazine365\/author\/admin\/#author","url":"https:\/\/eldigitaldeasturias.com\/magazine365\/author\/admin\/","name":"admin","image":{"@type":"ImageObject","@id":"https:\/\/eldigitaldeasturias.com\/magazine365\/motril-y-colectivos-se-unen-en-defensa-de-las-playas-ante-la-inaccion-de-costas\/#authorImage","url":"https:\/\/eldigitaldeasturias.com\/magazine365\/wp-content\/litespeed\/avatar\/e571bcf59a0edd6fa6838245a470f2fe.jpg?ver=1776969259","width":96,"height":96,"caption":"admin"}},{"@type":"WebPage","@id":"https:\/\/eldigitaldeasturias.com\/magazine365\/motril-y-colectivos-se-unen-en-defensa-de-las-playas-ante-la-inaccion-de-costas\/#webpage","url":"https:\/\/eldigitaldeasturias.com\/magazine365\/motril-y-colectivos-se-unen-en-defensa-de-las-playas-ante-la-inaccion-de-costas\/","name":"Motril y colectivos se unen en defensa de las playas ante la \u00abinacci\u00f3n\u00bb de Costas | El Digital de Asturias","description":"Representantes de asociaciones de comerciantes, colectivos sociales y asociaciones empresariales han mantenido este jueves en el Ayuntamiento de Motril (Granada) la primera reuni\u00f3n de la Mesa para el Desarrollo, Mejora y Defensa de las Playas de la localidad ante la \"inacci\u00f3n\" de Costas para realizar intervenciones que mejoren su estado. La teniente de alcalde de","inLanguage":"es-ES","isPartOf":{"@id":"https:\/\/eldigitaldeasturias.com\/magazine365\/#website"},"breadcrumb":{"@id":"https:\/\/eldigitaldeasturias.com\/magazine365\/motril-y-colectivos-se-unen-en-defensa-de-las-playas-ante-la-inaccion-de-costas\/#breadcrumblist"},"author":{"@id":"https:\/\/eldigitaldeasturias.com\/magazine365\/author\/admin\/#author"},"creator":{"@id":"https:\/\/eldigitaldeasturias.com\/magazine365\/author\/admin\/#author"},"image":{"@type":"ImageObject","url":"https:\/\/eldigitaldeasturias.com\/magazine365\/wp-content\/uploads\/2016\/06\/fotonoticia_20160623182941_800.jpg","@id":"https:\/\/eldigitaldeasturias.com\/magazine365\/motril-y-colectivos-se-unen-en-defensa-de-las-playas-ante-la-inaccion-de-costas\/#mainImage","width":800,"height":600},"primaryImageOfPage":{"@id":"https:\/\/eldigitaldeasturias.com\/magazine365\/motril-y-colectivos-se-unen-en-defensa-de-las-playas-ante-la-inaccion-de-costas\/#mainImage"},"datePublished":"2016-06-26T02:22:09+02:00","dateModified":"2016-06-26T02:22:09+02:00"},{"@type":"WebSite","@id":"https:\/\/eldigitaldeasturias.com\/magazine365\/#website","url":"https:\/\/eldigitaldeasturias.com\/magazine365\/","name":"El Digital de Asturias","description":"Revista de ocio, turismo y estilo de vida","inLanguage":"es-ES","publisher":{"@id":"https:\/\/eldigitaldeasturias.com\/magazine365\/#organization"}}]},"og:locale":"es_ES","og:site_name":"El Digital de Asturias \u2013 Revista de ocio, turismo y estilo de vida","og:type":"article","og:title":"Motril y colectivos se unen en defensa de las playas ante la \u00abinacci\u00f3n\u00bb de Costas | El Digital de Asturias","og:description":"Representantes de asociaciones de comerciantes, colectivos sociales y asociaciones empresariales han mantenido este jueves en el Ayuntamiento de Motril (Granada) la primera reuni\u00f3n de la Mesa para el Desarrollo, Mejora y Defensa de las Playas de la localidad ante la &quot;inacci\u00f3n&quot; de Costas para realizar intervenciones que mejoren su estado. La teniente de alcalde de","og:url":"https:\/\/eldigitaldeasturias.com\/magazine365\/motril-y-colectivos-se-unen-en-defensa-de-las-playas-ante-la-inaccion-de-costas\/","og:image":"https:\/\/eldigitaldeasturias.com\/magazine365\/wp-content\/uploads\/2016\/06\/fotonoticia_20160623182941_800.jpg","og:image:secure_url":"https:\/\/eldigitaldeasturias.com\/magazine365\/wp-content\/uploads\/2016\/06\/fotonoticia_20160623182941_800.jpg","og:image:width":800,"og:image:height":600,"article:published_time":"2016-06-26T00:22:09+00:00","article:modified_time":"2016-06-26T00:22:09+00:00","twitter:card":"summary_large_image","twitter:title":"Motril y colectivos se unen en defensa de las playas ante la \u00abinacci\u00f3n\u00bb de Costas | El Digital de Asturias","twitter:description":"Representantes de asociaciones de comerciantes, colectivos sociales y asociaciones empresariales han mantenido este jueves en el Ayuntamiento de Motril (Granada) la primera reuni\u00f3n de la Mesa para el Desarrollo, Mejora y Defensa de las Playas de la localidad ante la &quot;inacci\u00f3n&quot; de Costas para realizar intervenciones que mejoren su estado. La teniente de alcalde de","twitter:image":"https:\/\/eldigitaldeasturias.com\/magazine365\/wp-content\/uploads\/2016\/06\/fotonoticia_20160623182941_800.jpg"},"aioseo_meta_data":{"post_id":"80645","title":null,"description":null,"keywords":null,"keyphrases":null,"primary_term":null,"canonical_url":null,"og_title":null,"og_description":null,"og_object_type":"default","og_image_type":"default","og_image_url":null,"og_image_width":null,"og_image_height":null,"og_image_custom_url":null,"og_image_custom_fields":null,"og_video":null,"og_custom_url":null,"og_article_section":null,"og_article_tags":null,"twitter_use_og":false,"twitter_card":"default","twitter_image_type":"default","twitter_image_url":null,"twitter_image_custom_url":null,"twitter_image_custom_fields":null,"twitter_title":null,"twitter_description":null,"schema":{"blockGraphs":[],"customGraphs":[],"default":{"data":{"Article":[],"Course":[],"Dataset":[],"FAQPage":[],"Movie":[],"Person":[],"Product":[],"ProductReview":[],"Car":[],"Recipe":[],"Service":[],"SoftwareApplication":[],"WebPage":[]},"graphName":"","isEnabled":true},"graphs":[],"defaultGraph":"","defaultPostTypeGraph":""},"schema_type":null,"schema_type_options":null,"pillar_content":false,"robots_default":true,"robots_noindex":false,"robots_noarchive":false,"robots_nosnippet":false,"robots_nofollow":false,"robots_noimageindex":false,"robots_noodp":false,"robots_notranslate":false,"robots_max_snippet":null,"robots_max_videopreview":null,"robots_max_imagepreview":"large","priority":null,"frequency":null,"location":null,"local_seo":null,"seo_analyzer_scan_date":"2025-09-27 21:14:32","breadcrumb_settings":null,"limit_modified_date":false,"open_ai":null,"ai":null,"created":"2021-03-08 17:30:52","updated":"2025-09-27 21:14:32"},"aioseo_breadcrumb":"<div class=\"aioseo-breadcrumbs\"><span class=\"aioseo-breadcrumb\">\n\t<a href=\"https:\/\/eldigitaldeasturias.com\/magazine365\" title=\"Home\">Home<\/a>\n<\/span><span class=\"aioseo-breadcrumb-separator\">\u2013<\/span><span class=\"aioseo-breadcrumb\">\n\t<a href=\"https:\/\/eldigitaldeasturias.com\/magazine365\/category\/noticias-actualidad\/\" title=\"Noticias y Actualidad\">Noticias y Actualidad<\/a>\n<\/span><span class=\"aioseo-breadcrumb-separator\">\u2013<\/span><span class=\"aioseo-breadcrumb\">\n\t<a href=\"https:\/\/eldigitaldeasturias.com\/magazine365\/motril-y-colectivos-se-unen-en-defensa-de-las-playas-ante-la-inaccion-de-costas\/\" title=\"Motril y colectivos se unen en defensa de las playas ante la \u00abinacci\u00f3n\u00bb de Costas\">Motril y colectivos se unen en defensa de las playas ante la \u00abinacci\u00f3n\u00bb de Costas<\/a>\n<\/span><\/div>","aioseo_breadcrumb_json":[{"label":"Home","link":"https:\/\/eldigitaldeasturias.com\/magazine365"},{"label":"Noticias y Actualidad","link":"https:\/\/eldigitaldeasturias.com\/magazine365\/category\/noticias-actualidad\/"},{"label":"Motril y colectivos se unen en defensa de las playas ante la \u00abinacci\u00f3n\u00bb de Costas","link":"https:\/\/eldigitaldeasturias.com\/magazine365\/motril-y-colectivos-se-unen-en-defensa-de-las-playas-ante-la-inaccion-de-costas\/"}],"_links":{"self":[{"href":"https:\/\/eldigitaldeasturias.com\/magazine365\/wp-json\/wp\/v2\/posts\/80645","targetHints":{"allow":["GET"]}}],"collection":[{"href":"https:\/\/eldigitaldeasturias.com\/magazine365\/wp-json\/wp\/v2\/posts"}],"about":[{"href":"https:\/\/eldigitaldeasturias.com\/magazine365\/wp-json\/wp\/v2\/types\/post"}],"author":[{"embeddable":true,"href":"https:\/\/eldigitaldeasturias.com\/magazine365\/wp-json\/wp\/v2\/users\/1"}],"replies":[{"embeddable":true,"href":"https:\/\/eldigitaldeasturias.com\/magazine365\/wp-json\/wp\/v2\/comments?post=80645"}],"version-history":[{"count":0,"href":"https:\/\/eldigitaldeasturias.com\/magazine365\/wp-json\/wp\/v2\/posts\/80645\/revisions"}],"wp:featuredmedia":[{"embeddable":true,"href":"https:\/\/eldigitaldeasturias.com\/magazine365\/wp-json\/wp\/v2\/media\/80646"}],"wp:attachment":[{"href":"https:\/\/eldigitaldeasturias.com\/magazine365\/wp-json\/wp\/v2\/media?parent=80645"}],"wp:term":[{"taxonomy":"category","embeddable":true,"href":"https:\/\/eldigitaldeasturias.com\/magazine365\/wp-json\/wp\/v2\/categories?post=80645"},{"taxonomy":"post_tag","embeddable":true,"href":"https:\/\/eldigitaldeasturias.com\/magazine365\/wp-json\/wp\/v2\/tags?post=80645"}],"curies":[{"name":"wp","href":"https:\/\/api.w.org\/{rel}","templated":true}]}}