{"id":80622,"date":"2016-06-24T15:57:12","date_gmt":"2016-06-24T13:57:12","guid":{"rendered":"http:\/\/eldigitaldeasturias.com\/magazine365\/?p=80622"},"modified":"2016-06-24T15:57:12","modified_gmt":"2016-06-24T13:57:12","slug":"la-costa-del-sol-continua-con-datos-al-alza-y-crece-el-interes-por-el-destino","status":"publish","type":"post","link":"https:\/\/eldigitaldeasturias.com\/magazine365\/la-costa-del-sol-continua-con-datos-al-alza-y-crece-el-interes-por-el-destino\/","title":{"rendered":"La Costa del Sol contin\u00faa con datos al alza y crece el inter\u00e9s por el destino"},"content":{"rendered":"<p><img fetchpriority=\"high\" decoding=\"async\" class=\"alignleft size-medium wp-image-80623\" src=\"https:\/\/eldigitaldeasturias.com\/magazine365\/wp-content\/uploads\/2016\/06\/fotonoticia_20160623165540_800-360x240.jpg\" alt=\"fotonoticia_20160623165540_800\" width=\"360\" height=\"240\" srcset=\"https:\/\/eldigitaldeasturias.com\/magazine365\/wp-content\/uploads\/2016\/06\/fotonoticia_20160623165540_800-360x240.jpg 360w, https:\/\/eldigitaldeasturias.com\/magazine365\/wp-content\/uploads\/2016\/06\/fotonoticia_20160623165540_800-650x433.jpg 650w, https:\/\/eldigitaldeasturias.com\/magazine365\/wp-content\/uploads\/2016\/06\/fotonoticia_20160623165540_800-768x512.jpg 768w, https:\/\/eldigitaldeasturias.com\/magazine365\/wp-content\/uploads\/2016\/06\/fotonoticia_20160623165540_800-150x100.jpg 150w, https:\/\/eldigitaldeasturias.com\/magazine365\/wp-content\/uploads\/2016\/06\/fotonoticia_20160623165540_800-450x300.jpg 450w, https:\/\/eldigitaldeasturias.com\/magazine365\/wp-content\/uploads\/2016\/06\/fotonoticia_20160623165540_800-101x66.jpg 101w, https:\/\/eldigitaldeasturias.com\/magazine365\/wp-content\/uploads\/2016\/06\/fotonoticia_20160623165540_800.jpg 800w\" sizes=\"(max-width: 360px) 100vw, 360px\" \/>El crecimiento experimentado en la Costa del Sol durante el mes de mayo, aunque m\u00e1s moderado que los ofrecidos en los anteriores meses, contin\u00faan aportando cuotas de incremento en la pr\u00e1ctica totalidad de indicadores con respecto a los datos del mismo per\u00edodo del a\u00f1o anterior, por lo que sigue ofreciendo \u00abmagn\u00edficas cifras de cara al verano\u00bb.<\/p>\n<p>Es m\u00e1s, la provincia de M\u00e1laga ha presentado en este mayo un incremento del 4,4 por ciento en viajeros hoteleros y del 8,1 por ciento en pernoctaciones con respecto al mismo mes de 2015. En concreto, 542.850 viajeros hoteleros escogieron la Costa del Sol y \u00e9stos generaron cerca de dos millones de pernoctaciones &#8211;1.968.087&#8211; en los distintos alojamientos del destino.<\/p>\n<p>Si se observan los datos acumulados de los meses transcurridos en 2016, todos los indicadores hoteleros presentan porcentajes al alza. As\u00ed, los viajeros hoteleros ya son 1.884.855, lo que supone un 9,4 por ciento m\u00e1s que los que arribaron a la Costa del Sol en los cinco primeros meses de 2015.<\/p>\n<p>Las pernoctaciones generadas por estos viajeros aumentan a\u00fan m\u00e1s, en un 11,2 por ciento, cont\u00e1ndose hasta la fecha 6.749.797, casi 700.000 m\u00e1s que el per\u00edodo de enero a mayo del a\u00f1o anterior, seg\u00fan han informado desde Turismo Costa del Sol a trav\u00e9s de un comunicado.<\/p>\n<p>La estancia media hotelera tambi\u00e9n ofrece datos positivos, creciendo un 1,6 por ciento hasta alcanzar la media de 3,57 d\u00edas, as\u00ed como se incrementa tambi\u00e9n el personal empleado, que llega a 10.709, un 8,79 por ciento m\u00e1s que los datos del mismo per\u00edodo de 2015.<\/p>\n<p>MERCADO<\/p>\n<p>Por otro lado, en relaci\u00f3n con la tendencia de crecimiento experimentada en los diferentes mercados, han apuntado que durante el mes de mayo han sido significativos los crecimientos de distintos mercados del centro y el norte de Europa, con el caso de Dinamarca a la cabeza, que ha presentado un incremento del 77,7 por ciento en viajeros hoteleros con respecto a mayo de 2015.<\/p>\n<p>Otros mercados que presentan unas cifras notablemente al alza son los viajeros procedentes de Polonia &#8211;48,3 por ciento, en constante y llamativo crecimiento desde que comenz\u00f3 el a\u00f1o&#8211;, Suiza &#8211;33,2 por ciento&#8211; e Irlanda &#8211;22 por ciento&#8211;.<\/p>\n<p>Seg\u00fan los datos acumulados desde enero, Dinamarca y Polonia son los mercados que mayor cuota de crecimiento est\u00e1n presentando en cuanto a viajeros hoteleros que escogen la Costa del Sol se refiere, con porcentajes positivos del 37 por ciento y 36,3 por ciento, respectivamente.<\/p>\n<p>De hecho, de los 15 principales mercados que arriban a la provincia de M\u00e1laga, la pr\u00e1ctica totalidad presentan unos porcentajes de crecimiento acumulado superiores al diez por ciento.<\/p>\n<p>Al respecto de estos datos, el director general de Turismo Costa del Sol, Arturo Bernal, ha indicado que \u00abaunque la Costa del Sol ya de por s\u00ed goce de un extraordinario atractivo tur\u00edstico, todas las acciones que se impulsan desde Turismo Costa del Sol est\u00e1n destinadas a fijar a\u00fan m\u00e1s ese liderazgo, y continuar en esta senda de crecimiento que apunta a que este a\u00f1o volveremos a vivir un a\u00f1o hist\u00f3rico\u00bb.<\/p>\n<p>Asimismo, ha recordado que \u00abcon aspectos como la mejora de la conectividad y con estrategias como la de segmentaci\u00f3n de la oferta tur\u00edstica, la provincia de M\u00e1laga abre ahora mucho mejor sus puertas al turismo\u00bb.<\/p>\n","protected":false},"excerpt":{"rendered":"<p>El crecimiento experimentado en la Costa del Sol durante el mes de mayo, aunque m\u00e1s moderado que los ofrecidos en los anteriores meses, contin\u00faan aportando cuotas de incremento en la pr\u00e1ctica totalidad de indicadores con respecto a los datos del mismo per\u00edodo del a\u00f1o anterior, por lo que sigue ofreciendo \u00abmagn\u00edficas cifras de cara al<\/p>\n","protected":false},"author":1,"featured_media":80623,"comment_status":"open","ping_status":"closed","sticky":false,"template":"","format":"standard","meta":{"footnotes":""},"categories":[224],"tags":[],"class_list":{"0":"post-80622","1":"post","2":"type-post","3":"status-publish","4":"format-standard","5":"has-post-thumbnail","7":"category-noticias-actualidad"},"aioseo_notices":[],"aioseo_head":"\n\t\t<!-- All in One SEO Pro 4.9.6.1 - aioseo.com -->\n\t<meta name=\"description\" content=\"El crecimiento experimentado en la Costa del Sol durante el mes de mayo, aunque m\u00e1s moderado que los ofrecidos en los anteriores meses, contin\u00faan aportando cuotas de incremento en la pr\u00e1ctica totalidad de indicadores con respecto a los datos del mismo per\u00edodo del a\u00f1o anterior, por lo que sigue ofreciendo &quot;magn\u00edficas cifras de cara al\" \/>\n\t<meta name=\"robots\" content=\"max-image-preview:large\" \/>\n\t<meta name=\"author\" content=\"admin\"\/>\n\t<meta name=\"google-site-verification\" content=\"UA-38556648-1\" \/>\n\t<meta name=\"keywords\" content=\"noticias y actualidad\" \/>\n\t<link rel=\"canonical\" href=\"https:\/\/eldigitaldeasturias.com\/magazine365\/la-costa-del-sol-continua-con-datos-al-alza-y-crece-el-interes-por-el-destino\/\" \/>\n\t<meta name=\"generator\" content=\"All in One SEO Pro (AIOSEO) 4.9.6.1\" \/>\n\t\t<meta property=\"og:locale\" content=\"es_ES\" \/>\n\t\t<meta property=\"og:site_name\" content=\"El Digital de Asturias \u2013 Revista de ocio, turismo y estilo de vida\" \/>\n\t\t<meta property=\"og:type\" content=\"article\" \/>\n\t\t<meta property=\"og:title\" content=\"La Costa del Sol contin\u00faa con datos al alza y crece el inter\u00e9s por el destino | El Digital de Asturias\" \/>\n\t\t<meta property=\"og:description\" content=\"El crecimiento experimentado en la Costa del Sol durante el mes de mayo, aunque m\u00e1s moderado que los ofrecidos en los anteriores meses, contin\u00faan aportando cuotas de incremento en la pr\u00e1ctica totalidad de indicadores con respecto a los datos del mismo per\u00edodo del a\u00f1o anterior, por lo que sigue ofreciendo &quot;magn\u00edficas cifras de cara al\" \/>\n\t\t<meta property=\"og:url\" content=\"https:\/\/eldigitaldeasturias.com\/magazine365\/la-costa-del-sol-continua-con-datos-al-alza-y-crece-el-interes-por-el-destino\/\" \/>\n\t\t<meta property=\"og:image\" content=\"https:\/\/eldigitaldeasturias.com\/magazine365\/wp-content\/uploads\/2016\/06\/fotonoticia_20160623165540_800.jpg\" \/>\n\t\t<meta property=\"og:image:secure_url\" content=\"https:\/\/eldigitaldeasturias.com\/magazine365\/wp-content\/uploads\/2016\/06\/fotonoticia_20160623165540_800.jpg\" \/>\n\t\t<meta property=\"og:image:width\" content=\"800\" \/>\n\t\t<meta property=\"og:image:height\" content=\"533\" \/>\n\t\t<meta property=\"article:published_time\" content=\"2016-06-24T13:57:12+00:00\" \/>\n\t\t<meta property=\"article:modified_time\" content=\"2016-06-24T13:57:12+00:00\" \/>\n\t\t<meta name=\"twitter:card\" content=\"summary_large_image\" \/>\n\t\t<meta name=\"twitter:title\" content=\"La Costa del Sol contin\u00faa con datos al alza y crece el inter\u00e9s por el destino | El Digital de Asturias\" \/>\n\t\t<meta name=\"twitter:description\" content=\"El crecimiento experimentado en la Costa del Sol durante el mes de mayo, aunque m\u00e1s moderado que los ofrecidos en los anteriores meses, contin\u00faan aportando cuotas de incremento en la pr\u00e1ctica totalidad de indicadores con respecto a los datos del mismo per\u00edodo del a\u00f1o anterior, por lo que sigue ofreciendo &quot;magn\u00edficas cifras de cara al\" \/>\n\t\t<meta name=\"twitter:image\" content=\"https:\/\/eldigitaldeasturias.com\/magazine365\/wp-content\/uploads\/2016\/06\/fotonoticia_20160623165540_800.jpg\" \/>\n\t\t<script type=\"application\/ld+json\" class=\"aioseo-schema\">\n\t\t\t{\"@context\":\"https:\\\/\\\/schema.org\",\"@graph\":[{\"@type\":\"Article\",\"@id\":\"https:\\\/\\\/eldigitaldeasturias.com\\\/magazine365\\\/la-costa-del-sol-continua-con-datos-al-alza-y-crece-el-interes-por-el-destino\\\/#article\",\"name\":\"La Costa del Sol contin\\u00faa con datos al alza y crece el inter\\u00e9s por el destino | El Digital de Asturias\",\"headline\":\"La Costa del Sol contin\\u00faa con datos al alza y crece el inter\\u00e9s por el destino\",\"author\":{\"@id\":\"https:\\\/\\\/eldigitaldeasturias.com\\\/magazine365\\\/author\\\/admin\\\/#author\"},\"publisher\":{\"@id\":\"https:\\\/\\\/eldigitaldeasturias.com\\\/magazine365\\\/#organization\"},\"image\":{\"@type\":\"ImageObject\",\"url\":\"https:\\\/\\\/eldigitaldeasturias.com\\\/magazine365\\\/wp-content\\\/uploads\\\/2016\\\/06\\\/fotonoticia_20160623165540_800.jpg\",\"width\":800,\"height\":533},\"datePublished\":\"2016-06-24T15:57:12+02:00\",\"dateModified\":\"2016-06-24T15:57:12+02:00\",\"inLanguage\":\"es-ES\",\"mainEntityOfPage\":{\"@id\":\"https:\\\/\\\/eldigitaldeasturias.com\\\/magazine365\\\/la-costa-del-sol-continua-con-datos-al-alza-y-crece-el-interes-por-el-destino\\\/#webpage\"},\"isPartOf\":{\"@id\":\"https:\\\/\\\/eldigitaldeasturias.com\\\/magazine365\\\/la-costa-del-sol-continua-con-datos-al-alza-y-crece-el-interes-por-el-destino\\\/#webpage\"},\"articleSection\":\"Noticias y Actualidad\"},{\"@type\":\"BreadcrumbList\",\"@id\":\"https:\\\/\\\/eldigitaldeasturias.com\\\/magazine365\\\/la-costa-del-sol-continua-con-datos-al-alza-y-crece-el-interes-por-el-destino\\\/#breadcrumblist\",\"itemListElement\":[{\"@type\":\"ListItem\",\"@id\":\"https:\\\/\\\/eldigitaldeasturias.com\\\/magazine365#listItem\",\"position\":1,\"name\":\"Home\",\"item\":\"https:\\\/\\\/eldigitaldeasturias.com\\\/magazine365\",\"nextItem\":{\"@type\":\"ListItem\",\"@id\":\"https:\\\/\\\/eldigitaldeasturias.com\\\/magazine365\\\/category\\\/noticias-actualidad\\\/#listItem\",\"name\":\"Noticias y Actualidad\"}},{\"@type\":\"ListItem\",\"@id\":\"https:\\\/\\\/eldigitaldeasturias.com\\\/magazine365\\\/category\\\/noticias-actualidad\\\/#listItem\",\"position\":2,\"name\":\"Noticias y Actualidad\",\"item\":\"https:\\\/\\\/eldigitaldeasturias.com\\\/magazine365\\\/category\\\/noticias-actualidad\\\/\",\"nextItem\":{\"@type\":\"ListItem\",\"@id\":\"https:\\\/\\\/eldigitaldeasturias.com\\\/magazine365\\\/la-costa-del-sol-continua-con-datos-al-alza-y-crece-el-interes-por-el-destino\\\/#listItem\",\"name\":\"La Costa del Sol contin\\u00faa con datos al alza y crece el inter\\u00e9s por el destino\"},\"previousItem\":{\"@type\":\"ListItem\",\"@id\":\"https:\\\/\\\/eldigitaldeasturias.com\\\/magazine365#listItem\",\"name\":\"Home\"}},{\"@type\":\"ListItem\",\"@id\":\"https:\\\/\\\/eldigitaldeasturias.com\\\/magazine365\\\/la-costa-del-sol-continua-con-datos-al-alza-y-crece-el-interes-por-el-destino\\\/#listItem\",\"position\":3,\"name\":\"La Costa del Sol contin\\u00faa con datos al alza y crece el inter\\u00e9s por el destino\",\"previousItem\":{\"@type\":\"ListItem\",\"@id\":\"https:\\\/\\\/eldigitaldeasturias.com\\\/magazine365\\\/category\\\/noticias-actualidad\\\/#listItem\",\"name\":\"Noticias y Actualidad\"}}]},{\"@type\":\"Organization\",\"@id\":\"https:\\\/\\\/eldigitaldeasturias.com\\\/magazine365\\\/#organization\",\"name\":\"El digital de Asturias\",\"description\":\"Revista de ocio, turismo y estilo de vida\",\"url\":\"https:\\\/\\\/eldigitaldeasturias.com\\\/magazine365\\\/\",\"logo\":{\"@type\":\"ImageObject\",\"url\":\"https:\\\/\\\/www.eldigitaldeasturias.com\\\/noticias\\\/wp-content\\\/uploads\\\/2020\\\/12\\\/EDA.jpg\",\"@id\":\"https:\\\/\\\/eldigitaldeasturias.com\\\/magazine365\\\/la-costa-del-sol-continua-con-datos-al-alza-y-crece-el-interes-por-el-destino\\\/#organizationLogo\"},\"image\":{\"@id\":\"https:\\\/\\\/eldigitaldeasturias.com\\\/magazine365\\\/la-costa-del-sol-continua-con-datos-al-alza-y-crece-el-interes-por-el-destino\\\/#organizationLogo\"}},{\"@type\":\"Person\",\"@id\":\"https:\\\/\\\/eldigitaldeasturias.com\\\/magazine365\\\/author\\\/admin\\\/#author\",\"url\":\"https:\\\/\\\/eldigitaldeasturias.com\\\/magazine365\\\/author\\\/admin\\\/\",\"name\":\"admin\",\"image\":{\"@type\":\"ImageObject\",\"@id\":\"https:\\\/\\\/eldigitaldeasturias.com\\\/magazine365\\\/la-costa-del-sol-continua-con-datos-al-alza-y-crece-el-interes-por-el-destino\\\/#authorImage\",\"url\":\"https:\\\/\\\/eldigitaldeasturias.com\\\/magazine365\\\/wp-content\\\/litespeed\\\/avatar\\\/e571bcf59a0edd6fa6838245a470f2fe.jpg?ver=1776969259\",\"width\":96,\"height\":96,\"caption\":\"admin\"}},{\"@type\":\"WebPage\",\"@id\":\"https:\\\/\\\/eldigitaldeasturias.com\\\/magazine365\\\/la-costa-del-sol-continua-con-datos-al-alza-y-crece-el-interes-por-el-destino\\\/#webpage\",\"url\":\"https:\\\/\\\/eldigitaldeasturias.com\\\/magazine365\\\/la-costa-del-sol-continua-con-datos-al-alza-y-crece-el-interes-por-el-destino\\\/\",\"name\":\"La Costa del Sol contin\\u00faa con datos al alza y crece el inter\\u00e9s por el destino | El Digital de Asturias\",\"description\":\"El crecimiento experimentado en la Costa del Sol durante el mes de mayo, aunque m\\u00e1s moderado que los ofrecidos en los anteriores meses, contin\\u00faan aportando cuotas de incremento en la pr\\u00e1ctica totalidad de indicadores con respecto a los datos del mismo per\\u00edodo del a\\u00f1o anterior, por lo que sigue ofreciendo \\\"magn\\u00edficas cifras de cara al\",\"inLanguage\":\"es-ES\",\"isPartOf\":{\"@id\":\"https:\\\/\\\/eldigitaldeasturias.com\\\/magazine365\\\/#website\"},\"breadcrumb\":{\"@id\":\"https:\\\/\\\/eldigitaldeasturias.com\\\/magazine365\\\/la-costa-del-sol-continua-con-datos-al-alza-y-crece-el-interes-por-el-destino\\\/#breadcrumblist\"},\"author\":{\"@id\":\"https:\\\/\\\/eldigitaldeasturias.com\\\/magazine365\\\/author\\\/admin\\\/#author\"},\"creator\":{\"@id\":\"https:\\\/\\\/eldigitaldeasturias.com\\\/magazine365\\\/author\\\/admin\\\/#author\"},\"image\":{\"@type\":\"ImageObject\",\"url\":\"https:\\\/\\\/eldigitaldeasturias.com\\\/magazine365\\\/wp-content\\\/uploads\\\/2016\\\/06\\\/fotonoticia_20160623165540_800.jpg\",\"@id\":\"https:\\\/\\\/eldigitaldeasturias.com\\\/magazine365\\\/la-costa-del-sol-continua-con-datos-al-alza-y-crece-el-interes-por-el-destino\\\/#mainImage\",\"width\":800,\"height\":533},\"primaryImageOfPage\":{\"@id\":\"https:\\\/\\\/eldigitaldeasturias.com\\\/magazine365\\\/la-costa-del-sol-continua-con-datos-al-alza-y-crece-el-interes-por-el-destino\\\/#mainImage\"},\"datePublished\":\"2016-06-24T15:57:12+02:00\",\"dateModified\":\"2016-06-24T15:57:12+02:00\"},{\"@type\":\"WebSite\",\"@id\":\"https:\\\/\\\/eldigitaldeasturias.com\\\/magazine365\\\/#website\",\"url\":\"https:\\\/\\\/eldigitaldeasturias.com\\\/magazine365\\\/\",\"name\":\"El Digital de Asturias\",\"description\":\"Revista de ocio, turismo y estilo de vida\",\"inLanguage\":\"es-ES\",\"publisher\":{\"@id\":\"https:\\\/\\\/eldigitaldeasturias.com\\\/magazine365\\\/#organization\"}}]}\n\t\t<\/script>\n\t\t<!-- All in One SEO Pro -->\r\n\t\t<title>La Costa del Sol contin\u00faa con datos al alza y crece el inter\u00e9s por el destino | El Digital de Asturias<\/title>\n\n","aioseo_head_json":{"title":"La Costa del Sol contin\u00faa con datos al alza y crece el inter\u00e9s por el destino | El Digital de Asturias","description":"El crecimiento experimentado en la Costa del Sol durante el mes de mayo, aunque m\u00e1s moderado que los ofrecidos en los anteriores meses, contin\u00faan aportando cuotas de incremento en la pr\u00e1ctica totalidad de indicadores con respecto a los datos del mismo per\u00edodo del a\u00f1o anterior, por lo que sigue ofreciendo \"magn\u00edficas cifras de cara al","canonical_url":"https:\/\/eldigitaldeasturias.com\/magazine365\/la-costa-del-sol-continua-con-datos-al-alza-y-crece-el-interes-por-el-destino\/","robots":"max-image-preview:large","keywords":"noticias y actualidad","webmasterTools":{"google-site-verification":"UA-38556648-1","miscellaneous":""},"schema":{"@context":"https:\/\/schema.org","@graph":[{"@type":"Article","@id":"https:\/\/eldigitaldeasturias.com\/magazine365\/la-costa-del-sol-continua-con-datos-al-alza-y-crece-el-interes-por-el-destino\/#article","name":"La Costa del Sol contin\u00faa con datos al alza y crece el inter\u00e9s por el destino | El Digital de Asturias","headline":"La Costa del Sol contin\u00faa con datos al alza y crece el inter\u00e9s por el destino","author":{"@id":"https:\/\/eldigitaldeasturias.com\/magazine365\/author\/admin\/#author"},"publisher":{"@id":"https:\/\/eldigitaldeasturias.com\/magazine365\/#organization"},"image":{"@type":"ImageObject","url":"https:\/\/eldigitaldeasturias.com\/magazine365\/wp-content\/uploads\/2016\/06\/fotonoticia_20160623165540_800.jpg","width":800,"height":533},"datePublished":"2016-06-24T15:57:12+02:00","dateModified":"2016-06-24T15:57:12+02:00","inLanguage":"es-ES","mainEntityOfPage":{"@id":"https:\/\/eldigitaldeasturias.com\/magazine365\/la-costa-del-sol-continua-con-datos-al-alza-y-crece-el-interes-por-el-destino\/#webpage"},"isPartOf":{"@id":"https:\/\/eldigitaldeasturias.com\/magazine365\/la-costa-del-sol-continua-con-datos-al-alza-y-crece-el-interes-por-el-destino\/#webpage"},"articleSection":"Noticias y Actualidad"},{"@type":"BreadcrumbList","@id":"https:\/\/eldigitaldeasturias.com\/magazine365\/la-costa-del-sol-continua-con-datos-al-alza-y-crece-el-interes-por-el-destino\/#breadcrumblist","itemListElement":[{"@type":"ListItem","@id":"https:\/\/eldigitaldeasturias.com\/magazine365#listItem","position":1,"name":"Home","item":"https:\/\/eldigitaldeasturias.com\/magazine365","nextItem":{"@type":"ListItem","@id":"https:\/\/eldigitaldeasturias.com\/magazine365\/category\/noticias-actualidad\/#listItem","name":"Noticias y Actualidad"}},{"@type":"ListItem","@id":"https:\/\/eldigitaldeasturias.com\/magazine365\/category\/noticias-actualidad\/#listItem","position":2,"name":"Noticias y Actualidad","item":"https:\/\/eldigitaldeasturias.com\/magazine365\/category\/noticias-actualidad\/","nextItem":{"@type":"ListItem","@id":"https:\/\/eldigitaldeasturias.com\/magazine365\/la-costa-del-sol-continua-con-datos-al-alza-y-crece-el-interes-por-el-destino\/#listItem","name":"La Costa del Sol contin\u00faa con datos al alza y crece el inter\u00e9s por el destino"},"previousItem":{"@type":"ListItem","@id":"https:\/\/eldigitaldeasturias.com\/magazine365#listItem","name":"Home"}},{"@type":"ListItem","@id":"https:\/\/eldigitaldeasturias.com\/magazine365\/la-costa-del-sol-continua-con-datos-al-alza-y-crece-el-interes-por-el-destino\/#listItem","position":3,"name":"La Costa del Sol contin\u00faa con datos al alza y crece el inter\u00e9s por el destino","previousItem":{"@type":"ListItem","@id":"https:\/\/eldigitaldeasturias.com\/magazine365\/category\/noticias-actualidad\/#listItem","name":"Noticias y Actualidad"}}]},{"@type":"Organization","@id":"https:\/\/eldigitaldeasturias.com\/magazine365\/#organization","name":"El digital de Asturias","description":"Revista de ocio, turismo y estilo de vida","url":"https:\/\/eldigitaldeasturias.com\/magazine365\/","logo":{"@type":"ImageObject","url":"https:\/\/www.eldigitaldeasturias.com\/noticias\/wp-content\/uploads\/2020\/12\/EDA.jpg","@id":"https:\/\/eldigitaldeasturias.com\/magazine365\/la-costa-del-sol-continua-con-datos-al-alza-y-crece-el-interes-por-el-destino\/#organizationLogo"},"image":{"@id":"https:\/\/eldigitaldeasturias.com\/magazine365\/la-costa-del-sol-continua-con-datos-al-alza-y-crece-el-interes-por-el-destino\/#organizationLogo"}},{"@type":"Person","@id":"https:\/\/eldigitaldeasturias.com\/magazine365\/author\/admin\/#author","url":"https:\/\/eldigitaldeasturias.com\/magazine365\/author\/admin\/","name":"admin","image":{"@type":"ImageObject","@id":"https:\/\/eldigitaldeasturias.com\/magazine365\/la-costa-del-sol-continua-con-datos-al-alza-y-crece-el-interes-por-el-destino\/#authorImage","url":"https:\/\/eldigitaldeasturias.com\/magazine365\/wp-content\/litespeed\/avatar\/e571bcf59a0edd6fa6838245a470f2fe.jpg?ver=1776969259","width":96,"height":96,"caption":"admin"}},{"@type":"WebPage","@id":"https:\/\/eldigitaldeasturias.com\/magazine365\/la-costa-del-sol-continua-con-datos-al-alza-y-crece-el-interes-por-el-destino\/#webpage","url":"https:\/\/eldigitaldeasturias.com\/magazine365\/la-costa-del-sol-continua-con-datos-al-alza-y-crece-el-interes-por-el-destino\/","name":"La Costa del Sol contin\u00faa con datos al alza y crece el inter\u00e9s por el destino | El Digital de Asturias","description":"El crecimiento experimentado en la Costa del Sol durante el mes de mayo, aunque m\u00e1s moderado que los ofrecidos en los anteriores meses, contin\u00faan aportando cuotas de incremento en la pr\u00e1ctica totalidad de indicadores con respecto a los datos del mismo per\u00edodo del a\u00f1o anterior, por lo que sigue ofreciendo \"magn\u00edficas cifras de cara al","inLanguage":"es-ES","isPartOf":{"@id":"https:\/\/eldigitaldeasturias.com\/magazine365\/#website"},"breadcrumb":{"@id":"https:\/\/eldigitaldeasturias.com\/magazine365\/la-costa-del-sol-continua-con-datos-al-alza-y-crece-el-interes-por-el-destino\/#breadcrumblist"},"author":{"@id":"https:\/\/eldigitaldeasturias.com\/magazine365\/author\/admin\/#author"},"creator":{"@id":"https:\/\/eldigitaldeasturias.com\/magazine365\/author\/admin\/#author"},"image":{"@type":"ImageObject","url":"https:\/\/eldigitaldeasturias.com\/magazine365\/wp-content\/uploads\/2016\/06\/fotonoticia_20160623165540_800.jpg","@id":"https:\/\/eldigitaldeasturias.com\/magazine365\/la-costa-del-sol-continua-con-datos-al-alza-y-crece-el-interes-por-el-destino\/#mainImage","width":800,"height":533},"primaryImageOfPage":{"@id":"https:\/\/eldigitaldeasturias.com\/magazine365\/la-costa-del-sol-continua-con-datos-al-alza-y-crece-el-interes-por-el-destino\/#mainImage"},"datePublished":"2016-06-24T15:57:12+02:00","dateModified":"2016-06-24T15:57:12+02:00"},{"@type":"WebSite","@id":"https:\/\/eldigitaldeasturias.com\/magazine365\/#website","url":"https:\/\/eldigitaldeasturias.com\/magazine365\/","name":"El Digital de Asturias","description":"Revista de ocio, turismo y estilo de vida","inLanguage":"es-ES","publisher":{"@id":"https:\/\/eldigitaldeasturias.com\/magazine365\/#organization"}}]},"og:locale":"es_ES","og:site_name":"El Digital de Asturias \u2013 Revista de ocio, turismo y estilo de vida","og:type":"article","og:title":"La Costa del Sol contin\u00faa con datos al alza y crece el inter\u00e9s por el destino | El Digital de Asturias","og:description":"El crecimiento experimentado en la Costa del Sol durante el mes de mayo, aunque m\u00e1s moderado que los ofrecidos en los anteriores meses, contin\u00faan aportando cuotas de incremento en la pr\u00e1ctica totalidad de indicadores con respecto a los datos del mismo per\u00edodo del a\u00f1o anterior, por lo que sigue ofreciendo &quot;magn\u00edficas cifras de cara al","og:url":"https:\/\/eldigitaldeasturias.com\/magazine365\/la-costa-del-sol-continua-con-datos-al-alza-y-crece-el-interes-por-el-destino\/","og:image":"https:\/\/eldigitaldeasturias.com\/magazine365\/wp-content\/uploads\/2016\/06\/fotonoticia_20160623165540_800.jpg","og:image:secure_url":"https:\/\/eldigitaldeasturias.com\/magazine365\/wp-content\/uploads\/2016\/06\/fotonoticia_20160623165540_800.jpg","og:image:width":800,"og:image:height":533,"article:published_time":"2016-06-24T13:57:12+00:00","article:modified_time":"2016-06-24T13:57:12+00:00","twitter:card":"summary_large_image","twitter:title":"La Costa del Sol contin\u00faa con datos al alza y crece el inter\u00e9s por el destino | El Digital de Asturias","twitter:description":"El crecimiento experimentado en la Costa del Sol durante el mes de mayo, aunque m\u00e1s moderado que los ofrecidos en los anteriores meses, contin\u00faan aportando cuotas de incremento en la pr\u00e1ctica totalidad de indicadores con respecto a los datos del mismo per\u00edodo del a\u00f1o anterior, por lo que sigue ofreciendo &quot;magn\u00edficas cifras de cara al","twitter:image":"https:\/\/eldigitaldeasturias.com\/magazine365\/wp-content\/uploads\/2016\/06\/fotonoticia_20160623165540_800.jpg"},"aioseo_meta_data":{"post_id":"80622","title":null,"description":null,"keywords":null,"keyphrases":null,"primary_term":null,"canonical_url":null,"og_title":null,"og_description":null,"og_object_type":"default","og_image_type":"default","og_image_url":null,"og_image_width":null,"og_image_height":null,"og_image_custom_url":null,"og_image_custom_fields":null,"og_video":null,"og_custom_url":null,"og_article_section":null,"og_article_tags":null,"twitter_use_og":false,"twitter_card":"default","twitter_image_type":"default","twitter_image_url":null,"twitter_image_custom_url":null,"twitter_image_custom_fields":null,"twitter_title":null,"twitter_description":null,"schema":{"blockGraphs":[],"customGraphs":[],"default":{"data":{"Article":[],"Course":[],"Dataset":[],"FAQPage":[],"Movie":[],"Person":[],"Product":[],"ProductReview":[],"Car":[],"Recipe":[],"Service":[],"SoftwareApplication":[],"WebPage":[]},"graphName":"","isEnabled":true},"graphs":[],"defaultGraph":"","defaultPostTypeGraph":""},"schema_type":null,"schema_type_options":null,"pillar_content":false,"robots_default":true,"robots_noindex":false,"robots_noarchive":false,"robots_nosnippet":false,"robots_nofollow":false,"robots_noimageindex":false,"robots_noodp":false,"robots_notranslate":false,"robots_max_snippet":null,"robots_max_videopreview":null,"robots_max_imagepreview":"large","priority":null,"frequency":null,"location":null,"local_seo":null,"seo_analyzer_scan_date":"2025-09-27 21:12:56","breadcrumb_settings":null,"limit_modified_date":false,"open_ai":null,"ai":null,"created":"2021-03-08 17:30:52","updated":"2025-09-27 21:12:56"},"aioseo_breadcrumb":"<div class=\"aioseo-breadcrumbs\"><span class=\"aioseo-breadcrumb\">\n\t<a href=\"https:\/\/eldigitaldeasturias.com\/magazine365\" title=\"Home\">Home<\/a>\n<\/span><span class=\"aioseo-breadcrumb-separator\">\u2013<\/span><span class=\"aioseo-breadcrumb\">\n\t<a href=\"https:\/\/eldigitaldeasturias.com\/magazine365\/category\/noticias-actualidad\/\" title=\"Noticias y Actualidad\">Noticias y Actualidad<\/a>\n<\/span><span class=\"aioseo-breadcrumb-separator\">\u2013<\/span><span class=\"aioseo-breadcrumb\">\n\t<a href=\"https:\/\/eldigitaldeasturias.com\/magazine365\/la-costa-del-sol-continua-con-datos-al-alza-y-crece-el-interes-por-el-destino\/\" title=\"La Costa del Sol contin\u00faa con datos al alza y crece el inter\u00e9s por el destino\">La Costa del Sol contin\u00faa con datos al alza y crece el inter\u00e9s por el destino<\/a>\n<\/span><\/div>","aioseo_breadcrumb_json":[{"label":"Home","link":"https:\/\/eldigitaldeasturias.com\/magazine365"},{"label":"Noticias y Actualidad","link":"https:\/\/eldigitaldeasturias.com\/magazine365\/category\/noticias-actualidad\/"},{"label":"La Costa del Sol contin\u00faa con datos al alza y crece el inter\u00e9s por el destino","link":"https:\/\/eldigitaldeasturias.com\/magazine365\/la-costa-del-sol-continua-con-datos-al-alza-y-crece-el-interes-por-el-destino\/"}],"_links":{"self":[{"href":"https:\/\/eldigitaldeasturias.com\/magazine365\/wp-json\/wp\/v2\/posts\/80622","targetHints":{"allow":["GET"]}}],"collection":[{"href":"https:\/\/eldigitaldeasturias.com\/magazine365\/wp-json\/wp\/v2\/posts"}],"about":[{"href":"https:\/\/eldigitaldeasturias.com\/magazine365\/wp-json\/wp\/v2\/types\/post"}],"author":[{"embeddable":true,"href":"https:\/\/eldigitaldeasturias.com\/magazine365\/wp-json\/wp\/v2\/users\/1"}],"replies":[{"embeddable":true,"href":"https:\/\/eldigitaldeasturias.com\/magazine365\/wp-json\/wp\/v2\/comments?post=80622"}],"version-history":[{"count":0,"href":"https:\/\/eldigitaldeasturias.com\/magazine365\/wp-json\/wp\/v2\/posts\/80622\/revisions"}],"wp:featuredmedia":[{"embeddable":true,"href":"https:\/\/eldigitaldeasturias.com\/magazine365\/wp-json\/wp\/v2\/media\/80623"}],"wp:attachment":[{"href":"https:\/\/eldigitaldeasturias.com\/magazine365\/wp-json\/wp\/v2\/media?parent=80622"}],"wp:term":[{"taxonomy":"category","embeddable":true,"href":"https:\/\/eldigitaldeasturias.com\/magazine365\/wp-json\/wp\/v2\/categories?post=80622"},{"taxonomy":"post_tag","embeddable":true,"href":"https:\/\/eldigitaldeasturias.com\/magazine365\/wp-json\/wp\/v2\/tags?post=80622"}],"curies":[{"name":"wp","href":"https:\/\/api.w.org\/{rel}","templated":true}]}}