{"id":80619,"date":"2016-06-24T15:55:41","date_gmt":"2016-06-24T13:55:41","guid":{"rendered":"http:\/\/eldigitaldeasturias.com\/magazine365\/?p=80619"},"modified":"2016-06-24T15:55:41","modified_gmt":"2016-06-24T13:55:41","slug":"un-total-de-21-000-personas-participan-en-la-campana-siente-la-rioja","status":"publish","type":"post","link":"https:\/\/eldigitaldeasturias.com\/magazine365\/un-total-de-21-000-personas-participan-en-la-campana-siente-la-rioja\/","title":{"rendered":"Un total de 21.000 personas participan en la campa\u00f1a &#8216;Siente La Rioja&#8217;"},"content":{"rendered":"<p><img fetchpriority=\"high\" decoding=\"async\" class=\"alignleft size-medium wp-image-80620\" src=\"https:\/\/eldigitaldeasturias.com\/magazine365\/wp-content\/uploads\/2016\/06\/fotonoticia_20160623162950_800-360x155.jpg\" alt=\"fotonoticia_20160623162950_800\" width=\"360\" height=\"155\" srcset=\"https:\/\/eldigitaldeasturias.com\/magazine365\/wp-content\/uploads\/2016\/06\/fotonoticia_20160623162950_800-360x155.jpg 360w, https:\/\/eldigitaldeasturias.com\/magazine365\/wp-content\/uploads\/2016\/06\/fotonoticia_20160623162950_800-650x280.jpg 650w, https:\/\/eldigitaldeasturias.com\/magazine365\/wp-content\/uploads\/2016\/06\/fotonoticia_20160623162950_800-768x330.jpg 768w, https:\/\/eldigitaldeasturias.com\/magazine365\/wp-content\/uploads\/2016\/06\/fotonoticia_20160623162950_800-150x65.jpg 150w, https:\/\/eldigitaldeasturias.com\/magazine365\/wp-content\/uploads\/2016\/06\/fotonoticia_20160623162950_800-450x194.jpg 450w, https:\/\/eldigitaldeasturias.com\/magazine365\/wp-content\/uploads\/2016\/06\/fotonoticia_20160623162950_800.jpg 800w\" sizes=\"(max-width: 360px) 100vw, 360px\" \/>La campa\u00f1a &#8216;Siente La Rioja&#8217;, que buscaba promover el turismo rural y el patrimonio riojano, proponiendo planes de relax, naturaleza y cultura, ha contado con la participaci\u00f3n de 21.000 personas en su mes de duraci\u00f3n.<\/p>\n<p>Con esta iniciativa, que se enmarca en el convenio de colaboraci\u00f3n del Gobierno de La Rioja con el portal de turismo rural &#8216;Escapadarural.com&#8217;, el portal web sorteaba un fin de semana para dos personas en el alojamiento rural La Hospeder\u00eda &#8216;La Calera&#8217;, en San Mill\u00e1n de la Cogolla, emblem\u00e1tico municipio riojano cuna de castellano. Adem\u00e1s, para completar la experiencia, cada participante deb\u00eda elegir tres actividades: una de relax, otra de naturaleza y, por \u00faltimo, un plan cultural.<\/p>\n<p>Seg\u00fan los datos, el plan m\u00e1s demandado por los participantes ha sido la entrada al Balneario de Arnedillo; la segunda propuesta ha sido el trekking entre vi\u00f1edos, donde se aprende c\u00f3mo se elabora un vino D.O. Rioja y el tercer plan m\u00e1s solicitado ha sido la visita al yacimiento arqueol\u00f3gico de Contrebia Leucade, una ciudad celtib\u00e9rica del siglo III a.C.<\/p>\n<p>Otras actividades que se ofrec\u00edan eran un masaje con vinoterapia, una visita con cata y lunch en el Balc\u00f3n del Ebro, un vuelo en parapente biplaza, un recorrido por el Parque de aventura Sierra de Cameros, la visita a los Monasterios de Suso y Yuso y a la Catedral de Santo Domingo de la Calzada.<\/p>\n<p>La acci\u00f3n de Escapada Rural se enmarca en la pol\u00edtica de La Rioja Turismo de apostar por la comunicaci\u00f3n online a trav\u00e9s de la presencia en soportes digitales. El Gobierno de La Rioja ha suscrito numerosos convenios de colaboraci\u00f3n durante este 2016 con empresas destacadas del sector que permiten mantener una presencia continuada en los principales medios online y facilitan a los empresarios riojanos la comercializaci\u00f3n de sus productos, ya que en el sector tur\u00edstico el posicionamiento online es clave.<\/p>\n<p>Durante este a\u00f1o se han firmado acuerdos con: Rumbo, Atr\u00e1palo, Destinia, Logitravel, Minube, eDreams, TripAdvisor, Go Euro, Nautalia, Toprural, Traveler, C\u00f3mete Espa\u00f1a y Escapada Rural.<\/p>\n<p>&nbsp;<\/p>\n","protected":false},"excerpt":{"rendered":"<p>La campa\u00f1a &#8216;Siente La Rioja&#8217;, que buscaba promover el turismo rural y el patrimonio riojano, proponiendo planes de relax, naturaleza y cultura, ha contado con la participaci\u00f3n de 21.000 personas en su mes de duraci\u00f3n. Con esta iniciativa, que se enmarca en el convenio de colaboraci\u00f3n del Gobierno de La Rioja con el portal de<\/p>\n","protected":false},"author":1,"featured_media":80620,"comment_status":"open","ping_status":"closed","sticky":false,"template":"","format":"standard","meta":{"footnotes":""},"categories":[224],"tags":[],"class_list":{"0":"post-80619","1":"post","2":"type-post","3":"status-publish","4":"format-standard","5":"has-post-thumbnail","7":"category-noticias-actualidad"},"aioseo_notices":[],"aioseo_head":"\n\t\t<!-- All in One SEO Pro 4.9.6.1 - aioseo.com -->\n\t<meta name=\"description\" content=\"La campa\u00f1a &#039;Siente La Rioja&#039;, que buscaba promover el turismo rural y el patrimonio riojano, proponiendo planes de relax, naturaleza y cultura, ha contado con la participaci\u00f3n de 21.000 personas en su mes de duraci\u00f3n. Con esta iniciativa, que se enmarca en el convenio de colaboraci\u00f3n del Gobierno de La Rioja con el portal de\" \/>\n\t<meta name=\"robots\" content=\"max-image-preview:large\" \/>\n\t<meta name=\"author\" content=\"admin\"\/>\n\t<meta name=\"google-site-verification\" content=\"UA-38556648-1\" \/>\n\t<meta name=\"keywords\" content=\"noticias y actualidad\" \/>\n\t<link rel=\"canonical\" href=\"https:\/\/eldigitaldeasturias.com\/magazine365\/un-total-de-21-000-personas-participan-en-la-campana-siente-la-rioja\/\" \/>\n\t<meta name=\"generator\" content=\"All in One SEO Pro (AIOSEO) 4.9.6.1\" \/>\n\t\t<meta property=\"og:locale\" content=\"es_ES\" \/>\n\t\t<meta property=\"og:site_name\" content=\"El Digital de Asturias \u2013 Revista de ocio, turismo y estilo de vida\" \/>\n\t\t<meta property=\"og:type\" content=\"article\" \/>\n\t\t<meta property=\"og:title\" content=\"Un total de 21.000 personas participan en la campa\u00f1a \u2018Siente La Rioja\u2019 | El Digital de Asturias\" \/>\n\t\t<meta property=\"og:description\" content=\"La campa\u00f1a &#039;Siente La Rioja&#039;, que buscaba promover el turismo rural y el patrimonio riojano, proponiendo planes de relax, naturaleza y cultura, ha contado con la participaci\u00f3n de 21.000 personas en su mes de duraci\u00f3n. Con esta iniciativa, que se enmarca en el convenio de colaboraci\u00f3n del Gobierno de La Rioja con el portal de\" \/>\n\t\t<meta property=\"og:url\" content=\"https:\/\/eldigitaldeasturias.com\/magazine365\/un-total-de-21-000-personas-participan-en-la-campana-siente-la-rioja\/\" \/>\n\t\t<meta property=\"og:image\" content=\"https:\/\/eldigitaldeasturias.com\/magazine365\/wp-content\/uploads\/2016\/06\/fotonoticia_20160623162950_800.jpg\" \/>\n\t\t<meta property=\"og:image:secure_url\" content=\"https:\/\/eldigitaldeasturias.com\/magazine365\/wp-content\/uploads\/2016\/06\/fotonoticia_20160623162950_800.jpg\" \/>\n\t\t<meta property=\"og:image:width\" content=\"800\" \/>\n\t\t<meta property=\"og:image:height\" content=\"344\" \/>\n\t\t<meta property=\"article:published_time\" content=\"2016-06-24T13:55:41+00:00\" \/>\n\t\t<meta property=\"article:modified_time\" content=\"2016-06-24T13:55:41+00:00\" \/>\n\t\t<meta name=\"twitter:card\" content=\"summary_large_image\" \/>\n\t\t<meta name=\"twitter:title\" content=\"Un total de 21.000 personas participan en la campa\u00f1a \u2018Siente La Rioja\u2019 | El Digital de Asturias\" \/>\n\t\t<meta name=\"twitter:description\" content=\"La campa\u00f1a &#039;Siente La Rioja&#039;, que buscaba promover el turismo rural y el patrimonio riojano, proponiendo planes de relax, naturaleza y cultura, ha contado con la participaci\u00f3n de 21.000 personas en su mes de duraci\u00f3n. Con esta iniciativa, que se enmarca en el convenio de colaboraci\u00f3n del Gobierno de La Rioja con el portal de\" \/>\n\t\t<meta name=\"twitter:image\" content=\"https:\/\/eldigitaldeasturias.com\/magazine365\/wp-content\/uploads\/2016\/06\/fotonoticia_20160623162950_800.jpg\" \/>\n\t\t<script type=\"application\/ld+json\" class=\"aioseo-schema\">\n\t\t\t{\"@context\":\"https:\\\/\\\/schema.org\",\"@graph\":[{\"@type\":\"Article\",\"@id\":\"https:\\\/\\\/eldigitaldeasturias.com\\\/magazine365\\\/un-total-de-21-000-personas-participan-en-la-campana-siente-la-rioja\\\/#article\",\"name\":\"Un total de 21.000 personas participan en la campa\\u00f1a \\u2018Siente La Rioja\\u2019 | El Digital de Asturias\",\"headline\":\"Un total de 21.000 personas participan en la campa\\u00f1a &#8216;Siente La Rioja&#8217;\",\"author\":{\"@id\":\"https:\\\/\\\/eldigitaldeasturias.com\\\/magazine365\\\/author\\\/admin\\\/#author\"},\"publisher\":{\"@id\":\"https:\\\/\\\/eldigitaldeasturias.com\\\/magazine365\\\/#organization\"},\"image\":{\"@type\":\"ImageObject\",\"url\":\"https:\\\/\\\/eldigitaldeasturias.com\\\/magazine365\\\/wp-content\\\/uploads\\\/2016\\\/06\\\/fotonoticia_20160623162950_800.jpg\",\"width\":800,\"height\":344},\"datePublished\":\"2016-06-24T15:55:41+02:00\",\"dateModified\":\"2016-06-24T15:55:41+02:00\",\"inLanguage\":\"es-ES\",\"mainEntityOfPage\":{\"@id\":\"https:\\\/\\\/eldigitaldeasturias.com\\\/magazine365\\\/un-total-de-21-000-personas-participan-en-la-campana-siente-la-rioja\\\/#webpage\"},\"isPartOf\":{\"@id\":\"https:\\\/\\\/eldigitaldeasturias.com\\\/magazine365\\\/un-total-de-21-000-personas-participan-en-la-campana-siente-la-rioja\\\/#webpage\"},\"articleSection\":\"Noticias y Actualidad\"},{\"@type\":\"BreadcrumbList\",\"@id\":\"https:\\\/\\\/eldigitaldeasturias.com\\\/magazine365\\\/un-total-de-21-000-personas-participan-en-la-campana-siente-la-rioja\\\/#breadcrumblist\",\"itemListElement\":[{\"@type\":\"ListItem\",\"@id\":\"https:\\\/\\\/eldigitaldeasturias.com\\\/magazine365#listItem\",\"position\":1,\"name\":\"Home\",\"item\":\"https:\\\/\\\/eldigitaldeasturias.com\\\/magazine365\",\"nextItem\":{\"@type\":\"ListItem\",\"@id\":\"https:\\\/\\\/eldigitaldeasturias.com\\\/magazine365\\\/category\\\/noticias-actualidad\\\/#listItem\",\"name\":\"Noticias y Actualidad\"}},{\"@type\":\"ListItem\",\"@id\":\"https:\\\/\\\/eldigitaldeasturias.com\\\/magazine365\\\/category\\\/noticias-actualidad\\\/#listItem\",\"position\":2,\"name\":\"Noticias y Actualidad\",\"item\":\"https:\\\/\\\/eldigitaldeasturias.com\\\/magazine365\\\/category\\\/noticias-actualidad\\\/\",\"nextItem\":{\"@type\":\"ListItem\",\"@id\":\"https:\\\/\\\/eldigitaldeasturias.com\\\/magazine365\\\/un-total-de-21-000-personas-participan-en-la-campana-siente-la-rioja\\\/#listItem\",\"name\":\"Un total de 21.000 personas participan en la campa\\u00f1a &#8216;Siente La Rioja&#8217;\"},\"previousItem\":{\"@type\":\"ListItem\",\"@id\":\"https:\\\/\\\/eldigitaldeasturias.com\\\/magazine365#listItem\",\"name\":\"Home\"}},{\"@type\":\"ListItem\",\"@id\":\"https:\\\/\\\/eldigitaldeasturias.com\\\/magazine365\\\/un-total-de-21-000-personas-participan-en-la-campana-siente-la-rioja\\\/#listItem\",\"position\":3,\"name\":\"Un total de 21.000 personas participan en la campa\\u00f1a &#8216;Siente La Rioja&#8217;\",\"previousItem\":{\"@type\":\"ListItem\",\"@id\":\"https:\\\/\\\/eldigitaldeasturias.com\\\/magazine365\\\/category\\\/noticias-actualidad\\\/#listItem\",\"name\":\"Noticias y Actualidad\"}}]},{\"@type\":\"Organization\",\"@id\":\"https:\\\/\\\/eldigitaldeasturias.com\\\/magazine365\\\/#organization\",\"name\":\"El digital de Asturias\",\"description\":\"Revista de ocio, turismo y estilo de vida\",\"url\":\"https:\\\/\\\/eldigitaldeasturias.com\\\/magazine365\\\/\",\"logo\":{\"@type\":\"ImageObject\",\"url\":\"https:\\\/\\\/www.eldigitaldeasturias.com\\\/noticias\\\/wp-content\\\/uploads\\\/2020\\\/12\\\/EDA.jpg\",\"@id\":\"https:\\\/\\\/eldigitaldeasturias.com\\\/magazine365\\\/un-total-de-21-000-personas-participan-en-la-campana-siente-la-rioja\\\/#organizationLogo\"},\"image\":{\"@id\":\"https:\\\/\\\/eldigitaldeasturias.com\\\/magazine365\\\/un-total-de-21-000-personas-participan-en-la-campana-siente-la-rioja\\\/#organizationLogo\"}},{\"@type\":\"Person\",\"@id\":\"https:\\\/\\\/eldigitaldeasturias.com\\\/magazine365\\\/author\\\/admin\\\/#author\",\"url\":\"https:\\\/\\\/eldigitaldeasturias.com\\\/magazine365\\\/author\\\/admin\\\/\",\"name\":\"admin\",\"image\":{\"@type\":\"ImageObject\",\"@id\":\"https:\\\/\\\/eldigitaldeasturias.com\\\/magazine365\\\/un-total-de-21-000-personas-participan-en-la-campana-siente-la-rioja\\\/#authorImage\",\"url\":\"https:\\\/\\\/eldigitaldeasturias.com\\\/magazine365\\\/wp-content\\\/litespeed\\\/avatar\\\/e571bcf59a0edd6fa6838245a470f2fe.jpg?ver=1776969259\",\"width\":96,\"height\":96,\"caption\":\"admin\"}},{\"@type\":\"WebPage\",\"@id\":\"https:\\\/\\\/eldigitaldeasturias.com\\\/magazine365\\\/un-total-de-21-000-personas-participan-en-la-campana-siente-la-rioja\\\/#webpage\",\"url\":\"https:\\\/\\\/eldigitaldeasturias.com\\\/magazine365\\\/un-total-de-21-000-personas-participan-en-la-campana-siente-la-rioja\\\/\",\"name\":\"Un total de 21.000 personas participan en la campa\\u00f1a \\u2018Siente La Rioja\\u2019 | El Digital de Asturias\",\"description\":\"La campa\\u00f1a 'Siente La Rioja', que buscaba promover el turismo rural y el patrimonio riojano, proponiendo planes de relax, naturaleza y cultura, ha contado con la participaci\\u00f3n de 21.000 personas en su mes de duraci\\u00f3n. Con esta iniciativa, que se enmarca en el convenio de colaboraci\\u00f3n del Gobierno de La Rioja con el portal de\",\"inLanguage\":\"es-ES\",\"isPartOf\":{\"@id\":\"https:\\\/\\\/eldigitaldeasturias.com\\\/magazine365\\\/#website\"},\"breadcrumb\":{\"@id\":\"https:\\\/\\\/eldigitaldeasturias.com\\\/magazine365\\\/un-total-de-21-000-personas-participan-en-la-campana-siente-la-rioja\\\/#breadcrumblist\"},\"author\":{\"@id\":\"https:\\\/\\\/eldigitaldeasturias.com\\\/magazine365\\\/author\\\/admin\\\/#author\"},\"creator\":{\"@id\":\"https:\\\/\\\/eldigitaldeasturias.com\\\/magazine365\\\/author\\\/admin\\\/#author\"},\"image\":{\"@type\":\"ImageObject\",\"url\":\"https:\\\/\\\/eldigitaldeasturias.com\\\/magazine365\\\/wp-content\\\/uploads\\\/2016\\\/06\\\/fotonoticia_20160623162950_800.jpg\",\"@id\":\"https:\\\/\\\/eldigitaldeasturias.com\\\/magazine365\\\/un-total-de-21-000-personas-participan-en-la-campana-siente-la-rioja\\\/#mainImage\",\"width\":800,\"height\":344},\"primaryImageOfPage\":{\"@id\":\"https:\\\/\\\/eldigitaldeasturias.com\\\/magazine365\\\/un-total-de-21-000-personas-participan-en-la-campana-siente-la-rioja\\\/#mainImage\"},\"datePublished\":\"2016-06-24T15:55:41+02:00\",\"dateModified\":\"2016-06-24T15:55:41+02:00\"},{\"@type\":\"WebSite\",\"@id\":\"https:\\\/\\\/eldigitaldeasturias.com\\\/magazine365\\\/#website\",\"url\":\"https:\\\/\\\/eldigitaldeasturias.com\\\/magazine365\\\/\",\"name\":\"El Digital de Asturias\",\"description\":\"Revista de ocio, turismo y estilo de vida\",\"inLanguage\":\"es-ES\",\"publisher\":{\"@id\":\"https:\\\/\\\/eldigitaldeasturias.com\\\/magazine365\\\/#organization\"}}]}\n\t\t<\/script>\n\t\t<!-- All in One SEO Pro -->\r\n\t\t<title>Un total de 21.000 personas participan en la campa\u00f1a \u2018Siente La Rioja\u2019 | El Digital de Asturias<\/title>\n\n","aioseo_head_json":{"title":"Un total de 21.000 personas participan en la campa\u00f1a \u2018Siente La Rioja\u2019 | El Digital de Asturias","description":"La campa\u00f1a 'Siente La Rioja', que buscaba promover el turismo rural y el patrimonio riojano, proponiendo planes de relax, naturaleza y cultura, ha contado con la participaci\u00f3n de 21.000 personas en su mes de duraci\u00f3n. Con esta iniciativa, que se enmarca en el convenio de colaboraci\u00f3n del Gobierno de La Rioja con el portal de","canonical_url":"https:\/\/eldigitaldeasturias.com\/magazine365\/un-total-de-21-000-personas-participan-en-la-campana-siente-la-rioja\/","robots":"max-image-preview:large","keywords":"noticias y actualidad","webmasterTools":{"google-site-verification":"UA-38556648-1","miscellaneous":""},"schema":{"@context":"https:\/\/schema.org","@graph":[{"@type":"Article","@id":"https:\/\/eldigitaldeasturias.com\/magazine365\/un-total-de-21-000-personas-participan-en-la-campana-siente-la-rioja\/#article","name":"Un total de 21.000 personas participan en la campa\u00f1a \u2018Siente La Rioja\u2019 | El Digital de Asturias","headline":"Un total de 21.000 personas participan en la campa\u00f1a &#8216;Siente La Rioja&#8217;","author":{"@id":"https:\/\/eldigitaldeasturias.com\/magazine365\/author\/admin\/#author"},"publisher":{"@id":"https:\/\/eldigitaldeasturias.com\/magazine365\/#organization"},"image":{"@type":"ImageObject","url":"https:\/\/eldigitaldeasturias.com\/magazine365\/wp-content\/uploads\/2016\/06\/fotonoticia_20160623162950_800.jpg","width":800,"height":344},"datePublished":"2016-06-24T15:55:41+02:00","dateModified":"2016-06-24T15:55:41+02:00","inLanguage":"es-ES","mainEntityOfPage":{"@id":"https:\/\/eldigitaldeasturias.com\/magazine365\/un-total-de-21-000-personas-participan-en-la-campana-siente-la-rioja\/#webpage"},"isPartOf":{"@id":"https:\/\/eldigitaldeasturias.com\/magazine365\/un-total-de-21-000-personas-participan-en-la-campana-siente-la-rioja\/#webpage"},"articleSection":"Noticias y Actualidad"},{"@type":"BreadcrumbList","@id":"https:\/\/eldigitaldeasturias.com\/magazine365\/un-total-de-21-000-personas-participan-en-la-campana-siente-la-rioja\/#breadcrumblist","itemListElement":[{"@type":"ListItem","@id":"https:\/\/eldigitaldeasturias.com\/magazine365#listItem","position":1,"name":"Home","item":"https:\/\/eldigitaldeasturias.com\/magazine365","nextItem":{"@type":"ListItem","@id":"https:\/\/eldigitaldeasturias.com\/magazine365\/category\/noticias-actualidad\/#listItem","name":"Noticias y Actualidad"}},{"@type":"ListItem","@id":"https:\/\/eldigitaldeasturias.com\/magazine365\/category\/noticias-actualidad\/#listItem","position":2,"name":"Noticias y Actualidad","item":"https:\/\/eldigitaldeasturias.com\/magazine365\/category\/noticias-actualidad\/","nextItem":{"@type":"ListItem","@id":"https:\/\/eldigitaldeasturias.com\/magazine365\/un-total-de-21-000-personas-participan-en-la-campana-siente-la-rioja\/#listItem","name":"Un total de 21.000 personas participan en la campa\u00f1a &#8216;Siente La Rioja&#8217;"},"previousItem":{"@type":"ListItem","@id":"https:\/\/eldigitaldeasturias.com\/magazine365#listItem","name":"Home"}},{"@type":"ListItem","@id":"https:\/\/eldigitaldeasturias.com\/magazine365\/un-total-de-21-000-personas-participan-en-la-campana-siente-la-rioja\/#listItem","position":3,"name":"Un total de 21.000 personas participan en la campa\u00f1a &#8216;Siente La Rioja&#8217;","previousItem":{"@type":"ListItem","@id":"https:\/\/eldigitaldeasturias.com\/magazine365\/category\/noticias-actualidad\/#listItem","name":"Noticias y Actualidad"}}]},{"@type":"Organization","@id":"https:\/\/eldigitaldeasturias.com\/magazine365\/#organization","name":"El digital de Asturias","description":"Revista de ocio, turismo y estilo de vida","url":"https:\/\/eldigitaldeasturias.com\/magazine365\/","logo":{"@type":"ImageObject","url":"https:\/\/www.eldigitaldeasturias.com\/noticias\/wp-content\/uploads\/2020\/12\/EDA.jpg","@id":"https:\/\/eldigitaldeasturias.com\/magazine365\/un-total-de-21-000-personas-participan-en-la-campana-siente-la-rioja\/#organizationLogo"},"image":{"@id":"https:\/\/eldigitaldeasturias.com\/magazine365\/un-total-de-21-000-personas-participan-en-la-campana-siente-la-rioja\/#organizationLogo"}},{"@type":"Person","@id":"https:\/\/eldigitaldeasturias.com\/magazine365\/author\/admin\/#author","url":"https:\/\/eldigitaldeasturias.com\/magazine365\/author\/admin\/","name":"admin","image":{"@type":"ImageObject","@id":"https:\/\/eldigitaldeasturias.com\/magazine365\/un-total-de-21-000-personas-participan-en-la-campana-siente-la-rioja\/#authorImage","url":"https:\/\/eldigitaldeasturias.com\/magazine365\/wp-content\/litespeed\/avatar\/e571bcf59a0edd6fa6838245a470f2fe.jpg?ver=1776969259","width":96,"height":96,"caption":"admin"}},{"@type":"WebPage","@id":"https:\/\/eldigitaldeasturias.com\/magazine365\/un-total-de-21-000-personas-participan-en-la-campana-siente-la-rioja\/#webpage","url":"https:\/\/eldigitaldeasturias.com\/magazine365\/un-total-de-21-000-personas-participan-en-la-campana-siente-la-rioja\/","name":"Un total de 21.000 personas participan en la campa\u00f1a \u2018Siente La Rioja\u2019 | El Digital de Asturias","description":"La campa\u00f1a 'Siente La Rioja', que buscaba promover el turismo rural y el patrimonio riojano, proponiendo planes de relax, naturaleza y cultura, ha contado con la participaci\u00f3n de 21.000 personas en su mes de duraci\u00f3n. Con esta iniciativa, que se enmarca en el convenio de colaboraci\u00f3n del Gobierno de La Rioja con el portal de","inLanguage":"es-ES","isPartOf":{"@id":"https:\/\/eldigitaldeasturias.com\/magazine365\/#website"},"breadcrumb":{"@id":"https:\/\/eldigitaldeasturias.com\/magazine365\/un-total-de-21-000-personas-participan-en-la-campana-siente-la-rioja\/#breadcrumblist"},"author":{"@id":"https:\/\/eldigitaldeasturias.com\/magazine365\/author\/admin\/#author"},"creator":{"@id":"https:\/\/eldigitaldeasturias.com\/magazine365\/author\/admin\/#author"},"image":{"@type":"ImageObject","url":"https:\/\/eldigitaldeasturias.com\/magazine365\/wp-content\/uploads\/2016\/06\/fotonoticia_20160623162950_800.jpg","@id":"https:\/\/eldigitaldeasturias.com\/magazine365\/un-total-de-21-000-personas-participan-en-la-campana-siente-la-rioja\/#mainImage","width":800,"height":344},"primaryImageOfPage":{"@id":"https:\/\/eldigitaldeasturias.com\/magazine365\/un-total-de-21-000-personas-participan-en-la-campana-siente-la-rioja\/#mainImage"},"datePublished":"2016-06-24T15:55:41+02:00","dateModified":"2016-06-24T15:55:41+02:00"},{"@type":"WebSite","@id":"https:\/\/eldigitaldeasturias.com\/magazine365\/#website","url":"https:\/\/eldigitaldeasturias.com\/magazine365\/","name":"El Digital de Asturias","description":"Revista de ocio, turismo y estilo de vida","inLanguage":"es-ES","publisher":{"@id":"https:\/\/eldigitaldeasturias.com\/magazine365\/#organization"}}]},"og:locale":"es_ES","og:site_name":"El Digital de Asturias \u2013 Revista de ocio, turismo y estilo de vida","og:type":"article","og:title":"Un total de 21.000 personas participan en la campa\u00f1a \u2018Siente La Rioja\u2019 | El Digital de Asturias","og:description":"La campa\u00f1a 'Siente La Rioja', que buscaba promover el turismo rural y el patrimonio riojano, proponiendo planes de relax, naturaleza y cultura, ha contado con la participaci\u00f3n de 21.000 personas en su mes de duraci\u00f3n. Con esta iniciativa, que se enmarca en el convenio de colaboraci\u00f3n del Gobierno de La Rioja con el portal de","og:url":"https:\/\/eldigitaldeasturias.com\/magazine365\/un-total-de-21-000-personas-participan-en-la-campana-siente-la-rioja\/","og:image":"https:\/\/eldigitaldeasturias.com\/magazine365\/wp-content\/uploads\/2016\/06\/fotonoticia_20160623162950_800.jpg","og:image:secure_url":"https:\/\/eldigitaldeasturias.com\/magazine365\/wp-content\/uploads\/2016\/06\/fotonoticia_20160623162950_800.jpg","og:image:width":800,"og:image:height":344,"article:published_time":"2016-06-24T13:55:41+00:00","article:modified_time":"2016-06-24T13:55:41+00:00","twitter:card":"summary_large_image","twitter:title":"Un total de 21.000 personas participan en la campa\u00f1a \u2018Siente La Rioja\u2019 | El Digital de Asturias","twitter:description":"La campa\u00f1a 'Siente La Rioja', que buscaba promover el turismo rural y el patrimonio riojano, proponiendo planes de relax, naturaleza y cultura, ha contado con la participaci\u00f3n de 21.000 personas en su mes de duraci\u00f3n. Con esta iniciativa, que se enmarca en el convenio de colaboraci\u00f3n del Gobierno de La Rioja con el portal de","twitter:image":"https:\/\/eldigitaldeasturias.com\/magazine365\/wp-content\/uploads\/2016\/06\/fotonoticia_20160623162950_800.jpg"},"aioseo_meta_data":{"post_id":"80619","title":null,"description":null,"keywords":null,"keyphrases":null,"primary_term":null,"canonical_url":null,"og_title":null,"og_description":null,"og_object_type":"default","og_image_type":"default","og_image_url":null,"og_image_width":null,"og_image_height":null,"og_image_custom_url":null,"og_image_custom_fields":null,"og_video":null,"og_custom_url":null,"og_article_section":null,"og_article_tags":null,"twitter_use_og":false,"twitter_card":"default","twitter_image_type":"default","twitter_image_url":null,"twitter_image_custom_url":null,"twitter_image_custom_fields":null,"twitter_title":null,"twitter_description":null,"schema":{"blockGraphs":[],"customGraphs":[],"default":{"data":{"Article":[],"Course":[],"Dataset":[],"FAQPage":[],"Movie":[],"Person":[],"Product":[],"ProductReview":[],"Car":[],"Recipe":[],"Service":[],"SoftwareApplication":[],"WebPage":[]},"graphName":"","isEnabled":true},"graphs":[],"defaultGraph":"","defaultPostTypeGraph":""},"schema_type":null,"schema_type_options":null,"pillar_content":false,"robots_default":true,"robots_noindex":false,"robots_noarchive":false,"robots_nosnippet":false,"robots_nofollow":false,"robots_noimageindex":false,"robots_noodp":false,"robots_notranslate":false,"robots_max_snippet":null,"robots_max_videopreview":null,"robots_max_imagepreview":"large","priority":null,"frequency":null,"location":null,"local_seo":null,"seo_analyzer_scan_date":"2025-09-27 21:11:14","breadcrumb_settings":null,"limit_modified_date":false,"open_ai":null,"ai":null,"created":"2021-03-08 17:30:52","updated":"2025-09-27 21:11:14"},"aioseo_breadcrumb":"<div class=\"aioseo-breadcrumbs\"><span class=\"aioseo-breadcrumb\">\n\t<a href=\"https:\/\/eldigitaldeasturias.com\/magazine365\" title=\"Home\">Home<\/a>\n<\/span><span class=\"aioseo-breadcrumb-separator\">\u2013<\/span><span class=\"aioseo-breadcrumb\">\n\t<a href=\"https:\/\/eldigitaldeasturias.com\/magazine365\/category\/noticias-actualidad\/\" title=\"Noticias y Actualidad\">Noticias y Actualidad<\/a>\n<\/span><span class=\"aioseo-breadcrumb-separator\">\u2013<\/span><span class=\"aioseo-breadcrumb\">\n\t<a href=\"https:\/\/eldigitaldeasturias.com\/magazine365\/un-total-de-21-000-personas-participan-en-la-campana-siente-la-rioja\/\" title=\"Un total de 21.000 personas participan en la campa\u00f1a \u2018Siente La Rioja\u2019\">Un total de 21.000 personas participan en la campa\u00f1a \u2018Siente La Rioja\u2019<\/a>\n<\/span><\/div>","aioseo_breadcrumb_json":[{"label":"Home","link":"https:\/\/eldigitaldeasturias.com\/magazine365"},{"label":"Noticias y Actualidad","link":"https:\/\/eldigitaldeasturias.com\/magazine365\/category\/noticias-actualidad\/"},{"label":"Un total de 21.000 personas participan en la campa\u00f1a &#8216;Siente La Rioja&#8217;","link":"https:\/\/eldigitaldeasturias.com\/magazine365\/un-total-de-21-000-personas-participan-en-la-campana-siente-la-rioja\/"}],"_links":{"self":[{"href":"https:\/\/eldigitaldeasturias.com\/magazine365\/wp-json\/wp\/v2\/posts\/80619","targetHints":{"allow":["GET"]}}],"collection":[{"href":"https:\/\/eldigitaldeasturias.com\/magazine365\/wp-json\/wp\/v2\/posts"}],"about":[{"href":"https:\/\/eldigitaldeasturias.com\/magazine365\/wp-json\/wp\/v2\/types\/post"}],"author":[{"embeddable":true,"href":"https:\/\/eldigitaldeasturias.com\/magazine365\/wp-json\/wp\/v2\/users\/1"}],"replies":[{"embeddable":true,"href":"https:\/\/eldigitaldeasturias.com\/magazine365\/wp-json\/wp\/v2\/comments?post=80619"}],"version-history":[{"count":0,"href":"https:\/\/eldigitaldeasturias.com\/magazine365\/wp-json\/wp\/v2\/posts\/80619\/revisions"}],"wp:featuredmedia":[{"embeddable":true,"href":"https:\/\/eldigitaldeasturias.com\/magazine365\/wp-json\/wp\/v2\/media\/80620"}],"wp:attachment":[{"href":"https:\/\/eldigitaldeasturias.com\/magazine365\/wp-json\/wp\/v2\/media?parent=80619"}],"wp:term":[{"taxonomy":"category","embeddable":true,"href":"https:\/\/eldigitaldeasturias.com\/magazine365\/wp-json\/wp\/v2\/categories?post=80619"},{"taxonomy":"post_tag","embeddable":true,"href":"https:\/\/eldigitaldeasturias.com\/magazine365\/wp-json\/wp\/v2\/tags?post=80619"}],"curies":[{"name":"wp","href":"https:\/\/api.w.org\/{rel}","templated":true}]}}