{"id":80616,"date":"2016-06-24T15:54:21","date_gmt":"2016-06-24T13:54:21","guid":{"rendered":"http:\/\/eldigitaldeasturias.com\/magazine365\/?p=80616"},"modified":"2016-06-24T15:54:21","modified_gmt":"2016-06-24T13:54:21","slug":"un-mar-de-canciones-abrira-la-accion-promocional-de-jaen-en-julio","status":"publish","type":"post","link":"https:\/\/eldigitaldeasturias.com\/magazine365\/un-mar-de-canciones-abrira-la-accion-promocional-de-jaen-en-julio\/","title":{"rendered":"&#8216;Un Mar de Canciones&#8217; abrir\u00e1 la acci\u00f3n promocional de &#8216;Ja\u00e9n en Julio&#8217;"},"content":{"rendered":"<p><img fetchpriority=\"high\" decoding=\"async\" class=\"alignleft size-medium wp-image-80617\" src=\"https:\/\/eldigitaldeasturias.com\/magazine365\/wp-content\/uploads\/2016\/06\/fotonoticia_20160623161444_800-360x270.jpg\" alt=\"fotonoticia_20160623161444_800\" width=\"360\" height=\"270\" srcset=\"https:\/\/eldigitaldeasturias.com\/magazine365\/wp-content\/uploads\/2016\/06\/fotonoticia_20160623161444_800-360x270.jpg 360w, https:\/\/eldigitaldeasturias.com\/magazine365\/wp-content\/uploads\/2016\/06\/fotonoticia_20160623161444_800-650x488.jpg 650w, https:\/\/eldigitaldeasturias.com\/magazine365\/wp-content\/uploads\/2016\/06\/fotonoticia_20160623161444_800-768x576.jpg 768w, https:\/\/eldigitaldeasturias.com\/magazine365\/wp-content\/uploads\/2016\/06\/fotonoticia_20160623161444_800-150x113.jpg 150w, https:\/\/eldigitaldeasturias.com\/magazine365\/wp-content\/uploads\/2016\/06\/fotonoticia_20160623161444_800-450x338.jpg 450w, https:\/\/eldigitaldeasturias.com\/magazine365\/wp-content\/uploads\/2016\/06\/fotonoticia_20160623161444_800-90x67.jpg 90w, https:\/\/eldigitaldeasturias.com\/magazine365\/wp-content\/uploads\/2016\/06\/fotonoticia_20160623161444_800-164x124.jpg 164w, https:\/\/eldigitaldeasturias.com\/magazine365\/wp-content\/uploads\/2016\/06\/fotonoticia_20160623161444_800-100x75.jpg 100w, https:\/\/eldigitaldeasturias.com\/magazine365\/wp-content\/uploads\/2016\/06\/fotonoticia_20160623161444_800.jpg 800w\" sizes=\"(max-width: 360px) 100vw, 360px\" \/>El festival &#8216;Un Mar de Canciones&#8217; ser\u00e1 este a\u00f1o el que \u00ababra el tel\u00f3n\u00bb de la acci\u00f3n promocional &#8216;Ja\u00e9n en julio&#8217;, ya que se celebrar\u00e1 los pr\u00f3ximos d\u00edas 1 y 2 de julio en el municipio jiennense de Torreperogil.<\/p>\n<p>As\u00ed lo ha apuntado el diputado de Promoci\u00f3n y Turismo, Manuel Fern\u00e1ndez, durante la d\u00e9cimo quinta edici\u00f3n de este certamen que est\u00e1 dedicado a la canci\u00f3n de autor y en cuya programaci\u00f3n, adem\u00e1s de conciertos, tambi\u00e9n se incluyen otras actividades como exposiciones, concursos o actuaciones de humor, entre otras.<\/p>\n<p>Este certamen es \u00abuno de los cinco incluidos en la acci\u00f3n promocional Ja\u00e9n en julio\u00bb, seg\u00fan ha recordado Fern\u00e1ndez, quien ha se\u00f1alado que este primer festival llega este a\u00f1o \u00abcon un mont\u00f3n de sorpresas y actuaciones que van a atraer a mucha gente a este municipio de en torno a 8.000 habitantes que incrementa en un 50 por ciento su poblaci\u00f3n durante estos d\u00edas\u00bb.<\/p>\n<p>De hecho, ha a\u00f1adido el diputado, \u00abeste festival, que ya est\u00e1 consagrado en el panorama art\u00edstico espa\u00f1ol, es un agente dinamizador del turismo no solo para el municipio, sino tambi\u00e9n para la comarca, argumentos m\u00e1s que suficientes para que lo apoyemos desde la Diputaci\u00f3n y la Junta\u00bb.<\/p>\n<p>Por ello, Manuel Fern\u00e1ndez ha querido felicitar a la organizaci\u00f3n y al Ayuntamiento \u00abpor el trabajo que realizan cada a\u00f1o para mejorar la edici\u00f3n anterior en una localidad que es un lugar \u00fanico para la reflexi\u00f3n y la palabra\u00bb. En esta l\u00ednea se ha manifestado tambi\u00e9n la diputada de Cultura, Turismo Y Deporte, Pilar Salazar, que ha apuntado los objetivos que se persiguen con la celebraci\u00f3n de Ja\u00e9n en julio, como son \u00abromper con la estacionalidad y ofrecer una imagen atractiva, din\u00e1mica y joven de nuestra provincia\u00bb.<\/p>\n<p>Para ello, en estos cinco festivales tomar\u00e1n parte 317 m\u00fasicos en un escenario de 13.843 kil\u00f3metros cuadrados, con los que \u00abconfiamos en seguir incrementando las cifras de visitantes a la provincia, que este a\u00f1o son un 10 por ciento mejores que en 2015\u00bb, seg\u00fan ha incidido la delegada.<\/p>\n<p>Salazar tambi\u00e9n ha puesto de relieve que \u00abJa\u00e9n es la segunda provincia donde m\u00e1s gastan los turistas y la segunda mejor valorada entre las andaluzas\u00bb. \u00abAcciones como esta ayudan a incrementar estos datos\u00bb, ha insistido Salazar, quien ha agregado que Torreperogil \u00abse convertir\u00e1 un a\u00f1o m\u00e1s en la capital de esta comarca con el festival m\u00e1s madrugador de los que forman parte de Ja\u00e9n en julio, en el que confiamos que se superen las 5.000 personas\u00bb.<\/p>\n<p>Este certamen es, para el alcalde de Torreperogil, Jos\u00e9 Ruiz, \u00abentra\u00f1able y muy importante porque es la primera raz\u00f3n por la que la gente nos visita en verano\u00bb. \u00abSomos un pueblo modesto, sin un patrimonio art\u00edstico grande, pero lo que s\u00ed tenemos es el patrimonio cultural de la gente, del pueblo que est\u00e1 detr\u00e1s de la organizaci\u00f3n de este festival que gira en torno a la palabra hablada y cantada\u00bb.<\/p>\n<p>Por su parte, la coordinadora del IAJ, Ana Morillo, ha hecho hincapi\u00e9 en que \u00abeste evento se ha hecho un hueco en la agenda cultural andaluza, junto a los otros festivales que componen &#8216;Ja\u00e9n en julio&#8217;, que conforman una atractiva programaci\u00f3n dentro del panorama cultural jiennense\u00bb. Un festival en el que tambi\u00e9n colabora el IAJ y que es, a juicio de la coordinadora de este instituto, \u00abuna muestra de nuestra apuesta por la creaci\u00f3n andaluza joven\u00bb.<\/p>\n<p>Por \u00faltimo, el director de este certamen, Antonio Rosillo, ha repasado la programaci\u00f3n de esta edici\u00f3n, en la que destaca la presencia de Coque Malla, \u00abque vuelve al festival, aunque la vez anterior lo hizo con Los Ronaldos, y Luis Pastor, uno de los mejores artistas de este g\u00e9nero\u00bb.<\/p>\n<p>Adem\u00e1s, ha recordado el inter\u00e9s de este festival \u00abpor contar con bandas andaluzas noveles y por incluir novedades con otras actividades como exposiciones, concursos literarios o espect\u00e1culos de humor como el que ofrecer\u00e1 David Navarro\u00bb, pero sobre todo ha puesto el foco sobre el car\u00e1cter especial del d\u00e9cimo quinto aniversario de esta cita musical, \u00abque nos va a llevar a realizar actividades m\u00e1s all\u00e1 del 1 y el 2 de julio tanto en Torreperogil como en otros municipios de la provincia\u00bb.<\/p>\n","protected":false},"excerpt":{"rendered":"<p>El festival &#8216;Un Mar de Canciones&#8217; ser\u00e1 este a\u00f1o el que \u00ababra el tel\u00f3n\u00bb de la acci\u00f3n promocional &#8216;Ja\u00e9n en julio&#8217;, ya que se celebrar\u00e1 los pr\u00f3ximos d\u00edas 1 y 2 de julio en el municipio jiennense de Torreperogil. As\u00ed lo ha apuntado el diputado de Promoci\u00f3n y Turismo, Manuel Fern\u00e1ndez, durante la d\u00e9cimo quinta<\/p>\n","protected":false},"author":1,"featured_media":80617,"comment_status":"open","ping_status":"closed","sticky":false,"template":"","format":"standard","meta":{"footnotes":""},"categories":[224],"tags":[],"class_list":{"0":"post-80616","1":"post","2":"type-post","3":"status-publish","4":"format-standard","5":"has-post-thumbnail","7":"category-noticias-actualidad"},"aioseo_notices":[],"aioseo_head":"\n\t\t<!-- All in One SEO Pro 4.9.6.1 - aioseo.com -->\n\t<meta name=\"description\" content=\"El festival &#039;Un Mar de Canciones&#039; ser\u00e1 este a\u00f1o el que &quot;abra el tel\u00f3n&quot; de la acci\u00f3n promocional &#039;Ja\u00e9n en julio&#039;, ya que se celebrar\u00e1 los pr\u00f3ximos d\u00edas 1 y 2 de julio en el municipio jiennense de Torreperogil. As\u00ed lo ha apuntado el diputado de Promoci\u00f3n y Turismo, Manuel Fern\u00e1ndez, durante la d\u00e9cimo quinta\" \/>\n\t<meta name=\"robots\" content=\"max-image-preview:large\" \/>\n\t<meta name=\"author\" content=\"admin\"\/>\n\t<meta name=\"google-site-verification\" content=\"UA-38556648-1\" \/>\n\t<meta name=\"keywords\" content=\"noticias y actualidad\" \/>\n\t<link rel=\"canonical\" href=\"https:\/\/eldigitaldeasturias.com\/magazine365\/un-mar-de-canciones-abrira-la-accion-promocional-de-jaen-en-julio\/\" \/>\n\t<meta name=\"generator\" content=\"All in One SEO Pro (AIOSEO) 4.9.6.1\" \/>\n\t\t<meta property=\"og:locale\" content=\"es_ES\" \/>\n\t\t<meta property=\"og:site_name\" content=\"El Digital de Asturias \u2013 Revista de ocio, turismo y estilo de vida\" \/>\n\t\t<meta property=\"og:type\" content=\"article\" \/>\n\t\t<meta property=\"og:title\" content=\"\u2018Un Mar de Canciones\u2019 abrir\u00e1 la acci\u00f3n promocional de \u2018Ja\u00e9n en Julio\u2019 | El Digital de Asturias\" \/>\n\t\t<meta property=\"og:description\" content=\"El festival &#039;Un Mar de Canciones&#039; ser\u00e1 este a\u00f1o el que &quot;abra el tel\u00f3n&quot; de la acci\u00f3n promocional &#039;Ja\u00e9n en julio&#039;, ya que se celebrar\u00e1 los pr\u00f3ximos d\u00edas 1 y 2 de julio en el municipio jiennense de Torreperogil. As\u00ed lo ha apuntado el diputado de Promoci\u00f3n y Turismo, Manuel Fern\u00e1ndez, durante la d\u00e9cimo quinta\" \/>\n\t\t<meta property=\"og:url\" content=\"https:\/\/eldigitaldeasturias.com\/magazine365\/un-mar-de-canciones-abrira-la-accion-promocional-de-jaen-en-julio\/\" \/>\n\t\t<meta property=\"og:image\" content=\"https:\/\/eldigitaldeasturias.com\/magazine365\/wp-content\/uploads\/2016\/06\/fotonoticia_20160623161444_800.jpg\" \/>\n\t\t<meta property=\"og:image:secure_url\" content=\"https:\/\/eldigitaldeasturias.com\/magazine365\/wp-content\/uploads\/2016\/06\/fotonoticia_20160623161444_800.jpg\" \/>\n\t\t<meta property=\"og:image:width\" content=\"800\" \/>\n\t\t<meta property=\"og:image:height\" content=\"600\" \/>\n\t\t<meta property=\"article:published_time\" content=\"2016-06-24T13:54:21+00:00\" \/>\n\t\t<meta property=\"article:modified_time\" content=\"2016-06-24T13:54:21+00:00\" \/>\n\t\t<meta name=\"twitter:card\" content=\"summary_large_image\" \/>\n\t\t<meta name=\"twitter:title\" content=\"\u2018Un Mar de Canciones\u2019 abrir\u00e1 la acci\u00f3n promocional de \u2018Ja\u00e9n en Julio\u2019 | El Digital de Asturias\" \/>\n\t\t<meta name=\"twitter:description\" content=\"El festival &#039;Un Mar de Canciones&#039; ser\u00e1 este a\u00f1o el que &quot;abra el tel\u00f3n&quot; de la acci\u00f3n promocional &#039;Ja\u00e9n en julio&#039;, ya que se celebrar\u00e1 los pr\u00f3ximos d\u00edas 1 y 2 de julio en el municipio jiennense de Torreperogil. As\u00ed lo ha apuntado el diputado de Promoci\u00f3n y Turismo, Manuel Fern\u00e1ndez, durante la d\u00e9cimo quinta\" \/>\n\t\t<meta name=\"twitter:image\" content=\"https:\/\/eldigitaldeasturias.com\/magazine365\/wp-content\/uploads\/2016\/06\/fotonoticia_20160623161444_800.jpg\" \/>\n\t\t<script type=\"application\/ld+json\" class=\"aioseo-schema\">\n\t\t\t{\"@context\":\"https:\\\/\\\/schema.org\",\"@graph\":[{\"@type\":\"Article\",\"@id\":\"https:\\\/\\\/eldigitaldeasturias.com\\\/magazine365\\\/un-mar-de-canciones-abrira-la-accion-promocional-de-jaen-en-julio\\\/#article\",\"name\":\"\\u2018Un Mar de Canciones\\u2019 abrir\\u00e1 la acci\\u00f3n promocional de \\u2018Ja\\u00e9n en Julio\\u2019 | El Digital de Asturias\",\"headline\":\"&#8216;Un Mar de Canciones&#8217; abrir\\u00e1 la acci\\u00f3n promocional de &#8216;Ja\\u00e9n en Julio&#8217;\",\"author\":{\"@id\":\"https:\\\/\\\/eldigitaldeasturias.com\\\/magazine365\\\/author\\\/admin\\\/#author\"},\"publisher\":{\"@id\":\"https:\\\/\\\/eldigitaldeasturias.com\\\/magazine365\\\/#organization\"},\"image\":{\"@type\":\"ImageObject\",\"url\":\"https:\\\/\\\/eldigitaldeasturias.com\\\/magazine365\\\/wp-content\\\/uploads\\\/2016\\\/06\\\/fotonoticia_20160623161444_800.jpg\",\"width\":800,\"height\":600},\"datePublished\":\"2016-06-24T15:54:21+02:00\",\"dateModified\":\"2016-06-24T15:54:21+02:00\",\"inLanguage\":\"es-ES\",\"mainEntityOfPage\":{\"@id\":\"https:\\\/\\\/eldigitaldeasturias.com\\\/magazine365\\\/un-mar-de-canciones-abrira-la-accion-promocional-de-jaen-en-julio\\\/#webpage\"},\"isPartOf\":{\"@id\":\"https:\\\/\\\/eldigitaldeasturias.com\\\/magazine365\\\/un-mar-de-canciones-abrira-la-accion-promocional-de-jaen-en-julio\\\/#webpage\"},\"articleSection\":\"Noticias y Actualidad\"},{\"@type\":\"BreadcrumbList\",\"@id\":\"https:\\\/\\\/eldigitaldeasturias.com\\\/magazine365\\\/un-mar-de-canciones-abrira-la-accion-promocional-de-jaen-en-julio\\\/#breadcrumblist\",\"itemListElement\":[{\"@type\":\"ListItem\",\"@id\":\"https:\\\/\\\/eldigitaldeasturias.com\\\/magazine365#listItem\",\"position\":1,\"name\":\"Home\",\"item\":\"https:\\\/\\\/eldigitaldeasturias.com\\\/magazine365\",\"nextItem\":{\"@type\":\"ListItem\",\"@id\":\"https:\\\/\\\/eldigitaldeasturias.com\\\/magazine365\\\/category\\\/noticias-actualidad\\\/#listItem\",\"name\":\"Noticias y Actualidad\"}},{\"@type\":\"ListItem\",\"@id\":\"https:\\\/\\\/eldigitaldeasturias.com\\\/magazine365\\\/category\\\/noticias-actualidad\\\/#listItem\",\"position\":2,\"name\":\"Noticias y Actualidad\",\"item\":\"https:\\\/\\\/eldigitaldeasturias.com\\\/magazine365\\\/category\\\/noticias-actualidad\\\/\",\"nextItem\":{\"@type\":\"ListItem\",\"@id\":\"https:\\\/\\\/eldigitaldeasturias.com\\\/magazine365\\\/un-mar-de-canciones-abrira-la-accion-promocional-de-jaen-en-julio\\\/#listItem\",\"name\":\"&#8216;Un Mar de Canciones&#8217; abrir\\u00e1 la acci\\u00f3n promocional de &#8216;Ja\\u00e9n en Julio&#8217;\"},\"previousItem\":{\"@type\":\"ListItem\",\"@id\":\"https:\\\/\\\/eldigitaldeasturias.com\\\/magazine365#listItem\",\"name\":\"Home\"}},{\"@type\":\"ListItem\",\"@id\":\"https:\\\/\\\/eldigitaldeasturias.com\\\/magazine365\\\/un-mar-de-canciones-abrira-la-accion-promocional-de-jaen-en-julio\\\/#listItem\",\"position\":3,\"name\":\"&#8216;Un Mar de Canciones&#8217; abrir\\u00e1 la acci\\u00f3n promocional de &#8216;Ja\\u00e9n en Julio&#8217;\",\"previousItem\":{\"@type\":\"ListItem\",\"@id\":\"https:\\\/\\\/eldigitaldeasturias.com\\\/magazine365\\\/category\\\/noticias-actualidad\\\/#listItem\",\"name\":\"Noticias y Actualidad\"}}]},{\"@type\":\"Organization\",\"@id\":\"https:\\\/\\\/eldigitaldeasturias.com\\\/magazine365\\\/#organization\",\"name\":\"El digital de Asturias\",\"description\":\"Revista de ocio, turismo y estilo de vida\",\"url\":\"https:\\\/\\\/eldigitaldeasturias.com\\\/magazine365\\\/\",\"logo\":{\"@type\":\"ImageObject\",\"url\":\"https:\\\/\\\/www.eldigitaldeasturias.com\\\/noticias\\\/wp-content\\\/uploads\\\/2020\\\/12\\\/EDA.jpg\",\"@id\":\"https:\\\/\\\/eldigitaldeasturias.com\\\/magazine365\\\/un-mar-de-canciones-abrira-la-accion-promocional-de-jaen-en-julio\\\/#organizationLogo\"},\"image\":{\"@id\":\"https:\\\/\\\/eldigitaldeasturias.com\\\/magazine365\\\/un-mar-de-canciones-abrira-la-accion-promocional-de-jaen-en-julio\\\/#organizationLogo\"}},{\"@type\":\"Person\",\"@id\":\"https:\\\/\\\/eldigitaldeasturias.com\\\/magazine365\\\/author\\\/admin\\\/#author\",\"url\":\"https:\\\/\\\/eldigitaldeasturias.com\\\/magazine365\\\/author\\\/admin\\\/\",\"name\":\"admin\",\"image\":{\"@type\":\"ImageObject\",\"@id\":\"https:\\\/\\\/eldigitaldeasturias.com\\\/magazine365\\\/un-mar-de-canciones-abrira-la-accion-promocional-de-jaen-en-julio\\\/#authorImage\",\"url\":\"https:\\\/\\\/eldigitaldeasturias.com\\\/magazine365\\\/wp-content\\\/litespeed\\\/avatar\\\/e571bcf59a0edd6fa6838245a470f2fe.jpg?ver=1776969259\",\"width\":96,\"height\":96,\"caption\":\"admin\"}},{\"@type\":\"WebPage\",\"@id\":\"https:\\\/\\\/eldigitaldeasturias.com\\\/magazine365\\\/un-mar-de-canciones-abrira-la-accion-promocional-de-jaen-en-julio\\\/#webpage\",\"url\":\"https:\\\/\\\/eldigitaldeasturias.com\\\/magazine365\\\/un-mar-de-canciones-abrira-la-accion-promocional-de-jaen-en-julio\\\/\",\"name\":\"\\u2018Un Mar de Canciones\\u2019 abrir\\u00e1 la acci\\u00f3n promocional de \\u2018Ja\\u00e9n en Julio\\u2019 | El Digital de Asturias\",\"description\":\"El festival 'Un Mar de Canciones' ser\\u00e1 este a\\u00f1o el que \\\"abra el tel\\u00f3n\\\" de la acci\\u00f3n promocional 'Ja\\u00e9n en julio', ya que se celebrar\\u00e1 los pr\\u00f3ximos d\\u00edas 1 y 2 de julio en el municipio jiennense de Torreperogil. As\\u00ed lo ha apuntado el diputado de Promoci\\u00f3n y Turismo, Manuel Fern\\u00e1ndez, durante la d\\u00e9cimo quinta\",\"inLanguage\":\"es-ES\",\"isPartOf\":{\"@id\":\"https:\\\/\\\/eldigitaldeasturias.com\\\/magazine365\\\/#website\"},\"breadcrumb\":{\"@id\":\"https:\\\/\\\/eldigitaldeasturias.com\\\/magazine365\\\/un-mar-de-canciones-abrira-la-accion-promocional-de-jaen-en-julio\\\/#breadcrumblist\"},\"author\":{\"@id\":\"https:\\\/\\\/eldigitaldeasturias.com\\\/magazine365\\\/author\\\/admin\\\/#author\"},\"creator\":{\"@id\":\"https:\\\/\\\/eldigitaldeasturias.com\\\/magazine365\\\/author\\\/admin\\\/#author\"},\"image\":{\"@type\":\"ImageObject\",\"url\":\"https:\\\/\\\/eldigitaldeasturias.com\\\/magazine365\\\/wp-content\\\/uploads\\\/2016\\\/06\\\/fotonoticia_20160623161444_800.jpg\",\"@id\":\"https:\\\/\\\/eldigitaldeasturias.com\\\/magazine365\\\/un-mar-de-canciones-abrira-la-accion-promocional-de-jaen-en-julio\\\/#mainImage\",\"width\":800,\"height\":600},\"primaryImageOfPage\":{\"@id\":\"https:\\\/\\\/eldigitaldeasturias.com\\\/magazine365\\\/un-mar-de-canciones-abrira-la-accion-promocional-de-jaen-en-julio\\\/#mainImage\"},\"datePublished\":\"2016-06-24T15:54:21+02:00\",\"dateModified\":\"2016-06-24T15:54:21+02:00\"},{\"@type\":\"WebSite\",\"@id\":\"https:\\\/\\\/eldigitaldeasturias.com\\\/magazine365\\\/#website\",\"url\":\"https:\\\/\\\/eldigitaldeasturias.com\\\/magazine365\\\/\",\"name\":\"El Digital de Asturias\",\"description\":\"Revista de ocio, turismo y estilo de vida\",\"inLanguage\":\"es-ES\",\"publisher\":{\"@id\":\"https:\\\/\\\/eldigitaldeasturias.com\\\/magazine365\\\/#organization\"}}]}\n\t\t<\/script>\n\t\t<!-- All in One SEO Pro -->\r\n\t\t<title>\u2018Un Mar de Canciones\u2019 abrir\u00e1 la acci\u00f3n promocional de \u2018Ja\u00e9n en Julio\u2019 | El Digital de Asturias<\/title>\n\n","aioseo_head_json":{"title":"\u2018Un Mar de Canciones\u2019 abrir\u00e1 la acci\u00f3n promocional de \u2018Ja\u00e9n en Julio\u2019 | El Digital de Asturias","description":"El festival 'Un Mar de Canciones' ser\u00e1 este a\u00f1o el que \"abra el tel\u00f3n\" de la acci\u00f3n promocional 'Ja\u00e9n en julio', ya que se celebrar\u00e1 los pr\u00f3ximos d\u00edas 1 y 2 de julio en el municipio jiennense de Torreperogil. As\u00ed lo ha apuntado el diputado de Promoci\u00f3n y Turismo, Manuel Fern\u00e1ndez, durante la d\u00e9cimo quinta","canonical_url":"https:\/\/eldigitaldeasturias.com\/magazine365\/un-mar-de-canciones-abrira-la-accion-promocional-de-jaen-en-julio\/","robots":"max-image-preview:large","keywords":"noticias y actualidad","webmasterTools":{"google-site-verification":"UA-38556648-1","miscellaneous":""},"schema":{"@context":"https:\/\/schema.org","@graph":[{"@type":"Article","@id":"https:\/\/eldigitaldeasturias.com\/magazine365\/un-mar-de-canciones-abrira-la-accion-promocional-de-jaen-en-julio\/#article","name":"\u2018Un Mar de Canciones\u2019 abrir\u00e1 la acci\u00f3n promocional de \u2018Ja\u00e9n en Julio\u2019 | El Digital de Asturias","headline":"&#8216;Un Mar de Canciones&#8217; abrir\u00e1 la acci\u00f3n promocional de &#8216;Ja\u00e9n en Julio&#8217;","author":{"@id":"https:\/\/eldigitaldeasturias.com\/magazine365\/author\/admin\/#author"},"publisher":{"@id":"https:\/\/eldigitaldeasturias.com\/magazine365\/#organization"},"image":{"@type":"ImageObject","url":"https:\/\/eldigitaldeasturias.com\/magazine365\/wp-content\/uploads\/2016\/06\/fotonoticia_20160623161444_800.jpg","width":800,"height":600},"datePublished":"2016-06-24T15:54:21+02:00","dateModified":"2016-06-24T15:54:21+02:00","inLanguage":"es-ES","mainEntityOfPage":{"@id":"https:\/\/eldigitaldeasturias.com\/magazine365\/un-mar-de-canciones-abrira-la-accion-promocional-de-jaen-en-julio\/#webpage"},"isPartOf":{"@id":"https:\/\/eldigitaldeasturias.com\/magazine365\/un-mar-de-canciones-abrira-la-accion-promocional-de-jaen-en-julio\/#webpage"},"articleSection":"Noticias y Actualidad"},{"@type":"BreadcrumbList","@id":"https:\/\/eldigitaldeasturias.com\/magazine365\/un-mar-de-canciones-abrira-la-accion-promocional-de-jaen-en-julio\/#breadcrumblist","itemListElement":[{"@type":"ListItem","@id":"https:\/\/eldigitaldeasturias.com\/magazine365#listItem","position":1,"name":"Home","item":"https:\/\/eldigitaldeasturias.com\/magazine365","nextItem":{"@type":"ListItem","@id":"https:\/\/eldigitaldeasturias.com\/magazine365\/category\/noticias-actualidad\/#listItem","name":"Noticias y Actualidad"}},{"@type":"ListItem","@id":"https:\/\/eldigitaldeasturias.com\/magazine365\/category\/noticias-actualidad\/#listItem","position":2,"name":"Noticias y Actualidad","item":"https:\/\/eldigitaldeasturias.com\/magazine365\/category\/noticias-actualidad\/","nextItem":{"@type":"ListItem","@id":"https:\/\/eldigitaldeasturias.com\/magazine365\/un-mar-de-canciones-abrira-la-accion-promocional-de-jaen-en-julio\/#listItem","name":"&#8216;Un Mar de Canciones&#8217; abrir\u00e1 la acci\u00f3n promocional de &#8216;Ja\u00e9n en Julio&#8217;"},"previousItem":{"@type":"ListItem","@id":"https:\/\/eldigitaldeasturias.com\/magazine365#listItem","name":"Home"}},{"@type":"ListItem","@id":"https:\/\/eldigitaldeasturias.com\/magazine365\/un-mar-de-canciones-abrira-la-accion-promocional-de-jaen-en-julio\/#listItem","position":3,"name":"&#8216;Un Mar de Canciones&#8217; abrir\u00e1 la acci\u00f3n promocional de &#8216;Ja\u00e9n en Julio&#8217;","previousItem":{"@type":"ListItem","@id":"https:\/\/eldigitaldeasturias.com\/magazine365\/category\/noticias-actualidad\/#listItem","name":"Noticias y Actualidad"}}]},{"@type":"Organization","@id":"https:\/\/eldigitaldeasturias.com\/magazine365\/#organization","name":"El digital de Asturias","description":"Revista de ocio, turismo y estilo de vida","url":"https:\/\/eldigitaldeasturias.com\/magazine365\/","logo":{"@type":"ImageObject","url":"https:\/\/www.eldigitaldeasturias.com\/noticias\/wp-content\/uploads\/2020\/12\/EDA.jpg","@id":"https:\/\/eldigitaldeasturias.com\/magazine365\/un-mar-de-canciones-abrira-la-accion-promocional-de-jaen-en-julio\/#organizationLogo"},"image":{"@id":"https:\/\/eldigitaldeasturias.com\/magazine365\/un-mar-de-canciones-abrira-la-accion-promocional-de-jaen-en-julio\/#organizationLogo"}},{"@type":"Person","@id":"https:\/\/eldigitaldeasturias.com\/magazine365\/author\/admin\/#author","url":"https:\/\/eldigitaldeasturias.com\/magazine365\/author\/admin\/","name":"admin","image":{"@type":"ImageObject","@id":"https:\/\/eldigitaldeasturias.com\/magazine365\/un-mar-de-canciones-abrira-la-accion-promocional-de-jaen-en-julio\/#authorImage","url":"https:\/\/eldigitaldeasturias.com\/magazine365\/wp-content\/litespeed\/avatar\/e571bcf59a0edd6fa6838245a470f2fe.jpg?ver=1776969259","width":96,"height":96,"caption":"admin"}},{"@type":"WebPage","@id":"https:\/\/eldigitaldeasturias.com\/magazine365\/un-mar-de-canciones-abrira-la-accion-promocional-de-jaen-en-julio\/#webpage","url":"https:\/\/eldigitaldeasturias.com\/magazine365\/un-mar-de-canciones-abrira-la-accion-promocional-de-jaen-en-julio\/","name":"\u2018Un Mar de Canciones\u2019 abrir\u00e1 la acci\u00f3n promocional de \u2018Ja\u00e9n en Julio\u2019 | El Digital de Asturias","description":"El festival 'Un Mar de Canciones' ser\u00e1 este a\u00f1o el que \"abra el tel\u00f3n\" de la acci\u00f3n promocional 'Ja\u00e9n en julio', ya que se celebrar\u00e1 los pr\u00f3ximos d\u00edas 1 y 2 de julio en el municipio jiennense de Torreperogil. As\u00ed lo ha apuntado el diputado de Promoci\u00f3n y Turismo, Manuel Fern\u00e1ndez, durante la d\u00e9cimo quinta","inLanguage":"es-ES","isPartOf":{"@id":"https:\/\/eldigitaldeasturias.com\/magazine365\/#website"},"breadcrumb":{"@id":"https:\/\/eldigitaldeasturias.com\/magazine365\/un-mar-de-canciones-abrira-la-accion-promocional-de-jaen-en-julio\/#breadcrumblist"},"author":{"@id":"https:\/\/eldigitaldeasturias.com\/magazine365\/author\/admin\/#author"},"creator":{"@id":"https:\/\/eldigitaldeasturias.com\/magazine365\/author\/admin\/#author"},"image":{"@type":"ImageObject","url":"https:\/\/eldigitaldeasturias.com\/magazine365\/wp-content\/uploads\/2016\/06\/fotonoticia_20160623161444_800.jpg","@id":"https:\/\/eldigitaldeasturias.com\/magazine365\/un-mar-de-canciones-abrira-la-accion-promocional-de-jaen-en-julio\/#mainImage","width":800,"height":600},"primaryImageOfPage":{"@id":"https:\/\/eldigitaldeasturias.com\/magazine365\/un-mar-de-canciones-abrira-la-accion-promocional-de-jaen-en-julio\/#mainImage"},"datePublished":"2016-06-24T15:54:21+02:00","dateModified":"2016-06-24T15:54:21+02:00"},{"@type":"WebSite","@id":"https:\/\/eldigitaldeasturias.com\/magazine365\/#website","url":"https:\/\/eldigitaldeasturias.com\/magazine365\/","name":"El Digital de Asturias","description":"Revista de ocio, turismo y estilo de vida","inLanguage":"es-ES","publisher":{"@id":"https:\/\/eldigitaldeasturias.com\/magazine365\/#organization"}}]},"og:locale":"es_ES","og:site_name":"El Digital de Asturias \u2013 Revista de ocio, turismo y estilo de vida","og:type":"article","og:title":"\u2018Un Mar de Canciones\u2019 abrir\u00e1 la acci\u00f3n promocional de \u2018Ja\u00e9n en Julio\u2019 | El Digital de Asturias","og:description":"El festival 'Un Mar de Canciones' ser\u00e1 este a\u00f1o el que &quot;abra el tel\u00f3n&quot; de la acci\u00f3n promocional 'Ja\u00e9n en julio', ya que se celebrar\u00e1 los pr\u00f3ximos d\u00edas 1 y 2 de julio en el municipio jiennense de Torreperogil. As\u00ed lo ha apuntado el diputado de Promoci\u00f3n y Turismo, Manuel Fern\u00e1ndez, durante la d\u00e9cimo quinta","og:url":"https:\/\/eldigitaldeasturias.com\/magazine365\/un-mar-de-canciones-abrira-la-accion-promocional-de-jaen-en-julio\/","og:image":"https:\/\/eldigitaldeasturias.com\/magazine365\/wp-content\/uploads\/2016\/06\/fotonoticia_20160623161444_800.jpg","og:image:secure_url":"https:\/\/eldigitaldeasturias.com\/magazine365\/wp-content\/uploads\/2016\/06\/fotonoticia_20160623161444_800.jpg","og:image:width":800,"og:image:height":600,"article:published_time":"2016-06-24T13:54:21+00:00","article:modified_time":"2016-06-24T13:54:21+00:00","twitter:card":"summary_large_image","twitter:title":"\u2018Un Mar de Canciones\u2019 abrir\u00e1 la acci\u00f3n promocional de \u2018Ja\u00e9n en Julio\u2019 | El Digital de Asturias","twitter:description":"El festival 'Un Mar de Canciones' ser\u00e1 este a\u00f1o el que &quot;abra el tel\u00f3n&quot; de la acci\u00f3n promocional 'Ja\u00e9n en julio', ya que se celebrar\u00e1 los pr\u00f3ximos d\u00edas 1 y 2 de julio en el municipio jiennense de Torreperogil. As\u00ed lo ha apuntado el diputado de Promoci\u00f3n y Turismo, Manuel Fern\u00e1ndez, durante la d\u00e9cimo quinta","twitter:image":"https:\/\/eldigitaldeasturias.com\/magazine365\/wp-content\/uploads\/2016\/06\/fotonoticia_20160623161444_800.jpg"},"aioseo_meta_data":{"post_id":"80616","title":null,"description":null,"keywords":null,"keyphrases":null,"primary_term":null,"canonical_url":null,"og_title":null,"og_description":null,"og_object_type":"default","og_image_type":"default","og_image_url":null,"og_image_width":null,"og_image_height":null,"og_image_custom_url":null,"og_image_custom_fields":null,"og_video":null,"og_custom_url":null,"og_article_section":null,"og_article_tags":null,"twitter_use_og":false,"twitter_card":"default","twitter_image_type":"default","twitter_image_url":null,"twitter_image_custom_url":null,"twitter_image_custom_fields":null,"twitter_title":null,"twitter_description":null,"schema":{"blockGraphs":[],"customGraphs":[],"default":{"data":{"Article":[],"Course":[],"Dataset":[],"FAQPage":[],"Movie":[],"Person":[],"Product":[],"ProductReview":[],"Car":[],"Recipe":[],"Service":[],"SoftwareApplication":[],"WebPage":[]},"graphName":"","isEnabled":true},"graphs":[],"defaultGraph":"","defaultPostTypeGraph":""},"schema_type":null,"schema_type_options":null,"pillar_content":false,"robots_default":true,"robots_noindex":false,"robots_noarchive":false,"robots_nosnippet":false,"robots_nofollow":false,"robots_noimageindex":false,"robots_noodp":false,"robots_notranslate":false,"robots_max_snippet":null,"robots_max_videopreview":null,"robots_max_imagepreview":"large","priority":null,"frequency":null,"location":null,"local_seo":null,"seo_analyzer_scan_date":"2025-09-27 21:11:12","breadcrumb_settings":null,"limit_modified_date":false,"open_ai":null,"ai":null,"created":"2021-03-08 17:30:52","updated":"2025-09-27 21:11:12"},"aioseo_breadcrumb":"<div class=\"aioseo-breadcrumbs\"><span class=\"aioseo-breadcrumb\">\n\t<a href=\"https:\/\/eldigitaldeasturias.com\/magazine365\" title=\"Home\">Home<\/a>\n<\/span><span class=\"aioseo-breadcrumb-separator\">\u2013<\/span><span class=\"aioseo-breadcrumb\">\n\t<a href=\"https:\/\/eldigitaldeasturias.com\/magazine365\/category\/noticias-actualidad\/\" title=\"Noticias y Actualidad\">Noticias y Actualidad<\/a>\n<\/span><span class=\"aioseo-breadcrumb-separator\">\u2013<\/span><span class=\"aioseo-breadcrumb\">\n\t<a href=\"https:\/\/eldigitaldeasturias.com\/magazine365\/un-mar-de-canciones-abrira-la-accion-promocional-de-jaen-en-julio\/\" title=\"\u2018Un Mar de Canciones\u2019 abrir\u00e1 la acci\u00f3n promocional de \u2018Ja\u00e9n en Julio\u2019\">\u2018Un Mar de Canciones\u2019 abrir\u00e1 la acci\u00f3n promocional de \u2018Ja\u00e9n en Julio\u2019<\/a>\n<\/span><\/div>","aioseo_breadcrumb_json":[{"label":"Home","link":"https:\/\/eldigitaldeasturias.com\/magazine365"},{"label":"Noticias y Actualidad","link":"https:\/\/eldigitaldeasturias.com\/magazine365\/category\/noticias-actualidad\/"},{"label":"&#8216;Un Mar de Canciones&#8217; abrir\u00e1 la acci\u00f3n promocional de &#8216;Ja\u00e9n en Julio&#8217;","link":"https:\/\/eldigitaldeasturias.com\/magazine365\/un-mar-de-canciones-abrira-la-accion-promocional-de-jaen-en-julio\/"}],"_links":{"self":[{"href":"https:\/\/eldigitaldeasturias.com\/magazine365\/wp-json\/wp\/v2\/posts\/80616","targetHints":{"allow":["GET"]}}],"collection":[{"href":"https:\/\/eldigitaldeasturias.com\/magazine365\/wp-json\/wp\/v2\/posts"}],"about":[{"href":"https:\/\/eldigitaldeasturias.com\/magazine365\/wp-json\/wp\/v2\/types\/post"}],"author":[{"embeddable":true,"href":"https:\/\/eldigitaldeasturias.com\/magazine365\/wp-json\/wp\/v2\/users\/1"}],"replies":[{"embeddable":true,"href":"https:\/\/eldigitaldeasturias.com\/magazine365\/wp-json\/wp\/v2\/comments?post=80616"}],"version-history":[{"count":0,"href":"https:\/\/eldigitaldeasturias.com\/magazine365\/wp-json\/wp\/v2\/posts\/80616\/revisions"}],"wp:featuredmedia":[{"embeddable":true,"href":"https:\/\/eldigitaldeasturias.com\/magazine365\/wp-json\/wp\/v2\/media\/80617"}],"wp:attachment":[{"href":"https:\/\/eldigitaldeasturias.com\/magazine365\/wp-json\/wp\/v2\/media?parent=80616"}],"wp:term":[{"taxonomy":"category","embeddable":true,"href":"https:\/\/eldigitaldeasturias.com\/magazine365\/wp-json\/wp\/v2\/categories?post=80616"},{"taxonomy":"post_tag","embeddable":true,"href":"https:\/\/eldigitaldeasturias.com\/magazine365\/wp-json\/wp\/v2\/tags?post=80616"}],"curies":[{"name":"wp","href":"https:\/\/api.w.org\/{rel}","templated":true}]}}