{"id":80613,"date":"2016-06-24T15:52:09","date_gmt":"2016-06-24T13:52:09","guid":{"rendered":"http:\/\/eldigitaldeasturias.com\/magazine365\/?p=80613"},"modified":"2016-06-24T15:52:09","modified_gmt":"2016-06-24T13:52:09","slug":"el-festival-la-mar-de-musicas-muestra-su-lado-mas-social-con-la-mar-de-barrios","status":"publish","type":"post","link":"https:\/\/eldigitaldeasturias.com\/magazine365\/el-festival-la-mar-de-musicas-muestra-su-lado-mas-social-con-la-mar-de-barrios\/","title":{"rendered":"El festival La Mar de M\u00fasicas muestra su lado m\u00e1s social con La Mar de Barrios"},"content":{"rendered":"<p><img fetchpriority=\"high\" decoding=\"async\" class=\"alignleft size-medium wp-image-80614\" src=\"https:\/\/eldigitaldeasturias.com\/magazine365\/wp-content\/uploads\/2016\/06\/fotonoticia_20160623155944_800-360x246.jpg\" alt=\"fotonoticia_20160623155944_800\" width=\"360\" height=\"246\" srcset=\"https:\/\/eldigitaldeasturias.com\/magazine365\/wp-content\/uploads\/2016\/06\/fotonoticia_20160623155944_800-360x246.jpg 360w, https:\/\/eldigitaldeasturias.com\/magazine365\/wp-content\/uploads\/2016\/06\/fotonoticia_20160623155944_800-650x444.jpg 650w, https:\/\/eldigitaldeasturias.com\/magazine365\/wp-content\/uploads\/2016\/06\/fotonoticia_20160623155944_800-768x525.jpg 768w, https:\/\/eldigitaldeasturias.com\/magazine365\/wp-content\/uploads\/2016\/06\/fotonoticia_20160623155944_800-150x103.jpg 150w, https:\/\/eldigitaldeasturias.com\/magazine365\/wp-content\/uploads\/2016\/06\/fotonoticia_20160623155944_800-450x308.jpg 450w, https:\/\/eldigitaldeasturias.com\/magazine365\/wp-content\/uploads\/2016\/06\/fotonoticia_20160623155944_800.jpg 800w\" sizes=\"(max-width: 360px) 100vw, 360px\" \/>Con el objetivo de acercar La Mar de M\u00fasicas a los barrios y diputaciones, la vig\u00e9simo segunda edici\u00f3n del festival contar\u00e1 con una nueva l\u00ednea de actuaci\u00f3n llamada La Mar de Barrios, que viene a enriquecer la programaci\u00f3n musical y las actividades paralelas.<\/p>\n<p>Se trata de descentralizar la actividad cultural llevando el festival cada a\u00f1o a un barrio o diputaci\u00f3n y trabajando en colaboraci\u00f3n con las asociaciones y agentes sociales de la zona, invit\u00e1ndoles a realizar sus propias actividades en el marco del festival. En esta primera Mar de Barrios la barriada seleccionada ha sido Jos\u00e9 Mar\u00eda de La Puerta.<\/p>\n<p>El martes 19 de julio la m\u00fasica llegar\u00e1 a la Plaza de la Farmacia de Jose Mar\u00eda de la Puerta desde las 19.00 horas. Diversas asociaciones culturales y de inmigrantes, colectivos y la coordinadora de barrios han preparado una serie de actividades para el disfrute de todos los p\u00fablicos.<\/p>\n<p>A las 21.30 horas comenzar\u00e1 el pasacalles del grupo de percusi\u00f3n D&#8217;Akokan y fin de fiesta a las 22.30 horas con el concierto del grupo murciano Jamones con Tacones, que presentar\u00e1n su primer proyecto Lukin for de fango, seg\u00fan han informado fuentes municipales.<\/p>\n<p>Por otro lado queda abierto el plazo de inscripci\u00f3n para los talleres de La Mar Chica donde ni\u00f1os y ni\u00f1as de entre 8 y 12 a\u00f1os tendr\u00e1n la oportunidad de conocer la cultura sueca a trav\u00e9s de la literatura, la ilustraci\u00f3n, la artesan\u00eda, la m\u00fasica y la cocina. Las inscripciones se realizan en la Universidad Popular de Cartagena y en el correo electr\u00f3nico upopular@ayto-cartagena.es.<\/p>\n<p>Los talleres gratuitos y con quince plazas, se desarrollar\u00e1n del 18 al 21 de Julio en horario de 11.00 a 12.30 horas en el Centro Cultural Ram\u00f3n Alonso Luzzy.<\/p>\n<p>En el taller de Artesan\u00eda, &#8216;Hemsl\u00f6jden&#8217;, se trabajar\u00e1 el s\u00edmbolo de Suecia, el Dalahast un caballo que los le\u00f1adores tallaban en madera, pintaban en rojo y cuyo decorado de hojas y flores se denomina kurbits.<\/p>\n<p>En el taller &#8216;Sin hacernos los suecos&#8217; se acercar\u00e1n a la literatura infantil contempor\u00e1nea de Suecia de la mano de autoras como Maria Gripe, Selma Lagerlof O Astrid Lindgren y su personaje m\u00e1s divertido y famoso, Pipi Calzaslargas.<\/p>\n<p>En el taller de &#8216;M\u00fasica tradicional Sueca&#8217; se aprender\u00e1 m\u00fasica tomando como base una canci\u00f3n infantil con peque\u00f1a percusi\u00f3n y xil\u00f3fonos orff.<\/p>\n<p>Por \u00faltimo y como novedad este a\u00f1o, se incluye la gastronom\u00eda. La Suecia m\u00e1s dulce llegar\u00e1 con el taller &#8216;Sweet Suecia&#8217; donde los m\u00e1s peque\u00f1os crear\u00e1n y decorar\u00e1n bollitos, galletas y dulces con recetas de la reposter\u00eda sueca. Las inscripciones se pueden realizar en la Universidad Popular de Cartagena, o a trav\u00e9s del correo electr\u00f3nico upopular@ayto-cartagena.es<\/p>\n","protected":false},"excerpt":{"rendered":"<p>Con el objetivo de acercar La Mar de M\u00fasicas a los barrios y diputaciones, la vig\u00e9simo segunda edici\u00f3n del festival contar\u00e1 con una nueva l\u00ednea de actuaci\u00f3n llamada La Mar de Barrios, que viene a enriquecer la programaci\u00f3n musical y las actividades paralelas. Se trata de descentralizar la actividad cultural llevando el festival cada a\u00f1o<\/p>\n","protected":false},"author":1,"featured_media":80614,"comment_status":"open","ping_status":"closed","sticky":false,"template":"","format":"standard","meta":{"footnotes":""},"categories":[224],"tags":[],"class_list":{"0":"post-80613","1":"post","2":"type-post","3":"status-publish","4":"format-standard","5":"has-post-thumbnail","7":"category-noticias-actualidad"},"aioseo_notices":[],"aioseo_head":"\n\t\t<!-- All in One SEO Pro 4.9.6.1 - aioseo.com -->\n\t<meta name=\"description\" content=\"Con el objetivo de acercar La Mar de M\u00fasicas a los barrios y diputaciones, la vig\u00e9simo segunda edici\u00f3n del festival contar\u00e1 con una nueva l\u00ednea de actuaci\u00f3n llamada La Mar de Barrios, que viene a enriquecer la programaci\u00f3n musical y las actividades paralelas. Se trata de descentralizar la actividad cultural llevando el festival cada a\u00f1o\" \/>\n\t<meta name=\"robots\" content=\"max-image-preview:large\" \/>\n\t<meta name=\"author\" content=\"admin\"\/>\n\t<meta name=\"google-site-verification\" content=\"UA-38556648-1\" \/>\n\t<meta name=\"keywords\" content=\"noticias y actualidad\" \/>\n\t<link rel=\"canonical\" href=\"https:\/\/eldigitaldeasturias.com\/magazine365\/el-festival-la-mar-de-musicas-muestra-su-lado-mas-social-con-la-mar-de-barrios\/\" \/>\n\t<meta name=\"generator\" content=\"All in One SEO Pro (AIOSEO) 4.9.6.1\" \/>\n\t\t<meta property=\"og:locale\" content=\"es_ES\" \/>\n\t\t<meta property=\"og:site_name\" content=\"El Digital de Asturias \u2013 Revista de ocio, turismo y estilo de vida\" \/>\n\t\t<meta property=\"og:type\" content=\"article\" \/>\n\t\t<meta property=\"og:title\" content=\"El festival La Mar de M\u00fasicas muestra su lado m\u00e1s social con La Mar de Barrios | El Digital de Asturias\" \/>\n\t\t<meta property=\"og:description\" content=\"Con el objetivo de acercar La Mar de M\u00fasicas a los barrios y diputaciones, la vig\u00e9simo segunda edici\u00f3n del festival contar\u00e1 con una nueva l\u00ednea de actuaci\u00f3n llamada La Mar de Barrios, que viene a enriquecer la programaci\u00f3n musical y las actividades paralelas. Se trata de descentralizar la actividad cultural llevando el festival cada a\u00f1o\" \/>\n\t\t<meta property=\"og:url\" content=\"https:\/\/eldigitaldeasturias.com\/magazine365\/el-festival-la-mar-de-musicas-muestra-su-lado-mas-social-con-la-mar-de-barrios\/\" \/>\n\t\t<meta property=\"og:image\" content=\"https:\/\/eldigitaldeasturias.com\/magazine365\/wp-content\/uploads\/2016\/06\/fotonoticia_20160623155944_800.jpg\" \/>\n\t\t<meta property=\"og:image:secure_url\" content=\"https:\/\/eldigitaldeasturias.com\/magazine365\/wp-content\/uploads\/2016\/06\/fotonoticia_20160623155944_800.jpg\" \/>\n\t\t<meta property=\"og:image:width\" content=\"800\" \/>\n\t\t<meta property=\"og:image:height\" content=\"547\" \/>\n\t\t<meta property=\"article:published_time\" content=\"2016-06-24T13:52:09+00:00\" \/>\n\t\t<meta property=\"article:modified_time\" content=\"2016-06-24T13:52:09+00:00\" \/>\n\t\t<meta name=\"twitter:card\" content=\"summary_large_image\" \/>\n\t\t<meta name=\"twitter:title\" content=\"El festival La Mar de M\u00fasicas muestra su lado m\u00e1s social con La Mar de Barrios | El Digital de Asturias\" \/>\n\t\t<meta name=\"twitter:description\" content=\"Con el objetivo de acercar La Mar de M\u00fasicas a los barrios y diputaciones, la vig\u00e9simo segunda edici\u00f3n del festival contar\u00e1 con una nueva l\u00ednea de actuaci\u00f3n llamada La Mar de Barrios, que viene a enriquecer la programaci\u00f3n musical y las actividades paralelas. Se trata de descentralizar la actividad cultural llevando el festival cada a\u00f1o\" \/>\n\t\t<meta name=\"twitter:image\" content=\"https:\/\/eldigitaldeasturias.com\/magazine365\/wp-content\/uploads\/2016\/06\/fotonoticia_20160623155944_800.jpg\" \/>\n\t\t<script type=\"application\/ld+json\" class=\"aioseo-schema\">\n\t\t\t{\"@context\":\"https:\\\/\\\/schema.org\",\"@graph\":[{\"@type\":\"Article\",\"@id\":\"https:\\\/\\\/eldigitaldeasturias.com\\\/magazine365\\\/el-festival-la-mar-de-musicas-muestra-su-lado-mas-social-con-la-mar-de-barrios\\\/#article\",\"name\":\"El festival La Mar de M\\u00fasicas muestra su lado m\\u00e1s social con La Mar de Barrios | El Digital de Asturias\",\"headline\":\"El festival La Mar de M\\u00fasicas muestra su lado m\\u00e1s social con La Mar de Barrios\",\"author\":{\"@id\":\"https:\\\/\\\/eldigitaldeasturias.com\\\/magazine365\\\/author\\\/admin\\\/#author\"},\"publisher\":{\"@id\":\"https:\\\/\\\/eldigitaldeasturias.com\\\/magazine365\\\/#organization\"},\"image\":{\"@type\":\"ImageObject\",\"url\":\"https:\\\/\\\/eldigitaldeasturias.com\\\/magazine365\\\/wp-content\\\/uploads\\\/2016\\\/06\\\/fotonoticia_20160623155944_800.jpg\",\"width\":800,\"height\":547},\"datePublished\":\"2016-06-24T15:52:09+02:00\",\"dateModified\":\"2016-06-24T15:52:09+02:00\",\"inLanguage\":\"es-ES\",\"mainEntityOfPage\":{\"@id\":\"https:\\\/\\\/eldigitaldeasturias.com\\\/magazine365\\\/el-festival-la-mar-de-musicas-muestra-su-lado-mas-social-con-la-mar-de-barrios\\\/#webpage\"},\"isPartOf\":{\"@id\":\"https:\\\/\\\/eldigitaldeasturias.com\\\/magazine365\\\/el-festival-la-mar-de-musicas-muestra-su-lado-mas-social-con-la-mar-de-barrios\\\/#webpage\"},\"articleSection\":\"Noticias y Actualidad\"},{\"@type\":\"BreadcrumbList\",\"@id\":\"https:\\\/\\\/eldigitaldeasturias.com\\\/magazine365\\\/el-festival-la-mar-de-musicas-muestra-su-lado-mas-social-con-la-mar-de-barrios\\\/#breadcrumblist\",\"itemListElement\":[{\"@type\":\"ListItem\",\"@id\":\"https:\\\/\\\/eldigitaldeasturias.com\\\/magazine365#listItem\",\"position\":1,\"name\":\"Home\",\"item\":\"https:\\\/\\\/eldigitaldeasturias.com\\\/magazine365\",\"nextItem\":{\"@type\":\"ListItem\",\"@id\":\"https:\\\/\\\/eldigitaldeasturias.com\\\/magazine365\\\/category\\\/noticias-actualidad\\\/#listItem\",\"name\":\"Noticias y Actualidad\"}},{\"@type\":\"ListItem\",\"@id\":\"https:\\\/\\\/eldigitaldeasturias.com\\\/magazine365\\\/category\\\/noticias-actualidad\\\/#listItem\",\"position\":2,\"name\":\"Noticias y Actualidad\",\"item\":\"https:\\\/\\\/eldigitaldeasturias.com\\\/magazine365\\\/category\\\/noticias-actualidad\\\/\",\"nextItem\":{\"@type\":\"ListItem\",\"@id\":\"https:\\\/\\\/eldigitaldeasturias.com\\\/magazine365\\\/el-festival-la-mar-de-musicas-muestra-su-lado-mas-social-con-la-mar-de-barrios\\\/#listItem\",\"name\":\"El festival La Mar de M\\u00fasicas muestra su lado m\\u00e1s social con La Mar de Barrios\"},\"previousItem\":{\"@type\":\"ListItem\",\"@id\":\"https:\\\/\\\/eldigitaldeasturias.com\\\/magazine365#listItem\",\"name\":\"Home\"}},{\"@type\":\"ListItem\",\"@id\":\"https:\\\/\\\/eldigitaldeasturias.com\\\/magazine365\\\/el-festival-la-mar-de-musicas-muestra-su-lado-mas-social-con-la-mar-de-barrios\\\/#listItem\",\"position\":3,\"name\":\"El festival La Mar de M\\u00fasicas muestra su lado m\\u00e1s social con La Mar de Barrios\",\"previousItem\":{\"@type\":\"ListItem\",\"@id\":\"https:\\\/\\\/eldigitaldeasturias.com\\\/magazine365\\\/category\\\/noticias-actualidad\\\/#listItem\",\"name\":\"Noticias y Actualidad\"}}]},{\"@type\":\"Organization\",\"@id\":\"https:\\\/\\\/eldigitaldeasturias.com\\\/magazine365\\\/#organization\",\"name\":\"El digital de Asturias\",\"description\":\"Revista de ocio, turismo y estilo de vida\",\"url\":\"https:\\\/\\\/eldigitaldeasturias.com\\\/magazine365\\\/\",\"logo\":{\"@type\":\"ImageObject\",\"url\":\"https:\\\/\\\/www.eldigitaldeasturias.com\\\/noticias\\\/wp-content\\\/uploads\\\/2020\\\/12\\\/EDA.jpg\",\"@id\":\"https:\\\/\\\/eldigitaldeasturias.com\\\/magazine365\\\/el-festival-la-mar-de-musicas-muestra-su-lado-mas-social-con-la-mar-de-barrios\\\/#organizationLogo\"},\"image\":{\"@id\":\"https:\\\/\\\/eldigitaldeasturias.com\\\/magazine365\\\/el-festival-la-mar-de-musicas-muestra-su-lado-mas-social-con-la-mar-de-barrios\\\/#organizationLogo\"}},{\"@type\":\"Person\",\"@id\":\"https:\\\/\\\/eldigitaldeasturias.com\\\/magazine365\\\/author\\\/admin\\\/#author\",\"url\":\"https:\\\/\\\/eldigitaldeasturias.com\\\/magazine365\\\/author\\\/admin\\\/\",\"name\":\"admin\",\"image\":{\"@type\":\"ImageObject\",\"@id\":\"https:\\\/\\\/eldigitaldeasturias.com\\\/magazine365\\\/el-festival-la-mar-de-musicas-muestra-su-lado-mas-social-con-la-mar-de-barrios\\\/#authorImage\",\"url\":\"https:\\\/\\\/eldigitaldeasturias.com\\\/magazine365\\\/wp-content\\\/litespeed\\\/avatar\\\/e571bcf59a0edd6fa6838245a470f2fe.jpg?ver=1776969259\",\"width\":96,\"height\":96,\"caption\":\"admin\"}},{\"@type\":\"WebPage\",\"@id\":\"https:\\\/\\\/eldigitaldeasturias.com\\\/magazine365\\\/el-festival-la-mar-de-musicas-muestra-su-lado-mas-social-con-la-mar-de-barrios\\\/#webpage\",\"url\":\"https:\\\/\\\/eldigitaldeasturias.com\\\/magazine365\\\/el-festival-la-mar-de-musicas-muestra-su-lado-mas-social-con-la-mar-de-barrios\\\/\",\"name\":\"El festival La Mar de M\\u00fasicas muestra su lado m\\u00e1s social con La Mar de Barrios | El Digital de Asturias\",\"description\":\"Con el objetivo de acercar La Mar de M\\u00fasicas a los barrios y diputaciones, la vig\\u00e9simo segunda edici\\u00f3n del festival contar\\u00e1 con una nueva l\\u00ednea de actuaci\\u00f3n llamada La Mar de Barrios, que viene a enriquecer la programaci\\u00f3n musical y las actividades paralelas. Se trata de descentralizar la actividad cultural llevando el festival cada a\\u00f1o\",\"inLanguage\":\"es-ES\",\"isPartOf\":{\"@id\":\"https:\\\/\\\/eldigitaldeasturias.com\\\/magazine365\\\/#website\"},\"breadcrumb\":{\"@id\":\"https:\\\/\\\/eldigitaldeasturias.com\\\/magazine365\\\/el-festival-la-mar-de-musicas-muestra-su-lado-mas-social-con-la-mar-de-barrios\\\/#breadcrumblist\"},\"author\":{\"@id\":\"https:\\\/\\\/eldigitaldeasturias.com\\\/magazine365\\\/author\\\/admin\\\/#author\"},\"creator\":{\"@id\":\"https:\\\/\\\/eldigitaldeasturias.com\\\/magazine365\\\/author\\\/admin\\\/#author\"},\"image\":{\"@type\":\"ImageObject\",\"url\":\"https:\\\/\\\/eldigitaldeasturias.com\\\/magazine365\\\/wp-content\\\/uploads\\\/2016\\\/06\\\/fotonoticia_20160623155944_800.jpg\",\"@id\":\"https:\\\/\\\/eldigitaldeasturias.com\\\/magazine365\\\/el-festival-la-mar-de-musicas-muestra-su-lado-mas-social-con-la-mar-de-barrios\\\/#mainImage\",\"width\":800,\"height\":547},\"primaryImageOfPage\":{\"@id\":\"https:\\\/\\\/eldigitaldeasturias.com\\\/magazine365\\\/el-festival-la-mar-de-musicas-muestra-su-lado-mas-social-con-la-mar-de-barrios\\\/#mainImage\"},\"datePublished\":\"2016-06-24T15:52:09+02:00\",\"dateModified\":\"2016-06-24T15:52:09+02:00\"},{\"@type\":\"WebSite\",\"@id\":\"https:\\\/\\\/eldigitaldeasturias.com\\\/magazine365\\\/#website\",\"url\":\"https:\\\/\\\/eldigitaldeasturias.com\\\/magazine365\\\/\",\"name\":\"El Digital de Asturias\",\"description\":\"Revista de ocio, turismo y estilo de vida\",\"inLanguage\":\"es-ES\",\"publisher\":{\"@id\":\"https:\\\/\\\/eldigitaldeasturias.com\\\/magazine365\\\/#organization\"}}]}\n\t\t<\/script>\n\t\t<!-- All in One SEO Pro -->\r\n\t\t<title>El festival La Mar de M\u00fasicas muestra su lado m\u00e1s social con La Mar de Barrios | El Digital de Asturias<\/title>\n\n","aioseo_head_json":{"title":"El festival La Mar de M\u00fasicas muestra su lado m\u00e1s social con La Mar de Barrios | El Digital de Asturias","description":"Con el objetivo de acercar La Mar de M\u00fasicas a los barrios y diputaciones, la vig\u00e9simo segunda edici\u00f3n del festival contar\u00e1 con una nueva l\u00ednea de actuaci\u00f3n llamada La Mar de Barrios, que viene a enriquecer la programaci\u00f3n musical y las actividades paralelas. Se trata de descentralizar la actividad cultural llevando el festival cada a\u00f1o","canonical_url":"https:\/\/eldigitaldeasturias.com\/magazine365\/el-festival-la-mar-de-musicas-muestra-su-lado-mas-social-con-la-mar-de-barrios\/","robots":"max-image-preview:large","keywords":"noticias y actualidad","webmasterTools":{"google-site-verification":"UA-38556648-1","miscellaneous":""},"schema":{"@context":"https:\/\/schema.org","@graph":[{"@type":"Article","@id":"https:\/\/eldigitaldeasturias.com\/magazine365\/el-festival-la-mar-de-musicas-muestra-su-lado-mas-social-con-la-mar-de-barrios\/#article","name":"El festival La Mar de M\u00fasicas muestra su lado m\u00e1s social con La Mar de Barrios | El Digital de Asturias","headline":"El festival La Mar de M\u00fasicas muestra su lado m\u00e1s social con La Mar de Barrios","author":{"@id":"https:\/\/eldigitaldeasturias.com\/magazine365\/author\/admin\/#author"},"publisher":{"@id":"https:\/\/eldigitaldeasturias.com\/magazine365\/#organization"},"image":{"@type":"ImageObject","url":"https:\/\/eldigitaldeasturias.com\/magazine365\/wp-content\/uploads\/2016\/06\/fotonoticia_20160623155944_800.jpg","width":800,"height":547},"datePublished":"2016-06-24T15:52:09+02:00","dateModified":"2016-06-24T15:52:09+02:00","inLanguage":"es-ES","mainEntityOfPage":{"@id":"https:\/\/eldigitaldeasturias.com\/magazine365\/el-festival-la-mar-de-musicas-muestra-su-lado-mas-social-con-la-mar-de-barrios\/#webpage"},"isPartOf":{"@id":"https:\/\/eldigitaldeasturias.com\/magazine365\/el-festival-la-mar-de-musicas-muestra-su-lado-mas-social-con-la-mar-de-barrios\/#webpage"},"articleSection":"Noticias y Actualidad"},{"@type":"BreadcrumbList","@id":"https:\/\/eldigitaldeasturias.com\/magazine365\/el-festival-la-mar-de-musicas-muestra-su-lado-mas-social-con-la-mar-de-barrios\/#breadcrumblist","itemListElement":[{"@type":"ListItem","@id":"https:\/\/eldigitaldeasturias.com\/magazine365#listItem","position":1,"name":"Home","item":"https:\/\/eldigitaldeasturias.com\/magazine365","nextItem":{"@type":"ListItem","@id":"https:\/\/eldigitaldeasturias.com\/magazine365\/category\/noticias-actualidad\/#listItem","name":"Noticias y Actualidad"}},{"@type":"ListItem","@id":"https:\/\/eldigitaldeasturias.com\/magazine365\/category\/noticias-actualidad\/#listItem","position":2,"name":"Noticias y Actualidad","item":"https:\/\/eldigitaldeasturias.com\/magazine365\/category\/noticias-actualidad\/","nextItem":{"@type":"ListItem","@id":"https:\/\/eldigitaldeasturias.com\/magazine365\/el-festival-la-mar-de-musicas-muestra-su-lado-mas-social-con-la-mar-de-barrios\/#listItem","name":"El festival La Mar de M\u00fasicas muestra su lado m\u00e1s social con La Mar de Barrios"},"previousItem":{"@type":"ListItem","@id":"https:\/\/eldigitaldeasturias.com\/magazine365#listItem","name":"Home"}},{"@type":"ListItem","@id":"https:\/\/eldigitaldeasturias.com\/magazine365\/el-festival-la-mar-de-musicas-muestra-su-lado-mas-social-con-la-mar-de-barrios\/#listItem","position":3,"name":"El festival La Mar de M\u00fasicas muestra su lado m\u00e1s social con La Mar de Barrios","previousItem":{"@type":"ListItem","@id":"https:\/\/eldigitaldeasturias.com\/magazine365\/category\/noticias-actualidad\/#listItem","name":"Noticias y Actualidad"}}]},{"@type":"Organization","@id":"https:\/\/eldigitaldeasturias.com\/magazine365\/#organization","name":"El digital de Asturias","description":"Revista de ocio, turismo y estilo de vida","url":"https:\/\/eldigitaldeasturias.com\/magazine365\/","logo":{"@type":"ImageObject","url":"https:\/\/www.eldigitaldeasturias.com\/noticias\/wp-content\/uploads\/2020\/12\/EDA.jpg","@id":"https:\/\/eldigitaldeasturias.com\/magazine365\/el-festival-la-mar-de-musicas-muestra-su-lado-mas-social-con-la-mar-de-barrios\/#organizationLogo"},"image":{"@id":"https:\/\/eldigitaldeasturias.com\/magazine365\/el-festival-la-mar-de-musicas-muestra-su-lado-mas-social-con-la-mar-de-barrios\/#organizationLogo"}},{"@type":"Person","@id":"https:\/\/eldigitaldeasturias.com\/magazine365\/author\/admin\/#author","url":"https:\/\/eldigitaldeasturias.com\/magazine365\/author\/admin\/","name":"admin","image":{"@type":"ImageObject","@id":"https:\/\/eldigitaldeasturias.com\/magazine365\/el-festival-la-mar-de-musicas-muestra-su-lado-mas-social-con-la-mar-de-barrios\/#authorImage","url":"https:\/\/eldigitaldeasturias.com\/magazine365\/wp-content\/litespeed\/avatar\/e571bcf59a0edd6fa6838245a470f2fe.jpg?ver=1776969259","width":96,"height":96,"caption":"admin"}},{"@type":"WebPage","@id":"https:\/\/eldigitaldeasturias.com\/magazine365\/el-festival-la-mar-de-musicas-muestra-su-lado-mas-social-con-la-mar-de-barrios\/#webpage","url":"https:\/\/eldigitaldeasturias.com\/magazine365\/el-festival-la-mar-de-musicas-muestra-su-lado-mas-social-con-la-mar-de-barrios\/","name":"El festival La Mar de M\u00fasicas muestra su lado m\u00e1s social con La Mar de Barrios | El Digital de Asturias","description":"Con el objetivo de acercar La Mar de M\u00fasicas a los barrios y diputaciones, la vig\u00e9simo segunda edici\u00f3n del festival contar\u00e1 con una nueva l\u00ednea de actuaci\u00f3n llamada La Mar de Barrios, que viene a enriquecer la programaci\u00f3n musical y las actividades paralelas. Se trata de descentralizar la actividad cultural llevando el festival cada a\u00f1o","inLanguage":"es-ES","isPartOf":{"@id":"https:\/\/eldigitaldeasturias.com\/magazine365\/#website"},"breadcrumb":{"@id":"https:\/\/eldigitaldeasturias.com\/magazine365\/el-festival-la-mar-de-musicas-muestra-su-lado-mas-social-con-la-mar-de-barrios\/#breadcrumblist"},"author":{"@id":"https:\/\/eldigitaldeasturias.com\/magazine365\/author\/admin\/#author"},"creator":{"@id":"https:\/\/eldigitaldeasturias.com\/magazine365\/author\/admin\/#author"},"image":{"@type":"ImageObject","url":"https:\/\/eldigitaldeasturias.com\/magazine365\/wp-content\/uploads\/2016\/06\/fotonoticia_20160623155944_800.jpg","@id":"https:\/\/eldigitaldeasturias.com\/magazine365\/el-festival-la-mar-de-musicas-muestra-su-lado-mas-social-con-la-mar-de-barrios\/#mainImage","width":800,"height":547},"primaryImageOfPage":{"@id":"https:\/\/eldigitaldeasturias.com\/magazine365\/el-festival-la-mar-de-musicas-muestra-su-lado-mas-social-con-la-mar-de-barrios\/#mainImage"},"datePublished":"2016-06-24T15:52:09+02:00","dateModified":"2016-06-24T15:52:09+02:00"},{"@type":"WebSite","@id":"https:\/\/eldigitaldeasturias.com\/magazine365\/#website","url":"https:\/\/eldigitaldeasturias.com\/magazine365\/","name":"El Digital de Asturias","description":"Revista de ocio, turismo y estilo de vida","inLanguage":"es-ES","publisher":{"@id":"https:\/\/eldigitaldeasturias.com\/magazine365\/#organization"}}]},"og:locale":"es_ES","og:site_name":"El Digital de Asturias \u2013 Revista de ocio, turismo y estilo de vida","og:type":"article","og:title":"El festival La Mar de M\u00fasicas muestra su lado m\u00e1s social con La Mar de Barrios | El Digital de Asturias","og:description":"Con el objetivo de acercar La Mar de M\u00fasicas a los barrios y diputaciones, la vig\u00e9simo segunda edici\u00f3n del festival contar\u00e1 con una nueva l\u00ednea de actuaci\u00f3n llamada La Mar de Barrios, que viene a enriquecer la programaci\u00f3n musical y las actividades paralelas. Se trata de descentralizar la actividad cultural llevando el festival cada a\u00f1o","og:url":"https:\/\/eldigitaldeasturias.com\/magazine365\/el-festival-la-mar-de-musicas-muestra-su-lado-mas-social-con-la-mar-de-barrios\/","og:image":"https:\/\/eldigitaldeasturias.com\/magazine365\/wp-content\/uploads\/2016\/06\/fotonoticia_20160623155944_800.jpg","og:image:secure_url":"https:\/\/eldigitaldeasturias.com\/magazine365\/wp-content\/uploads\/2016\/06\/fotonoticia_20160623155944_800.jpg","og:image:width":800,"og:image:height":547,"article:published_time":"2016-06-24T13:52:09+00:00","article:modified_time":"2016-06-24T13:52:09+00:00","twitter:card":"summary_large_image","twitter:title":"El festival La Mar de M\u00fasicas muestra su lado m\u00e1s social con La Mar de Barrios | El Digital de Asturias","twitter:description":"Con el objetivo de acercar La Mar de M\u00fasicas a los barrios y diputaciones, la vig\u00e9simo segunda edici\u00f3n del festival contar\u00e1 con una nueva l\u00ednea de actuaci\u00f3n llamada La Mar de Barrios, que viene a enriquecer la programaci\u00f3n musical y las actividades paralelas. Se trata de descentralizar la actividad cultural llevando el festival cada a\u00f1o","twitter:image":"https:\/\/eldigitaldeasturias.com\/magazine365\/wp-content\/uploads\/2016\/06\/fotonoticia_20160623155944_800.jpg"},"aioseo_meta_data":{"post_id":"80613","title":null,"description":null,"keywords":null,"keyphrases":null,"primary_term":null,"canonical_url":null,"og_title":null,"og_description":null,"og_object_type":"default","og_image_type":"default","og_image_url":null,"og_image_width":null,"og_image_height":null,"og_image_custom_url":null,"og_image_custom_fields":null,"og_video":null,"og_custom_url":null,"og_article_section":null,"og_article_tags":null,"twitter_use_og":false,"twitter_card":"default","twitter_image_type":"default","twitter_image_url":null,"twitter_image_custom_url":null,"twitter_image_custom_fields":null,"twitter_title":null,"twitter_description":null,"schema":{"blockGraphs":[],"customGraphs":[],"default":{"data":{"Article":[],"Course":[],"Dataset":[],"FAQPage":[],"Movie":[],"Person":[],"Product":[],"ProductReview":[],"Car":[],"Recipe":[],"Service":[],"SoftwareApplication":[],"WebPage":[]},"graphName":"","isEnabled":true},"graphs":[],"defaultGraph":"","defaultPostTypeGraph":""},"schema_type":null,"schema_type_options":null,"pillar_content":false,"robots_default":true,"robots_noindex":false,"robots_noarchive":false,"robots_nosnippet":false,"robots_nofollow":false,"robots_noimageindex":false,"robots_noodp":false,"robots_notranslate":false,"robots_max_snippet":null,"robots_max_videopreview":null,"robots_max_imagepreview":"large","priority":null,"frequency":null,"location":null,"local_seo":null,"seo_analyzer_scan_date":"2025-09-27 21:11:08","breadcrumb_settings":null,"limit_modified_date":false,"open_ai":null,"ai":null,"created":"2021-03-08 17:30:52","updated":"2025-09-27 21:11:08"},"aioseo_breadcrumb":"<div class=\"aioseo-breadcrumbs\"><span class=\"aioseo-breadcrumb\">\n\t<a href=\"https:\/\/eldigitaldeasturias.com\/magazine365\" title=\"Home\">Home<\/a>\n<\/span><span class=\"aioseo-breadcrumb-separator\">\u2013<\/span><span class=\"aioseo-breadcrumb\">\n\t<a href=\"https:\/\/eldigitaldeasturias.com\/magazine365\/category\/noticias-actualidad\/\" title=\"Noticias y Actualidad\">Noticias y Actualidad<\/a>\n<\/span><span class=\"aioseo-breadcrumb-separator\">\u2013<\/span><span class=\"aioseo-breadcrumb\">\n\t<a href=\"https:\/\/eldigitaldeasturias.com\/magazine365\/el-festival-la-mar-de-musicas-muestra-su-lado-mas-social-con-la-mar-de-barrios\/\" title=\"El festival La Mar de M\u00fasicas muestra su lado m\u00e1s social con La Mar de Barrios\">El festival La Mar de M\u00fasicas muestra su lado m\u00e1s social con La Mar de Barrios<\/a>\n<\/span><\/div>","aioseo_breadcrumb_json":[{"label":"Home","link":"https:\/\/eldigitaldeasturias.com\/magazine365"},{"label":"Noticias y Actualidad","link":"https:\/\/eldigitaldeasturias.com\/magazine365\/category\/noticias-actualidad\/"},{"label":"El festival La Mar de M\u00fasicas muestra su lado m\u00e1s social con La Mar de Barrios","link":"https:\/\/eldigitaldeasturias.com\/magazine365\/el-festival-la-mar-de-musicas-muestra-su-lado-mas-social-con-la-mar-de-barrios\/"}],"_links":{"self":[{"href":"https:\/\/eldigitaldeasturias.com\/magazine365\/wp-json\/wp\/v2\/posts\/80613","targetHints":{"allow":["GET"]}}],"collection":[{"href":"https:\/\/eldigitaldeasturias.com\/magazine365\/wp-json\/wp\/v2\/posts"}],"about":[{"href":"https:\/\/eldigitaldeasturias.com\/magazine365\/wp-json\/wp\/v2\/types\/post"}],"author":[{"embeddable":true,"href":"https:\/\/eldigitaldeasturias.com\/magazine365\/wp-json\/wp\/v2\/users\/1"}],"replies":[{"embeddable":true,"href":"https:\/\/eldigitaldeasturias.com\/magazine365\/wp-json\/wp\/v2\/comments?post=80613"}],"version-history":[{"count":0,"href":"https:\/\/eldigitaldeasturias.com\/magazine365\/wp-json\/wp\/v2\/posts\/80613\/revisions"}],"wp:featuredmedia":[{"embeddable":true,"href":"https:\/\/eldigitaldeasturias.com\/magazine365\/wp-json\/wp\/v2\/media\/80614"}],"wp:attachment":[{"href":"https:\/\/eldigitaldeasturias.com\/magazine365\/wp-json\/wp\/v2\/media?parent=80613"}],"wp:term":[{"taxonomy":"category","embeddable":true,"href":"https:\/\/eldigitaldeasturias.com\/magazine365\/wp-json\/wp\/v2\/categories?post=80613"},{"taxonomy":"post_tag","embeddable":true,"href":"https:\/\/eldigitaldeasturias.com\/magazine365\/wp-json\/wp\/v2\/tags?post=80613"}],"curies":[{"name":"wp","href":"https:\/\/api.w.org\/{rel}","templated":true}]}}