{"id":80604,"date":"2016-06-24T15:36:44","date_gmt":"2016-06-24T13:36:44","guid":{"rendered":"http:\/\/eldigitaldeasturias.com\/magazine365\/?p=80604"},"modified":"2016-06-24T15:36:44","modified_gmt":"2016-06-24T13:36:44","slug":"hoteleros-onubenses-valoran-la-vuelta-a-la-normalidad-tras-un-aumento-de-mosquitos-hace-semanas","status":"publish","type":"post","link":"https:\/\/eldigitaldeasturias.com\/magazine365\/hoteleros-onubenses-valoran-la-vuelta-a-la-normalidad-tras-un-aumento-de-mosquitos-hace-semanas\/","title":{"rendered":"Hoteleros onubenses valoran la vuelta a la \u00abnormalidad\u00bb tras un aumento de mosquitos hace semanas"},"content":{"rendered":"<p><img fetchpriority=\"high\" decoding=\"async\" class=\"alignleft size-medium wp-image-80605\" src=\"https:\/\/eldigitaldeasturias.com\/magazine365\/wp-content\/uploads\/2016\/06\/fotonoticia_20160623135401_800-360x270.jpg\" alt=\"fotonoticia_20160623135401_800\" width=\"360\" height=\"270\" srcset=\"https:\/\/eldigitaldeasturias.com\/magazine365\/wp-content\/uploads\/2016\/06\/fotonoticia_20160623135401_800-360x270.jpg 360w, https:\/\/eldigitaldeasturias.com\/magazine365\/wp-content\/uploads\/2016\/06\/fotonoticia_20160623135401_800-650x488.jpg 650w, https:\/\/eldigitaldeasturias.com\/magazine365\/wp-content\/uploads\/2016\/06\/fotonoticia_20160623135401_800-768x576.jpg 768w, https:\/\/eldigitaldeasturias.com\/magazine365\/wp-content\/uploads\/2016\/06\/fotonoticia_20160623135401_800-150x113.jpg 150w, https:\/\/eldigitaldeasturias.com\/magazine365\/wp-content\/uploads\/2016\/06\/fotonoticia_20160623135401_800-450x338.jpg 450w, https:\/\/eldigitaldeasturias.com\/magazine365\/wp-content\/uploads\/2016\/06\/fotonoticia_20160623135401_800-90x67.jpg 90w, https:\/\/eldigitaldeasturias.com\/magazine365\/wp-content\/uploads\/2016\/06\/fotonoticia_20160623135401_800-164x124.jpg 164w, https:\/\/eldigitaldeasturias.com\/magazine365\/wp-content\/uploads\/2016\/06\/fotonoticia_20160623135401_800-100x75.jpg 100w, https:\/\/eldigitaldeasturias.com\/magazine365\/wp-content\/uploads\/2016\/06\/fotonoticia_20160623135401_800.jpg 800w\" sizes=\"(max-width: 360px) 100vw, 360px\" \/>Los hoteleros de la provincia de Huelva han destacado la vuelta a la \u00abnormalidad\u00bb en las cifras de mosquitos, tras el repunte que se dio hace semanas en la provincia y que \u00abno ha perjudicado\u00bb, m\u00e1s all\u00e1 de alguna \u00abincidencia puntual\u00bb.<\/p>\n<p>Seg\u00fan ha valorado el presidente de la Asociaci\u00f3n de Hoteleros de la provincia, Rafael Barba, \u00abse ha notado un descenso\u00bb y a partir de ah\u00ed esperan que todo este dentro de la normalidad en el trabajo que queda por hacer hasta el final de la campa\u00f1a antimosquitos.<\/p>\n<p>En una rueda de prensa tras una reuni\u00f3n entre el sector de la hosteler\u00eda, la diputada de Medio Ambiente, Laura Mart\u00edn, y el jefe del Servicio de Mosquitos de la instituci\u00f3n provincial, Jos\u00e9 Carlos G\u00e1lvez, Rafael Barba ha indicado que la reuni\u00f3n ha servido \u00abpara saber que se ha hecho hasta ahora con m\u00e1s profundidad\u00bb y se ha comprometido a \u00abformar a los empleados de mantenimiento\u00bb en algunas nociones b\u00e1sicas en las que los hoteleros \u00abpueden ayudar\u00bb para disminuir la incidencia y concentraci\u00f3n de estos insectos.<\/p>\n<p>Por su parte, la diputada de Medio Ambiente de la instituci\u00f3n provincial, Laura Mart\u00edn, ha insistido en que el repunte de este a\u00f1o se ha debido a \u00abuna tormenta perfecta de circunstancias\u00bb que eran \u00abimprevisibles\u00bb por lo que ha insistido que ya se ha logrado alcanzar \u00abunos niveles soportables para el ser humano\u00bb adem\u00e1s de continuar con los pilares que la Diputaci\u00f3n de Huelva se ha marcado, ser \u00abrespetuosos con el medio ambiente\u00bb y que la actuaci\u00f3n sea \u00abecon\u00f3micamente viable\u00bb.<\/p>\n<p>A este respecto, Mart\u00edn ha recordado que las actuaciones del plan antimosquitos de la diputaci\u00f3n onubense tiene un coste total de 2,7 millones de euros que se financia junto con los 12 municipios participantes en el programa por ser los m\u00e1s afectados.<\/p>\n<p>Por \u00faltimo, el jefe del Servicio de Mosquitos de la instituci\u00f3n provincial, Jos\u00e9 Carlos G\u00e1lvez, ha se\u00f1alado que \u00absalvo circunstancias extraordinarias\u00bb o algo \u00abimpredecible\u00bb el problema est\u00e1 \u00abcontrolado\u00bb y se puede \u00abgarantizar un verano tranquilo\u00bb en este sentido, por lo que ya s\u00f3lo queda el trabajo \u00abhabitual\u00bb de control que se da en 140.000 hect\u00e1reas desde la frontera de Portugal hasta Matalasca\u00f1as.<\/p>\n","protected":false},"excerpt":{"rendered":"<p>Los hoteleros de la provincia de Huelva han destacado la vuelta a la \u00abnormalidad\u00bb en las cifras de mosquitos, tras el repunte que se dio hace semanas en la provincia y que \u00abno ha perjudicado\u00bb, m\u00e1s all\u00e1 de alguna \u00abincidencia puntual\u00bb. Seg\u00fan ha valorado el presidente de la Asociaci\u00f3n de Hoteleros de la provincia, Rafael<\/p>\n","protected":false},"author":1,"featured_media":80605,"comment_status":"open","ping_status":"closed","sticky":false,"template":"","format":"standard","meta":{"footnotes":""},"categories":[224],"tags":[],"class_list":{"0":"post-80604","1":"post","2":"type-post","3":"status-publish","4":"format-standard","5":"has-post-thumbnail","7":"category-noticias-actualidad"},"aioseo_notices":[],"aioseo_head":"\n\t\t<!-- All in One SEO Pro 4.9.6.1 - aioseo.com -->\n\t<meta name=\"description\" content=\"Los hoteleros de la provincia de Huelva han destacado la vuelta a la &quot;normalidad&quot; en las cifras de mosquitos, tras el repunte que se dio hace semanas en la provincia y que &quot;no ha perjudicado&quot;, m\u00e1s all\u00e1 de alguna &quot;incidencia puntual&quot;. Seg\u00fan ha valorado el presidente de la Asociaci\u00f3n de Hoteleros de la provincia, Rafael\" \/>\n\t<meta name=\"robots\" content=\"max-image-preview:large\" \/>\n\t<meta name=\"author\" content=\"admin\"\/>\n\t<meta name=\"google-site-verification\" content=\"UA-38556648-1\" \/>\n\t<meta name=\"keywords\" content=\"noticias y actualidad\" \/>\n\t<link rel=\"canonical\" href=\"https:\/\/eldigitaldeasturias.com\/magazine365\/hoteleros-onubenses-valoran-la-vuelta-a-la-normalidad-tras-un-aumento-de-mosquitos-hace-semanas\/\" \/>\n\t<meta name=\"generator\" content=\"All in One SEO Pro (AIOSEO) 4.9.6.1\" \/>\n\t\t<meta property=\"og:locale\" content=\"es_ES\" \/>\n\t\t<meta property=\"og:site_name\" content=\"El Digital de Asturias \u2013 Revista de ocio, turismo y estilo de vida\" \/>\n\t\t<meta property=\"og:type\" content=\"article\" \/>\n\t\t<meta property=\"og:title\" content=\"Hoteleros onubenses valoran la vuelta a la \u00abnormalidad\u00bb tras un aumento de mosquitos hace semanas | El Digital de Asturias\" \/>\n\t\t<meta property=\"og:description\" content=\"Los hoteleros de la provincia de Huelva han destacado la vuelta a la &quot;normalidad&quot; en las cifras de mosquitos, tras el repunte que se dio hace semanas en la provincia y que &quot;no ha perjudicado&quot;, m\u00e1s all\u00e1 de alguna &quot;incidencia puntual&quot;. Seg\u00fan ha valorado el presidente de la Asociaci\u00f3n de Hoteleros de la provincia, Rafael\" \/>\n\t\t<meta property=\"og:url\" content=\"https:\/\/eldigitaldeasturias.com\/magazine365\/hoteleros-onubenses-valoran-la-vuelta-a-la-normalidad-tras-un-aumento-de-mosquitos-hace-semanas\/\" \/>\n\t\t<meta property=\"og:image\" content=\"https:\/\/eldigitaldeasturias.com\/magazine365\/wp-content\/uploads\/2016\/06\/fotonoticia_20160623135401_800.jpg\" \/>\n\t\t<meta property=\"og:image:secure_url\" content=\"https:\/\/eldigitaldeasturias.com\/magazine365\/wp-content\/uploads\/2016\/06\/fotonoticia_20160623135401_800.jpg\" \/>\n\t\t<meta property=\"og:image:width\" content=\"800\" \/>\n\t\t<meta property=\"og:image:height\" content=\"600\" \/>\n\t\t<meta property=\"article:published_time\" content=\"2016-06-24T13:36:44+00:00\" \/>\n\t\t<meta property=\"article:modified_time\" content=\"2016-06-24T13:36:44+00:00\" \/>\n\t\t<meta name=\"twitter:card\" content=\"summary_large_image\" \/>\n\t\t<meta name=\"twitter:title\" content=\"Hoteleros onubenses valoran la vuelta a la \u00abnormalidad\u00bb tras un aumento de mosquitos hace semanas | El Digital de Asturias\" \/>\n\t\t<meta name=\"twitter:description\" content=\"Los hoteleros de la provincia de Huelva han destacado la vuelta a la &quot;normalidad&quot; en las cifras de mosquitos, tras el repunte que se dio hace semanas en la provincia y que &quot;no ha perjudicado&quot;, m\u00e1s all\u00e1 de alguna &quot;incidencia puntual&quot;. Seg\u00fan ha valorado el presidente de la Asociaci\u00f3n de Hoteleros de la provincia, Rafael\" \/>\n\t\t<meta name=\"twitter:image\" content=\"https:\/\/eldigitaldeasturias.com\/magazine365\/wp-content\/uploads\/2016\/06\/fotonoticia_20160623135401_800.jpg\" \/>\n\t\t<script type=\"application\/ld+json\" class=\"aioseo-schema\">\n\t\t\t{\"@context\":\"https:\\\/\\\/schema.org\",\"@graph\":[{\"@type\":\"Article\",\"@id\":\"https:\\\/\\\/eldigitaldeasturias.com\\\/magazine365\\\/hoteleros-onubenses-valoran-la-vuelta-a-la-normalidad-tras-un-aumento-de-mosquitos-hace-semanas\\\/#article\",\"name\":\"Hoteleros onubenses valoran la vuelta a la \\u00abnormalidad\\u00bb tras un aumento de mosquitos hace semanas | El Digital de Asturias\",\"headline\":\"Hoteleros onubenses valoran la vuelta a la \\u00abnormalidad\\u00bb tras un aumento de mosquitos hace semanas\",\"author\":{\"@id\":\"https:\\\/\\\/eldigitaldeasturias.com\\\/magazine365\\\/author\\\/admin\\\/#author\"},\"publisher\":{\"@id\":\"https:\\\/\\\/eldigitaldeasturias.com\\\/magazine365\\\/#organization\"},\"image\":{\"@type\":\"ImageObject\",\"url\":\"https:\\\/\\\/eldigitaldeasturias.com\\\/magazine365\\\/wp-content\\\/uploads\\\/2016\\\/06\\\/fotonoticia_20160623135401_800.jpg\",\"width\":800,\"height\":600},\"datePublished\":\"2016-06-24T15:36:44+02:00\",\"dateModified\":\"2016-06-24T15:36:44+02:00\",\"inLanguage\":\"es-ES\",\"mainEntityOfPage\":{\"@id\":\"https:\\\/\\\/eldigitaldeasturias.com\\\/magazine365\\\/hoteleros-onubenses-valoran-la-vuelta-a-la-normalidad-tras-un-aumento-de-mosquitos-hace-semanas\\\/#webpage\"},\"isPartOf\":{\"@id\":\"https:\\\/\\\/eldigitaldeasturias.com\\\/magazine365\\\/hoteleros-onubenses-valoran-la-vuelta-a-la-normalidad-tras-un-aumento-de-mosquitos-hace-semanas\\\/#webpage\"},\"articleSection\":\"Noticias y Actualidad\"},{\"@type\":\"BreadcrumbList\",\"@id\":\"https:\\\/\\\/eldigitaldeasturias.com\\\/magazine365\\\/hoteleros-onubenses-valoran-la-vuelta-a-la-normalidad-tras-un-aumento-de-mosquitos-hace-semanas\\\/#breadcrumblist\",\"itemListElement\":[{\"@type\":\"ListItem\",\"@id\":\"https:\\\/\\\/eldigitaldeasturias.com\\\/magazine365#listItem\",\"position\":1,\"name\":\"Home\",\"item\":\"https:\\\/\\\/eldigitaldeasturias.com\\\/magazine365\",\"nextItem\":{\"@type\":\"ListItem\",\"@id\":\"https:\\\/\\\/eldigitaldeasturias.com\\\/magazine365\\\/category\\\/noticias-actualidad\\\/#listItem\",\"name\":\"Noticias y Actualidad\"}},{\"@type\":\"ListItem\",\"@id\":\"https:\\\/\\\/eldigitaldeasturias.com\\\/magazine365\\\/category\\\/noticias-actualidad\\\/#listItem\",\"position\":2,\"name\":\"Noticias y Actualidad\",\"item\":\"https:\\\/\\\/eldigitaldeasturias.com\\\/magazine365\\\/category\\\/noticias-actualidad\\\/\",\"nextItem\":{\"@type\":\"ListItem\",\"@id\":\"https:\\\/\\\/eldigitaldeasturias.com\\\/magazine365\\\/hoteleros-onubenses-valoran-la-vuelta-a-la-normalidad-tras-un-aumento-de-mosquitos-hace-semanas\\\/#listItem\",\"name\":\"Hoteleros onubenses valoran la vuelta a la \\u00abnormalidad\\u00bb tras un aumento de mosquitos hace semanas\"},\"previousItem\":{\"@type\":\"ListItem\",\"@id\":\"https:\\\/\\\/eldigitaldeasturias.com\\\/magazine365#listItem\",\"name\":\"Home\"}},{\"@type\":\"ListItem\",\"@id\":\"https:\\\/\\\/eldigitaldeasturias.com\\\/magazine365\\\/hoteleros-onubenses-valoran-la-vuelta-a-la-normalidad-tras-un-aumento-de-mosquitos-hace-semanas\\\/#listItem\",\"position\":3,\"name\":\"Hoteleros onubenses valoran la vuelta a la \\u00abnormalidad\\u00bb tras un aumento de mosquitos hace semanas\",\"previousItem\":{\"@type\":\"ListItem\",\"@id\":\"https:\\\/\\\/eldigitaldeasturias.com\\\/magazine365\\\/category\\\/noticias-actualidad\\\/#listItem\",\"name\":\"Noticias y Actualidad\"}}]},{\"@type\":\"Organization\",\"@id\":\"https:\\\/\\\/eldigitaldeasturias.com\\\/magazine365\\\/#organization\",\"name\":\"El digital de Asturias\",\"description\":\"Revista de ocio, turismo y estilo de vida\",\"url\":\"https:\\\/\\\/eldigitaldeasturias.com\\\/magazine365\\\/\",\"logo\":{\"@type\":\"ImageObject\",\"url\":\"https:\\\/\\\/www.eldigitaldeasturias.com\\\/noticias\\\/wp-content\\\/uploads\\\/2020\\\/12\\\/EDA.jpg\",\"@id\":\"https:\\\/\\\/eldigitaldeasturias.com\\\/magazine365\\\/hoteleros-onubenses-valoran-la-vuelta-a-la-normalidad-tras-un-aumento-de-mosquitos-hace-semanas\\\/#organizationLogo\"},\"image\":{\"@id\":\"https:\\\/\\\/eldigitaldeasturias.com\\\/magazine365\\\/hoteleros-onubenses-valoran-la-vuelta-a-la-normalidad-tras-un-aumento-de-mosquitos-hace-semanas\\\/#organizationLogo\"}},{\"@type\":\"Person\",\"@id\":\"https:\\\/\\\/eldigitaldeasturias.com\\\/magazine365\\\/author\\\/admin\\\/#author\",\"url\":\"https:\\\/\\\/eldigitaldeasturias.com\\\/magazine365\\\/author\\\/admin\\\/\",\"name\":\"admin\",\"image\":{\"@type\":\"ImageObject\",\"@id\":\"https:\\\/\\\/eldigitaldeasturias.com\\\/magazine365\\\/hoteleros-onubenses-valoran-la-vuelta-a-la-normalidad-tras-un-aumento-de-mosquitos-hace-semanas\\\/#authorImage\",\"url\":\"https:\\\/\\\/eldigitaldeasturias.com\\\/magazine365\\\/wp-content\\\/litespeed\\\/avatar\\\/e571bcf59a0edd6fa6838245a470f2fe.jpg?ver=1776969259\",\"width\":96,\"height\":96,\"caption\":\"admin\"}},{\"@type\":\"WebPage\",\"@id\":\"https:\\\/\\\/eldigitaldeasturias.com\\\/magazine365\\\/hoteleros-onubenses-valoran-la-vuelta-a-la-normalidad-tras-un-aumento-de-mosquitos-hace-semanas\\\/#webpage\",\"url\":\"https:\\\/\\\/eldigitaldeasturias.com\\\/magazine365\\\/hoteleros-onubenses-valoran-la-vuelta-a-la-normalidad-tras-un-aumento-de-mosquitos-hace-semanas\\\/\",\"name\":\"Hoteleros onubenses valoran la vuelta a la \\u00abnormalidad\\u00bb tras un aumento de mosquitos hace semanas | El Digital de Asturias\",\"description\":\"Los hoteleros de la provincia de Huelva han destacado la vuelta a la \\\"normalidad\\\" en las cifras de mosquitos, tras el repunte que se dio hace semanas en la provincia y que \\\"no ha perjudicado\\\", m\\u00e1s all\\u00e1 de alguna \\\"incidencia puntual\\\". Seg\\u00fan ha valorado el presidente de la Asociaci\\u00f3n de Hoteleros de la provincia, Rafael\",\"inLanguage\":\"es-ES\",\"isPartOf\":{\"@id\":\"https:\\\/\\\/eldigitaldeasturias.com\\\/magazine365\\\/#website\"},\"breadcrumb\":{\"@id\":\"https:\\\/\\\/eldigitaldeasturias.com\\\/magazine365\\\/hoteleros-onubenses-valoran-la-vuelta-a-la-normalidad-tras-un-aumento-de-mosquitos-hace-semanas\\\/#breadcrumblist\"},\"author\":{\"@id\":\"https:\\\/\\\/eldigitaldeasturias.com\\\/magazine365\\\/author\\\/admin\\\/#author\"},\"creator\":{\"@id\":\"https:\\\/\\\/eldigitaldeasturias.com\\\/magazine365\\\/author\\\/admin\\\/#author\"},\"image\":{\"@type\":\"ImageObject\",\"url\":\"https:\\\/\\\/eldigitaldeasturias.com\\\/magazine365\\\/wp-content\\\/uploads\\\/2016\\\/06\\\/fotonoticia_20160623135401_800.jpg\",\"@id\":\"https:\\\/\\\/eldigitaldeasturias.com\\\/magazine365\\\/hoteleros-onubenses-valoran-la-vuelta-a-la-normalidad-tras-un-aumento-de-mosquitos-hace-semanas\\\/#mainImage\",\"width\":800,\"height\":600},\"primaryImageOfPage\":{\"@id\":\"https:\\\/\\\/eldigitaldeasturias.com\\\/magazine365\\\/hoteleros-onubenses-valoran-la-vuelta-a-la-normalidad-tras-un-aumento-de-mosquitos-hace-semanas\\\/#mainImage\"},\"datePublished\":\"2016-06-24T15:36:44+02:00\",\"dateModified\":\"2016-06-24T15:36:44+02:00\"},{\"@type\":\"WebSite\",\"@id\":\"https:\\\/\\\/eldigitaldeasturias.com\\\/magazine365\\\/#website\",\"url\":\"https:\\\/\\\/eldigitaldeasturias.com\\\/magazine365\\\/\",\"name\":\"El Digital de Asturias\",\"description\":\"Revista de ocio, turismo y estilo de vida\",\"inLanguage\":\"es-ES\",\"publisher\":{\"@id\":\"https:\\\/\\\/eldigitaldeasturias.com\\\/magazine365\\\/#organization\"}}]}\n\t\t<\/script>\n\t\t<!-- All in One SEO Pro -->\r\n\t\t<title>Hoteleros onubenses valoran la vuelta a la \u00abnormalidad\u00bb tras un aumento de mosquitos hace semanas | El Digital de Asturias<\/title>\n\n","aioseo_head_json":{"title":"Hoteleros onubenses valoran la vuelta a la \u00abnormalidad\u00bb tras un aumento de mosquitos hace semanas | El Digital de Asturias","description":"Los hoteleros de la provincia de Huelva han destacado la vuelta a la \"normalidad\" en las cifras de mosquitos, tras el repunte que se dio hace semanas en la provincia y que \"no ha perjudicado\", m\u00e1s all\u00e1 de alguna \"incidencia puntual\". Seg\u00fan ha valorado el presidente de la Asociaci\u00f3n de Hoteleros de la provincia, Rafael","canonical_url":"https:\/\/eldigitaldeasturias.com\/magazine365\/hoteleros-onubenses-valoran-la-vuelta-a-la-normalidad-tras-un-aumento-de-mosquitos-hace-semanas\/","robots":"max-image-preview:large","keywords":"noticias y actualidad","webmasterTools":{"google-site-verification":"UA-38556648-1","miscellaneous":""},"schema":{"@context":"https:\/\/schema.org","@graph":[{"@type":"Article","@id":"https:\/\/eldigitaldeasturias.com\/magazine365\/hoteleros-onubenses-valoran-la-vuelta-a-la-normalidad-tras-un-aumento-de-mosquitos-hace-semanas\/#article","name":"Hoteleros onubenses valoran la vuelta a la \u00abnormalidad\u00bb tras un aumento de mosquitos hace semanas | El Digital de Asturias","headline":"Hoteleros onubenses valoran la vuelta a la \u00abnormalidad\u00bb tras un aumento de mosquitos hace semanas","author":{"@id":"https:\/\/eldigitaldeasturias.com\/magazine365\/author\/admin\/#author"},"publisher":{"@id":"https:\/\/eldigitaldeasturias.com\/magazine365\/#organization"},"image":{"@type":"ImageObject","url":"https:\/\/eldigitaldeasturias.com\/magazine365\/wp-content\/uploads\/2016\/06\/fotonoticia_20160623135401_800.jpg","width":800,"height":600},"datePublished":"2016-06-24T15:36:44+02:00","dateModified":"2016-06-24T15:36:44+02:00","inLanguage":"es-ES","mainEntityOfPage":{"@id":"https:\/\/eldigitaldeasturias.com\/magazine365\/hoteleros-onubenses-valoran-la-vuelta-a-la-normalidad-tras-un-aumento-de-mosquitos-hace-semanas\/#webpage"},"isPartOf":{"@id":"https:\/\/eldigitaldeasturias.com\/magazine365\/hoteleros-onubenses-valoran-la-vuelta-a-la-normalidad-tras-un-aumento-de-mosquitos-hace-semanas\/#webpage"},"articleSection":"Noticias y Actualidad"},{"@type":"BreadcrumbList","@id":"https:\/\/eldigitaldeasturias.com\/magazine365\/hoteleros-onubenses-valoran-la-vuelta-a-la-normalidad-tras-un-aumento-de-mosquitos-hace-semanas\/#breadcrumblist","itemListElement":[{"@type":"ListItem","@id":"https:\/\/eldigitaldeasturias.com\/magazine365#listItem","position":1,"name":"Home","item":"https:\/\/eldigitaldeasturias.com\/magazine365","nextItem":{"@type":"ListItem","@id":"https:\/\/eldigitaldeasturias.com\/magazine365\/category\/noticias-actualidad\/#listItem","name":"Noticias y Actualidad"}},{"@type":"ListItem","@id":"https:\/\/eldigitaldeasturias.com\/magazine365\/category\/noticias-actualidad\/#listItem","position":2,"name":"Noticias y Actualidad","item":"https:\/\/eldigitaldeasturias.com\/magazine365\/category\/noticias-actualidad\/","nextItem":{"@type":"ListItem","@id":"https:\/\/eldigitaldeasturias.com\/magazine365\/hoteleros-onubenses-valoran-la-vuelta-a-la-normalidad-tras-un-aumento-de-mosquitos-hace-semanas\/#listItem","name":"Hoteleros onubenses valoran la vuelta a la \u00abnormalidad\u00bb tras un aumento de mosquitos hace semanas"},"previousItem":{"@type":"ListItem","@id":"https:\/\/eldigitaldeasturias.com\/magazine365#listItem","name":"Home"}},{"@type":"ListItem","@id":"https:\/\/eldigitaldeasturias.com\/magazine365\/hoteleros-onubenses-valoran-la-vuelta-a-la-normalidad-tras-un-aumento-de-mosquitos-hace-semanas\/#listItem","position":3,"name":"Hoteleros onubenses valoran la vuelta a la \u00abnormalidad\u00bb tras un aumento de mosquitos hace semanas","previousItem":{"@type":"ListItem","@id":"https:\/\/eldigitaldeasturias.com\/magazine365\/category\/noticias-actualidad\/#listItem","name":"Noticias y Actualidad"}}]},{"@type":"Organization","@id":"https:\/\/eldigitaldeasturias.com\/magazine365\/#organization","name":"El digital de Asturias","description":"Revista de ocio, turismo y estilo de vida","url":"https:\/\/eldigitaldeasturias.com\/magazine365\/","logo":{"@type":"ImageObject","url":"https:\/\/www.eldigitaldeasturias.com\/noticias\/wp-content\/uploads\/2020\/12\/EDA.jpg","@id":"https:\/\/eldigitaldeasturias.com\/magazine365\/hoteleros-onubenses-valoran-la-vuelta-a-la-normalidad-tras-un-aumento-de-mosquitos-hace-semanas\/#organizationLogo"},"image":{"@id":"https:\/\/eldigitaldeasturias.com\/magazine365\/hoteleros-onubenses-valoran-la-vuelta-a-la-normalidad-tras-un-aumento-de-mosquitos-hace-semanas\/#organizationLogo"}},{"@type":"Person","@id":"https:\/\/eldigitaldeasturias.com\/magazine365\/author\/admin\/#author","url":"https:\/\/eldigitaldeasturias.com\/magazine365\/author\/admin\/","name":"admin","image":{"@type":"ImageObject","@id":"https:\/\/eldigitaldeasturias.com\/magazine365\/hoteleros-onubenses-valoran-la-vuelta-a-la-normalidad-tras-un-aumento-de-mosquitos-hace-semanas\/#authorImage","url":"https:\/\/eldigitaldeasturias.com\/magazine365\/wp-content\/litespeed\/avatar\/e571bcf59a0edd6fa6838245a470f2fe.jpg?ver=1776969259","width":96,"height":96,"caption":"admin"}},{"@type":"WebPage","@id":"https:\/\/eldigitaldeasturias.com\/magazine365\/hoteleros-onubenses-valoran-la-vuelta-a-la-normalidad-tras-un-aumento-de-mosquitos-hace-semanas\/#webpage","url":"https:\/\/eldigitaldeasturias.com\/magazine365\/hoteleros-onubenses-valoran-la-vuelta-a-la-normalidad-tras-un-aumento-de-mosquitos-hace-semanas\/","name":"Hoteleros onubenses valoran la vuelta a la \u00abnormalidad\u00bb tras un aumento de mosquitos hace semanas | El Digital de Asturias","description":"Los hoteleros de la provincia de Huelva han destacado la vuelta a la \"normalidad\" en las cifras de mosquitos, tras el repunte que se dio hace semanas en la provincia y que \"no ha perjudicado\", m\u00e1s all\u00e1 de alguna \"incidencia puntual\". Seg\u00fan ha valorado el presidente de la Asociaci\u00f3n de Hoteleros de la provincia, Rafael","inLanguage":"es-ES","isPartOf":{"@id":"https:\/\/eldigitaldeasturias.com\/magazine365\/#website"},"breadcrumb":{"@id":"https:\/\/eldigitaldeasturias.com\/magazine365\/hoteleros-onubenses-valoran-la-vuelta-a-la-normalidad-tras-un-aumento-de-mosquitos-hace-semanas\/#breadcrumblist"},"author":{"@id":"https:\/\/eldigitaldeasturias.com\/magazine365\/author\/admin\/#author"},"creator":{"@id":"https:\/\/eldigitaldeasturias.com\/magazine365\/author\/admin\/#author"},"image":{"@type":"ImageObject","url":"https:\/\/eldigitaldeasturias.com\/magazine365\/wp-content\/uploads\/2016\/06\/fotonoticia_20160623135401_800.jpg","@id":"https:\/\/eldigitaldeasturias.com\/magazine365\/hoteleros-onubenses-valoran-la-vuelta-a-la-normalidad-tras-un-aumento-de-mosquitos-hace-semanas\/#mainImage","width":800,"height":600},"primaryImageOfPage":{"@id":"https:\/\/eldigitaldeasturias.com\/magazine365\/hoteleros-onubenses-valoran-la-vuelta-a-la-normalidad-tras-un-aumento-de-mosquitos-hace-semanas\/#mainImage"},"datePublished":"2016-06-24T15:36:44+02:00","dateModified":"2016-06-24T15:36:44+02:00"},{"@type":"WebSite","@id":"https:\/\/eldigitaldeasturias.com\/magazine365\/#website","url":"https:\/\/eldigitaldeasturias.com\/magazine365\/","name":"El Digital de Asturias","description":"Revista de ocio, turismo y estilo de vida","inLanguage":"es-ES","publisher":{"@id":"https:\/\/eldigitaldeasturias.com\/magazine365\/#organization"}}]},"og:locale":"es_ES","og:site_name":"El Digital de Asturias \u2013 Revista de ocio, turismo y estilo de vida","og:type":"article","og:title":"Hoteleros onubenses valoran la vuelta a la \u00abnormalidad\u00bb tras un aumento de mosquitos hace semanas | El Digital de Asturias","og:description":"Los hoteleros de la provincia de Huelva han destacado la vuelta a la &quot;normalidad&quot; en las cifras de mosquitos, tras el repunte que se dio hace semanas en la provincia y que &quot;no ha perjudicado&quot;, m\u00e1s all\u00e1 de alguna &quot;incidencia puntual&quot;. Seg\u00fan ha valorado el presidente de la Asociaci\u00f3n de Hoteleros de la provincia, Rafael","og:url":"https:\/\/eldigitaldeasturias.com\/magazine365\/hoteleros-onubenses-valoran-la-vuelta-a-la-normalidad-tras-un-aumento-de-mosquitos-hace-semanas\/","og:image":"https:\/\/eldigitaldeasturias.com\/magazine365\/wp-content\/uploads\/2016\/06\/fotonoticia_20160623135401_800.jpg","og:image:secure_url":"https:\/\/eldigitaldeasturias.com\/magazine365\/wp-content\/uploads\/2016\/06\/fotonoticia_20160623135401_800.jpg","og:image:width":800,"og:image:height":600,"article:published_time":"2016-06-24T13:36:44+00:00","article:modified_time":"2016-06-24T13:36:44+00:00","twitter:card":"summary_large_image","twitter:title":"Hoteleros onubenses valoran la vuelta a la \u00abnormalidad\u00bb tras un aumento de mosquitos hace semanas | El Digital de Asturias","twitter:description":"Los hoteleros de la provincia de Huelva han destacado la vuelta a la &quot;normalidad&quot; en las cifras de mosquitos, tras el repunte que se dio hace semanas en la provincia y que &quot;no ha perjudicado&quot;, m\u00e1s all\u00e1 de alguna &quot;incidencia puntual&quot;. Seg\u00fan ha valorado el presidente de la Asociaci\u00f3n de Hoteleros de la provincia, Rafael","twitter:image":"https:\/\/eldigitaldeasturias.com\/magazine365\/wp-content\/uploads\/2016\/06\/fotonoticia_20160623135401_800.jpg"},"aioseo_meta_data":{"post_id":"80604","title":null,"description":null,"keywords":null,"keyphrases":null,"primary_term":null,"canonical_url":null,"og_title":null,"og_description":null,"og_object_type":"default","og_image_type":"default","og_image_url":null,"og_image_width":null,"og_image_height":null,"og_image_custom_url":null,"og_image_custom_fields":null,"og_video":null,"og_custom_url":null,"og_article_section":null,"og_article_tags":null,"twitter_use_og":false,"twitter_card":"default","twitter_image_type":"default","twitter_image_url":null,"twitter_image_custom_url":null,"twitter_image_custom_fields":null,"twitter_title":null,"twitter_description":null,"schema":{"blockGraphs":[],"customGraphs":[],"default":{"data":{"Article":[],"Course":[],"Dataset":[],"FAQPage":[],"Movie":[],"Person":[],"Product":[],"ProductReview":[],"Car":[],"Recipe":[],"Service":[],"SoftwareApplication":[],"WebPage":[]},"graphName":"","isEnabled":true},"graphs":[],"defaultGraph":"","defaultPostTypeGraph":""},"schema_type":null,"schema_type_options":null,"pillar_content":false,"robots_default":true,"robots_noindex":false,"robots_noarchive":false,"robots_nosnippet":false,"robots_nofollow":false,"robots_noimageindex":false,"robots_noodp":false,"robots_notranslate":false,"robots_max_snippet":null,"robots_max_videopreview":null,"robots_max_imagepreview":"large","priority":null,"frequency":null,"location":null,"local_seo":null,"seo_analyzer_scan_date":"2025-09-27 21:09:25","breadcrumb_settings":null,"limit_modified_date":false,"open_ai":null,"ai":null,"created":"2021-03-08 17:30:52","updated":"2025-09-27 21:09:25"},"aioseo_breadcrumb":"<div class=\"aioseo-breadcrumbs\"><span class=\"aioseo-breadcrumb\">\n\t<a href=\"https:\/\/eldigitaldeasturias.com\/magazine365\" title=\"Home\">Home<\/a>\n<\/span><span class=\"aioseo-breadcrumb-separator\">\u2013<\/span><span class=\"aioseo-breadcrumb\">\n\t<a href=\"https:\/\/eldigitaldeasturias.com\/magazine365\/category\/noticias-actualidad\/\" title=\"Noticias y Actualidad\">Noticias y Actualidad<\/a>\n<\/span><span class=\"aioseo-breadcrumb-separator\">\u2013<\/span><span class=\"aioseo-breadcrumb\">\n\t<a href=\"https:\/\/eldigitaldeasturias.com\/magazine365\/hoteleros-onubenses-valoran-la-vuelta-a-la-normalidad-tras-un-aumento-de-mosquitos-hace-semanas\/\" title=\"Hoteleros onubenses valoran la vuelta a la \u00abnormalidad\u00bb tras un aumento de mosquitos hace semanas\">Hoteleros onubenses valoran la vuelta a la \u00abnormalidad\u00bb tras un aumento de mosquitos hace semanas<\/a>\n<\/span><\/div>","aioseo_breadcrumb_json":[{"label":"Home","link":"https:\/\/eldigitaldeasturias.com\/magazine365"},{"label":"Noticias y Actualidad","link":"https:\/\/eldigitaldeasturias.com\/magazine365\/category\/noticias-actualidad\/"},{"label":"Hoteleros onubenses valoran la vuelta a la \u00abnormalidad\u00bb tras un aumento de mosquitos hace semanas","link":"https:\/\/eldigitaldeasturias.com\/magazine365\/hoteleros-onubenses-valoran-la-vuelta-a-la-normalidad-tras-un-aumento-de-mosquitos-hace-semanas\/"}],"_links":{"self":[{"href":"https:\/\/eldigitaldeasturias.com\/magazine365\/wp-json\/wp\/v2\/posts\/80604","targetHints":{"allow":["GET"]}}],"collection":[{"href":"https:\/\/eldigitaldeasturias.com\/magazine365\/wp-json\/wp\/v2\/posts"}],"about":[{"href":"https:\/\/eldigitaldeasturias.com\/magazine365\/wp-json\/wp\/v2\/types\/post"}],"author":[{"embeddable":true,"href":"https:\/\/eldigitaldeasturias.com\/magazine365\/wp-json\/wp\/v2\/users\/1"}],"replies":[{"embeddable":true,"href":"https:\/\/eldigitaldeasturias.com\/magazine365\/wp-json\/wp\/v2\/comments?post=80604"}],"version-history":[{"count":0,"href":"https:\/\/eldigitaldeasturias.com\/magazine365\/wp-json\/wp\/v2\/posts\/80604\/revisions"}],"wp:featuredmedia":[{"embeddable":true,"href":"https:\/\/eldigitaldeasturias.com\/magazine365\/wp-json\/wp\/v2\/media\/80605"}],"wp:attachment":[{"href":"https:\/\/eldigitaldeasturias.com\/magazine365\/wp-json\/wp\/v2\/media?parent=80604"}],"wp:term":[{"taxonomy":"category","embeddable":true,"href":"https:\/\/eldigitaldeasturias.com\/magazine365\/wp-json\/wp\/v2\/categories?post=80604"},{"taxonomy":"post_tag","embeddable":true,"href":"https:\/\/eldigitaldeasturias.com\/magazine365\/wp-json\/wp\/v2\/tags?post=80604"}],"curies":[{"name":"wp","href":"https:\/\/api.w.org\/{rel}","templated":true}]}}