{"id":80595,"date":"2016-06-24T15:34:01","date_gmt":"2016-06-24T13:34:01","guid":{"rendered":"http:\/\/eldigitaldeasturias.com\/magazine365\/?p=80595"},"modified":"2016-06-24T15:34:01","modified_gmt":"2016-06-24T13:34:01","slug":"el-nuevo-museo-de-la-catedral-de-valencia-recibe-15-400-visitas-en-sus-dos-primeras-semanas","status":"publish","type":"post","link":"https:\/\/eldigitaldeasturias.com\/magazine365\/el-nuevo-museo-de-la-catedral-de-valencia-recibe-15-400-visitas-en-sus-dos-primeras-semanas\/","title":{"rendered":"El nuevo museo de la Catedral de Valencia recibe 15.400 visitas en sus dos primeras semanas"},"content":{"rendered":"<p><img fetchpriority=\"high\" decoding=\"async\" class=\"alignleft size-medium wp-image-80596\" src=\"https:\/\/eldigitaldeasturias.com\/magazine365\/wp-content\/uploads\/2016\/06\/fotonoticia_20160623133608_800-360x240.jpg\" alt=\"fotonoticia_20160623133608_800\" width=\"360\" height=\"240\" srcset=\"https:\/\/eldigitaldeasturias.com\/magazine365\/wp-content\/uploads\/2016\/06\/fotonoticia_20160623133608_800-360x240.jpg 360w, https:\/\/eldigitaldeasturias.com\/magazine365\/wp-content\/uploads\/2016\/06\/fotonoticia_20160623133608_800-650x433.jpg 650w, https:\/\/eldigitaldeasturias.com\/magazine365\/wp-content\/uploads\/2016\/06\/fotonoticia_20160623133608_800-768x512.jpg 768w, https:\/\/eldigitaldeasturias.com\/magazine365\/wp-content\/uploads\/2016\/06\/fotonoticia_20160623133608_800-150x100.jpg 150w, https:\/\/eldigitaldeasturias.com\/magazine365\/wp-content\/uploads\/2016\/06\/fotonoticia_20160623133608_800-450x300.jpg 450w, https:\/\/eldigitaldeasturias.com\/magazine365\/wp-content\/uploads\/2016\/06\/fotonoticia_20160623133608_800-101x66.jpg 101w, https:\/\/eldigitaldeasturias.com\/magazine365\/wp-content\/uploads\/2016\/06\/fotonoticia_20160623133608_800.jpg 800w\" sizes=\"(max-width: 360px) 100vw, 360px\" \/>El nuevo museo catedralicio diocesano de Valencia ha recibido la visita de 15.400 personas desde su apertura al p\u00fablico hace dos semanas, en su mayor\u00eda espa\u00f1oles pero tambi\u00e9n extranjeros, sobre todo ingleses, norteamericanos, holandeses, italianos y rusos, seg\u00fan ha informado el Arzobispado en un comunicado.<\/p>\n<p>El Museo ha incorporado en los \u00faltimos d\u00edas los b\u00e1culos de monse\u00f1or Jos\u00e9 Mar\u00eda Garc\u00eda Lahiguera, que fue arzobispo de Valencia entre 1969 y 1978, actualmente en proceso de canonizaci\u00f3n, y de monse\u00f1or Jacinto Argaya, que fue obispo auxiliar de la di\u00f3cesis valentina de 1952 a 1957.<\/p>\n<p>El can\u00f3nigo conservador del Patrimonio Art\u00edstico de la Catedral y director del museo, Jaime Sancho, ha destacado que el nuevo museo, cuya entrada est\u00e1 integrada en la entrada general a la Catedral, \u00abtambi\u00e9n llama la atenci\u00f3n de los propios valencianos, sobre todo por las excavaciones arqueol\u00f3gicas que han dejado al descubierto parte de la Valencia romana, entre otros hallazgos, cuyo recorrido se puede ver en el subsuelo\u00bb, ha a\u00f1adido.<\/p>\n<p>Igualmente, en la tienda del museo los productos m\u00e1s vendidos desde la inauguraci\u00f3n han sido \u00ablas maquetas de la Catedral y del Micalet, as\u00ed como las miniaturas del Santo C\u00e1liz, y los rosarios\u00bb. De igual modo, entre los que han despertado mayor curiosidad se encuentran \u00ablas gafas para realizar un recorrido virtual por la Seo adaptando un tel\u00e9fono m\u00f3vil, y el vino, cava y aceite de oliva con marca propia\u00bb.<\/p>\n<p>En la \u00faltima semana el museo ha incorporado a su colecci\u00f3n el b\u00e1culo neorrom\u00e1nico de la ordenaci\u00f3n episcopal de monse\u00f1or Jos\u00e9 Mar\u00eda Garc\u00eda Lahiguera (1903-1989), que fue arzobispo de Valencia entre 1969 y 1978 y actualmente en proceso de canonizaci\u00f3n, ofrecido por su pueblo natal, Fitero (Navarra) en 1950, cuando fue nombrado obispo auxiliar de Madrid-Alcal\u00e1. La pieza, con esmaltes y gemas incrustadas, muestra a un pastor entregando a una oveja, y en relieve la Virgen Mar\u00eda de Fitero y los cuatro evangelistas.<\/p>\n<p>Adem\u00e1s, tambi\u00e9n el museo ha incorporado el b\u00e1culo de la ordenaci\u00f3n episcopal de quien fue obispo auxiliar de Valencia monse\u00f1or Jacinto Argaya Goicochea (1903-1993), de estilo neog\u00f3tico, ofrecido por su localidad natal, Vera de Bidasoa (Navarra). Este b\u00e1culo fue utilizado por monse\u00f1or Argaya cuando en su toma de posesi\u00f3n como obispo auxiliar de Valencia en 1952, y muestra la imagen de San Esteban y los ap\u00f3stoles.<\/p>\n","protected":false},"excerpt":{"rendered":"<p>El nuevo museo catedralicio diocesano de Valencia ha recibido la visita de 15.400 personas desde su apertura al p\u00fablico hace dos semanas, en su mayor\u00eda espa\u00f1oles pero tambi\u00e9n extranjeros, sobre todo ingleses, norteamericanos, holandeses, italianos y rusos, seg\u00fan ha informado el Arzobispado en un comunicado. El Museo ha incorporado en los \u00faltimos d\u00edas los b\u00e1culos<\/p>\n","protected":false},"author":1,"featured_media":80596,"comment_status":"open","ping_status":"closed","sticky":false,"template":"","format":"standard","meta":{"footnotes":""},"categories":[224],"tags":[],"class_list":{"0":"post-80595","1":"post","2":"type-post","3":"status-publish","4":"format-standard","5":"has-post-thumbnail","7":"category-noticias-actualidad"},"aioseo_notices":[],"aioseo_head":"\n\t\t<!-- All in One SEO Pro 4.9.6.1 - aioseo.com -->\n\t<meta name=\"description\" content=\"El nuevo museo catedralicio diocesano de Valencia ha recibido la visita de 15.400 personas desde su apertura al p\u00fablico hace dos semanas, en su mayor\u00eda espa\u00f1oles pero tambi\u00e9n extranjeros, sobre todo ingleses, norteamericanos, holandeses, italianos y rusos, seg\u00fan ha informado el Arzobispado en un comunicado. El Museo ha incorporado en los \u00faltimos d\u00edas los b\u00e1culos\" \/>\n\t<meta name=\"robots\" content=\"max-image-preview:large\" \/>\n\t<meta name=\"author\" content=\"admin\"\/>\n\t<meta name=\"google-site-verification\" content=\"UA-38556648-1\" \/>\n\t<meta name=\"keywords\" content=\"noticias y actualidad\" \/>\n\t<link rel=\"canonical\" href=\"https:\/\/eldigitaldeasturias.com\/magazine365\/el-nuevo-museo-de-la-catedral-de-valencia-recibe-15-400-visitas-en-sus-dos-primeras-semanas\/\" \/>\n\t<meta name=\"generator\" content=\"All in One SEO Pro (AIOSEO) 4.9.6.1\" \/>\n\t\t<meta property=\"og:locale\" content=\"es_ES\" \/>\n\t\t<meta property=\"og:site_name\" content=\"El Digital de Asturias \u2013 Revista de ocio, turismo y estilo de vida\" \/>\n\t\t<meta property=\"og:type\" content=\"article\" \/>\n\t\t<meta property=\"og:title\" content=\"El nuevo museo de la Catedral de Valencia recibe 15.400 visitas en sus dos primeras semanas | El Digital de Asturias\" \/>\n\t\t<meta property=\"og:description\" content=\"El nuevo museo catedralicio diocesano de Valencia ha recibido la visita de 15.400 personas desde su apertura al p\u00fablico hace dos semanas, en su mayor\u00eda espa\u00f1oles pero tambi\u00e9n extranjeros, sobre todo ingleses, norteamericanos, holandeses, italianos y rusos, seg\u00fan ha informado el Arzobispado en un comunicado. El Museo ha incorporado en los \u00faltimos d\u00edas los b\u00e1culos\" \/>\n\t\t<meta property=\"og:url\" content=\"https:\/\/eldigitaldeasturias.com\/magazine365\/el-nuevo-museo-de-la-catedral-de-valencia-recibe-15-400-visitas-en-sus-dos-primeras-semanas\/\" \/>\n\t\t<meta property=\"og:image\" content=\"https:\/\/eldigitaldeasturias.com\/magazine365\/wp-content\/uploads\/2016\/06\/fotonoticia_20160623133608_800.jpg\" \/>\n\t\t<meta property=\"og:image:secure_url\" content=\"https:\/\/eldigitaldeasturias.com\/magazine365\/wp-content\/uploads\/2016\/06\/fotonoticia_20160623133608_800.jpg\" \/>\n\t\t<meta property=\"og:image:width\" content=\"800\" \/>\n\t\t<meta property=\"og:image:height\" content=\"533\" \/>\n\t\t<meta property=\"article:published_time\" content=\"2016-06-24T13:34:01+00:00\" \/>\n\t\t<meta property=\"article:modified_time\" content=\"2016-06-24T13:34:01+00:00\" \/>\n\t\t<meta name=\"twitter:card\" content=\"summary_large_image\" \/>\n\t\t<meta name=\"twitter:title\" content=\"El nuevo museo de la Catedral de Valencia recibe 15.400 visitas en sus dos primeras semanas | El Digital de Asturias\" \/>\n\t\t<meta name=\"twitter:description\" content=\"El nuevo museo catedralicio diocesano de Valencia ha recibido la visita de 15.400 personas desde su apertura al p\u00fablico hace dos semanas, en su mayor\u00eda espa\u00f1oles pero tambi\u00e9n extranjeros, sobre todo ingleses, norteamericanos, holandeses, italianos y rusos, seg\u00fan ha informado el Arzobispado en un comunicado. El Museo ha incorporado en los \u00faltimos d\u00edas los b\u00e1culos\" \/>\n\t\t<meta name=\"twitter:image\" content=\"https:\/\/eldigitaldeasturias.com\/magazine365\/wp-content\/uploads\/2016\/06\/fotonoticia_20160623133608_800.jpg\" \/>\n\t\t<script type=\"application\/ld+json\" class=\"aioseo-schema\">\n\t\t\t{\"@context\":\"https:\\\/\\\/schema.org\",\"@graph\":[{\"@type\":\"Article\",\"@id\":\"https:\\\/\\\/eldigitaldeasturias.com\\\/magazine365\\\/el-nuevo-museo-de-la-catedral-de-valencia-recibe-15-400-visitas-en-sus-dos-primeras-semanas\\\/#article\",\"name\":\"El nuevo museo de la Catedral de Valencia recibe 15.400 visitas en sus dos primeras semanas | El Digital de Asturias\",\"headline\":\"El nuevo museo de la Catedral de Valencia recibe 15.400 visitas en sus dos primeras semanas\",\"author\":{\"@id\":\"https:\\\/\\\/eldigitaldeasturias.com\\\/magazine365\\\/author\\\/admin\\\/#author\"},\"publisher\":{\"@id\":\"https:\\\/\\\/eldigitaldeasturias.com\\\/magazine365\\\/#organization\"},\"image\":{\"@type\":\"ImageObject\",\"url\":\"https:\\\/\\\/eldigitaldeasturias.com\\\/magazine365\\\/wp-content\\\/uploads\\\/2016\\\/06\\\/fotonoticia_20160623133608_800.jpg\",\"width\":800,\"height\":533},\"datePublished\":\"2016-06-24T15:34:01+02:00\",\"dateModified\":\"2016-06-24T15:34:01+02:00\",\"inLanguage\":\"es-ES\",\"mainEntityOfPage\":{\"@id\":\"https:\\\/\\\/eldigitaldeasturias.com\\\/magazine365\\\/el-nuevo-museo-de-la-catedral-de-valencia-recibe-15-400-visitas-en-sus-dos-primeras-semanas\\\/#webpage\"},\"isPartOf\":{\"@id\":\"https:\\\/\\\/eldigitaldeasturias.com\\\/magazine365\\\/el-nuevo-museo-de-la-catedral-de-valencia-recibe-15-400-visitas-en-sus-dos-primeras-semanas\\\/#webpage\"},\"articleSection\":\"Noticias y Actualidad\"},{\"@type\":\"BreadcrumbList\",\"@id\":\"https:\\\/\\\/eldigitaldeasturias.com\\\/magazine365\\\/el-nuevo-museo-de-la-catedral-de-valencia-recibe-15-400-visitas-en-sus-dos-primeras-semanas\\\/#breadcrumblist\",\"itemListElement\":[{\"@type\":\"ListItem\",\"@id\":\"https:\\\/\\\/eldigitaldeasturias.com\\\/magazine365#listItem\",\"position\":1,\"name\":\"Home\",\"item\":\"https:\\\/\\\/eldigitaldeasturias.com\\\/magazine365\",\"nextItem\":{\"@type\":\"ListItem\",\"@id\":\"https:\\\/\\\/eldigitaldeasturias.com\\\/magazine365\\\/category\\\/noticias-actualidad\\\/#listItem\",\"name\":\"Noticias y Actualidad\"}},{\"@type\":\"ListItem\",\"@id\":\"https:\\\/\\\/eldigitaldeasturias.com\\\/magazine365\\\/category\\\/noticias-actualidad\\\/#listItem\",\"position\":2,\"name\":\"Noticias y Actualidad\",\"item\":\"https:\\\/\\\/eldigitaldeasturias.com\\\/magazine365\\\/category\\\/noticias-actualidad\\\/\",\"nextItem\":{\"@type\":\"ListItem\",\"@id\":\"https:\\\/\\\/eldigitaldeasturias.com\\\/magazine365\\\/el-nuevo-museo-de-la-catedral-de-valencia-recibe-15-400-visitas-en-sus-dos-primeras-semanas\\\/#listItem\",\"name\":\"El nuevo museo de la Catedral de Valencia recibe 15.400 visitas en sus dos primeras semanas\"},\"previousItem\":{\"@type\":\"ListItem\",\"@id\":\"https:\\\/\\\/eldigitaldeasturias.com\\\/magazine365#listItem\",\"name\":\"Home\"}},{\"@type\":\"ListItem\",\"@id\":\"https:\\\/\\\/eldigitaldeasturias.com\\\/magazine365\\\/el-nuevo-museo-de-la-catedral-de-valencia-recibe-15-400-visitas-en-sus-dos-primeras-semanas\\\/#listItem\",\"position\":3,\"name\":\"El nuevo museo de la Catedral de Valencia recibe 15.400 visitas en sus dos primeras semanas\",\"previousItem\":{\"@type\":\"ListItem\",\"@id\":\"https:\\\/\\\/eldigitaldeasturias.com\\\/magazine365\\\/category\\\/noticias-actualidad\\\/#listItem\",\"name\":\"Noticias y Actualidad\"}}]},{\"@type\":\"Organization\",\"@id\":\"https:\\\/\\\/eldigitaldeasturias.com\\\/magazine365\\\/#organization\",\"name\":\"El digital de Asturias\",\"description\":\"Revista de ocio, turismo y estilo de vida\",\"url\":\"https:\\\/\\\/eldigitaldeasturias.com\\\/magazine365\\\/\",\"logo\":{\"@type\":\"ImageObject\",\"url\":\"https:\\\/\\\/www.eldigitaldeasturias.com\\\/noticias\\\/wp-content\\\/uploads\\\/2020\\\/12\\\/EDA.jpg\",\"@id\":\"https:\\\/\\\/eldigitaldeasturias.com\\\/magazine365\\\/el-nuevo-museo-de-la-catedral-de-valencia-recibe-15-400-visitas-en-sus-dos-primeras-semanas\\\/#organizationLogo\"},\"image\":{\"@id\":\"https:\\\/\\\/eldigitaldeasturias.com\\\/magazine365\\\/el-nuevo-museo-de-la-catedral-de-valencia-recibe-15-400-visitas-en-sus-dos-primeras-semanas\\\/#organizationLogo\"}},{\"@type\":\"Person\",\"@id\":\"https:\\\/\\\/eldigitaldeasturias.com\\\/magazine365\\\/author\\\/admin\\\/#author\",\"url\":\"https:\\\/\\\/eldigitaldeasturias.com\\\/magazine365\\\/author\\\/admin\\\/\",\"name\":\"admin\",\"image\":{\"@type\":\"ImageObject\",\"@id\":\"https:\\\/\\\/eldigitaldeasturias.com\\\/magazine365\\\/el-nuevo-museo-de-la-catedral-de-valencia-recibe-15-400-visitas-en-sus-dos-primeras-semanas\\\/#authorImage\",\"url\":\"https:\\\/\\\/eldigitaldeasturias.com\\\/magazine365\\\/wp-content\\\/litespeed\\\/avatar\\\/e571bcf59a0edd6fa6838245a470f2fe.jpg?ver=1776969259\",\"width\":96,\"height\":96,\"caption\":\"admin\"}},{\"@type\":\"WebPage\",\"@id\":\"https:\\\/\\\/eldigitaldeasturias.com\\\/magazine365\\\/el-nuevo-museo-de-la-catedral-de-valencia-recibe-15-400-visitas-en-sus-dos-primeras-semanas\\\/#webpage\",\"url\":\"https:\\\/\\\/eldigitaldeasturias.com\\\/magazine365\\\/el-nuevo-museo-de-la-catedral-de-valencia-recibe-15-400-visitas-en-sus-dos-primeras-semanas\\\/\",\"name\":\"El nuevo museo de la Catedral de Valencia recibe 15.400 visitas en sus dos primeras semanas | El Digital de Asturias\",\"description\":\"El nuevo museo catedralicio diocesano de Valencia ha recibido la visita de 15.400 personas desde su apertura al p\\u00fablico hace dos semanas, en su mayor\\u00eda espa\\u00f1oles pero tambi\\u00e9n extranjeros, sobre todo ingleses, norteamericanos, holandeses, italianos y rusos, seg\\u00fan ha informado el Arzobispado en un comunicado. El Museo ha incorporado en los \\u00faltimos d\\u00edas los b\\u00e1culos\",\"inLanguage\":\"es-ES\",\"isPartOf\":{\"@id\":\"https:\\\/\\\/eldigitaldeasturias.com\\\/magazine365\\\/#website\"},\"breadcrumb\":{\"@id\":\"https:\\\/\\\/eldigitaldeasturias.com\\\/magazine365\\\/el-nuevo-museo-de-la-catedral-de-valencia-recibe-15-400-visitas-en-sus-dos-primeras-semanas\\\/#breadcrumblist\"},\"author\":{\"@id\":\"https:\\\/\\\/eldigitaldeasturias.com\\\/magazine365\\\/author\\\/admin\\\/#author\"},\"creator\":{\"@id\":\"https:\\\/\\\/eldigitaldeasturias.com\\\/magazine365\\\/author\\\/admin\\\/#author\"},\"image\":{\"@type\":\"ImageObject\",\"url\":\"https:\\\/\\\/eldigitaldeasturias.com\\\/magazine365\\\/wp-content\\\/uploads\\\/2016\\\/06\\\/fotonoticia_20160623133608_800.jpg\",\"@id\":\"https:\\\/\\\/eldigitaldeasturias.com\\\/magazine365\\\/el-nuevo-museo-de-la-catedral-de-valencia-recibe-15-400-visitas-en-sus-dos-primeras-semanas\\\/#mainImage\",\"width\":800,\"height\":533},\"primaryImageOfPage\":{\"@id\":\"https:\\\/\\\/eldigitaldeasturias.com\\\/magazine365\\\/el-nuevo-museo-de-la-catedral-de-valencia-recibe-15-400-visitas-en-sus-dos-primeras-semanas\\\/#mainImage\"},\"datePublished\":\"2016-06-24T15:34:01+02:00\",\"dateModified\":\"2016-06-24T15:34:01+02:00\"},{\"@type\":\"WebSite\",\"@id\":\"https:\\\/\\\/eldigitaldeasturias.com\\\/magazine365\\\/#website\",\"url\":\"https:\\\/\\\/eldigitaldeasturias.com\\\/magazine365\\\/\",\"name\":\"El Digital de Asturias\",\"description\":\"Revista de ocio, turismo y estilo de vida\",\"inLanguage\":\"es-ES\",\"publisher\":{\"@id\":\"https:\\\/\\\/eldigitaldeasturias.com\\\/magazine365\\\/#organization\"}}]}\n\t\t<\/script>\n\t\t<!-- All in One SEO Pro -->\r\n\t\t<title>El nuevo museo de la Catedral de Valencia recibe 15.400 visitas en sus dos primeras semanas | El Digital de Asturias<\/title>\n\n","aioseo_head_json":{"title":"El nuevo museo de la Catedral de Valencia recibe 15.400 visitas en sus dos primeras semanas | El Digital de Asturias","description":"El nuevo museo catedralicio diocesano de Valencia ha recibido la visita de 15.400 personas desde su apertura al p\u00fablico hace dos semanas, en su mayor\u00eda espa\u00f1oles pero tambi\u00e9n extranjeros, sobre todo ingleses, norteamericanos, holandeses, italianos y rusos, seg\u00fan ha informado el Arzobispado en un comunicado. El Museo ha incorporado en los \u00faltimos d\u00edas los b\u00e1culos","canonical_url":"https:\/\/eldigitaldeasturias.com\/magazine365\/el-nuevo-museo-de-la-catedral-de-valencia-recibe-15-400-visitas-en-sus-dos-primeras-semanas\/","robots":"max-image-preview:large","keywords":"noticias y actualidad","webmasterTools":{"google-site-verification":"UA-38556648-1","miscellaneous":""},"schema":{"@context":"https:\/\/schema.org","@graph":[{"@type":"Article","@id":"https:\/\/eldigitaldeasturias.com\/magazine365\/el-nuevo-museo-de-la-catedral-de-valencia-recibe-15-400-visitas-en-sus-dos-primeras-semanas\/#article","name":"El nuevo museo de la Catedral de Valencia recibe 15.400 visitas en sus dos primeras semanas | El Digital de Asturias","headline":"El nuevo museo de la Catedral de Valencia recibe 15.400 visitas en sus dos primeras semanas","author":{"@id":"https:\/\/eldigitaldeasturias.com\/magazine365\/author\/admin\/#author"},"publisher":{"@id":"https:\/\/eldigitaldeasturias.com\/magazine365\/#organization"},"image":{"@type":"ImageObject","url":"https:\/\/eldigitaldeasturias.com\/magazine365\/wp-content\/uploads\/2016\/06\/fotonoticia_20160623133608_800.jpg","width":800,"height":533},"datePublished":"2016-06-24T15:34:01+02:00","dateModified":"2016-06-24T15:34:01+02:00","inLanguage":"es-ES","mainEntityOfPage":{"@id":"https:\/\/eldigitaldeasturias.com\/magazine365\/el-nuevo-museo-de-la-catedral-de-valencia-recibe-15-400-visitas-en-sus-dos-primeras-semanas\/#webpage"},"isPartOf":{"@id":"https:\/\/eldigitaldeasturias.com\/magazine365\/el-nuevo-museo-de-la-catedral-de-valencia-recibe-15-400-visitas-en-sus-dos-primeras-semanas\/#webpage"},"articleSection":"Noticias y Actualidad"},{"@type":"BreadcrumbList","@id":"https:\/\/eldigitaldeasturias.com\/magazine365\/el-nuevo-museo-de-la-catedral-de-valencia-recibe-15-400-visitas-en-sus-dos-primeras-semanas\/#breadcrumblist","itemListElement":[{"@type":"ListItem","@id":"https:\/\/eldigitaldeasturias.com\/magazine365#listItem","position":1,"name":"Home","item":"https:\/\/eldigitaldeasturias.com\/magazine365","nextItem":{"@type":"ListItem","@id":"https:\/\/eldigitaldeasturias.com\/magazine365\/category\/noticias-actualidad\/#listItem","name":"Noticias y Actualidad"}},{"@type":"ListItem","@id":"https:\/\/eldigitaldeasturias.com\/magazine365\/category\/noticias-actualidad\/#listItem","position":2,"name":"Noticias y Actualidad","item":"https:\/\/eldigitaldeasturias.com\/magazine365\/category\/noticias-actualidad\/","nextItem":{"@type":"ListItem","@id":"https:\/\/eldigitaldeasturias.com\/magazine365\/el-nuevo-museo-de-la-catedral-de-valencia-recibe-15-400-visitas-en-sus-dos-primeras-semanas\/#listItem","name":"El nuevo museo de la Catedral de Valencia recibe 15.400 visitas en sus dos primeras semanas"},"previousItem":{"@type":"ListItem","@id":"https:\/\/eldigitaldeasturias.com\/magazine365#listItem","name":"Home"}},{"@type":"ListItem","@id":"https:\/\/eldigitaldeasturias.com\/magazine365\/el-nuevo-museo-de-la-catedral-de-valencia-recibe-15-400-visitas-en-sus-dos-primeras-semanas\/#listItem","position":3,"name":"El nuevo museo de la Catedral de Valencia recibe 15.400 visitas en sus dos primeras semanas","previousItem":{"@type":"ListItem","@id":"https:\/\/eldigitaldeasturias.com\/magazine365\/category\/noticias-actualidad\/#listItem","name":"Noticias y Actualidad"}}]},{"@type":"Organization","@id":"https:\/\/eldigitaldeasturias.com\/magazine365\/#organization","name":"El digital de Asturias","description":"Revista de ocio, turismo y estilo de vida","url":"https:\/\/eldigitaldeasturias.com\/magazine365\/","logo":{"@type":"ImageObject","url":"https:\/\/www.eldigitaldeasturias.com\/noticias\/wp-content\/uploads\/2020\/12\/EDA.jpg","@id":"https:\/\/eldigitaldeasturias.com\/magazine365\/el-nuevo-museo-de-la-catedral-de-valencia-recibe-15-400-visitas-en-sus-dos-primeras-semanas\/#organizationLogo"},"image":{"@id":"https:\/\/eldigitaldeasturias.com\/magazine365\/el-nuevo-museo-de-la-catedral-de-valencia-recibe-15-400-visitas-en-sus-dos-primeras-semanas\/#organizationLogo"}},{"@type":"Person","@id":"https:\/\/eldigitaldeasturias.com\/magazine365\/author\/admin\/#author","url":"https:\/\/eldigitaldeasturias.com\/magazine365\/author\/admin\/","name":"admin","image":{"@type":"ImageObject","@id":"https:\/\/eldigitaldeasturias.com\/magazine365\/el-nuevo-museo-de-la-catedral-de-valencia-recibe-15-400-visitas-en-sus-dos-primeras-semanas\/#authorImage","url":"https:\/\/eldigitaldeasturias.com\/magazine365\/wp-content\/litespeed\/avatar\/e571bcf59a0edd6fa6838245a470f2fe.jpg?ver=1776969259","width":96,"height":96,"caption":"admin"}},{"@type":"WebPage","@id":"https:\/\/eldigitaldeasturias.com\/magazine365\/el-nuevo-museo-de-la-catedral-de-valencia-recibe-15-400-visitas-en-sus-dos-primeras-semanas\/#webpage","url":"https:\/\/eldigitaldeasturias.com\/magazine365\/el-nuevo-museo-de-la-catedral-de-valencia-recibe-15-400-visitas-en-sus-dos-primeras-semanas\/","name":"El nuevo museo de la Catedral de Valencia recibe 15.400 visitas en sus dos primeras semanas | El Digital de Asturias","description":"El nuevo museo catedralicio diocesano de Valencia ha recibido la visita de 15.400 personas desde su apertura al p\u00fablico hace dos semanas, en su mayor\u00eda espa\u00f1oles pero tambi\u00e9n extranjeros, sobre todo ingleses, norteamericanos, holandeses, italianos y rusos, seg\u00fan ha informado el Arzobispado en un comunicado. El Museo ha incorporado en los \u00faltimos d\u00edas los b\u00e1culos","inLanguage":"es-ES","isPartOf":{"@id":"https:\/\/eldigitaldeasturias.com\/magazine365\/#website"},"breadcrumb":{"@id":"https:\/\/eldigitaldeasturias.com\/magazine365\/el-nuevo-museo-de-la-catedral-de-valencia-recibe-15-400-visitas-en-sus-dos-primeras-semanas\/#breadcrumblist"},"author":{"@id":"https:\/\/eldigitaldeasturias.com\/magazine365\/author\/admin\/#author"},"creator":{"@id":"https:\/\/eldigitaldeasturias.com\/magazine365\/author\/admin\/#author"},"image":{"@type":"ImageObject","url":"https:\/\/eldigitaldeasturias.com\/magazine365\/wp-content\/uploads\/2016\/06\/fotonoticia_20160623133608_800.jpg","@id":"https:\/\/eldigitaldeasturias.com\/magazine365\/el-nuevo-museo-de-la-catedral-de-valencia-recibe-15-400-visitas-en-sus-dos-primeras-semanas\/#mainImage","width":800,"height":533},"primaryImageOfPage":{"@id":"https:\/\/eldigitaldeasturias.com\/magazine365\/el-nuevo-museo-de-la-catedral-de-valencia-recibe-15-400-visitas-en-sus-dos-primeras-semanas\/#mainImage"},"datePublished":"2016-06-24T15:34:01+02:00","dateModified":"2016-06-24T15:34:01+02:00"},{"@type":"WebSite","@id":"https:\/\/eldigitaldeasturias.com\/magazine365\/#website","url":"https:\/\/eldigitaldeasturias.com\/magazine365\/","name":"El Digital de Asturias","description":"Revista de ocio, turismo y estilo de vida","inLanguage":"es-ES","publisher":{"@id":"https:\/\/eldigitaldeasturias.com\/magazine365\/#organization"}}]},"og:locale":"es_ES","og:site_name":"El Digital de Asturias \u2013 Revista de ocio, turismo y estilo de vida","og:type":"article","og:title":"El nuevo museo de la Catedral de Valencia recibe 15.400 visitas en sus dos primeras semanas | El Digital de Asturias","og:description":"El nuevo museo catedralicio diocesano de Valencia ha recibido la visita de 15.400 personas desde su apertura al p\u00fablico hace dos semanas, en su mayor\u00eda espa\u00f1oles pero tambi\u00e9n extranjeros, sobre todo ingleses, norteamericanos, holandeses, italianos y rusos, seg\u00fan ha informado el Arzobispado en un comunicado. El Museo ha incorporado en los \u00faltimos d\u00edas los b\u00e1culos","og:url":"https:\/\/eldigitaldeasturias.com\/magazine365\/el-nuevo-museo-de-la-catedral-de-valencia-recibe-15-400-visitas-en-sus-dos-primeras-semanas\/","og:image":"https:\/\/eldigitaldeasturias.com\/magazine365\/wp-content\/uploads\/2016\/06\/fotonoticia_20160623133608_800.jpg","og:image:secure_url":"https:\/\/eldigitaldeasturias.com\/magazine365\/wp-content\/uploads\/2016\/06\/fotonoticia_20160623133608_800.jpg","og:image:width":800,"og:image:height":533,"article:published_time":"2016-06-24T13:34:01+00:00","article:modified_time":"2016-06-24T13:34:01+00:00","twitter:card":"summary_large_image","twitter:title":"El nuevo museo de la Catedral de Valencia recibe 15.400 visitas en sus dos primeras semanas | El Digital de Asturias","twitter:description":"El nuevo museo catedralicio diocesano de Valencia ha recibido la visita de 15.400 personas desde su apertura al p\u00fablico hace dos semanas, en su mayor\u00eda espa\u00f1oles pero tambi\u00e9n extranjeros, sobre todo ingleses, norteamericanos, holandeses, italianos y rusos, seg\u00fan ha informado el Arzobispado en un comunicado. El Museo ha incorporado en los \u00faltimos d\u00edas los b\u00e1culos","twitter:image":"https:\/\/eldigitaldeasturias.com\/magazine365\/wp-content\/uploads\/2016\/06\/fotonoticia_20160623133608_800.jpg"},"aioseo_meta_data":{"post_id":"80595","title":null,"description":null,"keywords":null,"keyphrases":null,"primary_term":null,"canonical_url":null,"og_title":null,"og_description":null,"og_object_type":"default","og_image_type":"default","og_image_url":null,"og_image_width":null,"og_image_height":null,"og_image_custom_url":null,"og_image_custom_fields":null,"og_video":null,"og_custom_url":null,"og_article_section":null,"og_article_tags":null,"twitter_use_og":false,"twitter_card":"default","twitter_image_type":"default","twitter_image_url":null,"twitter_image_custom_url":null,"twitter_image_custom_fields":null,"twitter_title":null,"twitter_description":null,"schema":{"blockGraphs":[],"customGraphs":[],"default":{"data":{"Article":[],"Course":[],"Dataset":[],"FAQPage":[],"Movie":[],"Person":[],"Product":[],"ProductReview":[],"Car":[],"Recipe":[],"Service":[],"SoftwareApplication":[],"WebPage":[]},"graphName":"","isEnabled":true},"graphs":[],"defaultGraph":"","defaultPostTypeGraph":""},"schema_type":null,"schema_type_options":null,"pillar_content":false,"robots_default":true,"robots_noindex":false,"robots_noarchive":false,"robots_nosnippet":false,"robots_nofollow":false,"robots_noimageindex":false,"robots_noodp":false,"robots_notranslate":false,"robots_max_snippet":null,"robots_max_videopreview":null,"robots_max_imagepreview":"large","priority":null,"frequency":null,"location":null,"local_seo":null,"seo_analyzer_scan_date":"2025-09-27 21:09:18","breadcrumb_settings":null,"limit_modified_date":false,"open_ai":null,"ai":null,"created":"2021-03-08 17:30:52","updated":"2025-09-27 21:09:18"},"aioseo_breadcrumb":"<div class=\"aioseo-breadcrumbs\"><span class=\"aioseo-breadcrumb\">\n\t<a href=\"https:\/\/eldigitaldeasturias.com\/magazine365\" title=\"Home\">Home<\/a>\n<\/span><span class=\"aioseo-breadcrumb-separator\">\u2013<\/span><span class=\"aioseo-breadcrumb\">\n\t<a href=\"https:\/\/eldigitaldeasturias.com\/magazine365\/category\/noticias-actualidad\/\" title=\"Noticias y Actualidad\">Noticias y Actualidad<\/a>\n<\/span><span class=\"aioseo-breadcrumb-separator\">\u2013<\/span><span class=\"aioseo-breadcrumb\">\n\t<a href=\"https:\/\/eldigitaldeasturias.com\/magazine365\/el-nuevo-museo-de-la-catedral-de-valencia-recibe-15-400-visitas-en-sus-dos-primeras-semanas\/\" title=\"El nuevo museo de la Catedral de Valencia recibe 15.400 visitas en sus dos primeras semanas\">El nuevo museo de la Catedral de Valencia recibe 15.400 visitas en sus dos primeras semanas<\/a>\n<\/span><\/div>","aioseo_breadcrumb_json":[{"label":"Home","link":"https:\/\/eldigitaldeasturias.com\/magazine365"},{"label":"Noticias y Actualidad","link":"https:\/\/eldigitaldeasturias.com\/magazine365\/category\/noticias-actualidad\/"},{"label":"El nuevo museo de la Catedral de Valencia recibe 15.400 visitas en sus dos primeras semanas","link":"https:\/\/eldigitaldeasturias.com\/magazine365\/el-nuevo-museo-de-la-catedral-de-valencia-recibe-15-400-visitas-en-sus-dos-primeras-semanas\/"}],"_links":{"self":[{"href":"https:\/\/eldigitaldeasturias.com\/magazine365\/wp-json\/wp\/v2\/posts\/80595","targetHints":{"allow":["GET"]}}],"collection":[{"href":"https:\/\/eldigitaldeasturias.com\/magazine365\/wp-json\/wp\/v2\/posts"}],"about":[{"href":"https:\/\/eldigitaldeasturias.com\/magazine365\/wp-json\/wp\/v2\/types\/post"}],"author":[{"embeddable":true,"href":"https:\/\/eldigitaldeasturias.com\/magazine365\/wp-json\/wp\/v2\/users\/1"}],"replies":[{"embeddable":true,"href":"https:\/\/eldigitaldeasturias.com\/magazine365\/wp-json\/wp\/v2\/comments?post=80595"}],"version-history":[{"count":0,"href":"https:\/\/eldigitaldeasturias.com\/magazine365\/wp-json\/wp\/v2\/posts\/80595\/revisions"}],"wp:featuredmedia":[{"embeddable":true,"href":"https:\/\/eldigitaldeasturias.com\/magazine365\/wp-json\/wp\/v2\/media\/80596"}],"wp:attachment":[{"href":"https:\/\/eldigitaldeasturias.com\/magazine365\/wp-json\/wp\/v2\/media?parent=80595"}],"wp:term":[{"taxonomy":"category","embeddable":true,"href":"https:\/\/eldigitaldeasturias.com\/magazine365\/wp-json\/wp\/v2\/categories?post=80595"},{"taxonomy":"post_tag","embeddable":true,"href":"https:\/\/eldigitaldeasturias.com\/magazine365\/wp-json\/wp\/v2\/tags?post=80595"}],"curies":[{"name":"wp","href":"https:\/\/api.w.org\/{rel}","templated":true}]}}