{"id":80583,"date":"2016-06-24T15:28:41","date_gmt":"2016-06-24T13:28:41","guid":{"rendered":"http:\/\/eldigitaldeasturias.com\/magazine365\/?p=80583"},"modified":"2016-06-24T15:28:41","modified_gmt":"2016-06-24T13:28:41","slug":"cc-oo-acudira-al-sima-ante-el-bloqueo-de-negociacion-del-convenio-de-agencias-de-viajes","status":"publish","type":"post","link":"https:\/\/eldigitaldeasturias.com\/magazine365\/cc-oo-acudira-al-sima-ante-el-bloqueo-de-negociacion-del-convenio-de-agencias-de-viajes\/","title":{"rendered":"CC.OO. acudir\u00e1 al Sima ante el \u00abbloqueo de negociaci\u00f3n\u00bb del convenio de agencias de viajes"},"content":{"rendered":"<p><img fetchpriority=\"high\" decoding=\"async\" class=\"alignleft size-medium wp-image-80584\" src=\"https:\/\/eldigitaldeasturias.com\/magazine365\/wp-content\/uploads\/2016\/06\/fotonoticia_20160623132729_800-300x300.jpg\" alt=\"fotonoticia_20160623132729_800\" width=\"300\" height=\"300\" srcset=\"https:\/\/eldigitaldeasturias.com\/magazine365\/wp-content\/uploads\/2016\/06\/fotonoticia_20160623132729_800-300x300.jpg 300w, https:\/\/eldigitaldeasturias.com\/magazine365\/wp-content\/uploads\/2016\/06\/fotonoticia_20160623132729_800-640x640.jpg 640w, https:\/\/eldigitaldeasturias.com\/magazine365\/wp-content\/uploads\/2016\/06\/fotonoticia_20160623132729_800-768x768.jpg 768w, https:\/\/eldigitaldeasturias.com\/magazine365\/wp-content\/uploads\/2016\/06\/fotonoticia_20160623132729_800-150x150.jpg 150w, https:\/\/eldigitaldeasturias.com\/magazine365\/wp-content\/uploads\/2016\/06\/fotonoticia_20160623132729_800-450x450.jpg 450w, https:\/\/eldigitaldeasturias.com\/magazine365\/wp-content\/uploads\/2016\/06\/fotonoticia_20160623132729_800-50x50.jpg 50w, https:\/\/eldigitaldeasturias.com\/magazine365\/wp-content\/uploads\/2016\/06\/fotonoticia_20160623132729_800-301x300.jpg 301w, https:\/\/eldigitaldeasturias.com\/magazine365\/wp-content\/uploads\/2016\/06\/fotonoticia_20160623132729_800-135x135.jpg 135w, https:\/\/eldigitaldeasturias.com\/magazine365\/wp-content\/uploads\/2016\/06\/fotonoticia_20160623132729_800-100x100.jpg 100w, https:\/\/eldigitaldeasturias.com\/magazine365\/wp-content\/uploads\/2016\/06\/fotonoticia_20160623132729_800.jpg 800w\" sizes=\"(max-width: 300px) 100vw, 300px\" \/>El sector A\u00e9reo y Servicios Tur\u00edsticos de CC.OO. ha anunciado que interpondr\u00e1 una solicitud de mediaci\u00f3n ante el Servicio Interconfederal de Mediaci\u00f3n y Arbitraje (SIMA) por el bloqueo en la negociaci\u00f3n del Convenio de Agencias de Viajes por parte de la Confederaci\u00f3n Espa\u00f1ola de Agencias de Viajes (CEAV).<\/p>\n<p>En caso de no llegar a un acuerdo en la mediaci\u00f3n, CC.OO. propondr\u00e1 a los trabajadores del sector iniciar una campa\u00f1a de movilizaciones a nivel estatal. Una decisi\u00f3n que ha sido tomada de forma unilateral por este sindicato aunque en la negociaci\u00f3n del convenio participan otros dos sindicatos (UGT y SPV).<\/p>\n<p>Este jueves CC.OO. ha interpuesto la solicitud de mediaci\u00f3n por lo que considera una \u00abintenci\u00f3n manifiesta\u00bb por parte de la patronal de dilatar la negociaci\u00f3n del convenio que se inici\u00f3 en enero de este a\u00f1o, \u00abal no querer fijar una fecha para una pr\u00f3xima reuni\u00f3n pese al compromiso asumido en actas anteriores de dar respuestas a las propuestas presentadas por el sindicato.<\/p>\n<p>Entre las propuestas, CC.OO. ha planteado medidas de \u00abcar\u00e1cter econ\u00f3mico\u00bb (incrementos salariales acordes con la evoluci\u00f3n del sector) y de \u00abcalado social\u00bb (mejoras en los permisos retribuidos para facilitar la conciliaci\u00f3n de la vida personal y laboral), as\u00ed como de \u00abconsolidaci\u00f3n de empleo de calidad\u00bb y de adaptaci\u00f3n a normas y recomendaciones en materia de salud laboral, entre otras, sobre las que no ha recibido respuesta.<\/p>\n<p>CC.OO. asegura que pese a haber sido presentadas hace m\u00e1s de dos meses todav\u00eda no ha recibido \u00abuna contestaci\u00f3n razonada\u00bb por parte de la CEAV, lo que consideran \u00abuna falta de respeto\u00bb hacia la representaci\u00f3n social en la comisi\u00f3n negociadora.<\/p>\n<p>La mesa negociadora est\u00e1 integrada por CC.OO., UGT y el Sindicato Profesional de Viajes (SPV), en representaci\u00f3n de los trabajadores, y por la CEAV, en representaci\u00f3n empresarial.<\/p>\n<p>UGT se ha mostrado \u00absorprendido\u00bb por la presentaci\u00f3n de esta solicitud de mediaci\u00f3n ante el Sima por parte de CC.OO. y asegura que se ha realizado de forma unilateral. \u00abAunque imaginamos que nos citar\u00e1n en el Sima como parte negociadora\u00bb, asegur\u00f3 el responsable de UGT en la mesa negociadora, \u00c1ngel Coracho.<\/p>\n<p>EL INCREMENTO SALARIAL, EL ESCOLLO.<\/p>\n<p>CEAV hab\u00eda planteado un subida salarial del 1% para este 2016 y del 0,5% para 2017 y 2018, as\u00ed como una serie de mejoras en materia de permisos y licencias, un incremento considerado \u00abinsuficiente\u00bb por los sindicatos que aseguran que \u00abno se ajusta a la situaci\u00f3n real del sector\u00bb pese a mejorarse ligeramente.<\/p>\n<p>Seg\u00fan explic\u00f3 SPV en un comunicado, el incremento salarial ha vuelto a ser el principal tema de debate. \u00abLa patronal ha mejorado ligeramente su propuesta econ\u00f3mica, pero su oferta a\u00fan sigue siendo insuficiente para las pretensiones de SPV\u00bb, se\u00f1ala.<\/p>\n<p>Una opini\u00f3n compartida desde UGT que asegura que una vez han comunicado a la patronal que no se acepta su propuesta de subida salarial. El sindicato UGT propone una subida del 4,5%, propuesta que la patronal analizar\u00e1 el pr\u00f3ximo 4 de julio en su consejo de direcci\u00f3n, tal y como ha informado a los sindicatos.<\/p>\n<p>Tanto UGT como SPV consideran que a pesar de las discrepancias existentes con el tema salarial las negociaciones siguen avanzando. Desde SPV se considera \u00abque el acuerdo final deber\u00eda estar cerca\u00bb y por parte de UGT se asegura que la negociaci\u00f3n \u00abno est\u00e1 bloqueada\u00bb.<\/p>\n<p>\u00abTenemos el compromiso de que el Consejo se reunir\u00e1 a la mayor celeridad posible, con total seguridad en la primera semana se julio, y a partir de ah\u00ed se nos convocar\u00e1 a una nueva reuni\u00f3n para darnos una contestaci\u00f3n\u00bb, asegur\u00f3 el responsable de UGT, quien insisti\u00f3 que el convenio se debe valorar \u00aben su globalidad\u00bb.<\/p>\n<p>CC.OO. ACUDIR\u00c1 AL SIMA.<\/p>\n<p>Pero para CC.OO, despu\u00e9s de seis meses de negociaciones no se pueden alargar m\u00e1s las reuniones, por ello anuncia que acudir\u00e1 al Sima a defender en la mediaci\u00f3n \u00abcon unos incrementos salariales adecuados y un convenio que pueda dotar de un mejor futuro a los trabajadores y trabajadoras del sector\u00bb.<\/p>\n<p>En caso de no llegar a un acuerdo en la mediaci\u00f3n, CC.OO. propondr\u00e1 a los trabajadores del sector iniciar una campa\u00f1a de movilizaciones a nivel estatal.<\/p>\n<p>El \u00faltimo Convenio Colectivo Estatal de las Agencias de Viajes fue el del periodo 2012-2014 y se firm\u00f3 en junio de 2013, tras 16 meses de negociaciones.<\/p>\n","protected":false},"excerpt":{"rendered":"<p>El sector A\u00e9reo y Servicios Tur\u00edsticos de CC.OO. ha anunciado que interpondr\u00e1 una solicitud de mediaci\u00f3n ante el Servicio Interconfederal de Mediaci\u00f3n y Arbitraje (SIMA) por el bloqueo en la negociaci\u00f3n del Convenio de Agencias de Viajes por parte de la Confederaci\u00f3n Espa\u00f1ola de Agencias de Viajes (CEAV). En caso de no llegar a un<\/p>\n","protected":false},"author":1,"featured_media":80584,"comment_status":"open","ping_status":"closed","sticky":false,"template":"","format":"standard","meta":{"footnotes":""},"categories":[224],"tags":[],"class_list":{"0":"post-80583","1":"post","2":"type-post","3":"status-publish","4":"format-standard","5":"has-post-thumbnail","7":"category-noticias-actualidad"},"aioseo_notices":[],"aioseo_head":"\n\t\t<!-- All in One SEO Pro 4.9.6.1 - aioseo.com -->\n\t<meta name=\"description\" content=\"El sector A\u00e9reo y Servicios Tur\u00edsticos de CC.OO. ha anunciado que interpondr\u00e1 una solicitud de mediaci\u00f3n ante el Servicio Interconfederal de Mediaci\u00f3n y Arbitraje (SIMA) por el bloqueo en la negociaci\u00f3n del Convenio de Agencias de Viajes por parte de la Confederaci\u00f3n Espa\u00f1ola de Agencias de Viajes (CEAV). En caso de no llegar a un\" \/>\n\t<meta name=\"robots\" content=\"max-image-preview:large\" \/>\n\t<meta name=\"author\" content=\"admin\"\/>\n\t<meta name=\"google-site-verification\" content=\"UA-38556648-1\" \/>\n\t<meta name=\"keywords\" content=\"noticias y actualidad\" \/>\n\t<link rel=\"canonical\" href=\"https:\/\/eldigitaldeasturias.com\/magazine365\/cc-oo-acudira-al-sima-ante-el-bloqueo-de-negociacion-del-convenio-de-agencias-de-viajes\/\" \/>\n\t<meta name=\"generator\" content=\"All in One SEO Pro (AIOSEO) 4.9.6.1\" \/>\n\t\t<meta property=\"og:locale\" content=\"es_ES\" \/>\n\t\t<meta property=\"og:site_name\" content=\"El Digital de Asturias \u2013 Revista de ocio, turismo y estilo de vida\" \/>\n\t\t<meta property=\"og:type\" content=\"article\" \/>\n\t\t<meta property=\"og:title\" content=\"CC.OO. acudir\u00e1 al Sima ante el \u00abbloqueo de negociaci\u00f3n\u00bb del convenio de agencias de viajes | El Digital de Asturias\" \/>\n\t\t<meta property=\"og:description\" content=\"El sector A\u00e9reo y Servicios Tur\u00edsticos de CC.OO. ha anunciado que interpondr\u00e1 una solicitud de mediaci\u00f3n ante el Servicio Interconfederal de Mediaci\u00f3n y Arbitraje (SIMA) por el bloqueo en la negociaci\u00f3n del Convenio de Agencias de Viajes por parte de la Confederaci\u00f3n Espa\u00f1ola de Agencias de Viajes (CEAV). En caso de no llegar a un\" \/>\n\t\t<meta property=\"og:url\" content=\"https:\/\/eldigitaldeasturias.com\/magazine365\/cc-oo-acudira-al-sima-ante-el-bloqueo-de-negociacion-del-convenio-de-agencias-de-viajes\/\" \/>\n\t\t<meta property=\"og:image\" content=\"https:\/\/eldigitaldeasturias.com\/magazine365\/wp-content\/uploads\/2016\/06\/fotonoticia_20160623132729_800.jpg\" \/>\n\t\t<meta property=\"og:image:secure_url\" content=\"https:\/\/eldigitaldeasturias.com\/magazine365\/wp-content\/uploads\/2016\/06\/fotonoticia_20160623132729_800.jpg\" \/>\n\t\t<meta property=\"og:image:width\" content=\"800\" \/>\n\t\t<meta property=\"og:image:height\" content=\"800\" \/>\n\t\t<meta property=\"article:published_time\" content=\"2016-06-24T13:28:41+00:00\" \/>\n\t\t<meta property=\"article:modified_time\" content=\"2016-06-24T13:28:41+00:00\" \/>\n\t\t<meta name=\"twitter:card\" content=\"summary_large_image\" \/>\n\t\t<meta name=\"twitter:title\" content=\"CC.OO. acudir\u00e1 al Sima ante el \u00abbloqueo de negociaci\u00f3n\u00bb del convenio de agencias de viajes | El Digital de Asturias\" \/>\n\t\t<meta name=\"twitter:description\" content=\"El sector A\u00e9reo y Servicios Tur\u00edsticos de CC.OO. ha anunciado que interpondr\u00e1 una solicitud de mediaci\u00f3n ante el Servicio Interconfederal de Mediaci\u00f3n y Arbitraje (SIMA) por el bloqueo en la negociaci\u00f3n del Convenio de Agencias de Viajes por parte de la Confederaci\u00f3n Espa\u00f1ola de Agencias de Viajes (CEAV). En caso de no llegar a un\" \/>\n\t\t<meta name=\"twitter:image\" content=\"https:\/\/eldigitaldeasturias.com\/magazine365\/wp-content\/uploads\/2016\/06\/fotonoticia_20160623132729_800.jpg\" \/>\n\t\t<script type=\"application\/ld+json\" class=\"aioseo-schema\">\n\t\t\t{\"@context\":\"https:\\\/\\\/schema.org\",\"@graph\":[{\"@type\":\"Article\",\"@id\":\"https:\\\/\\\/eldigitaldeasturias.com\\\/magazine365\\\/cc-oo-acudira-al-sima-ante-el-bloqueo-de-negociacion-del-convenio-de-agencias-de-viajes\\\/#article\",\"name\":\"CC.OO. acudir\\u00e1 al Sima ante el \\u00abbloqueo de negociaci\\u00f3n\\u00bb del convenio de agencias de viajes | El Digital de Asturias\",\"headline\":\"CC.OO. acudir\\u00e1 al Sima ante el \\u00abbloqueo de negociaci\\u00f3n\\u00bb del convenio de agencias de viajes\",\"author\":{\"@id\":\"https:\\\/\\\/eldigitaldeasturias.com\\\/magazine365\\\/author\\\/admin\\\/#author\"},\"publisher\":{\"@id\":\"https:\\\/\\\/eldigitaldeasturias.com\\\/magazine365\\\/#organization\"},\"image\":{\"@type\":\"ImageObject\",\"url\":\"https:\\\/\\\/eldigitaldeasturias.com\\\/magazine365\\\/wp-content\\\/uploads\\\/2016\\\/06\\\/fotonoticia_20160623132729_800.jpg\",\"width\":800,\"height\":800},\"datePublished\":\"2016-06-24T15:28:41+02:00\",\"dateModified\":\"2016-06-24T15:28:41+02:00\",\"inLanguage\":\"es-ES\",\"mainEntityOfPage\":{\"@id\":\"https:\\\/\\\/eldigitaldeasturias.com\\\/magazine365\\\/cc-oo-acudira-al-sima-ante-el-bloqueo-de-negociacion-del-convenio-de-agencias-de-viajes\\\/#webpage\"},\"isPartOf\":{\"@id\":\"https:\\\/\\\/eldigitaldeasturias.com\\\/magazine365\\\/cc-oo-acudira-al-sima-ante-el-bloqueo-de-negociacion-del-convenio-de-agencias-de-viajes\\\/#webpage\"},\"articleSection\":\"Noticias y Actualidad\"},{\"@type\":\"BreadcrumbList\",\"@id\":\"https:\\\/\\\/eldigitaldeasturias.com\\\/magazine365\\\/cc-oo-acudira-al-sima-ante-el-bloqueo-de-negociacion-del-convenio-de-agencias-de-viajes\\\/#breadcrumblist\",\"itemListElement\":[{\"@type\":\"ListItem\",\"@id\":\"https:\\\/\\\/eldigitaldeasturias.com\\\/magazine365#listItem\",\"position\":1,\"name\":\"Home\",\"item\":\"https:\\\/\\\/eldigitaldeasturias.com\\\/magazine365\",\"nextItem\":{\"@type\":\"ListItem\",\"@id\":\"https:\\\/\\\/eldigitaldeasturias.com\\\/magazine365\\\/category\\\/noticias-actualidad\\\/#listItem\",\"name\":\"Noticias y Actualidad\"}},{\"@type\":\"ListItem\",\"@id\":\"https:\\\/\\\/eldigitaldeasturias.com\\\/magazine365\\\/category\\\/noticias-actualidad\\\/#listItem\",\"position\":2,\"name\":\"Noticias y Actualidad\",\"item\":\"https:\\\/\\\/eldigitaldeasturias.com\\\/magazine365\\\/category\\\/noticias-actualidad\\\/\",\"nextItem\":{\"@type\":\"ListItem\",\"@id\":\"https:\\\/\\\/eldigitaldeasturias.com\\\/magazine365\\\/cc-oo-acudira-al-sima-ante-el-bloqueo-de-negociacion-del-convenio-de-agencias-de-viajes\\\/#listItem\",\"name\":\"CC.OO. acudir\\u00e1 al Sima ante el \\u00abbloqueo de negociaci\\u00f3n\\u00bb del convenio de agencias de viajes\"},\"previousItem\":{\"@type\":\"ListItem\",\"@id\":\"https:\\\/\\\/eldigitaldeasturias.com\\\/magazine365#listItem\",\"name\":\"Home\"}},{\"@type\":\"ListItem\",\"@id\":\"https:\\\/\\\/eldigitaldeasturias.com\\\/magazine365\\\/cc-oo-acudira-al-sima-ante-el-bloqueo-de-negociacion-del-convenio-de-agencias-de-viajes\\\/#listItem\",\"position\":3,\"name\":\"CC.OO. acudir\\u00e1 al Sima ante el \\u00abbloqueo de negociaci\\u00f3n\\u00bb del convenio de agencias de viajes\",\"previousItem\":{\"@type\":\"ListItem\",\"@id\":\"https:\\\/\\\/eldigitaldeasturias.com\\\/magazine365\\\/category\\\/noticias-actualidad\\\/#listItem\",\"name\":\"Noticias y Actualidad\"}}]},{\"@type\":\"Organization\",\"@id\":\"https:\\\/\\\/eldigitaldeasturias.com\\\/magazine365\\\/#organization\",\"name\":\"El digital de Asturias\",\"description\":\"Revista de ocio, turismo y estilo de vida\",\"url\":\"https:\\\/\\\/eldigitaldeasturias.com\\\/magazine365\\\/\",\"logo\":{\"@type\":\"ImageObject\",\"url\":\"https:\\\/\\\/www.eldigitaldeasturias.com\\\/noticias\\\/wp-content\\\/uploads\\\/2020\\\/12\\\/EDA.jpg\",\"@id\":\"https:\\\/\\\/eldigitaldeasturias.com\\\/magazine365\\\/cc-oo-acudira-al-sima-ante-el-bloqueo-de-negociacion-del-convenio-de-agencias-de-viajes\\\/#organizationLogo\"},\"image\":{\"@id\":\"https:\\\/\\\/eldigitaldeasturias.com\\\/magazine365\\\/cc-oo-acudira-al-sima-ante-el-bloqueo-de-negociacion-del-convenio-de-agencias-de-viajes\\\/#organizationLogo\"}},{\"@type\":\"Person\",\"@id\":\"https:\\\/\\\/eldigitaldeasturias.com\\\/magazine365\\\/author\\\/admin\\\/#author\",\"url\":\"https:\\\/\\\/eldigitaldeasturias.com\\\/magazine365\\\/author\\\/admin\\\/\",\"name\":\"admin\",\"image\":{\"@type\":\"ImageObject\",\"@id\":\"https:\\\/\\\/eldigitaldeasturias.com\\\/magazine365\\\/cc-oo-acudira-al-sima-ante-el-bloqueo-de-negociacion-del-convenio-de-agencias-de-viajes\\\/#authorImage\",\"url\":\"https:\\\/\\\/eldigitaldeasturias.com\\\/magazine365\\\/wp-content\\\/litespeed\\\/avatar\\\/e571bcf59a0edd6fa6838245a470f2fe.jpg?ver=1776969259\",\"width\":96,\"height\":96,\"caption\":\"admin\"}},{\"@type\":\"WebPage\",\"@id\":\"https:\\\/\\\/eldigitaldeasturias.com\\\/magazine365\\\/cc-oo-acudira-al-sima-ante-el-bloqueo-de-negociacion-del-convenio-de-agencias-de-viajes\\\/#webpage\",\"url\":\"https:\\\/\\\/eldigitaldeasturias.com\\\/magazine365\\\/cc-oo-acudira-al-sima-ante-el-bloqueo-de-negociacion-del-convenio-de-agencias-de-viajes\\\/\",\"name\":\"CC.OO. acudir\\u00e1 al Sima ante el \\u00abbloqueo de negociaci\\u00f3n\\u00bb del convenio de agencias de viajes | El Digital de Asturias\",\"description\":\"El sector A\\u00e9reo y Servicios Tur\\u00edsticos de CC.OO. ha anunciado que interpondr\\u00e1 una solicitud de mediaci\\u00f3n ante el Servicio Interconfederal de Mediaci\\u00f3n y Arbitraje (SIMA) por el bloqueo en la negociaci\\u00f3n del Convenio de Agencias de Viajes por parte de la Confederaci\\u00f3n Espa\\u00f1ola de Agencias de Viajes (CEAV). En caso de no llegar a un\",\"inLanguage\":\"es-ES\",\"isPartOf\":{\"@id\":\"https:\\\/\\\/eldigitaldeasturias.com\\\/magazine365\\\/#website\"},\"breadcrumb\":{\"@id\":\"https:\\\/\\\/eldigitaldeasturias.com\\\/magazine365\\\/cc-oo-acudira-al-sima-ante-el-bloqueo-de-negociacion-del-convenio-de-agencias-de-viajes\\\/#breadcrumblist\"},\"author\":{\"@id\":\"https:\\\/\\\/eldigitaldeasturias.com\\\/magazine365\\\/author\\\/admin\\\/#author\"},\"creator\":{\"@id\":\"https:\\\/\\\/eldigitaldeasturias.com\\\/magazine365\\\/author\\\/admin\\\/#author\"},\"image\":{\"@type\":\"ImageObject\",\"url\":\"https:\\\/\\\/eldigitaldeasturias.com\\\/magazine365\\\/wp-content\\\/uploads\\\/2016\\\/06\\\/fotonoticia_20160623132729_800.jpg\",\"@id\":\"https:\\\/\\\/eldigitaldeasturias.com\\\/magazine365\\\/cc-oo-acudira-al-sima-ante-el-bloqueo-de-negociacion-del-convenio-de-agencias-de-viajes\\\/#mainImage\",\"width\":800,\"height\":800},\"primaryImageOfPage\":{\"@id\":\"https:\\\/\\\/eldigitaldeasturias.com\\\/magazine365\\\/cc-oo-acudira-al-sima-ante-el-bloqueo-de-negociacion-del-convenio-de-agencias-de-viajes\\\/#mainImage\"},\"datePublished\":\"2016-06-24T15:28:41+02:00\",\"dateModified\":\"2016-06-24T15:28:41+02:00\"},{\"@type\":\"WebSite\",\"@id\":\"https:\\\/\\\/eldigitaldeasturias.com\\\/magazine365\\\/#website\",\"url\":\"https:\\\/\\\/eldigitaldeasturias.com\\\/magazine365\\\/\",\"name\":\"El Digital de Asturias\",\"description\":\"Revista de ocio, turismo y estilo de vida\",\"inLanguage\":\"es-ES\",\"publisher\":{\"@id\":\"https:\\\/\\\/eldigitaldeasturias.com\\\/magazine365\\\/#organization\"}}]}\n\t\t<\/script>\n\t\t<!-- All in One SEO Pro -->\r\n\t\t<title>CC.OO. acudir\u00e1 al Sima ante el \u00abbloqueo de negociaci\u00f3n\u00bb del convenio de agencias de viajes | El Digital de Asturias<\/title>\n\n","aioseo_head_json":{"title":"CC.OO. acudir\u00e1 al Sima ante el \u00abbloqueo de negociaci\u00f3n\u00bb del convenio de agencias de viajes | El Digital de Asturias","description":"El sector A\u00e9reo y Servicios Tur\u00edsticos de CC.OO. ha anunciado que interpondr\u00e1 una solicitud de mediaci\u00f3n ante el Servicio Interconfederal de Mediaci\u00f3n y Arbitraje (SIMA) por el bloqueo en la negociaci\u00f3n del Convenio de Agencias de Viajes por parte de la Confederaci\u00f3n Espa\u00f1ola de Agencias de Viajes (CEAV). En caso de no llegar a un","canonical_url":"https:\/\/eldigitaldeasturias.com\/magazine365\/cc-oo-acudira-al-sima-ante-el-bloqueo-de-negociacion-del-convenio-de-agencias-de-viajes\/","robots":"max-image-preview:large","keywords":"noticias y actualidad","webmasterTools":{"google-site-verification":"UA-38556648-1","miscellaneous":""},"schema":{"@context":"https:\/\/schema.org","@graph":[{"@type":"Article","@id":"https:\/\/eldigitaldeasturias.com\/magazine365\/cc-oo-acudira-al-sima-ante-el-bloqueo-de-negociacion-del-convenio-de-agencias-de-viajes\/#article","name":"CC.OO. acudir\u00e1 al Sima ante el \u00abbloqueo de negociaci\u00f3n\u00bb del convenio de agencias de viajes | El Digital de Asturias","headline":"CC.OO. acudir\u00e1 al Sima ante el \u00abbloqueo de negociaci\u00f3n\u00bb del convenio de agencias de viajes","author":{"@id":"https:\/\/eldigitaldeasturias.com\/magazine365\/author\/admin\/#author"},"publisher":{"@id":"https:\/\/eldigitaldeasturias.com\/magazine365\/#organization"},"image":{"@type":"ImageObject","url":"https:\/\/eldigitaldeasturias.com\/magazine365\/wp-content\/uploads\/2016\/06\/fotonoticia_20160623132729_800.jpg","width":800,"height":800},"datePublished":"2016-06-24T15:28:41+02:00","dateModified":"2016-06-24T15:28:41+02:00","inLanguage":"es-ES","mainEntityOfPage":{"@id":"https:\/\/eldigitaldeasturias.com\/magazine365\/cc-oo-acudira-al-sima-ante-el-bloqueo-de-negociacion-del-convenio-de-agencias-de-viajes\/#webpage"},"isPartOf":{"@id":"https:\/\/eldigitaldeasturias.com\/magazine365\/cc-oo-acudira-al-sima-ante-el-bloqueo-de-negociacion-del-convenio-de-agencias-de-viajes\/#webpage"},"articleSection":"Noticias y Actualidad"},{"@type":"BreadcrumbList","@id":"https:\/\/eldigitaldeasturias.com\/magazine365\/cc-oo-acudira-al-sima-ante-el-bloqueo-de-negociacion-del-convenio-de-agencias-de-viajes\/#breadcrumblist","itemListElement":[{"@type":"ListItem","@id":"https:\/\/eldigitaldeasturias.com\/magazine365#listItem","position":1,"name":"Home","item":"https:\/\/eldigitaldeasturias.com\/magazine365","nextItem":{"@type":"ListItem","@id":"https:\/\/eldigitaldeasturias.com\/magazine365\/category\/noticias-actualidad\/#listItem","name":"Noticias y Actualidad"}},{"@type":"ListItem","@id":"https:\/\/eldigitaldeasturias.com\/magazine365\/category\/noticias-actualidad\/#listItem","position":2,"name":"Noticias y Actualidad","item":"https:\/\/eldigitaldeasturias.com\/magazine365\/category\/noticias-actualidad\/","nextItem":{"@type":"ListItem","@id":"https:\/\/eldigitaldeasturias.com\/magazine365\/cc-oo-acudira-al-sima-ante-el-bloqueo-de-negociacion-del-convenio-de-agencias-de-viajes\/#listItem","name":"CC.OO. acudir\u00e1 al Sima ante el \u00abbloqueo de negociaci\u00f3n\u00bb del convenio de agencias de viajes"},"previousItem":{"@type":"ListItem","@id":"https:\/\/eldigitaldeasturias.com\/magazine365#listItem","name":"Home"}},{"@type":"ListItem","@id":"https:\/\/eldigitaldeasturias.com\/magazine365\/cc-oo-acudira-al-sima-ante-el-bloqueo-de-negociacion-del-convenio-de-agencias-de-viajes\/#listItem","position":3,"name":"CC.OO. acudir\u00e1 al Sima ante el \u00abbloqueo de negociaci\u00f3n\u00bb del convenio de agencias de viajes","previousItem":{"@type":"ListItem","@id":"https:\/\/eldigitaldeasturias.com\/magazine365\/category\/noticias-actualidad\/#listItem","name":"Noticias y Actualidad"}}]},{"@type":"Organization","@id":"https:\/\/eldigitaldeasturias.com\/magazine365\/#organization","name":"El digital de Asturias","description":"Revista de ocio, turismo y estilo de vida","url":"https:\/\/eldigitaldeasturias.com\/magazine365\/","logo":{"@type":"ImageObject","url":"https:\/\/www.eldigitaldeasturias.com\/noticias\/wp-content\/uploads\/2020\/12\/EDA.jpg","@id":"https:\/\/eldigitaldeasturias.com\/magazine365\/cc-oo-acudira-al-sima-ante-el-bloqueo-de-negociacion-del-convenio-de-agencias-de-viajes\/#organizationLogo"},"image":{"@id":"https:\/\/eldigitaldeasturias.com\/magazine365\/cc-oo-acudira-al-sima-ante-el-bloqueo-de-negociacion-del-convenio-de-agencias-de-viajes\/#organizationLogo"}},{"@type":"Person","@id":"https:\/\/eldigitaldeasturias.com\/magazine365\/author\/admin\/#author","url":"https:\/\/eldigitaldeasturias.com\/magazine365\/author\/admin\/","name":"admin","image":{"@type":"ImageObject","@id":"https:\/\/eldigitaldeasturias.com\/magazine365\/cc-oo-acudira-al-sima-ante-el-bloqueo-de-negociacion-del-convenio-de-agencias-de-viajes\/#authorImage","url":"https:\/\/eldigitaldeasturias.com\/magazine365\/wp-content\/litespeed\/avatar\/e571bcf59a0edd6fa6838245a470f2fe.jpg?ver=1776969259","width":96,"height":96,"caption":"admin"}},{"@type":"WebPage","@id":"https:\/\/eldigitaldeasturias.com\/magazine365\/cc-oo-acudira-al-sima-ante-el-bloqueo-de-negociacion-del-convenio-de-agencias-de-viajes\/#webpage","url":"https:\/\/eldigitaldeasturias.com\/magazine365\/cc-oo-acudira-al-sima-ante-el-bloqueo-de-negociacion-del-convenio-de-agencias-de-viajes\/","name":"CC.OO. acudir\u00e1 al Sima ante el \u00abbloqueo de negociaci\u00f3n\u00bb del convenio de agencias de viajes | El Digital de Asturias","description":"El sector A\u00e9reo y Servicios Tur\u00edsticos de CC.OO. ha anunciado que interpondr\u00e1 una solicitud de mediaci\u00f3n ante el Servicio Interconfederal de Mediaci\u00f3n y Arbitraje (SIMA) por el bloqueo en la negociaci\u00f3n del Convenio de Agencias de Viajes por parte de la Confederaci\u00f3n Espa\u00f1ola de Agencias de Viajes (CEAV). En caso de no llegar a un","inLanguage":"es-ES","isPartOf":{"@id":"https:\/\/eldigitaldeasturias.com\/magazine365\/#website"},"breadcrumb":{"@id":"https:\/\/eldigitaldeasturias.com\/magazine365\/cc-oo-acudira-al-sima-ante-el-bloqueo-de-negociacion-del-convenio-de-agencias-de-viajes\/#breadcrumblist"},"author":{"@id":"https:\/\/eldigitaldeasturias.com\/magazine365\/author\/admin\/#author"},"creator":{"@id":"https:\/\/eldigitaldeasturias.com\/magazine365\/author\/admin\/#author"},"image":{"@type":"ImageObject","url":"https:\/\/eldigitaldeasturias.com\/magazine365\/wp-content\/uploads\/2016\/06\/fotonoticia_20160623132729_800.jpg","@id":"https:\/\/eldigitaldeasturias.com\/magazine365\/cc-oo-acudira-al-sima-ante-el-bloqueo-de-negociacion-del-convenio-de-agencias-de-viajes\/#mainImage","width":800,"height":800},"primaryImageOfPage":{"@id":"https:\/\/eldigitaldeasturias.com\/magazine365\/cc-oo-acudira-al-sima-ante-el-bloqueo-de-negociacion-del-convenio-de-agencias-de-viajes\/#mainImage"},"datePublished":"2016-06-24T15:28:41+02:00","dateModified":"2016-06-24T15:28:41+02:00"},{"@type":"WebSite","@id":"https:\/\/eldigitaldeasturias.com\/magazine365\/#website","url":"https:\/\/eldigitaldeasturias.com\/magazine365\/","name":"El Digital de Asturias","description":"Revista de ocio, turismo y estilo de vida","inLanguage":"es-ES","publisher":{"@id":"https:\/\/eldigitaldeasturias.com\/magazine365\/#organization"}}]},"og:locale":"es_ES","og:site_name":"El Digital de Asturias \u2013 Revista de ocio, turismo y estilo de vida","og:type":"article","og:title":"CC.OO. acudir\u00e1 al Sima ante el \u00abbloqueo de negociaci\u00f3n\u00bb del convenio de agencias de viajes | El Digital de Asturias","og:description":"El sector A\u00e9reo y Servicios Tur\u00edsticos de CC.OO. ha anunciado que interpondr\u00e1 una solicitud de mediaci\u00f3n ante el Servicio Interconfederal de Mediaci\u00f3n y Arbitraje (SIMA) por el bloqueo en la negociaci\u00f3n del Convenio de Agencias de Viajes por parte de la Confederaci\u00f3n Espa\u00f1ola de Agencias de Viajes (CEAV). En caso de no llegar a un","og:url":"https:\/\/eldigitaldeasturias.com\/magazine365\/cc-oo-acudira-al-sima-ante-el-bloqueo-de-negociacion-del-convenio-de-agencias-de-viajes\/","og:image":"https:\/\/eldigitaldeasturias.com\/magazine365\/wp-content\/uploads\/2016\/06\/fotonoticia_20160623132729_800.jpg","og:image:secure_url":"https:\/\/eldigitaldeasturias.com\/magazine365\/wp-content\/uploads\/2016\/06\/fotonoticia_20160623132729_800.jpg","og:image:width":800,"og:image:height":800,"article:published_time":"2016-06-24T13:28:41+00:00","article:modified_time":"2016-06-24T13:28:41+00:00","twitter:card":"summary_large_image","twitter:title":"CC.OO. acudir\u00e1 al Sima ante el \u00abbloqueo de negociaci\u00f3n\u00bb del convenio de agencias de viajes | El Digital de Asturias","twitter:description":"El sector A\u00e9reo y Servicios Tur\u00edsticos de CC.OO. ha anunciado que interpondr\u00e1 una solicitud de mediaci\u00f3n ante el Servicio Interconfederal de Mediaci\u00f3n y Arbitraje (SIMA) por el bloqueo en la negociaci\u00f3n del Convenio de Agencias de Viajes por parte de la Confederaci\u00f3n Espa\u00f1ola de Agencias de Viajes (CEAV). En caso de no llegar a un","twitter:image":"https:\/\/eldigitaldeasturias.com\/magazine365\/wp-content\/uploads\/2016\/06\/fotonoticia_20160623132729_800.jpg"},"aioseo_meta_data":{"post_id":"80583","title":null,"description":null,"keywords":null,"keyphrases":null,"primary_term":null,"canonical_url":null,"og_title":null,"og_description":null,"og_object_type":"default","og_image_type":"default","og_image_url":null,"og_image_width":null,"og_image_height":null,"og_image_custom_url":null,"og_image_custom_fields":null,"og_video":null,"og_custom_url":null,"og_article_section":null,"og_article_tags":null,"twitter_use_og":false,"twitter_card":"default","twitter_image_type":"default","twitter_image_url":null,"twitter_image_custom_url":null,"twitter_image_custom_fields":null,"twitter_title":null,"twitter_description":null,"schema":{"blockGraphs":[],"customGraphs":[],"default":{"data":{"Article":[],"Course":[],"Dataset":[],"FAQPage":[],"Movie":[],"Person":[],"Product":[],"ProductReview":[],"Car":[],"Recipe":[],"Service":[],"SoftwareApplication":[],"WebPage":[]},"graphName":"","isEnabled":true},"graphs":[]},"schema_type":null,"schema_type_options":null,"pillar_content":false,"robots_default":true,"robots_noindex":false,"robots_noarchive":false,"robots_nosnippet":false,"robots_nofollow":false,"robots_noimageindex":false,"robots_noodp":false,"robots_notranslate":false,"robots_max_snippet":null,"robots_max_videopreview":null,"robots_max_imagepreview":"large","priority":null,"frequency":null,"location":null,"local_seo":null,"seo_analyzer_scan_date":"2025-09-27 21:07:10","breadcrumb_settings":null,"limit_modified_date":false,"open_ai":null,"ai":null,"created":"2021-03-08 17:30:52","updated":"2025-09-27 21:07:10"},"aioseo_breadcrumb":"<div class=\"aioseo-breadcrumbs\"><span class=\"aioseo-breadcrumb\">\n\t<a href=\"https:\/\/eldigitaldeasturias.com\/magazine365\" title=\"Home\">Home<\/a>\n<\/span><span class=\"aioseo-breadcrumb-separator\">\u2013<\/span><span class=\"aioseo-breadcrumb\">\n\t<a href=\"https:\/\/eldigitaldeasturias.com\/magazine365\/category\/noticias-actualidad\/\" title=\"Noticias y Actualidad\">Noticias y Actualidad<\/a>\n<\/span><span class=\"aioseo-breadcrumb-separator\">\u2013<\/span><span class=\"aioseo-breadcrumb\">\n\t<a href=\"https:\/\/eldigitaldeasturias.com\/magazine365\/cc-oo-acudira-al-sima-ante-el-bloqueo-de-negociacion-del-convenio-de-agencias-de-viajes\/\" title=\"CC.OO. acudir\u00e1 al Sima ante el \u00abbloqueo de negociaci\u00f3n\u00bb del convenio de agencias de viajes\">CC.OO. acudir\u00e1 al Sima ante el \u00abbloqueo de negociaci\u00f3n\u00bb del convenio de agencias de viajes<\/a>\n<\/span><\/div>","aioseo_breadcrumb_json":[{"label":"Home","link":"https:\/\/eldigitaldeasturias.com\/magazine365"},{"label":"Noticias y Actualidad","link":"https:\/\/eldigitaldeasturias.com\/magazine365\/category\/noticias-actualidad\/"},{"label":"CC.OO. acudir\u00e1 al Sima ante el \u00abbloqueo de negociaci\u00f3n\u00bb del convenio de agencias de viajes","link":"https:\/\/eldigitaldeasturias.com\/magazine365\/cc-oo-acudira-al-sima-ante-el-bloqueo-de-negociacion-del-convenio-de-agencias-de-viajes\/"}],"_links":{"self":[{"href":"https:\/\/eldigitaldeasturias.com\/magazine365\/wp-json\/wp\/v2\/posts\/80583","targetHints":{"allow":["GET"]}}],"collection":[{"href":"https:\/\/eldigitaldeasturias.com\/magazine365\/wp-json\/wp\/v2\/posts"}],"about":[{"href":"https:\/\/eldigitaldeasturias.com\/magazine365\/wp-json\/wp\/v2\/types\/post"}],"author":[{"embeddable":true,"href":"https:\/\/eldigitaldeasturias.com\/magazine365\/wp-json\/wp\/v2\/users\/1"}],"replies":[{"embeddable":true,"href":"https:\/\/eldigitaldeasturias.com\/magazine365\/wp-json\/wp\/v2\/comments?post=80583"}],"version-history":[{"count":0,"href":"https:\/\/eldigitaldeasturias.com\/magazine365\/wp-json\/wp\/v2\/posts\/80583\/revisions"}],"wp:featuredmedia":[{"embeddable":true,"href":"https:\/\/eldigitaldeasturias.com\/magazine365\/wp-json\/wp\/v2\/media\/80584"}],"wp:attachment":[{"href":"https:\/\/eldigitaldeasturias.com\/magazine365\/wp-json\/wp\/v2\/media?parent=80583"}],"wp:term":[{"taxonomy":"category","embeddable":true,"href":"https:\/\/eldigitaldeasturias.com\/magazine365\/wp-json\/wp\/v2\/categories?post=80583"},{"taxonomy":"post_tag","embeddable":true,"href":"https:\/\/eldigitaldeasturias.com\/magazine365\/wp-json\/wp\/v2\/tags?post=80583"}],"curies":[{"name":"wp","href":"https:\/\/api.w.org\/{rel}","templated":true}]}}