{"id":80571,"date":"2016-06-24T15:19:52","date_gmt":"2016-06-24T13:19:52","guid":{"rendered":"http:\/\/eldigitaldeasturias.com\/magazine365\/?p=80571"},"modified":"2016-06-24T15:19:52","modified_gmt":"2016-06-24T13:19:52","slug":"las-agencias-de-viajes-del-grupo-globalia-se-incorporan-a-fetave","status":"publish","type":"post","link":"https:\/\/eldigitaldeasturias.com\/magazine365\/las-agencias-de-viajes-del-grupo-globalia-se-incorporan-a-fetave\/","title":{"rendered":"Las agencias de viajes del Grupo Globalia se incorporan a Fetave"},"content":{"rendered":"<p><img fetchpriority=\"high\" decoding=\"async\" class=\"alignleft size-medium wp-image-80572\" src=\"https:\/\/eldigitaldeasturias.com\/magazine365\/wp-content\/uploads\/2016\/06\/fotonoticia_20160623130843_800-360x270.jpg\" alt=\"fotonoticia_20160623130843_800\" width=\"360\" height=\"270\" srcset=\"https:\/\/eldigitaldeasturias.com\/magazine365\/wp-content\/uploads\/2016\/06\/fotonoticia_20160623130843_800-360x270.jpg 360w, https:\/\/eldigitaldeasturias.com\/magazine365\/wp-content\/uploads\/2016\/06\/fotonoticia_20160623130843_800-650x488.jpg 650w, https:\/\/eldigitaldeasturias.com\/magazine365\/wp-content\/uploads\/2016\/06\/fotonoticia_20160623130843_800-768x576.jpg 768w, https:\/\/eldigitaldeasturias.com\/magazine365\/wp-content\/uploads\/2016\/06\/fotonoticia_20160623130843_800-150x113.jpg 150w, https:\/\/eldigitaldeasturias.com\/magazine365\/wp-content\/uploads\/2016\/06\/fotonoticia_20160623130843_800-450x338.jpg 450w, https:\/\/eldigitaldeasturias.com\/magazine365\/wp-content\/uploads\/2016\/06\/fotonoticia_20160623130843_800-90x67.jpg 90w, https:\/\/eldigitaldeasturias.com\/magazine365\/wp-content\/uploads\/2016\/06\/fotonoticia_20160623130843_800-164x124.jpg 164w, https:\/\/eldigitaldeasturias.com\/magazine365\/wp-content\/uploads\/2016\/06\/fotonoticia_20160623130843_800-100x75.jpg 100w, https:\/\/eldigitaldeasturias.com\/magazine365\/wp-content\/uploads\/2016\/06\/fotonoticia_20160623130843_800.jpg 800w\" sizes=\"(max-width: 360px) 100vw, 360px\" \/>Las agencias de viajes del Grupo Globalia, que operan como Halc\u00f3n Viajes, Viajes Ecuador y Globalia TRavel Spain, entre otras marcas, con un total 1.1000 oficinas minoristas, se han incorporado a la Federaci\u00f3n Empresarial de Asociaciones Territoriales de Agencias de Viajes Espa\u00f1olas (Fetave).<\/p>\n<p>Asimismo, se han adherido a Fetave las oficinas de GrecoTour, agencia de viajes especializada en Grecia y que dispone de oficinas propias y asociadas en Madrid, Atenas, Mykonos, Santorini, Creta, Rodas y Corf\u00fa.<\/p>\n<p>Con estas dos incorporaciones, la Federaci\u00f3n consolida sus objetivos de su plan de expansi\u00f3n con un incremento del 65% en el primer semestre del a\u00f1o en el n\u00famero de oficinas integradas, seg\u00fan ha destacado la organizaci\u00f3n que preside C\u00e9sar Guti\u00e9rrez en un comunicado, fundamentalmente por la adhesi\u00f3n de las agencias de la red de Globalia, una de las m\u00e1s potentes.<\/p>\n<p>Actualmente, forman parte de Fetave m\u00e1s de 500 agencias de viajes y grupos de gesti\u00f3n con 1.703 oficinas repartidas por todo el territorio espa\u00f1ol.<\/p>\n<p>La organizaci\u00f3n, que ha denunciado ante la Audiencia Nacional su exclusi\u00f3n de la mesa negociadora del convenio colectivo de las agencias de viajes, ha ratificado las nuevas incorporaciones durante su asamblea general.<\/p>\n<p>LUCHA CONTRA EL INTRUSISMO.<\/p>\n<p>En el marco de dicha asamblea, Fetave ha marcado como prioridades de la organizaci\u00f3n la defensa del sector de la intermediaci\u00f3n frente a los cambios normativos y la hiperregulaci\u00f3n, a su juicio existente, a la que est\u00e1n sometidas las pymes de este sector, as\u00ed como la denuncia de la permisividad de las administraciones frente al intrusismo.<\/p>\n<p>Fetave ha advertido de que la modificaci\u00f3n de la normativa sobre las garant\u00edas a las agencias de viajes, cuya competencia corresponde a las CC.AA., puede acarrear un incremento del 66% en la cuant\u00eda de los avales para las agencias minoristas.<\/p>\n<p>Por ello, ha intensificado sus contactos con las comunidades aut\u00f3nomas, que tienen transferidas las competencias en materia tur\u00edstica, y mantendr\u00e1 un primer contacto con la Direcci\u00f3n General de Turismo de la Generalitat de Catalu\u00f1a la pr\u00f3xima semana.<\/p>\n<p>La organizaci\u00f3n pretende iniciar una calendario de jornadas y charlas, junto a sus asociaciones territoriales en las diferentes CC.AA., para facilitar un protocolo que permita denunciar los casos de intrusismo.<\/p>\n","protected":false},"excerpt":{"rendered":"<p>Las agencias de viajes del Grupo Globalia, que operan como Halc\u00f3n Viajes, Viajes Ecuador y Globalia TRavel Spain, entre otras marcas, con un total 1.1000 oficinas minoristas, se han incorporado a la Federaci\u00f3n Empresarial de Asociaciones Territoriales de Agencias de Viajes Espa\u00f1olas (Fetave). Asimismo, se han adherido a Fetave las oficinas de GrecoTour, agencia de<\/p>\n","protected":false},"author":1,"featured_media":80572,"comment_status":"open","ping_status":"closed","sticky":false,"template":"","format":"standard","meta":{"footnotes":""},"categories":[224],"tags":[],"class_list":{"0":"post-80571","1":"post","2":"type-post","3":"status-publish","4":"format-standard","5":"has-post-thumbnail","7":"category-noticias-actualidad"},"aioseo_notices":[],"aioseo_head":"\n\t\t<!-- All in One SEO Pro 4.9.6.1 - aioseo.com -->\n\t<meta name=\"description\" content=\"Las agencias de viajes del Grupo Globalia, que operan como Halc\u00f3n Viajes, Viajes Ecuador y Globalia TRavel Spain, entre otras marcas, con un total 1.1000 oficinas minoristas, se han incorporado a la Federaci\u00f3n Empresarial de Asociaciones Territoriales de Agencias de Viajes Espa\u00f1olas (Fetave). Asimismo, se han adherido a Fetave las oficinas de GrecoTour, agencia de\" \/>\n\t<meta name=\"robots\" content=\"max-image-preview:large\" \/>\n\t<meta name=\"author\" content=\"admin\"\/>\n\t<meta name=\"google-site-verification\" content=\"UA-38556648-1\" \/>\n\t<meta name=\"keywords\" content=\"noticias y actualidad\" \/>\n\t<link rel=\"canonical\" href=\"https:\/\/eldigitaldeasturias.com\/magazine365\/las-agencias-de-viajes-del-grupo-globalia-se-incorporan-a-fetave\/\" \/>\n\t<meta name=\"generator\" content=\"All in One SEO Pro (AIOSEO) 4.9.6.1\" \/>\n\t\t<meta property=\"og:locale\" content=\"es_ES\" \/>\n\t\t<meta property=\"og:site_name\" content=\"El Digital de Asturias \u2013 Revista de ocio, turismo y estilo de vida\" \/>\n\t\t<meta property=\"og:type\" content=\"article\" \/>\n\t\t<meta property=\"og:title\" content=\"Las agencias de viajes del Grupo Globalia se incorporan a Fetave | El Digital de Asturias\" \/>\n\t\t<meta property=\"og:description\" content=\"Las agencias de viajes del Grupo Globalia, que operan como Halc\u00f3n Viajes, Viajes Ecuador y Globalia TRavel Spain, entre otras marcas, con un total 1.1000 oficinas minoristas, se han incorporado a la Federaci\u00f3n Empresarial de Asociaciones Territoriales de Agencias de Viajes Espa\u00f1olas (Fetave). Asimismo, se han adherido a Fetave las oficinas de GrecoTour, agencia de\" \/>\n\t\t<meta property=\"og:url\" content=\"https:\/\/eldigitaldeasturias.com\/magazine365\/las-agencias-de-viajes-del-grupo-globalia-se-incorporan-a-fetave\/\" \/>\n\t\t<meta property=\"og:image\" content=\"https:\/\/eldigitaldeasturias.com\/magazine365\/wp-content\/uploads\/2016\/06\/fotonoticia_20160623130843_800.jpg\" \/>\n\t\t<meta property=\"og:image:secure_url\" content=\"https:\/\/eldigitaldeasturias.com\/magazine365\/wp-content\/uploads\/2016\/06\/fotonoticia_20160623130843_800.jpg\" \/>\n\t\t<meta property=\"og:image:width\" content=\"800\" \/>\n\t\t<meta property=\"og:image:height\" content=\"600\" \/>\n\t\t<meta property=\"article:published_time\" content=\"2016-06-24T13:19:52+00:00\" \/>\n\t\t<meta property=\"article:modified_time\" content=\"2016-06-24T13:19:52+00:00\" \/>\n\t\t<meta name=\"twitter:card\" content=\"summary_large_image\" \/>\n\t\t<meta name=\"twitter:title\" content=\"Las agencias de viajes del Grupo Globalia se incorporan a Fetave | El Digital de Asturias\" \/>\n\t\t<meta name=\"twitter:description\" content=\"Las agencias de viajes del Grupo Globalia, que operan como Halc\u00f3n Viajes, Viajes Ecuador y Globalia TRavel Spain, entre otras marcas, con un total 1.1000 oficinas minoristas, se han incorporado a la Federaci\u00f3n Empresarial de Asociaciones Territoriales de Agencias de Viajes Espa\u00f1olas (Fetave). Asimismo, se han adherido a Fetave las oficinas de GrecoTour, agencia de\" \/>\n\t\t<meta name=\"twitter:image\" content=\"https:\/\/eldigitaldeasturias.com\/magazine365\/wp-content\/uploads\/2016\/06\/fotonoticia_20160623130843_800.jpg\" \/>\n\t\t<script type=\"application\/ld+json\" class=\"aioseo-schema\">\n\t\t\t{\"@context\":\"https:\\\/\\\/schema.org\",\"@graph\":[{\"@type\":\"Article\",\"@id\":\"https:\\\/\\\/eldigitaldeasturias.com\\\/magazine365\\\/las-agencias-de-viajes-del-grupo-globalia-se-incorporan-a-fetave\\\/#article\",\"name\":\"Las agencias de viajes del Grupo Globalia se incorporan a Fetave | El Digital de Asturias\",\"headline\":\"Las agencias de viajes del Grupo Globalia se incorporan a Fetave\",\"author\":{\"@id\":\"https:\\\/\\\/eldigitaldeasturias.com\\\/magazine365\\\/author\\\/admin\\\/#author\"},\"publisher\":{\"@id\":\"https:\\\/\\\/eldigitaldeasturias.com\\\/magazine365\\\/#organization\"},\"image\":{\"@type\":\"ImageObject\",\"url\":\"https:\\\/\\\/eldigitaldeasturias.com\\\/magazine365\\\/wp-content\\\/uploads\\\/2016\\\/06\\\/fotonoticia_20160623130843_800.jpg\",\"width\":800,\"height\":600},\"datePublished\":\"2016-06-24T15:19:52+02:00\",\"dateModified\":\"2016-06-24T15:19:52+02:00\",\"inLanguage\":\"es-ES\",\"mainEntityOfPage\":{\"@id\":\"https:\\\/\\\/eldigitaldeasturias.com\\\/magazine365\\\/las-agencias-de-viajes-del-grupo-globalia-se-incorporan-a-fetave\\\/#webpage\"},\"isPartOf\":{\"@id\":\"https:\\\/\\\/eldigitaldeasturias.com\\\/magazine365\\\/las-agencias-de-viajes-del-grupo-globalia-se-incorporan-a-fetave\\\/#webpage\"},\"articleSection\":\"Noticias y Actualidad\"},{\"@type\":\"BreadcrumbList\",\"@id\":\"https:\\\/\\\/eldigitaldeasturias.com\\\/magazine365\\\/las-agencias-de-viajes-del-grupo-globalia-se-incorporan-a-fetave\\\/#breadcrumblist\",\"itemListElement\":[{\"@type\":\"ListItem\",\"@id\":\"https:\\\/\\\/eldigitaldeasturias.com\\\/magazine365#listItem\",\"position\":1,\"name\":\"Home\",\"item\":\"https:\\\/\\\/eldigitaldeasturias.com\\\/magazine365\",\"nextItem\":{\"@type\":\"ListItem\",\"@id\":\"https:\\\/\\\/eldigitaldeasturias.com\\\/magazine365\\\/category\\\/noticias-actualidad\\\/#listItem\",\"name\":\"Noticias y Actualidad\"}},{\"@type\":\"ListItem\",\"@id\":\"https:\\\/\\\/eldigitaldeasturias.com\\\/magazine365\\\/category\\\/noticias-actualidad\\\/#listItem\",\"position\":2,\"name\":\"Noticias y Actualidad\",\"item\":\"https:\\\/\\\/eldigitaldeasturias.com\\\/magazine365\\\/category\\\/noticias-actualidad\\\/\",\"nextItem\":{\"@type\":\"ListItem\",\"@id\":\"https:\\\/\\\/eldigitaldeasturias.com\\\/magazine365\\\/las-agencias-de-viajes-del-grupo-globalia-se-incorporan-a-fetave\\\/#listItem\",\"name\":\"Las agencias de viajes del Grupo Globalia se incorporan a Fetave\"},\"previousItem\":{\"@type\":\"ListItem\",\"@id\":\"https:\\\/\\\/eldigitaldeasturias.com\\\/magazine365#listItem\",\"name\":\"Home\"}},{\"@type\":\"ListItem\",\"@id\":\"https:\\\/\\\/eldigitaldeasturias.com\\\/magazine365\\\/las-agencias-de-viajes-del-grupo-globalia-se-incorporan-a-fetave\\\/#listItem\",\"position\":3,\"name\":\"Las agencias de viajes del Grupo Globalia se incorporan a Fetave\",\"previousItem\":{\"@type\":\"ListItem\",\"@id\":\"https:\\\/\\\/eldigitaldeasturias.com\\\/magazine365\\\/category\\\/noticias-actualidad\\\/#listItem\",\"name\":\"Noticias y Actualidad\"}}]},{\"@type\":\"Organization\",\"@id\":\"https:\\\/\\\/eldigitaldeasturias.com\\\/magazine365\\\/#organization\",\"name\":\"El digital de Asturias\",\"description\":\"Revista de ocio, turismo y estilo de vida\",\"url\":\"https:\\\/\\\/eldigitaldeasturias.com\\\/magazine365\\\/\",\"logo\":{\"@type\":\"ImageObject\",\"url\":\"https:\\\/\\\/www.eldigitaldeasturias.com\\\/noticias\\\/wp-content\\\/uploads\\\/2020\\\/12\\\/EDA.jpg\",\"@id\":\"https:\\\/\\\/eldigitaldeasturias.com\\\/magazine365\\\/las-agencias-de-viajes-del-grupo-globalia-se-incorporan-a-fetave\\\/#organizationLogo\"},\"image\":{\"@id\":\"https:\\\/\\\/eldigitaldeasturias.com\\\/magazine365\\\/las-agencias-de-viajes-del-grupo-globalia-se-incorporan-a-fetave\\\/#organizationLogo\"}},{\"@type\":\"Person\",\"@id\":\"https:\\\/\\\/eldigitaldeasturias.com\\\/magazine365\\\/author\\\/admin\\\/#author\",\"url\":\"https:\\\/\\\/eldigitaldeasturias.com\\\/magazine365\\\/author\\\/admin\\\/\",\"name\":\"admin\",\"image\":{\"@type\":\"ImageObject\",\"@id\":\"https:\\\/\\\/eldigitaldeasturias.com\\\/magazine365\\\/las-agencias-de-viajes-del-grupo-globalia-se-incorporan-a-fetave\\\/#authorImage\",\"url\":\"https:\\\/\\\/eldigitaldeasturias.com\\\/magazine365\\\/wp-content\\\/litespeed\\\/avatar\\\/e571bcf59a0edd6fa6838245a470f2fe.jpg?ver=1776969259\",\"width\":96,\"height\":96,\"caption\":\"admin\"}},{\"@type\":\"WebPage\",\"@id\":\"https:\\\/\\\/eldigitaldeasturias.com\\\/magazine365\\\/las-agencias-de-viajes-del-grupo-globalia-se-incorporan-a-fetave\\\/#webpage\",\"url\":\"https:\\\/\\\/eldigitaldeasturias.com\\\/magazine365\\\/las-agencias-de-viajes-del-grupo-globalia-se-incorporan-a-fetave\\\/\",\"name\":\"Las agencias de viajes del Grupo Globalia se incorporan a Fetave | El Digital de Asturias\",\"description\":\"Las agencias de viajes del Grupo Globalia, que operan como Halc\\u00f3n Viajes, Viajes Ecuador y Globalia TRavel Spain, entre otras marcas, con un total 1.1000 oficinas minoristas, se han incorporado a la Federaci\\u00f3n Empresarial de Asociaciones Territoriales de Agencias de Viajes Espa\\u00f1olas (Fetave). Asimismo, se han adherido a Fetave las oficinas de GrecoTour, agencia de\",\"inLanguage\":\"es-ES\",\"isPartOf\":{\"@id\":\"https:\\\/\\\/eldigitaldeasturias.com\\\/magazine365\\\/#website\"},\"breadcrumb\":{\"@id\":\"https:\\\/\\\/eldigitaldeasturias.com\\\/magazine365\\\/las-agencias-de-viajes-del-grupo-globalia-se-incorporan-a-fetave\\\/#breadcrumblist\"},\"author\":{\"@id\":\"https:\\\/\\\/eldigitaldeasturias.com\\\/magazine365\\\/author\\\/admin\\\/#author\"},\"creator\":{\"@id\":\"https:\\\/\\\/eldigitaldeasturias.com\\\/magazine365\\\/author\\\/admin\\\/#author\"},\"image\":{\"@type\":\"ImageObject\",\"url\":\"https:\\\/\\\/eldigitaldeasturias.com\\\/magazine365\\\/wp-content\\\/uploads\\\/2016\\\/06\\\/fotonoticia_20160623130843_800.jpg\",\"@id\":\"https:\\\/\\\/eldigitaldeasturias.com\\\/magazine365\\\/las-agencias-de-viajes-del-grupo-globalia-se-incorporan-a-fetave\\\/#mainImage\",\"width\":800,\"height\":600},\"primaryImageOfPage\":{\"@id\":\"https:\\\/\\\/eldigitaldeasturias.com\\\/magazine365\\\/las-agencias-de-viajes-del-grupo-globalia-se-incorporan-a-fetave\\\/#mainImage\"},\"datePublished\":\"2016-06-24T15:19:52+02:00\",\"dateModified\":\"2016-06-24T15:19:52+02:00\"},{\"@type\":\"WebSite\",\"@id\":\"https:\\\/\\\/eldigitaldeasturias.com\\\/magazine365\\\/#website\",\"url\":\"https:\\\/\\\/eldigitaldeasturias.com\\\/magazine365\\\/\",\"name\":\"El Digital de Asturias\",\"description\":\"Revista de ocio, turismo y estilo de vida\",\"inLanguage\":\"es-ES\",\"publisher\":{\"@id\":\"https:\\\/\\\/eldigitaldeasturias.com\\\/magazine365\\\/#organization\"}}]}\n\t\t<\/script>\n\t\t<!-- All in One SEO Pro -->\r\n\t\t<title>Las agencias de viajes del Grupo Globalia se incorporan a Fetave | El Digital de Asturias<\/title>\n\n","aioseo_head_json":{"title":"Las agencias de viajes del Grupo Globalia se incorporan a Fetave | El Digital de Asturias","description":"Las agencias de viajes del Grupo Globalia, que operan como Halc\u00f3n Viajes, Viajes Ecuador y Globalia TRavel Spain, entre otras marcas, con un total 1.1000 oficinas minoristas, se han incorporado a la Federaci\u00f3n Empresarial de Asociaciones Territoriales de Agencias de Viajes Espa\u00f1olas (Fetave). Asimismo, se han adherido a Fetave las oficinas de GrecoTour, agencia de","canonical_url":"https:\/\/eldigitaldeasturias.com\/magazine365\/las-agencias-de-viajes-del-grupo-globalia-se-incorporan-a-fetave\/","robots":"max-image-preview:large","keywords":"noticias y actualidad","webmasterTools":{"google-site-verification":"UA-38556648-1","miscellaneous":""},"schema":{"@context":"https:\/\/schema.org","@graph":[{"@type":"Article","@id":"https:\/\/eldigitaldeasturias.com\/magazine365\/las-agencias-de-viajes-del-grupo-globalia-se-incorporan-a-fetave\/#article","name":"Las agencias de viajes del Grupo Globalia se incorporan a Fetave | El Digital de Asturias","headline":"Las agencias de viajes del Grupo Globalia se incorporan a Fetave","author":{"@id":"https:\/\/eldigitaldeasturias.com\/magazine365\/author\/admin\/#author"},"publisher":{"@id":"https:\/\/eldigitaldeasturias.com\/magazine365\/#organization"},"image":{"@type":"ImageObject","url":"https:\/\/eldigitaldeasturias.com\/magazine365\/wp-content\/uploads\/2016\/06\/fotonoticia_20160623130843_800.jpg","width":800,"height":600},"datePublished":"2016-06-24T15:19:52+02:00","dateModified":"2016-06-24T15:19:52+02:00","inLanguage":"es-ES","mainEntityOfPage":{"@id":"https:\/\/eldigitaldeasturias.com\/magazine365\/las-agencias-de-viajes-del-grupo-globalia-se-incorporan-a-fetave\/#webpage"},"isPartOf":{"@id":"https:\/\/eldigitaldeasturias.com\/magazine365\/las-agencias-de-viajes-del-grupo-globalia-se-incorporan-a-fetave\/#webpage"},"articleSection":"Noticias y Actualidad"},{"@type":"BreadcrumbList","@id":"https:\/\/eldigitaldeasturias.com\/magazine365\/las-agencias-de-viajes-del-grupo-globalia-se-incorporan-a-fetave\/#breadcrumblist","itemListElement":[{"@type":"ListItem","@id":"https:\/\/eldigitaldeasturias.com\/magazine365#listItem","position":1,"name":"Home","item":"https:\/\/eldigitaldeasturias.com\/magazine365","nextItem":{"@type":"ListItem","@id":"https:\/\/eldigitaldeasturias.com\/magazine365\/category\/noticias-actualidad\/#listItem","name":"Noticias y Actualidad"}},{"@type":"ListItem","@id":"https:\/\/eldigitaldeasturias.com\/magazine365\/category\/noticias-actualidad\/#listItem","position":2,"name":"Noticias y Actualidad","item":"https:\/\/eldigitaldeasturias.com\/magazine365\/category\/noticias-actualidad\/","nextItem":{"@type":"ListItem","@id":"https:\/\/eldigitaldeasturias.com\/magazine365\/las-agencias-de-viajes-del-grupo-globalia-se-incorporan-a-fetave\/#listItem","name":"Las agencias de viajes del Grupo Globalia se incorporan a Fetave"},"previousItem":{"@type":"ListItem","@id":"https:\/\/eldigitaldeasturias.com\/magazine365#listItem","name":"Home"}},{"@type":"ListItem","@id":"https:\/\/eldigitaldeasturias.com\/magazine365\/las-agencias-de-viajes-del-grupo-globalia-se-incorporan-a-fetave\/#listItem","position":3,"name":"Las agencias de viajes del Grupo Globalia se incorporan a Fetave","previousItem":{"@type":"ListItem","@id":"https:\/\/eldigitaldeasturias.com\/magazine365\/category\/noticias-actualidad\/#listItem","name":"Noticias y Actualidad"}}]},{"@type":"Organization","@id":"https:\/\/eldigitaldeasturias.com\/magazine365\/#organization","name":"El digital de Asturias","description":"Revista de ocio, turismo y estilo de vida","url":"https:\/\/eldigitaldeasturias.com\/magazine365\/","logo":{"@type":"ImageObject","url":"https:\/\/www.eldigitaldeasturias.com\/noticias\/wp-content\/uploads\/2020\/12\/EDA.jpg","@id":"https:\/\/eldigitaldeasturias.com\/magazine365\/las-agencias-de-viajes-del-grupo-globalia-se-incorporan-a-fetave\/#organizationLogo"},"image":{"@id":"https:\/\/eldigitaldeasturias.com\/magazine365\/las-agencias-de-viajes-del-grupo-globalia-se-incorporan-a-fetave\/#organizationLogo"}},{"@type":"Person","@id":"https:\/\/eldigitaldeasturias.com\/magazine365\/author\/admin\/#author","url":"https:\/\/eldigitaldeasturias.com\/magazine365\/author\/admin\/","name":"admin","image":{"@type":"ImageObject","@id":"https:\/\/eldigitaldeasturias.com\/magazine365\/las-agencias-de-viajes-del-grupo-globalia-se-incorporan-a-fetave\/#authorImage","url":"https:\/\/eldigitaldeasturias.com\/magazine365\/wp-content\/litespeed\/avatar\/e571bcf59a0edd6fa6838245a470f2fe.jpg?ver=1776969259","width":96,"height":96,"caption":"admin"}},{"@type":"WebPage","@id":"https:\/\/eldigitaldeasturias.com\/magazine365\/las-agencias-de-viajes-del-grupo-globalia-se-incorporan-a-fetave\/#webpage","url":"https:\/\/eldigitaldeasturias.com\/magazine365\/las-agencias-de-viajes-del-grupo-globalia-se-incorporan-a-fetave\/","name":"Las agencias de viajes del Grupo Globalia se incorporan a Fetave | El Digital de Asturias","description":"Las agencias de viajes del Grupo Globalia, que operan como Halc\u00f3n Viajes, Viajes Ecuador y Globalia TRavel Spain, entre otras marcas, con un total 1.1000 oficinas minoristas, se han incorporado a la Federaci\u00f3n Empresarial de Asociaciones Territoriales de Agencias de Viajes Espa\u00f1olas (Fetave). Asimismo, se han adherido a Fetave las oficinas de GrecoTour, agencia de","inLanguage":"es-ES","isPartOf":{"@id":"https:\/\/eldigitaldeasturias.com\/magazine365\/#website"},"breadcrumb":{"@id":"https:\/\/eldigitaldeasturias.com\/magazine365\/las-agencias-de-viajes-del-grupo-globalia-se-incorporan-a-fetave\/#breadcrumblist"},"author":{"@id":"https:\/\/eldigitaldeasturias.com\/magazine365\/author\/admin\/#author"},"creator":{"@id":"https:\/\/eldigitaldeasturias.com\/magazine365\/author\/admin\/#author"},"image":{"@type":"ImageObject","url":"https:\/\/eldigitaldeasturias.com\/magazine365\/wp-content\/uploads\/2016\/06\/fotonoticia_20160623130843_800.jpg","@id":"https:\/\/eldigitaldeasturias.com\/magazine365\/las-agencias-de-viajes-del-grupo-globalia-se-incorporan-a-fetave\/#mainImage","width":800,"height":600},"primaryImageOfPage":{"@id":"https:\/\/eldigitaldeasturias.com\/magazine365\/las-agencias-de-viajes-del-grupo-globalia-se-incorporan-a-fetave\/#mainImage"},"datePublished":"2016-06-24T15:19:52+02:00","dateModified":"2016-06-24T15:19:52+02:00"},{"@type":"WebSite","@id":"https:\/\/eldigitaldeasturias.com\/magazine365\/#website","url":"https:\/\/eldigitaldeasturias.com\/magazine365\/","name":"El Digital de Asturias","description":"Revista de ocio, turismo y estilo de vida","inLanguage":"es-ES","publisher":{"@id":"https:\/\/eldigitaldeasturias.com\/magazine365\/#organization"}}]},"og:locale":"es_ES","og:site_name":"El Digital de Asturias \u2013 Revista de ocio, turismo y estilo de vida","og:type":"article","og:title":"Las agencias de viajes del Grupo Globalia se incorporan a Fetave | El Digital de Asturias","og:description":"Las agencias de viajes del Grupo Globalia, que operan como Halc\u00f3n Viajes, Viajes Ecuador y Globalia TRavel Spain, entre otras marcas, con un total 1.1000 oficinas minoristas, se han incorporado a la Federaci\u00f3n Empresarial de Asociaciones Territoriales de Agencias de Viajes Espa\u00f1olas (Fetave). Asimismo, se han adherido a Fetave las oficinas de GrecoTour, agencia de","og:url":"https:\/\/eldigitaldeasturias.com\/magazine365\/las-agencias-de-viajes-del-grupo-globalia-se-incorporan-a-fetave\/","og:image":"https:\/\/eldigitaldeasturias.com\/magazine365\/wp-content\/uploads\/2016\/06\/fotonoticia_20160623130843_800.jpg","og:image:secure_url":"https:\/\/eldigitaldeasturias.com\/magazine365\/wp-content\/uploads\/2016\/06\/fotonoticia_20160623130843_800.jpg","og:image:width":800,"og:image:height":600,"article:published_time":"2016-06-24T13:19:52+00:00","article:modified_time":"2016-06-24T13:19:52+00:00","twitter:card":"summary_large_image","twitter:title":"Las agencias de viajes del Grupo Globalia se incorporan a Fetave | El Digital de Asturias","twitter:description":"Las agencias de viajes del Grupo Globalia, que operan como Halc\u00f3n Viajes, Viajes Ecuador y Globalia TRavel Spain, entre otras marcas, con un total 1.1000 oficinas minoristas, se han incorporado a la Federaci\u00f3n Empresarial de Asociaciones Territoriales de Agencias de Viajes Espa\u00f1olas (Fetave). Asimismo, se han adherido a Fetave las oficinas de GrecoTour, agencia de","twitter:image":"https:\/\/eldigitaldeasturias.com\/magazine365\/wp-content\/uploads\/2016\/06\/fotonoticia_20160623130843_800.jpg"},"aioseo_meta_data":{"post_id":"80571","title":null,"description":null,"keywords":null,"keyphrases":null,"primary_term":null,"canonical_url":null,"og_title":null,"og_description":null,"og_object_type":"default","og_image_type":"default","og_image_url":null,"og_image_width":null,"og_image_height":null,"og_image_custom_url":null,"og_image_custom_fields":null,"og_video":null,"og_custom_url":null,"og_article_section":null,"og_article_tags":null,"twitter_use_og":false,"twitter_card":"default","twitter_image_type":"default","twitter_image_url":null,"twitter_image_custom_url":null,"twitter_image_custom_fields":null,"twitter_title":null,"twitter_description":null,"schema":{"blockGraphs":[],"customGraphs":[],"default":{"data":{"Article":[],"Course":[],"Dataset":[],"FAQPage":[],"Movie":[],"Person":[],"Product":[],"ProductReview":[],"Car":[],"Recipe":[],"Service":[],"SoftwareApplication":[],"WebPage":[]},"graphName":"","isEnabled":true},"graphs":[],"defaultGraph":"","defaultPostTypeGraph":""},"schema_type":null,"schema_type_options":null,"pillar_content":false,"robots_default":true,"robots_noindex":false,"robots_noarchive":false,"robots_nosnippet":false,"robots_nofollow":false,"robots_noimageindex":false,"robots_noodp":false,"robots_notranslate":false,"robots_max_snippet":null,"robots_max_videopreview":null,"robots_max_imagepreview":"large","priority":null,"frequency":null,"location":null,"local_seo":null,"seo_analyzer_scan_date":"2025-09-27 21:05:24","breadcrumb_settings":null,"limit_modified_date":false,"open_ai":null,"ai":null,"created":"2021-03-08 17:32:25","updated":"2025-09-27 21:05:24"},"aioseo_breadcrumb":"<div class=\"aioseo-breadcrumbs\"><span class=\"aioseo-breadcrumb\">\n\t<a href=\"https:\/\/eldigitaldeasturias.com\/magazine365\" title=\"Home\">Home<\/a>\n<\/span><span class=\"aioseo-breadcrumb-separator\">\u2013<\/span><span class=\"aioseo-breadcrumb\">\n\t<a href=\"https:\/\/eldigitaldeasturias.com\/magazine365\/category\/noticias-actualidad\/\" title=\"Noticias y Actualidad\">Noticias y Actualidad<\/a>\n<\/span><span class=\"aioseo-breadcrumb-separator\">\u2013<\/span><span class=\"aioseo-breadcrumb\">\n\t<a href=\"https:\/\/eldigitaldeasturias.com\/magazine365\/las-agencias-de-viajes-del-grupo-globalia-se-incorporan-a-fetave\/\" title=\"Las agencias de viajes del Grupo Globalia se incorporan a Fetave\">Las agencias de viajes del Grupo Globalia se incorporan a Fetave<\/a>\n<\/span><\/div>","aioseo_breadcrumb_json":[{"label":"Home","link":"https:\/\/eldigitaldeasturias.com\/magazine365"},{"label":"Noticias y Actualidad","link":"https:\/\/eldigitaldeasturias.com\/magazine365\/category\/noticias-actualidad\/"},{"label":"Las agencias de viajes del Grupo Globalia se incorporan a Fetave","link":"https:\/\/eldigitaldeasturias.com\/magazine365\/las-agencias-de-viajes-del-grupo-globalia-se-incorporan-a-fetave\/"}],"_links":{"self":[{"href":"https:\/\/eldigitaldeasturias.com\/magazine365\/wp-json\/wp\/v2\/posts\/80571","targetHints":{"allow":["GET"]}}],"collection":[{"href":"https:\/\/eldigitaldeasturias.com\/magazine365\/wp-json\/wp\/v2\/posts"}],"about":[{"href":"https:\/\/eldigitaldeasturias.com\/magazine365\/wp-json\/wp\/v2\/types\/post"}],"author":[{"embeddable":true,"href":"https:\/\/eldigitaldeasturias.com\/magazine365\/wp-json\/wp\/v2\/users\/1"}],"replies":[{"embeddable":true,"href":"https:\/\/eldigitaldeasturias.com\/magazine365\/wp-json\/wp\/v2\/comments?post=80571"}],"version-history":[{"count":0,"href":"https:\/\/eldigitaldeasturias.com\/magazine365\/wp-json\/wp\/v2\/posts\/80571\/revisions"}],"wp:featuredmedia":[{"embeddable":true,"href":"https:\/\/eldigitaldeasturias.com\/magazine365\/wp-json\/wp\/v2\/media\/80572"}],"wp:attachment":[{"href":"https:\/\/eldigitaldeasturias.com\/magazine365\/wp-json\/wp\/v2\/media?parent=80571"}],"wp:term":[{"taxonomy":"category","embeddable":true,"href":"https:\/\/eldigitaldeasturias.com\/magazine365\/wp-json\/wp\/v2\/categories?post=80571"},{"taxonomy":"post_tag","embeddable":true,"href":"https:\/\/eldigitaldeasturias.com\/magazine365\/wp-json\/wp\/v2\/tags?post=80571"}],"curies":[{"name":"wp","href":"https:\/\/api.w.org\/{rel}","templated":true}]}}