{"id":80541,"date":"2016-06-24T14:31:28","date_gmt":"2016-06-24T12:31:28","guid":{"rendered":"http:\/\/eldigitaldeasturias.com\/magazine365\/?p=80541"},"modified":"2016-06-24T14:31:28","modified_gmt":"2016-06-24T12:31:28","slug":"luz-y-sonido-protagonistas-en-la-hoguera-de-san-juan-en-la-segunda-playa-del-sardinero","status":"publish","type":"post","link":"https:\/\/eldigitaldeasturias.com\/magazine365\/luz-y-sonido-protagonistas-en-la-hoguera-de-san-juan-en-la-segunda-playa-del-sardinero\/","title":{"rendered":"Luz y sonido protagonistas en la hoguera de San Juan en la segunda playa del Sardinero"},"content":{"rendered":"<p><img fetchpriority=\"high\" decoding=\"async\" class=\"alignleft size-medium wp-image-80542\" src=\"https:\/\/eldigitaldeasturias.com\/magazine365\/wp-content\/uploads\/2016\/06\/fotonoticia_20160623114451_800-360x270.jpg\" alt=\"fotonoticia_20160623114451_800\" width=\"360\" height=\"270\" srcset=\"https:\/\/eldigitaldeasturias.com\/magazine365\/wp-content\/uploads\/2016\/06\/fotonoticia_20160623114451_800-360x270.jpg 360w, https:\/\/eldigitaldeasturias.com\/magazine365\/wp-content\/uploads\/2016\/06\/fotonoticia_20160623114451_800-650x488.jpg 650w, https:\/\/eldigitaldeasturias.com\/magazine365\/wp-content\/uploads\/2016\/06\/fotonoticia_20160623114451_800-768x576.jpg 768w, https:\/\/eldigitaldeasturias.com\/magazine365\/wp-content\/uploads\/2016\/06\/fotonoticia_20160623114451_800-150x113.jpg 150w, https:\/\/eldigitaldeasturias.com\/magazine365\/wp-content\/uploads\/2016\/06\/fotonoticia_20160623114451_800-450x338.jpg 450w, https:\/\/eldigitaldeasturias.com\/magazine365\/wp-content\/uploads\/2016\/06\/fotonoticia_20160623114451_800-90x67.jpg 90w, https:\/\/eldigitaldeasturias.com\/magazine365\/wp-content\/uploads\/2016\/06\/fotonoticia_20160623114451_800-164x124.jpg 164w, https:\/\/eldigitaldeasturias.com\/magazine365\/wp-content\/uploads\/2016\/06\/fotonoticia_20160623114451_800-100x75.jpg 100w, https:\/\/eldigitaldeasturias.com\/magazine365\/wp-content\/uploads\/2016\/06\/fotonoticia_20160623114451_800.jpg 800w\" sizes=\"(max-width: 360px) 100vw, 360px\" \/>La Segunda Playa del Sardinero acoge este jueves, 23 de junio, la tradicional hoguera de San Juan, que estar\u00e1 amenizada desde unas horas antes por actuaciones musicales, DJ y un espect\u00e1culo de m\u00e1s de 30.000 vatios de sonido e iluminaci\u00f3n.<\/p>\n<p>Las actividades comenzar\u00e1n a las 21.30 horas, en la avenida de Manuel Garc\u00eda Lago, con una disco fiesta infantil, y una hora m\u00e1s tarde, a las 22.30 horas, empezar\u00e1 un espect\u00e1culo de luz y sonido con DJ, actuaciones musicales, saxo, m\u00e1quinas de humo, pantallas de videoproyecci\u00f3n y laser show.<\/p>\n<p>A las doce de la noche, en la playa, se proceder\u00e1 al encendido de la hoguera y, despu\u00e9s, la fiesta continuar\u00e1 con una &#8216;macro-disco&#8217; que se prolongar\u00e1 hasta las dos de la madrugada.<\/p>\n<p>Los santanderinos y quienes visitan la ciudad estos d\u00edas podr\u00e1n dar as\u00ed la bienvenida al verano con esta jornada festiva que anticipa la programaci\u00f3n que se est\u00e1 ultimando en este momento para celebrar la Semana Grande de la ciudad.<\/p>\n<h2 class=\"ladillo\">AUTOB\u00daS<\/h2>\n<p>Para facilitar los desplazamientos hacia el Sardinero durante la noche del jueves, el servicio municipal de transportes urbanos reforzar\u00e1 frecuencias en las horas previas al encendido de la hoguera y, adem\u00e1s, prolongar\u00e1 el servicio hasta casi las tres de la madrugada.<\/p>\n<p>En concreto, se reforzar\u00e1 el servicio de la l\u00ednea 1 (Adarzo-Arsenio Odriozola), con salidas adicionales entre las diez y las once y media de la noche, tanto en sentido Sardinero como en direcci\u00f3n Valdecilla.<\/p>\n<p>Y a partir de esa hora, cuando finaliza habitualmente el horario ordinario, seguir\u00e1 funcionando esta l\u00ednea en ambas direcciones, con salidas desde Adarzo hacia el Sardinero hasta las dos de la madrugada, y servicios de regreso desde el Sardinero hacia el centro y Valdecilla hasta las 3.04 horas.<\/p>\n<p>Ocho autobuses del TUS se encargar\u00e1n de realizar los refuerzos que permitir\u00e1n ofrecer servicio con frecuencias de entre 10 y 15 minutos en direcci\u00f3n al Sardinero, y de entre 5 y 15 minutos, seg\u00fan la hora, en sentido Valdecilla.<\/p>\n","protected":false},"excerpt":{"rendered":"<p>La Segunda Playa del Sardinero acoge este jueves, 23 de junio, la tradicional hoguera de San Juan, que estar\u00e1 amenizada desde unas horas antes por actuaciones musicales, DJ y un espect\u00e1culo de m\u00e1s de 30.000 vatios de sonido e iluminaci\u00f3n. Las actividades comenzar\u00e1n a las 21.30 horas, en la avenida de Manuel Garc\u00eda Lago, con<\/p>\n","protected":false},"author":1,"featured_media":80542,"comment_status":"open","ping_status":"closed","sticky":false,"template":"","format":"standard","meta":{"footnotes":""},"categories":[224],"tags":[],"class_list":{"0":"post-80541","1":"post","2":"type-post","3":"status-publish","4":"format-standard","5":"has-post-thumbnail","7":"category-noticias-actualidad"},"aioseo_notices":[],"aioseo_head":"\n\t\t<!-- All in One SEO Pro 4.9.6.1 - aioseo.com -->\n\t<meta name=\"description\" content=\"La Segunda Playa del Sardinero acoge este jueves, 23 de junio, la tradicional hoguera de San Juan, que estar\u00e1 amenizada desde unas horas antes por actuaciones musicales, DJ y un espect\u00e1culo de m\u00e1s de 30.000 vatios de sonido e iluminaci\u00f3n. Las actividades comenzar\u00e1n a las 21.30 horas, en la avenida de Manuel Garc\u00eda Lago, con\" \/>\n\t<meta name=\"robots\" content=\"max-image-preview:large\" \/>\n\t<meta name=\"author\" content=\"admin\"\/>\n\t<meta name=\"google-site-verification\" content=\"UA-38556648-1\" \/>\n\t<meta name=\"keywords\" content=\"noticias y actualidad\" \/>\n\t<link rel=\"canonical\" href=\"https:\/\/eldigitaldeasturias.com\/magazine365\/luz-y-sonido-protagonistas-en-la-hoguera-de-san-juan-en-la-segunda-playa-del-sardinero\/\" \/>\n\t<meta name=\"generator\" content=\"All in One SEO Pro (AIOSEO) 4.9.6.1\" \/>\n\t\t<meta property=\"og:locale\" content=\"es_ES\" \/>\n\t\t<meta property=\"og:site_name\" content=\"El Digital de Asturias \u2013 Revista de ocio, turismo y estilo de vida\" \/>\n\t\t<meta property=\"og:type\" content=\"article\" \/>\n\t\t<meta property=\"og:title\" content=\"Luz y sonido protagonistas en la hoguera de San Juan en la segunda playa del Sardinero | El Digital de Asturias\" \/>\n\t\t<meta property=\"og:description\" content=\"La Segunda Playa del Sardinero acoge este jueves, 23 de junio, la tradicional hoguera de San Juan, que estar\u00e1 amenizada desde unas horas antes por actuaciones musicales, DJ y un espect\u00e1culo de m\u00e1s de 30.000 vatios de sonido e iluminaci\u00f3n. Las actividades comenzar\u00e1n a las 21.30 horas, en la avenida de Manuel Garc\u00eda Lago, con\" \/>\n\t\t<meta property=\"og:url\" content=\"https:\/\/eldigitaldeasturias.com\/magazine365\/luz-y-sonido-protagonistas-en-la-hoguera-de-san-juan-en-la-segunda-playa-del-sardinero\/\" \/>\n\t\t<meta property=\"og:image\" content=\"https:\/\/eldigitaldeasturias.com\/magazine365\/wp-content\/uploads\/2016\/06\/fotonoticia_20160623114451_800.jpg\" \/>\n\t\t<meta property=\"og:image:secure_url\" content=\"https:\/\/eldigitaldeasturias.com\/magazine365\/wp-content\/uploads\/2016\/06\/fotonoticia_20160623114451_800.jpg\" \/>\n\t\t<meta property=\"og:image:width\" content=\"800\" \/>\n\t\t<meta property=\"og:image:height\" content=\"600\" \/>\n\t\t<meta property=\"article:published_time\" content=\"2016-06-24T12:31:28+00:00\" \/>\n\t\t<meta property=\"article:modified_time\" content=\"2016-06-24T12:31:28+00:00\" \/>\n\t\t<meta name=\"twitter:card\" content=\"summary_large_image\" \/>\n\t\t<meta name=\"twitter:title\" content=\"Luz y sonido protagonistas en la hoguera de San Juan en la segunda playa del Sardinero | El Digital de Asturias\" \/>\n\t\t<meta name=\"twitter:description\" content=\"La Segunda Playa del Sardinero acoge este jueves, 23 de junio, la tradicional hoguera de San Juan, que estar\u00e1 amenizada desde unas horas antes por actuaciones musicales, DJ y un espect\u00e1culo de m\u00e1s de 30.000 vatios de sonido e iluminaci\u00f3n. Las actividades comenzar\u00e1n a las 21.30 horas, en la avenida de Manuel Garc\u00eda Lago, con\" \/>\n\t\t<meta name=\"twitter:image\" content=\"https:\/\/eldigitaldeasturias.com\/magazine365\/wp-content\/uploads\/2016\/06\/fotonoticia_20160623114451_800.jpg\" \/>\n\t\t<script type=\"application\/ld+json\" class=\"aioseo-schema\">\n\t\t\t{\"@context\":\"https:\\\/\\\/schema.org\",\"@graph\":[{\"@type\":\"Article\",\"@id\":\"https:\\\/\\\/eldigitaldeasturias.com\\\/magazine365\\\/luz-y-sonido-protagonistas-en-la-hoguera-de-san-juan-en-la-segunda-playa-del-sardinero\\\/#article\",\"name\":\"Luz y sonido protagonistas en la hoguera de San Juan en la segunda playa del Sardinero | El Digital de Asturias\",\"headline\":\"Luz y sonido protagonistas en la hoguera de San Juan en la segunda playa del Sardinero\",\"author\":{\"@id\":\"https:\\\/\\\/eldigitaldeasturias.com\\\/magazine365\\\/author\\\/admin\\\/#author\"},\"publisher\":{\"@id\":\"https:\\\/\\\/eldigitaldeasturias.com\\\/magazine365\\\/#organization\"},\"image\":{\"@type\":\"ImageObject\",\"url\":\"https:\\\/\\\/eldigitaldeasturias.com\\\/magazine365\\\/wp-content\\\/uploads\\\/2016\\\/06\\\/fotonoticia_20160623114451_800.jpg\",\"width\":800,\"height\":600},\"datePublished\":\"2016-06-24T14:31:28+02:00\",\"dateModified\":\"2016-06-24T14:31:28+02:00\",\"inLanguage\":\"es-ES\",\"mainEntityOfPage\":{\"@id\":\"https:\\\/\\\/eldigitaldeasturias.com\\\/magazine365\\\/luz-y-sonido-protagonistas-en-la-hoguera-de-san-juan-en-la-segunda-playa-del-sardinero\\\/#webpage\"},\"isPartOf\":{\"@id\":\"https:\\\/\\\/eldigitaldeasturias.com\\\/magazine365\\\/luz-y-sonido-protagonistas-en-la-hoguera-de-san-juan-en-la-segunda-playa-del-sardinero\\\/#webpage\"},\"articleSection\":\"Noticias y Actualidad\"},{\"@type\":\"BreadcrumbList\",\"@id\":\"https:\\\/\\\/eldigitaldeasturias.com\\\/magazine365\\\/luz-y-sonido-protagonistas-en-la-hoguera-de-san-juan-en-la-segunda-playa-del-sardinero\\\/#breadcrumblist\",\"itemListElement\":[{\"@type\":\"ListItem\",\"@id\":\"https:\\\/\\\/eldigitaldeasturias.com\\\/magazine365#listItem\",\"position\":1,\"name\":\"Home\",\"item\":\"https:\\\/\\\/eldigitaldeasturias.com\\\/magazine365\",\"nextItem\":{\"@type\":\"ListItem\",\"@id\":\"https:\\\/\\\/eldigitaldeasturias.com\\\/magazine365\\\/category\\\/noticias-actualidad\\\/#listItem\",\"name\":\"Noticias y Actualidad\"}},{\"@type\":\"ListItem\",\"@id\":\"https:\\\/\\\/eldigitaldeasturias.com\\\/magazine365\\\/category\\\/noticias-actualidad\\\/#listItem\",\"position\":2,\"name\":\"Noticias y Actualidad\",\"item\":\"https:\\\/\\\/eldigitaldeasturias.com\\\/magazine365\\\/category\\\/noticias-actualidad\\\/\",\"nextItem\":{\"@type\":\"ListItem\",\"@id\":\"https:\\\/\\\/eldigitaldeasturias.com\\\/magazine365\\\/luz-y-sonido-protagonistas-en-la-hoguera-de-san-juan-en-la-segunda-playa-del-sardinero\\\/#listItem\",\"name\":\"Luz y sonido protagonistas en la hoguera de San Juan en la segunda playa del Sardinero\"},\"previousItem\":{\"@type\":\"ListItem\",\"@id\":\"https:\\\/\\\/eldigitaldeasturias.com\\\/magazine365#listItem\",\"name\":\"Home\"}},{\"@type\":\"ListItem\",\"@id\":\"https:\\\/\\\/eldigitaldeasturias.com\\\/magazine365\\\/luz-y-sonido-protagonistas-en-la-hoguera-de-san-juan-en-la-segunda-playa-del-sardinero\\\/#listItem\",\"position\":3,\"name\":\"Luz y sonido protagonistas en la hoguera de San Juan en la segunda playa del Sardinero\",\"previousItem\":{\"@type\":\"ListItem\",\"@id\":\"https:\\\/\\\/eldigitaldeasturias.com\\\/magazine365\\\/category\\\/noticias-actualidad\\\/#listItem\",\"name\":\"Noticias y Actualidad\"}}]},{\"@type\":\"Organization\",\"@id\":\"https:\\\/\\\/eldigitaldeasturias.com\\\/magazine365\\\/#organization\",\"name\":\"El digital de Asturias\",\"description\":\"Revista de ocio, turismo y estilo de vida\",\"url\":\"https:\\\/\\\/eldigitaldeasturias.com\\\/magazine365\\\/\",\"logo\":{\"@type\":\"ImageObject\",\"url\":\"https:\\\/\\\/www.eldigitaldeasturias.com\\\/noticias\\\/wp-content\\\/uploads\\\/2020\\\/12\\\/EDA.jpg\",\"@id\":\"https:\\\/\\\/eldigitaldeasturias.com\\\/magazine365\\\/luz-y-sonido-protagonistas-en-la-hoguera-de-san-juan-en-la-segunda-playa-del-sardinero\\\/#organizationLogo\"},\"image\":{\"@id\":\"https:\\\/\\\/eldigitaldeasturias.com\\\/magazine365\\\/luz-y-sonido-protagonistas-en-la-hoguera-de-san-juan-en-la-segunda-playa-del-sardinero\\\/#organizationLogo\"}},{\"@type\":\"Person\",\"@id\":\"https:\\\/\\\/eldigitaldeasturias.com\\\/magazine365\\\/author\\\/admin\\\/#author\",\"url\":\"https:\\\/\\\/eldigitaldeasturias.com\\\/magazine365\\\/author\\\/admin\\\/\",\"name\":\"admin\",\"image\":{\"@type\":\"ImageObject\",\"@id\":\"https:\\\/\\\/eldigitaldeasturias.com\\\/magazine365\\\/luz-y-sonido-protagonistas-en-la-hoguera-de-san-juan-en-la-segunda-playa-del-sardinero\\\/#authorImage\",\"url\":\"https:\\\/\\\/eldigitaldeasturias.com\\\/magazine365\\\/wp-content\\\/litespeed\\\/avatar\\\/e571bcf59a0edd6fa6838245a470f2fe.jpg?ver=1776969259\",\"width\":96,\"height\":96,\"caption\":\"admin\"}},{\"@type\":\"WebPage\",\"@id\":\"https:\\\/\\\/eldigitaldeasturias.com\\\/magazine365\\\/luz-y-sonido-protagonistas-en-la-hoguera-de-san-juan-en-la-segunda-playa-del-sardinero\\\/#webpage\",\"url\":\"https:\\\/\\\/eldigitaldeasturias.com\\\/magazine365\\\/luz-y-sonido-protagonistas-en-la-hoguera-de-san-juan-en-la-segunda-playa-del-sardinero\\\/\",\"name\":\"Luz y sonido protagonistas en la hoguera de San Juan en la segunda playa del Sardinero | El Digital de Asturias\",\"description\":\"La Segunda Playa del Sardinero acoge este jueves, 23 de junio, la tradicional hoguera de San Juan, que estar\\u00e1 amenizada desde unas horas antes por actuaciones musicales, DJ y un espect\\u00e1culo de m\\u00e1s de 30.000 vatios de sonido e iluminaci\\u00f3n. Las actividades comenzar\\u00e1n a las 21.30 horas, en la avenida de Manuel Garc\\u00eda Lago, con\",\"inLanguage\":\"es-ES\",\"isPartOf\":{\"@id\":\"https:\\\/\\\/eldigitaldeasturias.com\\\/magazine365\\\/#website\"},\"breadcrumb\":{\"@id\":\"https:\\\/\\\/eldigitaldeasturias.com\\\/magazine365\\\/luz-y-sonido-protagonistas-en-la-hoguera-de-san-juan-en-la-segunda-playa-del-sardinero\\\/#breadcrumblist\"},\"author\":{\"@id\":\"https:\\\/\\\/eldigitaldeasturias.com\\\/magazine365\\\/author\\\/admin\\\/#author\"},\"creator\":{\"@id\":\"https:\\\/\\\/eldigitaldeasturias.com\\\/magazine365\\\/author\\\/admin\\\/#author\"},\"image\":{\"@type\":\"ImageObject\",\"url\":\"https:\\\/\\\/eldigitaldeasturias.com\\\/magazine365\\\/wp-content\\\/uploads\\\/2016\\\/06\\\/fotonoticia_20160623114451_800.jpg\",\"@id\":\"https:\\\/\\\/eldigitaldeasturias.com\\\/magazine365\\\/luz-y-sonido-protagonistas-en-la-hoguera-de-san-juan-en-la-segunda-playa-del-sardinero\\\/#mainImage\",\"width\":800,\"height\":600},\"primaryImageOfPage\":{\"@id\":\"https:\\\/\\\/eldigitaldeasturias.com\\\/magazine365\\\/luz-y-sonido-protagonistas-en-la-hoguera-de-san-juan-en-la-segunda-playa-del-sardinero\\\/#mainImage\"},\"datePublished\":\"2016-06-24T14:31:28+02:00\",\"dateModified\":\"2016-06-24T14:31:28+02:00\"},{\"@type\":\"WebSite\",\"@id\":\"https:\\\/\\\/eldigitaldeasturias.com\\\/magazine365\\\/#website\",\"url\":\"https:\\\/\\\/eldigitaldeasturias.com\\\/magazine365\\\/\",\"name\":\"El Digital de Asturias\",\"description\":\"Revista de ocio, turismo y estilo de vida\",\"inLanguage\":\"es-ES\",\"publisher\":{\"@id\":\"https:\\\/\\\/eldigitaldeasturias.com\\\/magazine365\\\/#organization\"}}]}\n\t\t<\/script>\n\t\t<!-- All in One SEO Pro -->\r\n\t\t<title>Luz y sonido protagonistas en la hoguera de San Juan en la segunda playa del Sardinero | El Digital de Asturias<\/title>\n\n","aioseo_head_json":{"title":"Luz y sonido protagonistas en la hoguera de San Juan en la segunda playa del Sardinero | El Digital de Asturias","description":"La Segunda Playa del Sardinero acoge este jueves, 23 de junio, la tradicional hoguera de San Juan, que estar\u00e1 amenizada desde unas horas antes por actuaciones musicales, DJ y un espect\u00e1culo de m\u00e1s de 30.000 vatios de sonido e iluminaci\u00f3n. Las actividades comenzar\u00e1n a las 21.30 horas, en la avenida de Manuel Garc\u00eda Lago, con","canonical_url":"https:\/\/eldigitaldeasturias.com\/magazine365\/luz-y-sonido-protagonistas-en-la-hoguera-de-san-juan-en-la-segunda-playa-del-sardinero\/","robots":"max-image-preview:large","keywords":"noticias y actualidad","webmasterTools":{"google-site-verification":"UA-38556648-1","miscellaneous":""},"schema":{"@context":"https:\/\/schema.org","@graph":[{"@type":"Article","@id":"https:\/\/eldigitaldeasturias.com\/magazine365\/luz-y-sonido-protagonistas-en-la-hoguera-de-san-juan-en-la-segunda-playa-del-sardinero\/#article","name":"Luz y sonido protagonistas en la hoguera de San Juan en la segunda playa del Sardinero | El Digital de Asturias","headline":"Luz y sonido protagonistas en la hoguera de San Juan en la segunda playa del Sardinero","author":{"@id":"https:\/\/eldigitaldeasturias.com\/magazine365\/author\/admin\/#author"},"publisher":{"@id":"https:\/\/eldigitaldeasturias.com\/magazine365\/#organization"},"image":{"@type":"ImageObject","url":"https:\/\/eldigitaldeasturias.com\/magazine365\/wp-content\/uploads\/2016\/06\/fotonoticia_20160623114451_800.jpg","width":800,"height":600},"datePublished":"2016-06-24T14:31:28+02:00","dateModified":"2016-06-24T14:31:28+02:00","inLanguage":"es-ES","mainEntityOfPage":{"@id":"https:\/\/eldigitaldeasturias.com\/magazine365\/luz-y-sonido-protagonistas-en-la-hoguera-de-san-juan-en-la-segunda-playa-del-sardinero\/#webpage"},"isPartOf":{"@id":"https:\/\/eldigitaldeasturias.com\/magazine365\/luz-y-sonido-protagonistas-en-la-hoguera-de-san-juan-en-la-segunda-playa-del-sardinero\/#webpage"},"articleSection":"Noticias y Actualidad"},{"@type":"BreadcrumbList","@id":"https:\/\/eldigitaldeasturias.com\/magazine365\/luz-y-sonido-protagonistas-en-la-hoguera-de-san-juan-en-la-segunda-playa-del-sardinero\/#breadcrumblist","itemListElement":[{"@type":"ListItem","@id":"https:\/\/eldigitaldeasturias.com\/magazine365#listItem","position":1,"name":"Home","item":"https:\/\/eldigitaldeasturias.com\/magazine365","nextItem":{"@type":"ListItem","@id":"https:\/\/eldigitaldeasturias.com\/magazine365\/category\/noticias-actualidad\/#listItem","name":"Noticias y Actualidad"}},{"@type":"ListItem","@id":"https:\/\/eldigitaldeasturias.com\/magazine365\/category\/noticias-actualidad\/#listItem","position":2,"name":"Noticias y Actualidad","item":"https:\/\/eldigitaldeasturias.com\/magazine365\/category\/noticias-actualidad\/","nextItem":{"@type":"ListItem","@id":"https:\/\/eldigitaldeasturias.com\/magazine365\/luz-y-sonido-protagonistas-en-la-hoguera-de-san-juan-en-la-segunda-playa-del-sardinero\/#listItem","name":"Luz y sonido protagonistas en la hoguera de San Juan en la segunda playa del Sardinero"},"previousItem":{"@type":"ListItem","@id":"https:\/\/eldigitaldeasturias.com\/magazine365#listItem","name":"Home"}},{"@type":"ListItem","@id":"https:\/\/eldigitaldeasturias.com\/magazine365\/luz-y-sonido-protagonistas-en-la-hoguera-de-san-juan-en-la-segunda-playa-del-sardinero\/#listItem","position":3,"name":"Luz y sonido protagonistas en la hoguera de San Juan en la segunda playa del Sardinero","previousItem":{"@type":"ListItem","@id":"https:\/\/eldigitaldeasturias.com\/magazine365\/category\/noticias-actualidad\/#listItem","name":"Noticias y Actualidad"}}]},{"@type":"Organization","@id":"https:\/\/eldigitaldeasturias.com\/magazine365\/#organization","name":"El digital de Asturias","description":"Revista de ocio, turismo y estilo de vida","url":"https:\/\/eldigitaldeasturias.com\/magazine365\/","logo":{"@type":"ImageObject","url":"https:\/\/www.eldigitaldeasturias.com\/noticias\/wp-content\/uploads\/2020\/12\/EDA.jpg","@id":"https:\/\/eldigitaldeasturias.com\/magazine365\/luz-y-sonido-protagonistas-en-la-hoguera-de-san-juan-en-la-segunda-playa-del-sardinero\/#organizationLogo"},"image":{"@id":"https:\/\/eldigitaldeasturias.com\/magazine365\/luz-y-sonido-protagonistas-en-la-hoguera-de-san-juan-en-la-segunda-playa-del-sardinero\/#organizationLogo"}},{"@type":"Person","@id":"https:\/\/eldigitaldeasturias.com\/magazine365\/author\/admin\/#author","url":"https:\/\/eldigitaldeasturias.com\/magazine365\/author\/admin\/","name":"admin","image":{"@type":"ImageObject","@id":"https:\/\/eldigitaldeasturias.com\/magazine365\/luz-y-sonido-protagonistas-en-la-hoguera-de-san-juan-en-la-segunda-playa-del-sardinero\/#authorImage","url":"https:\/\/eldigitaldeasturias.com\/magazine365\/wp-content\/litespeed\/avatar\/e571bcf59a0edd6fa6838245a470f2fe.jpg?ver=1776969259","width":96,"height":96,"caption":"admin"}},{"@type":"WebPage","@id":"https:\/\/eldigitaldeasturias.com\/magazine365\/luz-y-sonido-protagonistas-en-la-hoguera-de-san-juan-en-la-segunda-playa-del-sardinero\/#webpage","url":"https:\/\/eldigitaldeasturias.com\/magazine365\/luz-y-sonido-protagonistas-en-la-hoguera-de-san-juan-en-la-segunda-playa-del-sardinero\/","name":"Luz y sonido protagonistas en la hoguera de San Juan en la segunda playa del Sardinero | El Digital de Asturias","description":"La Segunda Playa del Sardinero acoge este jueves, 23 de junio, la tradicional hoguera de San Juan, que estar\u00e1 amenizada desde unas horas antes por actuaciones musicales, DJ y un espect\u00e1culo de m\u00e1s de 30.000 vatios de sonido e iluminaci\u00f3n. Las actividades comenzar\u00e1n a las 21.30 horas, en la avenida de Manuel Garc\u00eda Lago, con","inLanguage":"es-ES","isPartOf":{"@id":"https:\/\/eldigitaldeasturias.com\/magazine365\/#website"},"breadcrumb":{"@id":"https:\/\/eldigitaldeasturias.com\/magazine365\/luz-y-sonido-protagonistas-en-la-hoguera-de-san-juan-en-la-segunda-playa-del-sardinero\/#breadcrumblist"},"author":{"@id":"https:\/\/eldigitaldeasturias.com\/magazine365\/author\/admin\/#author"},"creator":{"@id":"https:\/\/eldigitaldeasturias.com\/magazine365\/author\/admin\/#author"},"image":{"@type":"ImageObject","url":"https:\/\/eldigitaldeasturias.com\/magazine365\/wp-content\/uploads\/2016\/06\/fotonoticia_20160623114451_800.jpg","@id":"https:\/\/eldigitaldeasturias.com\/magazine365\/luz-y-sonido-protagonistas-en-la-hoguera-de-san-juan-en-la-segunda-playa-del-sardinero\/#mainImage","width":800,"height":600},"primaryImageOfPage":{"@id":"https:\/\/eldigitaldeasturias.com\/magazine365\/luz-y-sonido-protagonistas-en-la-hoguera-de-san-juan-en-la-segunda-playa-del-sardinero\/#mainImage"},"datePublished":"2016-06-24T14:31:28+02:00","dateModified":"2016-06-24T14:31:28+02:00"},{"@type":"WebSite","@id":"https:\/\/eldigitaldeasturias.com\/magazine365\/#website","url":"https:\/\/eldigitaldeasturias.com\/magazine365\/","name":"El Digital de Asturias","description":"Revista de ocio, turismo y estilo de vida","inLanguage":"es-ES","publisher":{"@id":"https:\/\/eldigitaldeasturias.com\/magazine365\/#organization"}}]},"og:locale":"es_ES","og:site_name":"El Digital de Asturias \u2013 Revista de ocio, turismo y estilo de vida","og:type":"article","og:title":"Luz y sonido protagonistas en la hoguera de San Juan en la segunda playa del Sardinero | El Digital de Asturias","og:description":"La Segunda Playa del Sardinero acoge este jueves, 23 de junio, la tradicional hoguera de San Juan, que estar\u00e1 amenizada desde unas horas antes por actuaciones musicales, DJ y un espect\u00e1culo de m\u00e1s de 30.000 vatios de sonido e iluminaci\u00f3n. Las actividades comenzar\u00e1n a las 21.30 horas, en la avenida de Manuel Garc\u00eda Lago, con","og:url":"https:\/\/eldigitaldeasturias.com\/magazine365\/luz-y-sonido-protagonistas-en-la-hoguera-de-san-juan-en-la-segunda-playa-del-sardinero\/","og:image":"https:\/\/eldigitaldeasturias.com\/magazine365\/wp-content\/uploads\/2016\/06\/fotonoticia_20160623114451_800.jpg","og:image:secure_url":"https:\/\/eldigitaldeasturias.com\/magazine365\/wp-content\/uploads\/2016\/06\/fotonoticia_20160623114451_800.jpg","og:image:width":800,"og:image:height":600,"article:published_time":"2016-06-24T12:31:28+00:00","article:modified_time":"2016-06-24T12:31:28+00:00","twitter:card":"summary_large_image","twitter:title":"Luz y sonido protagonistas en la hoguera de San Juan en la segunda playa del Sardinero | El Digital de Asturias","twitter:description":"La Segunda Playa del Sardinero acoge este jueves, 23 de junio, la tradicional hoguera de San Juan, que estar\u00e1 amenizada desde unas horas antes por actuaciones musicales, DJ y un espect\u00e1culo de m\u00e1s de 30.000 vatios de sonido e iluminaci\u00f3n. Las actividades comenzar\u00e1n a las 21.30 horas, en la avenida de Manuel Garc\u00eda Lago, con","twitter:image":"https:\/\/eldigitaldeasturias.com\/magazine365\/wp-content\/uploads\/2016\/06\/fotonoticia_20160623114451_800.jpg"},"aioseo_meta_data":{"post_id":"80541","title":null,"description":null,"keywords":null,"keyphrases":null,"primary_term":null,"canonical_url":null,"og_title":null,"og_description":null,"og_object_type":"default","og_image_type":"default","og_image_url":null,"og_image_width":null,"og_image_height":null,"og_image_custom_url":null,"og_image_custom_fields":null,"og_video":null,"og_custom_url":null,"og_article_section":null,"og_article_tags":null,"twitter_use_og":false,"twitter_card":"default","twitter_image_type":"default","twitter_image_url":null,"twitter_image_custom_url":null,"twitter_image_custom_fields":null,"twitter_title":null,"twitter_description":null,"schema":{"blockGraphs":[],"customGraphs":[],"default":{"data":{"Article":[],"Course":[],"Dataset":[],"FAQPage":[],"Movie":[],"Person":[],"Product":[],"ProductReview":[],"Car":[],"Recipe":[],"Service":[],"SoftwareApplication":[],"WebPage":[]},"graphName":"","isEnabled":true},"graphs":[],"defaultGraph":"","defaultPostTypeGraph":""},"schema_type":null,"schema_type_options":null,"pillar_content":false,"robots_default":true,"robots_noindex":false,"robots_noarchive":false,"robots_nosnippet":false,"robots_nofollow":false,"robots_noimageindex":false,"robots_noodp":false,"robots_notranslate":false,"robots_max_snippet":null,"robots_max_videopreview":null,"robots_max_imagepreview":"large","priority":null,"frequency":null,"location":null,"local_seo":null,"seo_analyzer_scan_date":"2025-09-27 21:02:04","breadcrumb_settings":null,"limit_modified_date":false,"open_ai":null,"ai":null,"created":"2021-03-08 17:32:25","updated":"2025-09-27 21:02:04"},"aioseo_breadcrumb":"<div class=\"aioseo-breadcrumbs\"><span class=\"aioseo-breadcrumb\">\n\t<a href=\"https:\/\/eldigitaldeasturias.com\/magazine365\" title=\"Home\">Home<\/a>\n<\/span><span class=\"aioseo-breadcrumb-separator\">\u2013<\/span><span class=\"aioseo-breadcrumb\">\n\t<a href=\"https:\/\/eldigitaldeasturias.com\/magazine365\/category\/noticias-actualidad\/\" title=\"Noticias y Actualidad\">Noticias y Actualidad<\/a>\n<\/span><span class=\"aioseo-breadcrumb-separator\">\u2013<\/span><span class=\"aioseo-breadcrumb\">\n\t<a href=\"https:\/\/eldigitaldeasturias.com\/magazine365\/luz-y-sonido-protagonistas-en-la-hoguera-de-san-juan-en-la-segunda-playa-del-sardinero\/\" title=\"Luz y sonido protagonistas en la hoguera de San Juan en la segunda playa del Sardinero\">Luz y sonido protagonistas en la hoguera de San Juan en la segunda playa del Sardinero<\/a>\n<\/span><\/div>","aioseo_breadcrumb_json":[{"label":"Home","link":"https:\/\/eldigitaldeasturias.com\/magazine365"},{"label":"Noticias y Actualidad","link":"https:\/\/eldigitaldeasturias.com\/magazine365\/category\/noticias-actualidad\/"},{"label":"Luz y sonido protagonistas en la hoguera de San Juan en la segunda playa del Sardinero","link":"https:\/\/eldigitaldeasturias.com\/magazine365\/luz-y-sonido-protagonistas-en-la-hoguera-de-san-juan-en-la-segunda-playa-del-sardinero\/"}],"_links":{"self":[{"href":"https:\/\/eldigitaldeasturias.com\/magazine365\/wp-json\/wp\/v2\/posts\/80541","targetHints":{"allow":["GET"]}}],"collection":[{"href":"https:\/\/eldigitaldeasturias.com\/magazine365\/wp-json\/wp\/v2\/posts"}],"about":[{"href":"https:\/\/eldigitaldeasturias.com\/magazine365\/wp-json\/wp\/v2\/types\/post"}],"author":[{"embeddable":true,"href":"https:\/\/eldigitaldeasturias.com\/magazine365\/wp-json\/wp\/v2\/users\/1"}],"replies":[{"embeddable":true,"href":"https:\/\/eldigitaldeasturias.com\/magazine365\/wp-json\/wp\/v2\/comments?post=80541"}],"version-history":[{"count":0,"href":"https:\/\/eldigitaldeasturias.com\/magazine365\/wp-json\/wp\/v2\/posts\/80541\/revisions"}],"wp:featuredmedia":[{"embeddable":true,"href":"https:\/\/eldigitaldeasturias.com\/magazine365\/wp-json\/wp\/v2\/media\/80542"}],"wp:attachment":[{"href":"https:\/\/eldigitaldeasturias.com\/magazine365\/wp-json\/wp\/v2\/media?parent=80541"}],"wp:term":[{"taxonomy":"category","embeddable":true,"href":"https:\/\/eldigitaldeasturias.com\/magazine365\/wp-json\/wp\/v2\/categories?post=80541"},{"taxonomy":"post_tag","embeddable":true,"href":"https:\/\/eldigitaldeasturias.com\/magazine365\/wp-json\/wp\/v2\/tags?post=80541"}],"curies":[{"name":"wp","href":"https:\/\/api.w.org\/{rel}","templated":true}]}}