{"id":80527,"date":"2016-06-24T14:24:25","date_gmt":"2016-06-24T12:24:25","guid":{"rendered":"http:\/\/eldigitaldeasturias.com\/magazine365\/?p=80527"},"modified":"2016-06-24T14:24:25","modified_gmt":"2016-06-24T12:24:25","slug":"el-55-de-los-espanoles-destinara-una-nomina-o-la-paga-extra-a-las-vacaciones-de-verano","status":"publish","type":"post","link":"https:\/\/eldigitaldeasturias.com\/magazine365\/el-55-de-los-espanoles-destinara-una-nomina-o-la-paga-extra-a-las-vacaciones-de-verano\/","title":{"rendered":"El 55% de los espa\u00f1oles destinar\u00e1 una n\u00f3mina o la paga &#8216;extra&#8217; a las vacaciones de verano"},"content":{"rendered":"<p><img fetchpriority=\"high\" decoding=\"async\" class=\"alignleft size-medium wp-image-80530\" src=\"https:\/\/eldigitaldeasturias.com\/magazine365\/wp-content\/uploads\/2016\/06\/fotonoticia_20160623102944_800-360x270.jpg\" alt=\"fotonoticia_20160623102944_800\" width=\"360\" height=\"270\" srcset=\"https:\/\/eldigitaldeasturias.com\/magazine365\/wp-content\/uploads\/2016\/06\/fotonoticia_20160623102944_800-360x270.jpg 360w, https:\/\/eldigitaldeasturias.com\/magazine365\/wp-content\/uploads\/2016\/06\/fotonoticia_20160623102944_800-650x488.jpg 650w, https:\/\/eldigitaldeasturias.com\/magazine365\/wp-content\/uploads\/2016\/06\/fotonoticia_20160623102944_800-768x577.jpg 768w, https:\/\/eldigitaldeasturias.com\/magazine365\/wp-content\/uploads\/2016\/06\/fotonoticia_20160623102944_800-150x113.jpg 150w, https:\/\/eldigitaldeasturias.com\/magazine365\/wp-content\/uploads\/2016\/06\/fotonoticia_20160623102944_800-450x338.jpg 450w, https:\/\/eldigitaldeasturias.com\/magazine365\/wp-content\/uploads\/2016\/06\/fotonoticia_20160623102944_800-90x67.jpg 90w, https:\/\/eldigitaldeasturias.com\/magazine365\/wp-content\/uploads\/2016\/06\/fotonoticia_20160623102944_800-164x124.jpg 164w, https:\/\/eldigitaldeasturias.com\/magazine365\/wp-content\/uploads\/2016\/06\/fotonoticia_20160623102944_800-100x75.jpg 100w, https:\/\/eldigitaldeasturias.com\/magazine365\/wp-content\/uploads\/2016\/06\/fotonoticia_20160623102944_800.jpg 800w\" sizes=\"(max-width: 360px) 100vw, 360px\" \/>El 55% de los espa\u00f1oles destinar\u00e1 una n\u00f3mina o la paga &#8216;extra&#8217; a las vacaciones de verano, uno de cada cuatro gastar\u00e1 alrededor de dos n\u00f3minas o m\u00e1s y el 25% espera gastar la mitad de su n\u00f3mina o menos, seg\u00fan los datos proporcionados por la tienda de viajes m\u00e1s grande del mundo PANGEA.<\/p>\n<p>De este modo, uno de cada cuatro espa\u00f1oles gastar\u00e1 un 50% m\u00e1s en sus vacaciones que en 2015, el 22% desembolsar\u00e1 el doble, el 47% mantendr\u00e1 su gasto y el 5% invertir\u00e1 menos, seg\u00fan una encuesta realizada por la compa\u00f1\u00eda en sus perfiles de Facebook y Twitter, donde cuenta con 7.103 y 2.320 seguidores, respectivamente.<\/p>\n<p>Asimismo, el 97% de los encuestados afirma que es al periodo que m\u00e1s tiempo dedican, seguido de la Navidad (3%) y para el 92% las vacaciones no son negociables, en menor medida, las de Semana Santa (6%).<\/p>\n<p>A ocho de cada diez espa\u00f1oles les \u00abfastidiar\u00eda\u00bb no poder cogerse vacaciones de verano, seguido de las Navidades (14%) y los puentes (5%), la Semana Santa tiene dedicado una importante partida de presupuesto, pero no preocupa quedarse sin esa festividad.<\/p>\n<p>El 42% ha afirmado que necesita estos d\u00edas libres para descansar, uno de cada tres porque quiere vivir aventuras y uno de cada cuatro para conocer culturas distintas.<\/p>\n","protected":false},"excerpt":{"rendered":"<p>El 55% de los espa\u00f1oles destinar\u00e1 una n\u00f3mina o la paga &#8216;extra&#8217; a las vacaciones de verano, uno de cada cuatro gastar\u00e1 alrededor de dos n\u00f3minas o m\u00e1s y el 25% espera gastar la mitad de su n\u00f3mina o menos, seg\u00fan los datos proporcionados por la tienda de viajes m\u00e1s grande del mundo PANGEA. De<\/p>\n","protected":false},"author":1,"featured_media":80530,"comment_status":"open","ping_status":"closed","sticky":false,"template":"","format":"standard","meta":{"footnotes":""},"categories":[224],"tags":[],"class_list":{"0":"post-80527","1":"post","2":"type-post","3":"status-publish","4":"format-standard","5":"has-post-thumbnail","7":"category-noticias-actualidad"},"aioseo_notices":[],"aioseo_head":"\n\t\t<!-- All in One SEO Pro 4.9.6.1 - aioseo.com -->\n\t<meta name=\"description\" content=\"El 55% de los espa\u00f1oles destinar\u00e1 una n\u00f3mina o la paga &#039;extra&#039; a las vacaciones de verano, uno de cada cuatro gastar\u00e1 alrededor de dos n\u00f3minas o m\u00e1s y el 25% espera gastar la mitad de su n\u00f3mina o menos, seg\u00fan los datos proporcionados por la tienda de viajes m\u00e1s grande del mundo PANGEA. De\" \/>\n\t<meta name=\"robots\" content=\"max-image-preview:large\" \/>\n\t<meta name=\"author\" content=\"admin\"\/>\n\t<meta name=\"google-site-verification\" content=\"UA-38556648-1\" \/>\n\t<meta name=\"keywords\" content=\"noticias y actualidad\" \/>\n\t<link rel=\"canonical\" href=\"https:\/\/eldigitaldeasturias.com\/magazine365\/el-55-de-los-espanoles-destinara-una-nomina-o-la-paga-extra-a-las-vacaciones-de-verano\/\" \/>\n\t<meta name=\"generator\" content=\"All in One SEO Pro (AIOSEO) 4.9.6.1\" \/>\n\t\t<meta property=\"og:locale\" content=\"es_ES\" \/>\n\t\t<meta property=\"og:site_name\" content=\"El Digital de Asturias \u2013 Revista de ocio, turismo y estilo de vida\" \/>\n\t\t<meta property=\"og:type\" content=\"article\" \/>\n\t\t<meta property=\"og:title\" content=\"El 55% de los espa\u00f1oles destinar\u00e1 una n\u00f3mina o la paga \u2018extra\u2019 a las vacaciones de verano | El Digital de Asturias\" \/>\n\t\t<meta property=\"og:description\" content=\"El 55% de los espa\u00f1oles destinar\u00e1 una n\u00f3mina o la paga &#039;extra&#039; a las vacaciones de verano, uno de cada cuatro gastar\u00e1 alrededor de dos n\u00f3minas o m\u00e1s y el 25% espera gastar la mitad de su n\u00f3mina o menos, seg\u00fan los datos proporcionados por la tienda de viajes m\u00e1s grande del mundo PANGEA. De\" \/>\n\t\t<meta property=\"og:url\" content=\"https:\/\/eldigitaldeasturias.com\/magazine365\/el-55-de-los-espanoles-destinara-una-nomina-o-la-paga-extra-a-las-vacaciones-de-verano\/\" \/>\n\t\t<meta property=\"og:image\" content=\"https:\/\/eldigitaldeasturias.com\/magazine365\/wp-content\/uploads\/2016\/06\/fotonoticia_20160623102944_800.jpg\" \/>\n\t\t<meta property=\"og:image:secure_url\" content=\"https:\/\/eldigitaldeasturias.com\/magazine365\/wp-content\/uploads\/2016\/06\/fotonoticia_20160623102944_800.jpg\" \/>\n\t\t<meta property=\"og:image:width\" content=\"800\" \/>\n\t\t<meta property=\"og:image:height\" content=\"601\" \/>\n\t\t<meta property=\"article:published_time\" content=\"2016-06-24T12:24:25+00:00\" \/>\n\t\t<meta property=\"article:modified_time\" content=\"2016-06-24T12:24:25+00:00\" \/>\n\t\t<meta name=\"twitter:card\" content=\"summary_large_image\" \/>\n\t\t<meta name=\"twitter:title\" content=\"El 55% de los espa\u00f1oles destinar\u00e1 una n\u00f3mina o la paga \u2018extra\u2019 a las vacaciones de verano | El Digital de Asturias\" \/>\n\t\t<meta name=\"twitter:description\" content=\"El 55% de los espa\u00f1oles destinar\u00e1 una n\u00f3mina o la paga &#039;extra&#039; a las vacaciones de verano, uno de cada cuatro gastar\u00e1 alrededor de dos n\u00f3minas o m\u00e1s y el 25% espera gastar la mitad de su n\u00f3mina o menos, seg\u00fan los datos proporcionados por la tienda de viajes m\u00e1s grande del mundo PANGEA. De\" \/>\n\t\t<meta name=\"twitter:image\" content=\"https:\/\/eldigitaldeasturias.com\/magazine365\/wp-content\/uploads\/2016\/06\/fotonoticia_20160623102944_800.jpg\" \/>\n\t\t<script type=\"application\/ld+json\" class=\"aioseo-schema\">\n\t\t\t{\"@context\":\"https:\\\/\\\/schema.org\",\"@graph\":[{\"@type\":\"Article\",\"@id\":\"https:\\\/\\\/eldigitaldeasturias.com\\\/magazine365\\\/el-55-de-los-espanoles-destinara-una-nomina-o-la-paga-extra-a-las-vacaciones-de-verano\\\/#article\",\"name\":\"El 55% de los espa\\u00f1oles destinar\\u00e1 una n\\u00f3mina o la paga \\u2018extra\\u2019 a las vacaciones de verano | El Digital de Asturias\",\"headline\":\"El 55% de los espa\\u00f1oles destinar\\u00e1 una n\\u00f3mina o la paga &#8216;extra&#8217; a las vacaciones de verano\",\"author\":{\"@id\":\"https:\\\/\\\/eldigitaldeasturias.com\\\/magazine365\\\/author\\\/admin\\\/#author\"},\"publisher\":{\"@id\":\"https:\\\/\\\/eldigitaldeasturias.com\\\/magazine365\\\/#organization\"},\"image\":{\"@type\":\"ImageObject\",\"url\":\"https:\\\/\\\/eldigitaldeasturias.com\\\/magazine365\\\/wp-content\\\/uploads\\\/2016\\\/06\\\/fotonoticia_20160623102944_800.jpg\",\"width\":800,\"height\":601},\"datePublished\":\"2016-06-24T14:24:25+02:00\",\"dateModified\":\"2016-06-24T14:24:25+02:00\",\"inLanguage\":\"es-ES\",\"mainEntityOfPage\":{\"@id\":\"https:\\\/\\\/eldigitaldeasturias.com\\\/magazine365\\\/el-55-de-los-espanoles-destinara-una-nomina-o-la-paga-extra-a-las-vacaciones-de-verano\\\/#webpage\"},\"isPartOf\":{\"@id\":\"https:\\\/\\\/eldigitaldeasturias.com\\\/magazine365\\\/el-55-de-los-espanoles-destinara-una-nomina-o-la-paga-extra-a-las-vacaciones-de-verano\\\/#webpage\"},\"articleSection\":\"Noticias y Actualidad\"},{\"@type\":\"BreadcrumbList\",\"@id\":\"https:\\\/\\\/eldigitaldeasturias.com\\\/magazine365\\\/el-55-de-los-espanoles-destinara-una-nomina-o-la-paga-extra-a-las-vacaciones-de-verano\\\/#breadcrumblist\",\"itemListElement\":[{\"@type\":\"ListItem\",\"@id\":\"https:\\\/\\\/eldigitaldeasturias.com\\\/magazine365#listItem\",\"position\":1,\"name\":\"Home\",\"item\":\"https:\\\/\\\/eldigitaldeasturias.com\\\/magazine365\",\"nextItem\":{\"@type\":\"ListItem\",\"@id\":\"https:\\\/\\\/eldigitaldeasturias.com\\\/magazine365\\\/category\\\/noticias-actualidad\\\/#listItem\",\"name\":\"Noticias y Actualidad\"}},{\"@type\":\"ListItem\",\"@id\":\"https:\\\/\\\/eldigitaldeasturias.com\\\/magazine365\\\/category\\\/noticias-actualidad\\\/#listItem\",\"position\":2,\"name\":\"Noticias y Actualidad\",\"item\":\"https:\\\/\\\/eldigitaldeasturias.com\\\/magazine365\\\/category\\\/noticias-actualidad\\\/\",\"nextItem\":{\"@type\":\"ListItem\",\"@id\":\"https:\\\/\\\/eldigitaldeasturias.com\\\/magazine365\\\/el-55-de-los-espanoles-destinara-una-nomina-o-la-paga-extra-a-las-vacaciones-de-verano\\\/#listItem\",\"name\":\"El 55% de los espa\\u00f1oles destinar\\u00e1 una n\\u00f3mina o la paga &#8216;extra&#8217; a las vacaciones de verano\"},\"previousItem\":{\"@type\":\"ListItem\",\"@id\":\"https:\\\/\\\/eldigitaldeasturias.com\\\/magazine365#listItem\",\"name\":\"Home\"}},{\"@type\":\"ListItem\",\"@id\":\"https:\\\/\\\/eldigitaldeasturias.com\\\/magazine365\\\/el-55-de-los-espanoles-destinara-una-nomina-o-la-paga-extra-a-las-vacaciones-de-verano\\\/#listItem\",\"position\":3,\"name\":\"El 55% de los espa\\u00f1oles destinar\\u00e1 una n\\u00f3mina o la paga &#8216;extra&#8217; a las vacaciones de verano\",\"previousItem\":{\"@type\":\"ListItem\",\"@id\":\"https:\\\/\\\/eldigitaldeasturias.com\\\/magazine365\\\/category\\\/noticias-actualidad\\\/#listItem\",\"name\":\"Noticias y Actualidad\"}}]},{\"@type\":\"Organization\",\"@id\":\"https:\\\/\\\/eldigitaldeasturias.com\\\/magazine365\\\/#organization\",\"name\":\"El digital de Asturias\",\"description\":\"Revista de ocio, turismo y estilo de vida\",\"url\":\"https:\\\/\\\/eldigitaldeasturias.com\\\/magazine365\\\/\",\"logo\":{\"@type\":\"ImageObject\",\"url\":\"https:\\\/\\\/www.eldigitaldeasturias.com\\\/noticias\\\/wp-content\\\/uploads\\\/2020\\\/12\\\/EDA.jpg\",\"@id\":\"https:\\\/\\\/eldigitaldeasturias.com\\\/magazine365\\\/el-55-de-los-espanoles-destinara-una-nomina-o-la-paga-extra-a-las-vacaciones-de-verano\\\/#organizationLogo\"},\"image\":{\"@id\":\"https:\\\/\\\/eldigitaldeasturias.com\\\/magazine365\\\/el-55-de-los-espanoles-destinara-una-nomina-o-la-paga-extra-a-las-vacaciones-de-verano\\\/#organizationLogo\"}},{\"@type\":\"Person\",\"@id\":\"https:\\\/\\\/eldigitaldeasturias.com\\\/magazine365\\\/author\\\/admin\\\/#author\",\"url\":\"https:\\\/\\\/eldigitaldeasturias.com\\\/magazine365\\\/author\\\/admin\\\/\",\"name\":\"admin\",\"image\":{\"@type\":\"ImageObject\",\"@id\":\"https:\\\/\\\/eldigitaldeasturias.com\\\/magazine365\\\/el-55-de-los-espanoles-destinara-una-nomina-o-la-paga-extra-a-las-vacaciones-de-verano\\\/#authorImage\",\"url\":\"https:\\\/\\\/eldigitaldeasturias.com\\\/magazine365\\\/wp-content\\\/litespeed\\\/avatar\\\/e571bcf59a0edd6fa6838245a470f2fe.jpg?ver=1776969259\",\"width\":96,\"height\":96,\"caption\":\"admin\"}},{\"@type\":\"WebPage\",\"@id\":\"https:\\\/\\\/eldigitaldeasturias.com\\\/magazine365\\\/el-55-de-los-espanoles-destinara-una-nomina-o-la-paga-extra-a-las-vacaciones-de-verano\\\/#webpage\",\"url\":\"https:\\\/\\\/eldigitaldeasturias.com\\\/magazine365\\\/el-55-de-los-espanoles-destinara-una-nomina-o-la-paga-extra-a-las-vacaciones-de-verano\\\/\",\"name\":\"El 55% de los espa\\u00f1oles destinar\\u00e1 una n\\u00f3mina o la paga \\u2018extra\\u2019 a las vacaciones de verano | El Digital de Asturias\",\"description\":\"El 55% de los espa\\u00f1oles destinar\\u00e1 una n\\u00f3mina o la paga 'extra' a las vacaciones de verano, uno de cada cuatro gastar\\u00e1 alrededor de dos n\\u00f3minas o m\\u00e1s y el 25% espera gastar la mitad de su n\\u00f3mina o menos, seg\\u00fan los datos proporcionados por la tienda de viajes m\\u00e1s grande del mundo PANGEA. De\",\"inLanguage\":\"es-ES\",\"isPartOf\":{\"@id\":\"https:\\\/\\\/eldigitaldeasturias.com\\\/magazine365\\\/#website\"},\"breadcrumb\":{\"@id\":\"https:\\\/\\\/eldigitaldeasturias.com\\\/magazine365\\\/el-55-de-los-espanoles-destinara-una-nomina-o-la-paga-extra-a-las-vacaciones-de-verano\\\/#breadcrumblist\"},\"author\":{\"@id\":\"https:\\\/\\\/eldigitaldeasturias.com\\\/magazine365\\\/author\\\/admin\\\/#author\"},\"creator\":{\"@id\":\"https:\\\/\\\/eldigitaldeasturias.com\\\/magazine365\\\/author\\\/admin\\\/#author\"},\"image\":{\"@type\":\"ImageObject\",\"url\":\"https:\\\/\\\/eldigitaldeasturias.com\\\/magazine365\\\/wp-content\\\/uploads\\\/2016\\\/06\\\/fotonoticia_20160623102944_800.jpg\",\"@id\":\"https:\\\/\\\/eldigitaldeasturias.com\\\/magazine365\\\/el-55-de-los-espanoles-destinara-una-nomina-o-la-paga-extra-a-las-vacaciones-de-verano\\\/#mainImage\",\"width\":800,\"height\":601},\"primaryImageOfPage\":{\"@id\":\"https:\\\/\\\/eldigitaldeasturias.com\\\/magazine365\\\/el-55-de-los-espanoles-destinara-una-nomina-o-la-paga-extra-a-las-vacaciones-de-verano\\\/#mainImage\"},\"datePublished\":\"2016-06-24T14:24:25+02:00\",\"dateModified\":\"2016-06-24T14:24:25+02:00\"},{\"@type\":\"WebSite\",\"@id\":\"https:\\\/\\\/eldigitaldeasturias.com\\\/magazine365\\\/#website\",\"url\":\"https:\\\/\\\/eldigitaldeasturias.com\\\/magazine365\\\/\",\"name\":\"El Digital de Asturias\",\"description\":\"Revista de ocio, turismo y estilo de vida\",\"inLanguage\":\"es-ES\",\"publisher\":{\"@id\":\"https:\\\/\\\/eldigitaldeasturias.com\\\/magazine365\\\/#organization\"}}]}\n\t\t<\/script>\n\t\t<!-- All in One SEO Pro -->\r\n\t\t<title>El 55% de los espa\u00f1oles destinar\u00e1 una n\u00f3mina o la paga \u2018extra\u2019 a las vacaciones de verano | El Digital de Asturias<\/title>\n\n","aioseo_head_json":{"title":"El 55% de los espa\u00f1oles destinar\u00e1 una n\u00f3mina o la paga \u2018extra\u2019 a las vacaciones de verano | El Digital de Asturias","description":"El 55% de los espa\u00f1oles destinar\u00e1 una n\u00f3mina o la paga 'extra' a las vacaciones de verano, uno de cada cuatro gastar\u00e1 alrededor de dos n\u00f3minas o m\u00e1s y el 25% espera gastar la mitad de su n\u00f3mina o menos, seg\u00fan los datos proporcionados por la tienda de viajes m\u00e1s grande del mundo PANGEA. De","canonical_url":"https:\/\/eldigitaldeasturias.com\/magazine365\/el-55-de-los-espanoles-destinara-una-nomina-o-la-paga-extra-a-las-vacaciones-de-verano\/","robots":"max-image-preview:large","keywords":"noticias y actualidad","webmasterTools":{"google-site-verification":"UA-38556648-1","miscellaneous":""},"schema":{"@context":"https:\/\/schema.org","@graph":[{"@type":"Article","@id":"https:\/\/eldigitaldeasturias.com\/magazine365\/el-55-de-los-espanoles-destinara-una-nomina-o-la-paga-extra-a-las-vacaciones-de-verano\/#article","name":"El 55% de los espa\u00f1oles destinar\u00e1 una n\u00f3mina o la paga \u2018extra\u2019 a las vacaciones de verano | El Digital de Asturias","headline":"El 55% de los espa\u00f1oles destinar\u00e1 una n\u00f3mina o la paga &#8216;extra&#8217; a las vacaciones de verano","author":{"@id":"https:\/\/eldigitaldeasturias.com\/magazine365\/author\/admin\/#author"},"publisher":{"@id":"https:\/\/eldigitaldeasturias.com\/magazine365\/#organization"},"image":{"@type":"ImageObject","url":"https:\/\/eldigitaldeasturias.com\/magazine365\/wp-content\/uploads\/2016\/06\/fotonoticia_20160623102944_800.jpg","width":800,"height":601},"datePublished":"2016-06-24T14:24:25+02:00","dateModified":"2016-06-24T14:24:25+02:00","inLanguage":"es-ES","mainEntityOfPage":{"@id":"https:\/\/eldigitaldeasturias.com\/magazine365\/el-55-de-los-espanoles-destinara-una-nomina-o-la-paga-extra-a-las-vacaciones-de-verano\/#webpage"},"isPartOf":{"@id":"https:\/\/eldigitaldeasturias.com\/magazine365\/el-55-de-los-espanoles-destinara-una-nomina-o-la-paga-extra-a-las-vacaciones-de-verano\/#webpage"},"articleSection":"Noticias y Actualidad"},{"@type":"BreadcrumbList","@id":"https:\/\/eldigitaldeasturias.com\/magazine365\/el-55-de-los-espanoles-destinara-una-nomina-o-la-paga-extra-a-las-vacaciones-de-verano\/#breadcrumblist","itemListElement":[{"@type":"ListItem","@id":"https:\/\/eldigitaldeasturias.com\/magazine365#listItem","position":1,"name":"Home","item":"https:\/\/eldigitaldeasturias.com\/magazine365","nextItem":{"@type":"ListItem","@id":"https:\/\/eldigitaldeasturias.com\/magazine365\/category\/noticias-actualidad\/#listItem","name":"Noticias y Actualidad"}},{"@type":"ListItem","@id":"https:\/\/eldigitaldeasturias.com\/magazine365\/category\/noticias-actualidad\/#listItem","position":2,"name":"Noticias y Actualidad","item":"https:\/\/eldigitaldeasturias.com\/magazine365\/category\/noticias-actualidad\/","nextItem":{"@type":"ListItem","@id":"https:\/\/eldigitaldeasturias.com\/magazine365\/el-55-de-los-espanoles-destinara-una-nomina-o-la-paga-extra-a-las-vacaciones-de-verano\/#listItem","name":"El 55% de los espa\u00f1oles destinar\u00e1 una n\u00f3mina o la paga &#8216;extra&#8217; a las vacaciones de verano"},"previousItem":{"@type":"ListItem","@id":"https:\/\/eldigitaldeasturias.com\/magazine365#listItem","name":"Home"}},{"@type":"ListItem","@id":"https:\/\/eldigitaldeasturias.com\/magazine365\/el-55-de-los-espanoles-destinara-una-nomina-o-la-paga-extra-a-las-vacaciones-de-verano\/#listItem","position":3,"name":"El 55% de los espa\u00f1oles destinar\u00e1 una n\u00f3mina o la paga &#8216;extra&#8217; a las vacaciones de verano","previousItem":{"@type":"ListItem","@id":"https:\/\/eldigitaldeasturias.com\/magazine365\/category\/noticias-actualidad\/#listItem","name":"Noticias y Actualidad"}}]},{"@type":"Organization","@id":"https:\/\/eldigitaldeasturias.com\/magazine365\/#organization","name":"El digital de Asturias","description":"Revista de ocio, turismo y estilo de vida","url":"https:\/\/eldigitaldeasturias.com\/magazine365\/","logo":{"@type":"ImageObject","url":"https:\/\/www.eldigitaldeasturias.com\/noticias\/wp-content\/uploads\/2020\/12\/EDA.jpg","@id":"https:\/\/eldigitaldeasturias.com\/magazine365\/el-55-de-los-espanoles-destinara-una-nomina-o-la-paga-extra-a-las-vacaciones-de-verano\/#organizationLogo"},"image":{"@id":"https:\/\/eldigitaldeasturias.com\/magazine365\/el-55-de-los-espanoles-destinara-una-nomina-o-la-paga-extra-a-las-vacaciones-de-verano\/#organizationLogo"}},{"@type":"Person","@id":"https:\/\/eldigitaldeasturias.com\/magazine365\/author\/admin\/#author","url":"https:\/\/eldigitaldeasturias.com\/magazine365\/author\/admin\/","name":"admin","image":{"@type":"ImageObject","@id":"https:\/\/eldigitaldeasturias.com\/magazine365\/el-55-de-los-espanoles-destinara-una-nomina-o-la-paga-extra-a-las-vacaciones-de-verano\/#authorImage","url":"https:\/\/eldigitaldeasturias.com\/magazine365\/wp-content\/litespeed\/avatar\/e571bcf59a0edd6fa6838245a470f2fe.jpg?ver=1776969259","width":96,"height":96,"caption":"admin"}},{"@type":"WebPage","@id":"https:\/\/eldigitaldeasturias.com\/magazine365\/el-55-de-los-espanoles-destinara-una-nomina-o-la-paga-extra-a-las-vacaciones-de-verano\/#webpage","url":"https:\/\/eldigitaldeasturias.com\/magazine365\/el-55-de-los-espanoles-destinara-una-nomina-o-la-paga-extra-a-las-vacaciones-de-verano\/","name":"El 55% de los espa\u00f1oles destinar\u00e1 una n\u00f3mina o la paga \u2018extra\u2019 a las vacaciones de verano | El Digital de Asturias","description":"El 55% de los espa\u00f1oles destinar\u00e1 una n\u00f3mina o la paga 'extra' a las vacaciones de verano, uno de cada cuatro gastar\u00e1 alrededor de dos n\u00f3minas o m\u00e1s y el 25% espera gastar la mitad de su n\u00f3mina o menos, seg\u00fan los datos proporcionados por la tienda de viajes m\u00e1s grande del mundo PANGEA. De","inLanguage":"es-ES","isPartOf":{"@id":"https:\/\/eldigitaldeasturias.com\/magazine365\/#website"},"breadcrumb":{"@id":"https:\/\/eldigitaldeasturias.com\/magazine365\/el-55-de-los-espanoles-destinara-una-nomina-o-la-paga-extra-a-las-vacaciones-de-verano\/#breadcrumblist"},"author":{"@id":"https:\/\/eldigitaldeasturias.com\/magazine365\/author\/admin\/#author"},"creator":{"@id":"https:\/\/eldigitaldeasturias.com\/magazine365\/author\/admin\/#author"},"image":{"@type":"ImageObject","url":"https:\/\/eldigitaldeasturias.com\/magazine365\/wp-content\/uploads\/2016\/06\/fotonoticia_20160623102944_800.jpg","@id":"https:\/\/eldigitaldeasturias.com\/magazine365\/el-55-de-los-espanoles-destinara-una-nomina-o-la-paga-extra-a-las-vacaciones-de-verano\/#mainImage","width":800,"height":601},"primaryImageOfPage":{"@id":"https:\/\/eldigitaldeasturias.com\/magazine365\/el-55-de-los-espanoles-destinara-una-nomina-o-la-paga-extra-a-las-vacaciones-de-verano\/#mainImage"},"datePublished":"2016-06-24T14:24:25+02:00","dateModified":"2016-06-24T14:24:25+02:00"},{"@type":"WebSite","@id":"https:\/\/eldigitaldeasturias.com\/magazine365\/#website","url":"https:\/\/eldigitaldeasturias.com\/magazine365\/","name":"El Digital de Asturias","description":"Revista de ocio, turismo y estilo de vida","inLanguage":"es-ES","publisher":{"@id":"https:\/\/eldigitaldeasturias.com\/magazine365\/#organization"}}]},"og:locale":"es_ES","og:site_name":"El Digital de Asturias \u2013 Revista de ocio, turismo y estilo de vida","og:type":"article","og:title":"El 55% de los espa\u00f1oles destinar\u00e1 una n\u00f3mina o la paga \u2018extra\u2019 a las vacaciones de verano | El Digital de Asturias","og:description":"El 55% de los espa\u00f1oles destinar\u00e1 una n\u00f3mina o la paga 'extra' a las vacaciones de verano, uno de cada cuatro gastar\u00e1 alrededor de dos n\u00f3minas o m\u00e1s y el 25% espera gastar la mitad de su n\u00f3mina o menos, seg\u00fan los datos proporcionados por la tienda de viajes m\u00e1s grande del mundo PANGEA. De","og:url":"https:\/\/eldigitaldeasturias.com\/magazine365\/el-55-de-los-espanoles-destinara-una-nomina-o-la-paga-extra-a-las-vacaciones-de-verano\/","og:image":"https:\/\/eldigitaldeasturias.com\/magazine365\/wp-content\/uploads\/2016\/06\/fotonoticia_20160623102944_800.jpg","og:image:secure_url":"https:\/\/eldigitaldeasturias.com\/magazine365\/wp-content\/uploads\/2016\/06\/fotonoticia_20160623102944_800.jpg","og:image:width":800,"og:image:height":601,"article:published_time":"2016-06-24T12:24:25+00:00","article:modified_time":"2016-06-24T12:24:25+00:00","twitter:card":"summary_large_image","twitter:title":"El 55% de los espa\u00f1oles destinar\u00e1 una n\u00f3mina o la paga \u2018extra\u2019 a las vacaciones de verano | El Digital de Asturias","twitter:description":"El 55% de los espa\u00f1oles destinar\u00e1 una n\u00f3mina o la paga 'extra' a las vacaciones de verano, uno de cada cuatro gastar\u00e1 alrededor de dos n\u00f3minas o m\u00e1s y el 25% espera gastar la mitad de su n\u00f3mina o menos, seg\u00fan los datos proporcionados por la tienda de viajes m\u00e1s grande del mundo PANGEA. De","twitter:image":"https:\/\/eldigitaldeasturias.com\/magazine365\/wp-content\/uploads\/2016\/06\/fotonoticia_20160623102944_800.jpg"},"aioseo_meta_data":{"post_id":"80527","title":null,"description":null,"keywords":null,"keyphrases":null,"primary_term":null,"canonical_url":null,"og_title":null,"og_description":null,"og_object_type":"default","og_image_type":"default","og_image_url":null,"og_image_width":null,"og_image_height":null,"og_image_custom_url":null,"og_image_custom_fields":null,"og_video":null,"og_custom_url":null,"og_article_section":null,"og_article_tags":null,"twitter_use_og":false,"twitter_card":"default","twitter_image_type":"default","twitter_image_url":null,"twitter_image_custom_url":null,"twitter_image_custom_fields":null,"twitter_title":null,"twitter_description":null,"schema":{"blockGraphs":[],"customGraphs":[],"default":{"data":{"Article":[],"Course":[],"Dataset":[],"FAQPage":[],"Movie":[],"Person":[],"Product":[],"ProductReview":[],"Car":[],"Recipe":[],"Service":[],"SoftwareApplication":[],"WebPage":[]},"graphName":"","isEnabled":true},"graphs":[],"defaultGraph":"","defaultPostTypeGraph":""},"schema_type":null,"schema_type_options":null,"pillar_content":false,"robots_default":true,"robots_noindex":false,"robots_noarchive":false,"robots_nosnippet":false,"robots_nofollow":false,"robots_noimageindex":false,"robots_noodp":false,"robots_notranslate":false,"robots_max_snippet":null,"robots_max_videopreview":null,"robots_max_imagepreview":"large","priority":null,"frequency":null,"location":null,"local_seo":null,"seo_analyzer_scan_date":"2025-09-27 21:00:20","breadcrumb_settings":null,"limit_modified_date":false,"open_ai":null,"ai":null,"created":"2021-03-08 17:32:25","updated":"2025-09-27 21:00:20"},"aioseo_breadcrumb":"<div class=\"aioseo-breadcrumbs\"><span class=\"aioseo-breadcrumb\">\n\t<a href=\"https:\/\/eldigitaldeasturias.com\/magazine365\" title=\"Home\">Home<\/a>\n<\/span><span class=\"aioseo-breadcrumb-separator\">\u2013<\/span><span class=\"aioseo-breadcrumb\">\n\t<a href=\"https:\/\/eldigitaldeasturias.com\/magazine365\/category\/noticias-actualidad\/\" title=\"Noticias y Actualidad\">Noticias y Actualidad<\/a>\n<\/span><span class=\"aioseo-breadcrumb-separator\">\u2013<\/span><span class=\"aioseo-breadcrumb\">\n\t<a href=\"https:\/\/eldigitaldeasturias.com\/magazine365\/el-55-de-los-espanoles-destinara-una-nomina-o-la-paga-extra-a-las-vacaciones-de-verano\/\" title=\"El 55% de los espa\u00f1oles destinar\u00e1 una n\u00f3mina o la paga \u2018extra\u2019 a las vacaciones de verano\">El 55% de los espa\u00f1oles destinar\u00e1 una n\u00f3mina o la paga \u2018extra\u2019 a las vacaciones de verano<\/a>\n<\/span><\/div>","aioseo_breadcrumb_json":[{"label":"Home","link":"https:\/\/eldigitaldeasturias.com\/magazine365"},{"label":"Noticias y Actualidad","link":"https:\/\/eldigitaldeasturias.com\/magazine365\/category\/noticias-actualidad\/"},{"label":"El 55% de los espa\u00f1oles destinar\u00e1 una n\u00f3mina o la paga &#8216;extra&#8217; a las vacaciones de verano","link":"https:\/\/eldigitaldeasturias.com\/magazine365\/el-55-de-los-espanoles-destinara-una-nomina-o-la-paga-extra-a-las-vacaciones-de-verano\/"}],"_links":{"self":[{"href":"https:\/\/eldigitaldeasturias.com\/magazine365\/wp-json\/wp\/v2\/posts\/80527","targetHints":{"allow":["GET"]}}],"collection":[{"href":"https:\/\/eldigitaldeasturias.com\/magazine365\/wp-json\/wp\/v2\/posts"}],"about":[{"href":"https:\/\/eldigitaldeasturias.com\/magazine365\/wp-json\/wp\/v2\/types\/post"}],"author":[{"embeddable":true,"href":"https:\/\/eldigitaldeasturias.com\/magazine365\/wp-json\/wp\/v2\/users\/1"}],"replies":[{"embeddable":true,"href":"https:\/\/eldigitaldeasturias.com\/magazine365\/wp-json\/wp\/v2\/comments?post=80527"}],"version-history":[{"count":0,"href":"https:\/\/eldigitaldeasturias.com\/magazine365\/wp-json\/wp\/v2\/posts\/80527\/revisions"}],"wp:featuredmedia":[{"embeddable":true,"href":"https:\/\/eldigitaldeasturias.com\/magazine365\/wp-json\/wp\/v2\/media\/80530"}],"wp:attachment":[{"href":"https:\/\/eldigitaldeasturias.com\/magazine365\/wp-json\/wp\/v2\/media?parent=80527"}],"wp:term":[{"taxonomy":"category","embeddable":true,"href":"https:\/\/eldigitaldeasturias.com\/magazine365\/wp-json\/wp\/v2\/categories?post=80527"},{"taxonomy":"post_tag","embeddable":true,"href":"https:\/\/eldigitaldeasturias.com\/magazine365\/wp-json\/wp\/v2\/tags?post=80527"}],"curies":[{"name":"wp","href":"https:\/\/api.w.org\/{rel}","templated":true}]}}