{"id":80525,"date":"2016-06-24T14:23:16","date_gmt":"2016-06-24T12:23:16","guid":{"rendered":"http:\/\/eldigitaldeasturias.com\/magazine365\/?p=80525"},"modified":"2016-06-24T14:23:16","modified_gmt":"2016-06-24T12:23:16","slug":"el-barril-de-brent-cae-un-26","status":"publish","type":"post","link":"https:\/\/eldigitaldeasturias.com\/magazine365\/el-barril-de-brent-cae-un-26\/","title":{"rendered":"El barril de Brent cae un 2,6%"},"content":{"rendered":"<p><img fetchpriority=\"high\" decoding=\"async\" class=\"alignleft size-medium wp-image-80528\" src=\"https:\/\/eldigitaldeasturias.com\/magazine365\/wp-content\/uploads\/2016\/06\/fotonoticia_20160622192958_800-360x270.jpg\" alt=\"fotonoticia_20160622192958_800\" width=\"360\" height=\"270\" srcset=\"https:\/\/eldigitaldeasturias.com\/magazine365\/wp-content\/uploads\/2016\/06\/fotonoticia_20160622192958_800-360x270.jpg 360w, https:\/\/eldigitaldeasturias.com\/magazine365\/wp-content\/uploads\/2016\/06\/fotonoticia_20160622192958_800-650x488.jpg 650w, https:\/\/eldigitaldeasturias.com\/magazine365\/wp-content\/uploads\/2016\/06\/fotonoticia_20160622192958_800-768x576.jpg 768w, https:\/\/eldigitaldeasturias.com\/magazine365\/wp-content\/uploads\/2016\/06\/fotonoticia_20160622192958_800-150x113.jpg 150w, https:\/\/eldigitaldeasturias.com\/magazine365\/wp-content\/uploads\/2016\/06\/fotonoticia_20160622192958_800-450x338.jpg 450w, https:\/\/eldigitaldeasturias.com\/magazine365\/wp-content\/uploads\/2016\/06\/fotonoticia_20160622192958_800-90x67.jpg 90w, https:\/\/eldigitaldeasturias.com\/magazine365\/wp-content\/uploads\/2016\/06\/fotonoticia_20160622192958_800-164x124.jpg 164w, https:\/\/eldigitaldeasturias.com\/magazine365\/wp-content\/uploads\/2016\/06\/fotonoticia_20160622192958_800-100x75.jpg 100w, https:\/\/eldigitaldeasturias.com\/magazine365\/wp-content\/uploads\/2016\/06\/fotonoticia_20160622192958_800.jpg 800w\" sizes=\"(max-width: 360px) 100vw, 360px\" \/>El precio del barril de petr\u00f3leo Brent, de referencia en Europa, cay\u00f3 un 2,6% este mi\u00e9rcoles y luchaba por alcanzar el nivel de los 50 d\u00f3lares durante la jornada previa al refer\u00e9ndum sobre la permanencia de Reino Unido en la Uni\u00f3n Europea (UE).<\/p>\n<p>En concreto, el barril de Referencia en el Viejo Continente lleg\u00f3 a cotizar a 49,72 d\u00f3lares, frente a los 51,06 d\u00f3lares de la apertura del mercado, lo que supone una devaluaci\u00f3n del 2,6%.<\/p>\n<p>De este modo, el Brent cotiza un 5,9% por debajo de sus m\u00e1ximos anuales alcanzados el pasado 9 de junio, aunque permanece un 31% por encima de su nivel a comienzos de a\u00f1o y se ha revalorizado un 83% respecto a los m\u00ednimos de enero, cuando cotizaba ligeramente por encima de los 27 d\u00f3lares por barril.<\/p>\n<p>Por su parte, el barril West Texas, de referencia en EEUU, cotizaba en el entorno de los 49,23 d\u00f3lares, frente a los m\u00ednimos anuales de 26 d\u00f3lares registrados en febrero, un 89% m\u00e1s.<\/p>\n","protected":false},"excerpt":{"rendered":"<p>El precio del barril de petr\u00f3leo Brent, de referencia en Europa, cay\u00f3 un 2,6% este mi\u00e9rcoles y luchaba por alcanzar el nivel de los 50 d\u00f3lares durante la jornada previa al refer\u00e9ndum sobre la permanencia de Reino Unido en la Uni\u00f3n Europea (UE). En concreto, el barril de Referencia en el Viejo Continente lleg\u00f3 a<\/p>\n","protected":false},"author":1,"featured_media":80528,"comment_status":"open","ping_status":"closed","sticky":false,"template":"","format":"standard","meta":{"footnotes":""},"categories":[224],"tags":[],"class_list":{"0":"post-80525","1":"post","2":"type-post","3":"status-publish","4":"format-standard","5":"has-post-thumbnail","7":"category-noticias-actualidad"},"aioseo_notices":[],"aioseo_head":"\n\t\t<!-- All in One SEO Pro 4.9.6.1 - aioseo.com -->\n\t<meta name=\"description\" content=\"El precio del barril de petr\u00f3leo Brent, de referencia en Europa, cay\u00f3 un 2,6% este mi\u00e9rcoles y luchaba por alcanzar el nivel de los 50 d\u00f3lares durante la jornada previa al refer\u00e9ndum sobre la permanencia de Reino Unido en la Uni\u00f3n Europea (UE). En concreto, el barril de Referencia en el Viejo Continente lleg\u00f3 a\" \/>\n\t<meta name=\"robots\" content=\"max-image-preview:large\" \/>\n\t<meta name=\"author\" content=\"admin\"\/>\n\t<meta name=\"google-site-verification\" content=\"UA-38556648-1\" \/>\n\t<meta name=\"keywords\" content=\"noticias y actualidad\" \/>\n\t<link rel=\"canonical\" href=\"https:\/\/eldigitaldeasturias.com\/magazine365\/el-barril-de-brent-cae-un-26\/\" \/>\n\t<meta name=\"generator\" content=\"All in One SEO Pro (AIOSEO) 4.9.6.1\" \/>\n\t\t<meta property=\"og:locale\" content=\"es_ES\" \/>\n\t\t<meta property=\"og:site_name\" content=\"El Digital de Asturias \u2013 Revista de ocio, turismo y estilo de vida\" \/>\n\t\t<meta property=\"og:type\" content=\"article\" \/>\n\t\t<meta property=\"og:title\" content=\"El barril de Brent cae un 2,6% | El Digital de Asturias\" \/>\n\t\t<meta property=\"og:description\" content=\"El precio del barril de petr\u00f3leo Brent, de referencia en Europa, cay\u00f3 un 2,6% este mi\u00e9rcoles y luchaba por alcanzar el nivel de los 50 d\u00f3lares durante la jornada previa al refer\u00e9ndum sobre la permanencia de Reino Unido en la Uni\u00f3n Europea (UE). En concreto, el barril de Referencia en el Viejo Continente lleg\u00f3 a\" \/>\n\t\t<meta property=\"og:url\" content=\"https:\/\/eldigitaldeasturias.com\/magazine365\/el-barril-de-brent-cae-un-26\/\" \/>\n\t\t<meta property=\"og:image\" content=\"https:\/\/eldigitaldeasturias.com\/magazine365\/wp-content\/uploads\/2016\/06\/fotonoticia_20160622192958_800.jpg\" \/>\n\t\t<meta property=\"og:image:secure_url\" content=\"https:\/\/eldigitaldeasturias.com\/magazine365\/wp-content\/uploads\/2016\/06\/fotonoticia_20160622192958_800.jpg\" \/>\n\t\t<meta property=\"og:image:width\" content=\"800\" \/>\n\t\t<meta property=\"og:image:height\" content=\"600\" \/>\n\t\t<meta property=\"article:published_time\" content=\"2016-06-24T12:23:16+00:00\" \/>\n\t\t<meta property=\"article:modified_time\" content=\"2016-06-24T12:23:16+00:00\" \/>\n\t\t<meta name=\"twitter:card\" content=\"summary_large_image\" \/>\n\t\t<meta name=\"twitter:title\" content=\"El barril de Brent cae un 2,6% | El Digital de Asturias\" \/>\n\t\t<meta name=\"twitter:description\" content=\"El precio del barril de petr\u00f3leo Brent, de referencia en Europa, cay\u00f3 un 2,6% este mi\u00e9rcoles y luchaba por alcanzar el nivel de los 50 d\u00f3lares durante la jornada previa al refer\u00e9ndum sobre la permanencia de Reino Unido en la Uni\u00f3n Europea (UE). En concreto, el barril de Referencia en el Viejo Continente lleg\u00f3 a\" \/>\n\t\t<meta name=\"twitter:image\" content=\"https:\/\/eldigitaldeasturias.com\/magazine365\/wp-content\/uploads\/2016\/06\/fotonoticia_20160622192958_800.jpg\" \/>\n\t\t<script type=\"application\/ld+json\" class=\"aioseo-schema\">\n\t\t\t{\"@context\":\"https:\\\/\\\/schema.org\",\"@graph\":[{\"@type\":\"Article\",\"@id\":\"https:\\\/\\\/eldigitaldeasturias.com\\\/magazine365\\\/el-barril-de-brent-cae-un-26\\\/#article\",\"name\":\"El barril de Brent cae un 2,6% | El Digital de Asturias\",\"headline\":\"El barril de Brent cae un 2,6%\",\"author\":{\"@id\":\"https:\\\/\\\/eldigitaldeasturias.com\\\/magazine365\\\/author\\\/admin\\\/#author\"},\"publisher\":{\"@id\":\"https:\\\/\\\/eldigitaldeasturias.com\\\/magazine365\\\/#organization\"},\"image\":{\"@type\":\"ImageObject\",\"url\":\"https:\\\/\\\/eldigitaldeasturias.com\\\/magazine365\\\/wp-content\\\/uploads\\\/2016\\\/06\\\/fotonoticia_20160622192958_800.jpg\",\"width\":800,\"height\":600},\"datePublished\":\"2016-06-24T14:23:16+02:00\",\"dateModified\":\"2016-06-24T14:23:16+02:00\",\"inLanguage\":\"es-ES\",\"mainEntityOfPage\":{\"@id\":\"https:\\\/\\\/eldigitaldeasturias.com\\\/magazine365\\\/el-barril-de-brent-cae-un-26\\\/#webpage\"},\"isPartOf\":{\"@id\":\"https:\\\/\\\/eldigitaldeasturias.com\\\/magazine365\\\/el-barril-de-brent-cae-un-26\\\/#webpage\"},\"articleSection\":\"Noticias y Actualidad\"},{\"@type\":\"BreadcrumbList\",\"@id\":\"https:\\\/\\\/eldigitaldeasturias.com\\\/magazine365\\\/el-barril-de-brent-cae-un-26\\\/#breadcrumblist\",\"itemListElement\":[{\"@type\":\"ListItem\",\"@id\":\"https:\\\/\\\/eldigitaldeasturias.com\\\/magazine365#listItem\",\"position\":1,\"name\":\"Home\",\"item\":\"https:\\\/\\\/eldigitaldeasturias.com\\\/magazine365\",\"nextItem\":{\"@type\":\"ListItem\",\"@id\":\"https:\\\/\\\/eldigitaldeasturias.com\\\/magazine365\\\/category\\\/noticias-actualidad\\\/#listItem\",\"name\":\"Noticias y Actualidad\"}},{\"@type\":\"ListItem\",\"@id\":\"https:\\\/\\\/eldigitaldeasturias.com\\\/magazine365\\\/category\\\/noticias-actualidad\\\/#listItem\",\"position\":2,\"name\":\"Noticias y Actualidad\",\"item\":\"https:\\\/\\\/eldigitaldeasturias.com\\\/magazine365\\\/category\\\/noticias-actualidad\\\/\",\"nextItem\":{\"@type\":\"ListItem\",\"@id\":\"https:\\\/\\\/eldigitaldeasturias.com\\\/magazine365\\\/el-barril-de-brent-cae-un-26\\\/#listItem\",\"name\":\"El barril de Brent cae un 2,6%\"},\"previousItem\":{\"@type\":\"ListItem\",\"@id\":\"https:\\\/\\\/eldigitaldeasturias.com\\\/magazine365#listItem\",\"name\":\"Home\"}},{\"@type\":\"ListItem\",\"@id\":\"https:\\\/\\\/eldigitaldeasturias.com\\\/magazine365\\\/el-barril-de-brent-cae-un-26\\\/#listItem\",\"position\":3,\"name\":\"El barril de Brent cae un 2,6%\",\"previousItem\":{\"@type\":\"ListItem\",\"@id\":\"https:\\\/\\\/eldigitaldeasturias.com\\\/magazine365\\\/category\\\/noticias-actualidad\\\/#listItem\",\"name\":\"Noticias y Actualidad\"}}]},{\"@type\":\"Organization\",\"@id\":\"https:\\\/\\\/eldigitaldeasturias.com\\\/magazine365\\\/#organization\",\"name\":\"El digital de Asturias\",\"description\":\"Revista de ocio, turismo y estilo de vida\",\"url\":\"https:\\\/\\\/eldigitaldeasturias.com\\\/magazine365\\\/\",\"logo\":{\"@type\":\"ImageObject\",\"url\":\"https:\\\/\\\/www.eldigitaldeasturias.com\\\/noticias\\\/wp-content\\\/uploads\\\/2020\\\/12\\\/EDA.jpg\",\"@id\":\"https:\\\/\\\/eldigitaldeasturias.com\\\/magazine365\\\/el-barril-de-brent-cae-un-26\\\/#organizationLogo\"},\"image\":{\"@id\":\"https:\\\/\\\/eldigitaldeasturias.com\\\/magazine365\\\/el-barril-de-brent-cae-un-26\\\/#organizationLogo\"}},{\"@type\":\"Person\",\"@id\":\"https:\\\/\\\/eldigitaldeasturias.com\\\/magazine365\\\/author\\\/admin\\\/#author\",\"url\":\"https:\\\/\\\/eldigitaldeasturias.com\\\/magazine365\\\/author\\\/admin\\\/\",\"name\":\"admin\",\"image\":{\"@type\":\"ImageObject\",\"@id\":\"https:\\\/\\\/eldigitaldeasturias.com\\\/magazine365\\\/el-barril-de-brent-cae-un-26\\\/#authorImage\",\"url\":\"https:\\\/\\\/eldigitaldeasturias.com\\\/magazine365\\\/wp-content\\\/litespeed\\\/avatar\\\/e571bcf59a0edd6fa6838245a470f2fe.jpg?ver=1776969259\",\"width\":96,\"height\":96,\"caption\":\"admin\"}},{\"@type\":\"WebPage\",\"@id\":\"https:\\\/\\\/eldigitaldeasturias.com\\\/magazine365\\\/el-barril-de-brent-cae-un-26\\\/#webpage\",\"url\":\"https:\\\/\\\/eldigitaldeasturias.com\\\/magazine365\\\/el-barril-de-brent-cae-un-26\\\/\",\"name\":\"El barril de Brent cae un 2,6% | El Digital de Asturias\",\"description\":\"El precio del barril de petr\\u00f3leo Brent, de referencia en Europa, cay\\u00f3 un 2,6% este mi\\u00e9rcoles y luchaba por alcanzar el nivel de los 50 d\\u00f3lares durante la jornada previa al refer\\u00e9ndum sobre la permanencia de Reino Unido en la Uni\\u00f3n Europea (UE). En concreto, el barril de Referencia en el Viejo Continente lleg\\u00f3 a\",\"inLanguage\":\"es-ES\",\"isPartOf\":{\"@id\":\"https:\\\/\\\/eldigitaldeasturias.com\\\/magazine365\\\/#website\"},\"breadcrumb\":{\"@id\":\"https:\\\/\\\/eldigitaldeasturias.com\\\/magazine365\\\/el-barril-de-brent-cae-un-26\\\/#breadcrumblist\"},\"author\":{\"@id\":\"https:\\\/\\\/eldigitaldeasturias.com\\\/magazine365\\\/author\\\/admin\\\/#author\"},\"creator\":{\"@id\":\"https:\\\/\\\/eldigitaldeasturias.com\\\/magazine365\\\/author\\\/admin\\\/#author\"},\"image\":{\"@type\":\"ImageObject\",\"url\":\"https:\\\/\\\/eldigitaldeasturias.com\\\/magazine365\\\/wp-content\\\/uploads\\\/2016\\\/06\\\/fotonoticia_20160622192958_800.jpg\",\"@id\":\"https:\\\/\\\/eldigitaldeasturias.com\\\/magazine365\\\/el-barril-de-brent-cae-un-26\\\/#mainImage\",\"width\":800,\"height\":600},\"primaryImageOfPage\":{\"@id\":\"https:\\\/\\\/eldigitaldeasturias.com\\\/magazine365\\\/el-barril-de-brent-cae-un-26\\\/#mainImage\"},\"datePublished\":\"2016-06-24T14:23:16+02:00\",\"dateModified\":\"2016-06-24T14:23:16+02:00\"},{\"@type\":\"WebSite\",\"@id\":\"https:\\\/\\\/eldigitaldeasturias.com\\\/magazine365\\\/#website\",\"url\":\"https:\\\/\\\/eldigitaldeasturias.com\\\/magazine365\\\/\",\"name\":\"El Digital de Asturias\",\"description\":\"Revista de ocio, turismo y estilo de vida\",\"inLanguage\":\"es-ES\",\"publisher\":{\"@id\":\"https:\\\/\\\/eldigitaldeasturias.com\\\/magazine365\\\/#organization\"}}]}\n\t\t<\/script>\n\t\t<!-- All in One SEO Pro -->\r\n\t\t<title>El barril de Brent cae un 2,6% | El Digital de Asturias<\/title>\n\n","aioseo_head_json":{"title":"El barril de Brent cae un 2,6% | El Digital de Asturias","description":"El precio del barril de petr\u00f3leo Brent, de referencia en Europa, cay\u00f3 un 2,6% este mi\u00e9rcoles y luchaba por alcanzar el nivel de los 50 d\u00f3lares durante la jornada previa al refer\u00e9ndum sobre la permanencia de Reino Unido en la Uni\u00f3n Europea (UE). En concreto, el barril de Referencia en el Viejo Continente lleg\u00f3 a","canonical_url":"https:\/\/eldigitaldeasturias.com\/magazine365\/el-barril-de-brent-cae-un-26\/","robots":"max-image-preview:large","keywords":"noticias y actualidad","webmasterTools":{"google-site-verification":"UA-38556648-1","miscellaneous":""},"schema":{"@context":"https:\/\/schema.org","@graph":[{"@type":"Article","@id":"https:\/\/eldigitaldeasturias.com\/magazine365\/el-barril-de-brent-cae-un-26\/#article","name":"El barril de Brent cae un 2,6% | El Digital de Asturias","headline":"El barril de Brent cae un 2,6%","author":{"@id":"https:\/\/eldigitaldeasturias.com\/magazine365\/author\/admin\/#author"},"publisher":{"@id":"https:\/\/eldigitaldeasturias.com\/magazine365\/#organization"},"image":{"@type":"ImageObject","url":"https:\/\/eldigitaldeasturias.com\/magazine365\/wp-content\/uploads\/2016\/06\/fotonoticia_20160622192958_800.jpg","width":800,"height":600},"datePublished":"2016-06-24T14:23:16+02:00","dateModified":"2016-06-24T14:23:16+02:00","inLanguage":"es-ES","mainEntityOfPage":{"@id":"https:\/\/eldigitaldeasturias.com\/magazine365\/el-barril-de-brent-cae-un-26\/#webpage"},"isPartOf":{"@id":"https:\/\/eldigitaldeasturias.com\/magazine365\/el-barril-de-brent-cae-un-26\/#webpage"},"articleSection":"Noticias y Actualidad"},{"@type":"BreadcrumbList","@id":"https:\/\/eldigitaldeasturias.com\/magazine365\/el-barril-de-brent-cae-un-26\/#breadcrumblist","itemListElement":[{"@type":"ListItem","@id":"https:\/\/eldigitaldeasturias.com\/magazine365#listItem","position":1,"name":"Home","item":"https:\/\/eldigitaldeasturias.com\/magazine365","nextItem":{"@type":"ListItem","@id":"https:\/\/eldigitaldeasturias.com\/magazine365\/category\/noticias-actualidad\/#listItem","name":"Noticias y Actualidad"}},{"@type":"ListItem","@id":"https:\/\/eldigitaldeasturias.com\/magazine365\/category\/noticias-actualidad\/#listItem","position":2,"name":"Noticias y Actualidad","item":"https:\/\/eldigitaldeasturias.com\/magazine365\/category\/noticias-actualidad\/","nextItem":{"@type":"ListItem","@id":"https:\/\/eldigitaldeasturias.com\/magazine365\/el-barril-de-brent-cae-un-26\/#listItem","name":"El barril de Brent cae un 2,6%"},"previousItem":{"@type":"ListItem","@id":"https:\/\/eldigitaldeasturias.com\/magazine365#listItem","name":"Home"}},{"@type":"ListItem","@id":"https:\/\/eldigitaldeasturias.com\/magazine365\/el-barril-de-brent-cae-un-26\/#listItem","position":3,"name":"El barril de Brent cae un 2,6%","previousItem":{"@type":"ListItem","@id":"https:\/\/eldigitaldeasturias.com\/magazine365\/category\/noticias-actualidad\/#listItem","name":"Noticias y Actualidad"}}]},{"@type":"Organization","@id":"https:\/\/eldigitaldeasturias.com\/magazine365\/#organization","name":"El digital de Asturias","description":"Revista de ocio, turismo y estilo de vida","url":"https:\/\/eldigitaldeasturias.com\/magazine365\/","logo":{"@type":"ImageObject","url":"https:\/\/www.eldigitaldeasturias.com\/noticias\/wp-content\/uploads\/2020\/12\/EDA.jpg","@id":"https:\/\/eldigitaldeasturias.com\/magazine365\/el-barril-de-brent-cae-un-26\/#organizationLogo"},"image":{"@id":"https:\/\/eldigitaldeasturias.com\/magazine365\/el-barril-de-brent-cae-un-26\/#organizationLogo"}},{"@type":"Person","@id":"https:\/\/eldigitaldeasturias.com\/magazine365\/author\/admin\/#author","url":"https:\/\/eldigitaldeasturias.com\/magazine365\/author\/admin\/","name":"admin","image":{"@type":"ImageObject","@id":"https:\/\/eldigitaldeasturias.com\/magazine365\/el-barril-de-brent-cae-un-26\/#authorImage","url":"https:\/\/eldigitaldeasturias.com\/magazine365\/wp-content\/litespeed\/avatar\/e571bcf59a0edd6fa6838245a470f2fe.jpg?ver=1776969259","width":96,"height":96,"caption":"admin"}},{"@type":"WebPage","@id":"https:\/\/eldigitaldeasturias.com\/magazine365\/el-barril-de-brent-cae-un-26\/#webpage","url":"https:\/\/eldigitaldeasturias.com\/magazine365\/el-barril-de-brent-cae-un-26\/","name":"El barril de Brent cae un 2,6% | El Digital de Asturias","description":"El precio del barril de petr\u00f3leo Brent, de referencia en Europa, cay\u00f3 un 2,6% este mi\u00e9rcoles y luchaba por alcanzar el nivel de los 50 d\u00f3lares durante la jornada previa al refer\u00e9ndum sobre la permanencia de Reino Unido en la Uni\u00f3n Europea (UE). En concreto, el barril de Referencia en el Viejo Continente lleg\u00f3 a","inLanguage":"es-ES","isPartOf":{"@id":"https:\/\/eldigitaldeasturias.com\/magazine365\/#website"},"breadcrumb":{"@id":"https:\/\/eldigitaldeasturias.com\/magazine365\/el-barril-de-brent-cae-un-26\/#breadcrumblist"},"author":{"@id":"https:\/\/eldigitaldeasturias.com\/magazine365\/author\/admin\/#author"},"creator":{"@id":"https:\/\/eldigitaldeasturias.com\/magazine365\/author\/admin\/#author"},"image":{"@type":"ImageObject","url":"https:\/\/eldigitaldeasturias.com\/magazine365\/wp-content\/uploads\/2016\/06\/fotonoticia_20160622192958_800.jpg","@id":"https:\/\/eldigitaldeasturias.com\/magazine365\/el-barril-de-brent-cae-un-26\/#mainImage","width":800,"height":600},"primaryImageOfPage":{"@id":"https:\/\/eldigitaldeasturias.com\/magazine365\/el-barril-de-brent-cae-un-26\/#mainImage"},"datePublished":"2016-06-24T14:23:16+02:00","dateModified":"2016-06-24T14:23:16+02:00"},{"@type":"WebSite","@id":"https:\/\/eldigitaldeasturias.com\/magazine365\/#website","url":"https:\/\/eldigitaldeasturias.com\/magazine365\/","name":"El Digital de Asturias","description":"Revista de ocio, turismo y estilo de vida","inLanguage":"es-ES","publisher":{"@id":"https:\/\/eldigitaldeasturias.com\/magazine365\/#organization"}}]},"og:locale":"es_ES","og:site_name":"El Digital de Asturias \u2013 Revista de ocio, turismo y estilo de vida","og:type":"article","og:title":"El barril de Brent cae un 2,6% | El Digital de Asturias","og:description":"El precio del barril de petr\u00f3leo Brent, de referencia en Europa, cay\u00f3 un 2,6% este mi\u00e9rcoles y luchaba por alcanzar el nivel de los 50 d\u00f3lares durante la jornada previa al refer\u00e9ndum sobre la permanencia de Reino Unido en la Uni\u00f3n Europea (UE). En concreto, el barril de Referencia en el Viejo Continente lleg\u00f3 a","og:url":"https:\/\/eldigitaldeasturias.com\/magazine365\/el-barril-de-brent-cae-un-26\/","og:image":"https:\/\/eldigitaldeasturias.com\/magazine365\/wp-content\/uploads\/2016\/06\/fotonoticia_20160622192958_800.jpg","og:image:secure_url":"https:\/\/eldigitaldeasturias.com\/magazine365\/wp-content\/uploads\/2016\/06\/fotonoticia_20160622192958_800.jpg","og:image:width":800,"og:image:height":600,"article:published_time":"2016-06-24T12:23:16+00:00","article:modified_time":"2016-06-24T12:23:16+00:00","twitter:card":"summary_large_image","twitter:title":"El barril de Brent cae un 2,6% | El Digital de Asturias","twitter:description":"El precio del barril de petr\u00f3leo Brent, de referencia en Europa, cay\u00f3 un 2,6% este mi\u00e9rcoles y luchaba por alcanzar el nivel de los 50 d\u00f3lares durante la jornada previa al refer\u00e9ndum sobre la permanencia de Reino Unido en la Uni\u00f3n Europea (UE). En concreto, el barril de Referencia en el Viejo Continente lleg\u00f3 a","twitter:image":"https:\/\/eldigitaldeasturias.com\/magazine365\/wp-content\/uploads\/2016\/06\/fotonoticia_20160622192958_800.jpg"},"aioseo_meta_data":{"post_id":"80525","title":null,"description":null,"keywords":null,"keyphrases":null,"primary_term":null,"canonical_url":null,"og_title":null,"og_description":null,"og_object_type":"default","og_image_type":"default","og_image_url":null,"og_image_width":null,"og_image_height":null,"og_image_custom_url":null,"og_image_custom_fields":null,"og_video":null,"og_custom_url":null,"og_article_section":null,"og_article_tags":null,"twitter_use_og":false,"twitter_card":"default","twitter_image_type":"default","twitter_image_url":null,"twitter_image_custom_url":null,"twitter_image_custom_fields":null,"twitter_title":null,"twitter_description":null,"schema":{"blockGraphs":[],"customGraphs":[],"default":{"data":{"Article":[],"Course":[],"Dataset":[],"FAQPage":[],"Movie":[],"Person":[],"Product":[],"ProductReview":[],"Car":[],"Recipe":[],"Service":[],"SoftwareApplication":[],"WebPage":[]},"graphName":"","isEnabled":true},"graphs":[],"defaultGraph":"","defaultPostTypeGraph":""},"schema_type":null,"schema_type_options":null,"pillar_content":false,"robots_default":true,"robots_noindex":false,"robots_noarchive":false,"robots_nosnippet":false,"robots_nofollow":false,"robots_noimageindex":false,"robots_noodp":false,"robots_notranslate":false,"robots_max_snippet":null,"robots_max_videopreview":null,"robots_max_imagepreview":"large","priority":null,"frequency":null,"location":null,"local_seo":null,"seo_analyzer_scan_date":"2025-09-27 21:00:19","breadcrumb_settings":null,"limit_modified_date":false,"open_ai":null,"ai":null,"created":"2021-03-08 17:32:25","updated":"2025-09-27 21:00:19"},"aioseo_breadcrumb":"<div class=\"aioseo-breadcrumbs\"><span class=\"aioseo-breadcrumb\">\n\t<a href=\"https:\/\/eldigitaldeasturias.com\/magazine365\" title=\"Home\">Home<\/a>\n<\/span><span class=\"aioseo-breadcrumb-separator\">\u2013<\/span><span class=\"aioseo-breadcrumb\">\n\t<a href=\"https:\/\/eldigitaldeasturias.com\/magazine365\/category\/noticias-actualidad\/\" title=\"Noticias y Actualidad\">Noticias y Actualidad<\/a>\n<\/span><span class=\"aioseo-breadcrumb-separator\">\u2013<\/span><span class=\"aioseo-breadcrumb\">\n\t<a href=\"https:\/\/eldigitaldeasturias.com\/magazine365\/el-barril-de-brent-cae-un-26\/\" title=\"El barril de Brent cae un 2,6%\">El barril de Brent cae un 2,6%<\/a>\n<\/span><\/div>","aioseo_breadcrumb_json":[{"label":"Home","link":"https:\/\/eldigitaldeasturias.com\/magazine365"},{"label":"Noticias y Actualidad","link":"https:\/\/eldigitaldeasturias.com\/magazine365\/category\/noticias-actualidad\/"},{"label":"El barril de Brent cae un 2,6%","link":"https:\/\/eldigitaldeasturias.com\/magazine365\/el-barril-de-brent-cae-un-26\/"}],"_links":{"self":[{"href":"https:\/\/eldigitaldeasturias.com\/magazine365\/wp-json\/wp\/v2\/posts\/80525","targetHints":{"allow":["GET"]}}],"collection":[{"href":"https:\/\/eldigitaldeasturias.com\/magazine365\/wp-json\/wp\/v2\/posts"}],"about":[{"href":"https:\/\/eldigitaldeasturias.com\/magazine365\/wp-json\/wp\/v2\/types\/post"}],"author":[{"embeddable":true,"href":"https:\/\/eldigitaldeasturias.com\/magazine365\/wp-json\/wp\/v2\/users\/1"}],"replies":[{"embeddable":true,"href":"https:\/\/eldigitaldeasturias.com\/magazine365\/wp-json\/wp\/v2\/comments?post=80525"}],"version-history":[{"count":0,"href":"https:\/\/eldigitaldeasturias.com\/magazine365\/wp-json\/wp\/v2\/posts\/80525\/revisions"}],"wp:featuredmedia":[{"embeddable":true,"href":"https:\/\/eldigitaldeasturias.com\/magazine365\/wp-json\/wp\/v2\/media\/80528"}],"wp:attachment":[{"href":"https:\/\/eldigitaldeasturias.com\/magazine365\/wp-json\/wp\/v2\/media?parent=80525"}],"wp:term":[{"taxonomy":"category","embeddable":true,"href":"https:\/\/eldigitaldeasturias.com\/magazine365\/wp-json\/wp\/v2\/categories?post=80525"},{"taxonomy":"post_tag","embeddable":true,"href":"https:\/\/eldigitaldeasturias.com\/magazine365\/wp-json\/wp\/v2\/tags?post=80525"}],"curies":[{"name":"wp","href":"https:\/\/api.w.org\/{rel}","templated":true}]}}