{"id":80519,"date":"2016-06-24T14:22:53","date_gmt":"2016-06-24T12:22:53","guid":{"rendered":"http:\/\/eldigitaldeasturias.com\/magazine365\/?p=80519"},"modified":"2016-06-24T14:22:53","modified_gmt":"2016-06-24T12:22:53","slug":"adif-ejecuta-obras-de-mejora-en-el-tramo-caminreal-monreal-del-campo","status":"publish","type":"post","link":"https:\/\/eldigitaldeasturias.com\/magazine365\/adif-ejecuta-obras-de-mejora-en-el-tramo-caminreal-monreal-del-campo\/","title":{"rendered":"Adif ejecuta obras de mejora en el tramo Caminreal-Monreal del Campo"},"content":{"rendered":"<p><img fetchpriority=\"high\" decoding=\"async\" class=\"alignleft size-medium wp-image-80524\" src=\"https:\/\/eldigitaldeasturias.com\/magazine365\/wp-content\/uploads\/2016\/06\/fotonoticia_20160623102656_800-360x243.jpg\" alt=\"fotonoticia_20160623102656_800\" width=\"360\" height=\"243\" srcset=\"https:\/\/eldigitaldeasturias.com\/magazine365\/wp-content\/uploads\/2016\/06\/fotonoticia_20160623102656_800-360x243.jpg 360w, https:\/\/eldigitaldeasturias.com\/magazine365\/wp-content\/uploads\/2016\/06\/fotonoticia_20160623102656_800-650x438.jpg 650w, https:\/\/eldigitaldeasturias.com\/magazine365\/wp-content\/uploads\/2016\/06\/fotonoticia_20160623102656_800-768x517.jpg 768w, https:\/\/eldigitaldeasturias.com\/magazine365\/wp-content\/uploads\/2016\/06\/fotonoticia_20160623102656_800-150x101.jpg 150w, https:\/\/eldigitaldeasturias.com\/magazine365\/wp-content\/uploads\/2016\/06\/fotonoticia_20160623102656_800-450x303.jpg 450w, https:\/\/eldigitaldeasturias.com\/magazine365\/wp-content\/uploads\/2016\/06\/fotonoticia_20160623102656_800.jpg 800w\" sizes=\"(max-width: 360px) 100vw, 360px\" \/>Adif ejecutar\u00e1 entre la noche de este jueves y viernes obras de mejora de la infraestructura en el tramo Caminreal-Monreal del Campo, en la l\u00ednea Zaragoza-Teruel-Sagunto.<\/p>\n<p>Los trabajos se desarrollar\u00e1n entre los puntos kilom\u00e9tricos 74\/481 y 74\/859 y consistir\u00e1n en el levante de 18 metros de v\u00eda y balasto, la excavaci\u00f3n de una nueva canalizaci\u00f3n de drenaje, el relleno y el compactado de la plataforma de v\u00eda y la reposici\u00f3n de los elementos de la superestructura.<\/p>\n<p>El objetivo de estas obras es mejorar las condiciones de drenaje de la infraestructura ferroviaria y prevenir posibles incidencias por lluvias intensas que pudieran afectar a la plataforma ferroviaria, seg\u00fan ha informado Adif.<\/p>\n<p>Estas operaciones completar\u00e1n la primera fase de los trabajos llevados a cabo en este punto y gracias a los cuales se suprimi\u00f3 la limitaci\u00f3n temporal de velocidad implantada a causa del desguarnecido de la v\u00eda provocado por un episodio de fuertes lluvias a finales de agosto de 2014.<\/p>\n<p>La necesidad de trabajar en el \u00e1mbito de la plataforma ferroviaria comportar\u00e1 la interrupci\u00f3n de la circulaci\u00f3n en el trayecto Caminreal-Monreal del Campo, entre las 22.00 horas de ma\u00f1ana y las 10.00 horas del viernes, d\u00eda 24.<\/p>\n<p>Con el fin de facilitar la movilidad de los viajeros, Renfe establecer\u00e1 un servicio alternativo por carretera, que realizar\u00e1 las paradas intermedias de ambos trenes en Cella, Santa Eulalia del Campo, Villafranca del Campo, Monreal del Campo y Torrijo.<\/p>\n","protected":false},"excerpt":{"rendered":"<p>Adif ejecutar\u00e1 entre la noche de este jueves y viernes obras de mejora de la infraestructura en el tramo Caminreal-Monreal del Campo, en la l\u00ednea Zaragoza-Teruel-Sagunto. Los trabajos se desarrollar\u00e1n entre los puntos kilom\u00e9tricos 74\/481 y 74\/859 y consistir\u00e1n en el levante de 18 metros de v\u00eda y balasto, la excavaci\u00f3n de una nueva canalizaci\u00f3n<\/p>\n","protected":false},"author":1,"featured_media":80524,"comment_status":"open","ping_status":"closed","sticky":false,"template":"","format":"standard","meta":{"footnotes":""},"categories":[224],"tags":[],"class_list":{"0":"post-80519","1":"post","2":"type-post","3":"status-publish","4":"format-standard","5":"has-post-thumbnail","7":"category-noticias-actualidad"},"aioseo_notices":[],"aioseo_head":"\n\t\t<!-- All in One SEO Pro 4.9.6.1 - aioseo.com -->\n\t<meta name=\"description\" content=\"Adif ejecutar\u00e1 entre la noche de este jueves y viernes obras de mejora de la infraestructura en el tramo Caminreal-Monreal del Campo, en la l\u00ednea Zaragoza-Teruel-Sagunto. Los trabajos se desarrollar\u00e1n entre los puntos kilom\u00e9tricos 74\/481 y 74\/859 y consistir\u00e1n en el levante de 18 metros de v\u00eda y balasto, la excavaci\u00f3n de una nueva canalizaci\u00f3n\" \/>\n\t<meta name=\"robots\" content=\"max-image-preview:large\" \/>\n\t<meta name=\"author\" content=\"admin\"\/>\n\t<meta name=\"google-site-verification\" content=\"UA-38556648-1\" \/>\n\t<meta name=\"keywords\" content=\"noticias y actualidad\" \/>\n\t<link rel=\"canonical\" href=\"https:\/\/eldigitaldeasturias.com\/magazine365\/adif-ejecuta-obras-de-mejora-en-el-tramo-caminreal-monreal-del-campo\/\" \/>\n\t<meta name=\"generator\" content=\"All in One SEO Pro (AIOSEO) 4.9.6.1\" \/>\n\t\t<meta property=\"og:locale\" content=\"es_ES\" \/>\n\t\t<meta property=\"og:site_name\" content=\"El Digital de Asturias \u2013 Revista de ocio, turismo y estilo de vida\" \/>\n\t\t<meta property=\"og:type\" content=\"article\" \/>\n\t\t<meta property=\"og:title\" content=\"Adif ejecuta obras de mejora en el tramo Caminreal-Monreal del Campo | El Digital de Asturias\" \/>\n\t\t<meta property=\"og:description\" content=\"Adif ejecutar\u00e1 entre la noche de este jueves y viernes obras de mejora de la infraestructura en el tramo Caminreal-Monreal del Campo, en la l\u00ednea Zaragoza-Teruel-Sagunto. Los trabajos se desarrollar\u00e1n entre los puntos kilom\u00e9tricos 74\/481 y 74\/859 y consistir\u00e1n en el levante de 18 metros de v\u00eda y balasto, la excavaci\u00f3n de una nueva canalizaci\u00f3n\" \/>\n\t\t<meta property=\"og:url\" content=\"https:\/\/eldigitaldeasturias.com\/magazine365\/adif-ejecuta-obras-de-mejora-en-el-tramo-caminreal-monreal-del-campo\/\" \/>\n\t\t<meta property=\"og:image\" content=\"https:\/\/eldigitaldeasturias.com\/magazine365\/wp-content\/uploads\/2016\/06\/fotonoticia_20160623102656_800.jpg\" \/>\n\t\t<meta property=\"og:image:secure_url\" content=\"https:\/\/eldigitaldeasturias.com\/magazine365\/wp-content\/uploads\/2016\/06\/fotonoticia_20160623102656_800.jpg\" \/>\n\t\t<meta property=\"og:image:width\" content=\"800\" \/>\n\t\t<meta property=\"og:image:height\" content=\"539\" \/>\n\t\t<meta property=\"article:published_time\" content=\"2016-06-24T12:22:53+00:00\" \/>\n\t\t<meta property=\"article:modified_time\" content=\"2016-06-24T12:22:53+00:00\" \/>\n\t\t<meta name=\"twitter:card\" content=\"summary_large_image\" \/>\n\t\t<meta name=\"twitter:title\" content=\"Adif ejecuta obras de mejora en el tramo Caminreal-Monreal del Campo | El Digital de Asturias\" \/>\n\t\t<meta name=\"twitter:description\" content=\"Adif ejecutar\u00e1 entre la noche de este jueves y viernes obras de mejora de la infraestructura en el tramo Caminreal-Monreal del Campo, en la l\u00ednea Zaragoza-Teruel-Sagunto. Los trabajos se desarrollar\u00e1n entre los puntos kilom\u00e9tricos 74\/481 y 74\/859 y consistir\u00e1n en el levante de 18 metros de v\u00eda y balasto, la excavaci\u00f3n de una nueva canalizaci\u00f3n\" \/>\n\t\t<meta name=\"twitter:image\" content=\"https:\/\/eldigitaldeasturias.com\/magazine365\/wp-content\/uploads\/2016\/06\/fotonoticia_20160623102656_800.jpg\" \/>\n\t\t<script type=\"application\/ld+json\" class=\"aioseo-schema\">\n\t\t\t{\"@context\":\"https:\\\/\\\/schema.org\",\"@graph\":[{\"@type\":\"Article\",\"@id\":\"https:\\\/\\\/eldigitaldeasturias.com\\\/magazine365\\\/adif-ejecuta-obras-de-mejora-en-el-tramo-caminreal-monreal-del-campo\\\/#article\",\"name\":\"Adif ejecuta obras de mejora en el tramo Caminreal-Monreal del Campo | El Digital de Asturias\",\"headline\":\"Adif ejecuta obras de mejora en el tramo Caminreal-Monreal del Campo\",\"author\":{\"@id\":\"https:\\\/\\\/eldigitaldeasturias.com\\\/magazine365\\\/author\\\/admin\\\/#author\"},\"publisher\":{\"@id\":\"https:\\\/\\\/eldigitaldeasturias.com\\\/magazine365\\\/#organization\"},\"image\":{\"@type\":\"ImageObject\",\"url\":\"https:\\\/\\\/eldigitaldeasturias.com\\\/magazine365\\\/wp-content\\\/uploads\\\/2016\\\/06\\\/fotonoticia_20160623102656_800.jpg\",\"width\":800,\"height\":539},\"datePublished\":\"2016-06-24T14:22:53+02:00\",\"dateModified\":\"2016-06-24T14:22:53+02:00\",\"inLanguage\":\"es-ES\",\"mainEntityOfPage\":{\"@id\":\"https:\\\/\\\/eldigitaldeasturias.com\\\/magazine365\\\/adif-ejecuta-obras-de-mejora-en-el-tramo-caminreal-monreal-del-campo\\\/#webpage\"},\"isPartOf\":{\"@id\":\"https:\\\/\\\/eldigitaldeasturias.com\\\/magazine365\\\/adif-ejecuta-obras-de-mejora-en-el-tramo-caminreal-monreal-del-campo\\\/#webpage\"},\"articleSection\":\"Noticias y Actualidad\"},{\"@type\":\"BreadcrumbList\",\"@id\":\"https:\\\/\\\/eldigitaldeasturias.com\\\/magazine365\\\/adif-ejecuta-obras-de-mejora-en-el-tramo-caminreal-monreal-del-campo\\\/#breadcrumblist\",\"itemListElement\":[{\"@type\":\"ListItem\",\"@id\":\"https:\\\/\\\/eldigitaldeasturias.com\\\/magazine365#listItem\",\"position\":1,\"name\":\"Home\",\"item\":\"https:\\\/\\\/eldigitaldeasturias.com\\\/magazine365\",\"nextItem\":{\"@type\":\"ListItem\",\"@id\":\"https:\\\/\\\/eldigitaldeasturias.com\\\/magazine365\\\/category\\\/noticias-actualidad\\\/#listItem\",\"name\":\"Noticias y Actualidad\"}},{\"@type\":\"ListItem\",\"@id\":\"https:\\\/\\\/eldigitaldeasturias.com\\\/magazine365\\\/category\\\/noticias-actualidad\\\/#listItem\",\"position\":2,\"name\":\"Noticias y Actualidad\",\"item\":\"https:\\\/\\\/eldigitaldeasturias.com\\\/magazine365\\\/category\\\/noticias-actualidad\\\/\",\"nextItem\":{\"@type\":\"ListItem\",\"@id\":\"https:\\\/\\\/eldigitaldeasturias.com\\\/magazine365\\\/adif-ejecuta-obras-de-mejora-en-el-tramo-caminreal-monreal-del-campo\\\/#listItem\",\"name\":\"Adif ejecuta obras de mejora en el tramo Caminreal-Monreal del Campo\"},\"previousItem\":{\"@type\":\"ListItem\",\"@id\":\"https:\\\/\\\/eldigitaldeasturias.com\\\/magazine365#listItem\",\"name\":\"Home\"}},{\"@type\":\"ListItem\",\"@id\":\"https:\\\/\\\/eldigitaldeasturias.com\\\/magazine365\\\/adif-ejecuta-obras-de-mejora-en-el-tramo-caminreal-monreal-del-campo\\\/#listItem\",\"position\":3,\"name\":\"Adif ejecuta obras de mejora en el tramo Caminreal-Monreal del Campo\",\"previousItem\":{\"@type\":\"ListItem\",\"@id\":\"https:\\\/\\\/eldigitaldeasturias.com\\\/magazine365\\\/category\\\/noticias-actualidad\\\/#listItem\",\"name\":\"Noticias y Actualidad\"}}]},{\"@type\":\"Organization\",\"@id\":\"https:\\\/\\\/eldigitaldeasturias.com\\\/magazine365\\\/#organization\",\"name\":\"El digital de Asturias\",\"description\":\"Revista de ocio, turismo y estilo de vida\",\"url\":\"https:\\\/\\\/eldigitaldeasturias.com\\\/magazine365\\\/\",\"logo\":{\"@type\":\"ImageObject\",\"url\":\"https:\\\/\\\/www.eldigitaldeasturias.com\\\/noticias\\\/wp-content\\\/uploads\\\/2020\\\/12\\\/EDA.jpg\",\"@id\":\"https:\\\/\\\/eldigitaldeasturias.com\\\/magazine365\\\/adif-ejecuta-obras-de-mejora-en-el-tramo-caminreal-monreal-del-campo\\\/#organizationLogo\"},\"image\":{\"@id\":\"https:\\\/\\\/eldigitaldeasturias.com\\\/magazine365\\\/adif-ejecuta-obras-de-mejora-en-el-tramo-caminreal-monreal-del-campo\\\/#organizationLogo\"}},{\"@type\":\"Person\",\"@id\":\"https:\\\/\\\/eldigitaldeasturias.com\\\/magazine365\\\/author\\\/admin\\\/#author\",\"url\":\"https:\\\/\\\/eldigitaldeasturias.com\\\/magazine365\\\/author\\\/admin\\\/\",\"name\":\"admin\",\"image\":{\"@type\":\"ImageObject\",\"@id\":\"https:\\\/\\\/eldigitaldeasturias.com\\\/magazine365\\\/adif-ejecuta-obras-de-mejora-en-el-tramo-caminreal-monreal-del-campo\\\/#authorImage\",\"url\":\"https:\\\/\\\/eldigitaldeasturias.com\\\/magazine365\\\/wp-content\\\/litespeed\\\/avatar\\\/e571bcf59a0edd6fa6838245a470f2fe.jpg?ver=1776969259\",\"width\":96,\"height\":96,\"caption\":\"admin\"}},{\"@type\":\"WebPage\",\"@id\":\"https:\\\/\\\/eldigitaldeasturias.com\\\/magazine365\\\/adif-ejecuta-obras-de-mejora-en-el-tramo-caminreal-monreal-del-campo\\\/#webpage\",\"url\":\"https:\\\/\\\/eldigitaldeasturias.com\\\/magazine365\\\/adif-ejecuta-obras-de-mejora-en-el-tramo-caminreal-monreal-del-campo\\\/\",\"name\":\"Adif ejecuta obras de mejora en el tramo Caminreal-Monreal del Campo | El Digital de Asturias\",\"description\":\"Adif ejecutar\\u00e1 entre la noche de este jueves y viernes obras de mejora de la infraestructura en el tramo Caminreal-Monreal del Campo, en la l\\u00ednea Zaragoza-Teruel-Sagunto. Los trabajos se desarrollar\\u00e1n entre los puntos kilom\\u00e9tricos 74\\\/481 y 74\\\/859 y consistir\\u00e1n en el levante de 18 metros de v\\u00eda y balasto, la excavaci\\u00f3n de una nueva canalizaci\\u00f3n\",\"inLanguage\":\"es-ES\",\"isPartOf\":{\"@id\":\"https:\\\/\\\/eldigitaldeasturias.com\\\/magazine365\\\/#website\"},\"breadcrumb\":{\"@id\":\"https:\\\/\\\/eldigitaldeasturias.com\\\/magazine365\\\/adif-ejecuta-obras-de-mejora-en-el-tramo-caminreal-monreal-del-campo\\\/#breadcrumblist\"},\"author\":{\"@id\":\"https:\\\/\\\/eldigitaldeasturias.com\\\/magazine365\\\/author\\\/admin\\\/#author\"},\"creator\":{\"@id\":\"https:\\\/\\\/eldigitaldeasturias.com\\\/magazine365\\\/author\\\/admin\\\/#author\"},\"image\":{\"@type\":\"ImageObject\",\"url\":\"https:\\\/\\\/eldigitaldeasturias.com\\\/magazine365\\\/wp-content\\\/uploads\\\/2016\\\/06\\\/fotonoticia_20160623102656_800.jpg\",\"@id\":\"https:\\\/\\\/eldigitaldeasturias.com\\\/magazine365\\\/adif-ejecuta-obras-de-mejora-en-el-tramo-caminreal-monreal-del-campo\\\/#mainImage\",\"width\":800,\"height\":539},\"primaryImageOfPage\":{\"@id\":\"https:\\\/\\\/eldigitaldeasturias.com\\\/magazine365\\\/adif-ejecuta-obras-de-mejora-en-el-tramo-caminreal-monreal-del-campo\\\/#mainImage\"},\"datePublished\":\"2016-06-24T14:22:53+02:00\",\"dateModified\":\"2016-06-24T14:22:53+02:00\"},{\"@type\":\"WebSite\",\"@id\":\"https:\\\/\\\/eldigitaldeasturias.com\\\/magazine365\\\/#website\",\"url\":\"https:\\\/\\\/eldigitaldeasturias.com\\\/magazine365\\\/\",\"name\":\"El Digital de Asturias\",\"description\":\"Revista de ocio, turismo y estilo de vida\",\"inLanguage\":\"es-ES\",\"publisher\":{\"@id\":\"https:\\\/\\\/eldigitaldeasturias.com\\\/magazine365\\\/#organization\"}}]}\n\t\t<\/script>\n\t\t<!-- All in One SEO Pro -->\r\n\t\t<title>Adif ejecuta obras de mejora en el tramo Caminreal-Monreal del Campo | El Digital de Asturias<\/title>\n\n","aioseo_head_json":{"title":"Adif ejecuta obras de mejora en el tramo Caminreal-Monreal del Campo | El Digital de Asturias","description":"Adif ejecutar\u00e1 entre la noche de este jueves y viernes obras de mejora de la infraestructura en el tramo Caminreal-Monreal del Campo, en la l\u00ednea Zaragoza-Teruel-Sagunto. Los trabajos se desarrollar\u00e1n entre los puntos kilom\u00e9tricos 74\/481 y 74\/859 y consistir\u00e1n en el levante de 18 metros de v\u00eda y balasto, la excavaci\u00f3n de una nueva canalizaci\u00f3n","canonical_url":"https:\/\/eldigitaldeasturias.com\/magazine365\/adif-ejecuta-obras-de-mejora-en-el-tramo-caminreal-monreal-del-campo\/","robots":"max-image-preview:large","keywords":"noticias y actualidad","webmasterTools":{"google-site-verification":"UA-38556648-1","miscellaneous":""},"schema":{"@context":"https:\/\/schema.org","@graph":[{"@type":"Article","@id":"https:\/\/eldigitaldeasturias.com\/magazine365\/adif-ejecuta-obras-de-mejora-en-el-tramo-caminreal-monreal-del-campo\/#article","name":"Adif ejecuta obras de mejora en el tramo Caminreal-Monreal del Campo | El Digital de Asturias","headline":"Adif ejecuta obras de mejora en el tramo Caminreal-Monreal del Campo","author":{"@id":"https:\/\/eldigitaldeasturias.com\/magazine365\/author\/admin\/#author"},"publisher":{"@id":"https:\/\/eldigitaldeasturias.com\/magazine365\/#organization"},"image":{"@type":"ImageObject","url":"https:\/\/eldigitaldeasturias.com\/magazine365\/wp-content\/uploads\/2016\/06\/fotonoticia_20160623102656_800.jpg","width":800,"height":539},"datePublished":"2016-06-24T14:22:53+02:00","dateModified":"2016-06-24T14:22:53+02:00","inLanguage":"es-ES","mainEntityOfPage":{"@id":"https:\/\/eldigitaldeasturias.com\/magazine365\/adif-ejecuta-obras-de-mejora-en-el-tramo-caminreal-monreal-del-campo\/#webpage"},"isPartOf":{"@id":"https:\/\/eldigitaldeasturias.com\/magazine365\/adif-ejecuta-obras-de-mejora-en-el-tramo-caminreal-monreal-del-campo\/#webpage"},"articleSection":"Noticias y Actualidad"},{"@type":"BreadcrumbList","@id":"https:\/\/eldigitaldeasturias.com\/magazine365\/adif-ejecuta-obras-de-mejora-en-el-tramo-caminreal-monreal-del-campo\/#breadcrumblist","itemListElement":[{"@type":"ListItem","@id":"https:\/\/eldigitaldeasturias.com\/magazine365#listItem","position":1,"name":"Home","item":"https:\/\/eldigitaldeasturias.com\/magazine365","nextItem":{"@type":"ListItem","@id":"https:\/\/eldigitaldeasturias.com\/magazine365\/category\/noticias-actualidad\/#listItem","name":"Noticias y Actualidad"}},{"@type":"ListItem","@id":"https:\/\/eldigitaldeasturias.com\/magazine365\/category\/noticias-actualidad\/#listItem","position":2,"name":"Noticias y Actualidad","item":"https:\/\/eldigitaldeasturias.com\/magazine365\/category\/noticias-actualidad\/","nextItem":{"@type":"ListItem","@id":"https:\/\/eldigitaldeasturias.com\/magazine365\/adif-ejecuta-obras-de-mejora-en-el-tramo-caminreal-monreal-del-campo\/#listItem","name":"Adif ejecuta obras de mejora en el tramo Caminreal-Monreal del Campo"},"previousItem":{"@type":"ListItem","@id":"https:\/\/eldigitaldeasturias.com\/magazine365#listItem","name":"Home"}},{"@type":"ListItem","@id":"https:\/\/eldigitaldeasturias.com\/magazine365\/adif-ejecuta-obras-de-mejora-en-el-tramo-caminreal-monreal-del-campo\/#listItem","position":3,"name":"Adif ejecuta obras de mejora en el tramo Caminreal-Monreal del Campo","previousItem":{"@type":"ListItem","@id":"https:\/\/eldigitaldeasturias.com\/magazine365\/category\/noticias-actualidad\/#listItem","name":"Noticias y Actualidad"}}]},{"@type":"Organization","@id":"https:\/\/eldigitaldeasturias.com\/magazine365\/#organization","name":"El digital de Asturias","description":"Revista de ocio, turismo y estilo de vida","url":"https:\/\/eldigitaldeasturias.com\/magazine365\/","logo":{"@type":"ImageObject","url":"https:\/\/www.eldigitaldeasturias.com\/noticias\/wp-content\/uploads\/2020\/12\/EDA.jpg","@id":"https:\/\/eldigitaldeasturias.com\/magazine365\/adif-ejecuta-obras-de-mejora-en-el-tramo-caminreal-monreal-del-campo\/#organizationLogo"},"image":{"@id":"https:\/\/eldigitaldeasturias.com\/magazine365\/adif-ejecuta-obras-de-mejora-en-el-tramo-caminreal-monreal-del-campo\/#organizationLogo"}},{"@type":"Person","@id":"https:\/\/eldigitaldeasturias.com\/magazine365\/author\/admin\/#author","url":"https:\/\/eldigitaldeasturias.com\/magazine365\/author\/admin\/","name":"admin","image":{"@type":"ImageObject","@id":"https:\/\/eldigitaldeasturias.com\/magazine365\/adif-ejecuta-obras-de-mejora-en-el-tramo-caminreal-monreal-del-campo\/#authorImage","url":"https:\/\/eldigitaldeasturias.com\/magazine365\/wp-content\/litespeed\/avatar\/e571bcf59a0edd6fa6838245a470f2fe.jpg?ver=1776969259","width":96,"height":96,"caption":"admin"}},{"@type":"WebPage","@id":"https:\/\/eldigitaldeasturias.com\/magazine365\/adif-ejecuta-obras-de-mejora-en-el-tramo-caminreal-monreal-del-campo\/#webpage","url":"https:\/\/eldigitaldeasturias.com\/magazine365\/adif-ejecuta-obras-de-mejora-en-el-tramo-caminreal-monreal-del-campo\/","name":"Adif ejecuta obras de mejora en el tramo Caminreal-Monreal del Campo | El Digital de Asturias","description":"Adif ejecutar\u00e1 entre la noche de este jueves y viernes obras de mejora de la infraestructura en el tramo Caminreal-Monreal del Campo, en la l\u00ednea Zaragoza-Teruel-Sagunto. Los trabajos se desarrollar\u00e1n entre los puntos kilom\u00e9tricos 74\/481 y 74\/859 y consistir\u00e1n en el levante de 18 metros de v\u00eda y balasto, la excavaci\u00f3n de una nueva canalizaci\u00f3n","inLanguage":"es-ES","isPartOf":{"@id":"https:\/\/eldigitaldeasturias.com\/magazine365\/#website"},"breadcrumb":{"@id":"https:\/\/eldigitaldeasturias.com\/magazine365\/adif-ejecuta-obras-de-mejora-en-el-tramo-caminreal-monreal-del-campo\/#breadcrumblist"},"author":{"@id":"https:\/\/eldigitaldeasturias.com\/magazine365\/author\/admin\/#author"},"creator":{"@id":"https:\/\/eldigitaldeasturias.com\/magazine365\/author\/admin\/#author"},"image":{"@type":"ImageObject","url":"https:\/\/eldigitaldeasturias.com\/magazine365\/wp-content\/uploads\/2016\/06\/fotonoticia_20160623102656_800.jpg","@id":"https:\/\/eldigitaldeasturias.com\/magazine365\/adif-ejecuta-obras-de-mejora-en-el-tramo-caminreal-monreal-del-campo\/#mainImage","width":800,"height":539},"primaryImageOfPage":{"@id":"https:\/\/eldigitaldeasturias.com\/magazine365\/adif-ejecuta-obras-de-mejora-en-el-tramo-caminreal-monreal-del-campo\/#mainImage"},"datePublished":"2016-06-24T14:22:53+02:00","dateModified":"2016-06-24T14:22:53+02:00"},{"@type":"WebSite","@id":"https:\/\/eldigitaldeasturias.com\/magazine365\/#website","url":"https:\/\/eldigitaldeasturias.com\/magazine365\/","name":"El Digital de Asturias","description":"Revista de ocio, turismo y estilo de vida","inLanguage":"es-ES","publisher":{"@id":"https:\/\/eldigitaldeasturias.com\/magazine365\/#organization"}}]},"og:locale":"es_ES","og:site_name":"El Digital de Asturias \u2013 Revista de ocio, turismo y estilo de vida","og:type":"article","og:title":"Adif ejecuta obras de mejora en el tramo Caminreal-Monreal del Campo | El Digital de Asturias","og:description":"Adif ejecutar\u00e1 entre la noche de este jueves y viernes obras de mejora de la infraestructura en el tramo Caminreal-Monreal del Campo, en la l\u00ednea Zaragoza-Teruel-Sagunto. Los trabajos se desarrollar\u00e1n entre los puntos kilom\u00e9tricos 74\/481 y 74\/859 y consistir\u00e1n en el levante de 18 metros de v\u00eda y balasto, la excavaci\u00f3n de una nueva canalizaci\u00f3n","og:url":"https:\/\/eldigitaldeasturias.com\/magazine365\/adif-ejecuta-obras-de-mejora-en-el-tramo-caminreal-monreal-del-campo\/","og:image":"https:\/\/eldigitaldeasturias.com\/magazine365\/wp-content\/uploads\/2016\/06\/fotonoticia_20160623102656_800.jpg","og:image:secure_url":"https:\/\/eldigitaldeasturias.com\/magazine365\/wp-content\/uploads\/2016\/06\/fotonoticia_20160623102656_800.jpg","og:image:width":800,"og:image:height":539,"article:published_time":"2016-06-24T12:22:53+00:00","article:modified_time":"2016-06-24T12:22:53+00:00","twitter:card":"summary_large_image","twitter:title":"Adif ejecuta obras de mejora en el tramo Caminreal-Monreal del Campo | El Digital de Asturias","twitter:description":"Adif ejecutar\u00e1 entre la noche de este jueves y viernes obras de mejora de la infraestructura en el tramo Caminreal-Monreal del Campo, en la l\u00ednea Zaragoza-Teruel-Sagunto. Los trabajos se desarrollar\u00e1n entre los puntos kilom\u00e9tricos 74\/481 y 74\/859 y consistir\u00e1n en el levante de 18 metros de v\u00eda y balasto, la excavaci\u00f3n de una nueva canalizaci\u00f3n","twitter:image":"https:\/\/eldigitaldeasturias.com\/magazine365\/wp-content\/uploads\/2016\/06\/fotonoticia_20160623102656_800.jpg"},"aioseo_meta_data":{"post_id":"80519","title":null,"description":null,"keywords":null,"keyphrases":null,"primary_term":null,"canonical_url":null,"og_title":null,"og_description":null,"og_object_type":"default","og_image_type":"default","og_image_url":null,"og_image_width":null,"og_image_height":null,"og_image_custom_url":null,"og_image_custom_fields":null,"og_video":null,"og_custom_url":null,"og_article_section":null,"og_article_tags":null,"twitter_use_og":false,"twitter_card":"default","twitter_image_type":"default","twitter_image_url":null,"twitter_image_custom_url":null,"twitter_image_custom_fields":null,"twitter_title":null,"twitter_description":null,"schema":{"blockGraphs":[],"customGraphs":[],"default":{"data":{"Article":[],"Course":[],"Dataset":[],"FAQPage":[],"Movie":[],"Person":[],"Product":[],"ProductReview":[],"Car":[],"Recipe":[],"Service":[],"SoftwareApplication":[],"WebPage":[]},"graphName":"","isEnabled":true},"graphs":[],"defaultGraph":"","defaultPostTypeGraph":""},"schema_type":null,"schema_type_options":null,"pillar_content":false,"robots_default":true,"robots_noindex":false,"robots_noarchive":false,"robots_nosnippet":false,"robots_nofollow":false,"robots_noimageindex":false,"robots_noodp":false,"robots_notranslate":false,"robots_max_snippet":null,"robots_max_videopreview":null,"robots_max_imagepreview":"large","priority":null,"frequency":null,"location":null,"local_seo":null,"seo_analyzer_scan_date":"2025-09-27 21:00:17","breadcrumb_settings":null,"limit_modified_date":false,"open_ai":null,"ai":null,"created":"2021-03-08 17:32:25","updated":"2025-09-27 21:00:17"},"aioseo_breadcrumb":"<div class=\"aioseo-breadcrumbs\"><span class=\"aioseo-breadcrumb\">\n\t<a href=\"https:\/\/eldigitaldeasturias.com\/magazine365\" title=\"Home\">Home<\/a>\n<\/span><span class=\"aioseo-breadcrumb-separator\">\u2013<\/span><span class=\"aioseo-breadcrumb\">\n\t<a href=\"https:\/\/eldigitaldeasturias.com\/magazine365\/category\/noticias-actualidad\/\" title=\"Noticias y Actualidad\">Noticias y Actualidad<\/a>\n<\/span><span class=\"aioseo-breadcrumb-separator\">\u2013<\/span><span class=\"aioseo-breadcrumb\">\n\t<a href=\"https:\/\/eldigitaldeasturias.com\/magazine365\/adif-ejecuta-obras-de-mejora-en-el-tramo-caminreal-monreal-del-campo\/\" title=\"Adif ejecuta obras de mejora en el tramo Caminreal-Monreal del Campo\">Adif ejecuta obras de mejora en el tramo Caminreal-Monreal del Campo<\/a>\n<\/span><\/div>","aioseo_breadcrumb_json":[{"label":"Home","link":"https:\/\/eldigitaldeasturias.com\/magazine365"},{"label":"Noticias y Actualidad","link":"https:\/\/eldigitaldeasturias.com\/magazine365\/category\/noticias-actualidad\/"},{"label":"Adif ejecuta obras de mejora en el tramo Caminreal-Monreal del Campo","link":"https:\/\/eldigitaldeasturias.com\/magazine365\/adif-ejecuta-obras-de-mejora-en-el-tramo-caminreal-monreal-del-campo\/"}],"_links":{"self":[{"href":"https:\/\/eldigitaldeasturias.com\/magazine365\/wp-json\/wp\/v2\/posts\/80519","targetHints":{"allow":["GET"]}}],"collection":[{"href":"https:\/\/eldigitaldeasturias.com\/magazine365\/wp-json\/wp\/v2\/posts"}],"about":[{"href":"https:\/\/eldigitaldeasturias.com\/magazine365\/wp-json\/wp\/v2\/types\/post"}],"author":[{"embeddable":true,"href":"https:\/\/eldigitaldeasturias.com\/magazine365\/wp-json\/wp\/v2\/users\/1"}],"replies":[{"embeddable":true,"href":"https:\/\/eldigitaldeasturias.com\/magazine365\/wp-json\/wp\/v2\/comments?post=80519"}],"version-history":[{"count":0,"href":"https:\/\/eldigitaldeasturias.com\/magazine365\/wp-json\/wp\/v2\/posts\/80519\/revisions"}],"wp:featuredmedia":[{"embeddable":true,"href":"https:\/\/eldigitaldeasturias.com\/magazine365\/wp-json\/wp\/v2\/media\/80524"}],"wp:attachment":[{"href":"https:\/\/eldigitaldeasturias.com\/magazine365\/wp-json\/wp\/v2\/media?parent=80519"}],"wp:term":[{"taxonomy":"category","embeddable":true,"href":"https:\/\/eldigitaldeasturias.com\/magazine365\/wp-json\/wp\/v2\/categories?post=80519"},{"taxonomy":"post_tag","embeddable":true,"href":"https:\/\/eldigitaldeasturias.com\/magazine365\/wp-json\/wp\/v2\/tags?post=80519"}],"curies":[{"name":"wp","href":"https:\/\/api.w.org\/{rel}","templated":true}]}}