{"id":80511,"date":"2016-06-24T14:21:40","date_gmt":"2016-06-24T12:21:40","guid":{"rendered":"http:\/\/eldigitaldeasturias.com\/magazine365\/?p=80511"},"modified":"2016-06-24T14:21:40","modified_gmt":"2016-06-24T12:21:40","slug":"barcelona-refuerza-el-metro-la-seguridad-y-la-limpieza-durante-la-verbena","status":"publish","type":"post","link":"https:\/\/eldigitaldeasturias.com\/magazine365\/barcelona-refuerza-el-metro-la-seguridad-y-la-limpieza-durante-la-verbena\/","title":{"rendered":"Barcelona refuerza el Metro, la seguridad y la limpieza durante la verbena"},"content":{"rendered":"<p><img fetchpriority=\"high\" decoding=\"async\" class=\"alignleft size-medium wp-image-80516\" src=\"https:\/\/eldigitaldeasturias.com\/magazine365\/wp-content\/uploads\/2016\/06\/fotonoticia_20160623102308_800-360x270.jpg\" alt=\"fotonoticia_20160623102308_800\" width=\"360\" height=\"270\" srcset=\"https:\/\/eldigitaldeasturias.com\/magazine365\/wp-content\/uploads\/2016\/06\/fotonoticia_20160623102308_800-360x270.jpg 360w, https:\/\/eldigitaldeasturias.com\/magazine365\/wp-content\/uploads\/2016\/06\/fotonoticia_20160623102308_800-650x488.jpg 650w, https:\/\/eldigitaldeasturias.com\/magazine365\/wp-content\/uploads\/2016\/06\/fotonoticia_20160623102308_800-768x576.jpg 768w, https:\/\/eldigitaldeasturias.com\/magazine365\/wp-content\/uploads\/2016\/06\/fotonoticia_20160623102308_800-150x113.jpg 150w, https:\/\/eldigitaldeasturias.com\/magazine365\/wp-content\/uploads\/2016\/06\/fotonoticia_20160623102308_800-450x338.jpg 450w, https:\/\/eldigitaldeasturias.com\/magazine365\/wp-content\/uploads\/2016\/06\/fotonoticia_20160623102308_800-90x67.jpg 90w, https:\/\/eldigitaldeasturias.com\/magazine365\/wp-content\/uploads\/2016\/06\/fotonoticia_20160623102308_800-164x124.jpg 164w, https:\/\/eldigitaldeasturias.com\/magazine365\/wp-content\/uploads\/2016\/06\/fotonoticia_20160623102308_800-100x75.jpg 100w, https:\/\/eldigitaldeasturias.com\/magazine365\/wp-content\/uploads\/2016\/06\/fotonoticia_20160623102308_800.jpg 800w\" sizes=\"(max-width: 360px) 100vw, 360px\" \/>Barcelona reforzar\u00e1 los servicios de Metro, limpieza y seguridad para garantizar que la celebraci\u00f3n de la verbena de Sant Joan transcurre sin incidentes, ha informado en un comunicado.<\/p>\n<p>Durante la verbena, las fuentes de paseo de Gr\u00e0cia y plaza Catalunya participar\u00e1n en la fiesta con una iluminaci\u00f3n amarilla y roja, que empezar\u00e1 cuando se haga de noche hasta las 00.00 horas, y se han autorizado 15 hogueras en la ciudad.<\/p>\n<p>El Metro funcionar\u00e1 durante 45 horas de forma ininterrumpida, entre las 5.00 horas del jueves y las 2.00 del s\u00e1bado, con un despliegue extra de personal para atender la afluencia de pasajeros, especialmente en las estaciones de Catalunya, Urquinaona y Espanya, y paradas mar\u00edtimas de la L4 como Ciutadella\/Vila Ol\u00edmpica, Barcelona y El Maresme\/F\u00f2rum.<\/p>\n<h2 class=\"ladillo\">SEGURIDAD<\/h2>\n<p>La Guardia Urbana desplegar\u00e1 un dispositivo de seguridad durante con especial vigilancia en el centro, espacios donde se celebren verbenas, puntos de venta de petardos y lugares que almacenen le\u00f1a o material que pueda ser utilizado en hogueras sin autorizaci\u00f3n.<\/p>\n<p>Tambi\u00e9n organizar\u00e1 controles preventivos de alcoholemia por toda la ciudad, realizar\u00e1 desv\u00edos en zonas donde las hogueras afecten al tr\u00e1fico y evitar\u00e1 que se aparque cerca de hogueras.<\/p>\n<p>Adem\u00e1s, 115 efectivos de los Bomberos de Barcelona trabajar\u00e1n toda la noche y el tel\u00e9fono de atenci\u00f3n ciudadana 080 aumentar\u00e1 sus operadores para atender cualquier aviso de incidencia.<\/p>\n<h2 class=\"ladillo\">LIMPIEZA<\/h2>\n<p>En cuanto a la limpieza, 308 operarios y 51 veh\u00edculos actuar\u00e1n a primera hora en las playas de la ciudad, y se instalar\u00e1n 1.200 papeleras de cart\u00f3n y 84 contenedores extras para facilitar la recogida de residuos.<\/p>\n<p>El operativo especial de limpieza empezar\u00e1 a las 6.00 horas del viernes para que las playas, que el a\u00f1o pasado visitaron 55000 personas durante la verbena, est\u00e9n listas para los ba\u00f1istas a las 10.00.<\/p>\n","protected":false},"excerpt":{"rendered":"<p>Barcelona reforzar\u00e1 los servicios de Metro, limpieza y seguridad para garantizar que la celebraci\u00f3n de la verbena de Sant Joan transcurre sin incidentes, ha informado en un comunicado. Durante la verbena, las fuentes de paseo de Gr\u00e0cia y plaza Catalunya participar\u00e1n en la fiesta con una iluminaci\u00f3n amarilla y roja, que empezar\u00e1 cuando se haga<\/p>\n","protected":false},"author":1,"featured_media":80516,"comment_status":"open","ping_status":"closed","sticky":false,"template":"","format":"standard","meta":{"footnotes":""},"categories":[224],"tags":[],"class_list":{"0":"post-80511","1":"post","2":"type-post","3":"status-publish","4":"format-standard","5":"has-post-thumbnail","7":"category-noticias-actualidad"},"aioseo_notices":[],"aioseo_head":"\n\t\t<!-- All in One SEO Pro 4.9.6.1 - aioseo.com -->\n\t<meta name=\"description\" content=\"Barcelona reforzar\u00e1 los servicios de Metro, limpieza y seguridad para garantizar que la celebraci\u00f3n de la verbena de Sant Joan transcurre sin incidentes, ha informado en un comunicado. Durante la verbena, las fuentes de paseo de Gr\u00e0cia y plaza Catalunya participar\u00e1n en la fiesta con una iluminaci\u00f3n amarilla y roja, que empezar\u00e1 cuando se haga\" \/>\n\t<meta name=\"robots\" content=\"max-image-preview:large\" \/>\n\t<meta name=\"author\" content=\"admin\"\/>\n\t<meta name=\"google-site-verification\" content=\"UA-38556648-1\" \/>\n\t<meta name=\"keywords\" content=\"noticias y actualidad\" \/>\n\t<link rel=\"canonical\" href=\"https:\/\/eldigitaldeasturias.com\/magazine365\/barcelona-refuerza-el-metro-la-seguridad-y-la-limpieza-durante-la-verbena\/\" \/>\n\t<meta name=\"generator\" content=\"All in One SEO Pro (AIOSEO) 4.9.6.1\" \/>\n\t\t<meta property=\"og:locale\" content=\"es_ES\" \/>\n\t\t<meta property=\"og:site_name\" content=\"El Digital de Asturias \u2013 Revista de ocio, turismo y estilo de vida\" \/>\n\t\t<meta property=\"og:type\" content=\"article\" \/>\n\t\t<meta property=\"og:title\" content=\"Barcelona refuerza el Metro, la seguridad y la limpieza durante la verbena | El Digital de Asturias\" \/>\n\t\t<meta property=\"og:description\" content=\"Barcelona reforzar\u00e1 los servicios de Metro, limpieza y seguridad para garantizar que la celebraci\u00f3n de la verbena de Sant Joan transcurre sin incidentes, ha informado en un comunicado. Durante la verbena, las fuentes de paseo de Gr\u00e0cia y plaza Catalunya participar\u00e1n en la fiesta con una iluminaci\u00f3n amarilla y roja, que empezar\u00e1 cuando se haga\" \/>\n\t\t<meta property=\"og:url\" content=\"https:\/\/eldigitaldeasturias.com\/magazine365\/barcelona-refuerza-el-metro-la-seguridad-y-la-limpieza-durante-la-verbena\/\" \/>\n\t\t<meta property=\"og:image\" content=\"https:\/\/eldigitaldeasturias.com\/magazine365\/wp-content\/uploads\/2016\/06\/fotonoticia_20160623102308_800.jpg\" \/>\n\t\t<meta property=\"og:image:secure_url\" content=\"https:\/\/eldigitaldeasturias.com\/magazine365\/wp-content\/uploads\/2016\/06\/fotonoticia_20160623102308_800.jpg\" \/>\n\t\t<meta property=\"og:image:width\" content=\"800\" \/>\n\t\t<meta property=\"og:image:height\" content=\"600\" \/>\n\t\t<meta property=\"article:published_time\" content=\"2016-06-24T12:21:40+00:00\" \/>\n\t\t<meta property=\"article:modified_time\" content=\"2016-06-24T12:21:40+00:00\" \/>\n\t\t<meta name=\"twitter:card\" content=\"summary_large_image\" \/>\n\t\t<meta name=\"twitter:title\" content=\"Barcelona refuerza el Metro, la seguridad y la limpieza durante la verbena | El Digital de Asturias\" \/>\n\t\t<meta name=\"twitter:description\" content=\"Barcelona reforzar\u00e1 los servicios de Metro, limpieza y seguridad para garantizar que la celebraci\u00f3n de la verbena de Sant Joan transcurre sin incidentes, ha informado en un comunicado. Durante la verbena, las fuentes de paseo de Gr\u00e0cia y plaza Catalunya participar\u00e1n en la fiesta con una iluminaci\u00f3n amarilla y roja, que empezar\u00e1 cuando se haga\" \/>\n\t\t<meta name=\"twitter:image\" content=\"https:\/\/eldigitaldeasturias.com\/magazine365\/wp-content\/uploads\/2016\/06\/fotonoticia_20160623102308_800.jpg\" \/>\n\t\t<script type=\"application\/ld+json\" class=\"aioseo-schema\">\n\t\t\t{\"@context\":\"https:\\\/\\\/schema.org\",\"@graph\":[{\"@type\":\"Article\",\"@id\":\"https:\\\/\\\/eldigitaldeasturias.com\\\/magazine365\\\/barcelona-refuerza-el-metro-la-seguridad-y-la-limpieza-durante-la-verbena\\\/#article\",\"name\":\"Barcelona refuerza el Metro, la seguridad y la limpieza durante la verbena | El Digital de Asturias\",\"headline\":\"Barcelona refuerza el Metro, la seguridad y la limpieza durante la verbena\",\"author\":{\"@id\":\"https:\\\/\\\/eldigitaldeasturias.com\\\/magazine365\\\/author\\\/admin\\\/#author\"},\"publisher\":{\"@id\":\"https:\\\/\\\/eldigitaldeasturias.com\\\/magazine365\\\/#organization\"},\"image\":{\"@type\":\"ImageObject\",\"url\":\"https:\\\/\\\/eldigitaldeasturias.com\\\/magazine365\\\/wp-content\\\/uploads\\\/2016\\\/06\\\/fotonoticia_20160623102308_800.jpg\",\"width\":800,\"height\":600},\"datePublished\":\"2016-06-24T14:21:40+02:00\",\"dateModified\":\"2016-06-24T14:21:40+02:00\",\"inLanguage\":\"es-ES\",\"mainEntityOfPage\":{\"@id\":\"https:\\\/\\\/eldigitaldeasturias.com\\\/magazine365\\\/barcelona-refuerza-el-metro-la-seguridad-y-la-limpieza-durante-la-verbena\\\/#webpage\"},\"isPartOf\":{\"@id\":\"https:\\\/\\\/eldigitaldeasturias.com\\\/magazine365\\\/barcelona-refuerza-el-metro-la-seguridad-y-la-limpieza-durante-la-verbena\\\/#webpage\"},\"articleSection\":\"Noticias y Actualidad\"},{\"@type\":\"BreadcrumbList\",\"@id\":\"https:\\\/\\\/eldigitaldeasturias.com\\\/magazine365\\\/barcelona-refuerza-el-metro-la-seguridad-y-la-limpieza-durante-la-verbena\\\/#breadcrumblist\",\"itemListElement\":[{\"@type\":\"ListItem\",\"@id\":\"https:\\\/\\\/eldigitaldeasturias.com\\\/magazine365#listItem\",\"position\":1,\"name\":\"Home\",\"item\":\"https:\\\/\\\/eldigitaldeasturias.com\\\/magazine365\",\"nextItem\":{\"@type\":\"ListItem\",\"@id\":\"https:\\\/\\\/eldigitaldeasturias.com\\\/magazine365\\\/category\\\/noticias-actualidad\\\/#listItem\",\"name\":\"Noticias y Actualidad\"}},{\"@type\":\"ListItem\",\"@id\":\"https:\\\/\\\/eldigitaldeasturias.com\\\/magazine365\\\/category\\\/noticias-actualidad\\\/#listItem\",\"position\":2,\"name\":\"Noticias y Actualidad\",\"item\":\"https:\\\/\\\/eldigitaldeasturias.com\\\/magazine365\\\/category\\\/noticias-actualidad\\\/\",\"nextItem\":{\"@type\":\"ListItem\",\"@id\":\"https:\\\/\\\/eldigitaldeasturias.com\\\/magazine365\\\/barcelona-refuerza-el-metro-la-seguridad-y-la-limpieza-durante-la-verbena\\\/#listItem\",\"name\":\"Barcelona refuerza el Metro, la seguridad y la limpieza durante la verbena\"},\"previousItem\":{\"@type\":\"ListItem\",\"@id\":\"https:\\\/\\\/eldigitaldeasturias.com\\\/magazine365#listItem\",\"name\":\"Home\"}},{\"@type\":\"ListItem\",\"@id\":\"https:\\\/\\\/eldigitaldeasturias.com\\\/magazine365\\\/barcelona-refuerza-el-metro-la-seguridad-y-la-limpieza-durante-la-verbena\\\/#listItem\",\"position\":3,\"name\":\"Barcelona refuerza el Metro, la seguridad y la limpieza durante la verbena\",\"previousItem\":{\"@type\":\"ListItem\",\"@id\":\"https:\\\/\\\/eldigitaldeasturias.com\\\/magazine365\\\/category\\\/noticias-actualidad\\\/#listItem\",\"name\":\"Noticias y Actualidad\"}}]},{\"@type\":\"Organization\",\"@id\":\"https:\\\/\\\/eldigitaldeasturias.com\\\/magazine365\\\/#organization\",\"name\":\"El digital de Asturias\",\"description\":\"Revista de ocio, turismo y estilo de vida\",\"url\":\"https:\\\/\\\/eldigitaldeasturias.com\\\/magazine365\\\/\",\"logo\":{\"@type\":\"ImageObject\",\"url\":\"https:\\\/\\\/www.eldigitaldeasturias.com\\\/noticias\\\/wp-content\\\/uploads\\\/2020\\\/12\\\/EDA.jpg\",\"@id\":\"https:\\\/\\\/eldigitaldeasturias.com\\\/magazine365\\\/barcelona-refuerza-el-metro-la-seguridad-y-la-limpieza-durante-la-verbena\\\/#organizationLogo\"},\"image\":{\"@id\":\"https:\\\/\\\/eldigitaldeasturias.com\\\/magazine365\\\/barcelona-refuerza-el-metro-la-seguridad-y-la-limpieza-durante-la-verbena\\\/#organizationLogo\"}},{\"@type\":\"Person\",\"@id\":\"https:\\\/\\\/eldigitaldeasturias.com\\\/magazine365\\\/author\\\/admin\\\/#author\",\"url\":\"https:\\\/\\\/eldigitaldeasturias.com\\\/magazine365\\\/author\\\/admin\\\/\",\"name\":\"admin\",\"image\":{\"@type\":\"ImageObject\",\"@id\":\"https:\\\/\\\/eldigitaldeasturias.com\\\/magazine365\\\/barcelona-refuerza-el-metro-la-seguridad-y-la-limpieza-durante-la-verbena\\\/#authorImage\",\"url\":\"https:\\\/\\\/eldigitaldeasturias.com\\\/magazine365\\\/wp-content\\\/litespeed\\\/avatar\\\/e571bcf59a0edd6fa6838245a470f2fe.jpg?ver=1776969259\",\"width\":96,\"height\":96,\"caption\":\"admin\"}},{\"@type\":\"WebPage\",\"@id\":\"https:\\\/\\\/eldigitaldeasturias.com\\\/magazine365\\\/barcelona-refuerza-el-metro-la-seguridad-y-la-limpieza-durante-la-verbena\\\/#webpage\",\"url\":\"https:\\\/\\\/eldigitaldeasturias.com\\\/magazine365\\\/barcelona-refuerza-el-metro-la-seguridad-y-la-limpieza-durante-la-verbena\\\/\",\"name\":\"Barcelona refuerza el Metro, la seguridad y la limpieza durante la verbena | El Digital de Asturias\",\"description\":\"Barcelona reforzar\\u00e1 los servicios de Metro, limpieza y seguridad para garantizar que la celebraci\\u00f3n de la verbena de Sant Joan transcurre sin incidentes, ha informado en un comunicado. Durante la verbena, las fuentes de paseo de Gr\\u00e0cia y plaza Catalunya participar\\u00e1n en la fiesta con una iluminaci\\u00f3n amarilla y roja, que empezar\\u00e1 cuando se haga\",\"inLanguage\":\"es-ES\",\"isPartOf\":{\"@id\":\"https:\\\/\\\/eldigitaldeasturias.com\\\/magazine365\\\/#website\"},\"breadcrumb\":{\"@id\":\"https:\\\/\\\/eldigitaldeasturias.com\\\/magazine365\\\/barcelona-refuerza-el-metro-la-seguridad-y-la-limpieza-durante-la-verbena\\\/#breadcrumblist\"},\"author\":{\"@id\":\"https:\\\/\\\/eldigitaldeasturias.com\\\/magazine365\\\/author\\\/admin\\\/#author\"},\"creator\":{\"@id\":\"https:\\\/\\\/eldigitaldeasturias.com\\\/magazine365\\\/author\\\/admin\\\/#author\"},\"image\":{\"@type\":\"ImageObject\",\"url\":\"https:\\\/\\\/eldigitaldeasturias.com\\\/magazine365\\\/wp-content\\\/uploads\\\/2016\\\/06\\\/fotonoticia_20160623102308_800.jpg\",\"@id\":\"https:\\\/\\\/eldigitaldeasturias.com\\\/magazine365\\\/barcelona-refuerza-el-metro-la-seguridad-y-la-limpieza-durante-la-verbena\\\/#mainImage\",\"width\":800,\"height\":600},\"primaryImageOfPage\":{\"@id\":\"https:\\\/\\\/eldigitaldeasturias.com\\\/magazine365\\\/barcelona-refuerza-el-metro-la-seguridad-y-la-limpieza-durante-la-verbena\\\/#mainImage\"},\"datePublished\":\"2016-06-24T14:21:40+02:00\",\"dateModified\":\"2016-06-24T14:21:40+02:00\"},{\"@type\":\"WebSite\",\"@id\":\"https:\\\/\\\/eldigitaldeasturias.com\\\/magazine365\\\/#website\",\"url\":\"https:\\\/\\\/eldigitaldeasturias.com\\\/magazine365\\\/\",\"name\":\"El Digital de Asturias\",\"description\":\"Revista de ocio, turismo y estilo de vida\",\"inLanguage\":\"es-ES\",\"publisher\":{\"@id\":\"https:\\\/\\\/eldigitaldeasturias.com\\\/magazine365\\\/#organization\"}}]}\n\t\t<\/script>\n\t\t<!-- All in One SEO Pro -->\r\n\t\t<title>Barcelona refuerza el Metro, la seguridad y la limpieza durante la verbena | El Digital de Asturias<\/title>\n\n","aioseo_head_json":{"title":"Barcelona refuerza el Metro, la seguridad y la limpieza durante la verbena | El Digital de Asturias","description":"Barcelona reforzar\u00e1 los servicios de Metro, limpieza y seguridad para garantizar que la celebraci\u00f3n de la verbena de Sant Joan transcurre sin incidentes, ha informado en un comunicado. Durante la verbena, las fuentes de paseo de Gr\u00e0cia y plaza Catalunya participar\u00e1n en la fiesta con una iluminaci\u00f3n amarilla y roja, que empezar\u00e1 cuando se haga","canonical_url":"https:\/\/eldigitaldeasturias.com\/magazine365\/barcelona-refuerza-el-metro-la-seguridad-y-la-limpieza-durante-la-verbena\/","robots":"max-image-preview:large","keywords":"noticias y actualidad","webmasterTools":{"google-site-verification":"UA-38556648-1","miscellaneous":""},"schema":{"@context":"https:\/\/schema.org","@graph":[{"@type":"Article","@id":"https:\/\/eldigitaldeasturias.com\/magazine365\/barcelona-refuerza-el-metro-la-seguridad-y-la-limpieza-durante-la-verbena\/#article","name":"Barcelona refuerza el Metro, la seguridad y la limpieza durante la verbena | El Digital de Asturias","headline":"Barcelona refuerza el Metro, la seguridad y la limpieza durante la verbena","author":{"@id":"https:\/\/eldigitaldeasturias.com\/magazine365\/author\/admin\/#author"},"publisher":{"@id":"https:\/\/eldigitaldeasturias.com\/magazine365\/#organization"},"image":{"@type":"ImageObject","url":"https:\/\/eldigitaldeasturias.com\/magazine365\/wp-content\/uploads\/2016\/06\/fotonoticia_20160623102308_800.jpg","width":800,"height":600},"datePublished":"2016-06-24T14:21:40+02:00","dateModified":"2016-06-24T14:21:40+02:00","inLanguage":"es-ES","mainEntityOfPage":{"@id":"https:\/\/eldigitaldeasturias.com\/magazine365\/barcelona-refuerza-el-metro-la-seguridad-y-la-limpieza-durante-la-verbena\/#webpage"},"isPartOf":{"@id":"https:\/\/eldigitaldeasturias.com\/magazine365\/barcelona-refuerza-el-metro-la-seguridad-y-la-limpieza-durante-la-verbena\/#webpage"},"articleSection":"Noticias y Actualidad"},{"@type":"BreadcrumbList","@id":"https:\/\/eldigitaldeasturias.com\/magazine365\/barcelona-refuerza-el-metro-la-seguridad-y-la-limpieza-durante-la-verbena\/#breadcrumblist","itemListElement":[{"@type":"ListItem","@id":"https:\/\/eldigitaldeasturias.com\/magazine365#listItem","position":1,"name":"Home","item":"https:\/\/eldigitaldeasturias.com\/magazine365","nextItem":{"@type":"ListItem","@id":"https:\/\/eldigitaldeasturias.com\/magazine365\/category\/noticias-actualidad\/#listItem","name":"Noticias y Actualidad"}},{"@type":"ListItem","@id":"https:\/\/eldigitaldeasturias.com\/magazine365\/category\/noticias-actualidad\/#listItem","position":2,"name":"Noticias y Actualidad","item":"https:\/\/eldigitaldeasturias.com\/magazine365\/category\/noticias-actualidad\/","nextItem":{"@type":"ListItem","@id":"https:\/\/eldigitaldeasturias.com\/magazine365\/barcelona-refuerza-el-metro-la-seguridad-y-la-limpieza-durante-la-verbena\/#listItem","name":"Barcelona refuerza el Metro, la seguridad y la limpieza durante la verbena"},"previousItem":{"@type":"ListItem","@id":"https:\/\/eldigitaldeasturias.com\/magazine365#listItem","name":"Home"}},{"@type":"ListItem","@id":"https:\/\/eldigitaldeasturias.com\/magazine365\/barcelona-refuerza-el-metro-la-seguridad-y-la-limpieza-durante-la-verbena\/#listItem","position":3,"name":"Barcelona refuerza el Metro, la seguridad y la limpieza durante la verbena","previousItem":{"@type":"ListItem","@id":"https:\/\/eldigitaldeasturias.com\/magazine365\/category\/noticias-actualidad\/#listItem","name":"Noticias y Actualidad"}}]},{"@type":"Organization","@id":"https:\/\/eldigitaldeasturias.com\/magazine365\/#organization","name":"El digital de Asturias","description":"Revista de ocio, turismo y estilo de vida","url":"https:\/\/eldigitaldeasturias.com\/magazine365\/","logo":{"@type":"ImageObject","url":"https:\/\/www.eldigitaldeasturias.com\/noticias\/wp-content\/uploads\/2020\/12\/EDA.jpg","@id":"https:\/\/eldigitaldeasturias.com\/magazine365\/barcelona-refuerza-el-metro-la-seguridad-y-la-limpieza-durante-la-verbena\/#organizationLogo"},"image":{"@id":"https:\/\/eldigitaldeasturias.com\/magazine365\/barcelona-refuerza-el-metro-la-seguridad-y-la-limpieza-durante-la-verbena\/#organizationLogo"}},{"@type":"Person","@id":"https:\/\/eldigitaldeasturias.com\/magazine365\/author\/admin\/#author","url":"https:\/\/eldigitaldeasturias.com\/magazine365\/author\/admin\/","name":"admin","image":{"@type":"ImageObject","@id":"https:\/\/eldigitaldeasturias.com\/magazine365\/barcelona-refuerza-el-metro-la-seguridad-y-la-limpieza-durante-la-verbena\/#authorImage","url":"https:\/\/eldigitaldeasturias.com\/magazine365\/wp-content\/litespeed\/avatar\/e571bcf59a0edd6fa6838245a470f2fe.jpg?ver=1776969259","width":96,"height":96,"caption":"admin"}},{"@type":"WebPage","@id":"https:\/\/eldigitaldeasturias.com\/magazine365\/barcelona-refuerza-el-metro-la-seguridad-y-la-limpieza-durante-la-verbena\/#webpage","url":"https:\/\/eldigitaldeasturias.com\/magazine365\/barcelona-refuerza-el-metro-la-seguridad-y-la-limpieza-durante-la-verbena\/","name":"Barcelona refuerza el Metro, la seguridad y la limpieza durante la verbena | El Digital de Asturias","description":"Barcelona reforzar\u00e1 los servicios de Metro, limpieza y seguridad para garantizar que la celebraci\u00f3n de la verbena de Sant Joan transcurre sin incidentes, ha informado en un comunicado. Durante la verbena, las fuentes de paseo de Gr\u00e0cia y plaza Catalunya participar\u00e1n en la fiesta con una iluminaci\u00f3n amarilla y roja, que empezar\u00e1 cuando se haga","inLanguage":"es-ES","isPartOf":{"@id":"https:\/\/eldigitaldeasturias.com\/magazine365\/#website"},"breadcrumb":{"@id":"https:\/\/eldigitaldeasturias.com\/magazine365\/barcelona-refuerza-el-metro-la-seguridad-y-la-limpieza-durante-la-verbena\/#breadcrumblist"},"author":{"@id":"https:\/\/eldigitaldeasturias.com\/magazine365\/author\/admin\/#author"},"creator":{"@id":"https:\/\/eldigitaldeasturias.com\/magazine365\/author\/admin\/#author"},"image":{"@type":"ImageObject","url":"https:\/\/eldigitaldeasturias.com\/magazine365\/wp-content\/uploads\/2016\/06\/fotonoticia_20160623102308_800.jpg","@id":"https:\/\/eldigitaldeasturias.com\/magazine365\/barcelona-refuerza-el-metro-la-seguridad-y-la-limpieza-durante-la-verbena\/#mainImage","width":800,"height":600},"primaryImageOfPage":{"@id":"https:\/\/eldigitaldeasturias.com\/magazine365\/barcelona-refuerza-el-metro-la-seguridad-y-la-limpieza-durante-la-verbena\/#mainImage"},"datePublished":"2016-06-24T14:21:40+02:00","dateModified":"2016-06-24T14:21:40+02:00"},{"@type":"WebSite","@id":"https:\/\/eldigitaldeasturias.com\/magazine365\/#website","url":"https:\/\/eldigitaldeasturias.com\/magazine365\/","name":"El Digital de Asturias","description":"Revista de ocio, turismo y estilo de vida","inLanguage":"es-ES","publisher":{"@id":"https:\/\/eldigitaldeasturias.com\/magazine365\/#organization"}}]},"og:locale":"es_ES","og:site_name":"El Digital de Asturias \u2013 Revista de ocio, turismo y estilo de vida","og:type":"article","og:title":"Barcelona refuerza el Metro, la seguridad y la limpieza durante la verbena | El Digital de Asturias","og:description":"Barcelona reforzar\u00e1 los servicios de Metro, limpieza y seguridad para garantizar que la celebraci\u00f3n de la verbena de Sant Joan transcurre sin incidentes, ha informado en un comunicado. Durante la verbena, las fuentes de paseo de Gr\u00e0cia y plaza Catalunya participar\u00e1n en la fiesta con una iluminaci\u00f3n amarilla y roja, que empezar\u00e1 cuando se haga","og:url":"https:\/\/eldigitaldeasturias.com\/magazine365\/barcelona-refuerza-el-metro-la-seguridad-y-la-limpieza-durante-la-verbena\/","og:image":"https:\/\/eldigitaldeasturias.com\/magazine365\/wp-content\/uploads\/2016\/06\/fotonoticia_20160623102308_800.jpg","og:image:secure_url":"https:\/\/eldigitaldeasturias.com\/magazine365\/wp-content\/uploads\/2016\/06\/fotonoticia_20160623102308_800.jpg","og:image:width":800,"og:image:height":600,"article:published_time":"2016-06-24T12:21:40+00:00","article:modified_time":"2016-06-24T12:21:40+00:00","twitter:card":"summary_large_image","twitter:title":"Barcelona refuerza el Metro, la seguridad y la limpieza durante la verbena | El Digital de Asturias","twitter:description":"Barcelona reforzar\u00e1 los servicios de Metro, limpieza y seguridad para garantizar que la celebraci\u00f3n de la verbena de Sant Joan transcurre sin incidentes, ha informado en un comunicado. Durante la verbena, las fuentes de paseo de Gr\u00e0cia y plaza Catalunya participar\u00e1n en la fiesta con una iluminaci\u00f3n amarilla y roja, que empezar\u00e1 cuando se haga","twitter:image":"https:\/\/eldigitaldeasturias.com\/magazine365\/wp-content\/uploads\/2016\/06\/fotonoticia_20160623102308_800.jpg"},"aioseo_meta_data":{"post_id":"80511","title":null,"description":null,"keywords":null,"keyphrases":null,"primary_term":null,"canonical_url":null,"og_title":null,"og_description":null,"og_object_type":"default","og_image_type":"default","og_image_url":null,"og_image_width":null,"og_image_height":null,"og_image_custom_url":null,"og_image_custom_fields":null,"og_video":null,"og_custom_url":null,"og_article_section":null,"og_article_tags":null,"twitter_use_og":false,"twitter_card":"default","twitter_image_type":"default","twitter_image_url":null,"twitter_image_custom_url":null,"twitter_image_custom_fields":null,"twitter_title":null,"twitter_description":null,"schema":{"blockGraphs":[],"customGraphs":[],"default":{"data":{"Article":[],"Course":[],"Dataset":[],"FAQPage":[],"Movie":[],"Person":[],"Product":[],"ProductReview":[],"Car":[],"Recipe":[],"Service":[],"SoftwareApplication":[],"WebPage":[]},"graphName":"","isEnabled":true},"graphs":[],"defaultGraph":"","defaultPostTypeGraph":""},"schema_type":null,"schema_type_options":null,"pillar_content":false,"robots_default":true,"robots_noindex":false,"robots_noarchive":false,"robots_nosnippet":false,"robots_nofollow":false,"robots_noimageindex":false,"robots_noodp":false,"robots_notranslate":false,"robots_max_snippet":null,"robots_max_videopreview":null,"robots_max_imagepreview":"large","priority":null,"frequency":null,"location":null,"local_seo":null,"seo_analyzer_scan_date":"2025-09-27 20:58:36","breadcrumb_settings":null,"limit_modified_date":false,"open_ai":null,"ai":null,"created":"2021-03-08 17:32:25","updated":"2025-09-27 20:58:36"},"aioseo_breadcrumb":"<div class=\"aioseo-breadcrumbs\"><span class=\"aioseo-breadcrumb\">\n\t<a href=\"https:\/\/eldigitaldeasturias.com\/magazine365\" title=\"Home\">Home<\/a>\n<\/span><span class=\"aioseo-breadcrumb-separator\">\u2013<\/span><span class=\"aioseo-breadcrumb\">\n\t<a href=\"https:\/\/eldigitaldeasturias.com\/magazine365\/category\/noticias-actualidad\/\" title=\"Noticias y Actualidad\">Noticias y Actualidad<\/a>\n<\/span><span class=\"aioseo-breadcrumb-separator\">\u2013<\/span><span class=\"aioseo-breadcrumb\">\n\t<a href=\"https:\/\/eldigitaldeasturias.com\/magazine365\/barcelona-refuerza-el-metro-la-seguridad-y-la-limpieza-durante-la-verbena\/\" title=\"Barcelona refuerza el Metro, la seguridad y la limpieza durante la verbena\">Barcelona refuerza el Metro, la seguridad y la limpieza durante la verbena<\/a>\n<\/span><\/div>","aioseo_breadcrumb_json":[{"label":"Home","link":"https:\/\/eldigitaldeasturias.com\/magazine365"},{"label":"Noticias y Actualidad","link":"https:\/\/eldigitaldeasturias.com\/magazine365\/category\/noticias-actualidad\/"},{"label":"Barcelona refuerza el Metro, la seguridad y la limpieza durante la verbena","link":"https:\/\/eldigitaldeasturias.com\/magazine365\/barcelona-refuerza-el-metro-la-seguridad-y-la-limpieza-durante-la-verbena\/"}],"_links":{"self":[{"href":"https:\/\/eldigitaldeasturias.com\/magazine365\/wp-json\/wp\/v2\/posts\/80511","targetHints":{"allow":["GET"]}}],"collection":[{"href":"https:\/\/eldigitaldeasturias.com\/magazine365\/wp-json\/wp\/v2\/posts"}],"about":[{"href":"https:\/\/eldigitaldeasturias.com\/magazine365\/wp-json\/wp\/v2\/types\/post"}],"author":[{"embeddable":true,"href":"https:\/\/eldigitaldeasturias.com\/magazine365\/wp-json\/wp\/v2\/users\/1"}],"replies":[{"embeddable":true,"href":"https:\/\/eldigitaldeasturias.com\/magazine365\/wp-json\/wp\/v2\/comments?post=80511"}],"version-history":[{"count":0,"href":"https:\/\/eldigitaldeasturias.com\/magazine365\/wp-json\/wp\/v2\/posts\/80511\/revisions"}],"wp:featuredmedia":[{"embeddable":true,"href":"https:\/\/eldigitaldeasturias.com\/magazine365\/wp-json\/wp\/v2\/media\/80516"}],"wp:attachment":[{"href":"https:\/\/eldigitaldeasturias.com\/magazine365\/wp-json\/wp\/v2\/media?parent=80511"}],"wp:term":[{"taxonomy":"category","embeddable":true,"href":"https:\/\/eldigitaldeasturias.com\/magazine365\/wp-json\/wp\/v2\/categories?post=80511"},{"taxonomy":"post_tag","embeddable":true,"href":"https:\/\/eldigitaldeasturias.com\/magazine365\/wp-json\/wp\/v2\/tags?post=80511"}],"curies":[{"name":"wp","href":"https:\/\/api.w.org\/{rel}","templated":true}]}}