{"id":80499,"date":"2016-06-24T14:18:45","date_gmt":"2016-06-24T12:18:45","guid":{"rendered":"http:\/\/eldigitaldeasturias.com\/magazine365\/?p=80499"},"modified":"2016-06-24T14:18:45","modified_gmt":"2016-06-24T12:18:45","slug":"el-avion-solar-impulse-ii-aterriza-con-exito-en-sevilla-tres-dias-despues-de-partir-de-nueva-york","status":"publish","type":"post","link":"https:\/\/eldigitaldeasturias.com\/magazine365\/el-avion-solar-impulse-ii-aterriza-con-exito-en-sevilla-tres-dias-despues-de-partir-de-nueva-york\/","title":{"rendered":"El avi\u00f3n Solar Impulse II aterriza con \u00e9xito en Sevilla tres d\u00edas despu\u00e9s de partir de Nueva York"},"content":{"rendered":"<p><img fetchpriority=\"high\" decoding=\"async\" class=\"alignleft size-medium wp-image-77926\" src=\"https:\/\/eldigitaldeasturias.com\/magazine365\/wp-content\/uploads\/2016\/06\/m365-360x198.jpg\" alt=\"m365\" width=\"360\" height=\"198\" srcset=\"https:\/\/eldigitaldeasturias.com\/magazine365\/wp-content\/uploads\/2016\/06\/m365-360x198.jpg 360w, https:\/\/eldigitaldeasturias.com\/magazine365\/wp-content\/uploads\/2016\/06\/m365-650x357.jpg 650w, https:\/\/eldigitaldeasturias.com\/magazine365\/wp-content\/uploads\/2016\/06\/m365-150x82.jpg 150w, https:\/\/eldigitaldeasturias.com\/magazine365\/wp-content\/uploads\/2016\/06\/m365-450x247.jpg 450w, https:\/\/eldigitaldeasturias.com\/magazine365\/wp-content\/uploads\/2016\/06\/m365.jpg 655w\" sizes=\"(max-width: 360px) 100vw, 360px\" \/>El avi\u00f3n Solar Impulse II ha aterrizado con \u00e9xito en Sevilla sobre las 07,39 horas de este jueves tras atravesar el oc\u00e9ano Atl\u00e1ntico tres d\u00edas despu\u00e9s de partir del aeropuerto JFK de Nueva York, dentro del proyecto de vuelta al mundo a bordo de esta aeronave.<\/p>\n<p>La llegada del Solar Impulse II, que se mueve de d\u00eda y noche exclusivamente con energ\u00eda solar, ha sido visible desde toda la ciudad de Sevilla por el humo anaranjado desplegado por la patrulla \u00c1guila integrada por seis cazas Eurofighter que ha escoltado a la aeronave formando la bandera de Espa\u00f1a en el cielo.<\/p>\n<p>La vuelta al mundo ha celebrado ya 14 etapas desde que parti\u00f3 de Om\u00e1n y en su recorrido ha pasado por India, Myanmar, China, Jap\u00f3n y Estados Unidos.<\/p>\n<p>El Solar Impulse 2 es un avi\u00f3n monoplaza realizado en fibra de carbono, con 72 metros de envergadura (mayor que un Boeing 747) y con un peso de 2.300 kilos (equivalentes a un coche familiar en vac\u00edo). Cuenta con 17.248 c\u00e9lulas solares desplegadas sobre sus alas y las cuatro bater\u00edas que almacenan la energ\u00eda solar propulsan las h\u00e9lices \u00fanicamente con energ\u00eda limpia.<\/p>\n<p>Este dise\u00f1o le permite ahorrar una considerable cantidad de energ\u00eda durante el d\u00eda, que puede usar durante la noche, gracias a sus bater\u00edas. De hecho, seg\u00fan sus promotores, al no necesitar energ\u00edas basadas en las fuentes f\u00f3siles, el Solar Impulse 2 tiene autonom\u00eda de vuelo ilimitada, de manera que \u00abte\u00f3ricamente, podr\u00eda volar indefinidamente, ya que s\u00f3lo estar\u00eda limitado por la resistencia f\u00edsica del piloto\u00bb.<\/p>\n","protected":false},"excerpt":{"rendered":"<p>El avi\u00f3n Solar Impulse II ha aterrizado con \u00e9xito en Sevilla sobre las 07,39 horas de este jueves tras atravesar el oc\u00e9ano Atl\u00e1ntico tres d\u00edas despu\u00e9s de partir del aeropuerto JFK de Nueva York, dentro del proyecto de vuelta al mundo a bordo de esta aeronave. La llegada del Solar Impulse II, que se mueve<\/p>\n","protected":false},"author":1,"featured_media":77926,"comment_status":"open","ping_status":"closed","sticky":false,"template":"","format":"standard","meta":{"footnotes":""},"categories":[224],"tags":[],"class_list":{"0":"post-80499","1":"post","2":"type-post","3":"status-publish","4":"format-standard","5":"has-post-thumbnail","7":"category-noticias-actualidad"},"aioseo_notices":[],"aioseo_head":"\n\t\t<!-- All in One SEO Pro 4.9.6.1 - aioseo.com -->\n\t<meta name=\"description\" content=\"El avi\u00f3n Solar Impulse II ha aterrizado con \u00e9xito en Sevilla sobre las 07,39 horas de este jueves tras atravesar el oc\u00e9ano Atl\u00e1ntico tres d\u00edas despu\u00e9s de partir del aeropuerto JFK de Nueva York, dentro del proyecto de vuelta al mundo a bordo de esta aeronave. La llegada del Solar Impulse II, que se mueve\" \/>\n\t<meta name=\"robots\" content=\"max-image-preview:large\" \/>\n\t<meta name=\"author\" content=\"admin\"\/>\n\t<meta name=\"google-site-verification\" content=\"UA-38556648-1\" \/>\n\t<meta name=\"keywords\" content=\"noticias y actualidad\" \/>\n\t<link rel=\"canonical\" href=\"https:\/\/eldigitaldeasturias.com\/magazine365\/el-avion-solar-impulse-ii-aterriza-con-exito-en-sevilla-tres-dias-despues-de-partir-de-nueva-york\/\" \/>\n\t<meta name=\"generator\" content=\"All in One SEO Pro (AIOSEO) 4.9.6.1\" \/>\n\t\t<meta property=\"og:locale\" content=\"es_ES\" \/>\n\t\t<meta property=\"og:site_name\" content=\"El Digital de Asturias \u2013 Revista de ocio, turismo y estilo de vida\" \/>\n\t\t<meta property=\"og:type\" content=\"article\" \/>\n\t\t<meta property=\"og:title\" content=\"El avi\u00f3n Solar Impulse II aterriza con \u00e9xito en Sevilla tres d\u00edas despu\u00e9s de partir de Nueva York | El Digital de Asturias\" \/>\n\t\t<meta property=\"og:description\" content=\"El avi\u00f3n Solar Impulse II ha aterrizado con \u00e9xito en Sevilla sobre las 07,39 horas de este jueves tras atravesar el oc\u00e9ano Atl\u00e1ntico tres d\u00edas despu\u00e9s de partir del aeropuerto JFK de Nueva York, dentro del proyecto de vuelta al mundo a bordo de esta aeronave. La llegada del Solar Impulse II, que se mueve\" \/>\n\t\t<meta property=\"og:url\" content=\"https:\/\/eldigitaldeasturias.com\/magazine365\/el-avion-solar-impulse-ii-aterriza-con-exito-en-sevilla-tres-dias-despues-de-partir-de-nueva-york\/\" \/>\n\t\t<meta property=\"og:image\" content=\"https:\/\/eldigitaldeasturias.com\/magazine365\/wp-content\/uploads\/2016\/06\/m365.jpg\" \/>\n\t\t<meta property=\"og:image:secure_url\" content=\"https:\/\/eldigitaldeasturias.com\/magazine365\/wp-content\/uploads\/2016\/06\/m365.jpg\" \/>\n\t\t<meta property=\"og:image:width\" content=\"655\" \/>\n\t\t<meta property=\"og:image:height\" content=\"360\" \/>\n\t\t<meta property=\"article:published_time\" content=\"2016-06-24T12:18:45+00:00\" \/>\n\t\t<meta property=\"article:modified_time\" content=\"2016-06-24T12:18:45+00:00\" \/>\n\t\t<meta name=\"twitter:card\" content=\"summary_large_image\" \/>\n\t\t<meta name=\"twitter:title\" content=\"El avi\u00f3n Solar Impulse II aterriza con \u00e9xito en Sevilla tres d\u00edas despu\u00e9s de partir de Nueva York | El Digital de Asturias\" \/>\n\t\t<meta name=\"twitter:description\" content=\"El avi\u00f3n Solar Impulse II ha aterrizado con \u00e9xito en Sevilla sobre las 07,39 horas de este jueves tras atravesar el oc\u00e9ano Atl\u00e1ntico tres d\u00edas despu\u00e9s de partir del aeropuerto JFK de Nueva York, dentro del proyecto de vuelta al mundo a bordo de esta aeronave. La llegada del Solar Impulse II, que se mueve\" \/>\n\t\t<meta name=\"twitter:image\" content=\"https:\/\/eldigitaldeasturias.com\/magazine365\/wp-content\/uploads\/2016\/06\/m365.jpg\" \/>\n\t\t<script type=\"application\/ld+json\" class=\"aioseo-schema\">\n\t\t\t{\"@context\":\"https:\\\/\\\/schema.org\",\"@graph\":[{\"@type\":\"Article\",\"@id\":\"https:\\\/\\\/eldigitaldeasturias.com\\\/magazine365\\\/el-avion-solar-impulse-ii-aterriza-con-exito-en-sevilla-tres-dias-despues-de-partir-de-nueva-york\\\/#article\",\"name\":\"El avi\\u00f3n Solar Impulse II aterriza con \\u00e9xito en Sevilla tres d\\u00edas despu\\u00e9s de partir de Nueva York | El Digital de Asturias\",\"headline\":\"El avi\\u00f3n Solar Impulse II aterriza con \\u00e9xito en Sevilla tres d\\u00edas despu\\u00e9s de partir de Nueva York\",\"author\":{\"@id\":\"https:\\\/\\\/eldigitaldeasturias.com\\\/magazine365\\\/author\\\/admin\\\/#author\"},\"publisher\":{\"@id\":\"https:\\\/\\\/eldigitaldeasturias.com\\\/magazine365\\\/#organization\"},\"image\":{\"@type\":\"ImageObject\",\"url\":\"https:\\\/\\\/eldigitaldeasturias.com\\\/magazine365\\\/wp-content\\\/uploads\\\/2016\\\/06\\\/m365.jpg\",\"width\":655,\"height\":360},\"datePublished\":\"2016-06-24T14:18:45+02:00\",\"dateModified\":\"2016-06-24T14:18:45+02:00\",\"inLanguage\":\"es-ES\",\"mainEntityOfPage\":{\"@id\":\"https:\\\/\\\/eldigitaldeasturias.com\\\/magazine365\\\/el-avion-solar-impulse-ii-aterriza-con-exito-en-sevilla-tres-dias-despues-de-partir-de-nueva-york\\\/#webpage\"},\"isPartOf\":{\"@id\":\"https:\\\/\\\/eldigitaldeasturias.com\\\/magazine365\\\/el-avion-solar-impulse-ii-aterriza-con-exito-en-sevilla-tres-dias-despues-de-partir-de-nueva-york\\\/#webpage\"},\"articleSection\":\"Noticias y Actualidad\"},{\"@type\":\"BreadcrumbList\",\"@id\":\"https:\\\/\\\/eldigitaldeasturias.com\\\/magazine365\\\/el-avion-solar-impulse-ii-aterriza-con-exito-en-sevilla-tres-dias-despues-de-partir-de-nueva-york\\\/#breadcrumblist\",\"itemListElement\":[{\"@type\":\"ListItem\",\"@id\":\"https:\\\/\\\/eldigitaldeasturias.com\\\/magazine365#listItem\",\"position\":1,\"name\":\"Home\",\"item\":\"https:\\\/\\\/eldigitaldeasturias.com\\\/magazine365\",\"nextItem\":{\"@type\":\"ListItem\",\"@id\":\"https:\\\/\\\/eldigitaldeasturias.com\\\/magazine365\\\/category\\\/noticias-actualidad\\\/#listItem\",\"name\":\"Noticias y Actualidad\"}},{\"@type\":\"ListItem\",\"@id\":\"https:\\\/\\\/eldigitaldeasturias.com\\\/magazine365\\\/category\\\/noticias-actualidad\\\/#listItem\",\"position\":2,\"name\":\"Noticias y Actualidad\",\"item\":\"https:\\\/\\\/eldigitaldeasturias.com\\\/magazine365\\\/category\\\/noticias-actualidad\\\/\",\"nextItem\":{\"@type\":\"ListItem\",\"@id\":\"https:\\\/\\\/eldigitaldeasturias.com\\\/magazine365\\\/el-avion-solar-impulse-ii-aterriza-con-exito-en-sevilla-tres-dias-despues-de-partir-de-nueva-york\\\/#listItem\",\"name\":\"El avi\\u00f3n Solar Impulse II aterriza con \\u00e9xito en Sevilla tres d\\u00edas despu\\u00e9s de partir de Nueva York\"},\"previousItem\":{\"@type\":\"ListItem\",\"@id\":\"https:\\\/\\\/eldigitaldeasturias.com\\\/magazine365#listItem\",\"name\":\"Home\"}},{\"@type\":\"ListItem\",\"@id\":\"https:\\\/\\\/eldigitaldeasturias.com\\\/magazine365\\\/el-avion-solar-impulse-ii-aterriza-con-exito-en-sevilla-tres-dias-despues-de-partir-de-nueva-york\\\/#listItem\",\"position\":3,\"name\":\"El avi\\u00f3n Solar Impulse II aterriza con \\u00e9xito en Sevilla tres d\\u00edas despu\\u00e9s de partir de Nueva York\",\"previousItem\":{\"@type\":\"ListItem\",\"@id\":\"https:\\\/\\\/eldigitaldeasturias.com\\\/magazine365\\\/category\\\/noticias-actualidad\\\/#listItem\",\"name\":\"Noticias y Actualidad\"}}]},{\"@type\":\"Organization\",\"@id\":\"https:\\\/\\\/eldigitaldeasturias.com\\\/magazine365\\\/#organization\",\"name\":\"El digital de Asturias\",\"description\":\"Revista de ocio, turismo y estilo de vida\",\"url\":\"https:\\\/\\\/eldigitaldeasturias.com\\\/magazine365\\\/\",\"logo\":{\"@type\":\"ImageObject\",\"url\":\"https:\\\/\\\/www.eldigitaldeasturias.com\\\/noticias\\\/wp-content\\\/uploads\\\/2020\\\/12\\\/EDA.jpg\",\"@id\":\"https:\\\/\\\/eldigitaldeasturias.com\\\/magazine365\\\/el-avion-solar-impulse-ii-aterriza-con-exito-en-sevilla-tres-dias-despues-de-partir-de-nueva-york\\\/#organizationLogo\"},\"image\":{\"@id\":\"https:\\\/\\\/eldigitaldeasturias.com\\\/magazine365\\\/el-avion-solar-impulse-ii-aterriza-con-exito-en-sevilla-tres-dias-despues-de-partir-de-nueva-york\\\/#organizationLogo\"}},{\"@type\":\"Person\",\"@id\":\"https:\\\/\\\/eldigitaldeasturias.com\\\/magazine365\\\/author\\\/admin\\\/#author\",\"url\":\"https:\\\/\\\/eldigitaldeasturias.com\\\/magazine365\\\/author\\\/admin\\\/\",\"name\":\"admin\",\"image\":{\"@type\":\"ImageObject\",\"@id\":\"https:\\\/\\\/eldigitaldeasturias.com\\\/magazine365\\\/el-avion-solar-impulse-ii-aterriza-con-exito-en-sevilla-tres-dias-despues-de-partir-de-nueva-york\\\/#authorImage\",\"url\":\"https:\\\/\\\/eldigitaldeasturias.com\\\/magazine365\\\/wp-content\\\/litespeed\\\/avatar\\\/e571bcf59a0edd6fa6838245a470f2fe.jpg?ver=1776969259\",\"width\":96,\"height\":96,\"caption\":\"admin\"}},{\"@type\":\"WebPage\",\"@id\":\"https:\\\/\\\/eldigitaldeasturias.com\\\/magazine365\\\/el-avion-solar-impulse-ii-aterriza-con-exito-en-sevilla-tres-dias-despues-de-partir-de-nueva-york\\\/#webpage\",\"url\":\"https:\\\/\\\/eldigitaldeasturias.com\\\/magazine365\\\/el-avion-solar-impulse-ii-aterriza-con-exito-en-sevilla-tres-dias-despues-de-partir-de-nueva-york\\\/\",\"name\":\"El avi\\u00f3n Solar Impulse II aterriza con \\u00e9xito en Sevilla tres d\\u00edas despu\\u00e9s de partir de Nueva York | El Digital de Asturias\",\"description\":\"El avi\\u00f3n Solar Impulse II ha aterrizado con \\u00e9xito en Sevilla sobre las 07,39 horas de este jueves tras atravesar el oc\\u00e9ano Atl\\u00e1ntico tres d\\u00edas despu\\u00e9s de partir del aeropuerto JFK de Nueva York, dentro del proyecto de vuelta al mundo a bordo de esta aeronave. La llegada del Solar Impulse II, que se mueve\",\"inLanguage\":\"es-ES\",\"isPartOf\":{\"@id\":\"https:\\\/\\\/eldigitaldeasturias.com\\\/magazine365\\\/#website\"},\"breadcrumb\":{\"@id\":\"https:\\\/\\\/eldigitaldeasturias.com\\\/magazine365\\\/el-avion-solar-impulse-ii-aterriza-con-exito-en-sevilla-tres-dias-despues-de-partir-de-nueva-york\\\/#breadcrumblist\"},\"author\":{\"@id\":\"https:\\\/\\\/eldigitaldeasturias.com\\\/magazine365\\\/author\\\/admin\\\/#author\"},\"creator\":{\"@id\":\"https:\\\/\\\/eldigitaldeasturias.com\\\/magazine365\\\/author\\\/admin\\\/#author\"},\"image\":{\"@type\":\"ImageObject\",\"url\":\"https:\\\/\\\/eldigitaldeasturias.com\\\/magazine365\\\/wp-content\\\/uploads\\\/2016\\\/06\\\/m365.jpg\",\"@id\":\"https:\\\/\\\/eldigitaldeasturias.com\\\/magazine365\\\/el-avion-solar-impulse-ii-aterriza-con-exito-en-sevilla-tres-dias-despues-de-partir-de-nueva-york\\\/#mainImage\",\"width\":655,\"height\":360},\"primaryImageOfPage\":{\"@id\":\"https:\\\/\\\/eldigitaldeasturias.com\\\/magazine365\\\/el-avion-solar-impulse-ii-aterriza-con-exito-en-sevilla-tres-dias-despues-de-partir-de-nueva-york\\\/#mainImage\"},\"datePublished\":\"2016-06-24T14:18:45+02:00\",\"dateModified\":\"2016-06-24T14:18:45+02:00\"},{\"@type\":\"WebSite\",\"@id\":\"https:\\\/\\\/eldigitaldeasturias.com\\\/magazine365\\\/#website\",\"url\":\"https:\\\/\\\/eldigitaldeasturias.com\\\/magazine365\\\/\",\"name\":\"El Digital de Asturias\",\"description\":\"Revista de ocio, turismo y estilo de vida\",\"inLanguage\":\"es-ES\",\"publisher\":{\"@id\":\"https:\\\/\\\/eldigitaldeasturias.com\\\/magazine365\\\/#organization\"}}]}\n\t\t<\/script>\n\t\t<!-- All in One SEO Pro -->\r\n\t\t<title>El avi\u00f3n Solar Impulse II aterriza con \u00e9xito en Sevilla tres d\u00edas despu\u00e9s de partir de Nueva York | El Digital de Asturias<\/title>\n\n","aioseo_head_json":{"title":"El avi\u00f3n Solar Impulse II aterriza con \u00e9xito en Sevilla tres d\u00edas despu\u00e9s de partir de Nueva York | El Digital de Asturias","description":"El avi\u00f3n Solar Impulse II ha aterrizado con \u00e9xito en Sevilla sobre las 07,39 horas de este jueves tras atravesar el oc\u00e9ano Atl\u00e1ntico tres d\u00edas despu\u00e9s de partir del aeropuerto JFK de Nueva York, dentro del proyecto de vuelta al mundo a bordo de esta aeronave. La llegada del Solar Impulse II, que se mueve","canonical_url":"https:\/\/eldigitaldeasturias.com\/magazine365\/el-avion-solar-impulse-ii-aterriza-con-exito-en-sevilla-tres-dias-despues-de-partir-de-nueva-york\/","robots":"max-image-preview:large","keywords":"noticias y actualidad","webmasterTools":{"google-site-verification":"UA-38556648-1","miscellaneous":""},"schema":{"@context":"https:\/\/schema.org","@graph":[{"@type":"Article","@id":"https:\/\/eldigitaldeasturias.com\/magazine365\/el-avion-solar-impulse-ii-aterriza-con-exito-en-sevilla-tres-dias-despues-de-partir-de-nueva-york\/#article","name":"El avi\u00f3n Solar Impulse II aterriza con \u00e9xito en Sevilla tres d\u00edas despu\u00e9s de partir de Nueva York | El Digital de Asturias","headline":"El avi\u00f3n Solar Impulse II aterriza con \u00e9xito en Sevilla tres d\u00edas despu\u00e9s de partir de Nueva York","author":{"@id":"https:\/\/eldigitaldeasturias.com\/magazine365\/author\/admin\/#author"},"publisher":{"@id":"https:\/\/eldigitaldeasturias.com\/magazine365\/#organization"},"image":{"@type":"ImageObject","url":"https:\/\/eldigitaldeasturias.com\/magazine365\/wp-content\/uploads\/2016\/06\/m365.jpg","width":655,"height":360},"datePublished":"2016-06-24T14:18:45+02:00","dateModified":"2016-06-24T14:18:45+02:00","inLanguage":"es-ES","mainEntityOfPage":{"@id":"https:\/\/eldigitaldeasturias.com\/magazine365\/el-avion-solar-impulse-ii-aterriza-con-exito-en-sevilla-tres-dias-despues-de-partir-de-nueva-york\/#webpage"},"isPartOf":{"@id":"https:\/\/eldigitaldeasturias.com\/magazine365\/el-avion-solar-impulse-ii-aterriza-con-exito-en-sevilla-tres-dias-despues-de-partir-de-nueva-york\/#webpage"},"articleSection":"Noticias y Actualidad"},{"@type":"BreadcrumbList","@id":"https:\/\/eldigitaldeasturias.com\/magazine365\/el-avion-solar-impulse-ii-aterriza-con-exito-en-sevilla-tres-dias-despues-de-partir-de-nueva-york\/#breadcrumblist","itemListElement":[{"@type":"ListItem","@id":"https:\/\/eldigitaldeasturias.com\/magazine365#listItem","position":1,"name":"Home","item":"https:\/\/eldigitaldeasturias.com\/magazine365","nextItem":{"@type":"ListItem","@id":"https:\/\/eldigitaldeasturias.com\/magazine365\/category\/noticias-actualidad\/#listItem","name":"Noticias y Actualidad"}},{"@type":"ListItem","@id":"https:\/\/eldigitaldeasturias.com\/magazine365\/category\/noticias-actualidad\/#listItem","position":2,"name":"Noticias y Actualidad","item":"https:\/\/eldigitaldeasturias.com\/magazine365\/category\/noticias-actualidad\/","nextItem":{"@type":"ListItem","@id":"https:\/\/eldigitaldeasturias.com\/magazine365\/el-avion-solar-impulse-ii-aterriza-con-exito-en-sevilla-tres-dias-despues-de-partir-de-nueva-york\/#listItem","name":"El avi\u00f3n Solar Impulse II aterriza con \u00e9xito en Sevilla tres d\u00edas despu\u00e9s de partir de Nueva York"},"previousItem":{"@type":"ListItem","@id":"https:\/\/eldigitaldeasturias.com\/magazine365#listItem","name":"Home"}},{"@type":"ListItem","@id":"https:\/\/eldigitaldeasturias.com\/magazine365\/el-avion-solar-impulse-ii-aterriza-con-exito-en-sevilla-tres-dias-despues-de-partir-de-nueva-york\/#listItem","position":3,"name":"El avi\u00f3n Solar Impulse II aterriza con \u00e9xito en Sevilla tres d\u00edas despu\u00e9s de partir de Nueva York","previousItem":{"@type":"ListItem","@id":"https:\/\/eldigitaldeasturias.com\/magazine365\/category\/noticias-actualidad\/#listItem","name":"Noticias y Actualidad"}}]},{"@type":"Organization","@id":"https:\/\/eldigitaldeasturias.com\/magazine365\/#organization","name":"El digital de Asturias","description":"Revista de ocio, turismo y estilo de vida","url":"https:\/\/eldigitaldeasturias.com\/magazine365\/","logo":{"@type":"ImageObject","url":"https:\/\/www.eldigitaldeasturias.com\/noticias\/wp-content\/uploads\/2020\/12\/EDA.jpg","@id":"https:\/\/eldigitaldeasturias.com\/magazine365\/el-avion-solar-impulse-ii-aterriza-con-exito-en-sevilla-tres-dias-despues-de-partir-de-nueva-york\/#organizationLogo"},"image":{"@id":"https:\/\/eldigitaldeasturias.com\/magazine365\/el-avion-solar-impulse-ii-aterriza-con-exito-en-sevilla-tres-dias-despues-de-partir-de-nueva-york\/#organizationLogo"}},{"@type":"Person","@id":"https:\/\/eldigitaldeasturias.com\/magazine365\/author\/admin\/#author","url":"https:\/\/eldigitaldeasturias.com\/magazine365\/author\/admin\/","name":"admin","image":{"@type":"ImageObject","@id":"https:\/\/eldigitaldeasturias.com\/magazine365\/el-avion-solar-impulse-ii-aterriza-con-exito-en-sevilla-tres-dias-despues-de-partir-de-nueva-york\/#authorImage","url":"https:\/\/eldigitaldeasturias.com\/magazine365\/wp-content\/litespeed\/avatar\/e571bcf59a0edd6fa6838245a470f2fe.jpg?ver=1776969259","width":96,"height":96,"caption":"admin"}},{"@type":"WebPage","@id":"https:\/\/eldigitaldeasturias.com\/magazine365\/el-avion-solar-impulse-ii-aterriza-con-exito-en-sevilla-tres-dias-despues-de-partir-de-nueva-york\/#webpage","url":"https:\/\/eldigitaldeasturias.com\/magazine365\/el-avion-solar-impulse-ii-aterriza-con-exito-en-sevilla-tres-dias-despues-de-partir-de-nueva-york\/","name":"El avi\u00f3n Solar Impulse II aterriza con \u00e9xito en Sevilla tres d\u00edas despu\u00e9s de partir de Nueva York | El Digital de Asturias","description":"El avi\u00f3n Solar Impulse II ha aterrizado con \u00e9xito en Sevilla sobre las 07,39 horas de este jueves tras atravesar el oc\u00e9ano Atl\u00e1ntico tres d\u00edas despu\u00e9s de partir del aeropuerto JFK de Nueva York, dentro del proyecto de vuelta al mundo a bordo de esta aeronave. La llegada del Solar Impulse II, que se mueve","inLanguage":"es-ES","isPartOf":{"@id":"https:\/\/eldigitaldeasturias.com\/magazine365\/#website"},"breadcrumb":{"@id":"https:\/\/eldigitaldeasturias.com\/magazine365\/el-avion-solar-impulse-ii-aterriza-con-exito-en-sevilla-tres-dias-despues-de-partir-de-nueva-york\/#breadcrumblist"},"author":{"@id":"https:\/\/eldigitaldeasturias.com\/magazine365\/author\/admin\/#author"},"creator":{"@id":"https:\/\/eldigitaldeasturias.com\/magazine365\/author\/admin\/#author"},"image":{"@type":"ImageObject","url":"https:\/\/eldigitaldeasturias.com\/magazine365\/wp-content\/uploads\/2016\/06\/m365.jpg","@id":"https:\/\/eldigitaldeasturias.com\/magazine365\/el-avion-solar-impulse-ii-aterriza-con-exito-en-sevilla-tres-dias-despues-de-partir-de-nueva-york\/#mainImage","width":655,"height":360},"primaryImageOfPage":{"@id":"https:\/\/eldigitaldeasturias.com\/magazine365\/el-avion-solar-impulse-ii-aterriza-con-exito-en-sevilla-tres-dias-despues-de-partir-de-nueva-york\/#mainImage"},"datePublished":"2016-06-24T14:18:45+02:00","dateModified":"2016-06-24T14:18:45+02:00"},{"@type":"WebSite","@id":"https:\/\/eldigitaldeasturias.com\/magazine365\/#website","url":"https:\/\/eldigitaldeasturias.com\/magazine365\/","name":"El Digital de Asturias","description":"Revista de ocio, turismo y estilo de vida","inLanguage":"es-ES","publisher":{"@id":"https:\/\/eldigitaldeasturias.com\/magazine365\/#organization"}}]},"og:locale":"es_ES","og:site_name":"El Digital de Asturias \u2013 Revista de ocio, turismo y estilo de vida","og:type":"article","og:title":"El avi\u00f3n Solar Impulse II aterriza con \u00e9xito en Sevilla tres d\u00edas despu\u00e9s de partir de Nueva York | El Digital de Asturias","og:description":"El avi\u00f3n Solar Impulse II ha aterrizado con \u00e9xito en Sevilla sobre las 07,39 horas de este jueves tras atravesar el oc\u00e9ano Atl\u00e1ntico tres d\u00edas despu\u00e9s de partir del aeropuerto JFK de Nueva York, dentro del proyecto de vuelta al mundo a bordo de esta aeronave. La llegada del Solar Impulse II, que se mueve","og:url":"https:\/\/eldigitaldeasturias.com\/magazine365\/el-avion-solar-impulse-ii-aterriza-con-exito-en-sevilla-tres-dias-despues-de-partir-de-nueva-york\/","og:image":"https:\/\/eldigitaldeasturias.com\/magazine365\/wp-content\/uploads\/2016\/06\/m365.jpg","og:image:secure_url":"https:\/\/eldigitaldeasturias.com\/magazine365\/wp-content\/uploads\/2016\/06\/m365.jpg","og:image:width":655,"og:image:height":360,"article:published_time":"2016-06-24T12:18:45+00:00","article:modified_time":"2016-06-24T12:18:45+00:00","twitter:card":"summary_large_image","twitter:title":"El avi\u00f3n Solar Impulse II aterriza con \u00e9xito en Sevilla tres d\u00edas despu\u00e9s de partir de Nueva York | El Digital de Asturias","twitter:description":"El avi\u00f3n Solar Impulse II ha aterrizado con \u00e9xito en Sevilla sobre las 07,39 horas de este jueves tras atravesar el oc\u00e9ano Atl\u00e1ntico tres d\u00edas despu\u00e9s de partir del aeropuerto JFK de Nueva York, dentro del proyecto de vuelta al mundo a bordo de esta aeronave. La llegada del Solar Impulse II, que se mueve","twitter:image":"https:\/\/eldigitaldeasturias.com\/magazine365\/wp-content\/uploads\/2016\/06\/m365.jpg"},"aioseo_meta_data":{"post_id":"80499","title":null,"description":null,"keywords":null,"keyphrases":null,"primary_term":null,"canonical_url":null,"og_title":null,"og_description":null,"og_object_type":"default","og_image_type":"default","og_image_url":null,"og_image_width":null,"og_image_height":null,"og_image_custom_url":null,"og_image_custom_fields":null,"og_video":null,"og_custom_url":null,"og_article_section":null,"og_article_tags":null,"twitter_use_og":false,"twitter_card":"default","twitter_image_type":"default","twitter_image_url":null,"twitter_image_custom_url":null,"twitter_image_custom_fields":null,"twitter_title":null,"twitter_description":null,"schema":{"blockGraphs":[],"customGraphs":[],"default":{"data":{"Article":[],"Course":[],"Dataset":[],"FAQPage":[],"Movie":[],"Person":[],"Product":[],"ProductReview":[],"Car":[],"Recipe":[],"Service":[],"SoftwareApplication":[],"WebPage":[]},"graphName":"","isEnabled":true},"graphs":[],"defaultGraph":"","defaultPostTypeGraph":""},"schema_type":null,"schema_type_options":null,"pillar_content":false,"robots_default":true,"robots_noindex":false,"robots_noarchive":false,"robots_nosnippet":false,"robots_nofollow":false,"robots_noimageindex":false,"robots_noodp":false,"robots_notranslate":false,"robots_max_snippet":null,"robots_max_videopreview":null,"robots_max_imagepreview":"large","priority":null,"frequency":null,"location":null,"local_seo":null,"seo_analyzer_scan_date":"2025-09-27 20:57:20","breadcrumb_settings":null,"limit_modified_date":false,"open_ai":null,"ai":null,"created":"2021-03-08 17:33:08","updated":"2025-09-27 20:57:20"},"aioseo_breadcrumb":"<div class=\"aioseo-breadcrumbs\"><span class=\"aioseo-breadcrumb\">\n\t<a href=\"https:\/\/eldigitaldeasturias.com\/magazine365\" title=\"Home\">Home<\/a>\n<\/span><span class=\"aioseo-breadcrumb-separator\">\u2013<\/span><span class=\"aioseo-breadcrumb\">\n\t<a href=\"https:\/\/eldigitaldeasturias.com\/magazine365\/category\/noticias-actualidad\/\" title=\"Noticias y Actualidad\">Noticias y Actualidad<\/a>\n<\/span><span class=\"aioseo-breadcrumb-separator\">\u2013<\/span><span class=\"aioseo-breadcrumb\">\n\t<a href=\"https:\/\/eldigitaldeasturias.com\/magazine365\/el-avion-solar-impulse-ii-aterriza-con-exito-en-sevilla-tres-dias-despues-de-partir-de-nueva-york\/\" title=\"El avi\u00f3n Solar Impulse II aterriza con \u00e9xito en Sevilla tres d\u00edas despu\u00e9s de partir de Nueva York\">El avi\u00f3n Solar Impulse II aterriza con \u00e9xito en Sevilla tres d\u00edas despu\u00e9s de partir de Nueva York<\/a>\n<\/span><\/div>","aioseo_breadcrumb_json":[{"label":"Home","link":"https:\/\/eldigitaldeasturias.com\/magazine365"},{"label":"Noticias y Actualidad","link":"https:\/\/eldigitaldeasturias.com\/magazine365\/category\/noticias-actualidad\/"},{"label":"El avi\u00f3n Solar Impulse II aterriza con \u00e9xito en Sevilla tres d\u00edas despu\u00e9s de partir de Nueva York","link":"https:\/\/eldigitaldeasturias.com\/magazine365\/el-avion-solar-impulse-ii-aterriza-con-exito-en-sevilla-tres-dias-despues-de-partir-de-nueva-york\/"}],"_links":{"self":[{"href":"https:\/\/eldigitaldeasturias.com\/magazine365\/wp-json\/wp\/v2\/posts\/80499","targetHints":{"allow":["GET"]}}],"collection":[{"href":"https:\/\/eldigitaldeasturias.com\/magazine365\/wp-json\/wp\/v2\/posts"}],"about":[{"href":"https:\/\/eldigitaldeasturias.com\/magazine365\/wp-json\/wp\/v2\/types\/post"}],"author":[{"embeddable":true,"href":"https:\/\/eldigitaldeasturias.com\/magazine365\/wp-json\/wp\/v2\/users\/1"}],"replies":[{"embeddable":true,"href":"https:\/\/eldigitaldeasturias.com\/magazine365\/wp-json\/wp\/v2\/comments?post=80499"}],"version-history":[{"count":0,"href":"https:\/\/eldigitaldeasturias.com\/magazine365\/wp-json\/wp\/v2\/posts\/80499\/revisions"}],"wp:featuredmedia":[{"embeddable":true,"href":"https:\/\/eldigitaldeasturias.com\/magazine365\/wp-json\/wp\/v2\/media\/77926"}],"wp:attachment":[{"href":"https:\/\/eldigitaldeasturias.com\/magazine365\/wp-json\/wp\/v2\/media?parent=80499"}],"wp:term":[{"taxonomy":"category","embeddable":true,"href":"https:\/\/eldigitaldeasturias.com\/magazine365\/wp-json\/wp\/v2\/categories?post=80499"},{"taxonomy":"post_tag","embeddable":true,"href":"https:\/\/eldigitaldeasturias.com\/magazine365\/wp-json\/wp\/v2\/tags?post=80499"}],"curies":[{"name":"wp","href":"https:\/\/api.w.org\/{rel}","templated":true}]}}