{"id":80475,"date":"2016-06-24T14:04:36","date_gmt":"2016-06-24T12:04:36","guid":{"rendered":"http:\/\/eldigitaldeasturias.com\/magazine365\/?p=80475"},"modified":"2016-06-24T14:04:36","modified_gmt":"2016-06-24T12:04:36","slug":"el-brexit-vence-en-el-referendum-de-reino-unido-y-abre-un-periodo-sin-precedentes-en-la-ue","status":"publish","type":"post","link":"https:\/\/eldigitaldeasturias.com\/magazine365\/el-brexit-vence-en-el-referendum-de-reino-unido-y-abre-un-periodo-sin-precedentes-en-la-ue\/","title":{"rendered":"El &#8216;Brexit&#8217; vence en el refer\u00e9ndum de Reino Unido y abre un per\u00edodo sin precedentes en la UE"},"content":{"rendered":"<p><img fetchpriority=\"high\" decoding=\"async\" class=\"alignleft size-medium wp-image-80476\" src=\"https:\/\/eldigitaldeasturias.com\/magazine365\/wp-content\/uploads\/2016\/06\/fotonoticia_20160624081936_800-347x300.jpg\" alt=\"fotonoticia_20160624081936_800\" width=\"347\" height=\"300\" srcset=\"https:\/\/eldigitaldeasturias.com\/magazine365\/wp-content\/uploads\/2016\/06\/fotonoticia_20160624081936_800-347x300.jpg 347w, https:\/\/eldigitaldeasturias.com\/magazine365\/wp-content\/uploads\/2016\/06\/fotonoticia_20160624081936_800-650x562.jpg 650w, https:\/\/eldigitaldeasturias.com\/magazine365\/wp-content\/uploads\/2016\/06\/fotonoticia_20160624081936_800-768x664.jpg 768w, https:\/\/eldigitaldeasturias.com\/magazine365\/wp-content\/uploads\/2016\/06\/fotonoticia_20160624081936_800-150x130.jpg 150w, https:\/\/eldigitaldeasturias.com\/magazine365\/wp-content\/uploads\/2016\/06\/fotonoticia_20160624081936_800-450x389.jpg 450w, https:\/\/eldigitaldeasturias.com\/magazine365\/wp-content\/uploads\/2016\/06\/fotonoticia_20160624081936_800-140x120.jpg 140w, https:\/\/eldigitaldeasturias.com\/magazine365\/wp-content\/uploads\/2016\/06\/fotonoticia_20160624081936_800.jpg 800w\" sizes=\"(max-width: 347px) 100vw, 347px\" \/>El refer\u00e9ndum sobre la permanencia de Reino Unido en la Uni\u00f3n Europea se ha saldado a favor de la salida de la segunda econom\u00eda del continente, un desenlace sin precedentes en el proyecto comunitario y que abre un per\u00edodo de incertidumbre tanto para el nuevo encaje brit\u00e1nico en el continente, como para la sostenibilidad de un bloque que ha perdido a uno de sus m\u00e1s influyentes miembros.<\/p>\n<p>El &#8216;Brexit&#8217; ha logrado una victoria recibida por sus partidarios como el \u00abd\u00eda de la independencia brit\u00e1nica\u00bb, una euforia que contrasta con la negativa reacci\u00f3n de los mercados, que evidencian las serias implicaciones de una decisi\u00f3n contra la que hab\u00edan luchado la pr\u00e1ctica totalidad de las fuerzas pol\u00edticas, econ\u00f3micas y sociales de Reino Unido.<\/p>\n<p>Junto a los efectos sobre la volatilidad financiera, el &#8216;statu quo&#8217; brit\u00e1nico se enfrenta a un terremoto pol\u00edtico con epicentro en el N\u00famero 10 de Downing Street, puesto que el primer ministro, David Cameron, hab\u00eda apostado por una opci\u00f3n, la de la permanencia, ignorada por la mayor\u00eda de los ciudadanos.<\/p>\n<p>Con una participaci\u00f3n del 71,3 por ciento, la mayor en una votaci\u00f3n en Reino Unido desde 1992 y m\u00e1s de seis puntos por encima del plebiscito de 1975 que hab\u00eda confirmado la permanencia en la por entonces Comunidad Econ\u00f3mica Europa, el escrutinio ha dado un vuelco sin precedentes a una noche electoral que hab\u00eda arrancado con las encuestas a favor de la continuidad.<\/p>\n<p>Este desenlace tiene profundas connotaciones pol\u00edticas e institucionales, puesto que el debate sobre la sostenibilidad de Cameron al frente del Gobierno, del que hab\u00eda avisado que no dimitir\u00eda en caso de Brexit, est\u00e1 ya planteado, incluso pese a la carta de dos tercios de los diputados conservadores que hab\u00edan defendido la salida y que le han expresado su apoyo para permanecer en Downing Street por el \u00abmandato y deber\u00bb obtenido hace tan s\u00f3lo un a\u00f1o.<\/p>\n<h2 class=\"ladillo\">SIN \u00abPLAN B\u00bb<\/h2>\n<p>Adem\u00e1s, otra de las inc\u00f3gnitas es el grado de preparaci\u00f3n de Reino Unido para un proceso que podr\u00eda llevar a\u00f1os, puesto que el propio primer ministro hab\u00eda asegurado p\u00fablicamente que no hab\u00eda \u00abplan B\u00bb.<\/p>\n<p>Tras jugarse su credibilidad a la carta de una apuesta que, seg\u00fan \u00e9l, har\u00eda al \u00abm\u00e1s fuerte y m\u00e1s seguro\u00bb, Cameron ha quedado ya como el principal perjudicado de una campa\u00f1a que ha dividido a la sociedad brit\u00e1nica por una estrategia partidaria, puesto que, m\u00e1s que por clamor popular, el refer\u00e9ndum surgi\u00f3 para sofocar el incendio que Bruselas llevaba generando en los conservadores desde hace d\u00e9cadas.<\/p>\n<p>La oposici\u00f3n laborista ha sugerido ya la necesidad de su dimisi\u00f3n ante un escenario sin precedentes en el que la \u00fanica certidumbre es que, de vencer la salida, la decisi\u00f3n ser\u00eda \u00abirreversible\u00bb. No en vano, David Cameron hab\u00eda avanzado ya que el proceso formal de retirada de los Veintiocho comenzar\u00eda de inmediato.<\/p>\n<p>Aunque el Tratado de Lisboa establece las pautas de este procedimiento en el art\u00edculo 50, el primer movimiento ha de partir del estado miembro, que debe notificar a la UE su deseo de abandonar.<\/p>\n<p>De hecho, Londres no est\u00e1 obligado a proceder inminentemente, es m\u00e1s, los partidarios de romper con Bruselas han manifestado ya su preferencia por aguardar, puesto que, pese a meses de campa\u00f1a, la f\u00f3rmula que regir\u00eda sigue siendo una inc\u00f3gnita.<\/p>\n<p>Los plazos, a priori, est\u00e1n marcados, si bien los dos a\u00f1os establecidos en la normativa comunitaria podr\u00edan ampliarse siempre que lo autoricen los otros veintisiete socios. Expertos en Derecho europeo creen que, dada la complejidad, las negociaciones podr\u00edan llevar hasta una d\u00e9cada y los propios defensores del divorcio asumen que, como m\u00ednimo, ser\u00edan necesarios cuatro a\u00f1os.<\/p>\n<h2 class=\"ladillo\">REACCI\u00d3N EN LOS MERCADOS Y EN EUROPA<\/h2>\n<p>De momento, los mercados han evidenciado las secuelas del escenario que se abre en el bloque occidental: la divisa brit\u00e1nica ha ca\u00eddo a niveles in\u00e9ditos desde 1985, lo que podr\u00eda acarrear una intervenci\u00f3n de contingencia del Banco de Inglaterra, que ya hab\u00eda avanzado que ten\u00eda previstas medidas para garantizar la estabilidad financiera.<\/p>\n<p>Junto a la City y Downing Street, la atenci\u00f3n estar\u00e1 en el continente, donde se espera que los dem\u00e1s l\u00edderes, que han mantenido en secreto su plan de acci\u00f3n en caso de &#8216;Brexit&#8217;, se re\u00fanan a la m\u00e1xima urgencia y exijan a Reino Unido clarificaciones sobre las \u00e1reas m\u00e1s delicadas, como el futuro de los casi tres millones de ciudadanos comunitarios que residen al norte del Canal de la Mancha.<\/p>\n<h2 class=\"ladillo\">ENCAJE EN EL MERCADO COM\u00daN<\/h2>\n<p>Adem\u00e1s, uno de los factores m\u00e1s complejos ser\u00e1 el potencial encaje brit\u00e1nico en el mercado com\u00fan. La presi\u00f3n, por tanto, ser\u00e1 notable para hallar una soluci\u00f3n que implicar\u00e1 delicados compromisos de las partes, un esfuerzo que podr\u00eda necesitar a\u00f1os antes de que se pueda garantizar el apoyo de una mayor\u00eda cualificada de los ministros del ramo para, posteriormente, lograr que la propuesta sea ratificada por los dem\u00e1s estados miembro y, a continuaci\u00f3n, por los Parlamentos europeo y brit\u00e1nico.<\/p>\n<p>El problema es que uno de los catalizadores del Brexit ha sido el control de los flujos migratorios y la pertenencia al mercado com\u00fan implicar\u00eda, a priori, el libre movimiento de personas, dos elementos indisociables y, para la UE, innegociables, por lo que, a priori, Londres no podr\u00eda mantener el primero sin tener que aceptar el segundo, lo que complica la ecuaci\u00f3n entre prosperidad econ\u00f3mica y l\u00edmites a la entrada de ciudadanos comunitarios.<\/p>\n<p>No en vano, abandonar el mercado com\u00fan no es una opci\u00f3n extendida entre los defensores del &#8216;Brexit&#8217;, que se encuentran dividido entre quienes proponen directamente abandonarlo, aquellos que creen posible permanecer por el propio inter\u00e9s del resto de sus integrantes de no perder a la segunda econom\u00eda europea, los que abogan por establecer acuerdos bilaterales e, incluso, quienes ven viable operar con los 161 miembros de la Organizaci\u00f3n Mundial de Comercio (OMC).<\/p>\n<p>Este encaje, con todo, constituye tan s\u00f3lo una pieza m\u00e1s del complejo puzle legislativo de un proceso que obligar\u00eda a revisar hasta 80.000 p\u00e1ginas de acuerdos comunitarios, con el objetivo de decidir descartes, qu\u00e9 \u00e1reas enmendar y cu\u00e1les mantener, un sumario que, inevitablemente, querr\u00e1 supervisar el Parlamento brit\u00e1nico y cuya duraci\u00f3n constituye un enigma.<\/p>\n<p>Adem\u00e1s, la salida incrementa el riesgo de una crisis constitucional para la uni\u00f3n brit\u00e1nica, puesto que Escocia, protagonista de un plebiscito de independencia hace menos de dos a\u00f1os, ha apoyado mayoritariamente la continuidad en la UE y cuya ministra principal ha reconocido que este desenlace reavivar\u00e1 las ansias secesionistas.<\/p>\n<h2 class=\"ladillo\">PROCESO SIN PRECEDENTES<\/h2>\n<p>En consecuencia, junto a la resoluci\u00f3n de una profunda crisis pol\u00edtica en casa, el Gobierno, independientemente de su constituci\u00f3n, tendr\u00e1 que resolver un proceso sobre el que no hay precedentes, tan s\u00f3lo la salida de Groenlandia, ni siquiera un estado, sino un territorio que formaba parte de Dinamarca, hace m\u00e1s de 30 a\u00f1os, cuando la UE no era tampoco la uni\u00f3n pol\u00edtica en la que se ha convertido hoy en d\u00eda.<\/p>\n<p>Por si fuera poco, este nuevo cap\u00edtulo tendr\u00eda que acordarse con socios que dif\u00edcilmente mostrar\u00e1n empat\u00eda hacia quien ha decidido abandonar, a pesar de los compromisos que tanto costaron en febrero y que hubiesen garantizado para Reino Unido el ansiado estatus de verso libre de una Europa cada vez m\u00e1s cohesionada.<\/p>\n<p>Por otra parte, a escala europea, el temor es que la partida brit\u00e1nica genere un efecto domin\u00f3 entre otros integrantes de los Veintiocho y, sobre todo, que desencadene un peligroso auge del populismo.<\/p>\n","protected":false},"excerpt":{"rendered":"<p>El refer\u00e9ndum sobre la permanencia de Reino Unido en la Uni\u00f3n Europea se ha saldado a favor de la salida de la segunda econom\u00eda del continente, un desenlace sin precedentes en el proyecto comunitario y que abre un per\u00edodo de incertidumbre tanto para el nuevo encaje brit\u00e1nico en el continente, como para la sostenibilidad de<\/p>\n","protected":false},"author":1,"featured_media":80476,"comment_status":"open","ping_status":"closed","sticky":false,"template":"","format":"standard","meta":{"footnotes":""},"categories":[224],"tags":[],"class_list":{"0":"post-80475","1":"post","2":"type-post","3":"status-publish","4":"format-standard","5":"has-post-thumbnail","7":"category-noticias-actualidad"},"aioseo_notices":[],"aioseo_head":"\n\t\t<!-- All in One SEO Pro 4.9.6.1 - aioseo.com -->\n\t<meta name=\"description\" content=\"El refer\u00e9ndum sobre la permanencia de Reino Unido en la Uni\u00f3n Europea se ha saldado a favor de la salida de la segunda econom\u00eda del continente, un desenlace sin precedentes en el proyecto comunitario y que abre un per\u00edodo de incertidumbre tanto para el nuevo encaje brit\u00e1nico en el continente, como para la sostenibilidad de\" \/>\n\t<meta name=\"robots\" content=\"max-image-preview:large\" \/>\n\t<meta name=\"author\" content=\"admin\"\/>\n\t<meta name=\"google-site-verification\" content=\"UA-38556648-1\" \/>\n\t<meta name=\"keywords\" content=\"noticias y actualidad\" \/>\n\t<link rel=\"canonical\" href=\"https:\/\/eldigitaldeasturias.com\/magazine365\/el-brexit-vence-en-el-referendum-de-reino-unido-y-abre-un-periodo-sin-precedentes-en-la-ue\/\" \/>\n\t<meta name=\"generator\" content=\"All in One SEO Pro (AIOSEO) 4.9.6.1\" \/>\n\t\t<meta property=\"og:locale\" content=\"es_ES\" \/>\n\t\t<meta property=\"og:site_name\" content=\"El Digital de Asturias \u2013 Revista de ocio, turismo y estilo de vida\" \/>\n\t\t<meta property=\"og:type\" content=\"article\" \/>\n\t\t<meta property=\"og:title\" content=\"El \u2018Brexit\u2019 vence en el refer\u00e9ndum de Reino Unido y abre un per\u00edodo sin precedentes en la UE | El Digital de Asturias\" \/>\n\t\t<meta property=\"og:description\" content=\"El refer\u00e9ndum sobre la permanencia de Reino Unido en la Uni\u00f3n Europea se ha saldado a favor de la salida de la segunda econom\u00eda del continente, un desenlace sin precedentes en el proyecto comunitario y que abre un per\u00edodo de incertidumbre tanto para el nuevo encaje brit\u00e1nico en el continente, como para la sostenibilidad de\" \/>\n\t\t<meta property=\"og:url\" content=\"https:\/\/eldigitaldeasturias.com\/magazine365\/el-brexit-vence-en-el-referendum-de-reino-unido-y-abre-un-periodo-sin-precedentes-en-la-ue\/\" \/>\n\t\t<meta property=\"og:image\" content=\"https:\/\/eldigitaldeasturias.com\/magazine365\/wp-content\/uploads\/2016\/06\/fotonoticia_20160624081936_800.jpg\" \/>\n\t\t<meta property=\"og:image:secure_url\" content=\"https:\/\/eldigitaldeasturias.com\/magazine365\/wp-content\/uploads\/2016\/06\/fotonoticia_20160624081936_800.jpg\" \/>\n\t\t<meta property=\"og:image:width\" content=\"800\" \/>\n\t\t<meta property=\"og:image:height\" content=\"692\" \/>\n\t\t<meta property=\"article:published_time\" content=\"2016-06-24T12:04:36+00:00\" \/>\n\t\t<meta property=\"article:modified_time\" content=\"2016-06-24T12:04:36+00:00\" \/>\n\t\t<meta name=\"twitter:card\" content=\"summary_large_image\" \/>\n\t\t<meta name=\"twitter:title\" content=\"El \u2018Brexit\u2019 vence en el refer\u00e9ndum de Reino Unido y abre un per\u00edodo sin precedentes en la UE | El Digital de Asturias\" \/>\n\t\t<meta name=\"twitter:description\" content=\"El refer\u00e9ndum sobre la permanencia de Reino Unido en la Uni\u00f3n Europea se ha saldado a favor de la salida de la segunda econom\u00eda del continente, un desenlace sin precedentes en el proyecto comunitario y que abre un per\u00edodo de incertidumbre tanto para el nuevo encaje brit\u00e1nico en el continente, como para la sostenibilidad de\" \/>\n\t\t<meta name=\"twitter:image\" content=\"https:\/\/eldigitaldeasturias.com\/magazine365\/wp-content\/uploads\/2016\/06\/fotonoticia_20160624081936_800.jpg\" \/>\n\t\t<script type=\"application\/ld+json\" class=\"aioseo-schema\">\n\t\t\t{\"@context\":\"https:\\\/\\\/schema.org\",\"@graph\":[{\"@type\":\"Article\",\"@id\":\"https:\\\/\\\/eldigitaldeasturias.com\\\/magazine365\\\/el-brexit-vence-en-el-referendum-de-reino-unido-y-abre-un-periodo-sin-precedentes-en-la-ue\\\/#article\",\"name\":\"El \\u2018Brexit\\u2019 vence en el refer\\u00e9ndum de Reino Unido y abre un per\\u00edodo sin precedentes en la UE | El Digital de Asturias\",\"headline\":\"El &#8216;Brexit&#8217; vence en el refer\\u00e9ndum de Reino Unido y abre un per\\u00edodo sin precedentes en la UE\",\"author\":{\"@id\":\"https:\\\/\\\/eldigitaldeasturias.com\\\/magazine365\\\/author\\\/admin\\\/#author\"},\"publisher\":{\"@id\":\"https:\\\/\\\/eldigitaldeasturias.com\\\/magazine365\\\/#organization\"},\"image\":{\"@type\":\"ImageObject\",\"url\":\"https:\\\/\\\/eldigitaldeasturias.com\\\/magazine365\\\/wp-content\\\/uploads\\\/2016\\\/06\\\/fotonoticia_20160624081936_800.jpg\",\"width\":800,\"height\":692},\"datePublished\":\"2016-06-24T14:04:36+02:00\",\"dateModified\":\"2016-06-24T14:04:36+02:00\",\"inLanguage\":\"es-ES\",\"mainEntityOfPage\":{\"@id\":\"https:\\\/\\\/eldigitaldeasturias.com\\\/magazine365\\\/el-brexit-vence-en-el-referendum-de-reino-unido-y-abre-un-periodo-sin-precedentes-en-la-ue\\\/#webpage\"},\"isPartOf\":{\"@id\":\"https:\\\/\\\/eldigitaldeasturias.com\\\/magazine365\\\/el-brexit-vence-en-el-referendum-de-reino-unido-y-abre-un-periodo-sin-precedentes-en-la-ue\\\/#webpage\"},\"articleSection\":\"Noticias y Actualidad\"},{\"@type\":\"BreadcrumbList\",\"@id\":\"https:\\\/\\\/eldigitaldeasturias.com\\\/magazine365\\\/el-brexit-vence-en-el-referendum-de-reino-unido-y-abre-un-periodo-sin-precedentes-en-la-ue\\\/#breadcrumblist\",\"itemListElement\":[{\"@type\":\"ListItem\",\"@id\":\"https:\\\/\\\/eldigitaldeasturias.com\\\/magazine365#listItem\",\"position\":1,\"name\":\"Home\",\"item\":\"https:\\\/\\\/eldigitaldeasturias.com\\\/magazine365\",\"nextItem\":{\"@type\":\"ListItem\",\"@id\":\"https:\\\/\\\/eldigitaldeasturias.com\\\/magazine365\\\/category\\\/noticias-actualidad\\\/#listItem\",\"name\":\"Noticias y Actualidad\"}},{\"@type\":\"ListItem\",\"@id\":\"https:\\\/\\\/eldigitaldeasturias.com\\\/magazine365\\\/category\\\/noticias-actualidad\\\/#listItem\",\"position\":2,\"name\":\"Noticias y Actualidad\",\"item\":\"https:\\\/\\\/eldigitaldeasturias.com\\\/magazine365\\\/category\\\/noticias-actualidad\\\/\",\"nextItem\":{\"@type\":\"ListItem\",\"@id\":\"https:\\\/\\\/eldigitaldeasturias.com\\\/magazine365\\\/el-brexit-vence-en-el-referendum-de-reino-unido-y-abre-un-periodo-sin-precedentes-en-la-ue\\\/#listItem\",\"name\":\"El &#8216;Brexit&#8217; vence en el refer\\u00e9ndum de Reino Unido y abre un per\\u00edodo sin precedentes en la UE\"},\"previousItem\":{\"@type\":\"ListItem\",\"@id\":\"https:\\\/\\\/eldigitaldeasturias.com\\\/magazine365#listItem\",\"name\":\"Home\"}},{\"@type\":\"ListItem\",\"@id\":\"https:\\\/\\\/eldigitaldeasturias.com\\\/magazine365\\\/el-brexit-vence-en-el-referendum-de-reino-unido-y-abre-un-periodo-sin-precedentes-en-la-ue\\\/#listItem\",\"position\":3,\"name\":\"El &#8216;Brexit&#8217; vence en el refer\\u00e9ndum de Reino Unido y abre un per\\u00edodo sin precedentes en la UE\",\"previousItem\":{\"@type\":\"ListItem\",\"@id\":\"https:\\\/\\\/eldigitaldeasturias.com\\\/magazine365\\\/category\\\/noticias-actualidad\\\/#listItem\",\"name\":\"Noticias y Actualidad\"}}]},{\"@type\":\"Organization\",\"@id\":\"https:\\\/\\\/eldigitaldeasturias.com\\\/magazine365\\\/#organization\",\"name\":\"El digital de Asturias\",\"description\":\"Revista de ocio, turismo y estilo de vida\",\"url\":\"https:\\\/\\\/eldigitaldeasturias.com\\\/magazine365\\\/\",\"logo\":{\"@type\":\"ImageObject\",\"url\":\"https:\\\/\\\/www.eldigitaldeasturias.com\\\/noticias\\\/wp-content\\\/uploads\\\/2020\\\/12\\\/EDA.jpg\",\"@id\":\"https:\\\/\\\/eldigitaldeasturias.com\\\/magazine365\\\/el-brexit-vence-en-el-referendum-de-reino-unido-y-abre-un-periodo-sin-precedentes-en-la-ue\\\/#organizationLogo\"},\"image\":{\"@id\":\"https:\\\/\\\/eldigitaldeasturias.com\\\/magazine365\\\/el-brexit-vence-en-el-referendum-de-reino-unido-y-abre-un-periodo-sin-precedentes-en-la-ue\\\/#organizationLogo\"}},{\"@type\":\"Person\",\"@id\":\"https:\\\/\\\/eldigitaldeasturias.com\\\/magazine365\\\/author\\\/admin\\\/#author\",\"url\":\"https:\\\/\\\/eldigitaldeasturias.com\\\/magazine365\\\/author\\\/admin\\\/\",\"name\":\"admin\",\"image\":{\"@type\":\"ImageObject\",\"@id\":\"https:\\\/\\\/eldigitaldeasturias.com\\\/magazine365\\\/el-brexit-vence-en-el-referendum-de-reino-unido-y-abre-un-periodo-sin-precedentes-en-la-ue\\\/#authorImage\",\"url\":\"https:\\\/\\\/eldigitaldeasturias.com\\\/magazine365\\\/wp-content\\\/litespeed\\\/avatar\\\/e571bcf59a0edd6fa6838245a470f2fe.jpg?ver=1776969259\",\"width\":96,\"height\":96,\"caption\":\"admin\"}},{\"@type\":\"WebPage\",\"@id\":\"https:\\\/\\\/eldigitaldeasturias.com\\\/magazine365\\\/el-brexit-vence-en-el-referendum-de-reino-unido-y-abre-un-periodo-sin-precedentes-en-la-ue\\\/#webpage\",\"url\":\"https:\\\/\\\/eldigitaldeasturias.com\\\/magazine365\\\/el-brexit-vence-en-el-referendum-de-reino-unido-y-abre-un-periodo-sin-precedentes-en-la-ue\\\/\",\"name\":\"El \\u2018Brexit\\u2019 vence en el refer\\u00e9ndum de Reino Unido y abre un per\\u00edodo sin precedentes en la UE | El Digital de Asturias\",\"description\":\"El refer\\u00e9ndum sobre la permanencia de Reino Unido en la Uni\\u00f3n Europea se ha saldado a favor de la salida de la segunda econom\\u00eda del continente, un desenlace sin precedentes en el proyecto comunitario y que abre un per\\u00edodo de incertidumbre tanto para el nuevo encaje brit\\u00e1nico en el continente, como para la sostenibilidad de\",\"inLanguage\":\"es-ES\",\"isPartOf\":{\"@id\":\"https:\\\/\\\/eldigitaldeasturias.com\\\/magazine365\\\/#website\"},\"breadcrumb\":{\"@id\":\"https:\\\/\\\/eldigitaldeasturias.com\\\/magazine365\\\/el-brexit-vence-en-el-referendum-de-reino-unido-y-abre-un-periodo-sin-precedentes-en-la-ue\\\/#breadcrumblist\"},\"author\":{\"@id\":\"https:\\\/\\\/eldigitaldeasturias.com\\\/magazine365\\\/author\\\/admin\\\/#author\"},\"creator\":{\"@id\":\"https:\\\/\\\/eldigitaldeasturias.com\\\/magazine365\\\/author\\\/admin\\\/#author\"},\"image\":{\"@type\":\"ImageObject\",\"url\":\"https:\\\/\\\/eldigitaldeasturias.com\\\/magazine365\\\/wp-content\\\/uploads\\\/2016\\\/06\\\/fotonoticia_20160624081936_800.jpg\",\"@id\":\"https:\\\/\\\/eldigitaldeasturias.com\\\/magazine365\\\/el-brexit-vence-en-el-referendum-de-reino-unido-y-abre-un-periodo-sin-precedentes-en-la-ue\\\/#mainImage\",\"width\":800,\"height\":692},\"primaryImageOfPage\":{\"@id\":\"https:\\\/\\\/eldigitaldeasturias.com\\\/magazine365\\\/el-brexit-vence-en-el-referendum-de-reino-unido-y-abre-un-periodo-sin-precedentes-en-la-ue\\\/#mainImage\"},\"datePublished\":\"2016-06-24T14:04:36+02:00\",\"dateModified\":\"2016-06-24T14:04:36+02:00\"},{\"@type\":\"WebSite\",\"@id\":\"https:\\\/\\\/eldigitaldeasturias.com\\\/magazine365\\\/#website\",\"url\":\"https:\\\/\\\/eldigitaldeasturias.com\\\/magazine365\\\/\",\"name\":\"El Digital de Asturias\",\"description\":\"Revista de ocio, turismo y estilo de vida\",\"inLanguage\":\"es-ES\",\"publisher\":{\"@id\":\"https:\\\/\\\/eldigitaldeasturias.com\\\/magazine365\\\/#organization\"}}]}\n\t\t<\/script>\n\t\t<!-- All in One SEO Pro -->\r\n\t\t<title>El \u2018Brexit\u2019 vence en el refer\u00e9ndum de Reino Unido y abre un per\u00edodo sin precedentes en la UE | El Digital de Asturias<\/title>\n\n","aioseo_head_json":{"title":"El \u2018Brexit\u2019 vence en el refer\u00e9ndum de Reino Unido y abre un per\u00edodo sin precedentes en la UE | El Digital de Asturias","description":"El refer\u00e9ndum sobre la permanencia de Reino Unido en la Uni\u00f3n Europea se ha saldado a favor de la salida de la segunda econom\u00eda del continente, un desenlace sin precedentes en el proyecto comunitario y que abre un per\u00edodo de incertidumbre tanto para el nuevo encaje brit\u00e1nico en el continente, como para la sostenibilidad de","canonical_url":"https:\/\/eldigitaldeasturias.com\/magazine365\/el-brexit-vence-en-el-referendum-de-reino-unido-y-abre-un-periodo-sin-precedentes-en-la-ue\/","robots":"max-image-preview:large","keywords":"noticias y actualidad","webmasterTools":{"google-site-verification":"UA-38556648-1","miscellaneous":""},"schema":{"@context":"https:\/\/schema.org","@graph":[{"@type":"Article","@id":"https:\/\/eldigitaldeasturias.com\/magazine365\/el-brexit-vence-en-el-referendum-de-reino-unido-y-abre-un-periodo-sin-precedentes-en-la-ue\/#article","name":"El \u2018Brexit\u2019 vence en el refer\u00e9ndum de Reino Unido y abre un per\u00edodo sin precedentes en la UE | El Digital de Asturias","headline":"El &#8216;Brexit&#8217; vence en el refer\u00e9ndum de Reino Unido y abre un per\u00edodo sin precedentes en la UE","author":{"@id":"https:\/\/eldigitaldeasturias.com\/magazine365\/author\/admin\/#author"},"publisher":{"@id":"https:\/\/eldigitaldeasturias.com\/magazine365\/#organization"},"image":{"@type":"ImageObject","url":"https:\/\/eldigitaldeasturias.com\/magazine365\/wp-content\/uploads\/2016\/06\/fotonoticia_20160624081936_800.jpg","width":800,"height":692},"datePublished":"2016-06-24T14:04:36+02:00","dateModified":"2016-06-24T14:04:36+02:00","inLanguage":"es-ES","mainEntityOfPage":{"@id":"https:\/\/eldigitaldeasturias.com\/magazine365\/el-brexit-vence-en-el-referendum-de-reino-unido-y-abre-un-periodo-sin-precedentes-en-la-ue\/#webpage"},"isPartOf":{"@id":"https:\/\/eldigitaldeasturias.com\/magazine365\/el-brexit-vence-en-el-referendum-de-reino-unido-y-abre-un-periodo-sin-precedentes-en-la-ue\/#webpage"},"articleSection":"Noticias y Actualidad"},{"@type":"BreadcrumbList","@id":"https:\/\/eldigitaldeasturias.com\/magazine365\/el-brexit-vence-en-el-referendum-de-reino-unido-y-abre-un-periodo-sin-precedentes-en-la-ue\/#breadcrumblist","itemListElement":[{"@type":"ListItem","@id":"https:\/\/eldigitaldeasturias.com\/magazine365#listItem","position":1,"name":"Home","item":"https:\/\/eldigitaldeasturias.com\/magazine365","nextItem":{"@type":"ListItem","@id":"https:\/\/eldigitaldeasturias.com\/magazine365\/category\/noticias-actualidad\/#listItem","name":"Noticias y Actualidad"}},{"@type":"ListItem","@id":"https:\/\/eldigitaldeasturias.com\/magazine365\/category\/noticias-actualidad\/#listItem","position":2,"name":"Noticias y Actualidad","item":"https:\/\/eldigitaldeasturias.com\/magazine365\/category\/noticias-actualidad\/","nextItem":{"@type":"ListItem","@id":"https:\/\/eldigitaldeasturias.com\/magazine365\/el-brexit-vence-en-el-referendum-de-reino-unido-y-abre-un-periodo-sin-precedentes-en-la-ue\/#listItem","name":"El &#8216;Brexit&#8217; vence en el refer\u00e9ndum de Reino Unido y abre un per\u00edodo sin precedentes en la UE"},"previousItem":{"@type":"ListItem","@id":"https:\/\/eldigitaldeasturias.com\/magazine365#listItem","name":"Home"}},{"@type":"ListItem","@id":"https:\/\/eldigitaldeasturias.com\/magazine365\/el-brexit-vence-en-el-referendum-de-reino-unido-y-abre-un-periodo-sin-precedentes-en-la-ue\/#listItem","position":3,"name":"El &#8216;Brexit&#8217; vence en el refer\u00e9ndum de Reino Unido y abre un per\u00edodo sin precedentes en la UE","previousItem":{"@type":"ListItem","@id":"https:\/\/eldigitaldeasturias.com\/magazine365\/category\/noticias-actualidad\/#listItem","name":"Noticias y Actualidad"}}]},{"@type":"Organization","@id":"https:\/\/eldigitaldeasturias.com\/magazine365\/#organization","name":"El digital de Asturias","description":"Revista de ocio, turismo y estilo de vida","url":"https:\/\/eldigitaldeasturias.com\/magazine365\/","logo":{"@type":"ImageObject","url":"https:\/\/www.eldigitaldeasturias.com\/noticias\/wp-content\/uploads\/2020\/12\/EDA.jpg","@id":"https:\/\/eldigitaldeasturias.com\/magazine365\/el-brexit-vence-en-el-referendum-de-reino-unido-y-abre-un-periodo-sin-precedentes-en-la-ue\/#organizationLogo"},"image":{"@id":"https:\/\/eldigitaldeasturias.com\/magazine365\/el-brexit-vence-en-el-referendum-de-reino-unido-y-abre-un-periodo-sin-precedentes-en-la-ue\/#organizationLogo"}},{"@type":"Person","@id":"https:\/\/eldigitaldeasturias.com\/magazine365\/author\/admin\/#author","url":"https:\/\/eldigitaldeasturias.com\/magazine365\/author\/admin\/","name":"admin","image":{"@type":"ImageObject","@id":"https:\/\/eldigitaldeasturias.com\/magazine365\/el-brexit-vence-en-el-referendum-de-reino-unido-y-abre-un-periodo-sin-precedentes-en-la-ue\/#authorImage","url":"https:\/\/eldigitaldeasturias.com\/magazine365\/wp-content\/litespeed\/avatar\/e571bcf59a0edd6fa6838245a470f2fe.jpg?ver=1776969259","width":96,"height":96,"caption":"admin"}},{"@type":"WebPage","@id":"https:\/\/eldigitaldeasturias.com\/magazine365\/el-brexit-vence-en-el-referendum-de-reino-unido-y-abre-un-periodo-sin-precedentes-en-la-ue\/#webpage","url":"https:\/\/eldigitaldeasturias.com\/magazine365\/el-brexit-vence-en-el-referendum-de-reino-unido-y-abre-un-periodo-sin-precedentes-en-la-ue\/","name":"El \u2018Brexit\u2019 vence en el refer\u00e9ndum de Reino Unido y abre un per\u00edodo sin precedentes en la UE | El Digital de Asturias","description":"El refer\u00e9ndum sobre la permanencia de Reino Unido en la Uni\u00f3n Europea se ha saldado a favor de la salida de la segunda econom\u00eda del continente, un desenlace sin precedentes en el proyecto comunitario y que abre un per\u00edodo de incertidumbre tanto para el nuevo encaje brit\u00e1nico en el continente, como para la sostenibilidad de","inLanguage":"es-ES","isPartOf":{"@id":"https:\/\/eldigitaldeasturias.com\/magazine365\/#website"},"breadcrumb":{"@id":"https:\/\/eldigitaldeasturias.com\/magazine365\/el-brexit-vence-en-el-referendum-de-reino-unido-y-abre-un-periodo-sin-precedentes-en-la-ue\/#breadcrumblist"},"author":{"@id":"https:\/\/eldigitaldeasturias.com\/magazine365\/author\/admin\/#author"},"creator":{"@id":"https:\/\/eldigitaldeasturias.com\/magazine365\/author\/admin\/#author"},"image":{"@type":"ImageObject","url":"https:\/\/eldigitaldeasturias.com\/magazine365\/wp-content\/uploads\/2016\/06\/fotonoticia_20160624081936_800.jpg","@id":"https:\/\/eldigitaldeasturias.com\/magazine365\/el-brexit-vence-en-el-referendum-de-reino-unido-y-abre-un-periodo-sin-precedentes-en-la-ue\/#mainImage","width":800,"height":692},"primaryImageOfPage":{"@id":"https:\/\/eldigitaldeasturias.com\/magazine365\/el-brexit-vence-en-el-referendum-de-reino-unido-y-abre-un-periodo-sin-precedentes-en-la-ue\/#mainImage"},"datePublished":"2016-06-24T14:04:36+02:00","dateModified":"2016-06-24T14:04:36+02:00"},{"@type":"WebSite","@id":"https:\/\/eldigitaldeasturias.com\/magazine365\/#website","url":"https:\/\/eldigitaldeasturias.com\/magazine365\/","name":"El Digital de Asturias","description":"Revista de ocio, turismo y estilo de vida","inLanguage":"es-ES","publisher":{"@id":"https:\/\/eldigitaldeasturias.com\/magazine365\/#organization"}}]},"og:locale":"es_ES","og:site_name":"El Digital de Asturias \u2013 Revista de ocio, turismo y estilo de vida","og:type":"article","og:title":"El \u2018Brexit\u2019 vence en el refer\u00e9ndum de Reino Unido y abre un per\u00edodo sin precedentes en la UE | El Digital de Asturias","og:description":"El refer\u00e9ndum sobre la permanencia de Reino Unido en la Uni\u00f3n Europea se ha saldado a favor de la salida de la segunda econom\u00eda del continente, un desenlace sin precedentes en el proyecto comunitario y que abre un per\u00edodo de incertidumbre tanto para el nuevo encaje brit\u00e1nico en el continente, como para la sostenibilidad de","og:url":"https:\/\/eldigitaldeasturias.com\/magazine365\/el-brexit-vence-en-el-referendum-de-reino-unido-y-abre-un-periodo-sin-precedentes-en-la-ue\/","og:image":"https:\/\/eldigitaldeasturias.com\/magazine365\/wp-content\/uploads\/2016\/06\/fotonoticia_20160624081936_800.jpg","og:image:secure_url":"https:\/\/eldigitaldeasturias.com\/magazine365\/wp-content\/uploads\/2016\/06\/fotonoticia_20160624081936_800.jpg","og:image:width":800,"og:image:height":692,"article:published_time":"2016-06-24T12:04:36+00:00","article:modified_time":"2016-06-24T12:04:36+00:00","twitter:card":"summary_large_image","twitter:title":"El \u2018Brexit\u2019 vence en el refer\u00e9ndum de Reino Unido y abre un per\u00edodo sin precedentes en la UE | El Digital de Asturias","twitter:description":"El refer\u00e9ndum sobre la permanencia de Reino Unido en la Uni\u00f3n Europea se ha saldado a favor de la salida de la segunda econom\u00eda del continente, un desenlace sin precedentes en el proyecto comunitario y que abre un per\u00edodo de incertidumbre tanto para el nuevo encaje brit\u00e1nico en el continente, como para la sostenibilidad de","twitter:image":"https:\/\/eldigitaldeasturias.com\/magazine365\/wp-content\/uploads\/2016\/06\/fotonoticia_20160624081936_800.jpg"},"aioseo_meta_data":{"post_id":"80475","title":null,"description":null,"keywords":null,"keyphrases":null,"primary_term":null,"canonical_url":null,"og_title":null,"og_description":null,"og_object_type":"default","og_image_type":"default","og_image_url":null,"og_image_width":null,"og_image_height":null,"og_image_custom_url":null,"og_image_custom_fields":null,"og_video":null,"og_custom_url":null,"og_article_section":null,"og_article_tags":null,"twitter_use_og":false,"twitter_card":"default","twitter_image_type":"default","twitter_image_url":null,"twitter_image_custom_url":null,"twitter_image_custom_fields":null,"twitter_title":null,"twitter_description":null,"schema":{"blockGraphs":[],"customGraphs":[],"default":{"data":{"Article":[],"Course":[],"Dataset":[],"FAQPage":[],"Movie":[],"Person":[],"Product":[],"ProductReview":[],"Car":[],"Recipe":[],"Service":[],"SoftwareApplication":[],"WebPage":[]},"graphName":"","isEnabled":true},"graphs":[],"defaultGraph":"","defaultPostTypeGraph":""},"schema_type":null,"schema_type_options":null,"pillar_content":false,"robots_default":true,"robots_noindex":false,"robots_noarchive":false,"robots_nosnippet":false,"robots_nofollow":false,"robots_noimageindex":false,"robots_noodp":false,"robots_notranslate":false,"robots_max_snippet":null,"robots_max_videopreview":null,"robots_max_imagepreview":"large","priority":null,"frequency":null,"location":null,"local_seo":null,"seo_analyzer_scan_date":"2025-09-27 20:54:53","breadcrumb_settings":null,"limit_modified_date":false,"open_ai":null,"ai":null,"created":"2021-03-08 17:33:08","updated":"2025-09-27 20:54:53"},"aioseo_breadcrumb":"<div class=\"aioseo-breadcrumbs\"><span class=\"aioseo-breadcrumb\">\n\t<a href=\"https:\/\/eldigitaldeasturias.com\/magazine365\" title=\"Home\">Home<\/a>\n<\/span><span class=\"aioseo-breadcrumb-separator\">\u2013<\/span><span class=\"aioseo-breadcrumb\">\n\t<a href=\"https:\/\/eldigitaldeasturias.com\/magazine365\/category\/noticias-actualidad\/\" title=\"Noticias y Actualidad\">Noticias y Actualidad<\/a>\n<\/span><span class=\"aioseo-breadcrumb-separator\">\u2013<\/span><span class=\"aioseo-breadcrumb\">\n\t<a href=\"https:\/\/eldigitaldeasturias.com\/magazine365\/el-brexit-vence-en-el-referendum-de-reino-unido-y-abre-un-periodo-sin-precedentes-en-la-ue\/\" title=\"El \u2018Brexit\u2019 vence en el refer\u00e9ndum de Reino Unido y abre un per\u00edodo sin precedentes en la UE\">El \u2018Brexit\u2019 vence en el refer\u00e9ndum de Reino Unido y abre un per\u00edodo sin precedentes en la UE<\/a>\n<\/span><\/div>","aioseo_breadcrumb_json":[{"label":"Home","link":"https:\/\/eldigitaldeasturias.com\/magazine365"},{"label":"Noticias y Actualidad","link":"https:\/\/eldigitaldeasturias.com\/magazine365\/category\/noticias-actualidad\/"},{"label":"El &#8216;Brexit&#8217; vence en el refer\u00e9ndum de Reino Unido y abre un per\u00edodo sin precedentes en la UE","link":"https:\/\/eldigitaldeasturias.com\/magazine365\/el-brexit-vence-en-el-referendum-de-reino-unido-y-abre-un-periodo-sin-precedentes-en-la-ue\/"}],"_links":{"self":[{"href":"https:\/\/eldigitaldeasturias.com\/magazine365\/wp-json\/wp\/v2\/posts\/80475","targetHints":{"allow":["GET"]}}],"collection":[{"href":"https:\/\/eldigitaldeasturias.com\/magazine365\/wp-json\/wp\/v2\/posts"}],"about":[{"href":"https:\/\/eldigitaldeasturias.com\/magazine365\/wp-json\/wp\/v2\/types\/post"}],"author":[{"embeddable":true,"href":"https:\/\/eldigitaldeasturias.com\/magazine365\/wp-json\/wp\/v2\/users\/1"}],"replies":[{"embeddable":true,"href":"https:\/\/eldigitaldeasturias.com\/magazine365\/wp-json\/wp\/v2\/comments?post=80475"}],"version-history":[{"count":0,"href":"https:\/\/eldigitaldeasturias.com\/magazine365\/wp-json\/wp\/v2\/posts\/80475\/revisions"}],"wp:featuredmedia":[{"embeddable":true,"href":"https:\/\/eldigitaldeasturias.com\/magazine365\/wp-json\/wp\/v2\/media\/80476"}],"wp:attachment":[{"href":"https:\/\/eldigitaldeasturias.com\/magazine365\/wp-json\/wp\/v2\/media?parent=80475"}],"wp:term":[{"taxonomy":"category","embeddable":true,"href":"https:\/\/eldigitaldeasturias.com\/magazine365\/wp-json\/wp\/v2\/categories?post=80475"},{"taxonomy":"post_tag","embeddable":true,"href":"https:\/\/eldigitaldeasturias.com\/magazine365\/wp-json\/wp\/v2\/tags?post=80475"}],"curies":[{"name":"wp","href":"https:\/\/api.w.org\/{rel}","templated":true}]}}