{"id":80462,"date":"2016-06-24T12:42:18","date_gmt":"2016-06-24T10:42:18","guid":{"rendered":"http:\/\/eldigitaldeasturias.com\/magazine365\/?p=80462"},"modified":"2016-06-24T12:42:18","modified_gmt":"2016-06-24T10:42:18","slug":"la-directora-de-madrid-barajas-elegida-miembro-del-consejo-de-direccion-de-aci-mundial","status":"publish","type":"post","link":"https:\/\/eldigitaldeasturias.com\/magazine365\/la-directora-de-madrid-barajas-elegida-miembro-del-consejo-de-direccion-de-aci-mundial\/","title":{"rendered":"La directora de Madrid-Barajas, elegida miembro del consejo de direcci\u00f3n de ACI Mundial"},"content":{"rendered":"<p><img fetchpriority=\"high\" decoding=\"async\" class=\"alignleft size-medium wp-image-80463\" src=\"https:\/\/eldigitaldeasturias.com\/magazine365\/wp-content\/uploads\/2016\/06\/fotonoticia_20160622173026_800-360x257.jpg\" alt=\"fotonoticia_20160622173026_800\" width=\"360\" height=\"257\" srcset=\"https:\/\/eldigitaldeasturias.com\/magazine365\/wp-content\/uploads\/2016\/06\/fotonoticia_20160622173026_800-360x257.jpg 360w, https:\/\/eldigitaldeasturias.com\/magazine365\/wp-content\/uploads\/2016\/06\/fotonoticia_20160622173026_800-650x463.jpg 650w, https:\/\/eldigitaldeasturias.com\/magazine365\/wp-content\/uploads\/2016\/06\/fotonoticia_20160622173026_800-768x547.jpg 768w, https:\/\/eldigitaldeasturias.com\/magazine365\/wp-content\/uploads\/2016\/06\/fotonoticia_20160622173026_800-150x107.jpg 150w, https:\/\/eldigitaldeasturias.com\/magazine365\/wp-content\/uploads\/2016\/06\/fotonoticia_20160622173026_800-450x321.jpg 450w, https:\/\/eldigitaldeasturias.com\/magazine365\/wp-content\/uploads\/2016\/06\/fotonoticia_20160622173026_800.jpg 800w\" sizes=\"(max-width: 360px) 100vw, 360px\" \/>La directora del Aeropuerto Adolfo Su\u00e1rez Madrid-Barajas, Elena Mayoral, ha sido elegida hoy miembro del consejo de direcci\u00f3n de ACI Mundial (Airports Council International) durante el transcurso de la asamblea extraordinaria que esta asociaci\u00f3n ha mantenido en el marco de la asamblea anual de ACI Europe, celebrada en Atenas.<\/p>\n<p>Tras su elecci\u00f3n, Mayoral formar\u00e1 parte del \u00f3rgano de direcci\u00f3n integrado por miembros que representan a las cinco regiones geogr\u00e1ficas en las que se articula ACI Mundial: \u00c1frica, Asia-Pac\u00edfico, Europa, Am\u00e9rica Latina-Caribe y Am\u00e9rica del Norte, seg\u00fan inform\u00f3 el aeropuerto madrile\u00f1o.<\/p>\n<p>ACI Mundial es la asociaci\u00f3n profesional que representa los intereses de 592 organizaciones en 173 pa\u00edses del mundo y act\u00faa como portavoz ante instituciones gubernamentales y organizaciones como la Organizaci\u00f3n de Aviaci\u00f3n Civil Internacional (OACI).<\/p>\n<p>Asimismo, desarrolla programas de formaci\u00f3n y pol\u00edticas de actuaci\u00f3n dirigidas a lograr la excelencia en la gesti\u00f3n y la operatividad de los aeropuertos a los que representa.<\/p>\n<p>ENTRE LOS MEJORES DE EUROPA.<\/p>\n<p>Durante la cena de gala, celebrada con motivo de la asamblea y conferencia anual de ACI Europe, el aeropuerto madrile\u00f1o fue reconocido como &#8216;Highly Commended Airport, el equivalente al segundo premio, en la categor\u00eda de aeropuertos de m\u00e1s de 25 millones de pasajeros.<\/p>\n<p>Los miembros del jurado destacaron particularmente la implantaci\u00f3n del A-CDM y la estrategia de red del aeropuerto de Adolfo Su\u00e1rez Madrid-Barajas.<\/p>\n<p>El primer premio al mejor aeropuerto europeo, en la categor\u00eda de m\u00e1s de 25 millones de pasajeros ha reca\u00eddo este a\u00f1o en el aeropuerto de Londres-Heathrow.<\/p>\n<p>&nbsp;<\/p>\n","protected":false},"excerpt":{"rendered":"<p>La directora del Aeropuerto Adolfo Su\u00e1rez Madrid-Barajas, Elena Mayoral, ha sido elegida hoy miembro del consejo de direcci\u00f3n de ACI Mundial (Airports Council International) durante el transcurso de la asamblea extraordinaria que esta asociaci\u00f3n ha mantenido en el marco de la asamblea anual de ACI Europe, celebrada en Atenas. Tras su elecci\u00f3n, Mayoral formar\u00e1 parte<\/p>\n","protected":false},"author":1,"featured_media":80463,"comment_status":"open","ping_status":"closed","sticky":false,"template":"","format":"standard","meta":{"footnotes":""},"categories":[224],"tags":[],"class_list":{"0":"post-80462","1":"post","2":"type-post","3":"status-publish","4":"format-standard","5":"has-post-thumbnail","7":"category-noticias-actualidad"},"aioseo_notices":[],"aioseo_head":"\n\t\t<!-- All in One SEO Pro 4.9.6.1 - aioseo.com -->\n\t<meta name=\"description\" content=\"La directora del Aeropuerto Adolfo Su\u00e1rez Madrid-Barajas, Elena Mayoral, ha sido elegida hoy miembro del consejo de direcci\u00f3n de ACI Mundial (Airports Council International) durante el transcurso de la asamblea extraordinaria que esta asociaci\u00f3n ha mantenido en el marco de la asamblea anual de ACI Europe, celebrada en Atenas. Tras su elecci\u00f3n, Mayoral formar\u00e1 parte\" \/>\n\t<meta name=\"robots\" content=\"max-image-preview:large\" \/>\n\t<meta name=\"author\" content=\"admin\"\/>\n\t<meta name=\"google-site-verification\" content=\"UA-38556648-1\" \/>\n\t<meta name=\"keywords\" content=\"noticias y actualidad\" \/>\n\t<link rel=\"canonical\" href=\"https:\/\/eldigitaldeasturias.com\/magazine365\/la-directora-de-madrid-barajas-elegida-miembro-del-consejo-de-direccion-de-aci-mundial\/\" \/>\n\t<meta name=\"generator\" content=\"All in One SEO Pro (AIOSEO) 4.9.6.1\" \/>\n\t\t<meta property=\"og:locale\" content=\"es_ES\" \/>\n\t\t<meta property=\"og:site_name\" content=\"El Digital de Asturias \u2013 Revista de ocio, turismo y estilo de vida\" \/>\n\t\t<meta property=\"og:type\" content=\"article\" \/>\n\t\t<meta property=\"og:title\" content=\"La directora de Madrid-Barajas, elegida miembro del consejo de direcci\u00f3n de ACI Mundial | El Digital de Asturias\" \/>\n\t\t<meta property=\"og:description\" content=\"La directora del Aeropuerto Adolfo Su\u00e1rez Madrid-Barajas, Elena Mayoral, ha sido elegida hoy miembro del consejo de direcci\u00f3n de ACI Mundial (Airports Council International) durante el transcurso de la asamblea extraordinaria que esta asociaci\u00f3n ha mantenido en el marco de la asamblea anual de ACI Europe, celebrada en Atenas. Tras su elecci\u00f3n, Mayoral formar\u00e1 parte\" \/>\n\t\t<meta property=\"og:url\" content=\"https:\/\/eldigitaldeasturias.com\/magazine365\/la-directora-de-madrid-barajas-elegida-miembro-del-consejo-de-direccion-de-aci-mundial\/\" \/>\n\t\t<meta property=\"og:image\" content=\"https:\/\/eldigitaldeasturias.com\/magazine365\/wp-content\/uploads\/2016\/06\/fotonoticia_20160622173026_800.jpg\" \/>\n\t\t<meta property=\"og:image:secure_url\" content=\"https:\/\/eldigitaldeasturias.com\/magazine365\/wp-content\/uploads\/2016\/06\/fotonoticia_20160622173026_800.jpg\" \/>\n\t\t<meta property=\"og:image:width\" content=\"800\" \/>\n\t\t<meta property=\"og:image:height\" content=\"570\" \/>\n\t\t<meta property=\"article:published_time\" content=\"2016-06-24T10:42:18+00:00\" \/>\n\t\t<meta property=\"article:modified_time\" content=\"2016-06-24T10:42:18+00:00\" \/>\n\t\t<meta name=\"twitter:card\" content=\"summary_large_image\" \/>\n\t\t<meta name=\"twitter:title\" content=\"La directora de Madrid-Barajas, elegida miembro del consejo de direcci\u00f3n de ACI Mundial | El Digital de Asturias\" \/>\n\t\t<meta name=\"twitter:description\" content=\"La directora del Aeropuerto Adolfo Su\u00e1rez Madrid-Barajas, Elena Mayoral, ha sido elegida hoy miembro del consejo de direcci\u00f3n de ACI Mundial (Airports Council International) durante el transcurso de la asamblea extraordinaria que esta asociaci\u00f3n ha mantenido en el marco de la asamblea anual de ACI Europe, celebrada en Atenas. Tras su elecci\u00f3n, Mayoral formar\u00e1 parte\" \/>\n\t\t<meta name=\"twitter:image\" content=\"https:\/\/eldigitaldeasturias.com\/magazine365\/wp-content\/uploads\/2016\/06\/fotonoticia_20160622173026_800.jpg\" \/>\n\t\t<script type=\"application\/ld+json\" class=\"aioseo-schema\">\n\t\t\t{\"@context\":\"https:\\\/\\\/schema.org\",\"@graph\":[{\"@type\":\"Article\",\"@id\":\"https:\\\/\\\/eldigitaldeasturias.com\\\/magazine365\\\/la-directora-de-madrid-barajas-elegida-miembro-del-consejo-de-direccion-de-aci-mundial\\\/#article\",\"name\":\"La directora de Madrid-Barajas, elegida miembro del consejo de direcci\\u00f3n de ACI Mundial | El Digital de Asturias\",\"headline\":\"La directora de Madrid-Barajas, elegida miembro del consejo de direcci\\u00f3n de ACI Mundial\",\"author\":{\"@id\":\"https:\\\/\\\/eldigitaldeasturias.com\\\/magazine365\\\/author\\\/admin\\\/#author\"},\"publisher\":{\"@id\":\"https:\\\/\\\/eldigitaldeasturias.com\\\/magazine365\\\/#organization\"},\"image\":{\"@type\":\"ImageObject\",\"url\":\"https:\\\/\\\/eldigitaldeasturias.com\\\/magazine365\\\/wp-content\\\/uploads\\\/2016\\\/06\\\/fotonoticia_20160622173026_800.jpg\",\"width\":800,\"height\":570},\"datePublished\":\"2016-06-24T12:42:18+02:00\",\"dateModified\":\"2016-06-24T12:42:18+02:00\",\"inLanguage\":\"es-ES\",\"mainEntityOfPage\":{\"@id\":\"https:\\\/\\\/eldigitaldeasturias.com\\\/magazine365\\\/la-directora-de-madrid-barajas-elegida-miembro-del-consejo-de-direccion-de-aci-mundial\\\/#webpage\"},\"isPartOf\":{\"@id\":\"https:\\\/\\\/eldigitaldeasturias.com\\\/magazine365\\\/la-directora-de-madrid-barajas-elegida-miembro-del-consejo-de-direccion-de-aci-mundial\\\/#webpage\"},\"articleSection\":\"Noticias y Actualidad\"},{\"@type\":\"BreadcrumbList\",\"@id\":\"https:\\\/\\\/eldigitaldeasturias.com\\\/magazine365\\\/la-directora-de-madrid-barajas-elegida-miembro-del-consejo-de-direccion-de-aci-mundial\\\/#breadcrumblist\",\"itemListElement\":[{\"@type\":\"ListItem\",\"@id\":\"https:\\\/\\\/eldigitaldeasturias.com\\\/magazine365#listItem\",\"position\":1,\"name\":\"Home\",\"item\":\"https:\\\/\\\/eldigitaldeasturias.com\\\/magazine365\",\"nextItem\":{\"@type\":\"ListItem\",\"@id\":\"https:\\\/\\\/eldigitaldeasturias.com\\\/magazine365\\\/category\\\/noticias-actualidad\\\/#listItem\",\"name\":\"Noticias y Actualidad\"}},{\"@type\":\"ListItem\",\"@id\":\"https:\\\/\\\/eldigitaldeasturias.com\\\/magazine365\\\/category\\\/noticias-actualidad\\\/#listItem\",\"position\":2,\"name\":\"Noticias y Actualidad\",\"item\":\"https:\\\/\\\/eldigitaldeasturias.com\\\/magazine365\\\/category\\\/noticias-actualidad\\\/\",\"nextItem\":{\"@type\":\"ListItem\",\"@id\":\"https:\\\/\\\/eldigitaldeasturias.com\\\/magazine365\\\/la-directora-de-madrid-barajas-elegida-miembro-del-consejo-de-direccion-de-aci-mundial\\\/#listItem\",\"name\":\"La directora de Madrid-Barajas, elegida miembro del consejo de direcci\\u00f3n de ACI Mundial\"},\"previousItem\":{\"@type\":\"ListItem\",\"@id\":\"https:\\\/\\\/eldigitaldeasturias.com\\\/magazine365#listItem\",\"name\":\"Home\"}},{\"@type\":\"ListItem\",\"@id\":\"https:\\\/\\\/eldigitaldeasturias.com\\\/magazine365\\\/la-directora-de-madrid-barajas-elegida-miembro-del-consejo-de-direccion-de-aci-mundial\\\/#listItem\",\"position\":3,\"name\":\"La directora de Madrid-Barajas, elegida miembro del consejo de direcci\\u00f3n de ACI Mundial\",\"previousItem\":{\"@type\":\"ListItem\",\"@id\":\"https:\\\/\\\/eldigitaldeasturias.com\\\/magazine365\\\/category\\\/noticias-actualidad\\\/#listItem\",\"name\":\"Noticias y Actualidad\"}}]},{\"@type\":\"Organization\",\"@id\":\"https:\\\/\\\/eldigitaldeasturias.com\\\/magazine365\\\/#organization\",\"name\":\"El digital de Asturias\",\"description\":\"Revista de ocio, turismo y estilo de vida\",\"url\":\"https:\\\/\\\/eldigitaldeasturias.com\\\/magazine365\\\/\",\"logo\":{\"@type\":\"ImageObject\",\"url\":\"https:\\\/\\\/www.eldigitaldeasturias.com\\\/noticias\\\/wp-content\\\/uploads\\\/2020\\\/12\\\/EDA.jpg\",\"@id\":\"https:\\\/\\\/eldigitaldeasturias.com\\\/magazine365\\\/la-directora-de-madrid-barajas-elegida-miembro-del-consejo-de-direccion-de-aci-mundial\\\/#organizationLogo\"},\"image\":{\"@id\":\"https:\\\/\\\/eldigitaldeasturias.com\\\/magazine365\\\/la-directora-de-madrid-barajas-elegida-miembro-del-consejo-de-direccion-de-aci-mundial\\\/#organizationLogo\"}},{\"@type\":\"Person\",\"@id\":\"https:\\\/\\\/eldigitaldeasturias.com\\\/magazine365\\\/author\\\/admin\\\/#author\",\"url\":\"https:\\\/\\\/eldigitaldeasturias.com\\\/magazine365\\\/author\\\/admin\\\/\",\"name\":\"admin\",\"image\":{\"@type\":\"ImageObject\",\"@id\":\"https:\\\/\\\/eldigitaldeasturias.com\\\/magazine365\\\/la-directora-de-madrid-barajas-elegida-miembro-del-consejo-de-direccion-de-aci-mundial\\\/#authorImage\",\"url\":\"https:\\\/\\\/eldigitaldeasturias.com\\\/magazine365\\\/wp-content\\\/litespeed\\\/avatar\\\/e571bcf59a0edd6fa6838245a470f2fe.jpg?ver=1776969259\",\"width\":96,\"height\":96,\"caption\":\"admin\"}},{\"@type\":\"WebPage\",\"@id\":\"https:\\\/\\\/eldigitaldeasturias.com\\\/magazine365\\\/la-directora-de-madrid-barajas-elegida-miembro-del-consejo-de-direccion-de-aci-mundial\\\/#webpage\",\"url\":\"https:\\\/\\\/eldigitaldeasturias.com\\\/magazine365\\\/la-directora-de-madrid-barajas-elegida-miembro-del-consejo-de-direccion-de-aci-mundial\\\/\",\"name\":\"La directora de Madrid-Barajas, elegida miembro del consejo de direcci\\u00f3n de ACI Mundial | El Digital de Asturias\",\"description\":\"La directora del Aeropuerto Adolfo Su\\u00e1rez Madrid-Barajas, Elena Mayoral, ha sido elegida hoy miembro del consejo de direcci\\u00f3n de ACI Mundial (Airports Council International) durante el transcurso de la asamblea extraordinaria que esta asociaci\\u00f3n ha mantenido en el marco de la asamblea anual de ACI Europe, celebrada en Atenas. Tras su elecci\\u00f3n, Mayoral formar\\u00e1 parte\",\"inLanguage\":\"es-ES\",\"isPartOf\":{\"@id\":\"https:\\\/\\\/eldigitaldeasturias.com\\\/magazine365\\\/#website\"},\"breadcrumb\":{\"@id\":\"https:\\\/\\\/eldigitaldeasturias.com\\\/magazine365\\\/la-directora-de-madrid-barajas-elegida-miembro-del-consejo-de-direccion-de-aci-mundial\\\/#breadcrumblist\"},\"author\":{\"@id\":\"https:\\\/\\\/eldigitaldeasturias.com\\\/magazine365\\\/author\\\/admin\\\/#author\"},\"creator\":{\"@id\":\"https:\\\/\\\/eldigitaldeasturias.com\\\/magazine365\\\/author\\\/admin\\\/#author\"},\"image\":{\"@type\":\"ImageObject\",\"url\":\"https:\\\/\\\/eldigitaldeasturias.com\\\/magazine365\\\/wp-content\\\/uploads\\\/2016\\\/06\\\/fotonoticia_20160622173026_800.jpg\",\"@id\":\"https:\\\/\\\/eldigitaldeasturias.com\\\/magazine365\\\/la-directora-de-madrid-barajas-elegida-miembro-del-consejo-de-direccion-de-aci-mundial\\\/#mainImage\",\"width\":800,\"height\":570},\"primaryImageOfPage\":{\"@id\":\"https:\\\/\\\/eldigitaldeasturias.com\\\/magazine365\\\/la-directora-de-madrid-barajas-elegida-miembro-del-consejo-de-direccion-de-aci-mundial\\\/#mainImage\"},\"datePublished\":\"2016-06-24T12:42:18+02:00\",\"dateModified\":\"2016-06-24T12:42:18+02:00\"},{\"@type\":\"WebSite\",\"@id\":\"https:\\\/\\\/eldigitaldeasturias.com\\\/magazine365\\\/#website\",\"url\":\"https:\\\/\\\/eldigitaldeasturias.com\\\/magazine365\\\/\",\"name\":\"El Digital de Asturias\",\"description\":\"Revista de ocio, turismo y estilo de vida\",\"inLanguage\":\"es-ES\",\"publisher\":{\"@id\":\"https:\\\/\\\/eldigitaldeasturias.com\\\/magazine365\\\/#organization\"}}]}\n\t\t<\/script>\n\t\t<!-- All in One SEO Pro -->\r\n\t\t<title>La directora de Madrid-Barajas, elegida miembro del consejo de direcci\u00f3n de ACI Mundial | El Digital de Asturias<\/title>\n\n","aioseo_head_json":{"title":"La directora de Madrid-Barajas, elegida miembro del consejo de direcci\u00f3n de ACI Mundial | El Digital de Asturias","description":"La directora del Aeropuerto Adolfo Su\u00e1rez Madrid-Barajas, Elena Mayoral, ha sido elegida hoy miembro del consejo de direcci\u00f3n de ACI Mundial (Airports Council International) durante el transcurso de la asamblea extraordinaria que esta asociaci\u00f3n ha mantenido en el marco de la asamblea anual de ACI Europe, celebrada en Atenas. Tras su elecci\u00f3n, Mayoral formar\u00e1 parte","canonical_url":"https:\/\/eldigitaldeasturias.com\/magazine365\/la-directora-de-madrid-barajas-elegida-miembro-del-consejo-de-direccion-de-aci-mundial\/","robots":"max-image-preview:large","keywords":"noticias y actualidad","webmasterTools":{"google-site-verification":"UA-38556648-1","miscellaneous":""},"schema":{"@context":"https:\/\/schema.org","@graph":[{"@type":"Article","@id":"https:\/\/eldigitaldeasturias.com\/magazine365\/la-directora-de-madrid-barajas-elegida-miembro-del-consejo-de-direccion-de-aci-mundial\/#article","name":"La directora de Madrid-Barajas, elegida miembro del consejo de direcci\u00f3n de ACI Mundial | El Digital de Asturias","headline":"La directora de Madrid-Barajas, elegida miembro del consejo de direcci\u00f3n de ACI Mundial","author":{"@id":"https:\/\/eldigitaldeasturias.com\/magazine365\/author\/admin\/#author"},"publisher":{"@id":"https:\/\/eldigitaldeasturias.com\/magazine365\/#organization"},"image":{"@type":"ImageObject","url":"https:\/\/eldigitaldeasturias.com\/magazine365\/wp-content\/uploads\/2016\/06\/fotonoticia_20160622173026_800.jpg","width":800,"height":570},"datePublished":"2016-06-24T12:42:18+02:00","dateModified":"2016-06-24T12:42:18+02:00","inLanguage":"es-ES","mainEntityOfPage":{"@id":"https:\/\/eldigitaldeasturias.com\/magazine365\/la-directora-de-madrid-barajas-elegida-miembro-del-consejo-de-direccion-de-aci-mundial\/#webpage"},"isPartOf":{"@id":"https:\/\/eldigitaldeasturias.com\/magazine365\/la-directora-de-madrid-barajas-elegida-miembro-del-consejo-de-direccion-de-aci-mundial\/#webpage"},"articleSection":"Noticias y Actualidad"},{"@type":"BreadcrumbList","@id":"https:\/\/eldigitaldeasturias.com\/magazine365\/la-directora-de-madrid-barajas-elegida-miembro-del-consejo-de-direccion-de-aci-mundial\/#breadcrumblist","itemListElement":[{"@type":"ListItem","@id":"https:\/\/eldigitaldeasturias.com\/magazine365#listItem","position":1,"name":"Home","item":"https:\/\/eldigitaldeasturias.com\/magazine365","nextItem":{"@type":"ListItem","@id":"https:\/\/eldigitaldeasturias.com\/magazine365\/category\/noticias-actualidad\/#listItem","name":"Noticias y Actualidad"}},{"@type":"ListItem","@id":"https:\/\/eldigitaldeasturias.com\/magazine365\/category\/noticias-actualidad\/#listItem","position":2,"name":"Noticias y Actualidad","item":"https:\/\/eldigitaldeasturias.com\/magazine365\/category\/noticias-actualidad\/","nextItem":{"@type":"ListItem","@id":"https:\/\/eldigitaldeasturias.com\/magazine365\/la-directora-de-madrid-barajas-elegida-miembro-del-consejo-de-direccion-de-aci-mundial\/#listItem","name":"La directora de Madrid-Barajas, elegida miembro del consejo de direcci\u00f3n de ACI Mundial"},"previousItem":{"@type":"ListItem","@id":"https:\/\/eldigitaldeasturias.com\/magazine365#listItem","name":"Home"}},{"@type":"ListItem","@id":"https:\/\/eldigitaldeasturias.com\/magazine365\/la-directora-de-madrid-barajas-elegida-miembro-del-consejo-de-direccion-de-aci-mundial\/#listItem","position":3,"name":"La directora de Madrid-Barajas, elegida miembro del consejo de direcci\u00f3n de ACI Mundial","previousItem":{"@type":"ListItem","@id":"https:\/\/eldigitaldeasturias.com\/magazine365\/category\/noticias-actualidad\/#listItem","name":"Noticias y Actualidad"}}]},{"@type":"Organization","@id":"https:\/\/eldigitaldeasturias.com\/magazine365\/#organization","name":"El digital de Asturias","description":"Revista de ocio, turismo y estilo de vida","url":"https:\/\/eldigitaldeasturias.com\/magazine365\/","logo":{"@type":"ImageObject","url":"https:\/\/www.eldigitaldeasturias.com\/noticias\/wp-content\/uploads\/2020\/12\/EDA.jpg","@id":"https:\/\/eldigitaldeasturias.com\/magazine365\/la-directora-de-madrid-barajas-elegida-miembro-del-consejo-de-direccion-de-aci-mundial\/#organizationLogo"},"image":{"@id":"https:\/\/eldigitaldeasturias.com\/magazine365\/la-directora-de-madrid-barajas-elegida-miembro-del-consejo-de-direccion-de-aci-mundial\/#organizationLogo"}},{"@type":"Person","@id":"https:\/\/eldigitaldeasturias.com\/magazine365\/author\/admin\/#author","url":"https:\/\/eldigitaldeasturias.com\/magazine365\/author\/admin\/","name":"admin","image":{"@type":"ImageObject","@id":"https:\/\/eldigitaldeasturias.com\/magazine365\/la-directora-de-madrid-barajas-elegida-miembro-del-consejo-de-direccion-de-aci-mundial\/#authorImage","url":"https:\/\/eldigitaldeasturias.com\/magazine365\/wp-content\/litespeed\/avatar\/e571bcf59a0edd6fa6838245a470f2fe.jpg?ver=1776969259","width":96,"height":96,"caption":"admin"}},{"@type":"WebPage","@id":"https:\/\/eldigitaldeasturias.com\/magazine365\/la-directora-de-madrid-barajas-elegida-miembro-del-consejo-de-direccion-de-aci-mundial\/#webpage","url":"https:\/\/eldigitaldeasturias.com\/magazine365\/la-directora-de-madrid-barajas-elegida-miembro-del-consejo-de-direccion-de-aci-mundial\/","name":"La directora de Madrid-Barajas, elegida miembro del consejo de direcci\u00f3n de ACI Mundial | El Digital de Asturias","description":"La directora del Aeropuerto Adolfo Su\u00e1rez Madrid-Barajas, Elena Mayoral, ha sido elegida hoy miembro del consejo de direcci\u00f3n de ACI Mundial (Airports Council International) durante el transcurso de la asamblea extraordinaria que esta asociaci\u00f3n ha mantenido en el marco de la asamblea anual de ACI Europe, celebrada en Atenas. Tras su elecci\u00f3n, Mayoral formar\u00e1 parte","inLanguage":"es-ES","isPartOf":{"@id":"https:\/\/eldigitaldeasturias.com\/magazine365\/#website"},"breadcrumb":{"@id":"https:\/\/eldigitaldeasturias.com\/magazine365\/la-directora-de-madrid-barajas-elegida-miembro-del-consejo-de-direccion-de-aci-mundial\/#breadcrumblist"},"author":{"@id":"https:\/\/eldigitaldeasturias.com\/magazine365\/author\/admin\/#author"},"creator":{"@id":"https:\/\/eldigitaldeasturias.com\/magazine365\/author\/admin\/#author"},"image":{"@type":"ImageObject","url":"https:\/\/eldigitaldeasturias.com\/magazine365\/wp-content\/uploads\/2016\/06\/fotonoticia_20160622173026_800.jpg","@id":"https:\/\/eldigitaldeasturias.com\/magazine365\/la-directora-de-madrid-barajas-elegida-miembro-del-consejo-de-direccion-de-aci-mundial\/#mainImage","width":800,"height":570},"primaryImageOfPage":{"@id":"https:\/\/eldigitaldeasturias.com\/magazine365\/la-directora-de-madrid-barajas-elegida-miembro-del-consejo-de-direccion-de-aci-mundial\/#mainImage"},"datePublished":"2016-06-24T12:42:18+02:00","dateModified":"2016-06-24T12:42:18+02:00"},{"@type":"WebSite","@id":"https:\/\/eldigitaldeasturias.com\/magazine365\/#website","url":"https:\/\/eldigitaldeasturias.com\/magazine365\/","name":"El Digital de Asturias","description":"Revista de ocio, turismo y estilo de vida","inLanguage":"es-ES","publisher":{"@id":"https:\/\/eldigitaldeasturias.com\/magazine365\/#organization"}}]},"og:locale":"es_ES","og:site_name":"El Digital de Asturias \u2013 Revista de ocio, turismo y estilo de vida","og:type":"article","og:title":"La directora de Madrid-Barajas, elegida miembro del consejo de direcci\u00f3n de ACI Mundial | El Digital de Asturias","og:description":"La directora del Aeropuerto Adolfo Su\u00e1rez Madrid-Barajas, Elena Mayoral, ha sido elegida hoy miembro del consejo de direcci\u00f3n de ACI Mundial (Airports Council International) durante el transcurso de la asamblea extraordinaria que esta asociaci\u00f3n ha mantenido en el marco de la asamblea anual de ACI Europe, celebrada en Atenas. Tras su elecci\u00f3n, Mayoral formar\u00e1 parte","og:url":"https:\/\/eldigitaldeasturias.com\/magazine365\/la-directora-de-madrid-barajas-elegida-miembro-del-consejo-de-direccion-de-aci-mundial\/","og:image":"https:\/\/eldigitaldeasturias.com\/magazine365\/wp-content\/uploads\/2016\/06\/fotonoticia_20160622173026_800.jpg","og:image:secure_url":"https:\/\/eldigitaldeasturias.com\/magazine365\/wp-content\/uploads\/2016\/06\/fotonoticia_20160622173026_800.jpg","og:image:width":800,"og:image:height":570,"article:published_time":"2016-06-24T10:42:18+00:00","article:modified_time":"2016-06-24T10:42:18+00:00","twitter:card":"summary_large_image","twitter:title":"La directora de Madrid-Barajas, elegida miembro del consejo de direcci\u00f3n de ACI Mundial | El Digital de Asturias","twitter:description":"La directora del Aeropuerto Adolfo Su\u00e1rez Madrid-Barajas, Elena Mayoral, ha sido elegida hoy miembro del consejo de direcci\u00f3n de ACI Mundial (Airports Council International) durante el transcurso de la asamblea extraordinaria que esta asociaci\u00f3n ha mantenido en el marco de la asamblea anual de ACI Europe, celebrada en Atenas. Tras su elecci\u00f3n, Mayoral formar\u00e1 parte","twitter:image":"https:\/\/eldigitaldeasturias.com\/magazine365\/wp-content\/uploads\/2016\/06\/fotonoticia_20160622173026_800.jpg"},"aioseo_meta_data":{"post_id":"80462","title":null,"description":null,"keywords":null,"keyphrases":null,"primary_term":null,"canonical_url":null,"og_title":null,"og_description":null,"og_object_type":"default","og_image_type":"default","og_image_url":null,"og_image_width":null,"og_image_height":null,"og_image_custom_url":null,"og_image_custom_fields":null,"og_video":null,"og_custom_url":null,"og_article_section":null,"og_article_tags":null,"twitter_use_og":false,"twitter_card":"default","twitter_image_type":"default","twitter_image_url":null,"twitter_image_custom_url":null,"twitter_image_custom_fields":null,"twitter_title":null,"twitter_description":null,"schema":{"blockGraphs":[],"customGraphs":[],"default":{"data":{"Article":[],"Course":[],"Dataset":[],"FAQPage":[],"Movie":[],"Person":[],"Product":[],"ProductReview":[],"Car":[],"Recipe":[],"Service":[],"SoftwareApplication":[],"WebPage":[]},"graphName":"","isEnabled":true},"graphs":[],"defaultGraph":"","defaultPostTypeGraph":""},"schema_type":null,"schema_type_options":null,"pillar_content":false,"robots_default":true,"robots_noindex":false,"robots_noarchive":false,"robots_nosnippet":false,"robots_nofollow":false,"robots_noimageindex":false,"robots_noodp":false,"robots_notranslate":false,"robots_max_snippet":null,"robots_max_videopreview":null,"robots_max_imagepreview":"large","priority":null,"frequency":null,"location":null,"local_seo":null,"seo_analyzer_scan_date":"2025-09-27 20:53:07","breadcrumb_settings":null,"limit_modified_date":false,"open_ai":null,"ai":null,"created":"2021-03-08 17:33:08","updated":"2025-09-27 20:53:07"},"aioseo_breadcrumb":"<div class=\"aioseo-breadcrumbs\"><span class=\"aioseo-breadcrumb\">\n\t<a href=\"https:\/\/eldigitaldeasturias.com\/magazine365\" title=\"Home\">Home<\/a>\n<\/span><span class=\"aioseo-breadcrumb-separator\">\u2013<\/span><span class=\"aioseo-breadcrumb\">\n\t<a href=\"https:\/\/eldigitaldeasturias.com\/magazine365\/category\/noticias-actualidad\/\" title=\"Noticias y Actualidad\">Noticias y Actualidad<\/a>\n<\/span><span class=\"aioseo-breadcrumb-separator\">\u2013<\/span><span class=\"aioseo-breadcrumb\">\n\t<a href=\"https:\/\/eldigitaldeasturias.com\/magazine365\/la-directora-de-madrid-barajas-elegida-miembro-del-consejo-de-direccion-de-aci-mundial\/\" title=\"La directora de Madrid-Barajas, elegida miembro del consejo de direcci\u00f3n de ACI Mundial\">La directora de Madrid-Barajas, elegida miembro del consejo de direcci\u00f3n de ACI Mundial<\/a>\n<\/span><\/div>","aioseo_breadcrumb_json":[{"label":"Home","link":"https:\/\/eldigitaldeasturias.com\/magazine365"},{"label":"Noticias y Actualidad","link":"https:\/\/eldigitaldeasturias.com\/magazine365\/category\/noticias-actualidad\/"},{"label":"La directora de Madrid-Barajas, elegida miembro del consejo de direcci\u00f3n de ACI Mundial","link":"https:\/\/eldigitaldeasturias.com\/magazine365\/la-directora-de-madrid-barajas-elegida-miembro-del-consejo-de-direccion-de-aci-mundial\/"}],"_links":{"self":[{"href":"https:\/\/eldigitaldeasturias.com\/magazine365\/wp-json\/wp\/v2\/posts\/80462","targetHints":{"allow":["GET"]}}],"collection":[{"href":"https:\/\/eldigitaldeasturias.com\/magazine365\/wp-json\/wp\/v2\/posts"}],"about":[{"href":"https:\/\/eldigitaldeasturias.com\/magazine365\/wp-json\/wp\/v2\/types\/post"}],"author":[{"embeddable":true,"href":"https:\/\/eldigitaldeasturias.com\/magazine365\/wp-json\/wp\/v2\/users\/1"}],"replies":[{"embeddable":true,"href":"https:\/\/eldigitaldeasturias.com\/magazine365\/wp-json\/wp\/v2\/comments?post=80462"}],"version-history":[{"count":0,"href":"https:\/\/eldigitaldeasturias.com\/magazine365\/wp-json\/wp\/v2\/posts\/80462\/revisions"}],"wp:featuredmedia":[{"embeddable":true,"href":"https:\/\/eldigitaldeasturias.com\/magazine365\/wp-json\/wp\/v2\/media\/80463"}],"wp:attachment":[{"href":"https:\/\/eldigitaldeasturias.com\/magazine365\/wp-json\/wp\/v2\/media?parent=80462"}],"wp:term":[{"taxonomy":"category","embeddable":true,"href":"https:\/\/eldigitaldeasturias.com\/magazine365\/wp-json\/wp\/v2\/categories?post=80462"},{"taxonomy":"post_tag","embeddable":true,"href":"https:\/\/eldigitaldeasturias.com\/magazine365\/wp-json\/wp\/v2\/tags?post=80462"}],"curies":[{"name":"wp","href":"https:\/\/api.w.org\/{rel}","templated":true}]}}