{"id":80453,"date":"2016-06-24T12:28:24","date_gmt":"2016-06-24T10:28:24","guid":{"rendered":"http:\/\/eldigitaldeasturias.com\/magazine365\/?p=80453"},"modified":"2016-06-24T12:28:24","modified_gmt":"2016-06-24T10:28:24","slug":"los-pilotos-de-air-france-desconvocan-la-huelga-prevista-del-24-al-27-de-junio","status":"publish","type":"post","link":"https:\/\/eldigitaldeasturias.com\/magazine365\/los-pilotos-de-air-france-desconvocan-la-huelga-prevista-del-24-al-27-de-junio\/","title":{"rendered":"Los pilotos de Air France desconvocan la huelga prevista del 24 al 27 de junio"},"content":{"rendered":"<p><img fetchpriority=\"high\" decoding=\"async\" class=\"alignleft size-medium wp-image-80454\" src=\"https:\/\/eldigitaldeasturias.com\/magazine365\/wp-content\/uploads\/2016\/06\/fotonoticia_20160622144200_800-360x240.jpg\" alt=\"fotonoticia_20160622144200_800\" width=\"360\" height=\"240\" srcset=\"https:\/\/eldigitaldeasturias.com\/magazine365\/wp-content\/uploads\/2016\/06\/fotonoticia_20160622144200_800-360x240.jpg 360w, https:\/\/eldigitaldeasturias.com\/magazine365\/wp-content\/uploads\/2016\/06\/fotonoticia_20160622144200_800-650x434.jpg 650w, https:\/\/eldigitaldeasturias.com\/magazine365\/wp-content\/uploads\/2016\/06\/fotonoticia_20160622144200_800-768x513.jpg 768w, https:\/\/eldigitaldeasturias.com\/magazine365\/wp-content\/uploads\/2016\/06\/fotonoticia_20160622144200_800-150x100.jpg 150w, https:\/\/eldigitaldeasturias.com\/magazine365\/wp-content\/uploads\/2016\/06\/fotonoticia_20160622144200_800-450x300.jpg 450w, https:\/\/eldigitaldeasturias.com\/magazine365\/wp-content\/uploads\/2016\/06\/fotonoticia_20160622144200_800-101x66.jpg 101w, https:\/\/eldigitaldeasturias.com\/magazine365\/wp-content\/uploads\/2016\/06\/fotonoticia_20160622144200_800.jpg 800w\" sizes=\"(max-width: 360px) 100vw, 360px\" \/>Los pilotos de Air France han desconvocado la huelga programada entre los d\u00edas 24 y el 27 de junio por los principales sindicatos, por lo que la intenci\u00f3n de la aerol\u00ednea es operar todos los vuelos programados para esas jornadas, inform\u00f3 la compa\u00f1\u00eda.<\/p>\n<p>El Sindicato Nacional de Pilotos en L\u00ednea (SNPL), mayoritario en Air France, ha explicado en un comunicado que restaurar\u00e1 la confianza, principalmente con los pilotos, para que la compa\u00f1\u00eda se posicione en una v\u00eda mejor que la escogida por sus predecesores.<\/p>\n<p>Asimismo, el comunicado se\u00f1ala que mantienen todas sus reivindicaciones y que esa confianza no es un \u00abcheque en blanco\u00bb y que esta decisi\u00f3n recae sobre el presidente del grupo, Jean-Marc Janaillac. Tambi\u00e9n ha apuntado que revisar\u00e1n los compromisos adquiridos y que si no se cumplan no dudan en convocar de nuevo una huelga.<\/p>\n<p>El SNPL agreg\u00f3 que mantiene el conjunto de sus reivindicaciones internas, relativas entre otras al cambio de las reglas de remuneraci\u00f3n desde comienzos de mes o al reparto de la actividad entre Air France y sus socios holandeses de KLM.<\/p>\n<p>La \u00faltima huelga de pilotos de Air France, coincidiendo con el arranque de la Eurocopa en Francia, oblig\u00f3 a cancelar un total de 1.030 vuelos en los cuatro d\u00edas de paros convocados por el principal sindicato del colectivo, lo que ha afectado a 127.500 pasajeros.<\/p>\n","protected":false},"excerpt":{"rendered":"<p>Los pilotos de Air France han desconvocado la huelga programada entre los d\u00edas 24 y el 27 de junio por los principales sindicatos, por lo que la intenci\u00f3n de la aerol\u00ednea es operar todos los vuelos programados para esas jornadas, inform\u00f3 la compa\u00f1\u00eda. El Sindicato Nacional de Pilotos en L\u00ednea (SNPL), mayoritario en Air France,<\/p>\n","protected":false},"author":1,"featured_media":80454,"comment_status":"open","ping_status":"closed","sticky":false,"template":"","format":"standard","meta":{"footnotes":""},"categories":[224],"tags":[],"class_list":{"0":"post-80453","1":"post","2":"type-post","3":"status-publish","4":"format-standard","5":"has-post-thumbnail","7":"category-noticias-actualidad"},"aioseo_notices":[],"aioseo_head":"\n\t\t<!-- All in One SEO Pro 4.9.6.1 - aioseo.com -->\n\t<meta name=\"description\" content=\"Los pilotos de Air France han desconvocado la huelga programada entre los d\u00edas 24 y el 27 de junio por los principales sindicatos, por lo que la intenci\u00f3n de la aerol\u00ednea es operar todos los vuelos programados para esas jornadas, inform\u00f3 la compa\u00f1\u00eda. El Sindicato Nacional de Pilotos en L\u00ednea (SNPL), mayoritario en Air France,\" \/>\n\t<meta name=\"robots\" content=\"max-image-preview:large\" \/>\n\t<meta name=\"author\" content=\"admin\"\/>\n\t<meta name=\"google-site-verification\" content=\"UA-38556648-1\" \/>\n\t<meta name=\"keywords\" content=\"noticias y actualidad\" \/>\n\t<link rel=\"canonical\" href=\"https:\/\/eldigitaldeasturias.com\/magazine365\/los-pilotos-de-air-france-desconvocan-la-huelga-prevista-del-24-al-27-de-junio\/\" \/>\n\t<meta name=\"generator\" content=\"All in One SEO Pro (AIOSEO) 4.9.6.1\" \/>\n\t\t<meta property=\"og:locale\" content=\"es_ES\" \/>\n\t\t<meta property=\"og:site_name\" content=\"El Digital de Asturias \u2013 Revista de ocio, turismo y estilo de vida\" \/>\n\t\t<meta property=\"og:type\" content=\"article\" \/>\n\t\t<meta property=\"og:title\" content=\"Los pilotos de Air France desconvocan la huelga prevista del 24 al 27 de junio | El Digital de Asturias\" \/>\n\t\t<meta property=\"og:description\" content=\"Los pilotos de Air France han desconvocado la huelga programada entre los d\u00edas 24 y el 27 de junio por los principales sindicatos, por lo que la intenci\u00f3n de la aerol\u00ednea es operar todos los vuelos programados para esas jornadas, inform\u00f3 la compa\u00f1\u00eda. El Sindicato Nacional de Pilotos en L\u00ednea (SNPL), mayoritario en Air France,\" \/>\n\t\t<meta property=\"og:url\" content=\"https:\/\/eldigitaldeasturias.com\/magazine365\/los-pilotos-de-air-france-desconvocan-la-huelga-prevista-del-24-al-27-de-junio\/\" \/>\n\t\t<meta property=\"og:image\" content=\"https:\/\/eldigitaldeasturias.com\/magazine365\/wp-content\/uploads\/2016\/06\/fotonoticia_20160622144200_800.jpg\" \/>\n\t\t<meta property=\"og:image:secure_url\" content=\"https:\/\/eldigitaldeasturias.com\/magazine365\/wp-content\/uploads\/2016\/06\/fotonoticia_20160622144200_800.jpg\" \/>\n\t\t<meta property=\"og:image:width\" content=\"800\" \/>\n\t\t<meta property=\"og:image:height\" content=\"534\" \/>\n\t\t<meta property=\"article:published_time\" content=\"2016-06-24T10:28:24+00:00\" \/>\n\t\t<meta property=\"article:modified_time\" content=\"2016-06-24T10:28:24+00:00\" \/>\n\t\t<meta name=\"twitter:card\" content=\"summary_large_image\" \/>\n\t\t<meta name=\"twitter:title\" content=\"Los pilotos de Air France desconvocan la huelga prevista del 24 al 27 de junio | El Digital de Asturias\" \/>\n\t\t<meta name=\"twitter:description\" content=\"Los pilotos de Air France han desconvocado la huelga programada entre los d\u00edas 24 y el 27 de junio por los principales sindicatos, por lo que la intenci\u00f3n de la aerol\u00ednea es operar todos los vuelos programados para esas jornadas, inform\u00f3 la compa\u00f1\u00eda. El Sindicato Nacional de Pilotos en L\u00ednea (SNPL), mayoritario en Air France,\" \/>\n\t\t<meta name=\"twitter:image\" content=\"https:\/\/eldigitaldeasturias.com\/magazine365\/wp-content\/uploads\/2016\/06\/fotonoticia_20160622144200_800.jpg\" \/>\n\t\t<script type=\"application\/ld+json\" class=\"aioseo-schema\">\n\t\t\t{\"@context\":\"https:\\\/\\\/schema.org\",\"@graph\":[{\"@type\":\"Article\",\"@id\":\"https:\\\/\\\/eldigitaldeasturias.com\\\/magazine365\\\/los-pilotos-de-air-france-desconvocan-la-huelga-prevista-del-24-al-27-de-junio\\\/#article\",\"name\":\"Los pilotos de Air France desconvocan la huelga prevista del 24 al 27 de junio | El Digital de Asturias\",\"headline\":\"Los pilotos de Air France desconvocan la huelga prevista del 24 al 27 de junio\",\"author\":{\"@id\":\"https:\\\/\\\/eldigitaldeasturias.com\\\/magazine365\\\/author\\\/admin\\\/#author\"},\"publisher\":{\"@id\":\"https:\\\/\\\/eldigitaldeasturias.com\\\/magazine365\\\/#organization\"},\"image\":{\"@type\":\"ImageObject\",\"url\":\"https:\\\/\\\/eldigitaldeasturias.com\\\/magazine365\\\/wp-content\\\/uploads\\\/2016\\\/06\\\/fotonoticia_20160622144200_800.jpg\",\"width\":800,\"height\":534},\"datePublished\":\"2016-06-24T12:28:24+02:00\",\"dateModified\":\"2016-06-24T12:28:24+02:00\",\"inLanguage\":\"es-ES\",\"mainEntityOfPage\":{\"@id\":\"https:\\\/\\\/eldigitaldeasturias.com\\\/magazine365\\\/los-pilotos-de-air-france-desconvocan-la-huelga-prevista-del-24-al-27-de-junio\\\/#webpage\"},\"isPartOf\":{\"@id\":\"https:\\\/\\\/eldigitaldeasturias.com\\\/magazine365\\\/los-pilotos-de-air-france-desconvocan-la-huelga-prevista-del-24-al-27-de-junio\\\/#webpage\"},\"articleSection\":\"Noticias y Actualidad\"},{\"@type\":\"BreadcrumbList\",\"@id\":\"https:\\\/\\\/eldigitaldeasturias.com\\\/magazine365\\\/los-pilotos-de-air-france-desconvocan-la-huelga-prevista-del-24-al-27-de-junio\\\/#breadcrumblist\",\"itemListElement\":[{\"@type\":\"ListItem\",\"@id\":\"https:\\\/\\\/eldigitaldeasturias.com\\\/magazine365#listItem\",\"position\":1,\"name\":\"Home\",\"item\":\"https:\\\/\\\/eldigitaldeasturias.com\\\/magazine365\",\"nextItem\":{\"@type\":\"ListItem\",\"@id\":\"https:\\\/\\\/eldigitaldeasturias.com\\\/magazine365\\\/category\\\/noticias-actualidad\\\/#listItem\",\"name\":\"Noticias y Actualidad\"}},{\"@type\":\"ListItem\",\"@id\":\"https:\\\/\\\/eldigitaldeasturias.com\\\/magazine365\\\/category\\\/noticias-actualidad\\\/#listItem\",\"position\":2,\"name\":\"Noticias y Actualidad\",\"item\":\"https:\\\/\\\/eldigitaldeasturias.com\\\/magazine365\\\/category\\\/noticias-actualidad\\\/\",\"nextItem\":{\"@type\":\"ListItem\",\"@id\":\"https:\\\/\\\/eldigitaldeasturias.com\\\/magazine365\\\/los-pilotos-de-air-france-desconvocan-la-huelga-prevista-del-24-al-27-de-junio\\\/#listItem\",\"name\":\"Los pilotos de Air France desconvocan la huelga prevista del 24 al 27 de junio\"},\"previousItem\":{\"@type\":\"ListItem\",\"@id\":\"https:\\\/\\\/eldigitaldeasturias.com\\\/magazine365#listItem\",\"name\":\"Home\"}},{\"@type\":\"ListItem\",\"@id\":\"https:\\\/\\\/eldigitaldeasturias.com\\\/magazine365\\\/los-pilotos-de-air-france-desconvocan-la-huelga-prevista-del-24-al-27-de-junio\\\/#listItem\",\"position\":3,\"name\":\"Los pilotos de Air France desconvocan la huelga prevista del 24 al 27 de junio\",\"previousItem\":{\"@type\":\"ListItem\",\"@id\":\"https:\\\/\\\/eldigitaldeasturias.com\\\/magazine365\\\/category\\\/noticias-actualidad\\\/#listItem\",\"name\":\"Noticias y Actualidad\"}}]},{\"@type\":\"Organization\",\"@id\":\"https:\\\/\\\/eldigitaldeasturias.com\\\/magazine365\\\/#organization\",\"name\":\"El digital de Asturias\",\"description\":\"Revista de ocio, turismo y estilo de vida\",\"url\":\"https:\\\/\\\/eldigitaldeasturias.com\\\/magazine365\\\/\",\"logo\":{\"@type\":\"ImageObject\",\"url\":\"https:\\\/\\\/www.eldigitaldeasturias.com\\\/noticias\\\/wp-content\\\/uploads\\\/2020\\\/12\\\/EDA.jpg\",\"@id\":\"https:\\\/\\\/eldigitaldeasturias.com\\\/magazine365\\\/los-pilotos-de-air-france-desconvocan-la-huelga-prevista-del-24-al-27-de-junio\\\/#organizationLogo\"},\"image\":{\"@id\":\"https:\\\/\\\/eldigitaldeasturias.com\\\/magazine365\\\/los-pilotos-de-air-france-desconvocan-la-huelga-prevista-del-24-al-27-de-junio\\\/#organizationLogo\"}},{\"@type\":\"Person\",\"@id\":\"https:\\\/\\\/eldigitaldeasturias.com\\\/magazine365\\\/author\\\/admin\\\/#author\",\"url\":\"https:\\\/\\\/eldigitaldeasturias.com\\\/magazine365\\\/author\\\/admin\\\/\",\"name\":\"admin\",\"image\":{\"@type\":\"ImageObject\",\"@id\":\"https:\\\/\\\/eldigitaldeasturias.com\\\/magazine365\\\/los-pilotos-de-air-france-desconvocan-la-huelga-prevista-del-24-al-27-de-junio\\\/#authorImage\",\"url\":\"https:\\\/\\\/eldigitaldeasturias.com\\\/magazine365\\\/wp-content\\\/litespeed\\\/avatar\\\/e571bcf59a0edd6fa6838245a470f2fe.jpg?ver=1776969259\",\"width\":96,\"height\":96,\"caption\":\"admin\"}},{\"@type\":\"WebPage\",\"@id\":\"https:\\\/\\\/eldigitaldeasturias.com\\\/magazine365\\\/los-pilotos-de-air-france-desconvocan-la-huelga-prevista-del-24-al-27-de-junio\\\/#webpage\",\"url\":\"https:\\\/\\\/eldigitaldeasturias.com\\\/magazine365\\\/los-pilotos-de-air-france-desconvocan-la-huelga-prevista-del-24-al-27-de-junio\\\/\",\"name\":\"Los pilotos de Air France desconvocan la huelga prevista del 24 al 27 de junio | El Digital de Asturias\",\"description\":\"Los pilotos de Air France han desconvocado la huelga programada entre los d\\u00edas 24 y el 27 de junio por los principales sindicatos, por lo que la intenci\\u00f3n de la aerol\\u00ednea es operar todos los vuelos programados para esas jornadas, inform\\u00f3 la compa\\u00f1\\u00eda. El Sindicato Nacional de Pilotos en L\\u00ednea (SNPL), mayoritario en Air France,\",\"inLanguage\":\"es-ES\",\"isPartOf\":{\"@id\":\"https:\\\/\\\/eldigitaldeasturias.com\\\/magazine365\\\/#website\"},\"breadcrumb\":{\"@id\":\"https:\\\/\\\/eldigitaldeasturias.com\\\/magazine365\\\/los-pilotos-de-air-france-desconvocan-la-huelga-prevista-del-24-al-27-de-junio\\\/#breadcrumblist\"},\"author\":{\"@id\":\"https:\\\/\\\/eldigitaldeasturias.com\\\/magazine365\\\/author\\\/admin\\\/#author\"},\"creator\":{\"@id\":\"https:\\\/\\\/eldigitaldeasturias.com\\\/magazine365\\\/author\\\/admin\\\/#author\"},\"image\":{\"@type\":\"ImageObject\",\"url\":\"https:\\\/\\\/eldigitaldeasturias.com\\\/magazine365\\\/wp-content\\\/uploads\\\/2016\\\/06\\\/fotonoticia_20160622144200_800.jpg\",\"@id\":\"https:\\\/\\\/eldigitaldeasturias.com\\\/magazine365\\\/los-pilotos-de-air-france-desconvocan-la-huelga-prevista-del-24-al-27-de-junio\\\/#mainImage\",\"width\":800,\"height\":534},\"primaryImageOfPage\":{\"@id\":\"https:\\\/\\\/eldigitaldeasturias.com\\\/magazine365\\\/los-pilotos-de-air-france-desconvocan-la-huelga-prevista-del-24-al-27-de-junio\\\/#mainImage\"},\"datePublished\":\"2016-06-24T12:28:24+02:00\",\"dateModified\":\"2016-06-24T12:28:24+02:00\"},{\"@type\":\"WebSite\",\"@id\":\"https:\\\/\\\/eldigitaldeasturias.com\\\/magazine365\\\/#website\",\"url\":\"https:\\\/\\\/eldigitaldeasturias.com\\\/magazine365\\\/\",\"name\":\"El Digital de Asturias\",\"description\":\"Revista de ocio, turismo y estilo de vida\",\"inLanguage\":\"es-ES\",\"publisher\":{\"@id\":\"https:\\\/\\\/eldigitaldeasturias.com\\\/magazine365\\\/#organization\"}}]}\n\t\t<\/script>\n\t\t<!-- All in One SEO Pro -->\r\n\t\t<title>Los pilotos de Air France desconvocan la huelga prevista del 24 al 27 de junio | El Digital de Asturias<\/title>\n\n","aioseo_head_json":{"title":"Los pilotos de Air France desconvocan la huelga prevista del 24 al 27 de junio | El Digital de Asturias","description":"Los pilotos de Air France han desconvocado la huelga programada entre los d\u00edas 24 y el 27 de junio por los principales sindicatos, por lo que la intenci\u00f3n de la aerol\u00ednea es operar todos los vuelos programados para esas jornadas, inform\u00f3 la compa\u00f1\u00eda. El Sindicato Nacional de Pilotos en L\u00ednea (SNPL), mayoritario en Air France,","canonical_url":"https:\/\/eldigitaldeasturias.com\/magazine365\/los-pilotos-de-air-france-desconvocan-la-huelga-prevista-del-24-al-27-de-junio\/","robots":"max-image-preview:large","keywords":"noticias y actualidad","webmasterTools":{"google-site-verification":"UA-38556648-1","miscellaneous":""},"schema":{"@context":"https:\/\/schema.org","@graph":[{"@type":"Article","@id":"https:\/\/eldigitaldeasturias.com\/magazine365\/los-pilotos-de-air-france-desconvocan-la-huelga-prevista-del-24-al-27-de-junio\/#article","name":"Los pilotos de Air France desconvocan la huelga prevista del 24 al 27 de junio | El Digital de Asturias","headline":"Los pilotos de Air France desconvocan la huelga prevista del 24 al 27 de junio","author":{"@id":"https:\/\/eldigitaldeasturias.com\/magazine365\/author\/admin\/#author"},"publisher":{"@id":"https:\/\/eldigitaldeasturias.com\/magazine365\/#organization"},"image":{"@type":"ImageObject","url":"https:\/\/eldigitaldeasturias.com\/magazine365\/wp-content\/uploads\/2016\/06\/fotonoticia_20160622144200_800.jpg","width":800,"height":534},"datePublished":"2016-06-24T12:28:24+02:00","dateModified":"2016-06-24T12:28:24+02:00","inLanguage":"es-ES","mainEntityOfPage":{"@id":"https:\/\/eldigitaldeasturias.com\/magazine365\/los-pilotos-de-air-france-desconvocan-la-huelga-prevista-del-24-al-27-de-junio\/#webpage"},"isPartOf":{"@id":"https:\/\/eldigitaldeasturias.com\/magazine365\/los-pilotos-de-air-france-desconvocan-la-huelga-prevista-del-24-al-27-de-junio\/#webpage"},"articleSection":"Noticias y Actualidad"},{"@type":"BreadcrumbList","@id":"https:\/\/eldigitaldeasturias.com\/magazine365\/los-pilotos-de-air-france-desconvocan-la-huelga-prevista-del-24-al-27-de-junio\/#breadcrumblist","itemListElement":[{"@type":"ListItem","@id":"https:\/\/eldigitaldeasturias.com\/magazine365#listItem","position":1,"name":"Home","item":"https:\/\/eldigitaldeasturias.com\/magazine365","nextItem":{"@type":"ListItem","@id":"https:\/\/eldigitaldeasturias.com\/magazine365\/category\/noticias-actualidad\/#listItem","name":"Noticias y Actualidad"}},{"@type":"ListItem","@id":"https:\/\/eldigitaldeasturias.com\/magazine365\/category\/noticias-actualidad\/#listItem","position":2,"name":"Noticias y Actualidad","item":"https:\/\/eldigitaldeasturias.com\/magazine365\/category\/noticias-actualidad\/","nextItem":{"@type":"ListItem","@id":"https:\/\/eldigitaldeasturias.com\/magazine365\/los-pilotos-de-air-france-desconvocan-la-huelga-prevista-del-24-al-27-de-junio\/#listItem","name":"Los pilotos de Air France desconvocan la huelga prevista del 24 al 27 de junio"},"previousItem":{"@type":"ListItem","@id":"https:\/\/eldigitaldeasturias.com\/magazine365#listItem","name":"Home"}},{"@type":"ListItem","@id":"https:\/\/eldigitaldeasturias.com\/magazine365\/los-pilotos-de-air-france-desconvocan-la-huelga-prevista-del-24-al-27-de-junio\/#listItem","position":3,"name":"Los pilotos de Air France desconvocan la huelga prevista del 24 al 27 de junio","previousItem":{"@type":"ListItem","@id":"https:\/\/eldigitaldeasturias.com\/magazine365\/category\/noticias-actualidad\/#listItem","name":"Noticias y Actualidad"}}]},{"@type":"Organization","@id":"https:\/\/eldigitaldeasturias.com\/magazine365\/#organization","name":"El digital de Asturias","description":"Revista de ocio, turismo y estilo de vida","url":"https:\/\/eldigitaldeasturias.com\/magazine365\/","logo":{"@type":"ImageObject","url":"https:\/\/www.eldigitaldeasturias.com\/noticias\/wp-content\/uploads\/2020\/12\/EDA.jpg","@id":"https:\/\/eldigitaldeasturias.com\/magazine365\/los-pilotos-de-air-france-desconvocan-la-huelga-prevista-del-24-al-27-de-junio\/#organizationLogo"},"image":{"@id":"https:\/\/eldigitaldeasturias.com\/magazine365\/los-pilotos-de-air-france-desconvocan-la-huelga-prevista-del-24-al-27-de-junio\/#organizationLogo"}},{"@type":"Person","@id":"https:\/\/eldigitaldeasturias.com\/magazine365\/author\/admin\/#author","url":"https:\/\/eldigitaldeasturias.com\/magazine365\/author\/admin\/","name":"admin","image":{"@type":"ImageObject","@id":"https:\/\/eldigitaldeasturias.com\/magazine365\/los-pilotos-de-air-france-desconvocan-la-huelga-prevista-del-24-al-27-de-junio\/#authorImage","url":"https:\/\/eldigitaldeasturias.com\/magazine365\/wp-content\/litespeed\/avatar\/e571bcf59a0edd6fa6838245a470f2fe.jpg?ver=1776969259","width":96,"height":96,"caption":"admin"}},{"@type":"WebPage","@id":"https:\/\/eldigitaldeasturias.com\/magazine365\/los-pilotos-de-air-france-desconvocan-la-huelga-prevista-del-24-al-27-de-junio\/#webpage","url":"https:\/\/eldigitaldeasturias.com\/magazine365\/los-pilotos-de-air-france-desconvocan-la-huelga-prevista-del-24-al-27-de-junio\/","name":"Los pilotos de Air France desconvocan la huelga prevista del 24 al 27 de junio | El Digital de Asturias","description":"Los pilotos de Air France han desconvocado la huelga programada entre los d\u00edas 24 y el 27 de junio por los principales sindicatos, por lo que la intenci\u00f3n de la aerol\u00ednea es operar todos los vuelos programados para esas jornadas, inform\u00f3 la compa\u00f1\u00eda. El Sindicato Nacional de Pilotos en L\u00ednea (SNPL), mayoritario en Air France,","inLanguage":"es-ES","isPartOf":{"@id":"https:\/\/eldigitaldeasturias.com\/magazine365\/#website"},"breadcrumb":{"@id":"https:\/\/eldigitaldeasturias.com\/magazine365\/los-pilotos-de-air-france-desconvocan-la-huelga-prevista-del-24-al-27-de-junio\/#breadcrumblist"},"author":{"@id":"https:\/\/eldigitaldeasturias.com\/magazine365\/author\/admin\/#author"},"creator":{"@id":"https:\/\/eldigitaldeasturias.com\/magazine365\/author\/admin\/#author"},"image":{"@type":"ImageObject","url":"https:\/\/eldigitaldeasturias.com\/magazine365\/wp-content\/uploads\/2016\/06\/fotonoticia_20160622144200_800.jpg","@id":"https:\/\/eldigitaldeasturias.com\/magazine365\/los-pilotos-de-air-france-desconvocan-la-huelga-prevista-del-24-al-27-de-junio\/#mainImage","width":800,"height":534},"primaryImageOfPage":{"@id":"https:\/\/eldigitaldeasturias.com\/magazine365\/los-pilotos-de-air-france-desconvocan-la-huelga-prevista-del-24-al-27-de-junio\/#mainImage"},"datePublished":"2016-06-24T12:28:24+02:00","dateModified":"2016-06-24T12:28:24+02:00"},{"@type":"WebSite","@id":"https:\/\/eldigitaldeasturias.com\/magazine365\/#website","url":"https:\/\/eldigitaldeasturias.com\/magazine365\/","name":"El Digital de Asturias","description":"Revista de ocio, turismo y estilo de vida","inLanguage":"es-ES","publisher":{"@id":"https:\/\/eldigitaldeasturias.com\/magazine365\/#organization"}}]},"og:locale":"es_ES","og:site_name":"El Digital de Asturias \u2013 Revista de ocio, turismo y estilo de vida","og:type":"article","og:title":"Los pilotos de Air France desconvocan la huelga prevista del 24 al 27 de junio | El Digital de Asturias","og:description":"Los pilotos de Air France han desconvocado la huelga programada entre los d\u00edas 24 y el 27 de junio por los principales sindicatos, por lo que la intenci\u00f3n de la aerol\u00ednea es operar todos los vuelos programados para esas jornadas, inform\u00f3 la compa\u00f1\u00eda. El Sindicato Nacional de Pilotos en L\u00ednea (SNPL), mayoritario en Air France,","og:url":"https:\/\/eldigitaldeasturias.com\/magazine365\/los-pilotos-de-air-france-desconvocan-la-huelga-prevista-del-24-al-27-de-junio\/","og:image":"https:\/\/eldigitaldeasturias.com\/magazine365\/wp-content\/uploads\/2016\/06\/fotonoticia_20160622144200_800.jpg","og:image:secure_url":"https:\/\/eldigitaldeasturias.com\/magazine365\/wp-content\/uploads\/2016\/06\/fotonoticia_20160622144200_800.jpg","og:image:width":800,"og:image:height":534,"article:published_time":"2016-06-24T10:28:24+00:00","article:modified_time":"2016-06-24T10:28:24+00:00","twitter:card":"summary_large_image","twitter:title":"Los pilotos de Air France desconvocan la huelga prevista del 24 al 27 de junio | El Digital de Asturias","twitter:description":"Los pilotos de Air France han desconvocado la huelga programada entre los d\u00edas 24 y el 27 de junio por los principales sindicatos, por lo que la intenci\u00f3n de la aerol\u00ednea es operar todos los vuelos programados para esas jornadas, inform\u00f3 la compa\u00f1\u00eda. El Sindicato Nacional de Pilotos en L\u00ednea (SNPL), mayoritario en Air France,","twitter:image":"https:\/\/eldigitaldeasturias.com\/magazine365\/wp-content\/uploads\/2016\/06\/fotonoticia_20160622144200_800.jpg"},"aioseo_meta_data":{"post_id":"80453","title":null,"description":null,"keywords":null,"keyphrases":null,"primary_term":null,"canonical_url":null,"og_title":null,"og_description":null,"og_object_type":"default","og_image_type":"default","og_image_url":null,"og_image_width":null,"og_image_height":null,"og_image_custom_url":null,"og_image_custom_fields":null,"og_video":null,"og_custom_url":null,"og_article_section":null,"og_article_tags":null,"twitter_use_og":false,"twitter_card":"default","twitter_image_type":"default","twitter_image_url":null,"twitter_image_custom_url":null,"twitter_image_custom_fields":null,"twitter_title":null,"twitter_description":null,"schema":{"blockGraphs":[],"customGraphs":[],"default":{"data":{"Article":[],"Course":[],"Dataset":[],"FAQPage":[],"Movie":[],"Person":[],"Product":[],"ProductReview":[],"Car":[],"Recipe":[],"Service":[],"SoftwareApplication":[],"WebPage":[]},"graphName":"","isEnabled":true},"graphs":[],"defaultGraph":"","defaultPostTypeGraph":""},"schema_type":null,"schema_type_options":null,"pillar_content":false,"robots_default":true,"robots_noindex":false,"robots_noarchive":false,"robots_nosnippet":false,"robots_nofollow":false,"robots_noimageindex":false,"robots_noodp":false,"robots_notranslate":false,"robots_max_snippet":null,"robots_max_videopreview":null,"robots_max_imagepreview":"large","priority":null,"frequency":null,"location":null,"local_seo":null,"seo_analyzer_scan_date":"2025-09-27 20:51:36","breadcrumb_settings":null,"limit_modified_date":false,"open_ai":null,"ai":null,"created":"2021-03-08 17:33:08","updated":"2025-09-27 20:51:36"},"aioseo_breadcrumb":"<div class=\"aioseo-breadcrumbs\"><span class=\"aioseo-breadcrumb\">\n\t<a href=\"https:\/\/eldigitaldeasturias.com\/magazine365\" title=\"Home\">Home<\/a>\n<\/span><span class=\"aioseo-breadcrumb-separator\">\u2013<\/span><span class=\"aioseo-breadcrumb\">\n\t<a href=\"https:\/\/eldigitaldeasturias.com\/magazine365\/category\/noticias-actualidad\/\" title=\"Noticias y Actualidad\">Noticias y Actualidad<\/a>\n<\/span><span class=\"aioseo-breadcrumb-separator\">\u2013<\/span><span class=\"aioseo-breadcrumb\">\n\t<a href=\"https:\/\/eldigitaldeasturias.com\/magazine365\/los-pilotos-de-air-france-desconvocan-la-huelga-prevista-del-24-al-27-de-junio\/\" title=\"Los pilotos de Air France desconvocan la huelga prevista del 24 al 27 de junio\">Los pilotos de Air France desconvocan la huelga prevista del 24 al 27 de junio<\/a>\n<\/span><\/div>","aioseo_breadcrumb_json":[{"label":"Home","link":"https:\/\/eldigitaldeasturias.com\/magazine365"},{"label":"Noticias y Actualidad","link":"https:\/\/eldigitaldeasturias.com\/magazine365\/category\/noticias-actualidad\/"},{"label":"Los pilotos de Air France desconvocan la huelga prevista del 24 al 27 de junio","link":"https:\/\/eldigitaldeasturias.com\/magazine365\/los-pilotos-de-air-france-desconvocan-la-huelga-prevista-del-24-al-27-de-junio\/"}],"_links":{"self":[{"href":"https:\/\/eldigitaldeasturias.com\/magazine365\/wp-json\/wp\/v2\/posts\/80453","targetHints":{"allow":["GET"]}}],"collection":[{"href":"https:\/\/eldigitaldeasturias.com\/magazine365\/wp-json\/wp\/v2\/posts"}],"about":[{"href":"https:\/\/eldigitaldeasturias.com\/magazine365\/wp-json\/wp\/v2\/types\/post"}],"author":[{"embeddable":true,"href":"https:\/\/eldigitaldeasturias.com\/magazine365\/wp-json\/wp\/v2\/users\/1"}],"replies":[{"embeddable":true,"href":"https:\/\/eldigitaldeasturias.com\/magazine365\/wp-json\/wp\/v2\/comments?post=80453"}],"version-history":[{"count":0,"href":"https:\/\/eldigitaldeasturias.com\/magazine365\/wp-json\/wp\/v2\/posts\/80453\/revisions"}],"wp:featuredmedia":[{"embeddable":true,"href":"https:\/\/eldigitaldeasturias.com\/magazine365\/wp-json\/wp\/v2\/media\/80454"}],"wp:attachment":[{"href":"https:\/\/eldigitaldeasturias.com\/magazine365\/wp-json\/wp\/v2\/media?parent=80453"}],"wp:term":[{"taxonomy":"category","embeddable":true,"href":"https:\/\/eldigitaldeasturias.com\/magazine365\/wp-json\/wp\/v2\/categories?post=80453"},{"taxonomy":"post_tag","embeddable":true,"href":"https:\/\/eldigitaldeasturias.com\/magazine365\/wp-json\/wp\/v2\/tags?post=80453"}],"curies":[{"name":"wp","href":"https:\/\/api.w.org\/{rel}","templated":true}]}}