{"id":80438,"date":"2016-06-24T12:11:08","date_gmt":"2016-06-24T10:11:08","guid":{"rendered":"http:\/\/eldigitaldeasturias.com\/magazine365\/?p=80438"},"modified":"2016-06-24T12:11:08","modified_gmt":"2016-06-24T10:11:08","slug":"junta-andaluza-destaca-la-capacidad-del-flamenco-como-generador-de-riqueza","status":"publish","type":"post","link":"https:\/\/eldigitaldeasturias.com\/magazine365\/junta-andaluza-destaca-la-capacidad-del-flamenco-como-generador-de-riqueza\/","title":{"rendered":"Junta andaluza destaca la capacidad del flamenco como generador de riqueza"},"content":{"rendered":"<p><img fetchpriority=\"high\" decoding=\"async\" class=\"alignleft size-medium wp-image-80439\" src=\"https:\/\/eldigitaldeasturias.com\/magazine365\/wp-content\/uploads\/2016\/06\/fotonoticia_20160622140701_800-360x270.jpg\" alt=\"fotonoticia_20160622140701_800\" width=\"360\" height=\"270\" srcset=\"https:\/\/eldigitaldeasturias.com\/magazine365\/wp-content\/uploads\/2016\/06\/fotonoticia_20160622140701_800-360x270.jpg 360w, https:\/\/eldigitaldeasturias.com\/magazine365\/wp-content\/uploads\/2016\/06\/fotonoticia_20160622140701_800-650x488.jpg 650w, https:\/\/eldigitaldeasturias.com\/magazine365\/wp-content\/uploads\/2016\/06\/fotonoticia_20160622140701_800-768x576.jpg 768w, https:\/\/eldigitaldeasturias.com\/magazine365\/wp-content\/uploads\/2016\/06\/fotonoticia_20160622140701_800-150x113.jpg 150w, https:\/\/eldigitaldeasturias.com\/magazine365\/wp-content\/uploads\/2016\/06\/fotonoticia_20160622140701_800-450x338.jpg 450w, https:\/\/eldigitaldeasturias.com\/magazine365\/wp-content\/uploads\/2016\/06\/fotonoticia_20160622140701_800-90x67.jpg 90w, https:\/\/eldigitaldeasturias.com\/magazine365\/wp-content\/uploads\/2016\/06\/fotonoticia_20160622140701_800-164x124.jpg 164w, https:\/\/eldigitaldeasturias.com\/magazine365\/wp-content\/uploads\/2016\/06\/fotonoticia_20160622140701_800-100x75.jpg 100w, https:\/\/eldigitaldeasturias.com\/magazine365\/wp-content\/uploads\/2016\/06\/fotonoticia_20160622140701_800.jpg 800w\" sizes=\"(max-width: 360px) 100vw, 360px\" \/>El consejero de Turismo y Deporte, Francisco Javier Fern\u00e1ndez, ha destacado este mi\u00e9rcoles la capacidad del flamenco como industria cultural generadora de riqueza y empleo, al tiempo que ha valorado su importancia como elemento diferenciador de la oferta del destino Andaluc\u00eda, ya que se trata de un segmento que contribuye a proyectar una imagen singular en el exterior y a desestacionalizar la actividad tur\u00edstica.<\/p>\n<p>Fern\u00e1ndez ha visitado junto al alcalde de Utrera, Jos\u00e9 Mar\u00eda Villalobos, la I edici\u00f3n de la Feria de Industrias Culturales del Flamenco, una cita organizada por el Ayuntamiento que se celebra hasta el pr\u00f3ximo 26 de junio con el objetivo tanto de apoyar a los artistas como de reforzar la comercializaci\u00f3n y profesionalizaci\u00f3n del sector. La cita alberga actividades como conferencias, talleres, presentaciones y propuestas tur\u00edsticas.<\/p>\n<p>Durante su visita, ha valorado la iniciativa del Ayuntamiento utrerano con la celebraci\u00f3n de la I Feria de Industrias Culturales del Flamenco, una muestra que, en su opini\u00f3n, permitir\u00e1 a la ciudad reforzar su oferta en este segmento y \u00abdar un salto\u00bb que la lleve a hacer de este sector y sus productos auxiliares un tejido industrial y un atractivo que genere riqueza, empleo y contribuya a dinamizar la econom\u00eda local.<\/p>\n<p>El consejero ha incidido en la necesidad de impulsar la proyecci\u00f3n del flamenco como recurso tur\u00edstico diferenciador y ha recordado que, precisamente con este objetivo y como respaldo al evento utrerano, la Consejer\u00eda ha organizado un viaje de familiarizaci\u00f3n para una decena de agencias de viajes y blogueros especializados, quienes podr\u00e1n conocer &#8216;in situ&#8217; la oferta de la localidad en este producto.<\/p>\n<p>El consejero ha se\u00f1alado que Andaluc\u00eda no ser\u00eda lo que es hoy sin el flamenco, una de sus manifestaciones m\u00e1s universales, declarada en 2010 por la Unesco como Patrimonio Cultural Inmaterial de la Humanidad, y ha subrayado que esta expresi\u00f3n cultural ha pasado de ser un arte \u00edntimo a una industria con peso en la econom\u00eda de la regi\u00f3n por su aportaci\u00f3n al Producto Interior Bruto (PIB) y su efecto de arrastre sobre otros sectores.<\/p>\n<p>POTENCIAL TUR\u00cdSTICO<\/p>\n<p>En este sentido, ha insistido en que \u00absu gran fortaleza\u00bb como industria es \u00aba\u00fan mayor\u00bb si se suma su potencial tur\u00edstico como generador de empleo y riqueza para la regi\u00f3n. En este sentido, ha afirmado que el flamenco es un producto que ayuda a desestacionalizar la oferta y aporta una imagen exterior singular, ya que es un elemento identitario exclusivo, \u00abque nos aporta valor y en el que no tenemos competencia\u00bb.<\/p>\n<p>A este respecto, el consejero ha apuntado que, seg\u00fan un estudio de la Universidad de C\u00e1diz, el turismo flamenco mueve unas 700.000 personas al a\u00f1o en Andaluc\u00eda y genera unos ingresos de 550 millones de euros anuales, y ha se\u00f1alado que en la comunidad Andaluc\u00eda est\u00e1 siendo capaz de aprovechar su rentabilidad econ\u00f3mica, a partir de la celebraci\u00f3n de eventos como la Bienal de Sevilla, el Festival de Jerez o el Potaje Gitano de Utrera.<\/p>\n","protected":false},"excerpt":{"rendered":"<p>El consejero de Turismo y Deporte, Francisco Javier Fern\u00e1ndez, ha destacado este mi\u00e9rcoles la capacidad del flamenco como industria cultural generadora de riqueza y empleo, al tiempo que ha valorado su importancia como elemento diferenciador de la oferta del destino Andaluc\u00eda, ya que se trata de un segmento que contribuye a proyectar una imagen singular<\/p>\n","protected":false},"author":1,"featured_media":80439,"comment_status":"open","ping_status":"closed","sticky":false,"template":"","format":"standard","meta":{"footnotes":""},"categories":[224],"tags":[],"class_list":{"0":"post-80438","1":"post","2":"type-post","3":"status-publish","4":"format-standard","5":"has-post-thumbnail","7":"category-noticias-actualidad"},"aioseo_notices":[],"aioseo_head":"\n\t\t<!-- All in One SEO Pro 4.9.6.1 - aioseo.com -->\n\t<meta name=\"description\" content=\"El consejero de Turismo y Deporte, Francisco Javier Fern\u00e1ndez, ha destacado este mi\u00e9rcoles la capacidad del flamenco como industria cultural generadora de riqueza y empleo, al tiempo que ha valorado su importancia como elemento diferenciador de la oferta del destino Andaluc\u00eda, ya que se trata de un segmento que contribuye a proyectar una imagen singular\" \/>\n\t<meta name=\"robots\" content=\"max-image-preview:large\" \/>\n\t<meta name=\"author\" content=\"admin\"\/>\n\t<meta name=\"google-site-verification\" content=\"UA-38556648-1\" \/>\n\t<meta name=\"keywords\" content=\"noticias y actualidad\" \/>\n\t<link rel=\"canonical\" href=\"https:\/\/eldigitaldeasturias.com\/magazine365\/junta-andaluza-destaca-la-capacidad-del-flamenco-como-generador-de-riqueza\/\" \/>\n\t<meta name=\"generator\" content=\"All in One SEO Pro (AIOSEO) 4.9.6.1\" \/>\n\t\t<meta property=\"og:locale\" content=\"es_ES\" \/>\n\t\t<meta property=\"og:site_name\" content=\"El Digital de Asturias \u2013 Revista de ocio, turismo y estilo de vida\" \/>\n\t\t<meta property=\"og:type\" content=\"article\" \/>\n\t\t<meta property=\"og:title\" content=\"Junta andaluza destaca la capacidad del flamenco como generador de riqueza | El Digital de Asturias\" \/>\n\t\t<meta property=\"og:description\" content=\"El consejero de Turismo y Deporte, Francisco Javier Fern\u00e1ndez, ha destacado este mi\u00e9rcoles la capacidad del flamenco como industria cultural generadora de riqueza y empleo, al tiempo que ha valorado su importancia como elemento diferenciador de la oferta del destino Andaluc\u00eda, ya que se trata de un segmento que contribuye a proyectar una imagen singular\" \/>\n\t\t<meta property=\"og:url\" content=\"https:\/\/eldigitaldeasturias.com\/magazine365\/junta-andaluza-destaca-la-capacidad-del-flamenco-como-generador-de-riqueza\/\" \/>\n\t\t<meta property=\"og:image\" content=\"https:\/\/eldigitaldeasturias.com\/magazine365\/wp-content\/uploads\/2016\/06\/fotonoticia_20160622140701_800.jpg\" \/>\n\t\t<meta property=\"og:image:secure_url\" content=\"https:\/\/eldigitaldeasturias.com\/magazine365\/wp-content\/uploads\/2016\/06\/fotonoticia_20160622140701_800.jpg\" \/>\n\t\t<meta property=\"og:image:width\" content=\"800\" \/>\n\t\t<meta property=\"og:image:height\" content=\"600\" \/>\n\t\t<meta property=\"article:published_time\" content=\"2016-06-24T10:11:08+00:00\" \/>\n\t\t<meta property=\"article:modified_time\" content=\"2016-06-24T10:11:08+00:00\" \/>\n\t\t<meta name=\"twitter:card\" content=\"summary_large_image\" \/>\n\t\t<meta name=\"twitter:title\" content=\"Junta andaluza destaca la capacidad del flamenco como generador de riqueza | El Digital de Asturias\" \/>\n\t\t<meta name=\"twitter:description\" content=\"El consejero de Turismo y Deporte, Francisco Javier Fern\u00e1ndez, ha destacado este mi\u00e9rcoles la capacidad del flamenco como industria cultural generadora de riqueza y empleo, al tiempo que ha valorado su importancia como elemento diferenciador de la oferta del destino Andaluc\u00eda, ya que se trata de un segmento que contribuye a proyectar una imagen singular\" \/>\n\t\t<meta name=\"twitter:image\" content=\"https:\/\/eldigitaldeasturias.com\/magazine365\/wp-content\/uploads\/2016\/06\/fotonoticia_20160622140701_800.jpg\" \/>\n\t\t<script type=\"application\/ld+json\" class=\"aioseo-schema\">\n\t\t\t{\"@context\":\"https:\\\/\\\/schema.org\",\"@graph\":[{\"@type\":\"Article\",\"@id\":\"https:\\\/\\\/eldigitaldeasturias.com\\\/magazine365\\\/junta-andaluza-destaca-la-capacidad-del-flamenco-como-generador-de-riqueza\\\/#article\",\"name\":\"Junta andaluza destaca la capacidad del flamenco como generador de riqueza | El Digital de Asturias\",\"headline\":\"Junta andaluza destaca la capacidad del flamenco como generador de riqueza\",\"author\":{\"@id\":\"https:\\\/\\\/eldigitaldeasturias.com\\\/magazine365\\\/author\\\/admin\\\/#author\"},\"publisher\":{\"@id\":\"https:\\\/\\\/eldigitaldeasturias.com\\\/magazine365\\\/#organization\"},\"image\":{\"@type\":\"ImageObject\",\"url\":\"https:\\\/\\\/eldigitaldeasturias.com\\\/magazine365\\\/wp-content\\\/uploads\\\/2016\\\/06\\\/fotonoticia_20160622140701_800.jpg\",\"width\":800,\"height\":600},\"datePublished\":\"2016-06-24T12:11:08+02:00\",\"dateModified\":\"2016-06-24T12:11:08+02:00\",\"inLanguage\":\"es-ES\",\"mainEntityOfPage\":{\"@id\":\"https:\\\/\\\/eldigitaldeasturias.com\\\/magazine365\\\/junta-andaluza-destaca-la-capacidad-del-flamenco-como-generador-de-riqueza\\\/#webpage\"},\"isPartOf\":{\"@id\":\"https:\\\/\\\/eldigitaldeasturias.com\\\/magazine365\\\/junta-andaluza-destaca-la-capacidad-del-flamenco-como-generador-de-riqueza\\\/#webpage\"},\"articleSection\":\"Noticias y Actualidad\"},{\"@type\":\"BreadcrumbList\",\"@id\":\"https:\\\/\\\/eldigitaldeasturias.com\\\/magazine365\\\/junta-andaluza-destaca-la-capacidad-del-flamenco-como-generador-de-riqueza\\\/#breadcrumblist\",\"itemListElement\":[{\"@type\":\"ListItem\",\"@id\":\"https:\\\/\\\/eldigitaldeasturias.com\\\/magazine365#listItem\",\"position\":1,\"name\":\"Home\",\"item\":\"https:\\\/\\\/eldigitaldeasturias.com\\\/magazine365\",\"nextItem\":{\"@type\":\"ListItem\",\"@id\":\"https:\\\/\\\/eldigitaldeasturias.com\\\/magazine365\\\/category\\\/noticias-actualidad\\\/#listItem\",\"name\":\"Noticias y Actualidad\"}},{\"@type\":\"ListItem\",\"@id\":\"https:\\\/\\\/eldigitaldeasturias.com\\\/magazine365\\\/category\\\/noticias-actualidad\\\/#listItem\",\"position\":2,\"name\":\"Noticias y Actualidad\",\"item\":\"https:\\\/\\\/eldigitaldeasturias.com\\\/magazine365\\\/category\\\/noticias-actualidad\\\/\",\"nextItem\":{\"@type\":\"ListItem\",\"@id\":\"https:\\\/\\\/eldigitaldeasturias.com\\\/magazine365\\\/junta-andaluza-destaca-la-capacidad-del-flamenco-como-generador-de-riqueza\\\/#listItem\",\"name\":\"Junta andaluza destaca la capacidad del flamenco como generador de riqueza\"},\"previousItem\":{\"@type\":\"ListItem\",\"@id\":\"https:\\\/\\\/eldigitaldeasturias.com\\\/magazine365#listItem\",\"name\":\"Home\"}},{\"@type\":\"ListItem\",\"@id\":\"https:\\\/\\\/eldigitaldeasturias.com\\\/magazine365\\\/junta-andaluza-destaca-la-capacidad-del-flamenco-como-generador-de-riqueza\\\/#listItem\",\"position\":3,\"name\":\"Junta andaluza destaca la capacidad del flamenco como generador de riqueza\",\"previousItem\":{\"@type\":\"ListItem\",\"@id\":\"https:\\\/\\\/eldigitaldeasturias.com\\\/magazine365\\\/category\\\/noticias-actualidad\\\/#listItem\",\"name\":\"Noticias y Actualidad\"}}]},{\"@type\":\"Organization\",\"@id\":\"https:\\\/\\\/eldigitaldeasturias.com\\\/magazine365\\\/#organization\",\"name\":\"El digital de Asturias\",\"description\":\"Revista de ocio, turismo y estilo de vida\",\"url\":\"https:\\\/\\\/eldigitaldeasturias.com\\\/magazine365\\\/\",\"logo\":{\"@type\":\"ImageObject\",\"url\":\"https:\\\/\\\/www.eldigitaldeasturias.com\\\/noticias\\\/wp-content\\\/uploads\\\/2020\\\/12\\\/EDA.jpg\",\"@id\":\"https:\\\/\\\/eldigitaldeasturias.com\\\/magazine365\\\/junta-andaluza-destaca-la-capacidad-del-flamenco-como-generador-de-riqueza\\\/#organizationLogo\"},\"image\":{\"@id\":\"https:\\\/\\\/eldigitaldeasturias.com\\\/magazine365\\\/junta-andaluza-destaca-la-capacidad-del-flamenco-como-generador-de-riqueza\\\/#organizationLogo\"}},{\"@type\":\"Person\",\"@id\":\"https:\\\/\\\/eldigitaldeasturias.com\\\/magazine365\\\/author\\\/admin\\\/#author\",\"url\":\"https:\\\/\\\/eldigitaldeasturias.com\\\/magazine365\\\/author\\\/admin\\\/\",\"name\":\"admin\",\"image\":{\"@type\":\"ImageObject\",\"@id\":\"https:\\\/\\\/eldigitaldeasturias.com\\\/magazine365\\\/junta-andaluza-destaca-la-capacidad-del-flamenco-como-generador-de-riqueza\\\/#authorImage\",\"url\":\"https:\\\/\\\/eldigitaldeasturias.com\\\/magazine365\\\/wp-content\\\/litespeed\\\/avatar\\\/e571bcf59a0edd6fa6838245a470f2fe.jpg?ver=1776969259\",\"width\":96,\"height\":96,\"caption\":\"admin\"}},{\"@type\":\"WebPage\",\"@id\":\"https:\\\/\\\/eldigitaldeasturias.com\\\/magazine365\\\/junta-andaluza-destaca-la-capacidad-del-flamenco-como-generador-de-riqueza\\\/#webpage\",\"url\":\"https:\\\/\\\/eldigitaldeasturias.com\\\/magazine365\\\/junta-andaluza-destaca-la-capacidad-del-flamenco-como-generador-de-riqueza\\\/\",\"name\":\"Junta andaluza destaca la capacidad del flamenco como generador de riqueza | El Digital de Asturias\",\"description\":\"El consejero de Turismo y Deporte, Francisco Javier Fern\\u00e1ndez, ha destacado este mi\\u00e9rcoles la capacidad del flamenco como industria cultural generadora de riqueza y empleo, al tiempo que ha valorado su importancia como elemento diferenciador de la oferta del destino Andaluc\\u00eda, ya que se trata de un segmento que contribuye a proyectar una imagen singular\",\"inLanguage\":\"es-ES\",\"isPartOf\":{\"@id\":\"https:\\\/\\\/eldigitaldeasturias.com\\\/magazine365\\\/#website\"},\"breadcrumb\":{\"@id\":\"https:\\\/\\\/eldigitaldeasturias.com\\\/magazine365\\\/junta-andaluza-destaca-la-capacidad-del-flamenco-como-generador-de-riqueza\\\/#breadcrumblist\"},\"author\":{\"@id\":\"https:\\\/\\\/eldigitaldeasturias.com\\\/magazine365\\\/author\\\/admin\\\/#author\"},\"creator\":{\"@id\":\"https:\\\/\\\/eldigitaldeasturias.com\\\/magazine365\\\/author\\\/admin\\\/#author\"},\"image\":{\"@type\":\"ImageObject\",\"url\":\"https:\\\/\\\/eldigitaldeasturias.com\\\/magazine365\\\/wp-content\\\/uploads\\\/2016\\\/06\\\/fotonoticia_20160622140701_800.jpg\",\"@id\":\"https:\\\/\\\/eldigitaldeasturias.com\\\/magazine365\\\/junta-andaluza-destaca-la-capacidad-del-flamenco-como-generador-de-riqueza\\\/#mainImage\",\"width\":800,\"height\":600},\"primaryImageOfPage\":{\"@id\":\"https:\\\/\\\/eldigitaldeasturias.com\\\/magazine365\\\/junta-andaluza-destaca-la-capacidad-del-flamenco-como-generador-de-riqueza\\\/#mainImage\"},\"datePublished\":\"2016-06-24T12:11:08+02:00\",\"dateModified\":\"2016-06-24T12:11:08+02:00\"},{\"@type\":\"WebSite\",\"@id\":\"https:\\\/\\\/eldigitaldeasturias.com\\\/magazine365\\\/#website\",\"url\":\"https:\\\/\\\/eldigitaldeasturias.com\\\/magazine365\\\/\",\"name\":\"El Digital de Asturias\",\"description\":\"Revista de ocio, turismo y estilo de vida\",\"inLanguage\":\"es-ES\",\"publisher\":{\"@id\":\"https:\\\/\\\/eldigitaldeasturias.com\\\/magazine365\\\/#organization\"}}]}\n\t\t<\/script>\n\t\t<!-- All in One SEO Pro -->\r\n\t\t<title>Junta andaluza destaca la capacidad del flamenco como generador de riqueza | El Digital de Asturias<\/title>\n\n","aioseo_head_json":{"title":"Junta andaluza destaca la capacidad del flamenco como generador de riqueza | El Digital de Asturias","description":"El consejero de Turismo y Deporte, Francisco Javier Fern\u00e1ndez, ha destacado este mi\u00e9rcoles la capacidad del flamenco como industria cultural generadora de riqueza y empleo, al tiempo que ha valorado su importancia como elemento diferenciador de la oferta del destino Andaluc\u00eda, ya que se trata de un segmento que contribuye a proyectar una imagen singular","canonical_url":"https:\/\/eldigitaldeasturias.com\/magazine365\/junta-andaluza-destaca-la-capacidad-del-flamenco-como-generador-de-riqueza\/","robots":"max-image-preview:large","keywords":"noticias y actualidad","webmasterTools":{"google-site-verification":"UA-38556648-1","miscellaneous":""},"schema":{"@context":"https:\/\/schema.org","@graph":[{"@type":"Article","@id":"https:\/\/eldigitaldeasturias.com\/magazine365\/junta-andaluza-destaca-la-capacidad-del-flamenco-como-generador-de-riqueza\/#article","name":"Junta andaluza destaca la capacidad del flamenco como generador de riqueza | El Digital de Asturias","headline":"Junta andaluza destaca la capacidad del flamenco como generador de riqueza","author":{"@id":"https:\/\/eldigitaldeasturias.com\/magazine365\/author\/admin\/#author"},"publisher":{"@id":"https:\/\/eldigitaldeasturias.com\/magazine365\/#organization"},"image":{"@type":"ImageObject","url":"https:\/\/eldigitaldeasturias.com\/magazine365\/wp-content\/uploads\/2016\/06\/fotonoticia_20160622140701_800.jpg","width":800,"height":600},"datePublished":"2016-06-24T12:11:08+02:00","dateModified":"2016-06-24T12:11:08+02:00","inLanguage":"es-ES","mainEntityOfPage":{"@id":"https:\/\/eldigitaldeasturias.com\/magazine365\/junta-andaluza-destaca-la-capacidad-del-flamenco-como-generador-de-riqueza\/#webpage"},"isPartOf":{"@id":"https:\/\/eldigitaldeasturias.com\/magazine365\/junta-andaluza-destaca-la-capacidad-del-flamenco-como-generador-de-riqueza\/#webpage"},"articleSection":"Noticias y Actualidad"},{"@type":"BreadcrumbList","@id":"https:\/\/eldigitaldeasturias.com\/magazine365\/junta-andaluza-destaca-la-capacidad-del-flamenco-como-generador-de-riqueza\/#breadcrumblist","itemListElement":[{"@type":"ListItem","@id":"https:\/\/eldigitaldeasturias.com\/magazine365#listItem","position":1,"name":"Home","item":"https:\/\/eldigitaldeasturias.com\/magazine365","nextItem":{"@type":"ListItem","@id":"https:\/\/eldigitaldeasturias.com\/magazine365\/category\/noticias-actualidad\/#listItem","name":"Noticias y Actualidad"}},{"@type":"ListItem","@id":"https:\/\/eldigitaldeasturias.com\/magazine365\/category\/noticias-actualidad\/#listItem","position":2,"name":"Noticias y Actualidad","item":"https:\/\/eldigitaldeasturias.com\/magazine365\/category\/noticias-actualidad\/","nextItem":{"@type":"ListItem","@id":"https:\/\/eldigitaldeasturias.com\/magazine365\/junta-andaluza-destaca-la-capacidad-del-flamenco-como-generador-de-riqueza\/#listItem","name":"Junta andaluza destaca la capacidad del flamenco como generador de riqueza"},"previousItem":{"@type":"ListItem","@id":"https:\/\/eldigitaldeasturias.com\/magazine365#listItem","name":"Home"}},{"@type":"ListItem","@id":"https:\/\/eldigitaldeasturias.com\/magazine365\/junta-andaluza-destaca-la-capacidad-del-flamenco-como-generador-de-riqueza\/#listItem","position":3,"name":"Junta andaluza destaca la capacidad del flamenco como generador de riqueza","previousItem":{"@type":"ListItem","@id":"https:\/\/eldigitaldeasturias.com\/magazine365\/category\/noticias-actualidad\/#listItem","name":"Noticias y Actualidad"}}]},{"@type":"Organization","@id":"https:\/\/eldigitaldeasturias.com\/magazine365\/#organization","name":"El digital de Asturias","description":"Revista de ocio, turismo y estilo de vida","url":"https:\/\/eldigitaldeasturias.com\/magazine365\/","logo":{"@type":"ImageObject","url":"https:\/\/www.eldigitaldeasturias.com\/noticias\/wp-content\/uploads\/2020\/12\/EDA.jpg","@id":"https:\/\/eldigitaldeasturias.com\/magazine365\/junta-andaluza-destaca-la-capacidad-del-flamenco-como-generador-de-riqueza\/#organizationLogo"},"image":{"@id":"https:\/\/eldigitaldeasturias.com\/magazine365\/junta-andaluza-destaca-la-capacidad-del-flamenco-como-generador-de-riqueza\/#organizationLogo"}},{"@type":"Person","@id":"https:\/\/eldigitaldeasturias.com\/magazine365\/author\/admin\/#author","url":"https:\/\/eldigitaldeasturias.com\/magazine365\/author\/admin\/","name":"admin","image":{"@type":"ImageObject","@id":"https:\/\/eldigitaldeasturias.com\/magazine365\/junta-andaluza-destaca-la-capacidad-del-flamenco-como-generador-de-riqueza\/#authorImage","url":"https:\/\/eldigitaldeasturias.com\/magazine365\/wp-content\/litespeed\/avatar\/e571bcf59a0edd6fa6838245a470f2fe.jpg?ver=1776969259","width":96,"height":96,"caption":"admin"}},{"@type":"WebPage","@id":"https:\/\/eldigitaldeasturias.com\/magazine365\/junta-andaluza-destaca-la-capacidad-del-flamenco-como-generador-de-riqueza\/#webpage","url":"https:\/\/eldigitaldeasturias.com\/magazine365\/junta-andaluza-destaca-la-capacidad-del-flamenco-como-generador-de-riqueza\/","name":"Junta andaluza destaca la capacidad del flamenco como generador de riqueza | El Digital de Asturias","description":"El consejero de Turismo y Deporte, Francisco Javier Fern\u00e1ndez, ha destacado este mi\u00e9rcoles la capacidad del flamenco como industria cultural generadora de riqueza y empleo, al tiempo que ha valorado su importancia como elemento diferenciador de la oferta del destino Andaluc\u00eda, ya que se trata de un segmento que contribuye a proyectar una imagen singular","inLanguage":"es-ES","isPartOf":{"@id":"https:\/\/eldigitaldeasturias.com\/magazine365\/#website"},"breadcrumb":{"@id":"https:\/\/eldigitaldeasturias.com\/magazine365\/junta-andaluza-destaca-la-capacidad-del-flamenco-como-generador-de-riqueza\/#breadcrumblist"},"author":{"@id":"https:\/\/eldigitaldeasturias.com\/magazine365\/author\/admin\/#author"},"creator":{"@id":"https:\/\/eldigitaldeasturias.com\/magazine365\/author\/admin\/#author"},"image":{"@type":"ImageObject","url":"https:\/\/eldigitaldeasturias.com\/magazine365\/wp-content\/uploads\/2016\/06\/fotonoticia_20160622140701_800.jpg","@id":"https:\/\/eldigitaldeasturias.com\/magazine365\/junta-andaluza-destaca-la-capacidad-del-flamenco-como-generador-de-riqueza\/#mainImage","width":800,"height":600},"primaryImageOfPage":{"@id":"https:\/\/eldigitaldeasturias.com\/magazine365\/junta-andaluza-destaca-la-capacidad-del-flamenco-como-generador-de-riqueza\/#mainImage"},"datePublished":"2016-06-24T12:11:08+02:00","dateModified":"2016-06-24T12:11:08+02:00"},{"@type":"WebSite","@id":"https:\/\/eldigitaldeasturias.com\/magazine365\/#website","url":"https:\/\/eldigitaldeasturias.com\/magazine365\/","name":"El Digital de Asturias","description":"Revista de ocio, turismo y estilo de vida","inLanguage":"es-ES","publisher":{"@id":"https:\/\/eldigitaldeasturias.com\/magazine365\/#organization"}}]},"og:locale":"es_ES","og:site_name":"El Digital de Asturias \u2013 Revista de ocio, turismo y estilo de vida","og:type":"article","og:title":"Junta andaluza destaca la capacidad del flamenco como generador de riqueza | El Digital de Asturias","og:description":"El consejero de Turismo y Deporte, Francisco Javier Fern\u00e1ndez, ha destacado este mi\u00e9rcoles la capacidad del flamenco como industria cultural generadora de riqueza y empleo, al tiempo que ha valorado su importancia como elemento diferenciador de la oferta del destino Andaluc\u00eda, ya que se trata de un segmento que contribuye a proyectar una imagen singular","og:url":"https:\/\/eldigitaldeasturias.com\/magazine365\/junta-andaluza-destaca-la-capacidad-del-flamenco-como-generador-de-riqueza\/","og:image":"https:\/\/eldigitaldeasturias.com\/magazine365\/wp-content\/uploads\/2016\/06\/fotonoticia_20160622140701_800.jpg","og:image:secure_url":"https:\/\/eldigitaldeasturias.com\/magazine365\/wp-content\/uploads\/2016\/06\/fotonoticia_20160622140701_800.jpg","og:image:width":800,"og:image:height":600,"article:published_time":"2016-06-24T10:11:08+00:00","article:modified_time":"2016-06-24T10:11:08+00:00","twitter:card":"summary_large_image","twitter:title":"Junta andaluza destaca la capacidad del flamenco como generador de riqueza | El Digital de Asturias","twitter:description":"El consejero de Turismo y Deporte, Francisco Javier Fern\u00e1ndez, ha destacado este mi\u00e9rcoles la capacidad del flamenco como industria cultural generadora de riqueza y empleo, al tiempo que ha valorado su importancia como elemento diferenciador de la oferta del destino Andaluc\u00eda, ya que se trata de un segmento que contribuye a proyectar una imagen singular","twitter:image":"https:\/\/eldigitaldeasturias.com\/magazine365\/wp-content\/uploads\/2016\/06\/fotonoticia_20160622140701_800.jpg"},"aioseo_meta_data":{"post_id":"80438","title":null,"description":null,"keywords":null,"keyphrases":null,"primary_term":null,"canonical_url":null,"og_title":null,"og_description":null,"og_object_type":"default","og_image_type":"default","og_image_url":null,"og_image_width":null,"og_image_height":null,"og_image_custom_url":null,"og_image_custom_fields":null,"og_video":null,"og_custom_url":null,"og_article_section":null,"og_article_tags":null,"twitter_use_og":false,"twitter_card":"default","twitter_image_type":"default","twitter_image_url":null,"twitter_image_custom_url":null,"twitter_image_custom_fields":null,"twitter_title":null,"twitter_description":null,"schema":{"blockGraphs":[],"customGraphs":[],"default":{"data":{"Article":[],"Course":[],"Dataset":[],"FAQPage":[],"Movie":[],"Person":[],"Product":[],"ProductReview":[],"Car":[],"Recipe":[],"Service":[],"SoftwareApplication":[],"WebPage":[]},"graphName":"","isEnabled":true},"graphs":[],"defaultGraph":"","defaultPostTypeGraph":""},"schema_type":null,"schema_type_options":null,"pillar_content":false,"robots_default":true,"robots_noindex":false,"robots_noarchive":false,"robots_nosnippet":false,"robots_nofollow":false,"robots_noimageindex":false,"robots_noodp":false,"robots_notranslate":false,"robots_max_snippet":null,"robots_max_videopreview":null,"robots_max_imagepreview":"large","priority":null,"frequency":null,"location":null,"local_seo":null,"seo_analyzer_scan_date":"2025-09-27 20:50:04","breadcrumb_settings":null,"limit_modified_date":false,"open_ai":null,"ai":null,"created":"2021-03-08 17:33:08","updated":"2025-09-27 20:50:04"},"aioseo_breadcrumb":"<div class=\"aioseo-breadcrumbs\"><span class=\"aioseo-breadcrumb\">\n\t<a href=\"https:\/\/eldigitaldeasturias.com\/magazine365\" title=\"Home\">Home<\/a>\n<\/span><span class=\"aioseo-breadcrumb-separator\">\u2013<\/span><span class=\"aioseo-breadcrumb\">\n\t<a href=\"https:\/\/eldigitaldeasturias.com\/magazine365\/category\/noticias-actualidad\/\" title=\"Noticias y Actualidad\">Noticias y Actualidad<\/a>\n<\/span><span class=\"aioseo-breadcrumb-separator\">\u2013<\/span><span class=\"aioseo-breadcrumb\">\n\t<a href=\"https:\/\/eldigitaldeasturias.com\/magazine365\/junta-andaluza-destaca-la-capacidad-del-flamenco-como-generador-de-riqueza\/\" title=\"Junta andaluza destaca la capacidad del flamenco como generador de riqueza\">Junta andaluza destaca la capacidad del flamenco como generador de riqueza<\/a>\n<\/span><\/div>","aioseo_breadcrumb_json":[{"label":"Home","link":"https:\/\/eldigitaldeasturias.com\/magazine365"},{"label":"Noticias y Actualidad","link":"https:\/\/eldigitaldeasturias.com\/magazine365\/category\/noticias-actualidad\/"},{"label":"Junta andaluza destaca la capacidad del flamenco como generador de riqueza","link":"https:\/\/eldigitaldeasturias.com\/magazine365\/junta-andaluza-destaca-la-capacidad-del-flamenco-como-generador-de-riqueza\/"}],"_links":{"self":[{"href":"https:\/\/eldigitaldeasturias.com\/magazine365\/wp-json\/wp\/v2\/posts\/80438","targetHints":{"allow":["GET"]}}],"collection":[{"href":"https:\/\/eldigitaldeasturias.com\/magazine365\/wp-json\/wp\/v2\/posts"}],"about":[{"href":"https:\/\/eldigitaldeasturias.com\/magazine365\/wp-json\/wp\/v2\/types\/post"}],"author":[{"embeddable":true,"href":"https:\/\/eldigitaldeasturias.com\/magazine365\/wp-json\/wp\/v2\/users\/1"}],"replies":[{"embeddable":true,"href":"https:\/\/eldigitaldeasturias.com\/magazine365\/wp-json\/wp\/v2\/comments?post=80438"}],"version-history":[{"count":0,"href":"https:\/\/eldigitaldeasturias.com\/magazine365\/wp-json\/wp\/v2\/posts\/80438\/revisions"}],"wp:featuredmedia":[{"embeddable":true,"href":"https:\/\/eldigitaldeasturias.com\/magazine365\/wp-json\/wp\/v2\/media\/80439"}],"wp:attachment":[{"href":"https:\/\/eldigitaldeasturias.com\/magazine365\/wp-json\/wp\/v2\/media?parent=80438"}],"wp:term":[{"taxonomy":"category","embeddable":true,"href":"https:\/\/eldigitaldeasturias.com\/magazine365\/wp-json\/wp\/v2\/categories?post=80438"},{"taxonomy":"post_tag","embeddable":true,"href":"https:\/\/eldigitaldeasturias.com\/magazine365\/wp-json\/wp\/v2\/tags?post=80438"}],"curies":[{"name":"wp","href":"https:\/\/api.w.org\/{rel}","templated":true}]}}