{"id":80435,"date":"2016-06-24T10:12:36","date_gmt":"2016-06-24T08:12:36","guid":{"rendered":"http:\/\/eldigitaldeasturias.com\/magazine365\/?p=80435"},"modified":"2016-06-24T10:12:36","modified_gmt":"2016-06-24T08:12:36","slug":"alcaldes-conocen-las-oportunidades-logisticas-que-el-puerto-de-sevilla-ofrece-a-empresarios-cordobeses","status":"publish","type":"post","link":"https:\/\/eldigitaldeasturias.com\/magazine365\/alcaldes-conocen-las-oportunidades-logisticas-que-el-puerto-de-sevilla-ofrece-a-empresarios-cordobeses\/","title":{"rendered":"Alcaldes conocen las oportunidades log\u00edsticas que el Puerto de Sevilla ofrece a empresarios cordobeses"},"content":{"rendered":"<p><img fetchpriority=\"high\" decoding=\"async\" class=\"alignleft size-medium wp-image-80436\" src=\"https:\/\/eldigitaldeasturias.com\/magazine365\/wp-content\/uploads\/2016\/06\/fotonoticia_20160622133854_800-360x203.jpg\" alt=\"fotonoticia_20160622133854_800\" width=\"360\" height=\"203\" srcset=\"https:\/\/eldigitaldeasturias.com\/magazine365\/wp-content\/uploads\/2016\/06\/fotonoticia_20160622133854_800-360x203.jpg 360w, https:\/\/eldigitaldeasturias.com\/magazine365\/wp-content\/uploads\/2016\/06\/fotonoticia_20160622133854_800-650x366.jpg 650w, https:\/\/eldigitaldeasturias.com\/magazine365\/wp-content\/uploads\/2016\/06\/fotonoticia_20160622133854_800-768x432.jpg 768w, https:\/\/eldigitaldeasturias.com\/magazine365\/wp-content\/uploads\/2016\/06\/fotonoticia_20160622133854_800-150x84.jpg 150w, https:\/\/eldigitaldeasturias.com\/magazine365\/wp-content\/uploads\/2016\/06\/fotonoticia_20160622133854_800-450x253.jpg 450w, https:\/\/eldigitaldeasturias.com\/magazine365\/wp-content\/uploads\/2016\/06\/fotonoticia_20160622133854_800-499x280.jpg 499w, https:\/\/eldigitaldeasturias.com\/magazine365\/wp-content\/uploads\/2016\/06\/fotonoticia_20160622133854_800-510x289.jpg 510w, https:\/\/eldigitaldeasturias.com\/magazine365\/wp-content\/uploads\/2016\/06\/fotonoticia_20160622133854_800.jpg 800w\" sizes=\"(max-width: 360px) 100vw, 360px\" \/>El presidente de la Diputaci\u00f3n de C\u00f3rdoba, Antonio Ruiz, y una representaci\u00f3n de municipios de la provincia, compuesta por ocho alcaldes, han mantenido un encuentro de trabajo en el Palacio de la Merced con el presidente de la Autoridad Portuaria de Sevilla, Manuel Gracia, con el fin de conocer las oportunidades log\u00edsticas que ofrece el puerto de la capital andaluza a las empresas de estos municipios.<\/p>\n<p>Tras el encuentro y en declaraciones a los periodistas, el presidente de la instituci\u00f3n provincial, Antonio Ruiz, ha indicado que esta reuni\u00f3n informativa se ha celebrado con el objetivo conjunto de la Diputaci\u00f3n y la Autoridad Portuaria de Sevilla de \u00abfomentar y favorecer la actividad industrial en la provincia de C\u00f3rdoba\u00bb, algo que es \u00abestrat\u00e9gicamente important\u00edsimo\u00bb.<\/p>\n<p>En este sentido, Ruiz ha se\u00f1alado que \u00abestamos en una situaci\u00f3n bastante mejorable\u00bb por tanto, \u00abdesde el compromiso por C\u00f3rdoba, estamos trabajando con los agentes sociales, los principales sindicatos y con la Confederaci\u00f3n de Empresarios de C\u00f3rdoba (CECO) para fomentar esa actividad empresarial e industrial\u00bb.<\/p>\n<p>El m\u00e1ximo representante de la Diputaci\u00f3n ha manifestado que \u00abcontar con una log\u00edstica adecuada, y que favorezca dicha actividad industrial, es absolutamente imprescindible\u00bb por lo que \u00abtenemos que utilizar todas las posibilidades con las que contamos, y sin duda, la cercan\u00eda y todas las posibilidades que ofrece el Puerto de Sevilla para C\u00f3rdoba es fundamental\u00bb.<\/p>\n<p>Antonio Ruiz ha afirmado que con este encuentro \u00abestamos ofreciendo a toda la industria de C\u00f3rdoba las posibilidades de desarrollo, de comercio exterior y log\u00edstica que tiene el Puerto de Sevilla\u00bb, y ha hecho hincapi\u00e9 en que la finalidad es \u00abhacer m\u00e1s fuerte nuestro tejido industrial y generar empleo y desarrollo econ\u00f3mico\u00bb.<\/p>\n<p>Por su parte, el presidente de la Autoridad Portuaria de Sevilla, Manuel Gracia, ha manifestado que \u00abel Puerto de Sevilla es el puerto natural de C\u00f3rdoba, somos un puerto mar\u00edtimo de interior que ofrece en un entorno de pocos metros el transporte mar\u00edtimo y ferroviario, el almacenamiento en una zona de actividades log\u00edsticas que es la segunda mayor de Espa\u00f1a, despu\u00e9s de Barcelona, y el transporte por carretera\u00bb.<\/p>\n<p>Todo ello \u00abest\u00e1 en un entorno inmediato y representa oportunidades de mejora del coste log\u00edstico, que puede alcanzar una media del 20 por ciento del coste final de un producto\u00bb, ha indicado Gracia, quien ha detallado la producci\u00f3n de C\u00f3rdoba en el puerto de hispalense representa \u00abno mucho m\u00e1s del diez por ciento de nuestra actividad\u00bb.<\/p>\n<p>EFICIENCIA Y COSTES<\/p>\n<p>\u00abSer m\u00e1s eficientes y abaratar costes en la log\u00edstica, que es lo que nosotros podemos ofrecer, es fundamental y para ello queremos tener encuentros como el del d\u00eda de hoy que esperemos den lugar a encuentros m\u00e1s sectoriales\u00bb, ha indicado el presidente de la Autoridad Portuaria de Sevilla.<\/p>\n<p>Gracia ha manifeestado que \u00abnuestro objetivo es fomentar y favorecer la actividad econ\u00f3mica en nuestro entorno y esto significa prestar los servicios log\u00edsticos m\u00e1s baratos y eficientes posible y con garant\u00edas para el distribuidor, para el consumidor y el productor; y en ese reto estoy presentando lo que ofrece el Puerto al empresariado cordob\u00e9s con esp\u00edritu de colaboraci\u00f3n y escucha de sus demandas\u00bb.<\/p>\n<p>Seg\u00fan Gracia, el Puerto de Sevilla es puerta de enlace con Canarias y con los tr\u00e1ficos que se abren desde all\u00ed, con el norte de Europa y el \u00c1frica occidental, un mercado emergente. Finalmente, ha subrayado la necesidad de \u00abllegar a la micro-acci\u00f3n, hay que sentarse con los productores concretos para ver qu\u00e9 posibilidades y problemas tienen con el transporte de su mercanc\u00eda y qu\u00e9 podemos nosotros ofrecer en este terreno y c\u00f3mo podemos resolver sus problemas\u00bb.<\/p>\n<p>Durante el encuentro han participado el alcalde de La Carlota, Antonio Granados; el de Aguilar de la Frontera, Francisco Juan Mart\u00edn; el de Lucena, Juan P\u00e9rez; la regidora de Villanueva de C\u00f3rdoba, Dolores S\u00e1nchez; el alcalde de Montilla, Rafael Llamas; el de Palma del R\u00edo, Jos\u00e9 Antonio Ruiz Almenara; el de Baena, Jes\u00fas Rojano; y, por \u00faltimo, el alcalde de Rute y presidente de la instituci\u00f3n provincial, Antonio Ruiz.<\/p>\n<p>Tras este encuentro institucional en el Palacio de la Merced la Autoridad Portuaria de Sevilla mantiene otro en la C\u00e1mara de Comercio con empresarios de la provincia y con representantes de la propia C\u00e1mara de Comercio y de CECO.<\/p>\n","protected":false},"excerpt":{"rendered":"<p>El presidente de la Diputaci\u00f3n de C\u00f3rdoba, Antonio Ruiz, y una representaci\u00f3n de municipios de la provincia, compuesta por ocho alcaldes, han mantenido un encuentro de trabajo en el Palacio de la Merced con el presidente de la Autoridad Portuaria de Sevilla, Manuel Gracia, con el fin de conocer las oportunidades log\u00edsticas que ofrece el<\/p>\n","protected":false},"author":1,"featured_media":80436,"comment_status":"open","ping_status":"closed","sticky":false,"template":"","format":"standard","meta":{"footnotes":""},"categories":[224],"tags":[],"class_list":{"0":"post-80435","1":"post","2":"type-post","3":"status-publish","4":"format-standard","5":"has-post-thumbnail","7":"category-noticias-actualidad"},"aioseo_notices":[],"aioseo_head":"\n\t\t<!-- All in One SEO Pro 4.9.6.1 - aioseo.com -->\n\t<meta name=\"description\" content=\"El presidente de la Diputaci\u00f3n de C\u00f3rdoba, Antonio Ruiz, y una representaci\u00f3n de municipios de la provincia, compuesta por ocho alcaldes, han mantenido un encuentro de trabajo en el Palacio de la Merced con el presidente de la Autoridad Portuaria de Sevilla, Manuel Gracia, con el fin de conocer las oportunidades log\u00edsticas que ofrece el\" \/>\n\t<meta name=\"robots\" content=\"max-image-preview:large\" \/>\n\t<meta name=\"author\" content=\"admin\"\/>\n\t<meta name=\"google-site-verification\" content=\"UA-38556648-1\" \/>\n\t<meta name=\"keywords\" content=\"noticias y actualidad\" \/>\n\t<link rel=\"canonical\" href=\"https:\/\/eldigitaldeasturias.com\/magazine365\/alcaldes-conocen-las-oportunidades-logisticas-que-el-puerto-de-sevilla-ofrece-a-empresarios-cordobeses\/\" \/>\n\t<meta name=\"generator\" content=\"All in One SEO Pro (AIOSEO) 4.9.6.1\" \/>\n\t\t<meta property=\"og:locale\" content=\"es_ES\" \/>\n\t\t<meta property=\"og:site_name\" content=\"El Digital de Asturias \u2013 Revista de ocio, turismo y estilo de vida\" \/>\n\t\t<meta property=\"og:type\" content=\"article\" \/>\n\t\t<meta property=\"og:title\" content=\"Alcaldes conocen las oportunidades log\u00edsticas que el Puerto de Sevilla ofrece a empresarios cordobeses | El Digital de Asturias\" \/>\n\t\t<meta property=\"og:description\" content=\"El presidente de la Diputaci\u00f3n de C\u00f3rdoba, Antonio Ruiz, y una representaci\u00f3n de municipios de la provincia, compuesta por ocho alcaldes, han mantenido un encuentro de trabajo en el Palacio de la Merced con el presidente de la Autoridad Portuaria de Sevilla, Manuel Gracia, con el fin de conocer las oportunidades log\u00edsticas que ofrece el\" \/>\n\t\t<meta property=\"og:url\" content=\"https:\/\/eldigitaldeasturias.com\/magazine365\/alcaldes-conocen-las-oportunidades-logisticas-que-el-puerto-de-sevilla-ofrece-a-empresarios-cordobeses\/\" \/>\n\t\t<meta property=\"og:image\" content=\"https:\/\/eldigitaldeasturias.com\/magazine365\/wp-content\/uploads\/2016\/06\/fotonoticia_20160622133854_800.jpg\" \/>\n\t\t<meta property=\"og:image:secure_url\" content=\"https:\/\/eldigitaldeasturias.com\/magazine365\/wp-content\/uploads\/2016\/06\/fotonoticia_20160622133854_800.jpg\" \/>\n\t\t<meta property=\"og:image:width\" content=\"800\" \/>\n\t\t<meta property=\"og:image:height\" content=\"450\" \/>\n\t\t<meta property=\"article:published_time\" content=\"2016-06-24T08:12:36+00:00\" \/>\n\t\t<meta property=\"article:modified_time\" content=\"2016-06-24T08:12:36+00:00\" \/>\n\t\t<meta name=\"twitter:card\" content=\"summary_large_image\" \/>\n\t\t<meta name=\"twitter:title\" content=\"Alcaldes conocen las oportunidades log\u00edsticas que el Puerto de Sevilla ofrece a empresarios cordobeses | El Digital de Asturias\" \/>\n\t\t<meta name=\"twitter:description\" content=\"El presidente de la Diputaci\u00f3n de C\u00f3rdoba, Antonio Ruiz, y una representaci\u00f3n de municipios de la provincia, compuesta por ocho alcaldes, han mantenido un encuentro de trabajo en el Palacio de la Merced con el presidente de la Autoridad Portuaria de Sevilla, Manuel Gracia, con el fin de conocer las oportunidades log\u00edsticas que ofrece el\" \/>\n\t\t<meta name=\"twitter:image\" content=\"https:\/\/eldigitaldeasturias.com\/magazine365\/wp-content\/uploads\/2016\/06\/fotonoticia_20160622133854_800.jpg\" \/>\n\t\t<script type=\"application\/ld+json\" class=\"aioseo-schema\">\n\t\t\t{\"@context\":\"https:\\\/\\\/schema.org\",\"@graph\":[{\"@type\":\"Article\",\"@id\":\"https:\\\/\\\/eldigitaldeasturias.com\\\/magazine365\\\/alcaldes-conocen-las-oportunidades-logisticas-que-el-puerto-de-sevilla-ofrece-a-empresarios-cordobeses\\\/#article\",\"name\":\"Alcaldes conocen las oportunidades log\\u00edsticas que el Puerto de Sevilla ofrece a empresarios cordobeses | El Digital de Asturias\",\"headline\":\"Alcaldes conocen las oportunidades log\\u00edsticas que el Puerto de Sevilla ofrece a empresarios cordobeses\",\"author\":{\"@id\":\"https:\\\/\\\/eldigitaldeasturias.com\\\/magazine365\\\/author\\\/admin\\\/#author\"},\"publisher\":{\"@id\":\"https:\\\/\\\/eldigitaldeasturias.com\\\/magazine365\\\/#organization\"},\"image\":{\"@type\":\"ImageObject\",\"url\":\"https:\\\/\\\/eldigitaldeasturias.com\\\/magazine365\\\/wp-content\\\/uploads\\\/2016\\\/06\\\/fotonoticia_20160622133854_800.jpg\",\"width\":800,\"height\":450},\"datePublished\":\"2016-06-24T10:12:36+02:00\",\"dateModified\":\"2016-06-24T10:12:36+02:00\",\"inLanguage\":\"es-ES\",\"mainEntityOfPage\":{\"@id\":\"https:\\\/\\\/eldigitaldeasturias.com\\\/magazine365\\\/alcaldes-conocen-las-oportunidades-logisticas-que-el-puerto-de-sevilla-ofrece-a-empresarios-cordobeses\\\/#webpage\"},\"isPartOf\":{\"@id\":\"https:\\\/\\\/eldigitaldeasturias.com\\\/magazine365\\\/alcaldes-conocen-las-oportunidades-logisticas-que-el-puerto-de-sevilla-ofrece-a-empresarios-cordobeses\\\/#webpage\"},\"articleSection\":\"Noticias y Actualidad\"},{\"@type\":\"BreadcrumbList\",\"@id\":\"https:\\\/\\\/eldigitaldeasturias.com\\\/magazine365\\\/alcaldes-conocen-las-oportunidades-logisticas-que-el-puerto-de-sevilla-ofrece-a-empresarios-cordobeses\\\/#breadcrumblist\",\"itemListElement\":[{\"@type\":\"ListItem\",\"@id\":\"https:\\\/\\\/eldigitaldeasturias.com\\\/magazine365#listItem\",\"position\":1,\"name\":\"Home\",\"item\":\"https:\\\/\\\/eldigitaldeasturias.com\\\/magazine365\",\"nextItem\":{\"@type\":\"ListItem\",\"@id\":\"https:\\\/\\\/eldigitaldeasturias.com\\\/magazine365\\\/category\\\/noticias-actualidad\\\/#listItem\",\"name\":\"Noticias y Actualidad\"}},{\"@type\":\"ListItem\",\"@id\":\"https:\\\/\\\/eldigitaldeasturias.com\\\/magazine365\\\/category\\\/noticias-actualidad\\\/#listItem\",\"position\":2,\"name\":\"Noticias y Actualidad\",\"item\":\"https:\\\/\\\/eldigitaldeasturias.com\\\/magazine365\\\/category\\\/noticias-actualidad\\\/\",\"nextItem\":{\"@type\":\"ListItem\",\"@id\":\"https:\\\/\\\/eldigitaldeasturias.com\\\/magazine365\\\/alcaldes-conocen-las-oportunidades-logisticas-que-el-puerto-de-sevilla-ofrece-a-empresarios-cordobeses\\\/#listItem\",\"name\":\"Alcaldes conocen las oportunidades log\\u00edsticas que el Puerto de Sevilla ofrece a empresarios cordobeses\"},\"previousItem\":{\"@type\":\"ListItem\",\"@id\":\"https:\\\/\\\/eldigitaldeasturias.com\\\/magazine365#listItem\",\"name\":\"Home\"}},{\"@type\":\"ListItem\",\"@id\":\"https:\\\/\\\/eldigitaldeasturias.com\\\/magazine365\\\/alcaldes-conocen-las-oportunidades-logisticas-que-el-puerto-de-sevilla-ofrece-a-empresarios-cordobeses\\\/#listItem\",\"position\":3,\"name\":\"Alcaldes conocen las oportunidades log\\u00edsticas que el Puerto de Sevilla ofrece a empresarios cordobeses\",\"previousItem\":{\"@type\":\"ListItem\",\"@id\":\"https:\\\/\\\/eldigitaldeasturias.com\\\/magazine365\\\/category\\\/noticias-actualidad\\\/#listItem\",\"name\":\"Noticias y Actualidad\"}}]},{\"@type\":\"Organization\",\"@id\":\"https:\\\/\\\/eldigitaldeasturias.com\\\/magazine365\\\/#organization\",\"name\":\"El digital de Asturias\",\"description\":\"Revista de ocio, turismo y estilo de vida\",\"url\":\"https:\\\/\\\/eldigitaldeasturias.com\\\/magazine365\\\/\",\"logo\":{\"@type\":\"ImageObject\",\"url\":\"https:\\\/\\\/www.eldigitaldeasturias.com\\\/noticias\\\/wp-content\\\/uploads\\\/2020\\\/12\\\/EDA.jpg\",\"@id\":\"https:\\\/\\\/eldigitaldeasturias.com\\\/magazine365\\\/alcaldes-conocen-las-oportunidades-logisticas-que-el-puerto-de-sevilla-ofrece-a-empresarios-cordobeses\\\/#organizationLogo\"},\"image\":{\"@id\":\"https:\\\/\\\/eldigitaldeasturias.com\\\/magazine365\\\/alcaldes-conocen-las-oportunidades-logisticas-que-el-puerto-de-sevilla-ofrece-a-empresarios-cordobeses\\\/#organizationLogo\"}},{\"@type\":\"Person\",\"@id\":\"https:\\\/\\\/eldigitaldeasturias.com\\\/magazine365\\\/author\\\/admin\\\/#author\",\"url\":\"https:\\\/\\\/eldigitaldeasturias.com\\\/magazine365\\\/author\\\/admin\\\/\",\"name\":\"admin\",\"image\":{\"@type\":\"ImageObject\",\"@id\":\"https:\\\/\\\/eldigitaldeasturias.com\\\/magazine365\\\/alcaldes-conocen-las-oportunidades-logisticas-que-el-puerto-de-sevilla-ofrece-a-empresarios-cordobeses\\\/#authorImage\",\"url\":\"https:\\\/\\\/eldigitaldeasturias.com\\\/magazine365\\\/wp-content\\\/litespeed\\\/avatar\\\/e571bcf59a0edd6fa6838245a470f2fe.jpg?ver=1776969259\",\"width\":96,\"height\":96,\"caption\":\"admin\"}},{\"@type\":\"WebPage\",\"@id\":\"https:\\\/\\\/eldigitaldeasturias.com\\\/magazine365\\\/alcaldes-conocen-las-oportunidades-logisticas-que-el-puerto-de-sevilla-ofrece-a-empresarios-cordobeses\\\/#webpage\",\"url\":\"https:\\\/\\\/eldigitaldeasturias.com\\\/magazine365\\\/alcaldes-conocen-las-oportunidades-logisticas-que-el-puerto-de-sevilla-ofrece-a-empresarios-cordobeses\\\/\",\"name\":\"Alcaldes conocen las oportunidades log\\u00edsticas que el Puerto de Sevilla ofrece a empresarios cordobeses | El Digital de Asturias\",\"description\":\"El presidente de la Diputaci\\u00f3n de C\\u00f3rdoba, Antonio Ruiz, y una representaci\\u00f3n de municipios de la provincia, compuesta por ocho alcaldes, han mantenido un encuentro de trabajo en el Palacio de la Merced con el presidente de la Autoridad Portuaria de Sevilla, Manuel Gracia, con el fin de conocer las oportunidades log\\u00edsticas que ofrece el\",\"inLanguage\":\"es-ES\",\"isPartOf\":{\"@id\":\"https:\\\/\\\/eldigitaldeasturias.com\\\/magazine365\\\/#website\"},\"breadcrumb\":{\"@id\":\"https:\\\/\\\/eldigitaldeasturias.com\\\/magazine365\\\/alcaldes-conocen-las-oportunidades-logisticas-que-el-puerto-de-sevilla-ofrece-a-empresarios-cordobeses\\\/#breadcrumblist\"},\"author\":{\"@id\":\"https:\\\/\\\/eldigitaldeasturias.com\\\/magazine365\\\/author\\\/admin\\\/#author\"},\"creator\":{\"@id\":\"https:\\\/\\\/eldigitaldeasturias.com\\\/magazine365\\\/author\\\/admin\\\/#author\"},\"image\":{\"@type\":\"ImageObject\",\"url\":\"https:\\\/\\\/eldigitaldeasturias.com\\\/magazine365\\\/wp-content\\\/uploads\\\/2016\\\/06\\\/fotonoticia_20160622133854_800.jpg\",\"@id\":\"https:\\\/\\\/eldigitaldeasturias.com\\\/magazine365\\\/alcaldes-conocen-las-oportunidades-logisticas-que-el-puerto-de-sevilla-ofrece-a-empresarios-cordobeses\\\/#mainImage\",\"width\":800,\"height\":450},\"primaryImageOfPage\":{\"@id\":\"https:\\\/\\\/eldigitaldeasturias.com\\\/magazine365\\\/alcaldes-conocen-las-oportunidades-logisticas-que-el-puerto-de-sevilla-ofrece-a-empresarios-cordobeses\\\/#mainImage\"},\"datePublished\":\"2016-06-24T10:12:36+02:00\",\"dateModified\":\"2016-06-24T10:12:36+02:00\"},{\"@type\":\"WebSite\",\"@id\":\"https:\\\/\\\/eldigitaldeasturias.com\\\/magazine365\\\/#website\",\"url\":\"https:\\\/\\\/eldigitaldeasturias.com\\\/magazine365\\\/\",\"name\":\"El Digital de Asturias\",\"description\":\"Revista de ocio, turismo y estilo de vida\",\"inLanguage\":\"es-ES\",\"publisher\":{\"@id\":\"https:\\\/\\\/eldigitaldeasturias.com\\\/magazine365\\\/#organization\"}}]}\n\t\t<\/script>\n\t\t<!-- All in One SEO Pro -->\r\n\t\t<title>Alcaldes conocen las oportunidades log\u00edsticas que el Puerto de Sevilla ofrece a empresarios cordobeses | El Digital de Asturias<\/title>\n\n","aioseo_head_json":{"title":"Alcaldes conocen las oportunidades log\u00edsticas que el Puerto de Sevilla ofrece a empresarios cordobeses | El Digital de Asturias","description":"El presidente de la Diputaci\u00f3n de C\u00f3rdoba, Antonio Ruiz, y una representaci\u00f3n de municipios de la provincia, compuesta por ocho alcaldes, han mantenido un encuentro de trabajo en el Palacio de la Merced con el presidente de la Autoridad Portuaria de Sevilla, Manuel Gracia, con el fin de conocer las oportunidades log\u00edsticas que ofrece el","canonical_url":"https:\/\/eldigitaldeasturias.com\/magazine365\/alcaldes-conocen-las-oportunidades-logisticas-que-el-puerto-de-sevilla-ofrece-a-empresarios-cordobeses\/","robots":"max-image-preview:large","keywords":"noticias y actualidad","webmasterTools":{"google-site-verification":"UA-38556648-1","miscellaneous":""},"schema":{"@context":"https:\/\/schema.org","@graph":[{"@type":"Article","@id":"https:\/\/eldigitaldeasturias.com\/magazine365\/alcaldes-conocen-las-oportunidades-logisticas-que-el-puerto-de-sevilla-ofrece-a-empresarios-cordobeses\/#article","name":"Alcaldes conocen las oportunidades log\u00edsticas que el Puerto de Sevilla ofrece a empresarios cordobeses | El Digital de Asturias","headline":"Alcaldes conocen las oportunidades log\u00edsticas que el Puerto de Sevilla ofrece a empresarios cordobeses","author":{"@id":"https:\/\/eldigitaldeasturias.com\/magazine365\/author\/admin\/#author"},"publisher":{"@id":"https:\/\/eldigitaldeasturias.com\/magazine365\/#organization"},"image":{"@type":"ImageObject","url":"https:\/\/eldigitaldeasturias.com\/magazine365\/wp-content\/uploads\/2016\/06\/fotonoticia_20160622133854_800.jpg","width":800,"height":450},"datePublished":"2016-06-24T10:12:36+02:00","dateModified":"2016-06-24T10:12:36+02:00","inLanguage":"es-ES","mainEntityOfPage":{"@id":"https:\/\/eldigitaldeasturias.com\/magazine365\/alcaldes-conocen-las-oportunidades-logisticas-que-el-puerto-de-sevilla-ofrece-a-empresarios-cordobeses\/#webpage"},"isPartOf":{"@id":"https:\/\/eldigitaldeasturias.com\/magazine365\/alcaldes-conocen-las-oportunidades-logisticas-que-el-puerto-de-sevilla-ofrece-a-empresarios-cordobeses\/#webpage"},"articleSection":"Noticias y Actualidad"},{"@type":"BreadcrumbList","@id":"https:\/\/eldigitaldeasturias.com\/magazine365\/alcaldes-conocen-las-oportunidades-logisticas-que-el-puerto-de-sevilla-ofrece-a-empresarios-cordobeses\/#breadcrumblist","itemListElement":[{"@type":"ListItem","@id":"https:\/\/eldigitaldeasturias.com\/magazine365#listItem","position":1,"name":"Home","item":"https:\/\/eldigitaldeasturias.com\/magazine365","nextItem":{"@type":"ListItem","@id":"https:\/\/eldigitaldeasturias.com\/magazine365\/category\/noticias-actualidad\/#listItem","name":"Noticias y Actualidad"}},{"@type":"ListItem","@id":"https:\/\/eldigitaldeasturias.com\/magazine365\/category\/noticias-actualidad\/#listItem","position":2,"name":"Noticias y Actualidad","item":"https:\/\/eldigitaldeasturias.com\/magazine365\/category\/noticias-actualidad\/","nextItem":{"@type":"ListItem","@id":"https:\/\/eldigitaldeasturias.com\/magazine365\/alcaldes-conocen-las-oportunidades-logisticas-que-el-puerto-de-sevilla-ofrece-a-empresarios-cordobeses\/#listItem","name":"Alcaldes conocen las oportunidades log\u00edsticas que el Puerto de Sevilla ofrece a empresarios cordobeses"},"previousItem":{"@type":"ListItem","@id":"https:\/\/eldigitaldeasturias.com\/magazine365#listItem","name":"Home"}},{"@type":"ListItem","@id":"https:\/\/eldigitaldeasturias.com\/magazine365\/alcaldes-conocen-las-oportunidades-logisticas-que-el-puerto-de-sevilla-ofrece-a-empresarios-cordobeses\/#listItem","position":3,"name":"Alcaldes conocen las oportunidades log\u00edsticas que el Puerto de Sevilla ofrece a empresarios cordobeses","previousItem":{"@type":"ListItem","@id":"https:\/\/eldigitaldeasturias.com\/magazine365\/category\/noticias-actualidad\/#listItem","name":"Noticias y Actualidad"}}]},{"@type":"Organization","@id":"https:\/\/eldigitaldeasturias.com\/magazine365\/#organization","name":"El digital de Asturias","description":"Revista de ocio, turismo y estilo de vida","url":"https:\/\/eldigitaldeasturias.com\/magazine365\/","logo":{"@type":"ImageObject","url":"https:\/\/www.eldigitaldeasturias.com\/noticias\/wp-content\/uploads\/2020\/12\/EDA.jpg","@id":"https:\/\/eldigitaldeasturias.com\/magazine365\/alcaldes-conocen-las-oportunidades-logisticas-que-el-puerto-de-sevilla-ofrece-a-empresarios-cordobeses\/#organizationLogo"},"image":{"@id":"https:\/\/eldigitaldeasturias.com\/magazine365\/alcaldes-conocen-las-oportunidades-logisticas-que-el-puerto-de-sevilla-ofrece-a-empresarios-cordobeses\/#organizationLogo"}},{"@type":"Person","@id":"https:\/\/eldigitaldeasturias.com\/magazine365\/author\/admin\/#author","url":"https:\/\/eldigitaldeasturias.com\/magazine365\/author\/admin\/","name":"admin","image":{"@type":"ImageObject","@id":"https:\/\/eldigitaldeasturias.com\/magazine365\/alcaldes-conocen-las-oportunidades-logisticas-que-el-puerto-de-sevilla-ofrece-a-empresarios-cordobeses\/#authorImage","url":"https:\/\/eldigitaldeasturias.com\/magazine365\/wp-content\/litespeed\/avatar\/e571bcf59a0edd6fa6838245a470f2fe.jpg?ver=1776969259","width":96,"height":96,"caption":"admin"}},{"@type":"WebPage","@id":"https:\/\/eldigitaldeasturias.com\/magazine365\/alcaldes-conocen-las-oportunidades-logisticas-que-el-puerto-de-sevilla-ofrece-a-empresarios-cordobeses\/#webpage","url":"https:\/\/eldigitaldeasturias.com\/magazine365\/alcaldes-conocen-las-oportunidades-logisticas-que-el-puerto-de-sevilla-ofrece-a-empresarios-cordobeses\/","name":"Alcaldes conocen las oportunidades log\u00edsticas que el Puerto de Sevilla ofrece a empresarios cordobeses | El Digital de Asturias","description":"El presidente de la Diputaci\u00f3n de C\u00f3rdoba, Antonio Ruiz, y una representaci\u00f3n de municipios de la provincia, compuesta por ocho alcaldes, han mantenido un encuentro de trabajo en el Palacio de la Merced con el presidente de la Autoridad Portuaria de Sevilla, Manuel Gracia, con el fin de conocer las oportunidades log\u00edsticas que ofrece el","inLanguage":"es-ES","isPartOf":{"@id":"https:\/\/eldigitaldeasturias.com\/magazine365\/#website"},"breadcrumb":{"@id":"https:\/\/eldigitaldeasturias.com\/magazine365\/alcaldes-conocen-las-oportunidades-logisticas-que-el-puerto-de-sevilla-ofrece-a-empresarios-cordobeses\/#breadcrumblist"},"author":{"@id":"https:\/\/eldigitaldeasturias.com\/magazine365\/author\/admin\/#author"},"creator":{"@id":"https:\/\/eldigitaldeasturias.com\/magazine365\/author\/admin\/#author"},"image":{"@type":"ImageObject","url":"https:\/\/eldigitaldeasturias.com\/magazine365\/wp-content\/uploads\/2016\/06\/fotonoticia_20160622133854_800.jpg","@id":"https:\/\/eldigitaldeasturias.com\/magazine365\/alcaldes-conocen-las-oportunidades-logisticas-que-el-puerto-de-sevilla-ofrece-a-empresarios-cordobeses\/#mainImage","width":800,"height":450},"primaryImageOfPage":{"@id":"https:\/\/eldigitaldeasturias.com\/magazine365\/alcaldes-conocen-las-oportunidades-logisticas-que-el-puerto-de-sevilla-ofrece-a-empresarios-cordobeses\/#mainImage"},"datePublished":"2016-06-24T10:12:36+02:00","dateModified":"2016-06-24T10:12:36+02:00"},{"@type":"WebSite","@id":"https:\/\/eldigitaldeasturias.com\/magazine365\/#website","url":"https:\/\/eldigitaldeasturias.com\/magazine365\/","name":"El Digital de Asturias","description":"Revista de ocio, turismo y estilo de vida","inLanguage":"es-ES","publisher":{"@id":"https:\/\/eldigitaldeasturias.com\/magazine365\/#organization"}}]},"og:locale":"es_ES","og:site_name":"El Digital de Asturias \u2013 Revista de ocio, turismo y estilo de vida","og:type":"article","og:title":"Alcaldes conocen las oportunidades log\u00edsticas que el Puerto de Sevilla ofrece a empresarios cordobeses | El Digital de Asturias","og:description":"El presidente de la Diputaci\u00f3n de C\u00f3rdoba, Antonio Ruiz, y una representaci\u00f3n de municipios de la provincia, compuesta por ocho alcaldes, han mantenido un encuentro de trabajo en el Palacio de la Merced con el presidente de la Autoridad Portuaria de Sevilla, Manuel Gracia, con el fin de conocer las oportunidades log\u00edsticas que ofrece el","og:url":"https:\/\/eldigitaldeasturias.com\/magazine365\/alcaldes-conocen-las-oportunidades-logisticas-que-el-puerto-de-sevilla-ofrece-a-empresarios-cordobeses\/","og:image":"https:\/\/eldigitaldeasturias.com\/magazine365\/wp-content\/uploads\/2016\/06\/fotonoticia_20160622133854_800.jpg","og:image:secure_url":"https:\/\/eldigitaldeasturias.com\/magazine365\/wp-content\/uploads\/2016\/06\/fotonoticia_20160622133854_800.jpg","og:image:width":800,"og:image:height":450,"article:published_time":"2016-06-24T08:12:36+00:00","article:modified_time":"2016-06-24T08:12:36+00:00","twitter:card":"summary_large_image","twitter:title":"Alcaldes conocen las oportunidades log\u00edsticas que el Puerto de Sevilla ofrece a empresarios cordobeses | El Digital de Asturias","twitter:description":"El presidente de la Diputaci\u00f3n de C\u00f3rdoba, Antonio Ruiz, y una representaci\u00f3n de municipios de la provincia, compuesta por ocho alcaldes, han mantenido un encuentro de trabajo en el Palacio de la Merced con el presidente de la Autoridad Portuaria de Sevilla, Manuel Gracia, con el fin de conocer las oportunidades log\u00edsticas que ofrece el","twitter:image":"https:\/\/eldigitaldeasturias.com\/magazine365\/wp-content\/uploads\/2016\/06\/fotonoticia_20160622133854_800.jpg"},"aioseo_meta_data":{"post_id":"80435","title":null,"description":null,"keywords":null,"keyphrases":null,"primary_term":null,"canonical_url":null,"og_title":null,"og_description":null,"og_object_type":"default","og_image_type":"default","og_image_url":null,"og_image_width":null,"og_image_height":null,"og_image_custom_url":null,"og_image_custom_fields":null,"og_video":null,"og_custom_url":null,"og_article_section":null,"og_article_tags":null,"twitter_use_og":false,"twitter_card":"default","twitter_image_type":"default","twitter_image_url":null,"twitter_image_custom_url":null,"twitter_image_custom_fields":null,"twitter_title":null,"twitter_description":null,"schema":{"blockGraphs":[],"customGraphs":[],"default":{"data":{"Article":[],"Course":[],"Dataset":[],"FAQPage":[],"Movie":[],"Person":[],"Product":[],"ProductReview":[],"Car":[],"Recipe":[],"Service":[],"SoftwareApplication":[],"WebPage":[]},"graphName":"","isEnabled":true},"graphs":[],"defaultGraph":"","defaultPostTypeGraph":""},"schema_type":null,"schema_type_options":null,"pillar_content":false,"robots_default":true,"robots_noindex":false,"robots_noarchive":false,"robots_nosnippet":false,"robots_nofollow":false,"robots_noimageindex":false,"robots_noodp":false,"robots_notranslate":false,"robots_max_snippet":null,"robots_max_videopreview":null,"robots_max_imagepreview":"large","priority":null,"frequency":null,"location":null,"local_seo":null,"seo_analyzer_scan_date":"2025-09-27 20:50:03","breadcrumb_settings":null,"limit_modified_date":false,"open_ai":null,"ai":null,"created":"2021-03-08 17:33:08","updated":"2025-09-27 20:50:03"},"aioseo_breadcrumb":"<div class=\"aioseo-breadcrumbs\"><span class=\"aioseo-breadcrumb\">\n\t<a href=\"https:\/\/eldigitaldeasturias.com\/magazine365\" title=\"Home\">Home<\/a>\n<\/span><span class=\"aioseo-breadcrumb-separator\">\u2013<\/span><span class=\"aioseo-breadcrumb\">\n\t<a href=\"https:\/\/eldigitaldeasturias.com\/magazine365\/category\/noticias-actualidad\/\" title=\"Noticias y Actualidad\">Noticias y Actualidad<\/a>\n<\/span><span class=\"aioseo-breadcrumb-separator\">\u2013<\/span><span class=\"aioseo-breadcrumb\">\n\t<a href=\"https:\/\/eldigitaldeasturias.com\/magazine365\/alcaldes-conocen-las-oportunidades-logisticas-que-el-puerto-de-sevilla-ofrece-a-empresarios-cordobeses\/\" title=\"Alcaldes conocen las oportunidades log\u00edsticas que el Puerto de Sevilla ofrece a empresarios cordobeses\">Alcaldes conocen las oportunidades log\u00edsticas que el Puerto de Sevilla ofrece a empresarios cordobeses<\/a>\n<\/span><\/div>","aioseo_breadcrumb_json":[{"label":"Home","link":"https:\/\/eldigitaldeasturias.com\/magazine365"},{"label":"Noticias y Actualidad","link":"https:\/\/eldigitaldeasturias.com\/magazine365\/category\/noticias-actualidad\/"},{"label":"Alcaldes conocen las oportunidades log\u00edsticas que el Puerto de Sevilla ofrece a empresarios cordobeses","link":"https:\/\/eldigitaldeasturias.com\/magazine365\/alcaldes-conocen-las-oportunidades-logisticas-que-el-puerto-de-sevilla-ofrece-a-empresarios-cordobeses\/"}],"_links":{"self":[{"href":"https:\/\/eldigitaldeasturias.com\/magazine365\/wp-json\/wp\/v2\/posts\/80435","targetHints":{"allow":["GET"]}}],"collection":[{"href":"https:\/\/eldigitaldeasturias.com\/magazine365\/wp-json\/wp\/v2\/posts"}],"about":[{"href":"https:\/\/eldigitaldeasturias.com\/magazine365\/wp-json\/wp\/v2\/types\/post"}],"author":[{"embeddable":true,"href":"https:\/\/eldigitaldeasturias.com\/magazine365\/wp-json\/wp\/v2\/users\/1"}],"replies":[{"embeddable":true,"href":"https:\/\/eldigitaldeasturias.com\/magazine365\/wp-json\/wp\/v2\/comments?post=80435"}],"version-history":[{"count":0,"href":"https:\/\/eldigitaldeasturias.com\/magazine365\/wp-json\/wp\/v2\/posts\/80435\/revisions"}],"wp:featuredmedia":[{"embeddable":true,"href":"https:\/\/eldigitaldeasturias.com\/magazine365\/wp-json\/wp\/v2\/media\/80436"}],"wp:attachment":[{"href":"https:\/\/eldigitaldeasturias.com\/magazine365\/wp-json\/wp\/v2\/media?parent=80435"}],"wp:term":[{"taxonomy":"category","embeddable":true,"href":"https:\/\/eldigitaldeasturias.com\/magazine365\/wp-json\/wp\/v2\/categories?post=80435"},{"taxonomy":"post_tag","embeddable":true,"href":"https:\/\/eldigitaldeasturias.com\/magazine365\/wp-json\/wp\/v2\/tags?post=80435"}],"curies":[{"name":"wp","href":"https:\/\/api.w.org\/{rel}","templated":true}]}}