{"id":80413,"date":"2016-06-24T09:57:28","date_gmt":"2016-06-24T07:57:28","guid":{"rendered":"http:\/\/eldigitaldeasturias.com\/magazine365\/?p=80413"},"modified":"2016-06-24T09:57:28","modified_gmt":"2016-06-24T07:57:28","slug":"continua-la-busqueda-del-buceador-desaparecido-en-arenilla","status":"publish","type":"post","link":"https:\/\/eldigitaldeasturias.com\/magazine365\/continua-la-busqueda-del-buceador-desaparecido-en-arenilla\/","title":{"rendered":"Contin\u00faa la b\u00fasqueda del buceador desaparecido en Arenilla"},"content":{"rendered":"<p><img fetchpriority=\"high\" decoding=\"async\" class=\"alignleft size-medium wp-image-80414\" src=\"https:\/\/eldigitaldeasturias.com\/magazine365\/wp-content\/uploads\/2016\/06\/fotonoticia_20160622111348_800-360x203.jpg\" alt=\"fotonoticia_20160622111348_800\" width=\"360\" height=\"203\" srcset=\"https:\/\/eldigitaldeasturias.com\/magazine365\/wp-content\/uploads\/2016\/06\/fotonoticia_20160622111348_800-360x203.jpg 360w, https:\/\/eldigitaldeasturias.com\/magazine365\/wp-content\/uploads\/2016\/06\/fotonoticia_20160622111348_800-650x366.jpg 650w, https:\/\/eldigitaldeasturias.com\/magazine365\/wp-content\/uploads\/2016\/06\/fotonoticia_20160622111348_800-768x432.jpg 768w, https:\/\/eldigitaldeasturias.com\/magazine365\/wp-content\/uploads\/2016\/06\/fotonoticia_20160622111348_800-150x84.jpg 150w, https:\/\/eldigitaldeasturias.com\/magazine365\/wp-content\/uploads\/2016\/06\/fotonoticia_20160622111348_800-450x253.jpg 450w, https:\/\/eldigitaldeasturias.com\/magazine365\/wp-content\/uploads\/2016\/06\/fotonoticia_20160622111348_800-499x280.jpg 499w, https:\/\/eldigitaldeasturias.com\/magazine365\/wp-content\/uploads\/2016\/06\/fotonoticia_20160622111348_800-510x289.jpg 510w, https:\/\/eldigitaldeasturias.com\/magazine365\/wp-content\/uploads\/2016\/06\/fotonoticia_20160622111348_800.jpg 800w\" sizes=\"(max-width: 360px) 100vw, 360px\" \/>Efectivos de emergencias contin\u00faan este mi\u00e9rcoles 22 la b\u00fasqueda del hombre, de 37 a\u00f1os, desaparecido en la costa de la playa de Arenilla, en el municipio c\u00e1ntabro de Ribamont\u00e1n al Mar.<\/p>\n<p>As\u00ed lo ha informado el Servicio de Emergencias 112 del Gobierno de Cantabria, que ha precisado que durante la ma\u00f1ana participar\u00e1n en los trabajos de localizaci\u00f3n por aire el helic\u00f3ptero regional; por mar un remolcador de Salvamento Mar\u00edtimo, una embarcaci\u00f3n de Cruz Roja y una patrullera de la Guardia Civil; y por tierra efectivos de este \u00faltimo Cuerpo y voluntarios de Protecci\u00f3n Civil.<\/p>\n<p>Ya sobre las 13.00 horas, coincidiendo con la bajamar, se incorporar\u00e1n a las tareas de b\u00fasqueda buzos de Cruz Roja, y otra embarcaci\u00f3n y el helic\u00f3ptero de Salvamento Mar\u00edtimo.<\/p>\n","protected":false},"excerpt":{"rendered":"<p>Efectivos de emergencias contin\u00faan este mi\u00e9rcoles 22 la b\u00fasqueda del hombre, de 37 a\u00f1os, desaparecido en la costa de la playa de Arenilla, en el municipio c\u00e1ntabro de Ribamont\u00e1n al Mar. As\u00ed lo ha informado el Servicio de Emergencias 112 del Gobierno de Cantabria, que ha precisado que durante la ma\u00f1ana participar\u00e1n en los trabajos<\/p>\n","protected":false},"author":1,"featured_media":80414,"comment_status":"open","ping_status":"closed","sticky":false,"template":"","format":"standard","meta":{"footnotes":""},"categories":[224],"tags":[],"class_list":{"0":"post-80413","1":"post","2":"type-post","3":"status-publish","4":"format-standard","5":"has-post-thumbnail","7":"category-noticias-actualidad"},"aioseo_notices":[],"aioseo_head":"\n\t\t<!-- All in One SEO Pro 4.9.6.1 - aioseo.com -->\n\t<meta name=\"description\" content=\"Efectivos de emergencias contin\u00faan este mi\u00e9rcoles 22 la b\u00fasqueda del hombre, de 37 a\u00f1os, desaparecido en la costa de la playa de Arenilla, en el municipio c\u00e1ntabro de Ribamont\u00e1n al Mar. As\u00ed lo ha informado el Servicio de Emergencias 112 del Gobierno de Cantabria, que ha precisado que durante la ma\u00f1ana participar\u00e1n en los trabajos\" \/>\n\t<meta name=\"robots\" content=\"max-image-preview:large\" \/>\n\t<meta name=\"author\" content=\"admin\"\/>\n\t<meta name=\"google-site-verification\" content=\"UA-38556648-1\" \/>\n\t<meta name=\"keywords\" content=\"noticias y actualidad\" \/>\n\t<link rel=\"canonical\" href=\"https:\/\/eldigitaldeasturias.com\/magazine365\/continua-la-busqueda-del-buceador-desaparecido-en-arenilla\/\" \/>\n\t<meta name=\"generator\" content=\"All in One SEO Pro (AIOSEO) 4.9.6.1\" \/>\n\t\t<meta property=\"og:locale\" content=\"es_ES\" \/>\n\t\t<meta property=\"og:site_name\" content=\"El Digital de Asturias \u2013 Revista de ocio, turismo y estilo de vida\" \/>\n\t\t<meta property=\"og:type\" content=\"article\" \/>\n\t\t<meta property=\"og:title\" content=\"Contin\u00faa la b\u00fasqueda del buceador desaparecido en Arenilla | El Digital de Asturias\" \/>\n\t\t<meta property=\"og:description\" content=\"Efectivos de emergencias contin\u00faan este mi\u00e9rcoles 22 la b\u00fasqueda del hombre, de 37 a\u00f1os, desaparecido en la costa de la playa de Arenilla, en el municipio c\u00e1ntabro de Ribamont\u00e1n al Mar. As\u00ed lo ha informado el Servicio de Emergencias 112 del Gobierno de Cantabria, que ha precisado que durante la ma\u00f1ana participar\u00e1n en los trabajos\" \/>\n\t\t<meta property=\"og:url\" content=\"https:\/\/eldigitaldeasturias.com\/magazine365\/continua-la-busqueda-del-buceador-desaparecido-en-arenilla\/\" \/>\n\t\t<meta property=\"og:image\" content=\"https:\/\/eldigitaldeasturias.com\/magazine365\/wp-content\/uploads\/2016\/06\/fotonoticia_20160622111348_800.jpg\" \/>\n\t\t<meta property=\"og:image:secure_url\" content=\"https:\/\/eldigitaldeasturias.com\/magazine365\/wp-content\/uploads\/2016\/06\/fotonoticia_20160622111348_800.jpg\" \/>\n\t\t<meta property=\"og:image:width\" content=\"800\" \/>\n\t\t<meta property=\"og:image:height\" content=\"450\" \/>\n\t\t<meta property=\"article:published_time\" content=\"2016-06-24T07:57:28+00:00\" \/>\n\t\t<meta property=\"article:modified_time\" content=\"2016-06-24T07:57:28+00:00\" \/>\n\t\t<meta name=\"twitter:card\" content=\"summary_large_image\" \/>\n\t\t<meta name=\"twitter:title\" content=\"Contin\u00faa la b\u00fasqueda del buceador desaparecido en Arenilla | El Digital de Asturias\" \/>\n\t\t<meta name=\"twitter:description\" content=\"Efectivos de emergencias contin\u00faan este mi\u00e9rcoles 22 la b\u00fasqueda del hombre, de 37 a\u00f1os, desaparecido en la costa de la playa de Arenilla, en el municipio c\u00e1ntabro de Ribamont\u00e1n al Mar. As\u00ed lo ha informado el Servicio de Emergencias 112 del Gobierno de Cantabria, que ha precisado que durante la ma\u00f1ana participar\u00e1n en los trabajos\" \/>\n\t\t<meta name=\"twitter:image\" content=\"https:\/\/eldigitaldeasturias.com\/magazine365\/wp-content\/uploads\/2016\/06\/fotonoticia_20160622111348_800.jpg\" \/>\n\t\t<script type=\"application\/ld+json\" class=\"aioseo-schema\">\n\t\t\t{\"@context\":\"https:\\\/\\\/schema.org\",\"@graph\":[{\"@type\":\"Article\",\"@id\":\"https:\\\/\\\/eldigitaldeasturias.com\\\/magazine365\\\/continua-la-busqueda-del-buceador-desaparecido-en-arenilla\\\/#article\",\"name\":\"Contin\\u00faa la b\\u00fasqueda del buceador desaparecido en Arenilla | El Digital de Asturias\",\"headline\":\"Contin\\u00faa la b\\u00fasqueda del buceador desaparecido en Arenilla\",\"author\":{\"@id\":\"https:\\\/\\\/eldigitaldeasturias.com\\\/magazine365\\\/author\\\/admin\\\/#author\"},\"publisher\":{\"@id\":\"https:\\\/\\\/eldigitaldeasturias.com\\\/magazine365\\\/#organization\"},\"image\":{\"@type\":\"ImageObject\",\"url\":\"https:\\\/\\\/eldigitaldeasturias.com\\\/magazine365\\\/wp-content\\\/uploads\\\/2016\\\/06\\\/fotonoticia_20160622111348_800.jpg\",\"width\":800,\"height\":450},\"datePublished\":\"2016-06-24T09:57:28+02:00\",\"dateModified\":\"2016-06-24T09:57:28+02:00\",\"inLanguage\":\"es-ES\",\"mainEntityOfPage\":{\"@id\":\"https:\\\/\\\/eldigitaldeasturias.com\\\/magazine365\\\/continua-la-busqueda-del-buceador-desaparecido-en-arenilla\\\/#webpage\"},\"isPartOf\":{\"@id\":\"https:\\\/\\\/eldigitaldeasturias.com\\\/magazine365\\\/continua-la-busqueda-del-buceador-desaparecido-en-arenilla\\\/#webpage\"},\"articleSection\":\"Noticias y Actualidad\"},{\"@type\":\"BreadcrumbList\",\"@id\":\"https:\\\/\\\/eldigitaldeasturias.com\\\/magazine365\\\/continua-la-busqueda-del-buceador-desaparecido-en-arenilla\\\/#breadcrumblist\",\"itemListElement\":[{\"@type\":\"ListItem\",\"@id\":\"https:\\\/\\\/eldigitaldeasturias.com\\\/magazine365#listItem\",\"position\":1,\"name\":\"Home\",\"item\":\"https:\\\/\\\/eldigitaldeasturias.com\\\/magazine365\",\"nextItem\":{\"@type\":\"ListItem\",\"@id\":\"https:\\\/\\\/eldigitaldeasturias.com\\\/magazine365\\\/category\\\/noticias-actualidad\\\/#listItem\",\"name\":\"Noticias y Actualidad\"}},{\"@type\":\"ListItem\",\"@id\":\"https:\\\/\\\/eldigitaldeasturias.com\\\/magazine365\\\/category\\\/noticias-actualidad\\\/#listItem\",\"position\":2,\"name\":\"Noticias y Actualidad\",\"item\":\"https:\\\/\\\/eldigitaldeasturias.com\\\/magazine365\\\/category\\\/noticias-actualidad\\\/\",\"nextItem\":{\"@type\":\"ListItem\",\"@id\":\"https:\\\/\\\/eldigitaldeasturias.com\\\/magazine365\\\/continua-la-busqueda-del-buceador-desaparecido-en-arenilla\\\/#listItem\",\"name\":\"Contin\\u00faa la b\\u00fasqueda del buceador desaparecido en Arenilla\"},\"previousItem\":{\"@type\":\"ListItem\",\"@id\":\"https:\\\/\\\/eldigitaldeasturias.com\\\/magazine365#listItem\",\"name\":\"Home\"}},{\"@type\":\"ListItem\",\"@id\":\"https:\\\/\\\/eldigitaldeasturias.com\\\/magazine365\\\/continua-la-busqueda-del-buceador-desaparecido-en-arenilla\\\/#listItem\",\"position\":3,\"name\":\"Contin\\u00faa la b\\u00fasqueda del buceador desaparecido en Arenilla\",\"previousItem\":{\"@type\":\"ListItem\",\"@id\":\"https:\\\/\\\/eldigitaldeasturias.com\\\/magazine365\\\/category\\\/noticias-actualidad\\\/#listItem\",\"name\":\"Noticias y Actualidad\"}}]},{\"@type\":\"Organization\",\"@id\":\"https:\\\/\\\/eldigitaldeasturias.com\\\/magazine365\\\/#organization\",\"name\":\"El digital de Asturias\",\"description\":\"Revista de ocio, turismo y estilo de vida\",\"url\":\"https:\\\/\\\/eldigitaldeasturias.com\\\/magazine365\\\/\",\"logo\":{\"@type\":\"ImageObject\",\"url\":\"https:\\\/\\\/www.eldigitaldeasturias.com\\\/noticias\\\/wp-content\\\/uploads\\\/2020\\\/12\\\/EDA.jpg\",\"@id\":\"https:\\\/\\\/eldigitaldeasturias.com\\\/magazine365\\\/continua-la-busqueda-del-buceador-desaparecido-en-arenilla\\\/#organizationLogo\"},\"image\":{\"@id\":\"https:\\\/\\\/eldigitaldeasturias.com\\\/magazine365\\\/continua-la-busqueda-del-buceador-desaparecido-en-arenilla\\\/#organizationLogo\"}},{\"@type\":\"Person\",\"@id\":\"https:\\\/\\\/eldigitaldeasturias.com\\\/magazine365\\\/author\\\/admin\\\/#author\",\"url\":\"https:\\\/\\\/eldigitaldeasturias.com\\\/magazine365\\\/author\\\/admin\\\/\",\"name\":\"admin\",\"image\":{\"@type\":\"ImageObject\",\"@id\":\"https:\\\/\\\/eldigitaldeasturias.com\\\/magazine365\\\/continua-la-busqueda-del-buceador-desaparecido-en-arenilla\\\/#authorImage\",\"url\":\"https:\\\/\\\/eldigitaldeasturias.com\\\/magazine365\\\/wp-content\\\/litespeed\\\/avatar\\\/e571bcf59a0edd6fa6838245a470f2fe.jpg?ver=1776969259\",\"width\":96,\"height\":96,\"caption\":\"admin\"}},{\"@type\":\"WebPage\",\"@id\":\"https:\\\/\\\/eldigitaldeasturias.com\\\/magazine365\\\/continua-la-busqueda-del-buceador-desaparecido-en-arenilla\\\/#webpage\",\"url\":\"https:\\\/\\\/eldigitaldeasturias.com\\\/magazine365\\\/continua-la-busqueda-del-buceador-desaparecido-en-arenilla\\\/\",\"name\":\"Contin\\u00faa la b\\u00fasqueda del buceador desaparecido en Arenilla | El Digital de Asturias\",\"description\":\"Efectivos de emergencias contin\\u00faan este mi\\u00e9rcoles 22 la b\\u00fasqueda del hombre, de 37 a\\u00f1os, desaparecido en la costa de la playa de Arenilla, en el municipio c\\u00e1ntabro de Ribamont\\u00e1n al Mar. As\\u00ed lo ha informado el Servicio de Emergencias 112 del Gobierno de Cantabria, que ha precisado que durante la ma\\u00f1ana participar\\u00e1n en los trabajos\",\"inLanguage\":\"es-ES\",\"isPartOf\":{\"@id\":\"https:\\\/\\\/eldigitaldeasturias.com\\\/magazine365\\\/#website\"},\"breadcrumb\":{\"@id\":\"https:\\\/\\\/eldigitaldeasturias.com\\\/magazine365\\\/continua-la-busqueda-del-buceador-desaparecido-en-arenilla\\\/#breadcrumblist\"},\"author\":{\"@id\":\"https:\\\/\\\/eldigitaldeasturias.com\\\/magazine365\\\/author\\\/admin\\\/#author\"},\"creator\":{\"@id\":\"https:\\\/\\\/eldigitaldeasturias.com\\\/magazine365\\\/author\\\/admin\\\/#author\"},\"image\":{\"@type\":\"ImageObject\",\"url\":\"https:\\\/\\\/eldigitaldeasturias.com\\\/magazine365\\\/wp-content\\\/uploads\\\/2016\\\/06\\\/fotonoticia_20160622111348_800.jpg\",\"@id\":\"https:\\\/\\\/eldigitaldeasturias.com\\\/magazine365\\\/continua-la-busqueda-del-buceador-desaparecido-en-arenilla\\\/#mainImage\",\"width\":800,\"height\":450},\"primaryImageOfPage\":{\"@id\":\"https:\\\/\\\/eldigitaldeasturias.com\\\/magazine365\\\/continua-la-busqueda-del-buceador-desaparecido-en-arenilla\\\/#mainImage\"},\"datePublished\":\"2016-06-24T09:57:28+02:00\",\"dateModified\":\"2016-06-24T09:57:28+02:00\"},{\"@type\":\"WebSite\",\"@id\":\"https:\\\/\\\/eldigitaldeasturias.com\\\/magazine365\\\/#website\",\"url\":\"https:\\\/\\\/eldigitaldeasturias.com\\\/magazine365\\\/\",\"name\":\"El Digital de Asturias\",\"description\":\"Revista de ocio, turismo y estilo de vida\",\"inLanguage\":\"es-ES\",\"publisher\":{\"@id\":\"https:\\\/\\\/eldigitaldeasturias.com\\\/magazine365\\\/#organization\"}}]}\n\t\t<\/script>\n\t\t<!-- All in One SEO Pro -->\r\n\t\t<title>Contin\u00faa la b\u00fasqueda del buceador desaparecido en Arenilla | El Digital de Asturias<\/title>\n\n","aioseo_head_json":{"title":"Contin\u00faa la b\u00fasqueda del buceador desaparecido en Arenilla | El Digital de Asturias","description":"Efectivos de emergencias contin\u00faan este mi\u00e9rcoles 22 la b\u00fasqueda del hombre, de 37 a\u00f1os, desaparecido en la costa de la playa de Arenilla, en el municipio c\u00e1ntabro de Ribamont\u00e1n al Mar. As\u00ed lo ha informado el Servicio de Emergencias 112 del Gobierno de Cantabria, que ha precisado que durante la ma\u00f1ana participar\u00e1n en los trabajos","canonical_url":"https:\/\/eldigitaldeasturias.com\/magazine365\/continua-la-busqueda-del-buceador-desaparecido-en-arenilla\/","robots":"max-image-preview:large","keywords":"noticias y actualidad","webmasterTools":{"google-site-verification":"UA-38556648-1","miscellaneous":""},"schema":{"@context":"https:\/\/schema.org","@graph":[{"@type":"Article","@id":"https:\/\/eldigitaldeasturias.com\/magazine365\/continua-la-busqueda-del-buceador-desaparecido-en-arenilla\/#article","name":"Contin\u00faa la b\u00fasqueda del buceador desaparecido en Arenilla | El Digital de Asturias","headline":"Contin\u00faa la b\u00fasqueda del buceador desaparecido en Arenilla","author":{"@id":"https:\/\/eldigitaldeasturias.com\/magazine365\/author\/admin\/#author"},"publisher":{"@id":"https:\/\/eldigitaldeasturias.com\/magazine365\/#organization"},"image":{"@type":"ImageObject","url":"https:\/\/eldigitaldeasturias.com\/magazine365\/wp-content\/uploads\/2016\/06\/fotonoticia_20160622111348_800.jpg","width":800,"height":450},"datePublished":"2016-06-24T09:57:28+02:00","dateModified":"2016-06-24T09:57:28+02:00","inLanguage":"es-ES","mainEntityOfPage":{"@id":"https:\/\/eldigitaldeasturias.com\/magazine365\/continua-la-busqueda-del-buceador-desaparecido-en-arenilla\/#webpage"},"isPartOf":{"@id":"https:\/\/eldigitaldeasturias.com\/magazine365\/continua-la-busqueda-del-buceador-desaparecido-en-arenilla\/#webpage"},"articleSection":"Noticias y Actualidad"},{"@type":"BreadcrumbList","@id":"https:\/\/eldigitaldeasturias.com\/magazine365\/continua-la-busqueda-del-buceador-desaparecido-en-arenilla\/#breadcrumblist","itemListElement":[{"@type":"ListItem","@id":"https:\/\/eldigitaldeasturias.com\/magazine365#listItem","position":1,"name":"Home","item":"https:\/\/eldigitaldeasturias.com\/magazine365","nextItem":{"@type":"ListItem","@id":"https:\/\/eldigitaldeasturias.com\/magazine365\/category\/noticias-actualidad\/#listItem","name":"Noticias y Actualidad"}},{"@type":"ListItem","@id":"https:\/\/eldigitaldeasturias.com\/magazine365\/category\/noticias-actualidad\/#listItem","position":2,"name":"Noticias y Actualidad","item":"https:\/\/eldigitaldeasturias.com\/magazine365\/category\/noticias-actualidad\/","nextItem":{"@type":"ListItem","@id":"https:\/\/eldigitaldeasturias.com\/magazine365\/continua-la-busqueda-del-buceador-desaparecido-en-arenilla\/#listItem","name":"Contin\u00faa la b\u00fasqueda del buceador desaparecido en Arenilla"},"previousItem":{"@type":"ListItem","@id":"https:\/\/eldigitaldeasturias.com\/magazine365#listItem","name":"Home"}},{"@type":"ListItem","@id":"https:\/\/eldigitaldeasturias.com\/magazine365\/continua-la-busqueda-del-buceador-desaparecido-en-arenilla\/#listItem","position":3,"name":"Contin\u00faa la b\u00fasqueda del buceador desaparecido en Arenilla","previousItem":{"@type":"ListItem","@id":"https:\/\/eldigitaldeasturias.com\/magazine365\/category\/noticias-actualidad\/#listItem","name":"Noticias y Actualidad"}}]},{"@type":"Organization","@id":"https:\/\/eldigitaldeasturias.com\/magazine365\/#organization","name":"El digital de Asturias","description":"Revista de ocio, turismo y estilo de vida","url":"https:\/\/eldigitaldeasturias.com\/magazine365\/","logo":{"@type":"ImageObject","url":"https:\/\/www.eldigitaldeasturias.com\/noticias\/wp-content\/uploads\/2020\/12\/EDA.jpg","@id":"https:\/\/eldigitaldeasturias.com\/magazine365\/continua-la-busqueda-del-buceador-desaparecido-en-arenilla\/#organizationLogo"},"image":{"@id":"https:\/\/eldigitaldeasturias.com\/magazine365\/continua-la-busqueda-del-buceador-desaparecido-en-arenilla\/#organizationLogo"}},{"@type":"Person","@id":"https:\/\/eldigitaldeasturias.com\/magazine365\/author\/admin\/#author","url":"https:\/\/eldigitaldeasturias.com\/magazine365\/author\/admin\/","name":"admin","image":{"@type":"ImageObject","@id":"https:\/\/eldigitaldeasturias.com\/magazine365\/continua-la-busqueda-del-buceador-desaparecido-en-arenilla\/#authorImage","url":"https:\/\/eldigitaldeasturias.com\/magazine365\/wp-content\/litespeed\/avatar\/e571bcf59a0edd6fa6838245a470f2fe.jpg?ver=1776969259","width":96,"height":96,"caption":"admin"}},{"@type":"WebPage","@id":"https:\/\/eldigitaldeasturias.com\/magazine365\/continua-la-busqueda-del-buceador-desaparecido-en-arenilla\/#webpage","url":"https:\/\/eldigitaldeasturias.com\/magazine365\/continua-la-busqueda-del-buceador-desaparecido-en-arenilla\/","name":"Contin\u00faa la b\u00fasqueda del buceador desaparecido en Arenilla | El Digital de Asturias","description":"Efectivos de emergencias contin\u00faan este mi\u00e9rcoles 22 la b\u00fasqueda del hombre, de 37 a\u00f1os, desaparecido en la costa de la playa de Arenilla, en el municipio c\u00e1ntabro de Ribamont\u00e1n al Mar. As\u00ed lo ha informado el Servicio de Emergencias 112 del Gobierno de Cantabria, que ha precisado que durante la ma\u00f1ana participar\u00e1n en los trabajos","inLanguage":"es-ES","isPartOf":{"@id":"https:\/\/eldigitaldeasturias.com\/magazine365\/#website"},"breadcrumb":{"@id":"https:\/\/eldigitaldeasturias.com\/magazine365\/continua-la-busqueda-del-buceador-desaparecido-en-arenilla\/#breadcrumblist"},"author":{"@id":"https:\/\/eldigitaldeasturias.com\/magazine365\/author\/admin\/#author"},"creator":{"@id":"https:\/\/eldigitaldeasturias.com\/magazine365\/author\/admin\/#author"},"image":{"@type":"ImageObject","url":"https:\/\/eldigitaldeasturias.com\/magazine365\/wp-content\/uploads\/2016\/06\/fotonoticia_20160622111348_800.jpg","@id":"https:\/\/eldigitaldeasturias.com\/magazine365\/continua-la-busqueda-del-buceador-desaparecido-en-arenilla\/#mainImage","width":800,"height":450},"primaryImageOfPage":{"@id":"https:\/\/eldigitaldeasturias.com\/magazine365\/continua-la-busqueda-del-buceador-desaparecido-en-arenilla\/#mainImage"},"datePublished":"2016-06-24T09:57:28+02:00","dateModified":"2016-06-24T09:57:28+02:00"},{"@type":"WebSite","@id":"https:\/\/eldigitaldeasturias.com\/magazine365\/#website","url":"https:\/\/eldigitaldeasturias.com\/magazine365\/","name":"El Digital de Asturias","description":"Revista de ocio, turismo y estilo de vida","inLanguage":"es-ES","publisher":{"@id":"https:\/\/eldigitaldeasturias.com\/magazine365\/#organization"}}]},"og:locale":"es_ES","og:site_name":"El Digital de Asturias \u2013 Revista de ocio, turismo y estilo de vida","og:type":"article","og:title":"Contin\u00faa la b\u00fasqueda del buceador desaparecido en Arenilla | El Digital de Asturias","og:description":"Efectivos de emergencias contin\u00faan este mi\u00e9rcoles 22 la b\u00fasqueda del hombre, de 37 a\u00f1os, desaparecido en la costa de la playa de Arenilla, en el municipio c\u00e1ntabro de Ribamont\u00e1n al Mar. As\u00ed lo ha informado el Servicio de Emergencias 112 del Gobierno de Cantabria, que ha precisado que durante la ma\u00f1ana participar\u00e1n en los trabajos","og:url":"https:\/\/eldigitaldeasturias.com\/magazine365\/continua-la-busqueda-del-buceador-desaparecido-en-arenilla\/","og:image":"https:\/\/eldigitaldeasturias.com\/magazine365\/wp-content\/uploads\/2016\/06\/fotonoticia_20160622111348_800.jpg","og:image:secure_url":"https:\/\/eldigitaldeasturias.com\/magazine365\/wp-content\/uploads\/2016\/06\/fotonoticia_20160622111348_800.jpg","og:image:width":800,"og:image:height":450,"article:published_time":"2016-06-24T07:57:28+00:00","article:modified_time":"2016-06-24T07:57:28+00:00","twitter:card":"summary_large_image","twitter:title":"Contin\u00faa la b\u00fasqueda del buceador desaparecido en Arenilla | El Digital de Asturias","twitter:description":"Efectivos de emergencias contin\u00faan este mi\u00e9rcoles 22 la b\u00fasqueda del hombre, de 37 a\u00f1os, desaparecido en la costa de la playa de Arenilla, en el municipio c\u00e1ntabro de Ribamont\u00e1n al Mar. As\u00ed lo ha informado el Servicio de Emergencias 112 del Gobierno de Cantabria, que ha precisado que durante la ma\u00f1ana participar\u00e1n en los trabajos","twitter:image":"https:\/\/eldigitaldeasturias.com\/magazine365\/wp-content\/uploads\/2016\/06\/fotonoticia_20160622111348_800.jpg"},"aioseo_meta_data":{"post_id":"80413","title":null,"description":null,"keywords":null,"keyphrases":null,"primary_term":null,"canonical_url":null,"og_title":null,"og_description":null,"og_object_type":"default","og_image_type":"default","og_image_url":null,"og_image_width":null,"og_image_height":null,"og_image_custom_url":null,"og_image_custom_fields":null,"og_video":null,"og_custom_url":null,"og_article_section":null,"og_article_tags":null,"twitter_use_og":false,"twitter_card":"default","twitter_image_type":"default","twitter_image_url":null,"twitter_image_custom_url":null,"twitter_image_custom_fields":null,"twitter_title":null,"twitter_description":null,"schema":{"blockGraphs":[],"customGraphs":[],"default":{"data":{"Article":[],"Course":[],"Dataset":[],"FAQPage":[],"Movie":[],"Person":[],"Product":[],"ProductReview":[],"Car":[],"Recipe":[],"Service":[],"SoftwareApplication":[],"WebPage":[]},"graphName":"","isEnabled":true},"graphs":[]},"schema_type":null,"schema_type_options":null,"pillar_content":false,"robots_default":true,"robots_noindex":false,"robots_noarchive":false,"robots_nosnippet":false,"robots_nofollow":false,"robots_noimageindex":false,"robots_noodp":false,"robots_notranslate":false,"robots_max_snippet":null,"robots_max_videopreview":null,"robots_max_imagepreview":"large","priority":null,"frequency":null,"location":null,"local_seo":null,"seo_analyzer_scan_date":"2025-09-27 20:48:04","breadcrumb_settings":null,"limit_modified_date":false,"open_ai":null,"ai":null,"created":"2021-03-08 17:33:41","updated":"2025-09-27 20:48:04"},"aioseo_breadcrumb":"<div class=\"aioseo-breadcrumbs\"><span class=\"aioseo-breadcrumb\">\n\t<a href=\"https:\/\/eldigitaldeasturias.com\/magazine365\" title=\"Home\">Home<\/a>\n<\/span><span class=\"aioseo-breadcrumb-separator\">\u2013<\/span><span class=\"aioseo-breadcrumb\">\n\t<a href=\"https:\/\/eldigitaldeasturias.com\/magazine365\/category\/noticias-actualidad\/\" title=\"Noticias y Actualidad\">Noticias y Actualidad<\/a>\n<\/span><span class=\"aioseo-breadcrumb-separator\">\u2013<\/span><span class=\"aioseo-breadcrumb\">\n\t<a href=\"https:\/\/eldigitaldeasturias.com\/magazine365\/continua-la-busqueda-del-buceador-desaparecido-en-arenilla\/\" title=\"Contin\u00faa la b\u00fasqueda del buceador desaparecido en Arenilla\">Contin\u00faa la b\u00fasqueda del buceador desaparecido en Arenilla<\/a>\n<\/span><\/div>","aioseo_breadcrumb_json":[{"label":"Home","link":"https:\/\/eldigitaldeasturias.com\/magazine365"},{"label":"Noticias y Actualidad","link":"https:\/\/eldigitaldeasturias.com\/magazine365\/category\/noticias-actualidad\/"},{"label":"Contin\u00faa la b\u00fasqueda del buceador desaparecido en Arenilla","link":"https:\/\/eldigitaldeasturias.com\/magazine365\/continua-la-busqueda-del-buceador-desaparecido-en-arenilla\/"}],"_links":{"self":[{"href":"https:\/\/eldigitaldeasturias.com\/magazine365\/wp-json\/wp\/v2\/posts\/80413","targetHints":{"allow":["GET"]}}],"collection":[{"href":"https:\/\/eldigitaldeasturias.com\/magazine365\/wp-json\/wp\/v2\/posts"}],"about":[{"href":"https:\/\/eldigitaldeasturias.com\/magazine365\/wp-json\/wp\/v2\/types\/post"}],"author":[{"embeddable":true,"href":"https:\/\/eldigitaldeasturias.com\/magazine365\/wp-json\/wp\/v2\/users\/1"}],"replies":[{"embeddable":true,"href":"https:\/\/eldigitaldeasturias.com\/magazine365\/wp-json\/wp\/v2\/comments?post=80413"}],"version-history":[{"count":0,"href":"https:\/\/eldigitaldeasturias.com\/magazine365\/wp-json\/wp\/v2\/posts\/80413\/revisions"}],"wp:featuredmedia":[{"embeddable":true,"href":"https:\/\/eldigitaldeasturias.com\/magazine365\/wp-json\/wp\/v2\/media\/80414"}],"wp:attachment":[{"href":"https:\/\/eldigitaldeasturias.com\/magazine365\/wp-json\/wp\/v2\/media?parent=80413"}],"wp:term":[{"taxonomy":"category","embeddable":true,"href":"https:\/\/eldigitaldeasturias.com\/magazine365\/wp-json\/wp\/v2\/categories?post=80413"},{"taxonomy":"post_tag","embeddable":true,"href":"https:\/\/eldigitaldeasturias.com\/magazine365\/wp-json\/wp\/v2\/tags?post=80413"}],"curies":[{"name":"wp","href":"https:\/\/api.w.org\/{rel}","templated":true}]}}