{"id":80407,"date":"2016-06-24T09:54:36","date_gmt":"2016-06-24T07:54:36","guid":{"rendered":"http:\/\/eldigitaldeasturias.com\/magazine365\/?p=80407"},"modified":"2016-06-24T09:54:36","modified_gmt":"2016-06-24T07:54:36","slug":"federico-gonzalez-de-tejera-deja-su-puesto-como-consejero-delegado-de-nh-hotel-group","status":"publish","type":"post","link":"https:\/\/eldigitaldeasturias.com\/magazine365\/federico-gonzalez-de-tejera-deja-su-puesto-como-consejero-delegado-de-nh-hotel-group\/","title":{"rendered":"Federico Gonz\u00e1lez de Tejera deja su puesto como consejero delegado de NH Hotel Group"},"content":{"rendered":"<p><img fetchpriority=\"high\" decoding=\"async\" class=\"alignleft size-medium wp-image-80408\" src=\"https:\/\/eldigitaldeasturias.com\/magazine365\/wp-content\/uploads\/2016\/06\/fotonoticia_20160622004843_800-360x240.jpg\" alt=\"fotonoticia_20160622004843_800\" width=\"360\" height=\"240\" srcset=\"https:\/\/eldigitaldeasturias.com\/magazine365\/wp-content\/uploads\/2016\/06\/fotonoticia_20160622004843_800-360x240.jpg 360w, https:\/\/eldigitaldeasturias.com\/magazine365\/wp-content\/uploads\/2016\/06\/fotonoticia_20160622004843_800-650x433.jpg 650w, https:\/\/eldigitaldeasturias.com\/magazine365\/wp-content\/uploads\/2016\/06\/fotonoticia_20160622004843_800-768x512.jpg 768w, https:\/\/eldigitaldeasturias.com\/magazine365\/wp-content\/uploads\/2016\/06\/fotonoticia_20160622004843_800-150x100.jpg 150w, https:\/\/eldigitaldeasturias.com\/magazine365\/wp-content\/uploads\/2016\/06\/fotonoticia_20160622004843_800-450x300.jpg 450w, https:\/\/eldigitaldeasturias.com\/magazine365\/wp-content\/uploads\/2016\/06\/fotonoticia_20160622004843_800-101x66.jpg 101w, https:\/\/eldigitaldeasturias.com\/magazine365\/wp-content\/uploads\/2016\/06\/fotonoticia_20160622004843_800.jpg 800w\" sizes=\"(max-width: 360px) 100vw, 360px\" \/>Federico Gonz\u00e1lez Tejera ha dejado su puesto como consejero delegado de NH Hotel Group, cargo en el que llevaba desde 2012. Adem\u00e1s, Alfredo Fern\u00e1ndez Agras ser\u00e1 copresidente de la cadena.<\/p>\n<p>As\u00ed lo ha acordado la Comisi\u00f3n de Nombramientos tras la junta del grupo hotelero en la que se ha acordado el cese de los cuatro consejeros de la china HNA por conflicto de inter\u00e9s por la adquisici\u00f3n por parte del grupo inversor chino de Carlson-Rezidor, competidor directo de la cadena hotelera espa\u00f1ola en varios mercados europeos.<\/p>\n<p>Gonz\u00e1lez Tejera fue nombrado consejero delegado de NH en 2012, procedente de Disneyland Paris, tras la dimisi\u00f3n en noviembre de Mariano P\u00e9rez Claver, siendo sustituido como nuevo presidente no ejecutivo de la hotelera por Rodrigo Echenique Gordillo.<\/p>\n<p>Tras esta vacante, se ha designado a tres nuevos consejeros ejecutivos: Beatriz Puente, como directora general ejecutiva de Administraci\u00f3n y Finanzas; Ram\u00f3n Aragon\u00e9s, como director general ejecutivo de Negocio y Operaciones; y Rufino P\u00e9rez, director general ejecutivo de Medios.<\/p>\n<p>Asimismo, se ha acordado la designaci\u00f3n como copresidente de Alfredo Fern\u00e1ndez, consejero en representante del fondo Oceanwood &#8211;segundo accionista con el 11,96% del capital&#8211; en sustituci\u00f3n de Charles Mobus, que representaba a la china HNA, primer accionista con el con el 25,9%. Jos\u00e9 Antonio Castro, de Hesperia &#8211;con el 9% del capital&#8211; ser\u00e1 el otro copresidente.<\/p>\n<p>En concreto, Alfredo Fern\u00e1ndez ejercer\u00e1 de presidente del Consejo de Administraci\u00f3n y vicepresidente de la Comisi\u00f3n Delegada, que presidir\u00e1 Jos\u00e9 Antonio Castro, a su vez vicepresidente del Consejo de Administraci\u00f3n.<\/p>\n<p>Por su parte, los consejeros Paul Johnson y Francisco Javier Illa ser\u00e1n miembros de la Comisi\u00f3n Delegada; Fernando Lacadena, de la Comisi\u00f3n de Auditor\u00eda y Control; y Jos\u00e9 Mar\u00eda Cantero, de la Comisi\u00f3n de Nombramientos, Retribuciones y Gobierno Corporativo.<\/p>\n<p>Finalmente, Beatriz Puente ha sido designada como directora genral ejecutiva de Administraci\u00f3n y Finanzas; Ram\u00f3n Aragon\u00e9s, director general ejecutivo de Negocio y Operaciones; y Rufino P\u00e9rez, director general ejecutivo de Medios.<\/p>\n","protected":false},"excerpt":{"rendered":"<p>Federico Gonz\u00e1lez Tejera ha dejado su puesto como consejero delegado de NH Hotel Group, cargo en el que llevaba desde 2012. Adem\u00e1s, Alfredo Fern\u00e1ndez Agras ser\u00e1 copresidente de la cadena. As\u00ed lo ha acordado la Comisi\u00f3n de Nombramientos tras la junta del grupo hotelero en la que se ha acordado el cese de los cuatro<\/p>\n","protected":false},"author":1,"featured_media":80408,"comment_status":"open","ping_status":"closed","sticky":false,"template":"","format":"standard","meta":{"footnotes":""},"categories":[224],"tags":[],"class_list":{"0":"post-80407","1":"post","2":"type-post","3":"status-publish","4":"format-standard","5":"has-post-thumbnail","7":"category-noticias-actualidad"},"aioseo_notices":[],"aioseo_head":"\n\t\t<!-- All in One SEO Pro 4.9.6.1 - aioseo.com -->\n\t<meta name=\"description\" content=\"Federico Gonz\u00e1lez Tejera ha dejado su puesto como consejero delegado de NH Hotel Group, cargo en el que llevaba desde 2012. Adem\u00e1s, Alfredo Fern\u00e1ndez Agras ser\u00e1 copresidente de la cadena. As\u00ed lo ha acordado la Comisi\u00f3n de Nombramientos tras la junta del grupo hotelero en la que se ha acordado el cese de los cuatro\" \/>\n\t<meta name=\"robots\" content=\"max-image-preview:large\" \/>\n\t<meta name=\"author\" content=\"admin\"\/>\n\t<meta name=\"google-site-verification\" content=\"UA-38556648-1\" \/>\n\t<meta name=\"keywords\" content=\"noticias y actualidad\" \/>\n\t<link rel=\"canonical\" href=\"https:\/\/eldigitaldeasturias.com\/magazine365\/federico-gonzalez-de-tejera-deja-su-puesto-como-consejero-delegado-de-nh-hotel-group\/\" \/>\n\t<meta name=\"generator\" content=\"All in One SEO Pro (AIOSEO) 4.9.6.1\" \/>\n\t\t<meta property=\"og:locale\" content=\"es_ES\" \/>\n\t\t<meta property=\"og:site_name\" content=\"El Digital de Asturias \u2013 Revista de ocio, turismo y estilo de vida\" \/>\n\t\t<meta property=\"og:type\" content=\"article\" \/>\n\t\t<meta property=\"og:title\" content=\"Federico Gonz\u00e1lez de Tejera deja su puesto como consejero delegado de NH Hotel Group | El Digital de Asturias\" \/>\n\t\t<meta property=\"og:description\" content=\"Federico Gonz\u00e1lez Tejera ha dejado su puesto como consejero delegado de NH Hotel Group, cargo en el que llevaba desde 2012. Adem\u00e1s, Alfredo Fern\u00e1ndez Agras ser\u00e1 copresidente de la cadena. As\u00ed lo ha acordado la Comisi\u00f3n de Nombramientos tras la junta del grupo hotelero en la que se ha acordado el cese de los cuatro\" \/>\n\t\t<meta property=\"og:url\" content=\"https:\/\/eldigitaldeasturias.com\/magazine365\/federico-gonzalez-de-tejera-deja-su-puesto-como-consejero-delegado-de-nh-hotel-group\/\" \/>\n\t\t<meta property=\"og:image\" content=\"https:\/\/eldigitaldeasturias.com\/magazine365\/wp-content\/uploads\/2016\/06\/fotonoticia_20160622004843_800.jpg\" \/>\n\t\t<meta property=\"og:image:secure_url\" content=\"https:\/\/eldigitaldeasturias.com\/magazine365\/wp-content\/uploads\/2016\/06\/fotonoticia_20160622004843_800.jpg\" \/>\n\t\t<meta property=\"og:image:width\" content=\"800\" \/>\n\t\t<meta property=\"og:image:height\" content=\"533\" \/>\n\t\t<meta property=\"article:published_time\" content=\"2016-06-24T07:54:36+00:00\" \/>\n\t\t<meta property=\"article:modified_time\" content=\"2016-06-24T07:54:36+00:00\" \/>\n\t\t<meta name=\"twitter:card\" content=\"summary_large_image\" \/>\n\t\t<meta name=\"twitter:title\" content=\"Federico Gonz\u00e1lez de Tejera deja su puesto como consejero delegado de NH Hotel Group | El Digital de Asturias\" \/>\n\t\t<meta name=\"twitter:description\" content=\"Federico Gonz\u00e1lez Tejera ha dejado su puesto como consejero delegado de NH Hotel Group, cargo en el que llevaba desde 2012. Adem\u00e1s, Alfredo Fern\u00e1ndez Agras ser\u00e1 copresidente de la cadena. As\u00ed lo ha acordado la Comisi\u00f3n de Nombramientos tras la junta del grupo hotelero en la que se ha acordado el cese de los cuatro\" \/>\n\t\t<meta name=\"twitter:image\" content=\"https:\/\/eldigitaldeasturias.com\/magazine365\/wp-content\/uploads\/2016\/06\/fotonoticia_20160622004843_800.jpg\" \/>\n\t\t<script type=\"application\/ld+json\" class=\"aioseo-schema\">\n\t\t\t{\"@context\":\"https:\\\/\\\/schema.org\",\"@graph\":[{\"@type\":\"Article\",\"@id\":\"https:\\\/\\\/eldigitaldeasturias.com\\\/magazine365\\\/federico-gonzalez-de-tejera-deja-su-puesto-como-consejero-delegado-de-nh-hotel-group\\\/#article\",\"name\":\"Federico Gonz\\u00e1lez de Tejera deja su puesto como consejero delegado de NH Hotel Group | El Digital de Asturias\",\"headline\":\"Federico Gonz\\u00e1lez de Tejera deja su puesto como consejero delegado de NH Hotel Group\",\"author\":{\"@id\":\"https:\\\/\\\/eldigitaldeasturias.com\\\/magazine365\\\/author\\\/admin\\\/#author\"},\"publisher\":{\"@id\":\"https:\\\/\\\/eldigitaldeasturias.com\\\/magazine365\\\/#organization\"},\"image\":{\"@type\":\"ImageObject\",\"url\":\"https:\\\/\\\/eldigitaldeasturias.com\\\/magazine365\\\/wp-content\\\/uploads\\\/2016\\\/06\\\/fotonoticia_20160622004843_800.jpg\",\"width\":800,\"height\":533},\"datePublished\":\"2016-06-24T09:54:36+02:00\",\"dateModified\":\"2016-06-24T09:54:36+02:00\",\"inLanguage\":\"es-ES\",\"mainEntityOfPage\":{\"@id\":\"https:\\\/\\\/eldigitaldeasturias.com\\\/magazine365\\\/federico-gonzalez-de-tejera-deja-su-puesto-como-consejero-delegado-de-nh-hotel-group\\\/#webpage\"},\"isPartOf\":{\"@id\":\"https:\\\/\\\/eldigitaldeasturias.com\\\/magazine365\\\/federico-gonzalez-de-tejera-deja-su-puesto-como-consejero-delegado-de-nh-hotel-group\\\/#webpage\"},\"articleSection\":\"Noticias y Actualidad\"},{\"@type\":\"BreadcrumbList\",\"@id\":\"https:\\\/\\\/eldigitaldeasturias.com\\\/magazine365\\\/federico-gonzalez-de-tejera-deja-su-puesto-como-consejero-delegado-de-nh-hotel-group\\\/#breadcrumblist\",\"itemListElement\":[{\"@type\":\"ListItem\",\"@id\":\"https:\\\/\\\/eldigitaldeasturias.com\\\/magazine365#listItem\",\"position\":1,\"name\":\"Home\",\"item\":\"https:\\\/\\\/eldigitaldeasturias.com\\\/magazine365\",\"nextItem\":{\"@type\":\"ListItem\",\"@id\":\"https:\\\/\\\/eldigitaldeasturias.com\\\/magazine365\\\/category\\\/noticias-actualidad\\\/#listItem\",\"name\":\"Noticias y Actualidad\"}},{\"@type\":\"ListItem\",\"@id\":\"https:\\\/\\\/eldigitaldeasturias.com\\\/magazine365\\\/category\\\/noticias-actualidad\\\/#listItem\",\"position\":2,\"name\":\"Noticias y Actualidad\",\"item\":\"https:\\\/\\\/eldigitaldeasturias.com\\\/magazine365\\\/category\\\/noticias-actualidad\\\/\",\"nextItem\":{\"@type\":\"ListItem\",\"@id\":\"https:\\\/\\\/eldigitaldeasturias.com\\\/magazine365\\\/federico-gonzalez-de-tejera-deja-su-puesto-como-consejero-delegado-de-nh-hotel-group\\\/#listItem\",\"name\":\"Federico Gonz\\u00e1lez de Tejera deja su puesto como consejero delegado de NH Hotel Group\"},\"previousItem\":{\"@type\":\"ListItem\",\"@id\":\"https:\\\/\\\/eldigitaldeasturias.com\\\/magazine365#listItem\",\"name\":\"Home\"}},{\"@type\":\"ListItem\",\"@id\":\"https:\\\/\\\/eldigitaldeasturias.com\\\/magazine365\\\/federico-gonzalez-de-tejera-deja-su-puesto-como-consejero-delegado-de-nh-hotel-group\\\/#listItem\",\"position\":3,\"name\":\"Federico Gonz\\u00e1lez de Tejera deja su puesto como consejero delegado de NH Hotel Group\",\"previousItem\":{\"@type\":\"ListItem\",\"@id\":\"https:\\\/\\\/eldigitaldeasturias.com\\\/magazine365\\\/category\\\/noticias-actualidad\\\/#listItem\",\"name\":\"Noticias y Actualidad\"}}]},{\"@type\":\"Organization\",\"@id\":\"https:\\\/\\\/eldigitaldeasturias.com\\\/magazine365\\\/#organization\",\"name\":\"El digital de Asturias\",\"description\":\"Revista de ocio, turismo y estilo de vida\",\"url\":\"https:\\\/\\\/eldigitaldeasturias.com\\\/magazine365\\\/\",\"logo\":{\"@type\":\"ImageObject\",\"url\":\"https:\\\/\\\/www.eldigitaldeasturias.com\\\/noticias\\\/wp-content\\\/uploads\\\/2020\\\/12\\\/EDA.jpg\",\"@id\":\"https:\\\/\\\/eldigitaldeasturias.com\\\/magazine365\\\/federico-gonzalez-de-tejera-deja-su-puesto-como-consejero-delegado-de-nh-hotel-group\\\/#organizationLogo\"},\"image\":{\"@id\":\"https:\\\/\\\/eldigitaldeasturias.com\\\/magazine365\\\/federico-gonzalez-de-tejera-deja-su-puesto-como-consejero-delegado-de-nh-hotel-group\\\/#organizationLogo\"}},{\"@type\":\"Person\",\"@id\":\"https:\\\/\\\/eldigitaldeasturias.com\\\/magazine365\\\/author\\\/admin\\\/#author\",\"url\":\"https:\\\/\\\/eldigitaldeasturias.com\\\/magazine365\\\/author\\\/admin\\\/\",\"name\":\"admin\",\"image\":{\"@type\":\"ImageObject\",\"@id\":\"https:\\\/\\\/eldigitaldeasturias.com\\\/magazine365\\\/federico-gonzalez-de-tejera-deja-su-puesto-como-consejero-delegado-de-nh-hotel-group\\\/#authorImage\",\"url\":\"https:\\\/\\\/eldigitaldeasturias.com\\\/magazine365\\\/wp-content\\\/litespeed\\\/avatar\\\/e571bcf59a0edd6fa6838245a470f2fe.jpg?ver=1776969259\",\"width\":96,\"height\":96,\"caption\":\"admin\"}},{\"@type\":\"WebPage\",\"@id\":\"https:\\\/\\\/eldigitaldeasturias.com\\\/magazine365\\\/federico-gonzalez-de-tejera-deja-su-puesto-como-consejero-delegado-de-nh-hotel-group\\\/#webpage\",\"url\":\"https:\\\/\\\/eldigitaldeasturias.com\\\/magazine365\\\/federico-gonzalez-de-tejera-deja-su-puesto-como-consejero-delegado-de-nh-hotel-group\\\/\",\"name\":\"Federico Gonz\\u00e1lez de Tejera deja su puesto como consejero delegado de NH Hotel Group | El Digital de Asturias\",\"description\":\"Federico Gonz\\u00e1lez Tejera ha dejado su puesto como consejero delegado de NH Hotel Group, cargo en el que llevaba desde 2012. Adem\\u00e1s, Alfredo Fern\\u00e1ndez Agras ser\\u00e1 copresidente de la cadena. As\\u00ed lo ha acordado la Comisi\\u00f3n de Nombramientos tras la junta del grupo hotelero en la que se ha acordado el cese de los cuatro\",\"inLanguage\":\"es-ES\",\"isPartOf\":{\"@id\":\"https:\\\/\\\/eldigitaldeasturias.com\\\/magazine365\\\/#website\"},\"breadcrumb\":{\"@id\":\"https:\\\/\\\/eldigitaldeasturias.com\\\/magazine365\\\/federico-gonzalez-de-tejera-deja-su-puesto-como-consejero-delegado-de-nh-hotel-group\\\/#breadcrumblist\"},\"author\":{\"@id\":\"https:\\\/\\\/eldigitaldeasturias.com\\\/magazine365\\\/author\\\/admin\\\/#author\"},\"creator\":{\"@id\":\"https:\\\/\\\/eldigitaldeasturias.com\\\/magazine365\\\/author\\\/admin\\\/#author\"},\"image\":{\"@type\":\"ImageObject\",\"url\":\"https:\\\/\\\/eldigitaldeasturias.com\\\/magazine365\\\/wp-content\\\/uploads\\\/2016\\\/06\\\/fotonoticia_20160622004843_800.jpg\",\"@id\":\"https:\\\/\\\/eldigitaldeasturias.com\\\/magazine365\\\/federico-gonzalez-de-tejera-deja-su-puesto-como-consejero-delegado-de-nh-hotel-group\\\/#mainImage\",\"width\":800,\"height\":533},\"primaryImageOfPage\":{\"@id\":\"https:\\\/\\\/eldigitaldeasturias.com\\\/magazine365\\\/federico-gonzalez-de-tejera-deja-su-puesto-como-consejero-delegado-de-nh-hotel-group\\\/#mainImage\"},\"datePublished\":\"2016-06-24T09:54:36+02:00\",\"dateModified\":\"2016-06-24T09:54:36+02:00\"},{\"@type\":\"WebSite\",\"@id\":\"https:\\\/\\\/eldigitaldeasturias.com\\\/magazine365\\\/#website\",\"url\":\"https:\\\/\\\/eldigitaldeasturias.com\\\/magazine365\\\/\",\"name\":\"El Digital de Asturias\",\"description\":\"Revista de ocio, turismo y estilo de vida\",\"inLanguage\":\"es-ES\",\"publisher\":{\"@id\":\"https:\\\/\\\/eldigitaldeasturias.com\\\/magazine365\\\/#organization\"}}]}\n\t\t<\/script>\n\t\t<!-- All in One SEO Pro -->\r\n\t\t<title>Federico Gonz\u00e1lez de Tejera deja su puesto como consejero delegado de NH Hotel Group | El Digital de Asturias<\/title>\n\n","aioseo_head_json":{"title":"Federico Gonz\u00e1lez de Tejera deja su puesto como consejero delegado de NH Hotel Group | El Digital de Asturias","description":"Federico Gonz\u00e1lez Tejera ha dejado su puesto como consejero delegado de NH Hotel Group, cargo en el que llevaba desde 2012. Adem\u00e1s, Alfredo Fern\u00e1ndez Agras ser\u00e1 copresidente de la cadena. As\u00ed lo ha acordado la Comisi\u00f3n de Nombramientos tras la junta del grupo hotelero en la que se ha acordado el cese de los cuatro","canonical_url":"https:\/\/eldigitaldeasturias.com\/magazine365\/federico-gonzalez-de-tejera-deja-su-puesto-como-consejero-delegado-de-nh-hotel-group\/","robots":"max-image-preview:large","keywords":"noticias y actualidad","webmasterTools":{"google-site-verification":"UA-38556648-1","miscellaneous":""},"schema":{"@context":"https:\/\/schema.org","@graph":[{"@type":"Article","@id":"https:\/\/eldigitaldeasturias.com\/magazine365\/federico-gonzalez-de-tejera-deja-su-puesto-como-consejero-delegado-de-nh-hotel-group\/#article","name":"Federico Gonz\u00e1lez de Tejera deja su puesto como consejero delegado de NH Hotel Group | El Digital de Asturias","headline":"Federico Gonz\u00e1lez de Tejera deja su puesto como consejero delegado de NH Hotel Group","author":{"@id":"https:\/\/eldigitaldeasturias.com\/magazine365\/author\/admin\/#author"},"publisher":{"@id":"https:\/\/eldigitaldeasturias.com\/magazine365\/#organization"},"image":{"@type":"ImageObject","url":"https:\/\/eldigitaldeasturias.com\/magazine365\/wp-content\/uploads\/2016\/06\/fotonoticia_20160622004843_800.jpg","width":800,"height":533},"datePublished":"2016-06-24T09:54:36+02:00","dateModified":"2016-06-24T09:54:36+02:00","inLanguage":"es-ES","mainEntityOfPage":{"@id":"https:\/\/eldigitaldeasturias.com\/magazine365\/federico-gonzalez-de-tejera-deja-su-puesto-como-consejero-delegado-de-nh-hotel-group\/#webpage"},"isPartOf":{"@id":"https:\/\/eldigitaldeasturias.com\/magazine365\/federico-gonzalez-de-tejera-deja-su-puesto-como-consejero-delegado-de-nh-hotel-group\/#webpage"},"articleSection":"Noticias y Actualidad"},{"@type":"BreadcrumbList","@id":"https:\/\/eldigitaldeasturias.com\/magazine365\/federico-gonzalez-de-tejera-deja-su-puesto-como-consejero-delegado-de-nh-hotel-group\/#breadcrumblist","itemListElement":[{"@type":"ListItem","@id":"https:\/\/eldigitaldeasturias.com\/magazine365#listItem","position":1,"name":"Home","item":"https:\/\/eldigitaldeasturias.com\/magazine365","nextItem":{"@type":"ListItem","@id":"https:\/\/eldigitaldeasturias.com\/magazine365\/category\/noticias-actualidad\/#listItem","name":"Noticias y Actualidad"}},{"@type":"ListItem","@id":"https:\/\/eldigitaldeasturias.com\/magazine365\/category\/noticias-actualidad\/#listItem","position":2,"name":"Noticias y Actualidad","item":"https:\/\/eldigitaldeasturias.com\/magazine365\/category\/noticias-actualidad\/","nextItem":{"@type":"ListItem","@id":"https:\/\/eldigitaldeasturias.com\/magazine365\/federico-gonzalez-de-tejera-deja-su-puesto-como-consejero-delegado-de-nh-hotel-group\/#listItem","name":"Federico Gonz\u00e1lez de Tejera deja su puesto como consejero delegado de NH Hotel Group"},"previousItem":{"@type":"ListItem","@id":"https:\/\/eldigitaldeasturias.com\/magazine365#listItem","name":"Home"}},{"@type":"ListItem","@id":"https:\/\/eldigitaldeasturias.com\/magazine365\/federico-gonzalez-de-tejera-deja-su-puesto-como-consejero-delegado-de-nh-hotel-group\/#listItem","position":3,"name":"Federico Gonz\u00e1lez de Tejera deja su puesto como consejero delegado de NH Hotel Group","previousItem":{"@type":"ListItem","@id":"https:\/\/eldigitaldeasturias.com\/magazine365\/category\/noticias-actualidad\/#listItem","name":"Noticias y Actualidad"}}]},{"@type":"Organization","@id":"https:\/\/eldigitaldeasturias.com\/magazine365\/#organization","name":"El digital de Asturias","description":"Revista de ocio, turismo y estilo de vida","url":"https:\/\/eldigitaldeasturias.com\/magazine365\/","logo":{"@type":"ImageObject","url":"https:\/\/www.eldigitaldeasturias.com\/noticias\/wp-content\/uploads\/2020\/12\/EDA.jpg","@id":"https:\/\/eldigitaldeasturias.com\/magazine365\/federico-gonzalez-de-tejera-deja-su-puesto-como-consejero-delegado-de-nh-hotel-group\/#organizationLogo"},"image":{"@id":"https:\/\/eldigitaldeasturias.com\/magazine365\/federico-gonzalez-de-tejera-deja-su-puesto-como-consejero-delegado-de-nh-hotel-group\/#organizationLogo"}},{"@type":"Person","@id":"https:\/\/eldigitaldeasturias.com\/magazine365\/author\/admin\/#author","url":"https:\/\/eldigitaldeasturias.com\/magazine365\/author\/admin\/","name":"admin","image":{"@type":"ImageObject","@id":"https:\/\/eldigitaldeasturias.com\/magazine365\/federico-gonzalez-de-tejera-deja-su-puesto-como-consejero-delegado-de-nh-hotel-group\/#authorImage","url":"https:\/\/eldigitaldeasturias.com\/magazine365\/wp-content\/litespeed\/avatar\/e571bcf59a0edd6fa6838245a470f2fe.jpg?ver=1776969259","width":96,"height":96,"caption":"admin"}},{"@type":"WebPage","@id":"https:\/\/eldigitaldeasturias.com\/magazine365\/federico-gonzalez-de-tejera-deja-su-puesto-como-consejero-delegado-de-nh-hotel-group\/#webpage","url":"https:\/\/eldigitaldeasturias.com\/magazine365\/federico-gonzalez-de-tejera-deja-su-puesto-como-consejero-delegado-de-nh-hotel-group\/","name":"Federico Gonz\u00e1lez de Tejera deja su puesto como consejero delegado de NH Hotel Group | El Digital de Asturias","description":"Federico Gonz\u00e1lez Tejera ha dejado su puesto como consejero delegado de NH Hotel Group, cargo en el que llevaba desde 2012. Adem\u00e1s, Alfredo Fern\u00e1ndez Agras ser\u00e1 copresidente de la cadena. As\u00ed lo ha acordado la Comisi\u00f3n de Nombramientos tras la junta del grupo hotelero en la que se ha acordado el cese de los cuatro","inLanguage":"es-ES","isPartOf":{"@id":"https:\/\/eldigitaldeasturias.com\/magazine365\/#website"},"breadcrumb":{"@id":"https:\/\/eldigitaldeasturias.com\/magazine365\/federico-gonzalez-de-tejera-deja-su-puesto-como-consejero-delegado-de-nh-hotel-group\/#breadcrumblist"},"author":{"@id":"https:\/\/eldigitaldeasturias.com\/magazine365\/author\/admin\/#author"},"creator":{"@id":"https:\/\/eldigitaldeasturias.com\/magazine365\/author\/admin\/#author"},"image":{"@type":"ImageObject","url":"https:\/\/eldigitaldeasturias.com\/magazine365\/wp-content\/uploads\/2016\/06\/fotonoticia_20160622004843_800.jpg","@id":"https:\/\/eldigitaldeasturias.com\/magazine365\/federico-gonzalez-de-tejera-deja-su-puesto-como-consejero-delegado-de-nh-hotel-group\/#mainImage","width":800,"height":533},"primaryImageOfPage":{"@id":"https:\/\/eldigitaldeasturias.com\/magazine365\/federico-gonzalez-de-tejera-deja-su-puesto-como-consejero-delegado-de-nh-hotel-group\/#mainImage"},"datePublished":"2016-06-24T09:54:36+02:00","dateModified":"2016-06-24T09:54:36+02:00"},{"@type":"WebSite","@id":"https:\/\/eldigitaldeasturias.com\/magazine365\/#website","url":"https:\/\/eldigitaldeasturias.com\/magazine365\/","name":"El Digital de Asturias","description":"Revista de ocio, turismo y estilo de vida","inLanguage":"es-ES","publisher":{"@id":"https:\/\/eldigitaldeasturias.com\/magazine365\/#organization"}}]},"og:locale":"es_ES","og:site_name":"El Digital de Asturias \u2013 Revista de ocio, turismo y estilo de vida","og:type":"article","og:title":"Federico Gonz\u00e1lez de Tejera deja su puesto como consejero delegado de NH Hotel Group | El Digital de Asturias","og:description":"Federico Gonz\u00e1lez Tejera ha dejado su puesto como consejero delegado de NH Hotel Group, cargo en el que llevaba desde 2012. Adem\u00e1s, Alfredo Fern\u00e1ndez Agras ser\u00e1 copresidente de la cadena. As\u00ed lo ha acordado la Comisi\u00f3n de Nombramientos tras la junta del grupo hotelero en la que se ha acordado el cese de los cuatro","og:url":"https:\/\/eldigitaldeasturias.com\/magazine365\/federico-gonzalez-de-tejera-deja-su-puesto-como-consejero-delegado-de-nh-hotel-group\/","og:image":"https:\/\/eldigitaldeasturias.com\/magazine365\/wp-content\/uploads\/2016\/06\/fotonoticia_20160622004843_800.jpg","og:image:secure_url":"https:\/\/eldigitaldeasturias.com\/magazine365\/wp-content\/uploads\/2016\/06\/fotonoticia_20160622004843_800.jpg","og:image:width":800,"og:image:height":533,"article:published_time":"2016-06-24T07:54:36+00:00","article:modified_time":"2016-06-24T07:54:36+00:00","twitter:card":"summary_large_image","twitter:title":"Federico Gonz\u00e1lez de Tejera deja su puesto como consejero delegado de NH Hotel Group | El Digital de Asturias","twitter:description":"Federico Gonz\u00e1lez Tejera ha dejado su puesto como consejero delegado de NH Hotel Group, cargo en el que llevaba desde 2012. Adem\u00e1s, Alfredo Fern\u00e1ndez Agras ser\u00e1 copresidente de la cadena. As\u00ed lo ha acordado la Comisi\u00f3n de Nombramientos tras la junta del grupo hotelero en la que se ha acordado el cese de los cuatro","twitter:image":"https:\/\/eldigitaldeasturias.com\/magazine365\/wp-content\/uploads\/2016\/06\/fotonoticia_20160622004843_800.jpg"},"aioseo_meta_data":{"post_id":"80407","title":null,"description":null,"keywords":null,"keyphrases":null,"primary_term":null,"canonical_url":null,"og_title":null,"og_description":null,"og_object_type":"default","og_image_type":"default","og_image_url":null,"og_image_width":null,"og_image_height":null,"og_image_custom_url":null,"og_image_custom_fields":null,"og_video":null,"og_custom_url":null,"og_article_section":null,"og_article_tags":null,"twitter_use_og":false,"twitter_card":"default","twitter_image_type":"default","twitter_image_url":null,"twitter_image_custom_url":null,"twitter_image_custom_fields":null,"twitter_title":null,"twitter_description":null,"schema":{"blockGraphs":[],"customGraphs":[],"default":{"data":{"Article":[],"Course":[],"Dataset":[],"FAQPage":[],"Movie":[],"Person":[],"Product":[],"ProductReview":[],"Car":[],"Recipe":[],"Service":[],"SoftwareApplication":[],"WebPage":[]},"graphName":"","isEnabled":true},"graphs":[],"defaultGraph":"","defaultPostTypeGraph":""},"schema_type":null,"schema_type_options":null,"pillar_content":false,"robots_default":true,"robots_noindex":false,"robots_noarchive":false,"robots_nosnippet":false,"robots_nofollow":false,"robots_noimageindex":false,"robots_noodp":false,"robots_notranslate":false,"robots_max_snippet":null,"robots_max_videopreview":null,"robots_max_imagepreview":"large","priority":null,"frequency":null,"location":null,"local_seo":null,"seo_analyzer_scan_date":"2025-09-27 20:46:54","breadcrumb_settings":null,"limit_modified_date":false,"open_ai":null,"ai":null,"created":"2021-03-08 15:43:08","updated":"2025-09-27 20:46:54"},"aioseo_breadcrumb":"<div class=\"aioseo-breadcrumbs\"><span class=\"aioseo-breadcrumb\">\n\t<a href=\"https:\/\/eldigitaldeasturias.com\/magazine365\" title=\"Home\">Home<\/a>\n<\/span><span class=\"aioseo-breadcrumb-separator\">\u2013<\/span><span class=\"aioseo-breadcrumb\">\n\t<a href=\"https:\/\/eldigitaldeasturias.com\/magazine365\/category\/noticias-actualidad\/\" title=\"Noticias y Actualidad\">Noticias y Actualidad<\/a>\n<\/span><span class=\"aioseo-breadcrumb-separator\">\u2013<\/span><span class=\"aioseo-breadcrumb\">\n\t<a href=\"https:\/\/eldigitaldeasturias.com\/magazine365\/federico-gonzalez-de-tejera-deja-su-puesto-como-consejero-delegado-de-nh-hotel-group\/\" title=\"Federico Gonz\u00e1lez de Tejera deja su puesto como consejero delegado de NH Hotel Group\">Federico Gonz\u00e1lez de Tejera deja su puesto como consejero delegado de NH Hotel Group<\/a>\n<\/span><\/div>","aioseo_breadcrumb_json":[{"label":"Home","link":"https:\/\/eldigitaldeasturias.com\/magazine365"},{"label":"Noticias y Actualidad","link":"https:\/\/eldigitaldeasturias.com\/magazine365\/category\/noticias-actualidad\/"},{"label":"Federico Gonz\u00e1lez de Tejera deja su puesto como consejero delegado de NH Hotel Group","link":"https:\/\/eldigitaldeasturias.com\/magazine365\/federico-gonzalez-de-tejera-deja-su-puesto-como-consejero-delegado-de-nh-hotel-group\/"}],"_links":{"self":[{"href":"https:\/\/eldigitaldeasturias.com\/magazine365\/wp-json\/wp\/v2\/posts\/80407","targetHints":{"allow":["GET"]}}],"collection":[{"href":"https:\/\/eldigitaldeasturias.com\/magazine365\/wp-json\/wp\/v2\/posts"}],"about":[{"href":"https:\/\/eldigitaldeasturias.com\/magazine365\/wp-json\/wp\/v2\/types\/post"}],"author":[{"embeddable":true,"href":"https:\/\/eldigitaldeasturias.com\/magazine365\/wp-json\/wp\/v2\/users\/1"}],"replies":[{"embeddable":true,"href":"https:\/\/eldigitaldeasturias.com\/magazine365\/wp-json\/wp\/v2\/comments?post=80407"}],"version-history":[{"count":0,"href":"https:\/\/eldigitaldeasturias.com\/magazine365\/wp-json\/wp\/v2\/posts\/80407\/revisions"}],"wp:featuredmedia":[{"embeddable":true,"href":"https:\/\/eldigitaldeasturias.com\/magazine365\/wp-json\/wp\/v2\/media\/80408"}],"wp:attachment":[{"href":"https:\/\/eldigitaldeasturias.com\/magazine365\/wp-json\/wp\/v2\/media?parent=80407"}],"wp:term":[{"taxonomy":"category","embeddable":true,"href":"https:\/\/eldigitaldeasturias.com\/magazine365\/wp-json\/wp\/v2\/categories?post=80407"},{"taxonomy":"post_tag","embeddable":true,"href":"https:\/\/eldigitaldeasturias.com\/magazine365\/wp-json\/wp\/v2\/tags?post=80407"}],"curies":[{"name":"wp","href":"https:\/\/api.w.org\/{rel}","templated":true}]}}