{"id":80401,"date":"2016-06-24T09:48:36","date_gmt":"2016-06-24T07:48:36","guid":{"rendered":"http:\/\/eldigitaldeasturias.com\/magazine365\/?p=80401"},"modified":"2016-06-24T09:48:36","modified_gmt":"2016-06-24T07:48:36","slug":"turismo-promueve-la-primera-reunion-con-la-diocesis-de-cartagena-para-preparar-el-ano-jubilar-de-caravaca","status":"publish","type":"post","link":"https:\/\/eldigitaldeasturias.com\/magazine365\/turismo-promueve-la-primera-reunion-con-la-diocesis-de-cartagena-para-preparar-el-ano-jubilar-de-caravaca\/","title":{"rendered":"Turismo promueve la primera reuni\u00f3n con la Di\u00f3cesis de Cartagena para preparar el A\u00f1o Jubilar de Caravaca"},"content":{"rendered":"<p><img fetchpriority=\"high\" decoding=\"async\" class=\"alignleft size-medium wp-image-80402\" src=\"https:\/\/eldigitaldeasturias.com\/magazine365\/wp-content\/uploads\/2016\/06\/fotonoticia_20160621192919_800-360x240.jpg\" alt=\"fotonoticia_20160621192919_800\" width=\"360\" height=\"240\" srcset=\"https:\/\/eldigitaldeasturias.com\/magazine365\/wp-content\/uploads\/2016\/06\/fotonoticia_20160621192919_800-360x240.jpg 360w, https:\/\/eldigitaldeasturias.com\/magazine365\/wp-content\/uploads\/2016\/06\/fotonoticia_20160621192919_800-650x433.jpg 650w, https:\/\/eldigitaldeasturias.com\/magazine365\/wp-content\/uploads\/2016\/06\/fotonoticia_20160621192919_800-768x512.jpg 768w, https:\/\/eldigitaldeasturias.com\/magazine365\/wp-content\/uploads\/2016\/06\/fotonoticia_20160621192919_800-150x100.jpg 150w, https:\/\/eldigitaldeasturias.com\/magazine365\/wp-content\/uploads\/2016\/06\/fotonoticia_20160621192919_800-450x300.jpg 450w, https:\/\/eldigitaldeasturias.com\/magazine365\/wp-content\/uploads\/2016\/06\/fotonoticia_20160621192919_800-101x66.jpg 101w, https:\/\/eldigitaldeasturias.com\/magazine365\/wp-content\/uploads\/2016\/06\/fotonoticia_20160621192919_800.jpg 800w\" sizes=\"(max-width: 360px) 100vw, 360px\" \/>El director general del Instituto de Turismo, Manuel Fern\u00e1ndez-Delgado; el obispo de Cartagena, monse\u00f1or Jos\u00e9 Manuel Lorca; el alcalde de Caravaca, Jos\u00e9 Moreno, y la hermana mayor de la Cofrad\u00eda de la Sant\u00edsima y Vera Cruz, Elisa L\u00f3pez-Gir\u00f3n, se han reunido este martes en el Palacio Episcopal de Murcia para abordar los contenidos y las acciones que se quieren acometer para convertir el A\u00f1o Jubilar en el acontecimiento religioso de referencia para 2017, y han acordado que la Di\u00f3cesis de Cartagena liderar\u00e1 todas las decisiones de \u00e1mbito religioso relativas a esta celebraci\u00f3n.<\/p>\n<p>Fern\u00e1ndez-Delgado ha destacado el car\u00e1cter religioso de esta celebraci\u00f3n y ha invitado a la Di\u00f3cesis a formar parte del comit\u00e9 ejecutivo de la Fundaci\u00f3n Camino de la Cruz de Caravaca, ya que, seg\u00fan ha manifestado, \u00absu adhesi\u00f3n va a multiplicar el alcance de este gran evento, gracias a la implicaci\u00f3n de las parroquias de toda Espa\u00f1a, y va a contribuir a la mejora de la atenci\u00f3n y el servicio a los peregrinos\u00bb. En esta l\u00ednea, se ha confirmado que las iglesias ser\u00e1n puntos de sellado del Camino de la Cruz.<\/p>\n<p>La colaboraci\u00f3n refuerza el plan de promoci\u00f3n &#8216;A\u00f1o Jubilar Caravaca 2017&#8217; que promueve la Consejer\u00eda de Desarrollo Econ\u00f3mico, Turismo y Empleo, que desde noviembre ha organizado seis viajes de familiarizaci\u00f3n, asistencia a ferias especializadas y generalistas, la creaci\u00f3n de la Fundaci\u00f3n Camino de la Cruz, la apertura de los mercados italiano, israel\u00ed y polaco, y la puesta en funcionamiento del primer camino de la Cruz, el Camino de Levante.<\/p>\n<p>Fern\u00e1ndez-Delgado ha afirmado que \u00abel \u00e9xito del proyecto pasa por la colaboraci\u00f3n de las distintas administraciones y organismos, ya que el beneficio redundar\u00e1 en toda la Regi\u00f3n y en todos los sectores\u00bb.<\/p>\n<p>El Obispo ha remarcado, por su parte, la importancia que tiene Caravaca de la Cruz no s\u00f3lo en la Di\u00f3cesis de Cartagena sino dentro de la Iglesia espa\u00f1ola, mostrando el documento de la Memoria Anual de Actividades de la Iglesia Cat\u00f3lica en Espa\u00f1a, publicado por la Conferencia Episcopal Espa\u00f1ola, en el que se menciona el santuario de la Vera Cruz: \u00abdentro de la Iglesia espa\u00f1ola, Caravaca de la Cruz cuenta y tiene una importancia tambi\u00e9n vital\u00bb, ha destacado.<\/p>\n<p>\u00abEs un empe\u00f1o com\u00fan, un trabajo com\u00fan, y una direcci\u00f3n com\u00fan. Partimos de un hecho, que es un hecho religioso, el hecho de la fe en la Vera Cruz, pero sin duda alguna facilitar que la gente se aproxime a Caravaca y viva esta experiencia de fe, no podr\u00eda ser posible sin el concurso de las instituciones locales y auton\u00f3micas, porque es un conjunto de aspectos que es necesario contemplar para que el que venga se sienta acogido, se sienta querido, como en casa, y vea que es toda una Regi\u00f3n la que se pone a disposici\u00f3n de quien venga\u00bb, ha explicado monse\u00f1or Jos\u00e9 Manuel Lorca.<\/p>\n<p>Por su parte, el alcalde de Caravaca ha hecho referencia a la importante afluencia de peregrinos de otros jubilares y de la responsabilidad de velar por la seguridad de todos ellos desde las administraciones p\u00fablicas.<\/p>\n<p>\u00abEl A\u00f1o Jubilar es un acontecimiento eminentemente religioso, por lo que tanto el Obispado como la Cofrad\u00eda de la Vera Cruz tienen una intervenci\u00f3n directa en su organizaci\u00f3n, pero desde el Ayuntamiento y la Comunidad Aut\u00f3noma estamos obligados a coordinarnos y a dar todas las facilidades a nuestro alcance para que este A\u00f1o Jubilar sea un \u00e9xito\u00bb, ha expresado el alcalde, Jos\u00e9 Moreno, quien ha apuntado que uno de los retos de las administraciones \u00abes canalizar adecuadamente y bajo unas condiciones de seguridad los caudales de personas que se desplazar\u00e1n a Caravaca durante el pr\u00f3ximo a\u00f1o\u00bb.<\/p>\n<p>La Hermana Mayor de la Cofrad\u00eda de la Vera Cruz ha resaltado la importancia de las administraciones p\u00fablicas, local y auton\u00f3mica. \u00abEs la b\u00fasqueda de la fe ganando el jubileo, pero esto hay que acompa\u00f1arlo de otras cosas que no se conseguir\u00edan si no es a trav\u00e9s de la colaboraci\u00f3n de las instituciones p\u00fablicas\u00bb.<\/p>\n<p>Caravaca de la Cruz recibi\u00f3 el 9 de enero de 1998, la concesi\u00f3n, por parte de la Santa Sede, de la celebraci\u00f3n de un A\u00f1o Jubilar a Perpetuidad en torno a la devoci\u00f3n a la Vera Cruz, a celebrar cada siente a\u00f1os. Sum\u00e1ndose de esta manera a los otros jubileos que se celebran tambi\u00e9n a perpetuidad en Jerusal\u00e9n, Roma, Santiago de Compostela y Santo Toribio de Li\u00e9bana.<\/p>\n","protected":false},"excerpt":{"rendered":"<p>El director general del Instituto de Turismo, Manuel Fern\u00e1ndez-Delgado; el obispo de Cartagena, monse\u00f1or Jos\u00e9 Manuel Lorca; el alcalde de Caravaca, Jos\u00e9 Moreno, y la hermana mayor de la Cofrad\u00eda de la Sant\u00edsima y Vera Cruz, Elisa L\u00f3pez-Gir\u00f3n, se han reunido este martes en el Palacio Episcopal de Murcia para abordar los contenidos y las<\/p>\n","protected":false},"author":1,"featured_media":80402,"comment_status":"open","ping_status":"closed","sticky":false,"template":"","format":"standard","meta":{"footnotes":""},"categories":[224],"tags":[],"class_list":{"0":"post-80401","1":"post","2":"type-post","3":"status-publish","4":"format-standard","5":"has-post-thumbnail","7":"category-noticias-actualidad"},"aioseo_notices":[],"aioseo_head":"\n\t\t<!-- All in One SEO Pro 4.9.6.1 - aioseo.com -->\n\t<meta name=\"description\" content=\"El director general del Instituto de Turismo, Manuel Fern\u00e1ndez-Delgado; el obispo de Cartagena, monse\u00f1or Jos\u00e9 Manuel Lorca; el alcalde de Caravaca, Jos\u00e9 Moreno, y la hermana mayor de la Cofrad\u00eda de la Sant\u00edsima y Vera Cruz, Elisa L\u00f3pez-Gir\u00f3n, se han reunido este martes en el Palacio Episcopal de Murcia para abordar los contenidos y las\" \/>\n\t<meta name=\"robots\" content=\"max-image-preview:large\" \/>\n\t<meta name=\"author\" content=\"admin\"\/>\n\t<meta name=\"google-site-verification\" content=\"UA-38556648-1\" \/>\n\t<meta name=\"keywords\" content=\"noticias y actualidad\" \/>\n\t<link rel=\"canonical\" href=\"https:\/\/eldigitaldeasturias.com\/magazine365\/turismo-promueve-la-primera-reunion-con-la-diocesis-de-cartagena-para-preparar-el-ano-jubilar-de-caravaca\/\" \/>\n\t<meta name=\"generator\" content=\"All in One SEO Pro (AIOSEO) 4.9.6.1\" \/>\n\t\t<meta property=\"og:locale\" content=\"es_ES\" \/>\n\t\t<meta property=\"og:site_name\" content=\"El Digital de Asturias \u2013 Revista de ocio, turismo y estilo de vida\" \/>\n\t\t<meta property=\"og:type\" content=\"article\" \/>\n\t\t<meta property=\"og:title\" content=\"Turismo promueve la primera reuni\u00f3n con la Di\u00f3cesis de Cartagena para preparar el A\u00f1o Jubilar de Caravaca | El Digital de Asturias\" \/>\n\t\t<meta property=\"og:description\" content=\"El director general del Instituto de Turismo, Manuel Fern\u00e1ndez-Delgado; el obispo de Cartagena, monse\u00f1or Jos\u00e9 Manuel Lorca; el alcalde de Caravaca, Jos\u00e9 Moreno, y la hermana mayor de la Cofrad\u00eda de la Sant\u00edsima y Vera Cruz, Elisa L\u00f3pez-Gir\u00f3n, se han reunido este martes en el Palacio Episcopal de Murcia para abordar los contenidos y las\" \/>\n\t\t<meta property=\"og:url\" content=\"https:\/\/eldigitaldeasturias.com\/magazine365\/turismo-promueve-la-primera-reunion-con-la-diocesis-de-cartagena-para-preparar-el-ano-jubilar-de-caravaca\/\" \/>\n\t\t<meta property=\"og:image\" content=\"https:\/\/eldigitaldeasturias.com\/magazine365\/wp-content\/uploads\/2016\/06\/fotonoticia_20160621192919_800.jpg\" \/>\n\t\t<meta property=\"og:image:secure_url\" content=\"https:\/\/eldigitaldeasturias.com\/magazine365\/wp-content\/uploads\/2016\/06\/fotonoticia_20160621192919_800.jpg\" \/>\n\t\t<meta property=\"og:image:width\" content=\"800\" \/>\n\t\t<meta property=\"og:image:height\" content=\"533\" \/>\n\t\t<meta property=\"article:published_time\" content=\"2016-06-24T07:48:36+00:00\" \/>\n\t\t<meta property=\"article:modified_time\" content=\"2016-06-24T07:48:36+00:00\" \/>\n\t\t<meta name=\"twitter:card\" content=\"summary_large_image\" \/>\n\t\t<meta name=\"twitter:title\" content=\"Turismo promueve la primera reuni\u00f3n con la Di\u00f3cesis de Cartagena para preparar el A\u00f1o Jubilar de Caravaca | El Digital de Asturias\" \/>\n\t\t<meta name=\"twitter:description\" content=\"El director general del Instituto de Turismo, Manuel Fern\u00e1ndez-Delgado; el obispo de Cartagena, monse\u00f1or Jos\u00e9 Manuel Lorca; el alcalde de Caravaca, Jos\u00e9 Moreno, y la hermana mayor de la Cofrad\u00eda de la Sant\u00edsima y Vera Cruz, Elisa L\u00f3pez-Gir\u00f3n, se han reunido este martes en el Palacio Episcopal de Murcia para abordar los contenidos y las\" \/>\n\t\t<meta name=\"twitter:image\" content=\"https:\/\/eldigitaldeasturias.com\/magazine365\/wp-content\/uploads\/2016\/06\/fotonoticia_20160621192919_800.jpg\" \/>\n\t\t<script type=\"application\/ld+json\" class=\"aioseo-schema\">\n\t\t\t{\"@context\":\"https:\\\/\\\/schema.org\",\"@graph\":[{\"@type\":\"Article\",\"@id\":\"https:\\\/\\\/eldigitaldeasturias.com\\\/magazine365\\\/turismo-promueve-la-primera-reunion-con-la-diocesis-de-cartagena-para-preparar-el-ano-jubilar-de-caravaca\\\/#article\",\"name\":\"Turismo promueve la primera reuni\\u00f3n con la Di\\u00f3cesis de Cartagena para preparar el A\\u00f1o Jubilar de Caravaca | El Digital de Asturias\",\"headline\":\"Turismo promueve la primera reuni\\u00f3n con la Di\\u00f3cesis de Cartagena para preparar el A\\u00f1o Jubilar de Caravaca\",\"author\":{\"@id\":\"https:\\\/\\\/eldigitaldeasturias.com\\\/magazine365\\\/author\\\/admin\\\/#author\"},\"publisher\":{\"@id\":\"https:\\\/\\\/eldigitaldeasturias.com\\\/magazine365\\\/#organization\"},\"image\":{\"@type\":\"ImageObject\",\"url\":\"https:\\\/\\\/eldigitaldeasturias.com\\\/magazine365\\\/wp-content\\\/uploads\\\/2016\\\/06\\\/fotonoticia_20160621192919_800.jpg\",\"width\":800,\"height\":533},\"datePublished\":\"2016-06-24T09:48:36+02:00\",\"dateModified\":\"2016-06-24T09:48:36+02:00\",\"inLanguage\":\"es-ES\",\"mainEntityOfPage\":{\"@id\":\"https:\\\/\\\/eldigitaldeasturias.com\\\/magazine365\\\/turismo-promueve-la-primera-reunion-con-la-diocesis-de-cartagena-para-preparar-el-ano-jubilar-de-caravaca\\\/#webpage\"},\"isPartOf\":{\"@id\":\"https:\\\/\\\/eldigitaldeasturias.com\\\/magazine365\\\/turismo-promueve-la-primera-reunion-con-la-diocesis-de-cartagena-para-preparar-el-ano-jubilar-de-caravaca\\\/#webpage\"},\"articleSection\":\"Noticias y Actualidad\"},{\"@type\":\"BreadcrumbList\",\"@id\":\"https:\\\/\\\/eldigitaldeasturias.com\\\/magazine365\\\/turismo-promueve-la-primera-reunion-con-la-diocesis-de-cartagena-para-preparar-el-ano-jubilar-de-caravaca\\\/#breadcrumblist\",\"itemListElement\":[{\"@type\":\"ListItem\",\"@id\":\"https:\\\/\\\/eldigitaldeasturias.com\\\/magazine365#listItem\",\"position\":1,\"name\":\"Home\",\"item\":\"https:\\\/\\\/eldigitaldeasturias.com\\\/magazine365\",\"nextItem\":{\"@type\":\"ListItem\",\"@id\":\"https:\\\/\\\/eldigitaldeasturias.com\\\/magazine365\\\/category\\\/noticias-actualidad\\\/#listItem\",\"name\":\"Noticias y Actualidad\"}},{\"@type\":\"ListItem\",\"@id\":\"https:\\\/\\\/eldigitaldeasturias.com\\\/magazine365\\\/category\\\/noticias-actualidad\\\/#listItem\",\"position\":2,\"name\":\"Noticias y Actualidad\",\"item\":\"https:\\\/\\\/eldigitaldeasturias.com\\\/magazine365\\\/category\\\/noticias-actualidad\\\/\",\"nextItem\":{\"@type\":\"ListItem\",\"@id\":\"https:\\\/\\\/eldigitaldeasturias.com\\\/magazine365\\\/turismo-promueve-la-primera-reunion-con-la-diocesis-de-cartagena-para-preparar-el-ano-jubilar-de-caravaca\\\/#listItem\",\"name\":\"Turismo promueve la primera reuni\\u00f3n con la Di\\u00f3cesis de Cartagena para preparar el A\\u00f1o Jubilar de Caravaca\"},\"previousItem\":{\"@type\":\"ListItem\",\"@id\":\"https:\\\/\\\/eldigitaldeasturias.com\\\/magazine365#listItem\",\"name\":\"Home\"}},{\"@type\":\"ListItem\",\"@id\":\"https:\\\/\\\/eldigitaldeasturias.com\\\/magazine365\\\/turismo-promueve-la-primera-reunion-con-la-diocesis-de-cartagena-para-preparar-el-ano-jubilar-de-caravaca\\\/#listItem\",\"position\":3,\"name\":\"Turismo promueve la primera reuni\\u00f3n con la Di\\u00f3cesis de Cartagena para preparar el A\\u00f1o Jubilar de Caravaca\",\"previousItem\":{\"@type\":\"ListItem\",\"@id\":\"https:\\\/\\\/eldigitaldeasturias.com\\\/magazine365\\\/category\\\/noticias-actualidad\\\/#listItem\",\"name\":\"Noticias y Actualidad\"}}]},{\"@type\":\"Organization\",\"@id\":\"https:\\\/\\\/eldigitaldeasturias.com\\\/magazine365\\\/#organization\",\"name\":\"El digital de Asturias\",\"description\":\"Revista de ocio, turismo y estilo de vida\",\"url\":\"https:\\\/\\\/eldigitaldeasturias.com\\\/magazine365\\\/\",\"logo\":{\"@type\":\"ImageObject\",\"url\":\"https:\\\/\\\/www.eldigitaldeasturias.com\\\/noticias\\\/wp-content\\\/uploads\\\/2020\\\/12\\\/EDA.jpg\",\"@id\":\"https:\\\/\\\/eldigitaldeasturias.com\\\/magazine365\\\/turismo-promueve-la-primera-reunion-con-la-diocesis-de-cartagena-para-preparar-el-ano-jubilar-de-caravaca\\\/#organizationLogo\"},\"image\":{\"@id\":\"https:\\\/\\\/eldigitaldeasturias.com\\\/magazine365\\\/turismo-promueve-la-primera-reunion-con-la-diocesis-de-cartagena-para-preparar-el-ano-jubilar-de-caravaca\\\/#organizationLogo\"}},{\"@type\":\"Person\",\"@id\":\"https:\\\/\\\/eldigitaldeasturias.com\\\/magazine365\\\/author\\\/admin\\\/#author\",\"url\":\"https:\\\/\\\/eldigitaldeasturias.com\\\/magazine365\\\/author\\\/admin\\\/\",\"name\":\"admin\",\"image\":{\"@type\":\"ImageObject\",\"@id\":\"https:\\\/\\\/eldigitaldeasturias.com\\\/magazine365\\\/turismo-promueve-la-primera-reunion-con-la-diocesis-de-cartagena-para-preparar-el-ano-jubilar-de-caravaca\\\/#authorImage\",\"url\":\"https:\\\/\\\/eldigitaldeasturias.com\\\/magazine365\\\/wp-content\\\/litespeed\\\/avatar\\\/e571bcf59a0edd6fa6838245a470f2fe.jpg?ver=1776969259\",\"width\":96,\"height\":96,\"caption\":\"admin\"}},{\"@type\":\"WebPage\",\"@id\":\"https:\\\/\\\/eldigitaldeasturias.com\\\/magazine365\\\/turismo-promueve-la-primera-reunion-con-la-diocesis-de-cartagena-para-preparar-el-ano-jubilar-de-caravaca\\\/#webpage\",\"url\":\"https:\\\/\\\/eldigitaldeasturias.com\\\/magazine365\\\/turismo-promueve-la-primera-reunion-con-la-diocesis-de-cartagena-para-preparar-el-ano-jubilar-de-caravaca\\\/\",\"name\":\"Turismo promueve la primera reuni\\u00f3n con la Di\\u00f3cesis de Cartagena para preparar el A\\u00f1o Jubilar de Caravaca | El Digital de Asturias\",\"description\":\"El director general del Instituto de Turismo, Manuel Fern\\u00e1ndez-Delgado; el obispo de Cartagena, monse\\u00f1or Jos\\u00e9 Manuel Lorca; el alcalde de Caravaca, Jos\\u00e9 Moreno, y la hermana mayor de la Cofrad\\u00eda de la Sant\\u00edsima y Vera Cruz, Elisa L\\u00f3pez-Gir\\u00f3n, se han reunido este martes en el Palacio Episcopal de Murcia para abordar los contenidos y las\",\"inLanguage\":\"es-ES\",\"isPartOf\":{\"@id\":\"https:\\\/\\\/eldigitaldeasturias.com\\\/magazine365\\\/#website\"},\"breadcrumb\":{\"@id\":\"https:\\\/\\\/eldigitaldeasturias.com\\\/magazine365\\\/turismo-promueve-la-primera-reunion-con-la-diocesis-de-cartagena-para-preparar-el-ano-jubilar-de-caravaca\\\/#breadcrumblist\"},\"author\":{\"@id\":\"https:\\\/\\\/eldigitaldeasturias.com\\\/magazine365\\\/author\\\/admin\\\/#author\"},\"creator\":{\"@id\":\"https:\\\/\\\/eldigitaldeasturias.com\\\/magazine365\\\/author\\\/admin\\\/#author\"},\"image\":{\"@type\":\"ImageObject\",\"url\":\"https:\\\/\\\/eldigitaldeasturias.com\\\/magazine365\\\/wp-content\\\/uploads\\\/2016\\\/06\\\/fotonoticia_20160621192919_800.jpg\",\"@id\":\"https:\\\/\\\/eldigitaldeasturias.com\\\/magazine365\\\/turismo-promueve-la-primera-reunion-con-la-diocesis-de-cartagena-para-preparar-el-ano-jubilar-de-caravaca\\\/#mainImage\",\"width\":800,\"height\":533},\"primaryImageOfPage\":{\"@id\":\"https:\\\/\\\/eldigitaldeasturias.com\\\/magazine365\\\/turismo-promueve-la-primera-reunion-con-la-diocesis-de-cartagena-para-preparar-el-ano-jubilar-de-caravaca\\\/#mainImage\"},\"datePublished\":\"2016-06-24T09:48:36+02:00\",\"dateModified\":\"2016-06-24T09:48:36+02:00\"},{\"@type\":\"WebSite\",\"@id\":\"https:\\\/\\\/eldigitaldeasturias.com\\\/magazine365\\\/#website\",\"url\":\"https:\\\/\\\/eldigitaldeasturias.com\\\/magazine365\\\/\",\"name\":\"El Digital de Asturias\",\"description\":\"Revista de ocio, turismo y estilo de vida\",\"inLanguage\":\"es-ES\",\"publisher\":{\"@id\":\"https:\\\/\\\/eldigitaldeasturias.com\\\/magazine365\\\/#organization\"}}]}\n\t\t<\/script>\n\t\t<!-- All in One SEO Pro -->\r\n\t\t<title>Turismo promueve la primera reuni\u00f3n con la Di\u00f3cesis de Cartagena para preparar el A\u00f1o Jubilar de Caravaca | El Digital de Asturias<\/title>\n\n","aioseo_head_json":{"title":"Turismo promueve la primera reuni\u00f3n con la Di\u00f3cesis de Cartagena para preparar el A\u00f1o Jubilar de Caravaca | El Digital de Asturias","description":"El director general del Instituto de Turismo, Manuel Fern\u00e1ndez-Delgado; el obispo de Cartagena, monse\u00f1or Jos\u00e9 Manuel Lorca; el alcalde de Caravaca, Jos\u00e9 Moreno, y la hermana mayor de la Cofrad\u00eda de la Sant\u00edsima y Vera Cruz, Elisa L\u00f3pez-Gir\u00f3n, se han reunido este martes en el Palacio Episcopal de Murcia para abordar los contenidos y las","canonical_url":"https:\/\/eldigitaldeasturias.com\/magazine365\/turismo-promueve-la-primera-reunion-con-la-diocesis-de-cartagena-para-preparar-el-ano-jubilar-de-caravaca\/","robots":"max-image-preview:large","keywords":"noticias y actualidad","webmasterTools":{"google-site-verification":"UA-38556648-1","miscellaneous":""},"schema":{"@context":"https:\/\/schema.org","@graph":[{"@type":"Article","@id":"https:\/\/eldigitaldeasturias.com\/magazine365\/turismo-promueve-la-primera-reunion-con-la-diocesis-de-cartagena-para-preparar-el-ano-jubilar-de-caravaca\/#article","name":"Turismo promueve la primera reuni\u00f3n con la Di\u00f3cesis de Cartagena para preparar el A\u00f1o Jubilar de Caravaca | El Digital de Asturias","headline":"Turismo promueve la primera reuni\u00f3n con la Di\u00f3cesis de Cartagena para preparar el A\u00f1o Jubilar de Caravaca","author":{"@id":"https:\/\/eldigitaldeasturias.com\/magazine365\/author\/admin\/#author"},"publisher":{"@id":"https:\/\/eldigitaldeasturias.com\/magazine365\/#organization"},"image":{"@type":"ImageObject","url":"https:\/\/eldigitaldeasturias.com\/magazine365\/wp-content\/uploads\/2016\/06\/fotonoticia_20160621192919_800.jpg","width":800,"height":533},"datePublished":"2016-06-24T09:48:36+02:00","dateModified":"2016-06-24T09:48:36+02:00","inLanguage":"es-ES","mainEntityOfPage":{"@id":"https:\/\/eldigitaldeasturias.com\/magazine365\/turismo-promueve-la-primera-reunion-con-la-diocesis-de-cartagena-para-preparar-el-ano-jubilar-de-caravaca\/#webpage"},"isPartOf":{"@id":"https:\/\/eldigitaldeasturias.com\/magazine365\/turismo-promueve-la-primera-reunion-con-la-diocesis-de-cartagena-para-preparar-el-ano-jubilar-de-caravaca\/#webpage"},"articleSection":"Noticias y Actualidad"},{"@type":"BreadcrumbList","@id":"https:\/\/eldigitaldeasturias.com\/magazine365\/turismo-promueve-la-primera-reunion-con-la-diocesis-de-cartagena-para-preparar-el-ano-jubilar-de-caravaca\/#breadcrumblist","itemListElement":[{"@type":"ListItem","@id":"https:\/\/eldigitaldeasturias.com\/magazine365#listItem","position":1,"name":"Home","item":"https:\/\/eldigitaldeasturias.com\/magazine365","nextItem":{"@type":"ListItem","@id":"https:\/\/eldigitaldeasturias.com\/magazine365\/category\/noticias-actualidad\/#listItem","name":"Noticias y Actualidad"}},{"@type":"ListItem","@id":"https:\/\/eldigitaldeasturias.com\/magazine365\/category\/noticias-actualidad\/#listItem","position":2,"name":"Noticias y Actualidad","item":"https:\/\/eldigitaldeasturias.com\/magazine365\/category\/noticias-actualidad\/","nextItem":{"@type":"ListItem","@id":"https:\/\/eldigitaldeasturias.com\/magazine365\/turismo-promueve-la-primera-reunion-con-la-diocesis-de-cartagena-para-preparar-el-ano-jubilar-de-caravaca\/#listItem","name":"Turismo promueve la primera reuni\u00f3n con la Di\u00f3cesis de Cartagena para preparar el A\u00f1o Jubilar de Caravaca"},"previousItem":{"@type":"ListItem","@id":"https:\/\/eldigitaldeasturias.com\/magazine365#listItem","name":"Home"}},{"@type":"ListItem","@id":"https:\/\/eldigitaldeasturias.com\/magazine365\/turismo-promueve-la-primera-reunion-con-la-diocesis-de-cartagena-para-preparar-el-ano-jubilar-de-caravaca\/#listItem","position":3,"name":"Turismo promueve la primera reuni\u00f3n con la Di\u00f3cesis de Cartagena para preparar el A\u00f1o Jubilar de Caravaca","previousItem":{"@type":"ListItem","@id":"https:\/\/eldigitaldeasturias.com\/magazine365\/category\/noticias-actualidad\/#listItem","name":"Noticias y Actualidad"}}]},{"@type":"Organization","@id":"https:\/\/eldigitaldeasturias.com\/magazine365\/#organization","name":"El digital de Asturias","description":"Revista de ocio, turismo y estilo de vida","url":"https:\/\/eldigitaldeasturias.com\/magazine365\/","logo":{"@type":"ImageObject","url":"https:\/\/www.eldigitaldeasturias.com\/noticias\/wp-content\/uploads\/2020\/12\/EDA.jpg","@id":"https:\/\/eldigitaldeasturias.com\/magazine365\/turismo-promueve-la-primera-reunion-con-la-diocesis-de-cartagena-para-preparar-el-ano-jubilar-de-caravaca\/#organizationLogo"},"image":{"@id":"https:\/\/eldigitaldeasturias.com\/magazine365\/turismo-promueve-la-primera-reunion-con-la-diocesis-de-cartagena-para-preparar-el-ano-jubilar-de-caravaca\/#organizationLogo"}},{"@type":"Person","@id":"https:\/\/eldigitaldeasturias.com\/magazine365\/author\/admin\/#author","url":"https:\/\/eldigitaldeasturias.com\/magazine365\/author\/admin\/","name":"admin","image":{"@type":"ImageObject","@id":"https:\/\/eldigitaldeasturias.com\/magazine365\/turismo-promueve-la-primera-reunion-con-la-diocesis-de-cartagena-para-preparar-el-ano-jubilar-de-caravaca\/#authorImage","url":"https:\/\/eldigitaldeasturias.com\/magazine365\/wp-content\/litespeed\/avatar\/e571bcf59a0edd6fa6838245a470f2fe.jpg?ver=1776969259","width":96,"height":96,"caption":"admin"}},{"@type":"WebPage","@id":"https:\/\/eldigitaldeasturias.com\/magazine365\/turismo-promueve-la-primera-reunion-con-la-diocesis-de-cartagena-para-preparar-el-ano-jubilar-de-caravaca\/#webpage","url":"https:\/\/eldigitaldeasturias.com\/magazine365\/turismo-promueve-la-primera-reunion-con-la-diocesis-de-cartagena-para-preparar-el-ano-jubilar-de-caravaca\/","name":"Turismo promueve la primera reuni\u00f3n con la Di\u00f3cesis de Cartagena para preparar el A\u00f1o Jubilar de Caravaca | El Digital de Asturias","description":"El director general del Instituto de Turismo, Manuel Fern\u00e1ndez-Delgado; el obispo de Cartagena, monse\u00f1or Jos\u00e9 Manuel Lorca; el alcalde de Caravaca, Jos\u00e9 Moreno, y la hermana mayor de la Cofrad\u00eda de la Sant\u00edsima y Vera Cruz, Elisa L\u00f3pez-Gir\u00f3n, se han reunido este martes en el Palacio Episcopal de Murcia para abordar los contenidos y las","inLanguage":"es-ES","isPartOf":{"@id":"https:\/\/eldigitaldeasturias.com\/magazine365\/#website"},"breadcrumb":{"@id":"https:\/\/eldigitaldeasturias.com\/magazine365\/turismo-promueve-la-primera-reunion-con-la-diocesis-de-cartagena-para-preparar-el-ano-jubilar-de-caravaca\/#breadcrumblist"},"author":{"@id":"https:\/\/eldigitaldeasturias.com\/magazine365\/author\/admin\/#author"},"creator":{"@id":"https:\/\/eldigitaldeasturias.com\/magazine365\/author\/admin\/#author"},"image":{"@type":"ImageObject","url":"https:\/\/eldigitaldeasturias.com\/magazine365\/wp-content\/uploads\/2016\/06\/fotonoticia_20160621192919_800.jpg","@id":"https:\/\/eldigitaldeasturias.com\/magazine365\/turismo-promueve-la-primera-reunion-con-la-diocesis-de-cartagena-para-preparar-el-ano-jubilar-de-caravaca\/#mainImage","width":800,"height":533},"primaryImageOfPage":{"@id":"https:\/\/eldigitaldeasturias.com\/magazine365\/turismo-promueve-la-primera-reunion-con-la-diocesis-de-cartagena-para-preparar-el-ano-jubilar-de-caravaca\/#mainImage"},"datePublished":"2016-06-24T09:48:36+02:00","dateModified":"2016-06-24T09:48:36+02:00"},{"@type":"WebSite","@id":"https:\/\/eldigitaldeasturias.com\/magazine365\/#website","url":"https:\/\/eldigitaldeasturias.com\/magazine365\/","name":"El Digital de Asturias","description":"Revista de ocio, turismo y estilo de vida","inLanguage":"es-ES","publisher":{"@id":"https:\/\/eldigitaldeasturias.com\/magazine365\/#organization"}}]},"og:locale":"es_ES","og:site_name":"El Digital de Asturias \u2013 Revista de ocio, turismo y estilo de vida","og:type":"article","og:title":"Turismo promueve la primera reuni\u00f3n con la Di\u00f3cesis de Cartagena para preparar el A\u00f1o Jubilar de Caravaca | El Digital de Asturias","og:description":"El director general del Instituto de Turismo, Manuel Fern\u00e1ndez-Delgado; el obispo de Cartagena, monse\u00f1or Jos\u00e9 Manuel Lorca; el alcalde de Caravaca, Jos\u00e9 Moreno, y la hermana mayor de la Cofrad\u00eda de la Sant\u00edsima y Vera Cruz, Elisa L\u00f3pez-Gir\u00f3n, se han reunido este martes en el Palacio Episcopal de Murcia para abordar los contenidos y las","og:url":"https:\/\/eldigitaldeasturias.com\/magazine365\/turismo-promueve-la-primera-reunion-con-la-diocesis-de-cartagena-para-preparar-el-ano-jubilar-de-caravaca\/","og:image":"https:\/\/eldigitaldeasturias.com\/magazine365\/wp-content\/uploads\/2016\/06\/fotonoticia_20160621192919_800.jpg","og:image:secure_url":"https:\/\/eldigitaldeasturias.com\/magazine365\/wp-content\/uploads\/2016\/06\/fotonoticia_20160621192919_800.jpg","og:image:width":800,"og:image:height":533,"article:published_time":"2016-06-24T07:48:36+00:00","article:modified_time":"2016-06-24T07:48:36+00:00","twitter:card":"summary_large_image","twitter:title":"Turismo promueve la primera reuni\u00f3n con la Di\u00f3cesis de Cartagena para preparar el A\u00f1o Jubilar de Caravaca | El Digital de Asturias","twitter:description":"El director general del Instituto de Turismo, Manuel Fern\u00e1ndez-Delgado; el obispo de Cartagena, monse\u00f1or Jos\u00e9 Manuel Lorca; el alcalde de Caravaca, Jos\u00e9 Moreno, y la hermana mayor de la Cofrad\u00eda de la Sant\u00edsima y Vera Cruz, Elisa L\u00f3pez-Gir\u00f3n, se han reunido este martes en el Palacio Episcopal de Murcia para abordar los contenidos y las","twitter:image":"https:\/\/eldigitaldeasturias.com\/magazine365\/wp-content\/uploads\/2016\/06\/fotonoticia_20160621192919_800.jpg"},"aioseo_meta_data":{"post_id":"80401","title":null,"description":null,"keywords":null,"keyphrases":null,"primary_term":null,"canonical_url":null,"og_title":null,"og_description":null,"og_object_type":"default","og_image_type":"default","og_image_url":null,"og_image_width":null,"og_image_height":null,"og_image_custom_url":null,"og_image_custom_fields":null,"og_video":null,"og_custom_url":null,"og_article_section":null,"og_article_tags":null,"twitter_use_og":false,"twitter_card":"default","twitter_image_type":"default","twitter_image_url":null,"twitter_image_custom_url":null,"twitter_image_custom_fields":null,"twitter_title":null,"twitter_description":null,"schema":{"blockGraphs":[],"customGraphs":[],"default":{"data":{"Article":[],"Course":[],"Dataset":[],"FAQPage":[],"Movie":[],"Person":[],"Product":[],"ProductReview":[],"Car":[],"Recipe":[],"Service":[],"SoftwareApplication":[],"WebPage":[]},"graphName":"","isEnabled":true},"graphs":[],"defaultGraph":"","defaultPostTypeGraph":""},"schema_type":null,"schema_type_options":null,"pillar_content":false,"robots_default":true,"robots_noindex":false,"robots_noarchive":false,"robots_nosnippet":false,"robots_nofollow":false,"robots_noimageindex":false,"robots_noodp":false,"robots_notranslate":false,"robots_max_snippet":null,"robots_max_videopreview":null,"robots_max_imagepreview":"large","priority":null,"frequency":null,"location":null,"local_seo":null,"seo_analyzer_scan_date":"2025-09-27 20:46:52","breadcrumb_settings":null,"limit_modified_date":false,"open_ai":null,"ai":null,"created":"2021-03-08 17:33:41","updated":"2025-09-27 20:46:52"},"aioseo_breadcrumb":"<div class=\"aioseo-breadcrumbs\"><span class=\"aioseo-breadcrumb\">\n\t<a href=\"https:\/\/eldigitaldeasturias.com\/magazine365\" title=\"Home\">Home<\/a>\n<\/span><span class=\"aioseo-breadcrumb-separator\">\u2013<\/span><span class=\"aioseo-breadcrumb\">\n\t<a href=\"https:\/\/eldigitaldeasturias.com\/magazine365\/category\/noticias-actualidad\/\" title=\"Noticias y Actualidad\">Noticias y Actualidad<\/a>\n<\/span><span class=\"aioseo-breadcrumb-separator\">\u2013<\/span><span class=\"aioseo-breadcrumb\">\n\t<a href=\"https:\/\/eldigitaldeasturias.com\/magazine365\/turismo-promueve-la-primera-reunion-con-la-diocesis-de-cartagena-para-preparar-el-ano-jubilar-de-caravaca\/\" title=\"Turismo promueve la primera reuni\u00f3n con la Di\u00f3cesis de Cartagena para preparar el A\u00f1o Jubilar de Caravaca\">Turismo promueve la primera reuni\u00f3n con la Di\u00f3cesis de Cartagena para preparar el A\u00f1o Jubilar de Caravaca<\/a>\n<\/span><\/div>","aioseo_breadcrumb_json":[{"label":"Home","link":"https:\/\/eldigitaldeasturias.com\/magazine365"},{"label":"Noticias y Actualidad","link":"https:\/\/eldigitaldeasturias.com\/magazine365\/category\/noticias-actualidad\/"},{"label":"Turismo promueve la primera reuni\u00f3n con la Di\u00f3cesis de Cartagena para preparar el A\u00f1o Jubilar de Caravaca","link":"https:\/\/eldigitaldeasturias.com\/magazine365\/turismo-promueve-la-primera-reunion-con-la-diocesis-de-cartagena-para-preparar-el-ano-jubilar-de-caravaca\/"}],"_links":{"self":[{"href":"https:\/\/eldigitaldeasturias.com\/magazine365\/wp-json\/wp\/v2\/posts\/80401","targetHints":{"allow":["GET"]}}],"collection":[{"href":"https:\/\/eldigitaldeasturias.com\/magazine365\/wp-json\/wp\/v2\/posts"}],"about":[{"href":"https:\/\/eldigitaldeasturias.com\/magazine365\/wp-json\/wp\/v2\/types\/post"}],"author":[{"embeddable":true,"href":"https:\/\/eldigitaldeasturias.com\/magazine365\/wp-json\/wp\/v2\/users\/1"}],"replies":[{"embeddable":true,"href":"https:\/\/eldigitaldeasturias.com\/magazine365\/wp-json\/wp\/v2\/comments?post=80401"}],"version-history":[{"count":0,"href":"https:\/\/eldigitaldeasturias.com\/magazine365\/wp-json\/wp\/v2\/posts\/80401\/revisions"}],"wp:featuredmedia":[{"embeddable":true,"href":"https:\/\/eldigitaldeasturias.com\/magazine365\/wp-json\/wp\/v2\/media\/80402"}],"wp:attachment":[{"href":"https:\/\/eldigitaldeasturias.com\/magazine365\/wp-json\/wp\/v2\/media?parent=80401"}],"wp:term":[{"taxonomy":"category","embeddable":true,"href":"https:\/\/eldigitaldeasturias.com\/magazine365\/wp-json\/wp\/v2\/categories?post=80401"},{"taxonomy":"post_tag","embeddable":true,"href":"https:\/\/eldigitaldeasturias.com\/magazine365\/wp-json\/wp\/v2\/tags?post=80401"}],"curies":[{"name":"wp","href":"https:\/\/api.w.org\/{rel}","templated":true}]}}