{"id":80392,"date":"2016-06-24T09:45:32","date_gmt":"2016-06-24T07:45:32","guid":{"rendered":"http:\/\/eldigitaldeasturias.com\/magazine365\/?p=80392"},"modified":"2016-06-24T09:45:32","modified_gmt":"2016-06-24T07:45:32","slug":"javier-limon-paco-de-lucia-merece-mas-reconocimiento-sobre-todo-institucional","status":"publish","type":"post","link":"https:\/\/eldigitaldeasturias.com\/magazine365\/javier-limon-paco-de-lucia-merece-mas-reconocimiento-sobre-todo-institucional\/","title":{"rendered":"Javier Lim\u00f3n: \u00abPaco de Luc\u00eda merece m\u00e1s reconocimiento, sobre todo institucional\u00bb"},"content":{"rendered":"<p><img fetchpriority=\"high\" decoding=\"async\" class=\"alignleft size-medium wp-image-80393\" src=\"https:\/\/eldigitaldeasturias.com\/magazine365\/wp-content\/uploads\/2016\/06\/fotonoticia_20160621183702_800-360x270.jpg\" alt=\"fotonoticia_20160621183702_800\" width=\"360\" height=\"270\" srcset=\"https:\/\/eldigitaldeasturias.com\/magazine365\/wp-content\/uploads\/2016\/06\/fotonoticia_20160621183702_800-360x270.jpg 360w, https:\/\/eldigitaldeasturias.com\/magazine365\/wp-content\/uploads\/2016\/06\/fotonoticia_20160621183702_800-650x488.jpg 650w, https:\/\/eldigitaldeasturias.com\/magazine365\/wp-content\/uploads\/2016\/06\/fotonoticia_20160621183702_800-768x576.jpg 768w, https:\/\/eldigitaldeasturias.com\/magazine365\/wp-content\/uploads\/2016\/06\/fotonoticia_20160621183702_800-150x113.jpg 150w, https:\/\/eldigitaldeasturias.com\/magazine365\/wp-content\/uploads\/2016\/06\/fotonoticia_20160621183702_800-450x338.jpg 450w, https:\/\/eldigitaldeasturias.com\/magazine365\/wp-content\/uploads\/2016\/06\/fotonoticia_20160621183702_800-90x67.jpg 90w, https:\/\/eldigitaldeasturias.com\/magazine365\/wp-content\/uploads\/2016\/06\/fotonoticia_20160621183702_800-164x124.jpg 164w, https:\/\/eldigitaldeasturias.com\/magazine365\/wp-content\/uploads\/2016\/06\/fotonoticia_20160621183702_800-100x75.jpg 100w, https:\/\/eldigitaldeasturias.com\/magazine365\/wp-content\/uploads\/2016\/06\/fotonoticia_20160621183702_800.jpg 800w\" sizes=\"(max-width: 360px) 100vw, 360px\" \/>El m\u00fasico y productor Javier Lim\u00f3n ha lamentado el poco reconocimiento que tiene Paco de Luc\u00eda en Espa\u00f1a: \u00abPaco de Luc\u00eda merece m\u00e1s reconocimiento, sobre todo institucional\u00bb. As\u00ed lo ha afirmado este martes 21 de junio con motivo de la presentaci\u00f3n en Madrid de &#8216;La guitarra vuela. So\u00f1ando a Paco de Luc\u00eda&#8217;, documental que dirige junto a Jorge Mart\u00ednez y que pretende ser un homenaje al guitarrista gaditano.<\/p>\n<p>Este homenaje queda plasmado en el documental a trav\u00e9s de su \u00faltima guitarra, &#8216;La Maestro&#8217;, dise\u00f1ada por el propio Paco de Luc\u00eda y con la que pretend\u00eda salir de gira tras grabar su \u00faltimo disco. As\u00ed, el documental recoge el viaje realizado por esta guitarra &#8211;aquella que Paco de Luc\u00eda no pudo realizar&#8211; alrededor de 13 ciudades de Am\u00e9rica Latina y Europa.<\/p>\n<p>Desde Mallorca, Jerez de la Frontera, pasando por Nueva York, Lisboa, Boston, M\u00e9xico, Bogot\u00e1, La Habana, Matanzas, Montevideo, Buenos Aires, Salvador de Bah\u00eda y R\u00edo de Janeiro, la guitarra recorre los lugares que han marcado al guitarrista, donde el instrumento se ha encontrado con otros artistas de la talla de Alejandro Sanz, Alain P\u00e9rez, Gregoire Maret, Chabuco, Carlinhos Brown, Caetano Veloso y Tomatito, entre otros.<\/p>\n<p>Seg\u00fan Lim\u00f3n, &#8216;La guitarra vuela&#8217; es un proyecto en el que se produce la uni\u00f3n entre la guitarra, el flamenco, Espa\u00f1a y Paco de Luc\u00eda, elementos que han demostrado ser un \u00abvalor fundamental\u00bb de la cultura espa\u00f1ola. Por su parte, Mart\u00ednez comenta que el largometraje ha supuesto un \u00abreto may\u00fasculo\u00bb, que era el de \u00abtransportar un objeto sencillo, aparentemente min\u00fasculo\u00bb, que sin embargo \u00abguarda el legado musical y art\u00edstico de todo un pa\u00eds\u00bb. Pero Mart\u00ednez tambi\u00e9n ha incidido en que el proyecto ha supuesto una \u00abexperiencia m\u00e1gica\u00bb cuyo resultado ha sido un documental para recordar \u00abtoda la vida\u00bb.<\/p>\n<p>Para Mart\u00ednez, el documental refleja la \u00abcomuni\u00f3n\u00bb que se establece entre el m\u00fasico y esta guitarra, que en su opini\u00f3n \u00abha abierto todas las puertas habidas y por haber\u00bb.<\/p>\n<p>Respecto a las peculiaridades que ten\u00eda &#8216;La Maestro&#8217;, que fue fabricada por Antonio Morales, Lim\u00f3n ha resaltado su afinaci\u00f3n, caracter\u00edstica t\u00e9cnica de la que Paco de Luc\u00eda era \u00abun obseso\u00bb. Para el productor musical, la aportaci\u00f3n del gaditano a la cultura espa\u00f1ola es \u00abinfinita\u00bb, y destaca desde acordes concretos inventados por De Luc\u00eda y que hoy en d\u00eda se consideran \u00abpatrimonio nacional\u00bb, pasando por la introducci\u00f3n de coros en el flamenco, la grabaci\u00f3n por pistas en el g\u00e9nero o la relaci\u00f3n con el jazz y otras m\u00fasicas. \u00abNo sabr\u00eda dimensionar la aportaci\u00f3n de Paco\u00bb, alaba sobre el m\u00fasico.<\/p>\n<p>Por otro lado, Mart\u00ednez ha resaltado la cantidad de material que se ha grabado para la creaci\u00f3n del documental, tanto que, a su parecer, dar\u00eda para 37 pel\u00edculas como la que han realizado. Seg\u00fan explica, &#8216;El vuelo de la guitarra&#8217; ha sido filmada durante 40 jornadas las 12 horas del d\u00eda y la idea del proyecto naci\u00f3 hace casi un a\u00f1o y medio.<\/p>\n<p>ESTRENO \u00abEN EL CIELO\u00bb<\/p>\n<p>El proyecto cuenta con el patrocinio de Iberia, que adem\u00e1s celebra este a\u00f1o el 70\u00ba aniversario de su primer vuelo entre Espa\u00f1a y Am\u00e9rica Latina. Por este motivo, el documental se estrenar\u00e1 este mes de julio en las pantallas de los vuelos de Iberia que viajen a Am\u00e9rica, o como bien se\u00f1ala Mart\u00ednez, \u00aben el cielo\u00bb, lo que a su juicio supone un \u00abgui\u00f1o\u00bb a Paco de Luc\u00eda. Tras su estreno en los aviones de Iberia (m\u00e1s tarde tambi\u00e9n se proyectar\u00e1 en los vuelos a Shangh\u00e1i, Johannesburgo y Tokio), el documental recorrer\u00e1 festivales, las salas de cine y las televisiones.<\/p>\n<p>\u00abIberia representa nuestro pa\u00eds\u00bb, ha se\u00f1alado Mart\u00ednez, que tambi\u00e9n ha recordado algunos de los momentos m\u00e1s importantes de la compa\u00f1\u00eda a\u00e9rea. \u00abA lo largo de su historia, Iberia ha transportado muchas cosas\u00bb, dice Mart\u00ednez de la compa\u00f1\u00eda, y destaca que haya transportado al &#8216;Guernika&#8217;, a los Beatles o al Papa Juan Pablo II.<\/p>\n<p>Adem\u00e1s de este largometraje, el proyecto incluye un concierto homenaje, un disco y una beca. El concierto, que contar\u00e1 con la familia del propio Paco de Luc\u00eda, se celebrar\u00e1 este martes 21 de junio en el Hangar 7 de Iberia en Madrid y contar\u00e1 tambi\u00e9n con la presencia de amigos, m\u00fasicos, compa\u00f1eros o admiradores del artista.<\/p>\n<p>De la mano de Universal Music Spain, se editar\u00e1 un disco con su banda sonora en el que se incluyen los temas musicales tocados por los artistas que han participado en el documental. El CD saldr\u00e1 a la venta en oto\u00f1o acompa\u00f1ado de un DVD.<\/p>\n<p>Finalmente, como parte del proyecto, Iberia, en colaboraci\u00f3n con Berklee Mediterranean Music Institut (instituci\u00f3n que invisti\u00f3 a Paco de Luc\u00eda &#8216;Doctor Honoris Causa&#8217;), pondr\u00e1 en marcha la Beca Paco de Luc\u00eda, dividida en tres disciplinas art\u00edsticas: cante, caj\u00f3n y guitarra espa\u00f1ola. La beca consistir\u00e1 en un programa de cinco semanas a la que podr\u00e1n optar alumnos de Espa\u00f1a e Iberoam\u00e9rica.<\/p>\n","protected":false},"excerpt":{"rendered":"<p>El m\u00fasico y productor Javier Lim\u00f3n ha lamentado el poco reconocimiento que tiene Paco de Luc\u00eda en Espa\u00f1a: \u00abPaco de Luc\u00eda merece m\u00e1s reconocimiento, sobre todo institucional\u00bb. As\u00ed lo ha afirmado este martes 21 de junio con motivo de la presentaci\u00f3n en Madrid de &#8216;La guitarra vuela. So\u00f1ando a Paco de Luc\u00eda&#8217;, documental que dirige<\/p>\n","protected":false},"author":1,"featured_media":80393,"comment_status":"open","ping_status":"closed","sticky":false,"template":"","format":"standard","meta":{"footnotes":""},"categories":[224],"tags":[],"class_list":{"0":"post-80392","1":"post","2":"type-post","3":"status-publish","4":"format-standard","5":"has-post-thumbnail","7":"category-noticias-actualidad"},"aioseo_notices":[],"aioseo_head":"\n\t\t<!-- All in One SEO Pro 4.9.6.1 - aioseo.com -->\n\t<meta name=\"description\" content=\"El m\u00fasico y productor Javier Lim\u00f3n ha lamentado el poco reconocimiento que tiene Paco de Luc\u00eda en Espa\u00f1a: &quot;Paco de Luc\u00eda merece m\u00e1s reconocimiento, sobre todo institucional&quot;. As\u00ed lo ha afirmado este martes 21 de junio con motivo de la presentaci\u00f3n en Madrid de &#039;La guitarra vuela. So\u00f1ando a Paco de Luc\u00eda&#039;, documental que dirige\" \/>\n\t<meta name=\"robots\" content=\"max-image-preview:large\" \/>\n\t<meta name=\"author\" content=\"admin\"\/>\n\t<meta name=\"google-site-verification\" content=\"UA-38556648-1\" \/>\n\t<meta name=\"keywords\" content=\"noticias y actualidad\" \/>\n\t<link rel=\"canonical\" href=\"https:\/\/eldigitaldeasturias.com\/magazine365\/javier-limon-paco-de-lucia-merece-mas-reconocimiento-sobre-todo-institucional\/\" \/>\n\t<meta name=\"generator\" content=\"All in One SEO Pro (AIOSEO) 4.9.6.1\" \/>\n\t\t<meta property=\"og:locale\" content=\"es_ES\" \/>\n\t\t<meta property=\"og:site_name\" content=\"El Digital de Asturias \u2013 Revista de ocio, turismo y estilo de vida\" \/>\n\t\t<meta property=\"og:type\" content=\"article\" \/>\n\t\t<meta property=\"og:title\" content=\"Javier Lim\u00f3n: \u00abPaco de Luc\u00eda merece m\u00e1s reconocimiento, sobre todo institucional\u00bb | El Digital de Asturias\" \/>\n\t\t<meta property=\"og:description\" content=\"El m\u00fasico y productor Javier Lim\u00f3n ha lamentado el poco reconocimiento que tiene Paco de Luc\u00eda en Espa\u00f1a: &quot;Paco de Luc\u00eda merece m\u00e1s reconocimiento, sobre todo institucional&quot;. As\u00ed lo ha afirmado este martes 21 de junio con motivo de la presentaci\u00f3n en Madrid de &#039;La guitarra vuela. So\u00f1ando a Paco de Luc\u00eda&#039;, documental que dirige\" \/>\n\t\t<meta property=\"og:url\" content=\"https:\/\/eldigitaldeasturias.com\/magazine365\/javier-limon-paco-de-lucia-merece-mas-reconocimiento-sobre-todo-institucional\/\" \/>\n\t\t<meta property=\"og:image\" content=\"https:\/\/eldigitaldeasturias.com\/magazine365\/wp-content\/uploads\/2016\/06\/fotonoticia_20160621183702_800.jpg\" \/>\n\t\t<meta property=\"og:image:secure_url\" content=\"https:\/\/eldigitaldeasturias.com\/magazine365\/wp-content\/uploads\/2016\/06\/fotonoticia_20160621183702_800.jpg\" \/>\n\t\t<meta property=\"og:image:width\" content=\"800\" \/>\n\t\t<meta property=\"og:image:height\" content=\"600\" \/>\n\t\t<meta property=\"article:published_time\" content=\"2016-06-24T07:45:32+00:00\" \/>\n\t\t<meta property=\"article:modified_time\" content=\"2016-06-24T07:45:32+00:00\" \/>\n\t\t<meta name=\"twitter:card\" content=\"summary_large_image\" \/>\n\t\t<meta name=\"twitter:title\" content=\"Javier Lim\u00f3n: \u00abPaco de Luc\u00eda merece m\u00e1s reconocimiento, sobre todo institucional\u00bb | El Digital de Asturias\" \/>\n\t\t<meta name=\"twitter:description\" content=\"El m\u00fasico y productor Javier Lim\u00f3n ha lamentado el poco reconocimiento que tiene Paco de Luc\u00eda en Espa\u00f1a: &quot;Paco de Luc\u00eda merece m\u00e1s reconocimiento, sobre todo institucional&quot;. As\u00ed lo ha afirmado este martes 21 de junio con motivo de la presentaci\u00f3n en Madrid de &#039;La guitarra vuela. So\u00f1ando a Paco de Luc\u00eda&#039;, documental que dirige\" \/>\n\t\t<meta name=\"twitter:image\" content=\"https:\/\/eldigitaldeasturias.com\/magazine365\/wp-content\/uploads\/2016\/06\/fotonoticia_20160621183702_800.jpg\" \/>\n\t\t<script type=\"application\/ld+json\" class=\"aioseo-schema\">\n\t\t\t{\"@context\":\"https:\\\/\\\/schema.org\",\"@graph\":[{\"@type\":\"Article\",\"@id\":\"https:\\\/\\\/eldigitaldeasturias.com\\\/magazine365\\\/javier-limon-paco-de-lucia-merece-mas-reconocimiento-sobre-todo-institucional\\\/#article\",\"name\":\"Javier Lim\\u00f3n: \\u00abPaco de Luc\\u00eda merece m\\u00e1s reconocimiento, sobre todo institucional\\u00bb | El Digital de Asturias\",\"headline\":\"Javier Lim\\u00f3n: \\u00abPaco de Luc\\u00eda merece m\\u00e1s reconocimiento, sobre todo institucional\\u00bb\",\"author\":{\"@id\":\"https:\\\/\\\/eldigitaldeasturias.com\\\/magazine365\\\/author\\\/admin\\\/#author\"},\"publisher\":{\"@id\":\"https:\\\/\\\/eldigitaldeasturias.com\\\/magazine365\\\/#organization\"},\"image\":{\"@type\":\"ImageObject\",\"url\":\"https:\\\/\\\/eldigitaldeasturias.com\\\/magazine365\\\/wp-content\\\/uploads\\\/2016\\\/06\\\/fotonoticia_20160621183702_800.jpg\",\"width\":800,\"height\":600},\"datePublished\":\"2016-06-24T09:45:32+02:00\",\"dateModified\":\"2016-06-24T09:45:32+02:00\",\"inLanguage\":\"es-ES\",\"mainEntityOfPage\":{\"@id\":\"https:\\\/\\\/eldigitaldeasturias.com\\\/magazine365\\\/javier-limon-paco-de-lucia-merece-mas-reconocimiento-sobre-todo-institucional\\\/#webpage\"},\"isPartOf\":{\"@id\":\"https:\\\/\\\/eldigitaldeasturias.com\\\/magazine365\\\/javier-limon-paco-de-lucia-merece-mas-reconocimiento-sobre-todo-institucional\\\/#webpage\"},\"articleSection\":\"Noticias y Actualidad\"},{\"@type\":\"BreadcrumbList\",\"@id\":\"https:\\\/\\\/eldigitaldeasturias.com\\\/magazine365\\\/javier-limon-paco-de-lucia-merece-mas-reconocimiento-sobre-todo-institucional\\\/#breadcrumblist\",\"itemListElement\":[{\"@type\":\"ListItem\",\"@id\":\"https:\\\/\\\/eldigitaldeasturias.com\\\/magazine365#listItem\",\"position\":1,\"name\":\"Home\",\"item\":\"https:\\\/\\\/eldigitaldeasturias.com\\\/magazine365\",\"nextItem\":{\"@type\":\"ListItem\",\"@id\":\"https:\\\/\\\/eldigitaldeasturias.com\\\/magazine365\\\/category\\\/noticias-actualidad\\\/#listItem\",\"name\":\"Noticias y Actualidad\"}},{\"@type\":\"ListItem\",\"@id\":\"https:\\\/\\\/eldigitaldeasturias.com\\\/magazine365\\\/category\\\/noticias-actualidad\\\/#listItem\",\"position\":2,\"name\":\"Noticias y Actualidad\",\"item\":\"https:\\\/\\\/eldigitaldeasturias.com\\\/magazine365\\\/category\\\/noticias-actualidad\\\/\",\"nextItem\":{\"@type\":\"ListItem\",\"@id\":\"https:\\\/\\\/eldigitaldeasturias.com\\\/magazine365\\\/javier-limon-paco-de-lucia-merece-mas-reconocimiento-sobre-todo-institucional\\\/#listItem\",\"name\":\"Javier Lim\\u00f3n: \\u00abPaco de Luc\\u00eda merece m\\u00e1s reconocimiento, sobre todo institucional\\u00bb\"},\"previousItem\":{\"@type\":\"ListItem\",\"@id\":\"https:\\\/\\\/eldigitaldeasturias.com\\\/magazine365#listItem\",\"name\":\"Home\"}},{\"@type\":\"ListItem\",\"@id\":\"https:\\\/\\\/eldigitaldeasturias.com\\\/magazine365\\\/javier-limon-paco-de-lucia-merece-mas-reconocimiento-sobre-todo-institucional\\\/#listItem\",\"position\":3,\"name\":\"Javier Lim\\u00f3n: \\u00abPaco de Luc\\u00eda merece m\\u00e1s reconocimiento, sobre todo institucional\\u00bb\",\"previousItem\":{\"@type\":\"ListItem\",\"@id\":\"https:\\\/\\\/eldigitaldeasturias.com\\\/magazine365\\\/category\\\/noticias-actualidad\\\/#listItem\",\"name\":\"Noticias y Actualidad\"}}]},{\"@type\":\"Organization\",\"@id\":\"https:\\\/\\\/eldigitaldeasturias.com\\\/magazine365\\\/#organization\",\"name\":\"El digital de Asturias\",\"description\":\"Revista de ocio, turismo y estilo de vida\",\"url\":\"https:\\\/\\\/eldigitaldeasturias.com\\\/magazine365\\\/\",\"logo\":{\"@type\":\"ImageObject\",\"url\":\"https:\\\/\\\/www.eldigitaldeasturias.com\\\/noticias\\\/wp-content\\\/uploads\\\/2020\\\/12\\\/EDA.jpg\",\"@id\":\"https:\\\/\\\/eldigitaldeasturias.com\\\/magazine365\\\/javier-limon-paco-de-lucia-merece-mas-reconocimiento-sobre-todo-institucional\\\/#organizationLogo\"},\"image\":{\"@id\":\"https:\\\/\\\/eldigitaldeasturias.com\\\/magazine365\\\/javier-limon-paco-de-lucia-merece-mas-reconocimiento-sobre-todo-institucional\\\/#organizationLogo\"}},{\"@type\":\"Person\",\"@id\":\"https:\\\/\\\/eldigitaldeasturias.com\\\/magazine365\\\/author\\\/admin\\\/#author\",\"url\":\"https:\\\/\\\/eldigitaldeasturias.com\\\/magazine365\\\/author\\\/admin\\\/\",\"name\":\"admin\",\"image\":{\"@type\":\"ImageObject\",\"@id\":\"https:\\\/\\\/eldigitaldeasturias.com\\\/magazine365\\\/javier-limon-paco-de-lucia-merece-mas-reconocimiento-sobre-todo-institucional\\\/#authorImage\",\"url\":\"https:\\\/\\\/eldigitaldeasturias.com\\\/magazine365\\\/wp-content\\\/litespeed\\\/avatar\\\/e571bcf59a0edd6fa6838245a470f2fe.jpg?ver=1776969259\",\"width\":96,\"height\":96,\"caption\":\"admin\"}},{\"@type\":\"WebPage\",\"@id\":\"https:\\\/\\\/eldigitaldeasturias.com\\\/magazine365\\\/javier-limon-paco-de-lucia-merece-mas-reconocimiento-sobre-todo-institucional\\\/#webpage\",\"url\":\"https:\\\/\\\/eldigitaldeasturias.com\\\/magazine365\\\/javier-limon-paco-de-lucia-merece-mas-reconocimiento-sobre-todo-institucional\\\/\",\"name\":\"Javier Lim\\u00f3n: \\u00abPaco de Luc\\u00eda merece m\\u00e1s reconocimiento, sobre todo institucional\\u00bb | El Digital de Asturias\",\"description\":\"El m\\u00fasico y productor Javier Lim\\u00f3n ha lamentado el poco reconocimiento que tiene Paco de Luc\\u00eda en Espa\\u00f1a: \\\"Paco de Luc\\u00eda merece m\\u00e1s reconocimiento, sobre todo institucional\\\". As\\u00ed lo ha afirmado este martes 21 de junio con motivo de la presentaci\\u00f3n en Madrid de 'La guitarra vuela. So\\u00f1ando a Paco de Luc\\u00eda', documental que dirige\",\"inLanguage\":\"es-ES\",\"isPartOf\":{\"@id\":\"https:\\\/\\\/eldigitaldeasturias.com\\\/magazine365\\\/#website\"},\"breadcrumb\":{\"@id\":\"https:\\\/\\\/eldigitaldeasturias.com\\\/magazine365\\\/javier-limon-paco-de-lucia-merece-mas-reconocimiento-sobre-todo-institucional\\\/#breadcrumblist\"},\"author\":{\"@id\":\"https:\\\/\\\/eldigitaldeasturias.com\\\/magazine365\\\/author\\\/admin\\\/#author\"},\"creator\":{\"@id\":\"https:\\\/\\\/eldigitaldeasturias.com\\\/magazine365\\\/author\\\/admin\\\/#author\"},\"image\":{\"@type\":\"ImageObject\",\"url\":\"https:\\\/\\\/eldigitaldeasturias.com\\\/magazine365\\\/wp-content\\\/uploads\\\/2016\\\/06\\\/fotonoticia_20160621183702_800.jpg\",\"@id\":\"https:\\\/\\\/eldigitaldeasturias.com\\\/magazine365\\\/javier-limon-paco-de-lucia-merece-mas-reconocimiento-sobre-todo-institucional\\\/#mainImage\",\"width\":800,\"height\":600},\"primaryImageOfPage\":{\"@id\":\"https:\\\/\\\/eldigitaldeasturias.com\\\/magazine365\\\/javier-limon-paco-de-lucia-merece-mas-reconocimiento-sobre-todo-institucional\\\/#mainImage\"},\"datePublished\":\"2016-06-24T09:45:32+02:00\",\"dateModified\":\"2016-06-24T09:45:32+02:00\"},{\"@type\":\"WebSite\",\"@id\":\"https:\\\/\\\/eldigitaldeasturias.com\\\/magazine365\\\/#website\",\"url\":\"https:\\\/\\\/eldigitaldeasturias.com\\\/magazine365\\\/\",\"name\":\"El Digital de Asturias\",\"description\":\"Revista de ocio, turismo y estilo de vida\",\"inLanguage\":\"es-ES\",\"publisher\":{\"@id\":\"https:\\\/\\\/eldigitaldeasturias.com\\\/magazine365\\\/#organization\"}}]}\n\t\t<\/script>\n\t\t<!-- All in One SEO Pro -->\r\n\t\t<title>Javier Lim\u00f3n: \u00abPaco de Luc\u00eda merece m\u00e1s reconocimiento, sobre todo institucional\u00bb | El Digital de Asturias<\/title>\n\n","aioseo_head_json":{"title":"Javier Lim\u00f3n: \u00abPaco de Luc\u00eda merece m\u00e1s reconocimiento, sobre todo institucional\u00bb | El Digital de Asturias","description":"El m\u00fasico y productor Javier Lim\u00f3n ha lamentado el poco reconocimiento que tiene Paco de Luc\u00eda en Espa\u00f1a: \"Paco de Luc\u00eda merece m\u00e1s reconocimiento, sobre todo institucional\". As\u00ed lo ha afirmado este martes 21 de junio con motivo de la presentaci\u00f3n en Madrid de 'La guitarra vuela. So\u00f1ando a Paco de Luc\u00eda', documental que dirige","canonical_url":"https:\/\/eldigitaldeasturias.com\/magazine365\/javier-limon-paco-de-lucia-merece-mas-reconocimiento-sobre-todo-institucional\/","robots":"max-image-preview:large","keywords":"noticias y actualidad","webmasterTools":{"google-site-verification":"UA-38556648-1","miscellaneous":""},"schema":{"@context":"https:\/\/schema.org","@graph":[{"@type":"Article","@id":"https:\/\/eldigitaldeasturias.com\/magazine365\/javier-limon-paco-de-lucia-merece-mas-reconocimiento-sobre-todo-institucional\/#article","name":"Javier Lim\u00f3n: \u00abPaco de Luc\u00eda merece m\u00e1s reconocimiento, sobre todo institucional\u00bb | El Digital de Asturias","headline":"Javier Lim\u00f3n: \u00abPaco de Luc\u00eda merece m\u00e1s reconocimiento, sobre todo institucional\u00bb","author":{"@id":"https:\/\/eldigitaldeasturias.com\/magazine365\/author\/admin\/#author"},"publisher":{"@id":"https:\/\/eldigitaldeasturias.com\/magazine365\/#organization"},"image":{"@type":"ImageObject","url":"https:\/\/eldigitaldeasturias.com\/magazine365\/wp-content\/uploads\/2016\/06\/fotonoticia_20160621183702_800.jpg","width":800,"height":600},"datePublished":"2016-06-24T09:45:32+02:00","dateModified":"2016-06-24T09:45:32+02:00","inLanguage":"es-ES","mainEntityOfPage":{"@id":"https:\/\/eldigitaldeasturias.com\/magazine365\/javier-limon-paco-de-lucia-merece-mas-reconocimiento-sobre-todo-institucional\/#webpage"},"isPartOf":{"@id":"https:\/\/eldigitaldeasturias.com\/magazine365\/javier-limon-paco-de-lucia-merece-mas-reconocimiento-sobre-todo-institucional\/#webpage"},"articleSection":"Noticias y Actualidad"},{"@type":"BreadcrumbList","@id":"https:\/\/eldigitaldeasturias.com\/magazine365\/javier-limon-paco-de-lucia-merece-mas-reconocimiento-sobre-todo-institucional\/#breadcrumblist","itemListElement":[{"@type":"ListItem","@id":"https:\/\/eldigitaldeasturias.com\/magazine365#listItem","position":1,"name":"Home","item":"https:\/\/eldigitaldeasturias.com\/magazine365","nextItem":{"@type":"ListItem","@id":"https:\/\/eldigitaldeasturias.com\/magazine365\/category\/noticias-actualidad\/#listItem","name":"Noticias y Actualidad"}},{"@type":"ListItem","@id":"https:\/\/eldigitaldeasturias.com\/magazine365\/category\/noticias-actualidad\/#listItem","position":2,"name":"Noticias y Actualidad","item":"https:\/\/eldigitaldeasturias.com\/magazine365\/category\/noticias-actualidad\/","nextItem":{"@type":"ListItem","@id":"https:\/\/eldigitaldeasturias.com\/magazine365\/javier-limon-paco-de-lucia-merece-mas-reconocimiento-sobre-todo-institucional\/#listItem","name":"Javier Lim\u00f3n: \u00abPaco de Luc\u00eda merece m\u00e1s reconocimiento, sobre todo institucional\u00bb"},"previousItem":{"@type":"ListItem","@id":"https:\/\/eldigitaldeasturias.com\/magazine365#listItem","name":"Home"}},{"@type":"ListItem","@id":"https:\/\/eldigitaldeasturias.com\/magazine365\/javier-limon-paco-de-lucia-merece-mas-reconocimiento-sobre-todo-institucional\/#listItem","position":3,"name":"Javier Lim\u00f3n: \u00abPaco de Luc\u00eda merece m\u00e1s reconocimiento, sobre todo institucional\u00bb","previousItem":{"@type":"ListItem","@id":"https:\/\/eldigitaldeasturias.com\/magazine365\/category\/noticias-actualidad\/#listItem","name":"Noticias y Actualidad"}}]},{"@type":"Organization","@id":"https:\/\/eldigitaldeasturias.com\/magazine365\/#organization","name":"El digital de Asturias","description":"Revista de ocio, turismo y estilo de vida","url":"https:\/\/eldigitaldeasturias.com\/magazine365\/","logo":{"@type":"ImageObject","url":"https:\/\/www.eldigitaldeasturias.com\/noticias\/wp-content\/uploads\/2020\/12\/EDA.jpg","@id":"https:\/\/eldigitaldeasturias.com\/magazine365\/javier-limon-paco-de-lucia-merece-mas-reconocimiento-sobre-todo-institucional\/#organizationLogo"},"image":{"@id":"https:\/\/eldigitaldeasturias.com\/magazine365\/javier-limon-paco-de-lucia-merece-mas-reconocimiento-sobre-todo-institucional\/#organizationLogo"}},{"@type":"Person","@id":"https:\/\/eldigitaldeasturias.com\/magazine365\/author\/admin\/#author","url":"https:\/\/eldigitaldeasturias.com\/magazine365\/author\/admin\/","name":"admin","image":{"@type":"ImageObject","@id":"https:\/\/eldigitaldeasturias.com\/magazine365\/javier-limon-paco-de-lucia-merece-mas-reconocimiento-sobre-todo-institucional\/#authorImage","url":"https:\/\/eldigitaldeasturias.com\/magazine365\/wp-content\/litespeed\/avatar\/e571bcf59a0edd6fa6838245a470f2fe.jpg?ver=1776969259","width":96,"height":96,"caption":"admin"}},{"@type":"WebPage","@id":"https:\/\/eldigitaldeasturias.com\/magazine365\/javier-limon-paco-de-lucia-merece-mas-reconocimiento-sobre-todo-institucional\/#webpage","url":"https:\/\/eldigitaldeasturias.com\/magazine365\/javier-limon-paco-de-lucia-merece-mas-reconocimiento-sobre-todo-institucional\/","name":"Javier Lim\u00f3n: \u00abPaco de Luc\u00eda merece m\u00e1s reconocimiento, sobre todo institucional\u00bb | El Digital de Asturias","description":"El m\u00fasico y productor Javier Lim\u00f3n ha lamentado el poco reconocimiento que tiene Paco de Luc\u00eda en Espa\u00f1a: \"Paco de Luc\u00eda merece m\u00e1s reconocimiento, sobre todo institucional\". As\u00ed lo ha afirmado este martes 21 de junio con motivo de la presentaci\u00f3n en Madrid de 'La guitarra vuela. So\u00f1ando a Paco de Luc\u00eda', documental que dirige","inLanguage":"es-ES","isPartOf":{"@id":"https:\/\/eldigitaldeasturias.com\/magazine365\/#website"},"breadcrumb":{"@id":"https:\/\/eldigitaldeasturias.com\/magazine365\/javier-limon-paco-de-lucia-merece-mas-reconocimiento-sobre-todo-institucional\/#breadcrumblist"},"author":{"@id":"https:\/\/eldigitaldeasturias.com\/magazine365\/author\/admin\/#author"},"creator":{"@id":"https:\/\/eldigitaldeasturias.com\/magazine365\/author\/admin\/#author"},"image":{"@type":"ImageObject","url":"https:\/\/eldigitaldeasturias.com\/magazine365\/wp-content\/uploads\/2016\/06\/fotonoticia_20160621183702_800.jpg","@id":"https:\/\/eldigitaldeasturias.com\/magazine365\/javier-limon-paco-de-lucia-merece-mas-reconocimiento-sobre-todo-institucional\/#mainImage","width":800,"height":600},"primaryImageOfPage":{"@id":"https:\/\/eldigitaldeasturias.com\/magazine365\/javier-limon-paco-de-lucia-merece-mas-reconocimiento-sobre-todo-institucional\/#mainImage"},"datePublished":"2016-06-24T09:45:32+02:00","dateModified":"2016-06-24T09:45:32+02:00"},{"@type":"WebSite","@id":"https:\/\/eldigitaldeasturias.com\/magazine365\/#website","url":"https:\/\/eldigitaldeasturias.com\/magazine365\/","name":"El Digital de Asturias","description":"Revista de ocio, turismo y estilo de vida","inLanguage":"es-ES","publisher":{"@id":"https:\/\/eldigitaldeasturias.com\/magazine365\/#organization"}}]},"og:locale":"es_ES","og:site_name":"El Digital de Asturias \u2013 Revista de ocio, turismo y estilo de vida","og:type":"article","og:title":"Javier Lim\u00f3n: \u00abPaco de Luc\u00eda merece m\u00e1s reconocimiento, sobre todo institucional\u00bb | El Digital de Asturias","og:description":"El m\u00fasico y productor Javier Lim\u00f3n ha lamentado el poco reconocimiento que tiene Paco de Luc\u00eda en Espa\u00f1a: &quot;Paco de Luc\u00eda merece m\u00e1s reconocimiento, sobre todo institucional&quot;. As\u00ed lo ha afirmado este martes 21 de junio con motivo de la presentaci\u00f3n en Madrid de 'La guitarra vuela. So\u00f1ando a Paco de Luc\u00eda', documental que dirige","og:url":"https:\/\/eldigitaldeasturias.com\/magazine365\/javier-limon-paco-de-lucia-merece-mas-reconocimiento-sobre-todo-institucional\/","og:image":"https:\/\/eldigitaldeasturias.com\/magazine365\/wp-content\/uploads\/2016\/06\/fotonoticia_20160621183702_800.jpg","og:image:secure_url":"https:\/\/eldigitaldeasturias.com\/magazine365\/wp-content\/uploads\/2016\/06\/fotonoticia_20160621183702_800.jpg","og:image:width":800,"og:image:height":600,"article:published_time":"2016-06-24T07:45:32+00:00","article:modified_time":"2016-06-24T07:45:32+00:00","twitter:card":"summary_large_image","twitter:title":"Javier Lim\u00f3n: \u00abPaco de Luc\u00eda merece m\u00e1s reconocimiento, sobre todo institucional\u00bb | El Digital de Asturias","twitter:description":"El m\u00fasico y productor Javier Lim\u00f3n ha lamentado el poco reconocimiento que tiene Paco de Luc\u00eda en Espa\u00f1a: &quot;Paco de Luc\u00eda merece m\u00e1s reconocimiento, sobre todo institucional&quot;. As\u00ed lo ha afirmado este martes 21 de junio con motivo de la presentaci\u00f3n en Madrid de 'La guitarra vuela. So\u00f1ando a Paco de Luc\u00eda', documental que dirige","twitter:image":"https:\/\/eldigitaldeasturias.com\/magazine365\/wp-content\/uploads\/2016\/06\/fotonoticia_20160621183702_800.jpg"},"aioseo_meta_data":{"post_id":"80392","title":null,"description":null,"keywords":null,"keyphrases":null,"primary_term":null,"canonical_url":null,"og_title":null,"og_description":null,"og_object_type":"default","og_image_type":"default","og_image_url":null,"og_image_width":null,"og_image_height":null,"og_image_custom_url":null,"og_image_custom_fields":null,"og_video":null,"og_custom_url":null,"og_article_section":null,"og_article_tags":null,"twitter_use_og":false,"twitter_card":"default","twitter_image_type":"default","twitter_image_url":null,"twitter_image_custom_url":null,"twitter_image_custom_fields":null,"twitter_title":null,"twitter_description":null,"schema":{"blockGraphs":[],"customGraphs":[],"default":{"data":{"Article":[],"Course":[],"Dataset":[],"FAQPage":[],"Movie":[],"Person":[],"Product":[],"ProductReview":[],"Car":[],"Recipe":[],"Service":[],"SoftwareApplication":[],"WebPage":[]},"graphName":"","isEnabled":true},"graphs":[],"defaultGraph":"","defaultPostTypeGraph":""},"schema_type":null,"schema_type_options":null,"pillar_content":false,"robots_default":true,"robots_noindex":false,"robots_noarchive":false,"robots_nosnippet":false,"robots_nofollow":false,"robots_noimageindex":false,"robots_noodp":false,"robots_notranslate":false,"robots_max_snippet":null,"robots_max_videopreview":null,"robots_max_imagepreview":"large","priority":null,"frequency":null,"location":null,"local_seo":null,"seo_analyzer_scan_date":"2025-09-27 20:45:32","breadcrumb_settings":null,"limit_modified_date":false,"open_ai":null,"ai":null,"created":"2021-03-08 17:33:41","updated":"2025-09-27 20:45:32"},"aioseo_breadcrumb":"<div class=\"aioseo-breadcrumbs\"><span class=\"aioseo-breadcrumb\">\n\t<a href=\"https:\/\/eldigitaldeasturias.com\/magazine365\" title=\"Home\">Home<\/a>\n<\/span><span class=\"aioseo-breadcrumb-separator\">\u2013<\/span><span class=\"aioseo-breadcrumb\">\n\t<a href=\"https:\/\/eldigitaldeasturias.com\/magazine365\/category\/noticias-actualidad\/\" title=\"Noticias y Actualidad\">Noticias y Actualidad<\/a>\n<\/span><span class=\"aioseo-breadcrumb-separator\">\u2013<\/span><span class=\"aioseo-breadcrumb\">\n\t<a href=\"https:\/\/eldigitaldeasturias.com\/magazine365\/javier-limon-paco-de-lucia-merece-mas-reconocimiento-sobre-todo-institucional\/\" title=\"Javier Lim\u00f3n: \u00abPaco de Luc\u00eda merece m\u00e1s reconocimiento, sobre todo institucional\u00bb\">Javier Lim\u00f3n: \u00abPaco de Luc\u00eda merece m\u00e1s reconocimiento, sobre todo institucional\u00bb<\/a>\n<\/span><\/div>","aioseo_breadcrumb_json":[{"label":"Home","link":"https:\/\/eldigitaldeasturias.com\/magazine365"},{"label":"Noticias y Actualidad","link":"https:\/\/eldigitaldeasturias.com\/magazine365\/category\/noticias-actualidad\/"},{"label":"Javier Lim\u00f3n: \u00abPaco de Luc\u00eda merece m\u00e1s reconocimiento, sobre todo institucional\u00bb","link":"https:\/\/eldigitaldeasturias.com\/magazine365\/javier-limon-paco-de-lucia-merece-mas-reconocimiento-sobre-todo-institucional\/"}],"_links":{"self":[{"href":"https:\/\/eldigitaldeasturias.com\/magazine365\/wp-json\/wp\/v2\/posts\/80392","targetHints":{"allow":["GET"]}}],"collection":[{"href":"https:\/\/eldigitaldeasturias.com\/magazine365\/wp-json\/wp\/v2\/posts"}],"about":[{"href":"https:\/\/eldigitaldeasturias.com\/magazine365\/wp-json\/wp\/v2\/types\/post"}],"author":[{"embeddable":true,"href":"https:\/\/eldigitaldeasturias.com\/magazine365\/wp-json\/wp\/v2\/users\/1"}],"replies":[{"embeddable":true,"href":"https:\/\/eldigitaldeasturias.com\/magazine365\/wp-json\/wp\/v2\/comments?post=80392"}],"version-history":[{"count":0,"href":"https:\/\/eldigitaldeasturias.com\/magazine365\/wp-json\/wp\/v2\/posts\/80392\/revisions"}],"wp:featuredmedia":[{"embeddable":true,"href":"https:\/\/eldigitaldeasturias.com\/magazine365\/wp-json\/wp\/v2\/media\/80393"}],"wp:attachment":[{"href":"https:\/\/eldigitaldeasturias.com\/magazine365\/wp-json\/wp\/v2\/media?parent=80392"}],"wp:term":[{"taxonomy":"category","embeddable":true,"href":"https:\/\/eldigitaldeasturias.com\/magazine365\/wp-json\/wp\/v2\/categories?post=80392"},{"taxonomy":"post_tag","embeddable":true,"href":"https:\/\/eldigitaldeasturias.com\/magazine365\/wp-json\/wp\/v2\/tags?post=80392"}],"curies":[{"name":"wp","href":"https:\/\/api.w.org\/{rel}","templated":true}]}}