{"id":80386,"date":"2016-06-24T09:41:36","date_gmt":"2016-06-24T07:41:36","guid":{"rendered":"http:\/\/eldigitaldeasturias.com\/magazine365\/?p=80386"},"modified":"2016-06-24T09:41:36","modified_gmt":"2016-06-24T07:41:36","slug":"fomento-y-pp-trasladan-a-los-empresarios-granadinos-que-los-problemas-del-ave-seran-pasado-en-unos-meses","status":"publish","type":"post","link":"https:\/\/eldigitaldeasturias.com\/magazine365\/fomento-y-pp-trasladan-a-los-empresarios-granadinos-que-los-problemas-del-ave-seran-pasado-en-unos-meses\/","title":{"rendered":"Fomento y PP trasladan a los empresarios granadinos que los problemas del AVE ser\u00e1n \u00abpasado\u00bb en unos meses"},"content":{"rendered":"<p><img fetchpriority=\"high\" decoding=\"async\" class=\"alignleft size-medium wp-image-80387\" src=\"https:\/\/eldigitaldeasturias.com\/magazine365\/wp-content\/uploads\/2016\/06\/fotonoticia_20160621172852_800-360x270.jpg\" alt=\"fotonoticia_20160621172852_800\" width=\"360\" height=\"270\" srcset=\"https:\/\/eldigitaldeasturias.com\/magazine365\/wp-content\/uploads\/2016\/06\/fotonoticia_20160621172852_800-360x270.jpg 360w, https:\/\/eldigitaldeasturias.com\/magazine365\/wp-content\/uploads\/2016\/06\/fotonoticia_20160621172852_800-650x488.jpg 650w, https:\/\/eldigitaldeasturias.com\/magazine365\/wp-content\/uploads\/2016\/06\/fotonoticia_20160621172852_800-768x576.jpg 768w, https:\/\/eldigitaldeasturias.com\/magazine365\/wp-content\/uploads\/2016\/06\/fotonoticia_20160621172852_800-150x113.jpg 150w, https:\/\/eldigitaldeasturias.com\/magazine365\/wp-content\/uploads\/2016\/06\/fotonoticia_20160621172852_800-450x338.jpg 450w, https:\/\/eldigitaldeasturias.com\/magazine365\/wp-content\/uploads\/2016\/06\/fotonoticia_20160621172852_800-90x67.jpg 90w, https:\/\/eldigitaldeasturias.com\/magazine365\/wp-content\/uploads\/2016\/06\/fotonoticia_20160621172852_800-164x124.jpg 164w, https:\/\/eldigitaldeasturias.com\/magazine365\/wp-content\/uploads\/2016\/06\/fotonoticia_20160621172852_800-100x75.jpg 100w, https:\/\/eldigitaldeasturias.com\/magazine365\/wp-content\/uploads\/2016\/06\/fotonoticia_20160621172852_800.jpg 800w\" sizes=\"(max-width: 360px) 100vw, 360px\" \/>El secretario de Estado de Infraestructuras, Julio G\u00f3mez-Pomar, y los candidatos del PP al Congreso y al Senado por la provincia, Santiago P\u00e9rez y Sebasti\u00e1n P\u00e9rez, respectivamente, se han reunido este martes con empresarios granadinos, a los que han trasladado su \u00abplena seguridad\u00bb de que los problemas que todav\u00eda impiden que el AVE llegue a Granada quedar\u00e1n \u00abmuy atr\u00e1s\u00bb en cuesti\u00f3n de meses.<\/p>\n<p>G\u00f3mez-Pomar ha reiterado que el Gobierno ha dado un apoyo continuado a esta infraestructura porque supone \u00abuna mejora para los ciudadanos y las empresas, permite la movilidad, el transporte de mercanc\u00edas y, en definitiva, el desarrollo econ\u00f3mico, razones por las que el AVE de Granada es una prioridad para nosotros\u00bb, seg\u00fan ha recogido el PP de Granada en una nota de prensa.<\/p>\n<p>S\u00ed reconocen que en el tramo de Loja se han producido \u00abdificultades\u00bb, pero el secretario de Estado est\u00e1 convencido de que \u00e9stas se resolver\u00e1n en muy breve plazo, por lo que Granada pronto estar\u00e1 conectada con Madrid en dos horas y cincuenta minutos \u00aby tambi\u00e9n, en menos tiempo, con Antequera y con capitales andaluzas como Sevilla\u00bb.<\/p>\n<p>El compromiso ha llegado en el transcurso de una reuni\u00f3n mantenida en la sede de la Confederaci\u00f3n Granadina de Empresarios, cuyo secretario, Luis Aribayos, le ha agradecido el gesto de desplazarse para dar explicaciones a un sector econ\u00f3mico \u00abque, como es l\u00f3gico, se mostraba preocupado\u00bb.<\/p>\n<p>REUNI\u00d3N CON EL ALCALDE<\/p>\n<p>G\u00f3mez Pomar tambi\u00e9n se ha referido a las reuniones que ha mantenido en la Subdelegaci\u00f3n del Gobierno, para mostrar su \u00abextra\u00f1eza\u00bb por el hecho de que el alcalde, Francisco Cuenca, \u00abprefiriera entrevistarse \u00fanicamente\u00bb con \u00e9l y con el presidente de la Diputaci\u00f3n Provincial, Jos\u00e9 Entrena, y \u00abexcluyera a los portavoces de los grupos municipales, como estaba previsto\u00bb.<\/p>\n<p>Posteriormente, el secretario se reuni\u00f3 con representantes en el consistorio del PP y de Ciudadanos pero al encuentro, seg\u00fan recoge la nota del PP, no acudieron los dem\u00e1s portavoces ni tampoco los miembros de otros colectivos a los que \u00e9l \u00abse hab\u00eda ofrecido reiteradamente a recibir\u00bb.<\/p>\n<p>En ese sentido, ha explicado que primero deb\u00eda tener un encuentro institucional y despu\u00e9s habr\u00eda estado \u00abencantado\u00bb de hablar con cuantas asociaciones lo solicitaran, sin embargo esas asociaciones declinaron el ofrecimiento. \u00abDe todas maneras, reiteramos nuestra disposici\u00f3n a hablar con quienes lo pidan. Las puertas del Ministerio est\u00e1n abiertas y lo que hacemos all\u00ed es transparente\u00bb, ha subrayado.<\/p>\n<p>\u00abSERIEDAD\u00bb VS. \u00abCIRCO MEDI\u00c1TICO\u00bb<\/p>\n<p>Por su parte, el candidato al Congreso Santiago P\u00e9rez ha opuesto la \u00abseriedad\u00bb con la que el PP ha tratado los asuntos relacionados con las infraestructuras en general y con el AVE en particular, y ha puesto como ejemplo esta visita del secretario de Estado, frente al \u00abcirco medi\u00e1tico\u00bb en el que han querido convertir la jornada \u00abel alcalde socialista y sus socios de gobierno en Granada\u00bb.<\/p>\n<p>El presidente provincial del partido y candidato al Senado, Sebasti\u00e1n P\u00e9rez, ha hecho hincapi\u00e9 en que \u00absi ha habido un partido que se ha comprometido seriamente con Granada en estos a\u00f1os, ese ha sido el Partido Popular\u00bb, como lo demuestra que en este periodo se haya terminado la A-7, que est\u00e9n en marcha todos los tramos de la Segunda Circunvalaci\u00f3n o que se haya apostado con firmeza por el desarrollo del aeropuerto y del Puerto de Motril.<\/p>\n<p>\u00abHemos sido la primera provincia de Espa\u00f1a en inversiones de Fomento y eso se demuestra viendo los Presupuestos del Estado. En el AVE hemos sido quienes m\u00e1s hemos gastado y esto tambi\u00e9n lo prueban los n\u00fameros. Todo lo dem\u00e1s son cortinas de humo que se lanzan en una campa\u00f1a electoral\u00bb, ha concluido.<\/p>\n","protected":false},"excerpt":{"rendered":"<p>El secretario de Estado de Infraestructuras, Julio G\u00f3mez-Pomar, y los candidatos del PP al Congreso y al Senado por la provincia, Santiago P\u00e9rez y Sebasti\u00e1n P\u00e9rez, respectivamente, se han reunido este martes con empresarios granadinos, a los que han trasladado su \u00abplena seguridad\u00bb de que los problemas que todav\u00eda impiden que el AVE llegue a<\/p>\n","protected":false},"author":1,"featured_media":80387,"comment_status":"open","ping_status":"closed","sticky":false,"template":"","format":"standard","meta":{"footnotes":""},"categories":[224],"tags":[],"class_list":{"0":"post-80386","1":"post","2":"type-post","3":"status-publish","4":"format-standard","5":"has-post-thumbnail","7":"category-noticias-actualidad"},"aioseo_notices":[],"aioseo_head":"\n\t\t<!-- All in One SEO Pro 4.9.6.1 - aioseo.com -->\n\t<meta name=\"description\" content=\"El secretario de Estado de Infraestructuras, Julio G\u00f3mez-Pomar, y los candidatos del PP al Congreso y al Senado por la provincia, Santiago P\u00e9rez y Sebasti\u00e1n P\u00e9rez, respectivamente, se han reunido este martes con empresarios granadinos, a los que han trasladado su &quot;plena seguridad&quot; de que los problemas que todav\u00eda impiden que el AVE llegue a\" \/>\n\t<meta name=\"robots\" content=\"max-image-preview:large\" \/>\n\t<meta name=\"author\" content=\"admin\"\/>\n\t<meta name=\"google-site-verification\" content=\"UA-38556648-1\" \/>\n\t<meta name=\"keywords\" content=\"noticias y actualidad\" \/>\n\t<link rel=\"canonical\" href=\"https:\/\/eldigitaldeasturias.com\/magazine365\/fomento-y-pp-trasladan-a-los-empresarios-granadinos-que-los-problemas-del-ave-seran-pasado-en-unos-meses\/\" \/>\n\t<meta name=\"generator\" content=\"All in One SEO Pro (AIOSEO) 4.9.6.1\" \/>\n\t\t<meta property=\"og:locale\" content=\"es_ES\" \/>\n\t\t<meta property=\"og:site_name\" content=\"El Digital de Asturias \u2013 Revista de ocio, turismo y estilo de vida\" \/>\n\t\t<meta property=\"og:type\" content=\"article\" \/>\n\t\t<meta property=\"og:title\" content=\"Fomento y PP trasladan a los empresarios granadinos que los problemas del AVE ser\u00e1n \u00abpasado\u00bb en unos meses | El Digital de Asturias\" \/>\n\t\t<meta property=\"og:description\" content=\"El secretario de Estado de Infraestructuras, Julio G\u00f3mez-Pomar, y los candidatos del PP al Congreso y al Senado por la provincia, Santiago P\u00e9rez y Sebasti\u00e1n P\u00e9rez, respectivamente, se han reunido este martes con empresarios granadinos, a los que han trasladado su &quot;plena seguridad&quot; de que los problemas que todav\u00eda impiden que el AVE llegue a\" \/>\n\t\t<meta property=\"og:url\" content=\"https:\/\/eldigitaldeasturias.com\/magazine365\/fomento-y-pp-trasladan-a-los-empresarios-granadinos-que-los-problemas-del-ave-seran-pasado-en-unos-meses\/\" \/>\n\t\t<meta property=\"og:image\" content=\"https:\/\/eldigitaldeasturias.com\/magazine365\/wp-content\/uploads\/2016\/06\/fotonoticia_20160621172852_800.jpg\" \/>\n\t\t<meta property=\"og:image:secure_url\" content=\"https:\/\/eldigitaldeasturias.com\/magazine365\/wp-content\/uploads\/2016\/06\/fotonoticia_20160621172852_800.jpg\" \/>\n\t\t<meta property=\"og:image:width\" content=\"800\" \/>\n\t\t<meta property=\"og:image:height\" content=\"600\" \/>\n\t\t<meta property=\"article:published_time\" content=\"2016-06-24T07:41:36+00:00\" \/>\n\t\t<meta property=\"article:modified_time\" content=\"2016-06-24T07:41:36+00:00\" \/>\n\t\t<meta name=\"twitter:card\" content=\"summary_large_image\" \/>\n\t\t<meta name=\"twitter:title\" content=\"Fomento y PP trasladan a los empresarios granadinos que los problemas del AVE ser\u00e1n \u00abpasado\u00bb en unos meses | El Digital de Asturias\" \/>\n\t\t<meta name=\"twitter:description\" content=\"El secretario de Estado de Infraestructuras, Julio G\u00f3mez-Pomar, y los candidatos del PP al Congreso y al Senado por la provincia, Santiago P\u00e9rez y Sebasti\u00e1n P\u00e9rez, respectivamente, se han reunido este martes con empresarios granadinos, a los que han trasladado su &quot;plena seguridad&quot; de que los problemas que todav\u00eda impiden que el AVE llegue a\" \/>\n\t\t<meta name=\"twitter:image\" content=\"https:\/\/eldigitaldeasturias.com\/magazine365\/wp-content\/uploads\/2016\/06\/fotonoticia_20160621172852_800.jpg\" \/>\n\t\t<script type=\"application\/ld+json\" class=\"aioseo-schema\">\n\t\t\t{\"@context\":\"https:\\\/\\\/schema.org\",\"@graph\":[{\"@type\":\"Article\",\"@id\":\"https:\\\/\\\/eldigitaldeasturias.com\\\/magazine365\\\/fomento-y-pp-trasladan-a-los-empresarios-granadinos-que-los-problemas-del-ave-seran-pasado-en-unos-meses\\\/#article\",\"name\":\"Fomento y PP trasladan a los empresarios granadinos que los problemas del AVE ser\\u00e1n \\u00abpasado\\u00bb en unos meses | El Digital de Asturias\",\"headline\":\"Fomento y PP trasladan a los empresarios granadinos que los problemas del AVE ser\\u00e1n \\u00abpasado\\u00bb en unos meses\",\"author\":{\"@id\":\"https:\\\/\\\/eldigitaldeasturias.com\\\/magazine365\\\/author\\\/admin\\\/#author\"},\"publisher\":{\"@id\":\"https:\\\/\\\/eldigitaldeasturias.com\\\/magazine365\\\/#organization\"},\"image\":{\"@type\":\"ImageObject\",\"url\":\"https:\\\/\\\/eldigitaldeasturias.com\\\/magazine365\\\/wp-content\\\/uploads\\\/2016\\\/06\\\/fotonoticia_20160621172852_800.jpg\",\"width\":800,\"height\":600},\"datePublished\":\"2016-06-24T09:41:36+02:00\",\"dateModified\":\"2016-06-24T09:41:36+02:00\",\"inLanguage\":\"es-ES\",\"mainEntityOfPage\":{\"@id\":\"https:\\\/\\\/eldigitaldeasturias.com\\\/magazine365\\\/fomento-y-pp-trasladan-a-los-empresarios-granadinos-que-los-problemas-del-ave-seran-pasado-en-unos-meses\\\/#webpage\"},\"isPartOf\":{\"@id\":\"https:\\\/\\\/eldigitaldeasturias.com\\\/magazine365\\\/fomento-y-pp-trasladan-a-los-empresarios-granadinos-que-los-problemas-del-ave-seran-pasado-en-unos-meses\\\/#webpage\"},\"articleSection\":\"Noticias y Actualidad\"},{\"@type\":\"BreadcrumbList\",\"@id\":\"https:\\\/\\\/eldigitaldeasturias.com\\\/magazine365\\\/fomento-y-pp-trasladan-a-los-empresarios-granadinos-que-los-problemas-del-ave-seran-pasado-en-unos-meses\\\/#breadcrumblist\",\"itemListElement\":[{\"@type\":\"ListItem\",\"@id\":\"https:\\\/\\\/eldigitaldeasturias.com\\\/magazine365#listItem\",\"position\":1,\"name\":\"Home\",\"item\":\"https:\\\/\\\/eldigitaldeasturias.com\\\/magazine365\",\"nextItem\":{\"@type\":\"ListItem\",\"@id\":\"https:\\\/\\\/eldigitaldeasturias.com\\\/magazine365\\\/category\\\/noticias-actualidad\\\/#listItem\",\"name\":\"Noticias y Actualidad\"}},{\"@type\":\"ListItem\",\"@id\":\"https:\\\/\\\/eldigitaldeasturias.com\\\/magazine365\\\/category\\\/noticias-actualidad\\\/#listItem\",\"position\":2,\"name\":\"Noticias y Actualidad\",\"item\":\"https:\\\/\\\/eldigitaldeasturias.com\\\/magazine365\\\/category\\\/noticias-actualidad\\\/\",\"nextItem\":{\"@type\":\"ListItem\",\"@id\":\"https:\\\/\\\/eldigitaldeasturias.com\\\/magazine365\\\/fomento-y-pp-trasladan-a-los-empresarios-granadinos-que-los-problemas-del-ave-seran-pasado-en-unos-meses\\\/#listItem\",\"name\":\"Fomento y PP trasladan a los empresarios granadinos que los problemas del AVE ser\\u00e1n \\u00abpasado\\u00bb en unos meses\"},\"previousItem\":{\"@type\":\"ListItem\",\"@id\":\"https:\\\/\\\/eldigitaldeasturias.com\\\/magazine365#listItem\",\"name\":\"Home\"}},{\"@type\":\"ListItem\",\"@id\":\"https:\\\/\\\/eldigitaldeasturias.com\\\/magazine365\\\/fomento-y-pp-trasladan-a-los-empresarios-granadinos-que-los-problemas-del-ave-seran-pasado-en-unos-meses\\\/#listItem\",\"position\":3,\"name\":\"Fomento y PP trasladan a los empresarios granadinos que los problemas del AVE ser\\u00e1n \\u00abpasado\\u00bb en unos meses\",\"previousItem\":{\"@type\":\"ListItem\",\"@id\":\"https:\\\/\\\/eldigitaldeasturias.com\\\/magazine365\\\/category\\\/noticias-actualidad\\\/#listItem\",\"name\":\"Noticias y Actualidad\"}}]},{\"@type\":\"Organization\",\"@id\":\"https:\\\/\\\/eldigitaldeasturias.com\\\/magazine365\\\/#organization\",\"name\":\"El digital de Asturias\",\"description\":\"Revista de ocio, turismo y estilo de vida\",\"url\":\"https:\\\/\\\/eldigitaldeasturias.com\\\/magazine365\\\/\",\"logo\":{\"@type\":\"ImageObject\",\"url\":\"https:\\\/\\\/www.eldigitaldeasturias.com\\\/noticias\\\/wp-content\\\/uploads\\\/2020\\\/12\\\/EDA.jpg\",\"@id\":\"https:\\\/\\\/eldigitaldeasturias.com\\\/magazine365\\\/fomento-y-pp-trasladan-a-los-empresarios-granadinos-que-los-problemas-del-ave-seran-pasado-en-unos-meses\\\/#organizationLogo\"},\"image\":{\"@id\":\"https:\\\/\\\/eldigitaldeasturias.com\\\/magazine365\\\/fomento-y-pp-trasladan-a-los-empresarios-granadinos-que-los-problemas-del-ave-seran-pasado-en-unos-meses\\\/#organizationLogo\"}},{\"@type\":\"Person\",\"@id\":\"https:\\\/\\\/eldigitaldeasturias.com\\\/magazine365\\\/author\\\/admin\\\/#author\",\"url\":\"https:\\\/\\\/eldigitaldeasturias.com\\\/magazine365\\\/author\\\/admin\\\/\",\"name\":\"admin\",\"image\":{\"@type\":\"ImageObject\",\"@id\":\"https:\\\/\\\/eldigitaldeasturias.com\\\/magazine365\\\/fomento-y-pp-trasladan-a-los-empresarios-granadinos-que-los-problemas-del-ave-seran-pasado-en-unos-meses\\\/#authorImage\",\"url\":\"https:\\\/\\\/eldigitaldeasturias.com\\\/magazine365\\\/wp-content\\\/litespeed\\\/avatar\\\/e571bcf59a0edd6fa6838245a470f2fe.jpg?ver=1776969259\",\"width\":96,\"height\":96,\"caption\":\"admin\"}},{\"@type\":\"WebPage\",\"@id\":\"https:\\\/\\\/eldigitaldeasturias.com\\\/magazine365\\\/fomento-y-pp-trasladan-a-los-empresarios-granadinos-que-los-problemas-del-ave-seran-pasado-en-unos-meses\\\/#webpage\",\"url\":\"https:\\\/\\\/eldigitaldeasturias.com\\\/magazine365\\\/fomento-y-pp-trasladan-a-los-empresarios-granadinos-que-los-problemas-del-ave-seran-pasado-en-unos-meses\\\/\",\"name\":\"Fomento y PP trasladan a los empresarios granadinos que los problemas del AVE ser\\u00e1n \\u00abpasado\\u00bb en unos meses | El Digital de Asturias\",\"description\":\"El secretario de Estado de Infraestructuras, Julio G\\u00f3mez-Pomar, y los candidatos del PP al Congreso y al Senado por la provincia, Santiago P\\u00e9rez y Sebasti\\u00e1n P\\u00e9rez, respectivamente, se han reunido este martes con empresarios granadinos, a los que han trasladado su \\\"plena seguridad\\\" de que los problemas que todav\\u00eda impiden que el AVE llegue a\",\"inLanguage\":\"es-ES\",\"isPartOf\":{\"@id\":\"https:\\\/\\\/eldigitaldeasturias.com\\\/magazine365\\\/#website\"},\"breadcrumb\":{\"@id\":\"https:\\\/\\\/eldigitaldeasturias.com\\\/magazine365\\\/fomento-y-pp-trasladan-a-los-empresarios-granadinos-que-los-problemas-del-ave-seran-pasado-en-unos-meses\\\/#breadcrumblist\"},\"author\":{\"@id\":\"https:\\\/\\\/eldigitaldeasturias.com\\\/magazine365\\\/author\\\/admin\\\/#author\"},\"creator\":{\"@id\":\"https:\\\/\\\/eldigitaldeasturias.com\\\/magazine365\\\/author\\\/admin\\\/#author\"},\"image\":{\"@type\":\"ImageObject\",\"url\":\"https:\\\/\\\/eldigitaldeasturias.com\\\/magazine365\\\/wp-content\\\/uploads\\\/2016\\\/06\\\/fotonoticia_20160621172852_800.jpg\",\"@id\":\"https:\\\/\\\/eldigitaldeasturias.com\\\/magazine365\\\/fomento-y-pp-trasladan-a-los-empresarios-granadinos-que-los-problemas-del-ave-seran-pasado-en-unos-meses\\\/#mainImage\",\"width\":800,\"height\":600},\"primaryImageOfPage\":{\"@id\":\"https:\\\/\\\/eldigitaldeasturias.com\\\/magazine365\\\/fomento-y-pp-trasladan-a-los-empresarios-granadinos-que-los-problemas-del-ave-seran-pasado-en-unos-meses\\\/#mainImage\"},\"datePublished\":\"2016-06-24T09:41:36+02:00\",\"dateModified\":\"2016-06-24T09:41:36+02:00\"},{\"@type\":\"WebSite\",\"@id\":\"https:\\\/\\\/eldigitaldeasturias.com\\\/magazine365\\\/#website\",\"url\":\"https:\\\/\\\/eldigitaldeasturias.com\\\/magazine365\\\/\",\"name\":\"El Digital de Asturias\",\"description\":\"Revista de ocio, turismo y estilo de vida\",\"inLanguage\":\"es-ES\",\"publisher\":{\"@id\":\"https:\\\/\\\/eldigitaldeasturias.com\\\/magazine365\\\/#organization\"}}]}\n\t\t<\/script>\n\t\t<!-- All in One SEO Pro -->\r\n\t\t<title>Fomento y PP trasladan a los empresarios granadinos que los problemas del AVE ser\u00e1n \u00abpasado\u00bb en unos meses | El Digital de Asturias<\/title>\n\n","aioseo_head_json":{"title":"Fomento y PP trasladan a los empresarios granadinos que los problemas del AVE ser\u00e1n \u00abpasado\u00bb en unos meses | El Digital de Asturias","description":"El secretario de Estado de Infraestructuras, Julio G\u00f3mez-Pomar, y los candidatos del PP al Congreso y al Senado por la provincia, Santiago P\u00e9rez y Sebasti\u00e1n P\u00e9rez, respectivamente, se han reunido este martes con empresarios granadinos, a los que han trasladado su \"plena seguridad\" de que los problemas que todav\u00eda impiden que el AVE llegue a","canonical_url":"https:\/\/eldigitaldeasturias.com\/magazine365\/fomento-y-pp-trasladan-a-los-empresarios-granadinos-que-los-problemas-del-ave-seran-pasado-en-unos-meses\/","robots":"max-image-preview:large","keywords":"noticias y actualidad","webmasterTools":{"google-site-verification":"UA-38556648-1","miscellaneous":""},"schema":{"@context":"https:\/\/schema.org","@graph":[{"@type":"Article","@id":"https:\/\/eldigitaldeasturias.com\/magazine365\/fomento-y-pp-trasladan-a-los-empresarios-granadinos-que-los-problemas-del-ave-seran-pasado-en-unos-meses\/#article","name":"Fomento y PP trasladan a los empresarios granadinos que los problemas del AVE ser\u00e1n \u00abpasado\u00bb en unos meses | El Digital de Asturias","headline":"Fomento y PP trasladan a los empresarios granadinos que los problemas del AVE ser\u00e1n \u00abpasado\u00bb en unos meses","author":{"@id":"https:\/\/eldigitaldeasturias.com\/magazine365\/author\/admin\/#author"},"publisher":{"@id":"https:\/\/eldigitaldeasturias.com\/magazine365\/#organization"},"image":{"@type":"ImageObject","url":"https:\/\/eldigitaldeasturias.com\/magazine365\/wp-content\/uploads\/2016\/06\/fotonoticia_20160621172852_800.jpg","width":800,"height":600},"datePublished":"2016-06-24T09:41:36+02:00","dateModified":"2016-06-24T09:41:36+02:00","inLanguage":"es-ES","mainEntityOfPage":{"@id":"https:\/\/eldigitaldeasturias.com\/magazine365\/fomento-y-pp-trasladan-a-los-empresarios-granadinos-que-los-problemas-del-ave-seran-pasado-en-unos-meses\/#webpage"},"isPartOf":{"@id":"https:\/\/eldigitaldeasturias.com\/magazine365\/fomento-y-pp-trasladan-a-los-empresarios-granadinos-que-los-problemas-del-ave-seran-pasado-en-unos-meses\/#webpage"},"articleSection":"Noticias y Actualidad"},{"@type":"BreadcrumbList","@id":"https:\/\/eldigitaldeasturias.com\/magazine365\/fomento-y-pp-trasladan-a-los-empresarios-granadinos-que-los-problemas-del-ave-seran-pasado-en-unos-meses\/#breadcrumblist","itemListElement":[{"@type":"ListItem","@id":"https:\/\/eldigitaldeasturias.com\/magazine365#listItem","position":1,"name":"Home","item":"https:\/\/eldigitaldeasturias.com\/magazine365","nextItem":{"@type":"ListItem","@id":"https:\/\/eldigitaldeasturias.com\/magazine365\/category\/noticias-actualidad\/#listItem","name":"Noticias y Actualidad"}},{"@type":"ListItem","@id":"https:\/\/eldigitaldeasturias.com\/magazine365\/category\/noticias-actualidad\/#listItem","position":2,"name":"Noticias y Actualidad","item":"https:\/\/eldigitaldeasturias.com\/magazine365\/category\/noticias-actualidad\/","nextItem":{"@type":"ListItem","@id":"https:\/\/eldigitaldeasturias.com\/magazine365\/fomento-y-pp-trasladan-a-los-empresarios-granadinos-que-los-problemas-del-ave-seran-pasado-en-unos-meses\/#listItem","name":"Fomento y PP trasladan a los empresarios granadinos que los problemas del AVE ser\u00e1n \u00abpasado\u00bb en unos meses"},"previousItem":{"@type":"ListItem","@id":"https:\/\/eldigitaldeasturias.com\/magazine365#listItem","name":"Home"}},{"@type":"ListItem","@id":"https:\/\/eldigitaldeasturias.com\/magazine365\/fomento-y-pp-trasladan-a-los-empresarios-granadinos-que-los-problemas-del-ave-seran-pasado-en-unos-meses\/#listItem","position":3,"name":"Fomento y PP trasladan a los empresarios granadinos que los problemas del AVE ser\u00e1n \u00abpasado\u00bb en unos meses","previousItem":{"@type":"ListItem","@id":"https:\/\/eldigitaldeasturias.com\/magazine365\/category\/noticias-actualidad\/#listItem","name":"Noticias y Actualidad"}}]},{"@type":"Organization","@id":"https:\/\/eldigitaldeasturias.com\/magazine365\/#organization","name":"El digital de Asturias","description":"Revista de ocio, turismo y estilo de vida","url":"https:\/\/eldigitaldeasturias.com\/magazine365\/","logo":{"@type":"ImageObject","url":"https:\/\/www.eldigitaldeasturias.com\/noticias\/wp-content\/uploads\/2020\/12\/EDA.jpg","@id":"https:\/\/eldigitaldeasturias.com\/magazine365\/fomento-y-pp-trasladan-a-los-empresarios-granadinos-que-los-problemas-del-ave-seran-pasado-en-unos-meses\/#organizationLogo"},"image":{"@id":"https:\/\/eldigitaldeasturias.com\/magazine365\/fomento-y-pp-trasladan-a-los-empresarios-granadinos-que-los-problemas-del-ave-seran-pasado-en-unos-meses\/#organizationLogo"}},{"@type":"Person","@id":"https:\/\/eldigitaldeasturias.com\/magazine365\/author\/admin\/#author","url":"https:\/\/eldigitaldeasturias.com\/magazine365\/author\/admin\/","name":"admin","image":{"@type":"ImageObject","@id":"https:\/\/eldigitaldeasturias.com\/magazine365\/fomento-y-pp-trasladan-a-los-empresarios-granadinos-que-los-problemas-del-ave-seran-pasado-en-unos-meses\/#authorImage","url":"https:\/\/eldigitaldeasturias.com\/magazine365\/wp-content\/litespeed\/avatar\/e571bcf59a0edd6fa6838245a470f2fe.jpg?ver=1776969259","width":96,"height":96,"caption":"admin"}},{"@type":"WebPage","@id":"https:\/\/eldigitaldeasturias.com\/magazine365\/fomento-y-pp-trasladan-a-los-empresarios-granadinos-que-los-problemas-del-ave-seran-pasado-en-unos-meses\/#webpage","url":"https:\/\/eldigitaldeasturias.com\/magazine365\/fomento-y-pp-trasladan-a-los-empresarios-granadinos-que-los-problemas-del-ave-seran-pasado-en-unos-meses\/","name":"Fomento y PP trasladan a los empresarios granadinos que los problemas del AVE ser\u00e1n \u00abpasado\u00bb en unos meses | El Digital de Asturias","description":"El secretario de Estado de Infraestructuras, Julio G\u00f3mez-Pomar, y los candidatos del PP al Congreso y al Senado por la provincia, Santiago P\u00e9rez y Sebasti\u00e1n P\u00e9rez, respectivamente, se han reunido este martes con empresarios granadinos, a los que han trasladado su \"plena seguridad\" de que los problemas que todav\u00eda impiden que el AVE llegue a","inLanguage":"es-ES","isPartOf":{"@id":"https:\/\/eldigitaldeasturias.com\/magazine365\/#website"},"breadcrumb":{"@id":"https:\/\/eldigitaldeasturias.com\/magazine365\/fomento-y-pp-trasladan-a-los-empresarios-granadinos-que-los-problemas-del-ave-seran-pasado-en-unos-meses\/#breadcrumblist"},"author":{"@id":"https:\/\/eldigitaldeasturias.com\/magazine365\/author\/admin\/#author"},"creator":{"@id":"https:\/\/eldigitaldeasturias.com\/magazine365\/author\/admin\/#author"},"image":{"@type":"ImageObject","url":"https:\/\/eldigitaldeasturias.com\/magazine365\/wp-content\/uploads\/2016\/06\/fotonoticia_20160621172852_800.jpg","@id":"https:\/\/eldigitaldeasturias.com\/magazine365\/fomento-y-pp-trasladan-a-los-empresarios-granadinos-que-los-problemas-del-ave-seran-pasado-en-unos-meses\/#mainImage","width":800,"height":600},"primaryImageOfPage":{"@id":"https:\/\/eldigitaldeasturias.com\/magazine365\/fomento-y-pp-trasladan-a-los-empresarios-granadinos-que-los-problemas-del-ave-seran-pasado-en-unos-meses\/#mainImage"},"datePublished":"2016-06-24T09:41:36+02:00","dateModified":"2016-06-24T09:41:36+02:00"},{"@type":"WebSite","@id":"https:\/\/eldigitaldeasturias.com\/magazine365\/#website","url":"https:\/\/eldigitaldeasturias.com\/magazine365\/","name":"El Digital de Asturias","description":"Revista de ocio, turismo y estilo de vida","inLanguage":"es-ES","publisher":{"@id":"https:\/\/eldigitaldeasturias.com\/magazine365\/#organization"}}]},"og:locale":"es_ES","og:site_name":"El Digital de Asturias \u2013 Revista de ocio, turismo y estilo de vida","og:type":"article","og:title":"Fomento y PP trasladan a los empresarios granadinos que los problemas del AVE ser\u00e1n \u00abpasado\u00bb en unos meses | El Digital de Asturias","og:description":"El secretario de Estado de Infraestructuras, Julio G\u00f3mez-Pomar, y los candidatos del PP al Congreso y al Senado por la provincia, Santiago P\u00e9rez y Sebasti\u00e1n P\u00e9rez, respectivamente, se han reunido este martes con empresarios granadinos, a los que han trasladado su &quot;plena seguridad&quot; de que los problemas que todav\u00eda impiden que el AVE llegue a","og:url":"https:\/\/eldigitaldeasturias.com\/magazine365\/fomento-y-pp-trasladan-a-los-empresarios-granadinos-que-los-problemas-del-ave-seran-pasado-en-unos-meses\/","og:image":"https:\/\/eldigitaldeasturias.com\/magazine365\/wp-content\/uploads\/2016\/06\/fotonoticia_20160621172852_800.jpg","og:image:secure_url":"https:\/\/eldigitaldeasturias.com\/magazine365\/wp-content\/uploads\/2016\/06\/fotonoticia_20160621172852_800.jpg","og:image:width":800,"og:image:height":600,"article:published_time":"2016-06-24T07:41:36+00:00","article:modified_time":"2016-06-24T07:41:36+00:00","twitter:card":"summary_large_image","twitter:title":"Fomento y PP trasladan a los empresarios granadinos que los problemas del AVE ser\u00e1n \u00abpasado\u00bb en unos meses | El Digital de Asturias","twitter:description":"El secretario de Estado de Infraestructuras, Julio G\u00f3mez-Pomar, y los candidatos del PP al Congreso y al Senado por la provincia, Santiago P\u00e9rez y Sebasti\u00e1n P\u00e9rez, respectivamente, se han reunido este martes con empresarios granadinos, a los que han trasladado su &quot;plena seguridad&quot; de que los problemas que todav\u00eda impiden que el AVE llegue a","twitter:image":"https:\/\/eldigitaldeasturias.com\/magazine365\/wp-content\/uploads\/2016\/06\/fotonoticia_20160621172852_800.jpg"},"aioseo_meta_data":{"post_id":"80386","title":null,"description":null,"keywords":null,"keyphrases":null,"primary_term":null,"canonical_url":null,"og_title":null,"og_description":null,"og_object_type":"default","og_image_type":"default","og_image_url":null,"og_image_width":null,"og_image_height":null,"og_image_custom_url":null,"og_image_custom_fields":null,"og_video":null,"og_custom_url":null,"og_article_section":null,"og_article_tags":null,"twitter_use_og":false,"twitter_card":"default","twitter_image_type":"default","twitter_image_url":null,"twitter_image_custom_url":null,"twitter_image_custom_fields":null,"twitter_title":null,"twitter_description":null,"schema":{"blockGraphs":[],"customGraphs":[],"default":{"data":{"Article":[],"Course":[],"Dataset":[],"FAQPage":[],"Movie":[],"Person":[],"Product":[],"ProductReview":[],"Car":[],"Recipe":[],"Service":[],"SoftwareApplication":[],"WebPage":[]},"graphName":"","isEnabled":true},"graphs":[],"defaultGraph":"","defaultPostTypeGraph":""},"schema_type":null,"schema_type_options":null,"pillar_content":false,"robots_default":true,"robots_noindex":false,"robots_noarchive":false,"robots_nosnippet":false,"robots_nofollow":false,"robots_noimageindex":false,"robots_noodp":false,"robots_notranslate":false,"robots_max_snippet":null,"robots_max_videopreview":null,"robots_max_imagepreview":"large","priority":null,"frequency":null,"location":null,"local_seo":null,"seo_analyzer_scan_date":"2025-09-27 20:45:29","breadcrumb_settings":null,"limit_modified_date":false,"open_ai":null,"ai":null,"created":"2021-03-08 17:33:41","updated":"2025-09-27 20:45:29"},"aioseo_breadcrumb":"<div class=\"aioseo-breadcrumbs\"><span class=\"aioseo-breadcrumb\">\n\t<a href=\"https:\/\/eldigitaldeasturias.com\/magazine365\" title=\"Home\">Home<\/a>\n<\/span><span class=\"aioseo-breadcrumb-separator\">\u2013<\/span><span class=\"aioseo-breadcrumb\">\n\t<a href=\"https:\/\/eldigitaldeasturias.com\/magazine365\/category\/noticias-actualidad\/\" title=\"Noticias y Actualidad\">Noticias y Actualidad<\/a>\n<\/span><span class=\"aioseo-breadcrumb-separator\">\u2013<\/span><span class=\"aioseo-breadcrumb\">\n\t<a href=\"https:\/\/eldigitaldeasturias.com\/magazine365\/fomento-y-pp-trasladan-a-los-empresarios-granadinos-que-los-problemas-del-ave-seran-pasado-en-unos-meses\/\" title=\"Fomento y PP trasladan a los empresarios granadinos que los problemas del AVE ser\u00e1n \u00abpasado\u00bb en unos meses\">Fomento y PP trasladan a los empresarios granadinos que los problemas del AVE ser\u00e1n \u00abpasado\u00bb en unos meses<\/a>\n<\/span><\/div>","aioseo_breadcrumb_json":[{"label":"Home","link":"https:\/\/eldigitaldeasturias.com\/magazine365"},{"label":"Noticias y Actualidad","link":"https:\/\/eldigitaldeasturias.com\/magazine365\/category\/noticias-actualidad\/"},{"label":"Fomento y PP trasladan a los empresarios granadinos que los problemas del AVE ser\u00e1n \u00abpasado\u00bb en unos meses","link":"https:\/\/eldigitaldeasturias.com\/magazine365\/fomento-y-pp-trasladan-a-los-empresarios-granadinos-que-los-problemas-del-ave-seran-pasado-en-unos-meses\/"}],"_links":{"self":[{"href":"https:\/\/eldigitaldeasturias.com\/magazine365\/wp-json\/wp\/v2\/posts\/80386","targetHints":{"allow":["GET"]}}],"collection":[{"href":"https:\/\/eldigitaldeasturias.com\/magazine365\/wp-json\/wp\/v2\/posts"}],"about":[{"href":"https:\/\/eldigitaldeasturias.com\/magazine365\/wp-json\/wp\/v2\/types\/post"}],"author":[{"embeddable":true,"href":"https:\/\/eldigitaldeasturias.com\/magazine365\/wp-json\/wp\/v2\/users\/1"}],"replies":[{"embeddable":true,"href":"https:\/\/eldigitaldeasturias.com\/magazine365\/wp-json\/wp\/v2\/comments?post=80386"}],"version-history":[{"count":0,"href":"https:\/\/eldigitaldeasturias.com\/magazine365\/wp-json\/wp\/v2\/posts\/80386\/revisions"}],"wp:featuredmedia":[{"embeddable":true,"href":"https:\/\/eldigitaldeasturias.com\/magazine365\/wp-json\/wp\/v2\/media\/80387"}],"wp:attachment":[{"href":"https:\/\/eldigitaldeasturias.com\/magazine365\/wp-json\/wp\/v2\/media?parent=80386"}],"wp:term":[{"taxonomy":"category","embeddable":true,"href":"https:\/\/eldigitaldeasturias.com\/magazine365\/wp-json\/wp\/v2\/categories?post=80386"},{"taxonomy":"post_tag","embeddable":true,"href":"https:\/\/eldigitaldeasturias.com\/magazine365\/wp-json\/wp\/v2\/tags?post=80386"}],"curies":[{"name":"wp","href":"https:\/\/api.w.org\/{rel}","templated":true}]}}