{"id":80371,"date":"2016-06-24T09:37:18","date_gmt":"2016-06-24T07:37:18","guid":{"rendered":"http:\/\/eldigitaldeasturias.com\/magazine365\/?p=80371"},"modified":"2016-06-24T09:37:18","modified_gmt":"2016-06-24T07:37:18","slug":"turismo-costa-del-sol-impulsa-103veranos","status":"publish","type":"post","link":"https:\/\/eldigitaldeasturias.com\/magazine365\/turismo-costa-del-sol-impulsa-103veranos\/","title":{"rendered":"Turismo Costa del Sol impulsa #103veranos"},"content":{"rendered":"<p><img fetchpriority=\"high\" decoding=\"async\" class=\"alignleft size-medium wp-image-80372\" src=\"https:\/\/eldigitaldeasturias.com\/magazine365\/wp-content\/uploads\/2016\/06\/fotonoticia_20160621162218_800-360x243.jpg\" alt=\"fotonoticia_20160621162218_800\" width=\"360\" height=\"243\" srcset=\"https:\/\/eldigitaldeasturias.com\/magazine365\/wp-content\/uploads\/2016\/06\/fotonoticia_20160621162218_800-360x243.jpg 360w, https:\/\/eldigitaldeasturias.com\/magazine365\/wp-content\/uploads\/2016\/06\/fotonoticia_20160621162218_800-650x439.jpg 650w, https:\/\/eldigitaldeasturias.com\/magazine365\/wp-content\/uploads\/2016\/06\/fotonoticia_20160621162218_800-768x518.jpg 768w, https:\/\/eldigitaldeasturias.com\/magazine365\/wp-content\/uploads\/2016\/06\/fotonoticia_20160621162218_800-150x101.jpg 150w, https:\/\/eldigitaldeasturias.com\/magazine365\/wp-content\/uploads\/2016\/06\/fotonoticia_20160621162218_800-450x304.jpg 450w, https:\/\/eldigitaldeasturias.com\/magazine365\/wp-content\/uploads\/2016\/06\/fotonoticia_20160621162218_800.jpg 800w\" sizes=\"(max-width: 360px) 100vw, 360px\" \/>Con motivo de la llegada del verano, y para la puesta en valor del destino a todos los alcances y perfiles, Turismo Costa del Sol ha impulsado la campa\u00f1a #103veranos, una acci\u00f3n de promoci\u00f3n de la provincia de M\u00e1laga en las redes sociales Twitter y Facebook que vertebrar\u00e1 la comunicaci\u00f3n 2.0 durante los pr\u00f3ximos meses.<\/p>\n<p>La Costa del Sol recibe un verano que, a juzgar por los indicadores tur\u00edsticos, va camino de batir cifras \u00abhist\u00f3ricas\u00bb, siendo este 21 de junio la fecha tradicional de arranque de la estaci\u00f3n, en la que se prev\u00e9 un incremento de la actividad tur\u00edstica de un 11-12% con respecto al per\u00edodo estival de 2015, que \u00abya de por s\u00ed present\u00f3 unas magn\u00edficas cifras\u00bb.<\/p>\n<p>En concreto, en la red social Twitter, a trav\u00e9s del perfil oficial de Turismo y Planificaci\u00f3n Costa del Sol, @vivecostadelsol, que ya roza los 18.000 seguidores, y mediante el uso del hashtag #103veranos, distintas personas relacionadas con el destino, ya sea en el rol de residentes, trabajadores, personal del sector hostelero o representantes de colectivos, promocionar\u00e1n en primera persona las bondades de la provincia de M\u00e1laga con la puesta en valor de los distintos segmentos.<\/p>\n<p>Esta misma acci\u00f3n estar\u00e1 igualmente presente en la p\u00e1gina oficial de Facebook: facebook.com\/visitacostadelsol, seg\u00fan han informado desde Turismo Costa del Sol a trav\u00e9s de un comunicado.<\/p>\n<p>El director general de Turismo Costa del Sol, Arturo Bernal, ha apuntado que \u00abla red social Twitter, que cuenta con 332 millones de usuarios activos, se va a convertir en una potente herramienta de promoci\u00f3n de la provincia de M\u00e1laga gracias a inteligentes campa\u00f1as como la de #103veranos, en donde nuestro destino, con sus 103 pueblos, tendr\u00e1n oportunidad de exponerse al mundo 2.0\u00bb.<\/p>\n<p>El deporte, la gastronom\u00eda, la cultura, el sol y la playa, el golf, el ocio, el turismo activo y de interior y \u00abtodos los segmentos en que se divide la oferta tur\u00edstica de la Costa del Sol se pueden vivir magn\u00edficamente durante el verano en la provincia de M\u00e1laga\u00bb, ha enumerado Bernal.<\/p>\n<p>\u00abLos rincones que ofrece el destino &#8211;ha continuado&#8211;, cada uno con su historia, permiten presentar una oferta tan singular y variada que podemos construir en la Costa del Sol hasta 103 veranos distintos, y muchos m\u00e1s&#8230;\u00bb.<\/p>\n<p>ACCI\u00d3N<\/p>\n<p>La acci\u00f3n se integrar\u00e1 por una serie de tuits, muchos con contenidos multimedia, en donde los distintos perfiles relacionados con la Costa del Sol ir\u00e1n expresando por qu\u00e9 M\u00e1laga es un destino \u00fanico para el verano y, adem\u00e1s, c\u00f3mo esperan vivir el que hoy comienza.<\/p>\n<p>As\u00ed, aprovechando el uso del hashtag #103veranos, tambi\u00e9n las distintas instituciones y empresas de la Costa del Sol podr\u00e1n incorporarse a la campa\u00f1a ofreciendo sus distintas ofertas y promociones especializadas de cara al per\u00edodo estival. Las distintas piezas promocionales tambi\u00e9n tendr\u00e1n su lugar en la red social Facebook.<\/p>\n","protected":false},"excerpt":{"rendered":"<p>Con motivo de la llegada del verano, y para la puesta en valor del destino a todos los alcances y perfiles, Turismo Costa del Sol ha impulsado la campa\u00f1a #103veranos, una acci\u00f3n de promoci\u00f3n de la provincia de M\u00e1laga en las redes sociales Twitter y Facebook que vertebrar\u00e1 la comunicaci\u00f3n 2.0 durante los pr\u00f3ximos meses.<\/p>\n","protected":false},"author":1,"featured_media":80372,"comment_status":"open","ping_status":"closed","sticky":false,"template":"","format":"standard","meta":{"footnotes":""},"categories":[224],"tags":[],"class_list":{"0":"post-80371","1":"post","2":"type-post","3":"status-publish","4":"format-standard","5":"has-post-thumbnail","7":"category-noticias-actualidad"},"aioseo_notices":[],"aioseo_head":"\n\t\t<!-- All in One SEO Pro 4.9.6.1 - aioseo.com -->\n\t<meta name=\"description\" content=\"Con motivo de la llegada del verano, y para la puesta en valor del destino a todos los alcances y perfiles, Turismo Costa del Sol ha impulsado la campa\u00f1a #103veranos, una acci\u00f3n de promoci\u00f3n de la provincia de M\u00e1laga en las redes sociales Twitter y Facebook que vertebrar\u00e1 la comunicaci\u00f3n 2.0 durante los pr\u00f3ximos meses.\" \/>\n\t<meta name=\"robots\" content=\"max-image-preview:large\" \/>\n\t<meta name=\"author\" content=\"admin\"\/>\n\t<meta name=\"google-site-verification\" content=\"UA-38556648-1\" \/>\n\t<meta name=\"keywords\" content=\"noticias y actualidad\" \/>\n\t<link rel=\"canonical\" href=\"https:\/\/eldigitaldeasturias.com\/magazine365\/turismo-costa-del-sol-impulsa-103veranos\/\" \/>\n\t<meta name=\"generator\" content=\"All in One SEO Pro (AIOSEO) 4.9.6.1\" \/>\n\t\t<meta property=\"og:locale\" content=\"es_ES\" \/>\n\t\t<meta property=\"og:site_name\" content=\"El Digital de Asturias \u2013 Revista de ocio, turismo y estilo de vida\" \/>\n\t\t<meta property=\"og:type\" content=\"article\" \/>\n\t\t<meta property=\"og:title\" content=\"Turismo Costa del Sol impulsa #103veranos | El Digital de Asturias\" \/>\n\t\t<meta property=\"og:description\" content=\"Con motivo de la llegada del verano, y para la puesta en valor del destino a todos los alcances y perfiles, Turismo Costa del Sol ha impulsado la campa\u00f1a #103veranos, una acci\u00f3n de promoci\u00f3n de la provincia de M\u00e1laga en las redes sociales Twitter y Facebook que vertebrar\u00e1 la comunicaci\u00f3n 2.0 durante los pr\u00f3ximos meses.\" \/>\n\t\t<meta property=\"og:url\" content=\"https:\/\/eldigitaldeasturias.com\/magazine365\/turismo-costa-del-sol-impulsa-103veranos\/\" \/>\n\t\t<meta property=\"og:image\" content=\"https:\/\/eldigitaldeasturias.com\/magazine365\/wp-content\/uploads\/2016\/06\/fotonoticia_20160621162218_800.jpg\" \/>\n\t\t<meta property=\"og:image:secure_url\" content=\"https:\/\/eldigitaldeasturias.com\/magazine365\/wp-content\/uploads\/2016\/06\/fotonoticia_20160621162218_800.jpg\" \/>\n\t\t<meta property=\"og:image:width\" content=\"800\" \/>\n\t\t<meta property=\"og:image:height\" content=\"540\" \/>\n\t\t<meta property=\"article:published_time\" content=\"2016-06-24T07:37:18+00:00\" \/>\n\t\t<meta property=\"article:modified_time\" content=\"2016-06-24T07:37:18+00:00\" \/>\n\t\t<meta name=\"twitter:card\" content=\"summary_large_image\" \/>\n\t\t<meta name=\"twitter:title\" content=\"Turismo Costa del Sol impulsa #103veranos | El Digital de Asturias\" \/>\n\t\t<meta name=\"twitter:description\" content=\"Con motivo de la llegada del verano, y para la puesta en valor del destino a todos los alcances y perfiles, Turismo Costa del Sol ha impulsado la campa\u00f1a #103veranos, una acci\u00f3n de promoci\u00f3n de la provincia de M\u00e1laga en las redes sociales Twitter y Facebook que vertebrar\u00e1 la comunicaci\u00f3n 2.0 durante los pr\u00f3ximos meses.\" \/>\n\t\t<meta name=\"twitter:image\" content=\"https:\/\/eldigitaldeasturias.com\/magazine365\/wp-content\/uploads\/2016\/06\/fotonoticia_20160621162218_800.jpg\" \/>\n\t\t<script type=\"application\/ld+json\" class=\"aioseo-schema\">\n\t\t\t{\"@context\":\"https:\\\/\\\/schema.org\",\"@graph\":[{\"@type\":\"Article\",\"@id\":\"https:\\\/\\\/eldigitaldeasturias.com\\\/magazine365\\\/turismo-costa-del-sol-impulsa-103veranos\\\/#article\",\"name\":\"Turismo Costa del Sol impulsa #103veranos | El Digital de Asturias\",\"headline\":\"Turismo Costa del Sol impulsa #103veranos\",\"author\":{\"@id\":\"https:\\\/\\\/eldigitaldeasturias.com\\\/magazine365\\\/author\\\/admin\\\/#author\"},\"publisher\":{\"@id\":\"https:\\\/\\\/eldigitaldeasturias.com\\\/magazine365\\\/#organization\"},\"image\":{\"@type\":\"ImageObject\",\"url\":\"https:\\\/\\\/eldigitaldeasturias.com\\\/magazine365\\\/wp-content\\\/uploads\\\/2016\\\/06\\\/fotonoticia_20160621162218_800.jpg\",\"width\":800,\"height\":540},\"datePublished\":\"2016-06-24T09:37:18+02:00\",\"dateModified\":\"2016-06-24T09:37:18+02:00\",\"inLanguage\":\"es-ES\",\"mainEntityOfPage\":{\"@id\":\"https:\\\/\\\/eldigitaldeasturias.com\\\/magazine365\\\/turismo-costa-del-sol-impulsa-103veranos\\\/#webpage\"},\"isPartOf\":{\"@id\":\"https:\\\/\\\/eldigitaldeasturias.com\\\/magazine365\\\/turismo-costa-del-sol-impulsa-103veranos\\\/#webpage\"},\"articleSection\":\"Noticias y Actualidad\"},{\"@type\":\"BreadcrumbList\",\"@id\":\"https:\\\/\\\/eldigitaldeasturias.com\\\/magazine365\\\/turismo-costa-del-sol-impulsa-103veranos\\\/#breadcrumblist\",\"itemListElement\":[{\"@type\":\"ListItem\",\"@id\":\"https:\\\/\\\/eldigitaldeasturias.com\\\/magazine365#listItem\",\"position\":1,\"name\":\"Home\",\"item\":\"https:\\\/\\\/eldigitaldeasturias.com\\\/magazine365\",\"nextItem\":{\"@type\":\"ListItem\",\"@id\":\"https:\\\/\\\/eldigitaldeasturias.com\\\/magazine365\\\/category\\\/noticias-actualidad\\\/#listItem\",\"name\":\"Noticias y Actualidad\"}},{\"@type\":\"ListItem\",\"@id\":\"https:\\\/\\\/eldigitaldeasturias.com\\\/magazine365\\\/category\\\/noticias-actualidad\\\/#listItem\",\"position\":2,\"name\":\"Noticias y Actualidad\",\"item\":\"https:\\\/\\\/eldigitaldeasturias.com\\\/magazine365\\\/category\\\/noticias-actualidad\\\/\",\"nextItem\":{\"@type\":\"ListItem\",\"@id\":\"https:\\\/\\\/eldigitaldeasturias.com\\\/magazine365\\\/turismo-costa-del-sol-impulsa-103veranos\\\/#listItem\",\"name\":\"Turismo Costa del Sol impulsa #103veranos\"},\"previousItem\":{\"@type\":\"ListItem\",\"@id\":\"https:\\\/\\\/eldigitaldeasturias.com\\\/magazine365#listItem\",\"name\":\"Home\"}},{\"@type\":\"ListItem\",\"@id\":\"https:\\\/\\\/eldigitaldeasturias.com\\\/magazine365\\\/turismo-costa-del-sol-impulsa-103veranos\\\/#listItem\",\"position\":3,\"name\":\"Turismo Costa del Sol impulsa #103veranos\",\"previousItem\":{\"@type\":\"ListItem\",\"@id\":\"https:\\\/\\\/eldigitaldeasturias.com\\\/magazine365\\\/category\\\/noticias-actualidad\\\/#listItem\",\"name\":\"Noticias y Actualidad\"}}]},{\"@type\":\"Organization\",\"@id\":\"https:\\\/\\\/eldigitaldeasturias.com\\\/magazine365\\\/#organization\",\"name\":\"El digital de Asturias\",\"description\":\"Revista de ocio, turismo y estilo de vida\",\"url\":\"https:\\\/\\\/eldigitaldeasturias.com\\\/magazine365\\\/\",\"logo\":{\"@type\":\"ImageObject\",\"url\":\"https:\\\/\\\/www.eldigitaldeasturias.com\\\/noticias\\\/wp-content\\\/uploads\\\/2020\\\/12\\\/EDA.jpg\",\"@id\":\"https:\\\/\\\/eldigitaldeasturias.com\\\/magazine365\\\/turismo-costa-del-sol-impulsa-103veranos\\\/#organizationLogo\"},\"image\":{\"@id\":\"https:\\\/\\\/eldigitaldeasturias.com\\\/magazine365\\\/turismo-costa-del-sol-impulsa-103veranos\\\/#organizationLogo\"}},{\"@type\":\"Person\",\"@id\":\"https:\\\/\\\/eldigitaldeasturias.com\\\/magazine365\\\/author\\\/admin\\\/#author\",\"url\":\"https:\\\/\\\/eldigitaldeasturias.com\\\/magazine365\\\/author\\\/admin\\\/\",\"name\":\"admin\",\"image\":{\"@type\":\"ImageObject\",\"@id\":\"https:\\\/\\\/eldigitaldeasturias.com\\\/magazine365\\\/turismo-costa-del-sol-impulsa-103veranos\\\/#authorImage\",\"url\":\"https:\\\/\\\/eldigitaldeasturias.com\\\/magazine365\\\/wp-content\\\/litespeed\\\/avatar\\\/e571bcf59a0edd6fa6838245a470f2fe.jpg?ver=1776969259\",\"width\":96,\"height\":96,\"caption\":\"admin\"}},{\"@type\":\"WebPage\",\"@id\":\"https:\\\/\\\/eldigitaldeasturias.com\\\/magazine365\\\/turismo-costa-del-sol-impulsa-103veranos\\\/#webpage\",\"url\":\"https:\\\/\\\/eldigitaldeasturias.com\\\/magazine365\\\/turismo-costa-del-sol-impulsa-103veranos\\\/\",\"name\":\"Turismo Costa del Sol impulsa #103veranos | El Digital de Asturias\",\"description\":\"Con motivo de la llegada del verano, y para la puesta en valor del destino a todos los alcances y perfiles, Turismo Costa del Sol ha impulsado la campa\\u00f1a #103veranos, una acci\\u00f3n de promoci\\u00f3n de la provincia de M\\u00e1laga en las redes sociales Twitter y Facebook que vertebrar\\u00e1 la comunicaci\\u00f3n 2.0 durante los pr\\u00f3ximos meses.\",\"inLanguage\":\"es-ES\",\"isPartOf\":{\"@id\":\"https:\\\/\\\/eldigitaldeasturias.com\\\/magazine365\\\/#website\"},\"breadcrumb\":{\"@id\":\"https:\\\/\\\/eldigitaldeasturias.com\\\/magazine365\\\/turismo-costa-del-sol-impulsa-103veranos\\\/#breadcrumblist\"},\"author\":{\"@id\":\"https:\\\/\\\/eldigitaldeasturias.com\\\/magazine365\\\/author\\\/admin\\\/#author\"},\"creator\":{\"@id\":\"https:\\\/\\\/eldigitaldeasturias.com\\\/magazine365\\\/author\\\/admin\\\/#author\"},\"image\":{\"@type\":\"ImageObject\",\"url\":\"https:\\\/\\\/eldigitaldeasturias.com\\\/magazine365\\\/wp-content\\\/uploads\\\/2016\\\/06\\\/fotonoticia_20160621162218_800.jpg\",\"@id\":\"https:\\\/\\\/eldigitaldeasturias.com\\\/magazine365\\\/turismo-costa-del-sol-impulsa-103veranos\\\/#mainImage\",\"width\":800,\"height\":540},\"primaryImageOfPage\":{\"@id\":\"https:\\\/\\\/eldigitaldeasturias.com\\\/magazine365\\\/turismo-costa-del-sol-impulsa-103veranos\\\/#mainImage\"},\"datePublished\":\"2016-06-24T09:37:18+02:00\",\"dateModified\":\"2016-06-24T09:37:18+02:00\"},{\"@type\":\"WebSite\",\"@id\":\"https:\\\/\\\/eldigitaldeasturias.com\\\/magazine365\\\/#website\",\"url\":\"https:\\\/\\\/eldigitaldeasturias.com\\\/magazine365\\\/\",\"name\":\"El Digital de Asturias\",\"description\":\"Revista de ocio, turismo y estilo de vida\",\"inLanguage\":\"es-ES\",\"publisher\":{\"@id\":\"https:\\\/\\\/eldigitaldeasturias.com\\\/magazine365\\\/#organization\"}}]}\n\t\t<\/script>\n\t\t<!-- All in One SEO Pro -->\r\n\t\t<title>Turismo Costa del Sol impulsa #103veranos | El Digital de Asturias<\/title>\n\n","aioseo_head_json":{"title":"Turismo Costa del Sol impulsa #103veranos | El Digital de Asturias","description":"Con motivo de la llegada del verano, y para la puesta en valor del destino a todos los alcances y perfiles, Turismo Costa del Sol ha impulsado la campa\u00f1a #103veranos, una acci\u00f3n de promoci\u00f3n de la provincia de M\u00e1laga en las redes sociales Twitter y Facebook que vertebrar\u00e1 la comunicaci\u00f3n 2.0 durante los pr\u00f3ximos meses.","canonical_url":"https:\/\/eldigitaldeasturias.com\/magazine365\/turismo-costa-del-sol-impulsa-103veranos\/","robots":"max-image-preview:large","keywords":"noticias y actualidad","webmasterTools":{"google-site-verification":"UA-38556648-1","miscellaneous":""},"schema":{"@context":"https:\/\/schema.org","@graph":[{"@type":"Article","@id":"https:\/\/eldigitaldeasturias.com\/magazine365\/turismo-costa-del-sol-impulsa-103veranos\/#article","name":"Turismo Costa del Sol impulsa #103veranos | El Digital de Asturias","headline":"Turismo Costa del Sol impulsa #103veranos","author":{"@id":"https:\/\/eldigitaldeasturias.com\/magazine365\/author\/admin\/#author"},"publisher":{"@id":"https:\/\/eldigitaldeasturias.com\/magazine365\/#organization"},"image":{"@type":"ImageObject","url":"https:\/\/eldigitaldeasturias.com\/magazine365\/wp-content\/uploads\/2016\/06\/fotonoticia_20160621162218_800.jpg","width":800,"height":540},"datePublished":"2016-06-24T09:37:18+02:00","dateModified":"2016-06-24T09:37:18+02:00","inLanguage":"es-ES","mainEntityOfPage":{"@id":"https:\/\/eldigitaldeasturias.com\/magazine365\/turismo-costa-del-sol-impulsa-103veranos\/#webpage"},"isPartOf":{"@id":"https:\/\/eldigitaldeasturias.com\/magazine365\/turismo-costa-del-sol-impulsa-103veranos\/#webpage"},"articleSection":"Noticias y Actualidad"},{"@type":"BreadcrumbList","@id":"https:\/\/eldigitaldeasturias.com\/magazine365\/turismo-costa-del-sol-impulsa-103veranos\/#breadcrumblist","itemListElement":[{"@type":"ListItem","@id":"https:\/\/eldigitaldeasturias.com\/magazine365#listItem","position":1,"name":"Home","item":"https:\/\/eldigitaldeasturias.com\/magazine365","nextItem":{"@type":"ListItem","@id":"https:\/\/eldigitaldeasturias.com\/magazine365\/category\/noticias-actualidad\/#listItem","name":"Noticias y Actualidad"}},{"@type":"ListItem","@id":"https:\/\/eldigitaldeasturias.com\/magazine365\/category\/noticias-actualidad\/#listItem","position":2,"name":"Noticias y Actualidad","item":"https:\/\/eldigitaldeasturias.com\/magazine365\/category\/noticias-actualidad\/","nextItem":{"@type":"ListItem","@id":"https:\/\/eldigitaldeasturias.com\/magazine365\/turismo-costa-del-sol-impulsa-103veranos\/#listItem","name":"Turismo Costa del Sol impulsa #103veranos"},"previousItem":{"@type":"ListItem","@id":"https:\/\/eldigitaldeasturias.com\/magazine365#listItem","name":"Home"}},{"@type":"ListItem","@id":"https:\/\/eldigitaldeasturias.com\/magazine365\/turismo-costa-del-sol-impulsa-103veranos\/#listItem","position":3,"name":"Turismo Costa del Sol impulsa #103veranos","previousItem":{"@type":"ListItem","@id":"https:\/\/eldigitaldeasturias.com\/magazine365\/category\/noticias-actualidad\/#listItem","name":"Noticias y Actualidad"}}]},{"@type":"Organization","@id":"https:\/\/eldigitaldeasturias.com\/magazine365\/#organization","name":"El digital de Asturias","description":"Revista de ocio, turismo y estilo de vida","url":"https:\/\/eldigitaldeasturias.com\/magazine365\/","logo":{"@type":"ImageObject","url":"https:\/\/www.eldigitaldeasturias.com\/noticias\/wp-content\/uploads\/2020\/12\/EDA.jpg","@id":"https:\/\/eldigitaldeasturias.com\/magazine365\/turismo-costa-del-sol-impulsa-103veranos\/#organizationLogo"},"image":{"@id":"https:\/\/eldigitaldeasturias.com\/magazine365\/turismo-costa-del-sol-impulsa-103veranos\/#organizationLogo"}},{"@type":"Person","@id":"https:\/\/eldigitaldeasturias.com\/magazine365\/author\/admin\/#author","url":"https:\/\/eldigitaldeasturias.com\/magazine365\/author\/admin\/","name":"admin","image":{"@type":"ImageObject","@id":"https:\/\/eldigitaldeasturias.com\/magazine365\/turismo-costa-del-sol-impulsa-103veranos\/#authorImage","url":"https:\/\/eldigitaldeasturias.com\/magazine365\/wp-content\/litespeed\/avatar\/e571bcf59a0edd6fa6838245a470f2fe.jpg?ver=1776969259","width":96,"height":96,"caption":"admin"}},{"@type":"WebPage","@id":"https:\/\/eldigitaldeasturias.com\/magazine365\/turismo-costa-del-sol-impulsa-103veranos\/#webpage","url":"https:\/\/eldigitaldeasturias.com\/magazine365\/turismo-costa-del-sol-impulsa-103veranos\/","name":"Turismo Costa del Sol impulsa #103veranos | El Digital de Asturias","description":"Con motivo de la llegada del verano, y para la puesta en valor del destino a todos los alcances y perfiles, Turismo Costa del Sol ha impulsado la campa\u00f1a #103veranos, una acci\u00f3n de promoci\u00f3n de la provincia de M\u00e1laga en las redes sociales Twitter y Facebook que vertebrar\u00e1 la comunicaci\u00f3n 2.0 durante los pr\u00f3ximos meses.","inLanguage":"es-ES","isPartOf":{"@id":"https:\/\/eldigitaldeasturias.com\/magazine365\/#website"},"breadcrumb":{"@id":"https:\/\/eldigitaldeasturias.com\/magazine365\/turismo-costa-del-sol-impulsa-103veranos\/#breadcrumblist"},"author":{"@id":"https:\/\/eldigitaldeasturias.com\/magazine365\/author\/admin\/#author"},"creator":{"@id":"https:\/\/eldigitaldeasturias.com\/magazine365\/author\/admin\/#author"},"image":{"@type":"ImageObject","url":"https:\/\/eldigitaldeasturias.com\/magazine365\/wp-content\/uploads\/2016\/06\/fotonoticia_20160621162218_800.jpg","@id":"https:\/\/eldigitaldeasturias.com\/magazine365\/turismo-costa-del-sol-impulsa-103veranos\/#mainImage","width":800,"height":540},"primaryImageOfPage":{"@id":"https:\/\/eldigitaldeasturias.com\/magazine365\/turismo-costa-del-sol-impulsa-103veranos\/#mainImage"},"datePublished":"2016-06-24T09:37:18+02:00","dateModified":"2016-06-24T09:37:18+02:00"},{"@type":"WebSite","@id":"https:\/\/eldigitaldeasturias.com\/magazine365\/#website","url":"https:\/\/eldigitaldeasturias.com\/magazine365\/","name":"El Digital de Asturias","description":"Revista de ocio, turismo y estilo de vida","inLanguage":"es-ES","publisher":{"@id":"https:\/\/eldigitaldeasturias.com\/magazine365\/#organization"}}]},"og:locale":"es_ES","og:site_name":"El Digital de Asturias \u2013 Revista de ocio, turismo y estilo de vida","og:type":"article","og:title":"Turismo Costa del Sol impulsa #103veranos | El Digital de Asturias","og:description":"Con motivo de la llegada del verano, y para la puesta en valor del destino a todos los alcances y perfiles, Turismo Costa del Sol ha impulsado la campa\u00f1a #103veranos, una acci\u00f3n de promoci\u00f3n de la provincia de M\u00e1laga en las redes sociales Twitter y Facebook que vertebrar\u00e1 la comunicaci\u00f3n 2.0 durante los pr\u00f3ximos meses.","og:url":"https:\/\/eldigitaldeasturias.com\/magazine365\/turismo-costa-del-sol-impulsa-103veranos\/","og:image":"https:\/\/eldigitaldeasturias.com\/magazine365\/wp-content\/uploads\/2016\/06\/fotonoticia_20160621162218_800.jpg","og:image:secure_url":"https:\/\/eldigitaldeasturias.com\/magazine365\/wp-content\/uploads\/2016\/06\/fotonoticia_20160621162218_800.jpg","og:image:width":800,"og:image:height":540,"article:published_time":"2016-06-24T07:37:18+00:00","article:modified_time":"2016-06-24T07:37:18+00:00","twitter:card":"summary_large_image","twitter:title":"Turismo Costa del Sol impulsa #103veranos | El Digital de Asturias","twitter:description":"Con motivo de la llegada del verano, y para la puesta en valor del destino a todos los alcances y perfiles, Turismo Costa del Sol ha impulsado la campa\u00f1a #103veranos, una acci\u00f3n de promoci\u00f3n de la provincia de M\u00e1laga en las redes sociales Twitter y Facebook que vertebrar\u00e1 la comunicaci\u00f3n 2.0 durante los pr\u00f3ximos meses.","twitter:image":"https:\/\/eldigitaldeasturias.com\/magazine365\/wp-content\/uploads\/2016\/06\/fotonoticia_20160621162218_800.jpg"},"aioseo_meta_data":{"post_id":"80371","title":null,"description":null,"keywords":null,"keyphrases":null,"primary_term":null,"canonical_url":null,"og_title":null,"og_description":null,"og_object_type":"default","og_image_type":"default","og_image_url":null,"og_image_width":null,"og_image_height":null,"og_image_custom_url":null,"og_image_custom_fields":null,"og_video":null,"og_custom_url":null,"og_article_section":null,"og_article_tags":null,"twitter_use_og":false,"twitter_card":"default","twitter_image_type":"default","twitter_image_url":null,"twitter_image_custom_url":null,"twitter_image_custom_fields":null,"twitter_title":null,"twitter_description":null,"schema":{"blockGraphs":[],"customGraphs":[],"default":{"data":{"Article":[],"Course":[],"Dataset":[],"FAQPage":[],"Movie":[],"Person":[],"Product":[],"ProductReview":[],"Car":[],"Recipe":[],"Service":[],"SoftwareApplication":[],"WebPage":[]},"graphName":"","isEnabled":true},"graphs":[],"defaultGraph":"","defaultPostTypeGraph":""},"schema_type":null,"schema_type_options":null,"pillar_content":false,"robots_default":true,"robots_noindex":false,"robots_noarchive":false,"robots_nosnippet":false,"robots_nofollow":false,"robots_noimageindex":false,"robots_noodp":false,"robots_notranslate":false,"robots_max_snippet":null,"robots_max_videopreview":null,"robots_max_imagepreview":"large","priority":null,"frequency":null,"location":null,"local_seo":null,"seo_analyzer_scan_date":"2025-09-27 20:44:22","breadcrumb_settings":null,"limit_modified_date":false,"open_ai":null,"ai":null,"created":"2021-03-08 17:33:41","updated":"2025-09-27 20:44:22"},"aioseo_breadcrumb":"<div class=\"aioseo-breadcrumbs\"><span class=\"aioseo-breadcrumb\">\n\t<a href=\"https:\/\/eldigitaldeasturias.com\/magazine365\" title=\"Home\">Home<\/a>\n<\/span><span class=\"aioseo-breadcrumb-separator\">\u2013<\/span><span class=\"aioseo-breadcrumb\">\n\t<a href=\"https:\/\/eldigitaldeasturias.com\/magazine365\/category\/noticias-actualidad\/\" title=\"Noticias y Actualidad\">Noticias y Actualidad<\/a>\n<\/span><span class=\"aioseo-breadcrumb-separator\">\u2013<\/span><span class=\"aioseo-breadcrumb\">\n\t<a href=\"https:\/\/eldigitaldeasturias.com\/magazine365\/turismo-costa-del-sol-impulsa-103veranos\/\" title=\"Turismo Costa del Sol impulsa #103veranos\">Turismo Costa del Sol impulsa #103veranos<\/a>\n<\/span><\/div>","aioseo_breadcrumb_json":[{"label":"Home","link":"https:\/\/eldigitaldeasturias.com\/magazine365"},{"label":"Noticias y Actualidad","link":"https:\/\/eldigitaldeasturias.com\/magazine365\/category\/noticias-actualidad\/"},{"label":"Turismo Costa del Sol impulsa #103veranos","link":"https:\/\/eldigitaldeasturias.com\/magazine365\/turismo-costa-del-sol-impulsa-103veranos\/"}],"_links":{"self":[{"href":"https:\/\/eldigitaldeasturias.com\/magazine365\/wp-json\/wp\/v2\/posts\/80371","targetHints":{"allow":["GET"]}}],"collection":[{"href":"https:\/\/eldigitaldeasturias.com\/magazine365\/wp-json\/wp\/v2\/posts"}],"about":[{"href":"https:\/\/eldigitaldeasturias.com\/magazine365\/wp-json\/wp\/v2\/types\/post"}],"author":[{"embeddable":true,"href":"https:\/\/eldigitaldeasturias.com\/magazine365\/wp-json\/wp\/v2\/users\/1"}],"replies":[{"embeddable":true,"href":"https:\/\/eldigitaldeasturias.com\/magazine365\/wp-json\/wp\/v2\/comments?post=80371"}],"version-history":[{"count":0,"href":"https:\/\/eldigitaldeasturias.com\/magazine365\/wp-json\/wp\/v2\/posts\/80371\/revisions"}],"wp:featuredmedia":[{"embeddable":true,"href":"https:\/\/eldigitaldeasturias.com\/magazine365\/wp-json\/wp\/v2\/media\/80372"}],"wp:attachment":[{"href":"https:\/\/eldigitaldeasturias.com\/magazine365\/wp-json\/wp\/v2\/media?parent=80371"}],"wp:term":[{"taxonomy":"category","embeddable":true,"href":"https:\/\/eldigitaldeasturias.com\/magazine365\/wp-json\/wp\/v2\/categories?post=80371"},{"taxonomy":"post_tag","embeddable":true,"href":"https:\/\/eldigitaldeasturias.com\/magazine365\/wp-json\/wp\/v2\/tags?post=80371"}],"curies":[{"name":"wp","href":"https:\/\/api.w.org\/{rel}","templated":true}]}}