{"id":80368,"date":"2016-06-24T09:36:28","date_gmt":"2016-06-24T07:36:28","guid":{"rendered":"http:\/\/eldigitaldeasturias.com\/magazine365\/?p=80368"},"modified":"2016-06-24T09:36:28","modified_gmt":"2016-06-24T07:36:28","slug":"nueva-web-y-audiovisual-para-promocionar-el-viaje-al-tiempo-de-los-iberos-de-jaen","status":"publish","type":"post","link":"https:\/\/eldigitaldeasturias.com\/magazine365\/nueva-web-y-audiovisual-para-promocionar-el-viaje-al-tiempo-de-los-iberos-de-jaen\/","title":{"rendered":"Nueva web y audiovisual para promocionar &#8216;El Viaje al Tiempo de los Iberos&#8217; de Ja\u00e9n"},"content":{"rendered":"<p><img fetchpriority=\"high\" decoding=\"async\" class=\"alignleft size-medium wp-image-80369\" src=\"https:\/\/eldigitaldeasturias.com\/magazine365\/wp-content\/uploads\/2016\/06\/fotonoticia_20160621162004_800-360x270.jpg\" alt=\"fotonoticia_20160621162004_800\" width=\"360\" height=\"270\" srcset=\"https:\/\/eldigitaldeasturias.com\/magazine365\/wp-content\/uploads\/2016\/06\/fotonoticia_20160621162004_800-360x270.jpg 360w, https:\/\/eldigitaldeasturias.com\/magazine365\/wp-content\/uploads\/2016\/06\/fotonoticia_20160621162004_800-650x488.jpg 650w, https:\/\/eldigitaldeasturias.com\/magazine365\/wp-content\/uploads\/2016\/06\/fotonoticia_20160621162004_800-768x576.jpg 768w, https:\/\/eldigitaldeasturias.com\/magazine365\/wp-content\/uploads\/2016\/06\/fotonoticia_20160621162004_800-150x113.jpg 150w, https:\/\/eldigitaldeasturias.com\/magazine365\/wp-content\/uploads\/2016\/06\/fotonoticia_20160621162004_800-450x338.jpg 450w, https:\/\/eldigitaldeasturias.com\/magazine365\/wp-content\/uploads\/2016\/06\/fotonoticia_20160621162004_800-90x67.jpg 90w, https:\/\/eldigitaldeasturias.com\/magazine365\/wp-content\/uploads\/2016\/06\/fotonoticia_20160621162004_800-164x124.jpg 164w, https:\/\/eldigitaldeasturias.com\/magazine365\/wp-content\/uploads\/2016\/06\/fotonoticia_20160621162004_800-100x75.jpg 100w, https:\/\/eldigitaldeasturias.com\/magazine365\/wp-content\/uploads\/2016\/06\/fotonoticia_20160621162004_800.jpg 800w\" sizes=\"(max-width: 360px) 100vw, 360px\" \/>El producto tur\u00edstico &#8216;Viaje al Tiempo de los Iberos&#8217; que promueven la Diputaci\u00f3n de Ja\u00e9n y la Junta de Andaluc\u00eda dispone de una nueva web y un nuevo audiovisual con los que seguir promocionando este producto tur\u00edstico.<\/p>\n<p>Para el presidente de Diputaci\u00f3n, Francisco Reyes, tanto la nueva web como el audiovisual son \u00abdos excelentes cartas de presentaci\u00f3n para atraer viajeros a nuestro para\u00edso interior\u00bb, y ha presentado estas nuevas herramientas en el centro de interpretaci\u00f3n del yacimiento arqueol\u00f3gico de C\u00e1stulo -una de las paradas de este producto tur\u00edstico- junto a la delegada de la Junta de Andaluc\u00eda en Ja\u00e9n, Ana Cobo, y el alcalde de Linares, Juan Fern\u00e1ndez.<\/p>\n<p>\u00abLas nuevas investigaciones y descubrimientos arqueol\u00f3gicos, as\u00ed como la creaci\u00f3n de centros de interpretaci\u00f3n han requerido que de forma paralela a la puesta en valor del &#8216;Viaje al Tiempo de los Iberos&#8217; trabajemos en la actualizaci\u00f3n de la informaci\u00f3n que hasta ahora estaba disponible sobre este producto\u00bb, ha explicado el presidente de la Diputaci\u00f3n.<\/p>\n<p>Los dos nuevos instrumentos han sido dise\u00f1adas \u00abpara informar al visitante, guiarlo y ayudarlo en la planificaci\u00f3n de su viaje y, sobre todo, invitarlo a que lo realice\u00bb.<\/p>\n<p>Para ello, en el dise\u00f1o de la nueva web de www.viajealtiempodelosiberos.com se ha primado la accesibilidad de la misma desde cualquier soporte inform\u00e1tico, adem\u00e1s de potenciar los recursos audiovisuales -con la incorporaci\u00f3n de nuevas fotograf\u00edas y v\u00eddeos de gran calidad- y reforzar desde la misma la conexi\u00f3n con las redes sociales de este producto tur\u00edstico, que cuenta con cerca de 3.000 seguidores en Facebook.<\/p>\n<p>Entre los nuevos contenidos de esta web, se incluye informaci\u00f3n actualizada de los distintos recursos que forman parte de este producto tur\u00edstico como horarios de visitas o mapa de localizaciones, as\u00ed como actividades complementarias a realizar en el lugar que se visita o en localidades pr\u00f3ximas.<\/p>\n<p>Por su parte, el audiovisual, que puede visualizarse tanto en esta web como en el canal Youtube de la Diputaci\u00f3n de Ja\u00e9n y que se complementa con peque\u00f1os v\u00eddeos de cada una de las paradas de este producto tur\u00edstico, \u00abofrece un recorrido completo, atractivo y exhaustivo por este &#8216;Viaje al Tiempo de los Iberos&#8217;, adem\u00e1s de adentrarnos en esta cultura, apasionante y desconocida a la vez, en la que la provincia de Ja\u00e9n ha jugado un gran papel\u00bb ha remarcado Francisco Reyes.<\/p>\n<p>Asimismo, el presidente de la Diputaci\u00f3n ha puesto de relieve en su intervenci\u00f3n el trabajo desarrollado en los \u00faltimos a\u00f1os para potenciar el &#8216;Viaje al Tiempo de los Iberos&#8217;, que ha permitido que este producto \u00abno sea actualmente una suma de elementos aislados vinculados a esta cultura, sino una ruta que tiene sentido en su conjunto y en torno a la que se ha conseguido una oferta tur\u00edstica singular, diferenciada y de calidad\u00bb.<\/p>\n<p>En este sentido, ha apuntado que a las investigaciones arqueol\u00f3gicas realizadas y a la creaci\u00f3n de centros de interpretaci\u00f3n y nuevos elementos vinculados a esta ruta se van a sumar en breve nuevas actuaciones para seguir \u00abincrementando el atractivo de este producto y de una de sus paradas, como es el yacimiento de C\u00e1stulo, cuya riqueza arqueol\u00f3gica pone de manifiesto el potencial del legado \u00edbero de la provincia\u00bb.<\/p>\n<p>As\u00ed, ha informado de que desde la Diputaci\u00f3n de Ja\u00e9n se est\u00e1 trabajando ya en distintas actuaciones en este yacimiento, que sumar\u00e1n una inversi\u00f3n de 300.000 euros.<\/p>\n<p>En concreto, se trata de las obras de construcci\u00f3n de una nueva cubierta que se destinar\u00e1 a facilitar la visita y la conservaci\u00f3n del llamado Edificio Cristiano, lugar que ha dejado al descubierto el Mosaico de los Oct\u00f3gonos, as\u00ed como en la realizaci\u00f3n de una nueva excavaci\u00f3n arqueol\u00f3gica en este yacimiento, que se centrar\u00e1 en el centro neur\u00e1lgico de C\u00e1stulo y que pretende poner en valor la zona comercial de esta ciudad.<\/p>\n<p>Por su parte, la delegada del Gobierno ha hecho hincapi\u00e9 en el trabajo que se ha llevado a cabo para la puesta en valor del yacimiento arqueol\u00f3gico de C\u00e1stulo.<\/p>\n<p>En este sentido, ha valorado el proyecto Forum MMX, \u00abque ha echado ya el tel\u00f3n con unos magn\u00edficos resultados, que se conocer\u00e1n con todo lujo de detalles en la memoria cient\u00edfica en la que se trabaja en la actualidad\u00bb.<\/p>\n<p>Cobo ha indicado que en esta etapa germinal, m\u00e1s experimental, el relevo llega de la mano de &#8216;Siglo XXI en C\u00e1stulo&#8217;, que permitir\u00e1 abrir nuevas posibilidades para la investigaci\u00f3n, conservaci\u00f3n y difusi\u00f3n p\u00fablica de la ciudad hasta el a\u00f1o 2021.<\/p>\n<p>En esta nueva andadura, Cobo ha reiterado el apoyo de la Junta de Andaluc\u00eda \u00abque es manifiesto, empezando por la Consejer\u00eda de Cultura, como entidad que gestiona el Conjunto Arqueol\u00f3gico y que solo el a\u00f1o pasado destin\u00f3 cerca de 650.000 euros para gastos de personal y de funcionamiento\u00bb.<\/p>\n<p>Adem\u00e1s, la Consejer\u00eda de Econom\u00eda y Conocimiento mantiene su apuesta con la aprobaci\u00f3n de una partida de 200.000 euros para dar continuidad a los trabajos en el yacimiento este a\u00f1o.<\/p>\n<p>\u00abTampoco podemos olvidar al Instituto Andaluz de la Juventud, cuyo campo de trabajo alcanzar\u00e1 este verano su XII edici\u00f3n y volver\u00e1 a congregar desde finales de julio a principios de agosto a 25 j\u00f3venes de todo el territorio nacional\u00bb, ha a\u00f1adido.<\/p>\n<p>Adem\u00e1s, por segundo a\u00f1o, el yacimiento acoger\u00e1 desde el pr\u00f3ximo d\u00eda 1 de julio el Campo Internacional de Trabajo en Arqueolog\u00eda &#8216;C\u00e1stulo: Puerto de Encuentros&#8217;, con una treintena de j\u00f3venes arque\u00f3logos.<\/p>\n","protected":false},"excerpt":{"rendered":"<p>El producto tur\u00edstico &#8216;Viaje al Tiempo de los Iberos&#8217; que promueven la Diputaci\u00f3n de Ja\u00e9n y la Junta de Andaluc\u00eda dispone de una nueva web y un nuevo audiovisual con los que seguir promocionando este producto tur\u00edstico. Para el presidente de Diputaci\u00f3n, Francisco Reyes, tanto la nueva web como el audiovisual son \u00abdos excelentes cartas<\/p>\n","protected":false},"author":1,"featured_media":80369,"comment_status":"open","ping_status":"closed","sticky":false,"template":"","format":"standard","meta":{"footnotes":""},"categories":[224],"tags":[],"class_list":{"0":"post-80368","1":"post","2":"type-post","3":"status-publish","4":"format-standard","5":"has-post-thumbnail","7":"category-noticias-actualidad"},"aioseo_notices":[],"aioseo_head":"\n\t\t<!-- All in One SEO Pro 4.9.6.1 - aioseo.com -->\n\t<meta name=\"description\" content=\"El producto tur\u00edstico &#039;Viaje al Tiempo de los Iberos&#039; que promueven la Diputaci\u00f3n de Ja\u00e9n y la Junta de Andaluc\u00eda dispone de una nueva web y un nuevo audiovisual con los que seguir promocionando este producto tur\u00edstico. Para el presidente de Diputaci\u00f3n, Francisco Reyes, tanto la nueva web como el audiovisual son &quot;dos excelentes cartas\" \/>\n\t<meta name=\"robots\" content=\"max-image-preview:large\" \/>\n\t<meta name=\"author\" content=\"admin\"\/>\n\t<meta name=\"google-site-verification\" content=\"UA-38556648-1\" \/>\n\t<meta name=\"keywords\" content=\"noticias y actualidad\" \/>\n\t<link rel=\"canonical\" href=\"https:\/\/eldigitaldeasturias.com\/magazine365\/nueva-web-y-audiovisual-para-promocionar-el-viaje-al-tiempo-de-los-iberos-de-jaen\/\" \/>\n\t<meta name=\"generator\" content=\"All in One SEO Pro (AIOSEO) 4.9.6.1\" \/>\n\t\t<meta property=\"og:locale\" content=\"es_ES\" \/>\n\t\t<meta property=\"og:site_name\" content=\"El Digital de Asturias \u2013 Revista de ocio, turismo y estilo de vida\" \/>\n\t\t<meta property=\"og:type\" content=\"article\" \/>\n\t\t<meta property=\"og:title\" content=\"Nueva web y audiovisual para promocionar \u2018El Viaje al Tiempo de los Iberos\u2019 de Ja\u00e9n | El Digital de Asturias\" \/>\n\t\t<meta property=\"og:description\" content=\"El producto tur\u00edstico &#039;Viaje al Tiempo de los Iberos&#039; que promueven la Diputaci\u00f3n de Ja\u00e9n y la Junta de Andaluc\u00eda dispone de una nueva web y un nuevo audiovisual con los que seguir promocionando este producto tur\u00edstico. Para el presidente de Diputaci\u00f3n, Francisco Reyes, tanto la nueva web como el audiovisual son &quot;dos excelentes cartas\" \/>\n\t\t<meta property=\"og:url\" content=\"https:\/\/eldigitaldeasturias.com\/magazine365\/nueva-web-y-audiovisual-para-promocionar-el-viaje-al-tiempo-de-los-iberos-de-jaen\/\" \/>\n\t\t<meta property=\"og:image\" content=\"https:\/\/eldigitaldeasturias.com\/magazine365\/wp-content\/uploads\/2016\/06\/fotonoticia_20160621162004_800.jpg\" \/>\n\t\t<meta property=\"og:image:secure_url\" content=\"https:\/\/eldigitaldeasturias.com\/magazine365\/wp-content\/uploads\/2016\/06\/fotonoticia_20160621162004_800.jpg\" \/>\n\t\t<meta property=\"og:image:width\" content=\"800\" \/>\n\t\t<meta property=\"og:image:height\" content=\"600\" \/>\n\t\t<meta property=\"article:published_time\" content=\"2016-06-24T07:36:28+00:00\" \/>\n\t\t<meta property=\"article:modified_time\" content=\"2016-06-24T07:36:28+00:00\" \/>\n\t\t<meta name=\"twitter:card\" content=\"summary_large_image\" \/>\n\t\t<meta name=\"twitter:title\" content=\"Nueva web y audiovisual para promocionar \u2018El Viaje al Tiempo de los Iberos\u2019 de Ja\u00e9n | El Digital de Asturias\" \/>\n\t\t<meta name=\"twitter:description\" content=\"El producto tur\u00edstico &#039;Viaje al Tiempo de los Iberos&#039; que promueven la Diputaci\u00f3n de Ja\u00e9n y la Junta de Andaluc\u00eda dispone de una nueva web y un nuevo audiovisual con los que seguir promocionando este producto tur\u00edstico. Para el presidente de Diputaci\u00f3n, Francisco Reyes, tanto la nueva web como el audiovisual son &quot;dos excelentes cartas\" \/>\n\t\t<meta name=\"twitter:image\" content=\"https:\/\/eldigitaldeasturias.com\/magazine365\/wp-content\/uploads\/2016\/06\/fotonoticia_20160621162004_800.jpg\" \/>\n\t\t<script type=\"application\/ld+json\" class=\"aioseo-schema\">\n\t\t\t{\"@context\":\"https:\\\/\\\/schema.org\",\"@graph\":[{\"@type\":\"Article\",\"@id\":\"https:\\\/\\\/eldigitaldeasturias.com\\\/magazine365\\\/nueva-web-y-audiovisual-para-promocionar-el-viaje-al-tiempo-de-los-iberos-de-jaen\\\/#article\",\"name\":\"Nueva web y audiovisual para promocionar \\u2018El Viaje al Tiempo de los Iberos\\u2019 de Ja\\u00e9n | El Digital de Asturias\",\"headline\":\"Nueva web y audiovisual para promocionar &#8216;El Viaje al Tiempo de los Iberos&#8217; de Ja\\u00e9n\",\"author\":{\"@id\":\"https:\\\/\\\/eldigitaldeasturias.com\\\/magazine365\\\/author\\\/admin\\\/#author\"},\"publisher\":{\"@id\":\"https:\\\/\\\/eldigitaldeasturias.com\\\/magazine365\\\/#organization\"},\"image\":{\"@type\":\"ImageObject\",\"url\":\"https:\\\/\\\/eldigitaldeasturias.com\\\/magazine365\\\/wp-content\\\/uploads\\\/2016\\\/06\\\/fotonoticia_20160621162004_800.jpg\",\"width\":800,\"height\":600},\"datePublished\":\"2016-06-24T09:36:28+02:00\",\"dateModified\":\"2016-06-24T09:36:28+02:00\",\"inLanguage\":\"es-ES\",\"mainEntityOfPage\":{\"@id\":\"https:\\\/\\\/eldigitaldeasturias.com\\\/magazine365\\\/nueva-web-y-audiovisual-para-promocionar-el-viaje-al-tiempo-de-los-iberos-de-jaen\\\/#webpage\"},\"isPartOf\":{\"@id\":\"https:\\\/\\\/eldigitaldeasturias.com\\\/magazine365\\\/nueva-web-y-audiovisual-para-promocionar-el-viaje-al-tiempo-de-los-iberos-de-jaen\\\/#webpage\"},\"articleSection\":\"Noticias y Actualidad\"},{\"@type\":\"BreadcrumbList\",\"@id\":\"https:\\\/\\\/eldigitaldeasturias.com\\\/magazine365\\\/nueva-web-y-audiovisual-para-promocionar-el-viaje-al-tiempo-de-los-iberos-de-jaen\\\/#breadcrumblist\",\"itemListElement\":[{\"@type\":\"ListItem\",\"@id\":\"https:\\\/\\\/eldigitaldeasturias.com\\\/magazine365#listItem\",\"position\":1,\"name\":\"Home\",\"item\":\"https:\\\/\\\/eldigitaldeasturias.com\\\/magazine365\",\"nextItem\":{\"@type\":\"ListItem\",\"@id\":\"https:\\\/\\\/eldigitaldeasturias.com\\\/magazine365\\\/category\\\/noticias-actualidad\\\/#listItem\",\"name\":\"Noticias y Actualidad\"}},{\"@type\":\"ListItem\",\"@id\":\"https:\\\/\\\/eldigitaldeasturias.com\\\/magazine365\\\/category\\\/noticias-actualidad\\\/#listItem\",\"position\":2,\"name\":\"Noticias y Actualidad\",\"item\":\"https:\\\/\\\/eldigitaldeasturias.com\\\/magazine365\\\/category\\\/noticias-actualidad\\\/\",\"nextItem\":{\"@type\":\"ListItem\",\"@id\":\"https:\\\/\\\/eldigitaldeasturias.com\\\/magazine365\\\/nueva-web-y-audiovisual-para-promocionar-el-viaje-al-tiempo-de-los-iberos-de-jaen\\\/#listItem\",\"name\":\"Nueva web y audiovisual para promocionar &#8216;El Viaje al Tiempo de los Iberos&#8217; de Ja\\u00e9n\"},\"previousItem\":{\"@type\":\"ListItem\",\"@id\":\"https:\\\/\\\/eldigitaldeasturias.com\\\/magazine365#listItem\",\"name\":\"Home\"}},{\"@type\":\"ListItem\",\"@id\":\"https:\\\/\\\/eldigitaldeasturias.com\\\/magazine365\\\/nueva-web-y-audiovisual-para-promocionar-el-viaje-al-tiempo-de-los-iberos-de-jaen\\\/#listItem\",\"position\":3,\"name\":\"Nueva web y audiovisual para promocionar &#8216;El Viaje al Tiempo de los Iberos&#8217; de Ja\\u00e9n\",\"previousItem\":{\"@type\":\"ListItem\",\"@id\":\"https:\\\/\\\/eldigitaldeasturias.com\\\/magazine365\\\/category\\\/noticias-actualidad\\\/#listItem\",\"name\":\"Noticias y Actualidad\"}}]},{\"@type\":\"Organization\",\"@id\":\"https:\\\/\\\/eldigitaldeasturias.com\\\/magazine365\\\/#organization\",\"name\":\"El digital de Asturias\",\"description\":\"Revista de ocio, turismo y estilo de vida\",\"url\":\"https:\\\/\\\/eldigitaldeasturias.com\\\/magazine365\\\/\",\"logo\":{\"@type\":\"ImageObject\",\"url\":\"https:\\\/\\\/www.eldigitaldeasturias.com\\\/noticias\\\/wp-content\\\/uploads\\\/2020\\\/12\\\/EDA.jpg\",\"@id\":\"https:\\\/\\\/eldigitaldeasturias.com\\\/magazine365\\\/nueva-web-y-audiovisual-para-promocionar-el-viaje-al-tiempo-de-los-iberos-de-jaen\\\/#organizationLogo\"},\"image\":{\"@id\":\"https:\\\/\\\/eldigitaldeasturias.com\\\/magazine365\\\/nueva-web-y-audiovisual-para-promocionar-el-viaje-al-tiempo-de-los-iberos-de-jaen\\\/#organizationLogo\"}},{\"@type\":\"Person\",\"@id\":\"https:\\\/\\\/eldigitaldeasturias.com\\\/magazine365\\\/author\\\/admin\\\/#author\",\"url\":\"https:\\\/\\\/eldigitaldeasturias.com\\\/magazine365\\\/author\\\/admin\\\/\",\"name\":\"admin\",\"image\":{\"@type\":\"ImageObject\",\"@id\":\"https:\\\/\\\/eldigitaldeasturias.com\\\/magazine365\\\/nueva-web-y-audiovisual-para-promocionar-el-viaje-al-tiempo-de-los-iberos-de-jaen\\\/#authorImage\",\"url\":\"https:\\\/\\\/eldigitaldeasturias.com\\\/magazine365\\\/wp-content\\\/litespeed\\\/avatar\\\/e571bcf59a0edd6fa6838245a470f2fe.jpg?ver=1776969259\",\"width\":96,\"height\":96,\"caption\":\"admin\"}},{\"@type\":\"WebPage\",\"@id\":\"https:\\\/\\\/eldigitaldeasturias.com\\\/magazine365\\\/nueva-web-y-audiovisual-para-promocionar-el-viaje-al-tiempo-de-los-iberos-de-jaen\\\/#webpage\",\"url\":\"https:\\\/\\\/eldigitaldeasturias.com\\\/magazine365\\\/nueva-web-y-audiovisual-para-promocionar-el-viaje-al-tiempo-de-los-iberos-de-jaen\\\/\",\"name\":\"Nueva web y audiovisual para promocionar \\u2018El Viaje al Tiempo de los Iberos\\u2019 de Ja\\u00e9n | El Digital de Asturias\",\"description\":\"El producto tur\\u00edstico 'Viaje al Tiempo de los Iberos' que promueven la Diputaci\\u00f3n de Ja\\u00e9n y la Junta de Andaluc\\u00eda dispone de una nueva web y un nuevo audiovisual con los que seguir promocionando este producto tur\\u00edstico. Para el presidente de Diputaci\\u00f3n, Francisco Reyes, tanto la nueva web como el audiovisual son \\\"dos excelentes cartas\",\"inLanguage\":\"es-ES\",\"isPartOf\":{\"@id\":\"https:\\\/\\\/eldigitaldeasturias.com\\\/magazine365\\\/#website\"},\"breadcrumb\":{\"@id\":\"https:\\\/\\\/eldigitaldeasturias.com\\\/magazine365\\\/nueva-web-y-audiovisual-para-promocionar-el-viaje-al-tiempo-de-los-iberos-de-jaen\\\/#breadcrumblist\"},\"author\":{\"@id\":\"https:\\\/\\\/eldigitaldeasturias.com\\\/magazine365\\\/author\\\/admin\\\/#author\"},\"creator\":{\"@id\":\"https:\\\/\\\/eldigitaldeasturias.com\\\/magazine365\\\/author\\\/admin\\\/#author\"},\"image\":{\"@type\":\"ImageObject\",\"url\":\"https:\\\/\\\/eldigitaldeasturias.com\\\/magazine365\\\/wp-content\\\/uploads\\\/2016\\\/06\\\/fotonoticia_20160621162004_800.jpg\",\"@id\":\"https:\\\/\\\/eldigitaldeasturias.com\\\/magazine365\\\/nueva-web-y-audiovisual-para-promocionar-el-viaje-al-tiempo-de-los-iberos-de-jaen\\\/#mainImage\",\"width\":800,\"height\":600},\"primaryImageOfPage\":{\"@id\":\"https:\\\/\\\/eldigitaldeasturias.com\\\/magazine365\\\/nueva-web-y-audiovisual-para-promocionar-el-viaje-al-tiempo-de-los-iberos-de-jaen\\\/#mainImage\"},\"datePublished\":\"2016-06-24T09:36:28+02:00\",\"dateModified\":\"2016-06-24T09:36:28+02:00\"},{\"@type\":\"WebSite\",\"@id\":\"https:\\\/\\\/eldigitaldeasturias.com\\\/magazine365\\\/#website\",\"url\":\"https:\\\/\\\/eldigitaldeasturias.com\\\/magazine365\\\/\",\"name\":\"El Digital de Asturias\",\"description\":\"Revista de ocio, turismo y estilo de vida\",\"inLanguage\":\"es-ES\",\"publisher\":{\"@id\":\"https:\\\/\\\/eldigitaldeasturias.com\\\/magazine365\\\/#organization\"}}]}\n\t\t<\/script>\n\t\t<!-- All in One SEO Pro -->\r\n\t\t<title>Nueva web y audiovisual para promocionar \u2018El Viaje al Tiempo de los Iberos\u2019 de Ja\u00e9n | El Digital de Asturias<\/title>\n\n","aioseo_head_json":{"title":"Nueva web y audiovisual para promocionar \u2018El Viaje al Tiempo de los Iberos\u2019 de Ja\u00e9n | El Digital de Asturias","description":"El producto tur\u00edstico 'Viaje al Tiempo de los Iberos' que promueven la Diputaci\u00f3n de Ja\u00e9n y la Junta de Andaluc\u00eda dispone de una nueva web y un nuevo audiovisual con los que seguir promocionando este producto tur\u00edstico. Para el presidente de Diputaci\u00f3n, Francisco Reyes, tanto la nueva web como el audiovisual son \"dos excelentes cartas","canonical_url":"https:\/\/eldigitaldeasturias.com\/magazine365\/nueva-web-y-audiovisual-para-promocionar-el-viaje-al-tiempo-de-los-iberos-de-jaen\/","robots":"max-image-preview:large","keywords":"noticias y actualidad","webmasterTools":{"google-site-verification":"UA-38556648-1","miscellaneous":""},"schema":{"@context":"https:\/\/schema.org","@graph":[{"@type":"Article","@id":"https:\/\/eldigitaldeasturias.com\/magazine365\/nueva-web-y-audiovisual-para-promocionar-el-viaje-al-tiempo-de-los-iberos-de-jaen\/#article","name":"Nueva web y audiovisual para promocionar \u2018El Viaje al Tiempo de los Iberos\u2019 de Ja\u00e9n | El Digital de Asturias","headline":"Nueva web y audiovisual para promocionar &#8216;El Viaje al Tiempo de los Iberos&#8217; de Ja\u00e9n","author":{"@id":"https:\/\/eldigitaldeasturias.com\/magazine365\/author\/admin\/#author"},"publisher":{"@id":"https:\/\/eldigitaldeasturias.com\/magazine365\/#organization"},"image":{"@type":"ImageObject","url":"https:\/\/eldigitaldeasturias.com\/magazine365\/wp-content\/uploads\/2016\/06\/fotonoticia_20160621162004_800.jpg","width":800,"height":600},"datePublished":"2016-06-24T09:36:28+02:00","dateModified":"2016-06-24T09:36:28+02:00","inLanguage":"es-ES","mainEntityOfPage":{"@id":"https:\/\/eldigitaldeasturias.com\/magazine365\/nueva-web-y-audiovisual-para-promocionar-el-viaje-al-tiempo-de-los-iberos-de-jaen\/#webpage"},"isPartOf":{"@id":"https:\/\/eldigitaldeasturias.com\/magazine365\/nueva-web-y-audiovisual-para-promocionar-el-viaje-al-tiempo-de-los-iberos-de-jaen\/#webpage"},"articleSection":"Noticias y Actualidad"},{"@type":"BreadcrumbList","@id":"https:\/\/eldigitaldeasturias.com\/magazine365\/nueva-web-y-audiovisual-para-promocionar-el-viaje-al-tiempo-de-los-iberos-de-jaen\/#breadcrumblist","itemListElement":[{"@type":"ListItem","@id":"https:\/\/eldigitaldeasturias.com\/magazine365#listItem","position":1,"name":"Home","item":"https:\/\/eldigitaldeasturias.com\/magazine365","nextItem":{"@type":"ListItem","@id":"https:\/\/eldigitaldeasturias.com\/magazine365\/category\/noticias-actualidad\/#listItem","name":"Noticias y Actualidad"}},{"@type":"ListItem","@id":"https:\/\/eldigitaldeasturias.com\/magazine365\/category\/noticias-actualidad\/#listItem","position":2,"name":"Noticias y Actualidad","item":"https:\/\/eldigitaldeasturias.com\/magazine365\/category\/noticias-actualidad\/","nextItem":{"@type":"ListItem","@id":"https:\/\/eldigitaldeasturias.com\/magazine365\/nueva-web-y-audiovisual-para-promocionar-el-viaje-al-tiempo-de-los-iberos-de-jaen\/#listItem","name":"Nueva web y audiovisual para promocionar &#8216;El Viaje al Tiempo de los Iberos&#8217; de Ja\u00e9n"},"previousItem":{"@type":"ListItem","@id":"https:\/\/eldigitaldeasturias.com\/magazine365#listItem","name":"Home"}},{"@type":"ListItem","@id":"https:\/\/eldigitaldeasturias.com\/magazine365\/nueva-web-y-audiovisual-para-promocionar-el-viaje-al-tiempo-de-los-iberos-de-jaen\/#listItem","position":3,"name":"Nueva web y audiovisual para promocionar &#8216;El Viaje al Tiempo de los Iberos&#8217; de Ja\u00e9n","previousItem":{"@type":"ListItem","@id":"https:\/\/eldigitaldeasturias.com\/magazine365\/category\/noticias-actualidad\/#listItem","name":"Noticias y Actualidad"}}]},{"@type":"Organization","@id":"https:\/\/eldigitaldeasturias.com\/magazine365\/#organization","name":"El digital de Asturias","description":"Revista de ocio, turismo y estilo de vida","url":"https:\/\/eldigitaldeasturias.com\/magazine365\/","logo":{"@type":"ImageObject","url":"https:\/\/www.eldigitaldeasturias.com\/noticias\/wp-content\/uploads\/2020\/12\/EDA.jpg","@id":"https:\/\/eldigitaldeasturias.com\/magazine365\/nueva-web-y-audiovisual-para-promocionar-el-viaje-al-tiempo-de-los-iberos-de-jaen\/#organizationLogo"},"image":{"@id":"https:\/\/eldigitaldeasturias.com\/magazine365\/nueva-web-y-audiovisual-para-promocionar-el-viaje-al-tiempo-de-los-iberos-de-jaen\/#organizationLogo"}},{"@type":"Person","@id":"https:\/\/eldigitaldeasturias.com\/magazine365\/author\/admin\/#author","url":"https:\/\/eldigitaldeasturias.com\/magazine365\/author\/admin\/","name":"admin","image":{"@type":"ImageObject","@id":"https:\/\/eldigitaldeasturias.com\/magazine365\/nueva-web-y-audiovisual-para-promocionar-el-viaje-al-tiempo-de-los-iberos-de-jaen\/#authorImage","url":"https:\/\/eldigitaldeasturias.com\/magazine365\/wp-content\/litespeed\/avatar\/e571bcf59a0edd6fa6838245a470f2fe.jpg?ver=1776969259","width":96,"height":96,"caption":"admin"}},{"@type":"WebPage","@id":"https:\/\/eldigitaldeasturias.com\/magazine365\/nueva-web-y-audiovisual-para-promocionar-el-viaje-al-tiempo-de-los-iberos-de-jaen\/#webpage","url":"https:\/\/eldigitaldeasturias.com\/magazine365\/nueva-web-y-audiovisual-para-promocionar-el-viaje-al-tiempo-de-los-iberos-de-jaen\/","name":"Nueva web y audiovisual para promocionar \u2018El Viaje al Tiempo de los Iberos\u2019 de Ja\u00e9n | El Digital de Asturias","description":"El producto tur\u00edstico 'Viaje al Tiempo de los Iberos' que promueven la Diputaci\u00f3n de Ja\u00e9n y la Junta de Andaluc\u00eda dispone de una nueva web y un nuevo audiovisual con los que seguir promocionando este producto tur\u00edstico. Para el presidente de Diputaci\u00f3n, Francisco Reyes, tanto la nueva web como el audiovisual son \"dos excelentes cartas","inLanguage":"es-ES","isPartOf":{"@id":"https:\/\/eldigitaldeasturias.com\/magazine365\/#website"},"breadcrumb":{"@id":"https:\/\/eldigitaldeasturias.com\/magazine365\/nueva-web-y-audiovisual-para-promocionar-el-viaje-al-tiempo-de-los-iberos-de-jaen\/#breadcrumblist"},"author":{"@id":"https:\/\/eldigitaldeasturias.com\/magazine365\/author\/admin\/#author"},"creator":{"@id":"https:\/\/eldigitaldeasturias.com\/magazine365\/author\/admin\/#author"},"image":{"@type":"ImageObject","url":"https:\/\/eldigitaldeasturias.com\/magazine365\/wp-content\/uploads\/2016\/06\/fotonoticia_20160621162004_800.jpg","@id":"https:\/\/eldigitaldeasturias.com\/magazine365\/nueva-web-y-audiovisual-para-promocionar-el-viaje-al-tiempo-de-los-iberos-de-jaen\/#mainImage","width":800,"height":600},"primaryImageOfPage":{"@id":"https:\/\/eldigitaldeasturias.com\/magazine365\/nueva-web-y-audiovisual-para-promocionar-el-viaje-al-tiempo-de-los-iberos-de-jaen\/#mainImage"},"datePublished":"2016-06-24T09:36:28+02:00","dateModified":"2016-06-24T09:36:28+02:00"},{"@type":"WebSite","@id":"https:\/\/eldigitaldeasturias.com\/magazine365\/#website","url":"https:\/\/eldigitaldeasturias.com\/magazine365\/","name":"El Digital de Asturias","description":"Revista de ocio, turismo y estilo de vida","inLanguage":"es-ES","publisher":{"@id":"https:\/\/eldigitaldeasturias.com\/magazine365\/#organization"}}]},"og:locale":"es_ES","og:site_name":"El Digital de Asturias \u2013 Revista de ocio, turismo y estilo de vida","og:type":"article","og:title":"Nueva web y audiovisual para promocionar \u2018El Viaje al Tiempo de los Iberos\u2019 de Ja\u00e9n | El Digital de Asturias","og:description":"El producto tur\u00edstico 'Viaje al Tiempo de los Iberos' que promueven la Diputaci\u00f3n de Ja\u00e9n y la Junta de Andaluc\u00eda dispone de una nueva web y un nuevo audiovisual con los que seguir promocionando este producto tur\u00edstico. Para el presidente de Diputaci\u00f3n, Francisco Reyes, tanto la nueva web como el audiovisual son &quot;dos excelentes cartas","og:url":"https:\/\/eldigitaldeasturias.com\/magazine365\/nueva-web-y-audiovisual-para-promocionar-el-viaje-al-tiempo-de-los-iberos-de-jaen\/","og:image":"https:\/\/eldigitaldeasturias.com\/magazine365\/wp-content\/uploads\/2016\/06\/fotonoticia_20160621162004_800.jpg","og:image:secure_url":"https:\/\/eldigitaldeasturias.com\/magazine365\/wp-content\/uploads\/2016\/06\/fotonoticia_20160621162004_800.jpg","og:image:width":800,"og:image:height":600,"article:published_time":"2016-06-24T07:36:28+00:00","article:modified_time":"2016-06-24T07:36:28+00:00","twitter:card":"summary_large_image","twitter:title":"Nueva web y audiovisual para promocionar \u2018El Viaje al Tiempo de los Iberos\u2019 de Ja\u00e9n | El Digital de Asturias","twitter:description":"El producto tur\u00edstico 'Viaje al Tiempo de los Iberos' que promueven la Diputaci\u00f3n de Ja\u00e9n y la Junta de Andaluc\u00eda dispone de una nueva web y un nuevo audiovisual con los que seguir promocionando este producto tur\u00edstico. Para el presidente de Diputaci\u00f3n, Francisco Reyes, tanto la nueva web como el audiovisual son &quot;dos excelentes cartas","twitter:image":"https:\/\/eldigitaldeasturias.com\/magazine365\/wp-content\/uploads\/2016\/06\/fotonoticia_20160621162004_800.jpg"},"aioseo_meta_data":{"post_id":"80368","title":null,"description":null,"keywords":null,"keyphrases":null,"primary_term":null,"canonical_url":null,"og_title":null,"og_description":null,"og_object_type":"default","og_image_type":"default","og_image_url":null,"og_image_width":null,"og_image_height":null,"og_image_custom_url":null,"og_image_custom_fields":null,"og_video":null,"og_custom_url":null,"og_article_section":null,"og_article_tags":null,"twitter_use_og":false,"twitter_card":"default","twitter_image_type":"default","twitter_image_url":null,"twitter_image_custom_url":null,"twitter_image_custom_fields":null,"twitter_title":null,"twitter_description":null,"schema":{"blockGraphs":[],"customGraphs":[],"default":{"data":{"Article":[],"Course":[],"Dataset":[],"FAQPage":[],"Movie":[],"Person":[],"Product":[],"ProductReview":[],"Car":[],"Recipe":[],"Service":[],"SoftwareApplication":[],"WebPage":[]},"graphName":"","isEnabled":true},"graphs":[],"defaultGraph":"","defaultPostTypeGraph":""},"schema_type":null,"schema_type_options":null,"pillar_content":false,"robots_default":true,"robots_noindex":false,"robots_noarchive":false,"robots_nosnippet":false,"robots_nofollow":false,"robots_noimageindex":false,"robots_noodp":false,"robots_notranslate":false,"robots_max_snippet":null,"robots_max_videopreview":null,"robots_max_imagepreview":"large","priority":null,"frequency":null,"location":null,"local_seo":null,"seo_analyzer_scan_date":"2025-09-27 20:44:21","breadcrumb_settings":null,"limit_modified_date":false,"open_ai":null,"ai":null,"created":"2021-03-08 17:33:41","updated":"2025-09-27 20:44:21"},"aioseo_breadcrumb":"<div class=\"aioseo-breadcrumbs\"><span class=\"aioseo-breadcrumb\">\n\t<a href=\"https:\/\/eldigitaldeasturias.com\/magazine365\" title=\"Home\">Home<\/a>\n<\/span><span class=\"aioseo-breadcrumb-separator\">\u2013<\/span><span class=\"aioseo-breadcrumb\">\n\t<a href=\"https:\/\/eldigitaldeasturias.com\/magazine365\/category\/noticias-actualidad\/\" title=\"Noticias y Actualidad\">Noticias y Actualidad<\/a>\n<\/span><span class=\"aioseo-breadcrumb-separator\">\u2013<\/span><span class=\"aioseo-breadcrumb\">\n\t<a href=\"https:\/\/eldigitaldeasturias.com\/magazine365\/nueva-web-y-audiovisual-para-promocionar-el-viaje-al-tiempo-de-los-iberos-de-jaen\/\" title=\"Nueva web y audiovisual para promocionar \u2018El Viaje al Tiempo de los Iberos\u2019 de Ja\u00e9n\">Nueva web y audiovisual para promocionar \u2018El Viaje al Tiempo de los Iberos\u2019 de Ja\u00e9n<\/a>\n<\/span><\/div>","aioseo_breadcrumb_json":[{"label":"Home","link":"https:\/\/eldigitaldeasturias.com\/magazine365"},{"label":"Noticias y Actualidad","link":"https:\/\/eldigitaldeasturias.com\/magazine365\/category\/noticias-actualidad\/"},{"label":"Nueva web y audiovisual para promocionar &#8216;El Viaje al Tiempo de los Iberos&#8217; de Ja\u00e9n","link":"https:\/\/eldigitaldeasturias.com\/magazine365\/nueva-web-y-audiovisual-para-promocionar-el-viaje-al-tiempo-de-los-iberos-de-jaen\/"}],"_links":{"self":[{"href":"https:\/\/eldigitaldeasturias.com\/magazine365\/wp-json\/wp\/v2\/posts\/80368","targetHints":{"allow":["GET"]}}],"collection":[{"href":"https:\/\/eldigitaldeasturias.com\/magazine365\/wp-json\/wp\/v2\/posts"}],"about":[{"href":"https:\/\/eldigitaldeasturias.com\/magazine365\/wp-json\/wp\/v2\/types\/post"}],"author":[{"embeddable":true,"href":"https:\/\/eldigitaldeasturias.com\/magazine365\/wp-json\/wp\/v2\/users\/1"}],"replies":[{"embeddable":true,"href":"https:\/\/eldigitaldeasturias.com\/magazine365\/wp-json\/wp\/v2\/comments?post=80368"}],"version-history":[{"count":0,"href":"https:\/\/eldigitaldeasturias.com\/magazine365\/wp-json\/wp\/v2\/posts\/80368\/revisions"}],"wp:featuredmedia":[{"embeddable":true,"href":"https:\/\/eldigitaldeasturias.com\/magazine365\/wp-json\/wp\/v2\/media\/80369"}],"wp:attachment":[{"href":"https:\/\/eldigitaldeasturias.com\/magazine365\/wp-json\/wp\/v2\/media?parent=80368"}],"wp:term":[{"taxonomy":"category","embeddable":true,"href":"https:\/\/eldigitaldeasturias.com\/magazine365\/wp-json\/wp\/v2\/categories?post=80368"},{"taxonomy":"post_tag","embeddable":true,"href":"https:\/\/eldigitaldeasturias.com\/magazine365\/wp-json\/wp\/v2\/tags?post=80368"}],"curies":[{"name":"wp","href":"https:\/\/api.w.org\/{rel}","templated":true}]}}