{"id":80315,"date":"2016-06-21T12:56:04","date_gmt":"2016-06-21T10:56:04","guid":{"rendered":"http:\/\/eldigitaldeasturias.com\/magazine365\/?p=80315"},"modified":"2016-06-21T12:56:04","modified_gmt":"2016-06-21T10:56:04","slug":"cataluna-lidera-las-reservas-para-san-juan-segun-weekendesk","status":"publish","type":"post","link":"https:\/\/eldigitaldeasturias.com\/magazine365\/cataluna-lidera-las-reservas-para-san-juan-segun-weekendesk\/","title":{"rendered":"Catalu\u00f1a lidera las reservas para San Juan, seg\u00fan Weekendesk"},"content":{"rendered":"<p><img fetchpriority=\"high\" decoding=\"async\" class=\"alignleft size-medium wp-image-80316\" src=\"https:\/\/eldigitaldeasturias.com\/magazine365\/wp-content\/uploads\/2016\/06\/fotonoticia_20160621110504_800-360x270.jpg\" alt=\"fotonoticia_20160621110504_800\" width=\"360\" height=\"270\" srcset=\"https:\/\/eldigitaldeasturias.com\/magazine365\/wp-content\/uploads\/2016\/06\/fotonoticia_20160621110504_800-360x270.jpg 360w, https:\/\/eldigitaldeasturias.com\/magazine365\/wp-content\/uploads\/2016\/06\/fotonoticia_20160621110504_800-650x488.jpg 650w, https:\/\/eldigitaldeasturias.com\/magazine365\/wp-content\/uploads\/2016\/06\/fotonoticia_20160621110504_800-768x576.jpg 768w, https:\/\/eldigitaldeasturias.com\/magazine365\/wp-content\/uploads\/2016\/06\/fotonoticia_20160621110504_800-150x113.jpg 150w, https:\/\/eldigitaldeasturias.com\/magazine365\/wp-content\/uploads\/2016\/06\/fotonoticia_20160621110504_800-450x338.jpg 450w, https:\/\/eldigitaldeasturias.com\/magazine365\/wp-content\/uploads\/2016\/06\/fotonoticia_20160621110504_800-90x67.jpg 90w, https:\/\/eldigitaldeasturias.com\/magazine365\/wp-content\/uploads\/2016\/06\/fotonoticia_20160621110504_800-164x124.jpg 164w, https:\/\/eldigitaldeasturias.com\/magazine365\/wp-content\/uploads\/2016\/06\/fotonoticia_20160621110504_800-100x75.jpg 100w, https:\/\/eldigitaldeasturias.com\/magazine365\/wp-content\/uploads\/2016\/06\/fotonoticia_20160621110504_800.jpg 800w\" sizes=\"(max-width: 360px) 100vw, 360px\" \/>Catalu\u00f1a encabeza la lista de los lugares de costa con m\u00e1s reservas durante el fin de semana de San Juan, del 24 al 26 de junio, seg\u00fan los datos publicados por el portal de escapadas de fin de semana Weekendesk.es que indica que las escapadas para esa fecha han aumento un 50% respecto al pasado a\u00f1o<\/p>\n<p>La regi\u00f3n de Catalu\u00f1a representa el 25% del total de las reservas en Espa\u00f1a, siendo Girona y Barcelona las m\u00e1s populares. En segundo lugar del ranking se encuentra Andaluc\u00eda, que engloba el 17% de las reservas de hoteles, con C\u00e1diz como el destino l\u00edder de la regi\u00f3n.<\/p>\n<p>El tercer lugar es para la Comunidad Valenciana, que alcanza el 14% del total de las reservas, con Alicante como la provincia que m\u00e1s despunta.<\/p>\n<p>Las reservas para San Juan han aumentado un 50% en comparaci\u00f3n con el mismo periodo del a\u00f1o anterior, favorecido, entre otras razones, por la coincidencia de este d\u00eda en viernes, que adem\u00e1s es festivo en varias ciudades, y uni\u00e9ndose al fin de semana.<\/p>\n<p>Seg\u00fan los datos del portal, la estancia media ha subido con un promedio de noches que es un 34% superior y la cesta media ha ascendido tambi\u00e9n hasta un 33% situ\u00e1ndose en los 216 euros de gasto medio.<\/p>\n<p>Asimismo, el n\u00famero de b\u00fasquedas de escapadas para San Juan tambi\u00e9n ha aumentado, suponiendo un 234% m\u00e1s de visitas a la web de Weekendesk.<\/p>\n<h2 class=\"ladillo\">GALICIA, MURCIA Y CATALU\u00d1A MULTIPLICAN SU FACTURACI\u00d3N<\/h2>\n<p>El incremento de reservas tambi\u00e9n ha significado una subida en el nivel de facturaci\u00f3n. Por comunidades, Galicia ocupa el n\u00famero uno (596%), seguida de Murcia (493%) y Catalu\u00f1a (475%).<\/p>\n<p>Los que m\u00e1s viajan en San Juan son los catalanes, que representan el 32% de las reservas a trav\u00e9s de Weekendesk.es, y los valencianos, que suponen el 11%. La Costa Brava, la Costa Dorada y la Costa Blanca son las zonas preferidas del Mediterr\u00e1neo por los viajeros.<\/p>\n","protected":false},"excerpt":{"rendered":"<p>Catalu\u00f1a encabeza la lista de los lugares de costa con m\u00e1s reservas durante el fin de semana de San Juan, del 24 al 26 de junio, seg\u00fan los datos publicados por el portal de escapadas de fin de semana Weekendesk.es que indica que las escapadas para esa fecha han aumento un 50% respecto al pasado<\/p>\n","protected":false},"author":1,"featured_media":80316,"comment_status":"open","ping_status":"closed","sticky":false,"template":"","format":"standard","meta":{"footnotes":""},"categories":[224],"tags":[],"class_list":{"0":"post-80315","1":"post","2":"type-post","3":"status-publish","4":"format-standard","5":"has-post-thumbnail","7":"category-noticias-actualidad"},"aioseo_notices":[],"aioseo_head":"\n\t\t<!-- All in One SEO Pro 4.9.6.1 - aioseo.com -->\n\t<meta name=\"description\" content=\"Catalu\u00f1a encabeza la lista de los lugares de costa con m\u00e1s reservas durante el fin de semana de San Juan, del 24 al 26 de junio, seg\u00fan los datos publicados por el portal de escapadas de fin de semana Weekendesk.es que indica que las escapadas para esa fecha han aumento un 50% respecto al pasado\" \/>\n\t<meta name=\"robots\" content=\"max-image-preview:large\" \/>\n\t<meta name=\"author\" content=\"admin\"\/>\n\t<meta name=\"google-site-verification\" content=\"UA-38556648-1\" \/>\n\t<meta name=\"keywords\" content=\"noticias y actualidad\" \/>\n\t<link rel=\"canonical\" href=\"https:\/\/eldigitaldeasturias.com\/magazine365\/cataluna-lidera-las-reservas-para-san-juan-segun-weekendesk\/\" \/>\n\t<meta name=\"generator\" content=\"All in One SEO Pro (AIOSEO) 4.9.6.1\" \/>\n\t\t<meta property=\"og:locale\" content=\"es_ES\" \/>\n\t\t<meta property=\"og:site_name\" content=\"El Digital de Asturias \u2013 Revista de ocio, turismo y estilo de vida\" \/>\n\t\t<meta property=\"og:type\" content=\"article\" \/>\n\t\t<meta property=\"og:title\" content=\"Catalu\u00f1a lidera las reservas para San Juan, seg\u00fan Weekendesk | El Digital de Asturias\" \/>\n\t\t<meta property=\"og:description\" content=\"Catalu\u00f1a encabeza la lista de los lugares de costa con m\u00e1s reservas durante el fin de semana de San Juan, del 24 al 26 de junio, seg\u00fan los datos publicados por el portal de escapadas de fin de semana Weekendesk.es que indica que las escapadas para esa fecha han aumento un 50% respecto al pasado\" \/>\n\t\t<meta property=\"og:url\" content=\"https:\/\/eldigitaldeasturias.com\/magazine365\/cataluna-lidera-las-reservas-para-san-juan-segun-weekendesk\/\" \/>\n\t\t<meta property=\"og:image\" content=\"https:\/\/eldigitaldeasturias.com\/magazine365\/wp-content\/uploads\/2016\/06\/fotonoticia_20160621110504_800.jpg\" \/>\n\t\t<meta property=\"og:image:secure_url\" content=\"https:\/\/eldigitaldeasturias.com\/magazine365\/wp-content\/uploads\/2016\/06\/fotonoticia_20160621110504_800.jpg\" \/>\n\t\t<meta property=\"og:image:width\" content=\"800\" \/>\n\t\t<meta property=\"og:image:height\" content=\"600\" \/>\n\t\t<meta property=\"article:published_time\" content=\"2016-06-21T10:56:04+00:00\" \/>\n\t\t<meta property=\"article:modified_time\" content=\"2016-06-21T10:56:04+00:00\" \/>\n\t\t<meta name=\"twitter:card\" content=\"summary_large_image\" \/>\n\t\t<meta name=\"twitter:title\" content=\"Catalu\u00f1a lidera las reservas para San Juan, seg\u00fan Weekendesk | El Digital de Asturias\" \/>\n\t\t<meta name=\"twitter:description\" content=\"Catalu\u00f1a encabeza la lista de los lugares de costa con m\u00e1s reservas durante el fin de semana de San Juan, del 24 al 26 de junio, seg\u00fan los datos publicados por el portal de escapadas de fin de semana Weekendesk.es que indica que las escapadas para esa fecha han aumento un 50% respecto al pasado\" \/>\n\t\t<meta name=\"twitter:image\" content=\"https:\/\/eldigitaldeasturias.com\/magazine365\/wp-content\/uploads\/2016\/06\/fotonoticia_20160621110504_800.jpg\" \/>\n\t\t<script type=\"application\/ld+json\" class=\"aioseo-schema\">\n\t\t\t{\"@context\":\"https:\\\/\\\/schema.org\",\"@graph\":[{\"@type\":\"Article\",\"@id\":\"https:\\\/\\\/eldigitaldeasturias.com\\\/magazine365\\\/cataluna-lidera-las-reservas-para-san-juan-segun-weekendesk\\\/#article\",\"name\":\"Catalu\\u00f1a lidera las reservas para San Juan, seg\\u00fan Weekendesk | El Digital de Asturias\",\"headline\":\"Catalu\\u00f1a lidera las reservas para San Juan, seg\\u00fan Weekendesk\",\"author\":{\"@id\":\"https:\\\/\\\/eldigitaldeasturias.com\\\/magazine365\\\/author\\\/admin\\\/#author\"},\"publisher\":{\"@id\":\"https:\\\/\\\/eldigitaldeasturias.com\\\/magazine365\\\/#organization\"},\"image\":{\"@type\":\"ImageObject\",\"url\":\"https:\\\/\\\/eldigitaldeasturias.com\\\/magazine365\\\/wp-content\\\/uploads\\\/2016\\\/06\\\/fotonoticia_20160621110504_800.jpg\",\"width\":800,\"height\":600},\"datePublished\":\"2016-06-21T12:56:04+02:00\",\"dateModified\":\"2016-06-21T12:56:04+02:00\",\"inLanguage\":\"es-ES\",\"mainEntityOfPage\":{\"@id\":\"https:\\\/\\\/eldigitaldeasturias.com\\\/magazine365\\\/cataluna-lidera-las-reservas-para-san-juan-segun-weekendesk\\\/#webpage\"},\"isPartOf\":{\"@id\":\"https:\\\/\\\/eldigitaldeasturias.com\\\/magazine365\\\/cataluna-lidera-las-reservas-para-san-juan-segun-weekendesk\\\/#webpage\"},\"articleSection\":\"Noticias y Actualidad\"},{\"@type\":\"BreadcrumbList\",\"@id\":\"https:\\\/\\\/eldigitaldeasturias.com\\\/magazine365\\\/cataluna-lidera-las-reservas-para-san-juan-segun-weekendesk\\\/#breadcrumblist\",\"itemListElement\":[{\"@type\":\"ListItem\",\"@id\":\"https:\\\/\\\/eldigitaldeasturias.com\\\/magazine365#listItem\",\"position\":1,\"name\":\"Home\",\"item\":\"https:\\\/\\\/eldigitaldeasturias.com\\\/magazine365\",\"nextItem\":{\"@type\":\"ListItem\",\"@id\":\"https:\\\/\\\/eldigitaldeasturias.com\\\/magazine365\\\/category\\\/noticias-actualidad\\\/#listItem\",\"name\":\"Noticias y Actualidad\"}},{\"@type\":\"ListItem\",\"@id\":\"https:\\\/\\\/eldigitaldeasturias.com\\\/magazine365\\\/category\\\/noticias-actualidad\\\/#listItem\",\"position\":2,\"name\":\"Noticias y Actualidad\",\"item\":\"https:\\\/\\\/eldigitaldeasturias.com\\\/magazine365\\\/category\\\/noticias-actualidad\\\/\",\"nextItem\":{\"@type\":\"ListItem\",\"@id\":\"https:\\\/\\\/eldigitaldeasturias.com\\\/magazine365\\\/cataluna-lidera-las-reservas-para-san-juan-segun-weekendesk\\\/#listItem\",\"name\":\"Catalu\\u00f1a lidera las reservas para San Juan, seg\\u00fan Weekendesk\"},\"previousItem\":{\"@type\":\"ListItem\",\"@id\":\"https:\\\/\\\/eldigitaldeasturias.com\\\/magazine365#listItem\",\"name\":\"Home\"}},{\"@type\":\"ListItem\",\"@id\":\"https:\\\/\\\/eldigitaldeasturias.com\\\/magazine365\\\/cataluna-lidera-las-reservas-para-san-juan-segun-weekendesk\\\/#listItem\",\"position\":3,\"name\":\"Catalu\\u00f1a lidera las reservas para San Juan, seg\\u00fan Weekendesk\",\"previousItem\":{\"@type\":\"ListItem\",\"@id\":\"https:\\\/\\\/eldigitaldeasturias.com\\\/magazine365\\\/category\\\/noticias-actualidad\\\/#listItem\",\"name\":\"Noticias y Actualidad\"}}]},{\"@type\":\"Organization\",\"@id\":\"https:\\\/\\\/eldigitaldeasturias.com\\\/magazine365\\\/#organization\",\"name\":\"El digital de Asturias\",\"description\":\"Revista de ocio, turismo y estilo de vida\",\"url\":\"https:\\\/\\\/eldigitaldeasturias.com\\\/magazine365\\\/\",\"logo\":{\"@type\":\"ImageObject\",\"url\":\"https:\\\/\\\/www.eldigitaldeasturias.com\\\/noticias\\\/wp-content\\\/uploads\\\/2020\\\/12\\\/EDA.jpg\",\"@id\":\"https:\\\/\\\/eldigitaldeasturias.com\\\/magazine365\\\/cataluna-lidera-las-reservas-para-san-juan-segun-weekendesk\\\/#organizationLogo\"},\"image\":{\"@id\":\"https:\\\/\\\/eldigitaldeasturias.com\\\/magazine365\\\/cataluna-lidera-las-reservas-para-san-juan-segun-weekendesk\\\/#organizationLogo\"}},{\"@type\":\"Person\",\"@id\":\"https:\\\/\\\/eldigitaldeasturias.com\\\/magazine365\\\/author\\\/admin\\\/#author\",\"url\":\"https:\\\/\\\/eldigitaldeasturias.com\\\/magazine365\\\/author\\\/admin\\\/\",\"name\":\"admin\",\"image\":{\"@type\":\"ImageObject\",\"@id\":\"https:\\\/\\\/eldigitaldeasturias.com\\\/magazine365\\\/cataluna-lidera-las-reservas-para-san-juan-segun-weekendesk\\\/#authorImage\",\"url\":\"https:\\\/\\\/eldigitaldeasturias.com\\\/magazine365\\\/wp-content\\\/litespeed\\\/avatar\\\/e571bcf59a0edd6fa6838245a470f2fe.jpg?ver=1776969259\",\"width\":96,\"height\":96,\"caption\":\"admin\"}},{\"@type\":\"WebPage\",\"@id\":\"https:\\\/\\\/eldigitaldeasturias.com\\\/magazine365\\\/cataluna-lidera-las-reservas-para-san-juan-segun-weekendesk\\\/#webpage\",\"url\":\"https:\\\/\\\/eldigitaldeasturias.com\\\/magazine365\\\/cataluna-lidera-las-reservas-para-san-juan-segun-weekendesk\\\/\",\"name\":\"Catalu\\u00f1a lidera las reservas para San Juan, seg\\u00fan Weekendesk | El Digital de Asturias\",\"description\":\"Catalu\\u00f1a encabeza la lista de los lugares de costa con m\\u00e1s reservas durante el fin de semana de San Juan, del 24 al 26 de junio, seg\\u00fan los datos publicados por el portal de escapadas de fin de semana Weekendesk.es que indica que las escapadas para esa fecha han aumento un 50% respecto al pasado\",\"inLanguage\":\"es-ES\",\"isPartOf\":{\"@id\":\"https:\\\/\\\/eldigitaldeasturias.com\\\/magazine365\\\/#website\"},\"breadcrumb\":{\"@id\":\"https:\\\/\\\/eldigitaldeasturias.com\\\/magazine365\\\/cataluna-lidera-las-reservas-para-san-juan-segun-weekendesk\\\/#breadcrumblist\"},\"author\":{\"@id\":\"https:\\\/\\\/eldigitaldeasturias.com\\\/magazine365\\\/author\\\/admin\\\/#author\"},\"creator\":{\"@id\":\"https:\\\/\\\/eldigitaldeasturias.com\\\/magazine365\\\/author\\\/admin\\\/#author\"},\"image\":{\"@type\":\"ImageObject\",\"url\":\"https:\\\/\\\/eldigitaldeasturias.com\\\/magazine365\\\/wp-content\\\/uploads\\\/2016\\\/06\\\/fotonoticia_20160621110504_800.jpg\",\"@id\":\"https:\\\/\\\/eldigitaldeasturias.com\\\/magazine365\\\/cataluna-lidera-las-reservas-para-san-juan-segun-weekendesk\\\/#mainImage\",\"width\":800,\"height\":600},\"primaryImageOfPage\":{\"@id\":\"https:\\\/\\\/eldigitaldeasturias.com\\\/magazine365\\\/cataluna-lidera-las-reservas-para-san-juan-segun-weekendesk\\\/#mainImage\"},\"datePublished\":\"2016-06-21T12:56:04+02:00\",\"dateModified\":\"2016-06-21T12:56:04+02:00\"},{\"@type\":\"WebSite\",\"@id\":\"https:\\\/\\\/eldigitaldeasturias.com\\\/magazine365\\\/#website\",\"url\":\"https:\\\/\\\/eldigitaldeasturias.com\\\/magazine365\\\/\",\"name\":\"El Digital de Asturias\",\"description\":\"Revista de ocio, turismo y estilo de vida\",\"inLanguage\":\"es-ES\",\"publisher\":{\"@id\":\"https:\\\/\\\/eldigitaldeasturias.com\\\/magazine365\\\/#organization\"}}]}\n\t\t<\/script>\n\t\t<!-- All in One SEO Pro -->\r\n\t\t<title>Catalu\u00f1a lidera las reservas para San Juan, seg\u00fan Weekendesk | El Digital de Asturias<\/title>\n\n","aioseo_head_json":{"title":"Catalu\u00f1a lidera las reservas para San Juan, seg\u00fan Weekendesk | El Digital de Asturias","description":"Catalu\u00f1a encabeza la lista de los lugares de costa con m\u00e1s reservas durante el fin de semana de San Juan, del 24 al 26 de junio, seg\u00fan los datos publicados por el portal de escapadas de fin de semana Weekendesk.es que indica que las escapadas para esa fecha han aumento un 50% respecto al pasado","canonical_url":"https:\/\/eldigitaldeasturias.com\/magazine365\/cataluna-lidera-las-reservas-para-san-juan-segun-weekendesk\/","robots":"max-image-preview:large","keywords":"noticias y actualidad","webmasterTools":{"google-site-verification":"UA-38556648-1","miscellaneous":""},"schema":{"@context":"https:\/\/schema.org","@graph":[{"@type":"Article","@id":"https:\/\/eldigitaldeasturias.com\/magazine365\/cataluna-lidera-las-reservas-para-san-juan-segun-weekendesk\/#article","name":"Catalu\u00f1a lidera las reservas para San Juan, seg\u00fan Weekendesk | El Digital de Asturias","headline":"Catalu\u00f1a lidera las reservas para San Juan, seg\u00fan Weekendesk","author":{"@id":"https:\/\/eldigitaldeasturias.com\/magazine365\/author\/admin\/#author"},"publisher":{"@id":"https:\/\/eldigitaldeasturias.com\/magazine365\/#organization"},"image":{"@type":"ImageObject","url":"https:\/\/eldigitaldeasturias.com\/magazine365\/wp-content\/uploads\/2016\/06\/fotonoticia_20160621110504_800.jpg","width":800,"height":600},"datePublished":"2016-06-21T12:56:04+02:00","dateModified":"2016-06-21T12:56:04+02:00","inLanguage":"es-ES","mainEntityOfPage":{"@id":"https:\/\/eldigitaldeasturias.com\/magazine365\/cataluna-lidera-las-reservas-para-san-juan-segun-weekendesk\/#webpage"},"isPartOf":{"@id":"https:\/\/eldigitaldeasturias.com\/magazine365\/cataluna-lidera-las-reservas-para-san-juan-segun-weekendesk\/#webpage"},"articleSection":"Noticias y Actualidad"},{"@type":"BreadcrumbList","@id":"https:\/\/eldigitaldeasturias.com\/magazine365\/cataluna-lidera-las-reservas-para-san-juan-segun-weekendesk\/#breadcrumblist","itemListElement":[{"@type":"ListItem","@id":"https:\/\/eldigitaldeasturias.com\/magazine365#listItem","position":1,"name":"Home","item":"https:\/\/eldigitaldeasturias.com\/magazine365","nextItem":{"@type":"ListItem","@id":"https:\/\/eldigitaldeasturias.com\/magazine365\/category\/noticias-actualidad\/#listItem","name":"Noticias y Actualidad"}},{"@type":"ListItem","@id":"https:\/\/eldigitaldeasturias.com\/magazine365\/category\/noticias-actualidad\/#listItem","position":2,"name":"Noticias y Actualidad","item":"https:\/\/eldigitaldeasturias.com\/magazine365\/category\/noticias-actualidad\/","nextItem":{"@type":"ListItem","@id":"https:\/\/eldigitaldeasturias.com\/magazine365\/cataluna-lidera-las-reservas-para-san-juan-segun-weekendesk\/#listItem","name":"Catalu\u00f1a lidera las reservas para San Juan, seg\u00fan Weekendesk"},"previousItem":{"@type":"ListItem","@id":"https:\/\/eldigitaldeasturias.com\/magazine365#listItem","name":"Home"}},{"@type":"ListItem","@id":"https:\/\/eldigitaldeasturias.com\/magazine365\/cataluna-lidera-las-reservas-para-san-juan-segun-weekendesk\/#listItem","position":3,"name":"Catalu\u00f1a lidera las reservas para San Juan, seg\u00fan Weekendesk","previousItem":{"@type":"ListItem","@id":"https:\/\/eldigitaldeasturias.com\/magazine365\/category\/noticias-actualidad\/#listItem","name":"Noticias y Actualidad"}}]},{"@type":"Organization","@id":"https:\/\/eldigitaldeasturias.com\/magazine365\/#organization","name":"El digital de Asturias","description":"Revista de ocio, turismo y estilo de vida","url":"https:\/\/eldigitaldeasturias.com\/magazine365\/","logo":{"@type":"ImageObject","url":"https:\/\/www.eldigitaldeasturias.com\/noticias\/wp-content\/uploads\/2020\/12\/EDA.jpg","@id":"https:\/\/eldigitaldeasturias.com\/magazine365\/cataluna-lidera-las-reservas-para-san-juan-segun-weekendesk\/#organizationLogo"},"image":{"@id":"https:\/\/eldigitaldeasturias.com\/magazine365\/cataluna-lidera-las-reservas-para-san-juan-segun-weekendesk\/#organizationLogo"}},{"@type":"Person","@id":"https:\/\/eldigitaldeasturias.com\/magazine365\/author\/admin\/#author","url":"https:\/\/eldigitaldeasturias.com\/magazine365\/author\/admin\/","name":"admin","image":{"@type":"ImageObject","@id":"https:\/\/eldigitaldeasturias.com\/magazine365\/cataluna-lidera-las-reservas-para-san-juan-segun-weekendesk\/#authorImage","url":"https:\/\/eldigitaldeasturias.com\/magazine365\/wp-content\/litespeed\/avatar\/e571bcf59a0edd6fa6838245a470f2fe.jpg?ver=1776969259","width":96,"height":96,"caption":"admin"}},{"@type":"WebPage","@id":"https:\/\/eldigitaldeasturias.com\/magazine365\/cataluna-lidera-las-reservas-para-san-juan-segun-weekendesk\/#webpage","url":"https:\/\/eldigitaldeasturias.com\/magazine365\/cataluna-lidera-las-reservas-para-san-juan-segun-weekendesk\/","name":"Catalu\u00f1a lidera las reservas para San Juan, seg\u00fan Weekendesk | El Digital de Asturias","description":"Catalu\u00f1a encabeza la lista de los lugares de costa con m\u00e1s reservas durante el fin de semana de San Juan, del 24 al 26 de junio, seg\u00fan los datos publicados por el portal de escapadas de fin de semana Weekendesk.es que indica que las escapadas para esa fecha han aumento un 50% respecto al pasado","inLanguage":"es-ES","isPartOf":{"@id":"https:\/\/eldigitaldeasturias.com\/magazine365\/#website"},"breadcrumb":{"@id":"https:\/\/eldigitaldeasturias.com\/magazine365\/cataluna-lidera-las-reservas-para-san-juan-segun-weekendesk\/#breadcrumblist"},"author":{"@id":"https:\/\/eldigitaldeasturias.com\/magazine365\/author\/admin\/#author"},"creator":{"@id":"https:\/\/eldigitaldeasturias.com\/magazine365\/author\/admin\/#author"},"image":{"@type":"ImageObject","url":"https:\/\/eldigitaldeasturias.com\/magazine365\/wp-content\/uploads\/2016\/06\/fotonoticia_20160621110504_800.jpg","@id":"https:\/\/eldigitaldeasturias.com\/magazine365\/cataluna-lidera-las-reservas-para-san-juan-segun-weekendesk\/#mainImage","width":800,"height":600},"primaryImageOfPage":{"@id":"https:\/\/eldigitaldeasturias.com\/magazine365\/cataluna-lidera-las-reservas-para-san-juan-segun-weekendesk\/#mainImage"},"datePublished":"2016-06-21T12:56:04+02:00","dateModified":"2016-06-21T12:56:04+02:00"},{"@type":"WebSite","@id":"https:\/\/eldigitaldeasturias.com\/magazine365\/#website","url":"https:\/\/eldigitaldeasturias.com\/magazine365\/","name":"El Digital de Asturias","description":"Revista de ocio, turismo y estilo de vida","inLanguage":"es-ES","publisher":{"@id":"https:\/\/eldigitaldeasturias.com\/magazine365\/#organization"}}]},"og:locale":"es_ES","og:site_name":"El Digital de Asturias \u2013 Revista de ocio, turismo y estilo de vida","og:type":"article","og:title":"Catalu\u00f1a lidera las reservas para San Juan, seg\u00fan Weekendesk | El Digital de Asturias","og:description":"Catalu\u00f1a encabeza la lista de los lugares de costa con m\u00e1s reservas durante el fin de semana de San Juan, del 24 al 26 de junio, seg\u00fan los datos publicados por el portal de escapadas de fin de semana Weekendesk.es que indica que las escapadas para esa fecha han aumento un 50% respecto al pasado","og:url":"https:\/\/eldigitaldeasturias.com\/magazine365\/cataluna-lidera-las-reservas-para-san-juan-segun-weekendesk\/","og:image":"https:\/\/eldigitaldeasturias.com\/magazine365\/wp-content\/uploads\/2016\/06\/fotonoticia_20160621110504_800.jpg","og:image:secure_url":"https:\/\/eldigitaldeasturias.com\/magazine365\/wp-content\/uploads\/2016\/06\/fotonoticia_20160621110504_800.jpg","og:image:width":800,"og:image:height":600,"article:published_time":"2016-06-21T10:56:04+00:00","article:modified_time":"2016-06-21T10:56:04+00:00","twitter:card":"summary_large_image","twitter:title":"Catalu\u00f1a lidera las reservas para San Juan, seg\u00fan Weekendesk | El Digital de Asturias","twitter:description":"Catalu\u00f1a encabeza la lista de los lugares de costa con m\u00e1s reservas durante el fin de semana de San Juan, del 24 al 26 de junio, seg\u00fan los datos publicados por el portal de escapadas de fin de semana Weekendesk.es que indica que las escapadas para esa fecha han aumento un 50% respecto al pasado","twitter:image":"https:\/\/eldigitaldeasturias.com\/magazine365\/wp-content\/uploads\/2016\/06\/fotonoticia_20160621110504_800.jpg"},"aioseo_meta_data":{"post_id":"80315","title":null,"description":null,"keywords":null,"keyphrases":null,"primary_term":null,"canonical_url":null,"og_title":null,"og_description":null,"og_object_type":"default","og_image_type":"default","og_image_url":null,"og_image_width":null,"og_image_height":null,"og_image_custom_url":null,"og_image_custom_fields":null,"og_video":null,"og_custom_url":null,"og_article_section":null,"og_article_tags":null,"twitter_use_og":false,"twitter_card":"default","twitter_image_type":"default","twitter_image_url":null,"twitter_image_custom_url":null,"twitter_image_custom_fields":null,"twitter_title":null,"twitter_description":null,"schema":{"blockGraphs":[],"customGraphs":[],"default":{"data":{"Article":[],"Course":[],"Dataset":[],"FAQPage":[],"Movie":[],"Person":[],"Product":[],"ProductReview":[],"Car":[],"Recipe":[],"Service":[],"SoftwareApplication":[],"WebPage":[]},"graphName":"","isEnabled":true},"graphs":[],"defaultGraph":"","defaultPostTypeGraph":""},"schema_type":null,"schema_type_options":null,"pillar_content":false,"robots_default":true,"robots_noindex":false,"robots_noarchive":false,"robots_nosnippet":false,"robots_nofollow":false,"robots_noimageindex":false,"robots_noodp":false,"robots_notranslate":false,"robots_max_snippet":null,"robots_max_videopreview":null,"robots_max_imagepreview":"large","priority":null,"frequency":null,"location":null,"local_seo":null,"seo_analyzer_scan_date":"2025-09-27 20:36:07","breadcrumb_settings":null,"limit_modified_date":false,"open_ai":null,"ai":null,"created":"2021-03-08 17:34:42","updated":"2025-09-27 20:36:07"},"aioseo_breadcrumb":"<div class=\"aioseo-breadcrumbs\"><span class=\"aioseo-breadcrumb\">\n\t<a href=\"https:\/\/eldigitaldeasturias.com\/magazine365\" title=\"Home\">Home<\/a>\n<\/span><span class=\"aioseo-breadcrumb-separator\">\u2013<\/span><span class=\"aioseo-breadcrumb\">\n\t<a href=\"https:\/\/eldigitaldeasturias.com\/magazine365\/category\/noticias-actualidad\/\" title=\"Noticias y Actualidad\">Noticias y Actualidad<\/a>\n<\/span><span class=\"aioseo-breadcrumb-separator\">\u2013<\/span><span class=\"aioseo-breadcrumb\">\n\t<a href=\"https:\/\/eldigitaldeasturias.com\/magazine365\/cataluna-lidera-las-reservas-para-san-juan-segun-weekendesk\/\" title=\"Catalu\u00f1a lidera las reservas para San Juan, seg\u00fan Weekendesk\">Catalu\u00f1a lidera las reservas para San Juan, seg\u00fan Weekendesk<\/a>\n<\/span><\/div>","aioseo_breadcrumb_json":[{"label":"Home","link":"https:\/\/eldigitaldeasturias.com\/magazine365"},{"label":"Noticias y Actualidad","link":"https:\/\/eldigitaldeasturias.com\/magazine365\/category\/noticias-actualidad\/"},{"label":"Catalu\u00f1a lidera las reservas para San Juan, seg\u00fan Weekendesk","link":"https:\/\/eldigitaldeasturias.com\/magazine365\/cataluna-lidera-las-reservas-para-san-juan-segun-weekendesk\/"}],"_links":{"self":[{"href":"https:\/\/eldigitaldeasturias.com\/magazine365\/wp-json\/wp\/v2\/posts\/80315","targetHints":{"allow":["GET"]}}],"collection":[{"href":"https:\/\/eldigitaldeasturias.com\/magazine365\/wp-json\/wp\/v2\/posts"}],"about":[{"href":"https:\/\/eldigitaldeasturias.com\/magazine365\/wp-json\/wp\/v2\/types\/post"}],"author":[{"embeddable":true,"href":"https:\/\/eldigitaldeasturias.com\/magazine365\/wp-json\/wp\/v2\/users\/1"}],"replies":[{"embeddable":true,"href":"https:\/\/eldigitaldeasturias.com\/magazine365\/wp-json\/wp\/v2\/comments?post=80315"}],"version-history":[{"count":0,"href":"https:\/\/eldigitaldeasturias.com\/magazine365\/wp-json\/wp\/v2\/posts\/80315\/revisions"}],"wp:featuredmedia":[{"embeddable":true,"href":"https:\/\/eldigitaldeasturias.com\/magazine365\/wp-json\/wp\/v2\/media\/80316"}],"wp:attachment":[{"href":"https:\/\/eldigitaldeasturias.com\/magazine365\/wp-json\/wp\/v2\/media?parent=80315"}],"wp:term":[{"taxonomy":"category","embeddable":true,"href":"https:\/\/eldigitaldeasturias.com\/magazine365\/wp-json\/wp\/v2\/categories?post=80315"},{"taxonomy":"post_tag","embeddable":true,"href":"https:\/\/eldigitaldeasturias.com\/magazine365\/wp-json\/wp\/v2\/tags?post=80315"}],"curies":[{"name":"wp","href":"https:\/\/api.w.org\/{rel}","templated":true}]}}